{"id":7530,"date":"2026-01-12T10:00:41","date_gmt":"2026-01-12T09:00:41","guid":{"rendered":"https:\/\/blog.holyart.it\/de\/?p=7530"},"modified":"2026-01-22T14:31:30","modified_gmt":"2026-01-22T13:31:30","slug":"diy-kerzen-restliches-weihnachtswachs-recyceln","status":"publish","type":"post","link":"https:\/\/blog.holyart.it\/de\/weihnachten\/diy-kerzen-restliches-weihnachtswachs-recyceln\/","title":{"rendered":"DIY-Kerzen: Restliches Weihnachtswachs recyceln"},"content":{"rendered":"<h4>Wachs f\u00fcr DIY-Kerzen recyceln? Eine kostensparende Idee, aber auch ein kreatives Spiel. Sehen wir uns an, wie man Kerzen herstellt.<\/h4>\n<p>Ein Artikel zum Thema Kerzenrecycling? Genau am richtigen Zeitpunkt! Nach Weihnachten haben Sie bestimmt jede Menge Wachs \u00fcbrig \u2013 perfekt f\u00fcr die Herstellung individueller und einzigartiger DIY-Kerzen! Kerzen sind ein unverzichtbares Element w\u00e4hrend der Weihnachtszeit. Ihr strahlendes Licht erw\u00e4rmt Heim und Herz und verleiht allem eine magische und intime Atmosph\u00e4re. <strong>Licht<\/strong> hat f\u00fcr die Menschheit schon immer eine wertvolle symbolische Bedeutung, <a href=\"https:\/\/www.holyart.it\/blog\/accessori-liturgia\/candele-liturgiche-perche-importanti\/\"><strong>insbesondere f\u00fcr Christen<\/strong><\/a>, die es als erste Manifestation von Gottes Willen betrachten (\u201e<em>Und Gott sprach: \u201aFiat lux!\u2018, und es ward Licht\u201c<\/em>, Gen 1,3) und Jesus als das \u201e<em>Licht, das die Welt erleuchtet<\/em>\u201c bezeichnen.<\/p>\n<div class=\"link-article\">\n<p><img loading=\"lazy\" decoding=\"async\" class=\"size-full wp-image-7533 alignleft\" src=\"https:\/\/blog.holyart.it\/de\/wp-content\/uploads\/sites\/12\/2026\/01\/Liturgische-Kerzen.jpg\" alt=\"Liturgische Kerzen\" width=\"150\" height=\"99\" data-kale-share-title=\"DIY-Kerzen: Restliches Weihnachtswachs recyceln\" data-kale-share-url=\"https:\/\/blog.holyart.it\/de\/?p=7530\" \/><\/p>\n<div class=\"leggi-anche\">Lesen Sie auch:<\/div>\n<p><strong><a href=\"https:\/\/www.holyart.de\/blog\/liturgische-gerate\/liturgische-kerzen-wann-und-warum-sie-wichtig-sind\/\">Liturgische Kerzen: wann und warum sie wichtig sind<\/a><\/strong><br \/>\nLicht hat immer eine tiefe und wesentliche Bedeutung f\u00fcr die Menschen gehabt&#8230;<\/p>\n<\/div>\n<p>Ein mit roten Beeren, Schleifen, Weihnachtskugeln, Zuckerstangen und Tannenzapfen dekorierter Kerzenhalter, ob naturbelassen oder gold- oder silberbemalt, wird zum <strong><a href=\"https:\/\/www.holyart.it\/blog\/natale\/centrotavola-natalizi-tavola-accogliente\/\">perfekten Mittelpunkt Ihrer Weihnachtstafel<\/a><\/strong>. Doch was passiert nach den Feiertagen? In diesem Artikel zeigen wir Ihnen, wie Sie <strong>gebrauchtes Kerzenwachs <\/strong>aus den Feiertagen wiederverwenden und neue DIY-Kerzen herstellen k\u00f6nnen.<\/p>\n<div class=\"link-article\">\n<p><img loading=\"lazy\" decoding=\"async\" class=\"size-full wp-image-7534 alignleft\" src=\"https:\/\/blog.holyart.it\/de\/wp-content\/uploads\/sites\/12\/2026\/01\/Den-Tisch-zu-Weihnachten-decken.jpg\" alt=\"Den Tisch zu Weihnachten decken\" width=\"150\" height=\"99\" data-kale-share-title=\"DIY-Kerzen: Restliches Weihnachtswachs recyceln\" data-kale-share-url=\"https:\/\/blog.holyart.it\/de\/?p=7530\" \/><\/p>\n<div class=\"leggi-anche\">Lesen Sie auch:<\/div>\n<p><strong><a href=\"https:\/\/www.holyart.de\/blog\/weihnachten\/den-tisch-zu-weihnachten-decken-viele-ideen-auch-zum-selbermachen\/\">Den Tisch zu Weihnachten decken: viele Ideen, auch zum Selbermachen<\/a><\/strong><br \/>\nDer festlich gedeckte Tisch ist ein Symbol f\u00fcr Gem\u00fctlichkeit und famili\u00e4re&#8230;<\/p>\n<\/div>\n<p>Alles, was Sie tun m\u00fcssen, ist, \u00fcbrig gebliebene Kerzen f\u00fcr die Tischdekoration, halb abgebrannte Adventskerzen und <a href=\"https:\/\/www.holyart.de\/kirchenbedarf\/kerzenstander-und-kerzenleuchter\/kerzenhalter-aus-keramik-glas-plexiglas\/bunte-glaser-fur-windlichter\"><strong>leere Beh\u00e4lter<\/strong><\/a> als Formen zu finden: Gl\u00e4ser, Tassen, Gl\u00e4ser und alles, was Ihre Fantasie heraufbeschw\u00f6rt. Hier erfahren Sie, wie Sie Kerzen zu Hause herstellen und das neue Jahr mit Fokus auf Sparen, Recycling und Kreativit\u00e4t beginnen!<\/p>\n<div class=\"link-product\">\n<div class=\"blocco-immagine\"><img loading=\"lazy\" decoding=\"async\" class=\"size-full wp-image-7535 alignleft\" src=\"https:\/\/blog.holyart.it\/de\/wp-content\/uploads\/sites\/12\/2026\/01\/Bunte-Glaeser-fuer-Windlichter.jpg\" alt=\"Bunte Gl\u00e4ser f\u00fcr Windlichter\" width=\"100\" height=\"100\" data-kale-share-title=\"DIY-Kerzen: Restliches Weihnachtswachs recyceln\" data-kale-share-url=\"https:\/\/blog.holyart.it\/de\/?p=7530\" \/><\/div>\n<div class=\"blocco-contenuto\">\n<div class=\"blocco-acquista\">Einkaufen:<\/div>\n<div class=\"blocco-titolo\"><a href=\"https:\/\/www.holyart.de\/kirchenbedarf\/kerzenstander-und-kerzenleuchter\/kerzenhalter-aus-keramik-glas-plexiglas\/bunte-glaser-fur-windlichter\">Bunte Gl\u00e4ser f\u00fcr Windlichter<\/a><\/div>\n<div class=\"blocco-descrizione\">Bunte Gl\u00e4ser f\u00fcr Windlichter. Geeignet f\u00fcr normale Teelichter.<\/div>\n<\/div>\n<\/div>\n<h2>Wachs schmelzen<\/h2>\n<p>Zuerst lernen wir, wie man <strong>Wachs schmilzt<\/strong>. Es mag trivial erscheinen, aber es ist ratsam, einige Vorsichtsma\u00dfnahmen zu treffen, um Verbrennungen und Sch\u00e4den zu vermeiden. Kaum etwas ist so unangenehm zu entfernen wie geschmolzenes Wachs! Verwenden Sie daher am besten nicht Ihren Herd, sondern eine <strong>elektrische Kochplatte<\/strong> <strong>oder einen kleinen Campingkocher<\/strong>, um unangenehme \u00dcberraschungen zu vermeiden. Kerzen und Votivkerzen sollten vor dem Schmelzen zerbrochen werden. Ein Trick, der diesen Schritt erleichtert, ist, sie 15 bis 20 Minuten im <strong>Gefrierschrank<\/strong> zu lassen: Sie werden spr\u00f6de und zerspringen leicht in Flocken.<\/p>\n<p><img loading=\"lazy\" decoding=\"async\" class=\"size-full wp-image-7536 aligncenter\" src=\"https:\/\/blog.holyart.it\/de\/wp-content\/uploads\/sites\/12\/2026\/01\/Wachs-schmelzen.jpeg\" alt=\"Wachs schmelzen\" width=\"1000\" height=\"666\" data-kale-share-title=\"DIY-Kerzen: Restliches Weihnachtswachs recyceln\" data-kale-share-url=\"https:\/\/blog.holyart.it\/de\/?p=7530\" \/><\/p>\n<p>Was die <strong>T\u00f6pfe<\/strong> betrifft, verwenden Sie alte, die speziell f\u00fcr diesen neuen Zweck bestimmt sind. Besorgen Sie sich au\u00dferdem ein paar <strong>Holzl\u00f6ffel<\/strong>, um das Wachs umzur\u00fchren und es fl\u00fcssig zu halten. Wenn Sie verschiedene T\u00f6pfe verwenden, k\u00f6nnen Sie <strong>verschiedene Wachsfarben<\/strong> separat schmelzen und sie dann mischen, um interessante Effekte zu erzielen. Sie k\u00f6nnen auch T\u00f6pfe mit <strong>Ausguss<\/strong> verwenden, um das geschmolzene Wachs leichter umf\u00fcllen zu k\u00f6nnen. Decken Sie die Innenw\u00e4nde mit <strong>Alufolie<\/strong> ab, um Sch\u00e4den zu vermeiden.<\/p>\n<p>Bevor Sie das Wachs hinzuf\u00fcgen, erhitzen Sie ein paar Zentimeter <strong>Wasser<\/strong> in einem Topf, bis es kocht. Geben Sie dann das Wachs hinzu, damit es fl\u00fcssiger bleibt. Das Wachs sollte vollst\u00e4ndig schmelzen, aber unter 175 \u00b0C (350 \u00b0F) bleiben. Sie k\u00f6nnen das Wachs auch mit <a href=\"https:\/\/www.holyart.de\/verbrauchsprodukte\/flussigwachs\/farbstoff-fur-flussigwachs\"><strong>Lebensmittelfarbe<\/strong><\/a> einf\u00e4rben und mit <strong>\u00e4therischen \u00d6len<\/strong> oder noch besser mit <strong>Orangen- oder Zitronenschale<\/strong>, Zimt, Nelken, Sternanis usw. aromatisieren. Selbstgemachte Kerzen verleihen dem Wachs nicht nur einen Duft, sondern verleihen ihm auch eine einzigartige Dekoration.<\/p>\n<div class=\"link-product\">\n<div class=\"blocco-immagine\"><img loading=\"lazy\" decoding=\"async\" class=\"size-full wp-image-7538 alignleft\" src=\"https:\/\/blog.holyart.it\/de\/wp-content\/uploads\/sites\/12\/2026\/01\/Farbstoff-fuer-Fluessigwachs.jpg\" alt=\"Farbstoff f\u00fcr Fl\u00fcssigwachs\" width=\"100\" height=\"100\" data-kale-share-title=\"DIY-Kerzen: Restliches Weihnachtswachs recyceln\" data-kale-share-url=\"https:\/\/blog.holyart.it\/de\/?p=7530\" \/><\/div>\n<div class=\"blocco-contenuto\">\n<div class=\"blocco-acquista\">Einkaufen:<\/div>\n<div class=\"blocco-titolo\"><a href=\"https:\/\/www.holyart.de\/verbrauchsprodukte\/flussigwachs\/farbstoff-fur-flussigwachs\">Farbstoff f\u00fcr Fl\u00fcssigwachs<\/a><\/div>\n<div class=\"blocco-descrizione\">Mit nur 1 Flakon des geruchlosen Farbstoffs kann 1 Liter an Fl\u00fcssigwachs eingef\u00e4rbt werden.<\/div>\n<\/div>\n<\/div>\n<p>W\u00e4hrend das Wachs schmilzt, kleben Sie den <strong>Docht<\/strong> im Metallsockel Ihres gew\u00fcnschten Beh\u00e4lters auf den Boden. Sie k\u00f6nnen jeden starken <strong>Kleber<\/strong> verwenden. Befestigen Sie die Schnur senkrecht zum Beh\u00e4lter mit einem Bleistift, einer W\u00e4scheklammer oder einem Stock.<\/p>\n<p><strong>Gie\u00dfen Sie das fl\u00fcssige Wachs Schicht f\u00fcr Schicht in den Beh\u00e4lter<\/strong>, um Unregelm\u00e4\u00dfigkeiten und Vertiefungen auf der Oberfl\u00e4che zu vermeiden. Jede Schicht trocknet in <strong>etwa 4 Stunden<\/strong>. Sie k\u00f6nnen verschiedene Farben verwenden oder bei derselben Farbe bleiben. Sobald die letzte Schicht getrocknet ist, ist Ihre Kerze fertig! Um das Trocknen und Abk\u00fchlen des Wachses zu beschleunigen, k\u00f6nnen Sie den Beh\u00e4lter in kaltes Wasser tauchen. Sobald die Kerze trocken ist, k\u00f6nnen Sie sie leicht aus dem Beh\u00e4lter nehmen, den Sie als Form verwendet haben.<\/p>\n<h2>DIY-Duftkerzen mit \u00e4therischen \u00d6len<\/h2>\n<p>Wir haben bereits erw\u00e4hnt, dass Sie Duftkerzen mit allem, was Sie zu Hause haben (Zitrusschalen, Gew\u00fcrze) oder \u00e4therischen Duft\u00f6len herstellen k\u00f6nnen. Eine selbstgemachte Duftkerze ist ein originelles Geschenk, ob zu Weihnachten oder zu jedem anderen Anlass. Doch wo bekommt man <strong>Duft\u00f6le<\/strong> f\u00fcr die Herstellung von Duftkerzen? In unserem Online-Shop finden Sie hervorragende Optionen, die meisten davon aus dem Kloster Camaldoli, wie zum Beispiel das <a href=\"https:\/\/www.holyart.it\/it\/prodotti-dei-monasteri\/cosmetici-e-oli-essenziali\/olii-essenziali\/olio-essenziale-lavanda-vera-bio-cosmos-10-ml-camaldoli\"><strong>100 % reine \u00e4therische Lavendel\u00f6l<\/strong><\/a>, hergestellt von der alten <strong>Apotheke der M\u00f6nche von Camaldoli<\/strong> mit rein biologischen Zutaten aus kontrolliert biologisch-dynamischem Anbau. Sein entspannender Duft ist ein wahres Wundermittel f\u00fcr Momente der Ruhe und Entspannung.<\/p>\n<p><a href=\"https:\/\/www.holyart.it\/it\/prodotti-dei-monasteri\/cosmetici-e-oli-essenziali\/olii-essenziali\/olio-di-argan-aromatico\"><strong>Aromatisches Argan\u00f6l<\/strong><\/a> mit Sojaproteinen und Jojoba\u00f6l wird ebenfalls in Camaldoli hergestellt und hat einen frischen und belebenden Duft, ebenso wie unser <a href=\"https:\/\/www.holyart.de\/verbrauchsprodukte\/weihrauch\/biologisches-pfefferminz-atherisches-ol-10-ml\"><strong>Biologisches Pfefferminz \u00e4therisches \u0150l<\/strong><\/a>. Wenn Sie intensive, frische Zitrusd\u00fcfte lieben, ist das <strong><a href=\"https:\/\/www.holyart.it\/it\/prodotti-dei-monasteri\/cosmetici-e-oli-essenziali\/olii-essenziali\/olio-essenziale-arancio-amaro-10-ml-camaldoli\">\u00e4therische \u00d6l der Bitterorange<\/a> <\/strong>die perfekte Wahl f\u00fcr die Herstellung von selbstgemachten Kerzen, die die festliche Atmosph\u00e4re in Ihrem Zuhause lebendig halten.<\/p>\n<div class=\"sp-styles-warning\" style=\"width: 450px; background-color: #FFF; color: #F00; border: 1px solid #F00; padding: 10px; font-size: 14px;\">\n\t\t\t<span style=\"font-weight: bold;\">Warning: The stylesheets were not loaded!<\/span> \n\t\t\tYou will need to change the <i>Load stylesheets<\/i> setting from <i>Automatically<\/i> to <i>On homepage<\/i> or <i>On all pages<\/i>. \n\t\t\tYou can set that <a style=\"text-decoration: underline; color: #F00;\" href=\"https:\/\/blog.holyart.it\/de\/wp-admin\/admin.php?page=sliderpro-settings\">here<\/a>.\n\t\t\t<\/div>\r\n<div id=\"slider-pro-136\" class=\"slider-pro sp-no-js\" style=\"width: 500px; height: 500px;\">\r\n\t<div class=\"sp-slides\">\r\n\t\t\r\n\t\t<div class=\"sp-slide\">\r\n\t\t\t<img loading=\"lazy\" decoding=\"async\" class=\"sp-image\" src=\"https:\/\/blog.holyart.it\/de\/wp-content\/uploads\/sites\/12\/2026\/01\/atherisches-lavendelol-bio-camaldoli-10-ml.jpg\" alt=\"\u00c4therisches Lavendel\u00f6l\" width=\"500\" height=\"500\" \/>\r\n\t\t\t<div class=\"sp-thumbnail\"><a class=\"\" href=\"https:\/\/www.holyart.de\/klosterprodukte\/kosmetika-und-atherische-ole\/atherische-ole\/atherisches-lavendelol-bio-camaldoli-10-ml\">\r\n\t\t\t\t<img decoding=\"async\" src=\"https:\/\/blog.holyart.it\/de\/wp-content\/uploads\/sites\/12\/2026\/01\/atherisches-lavendelol-bio-camaldoli-10-ml-1.jpg\" alt=\"\u00c4therisches Lavendel\u00f6l\" \/>\r\n\t\t\t<\/a>\r\n\t\t\t<\/div>\r\n\t\t\t<div class=\"sp-caption\">\u00c4therisches Lavendel\u00f6l, Bio, Camaldoli, 10 ml <\/br><strong><a href=\"https:\/\/www.holyart.de\/klosterprodukte\/kosmetika-und-atherische-ole\/atherische-ole\/atherisches-lavendelol-bio-camaldoli-10-ml\">Bei Holyart kaufen<\/a><\/strong><\/div>\r\n\t\t<\/div>\r\n\t\t<div class=\"sp-slide\">\r\n\t\t\t<img loading=\"lazy\" decoding=\"async\" class=\"sp-image\" src=\"https:\/\/blog.holyart.it\/de\/wp-content\/uploads\/sites\/12\/2026\/01\/duftendes-arganol.jpg\" alt=\"Duftendes Argan\u00f6l \" width=\"500\" height=\"500\" \/>\r\n\t\t\t<div class=\"sp-thumbnail\"><a class=\"\" href=\"https:\/\/www.holyart.de\/klosterprodukte\/kosmetika-und-atherische-ole\/atherische-ole\/duftendes-arganol\">\r\n\t\t\t\t<img decoding=\"async\" src=\"https:\/\/blog.holyart.it\/de\/wp-content\/uploads\/sites\/12\/2026\/01\/duftendes-arganol-1.jpg\" alt=\"Duftendes Argan\u00f6l \" \/>\r\n\t\t\t<\/a>\r\n\t\t\t<\/div>\r\n\t\t\t<div class=\"sp-caption\">Duftendes Argan\u00f6l  <\/br><strong><a href=\"https:\/\/www.holyart.de\/klosterprodukte\/kosmetika-und-atherische-ole\/atherische-ole\/duftendes-arganol\">Bei Holyart kaufen<\/a><\/strong><\/div>\r\n\t\t<\/div>\r\n\t\t<div class=\"sp-slide\">\r\n\t\t\t<img loading=\"lazy\" decoding=\"async\" class=\"sp-image\" src=\"https:\/\/blog.holyart.it\/de\/wp-content\/uploads\/sites\/12\/2026\/01\/biologisches-pfefferminz-atherisches-ol-10-ml.jpg\" alt=\"Biologisches Pfefferminz \u00e4therisches \u0150l\" width=\"500\" height=\"500\" \/>\r\n\t\t\t<div class=\"sp-thumbnail\"><a class=\"\" href=\"https:\/\/www.holyart.de\/verbrauchsprodukte\/weihrauch\/biologisches-pfefferminz-atherisches-ol-10-ml\">\r\n\t\t\t\t<img decoding=\"async\" src=\"https:\/\/blog.holyart.it\/de\/wp-content\/uploads\/sites\/12\/2026\/01\/biologisches-pfefferminz-atherisches-ol-10-ml-1.jpg\" alt=\"Biologisches Pfefferminz \u00e4therisches \u0150l\" \/>\r\n\t\t\t<\/a>\r\n\t\t\t<\/div>\r\n\t\t\t<div class=\"sp-caption\">Biologisches Pfefferminz \u00e4therisches \u0150l, 10 ml <\/br><strong><a href=\"https:\/\/www.holyart.de\/verbrauchsprodukte\/weihrauch\/biologisches-pfefferminz-atherisches-ol-10-ml\">Bei Holyart kaufen<\/a><\/strong><\/div>\r\n\t\t<\/div>\r\n\t\t<div class=\"sp-slide\">\r\n\t\t\t<img loading=\"lazy\" decoding=\"async\" class=\"sp-image\" src=\"https:\/\/blog.holyart.it\/de\/wp-content\/uploads\/sites\/12\/2026\/01\/olio-essenziale-arancio-amaro-10-ml-camaldoli.jpg\" alt=\"\u00c4therisches Bitterorangen\u00f6l\" width=\"500\" height=\"500\" \/>\r\n\t\t\t<div class=\"sp-thumbnail\"><a class=\"\" href=\"https:\/\/www.holyart.de\/klosterprodukte\/kosmetika-und-atherische-ole\/atherische-ole\/atherisches-bitterorangenol-camaldoli-10-ml\">\r\n\t\t\t\t<img decoding=\"async\" src=\"https:\/\/blog.holyart.it\/de\/wp-content\/uploads\/sites\/12\/2026\/01\/olio-essenziale-arancio-amaro-10-ml-camaldoli-1.jpg\" alt=\"\u00c4therisches Bitterorangen\u00f6l\" \/>\r\n\t\t\t<\/a>\r\n\t\t\t<\/div>\r\n\t\t\t<div class=\"sp-caption\">\u00c4therisches Bitterorangen\u00f6l, Camaldoli, 10 ml <\/br><strong><a href=\"https:\/\/www.holyart.de\/klosterprodukte\/kosmetika-und-atherische-ole\/atherische-ole\/atherisches-bitterorangenol-camaldoli-10-ml\">Bei Holyart kaufen<\/a><\/strong><\/div>\r\n\t\t<\/div>\r\n\t<\/div>\r\n<\/div>\n","protected":false},"excerpt":{"rendered":"<p>Wachs f\u00fcr DIY-Kerzen recyceln? Eine kostensparende Idee, aber auch ein kreatives Spiel. Sehen wir uns an, wie man Kerzen herstellt. Ein Artikel zum Thema Kerzenrecycling? Genau am richtigen Zeitpunkt! Nach Weihnachten haben Sie bestimmt jede Menge Wachs \u00fcbrig \u2013 perfekt f\u00fcr die Herstellung individueller und&hellip;<\/p>\n","protected":false},"author":1,"featured_media":7532,"comment_status":"closed","ping_status":"open","sticky":false,"template":"","format":"standard","meta":{"_acf_changed":false,"footnotes":""},"categories":[12],"tags":[],"class_list":["post-7530","post","type-post","status-publish","format-standard","has-post-thumbnail","hentry","category-weihnachten"],"acf":[],"yoast_head":"<!-- This site is optimized with the Yoast SEO plugin v26.6 - https:\/\/yoast.com\/wordpress\/plugins\/seo\/ -->\n<title>DIY-Kerzen: Restliches Weihnachtswachs recyceln - Holyart.de Blog<\/title>\n<meta name=\"description\" content=\"So stellen Sie einzigartige DIY-Kerzen her, gef\u00e4rbt und mit \u00e4therischen \u00d6len aromatisiert, aus \u00fcbrig gebliebenem Weihnachtswachs. Eine...\" \/>\n<meta name=\"robots\" content=\"index, follow, max-snippet:-1, max-image-preview:large, max-video-preview:-1\" \/>\n<link rel=\"canonical\" href=\"https:\/\/blog.holyart.it\/de\/weihnachten\/diy-kerzen-restliches-weihnachtswachs-recyceln\/\" \/>\n<meta property=\"og:locale\" content=\"de_DE\" \/>\n<meta property=\"og:type\" content=\"article\" \/>\n<meta property=\"og:title\" content=\"DIY-Kerzen: Restliches Weihnachtswachs recyceln - Holyart.de Blog\" \/>\n<meta property=\"og:description\" content=\"So stellen Sie einzigartige DIY-Kerzen her, gef\u00e4rbt und mit \u00e4therischen \u00d6len aromatisiert, aus \u00fcbrig gebliebenem Weihnachtswachs. Eine...\" \/>\n<meta property=\"og:url\" content=\"https:\/\/blog.holyart.it\/de\/weihnachten\/diy-kerzen-restliches-weihnachtswachs-recyceln\/\" \/>\n<meta property=\"og:site_name\" content=\"Holyart.de Blog\" \/>\n<meta property=\"article:published_time\" content=\"2026-01-12T09:00:41+00:00\" \/>\n<meta property=\"article:modified_time\" content=\"2026-01-22T13:31:30+00:00\" \/>\n<meta property=\"og:image\" content=\"https:\/\/blog.holyart.it\/de\/wp-content\/uploads\/sites\/12\/2026\/01\/DIY-Kerzen.jpeg\" \/>\n\t<meta property=\"og:image:width\" content=\"1000\" \/>\n\t<meta property=\"og:image:height\" content=\"667\" \/>\n\t<meta property=\"og:image:type\" content=\"image\/jpeg\" \/>\n<meta name=\"author\" content=\"Redazione\" \/>\n<meta name=\"twitter:card\" content=\"summary_large_image\" \/>\n<meta name=\"twitter:label1\" content=\"Verfasst von\" \/>\n\t<meta name=\"twitter:data1\" content=\"Redazione\" \/>\n\t<meta name=\"twitter:label2\" content=\"Gesch\u00e4tzte Lesezeit\" \/>\n\t<meta name=\"twitter:data2\" content=\"6\u00a0Minuten\" \/>\n<script type=\"application\/ld+json\" class=\"yoast-schema-graph\">{\"@context\":\"https:\/\/schema.org\",\"@graph\":[{\"@type\":\"Article\",\"@id\":\"https:\/\/blog.holyart.it\/de\/weihnachten\/diy-kerzen-restliches-weihnachtswachs-recyceln\/#article\",\"isPartOf\":{\"@id\":\"https:\/\/blog.holyart.it\/de\/weihnachten\/diy-kerzen-restliches-weihnachtswachs-recyceln\/\"},\"author\":{\"name\":\"Redazione\",\"@id\":\"https:\/\/blog.holyart.it\/de\/#\/schema\/person\/0a7b686e5af0f856ec1e390dd0baecda\"},\"headline\":\"DIY-Kerzen: Restliches Weihnachtswachs recyceln\",\"datePublished\":\"2026-01-12T09:00:41+00:00\",\"dateModified\":\"2026-01-22T13:31:30+00:00\",\"mainEntityOfPage\":{\"@id\":\"https:\/\/blog.holyart.it\/de\/weihnachten\/diy-kerzen-restliches-weihnachtswachs-recyceln\/\"},\"wordCount\":894,\"publisher\":{\"@id\":\"https:\/\/blog.holyart.it\/de\/#organization\"},\"image\":{\"@id\":\"https:\/\/blog.holyart.it\/de\/weihnachten\/diy-kerzen-restliches-weihnachtswachs-recyceln\/#primaryimage\"},\"thumbnailUrl\":\"https:\/\/blog.holyart.it\/de\/wp-content\/uploads\/sites\/12\/2026\/01\/DIY-Kerzen.jpeg\",\"articleSection\":[\"Weihnachten\"],\"inLanguage\":\"de\"},{\"@type\":\"WebPage\",\"@id\":\"https:\/\/blog.holyart.it\/de\/weihnachten\/diy-kerzen-restliches-weihnachtswachs-recyceln\/\",\"url\":\"https:\/\/blog.holyart.it\/de\/weihnachten\/diy-kerzen-restliches-weihnachtswachs-recyceln\/\",\"name\":\"DIY-Kerzen: Restliches Weihnachtswachs recyceln - Holyart.de Blog\",\"isPartOf\":{\"@id\":\"https:\/\/blog.holyart.it\/de\/#website\"},\"primaryImageOfPage\":{\"@id\":\"https:\/\/blog.holyart.it\/de\/weihnachten\/diy-kerzen-restliches-weihnachtswachs-recyceln\/#primaryimage\"},\"image\":{\"@id\":\"https:\/\/blog.holyart.it\/de\/weihnachten\/diy-kerzen-restliches-weihnachtswachs-recyceln\/#primaryimage\"},\"thumbnailUrl\":\"https:\/\/blog.holyart.it\/de\/wp-content\/uploads\/sites\/12\/2026\/01\/DIY-Kerzen.jpeg\",\"datePublished\":\"2026-01-12T09:00:41+00:00\",\"dateModified\":\"2026-01-22T13:31:30+00:00\",\"description\":\"So stellen Sie einzigartige DIY-Kerzen her, gef\u00e4rbt und mit \u00e4therischen \u00d6len aromatisiert, aus \u00fcbrig gebliebenem Weihnachtswachs. Eine...\",\"breadcrumb\":{\"@id\":\"https:\/\/blog.holyart.it\/de\/weihnachten\/diy-kerzen-restliches-weihnachtswachs-recyceln\/#breadcrumb\"},\"inLanguage\":\"de\",\"potentialAction\":[{\"@type\":\"ReadAction\",\"target\":[\"https:\/\/blog.holyart.it\/de\/weihnachten\/diy-kerzen-restliches-weihnachtswachs-recyceln\/\"]}]},{\"@type\":\"ImageObject\",\"inLanguage\":\"de\",\"@id\":\"https:\/\/blog.holyart.it\/de\/weihnachten\/diy-kerzen-restliches-weihnachtswachs-recyceln\/#primaryimage\",\"url\":\"https:\/\/blog.holyart.it\/de\/wp-content\/uploads\/sites\/12\/2026\/01\/DIY-Kerzen.jpeg\",\"contentUrl\":\"https:\/\/blog.holyart.it\/de\/wp-content\/uploads\/sites\/12\/2026\/01\/DIY-Kerzen.jpeg\",\"width\":1000,\"height\":667,\"caption\":\"DIY-Kerzen\"},{\"@type\":\"BreadcrumbList\",\"@id\":\"https:\/\/blog.holyart.it\/de\/weihnachten\/diy-kerzen-restliches-weihnachtswachs-recyceln\/#breadcrumb\",\"itemListElement\":[{\"@type\":\"ListItem\",\"position\":1,\"name\":\"Homepage\",\"item\":\"https:\/\/blog.holyart.it\/de\/\"},{\"@type\":\"ListItem\",\"position\":2,\"name\":\"Weihnachten\",\"item\":\"https:\/\/blog.holyart.it\/de\/weihnachten\/\"},{\"@type\":\"ListItem\",\"position\":3,\"name\":\"DIY-Kerzen: Restliches Weihnachtswachs recyceln\"}]},{\"@type\":\"WebSite\",\"@id\":\"https:\/\/blog.holyart.it\/de\/#website\",\"url\":\"https:\/\/blog.holyart.it\/de\/\",\"name\":\"Holyart.de Blog\",\"description\":\"Holyblog\",\"publisher\":{\"@id\":\"https:\/\/blog.holyart.it\/de\/#organization\"},\"potentialAction\":[{\"@type\":\"SearchAction\",\"target\":{\"@type\":\"EntryPoint\",\"urlTemplate\":\"https:\/\/blog.holyart.it\/de\/?s={search_term_string}\"},\"query-input\":{\"@type\":\"PropertyValueSpecification\",\"valueRequired\":true,\"valueName\":\"search_term_string\"}}],\"inLanguage\":\"de\"},{\"@type\":\"Organization\",\"@id\":\"https:\/\/blog.holyart.it\/de\/#organization\",\"name\":\"Holyart.de Blog\",\"url\":\"https:\/\/blog.holyart.it\/de\/\",\"logo\":{\"@type\":\"ImageObject\",\"inLanguage\":\"de\",\"@id\":\"https:\/\/blog.holyart.it\/de\/#\/schema\/logo\/image\/\",\"url\":\"https:\/\/blog.holyart.it\/de\/wp-content\/uploads\/sites\/12\/2022\/12\/Holyart_Blog_Logo.jpg\",\"contentUrl\":\"https:\/\/blog.holyart.it\/de\/wp-content\/uploads\/sites\/12\/2022\/12\/Holyart_Blog_Logo.jpg\",\"width\":300,\"height\":50,\"caption\":\"Holyart.de Blog\"},\"image\":{\"@id\":\"https:\/\/blog.holyart.it\/de\/#\/schema\/logo\/image\/\"}},{\"@type\":\"Person\",\"@id\":\"https:\/\/blog.holyart.it\/de\/#\/schema\/person\/0a7b686e5af0f856ec1e390dd0baecda\",\"name\":\"Redazione\",\"image\":{\"@type\":\"ImageObject\",\"inLanguage\":\"de\",\"@id\":\"https:\/\/blog.holyart.it\/de\/#\/schema\/person\/image\/\",\"url\":\"https:\/\/secure.gravatar.com\/avatar\/f477da817f43e50d0af36abecd33e3edf826c68299714bdc1057dff3b113f516?s=96&d=mm&r=g\",\"contentUrl\":\"https:\/\/secure.gravatar.com\/avatar\/f477da817f43e50d0af36abecd33e3edf826c68299714bdc1057dff3b113f516?s=96&d=mm&r=g\",\"caption\":\"Redazione\"}}]}<\/script>\n<!-- \/ Yoast SEO plugin. -->","yoast_head_json":{"title":"DIY-Kerzen: Restliches Weihnachtswachs recyceln - Holyart.de Blog","description":"So stellen Sie einzigartige DIY-Kerzen her, gef\u00e4rbt und mit \u00e4therischen \u00d6len aromatisiert, aus \u00fcbrig gebliebenem Weihnachtswachs. Eine...","robots":{"index":"index","follow":"follow","max-snippet":"max-snippet:-1","max-image-preview":"max-image-preview:large","max-video-preview":"max-video-preview:-1"},"canonical":"https:\/\/blog.holyart.it\/de\/weihnachten\/diy-kerzen-restliches-weihnachtswachs-recyceln\/","og_locale":"de_DE","og_type":"article","og_title":"DIY-Kerzen: Restliches Weihnachtswachs recyceln - Holyart.de Blog","og_description":"So stellen Sie einzigartige DIY-Kerzen her, gef\u00e4rbt und mit \u00e4therischen \u00d6len aromatisiert, aus \u00fcbrig gebliebenem Weihnachtswachs. Eine...","og_url":"https:\/\/blog.holyart.it\/de\/weihnachten\/diy-kerzen-restliches-weihnachtswachs-recyceln\/","og_site_name":"Holyart.de Blog","article_published_time":"2026-01-12T09:00:41+00:00","article_modified_time":"2026-01-22T13:31:30+00:00","og_image":[{"width":1000,"height":667,"url":"https:\/\/blog.holyart.it\/de\/wp-content\/uploads\/sites\/12\/2026\/01\/DIY-Kerzen.jpeg","type":"image\/jpeg"}],"author":"Redazione","twitter_card":"summary_large_image","twitter_misc":{"Verfasst von":"Redazione","Gesch\u00e4tzte Lesezeit":"6\u00a0Minuten"},"schema":{"@context":"https:\/\/schema.org","@graph":[{"@type":"Article","@id":"https:\/\/blog.holyart.it\/de\/weihnachten\/diy-kerzen-restliches-weihnachtswachs-recyceln\/#article","isPartOf":{"@id":"https:\/\/blog.holyart.it\/de\/weihnachten\/diy-kerzen-restliches-weihnachtswachs-recyceln\/"},"author":{"name":"Redazione","@id":"https:\/\/blog.holyart.it\/de\/#\/schema\/person\/0a7b686e5af0f856ec1e390dd0baecda"},"headline":"DIY-Kerzen: Restliches Weihnachtswachs recyceln","datePublished":"2026-01-12T09:00:41+00:00","dateModified":"2026-01-22T13:31:30+00:00","mainEntityOfPage":{"@id":"https:\/\/blog.holyart.it\/de\/weihnachten\/diy-kerzen-restliches-weihnachtswachs-recyceln\/"},"wordCount":894,"publisher":{"@id":"https:\/\/blog.holyart.it\/de\/#organization"},"image":{"@id":"https:\/\/blog.holyart.it\/de\/weihnachten\/diy-kerzen-restliches-weihnachtswachs-recyceln\/#primaryimage"},"thumbnailUrl":"https:\/\/blog.holyart.it\/de\/wp-content\/uploads\/sites\/12\/2026\/01\/DIY-Kerzen.jpeg","articleSection":["Weihnachten"],"inLanguage":"de"},{"@type":"WebPage","@id":"https:\/\/blog.holyart.it\/de\/weihnachten\/diy-kerzen-restliches-weihnachtswachs-recyceln\/","url":"https:\/\/blog.holyart.it\/de\/weihnachten\/diy-kerzen-restliches-weihnachtswachs-recyceln\/","name":"DIY-Kerzen: Restliches Weihnachtswachs recyceln - Holyart.de Blog","isPartOf":{"@id":"https:\/\/blog.holyart.it\/de\/#website"},"primaryImageOfPage":{"@id":"https:\/\/blog.holyart.it\/de\/weihnachten\/diy-kerzen-restliches-weihnachtswachs-recyceln\/#primaryimage"},"image":{"@id":"https:\/\/blog.holyart.it\/de\/weihnachten\/diy-kerzen-restliches-weihnachtswachs-recyceln\/#primaryimage"},"thumbnailUrl":"https:\/\/blog.holyart.it\/de\/wp-content\/uploads\/sites\/12\/2026\/01\/DIY-Kerzen.jpeg","datePublished":"2026-01-12T09:00:41+00:00","dateModified":"2026-01-22T13:31:30+00:00","description":"So stellen Sie einzigartige DIY-Kerzen her, gef\u00e4rbt und mit \u00e4therischen \u00d6len aromatisiert, aus \u00fcbrig gebliebenem Weihnachtswachs. Eine...","breadcrumb":{"@id":"https:\/\/blog.holyart.it\/de\/weihnachten\/diy-kerzen-restliches-weihnachtswachs-recyceln\/#breadcrumb"},"inLanguage":"de","potentialAction":[{"@type":"ReadAction","target":["https:\/\/blog.holyart.it\/de\/weihnachten\/diy-kerzen-restliches-weihnachtswachs-recyceln\/"]}]},{"@type":"ImageObject","inLanguage":"de","@id":"https:\/\/blog.holyart.it\/de\/weihnachten\/diy-kerzen-restliches-weihnachtswachs-recyceln\/#primaryimage","url":"https:\/\/blog.holyart.it\/de\/wp-content\/uploads\/sites\/12\/2026\/01\/DIY-Kerzen.jpeg","contentUrl":"https:\/\/blog.holyart.it\/de\/wp-content\/uploads\/sites\/12\/2026\/01\/DIY-Kerzen.jpeg","width":1000,"height":667,"caption":"DIY-Kerzen"},{"@type":"BreadcrumbList","@id":"https:\/\/blog.holyart.it\/de\/weihnachten\/diy-kerzen-restliches-weihnachtswachs-recyceln\/#breadcrumb","itemListElement":[{"@type":"ListItem","position":1,"name":"Homepage","item":"https:\/\/blog.holyart.it\/de\/"},{"@type":"ListItem","position":2,"name":"Weihnachten","item":"https:\/\/blog.holyart.it\/de\/weihnachten\/"},{"@type":"ListItem","position":3,"name":"DIY-Kerzen: Restliches Weihnachtswachs recyceln"}]},{"@type":"WebSite","@id":"https:\/\/blog.holyart.it\/de\/#website","url":"https:\/\/blog.holyart.it\/de\/","name":"Holyart.de Blog","description":"Holyblog","publisher":{"@id":"https:\/\/blog.holyart.it\/de\/#organization"},"potentialAction":[{"@type":"SearchAction","target":{"@type":"EntryPoint","urlTemplate":"https:\/\/blog.holyart.it\/de\/?s={search_term_string}"},"query-input":{"@type":"PropertyValueSpecification","valueRequired":true,"valueName":"search_term_string"}}],"inLanguage":"de"},{"@type":"Organization","@id":"https:\/\/blog.holyart.it\/de\/#organization","name":"Holyart.de Blog","url":"https:\/\/blog.holyart.it\/de\/","logo":{"@type":"ImageObject","inLanguage":"de","@id":"https:\/\/blog.holyart.it\/de\/#\/schema\/logo\/image\/","url":"https:\/\/blog.holyart.it\/de\/wp-content\/uploads\/sites\/12\/2022\/12\/Holyart_Blog_Logo.jpg","contentUrl":"https:\/\/blog.holyart.it\/de\/wp-content\/uploads\/sites\/12\/2022\/12\/Holyart_Blog_Logo.jpg","width":300,"height":50,"caption":"Holyart.de Blog"},"image":{"@id":"https:\/\/blog.holyart.it\/de\/#\/schema\/logo\/image\/"}},{"@type":"Person","@id":"https:\/\/blog.holyart.it\/de\/#\/schema\/person\/0a7b686e5af0f856ec1e390dd0baecda","name":"Redazione","image":{"@type":"ImageObject","inLanguage":"de","@id":"https:\/\/blog.holyart.it\/de\/#\/schema\/person\/image\/","url":"https:\/\/secure.gravatar.com\/avatar\/f477da817f43e50d0af36abecd33e3edf826c68299714bdc1057dff3b113f516?s=96&d=mm&r=g","contentUrl":"https:\/\/secure.gravatar.com\/avatar\/f477da817f43e50d0af36abecd33e3edf826c68299714bdc1057dff3b113f516?s=96&d=mm&r=g","caption":"Redazione"}}]}},"_links":{"self":[{"href":"https:\/\/blog.holyart.it\/de\/wp-json\/wp\/v2\/posts\/7530","targetHints":{"allow":["GET"]}}],"collection":[{"href":"https:\/\/blog.holyart.it\/de\/wp-json\/wp\/v2\/posts"}],"about":[{"href":"https:\/\/blog.holyart.it\/de\/wp-json\/wp\/v2\/types\/post"}],"author":[{"embeddable":true,"href":"https:\/\/blog.holyart.it\/de\/wp-json\/wp\/v2\/users\/1"}],"replies":[{"embeddable":true,"href":"https:\/\/blog.holyart.it\/de\/wp-json\/wp\/v2\/comments?post=7530"}],"version-history":[{"count":6,"href":"https:\/\/blog.holyart.it\/de\/wp-json\/wp\/v2\/posts\/7530\/revisions"}],"predecessor-version":[{"id":7550,"href":"https:\/\/blog.holyart.it\/de\/wp-json\/wp\/v2\/posts\/7530\/revisions\/7550"}],"wp:featuredmedia":[{"embeddable":true,"href":"https:\/\/blog.holyart.it\/de\/wp-json\/wp\/v2\/media\/7532"}],"wp:attachment":[{"href":"https:\/\/blog.holyart.it\/de\/wp-json\/wp\/v2\/media?parent=7530"}],"wp:term":[{"taxonomy":"category","embeddable":true,"href":"https:\/\/blog.holyart.it\/de\/wp-json\/wp\/v2\/categories?post=7530"},{"taxonomy":"post_tag","embeddable":true,"href":"https:\/\/blog.holyart.it\/de\/wp-json\/wp\/v2\/tags?post=7530"}],"curies":[{"name":"wp","href":"https:\/\/api.w.org\/{rel}","templated":true}]}}