{"id":7519,"date":"2026-01-07T10:00:30","date_gmt":"2026-01-07T09:00:30","guid":{"rendered":"https:\/\/blog.holyart.it\/de\/?p=7519"},"modified":"2026-01-21T11:09:47","modified_gmt":"2026-01-21T10:09:47","slug":"die-geschichte-des-prager-jesuleins","status":"publish","type":"post","link":"https:\/\/blog.holyart.it\/de\/devotionalien\/die-geschichte-des-prager-jesuleins\/","title":{"rendered":"Die Geschichte des Prager Jesuleins"},"content":{"rendered":"<h4>Die Statue des Prager Jesuleins seit jeher Gegenstand gro\u00dfer Volksfr\u00f6mmigkeit und hat \u00fcber die Jahrhunderte den spirituellen Eifer vieler Gl\u00e4ubiger auf der ganzen Welt inspiriert.<\/h4>\n<p>Die <em>Kostel Panny Marie V\u00edt\u011bzn\u00e9<\/em>, die \u201eKirche der siegreichen Jungfrau Maria\u201c, befindet sich in einem der \u00e4ltesten und reizvollsten Viertel Prags, Mal\u00e1 Strana <em>(Kleine Seite).<\/em> Anfang des 17. Jahrhunderts f\u00fcr deutsche Lutheraner erbaut, ist sie ber\u00fchmt, weil sie das <strong>Prager Jesulein<\/strong> beherbergt \u2013 <a href=\"https:\/\/www.holyart.de\/devotionalien\/statuen\/statuen-aus-bemalten-holz\/prager-jesulein-holz-grodnertal\"><strong>eine mit Wachs \u00fcberzogene Holzstatue<\/strong><\/a>, die seit jeher Gegenstand gro\u00dfer Verehrung und heute Ziel von Pilgerreisen von Millionen Gl\u00e4ubigen ist.<\/p>\n<div class=\"link-product\">\n<div class=\"blocco-immagine\"><img loading=\"lazy\" decoding=\"async\" class=\"size-full wp-image-7521 alignleft\" src=\"https:\/\/blog.holyart.it\/de\/wp-content\/uploads\/sites\/12\/2026\/01\/Prager-Jesulein-Holz.jpg\" alt=\"Prager Jesulein, Holz\" width=\"100\" height=\"100\" data-kale-share-title=\"Die Geschichte des Prager Jesuleins\" data-kale-share-url=\"https:\/\/blog.holyart.it\/de\/?p=7519\" \/><\/div>\n<div class=\"blocco-contenuto\">\n<div class=\"blocco-acquista\">Einkaufen:<\/div>\n<div class=\"blocco-titolo\"><a href=\"https:\/\/www.holyart.de\/devotionalien\/statuen\/statuen-aus-bemalten-holz\/prager-jesulein-holz-grodnertal\">Prager Jesulein, Holz, Gr\u00f6dnertal<\/a><\/div>\n<div class=\"blocco-descrizione\">Prager Jesulein aus Holz, hergestellt im Gr\u00f6dnertal.Die Statue wird in Gr\u00f6den (Italien) hergestellt.<\/div>\n<\/div>\n<\/div>\n<p>Das <em>Wunderkind<\/em> oder der <em>Kleine K\u00f6nig<\/em>, wie die Statue liebevoll genannt wird, ist nur 45 cm hoch. Sie wurde in Spanien von einem unbekannten Bildhauer gefertigt, m\u00f6glicherweise auf Wunsch eines Ordensmannes, dem das Jesuskind in einer Vision erschien. Sp\u00e4ter brachte Maria Manrique de Lara, eine spanische Herzogin, die einen b\u00f6hmischen Adligen geheiratet hatte, die Statue nach Prag und schenkte sie ihrer Tochter Polyxena von Lobkowicz als Hochzeitsgeschenk. Sie war es, die, nachdem sie verwitwet war, die Statue den <a href=\"https:\/\/www.holyart.de\/blog\/klostern\/der-orden-der-barfus-karmeliten\/\"><strong>Unbeschuhten Karmeliten<\/strong><\/a> schenkte, die in der Kirche der siegreichen Jungfrau Maria lebten.<\/p>\n<p>Der Kult des Jesuskindes, und insbesondere des als Prinz gekleideten Jesuskindes, war in der Barockzeit weit verbreitet. Insbesondere die <strong>heilige Teresa von \u00c1vila<\/strong>, eine spanische Ordensfrau und Mystikerin, die ein Glaubensmodell vorschlug, das auf der Freundschaft zwischen Mensch und Gott und einer tief menschlichen Dimension <a href=\"https:\/\/www.holyart.de\/weihnachten\/jesuskind-figuren\"><strong>Jesu Christi<\/strong><\/a> basierte, liebte es, Jesus, den Gegenstand ihrer bedingungslosen Liebe und absoluten Hingabe, in jedem Moment Seines menschlichen Lebens, einschlie\u00dflich der Kindheit, zu betrachten. Sie trug oft eine kleine Statue des Jesuskindes bei sich, \u00e4hnlich der in Prag aufbewahrten. Auch die <a href=\"https:\/\/www.holyart.it\/blog\/articoli-religiosi\/santa-teresa-di-lisieux-e-il-miracolo-delle-rose\/\"><strong>heilige Theresia von Jesus<\/strong><\/a> (bekannt als die heilige Therese vom Kinde Jesus), die Theologin des \u201ekleinen Weges\u201c, liebte die kindliche Dimension Jesu, gerade sie, die eine Haltung der absoluten Hingabe und des Vertrauens in die Arme Gottes des Vaters f\u00f6rderte.<\/p>\n<div class=\"link-article\">\n<p><img loading=\"lazy\" decoding=\"async\" class=\"size-full wp-image-7522 alignleft\" src=\"https:\/\/blog.holyart.it\/de\/wp-content\/uploads\/sites\/12\/2026\/01\/Die-heilige-Therese-von-Lisieux.jpg\" alt=\"Die heilige Therese von Lisieux\" width=\"150\" height=\"99\" data-kale-share-title=\"Die Geschichte des Prager Jesuleins\" data-kale-share-url=\"https:\/\/blog.holyart.it\/de\/?p=7519\" \/><\/p>\n<div class=\"leggi-anche\">Lesen Sie auch:<\/div>\n<p><strong><a href=\"https:\/\/www.holyart.de\/blog\/devotionalien\/die-heilige-therese-von-lisieux-und-das-rosenwunder\/\">Die heilige Therese von Lisieux und das Rosenwunder<\/a><\/strong><br \/>\nDie heilige Th\u00e9r\u00e8se von Lisieux, die mit f\u00fcnfundzwanzig starb, nachdem sie einen Gro\u00dfteil ihres Lebens in der Abgeschiedenheit&#8230;<\/p>\n<\/div>\n<p>Ein gro\u00dfer Apostel der Verehrung des Prager Jesuleins war der <strong>ehrw\u00fcrdige<\/strong> <strong>Pater Cyrill von der Mutter Gottes<\/strong>, dem der Legende nach <a href=\"https:\/\/www.holyart.de\/devotionalien\/statuen\/statuen-aus-bemalten-holz\/heiligenfigur-immaculata-20-cm-ahornholz\"><strong>die Madonna<\/strong><\/a> erschien, um ihm zu zeigen, wo die Statue des Kindes in der Karmelitenkirche Santa Maria della Vittoria aufgestellt werden sollte, die bereits mit dem Wunder des Wei\u00dfen Berges einige Jahre zuvor in Verbindung gebracht worden war. Das Jesuskind selbst erschien ihm sp\u00e4ter und \u00fcbermittelte ihm die Botschaft: <em>\u201eJe mehr ihr mich ehrt, desto mehr werde ich euch beg\u00fcnstigen.\u201c<\/em> Dieser Satz steht am Fu\u00dfe aller Reproduktionen der Statue geschrieben.<\/p>\n<div class=\"link-product\">\n<div class=\"blocco-immagine\"><img loading=\"lazy\" decoding=\"async\" class=\"size-full wp-image-7523 alignleft\" src=\"https:\/\/blog.holyart.it\/de\/wp-content\/uploads\/sites\/12\/2026\/01\/Heiligenfigur-Immaculata.jpg\" alt=\"Heiligenfigur Immaculata\" width=\"100\" height=\"100\" data-kale-share-title=\"Die Geschichte des Prager Jesuleins\" data-kale-share-url=\"https:\/\/blog.holyart.it\/de\/?p=7519\" \/><\/div>\n<div class=\"blocco-contenuto\">\n<div class=\"blocco-acquista\">Einkaufen:<\/div>\n<div class=\"blocco-titolo\"><a href=\"https:\/\/www.holyart.de\/devotionalien\/statuen\/statuen-aus-bemalten-holz\/heiligenfigur-immaculata-20-cm-ahornholz\">Heiligenfigur Immaculata 20 cm Ahornholz<\/a><\/div>\n<div class=\"blocco-descrizione\">Heiligenfigur Immaculata, von Hand geschnitzt und bemalt, aus Ahornholz.<\/div>\n<\/div>\n<\/div>\n<p>Ein kurioses Detail: Die Statue des Prager Jesuleins besitzt eine ganze <strong>Ausstattung an Kleidern<\/strong>, genau wie eine Puppe! Im Laufe eines Jahres kann es bis zu sechzig verschiedene Kleider tragen, die den Farben der jeweiligen liturgischen Zeit folgen. So tr\u00e4gt <a href=\"https:\/\/www.holyart.de\/blog\/devotionalien\/die-geschichte-jesu-die-wichtigsten-ereignisse-in-seinem-leben\/\"><strong>das Kind zu Ostern<\/strong><\/a> ein wei\u00dfes Gewand, am Ostersonntag ein rotes Gewand, und f\u00fcr den Advent einen violetten Mantel. Viele dieser Gew\u00e4nder wurden im Laufe der Jahrhunderte von mehr oder weniger ber\u00fchmten Gl\u00e4ubigen gespendet und stammen aus allen Teilen der Welt. Einige sind mit Perlen und Edelsteinen, Gold und Diamanten verziert, von Hand von Kunsthandwerkern im Dienste von K\u00f6nigen und Kaisern bestickt und stellen einen kleinen Schatz dar. Auch <strong>Papst Benedikt XVI.<\/strong> schenkte dem Prager Jesulein anl\u00e4sslich seines Apostolischen Besuchs in der Tschechischen Republik im Jahr 2009 eine der Goldkronen, die Sein Haupt zieren.<\/p>\n<div class=\"link-article\">\n<p><img loading=\"lazy\" decoding=\"async\" class=\"size-full wp-image-7524 alignleft\" src=\"https:\/\/blog.holyart.it\/de\/wp-content\/uploads\/sites\/12\/2026\/01\/Die-Geschichte-Jesu-die-wichtigsten-Ereignisse-in-seinem-Leben.jpg\" alt=\"Die Geschichte Jesu die wichtigsten Ereignisse in seinem Leben\" width=\"150\" height=\"99\" data-kale-share-title=\"Die Geschichte des Prager Jesuleins\" data-kale-share-url=\"https:\/\/blog.holyart.it\/de\/?p=7519\" \/><\/p>\n<div class=\"leggi-anche\">Lesen Sie auch:<\/div>\n<p><strong><a href=\"https:\/\/www.holyart.de\/blog\/devotionalien\/die-geschichte-jesu-die-wichtigsten-ereignisse-in-seinem-leben\/\">Die Geschichte Jesu: die wichtigsten Ereignisse in seinem Leben<\/a><\/strong><br \/>\nDie Geschichte Jesu, zwischen Evangelium, historischer Realit\u00e4t und frommer Legende.<\/p>\n<\/div>\n<h2>Das Heiligtum von Arenzano<\/h2>\n<p>Das Heiligtum von Arenzano in der N\u00e4he von Genua ist eines der Hauptzentren f\u00fcr die Verbreitung der Verehrung des Prager Jesuleins. Der der kleinen Statue gewidmete Kult kam im Jahr 1900 hierher, als die in dem kleinen Ort ans\u00e4ssigen Karmeliten ein Bild des Jesuskindes in ihrer Kirche aufstellten. Sofort versammelte sich ein gro\u00dfer Zustrom von Gl\u00e4ubigen am Heiligtum, begleitet von Gnaden und wundersamen Ereignissen. Das Bild wurde durch eine der Prager Statue \u00e4hnliche Statue ersetzt, und es war notwendig, ein dem Prager Jesulein gewidmetes Heiligtum zu errichten, um die stetig wachsende Zahl von Pilgern aufzunehmen. Um das Heiligtum herum entstanden Zentren religi\u00f6ser Zusammenk\u00fcnfte und Aktivit\u00e4ten, die bis heute andauern, ebenso wie <a href=\"https:\/\/www.holyart.de\/blog\/heilige-und-selige\/pilgerheilige-8-schutzheilige-der-pilger-und-reisenden\/\"><strong>die Pilgerfahrten aus ganz Italien und dem Ausland<\/strong><\/a>.<\/p>\n<div class=\"link-article\">\n<p><img loading=\"lazy\" decoding=\"async\" class=\"size-full wp-image-6975 alignleft\" src=\"https:\/\/blog.holyart.it\/pt\/wp-content\/uploads\/sites\/18\/2026\/01\/Ordenacao-sacerdotal.jpg\" alt=\"Ordena\u00e7\u00e3o sacerdotal\" width=\"150\" height=\"99\" data-kale-share-title=\"Sacristia: o que \u00e9 e qual \u00e9 a sua fun\u00e7\u00e3o\" data-kale-share-url=\"https:\/\/blog.holyart.it\/pt\/?p=6970\" \/><\/p>\n<div class=\"leggi-anche\">Leia tamb\u00e9m:<\/div>\n<p><strong><a href=\"https:\/\/www.holyart.de\/blog\/heilige-und-selige\/pilgerheilige-8-schutzheilige-der-pilger-und-reisenden\/\">Pilgerheilige: 8 Schutzheilige der Pilger und Reisenden<\/a><\/strong><br \/>\nPilgerheilige sind Heilige, f\u00fcr die die Pilgererfahrung so bedeutsam war, dass sie zum eigentlichen Grund ihrer Heiligkeit wurde<\/p>\n<\/div>\n<h2>Gebet zum Prager Jesulein<\/h2>\n<p>Der Jungfrau Maria offenbarte Pater Cyrill von der Mutter Gottes auch <strong>ein Gebet, das man an das <a href=\"https:\/\/www.holyart.de\/devotionalien\/statuen\/statuen-aus-gips\/prager-jesulein-aus-gips-40-cm\">Prager Jesulein<\/a> richten solle<\/strong>. Aber es wurden im Laufe der Jahrhunderte viele andere Gebete verfasst, und der Statue des Kindes wird auch eine spezielle <strong>Novene<\/strong> gewidmet. Wir geben hier nur eine der vielen Ihm gewidmeten Gebete wieder:<\/p>\n<p><em>O heiliges Jesuskind, <\/em><\/p>\n<p><em>das Du Deine Gnaden \u00fcber jene ausgie\u00dft, die Dich anrufen, <\/em><\/p>\n<p><em>wende Deine Augen uns zu, <\/em><\/p>\n<p><em>die wir vor Deinem heiligen Bildnis niedergeworfen sind, <\/em><\/p>\n<p><em>und erh\u00f6re unser Gebet.<\/em><\/p>\n<p><em>Wir empfehlen Dir so viele arme Bed\u00fcrftige, <\/em><\/p>\n<p><em>die auf Dein g\u00f6ttliches Herz vertrauen. <\/em><\/p>\n<p><em>Strecke Deine allm\u00e4chtige Hand \u00fcber sie aus, <\/em><\/p>\n<p><em>und hilf ihnen in ihren N\u00f6ten.<\/em><\/p>\n<p><em>\u00a0<\/em><\/p>\n<p><em>Strecke sie aus \u00fcber die Kinder, um sie zu besch\u00fctzen; <\/em><\/p>\n<p><em>\u00fcber die Familien, um deren Einheit und Liebe zu bewahren; <\/em><\/p>\n<p><em>\u00fcber die Kranken, um sie zu heilen und ihre Leiden zu heiligen; <\/em><\/p>\n<p><em>\u00fcber die Betr\u00fcbten, um sie zu tr\u00f6sten; <\/em><\/p>\n<p><em>\u00fcber die S\u00fcnder, um sie zum Licht Deiner Gnade zu f\u00fchren; <\/em><\/p>\n<p><em>\u00fcber alle, die von Schmerz und Elend bedr\u00e4ngt werden <\/em><\/p>\n<p><em>und vertrauensvoll Deine liebevolle Hilfe anrufen.<\/em><\/p>\n<p><em>Strecke sie auch \u00fcber uns aus, um uns zu segnen.<\/em><\/p>\n<p><em>\u00a0<\/em><\/p>\n<p><em>Gew\u00e4hre, o kleiner K\u00f6nig, <\/em><\/p>\n<p><em>die Sch\u00e4tze Deiner Barmherzigkeit und Deines Friedens <\/em><\/p>\n<p><em>der ganzen Welt, <\/em><\/p>\n<p><em>und bewahre uns jetzt und immer <\/em><\/p>\n<p><em>in der Gnade Deiner Liebe. Amen.<\/em><\/p>\n<div class=\"link-product\">\n<div class=\"blocco-immagine\"><img loading=\"lazy\" decoding=\"async\" class=\"size-full wp-image-7526 alignleft\" src=\"https:\/\/blog.holyart.it\/de\/wp-content\/uploads\/sites\/12\/2026\/01\/Prager-Jesulein-aus-Gips.jpg\" alt=\"Prager Jesulein, aus Gips\" width=\"100\" height=\"100\" data-kale-share-title=\"Die Geschichte des Prager Jesuleins\" data-kale-share-url=\"https:\/\/blog.holyart.it\/de\/?p=7519\" \/><\/div>\n<div class=\"blocco-contenuto\">\n<div class=\"blocco-acquista\">Einkaufen:<\/div>\n<div class=\"blocco-titolo\"><a href=\"https:\/\/www.holyart.de\/devotionalien\/statuen\/statuen-aus-gips\/prager-jesulein-aus-gips-40-cm\">Prager Jesulein, aus Gips, 40 cm<\/a><\/div>\n<div class=\"blocco-descrizione\">Das Prager Jesuskind tr\u00e4gt ein langes wei\u00dfes Kleid mit goldenen Verzierungen.<\/div>\n<\/div>\n<\/div>\n","protected":false},"excerpt":{"rendered":"<p>Die Statue des Prager Jesuleins seit jeher Gegenstand gro\u00dfer Volksfr\u00f6mmigkeit und hat \u00fcber die Jahrhunderte den spirituellen Eifer vieler Gl\u00e4ubiger auf der ganzen Welt inspiriert. Die Kostel Panny Marie V\u00edt\u011bzn\u00e9, die \u201eKirche der siegreichen Jungfrau Maria\u201c, befindet sich in einem der \u00e4ltesten und reizvollsten Viertel&hellip;<\/p>\n","protected":false},"author":1,"featured_media":7520,"comment_status":"closed","ping_status":"open","sticky":false,"template":"","format":"standard","meta":{"_acf_changed":false,"footnotes":""},"categories":[10],"tags":[],"class_list":["post-7519","post","type-post","status-publish","format-standard","has-post-thumbnail","hentry","category-devotionalien"],"acf":[],"yoast_head":"<!-- This site is optimized with the Yoast SEO plugin v26.6 - https:\/\/yoast.com\/wordpress\/plugins\/seo\/ -->\n<title>Die Geschichte des Prager Jesuleins - Holyart.de Blog<\/title>\n<meta name=\"description\" content=\"Die Statue des Prager Jesuleins seit jeher Gegenstand gro\u00dfer Volksfr\u00f6mmigkeit und hat \u00fcber die Jahrhunderte den spirituellen Eifer vieler...\" \/>\n<meta name=\"robots\" content=\"index, follow, max-snippet:-1, max-image-preview:large, max-video-preview:-1\" \/>\n<link rel=\"canonical\" href=\"https:\/\/blog.holyart.it\/de\/devotionalien\/die-geschichte-des-prager-jesuleins\/\" \/>\n<meta property=\"og:locale\" content=\"de_DE\" \/>\n<meta property=\"og:type\" content=\"article\" \/>\n<meta property=\"og:title\" content=\"Die Geschichte des Prager Jesuleins - Holyart.de Blog\" \/>\n<meta property=\"og:description\" content=\"Die Statue des Prager Jesuleins seit jeher Gegenstand gro\u00dfer Volksfr\u00f6mmigkeit und hat \u00fcber die Jahrhunderte den spirituellen Eifer vieler...\" \/>\n<meta property=\"og:url\" content=\"https:\/\/blog.holyart.it\/de\/devotionalien\/die-geschichte-des-prager-jesuleins\/\" \/>\n<meta property=\"og:site_name\" content=\"Holyart.de Blog\" \/>\n<meta property=\"article:published_time\" content=\"2026-01-07T09:00:30+00:00\" \/>\n<meta property=\"article:modified_time\" content=\"2026-01-21T10:09:47+00:00\" \/>\n<meta property=\"og:image\" content=\"https:\/\/blog.holyart.it\/de\/wp-content\/uploads\/sites\/12\/2026\/01\/Die-Geschichte-des-Prager-Jesuleins.jpeg\" \/>\n\t<meta property=\"og:image:width\" content=\"1000\" \/>\n\t<meta property=\"og:image:height\" content=\"674\" \/>\n\t<meta property=\"og:image:type\" content=\"image\/jpeg\" \/>\n<meta name=\"author\" content=\"Redazione\" \/>\n<meta name=\"twitter:card\" content=\"summary_large_image\" \/>\n<meta name=\"twitter:label1\" content=\"Verfasst von\" \/>\n\t<meta name=\"twitter:data1\" content=\"Redazione\" \/>\n\t<meta name=\"twitter:label2\" content=\"Gesch\u00e4tzte Lesezeit\" \/>\n\t<meta name=\"twitter:data2\" content=\"7\u00a0Minuten\" \/>\n<script type=\"application\/ld+json\" class=\"yoast-schema-graph\">{\"@context\":\"https:\/\/schema.org\",\"@graph\":[{\"@type\":\"Article\",\"@id\":\"https:\/\/blog.holyart.it\/de\/devotionalien\/die-geschichte-des-prager-jesuleins\/#article\",\"isPartOf\":{\"@id\":\"https:\/\/blog.holyart.it\/de\/devotionalien\/die-geschichte-des-prager-jesuleins\/\"},\"author\":{\"name\":\"Redazione\",\"@id\":\"https:\/\/blog.holyart.it\/de\/#\/schema\/person\/0a7b686e5af0f856ec1e390dd0baecda\"},\"headline\":\"Die Geschichte des Prager Jesuleins\",\"datePublished\":\"2026-01-07T09:00:30+00:00\",\"dateModified\":\"2026-01-21T10:09:47+00:00\",\"mainEntityOfPage\":{\"@id\":\"https:\/\/blog.holyart.it\/de\/devotionalien\/die-geschichte-des-prager-jesuleins\/\"},\"wordCount\":1059,\"publisher\":{\"@id\":\"https:\/\/blog.holyart.it\/de\/#organization\"},\"image\":{\"@id\":\"https:\/\/blog.holyart.it\/de\/devotionalien\/die-geschichte-des-prager-jesuleins\/#primaryimage\"},\"thumbnailUrl\":\"https:\/\/blog.holyart.it\/de\/wp-content\/uploads\/sites\/12\/2026\/01\/Die-Geschichte-des-Prager-Jesuleins.jpeg\",\"articleSection\":[\"Religion\"],\"inLanguage\":\"de\"},{\"@type\":\"WebPage\",\"@id\":\"https:\/\/blog.holyart.it\/de\/devotionalien\/die-geschichte-des-prager-jesuleins\/\",\"url\":\"https:\/\/blog.holyart.it\/de\/devotionalien\/die-geschichte-des-prager-jesuleins\/\",\"name\":\"Die Geschichte des Prager Jesuleins - Holyart.de Blog\",\"isPartOf\":{\"@id\":\"https:\/\/blog.holyart.it\/de\/#website\"},\"primaryImageOfPage\":{\"@id\":\"https:\/\/blog.holyart.it\/de\/devotionalien\/die-geschichte-des-prager-jesuleins\/#primaryimage\"},\"image\":{\"@id\":\"https:\/\/blog.holyart.it\/de\/devotionalien\/die-geschichte-des-prager-jesuleins\/#primaryimage\"},\"thumbnailUrl\":\"https:\/\/blog.holyart.it\/de\/wp-content\/uploads\/sites\/12\/2026\/01\/Die-Geschichte-des-Prager-Jesuleins.jpeg\",\"datePublished\":\"2026-01-07T09:00:30+00:00\",\"dateModified\":\"2026-01-21T10:09:47+00:00\",\"description\":\"Die Statue des Prager Jesuleins seit jeher Gegenstand gro\u00dfer Volksfr\u00f6mmigkeit und hat \u00fcber die Jahrhunderte den spirituellen Eifer vieler...\",\"breadcrumb\":{\"@id\":\"https:\/\/blog.holyart.it\/de\/devotionalien\/die-geschichte-des-prager-jesuleins\/#breadcrumb\"},\"inLanguage\":\"de\",\"potentialAction\":[{\"@type\":\"ReadAction\",\"target\":[\"https:\/\/blog.holyart.it\/de\/devotionalien\/die-geschichte-des-prager-jesuleins\/\"]}]},{\"@type\":\"ImageObject\",\"inLanguage\":\"de\",\"@id\":\"https:\/\/blog.holyart.it\/de\/devotionalien\/die-geschichte-des-prager-jesuleins\/#primaryimage\",\"url\":\"https:\/\/blog.holyart.it\/de\/wp-content\/uploads\/sites\/12\/2026\/01\/Die-Geschichte-des-Prager-Jesuleins.jpeg\",\"contentUrl\":\"https:\/\/blog.holyart.it\/de\/wp-content\/uploads\/sites\/12\/2026\/01\/Die-Geschichte-des-Prager-Jesuleins.jpeg\",\"width\":1000,\"height\":674,\"caption\":\"Die Geschichte des Prager Jesuleins\"},{\"@type\":\"BreadcrumbList\",\"@id\":\"https:\/\/blog.holyart.it\/de\/devotionalien\/die-geschichte-des-prager-jesuleins\/#breadcrumb\",\"itemListElement\":[{\"@type\":\"ListItem\",\"position\":1,\"name\":\"Homepage\",\"item\":\"https:\/\/blog.holyart.it\/de\/\"},{\"@type\":\"ListItem\",\"position\":2,\"name\":\"Religion\",\"item\":\"https:\/\/blog.holyart.it\/de\/devotionalien\/\"},{\"@type\":\"ListItem\",\"position\":3,\"name\":\"Die Geschichte des Prager Jesuleins\"}]},{\"@type\":\"WebSite\",\"@id\":\"https:\/\/blog.holyart.it\/de\/#website\",\"url\":\"https:\/\/blog.holyart.it\/de\/\",\"name\":\"Holyart.de Blog\",\"description\":\"Holyblog\",\"publisher\":{\"@id\":\"https:\/\/blog.holyart.it\/de\/#organization\"},\"potentialAction\":[{\"@type\":\"SearchAction\",\"target\":{\"@type\":\"EntryPoint\",\"urlTemplate\":\"https:\/\/blog.holyart.it\/de\/?s={search_term_string}\"},\"query-input\":{\"@type\":\"PropertyValueSpecification\",\"valueRequired\":true,\"valueName\":\"search_term_string\"}}],\"inLanguage\":\"de\"},{\"@type\":\"Organization\",\"@id\":\"https:\/\/blog.holyart.it\/de\/#organization\",\"name\":\"Holyart.de Blog\",\"url\":\"https:\/\/blog.holyart.it\/de\/\",\"logo\":{\"@type\":\"ImageObject\",\"inLanguage\":\"de\",\"@id\":\"https:\/\/blog.holyart.it\/de\/#\/schema\/logo\/image\/\",\"url\":\"https:\/\/blog.holyart.it\/de\/wp-content\/uploads\/sites\/12\/2022\/12\/Holyart_Blog_Logo.jpg\",\"contentUrl\":\"https:\/\/blog.holyart.it\/de\/wp-content\/uploads\/sites\/12\/2022\/12\/Holyart_Blog_Logo.jpg\",\"width\":300,\"height\":50,\"caption\":\"Holyart.de Blog\"},\"image\":{\"@id\":\"https:\/\/blog.holyart.it\/de\/#\/schema\/logo\/image\/\"}},{\"@type\":\"Person\",\"@id\":\"https:\/\/blog.holyart.it\/de\/#\/schema\/person\/0a7b686e5af0f856ec1e390dd0baecda\",\"name\":\"Redazione\",\"image\":{\"@type\":\"ImageObject\",\"inLanguage\":\"de\",\"@id\":\"https:\/\/blog.holyart.it\/de\/#\/schema\/person\/image\/\",\"url\":\"https:\/\/secure.gravatar.com\/avatar\/f477da817f43e50d0af36abecd33e3edf826c68299714bdc1057dff3b113f516?s=96&d=mm&r=g\",\"contentUrl\":\"https:\/\/secure.gravatar.com\/avatar\/f477da817f43e50d0af36abecd33e3edf826c68299714bdc1057dff3b113f516?s=96&d=mm&r=g\",\"caption\":\"Redazione\"}}]}<\/script>\n<!-- \/ Yoast SEO plugin. -->","yoast_head_json":{"title":"Die Geschichte des Prager Jesuleins - Holyart.de Blog","description":"Die Statue des Prager Jesuleins seit jeher Gegenstand gro\u00dfer Volksfr\u00f6mmigkeit und hat \u00fcber die Jahrhunderte den spirituellen Eifer vieler...","robots":{"index":"index","follow":"follow","max-snippet":"max-snippet:-1","max-image-preview":"max-image-preview:large","max-video-preview":"max-video-preview:-1"},"canonical":"https:\/\/blog.holyart.it\/de\/devotionalien\/die-geschichte-des-prager-jesuleins\/","og_locale":"de_DE","og_type":"article","og_title":"Die Geschichte des Prager Jesuleins - Holyart.de Blog","og_description":"Die Statue des Prager Jesuleins seit jeher Gegenstand gro\u00dfer Volksfr\u00f6mmigkeit und hat \u00fcber die Jahrhunderte den spirituellen Eifer vieler...","og_url":"https:\/\/blog.holyart.it\/de\/devotionalien\/die-geschichte-des-prager-jesuleins\/","og_site_name":"Holyart.de Blog","article_published_time":"2026-01-07T09:00:30+00:00","article_modified_time":"2026-01-21T10:09:47+00:00","og_image":[{"width":1000,"height":674,"url":"https:\/\/blog.holyart.it\/de\/wp-content\/uploads\/sites\/12\/2026\/01\/Die-Geschichte-des-Prager-Jesuleins.jpeg","type":"image\/jpeg"}],"author":"Redazione","twitter_card":"summary_large_image","twitter_misc":{"Verfasst von":"Redazione","Gesch\u00e4tzte Lesezeit":"7\u00a0Minuten"},"schema":{"@context":"https:\/\/schema.org","@graph":[{"@type":"Article","@id":"https:\/\/blog.holyart.it\/de\/devotionalien\/die-geschichte-des-prager-jesuleins\/#article","isPartOf":{"@id":"https:\/\/blog.holyart.it\/de\/devotionalien\/die-geschichte-des-prager-jesuleins\/"},"author":{"name":"Redazione","@id":"https:\/\/blog.holyart.it\/de\/#\/schema\/person\/0a7b686e5af0f856ec1e390dd0baecda"},"headline":"Die Geschichte des Prager Jesuleins","datePublished":"2026-01-07T09:00:30+00:00","dateModified":"2026-01-21T10:09:47+00:00","mainEntityOfPage":{"@id":"https:\/\/blog.holyart.it\/de\/devotionalien\/die-geschichte-des-prager-jesuleins\/"},"wordCount":1059,"publisher":{"@id":"https:\/\/blog.holyart.it\/de\/#organization"},"image":{"@id":"https:\/\/blog.holyart.it\/de\/devotionalien\/die-geschichte-des-prager-jesuleins\/#primaryimage"},"thumbnailUrl":"https:\/\/blog.holyart.it\/de\/wp-content\/uploads\/sites\/12\/2026\/01\/Die-Geschichte-des-Prager-Jesuleins.jpeg","articleSection":["Religion"],"inLanguage":"de"},{"@type":"WebPage","@id":"https:\/\/blog.holyart.it\/de\/devotionalien\/die-geschichte-des-prager-jesuleins\/","url":"https:\/\/blog.holyart.it\/de\/devotionalien\/die-geschichte-des-prager-jesuleins\/","name":"Die Geschichte des Prager Jesuleins - Holyart.de Blog","isPartOf":{"@id":"https:\/\/blog.holyart.it\/de\/#website"},"primaryImageOfPage":{"@id":"https:\/\/blog.holyart.it\/de\/devotionalien\/die-geschichte-des-prager-jesuleins\/#primaryimage"},"image":{"@id":"https:\/\/blog.holyart.it\/de\/devotionalien\/die-geschichte-des-prager-jesuleins\/#primaryimage"},"thumbnailUrl":"https:\/\/blog.holyart.it\/de\/wp-content\/uploads\/sites\/12\/2026\/01\/Die-Geschichte-des-Prager-Jesuleins.jpeg","datePublished":"2026-01-07T09:00:30+00:00","dateModified":"2026-01-21T10:09:47+00:00","description":"Die Statue des Prager Jesuleins seit jeher Gegenstand gro\u00dfer Volksfr\u00f6mmigkeit und hat \u00fcber die Jahrhunderte den spirituellen Eifer vieler...","breadcrumb":{"@id":"https:\/\/blog.holyart.it\/de\/devotionalien\/die-geschichte-des-prager-jesuleins\/#breadcrumb"},"inLanguage":"de","potentialAction":[{"@type":"ReadAction","target":["https:\/\/blog.holyart.it\/de\/devotionalien\/die-geschichte-des-prager-jesuleins\/"]}]},{"@type":"ImageObject","inLanguage":"de","@id":"https:\/\/blog.holyart.it\/de\/devotionalien\/die-geschichte-des-prager-jesuleins\/#primaryimage","url":"https:\/\/blog.holyart.it\/de\/wp-content\/uploads\/sites\/12\/2026\/01\/Die-Geschichte-des-Prager-Jesuleins.jpeg","contentUrl":"https:\/\/blog.holyart.it\/de\/wp-content\/uploads\/sites\/12\/2026\/01\/Die-Geschichte-des-Prager-Jesuleins.jpeg","width":1000,"height":674,"caption":"Die Geschichte des Prager Jesuleins"},{"@type":"BreadcrumbList","@id":"https:\/\/blog.holyart.it\/de\/devotionalien\/die-geschichte-des-prager-jesuleins\/#breadcrumb","itemListElement":[{"@type":"ListItem","position":1,"name":"Homepage","item":"https:\/\/blog.holyart.it\/de\/"},{"@type":"ListItem","position":2,"name":"Religion","item":"https:\/\/blog.holyart.it\/de\/devotionalien\/"},{"@type":"ListItem","position":3,"name":"Die Geschichte des Prager Jesuleins"}]},{"@type":"WebSite","@id":"https:\/\/blog.holyart.it\/de\/#website","url":"https:\/\/blog.holyart.it\/de\/","name":"Holyart.de Blog","description":"Holyblog","publisher":{"@id":"https:\/\/blog.holyart.it\/de\/#organization"},"potentialAction":[{"@type":"SearchAction","target":{"@type":"EntryPoint","urlTemplate":"https:\/\/blog.holyart.it\/de\/?s={search_term_string}"},"query-input":{"@type":"PropertyValueSpecification","valueRequired":true,"valueName":"search_term_string"}}],"inLanguage":"de"},{"@type":"Organization","@id":"https:\/\/blog.holyart.it\/de\/#organization","name":"Holyart.de Blog","url":"https:\/\/blog.holyart.it\/de\/","logo":{"@type":"ImageObject","inLanguage":"de","@id":"https:\/\/blog.holyart.it\/de\/#\/schema\/logo\/image\/","url":"https:\/\/blog.holyart.it\/de\/wp-content\/uploads\/sites\/12\/2022\/12\/Holyart_Blog_Logo.jpg","contentUrl":"https:\/\/blog.holyart.it\/de\/wp-content\/uploads\/sites\/12\/2022\/12\/Holyart_Blog_Logo.jpg","width":300,"height":50,"caption":"Holyart.de Blog"},"image":{"@id":"https:\/\/blog.holyart.it\/de\/#\/schema\/logo\/image\/"}},{"@type":"Person","@id":"https:\/\/blog.holyart.it\/de\/#\/schema\/person\/0a7b686e5af0f856ec1e390dd0baecda","name":"Redazione","image":{"@type":"ImageObject","inLanguage":"de","@id":"https:\/\/blog.holyart.it\/de\/#\/schema\/person\/image\/","url":"https:\/\/secure.gravatar.com\/avatar\/f477da817f43e50d0af36abecd33e3edf826c68299714bdc1057dff3b113f516?s=96&d=mm&r=g","contentUrl":"https:\/\/secure.gravatar.com\/avatar\/f477da817f43e50d0af36abecd33e3edf826c68299714bdc1057dff3b113f516?s=96&d=mm&r=g","caption":"Redazione"}}]}},"_links":{"self":[{"href":"https:\/\/blog.holyart.it\/de\/wp-json\/wp\/v2\/posts\/7519","targetHints":{"allow":["GET"]}}],"collection":[{"href":"https:\/\/blog.holyart.it\/de\/wp-json\/wp\/v2\/posts"}],"about":[{"href":"https:\/\/blog.holyart.it\/de\/wp-json\/wp\/v2\/types\/post"}],"author":[{"embeddable":true,"href":"https:\/\/blog.holyart.it\/de\/wp-json\/wp\/v2\/users\/1"}],"replies":[{"embeddable":true,"href":"https:\/\/blog.holyart.it\/de\/wp-json\/wp\/v2\/comments?post=7519"}],"version-history":[{"count":3,"href":"https:\/\/blog.holyart.it\/de\/wp-json\/wp\/v2\/posts\/7519\/revisions"}],"predecessor-version":[{"id":7551,"href":"https:\/\/blog.holyart.it\/de\/wp-json\/wp\/v2\/posts\/7519\/revisions\/7551"}],"wp:featuredmedia":[{"embeddable":true,"href":"https:\/\/blog.holyart.it\/de\/wp-json\/wp\/v2\/media\/7520"}],"wp:attachment":[{"href":"https:\/\/blog.holyart.it\/de\/wp-json\/wp\/v2\/media?parent=7519"}],"wp:term":[{"taxonomy":"category","embeddable":true,"href":"https:\/\/blog.holyart.it\/de\/wp-json\/wp\/v2\/categories?post=7519"},{"taxonomy":"post_tag","embeddable":true,"href":"https:\/\/blog.holyart.it\/de\/wp-json\/wp\/v2\/tags?post=7519"}],"curies":[{"name":"wp","href":"https:\/\/api.w.org\/{rel}","templated":true}]}}