{"id":7496,"date":"2025-12-31T10:45:13","date_gmt":"2025-12-31T09:45:13","guid":{"rendered":"https:\/\/blog.holyart.it\/de\/?p=7496"},"modified":"2026-01-09T15:43:06","modified_gmt":"2026-01-09T14:43:06","slug":"gebet-fuer-den-frieden-lasst-uns-gemeinsam-fuer-eine-bessere-welt-beten","status":"publish","type":"post","link":"https:\/\/blog.holyart.it\/de\/devotionalien\/gebet-fuer-den-frieden-lasst-uns-gemeinsam-fuer-eine-bessere-welt-beten\/","title":{"rendered":"Gebet f\u00fcr den Frieden: Lasst uns gemeinsam f\u00fcr eine bessere Welt beten"},"content":{"rendered":"<h4>Seit jeher sucht die Menschheit im Gebet f\u00fcr den Frieden nach Worten, um die Hoffnung auf eine bessere Zukunft f\u00fcr alle Menschen, die in Liebe Br\u00fcder sind, zu verbreiten<\/h4>\n<p>Das <strong>Gebet f\u00fcr den Frieden<\/strong> ist ein kraftvoller <strong>Akt der Liebe, der Hoffnung und der Einheit<\/strong>, der die Barrieren menschlicher Unterschiede \u00fcberwindet und die Seelen in einem gemeinsamen Wunsch nach Harmonie und Gelassenheit in der Welt verbindet. Es ist ein universeller Ausdruck des Glaubens, <strong>ein Wunsch, den viele religi\u00f6se Traditionen teilen<\/strong>. Insbesondere im <strong>Christentum<\/strong> ist das Konzept des <strong>Lebens als Geschwister<\/strong> tief verwurzelt. Das Friedensgebet stellt f\u00fcr Christen den <a href=\"https:\/\/www.holyart.de\/blog\/devotionalien\/die-geschichte-jesu-die-wichtigsten-ereignisse-in-seinem-leben\/\"><strong>Wunsch dar, den Lehren Jesu Christi zu folgen<\/strong><\/a>, der N\u00e4chstenliebe, Mitgef\u00fchl und Verst\u00e4ndnis predigte. Sie beten daf\u00fcr, dass alle in Harmonie leben k\u00f6nnen, als Mitglieder einer gro\u00dfen menschlichen Familie, indem sie dem Vorbild der Liebe und Vergebung folgen, das Jesus hinterlassen hat.<\/p>\n<div class=\"link-article\">\n<p><img loading=\"lazy\" decoding=\"async\" class=\"size-full wp-image-7499 alignleft\" src=\"https:\/\/blog.holyart.it\/de\/wp-content\/uploads\/sites\/12\/2026\/01\/Die-Geschichte-Jesu-die-wichtigsten-Ereignisse-in-seinem-Leben-1.jpg\" alt=\"Die Geschichte Jesu die wichtigsten Ereignisse in seinem Leben\" width=\"150\" height=\"99\" data-kale-share-title=\"Gebet f\u00fcr den Frieden: Lasst uns gemeinsam f\u00fcr eine bessere Welt beten\" data-kale-share-url=\"https:\/\/blog.holyart.it\/de\/?p=7496\" \/><\/p>\n<div class=\"leggi-anche\">Lesen Sie auch:<\/div>\n<p><strong><a href=\"https:\/\/www.holyart.de\/blog\/devotionalien\/die-geschichte-jesu-die-wichtigsten-ereignisse-in-seinem-leben\/\">Die Geschichte Jesu: die wichtigsten Ereignisse in seinem Leben<\/a><\/strong><br \/>\nDie Geschichte Jesu, zwischen Evangelium, historischer Realit\u00e4t&#8230;<\/p>\n<\/div>\n<p>Auch in den <strong>Heiligen Schriften<\/strong>, insbesondere in den Evangelien, findet sich h\u00e4ufig der Aufruf zu Frieden und Einheit. Wir lesen zum Beispiel: <em>\u201eSelig sind, die Frieden stiften; denn sie werden Kinder Gottes genannt werden.\u201c<\/em> (Matth\u00e4us 5,9). Diese Passage unterstreicht, wie wichtig es ist, den Frieden zu suchen und aktive F\u00f6rderer von Harmonie und Einheit unter den Menschen zu sein. In der Bibel geht das Konzept des Friedens, im Hebr\u00e4ischen \u201eShalom\u201c, \u00fcber die Abwesenheit \u00e4u\u00dferer Konflikte hinaus. Es ist der Zustand der <strong>inneren Harmonie mit sich selbst, mit dem G\u00f6ttlichen und mit der Sch\u00f6pfung<\/strong>. Als solcher gilt der Friede als ein Geschenk Gottes, er erfordert aber auch unser <strong>pers\u00f6nliches Engagement<\/strong>.<\/p>\n<p>Doch wie wird man zum Friedensstifter? Die Anrufung des Friedens enth\u00e4lt eine implizite Aufforderung, <strong>Gleichg\u00fcltigkeit zu \u00fcberwinden<\/strong>, sich t\u00e4glich als F\u00f6rderer von Harmonie und Eintracht einzusetzen, durch eine st\u00e4ndige Arbeit an uns selbst, die es uns erm\u00f6glicht, <strong>diese Harmonie in der Welt zu verbreiten<\/strong>. Gef\u00fchle, Emotionen und Handlungen werden so zu Instrumenten, mit denen der gute Christ sich um andere k\u00fcmmert, den Egoismus und die Wunden, die er der Menschheit zuf\u00fcgt, bek\u00e4mpft und sich f\u00fcr einen Zusammenhalt einsetzt, <a href=\"https:\/\/www.holyart.de\/devotionalien\/kruzifixe-und-kreuze\/kruzifixe-und-kreuze-aus-holz\/friedenskreuz-modell-ambiente-grodner-schnitzerei-naturholz\"><strong>der auf die von Jesus geforderte Geschwisterlichkeit abzielt<\/strong><\/a>. Wer sich aktiv f\u00fcr den Frieden einsetzt, orientiert sich an Seinem Beispiel und folgt dem von Ihm vorgezeichneten Weg der Liebe und Vers\u00f6hnung.<\/p>\n<div class=\"link-product\">\n<div class=\"blocco-immagine\"><img loading=\"lazy\" decoding=\"async\" class=\"size-full wp-image-7506 alignleft\" src=\"https:\/\/blog.holyart.it\/de\/wp-content\/uploads\/sites\/12\/2026\/01\/kreuz-des-friedens-grodnertal-naturholz-ambiente-design.jpg\" alt=\"kreuz des friedens grodnertal naturholz ambiente design\" width=\"100\" height=\"100\" data-kale-share-title=\"Gebet f\u00fcr den Frieden: Lasst uns gemeinsam f\u00fcr eine bessere Welt beten\" data-kale-share-url=\"https:\/\/blog.holyart.it\/de\/?p=7496\" \/><\/div>\n<div class=\"blocco-contenuto\">\n<div class=\"blocco-acquista\">Einkaufen:<\/div>\n<div class=\"blocco-titolo\"><a href=\"https:\/\/www.holyart.de\/devotionalien\/kruzifixe-und-kreuze\/kruzifixe-und-kreuze-aus-holz\/friedenskreuz-modell-ambiente-grodner-schnitzerei-naturholz\">Friedenskreuz, Modell Ambiente, Gr\u00f6dner Schnitzerei, Naturholz<\/a><\/div>\n<div class=\"blocco-descrizione\">Ausf\u00fchrung in Naturholz: Diese stellt die einfache fertige Skulptur\/ein fertiges Objekt dar, ohne jegliche Oberfl\u00e4chenbehandlung, geeignet und empfohlen f\u00fcr diejenigen, die eine weitere Bearbeitung vornehmen m\u00f6chten.<\/div>\n<\/div>\n<\/div>\n<p>Das Friedensgebet ist somit ein Ausdruck des Wunsches, als Br\u00fcder und Schwestern in \u00dcbereinstimmung mit den <strong>christlichen Werten<\/strong> <strong>der Liebe, des Mitgef\u00fchls und der universellen Solidarit\u00e4t<\/strong> zu leben. Es ist ein Aufruf zum inneren Frieden und zur Pflege friedlicher und respektvoller Beziehungen zu allen, dem Vorbild der universellen Liebe Jesu Christi folgend. Die <strong>Suche nach Frieden<\/strong> hat die Menschheitsgeschichte stets durchzogen und die Menschen dazu gebracht, Wege zu finden, Konflikte, Spaltungen und Leid zu \u00fcberwinden. Das Gebet f\u00fcr den Frieden ist ein Mittel, um diese positive und konstruktive Energie auf die Erreichung einer harmonischeren Welt zu lenken.<\/p>\n<p>Die Gebete f\u00fcr den Frieden kennen <strong>keine kulturellen oder religi\u00f6sen Grenzen<\/strong>. Sie sind Worte der Hoffnung, des Mitgef\u00fchls und des Wunsches, die Menschen jenseits aller Unterschiede zu vereinen. Diese Gebete k\u00f6nnen <strong>einzeln<\/strong> oder <strong>gemeinsam<\/strong> gesprochen werden, in Gottesh\u00e4usern, Gemeinschaften oder einfach in der Stille des eigenen Herzens. Dar\u00fcber hinaus ist das Friedensgebet <strong>nicht auf religi\u00f6se Traditionen beschr\u00e4nkt<\/strong>. Auch diejenigen, die keiner spezifischen spirituellen Praxis folgen, k\u00f6nnen sich an Akten der Kontemplation, Meditation oder Reflexion beteiligen, die den inneren und kollektiven Frieden f\u00f6rdern.<\/p>\n<p>Das Friedensgebet geht \u00fcber Worte hinaus. Es ist ein <strong>Akt der Kontemplation, der Reflexion und der Verbindung mit Gott<\/strong>, aber auch mit der tiefsten Essenz der Menschheit \u2013 eine kraftvolle Art, Ereignisse, K\u00f6pfe und Herzen von Menschen auf der ganzen Welt positiv zu beeinflussen. Das Friedensgebet kann <strong>konkrete Handlungen in den Herzen inspirieren<\/strong>, die darauf abzielen, Verst\u00e4ndnis, Toleranz und die friedliche L\u00f6sung von Konflikten zu f\u00f6rdern. In Konflikt- und Spannungssituationen nimmt das Friedensgebet eine bedeutende Rolle bei der <strong>Heilung und Vers\u00f6hnung<\/strong> ein. Es bietet einen Raum der Besinnung, in dem die Menschen <strong>Unterschiede beiseitelegen und sich auf menschliche Gemeinsamkeiten konzentrieren<\/strong> k\u00f6nnen.<\/p>\n<p>Die Gebete f\u00fcr den Frieden k\u00f6nnen ein <strong>Katalysator f\u00fcr Vergebung und gegenseitiges Verst\u00e4ndnis<\/strong> sein. Durch diese Praxis k\u00f6nnen Gemeinschaften den Heilungsprozess von Wunden der Vergangenheit beginnen und den Weg f\u00fcr eine Zukunft ebnen, die auf Zusammenarbeit und friedlicher Koexistenz basiert.<\/p>\n<p>Im modernen Zeitalter, das durch eine <strong>zunehmende globale Vernetzung<\/strong> und beispiellose Herausforderungen gekennzeichnet ist, spielt das Gebet f\u00fcr den Frieden eine noch wichtigere Rolle. Durch moderne Technologien k\u00f6nnen sich Menschen virtuell im Gebet vereinen, physische und kulturelle Distanzen \u00fcberwinden, um eine friedlichere und solidarischere Welt zu f\u00f6rdern. In einer Welt, in der Frieden manchmal ein fernes Ziel erscheinen mag, erinnert uns <strong>das Gebet f\u00fcr den Frieden an die inh\u00e4rente Kraft, die in der Vereinigung unserer Absichten, Handlungen und Hoffnungen liegt<\/strong>, um eine Welt aufzubauen, in der der Frieden f\u00fcr alle Realit\u00e4t ist.<\/p>\n<h2>Friedensgebet von Papst Franziskus<\/h2>\n<p><em>\u201eUm Frieden zu schlie\u00dfen, braucht es Mut, viel mehr Mut als um Krieg zu f\u00fchren. Es braucht Mut, um Ja zur Begegnung und Nein zum Konflikt zu sagen; Ja zum Dialog und Nein zur Gewalt; Ja zur Verhandlung und Nein zu Feindseligkeiten; Ja zur Einhaltung von Vereinbarungen und Nein zu Provokationen; Ja zur Aufrichtigkeit und Nein zur Doppelz\u00fcngigkeit. F\u00fcr all das braucht es Mut, gro\u00dfe Seelenst\u00e4rke.\u201c<\/em><\/p>\n<p>So wandte sich <a href=\"https:\/\/holyart.de\/blog\/devotionalien\/die-schoensten-saetze-zum-frieden-von-papst-franziskus\/\"><strong>Papst Franziskus<\/strong><\/a> am Abend des 8. Juni 2014 in den Vatikanischen G\u00e4rten an den Pr\u00e4sidenten der Pal\u00e4stinensischen Autonomiebeh\u00f6rde, Mahmud Abbas (Abu Mazen), und den israelischen Pr\u00e4sidenten, Shimon Peres. Der Papst hatte dieses Treffen mit den beiden F\u00fchrern nach seinem k\u00fcrzlichen Besuch in Jordanien, Israel und den besetzten pal\u00e4stinensischen Gebieten nachdr\u00fccklich gew\u00fcnscht. An dem Treffen nahmen auch der Patriarch von Konstantinopel, Bartholom\u00e4us I., und der Kustos des Heiligen Landes, Pater Pierbattista Pizzaballa, teil.<\/p>\n<div class=\"link-article\">\n<p><img loading=\"lazy\" decoding=\"async\" class=\"size-full wp-image-7500 alignleft\" src=\"https:\/\/blog.holyart.it\/de\/wp-content\/uploads\/sites\/12\/2026\/01\/Satze-zum-Frieden.jpg\" alt=\"Satze zum Frieden\" width=\"150\" height=\"99\" data-kale-share-title=\"Gebet f\u00fcr den Frieden: Lasst uns gemeinsam f\u00fcr eine bessere Welt beten\" data-kale-share-url=\"https:\/\/blog.holyart.it\/de\/?p=7496\" \/><\/p>\n<div class=\"leggi-anche\">Lesen Sie auch:<\/div>\n<p><strong><a href=\"https:\/\/www.holyart.de\/blog\/devotionalien\/die-schoensten-saetze-zum-frieden-von-papst-franziskus\/\">Die sch\u00f6nsten S\u00e4tze zum Frieden von Papst Franziskus<\/a><\/strong><br \/>\nIn diesem besonderen und dramatischen historischen Moment sind die Worte von Papst Franziskus zum&#8230;<\/p>\n<\/div>\n<p>In diesem historischen Moment halten wir es mehr denn je f\u00fcr unsere Pflicht, jene Worte in Erinnerung zu rufen, jenen Appell, den der Heilige Vater mit einem besonderen Friedensgebet begleitete und damit ein historisches, beispielloses Kapitel schrieb. Hier ist das Gebet von Papst Franziskus an jenem denkw\u00fcrdigen Tag:<\/p>\n<p><em>Herr, Gott des Friedens, erh\u00f6re unser Flehen!<\/em><\/p>\n<p><em>Wir haben so oft und so viele Jahre lang versucht, unsere Konflikte mit unseren eigenen Kr\u00e4ften und auch mit unseren Waffen zu l\u00f6sen; so viele Momente der Feindseligkeit und der Dunkelheit; so viel vergossenes Blut; so viele zerbrochene Leben; so viele begrabene Hoffnungen&#8230; Aber unsere Anstrengungen waren vergeblich.<\/em><\/p>\n<p><em>Jetzt, Herr, hilf Du uns! Schenke Du uns den Frieden, lehre Du uns den Frieden, f\u00fchre Du uns zum Frieden. \u00d6ffne unsere Augen und unsere Herzen und schenke uns den Mut zu sagen: \u201eNie wieder Krieg!\u201c; \u201eIm Krieg wird alles zerst\u00f6rt!\u201c Fl\u00f6\u00dfe uns den Mut ein, konkrete Schritte zu unternehmen, um den Frieden aufzubauen.<\/em><\/p>\n<p><em>Herr, Gott Abrahams und der Propheten, Du liebender Gott, der Du uns erschaffen hast und uns rufst, als Geschwister zu leben, schenke uns die Kraft, jeden Tag Handwerker des Friedens zu sein; schenke uns die F\u00e4higkeit, alle Br\u00fcder und Schwestern, denen wir auf unserem Weg begegnen, wohlwollend anzusehen.<\/em><\/p>\n<p><em>Mache uns bereit, den Schrei unserer B\u00fcrger zu h\u00f6ren, die uns bitten, unsere Waffen in Werkzeuge des Friedens, unsere \u00c4ngste in Vertrauen und unsere Spannungen in Vergebung zu verwandeln.<\/em><\/p>\n<p><em>Halte in uns die Flamme der Hoffnung am Brennen, damit wir in geduldiger Beharrlichkeit Entscheidungen f\u00fcr den Dialog und die Vers\u00f6hnung treffen, auf dass der Frieden endlich siege. Und dass aus dem Herzen eines jeden Menschen diese Worte verbannt werden: Spaltung, Hass, Krieg!<\/em><\/p>\n<p><em>Herr, entwaffne unsere Zunge und unsere H\u00e4nde, erneuere unsere Herzen und unseren Geist, damit das Wort, das uns zusammenf\u00fchrt, immer \u201eBruder\u201c sei und der Stil unseres Lebens werde: Shalom, Friede, Salam! Amen.<\/em><\/p>\n<h2>Friedensgebet von Mutter Teresa von Kalkutta<\/h2>\n<p>Die Friedensgebete von <strong>Mutter Teresa von Kalkutta<\/strong>, <strong><a href=\"https:\/\/www.holyart.de\/blog\/devotionalien\/der-friedensnobelpreis-fuer-eine-christliche-heilige\/\">Friedensnobelpreistr\u00e4gerin 1979<\/a><\/strong>, spiegeln ihr umfassendes Engagement wider, menschliches Leid zu lindern und bedingungslose Liebe in der Welt zu verbreiten. Ihr Leben selbst war ein <strong>lebendiger Ausdruck des Gebets<\/strong>, doch die Heilige teilte auch viele Gebete, die eine leidenschaftliche Bitte an Gott darstellten, Frieden, Trost und Hoffnung in eine Welt zu bringen, die von Armut, Krankheit, Krieg und sozialer Isolation geplagt ist. Ihre grundlegende Botschaft war es, <strong>Frieden durch Liebe und Dienst an anderen zu bringen<\/strong>, insbesondere an den bed\u00fcrftigsten und vergessenen Menschen der Gesellschaft.<\/p>\n<div class=\"link-article\">\n<p><img loading=\"lazy\" decoding=\"async\" class=\"size-full wp-image-7501 alignleft\" src=\"https:\/\/blog.holyart.it\/de\/wp-content\/uploads\/sites\/12\/2026\/01\/madre-teresa.jpg\" alt=\"madre teresa\" width=\"150\" height=\"99\" data-kale-share-title=\"Gebet f\u00fcr den Frieden: Lasst uns gemeinsam f\u00fcr eine bessere Welt beten\" data-kale-share-url=\"https:\/\/blog.holyart.it\/de\/?p=7496\" \/><\/p>\n<div class=\"leggi-anche\">Lesen Sie auch:<\/div>\n<p><strong><a href=\"https:\/\/www.holyart.de\/blog\/devotionalien\/der-friedensnobelpreis-fuer-eine-christliche-heilige\/\">Der Friedensnobelpreis f\u00fcr eine christliche Heilige<\/a><\/strong><br \/>\nMutter Teresa von Kalkutta, die Friedensnobelpreistr\u00e4gerin, ist unter den modernen Heiligen diejenige&#8230;<\/p>\n<\/div>\n<p>Mutter Teresa lehrte, dass der Frieden mit <strong>kleinen Gesten der Freundlichkeit, des Mitgef\u00fchls und des Teilens<\/strong> beginnt. Ihre Gebete f\u00fcr den Frieden waren nicht nur ein Ruf an Gott, sondern auch eine Aufforderung an uns alle, Werkzeuge des Friedens zu werden, ausgehend von unseren t\u00e4glichen Handlungen.<\/p>\n<p><em>Die Werke der Liebe <\/em><\/p>\n<p><em>sind immer Werke des Friedens. <\/em><\/p>\n<p><em>Jedes Mal, wenn du deine Liebe <\/em><\/p>\n<p><em>mit anderen teilst, <\/em><\/p>\n<p><em>wirst du den Frieden bemerken, <\/em><\/p>\n<p><em>der zu dir und zu ihnen kommt. <\/em><\/p>\n<p><em>Wo Frieden ist, ist Gott, s<\/em><\/p>\n<p><em>o gie\u00dft Gott Frieden und Freude <\/em><\/p>\n<p><em>in unsere Herzen.<\/em><\/p>\n<p>Ein weiteres Gebet von Mutter Teresa kn\u00fcpft an die Friedensanrufung des <a href=\"https:\/\/www.holyart.de\/besondere-anlasse\/heiliger-franziskus-von-assisi\"><strong>Heiligen Franz von Assisi<\/strong><\/a><\/p>\n<p><em>Das Friedensgebet (nach dem Gebet des Heiligen Franziskus von Assisi)<\/em><\/p>\n<p><em>\u00a0<\/em><\/p>\n<p><em>Oh, Herr, mach mich zu einem Werkzeug deines Friedens;<\/em><\/p>\n<p><em>Wo Hass ist, lass mich Liebe bringen. <\/em><\/p>\n<p><em>Wo Beleidigung ist, lass mich Vergebung bringen. <\/em><\/p>\n<p><em>Wo Zwietracht ist, lass mich Einheit bringen. <\/em><\/p>\n<p><em>Wo Zweifel ist, lass mich den Glauben bringen. <\/em><\/p>\n<p><em>Wo Irrtum ist, lass mich die Wahrheit bringen. <\/em><\/p>\n<p><em>Wo Verzweiflung ist, lass mich Hoffnung bringen. <\/em><\/p>\n<p><em>Wo Traurigkeit ist, lass mich Freude bringen. <\/em><\/p>\n<p><em>Wo Finsternis ist, lass mich Licht bringen.<\/em><\/p>\n<p><em>\u00a0<\/em><\/p>\n<p><em>O Meister, <\/em><\/p>\n<p><em>lass mich nicht so sehr danach suchen, getr\u00f6stet zu werden, sondern zu tr\u00f6sten. <\/em><\/p>\n<p><em>Verstanden zu werden, sondern zu verstehen. <\/em><\/p>\n<p><em>Geliebt zu werden, sondern zu lieben.<\/em><\/p>\n<div class=\"link-product\">\n<div class=\"blocco-immagine\"><img loading=\"lazy\" decoding=\"async\" class=\"size-full wp-image-7502 alignleft\" src=\"https:\/\/blog.holyart.it\/de\/wp-content\/uploads\/sites\/12\/2026\/01\/statue-aus-harz-heiliger-franz-mit-tieren-10x10x5-cm.jpg\" alt=\"statue aus harz heiliger franz mit tieren 10x10x5 cm\" width=\"100\" height=\"100\" data-kale-share-title=\"Gebet f\u00fcr den Frieden: Lasst uns gemeinsam f\u00fcr eine bessere Welt beten\" data-kale-share-url=\"https:\/\/blog.holyart.it\/de\/?p=7496\" \/><\/div>\n<div class=\"blocco-contenuto\">\n<div class=\"blocco-acquista\">Einkaufen:<\/div>\n<div class=\"blocco-titolo\"><a href=\"https:\/\/www.holyart.de\/besondere-anlasse\/heiliger-franziskus-von-assisi\">Heiliger Franziskus von Assisi<\/a><\/div>\n<div class=\"blocco-descrizione\">Im Hinblick auf das Jahr 2026, das dem heiligen Franziskus gewidmet ist \u2013 anl\u00e4sslich des 800.<\/div>\n<\/div>\n<\/div>\n<p>Hier lebt es in den Worten der Heiligen Teresa von Kalkutta wieder auf:<\/p>\n<p><em>O Herr, <\/em><\/p>\n<p><em>es herrscht ein Krieg <\/em><\/p>\n<p><em>und mir fehlen die Worte.<\/em><\/p>\n<p><em>Alles, was ich tun kann, ist,<\/em><\/p>\n<p><em>die Worte des Franz von Assisi <\/em><\/p>\n<p><em>zu verwenden.<\/em><\/p>\n<p><em>Und w\u00e4hrend ich dieses alte Gebet bete, <\/em><\/p>\n<p><em>wei\u00df ich, <\/em><\/p>\n<p><em>dass Du den Krieg wieder <\/em><\/p>\n<p><em>in Frieden und den Hass <\/em><\/p>\n<p><em>in Liebe verwandeln wirst.<\/em><\/p>\n<p><em>Schenke uns den Frieden, <\/em><\/p>\n<p><em>o Herr, <\/em><\/p>\n<p><em>und mache die Waffen nutzlos in dieser wunderbaren Welt.<\/em><\/p>\n<p><em>Amen.<\/em><\/p>\n<p>Eine weitere Anrufung von <a href=\"https:\/\/www.holyart.de\/devotionalien\/statuen\/statuen-aus-bemalten-holz\/statue-mutter-teresa-bemalten-grodnertal-holz\"><strong>Mutter Teresa von Kalkutta<\/strong><\/a> an Gott, damit Er sie zu einem Werkzeug des Friedens und der Liebe mache:<\/p>\n<p><em>F\u00fchre mich vom Tod zum Leben, von der L\u00fcge zur Wahrheit.<\/em><\/p>\n<p><em>F\u00fchre mich von der Verzweiflung zur Hoffnung, <\/em><\/p>\n<p><em>von der Angst zur Wahrheit.<\/em><\/p>\n<p><em>F\u00fchre mich vom Hass zur Liebe, <\/em><\/p>\n<p><em>vom Krieg zum Frieden.<\/em><\/p>\n<p><em>Lass den Frieden unsere Herzen erf\u00fcllen, <\/em><\/p>\n<p><em>unsere Welt, unser Universum.<\/em><\/p>\n<div class=\"link-product\">\n<div class=\"blocco-immagine\"><img loading=\"lazy\" decoding=\"async\" class=\"size-full wp-image-7503 alignleft\" src=\"https:\/\/blog.holyart.it\/de\/wp-content\/uploads\/sites\/12\/2026\/01\/statue-mutter-teresa-bemalten-grodnertal-holz.jpg\" alt=\"statue mutter teresa bemalten grodnertal holz\" width=\"100\" height=\"100\" data-kale-share-title=\"Gebet f\u00fcr den Frieden: Lasst uns gemeinsam f\u00fcr eine bessere Welt beten\" data-kale-share-url=\"https:\/\/blog.holyart.it\/de\/?p=7496\" \/><\/div>\n<div class=\"blocco-contenuto\">\n<div class=\"blocco-acquista\">Einkaufen:<\/div>\n<div class=\"blocco-titolo\"><a href=\"https:\/\/www.holyart.de\/devotionalien\/statuen\/statuen-aus-bemalten-holz\/statue-mutter-teresa-bemalten-grodnertal-holz\">Statue Mutter Teresa bemalten Gr\u00f6dnertal Holz<\/a><\/div>\n<div class=\"blocco-descrizione\">Statue der heiligen Mutter Teresa von Calcutta realisiert aus Gr\u00f6dnertal Holz und handbemalt.<\/div>\n<\/div>\n<\/div>\n","protected":false},"excerpt":{"rendered":"<p>Seit jeher sucht die Menschheit im Gebet f\u00fcr den Frieden nach Worten, um die Hoffnung auf eine bessere Zukunft f\u00fcr alle Menschen, die in Liebe Br\u00fcder sind, zu verbreiten Das Gebet f\u00fcr den Frieden ist ein kraftvoller Akt der Liebe, der Hoffnung und der Einheit,&hellip;<\/p>\n","protected":false},"author":1,"featured_media":7498,"comment_status":"closed","ping_status":"open","sticky":false,"template":"","format":"standard","meta":{"_acf_changed":false,"footnotes":""},"categories":[10],"tags":[],"class_list":["post-7496","post","type-post","status-publish","format-standard","has-post-thumbnail","hentry","category-devotionalien"],"acf":[],"yoast_head":"<!-- This site is optimized with the Yoast SEO plugin v26.6 - https:\/\/yoast.com\/wordpress\/plugins\/seo\/ -->\n<title>Gebet f\u00fcr den Frieden: Lasst uns gemeinsam f\u00fcr eine bessere Welt beten - Holyart.de Blog<\/title>\n<meta name=\"description\" content=\"Das Friedensgebet ist ein Werkzeug f\u00fcr geistiges Wachstum und die Verpflichtung, Harmonie und Liebe in die Welt zu bringen.\" \/>\n<meta name=\"robots\" content=\"index, follow, max-snippet:-1, max-image-preview:large, max-video-preview:-1\" \/>\n<link rel=\"canonical\" href=\"https:\/\/blog.holyart.it\/de\/devotionalien\/gebet-fuer-den-frieden-lasst-uns-gemeinsam-fuer-eine-bessere-welt-beten\/\" \/>\n<meta property=\"og:locale\" content=\"de_DE\" \/>\n<meta property=\"og:type\" content=\"article\" \/>\n<meta property=\"og:title\" content=\"Gebet f\u00fcr den Frieden: Lasst uns gemeinsam f\u00fcr eine bessere Welt beten - Holyart.de Blog\" \/>\n<meta property=\"og:description\" content=\"Das Friedensgebet ist ein Werkzeug f\u00fcr geistiges Wachstum und die Verpflichtung, Harmonie und Liebe in die Welt zu bringen.\" \/>\n<meta property=\"og:url\" content=\"https:\/\/blog.holyart.it\/de\/devotionalien\/gebet-fuer-den-frieden-lasst-uns-gemeinsam-fuer-eine-bessere-welt-beten\/\" \/>\n<meta property=\"og:site_name\" content=\"Holyart.de Blog\" \/>\n<meta property=\"article:published_time\" content=\"2025-12-31T09:45:13+00:00\" \/>\n<meta property=\"article:modified_time\" content=\"2026-01-09T14:43:06+00:00\" \/>\n<meta property=\"og:image\" content=\"https:\/\/blog.holyart.it\/de\/wp-content\/uploads\/sites\/12\/2026\/01\/Gebet-fur-den-Frieden.jpeg\" \/>\n\t<meta property=\"og:image:width\" content=\"1000\" \/>\n\t<meta property=\"og:image:height\" content=\"666\" \/>\n\t<meta property=\"og:image:type\" content=\"image\/jpeg\" \/>\n<meta name=\"author\" content=\"Redazione\" \/>\n<meta name=\"twitter:card\" content=\"summary_large_image\" \/>\n<meta name=\"twitter:label1\" content=\"Verfasst von\" \/>\n\t<meta name=\"twitter:data1\" content=\"Redazione\" \/>\n\t<meta name=\"twitter:label2\" content=\"Gesch\u00e4tzte Lesezeit\" \/>\n\t<meta name=\"twitter:data2\" content=\"12\u00a0Minuten\" \/>\n<script type=\"application\/ld+json\" class=\"yoast-schema-graph\">{\"@context\":\"https:\/\/schema.org\",\"@graph\":[{\"@type\":\"Article\",\"@id\":\"https:\/\/blog.holyart.it\/de\/devotionalien\/gebet-fuer-den-frieden-lasst-uns-gemeinsam-fuer-eine-bessere-welt-beten\/#article\",\"isPartOf\":{\"@id\":\"https:\/\/blog.holyart.it\/de\/devotionalien\/gebet-fuer-den-frieden-lasst-uns-gemeinsam-fuer-eine-bessere-welt-beten\/\"},\"author\":{\"name\":\"Redazione\",\"@id\":\"https:\/\/blog.holyart.it\/de\/#\/schema\/person\/0a7b686e5af0f856ec1e390dd0baecda\"},\"headline\":\"Gebet f\u00fcr den Frieden: Lasst uns gemeinsam f\u00fcr eine bessere Welt beten\",\"datePublished\":\"2025-12-31T09:45:13+00:00\",\"dateModified\":\"2026-01-09T14:43:06+00:00\",\"mainEntityOfPage\":{\"@id\":\"https:\/\/blog.holyart.it\/de\/devotionalien\/gebet-fuer-den-frieden-lasst-uns-gemeinsam-fuer-eine-bessere-welt-beten\/\"},\"wordCount\":1946,\"publisher\":{\"@id\":\"https:\/\/blog.holyart.it\/de\/#organization\"},\"image\":{\"@id\":\"https:\/\/blog.holyart.it\/de\/devotionalien\/gebet-fuer-den-frieden-lasst-uns-gemeinsam-fuer-eine-bessere-welt-beten\/#primaryimage\"},\"thumbnailUrl\":\"https:\/\/blog.holyart.it\/de\/wp-content\/uploads\/sites\/12\/2026\/01\/Gebet-fur-den-Frieden.jpeg\",\"articleSection\":[\"Religion\"],\"inLanguage\":\"de\"},{\"@type\":\"WebPage\",\"@id\":\"https:\/\/blog.holyart.it\/de\/devotionalien\/gebet-fuer-den-frieden-lasst-uns-gemeinsam-fuer-eine-bessere-welt-beten\/\",\"url\":\"https:\/\/blog.holyart.it\/de\/devotionalien\/gebet-fuer-den-frieden-lasst-uns-gemeinsam-fuer-eine-bessere-welt-beten\/\",\"name\":\"Gebet f\u00fcr den Frieden: Lasst uns gemeinsam f\u00fcr eine bessere Welt beten - Holyart.de Blog\",\"isPartOf\":{\"@id\":\"https:\/\/blog.holyart.it\/de\/#website\"},\"primaryImageOfPage\":{\"@id\":\"https:\/\/blog.holyart.it\/de\/devotionalien\/gebet-fuer-den-frieden-lasst-uns-gemeinsam-fuer-eine-bessere-welt-beten\/#primaryimage\"},\"image\":{\"@id\":\"https:\/\/blog.holyart.it\/de\/devotionalien\/gebet-fuer-den-frieden-lasst-uns-gemeinsam-fuer-eine-bessere-welt-beten\/#primaryimage\"},\"thumbnailUrl\":\"https:\/\/blog.holyart.it\/de\/wp-content\/uploads\/sites\/12\/2026\/01\/Gebet-fur-den-Frieden.jpeg\",\"datePublished\":\"2025-12-31T09:45:13+00:00\",\"dateModified\":\"2026-01-09T14:43:06+00:00\",\"description\":\"Das Friedensgebet ist ein Werkzeug f\u00fcr geistiges Wachstum und die Verpflichtung, Harmonie und Liebe in die Welt zu bringen.\",\"breadcrumb\":{\"@id\":\"https:\/\/blog.holyart.it\/de\/devotionalien\/gebet-fuer-den-frieden-lasst-uns-gemeinsam-fuer-eine-bessere-welt-beten\/#breadcrumb\"},\"inLanguage\":\"de\",\"potentialAction\":[{\"@type\":\"ReadAction\",\"target\":[\"https:\/\/blog.holyart.it\/de\/devotionalien\/gebet-fuer-den-frieden-lasst-uns-gemeinsam-fuer-eine-bessere-welt-beten\/\"]}]},{\"@type\":\"ImageObject\",\"inLanguage\":\"de\",\"@id\":\"https:\/\/blog.holyart.it\/de\/devotionalien\/gebet-fuer-den-frieden-lasst-uns-gemeinsam-fuer-eine-bessere-welt-beten\/#primaryimage\",\"url\":\"https:\/\/blog.holyart.it\/de\/wp-content\/uploads\/sites\/12\/2026\/01\/Gebet-fur-den-Frieden.jpeg\",\"contentUrl\":\"https:\/\/blog.holyart.it\/de\/wp-content\/uploads\/sites\/12\/2026\/01\/Gebet-fur-den-Frieden.jpeg\",\"width\":1000,\"height\":666,\"caption\":\"Gebet f\u00fcr den Frieden\"},{\"@type\":\"BreadcrumbList\",\"@id\":\"https:\/\/blog.holyart.it\/de\/devotionalien\/gebet-fuer-den-frieden-lasst-uns-gemeinsam-fuer-eine-bessere-welt-beten\/#breadcrumb\",\"itemListElement\":[{\"@type\":\"ListItem\",\"position\":1,\"name\":\"Homepage\",\"item\":\"https:\/\/blog.holyart.it\/de\/\"},{\"@type\":\"ListItem\",\"position\":2,\"name\":\"Religion\",\"item\":\"https:\/\/blog.holyart.it\/de\/devotionalien\/\"},{\"@type\":\"ListItem\",\"position\":3,\"name\":\"Gebet f\u00fcr den Frieden: Lasst uns gemeinsam f\u00fcr eine bessere Welt beten\"}]},{\"@type\":\"WebSite\",\"@id\":\"https:\/\/blog.holyart.it\/de\/#website\",\"url\":\"https:\/\/blog.holyart.it\/de\/\",\"name\":\"Holyart.de Blog\",\"description\":\"Holyblog\",\"publisher\":{\"@id\":\"https:\/\/blog.holyart.it\/de\/#organization\"},\"potentialAction\":[{\"@type\":\"SearchAction\",\"target\":{\"@type\":\"EntryPoint\",\"urlTemplate\":\"https:\/\/blog.holyart.it\/de\/?s={search_term_string}\"},\"query-input\":{\"@type\":\"PropertyValueSpecification\",\"valueRequired\":true,\"valueName\":\"search_term_string\"}}],\"inLanguage\":\"de\"},{\"@type\":\"Organization\",\"@id\":\"https:\/\/blog.holyart.it\/de\/#organization\",\"name\":\"Holyart.de Blog\",\"url\":\"https:\/\/blog.holyart.it\/de\/\",\"logo\":{\"@type\":\"ImageObject\",\"inLanguage\":\"de\",\"@id\":\"https:\/\/blog.holyart.it\/de\/#\/schema\/logo\/image\/\",\"url\":\"https:\/\/blog.holyart.it\/de\/wp-content\/uploads\/sites\/12\/2022\/12\/Holyart_Blog_Logo.jpg\",\"contentUrl\":\"https:\/\/blog.holyart.it\/de\/wp-content\/uploads\/sites\/12\/2022\/12\/Holyart_Blog_Logo.jpg\",\"width\":300,\"height\":50,\"caption\":\"Holyart.de Blog\"},\"image\":{\"@id\":\"https:\/\/blog.holyart.it\/de\/#\/schema\/logo\/image\/\"}},{\"@type\":\"Person\",\"@id\":\"https:\/\/blog.holyart.it\/de\/#\/schema\/person\/0a7b686e5af0f856ec1e390dd0baecda\",\"name\":\"Redazione\",\"image\":{\"@type\":\"ImageObject\",\"inLanguage\":\"de\",\"@id\":\"https:\/\/blog.holyart.it\/de\/#\/schema\/person\/image\/\",\"url\":\"https:\/\/secure.gravatar.com\/avatar\/f477da817f43e50d0af36abecd33e3edf826c68299714bdc1057dff3b113f516?s=96&d=mm&r=g\",\"contentUrl\":\"https:\/\/secure.gravatar.com\/avatar\/f477da817f43e50d0af36abecd33e3edf826c68299714bdc1057dff3b113f516?s=96&d=mm&r=g\",\"caption\":\"Redazione\"}}]}<\/script>\n<!-- \/ Yoast SEO plugin. -->","yoast_head_json":{"title":"Gebet f\u00fcr den Frieden: Lasst uns gemeinsam f\u00fcr eine bessere Welt beten - Holyart.de Blog","description":"Das Friedensgebet ist ein Werkzeug f\u00fcr geistiges Wachstum und die Verpflichtung, Harmonie und Liebe in die Welt zu bringen.","robots":{"index":"index","follow":"follow","max-snippet":"max-snippet:-1","max-image-preview":"max-image-preview:large","max-video-preview":"max-video-preview:-1"},"canonical":"https:\/\/blog.holyart.it\/de\/devotionalien\/gebet-fuer-den-frieden-lasst-uns-gemeinsam-fuer-eine-bessere-welt-beten\/","og_locale":"de_DE","og_type":"article","og_title":"Gebet f\u00fcr den Frieden: Lasst uns gemeinsam f\u00fcr eine bessere Welt beten - Holyart.de Blog","og_description":"Das Friedensgebet ist ein Werkzeug f\u00fcr geistiges Wachstum und die Verpflichtung, Harmonie und Liebe in die Welt zu bringen.","og_url":"https:\/\/blog.holyart.it\/de\/devotionalien\/gebet-fuer-den-frieden-lasst-uns-gemeinsam-fuer-eine-bessere-welt-beten\/","og_site_name":"Holyart.de Blog","article_published_time":"2025-12-31T09:45:13+00:00","article_modified_time":"2026-01-09T14:43:06+00:00","og_image":[{"width":1000,"height":666,"url":"https:\/\/blog.holyart.it\/de\/wp-content\/uploads\/sites\/12\/2026\/01\/Gebet-fur-den-Frieden.jpeg","type":"image\/jpeg"}],"author":"Redazione","twitter_card":"summary_large_image","twitter_misc":{"Verfasst von":"Redazione","Gesch\u00e4tzte Lesezeit":"12\u00a0Minuten"},"schema":{"@context":"https:\/\/schema.org","@graph":[{"@type":"Article","@id":"https:\/\/blog.holyart.it\/de\/devotionalien\/gebet-fuer-den-frieden-lasst-uns-gemeinsam-fuer-eine-bessere-welt-beten\/#article","isPartOf":{"@id":"https:\/\/blog.holyart.it\/de\/devotionalien\/gebet-fuer-den-frieden-lasst-uns-gemeinsam-fuer-eine-bessere-welt-beten\/"},"author":{"name":"Redazione","@id":"https:\/\/blog.holyart.it\/de\/#\/schema\/person\/0a7b686e5af0f856ec1e390dd0baecda"},"headline":"Gebet f\u00fcr den Frieden: Lasst uns gemeinsam f\u00fcr eine bessere Welt beten","datePublished":"2025-12-31T09:45:13+00:00","dateModified":"2026-01-09T14:43:06+00:00","mainEntityOfPage":{"@id":"https:\/\/blog.holyart.it\/de\/devotionalien\/gebet-fuer-den-frieden-lasst-uns-gemeinsam-fuer-eine-bessere-welt-beten\/"},"wordCount":1946,"publisher":{"@id":"https:\/\/blog.holyart.it\/de\/#organization"},"image":{"@id":"https:\/\/blog.holyart.it\/de\/devotionalien\/gebet-fuer-den-frieden-lasst-uns-gemeinsam-fuer-eine-bessere-welt-beten\/#primaryimage"},"thumbnailUrl":"https:\/\/blog.holyart.it\/de\/wp-content\/uploads\/sites\/12\/2026\/01\/Gebet-fur-den-Frieden.jpeg","articleSection":["Religion"],"inLanguage":"de"},{"@type":"WebPage","@id":"https:\/\/blog.holyart.it\/de\/devotionalien\/gebet-fuer-den-frieden-lasst-uns-gemeinsam-fuer-eine-bessere-welt-beten\/","url":"https:\/\/blog.holyart.it\/de\/devotionalien\/gebet-fuer-den-frieden-lasst-uns-gemeinsam-fuer-eine-bessere-welt-beten\/","name":"Gebet f\u00fcr den Frieden: Lasst uns gemeinsam f\u00fcr eine bessere Welt beten - Holyart.de Blog","isPartOf":{"@id":"https:\/\/blog.holyart.it\/de\/#website"},"primaryImageOfPage":{"@id":"https:\/\/blog.holyart.it\/de\/devotionalien\/gebet-fuer-den-frieden-lasst-uns-gemeinsam-fuer-eine-bessere-welt-beten\/#primaryimage"},"image":{"@id":"https:\/\/blog.holyart.it\/de\/devotionalien\/gebet-fuer-den-frieden-lasst-uns-gemeinsam-fuer-eine-bessere-welt-beten\/#primaryimage"},"thumbnailUrl":"https:\/\/blog.holyart.it\/de\/wp-content\/uploads\/sites\/12\/2026\/01\/Gebet-fur-den-Frieden.jpeg","datePublished":"2025-12-31T09:45:13+00:00","dateModified":"2026-01-09T14:43:06+00:00","description":"Das Friedensgebet ist ein Werkzeug f\u00fcr geistiges Wachstum und die Verpflichtung, Harmonie und Liebe in die Welt zu bringen.","breadcrumb":{"@id":"https:\/\/blog.holyart.it\/de\/devotionalien\/gebet-fuer-den-frieden-lasst-uns-gemeinsam-fuer-eine-bessere-welt-beten\/#breadcrumb"},"inLanguage":"de","potentialAction":[{"@type":"ReadAction","target":["https:\/\/blog.holyart.it\/de\/devotionalien\/gebet-fuer-den-frieden-lasst-uns-gemeinsam-fuer-eine-bessere-welt-beten\/"]}]},{"@type":"ImageObject","inLanguage":"de","@id":"https:\/\/blog.holyart.it\/de\/devotionalien\/gebet-fuer-den-frieden-lasst-uns-gemeinsam-fuer-eine-bessere-welt-beten\/#primaryimage","url":"https:\/\/blog.holyart.it\/de\/wp-content\/uploads\/sites\/12\/2026\/01\/Gebet-fur-den-Frieden.jpeg","contentUrl":"https:\/\/blog.holyart.it\/de\/wp-content\/uploads\/sites\/12\/2026\/01\/Gebet-fur-den-Frieden.jpeg","width":1000,"height":666,"caption":"Gebet f\u00fcr den Frieden"},{"@type":"BreadcrumbList","@id":"https:\/\/blog.holyart.it\/de\/devotionalien\/gebet-fuer-den-frieden-lasst-uns-gemeinsam-fuer-eine-bessere-welt-beten\/#breadcrumb","itemListElement":[{"@type":"ListItem","position":1,"name":"Homepage","item":"https:\/\/blog.holyart.it\/de\/"},{"@type":"ListItem","position":2,"name":"Religion","item":"https:\/\/blog.holyart.it\/de\/devotionalien\/"},{"@type":"ListItem","position":3,"name":"Gebet f\u00fcr den Frieden: Lasst uns gemeinsam f\u00fcr eine bessere Welt beten"}]},{"@type":"WebSite","@id":"https:\/\/blog.holyart.it\/de\/#website","url":"https:\/\/blog.holyart.it\/de\/","name":"Holyart.de Blog","description":"Holyblog","publisher":{"@id":"https:\/\/blog.holyart.it\/de\/#organization"},"potentialAction":[{"@type":"SearchAction","target":{"@type":"EntryPoint","urlTemplate":"https:\/\/blog.holyart.it\/de\/?s={search_term_string}"},"query-input":{"@type":"PropertyValueSpecification","valueRequired":true,"valueName":"search_term_string"}}],"inLanguage":"de"},{"@type":"Organization","@id":"https:\/\/blog.holyart.it\/de\/#organization","name":"Holyart.de Blog","url":"https:\/\/blog.holyart.it\/de\/","logo":{"@type":"ImageObject","inLanguage":"de","@id":"https:\/\/blog.holyart.it\/de\/#\/schema\/logo\/image\/","url":"https:\/\/blog.holyart.it\/de\/wp-content\/uploads\/sites\/12\/2022\/12\/Holyart_Blog_Logo.jpg","contentUrl":"https:\/\/blog.holyart.it\/de\/wp-content\/uploads\/sites\/12\/2022\/12\/Holyart_Blog_Logo.jpg","width":300,"height":50,"caption":"Holyart.de Blog"},"image":{"@id":"https:\/\/blog.holyart.it\/de\/#\/schema\/logo\/image\/"}},{"@type":"Person","@id":"https:\/\/blog.holyart.it\/de\/#\/schema\/person\/0a7b686e5af0f856ec1e390dd0baecda","name":"Redazione","image":{"@type":"ImageObject","inLanguage":"de","@id":"https:\/\/blog.holyart.it\/de\/#\/schema\/person\/image\/","url":"https:\/\/secure.gravatar.com\/avatar\/f477da817f43e50d0af36abecd33e3edf826c68299714bdc1057dff3b113f516?s=96&d=mm&r=g","contentUrl":"https:\/\/secure.gravatar.com\/avatar\/f477da817f43e50d0af36abecd33e3edf826c68299714bdc1057dff3b113f516?s=96&d=mm&r=g","caption":"Redazione"}}]}},"_links":{"self":[{"href":"https:\/\/blog.holyart.it\/de\/wp-json\/wp\/v2\/posts\/7496","targetHints":{"allow":["GET"]}}],"collection":[{"href":"https:\/\/blog.holyart.it\/de\/wp-json\/wp\/v2\/posts"}],"about":[{"href":"https:\/\/blog.holyart.it\/de\/wp-json\/wp\/v2\/types\/post"}],"author":[{"embeddable":true,"href":"https:\/\/blog.holyart.it\/de\/wp-json\/wp\/v2\/users\/1"}],"replies":[{"embeddable":true,"href":"https:\/\/blog.holyart.it\/de\/wp-json\/wp\/v2\/comments?post=7496"}],"version-history":[{"count":5,"href":"https:\/\/blog.holyart.it\/de\/wp-json\/wp\/v2\/posts\/7496\/revisions"}],"predecessor-version":[{"id":7508,"href":"https:\/\/blog.holyart.it\/de\/wp-json\/wp\/v2\/posts\/7496\/revisions\/7508"}],"wp:featuredmedia":[{"embeddable":true,"href":"https:\/\/blog.holyart.it\/de\/wp-json\/wp\/v2\/media\/7498"}],"wp:attachment":[{"href":"https:\/\/blog.holyart.it\/de\/wp-json\/wp\/v2\/media?parent=7496"}],"wp:term":[{"taxonomy":"category","embeddable":true,"href":"https:\/\/blog.holyart.it\/de\/wp-json\/wp\/v2\/categories?post=7496"},{"taxonomy":"post_tag","embeddable":true,"href":"https:\/\/blog.holyart.it\/de\/wp-json\/wp\/v2\/tags?post=7496"}],"curies":[{"name":"wp","href":"https:\/\/api.w.org\/{rel}","templated":true}]}}