{"id":7473,"date":"2025-12-24T10:00:35","date_gmt":"2025-12-24T09:00:35","guid":{"rendered":"https:\/\/blog.holyart.it\/de\/?p=7473"},"modified":"2025-12-22T10:44:47","modified_gmt":"2025-12-22T09:44:47","slug":"die-weihnachtsmesse-fakten-und-kuriositaeten-zum-ritus","status":"publish","type":"post","link":"https:\/\/blog.holyart.it\/de\/weihnachten\/die-weihnachtsmesse-fakten-und-kuriositaeten-zum-ritus\/","title":{"rendered":"Die Weihnachtsmesse: Fakten und Kuriosit\u00e4ten zum Ritus"},"content":{"rendered":"<h4>Die Weihnachtsmesse ist eine alte Tradition, die ihre Wurzeln in den Heiligen Schriften, aber auch in alten heidnischen Festen hat. Was sie symbolisiert und wie sie abl\u00e4uft<\/h4>\n\n<p>Eine der bekanntesten Traditionen im Zusammenhang mit Weihnachten ist die <strong>Weihnachtsmesse<\/strong>. Diese besondere liturgische Feier wird traditionell in der Nacht zwischen dem <strong>24. Dezember<\/strong>, dem Heiligen Abend, und dem 25. Dezember abgehalten. Da sie \u00fcblicherweise um Mitternacht oder kurz danach gefeiert wird, ist diese Zeremonie auch als Mitternachtsmesse, <strong>Nachtmesse<\/strong> oder auch als <strong>Messe des Engels<\/strong> bekannt.<\/p>\n<p><a href=\"https:\/\/www.holyart.de\/weihnachten\"><strong>Weihnachten<\/strong><\/a> ist, zusammen mit Ostern, das wichtigste Fest f\u00fcr Christen, da es die <strong>Menschwerdung des Wortes Gottes<\/strong> feiert \u2013 den Moment, in dem <strong>Gott durch Jesus Christus Mensch wurde<\/strong>. Dies ist ein grundlegender Punkt der christlichen Theologie. Die <a href=\"https:\/\/www.holyart.de\/weihnachten\/heilige-familie\"><strong>Geburt Jesu<\/strong><\/a>, Sein Kommen auf die Erde, markiert die Erf\u00fcllung der Verhei\u00dfung, den <strong>Beginn der Erl\u00f6sung der Menschheit<\/strong>, den ersten Schritt zur Rettung. In diesem Sinne stellt die Menschwerdung Jesu den <strong>Kontaktpunkt schlechthin zwischen dem G\u00f6ttlichen und dem Menschlichen<\/strong> dar, den Neuen Bund, der seine volle Weihe im Letzten Abendmahl, im Tod Christi am Kreuz und in Seiner Auferstehung finden wird. Weihnachten ist also nicht nur die Feier der Geburt eines besonderen Kindes, sondern der Beginn eines au\u00dfergew\u00f6hnlichen Ereignisses, das den Lauf der Geschichte ver\u00e4ndern und allen Menschen die M\u00f6glichkeit einer tieferen Beziehung zu Gott bieten wird.<\/p>\n<div class=\"link-product\">\n<div class=\"blocco-immagine\"><img loading=\"lazy\" decoding=\"async\" class=\"size-full wp-image-7476 alignleft\" src=\"https:\/\/blog.holyart.it\/de\/wp-content\/uploads\/sites\/12\/2025\/12\/heilige-familie.jpg\" alt=\"heilige familie\" width=\"100\" height=\"100\" data-kale-share-title=\"Die Weihnachtsmesse: Fakten und Kuriosit\u00e4ten zum Ritus\" data-kale-share-url=\"https:\/\/blog.holyart.it\/de\/?p=7473\" \/><\/div>\n<div class=\"blocco-contenuto\">\n<div class=\"blocco-acquista\">Einkaufen:<\/div>\n<div class=\"blocco-titolo\"><a href=\"https:\/\/www.holyart.de\/weihnachten\/heilige-familie\">Heilige Familie<\/a><\/div>\n<div class=\"blocco-descrizione\">Darstellungen der Heiligen Familie aus Holz, Stein, Stoff, Porzellan.<\/div>\n<\/div>\n<\/div>\n<h2>Warum wird Weihnachten am 25. Dezember gefeiert?<\/h2>\n<p>Da das genaue Datum der Geburt Jesu unter Gelehrten immer noch Gegenstand von Debatten ist, wurde der <strong>25. Dezember<\/strong> als Feierdatum f\u00fcr Weihnachten aus einer Kombination historischer, theologischer und symbolischer Gr\u00fcnde gew\u00e4hlt.<\/p>\n<p>In der r\u00f6mischen Epoche wurde am 25. Dezember das <strong>heidnische Fest der Wintersonnenwende<\/strong> gefeiert, die dunkelste Zeit des Jahres, weil die Sonne sp\u00e4t auf- und fr\u00fch untergeht. Dieses Fest war bekannt als <strong><em>Natalis Solis Invicti<\/em><\/strong> (<em>Geburt der unbesiegten Sonne<\/em> oder <em>Geburt der neuen Sonne<\/em>) und war der Geburt des Sonnengottes Mithras gewidmet. Es ist naheliegend anzunehmen, dass man mit dem Aufkommen des Christentums die Figur Jesu, des Lichts der Welt, mit der Neuen Sonne in Einklang bringen wollte, dem heidnischen Ritus eine neue Bedeutung verlieh und die alte Tradition in die Feier der <a href=\"https:\/\/www.holyart.de\/blog\/devotionalien\/die-beruehmtesten-darstellungen-des-jesuskindes-in-der-welt\/\"><strong>Geburt Christi<\/strong><\/a> umwandelte.<\/p>\n<div class=\"link-article\">\n<p><img loading=\"lazy\" decoding=\"async\" class=\"size-full wp-image-7477 alignleft\" src=\"https:\/\/blog.holyart.it\/de\/wp-content\/uploads\/sites\/12\/2025\/12\/Jesuskind.jpg\" alt=\"Jesuskind\" width=\"150\" height=\"99\" data-kale-share-title=\"Die Weihnachtsmesse: Fakten und Kuriosit\u00e4ten zum Ritus\" data-kale-share-url=\"https:\/\/blog.holyart.it\/de\/?p=7473\" \/><\/p>\n<div class=\"leggi-anche\">Lesen Sie auch:<\/div>\n<p><strong><a href=\"https:\/\/www.holyart.de\/blog\/devotionalien\/die-beruehmtesten-darstellungen-des-jesuskindes-in-der-welt\/\">Die ber\u00fchmtesten Darstellungen des Jesuskindes in der Welt<\/a><\/strong><br \/>\nDie Figur des Jesuskindes geh\u00f6rt nicht nur zur Krippe und zu unserer kindlichen Fantasie. Als Symbol&#8230;<\/p>\n<\/div>\n<p>Ebenfalls in der R\u00f6merzeit wurden zwischen dem 17. und 23. Dezember die <strong>Saturnalien<\/strong> gefeiert, heidnische Feste zu Ehren von Saturn, dem Gott der Felder und der Ernte. Da die Feldarbeit in dieser Zeit unterbrochen wurde, konnten sich die Bauern ausruhen und die freie Zeit nutzen, um an \u00f6ffentlichen Banketten teilzunehmen und Verwandte und Freunde zu besuchen. Bei dieser Gelegenheit tauschte man auch Geschenke aus, und sogar Sklaven genossen gr\u00f6\u00dfere Freiheiten, sodass es ihnen in einigen F\u00e4llen erlaubt war, am Tisch ihrer Herren Platz zu nehmen \u2013 eine Feier der <strong>Gro\u00dfz\u00fcgigkeit und des Teilens<\/strong>.<\/p>\n<p>Ein Fest des Lichts also und der G\u00fcte \u2013 alles Elemente, die wir auch heute noch in der Tradition des Weihnachtsfestes unseres Herrn wiederfinden.<\/p>\n<h2>Die Mitternachtsmesse<\/h2>\n<p>Die Mitternachtsmesse, eine Feier des Lichts im Herzen der Nacht, kn\u00fcpft an diese besondere spirituelle Bedeutung von Weihnachten f\u00fcr Christen auf der ganzen Welt an. Dieser <strong>\u00dcbergang von der Dunkelheit zum Licht<\/strong> wird in vielen Kirchen auch realit\u00e4tsnah dargestellt: Man wartet die Mitternacht ab, um die Lichter anzuz\u00fcnden, genau in dem Moment, in dem das <a href=\"https:\/\/www.holyart.de\/weihnachten\/jesuskind-figuren\/jesuskind-statue-harz-39.5cm\"><strong>Kind<\/strong><\/a> in die Krippe gelegt wird und die feierliche Prozession stattfindet, die Seine Geburt feiert.<\/p>\n<div class=\"link-product\">\n<div class=\"blocco-immagine\"><img loading=\"lazy\" decoding=\"async\" class=\"size-full wp-image-7478 alignleft\" src=\"https:\/\/blog.holyart.it\/de\/wp-content\/uploads\/sites\/12\/2025\/12\/jesuskind-statue-harz-39.5cm.jpg\" alt=\"jesuskind statue harz 39.5cm\" width=\"100\" height=\"100\" data-kale-share-title=\"Die Weihnachtsmesse: Fakten und Kuriosit\u00e4ten zum Ritus\" data-kale-share-url=\"https:\/\/blog.holyart.it\/de\/?p=7473\" \/><\/div>\n<div class=\"blocco-contenuto\">\n<div class=\"blocco-acquista\">Einkaufen:<\/div>\n<div class=\"blocco-titolo\"><a href=\"https:\/\/www.holyart.de\/weihnachten\/jesuskind-figuren\/jesuskind-statue-harz-39.5cm\">Jesuskind statue Harz 39.5cm<\/a><\/div>\n<div class=\"blocco-descrizione\">Jesuskind statue Harz 39.5cm. Jesuskind Statue realisiert aus Harz und bemalt.<\/div>\n<\/div>\n<\/div>\n<p>Der Aufbau dieser Messe in der Weihnachtsnacht folgt dem Ritus der christlichen Messe und weist verschiedene Teile auf, die f\u00fcr eine liturgische Feier typisch sind. So gliedert sich die Weihnachts-Liturgie im Allgemeinen:<\/p>\n<p><strong>Er\u00f6ffnungsriten<\/strong>: Die Messe beginnt mit den Er\u00f6ffnungsriten, zu denen der Einzug des Priesters, der Ministranten und der Gl\u00e4ubigen in die Kirche geh\u00f6rt. Oft findet eine feierliche Prozession statt. \u00dcblicherweise werden in diesem Moment passende Weihnachtslieder gesungen, und die Gemeinde singt freudig, um die Ankunft Jesu zu feiern.<\/p>\n<p><strong>Bu\u00dfakt<\/strong>: Dieser Teil der Messe bietet einen Moment der Besinnung und der Reue \u00fcber die begangenen S\u00fcnden. Die Gl\u00e4ubigen bekennen ihre Schuld und bitten Gott um Vergebung.<\/p>\n<p><strong>Liturgie des Wortes<\/strong>: In dieser Phase werden Abschnitte aus den Heiligen Schriften und dem Weihnachtsevangelium gelesen, insbesondere die Evangelienpassagen, die die Geburt Jesu in Bethlehem erz\u00e4hlen. Oft werden Stellen aus Lukas \u00fcber die traditionelle Geburtsgeschichte Jesu und die Verk\u00fcndigung der Engel an die Hirten gelesen. Diesen biblischen Passagen folgt eine <strong>Homilie<\/strong> oder Predigt des Priesters, der \u00dcberlegungen und Lehren \u00fcber die Geburt Christi und ihre Bedeutung anbietet.<\/p>\n<p><strong>Glaubensbekenntnis<\/strong>: W\u00e4hrend der Mitternachtsmesse beten oder singen die Gl\u00e4ubigen das Nic\u00e4no-Konstantinopolitanische Glaubensbekenntnis, ein Glaubensbekenntnis, das die grundlegenden Lehren des Christentums darlegt.<\/p>\n<p><strong>F\u00fcrbitten<\/strong>: Die Gl\u00e4ubigen beten f\u00fcr die Bed\u00fcrfnisse der Welt, der Kirche und der bed\u00fcrftigen Menschen. Dies ist ein F\u00fcrbittgebet, das eine Reihe von Anliegen abdeckt.<\/p>\n<p><strong>Eucharistische Liturgie<\/strong>: Dies ist der zentrale Teil der Messe, <a href=\"https:\/\/www.holyart.de\/verbrauchsprodukte\"><strong>in dem die Weihe von Brot und Wein stattfindet<\/strong><\/a>, die nach katholischem Glauben zum Leib und Blut Christi werden. In dieser Phase nehmen die Gl\u00e4ubigen an der Eucharistie teil und empfangen die Kommunion. Allerdings ist die Eucharistie in der Weihnachtsmesse nicht immer enthalten.<\/p>\n<p><strong>Abschlussriten<\/strong>: Die Mitternachtsmesse endet mit den Abschlussriten, zu denen der abschlie\u00dfende Segen und das Rezitieren des Hymnus <a href=\"https:\/\/www.holyart.de\/kirchenbedarf\/paramente\/kelchwasche\/kelchwasche-set-heilige-familie-stickerei-in-teilvergoldetem-garn-4-teilig-leinen-baumwolle-und-viskose\"><strong><em>Gloria in excelsis Deo<\/em><\/strong><\/a> geh\u00f6ren, das die Herrlichkeit Gottes und die Verk\u00fcndigung der Geburt Jesu verk\u00fcndet.<\/p>\n<p><strong>Abschlie\u00dfendes Weihnachtslied<\/strong>: Die Mitternachtsmesse endet oft mit einem festlichen Weihnachtslied, das Freude und Feierlichkeit \u00fcber die Geburt Jesu zum Ausdruck bringt.<\/p>\n<div class=\"link-product\">\n<div class=\"blocco-immagine\"><img loading=\"lazy\" decoding=\"async\" class=\"size-full wp-image-7479 alignleft\" src=\"https:\/\/blog.holyart.it\/de\/wp-content\/uploads\/sites\/12\/2025\/12\/kelchwasche-set-heilige-familie-stickerei-in-teilvergoldetem-garn-4-teilig-leinen-baumwolle-und-viskose.jpg\" alt=\"kelchwasche set heilige familie stickerei in teilvergoldetem garn 4 teilig leinen baumwolle und viskose\" width=\"100\" height=\"100\" data-kale-share-title=\"Die Weihnachtsmesse: Fakten und Kuriosit\u00e4ten zum Ritus\" data-kale-share-url=\"https:\/\/blog.holyart.it\/de\/?p=7473\" \/><\/div>\n<div class=\"blocco-contenuto\">\n<div class=\"blocco-acquista\">Einkaufen:<\/div>\n<div class=\"blocco-titolo\"><a href=\"https:\/\/www.holyart.de\/kirchenbedarf\/paramente\/kelchwasche\/kelchwasche-set-heilige-familie-stickerei-in-teilvergoldetem-garn-4-teilig-leinen-baumwolle-und-viskose\">Kelchw\u00e4sche-Set, Heilige Familie, Stickerei in teilvergoldetem Garn \u2013 4-teilig, Leinen, Baumwolle und Viskose<\/a><\/div>\n<div class=\"blocco-descrizione\">Kelchw\u00e4sche-Set, Heilige Familie, Stickerei in teilvergoldetem Garn \u2013 4-teilig, 80 % Leinen, 10 % Baumwolle, 10 % Viskose<\/div>\n<\/div>\n<\/div>\n<h3>Warum findet die Weihnachtsmesse um Mitternacht statt?<\/h3>\n<p>Es gibt Hinweise in den <a href=\"https:\/\/www.holyart.pt\/artigos-religiosos\/livros-e-textos-religiosos\"><strong>Heiligen Schriften<\/strong><\/a>, die die Wahl der Mitternacht als Zeitpunkt zur Feier der <a href=\"https:\/\/www.holyart.de\/kirchenbedarf\/paramente\/kaseln-messgewander\/kasel-stickerei-golden\"><strong>Heiligen Weihnachtsmesse<\/strong><\/a> rechtfertigen. Im <strong>Lukasevangelium<\/strong> hei\u00dft es: \u201e<em>Es waren Hirten in jener Gegend auf dem Felde, die hielten Nachtwache bei ihrer Herde<\/em>\u201c (Lukas 2,8). Es wird nicht ausdr\u00fccklich erw\u00e4hnt, dass es Mitternacht war, aber ein Zeitpunkt mitten in der Nacht.<\/p>\n<p>Im Buch der Weisheit lesen wir: \u201e<em>Als tiefes Schweigen das All umfing und die Nacht auf ihrem halben Lauf stand, da sprang dein allm\u00e4chtiges Wort vom Himmel, vom k\u00f6niglichen Thron her, als unerbittlicher Krieger mitten in das dem Untergang geweihte Land<\/em>\u201c (Weish18,14-16).<\/p>\n<div class=\"link-product\">\n<div class=\"blocco-immagine\"><img loading=\"lazy\" decoding=\"async\" class=\"size-full wp-image-7480 alignleft\" src=\"https:\/\/blog.holyart.it\/de\/wp-content\/uploads\/sites\/12\/2025\/12\/kasel-stickerei-golden.jpg\" alt=\"kasel stickerei golden\" width=\"100\" height=\"100\" data-kale-share-title=\"Die Weihnachtsmesse: Fakten und Kuriosit\u00e4ten zum Ritus\" data-kale-share-url=\"https:\/\/blog.holyart.it\/de\/?p=7473\" \/><\/div>\n<div class=\"blocco-contenuto\">\n<div class=\"blocco-acquista\">Einkaufen:<\/div>\n<div class=\"blocco-titolo\"><a href=\"https:\/\/www.holyart.de\/kirchenbedarf\/paramente\/kaseln-messgewander\/kasel-stickerei-golden\">Kasel Stickerei golden<\/a><\/div>\n<div class=\"blocco-descrizione\">Die Kasel wird aus Polyester hergestellt und hat goldene Dekorationen auf der Vorderseite.<\/div>\n<\/div>\n<\/div>\n<p>In Wirklichkeit ist <strong>die Wahl der Mitternacht symbolisch<\/strong>: Sie stellt den \u00dcbergang von der Nacht zum Tag, von der Dunkelheit zum Licht dar, symbolisiert durch die Ankunft Jesu.<\/p>\n<p>Die Weihnachtsmesse besteht nicht nur aus einer einzigen Feier, sondern aus vier wichtigen Liturgien, die mit der <strong>Vesper am 24. Dezember<\/strong> beginnen und mit der <strong>Messe am Tag<\/strong> (<em>Messa in Die<\/em>) am 25. Dezember enden. Die vier Hauptfeiern der Weihnachtsmesse sind:<\/p>\n<ul>\n<li><strong>Die Vespermesse des Heiligen Abends<\/strong>: Diese Messe findet am Abend des 24. Dezember statt und markiert den Beginn der Weihnachtsfeierlichkeiten. Die Gl\u00e4ubigen kommen zusammen, um die Geburt Jesu vorwegzunehmen und \u00fcber die spirituelle Bedeutung dieses Ereignisses nachzudenken.<\/li>\n<li><strong>Die Messe <em>Ad Noctem<\/em> (der Nacht)<\/strong>: Die Mitternachtsmesse ist vielleicht die ikonischste der Weihnachtsfeiern und findet kurz nach Mitternacht statt. Sie symbolisiert das Kommen von <strong>Jesus als Licht der Welt<\/strong> in der l\u00e4ngsten Nacht des Jahres.<\/li>\n<li><strong>Die Messe der Morgend\u00e4mmerung<\/strong>: Diese Messe wird bei Sonnenaufgang am 25. Dezember gefeiert und repr\u00e4sentiert das Aufgehen des <strong>Lichts der Gerechtigkeit<\/strong> und der Hoffnung, die Jesus der Welt bringt.<\/li>\n<li><strong>Die Messe <em>in Die<\/em> (am Tag)<\/strong>: Dies ist die Hauptmesse des Weihnachtstages und findet am 25. Dezember statt. Sie stellt die <strong>offizielle Feier der Geburt Jesu Christi<\/strong> dar.<\/li>\n<\/ul>\n<h3>Seit wann wird die Mitternachtsmesse zu Weihnachten gefeiert?<\/h3>\n<p>Die Praxis der <strong>Weihnachtswache<\/strong>, bekannt als die Mitternachtsmesse, begann im Osten und wurde erstmals Ende des 4. Jahrhunderts in Jerusalem begangen. Sie wurde dann im Jahr 430 n. Chr. von Papst Sixtus III. in der Basilika Santa Maria Maggiore im Westen eingef\u00fchrt, und hatte sich im 12. Jahrhundert bereits weit verbreitet.<\/p>\n<p>Zu dieser Zeit erhielten die Priester die Befugnis, <strong>drei Messen am Weihnachtstag<\/strong> zu passenden Zeiten zu feiern: Die <strong>Nachtmesse<\/strong>, die um Mitternacht gefeiert wurde, um die Geburt des Lichts inmitten der Dunkelheit zu zelebrieren. Die <strong>Messe der Morgend\u00e4mmerung<\/strong>, die Jesus als die Neue Sonne, Hoffnung und Erl\u00f6sung der Welt, feierte. Die <strong>Messe des Tages<\/strong>, eine Gedenkfeier der Geburt Jesu und der Erl\u00f6sung.<\/p>\n<h2>Wann wurde Jesus geboren?<\/h2>\n<p>Das genaue Datum der Geburt Jesu Christi <strong>wird in der Bibel nicht angegeben<\/strong> und ist weiterhin Gegenstand von Debatten unter Gelehrten und Historikern. Die christliche Tradition hat den <strong>25. Dezember<\/strong> als das Datum des Weihnachtsfestes festgelegt, doch diese Wahl basiert nicht auf direkten oder pr\u00e4zisen historischen Beweisen.<\/p>\n<p>Die Wahl des 25. Dezembers k\u00f6nnte durch verschiedene \u00dcberlegungen beeinflusst worden sein, darunter der Wunsch, die Weihnachtsfeier mit den <strong>heidnischen Winterfesten<\/strong> wie der Wintersonnenwende zu \u00fcberlagern, um die Bekehrung zum Christentum unter den heidnischen Bev\u00f6lkerungen jener Zeit zu f\u00f6rdern. Dar\u00fcber hinaus wurde der Begriff <em>Natalis<\/em> im alten r\u00f6mischen Kalender f\u00fcr viele Feiertage verwendet, einschlie\u00dflich des <em>Natalis Invicti<\/em>, das die Wintersonnenwende feierte.<\/p>\n<p>Die formelle <a href=\"https:\/\/www.holyart.de\/blog\/weihnachten\/weihnachtsnacht-was-sie-ist-und-wann-sie-stattfindet\/\"><strong>Einsetzung des liturgischen Weihnachtsfestes<\/strong><\/a>, an dem die Geburt Jesu Christi gefeiert wird, auf den 25. Dezember ist <strong>ab 336 n. Chr. in Rom dokumentiert<\/strong>, wie aus dem <strong>Chronograph<\/strong> hervorgeht, der 353 n. Chr. vom r\u00f6mischen Kalligraphen Furius Dionysius Filocalus verfasst wurde. Dieses Datum wurde zur Feier der Geburt Jesu gew\u00e4hlt, aber seine spezifische historische Herkunft bleibt umstritten.<\/p>\n<div class=\"link-article\">\n<p><img loading=\"lazy\" decoding=\"async\" class=\"size-full wp-image-7481 alignleft\" src=\"https:\/\/blog.holyart.it\/de\/wp-content\/uploads\/sites\/12\/2025\/12\/Weihnachtsnacht.jpg\" alt=\"Weihnachtsnacht\" width=\"150\" height=\"99\" data-kale-share-title=\"Die Weihnachtsmesse: Fakten und Kuriosit\u00e4ten zum Ritus\" data-kale-share-url=\"https:\/\/blog.holyart.it\/de\/?p=7473\" \/><\/p>\n<div class=\"leggi-anche\">Lesen Sie auch:<\/div>\n<p><strong><a href=\"https:\/\/www.holyart.de\/blog\/weihnachten\/weihnachtsnacht-was-sie-ist-und-wann-sie-stattfindet\/\">Weihnachtsnacht: Was sie ist und wann sie stattfindet<\/a><\/strong><br \/>\nDie Christmette ist f\u00fcr jeden Christen einer der spirituell bedeutsamsten Momente des Jahres&#8230;<\/p>\n<\/div>\n<p>Die Texte der <strong>Evangelien von Matth\u00e4us und Lukas<\/strong> stimmen in einigen zentralen Ereignissen bez\u00fcglich der Geburt Jesu \u00fcberein: die Geburt in Bethlehem (wie in Micha 5,1 vorhergesagt) und die Empf\u00e4ngnis durch eine Jungfrau (wie in Jesaja 7,14 angek\u00fcndigt) durch das Wirken des Heiligen Geistes. Es wird jedoch kein Datum erw\u00e4hnt.<\/p>\n<p>Die traditionelle Datierung auf das Jahr 1 v. Chr. k\u00f6nnte durch einen Fehler des M\u00f6nchs Dionysius Exiguus im 6. Jahrhundert beeinflusst worden sein. Die meisten Gelehrten datieren die Geburt Jesu heute <strong>zwischen 7 und 6 v. Chr.<\/strong>, basierend auf historischen Daten und Berechnungen, die auf Informationen aus den Evangelien und historischen Quellen dieser Zeit beruhen.<\/p>\n<p>Zusammenfassend l\u00e4sst sich sagen, dass das Datum des 25. Dezembers f\u00fcr Weihnachten und die evangelischen Erz\u00e4hlungen \u00fcber die Geburt Jesu komplexe und faszinierende Themen sind, die im Laufe der Jahrhunderte viele Diskussionen und Forschungen ausgel\u00f6st haben. Die zentrale Bedeutung dieses Festes f\u00fcr Christen geht jedoch \u00fcber historische Fragen hinaus und spiegelt die spirituelle Bedeutung der Geburt Jesu als Erl\u00f6ser der Welt wider.<\/p>\n","protected":false},"excerpt":{"rendered":"<p>Die Weihnachtsmesse ist eine alte Tradition, die ihre Wurzeln in den Heiligen Schriften, aber auch in alten heidnischen Festen hat. Was sie symbolisiert und wie sie abl\u00e4uft Eine der bekanntesten Traditionen im Zusammenhang mit Weihnachten ist die Weihnachtsmesse. Diese besondere liturgische Feier wird traditionell in&hellip;<\/p>\n","protected":false},"author":1,"featured_media":7475,"comment_status":"closed","ping_status":"open","sticky":false,"template":"","format":"standard","meta":{"_acf_changed":false,"footnotes":""},"categories":[12],"tags":[],"class_list":["post-7473","post","type-post","status-publish","format-standard","has-post-thumbnail","hentry","category-weihnachten"],"acf":[],"yoast_head":"<!-- This site is optimized with the Yoast SEO plugin v26.6 - https:\/\/yoast.com\/wordpress\/plugins\/seo\/ -->\n<title>Die Weihnachtsmesse: Fakten und Kuriosit\u00e4ten zum Ritus - Holyart.de Blog<\/title>\n<meta name=\"description\" content=\"Zwischen Tradition, Geschichte und spiritueller Bedeutung bleibt die Weihnachtsmesse einer der wichtigsten Momente im christlichen liturgischen Kalender. Hier eine Erkl\u00e4rung\" \/>\n<meta name=\"robots\" content=\"index, follow, max-snippet:-1, max-image-preview:large, max-video-preview:-1\" \/>\n<link rel=\"canonical\" href=\"https:\/\/blog.holyart.it\/de\/weihnachten\/die-weihnachtsmesse-fakten-und-kuriositaeten-zum-ritus\/\" \/>\n<meta property=\"og:locale\" content=\"de_DE\" \/>\n<meta property=\"og:type\" content=\"article\" \/>\n<meta property=\"og:title\" content=\"Die Weihnachtsmesse: Fakten und Kuriosit\u00e4ten zum Ritus - Holyart.de Blog\" \/>\n<meta property=\"og:description\" content=\"Zwischen Tradition, Geschichte und spiritueller Bedeutung bleibt die Weihnachtsmesse einer der wichtigsten Momente im christlichen liturgischen Kalender. Hier eine Erkl\u00e4rung\" \/>\n<meta property=\"og:url\" content=\"https:\/\/blog.holyart.it\/de\/weihnachten\/die-weihnachtsmesse-fakten-und-kuriositaeten-zum-ritus\/\" \/>\n<meta property=\"og:site_name\" content=\"Holyart.de Blog\" \/>\n<meta property=\"article:published_time\" content=\"2025-12-24T09:00:35+00:00\" \/>\n<meta property=\"og:image\" content=\"https:\/\/blog.holyart.it\/de\/wp-content\/uploads\/sites\/12\/2025\/12\/Die-Weihnachtsmesse.jpg\" \/>\n\t<meta property=\"og:image:width\" content=\"1000\" \/>\n\t<meta property=\"og:image:height\" content=\"666\" \/>\n\t<meta property=\"og:image:type\" content=\"image\/jpeg\" \/>\n<meta name=\"author\" content=\"Redazione\" \/>\n<meta name=\"twitter:card\" content=\"summary_large_image\" \/>\n<meta name=\"twitter:label1\" content=\"Verfasst von\" \/>\n\t<meta name=\"twitter:data1\" content=\"Redazione\" \/>\n\t<meta name=\"twitter:label2\" content=\"Gesch\u00e4tzte Lesezeit\" \/>\n\t<meta name=\"twitter:data2\" content=\"12\u00a0Minuten\" \/>\n<script type=\"application\/ld+json\" class=\"yoast-schema-graph\">{\"@context\":\"https:\/\/schema.org\",\"@graph\":[{\"@type\":\"Article\",\"@id\":\"https:\/\/blog.holyart.it\/de\/weihnachten\/die-weihnachtsmesse-fakten-und-kuriositaeten-zum-ritus\/#article\",\"isPartOf\":{\"@id\":\"https:\/\/blog.holyart.it\/de\/weihnachten\/die-weihnachtsmesse-fakten-und-kuriositaeten-zum-ritus\/\"},\"author\":{\"name\":\"Redazione\",\"@id\":\"https:\/\/blog.holyart.it\/de\/#\/schema\/person\/0a7b686e5af0f856ec1e390dd0baecda\"},\"headline\":\"Die Weihnachtsmesse: Fakten und Kuriosit\u00e4ten zum Ritus\",\"datePublished\":\"2025-12-24T09:00:35+00:00\",\"mainEntityOfPage\":{\"@id\":\"https:\/\/blog.holyart.it\/de\/weihnachten\/die-weihnachtsmesse-fakten-und-kuriositaeten-zum-ritus\/\"},\"wordCount\":1822,\"publisher\":{\"@id\":\"https:\/\/blog.holyart.it\/de\/#organization\"},\"image\":{\"@id\":\"https:\/\/blog.holyart.it\/de\/weihnachten\/die-weihnachtsmesse-fakten-und-kuriositaeten-zum-ritus\/#primaryimage\"},\"thumbnailUrl\":\"https:\/\/blog.holyart.it\/de\/wp-content\/uploads\/sites\/12\/2025\/12\/Die-Weihnachtsmesse.jpg\",\"articleSection\":[\"Weihnachten\"],\"inLanguage\":\"de\"},{\"@type\":\"WebPage\",\"@id\":\"https:\/\/blog.holyart.it\/de\/weihnachten\/die-weihnachtsmesse-fakten-und-kuriositaeten-zum-ritus\/\",\"url\":\"https:\/\/blog.holyart.it\/de\/weihnachten\/die-weihnachtsmesse-fakten-und-kuriositaeten-zum-ritus\/\",\"name\":\"Die Weihnachtsmesse: Fakten und Kuriosit\u00e4ten zum Ritus - Holyart.de Blog\",\"isPartOf\":{\"@id\":\"https:\/\/blog.holyart.it\/de\/#website\"},\"primaryImageOfPage\":{\"@id\":\"https:\/\/blog.holyart.it\/de\/weihnachten\/die-weihnachtsmesse-fakten-und-kuriositaeten-zum-ritus\/#primaryimage\"},\"image\":{\"@id\":\"https:\/\/blog.holyart.it\/de\/weihnachten\/die-weihnachtsmesse-fakten-und-kuriositaeten-zum-ritus\/#primaryimage\"},\"thumbnailUrl\":\"https:\/\/blog.holyart.it\/de\/wp-content\/uploads\/sites\/12\/2025\/12\/Die-Weihnachtsmesse.jpg\",\"datePublished\":\"2025-12-24T09:00:35+00:00\",\"description\":\"Zwischen Tradition, Geschichte und spiritueller Bedeutung bleibt die Weihnachtsmesse einer der wichtigsten Momente im christlichen liturgischen Kalender. Hier eine Erkl\u00e4rung\",\"breadcrumb\":{\"@id\":\"https:\/\/blog.holyart.it\/de\/weihnachten\/die-weihnachtsmesse-fakten-und-kuriositaeten-zum-ritus\/#breadcrumb\"},\"inLanguage\":\"de\",\"potentialAction\":[{\"@type\":\"ReadAction\",\"target\":[\"https:\/\/blog.holyart.it\/de\/weihnachten\/die-weihnachtsmesse-fakten-und-kuriositaeten-zum-ritus\/\"]}]},{\"@type\":\"ImageObject\",\"inLanguage\":\"de\",\"@id\":\"https:\/\/blog.holyart.it\/de\/weihnachten\/die-weihnachtsmesse-fakten-und-kuriositaeten-zum-ritus\/#primaryimage\",\"url\":\"https:\/\/blog.holyart.it\/de\/wp-content\/uploads\/sites\/12\/2025\/12\/Die-Weihnachtsmesse.jpg\",\"contentUrl\":\"https:\/\/blog.holyart.it\/de\/wp-content\/uploads\/sites\/12\/2025\/12\/Die-Weihnachtsmesse.jpg\",\"width\":1000,\"height\":666,\"caption\":\"Die Weihnachtsmesse\"},{\"@type\":\"BreadcrumbList\",\"@id\":\"https:\/\/blog.holyart.it\/de\/weihnachten\/die-weihnachtsmesse-fakten-und-kuriositaeten-zum-ritus\/#breadcrumb\",\"itemListElement\":[{\"@type\":\"ListItem\",\"position\":1,\"name\":\"Homepage\",\"item\":\"https:\/\/blog.holyart.it\/de\/\"},{\"@type\":\"ListItem\",\"position\":2,\"name\":\"Weihnachten\",\"item\":\"https:\/\/blog.holyart.it\/de\/weihnachten\/\"},{\"@type\":\"ListItem\",\"position\":3,\"name\":\"Die Weihnachtsmesse: Fakten und Kuriosit\u00e4ten zum Ritus\"}]},{\"@type\":\"WebSite\",\"@id\":\"https:\/\/blog.holyart.it\/de\/#website\",\"url\":\"https:\/\/blog.holyart.it\/de\/\",\"name\":\"Holyart.de Blog\",\"description\":\"Holyblog\",\"publisher\":{\"@id\":\"https:\/\/blog.holyart.it\/de\/#organization\"},\"potentialAction\":[{\"@type\":\"SearchAction\",\"target\":{\"@type\":\"EntryPoint\",\"urlTemplate\":\"https:\/\/blog.holyart.it\/de\/?s={search_term_string}\"},\"query-input\":{\"@type\":\"PropertyValueSpecification\",\"valueRequired\":true,\"valueName\":\"search_term_string\"}}],\"inLanguage\":\"de\"},{\"@type\":\"Organization\",\"@id\":\"https:\/\/blog.holyart.it\/de\/#organization\",\"name\":\"Holyart.de Blog\",\"url\":\"https:\/\/blog.holyart.it\/de\/\",\"logo\":{\"@type\":\"ImageObject\",\"inLanguage\":\"de\",\"@id\":\"https:\/\/blog.holyart.it\/de\/#\/schema\/logo\/image\/\",\"url\":\"https:\/\/blog.holyart.it\/de\/wp-content\/uploads\/sites\/12\/2022\/12\/Holyart_Blog_Logo.jpg\",\"contentUrl\":\"https:\/\/blog.holyart.it\/de\/wp-content\/uploads\/sites\/12\/2022\/12\/Holyart_Blog_Logo.jpg\",\"width\":300,\"height\":50,\"caption\":\"Holyart.de Blog\"},\"image\":{\"@id\":\"https:\/\/blog.holyart.it\/de\/#\/schema\/logo\/image\/\"}},{\"@type\":\"Person\",\"@id\":\"https:\/\/blog.holyart.it\/de\/#\/schema\/person\/0a7b686e5af0f856ec1e390dd0baecda\",\"name\":\"Redazione\",\"image\":{\"@type\":\"ImageObject\",\"inLanguage\":\"de\",\"@id\":\"https:\/\/blog.holyart.it\/de\/#\/schema\/person\/image\/\",\"url\":\"https:\/\/secure.gravatar.com\/avatar\/f477da817f43e50d0af36abecd33e3edf826c68299714bdc1057dff3b113f516?s=96&d=mm&r=g\",\"contentUrl\":\"https:\/\/secure.gravatar.com\/avatar\/f477da817f43e50d0af36abecd33e3edf826c68299714bdc1057dff3b113f516?s=96&d=mm&r=g\",\"caption\":\"Redazione\"}}]}<\/script>\n<!-- \/ Yoast SEO plugin. -->","yoast_head_json":{"title":"Die Weihnachtsmesse: Fakten und Kuriosit\u00e4ten zum Ritus - Holyart.de Blog","description":"Zwischen Tradition, Geschichte und spiritueller Bedeutung bleibt die Weihnachtsmesse einer der wichtigsten Momente im christlichen liturgischen Kalender. Hier eine Erkl\u00e4rung","robots":{"index":"index","follow":"follow","max-snippet":"max-snippet:-1","max-image-preview":"max-image-preview:large","max-video-preview":"max-video-preview:-1"},"canonical":"https:\/\/blog.holyart.it\/de\/weihnachten\/die-weihnachtsmesse-fakten-und-kuriositaeten-zum-ritus\/","og_locale":"de_DE","og_type":"article","og_title":"Die Weihnachtsmesse: Fakten und Kuriosit\u00e4ten zum Ritus - Holyart.de Blog","og_description":"Zwischen Tradition, Geschichte und spiritueller Bedeutung bleibt die Weihnachtsmesse einer der wichtigsten Momente im christlichen liturgischen Kalender. Hier eine Erkl\u00e4rung","og_url":"https:\/\/blog.holyart.it\/de\/weihnachten\/die-weihnachtsmesse-fakten-und-kuriositaeten-zum-ritus\/","og_site_name":"Holyart.de Blog","article_published_time":"2025-12-24T09:00:35+00:00","og_image":[{"width":1000,"height":666,"url":"https:\/\/blog.holyart.it\/de\/wp-content\/uploads\/sites\/12\/2025\/12\/Die-Weihnachtsmesse.jpg","type":"image\/jpeg"}],"author":"Redazione","twitter_card":"summary_large_image","twitter_misc":{"Verfasst von":"Redazione","Gesch\u00e4tzte Lesezeit":"12\u00a0Minuten"},"schema":{"@context":"https:\/\/schema.org","@graph":[{"@type":"Article","@id":"https:\/\/blog.holyart.it\/de\/weihnachten\/die-weihnachtsmesse-fakten-und-kuriositaeten-zum-ritus\/#article","isPartOf":{"@id":"https:\/\/blog.holyart.it\/de\/weihnachten\/die-weihnachtsmesse-fakten-und-kuriositaeten-zum-ritus\/"},"author":{"name":"Redazione","@id":"https:\/\/blog.holyart.it\/de\/#\/schema\/person\/0a7b686e5af0f856ec1e390dd0baecda"},"headline":"Die Weihnachtsmesse: Fakten und Kuriosit\u00e4ten zum Ritus","datePublished":"2025-12-24T09:00:35+00:00","mainEntityOfPage":{"@id":"https:\/\/blog.holyart.it\/de\/weihnachten\/die-weihnachtsmesse-fakten-und-kuriositaeten-zum-ritus\/"},"wordCount":1822,"publisher":{"@id":"https:\/\/blog.holyart.it\/de\/#organization"},"image":{"@id":"https:\/\/blog.holyart.it\/de\/weihnachten\/die-weihnachtsmesse-fakten-und-kuriositaeten-zum-ritus\/#primaryimage"},"thumbnailUrl":"https:\/\/blog.holyart.it\/de\/wp-content\/uploads\/sites\/12\/2025\/12\/Die-Weihnachtsmesse.jpg","articleSection":["Weihnachten"],"inLanguage":"de"},{"@type":"WebPage","@id":"https:\/\/blog.holyart.it\/de\/weihnachten\/die-weihnachtsmesse-fakten-und-kuriositaeten-zum-ritus\/","url":"https:\/\/blog.holyart.it\/de\/weihnachten\/die-weihnachtsmesse-fakten-und-kuriositaeten-zum-ritus\/","name":"Die Weihnachtsmesse: Fakten und Kuriosit\u00e4ten zum Ritus - Holyart.de Blog","isPartOf":{"@id":"https:\/\/blog.holyart.it\/de\/#website"},"primaryImageOfPage":{"@id":"https:\/\/blog.holyart.it\/de\/weihnachten\/die-weihnachtsmesse-fakten-und-kuriositaeten-zum-ritus\/#primaryimage"},"image":{"@id":"https:\/\/blog.holyart.it\/de\/weihnachten\/die-weihnachtsmesse-fakten-und-kuriositaeten-zum-ritus\/#primaryimage"},"thumbnailUrl":"https:\/\/blog.holyart.it\/de\/wp-content\/uploads\/sites\/12\/2025\/12\/Die-Weihnachtsmesse.jpg","datePublished":"2025-12-24T09:00:35+00:00","description":"Zwischen Tradition, Geschichte und spiritueller Bedeutung bleibt die Weihnachtsmesse einer der wichtigsten Momente im christlichen liturgischen Kalender. Hier eine Erkl\u00e4rung","breadcrumb":{"@id":"https:\/\/blog.holyart.it\/de\/weihnachten\/die-weihnachtsmesse-fakten-und-kuriositaeten-zum-ritus\/#breadcrumb"},"inLanguage":"de","potentialAction":[{"@type":"ReadAction","target":["https:\/\/blog.holyart.it\/de\/weihnachten\/die-weihnachtsmesse-fakten-und-kuriositaeten-zum-ritus\/"]}]},{"@type":"ImageObject","inLanguage":"de","@id":"https:\/\/blog.holyart.it\/de\/weihnachten\/die-weihnachtsmesse-fakten-und-kuriositaeten-zum-ritus\/#primaryimage","url":"https:\/\/blog.holyart.it\/de\/wp-content\/uploads\/sites\/12\/2025\/12\/Die-Weihnachtsmesse.jpg","contentUrl":"https:\/\/blog.holyart.it\/de\/wp-content\/uploads\/sites\/12\/2025\/12\/Die-Weihnachtsmesse.jpg","width":1000,"height":666,"caption":"Die Weihnachtsmesse"},{"@type":"BreadcrumbList","@id":"https:\/\/blog.holyart.it\/de\/weihnachten\/die-weihnachtsmesse-fakten-und-kuriositaeten-zum-ritus\/#breadcrumb","itemListElement":[{"@type":"ListItem","position":1,"name":"Homepage","item":"https:\/\/blog.holyart.it\/de\/"},{"@type":"ListItem","position":2,"name":"Weihnachten","item":"https:\/\/blog.holyart.it\/de\/weihnachten\/"},{"@type":"ListItem","position":3,"name":"Die Weihnachtsmesse: Fakten und Kuriosit\u00e4ten zum Ritus"}]},{"@type":"WebSite","@id":"https:\/\/blog.holyart.it\/de\/#website","url":"https:\/\/blog.holyart.it\/de\/","name":"Holyart.de Blog","description":"Holyblog","publisher":{"@id":"https:\/\/blog.holyart.it\/de\/#organization"},"potentialAction":[{"@type":"SearchAction","target":{"@type":"EntryPoint","urlTemplate":"https:\/\/blog.holyart.it\/de\/?s={search_term_string}"},"query-input":{"@type":"PropertyValueSpecification","valueRequired":true,"valueName":"search_term_string"}}],"inLanguage":"de"},{"@type":"Organization","@id":"https:\/\/blog.holyart.it\/de\/#organization","name":"Holyart.de Blog","url":"https:\/\/blog.holyart.it\/de\/","logo":{"@type":"ImageObject","inLanguage":"de","@id":"https:\/\/blog.holyart.it\/de\/#\/schema\/logo\/image\/","url":"https:\/\/blog.holyart.it\/de\/wp-content\/uploads\/sites\/12\/2022\/12\/Holyart_Blog_Logo.jpg","contentUrl":"https:\/\/blog.holyart.it\/de\/wp-content\/uploads\/sites\/12\/2022\/12\/Holyart_Blog_Logo.jpg","width":300,"height":50,"caption":"Holyart.de Blog"},"image":{"@id":"https:\/\/blog.holyart.it\/de\/#\/schema\/logo\/image\/"}},{"@type":"Person","@id":"https:\/\/blog.holyart.it\/de\/#\/schema\/person\/0a7b686e5af0f856ec1e390dd0baecda","name":"Redazione","image":{"@type":"ImageObject","inLanguage":"de","@id":"https:\/\/blog.holyart.it\/de\/#\/schema\/person\/image\/","url":"https:\/\/secure.gravatar.com\/avatar\/f477da817f43e50d0af36abecd33e3edf826c68299714bdc1057dff3b113f516?s=96&d=mm&r=g","contentUrl":"https:\/\/secure.gravatar.com\/avatar\/f477da817f43e50d0af36abecd33e3edf826c68299714bdc1057dff3b113f516?s=96&d=mm&r=g","caption":"Redazione"}}]}},"_links":{"self":[{"href":"https:\/\/blog.holyart.it\/de\/wp-json\/wp\/v2\/posts\/7473","targetHints":{"allow":["GET"]}}],"collection":[{"href":"https:\/\/blog.holyart.it\/de\/wp-json\/wp\/v2\/posts"}],"about":[{"href":"https:\/\/blog.holyart.it\/de\/wp-json\/wp\/v2\/types\/post"}],"author":[{"embeddable":true,"href":"https:\/\/blog.holyart.it\/de\/wp-json\/wp\/v2\/users\/1"}],"replies":[{"embeddable":true,"href":"https:\/\/blog.holyart.it\/de\/wp-json\/wp\/v2\/comments?post=7473"}],"version-history":[{"count":3,"href":"https:\/\/blog.holyart.it\/de\/wp-json\/wp\/v2\/posts\/7473\/revisions"}],"predecessor-version":[{"id":7483,"href":"https:\/\/blog.holyart.it\/de\/wp-json\/wp\/v2\/posts\/7473\/revisions\/7483"}],"wp:featuredmedia":[{"embeddable":true,"href":"https:\/\/blog.holyart.it\/de\/wp-json\/wp\/v2\/media\/7475"}],"wp:attachment":[{"href":"https:\/\/blog.holyart.it\/de\/wp-json\/wp\/v2\/media?parent=7473"}],"wp:term":[{"taxonomy":"category","embeddable":true,"href":"https:\/\/blog.holyart.it\/de\/wp-json\/wp\/v2\/categories?post=7473"},{"taxonomy":"post_tag","embeddable":true,"href":"https:\/\/blog.holyart.it\/de\/wp-json\/wp\/v2\/tags?post=7473"}],"curies":[{"name":"wp","href":"https:\/\/api.w.org\/{rel}","templated":true}]}}