{"id":7461,"date":"2025-12-22T10:00:27","date_gmt":"2025-12-22T09:00:27","guid":{"rendered":"https:\/\/blog.holyart.it\/de\/?p=7461"},"modified":"2025-12-18T12:16:47","modified_gmt":"2025-12-18T11:16:47","slug":"der-heilige-stefan-der-erste-maertyrer-der-christenheit","status":"publish","type":"post","link":"https:\/\/blog.holyart.it\/de\/heilige-und-selige\/der-heilige-stefan-der-erste-maertyrer-der-christenheit\/","title":{"rendered":"Der heilige Stefan: Der erste M\u00e4rtyrer der Christenheit"},"content":{"rendered":"<h4>Der 26. Dezember ist der Gedenktag des heiligen Stefan, des ersten Christen, der sein Leben f\u00fcr seinen Glauben an Christus gab. Hier ist seine Geschichte.<\/h4>\n\n<p>F\u00fcr viele ist der Stefanstag ein ganz normaler Feiertag, weniger hektisch als Heiligabend, weniger anstrengend als Weihnachten. Man trifft sich mit Freunden und Familie, genie\u00dft die Reste vom Festmahl und entspannt sich vielleicht ein wenig. F\u00fcr Christen ist es jedoch nicht irgendein Feiertag. Es ist der Tag, der dem liturgischen Gedenken an den <strong>heiligen Stefan, den ersten M\u00e4rtyrer<\/strong>, gewidmet ist, der als erster Christ sein Leben opferte, um seinen Glauben an Jesus und das Evangelium zu bezeugen.<\/p>\n<p><a href=\"https:\/\/www.holyart.de\/devotionalien\/statuen\/statuen-aus-bemalten-holz\/heiliger-stefan-bemalten-grodnertal-holz\"><strong>Doch wer war der heilige Stefan<\/strong><\/a>, und warum war er so wichtig?<\/p>\n<div class=\"link-product\">\n<div class=\"blocco-immagine\"><img loading=\"lazy\" decoding=\"async\" class=\"size-full wp-image-7464 alignleft\" src=\"https:\/\/blog.holyart.it\/de\/wp-content\/uploads\/sites\/12\/2025\/12\/heiliger-stefan-bemalten-grodnertal-holz.jpg\" alt=\"heiliger stefan bemalten grodnertal holz\" width=\"100\" height=\"100\" data-kale-share-title=\"Der heilige Stefan: Der erste M\u00e4rtyrer der Christenheit\" data-kale-share-url=\"https:\/\/blog.holyart.it\/de\/?p=7461\" \/><\/div>\n<div class=\"blocco-contenuto\">\n<div class=\"blocco-acquista\">Einkaufen:<\/div>\n<div class=\"blocco-titolo\"><a href=\"https:\/\/www.holyart.de\/devotionalien\/statuen\/statuen-aus-bemalten-holz\/heiliger-stefan-bemalten-grodnertal-holz\">Heiliger Stefan bemalten Gr\u00f6dnertal Holz<\/a><\/div>\n<div class=\"blocco-descrizione\">Heiliger Stefan bemalten Gr\u00f6dnertal Holz. Statue des heiligen Stefans realisiert aus Gr\u00f6dnertal Holz und handbemalt.<\/div>\n<\/div>\n<\/div>\n<p><a href=\"https:\/\/www.holyart.de\/blog\/devotionalien\/heilige-maertyrer-das-eigene-leben-im-namen-gottes-opfern\/\"><strong>Weil er als Erster<\/strong><\/a> die Anschuldigungen und den Zorn derer zu sp\u00fcren bekam, die die Worte des Evangeliums zwar h\u00f6rten, aber nicht bereit waren, sie anzunehmen. Vor ihm hatte das von den J\u00fcngern Jesu verbreitete Wort noch keine Opfer gefordert und auch nicht den Tod seiner Anh\u00e4nger verursacht. Stephanus war ein junger Mann voller Glauben und Enthusiasmus, so sehr, dass die Apostel ihn baten, ihnen bei der Organisation der christlichen Gemeinde in Jerusalem zu helfen. Er willigte freudig ein und wurde der erste der <strong>sieben Diakone<\/strong>, die gew\u00e4hlt wurden, damit sich die Apostel ausschlie\u00dflich auf die Verk\u00fcndigung des Evangeliums konzentrieren konnten. In der <em>Apostelgeschichte<\/em> lesen wir, dass diese sieben Diakone, obwohl sie von Menschen und nicht vom Heiligen Geist erw\u00e4hlt wurden, wie es bei den am Pfingsttag anwesenden J\u00fcngern Jesu der Fall war, dennoch \u201e<em>voll Geist und Weisheit<\/em>\u201c waren (Apostelgeschichte 6,3). Neben Stephanus wurden auch Philippus, Prochorus, Nikanor, Timon, Parmenas und Nikolaus von Antiochia gew\u00e4hlt. Die Apostel legten ihnen allen die H\u00e4nde auf und segneten sie.<\/p>\n<p>Stefan zahlte einen hohen Preis f\u00fcr seine Glaubensentscheidung. Wir wissen wenig \u00fcber ihn: Wahrscheinlich war er Grieche (sein Name bedeutet auf Griechisch \u201egekr\u00f6nt\u201c) oder vielleicht ein Jude, der in der hellenistischen Kultur erzogen worden war. Ein Mann von Kultur und Weisheit also, der nach seiner Wahl zum Diakon nicht nur die Apostel von allen Verwaltungsaufgaben entlastete, sondern sich auch der Evangelisierung und Bekehrung der in die Stadt Ankommenden widmete. Ihm werden auch viele Wunder zugeschrieben.<\/p>\n<div class=\"link-article\">\n<p><img loading=\"lazy\" decoding=\"async\" class=\"size-full wp-image-7467 alignleft\" src=\"https:\/\/blog.holyart.it\/de\/wp-content\/uploads\/sites\/12\/2025\/12\/Heilige-Martyrer.jpg\" alt=\"Heilige Martyrer\" width=\"150\" height=\"99\" data-kale-share-title=\"Der heilige Stefan: Der erste M\u00e4rtyrer der Christenheit\" data-kale-share-url=\"https:\/\/blog.holyart.it\/de\/?p=7461\" \/><\/p>\n<div class=\"leggi-anche\">Lesen Sie auch:<\/div>\n<p><strong><a href=\"https:\/\/www.holyart.de\/blog\/devotionalien\/heilige-maertyrer-das-eigene-leben-im-namen-gottes-opfern\/\">Heilige M\u00e4rtyrer: das eigene Leben im Namen Gottes opfern<\/a><\/strong><br \/>\nHeilige M\u00e4rtyrer sind M\u00e4nner und Frauen, oft sehr jung, die ihr Leben aus Liebe zu Gott geopfert haben und&#8230;<\/p>\n<\/div>\n<p>Es waren die Juden, ver\u00e4rgert \u00fcber diese Bekehrungen, die Stephanus der Gottesl\u00e4sterung beschuldigten und die Bev\u00f6lkerung gegen ihn aufhetzten.<\/p>\n<p>Vor den Sanhedrin gebracht, reagierte der junge Diakon auf die gegen ihn erhobenen falschen Anschuldigungen mit einer langen Rede. Darin warf er den Juden vor, Jesus nicht als den zu erkennen, der er war, obwohl die Patriarchen und Propheten sein Kommen vorhergesagt und vorbereitet hatten. Dies heizte die Spannungen weiter an, und Stefan wurde von der w\u00fctenden Menge hinausgezerrt und gesteinigt. Auch Saulus, der zu einem der grausamsten Christenverfolger werden sollte, und sp\u00e4ter der <strong><a href=\"https:\/\/www.holyart.de\/blog\/heilige-und-selige\/saint-paul-von-tarso-geschichte-eines-missionars\/\">Heidenapostel<\/a> Paulus von Tarsus<\/strong> waren Zeugen des Lynchmords. Saulus selbst beteiligte sich aktiv an der gnadenlosen Verfolgung der Christen in Jerusalem unmittelbar nach Stefans Tod.<\/p>\n<div class=\"link-article\">\n<p><img loading=\"lazy\" decoding=\"async\" class=\"size-full wp-image-7466 alignleft\" src=\"https:\/\/blog.holyart.it\/de\/wp-content\/uploads\/sites\/12\/2025\/12\/Saint-Paul-von-Tarso.jpg\" alt=\"Saint Paul von Tarso\" width=\"150\" height=\"100\" data-kale-share-title=\"Der heilige Stefan: Der erste M\u00e4rtyrer der Christenheit\" data-kale-share-url=\"https:\/\/blog.holyart.it\/de\/?p=7461\" \/><\/p>\n<div class=\"leggi-anche\">Lesen Sie auch:<\/div>\n<p><strong><a href=\"https:\/\/www.holyart.de\/blog\/heilige-und-selige\/saint-paul-von-tarso-geschichte-eines-missionars\/\">Saint Paul von Tarso: Geschichte eines Missionars<\/a><\/strong><br \/>\nDer heilige Paulus von Tarso kann als der erste gro\u00dfe Missionar der christlichen Kirche angesehen werden. Seine Arbeit als Proselyte und&#8230;<\/p>\n<\/div>\n<p>Stefans Geschichte, sein Beispiel an Mut und Selbstaufopferung, zeigt, dass der Glaube an das Evangelium von Anfang an viel mehr bedeutete, als nur den Worten eines Propheten, Jesus, zu glauben, wie denen vieler vor ihm. Die Tragweite von Jesu Botschaft ist so revolution\u00e4r, dass sie bei denen, die nicht darauf vorbereitet sind, Angst einfl\u00f6\u00dft und sogar m\u00f6rderischen Hass entfacht. So entstand das Konzept des <strong>M\u00e4rtyrers<\/strong>, eines Mannes oder einer Frau, die bereit sind, uns\u00e4gliche Schmerzen und Qualen und sogar den Tod zu ertragen, um ihren Glauben zu bezeugen.<\/p>\n<h2>Bedeutung des Appellatifs Erzm\u00e4rtyrer<\/h2>\n<p><a href=\"https:\/\/www.holyart.de\/devotionalien\/ikonen\/rumanische-ikonen\/rumanische-ikone-heiliger-stephan\"><strong>Erzm\u00e4rtyrer<\/strong><\/a>, der Titel des heiligen Stephanus, weist darauf hin, dass er der erste Christ war, der das Martyrium erlitt. Das Wort setzt sich aus zwei griechischen Begriffen zusammen: \u03c0\u03c1\u1ff6\u03c4\u03bf\u03c2 (pr\u014dtos, \u201eErster\u201c) und \u03bc\u03ac\u03c1\u03c4\u03c5\u03c2 (martys, \u201eZeuge des Glaubens\u201c).<\/p>\n<div class=\"link-product\">\n<div class=\"blocco-immagine\"><img loading=\"lazy\" decoding=\"async\" class=\"size-full wp-image-7468 alignleft\" src=\"https:\/\/blog.holyart.it\/de\/wp-content\/uploads\/sites\/12\/2025\/12\/rumanische-ikone-heiliger-stephan.jpg\" alt=\"rumanische ikone heiliger stephan\" width=\"100\" height=\"100\" data-kale-share-title=\"Der heilige Stefan: Der erste M\u00e4rtyrer der Christenheit\" data-kale-share-url=\"https:\/\/blog.holyart.it\/de\/?p=7461\" \/><\/div>\n<div class=\"blocco-contenuto\">\n<div class=\"blocco-acquista\">Einkaufen:<\/div>\n<div class=\"blocco-titolo\"><a href=\"https:\/\/www.holyart.de\/devotionalien\/ikonen\/rumanische-ikonen\/rumanische-ikone-heiliger-stephan\">Rum\u00e4nische Ikone heiliger Stephan<\/a><\/div>\n<div class=\"blocco-descrizione\">Rum\u00e4nische Ikone heiliger Stephan. Hanbemalte Ikone, Gem\u00e4\u00df den byzantinischen Regeln in Rum\u00e4nien hergestellt.<\/div>\n<\/div>\n<\/div>\n<h2>Warum wird der heilige Stefan gefeiert?<\/h2>\n<p>Es ist kein Zufall, dass das Fest des heiligen Stefan so nah an <a href=\"https:\/\/www.holyart.de\/weihnachten\"><strong>Weihnachten<\/strong><\/a> liegt. In der Antike beschloss man, auf den Tag, der der Geburt Jesu gewidmet war, weitere Feste folgen zu lassen, an denen man derer gedachte, die ihm besonders nahestanden, sei es, weil sie ihn kannten oder weil sie bei der Verbreitung seines Wortes eine Rolle spielten. Diese Feste sind die <strong>Comites Christi<\/strong>, die \u201eNachfolge Christi\u201c, denn im Mittelalter galt diese Gruppe von Heiligen als die Ehrenprozession, die zur Feier des Jesuskindes kam. Diese Tradition hatte einen starken Einfluss auf die Volksfr\u00f6mmigkeit.<\/p>\n<div class=\"link-product\">\n<div class=\"blocco-immagine\"><img loading=\"lazy\" decoding=\"async\" class=\"size-full wp-image-7469 alignleft\" src=\"https:\/\/blog.holyart.it\/de\/wp-content\/uploads\/sites\/12\/2025\/12\/Weihnachtskerzen.jpg\" alt=\"Weihnachtskerzen\" width=\"100\" height=\"100\" data-kale-share-title=\"Der heilige Stefan: Der erste M\u00e4rtyrer der Christenheit\" data-kale-share-url=\"https:\/\/blog.holyart.it\/de\/?p=7461\" \/><\/div>\n<div class=\"blocco-contenuto\">\n<div class=\"blocco-acquista\">Einkaufen:<\/div>\n<div class=\"blocco-titolo\"><a href=\"https:\/\/www.holyart.de\/weihnachten\/weihnachtsdekorationen-fur-ihr-zuhause\/advents-und-weihnachtskerzen\">Advents- und Weihnachtskerzen<\/a><\/div>\n<div class=\"blocco-descrizione\">In dieser Produktkategorie finden Sie viele verschiedene Modelle an Kerzen.<\/div>\n<\/div>\n<\/div>\n<p>Der Comites Christi wird w\u00e4hrend der sogenannten <strong>Weihnachtsoktav<\/strong> gedacht, den acht Tagen zwischen dem 25. Dezember und dem 1. Januar. Insbesondere die drei Tage unmittelbar nach Weihnachten sind folgenden Personen gewidmet:<\/p>\n<ul>\n<li>dem heiligen Stefan, dem ersten M\u00e4rtyrer (26. Dezember);<\/li>\n<li>dem heiligen Johannes, Apostel und Evangelisten, dem geliebten Apostel Christi (27. Dezember);<\/li>\n<li>Unschuldige Kinder, M\u00e4rtyrer oder die von Herodes get\u00f6teten Kinder (28. Dezember)<\/li>\n<\/ul>\n<p>In der Antike fand das Fest der <strong>Apostel Petrus und Paulus<\/strong> ebenfalls in der Woche nach Weihnachten statt, wurde aber sp\u00e4ter auf den 29. Juni verlegt.<\/p>\n<h2>Warum ist Stefanstag Feiertag?<\/h2>\n<p>In Deutschland nennt man der 26. Dezember zweiter Weihnachtsfeiertag. Dies lag daran, dass die Weihnachtsfeierlichkeiten um einen Tag verl\u00e4ngert wurden. Dass dieses Datum mit dem liturgischen Gedenktag des M\u00e4rtyrers Stefan zusammenf\u00e4llt, hat keinen Einfluss auf diese Entscheidung, obwohl die Verehrung des jungen Diakons seit der Antike tief verwurzelt ist.<\/p>\n","protected":false},"excerpt":{"rendered":"<p>Der 26. Dezember ist der Gedenktag des heiligen Stefan, des ersten Christen, der sein Leben f\u00fcr seinen Glauben an Christus gab. Hier ist seine Geschichte. F\u00fcr viele ist der Stefanstag ein ganz normaler Feiertag, weniger hektisch als Heiligabend, weniger anstrengend als Weihnachten. Man trifft sich&hellip;<\/p>\n","protected":false},"author":1,"featured_media":7462,"comment_status":"closed","ping_status":"open","sticky":false,"template":"","format":"standard","meta":{"_acf_changed":false,"footnotes":""},"categories":[9],"tags":[],"class_list":["post-7461","post","type-post","status-publish","format-standard","has-post-thumbnail","hentry","category-heilige-und-selige"],"acf":[],"yoast_head":"<!-- This site is optimized with the Yoast SEO plugin v26.6 - https:\/\/yoast.com\/wordpress\/plugins\/seo\/ -->\n<title>Der heilige Stefan: Der erste M\u00e4rtyrer der Christenheit - Holyart.de Blog<\/title>\n<meta name=\"description\" content=\"Der 26. Dezember ist der Gedenktag des heiligen Stefan, des ersten Christen, der sein Leben f\u00fcr seinen Glauben an Christus gab.\" \/>\n<meta name=\"robots\" content=\"index, follow, max-snippet:-1, max-image-preview:large, max-video-preview:-1\" \/>\n<link rel=\"canonical\" href=\"https:\/\/blog.holyart.it\/de\/heilige-und-selige\/der-heilige-stefan-der-erste-maertyrer-der-christenheit\/\" \/>\n<meta property=\"og:locale\" content=\"de_DE\" \/>\n<meta property=\"og:type\" content=\"article\" \/>\n<meta property=\"og:title\" content=\"Der heilige Stefan: Der erste M\u00e4rtyrer der Christenheit - Holyart.de Blog\" \/>\n<meta property=\"og:description\" content=\"Der 26. Dezember ist der Gedenktag des heiligen Stefan, des ersten Christen, der sein Leben f\u00fcr seinen Glauben an Christus gab.\" \/>\n<meta property=\"og:url\" content=\"https:\/\/blog.holyart.it\/de\/heilige-und-selige\/der-heilige-stefan-der-erste-maertyrer-der-christenheit\/\" \/>\n<meta property=\"og:site_name\" content=\"Holyart.de Blog\" \/>\n<meta property=\"article:published_time\" content=\"2025-12-22T09:00:27+00:00\" \/>\n<meta property=\"og:image\" content=\"https:\/\/blog.holyart.it\/de\/wp-content\/uploads\/sites\/12\/2025\/12\/Der-heilige-Stefan.jpg\" \/>\n\t<meta property=\"og:image:width\" content=\"1000\" \/>\n\t<meta property=\"og:image:height\" content=\"666\" \/>\n\t<meta property=\"og:image:type\" content=\"image\/jpeg\" \/>\n<meta name=\"author\" content=\"Redazione\" \/>\n<meta name=\"twitter:card\" content=\"summary_large_image\" \/>\n<meta name=\"twitter:label1\" content=\"Verfasst von\" \/>\n\t<meta name=\"twitter:data1\" content=\"Redazione\" \/>\n\t<meta name=\"twitter:label2\" content=\"Gesch\u00e4tzte Lesezeit\" \/>\n\t<meta name=\"twitter:data2\" content=\"7\u00a0Minuten\" \/>\n<script type=\"application\/ld+json\" class=\"yoast-schema-graph\">{\"@context\":\"https:\/\/schema.org\",\"@graph\":[{\"@type\":\"Article\",\"@id\":\"https:\/\/blog.holyart.it\/de\/heilige-und-selige\/der-heilige-stefan-der-erste-maertyrer-der-christenheit\/#article\",\"isPartOf\":{\"@id\":\"https:\/\/blog.holyart.it\/de\/heilige-und-selige\/der-heilige-stefan-der-erste-maertyrer-der-christenheit\/\"},\"author\":{\"name\":\"Redazione\",\"@id\":\"https:\/\/blog.holyart.it\/de\/#\/schema\/person\/0a7b686e5af0f856ec1e390dd0baecda\"},\"headline\":\"Der heilige Stefan: Der erste M\u00e4rtyrer der Christenheit\",\"datePublished\":\"2025-12-22T09:00:27+00:00\",\"mainEntityOfPage\":{\"@id\":\"https:\/\/blog.holyart.it\/de\/heilige-und-selige\/der-heilige-stefan-der-erste-maertyrer-der-christenheit\/\"},\"wordCount\":1008,\"publisher\":{\"@id\":\"https:\/\/blog.holyart.it\/de\/#organization\"},\"image\":{\"@id\":\"https:\/\/blog.holyart.it\/de\/heilige-und-selige\/der-heilige-stefan-der-erste-maertyrer-der-christenheit\/#primaryimage\"},\"thumbnailUrl\":\"https:\/\/blog.holyart.it\/de\/wp-content\/uploads\/sites\/12\/2025\/12\/Der-heilige-Stefan.jpg\",\"articleSection\":[\"Heilige und Selige\"],\"inLanguage\":\"de\"},{\"@type\":\"WebPage\",\"@id\":\"https:\/\/blog.holyart.it\/de\/heilige-und-selige\/der-heilige-stefan-der-erste-maertyrer-der-christenheit\/\",\"url\":\"https:\/\/blog.holyart.it\/de\/heilige-und-selige\/der-heilige-stefan-der-erste-maertyrer-der-christenheit\/\",\"name\":\"Der heilige Stefan: Der erste M\u00e4rtyrer der Christenheit - Holyart.de Blog\",\"isPartOf\":{\"@id\":\"https:\/\/blog.holyart.it\/de\/#website\"},\"primaryImageOfPage\":{\"@id\":\"https:\/\/blog.holyart.it\/de\/heilige-und-selige\/der-heilige-stefan-der-erste-maertyrer-der-christenheit\/#primaryimage\"},\"image\":{\"@id\":\"https:\/\/blog.holyart.it\/de\/heilige-und-selige\/der-heilige-stefan-der-erste-maertyrer-der-christenheit\/#primaryimage\"},\"thumbnailUrl\":\"https:\/\/blog.holyart.it\/de\/wp-content\/uploads\/sites\/12\/2025\/12\/Der-heilige-Stefan.jpg\",\"datePublished\":\"2025-12-22T09:00:27+00:00\",\"description\":\"Der 26. Dezember ist der Gedenktag des heiligen Stefan, des ersten Christen, der sein Leben f\u00fcr seinen Glauben an Christus gab.\",\"breadcrumb\":{\"@id\":\"https:\/\/blog.holyart.it\/de\/heilige-und-selige\/der-heilige-stefan-der-erste-maertyrer-der-christenheit\/#breadcrumb\"},\"inLanguage\":\"de\",\"potentialAction\":[{\"@type\":\"ReadAction\",\"target\":[\"https:\/\/blog.holyart.it\/de\/heilige-und-selige\/der-heilige-stefan-der-erste-maertyrer-der-christenheit\/\"]}]},{\"@type\":\"ImageObject\",\"inLanguage\":\"de\",\"@id\":\"https:\/\/blog.holyart.it\/de\/heilige-und-selige\/der-heilige-stefan-der-erste-maertyrer-der-christenheit\/#primaryimage\",\"url\":\"https:\/\/blog.holyart.it\/de\/wp-content\/uploads\/sites\/12\/2025\/12\/Der-heilige-Stefan.jpg\",\"contentUrl\":\"https:\/\/blog.holyart.it\/de\/wp-content\/uploads\/sites\/12\/2025\/12\/Der-heilige-Stefan.jpg\",\"width\":1000,\"height\":666,\"caption\":\"Der heilige Stefan\"},{\"@type\":\"BreadcrumbList\",\"@id\":\"https:\/\/blog.holyart.it\/de\/heilige-und-selige\/der-heilige-stefan-der-erste-maertyrer-der-christenheit\/#breadcrumb\",\"itemListElement\":[{\"@type\":\"ListItem\",\"position\":1,\"name\":\"Homepage\",\"item\":\"https:\/\/blog.holyart.it\/de\/\"},{\"@type\":\"ListItem\",\"position\":2,\"name\":\"Heilige und Selige\",\"item\":\"https:\/\/blog.holyart.it\/de\/heilige-und-selige\/\"},{\"@type\":\"ListItem\",\"position\":3,\"name\":\"Der heilige Stefan: Der erste M\u00e4rtyrer der Christenheit\"}]},{\"@type\":\"WebSite\",\"@id\":\"https:\/\/blog.holyart.it\/de\/#website\",\"url\":\"https:\/\/blog.holyart.it\/de\/\",\"name\":\"Holyart.de Blog\",\"description\":\"Holyblog\",\"publisher\":{\"@id\":\"https:\/\/blog.holyart.it\/de\/#organization\"},\"potentialAction\":[{\"@type\":\"SearchAction\",\"target\":{\"@type\":\"EntryPoint\",\"urlTemplate\":\"https:\/\/blog.holyart.it\/de\/?s={search_term_string}\"},\"query-input\":{\"@type\":\"PropertyValueSpecification\",\"valueRequired\":true,\"valueName\":\"search_term_string\"}}],\"inLanguage\":\"de\"},{\"@type\":\"Organization\",\"@id\":\"https:\/\/blog.holyart.it\/de\/#organization\",\"name\":\"Holyart.de Blog\",\"url\":\"https:\/\/blog.holyart.it\/de\/\",\"logo\":{\"@type\":\"ImageObject\",\"inLanguage\":\"de\",\"@id\":\"https:\/\/blog.holyart.it\/de\/#\/schema\/logo\/image\/\",\"url\":\"https:\/\/blog.holyart.it\/de\/wp-content\/uploads\/sites\/12\/2022\/12\/Holyart_Blog_Logo.jpg\",\"contentUrl\":\"https:\/\/blog.holyart.it\/de\/wp-content\/uploads\/sites\/12\/2022\/12\/Holyart_Blog_Logo.jpg\",\"width\":300,\"height\":50,\"caption\":\"Holyart.de Blog\"},\"image\":{\"@id\":\"https:\/\/blog.holyart.it\/de\/#\/schema\/logo\/image\/\"}},{\"@type\":\"Person\",\"@id\":\"https:\/\/blog.holyart.it\/de\/#\/schema\/person\/0a7b686e5af0f856ec1e390dd0baecda\",\"name\":\"Redazione\",\"image\":{\"@type\":\"ImageObject\",\"inLanguage\":\"de\",\"@id\":\"https:\/\/blog.holyart.it\/de\/#\/schema\/person\/image\/\",\"url\":\"https:\/\/secure.gravatar.com\/avatar\/f477da817f43e50d0af36abecd33e3edf826c68299714bdc1057dff3b113f516?s=96&d=mm&r=g\",\"contentUrl\":\"https:\/\/secure.gravatar.com\/avatar\/f477da817f43e50d0af36abecd33e3edf826c68299714bdc1057dff3b113f516?s=96&d=mm&r=g\",\"caption\":\"Redazione\"}}]}<\/script>\n<!-- \/ Yoast SEO plugin. -->","yoast_head_json":{"title":"Der heilige Stefan: Der erste M\u00e4rtyrer der Christenheit - Holyart.de Blog","description":"Der 26. Dezember ist der Gedenktag des heiligen Stefan, des ersten Christen, der sein Leben f\u00fcr seinen Glauben an Christus gab.","robots":{"index":"index","follow":"follow","max-snippet":"max-snippet:-1","max-image-preview":"max-image-preview:large","max-video-preview":"max-video-preview:-1"},"canonical":"https:\/\/blog.holyart.it\/de\/heilige-und-selige\/der-heilige-stefan-der-erste-maertyrer-der-christenheit\/","og_locale":"de_DE","og_type":"article","og_title":"Der heilige Stefan: Der erste M\u00e4rtyrer der Christenheit - Holyart.de Blog","og_description":"Der 26. Dezember ist der Gedenktag des heiligen Stefan, des ersten Christen, der sein Leben f\u00fcr seinen Glauben an Christus gab.","og_url":"https:\/\/blog.holyart.it\/de\/heilige-und-selige\/der-heilige-stefan-der-erste-maertyrer-der-christenheit\/","og_site_name":"Holyart.de Blog","article_published_time":"2025-12-22T09:00:27+00:00","og_image":[{"width":1000,"height":666,"url":"https:\/\/blog.holyart.it\/de\/wp-content\/uploads\/sites\/12\/2025\/12\/Der-heilige-Stefan.jpg","type":"image\/jpeg"}],"author":"Redazione","twitter_card":"summary_large_image","twitter_misc":{"Verfasst von":"Redazione","Gesch\u00e4tzte Lesezeit":"7\u00a0Minuten"},"schema":{"@context":"https:\/\/schema.org","@graph":[{"@type":"Article","@id":"https:\/\/blog.holyart.it\/de\/heilige-und-selige\/der-heilige-stefan-der-erste-maertyrer-der-christenheit\/#article","isPartOf":{"@id":"https:\/\/blog.holyart.it\/de\/heilige-und-selige\/der-heilige-stefan-der-erste-maertyrer-der-christenheit\/"},"author":{"name":"Redazione","@id":"https:\/\/blog.holyart.it\/de\/#\/schema\/person\/0a7b686e5af0f856ec1e390dd0baecda"},"headline":"Der heilige Stefan: Der erste M\u00e4rtyrer der Christenheit","datePublished":"2025-12-22T09:00:27+00:00","mainEntityOfPage":{"@id":"https:\/\/blog.holyart.it\/de\/heilige-und-selige\/der-heilige-stefan-der-erste-maertyrer-der-christenheit\/"},"wordCount":1008,"publisher":{"@id":"https:\/\/blog.holyart.it\/de\/#organization"},"image":{"@id":"https:\/\/blog.holyart.it\/de\/heilige-und-selige\/der-heilige-stefan-der-erste-maertyrer-der-christenheit\/#primaryimage"},"thumbnailUrl":"https:\/\/blog.holyart.it\/de\/wp-content\/uploads\/sites\/12\/2025\/12\/Der-heilige-Stefan.jpg","articleSection":["Heilige und Selige"],"inLanguage":"de"},{"@type":"WebPage","@id":"https:\/\/blog.holyart.it\/de\/heilige-und-selige\/der-heilige-stefan-der-erste-maertyrer-der-christenheit\/","url":"https:\/\/blog.holyart.it\/de\/heilige-und-selige\/der-heilige-stefan-der-erste-maertyrer-der-christenheit\/","name":"Der heilige Stefan: Der erste M\u00e4rtyrer der Christenheit - Holyart.de Blog","isPartOf":{"@id":"https:\/\/blog.holyart.it\/de\/#website"},"primaryImageOfPage":{"@id":"https:\/\/blog.holyart.it\/de\/heilige-und-selige\/der-heilige-stefan-der-erste-maertyrer-der-christenheit\/#primaryimage"},"image":{"@id":"https:\/\/blog.holyart.it\/de\/heilige-und-selige\/der-heilige-stefan-der-erste-maertyrer-der-christenheit\/#primaryimage"},"thumbnailUrl":"https:\/\/blog.holyart.it\/de\/wp-content\/uploads\/sites\/12\/2025\/12\/Der-heilige-Stefan.jpg","datePublished":"2025-12-22T09:00:27+00:00","description":"Der 26. Dezember ist der Gedenktag des heiligen Stefan, des ersten Christen, der sein Leben f\u00fcr seinen Glauben an Christus gab.","breadcrumb":{"@id":"https:\/\/blog.holyart.it\/de\/heilige-und-selige\/der-heilige-stefan-der-erste-maertyrer-der-christenheit\/#breadcrumb"},"inLanguage":"de","potentialAction":[{"@type":"ReadAction","target":["https:\/\/blog.holyart.it\/de\/heilige-und-selige\/der-heilige-stefan-der-erste-maertyrer-der-christenheit\/"]}]},{"@type":"ImageObject","inLanguage":"de","@id":"https:\/\/blog.holyart.it\/de\/heilige-und-selige\/der-heilige-stefan-der-erste-maertyrer-der-christenheit\/#primaryimage","url":"https:\/\/blog.holyart.it\/de\/wp-content\/uploads\/sites\/12\/2025\/12\/Der-heilige-Stefan.jpg","contentUrl":"https:\/\/blog.holyart.it\/de\/wp-content\/uploads\/sites\/12\/2025\/12\/Der-heilige-Stefan.jpg","width":1000,"height":666,"caption":"Der heilige Stefan"},{"@type":"BreadcrumbList","@id":"https:\/\/blog.holyart.it\/de\/heilige-und-selige\/der-heilige-stefan-der-erste-maertyrer-der-christenheit\/#breadcrumb","itemListElement":[{"@type":"ListItem","position":1,"name":"Homepage","item":"https:\/\/blog.holyart.it\/de\/"},{"@type":"ListItem","position":2,"name":"Heilige und Selige","item":"https:\/\/blog.holyart.it\/de\/heilige-und-selige\/"},{"@type":"ListItem","position":3,"name":"Der heilige Stefan: Der erste M\u00e4rtyrer der Christenheit"}]},{"@type":"WebSite","@id":"https:\/\/blog.holyart.it\/de\/#website","url":"https:\/\/blog.holyart.it\/de\/","name":"Holyart.de Blog","description":"Holyblog","publisher":{"@id":"https:\/\/blog.holyart.it\/de\/#organization"},"potentialAction":[{"@type":"SearchAction","target":{"@type":"EntryPoint","urlTemplate":"https:\/\/blog.holyart.it\/de\/?s={search_term_string}"},"query-input":{"@type":"PropertyValueSpecification","valueRequired":true,"valueName":"search_term_string"}}],"inLanguage":"de"},{"@type":"Organization","@id":"https:\/\/blog.holyart.it\/de\/#organization","name":"Holyart.de Blog","url":"https:\/\/blog.holyart.it\/de\/","logo":{"@type":"ImageObject","inLanguage":"de","@id":"https:\/\/blog.holyart.it\/de\/#\/schema\/logo\/image\/","url":"https:\/\/blog.holyart.it\/de\/wp-content\/uploads\/sites\/12\/2022\/12\/Holyart_Blog_Logo.jpg","contentUrl":"https:\/\/blog.holyart.it\/de\/wp-content\/uploads\/sites\/12\/2022\/12\/Holyart_Blog_Logo.jpg","width":300,"height":50,"caption":"Holyart.de Blog"},"image":{"@id":"https:\/\/blog.holyart.it\/de\/#\/schema\/logo\/image\/"}},{"@type":"Person","@id":"https:\/\/blog.holyart.it\/de\/#\/schema\/person\/0a7b686e5af0f856ec1e390dd0baecda","name":"Redazione","image":{"@type":"ImageObject","inLanguage":"de","@id":"https:\/\/blog.holyart.it\/de\/#\/schema\/person\/image\/","url":"https:\/\/secure.gravatar.com\/avatar\/f477da817f43e50d0af36abecd33e3edf826c68299714bdc1057dff3b113f516?s=96&d=mm&r=g","contentUrl":"https:\/\/secure.gravatar.com\/avatar\/f477da817f43e50d0af36abecd33e3edf826c68299714bdc1057dff3b113f516?s=96&d=mm&r=g","caption":"Redazione"}}]}},"_links":{"self":[{"href":"https:\/\/blog.holyart.it\/de\/wp-json\/wp\/v2\/posts\/7461","targetHints":{"allow":["GET"]}}],"collection":[{"href":"https:\/\/blog.holyart.it\/de\/wp-json\/wp\/v2\/posts"}],"about":[{"href":"https:\/\/blog.holyart.it\/de\/wp-json\/wp\/v2\/types\/post"}],"author":[{"embeddable":true,"href":"https:\/\/blog.holyart.it\/de\/wp-json\/wp\/v2\/users\/1"}],"replies":[{"embeddable":true,"href":"https:\/\/blog.holyart.it\/de\/wp-json\/wp\/v2\/comments?post=7461"}],"version-history":[{"count":5,"href":"https:\/\/blog.holyart.it\/de\/wp-json\/wp\/v2\/posts\/7461\/revisions"}],"predecessor-version":[{"id":7472,"href":"https:\/\/blog.holyart.it\/de\/wp-json\/wp\/v2\/posts\/7461\/revisions\/7472"}],"wp:featuredmedia":[{"embeddable":true,"href":"https:\/\/blog.holyart.it\/de\/wp-json\/wp\/v2\/media\/7462"}],"wp:attachment":[{"href":"https:\/\/blog.holyart.it\/de\/wp-json\/wp\/v2\/media?parent=7461"}],"wp:term":[{"taxonomy":"category","embeddable":true,"href":"https:\/\/blog.holyart.it\/de\/wp-json\/wp\/v2\/categories?post=7461"},{"taxonomy":"post_tag","embeddable":true,"href":"https:\/\/blog.holyart.it\/de\/wp-json\/wp\/v2\/tags?post=7461"}],"curies":[{"name":"wp","href":"https:\/\/api.w.org\/{rel}","templated":true}]}}