{"id":7440,"date":"2025-12-17T10:00:49","date_gmt":"2025-12-17T09:00:49","guid":{"rendered":"https:\/\/blog.holyart.it\/de\/?p=7440"},"modified":"2026-04-28T14:42:35","modified_gmt":"2026-04-28T12:42:35","slug":"die-krippe-in-der-maria-ruht-die-geburtsszene-die-papst-franziskus-beruehrte","status":"publish","type":"post","link":"https:\/\/blog.holyart.it\/de\/weihnachten\/die-krippe-in-der-maria-ruht-die-geburtsszene-die-papst-franziskus-beruehrte\/","title":{"rendered":"Die Krippe, in der Maria ruht: Die Geburtsszene, die Papst Franziskus ber\u00fchrte"},"content":{"rendered":"<h4>In der Krippe ruht Maria, und der Heilige Josef wacht. Hier ist die originelle Darstellung der Geburt, die Papst Franziskus bewegte und uns ein neues Gesicht der Heiligen Familie zeigt<\/h4>\n<p>Jedes Jahr n\u00e4hrt die <strong><a href=\"https:\/\/www.holyart.de\/weihnachten\/heilige-familie?page=1\">Szene der Geburt<\/a><\/strong> \u2013 mit Maria, die das Jesuskind in den Armen h\u00e4lt oder liebevoll \u00fcber ihn wacht, w\u00e4hrend er in der Krippe liegt, und dem Heiligen Josef, der etwas abseits \u00fcber sie wacht \u2013 die Spiritualit\u00e4t und Hingabe von Millionen von Menschen auf der ganzen Welt w\u00e4hrend der Weihnachtszeit und dar\u00fcber hinaus. Aber was passiert, wenn in der Krippe Maria ruht und stattdessen der Heilige Josef sich um den kleinen Jesus k\u00fcmmert?<\/p>\n<div class=\"link-product\">\n<div class=\"blocco-immagine\"><img loading=\"lazy\" decoding=\"async\" class=\"size-full wp-image-7442 alignleft\" src=\"https:\/\/blog.holyart.it\/de\/wp-content\/uploads\/sites\/12\/2025\/12\/heilige-familie-aus-farbig-bemaltem-resin-fur-20-cm-krippe-20-12-5-cm.jpg\" alt=\"Heilige Familie \" width=\"100\" height=\"100\" data-kale-share-title=\"Die Krippe, in der Maria ruht: Die Geburtsszene, die Papst Franziskus ber\u00fchrte\" data-kale-share-url=\"https:\/\/blog.holyart.it\/de\/?p=7440\" \/><\/div>\n<div class=\"blocco-contenuto\">\n<div class=\"blocco-acquista\">Einkaufen:<\/div>\n<div class=\"blocco-titolo\"><a href=\"https:\/\/www.holyart.de\/weihnachten\/heilige-familie\">Heilige Familie<\/a><\/div>\n<div class=\"blocco-descrizione\">Darstellungen der Heiligen Familie aus Holz, Stein, Stoff, Porzellan<\/div>\n<\/div>\n<\/div>\n<p>Vor einigen Jahren erz\u00e4hlte <a href=\"https:\/\/www.holyart.de\/besondere-anlasse\/papst-franziskus?page=1\"><strong>Papst Franziskus<\/strong><\/a>, dass er als Geburtstagsgeschenk eine originelle Nachbildung der Geburt mit dem Titel <a href=\"https:\/\/www.holyart.de\/weihnachten\/heilige-familie\/krippe-aus-harz-bemalt-20-cm\"><strong><em>\u201eLasst Mama sich ausruhen\u201c<\/em><\/strong><\/a> erhalten hatte. In dieser einzigartigen Krippe liegt die Madonna friedlich schlafend da, den Kopf auf einem Sack, der ihr als Kissen dient, w\u00e4hrend Josef unweit davon das Jesuskind wiegt, das sich verschlafen streckt und seine kleinen H\u00e4nde in die Luft streckt. Kurzum, in dieser Krippe ruht Maria und Josef spielt die Mama!<\/p>\n<p>Der Papst war sehr ber\u00fchrt und bewegt von dieser alternativen Krippe und sprach auch in seiner Katechese dar\u00fcber. Insbesondere hob er die <strong>Einfachheit und Menschlichkeit<\/strong> dieser Darstellung hervor, die wie und mehr als viele Darstellungen der Geburt die Z\u00e4rtlichkeit, aber auch die allt\u00e4glichen Probleme innerhalb einer Familie und einer Ehe zum Ausdruck bringen konnte. Wer von denen, die Kinder haben, erinnert sich nicht daran, wie anstrengend es ist, sich nachts um ein Neugeborenes zu k\u00fcmmern, wenn Mama und Papa gezwungen sind, sich abzuwechseln, um zu versuchen, es zu beruhigen und abwechselnd etwas Schlaf zu bekommen?<\/p>\n<div class=\"link-product\">\n<div class=\"blocco-immagine\"><img loading=\"lazy\" decoding=\"async\" class=\"size-full wp-image-7443 alignleft\" src=\"https:\/\/blog.holyart.it\/de\/wp-content\/uploads\/sites\/12\/2025\/12\/bildchen-jubilaum-2025-mit-dem-gesicht-von-papst-franziskus-und-gebet.jpg\" alt=\"Bildchen Jubil\u00e4um 2025 mit dem Gesicht von Papst\" width=\"100\" height=\"100\" data-kale-share-title=\"Die Krippe, in der Maria ruht: Die Geburtsszene, die Papst Franziskus ber\u00fchrte\" data-kale-share-url=\"https:\/\/blog.holyart.it\/de\/?p=7440\" \/><\/div>\n<div class=\"blocco-contenuto\">\n<div class=\"blocco-acquista\">Einkaufen:<\/div>\n<div class=\"blocco-titolo\"><a href=\"https:\/\/www.holyart.de\/besondere-anlasse\/papst-franziskus?page=1\">Papst Franziskus<\/a><\/div>\n<div class=\"blocco-descrizione\">Diese Produktkategorie ist Jorge Mario Bergoglio gewidmet<\/div>\n<\/div>\n<\/div>\n<p>So zeigt <em>\u201eLasst Mama sich ausruhen\u201c<\/em> nicht nur eine alternative Geburtsszene, sondern eine neue Art, die <strong><a href=\"https:\/\/www.holyart.de\/devotionalien\/ikonen\/rumanische-ikonen\/ikone-heilige-familie-in-relief\">Heilige Familie<\/a><\/strong> zu verstehen \u2013 nicht als in definierten und \u00fcber die Jahrhunderte kodifizierten Rollen erstarrt, sondern als das, was sie wirklich war und ist: eine Familie, die Familie aller Familien.<\/p>\n<p>Sie besteht zwar aus Rollen, aber Rollen, die vertauscht werden k\u00f6nnen, und sie besteht aus h\u00e4uslicher S\u00fc\u00dfe und Harmonie. Genau diese S\u00fc\u00dfe und Harmonie w\u00fcnschte der Papst allen, sie in ihr eigenes Zuhause zu bringen, w\u00e4hrend der Feiertage und dar\u00fcber hinaus.<\/p>\n<p>F\u00fcr Papst Franziskus ist die Krippe ein <strong>h\u00e4usliches Evangelium<\/strong>, eine Inspiration, eine Einladung, <a href=\"https:\/\/www.holyart.de\/weihnachten\/heilige-familie\/heilige-familie-porzellan-navel-18-cm\"><strong>dem Beispiel der Heiligen Familie<\/strong><\/a> zu folgen und Freude, N\u00e4he, das Teilen der t\u00e4glichen Sorgen, eine tiefe und liebevolle Einheit in den Alltag zu bringen.<\/p>\n<div class=\"link-product\">\n<div class=\"blocco-immagine\"><img loading=\"lazy\" decoding=\"async\" class=\"size-full wp-image-7444 alignleft\" src=\"https:\/\/blog.holyart.it\/de\/wp-content\/uploads\/sites\/12\/2025\/12\/ikone-heilige-familie-in-relief.jpg\" alt=\"Ikone Heilige Familie in Relief \" width=\"100\" height=\"100\" data-kale-share-title=\"Die Krippe, in der Maria ruht: Die Geburtsszene, die Papst Franziskus ber\u00fchrte\" data-kale-share-url=\"https:\/\/blog.holyart.it\/de\/?p=7440\" \/><\/div>\n<div class=\"blocco-contenuto\">\n<div class=\"blocco-acquista\">Einkaufen:<\/div>\n<div class=\"blocco-titolo\"><a href=\"https:\/\/www.holyart.de\/devotionalien\/ikonen\/rumanische-ikonen\/ikone-heilige-familie-in-relief\">Ikone Heilige Familie in Relief<\/a><\/div>\n<div class=\"blocco-descrizione\">Die Ikone zeigt die heilige Familie und ist mit einem goldenen Rand in Relief verfeinert.<\/div>\n<\/div>\n<\/div>\n<p>Die <strong><a href=\"https:\/\/www.holyart.de\/weihnachten\/krippen\">Krippe<\/a> <\/strong>ist heute in unserem <strong>hektischen Alltag<\/strong>, in der Schwierigkeit, Zeit f\u00fcr Spiritualit\u00e4t und f\u00fcr das wirklich Wichtige, das Essenzielle, zu finden, wichtiger denn je. Eine Krippe im eigenen Zuhause aufzustellen, ist daher eine M\u00f6glichkeit, <strong>Jesus die T\u00fcr zu \u00f6ffnen<\/strong>, ihn in unser Leben eintreten zu lassen.<\/p>\n<p>Die Madonna, die ruht, w\u00e4hrend Josef sich um Jesus k\u00fcmmert, vermittelt uns ein au\u00dferordentlich <a href=\"https:\/\/www.holyart.de\/weihnachten\/krippen\/krippen-aus-resin-und-stoff\/schlummernde-madonna-aus-handbemaltem-harz-fur-krippe-10x15x10-cm\"><strong>modernes<\/strong><\/a>, wenn auch ungew\u00f6hnliches Bild. Wenn Maria in dieser besonderen Krippe ruht, bedeutet das nicht, dass ihr Denken, ihr Herz, nicht ganz auf das Kind ausgerichtet ist, dem sie gerade das Leben geschenkt hat. Im Gegenteil, es war gerade diese beharrliche Sorge, diese Anstrengung der Liebe, die ihre Kr\u00e4fte ersch\u00f6pfte und sie zwang, Ruhe zu suchen. Und es ist sch\u00f6n, sich den Heiligen Josef vorzustellen, wie er das kleine Jesuskind behutsam aus ihren Armen nimmt und ihr mit Z\u00e4rtlichkeit zul\u00e4chelt und sagt: <em>\u201eGeh, ruh dich ein wenig aus, ich k\u00fcmmere mich um alles.\u201c<\/em><\/p>\n<p>Ein Mann und eine Frau, ein Ehepaar, das die Erfahrung der<strong><a href=\"https:\/\/www.holyart.de\/blog\/devotionalien\/wie-man-ein-kinderzimmer-mit-religioesen-gegenstaenden-ausstattet-unsere-ratschlaege\/\"> Geburt ihres ersten Kindes<\/a><\/strong> teilt, und damit das immense, unsagbare Geheimnis, dessen Gott sie zu Protagonisten machen wollte. Schlie\u00dflich m\u00fcssen wir bedenken, dass Josef und Maria nichts von dem wissen konnten, was sp\u00e4ter kommen w\u00fcrde: von den Predigten, den Wundern, den jubelnden Menschenmengen, die Jesus durch Jud\u00e4a folgen w\u00fcrden. Sie lebten ein normales Leben, einen Alltag, der aus harter Arbeit, aus sch\u00f6nen und schlechten Momenten bestand, aber immer geteilt wurde, Tag f\u00fcr Tag, Schritt f\u00fcr Schritt. Ein Alltag, der nur auf ein Kind wartete, um vollst\u00e4ndig zu sein.<\/p>\n<div class=\"link-article\">\n<p><img loading=\"lazy\" decoding=\"async\" class=\"size-full wp-image-7445 alignleft\" src=\"https:\/\/blog.holyart.it\/de\/wp-content\/uploads\/sites\/12\/2025\/12\/ein-kinderzimmer-ausstattet.jpeg\" alt=\"ein kinderzimmer ausstattet\" width=\"150\" height=\"99\" data-kale-share-title=\"Die Krippe, in der Maria ruht: Die Geburtsszene, die Papst Franziskus ber\u00fchrte\" data-kale-share-url=\"https:\/\/blog.holyart.it\/de\/?p=7440\" \/><\/p>\n<div class=\"leggi-anche\">Lesen Sie auch:<\/div>\n<p><strong><a href=\"https:\/\/www.holyart.de\/blog\/devotionalien\/wie-man-ein-kinderzimmer-mit-religioesen-gegenstaenden-ausstattet-unsere-ratschlaege\/\">Wie man ein Kinderzimmer mit religi\u00f6sen Gegenst\u00e4nden ausstattet: unsere Ratschl\u00e4ge<\/a><\/strong><br \/>\nWie kann man ein Kinderzimmer mit religi\u00f6sen Gegenst\u00e4nden einrichten?<\/p>\n<\/div>\n<p>In diesem Ehepaar, das beschlie\u00dft, seine Rollen zu tauschen, die Verantwortlichkeiten zu wechseln, k\u00f6nnen der Papst und wir mit ihm nicht umhin, eine zeitgen\u00f6ssische und menschliche Interpretation der tiefsten Bedeutung der Krippe zu erkennen.<\/p>\n<p>In unserem Online-Shop sind einige Modelle dieser wundersch\u00f6nen alternativen Krippe erh\u00e4ltlich, in der Maria ruht und der Heilige Josef \u00fcber Jesus wacht.<\/p>\n<div class=\"sp-styles-warning\" style=\"width: 450px; background-color: #FFF; color: #F00; border: 1px solid #F00; padding: 10px; font-size: 14px;\">\n\t\t\t<span style=\"font-weight: bold;\">Warning: The stylesheets were not loaded!<\/span> \n\t\t\tYou will need to change the <i>Load stylesheets<\/i> setting from <i>Automatically<\/i> to <i>On homepage<\/i> or <i>On all pages<\/i>. \n\t\t\tYou can set that <a style=\"text-decoration: underline; color: #F00;\" href=\"https:\/\/blog.holyart.it\/de\/wp-admin\/admin.php?page=sliderpro-settings\">here<\/a>.\n\t\t\t<\/div>\r\n<div id=\"slider-pro-135\" class=\"slider-pro sp-no-js\" style=\"width: 500px; height: 500px;\">\r\n\t<div class=\"sp-slides\">\r\n\t\t\r\n\t\t<div class=\"sp-slide\">\r\n\t\t\t<img loading=\"lazy\" decoding=\"async\" class=\"sp-image\" src=\"https:\/\/blog.holyart.it\/de\/wp-content\/uploads\/sites\/12\/2025\/12\/krippe-aus-harz-bemalt-20-cm.jpg\" alt=\"Krippe aus Harz bemalt, 20 cm\" width=\"500\" height=\"500\" \/>\r\n\t\t\t<div class=\"sp-thumbnail\"><a class=\"\" href=\"https:\/\/www.holyart.de\/weihnachten\/heilige-familie\/krippe-aus-harz-bemalt-20-cm\">\r\n\t\t\t\t<img decoding=\"async\" src=\"https:\/\/blog.holyart.it\/de\/wp-content\/uploads\/sites\/12\/2025\/12\/krippe-aus-harz-bemalt-20-cm-1.jpg\" alt=\"Krippe aus Harz bemalt, 20 cm\" \/>\r\n\t\t\t<\/a>\r\n\t\t\t<\/div>\r\n\t\t\t<div class=\"sp-caption\">Krippe aus Harz bemalt, 20 cm<\/br><strong><a href=\"https:\/\/www.holyart.de\/weihnachten\/heilige-familie\/krippe-aus-harz-bemalt-20-cm\">Bei Holyart kaufen<\/a><\/strong><\/div>\r\n\t\t<\/div>\r\n\t\t<div class=\"sp-slide\">\r\n\t\t\t<img loading=\"lazy\" decoding=\"async\" class=\"sp-image\" src=\"https:\/\/blog.holyart.it\/de\/wp-content\/uploads\/sites\/12\/2025\/12\/heilige-familie-porzellan-navel-18-cm.jpg\" alt=\"Heilige Familie, Porzellan, Navel, 18 cm\" width=\"500\" height=\"500\" \/>\r\n\t\t\t<div class=\"sp-thumbnail\"><a class=\"\" href=\"https:\/\/www.holyart.de\/weihnachten\/heilige-familie\/heilige-familie-porzellan-navel-18-cm\">\r\n\t\t\t\t<img decoding=\"async\" src=\"https:\/\/blog.holyart.it\/de\/wp-content\/uploads\/sites\/12\/2025\/12\/heilige-familie-porzellan-navel-18-cm-1.jpg\" alt=\"Heilige Familie, Porzellan, Navel, 18 cm\" \/>\r\n\t\t\t<\/a>\r\n\t\t\t<\/div>\r\n\t\t\t<div class=\"sp-caption\">Heilige Familie, Porzellan, Navel, 18 cm<\/br><strong><a href=\"https:\/\/www.holyart.de\/weihnachten\/heilige-familie\/heilige-familie-porzellan-navel-18-cm\">Bei Holyart kaufen<\/a><\/strong><\/div>\r\n\t\t<\/div>\r\n\t\t<div class=\"sp-slide\">\r\n\t\t\t<img loading=\"lazy\" decoding=\"async\" class=\"sp-image\" src=\"https:\/\/blog.holyart.it\/de\/wp-content\/uploads\/sites\/12\/2025\/12\/schlummernde-madonna-aus-handbemaltem-harz-fur-krippe-10x15x10-cm.jpg\" alt=\"Schlummernde Madonna aus handbemaltem Harz f\u00fcr Krippe, 10x15x10 cm\" width=\"500\" height=\"500\" \/>\r\n\t\t\t<div class=\"sp-thumbnail\"><a class=\"\" href=\"https:\/\/www.holyart.de\/weihnachten\/krippen\/krippen-aus-resin-und-stoff\/schlummernde-madonna-aus-handbemaltem-harz-fur-krippe-10x15x10-cm\">\r\n\t\t\t\t<img decoding=\"async\" src=\"https:\/\/blog.holyart.it\/de\/wp-content\/uploads\/sites\/12\/2025\/12\/schlummernde-madonna-aus-handbemaltem-harz-fur-krippe-10x15x10-cm-1.jpg\" alt=\"Schlummernde Madonna aus handbemaltem Harz f\u00fcr Krippe, 10x15x10 cm\" \/>\r\n\t\t\t<\/a>\r\n\t\t\t<\/div>\r\n\t\t\t<div class=\"sp-caption\">Schlummernde Madonna aus handbemaltem Harz f\u00fcr Krippe, 10x15x10 cm<\/br><strong><a href=\"https:\/\/www.holyart.de\/weihnachten\/krippen\/krippen-aus-resin-und-stoff\/schlummernde-madonna-aus-handbemaltem-harz-fur-krippe-10x15x10-cm\">Bei Holyart kaufen<\/a><\/strong><\/div>\r\n\t\t<\/div>\r\n\t<\/div>\r\n<\/div>\n","protected":false},"excerpt":{"rendered":"<p>In der Krippe ruht Maria, und der Heilige Josef wacht. Hier ist die originelle Darstellung der Geburt, die Papst Franziskus bewegte und uns ein neues Gesicht der Heiligen Familie zeigt Jedes Jahr n\u00e4hrt die Szene der Geburt \u2013 mit Maria, die das Jesuskind in den&hellip;<\/p>\n","protected":false},"author":1,"featured_media":7441,"comment_status":"closed","ping_status":"open","sticky":false,"template":"","format":"standard","meta":{"_acf_changed":false,"footnotes":""},"categories":[12],"tags":[],"class_list":["post-7440","post","type-post","status-publish","format-standard","has-post-thumbnail","hentry","category-weihnachten"],"acf":[],"yoast_head":"<!-- This site is optimized with the Yoast SEO plugin v26.6 - https:\/\/yoast.com\/wordpress\/plugins\/seo\/ -->\n<title>Die Krippe, in der Maria ruht: Die Geburtsszene, die Papst Franziskus ber\u00fchrte - Holyart.de Blog<\/title>\n<meta name=\"description\" content=\"In der Krippe ruht Maria und Josef k\u00fcmmert sich um das Jesuskind in seinen Armen. Die Heilige Familie in ihrer ergreifenden Modernit\u00e4t...\" \/>\n<meta name=\"robots\" content=\"index, follow, max-snippet:-1, max-image-preview:large, max-video-preview:-1\" \/>\n<link rel=\"canonical\" href=\"https:\/\/blog.holyart.it\/de\/weihnachten\/die-krippe-in-der-maria-ruht-die-geburtsszene-die-papst-franziskus-beruehrte\/\" \/>\n<meta property=\"og:locale\" content=\"de_DE\" \/>\n<meta property=\"og:type\" content=\"article\" \/>\n<meta property=\"og:title\" content=\"Die Krippe, in der Maria ruht: Die Geburtsszene, die Papst Franziskus ber\u00fchrte - Holyart.de Blog\" \/>\n<meta property=\"og:description\" content=\"In der Krippe ruht Maria und Josef k\u00fcmmert sich um das Jesuskind in seinen Armen. Die Heilige Familie in ihrer ergreifenden Modernit\u00e4t...\" \/>\n<meta property=\"og:url\" content=\"https:\/\/blog.holyart.it\/de\/weihnachten\/die-krippe-in-der-maria-ruht-die-geburtsszene-die-papst-franziskus-beruehrte\/\" \/>\n<meta property=\"og:site_name\" content=\"Holyart.de Blog\" \/>\n<meta property=\"article:published_time\" content=\"2025-12-17T09:00:49+00:00\" \/>\n<meta property=\"article:modified_time\" content=\"2026-04-28T12:42:35+00:00\" \/>\n<meta property=\"og:image\" content=\"https:\/\/blog.holyart.it\/de\/wp-content\/uploads\/sites\/12\/2025\/12\/Die-Krippe-in-der-Maria-ruht-Die-Geburtsszene.jpg\" \/>\n\t<meta property=\"og:image:width\" content=\"1000\" \/>\n\t<meta property=\"og:image:height\" content=\"666\" \/>\n\t<meta property=\"og:image:type\" content=\"image\/jpeg\" \/>\n<meta name=\"author\" content=\"Redazione\" \/>\n<meta name=\"twitter:card\" content=\"summary_large_image\" \/>\n<meta name=\"twitter:label1\" content=\"Verfasst von\" \/>\n\t<meta name=\"twitter:data1\" content=\"Redazione\" \/>\n\t<meta name=\"twitter:label2\" content=\"Gesch\u00e4tzte Lesezeit\" \/>\n\t<meta name=\"twitter:data2\" content=\"6\u00a0Minuten\" \/>\n<script type=\"application\/ld+json\" class=\"yoast-schema-graph\">{\"@context\":\"https:\/\/schema.org\",\"@graph\":[{\"@type\":\"Article\",\"@id\":\"https:\/\/blog.holyart.it\/de\/weihnachten\/die-krippe-in-der-maria-ruht-die-geburtsszene-die-papst-franziskus-beruehrte\/#article\",\"isPartOf\":{\"@id\":\"https:\/\/blog.holyart.it\/de\/weihnachten\/die-krippe-in-der-maria-ruht-die-geburtsszene-die-papst-franziskus-beruehrte\/\"},\"author\":{\"name\":\"Redazione\",\"@id\":\"https:\/\/blog.holyart.it\/de\/#\/schema\/person\/0a7b686e5af0f856ec1e390dd0baecda\"},\"headline\":\"Die Krippe, in der Maria ruht: Die Geburtsszene, die Papst Franziskus ber\u00fchrte\",\"datePublished\":\"2025-12-17T09:00:49+00:00\",\"dateModified\":\"2026-04-28T12:42:35+00:00\",\"mainEntityOfPage\":{\"@id\":\"https:\/\/blog.holyart.it\/de\/weihnachten\/die-krippe-in-der-maria-ruht-die-geburtsszene-die-papst-franziskus-beruehrte\/\"},\"wordCount\":850,\"publisher\":{\"@id\":\"https:\/\/blog.holyart.it\/de\/#organization\"},\"image\":{\"@id\":\"https:\/\/blog.holyart.it\/de\/weihnachten\/die-krippe-in-der-maria-ruht-die-geburtsszene-die-papst-franziskus-beruehrte\/#primaryimage\"},\"thumbnailUrl\":\"https:\/\/blog.holyart.it\/de\/wp-content\/uploads\/sites\/12\/2025\/12\/Die-Krippe-in-der-Maria-ruht-Die-Geburtsszene.jpg\",\"articleSection\":[\"Weihnachten\"],\"inLanguage\":\"de\"},{\"@type\":\"WebPage\",\"@id\":\"https:\/\/blog.holyart.it\/de\/weihnachten\/die-krippe-in-der-maria-ruht-die-geburtsszene-die-papst-franziskus-beruehrte\/\",\"url\":\"https:\/\/blog.holyart.it\/de\/weihnachten\/die-krippe-in-der-maria-ruht-die-geburtsszene-die-papst-franziskus-beruehrte\/\",\"name\":\"Die Krippe, in der Maria ruht: Die Geburtsszene, die Papst Franziskus ber\u00fchrte - Holyart.de Blog\",\"isPartOf\":{\"@id\":\"https:\/\/blog.holyart.it\/de\/#website\"},\"primaryImageOfPage\":{\"@id\":\"https:\/\/blog.holyart.it\/de\/weihnachten\/die-krippe-in-der-maria-ruht-die-geburtsszene-die-papst-franziskus-beruehrte\/#primaryimage\"},\"image\":{\"@id\":\"https:\/\/blog.holyart.it\/de\/weihnachten\/die-krippe-in-der-maria-ruht-die-geburtsszene-die-papst-franziskus-beruehrte\/#primaryimage\"},\"thumbnailUrl\":\"https:\/\/blog.holyart.it\/de\/wp-content\/uploads\/sites\/12\/2025\/12\/Die-Krippe-in-der-Maria-ruht-Die-Geburtsszene.jpg\",\"datePublished\":\"2025-12-17T09:00:49+00:00\",\"dateModified\":\"2026-04-28T12:42:35+00:00\",\"description\":\"In der Krippe ruht Maria und Josef k\u00fcmmert sich um das Jesuskind in seinen Armen. Die Heilige Familie in ihrer ergreifenden Modernit\u00e4t...\",\"breadcrumb\":{\"@id\":\"https:\/\/blog.holyart.it\/de\/weihnachten\/die-krippe-in-der-maria-ruht-die-geburtsszene-die-papst-franziskus-beruehrte\/#breadcrumb\"},\"inLanguage\":\"de\",\"potentialAction\":[{\"@type\":\"ReadAction\",\"target\":[\"https:\/\/blog.holyart.it\/de\/weihnachten\/die-krippe-in-der-maria-ruht-die-geburtsszene-die-papst-franziskus-beruehrte\/\"]}]},{\"@type\":\"ImageObject\",\"inLanguage\":\"de\",\"@id\":\"https:\/\/blog.holyart.it\/de\/weihnachten\/die-krippe-in-der-maria-ruht-die-geburtsszene-die-papst-franziskus-beruehrte\/#primaryimage\",\"url\":\"https:\/\/blog.holyart.it\/de\/wp-content\/uploads\/sites\/12\/2025\/12\/Die-Krippe-in-der-Maria-ruht-Die-Geburtsszene.jpg\",\"contentUrl\":\"https:\/\/blog.holyart.it\/de\/wp-content\/uploads\/sites\/12\/2025\/12\/Die-Krippe-in-der-Maria-ruht-Die-Geburtsszene.jpg\",\"width\":1000,\"height\":666,\"caption\":\"Die Krippe, in der Maria ruht Die Geburtsszene\"},{\"@type\":\"BreadcrumbList\",\"@id\":\"https:\/\/blog.holyart.it\/de\/weihnachten\/die-krippe-in-der-maria-ruht-die-geburtsszene-die-papst-franziskus-beruehrte\/#breadcrumb\",\"itemListElement\":[{\"@type\":\"ListItem\",\"position\":1,\"name\":\"Homepage\",\"item\":\"https:\/\/blog.holyart.it\/de\/\"},{\"@type\":\"ListItem\",\"position\":2,\"name\":\"Weihnachten\",\"item\":\"https:\/\/blog.holyart.it\/de\/weihnachten\/\"},{\"@type\":\"ListItem\",\"position\":3,\"name\":\"Die Krippe, in der Maria ruht: Die Geburtsszene, die Papst Franziskus ber\u00fchrte\"}]},{\"@type\":\"WebSite\",\"@id\":\"https:\/\/blog.holyart.it\/de\/#website\",\"url\":\"https:\/\/blog.holyart.it\/de\/\",\"name\":\"Holyart.de Blog\",\"description\":\"Holyblog\",\"publisher\":{\"@id\":\"https:\/\/blog.holyart.it\/de\/#organization\"},\"potentialAction\":[{\"@type\":\"SearchAction\",\"target\":{\"@type\":\"EntryPoint\",\"urlTemplate\":\"https:\/\/blog.holyart.it\/de\/?s={search_term_string}\"},\"query-input\":{\"@type\":\"PropertyValueSpecification\",\"valueRequired\":true,\"valueName\":\"search_term_string\"}}],\"inLanguage\":\"de\"},{\"@type\":\"Organization\",\"@id\":\"https:\/\/blog.holyart.it\/de\/#organization\",\"name\":\"Holyart.de Blog\",\"url\":\"https:\/\/blog.holyart.it\/de\/\",\"logo\":{\"@type\":\"ImageObject\",\"inLanguage\":\"de\",\"@id\":\"https:\/\/blog.holyart.it\/de\/#\/schema\/logo\/image\/\",\"url\":\"https:\/\/blog.holyart.it\/de\/wp-content\/uploads\/sites\/12\/2022\/12\/Holyart_Blog_Logo.jpg\",\"contentUrl\":\"https:\/\/blog.holyart.it\/de\/wp-content\/uploads\/sites\/12\/2022\/12\/Holyart_Blog_Logo.jpg\",\"width\":300,\"height\":50,\"caption\":\"Holyart.de Blog\"},\"image\":{\"@id\":\"https:\/\/blog.holyart.it\/de\/#\/schema\/logo\/image\/\"}},{\"@type\":\"Person\",\"@id\":\"https:\/\/blog.holyart.it\/de\/#\/schema\/person\/0a7b686e5af0f856ec1e390dd0baecda\",\"name\":\"Redazione\",\"image\":{\"@type\":\"ImageObject\",\"inLanguage\":\"de\",\"@id\":\"https:\/\/blog.holyart.it\/de\/#\/schema\/person\/image\/\",\"url\":\"https:\/\/secure.gravatar.com\/avatar\/f477da817f43e50d0af36abecd33e3edf826c68299714bdc1057dff3b113f516?s=96&d=mm&r=g\",\"contentUrl\":\"https:\/\/secure.gravatar.com\/avatar\/f477da817f43e50d0af36abecd33e3edf826c68299714bdc1057dff3b113f516?s=96&d=mm&r=g\",\"caption\":\"Redazione\"}}]}<\/script>\n<!-- \/ Yoast SEO plugin. -->","yoast_head_json":{"title":"Die Krippe, in der Maria ruht: Die Geburtsszene, die Papst Franziskus ber\u00fchrte - Holyart.de Blog","description":"In der Krippe ruht Maria und Josef k\u00fcmmert sich um das Jesuskind in seinen Armen. Die Heilige Familie in ihrer ergreifenden Modernit\u00e4t...","robots":{"index":"index","follow":"follow","max-snippet":"max-snippet:-1","max-image-preview":"max-image-preview:large","max-video-preview":"max-video-preview:-1"},"canonical":"https:\/\/blog.holyart.it\/de\/weihnachten\/die-krippe-in-der-maria-ruht-die-geburtsszene-die-papst-franziskus-beruehrte\/","og_locale":"de_DE","og_type":"article","og_title":"Die Krippe, in der Maria ruht: Die Geburtsszene, die Papst Franziskus ber\u00fchrte - Holyart.de Blog","og_description":"In der Krippe ruht Maria und Josef k\u00fcmmert sich um das Jesuskind in seinen Armen. Die Heilige Familie in ihrer ergreifenden Modernit\u00e4t...","og_url":"https:\/\/blog.holyart.it\/de\/weihnachten\/die-krippe-in-der-maria-ruht-die-geburtsszene-die-papst-franziskus-beruehrte\/","og_site_name":"Holyart.de Blog","article_published_time":"2025-12-17T09:00:49+00:00","article_modified_time":"2026-04-28T12:42:35+00:00","og_image":[{"width":1000,"height":666,"url":"https:\/\/blog.holyart.it\/de\/wp-content\/uploads\/sites\/12\/2025\/12\/Die-Krippe-in-der-Maria-ruht-Die-Geburtsszene.jpg","type":"image\/jpeg"}],"author":"Redazione","twitter_card":"summary_large_image","twitter_misc":{"Verfasst von":"Redazione","Gesch\u00e4tzte Lesezeit":"6\u00a0Minuten"},"schema":{"@context":"https:\/\/schema.org","@graph":[{"@type":"Article","@id":"https:\/\/blog.holyart.it\/de\/weihnachten\/die-krippe-in-der-maria-ruht-die-geburtsszene-die-papst-franziskus-beruehrte\/#article","isPartOf":{"@id":"https:\/\/blog.holyart.it\/de\/weihnachten\/die-krippe-in-der-maria-ruht-die-geburtsszene-die-papst-franziskus-beruehrte\/"},"author":{"name":"Redazione","@id":"https:\/\/blog.holyart.it\/de\/#\/schema\/person\/0a7b686e5af0f856ec1e390dd0baecda"},"headline":"Die Krippe, in der Maria ruht: Die Geburtsszene, die Papst Franziskus ber\u00fchrte","datePublished":"2025-12-17T09:00:49+00:00","dateModified":"2026-04-28T12:42:35+00:00","mainEntityOfPage":{"@id":"https:\/\/blog.holyart.it\/de\/weihnachten\/die-krippe-in-der-maria-ruht-die-geburtsszene-die-papst-franziskus-beruehrte\/"},"wordCount":850,"publisher":{"@id":"https:\/\/blog.holyart.it\/de\/#organization"},"image":{"@id":"https:\/\/blog.holyart.it\/de\/weihnachten\/die-krippe-in-der-maria-ruht-die-geburtsszene-die-papst-franziskus-beruehrte\/#primaryimage"},"thumbnailUrl":"https:\/\/blog.holyart.it\/de\/wp-content\/uploads\/sites\/12\/2025\/12\/Die-Krippe-in-der-Maria-ruht-Die-Geburtsszene.jpg","articleSection":["Weihnachten"],"inLanguage":"de"},{"@type":"WebPage","@id":"https:\/\/blog.holyart.it\/de\/weihnachten\/die-krippe-in-der-maria-ruht-die-geburtsszene-die-papst-franziskus-beruehrte\/","url":"https:\/\/blog.holyart.it\/de\/weihnachten\/die-krippe-in-der-maria-ruht-die-geburtsszene-die-papst-franziskus-beruehrte\/","name":"Die Krippe, in der Maria ruht: Die Geburtsszene, die Papst Franziskus ber\u00fchrte - Holyart.de Blog","isPartOf":{"@id":"https:\/\/blog.holyart.it\/de\/#website"},"primaryImageOfPage":{"@id":"https:\/\/blog.holyart.it\/de\/weihnachten\/die-krippe-in-der-maria-ruht-die-geburtsszene-die-papst-franziskus-beruehrte\/#primaryimage"},"image":{"@id":"https:\/\/blog.holyart.it\/de\/weihnachten\/die-krippe-in-der-maria-ruht-die-geburtsszene-die-papst-franziskus-beruehrte\/#primaryimage"},"thumbnailUrl":"https:\/\/blog.holyart.it\/de\/wp-content\/uploads\/sites\/12\/2025\/12\/Die-Krippe-in-der-Maria-ruht-Die-Geburtsszene.jpg","datePublished":"2025-12-17T09:00:49+00:00","dateModified":"2026-04-28T12:42:35+00:00","description":"In der Krippe ruht Maria und Josef k\u00fcmmert sich um das Jesuskind in seinen Armen. Die Heilige Familie in ihrer ergreifenden Modernit\u00e4t...","breadcrumb":{"@id":"https:\/\/blog.holyart.it\/de\/weihnachten\/die-krippe-in-der-maria-ruht-die-geburtsszene-die-papst-franziskus-beruehrte\/#breadcrumb"},"inLanguage":"de","potentialAction":[{"@type":"ReadAction","target":["https:\/\/blog.holyart.it\/de\/weihnachten\/die-krippe-in-der-maria-ruht-die-geburtsszene-die-papst-franziskus-beruehrte\/"]}]},{"@type":"ImageObject","inLanguage":"de","@id":"https:\/\/blog.holyart.it\/de\/weihnachten\/die-krippe-in-der-maria-ruht-die-geburtsszene-die-papst-franziskus-beruehrte\/#primaryimage","url":"https:\/\/blog.holyart.it\/de\/wp-content\/uploads\/sites\/12\/2025\/12\/Die-Krippe-in-der-Maria-ruht-Die-Geburtsszene.jpg","contentUrl":"https:\/\/blog.holyart.it\/de\/wp-content\/uploads\/sites\/12\/2025\/12\/Die-Krippe-in-der-Maria-ruht-Die-Geburtsszene.jpg","width":1000,"height":666,"caption":"Die Krippe, in der Maria ruht Die Geburtsszene"},{"@type":"BreadcrumbList","@id":"https:\/\/blog.holyart.it\/de\/weihnachten\/die-krippe-in-der-maria-ruht-die-geburtsszene-die-papst-franziskus-beruehrte\/#breadcrumb","itemListElement":[{"@type":"ListItem","position":1,"name":"Homepage","item":"https:\/\/blog.holyart.it\/de\/"},{"@type":"ListItem","position":2,"name":"Weihnachten","item":"https:\/\/blog.holyart.it\/de\/weihnachten\/"},{"@type":"ListItem","position":3,"name":"Die Krippe, in der Maria ruht: Die Geburtsszene, die Papst Franziskus ber\u00fchrte"}]},{"@type":"WebSite","@id":"https:\/\/blog.holyart.it\/de\/#website","url":"https:\/\/blog.holyart.it\/de\/","name":"Holyart.de Blog","description":"Holyblog","publisher":{"@id":"https:\/\/blog.holyart.it\/de\/#organization"},"potentialAction":[{"@type":"SearchAction","target":{"@type":"EntryPoint","urlTemplate":"https:\/\/blog.holyart.it\/de\/?s={search_term_string}"},"query-input":{"@type":"PropertyValueSpecification","valueRequired":true,"valueName":"search_term_string"}}],"inLanguage":"de"},{"@type":"Organization","@id":"https:\/\/blog.holyart.it\/de\/#organization","name":"Holyart.de Blog","url":"https:\/\/blog.holyart.it\/de\/","logo":{"@type":"ImageObject","inLanguage":"de","@id":"https:\/\/blog.holyart.it\/de\/#\/schema\/logo\/image\/","url":"https:\/\/blog.holyart.it\/de\/wp-content\/uploads\/sites\/12\/2022\/12\/Holyart_Blog_Logo.jpg","contentUrl":"https:\/\/blog.holyart.it\/de\/wp-content\/uploads\/sites\/12\/2022\/12\/Holyart_Blog_Logo.jpg","width":300,"height":50,"caption":"Holyart.de Blog"},"image":{"@id":"https:\/\/blog.holyart.it\/de\/#\/schema\/logo\/image\/"}},{"@type":"Person","@id":"https:\/\/blog.holyart.it\/de\/#\/schema\/person\/0a7b686e5af0f856ec1e390dd0baecda","name":"Redazione","image":{"@type":"ImageObject","inLanguage":"de","@id":"https:\/\/blog.holyart.it\/de\/#\/schema\/person\/image\/","url":"https:\/\/secure.gravatar.com\/avatar\/f477da817f43e50d0af36abecd33e3edf826c68299714bdc1057dff3b113f516?s=96&d=mm&r=g","contentUrl":"https:\/\/secure.gravatar.com\/avatar\/f477da817f43e50d0af36abecd33e3edf826c68299714bdc1057dff3b113f516?s=96&d=mm&r=g","caption":"Redazione"}}]}},"_links":{"self":[{"href":"https:\/\/blog.holyart.it\/de\/wp-json\/wp\/v2\/posts\/7440","targetHints":{"allow":["GET"]}}],"collection":[{"href":"https:\/\/blog.holyart.it\/de\/wp-json\/wp\/v2\/posts"}],"about":[{"href":"https:\/\/blog.holyart.it\/de\/wp-json\/wp\/v2\/types\/post"}],"author":[{"embeddable":true,"href":"https:\/\/blog.holyart.it\/de\/wp-json\/wp\/v2\/users\/1"}],"replies":[{"embeddable":true,"href":"https:\/\/blog.holyart.it\/de\/wp-json\/wp\/v2\/comments?post=7440"}],"version-history":[{"count":2,"href":"https:\/\/blog.holyart.it\/de\/wp-json\/wp\/v2\/posts\/7440\/revisions"}],"predecessor-version":[{"id":7459,"href":"https:\/\/blog.holyart.it\/de\/wp-json\/wp\/v2\/posts\/7440\/revisions\/7459"}],"wp:featuredmedia":[{"embeddable":true,"href":"https:\/\/blog.holyart.it\/de\/wp-json\/wp\/v2\/media\/7441"}],"wp:attachment":[{"href":"https:\/\/blog.holyart.it\/de\/wp-json\/wp\/v2\/media?parent=7440"}],"wp:term":[{"taxonomy":"category","embeddable":true,"href":"https:\/\/blog.holyart.it\/de\/wp-json\/wp\/v2\/categories?post=7440"},{"taxonomy":"post_tag","embeddable":true,"href":"https:\/\/blog.holyart.it\/de\/wp-json\/wp\/v2\/tags?post=7440"}],"curies":[{"name":"wp","href":"https:\/\/api.w.org\/{rel}","templated":true}]}}