{"id":74,"date":"2016-06-17T15:19:56","date_gmt":"2016-06-17T13:19:56","guid":{"rendered":"https:\/\/blog.holyart.it\/de\/?p=74"},"modified":"2016-10-28T15:21:10","modified_gmt":"2016-10-28T13:21:10","slug":"franziskus-von-assisi","status":"publish","type":"post","link":"https:\/\/blog.holyart.it\/de\/heilige-und-selige\/franziskus-von-assisi\/","title":{"rendered":"Franziskus von Assisi"},"content":{"rendered":"<p>Es ist nicht einfach, etwas neues \u00fcber den <strong>Hl. Franziskus von Assisi<\/strong> zu schreiben, einen der beliebtesten Heiligenmenschen der Kirche, wurde zusammen mit <strong>Katharina von Siena<\/strong> beim Papst Pius 12. Im Jahr 1939 heiliggesprochen.<\/p>\n<p><strong>Franziskus von Assisi<\/strong> lebte sein Leben genau wie <strong>Jesus Christi<\/strong>: ein Mann, Arme zwischen den Armen, Letzte zwischen den Letzten bekam er mit seinem Lebensstil Opfertod, mit der Wundmale in seinen H\u00e4nden, fast wie eine neue Verk\u00f6rperung Gottes in ihm.<\/p>\n<p>Dieser revolution\u00e4re Lebensstil wurde nicht ganz akzeptiert und verstanden bei seinen Zeitgenossen, und <strong>Franz von Assisi<\/strong> wurde unverstanden und auf die Seite gelegt von den Meistens, aber viele folgten ihn beim Suchen des echtes Glaubens.<\/p>\n<p><strong>Franziskus von Assisi<\/strong>, Nachahmer der armen und gekreuzigten Christi, zeigte eine gro\u00dfe christliche Wahrheit, das Leben verbunden mit dem von Christus im Kreuz als Mitte f\u00fcr die Rettung. Er erinnerte auch dass ohne Opfer nichts gro\u00dfes passieren kann, dass man sein eigenes Kreuz tragen muss, um eine w\u00fcrdige Neugeburt zu kriegen. Um wie <strong>Franz von Assisi<\/strong> weder aufzuleben.<\/p>\n<p>Und noch mehr, <strong>Franziskus von Assisi<\/strong> konnte zun\u00e4chst ein Gef\u00fchl der Zugeh\u00f6rigkeit zu einer Gemeinschaft von Gl\u00e4ubigen vermitteln, dem K\u00f6rper und Geist ergeben waren. Noch heute sind Br\u00fcder, Schwester, Seminaristen, Franziskaner, jungen And\u00e4chtiger und Freunde von <strong>Franziskus von Assisi<\/strong> wie Mitglieder einer gro\u00dfen Familie, alle verbunden dank eines Lebensengagements in dem armen und gekreuzigten Christi.<\/p>\n<p>Auch nach \u00fcber 7 Jahrhunderts bleibt <strong>Franz von Assisi<\/strong> Symbol von Hoffnung und Erneuerung, von Frieden f\u00fcr die ganze Welt und Respekt f\u00fcr den Mann und die Sch\u00f6pfung.<\/p>\n<p>Auf <strong>Holyart<\/strong> k\u00f6nnen Sie <strong><a title=\"Statuen von Franziskus von Assisi\" href=\"http:\/\/www.holyart.de\/devotionalien\/statuen\">40 Statuen von Franziskus von Assisi<\/a><\/strong> mit verschiedenen Dimensionen und Materialen.<\/p>\n","protected":false},"excerpt":{"rendered":"<p>Es ist nicht einfach, etwas neues \u00fcber den Hl. Franziskus von Assisi zu schreiben, einen der beliebtesten Heiligenmenschen der Kirche, wurde zusammen mit Katharina von Siena beim Papst Pius 12. Im Jahr 1939 heiliggesprochen. Franziskus von Assisi lebte sein Leben genau wie Jesus Christi: ein&hellip;<\/p>\n","protected":false},"author":1,"featured_media":172,"comment_status":"closed","ping_status":"open","sticky":false,"template":"","format":"standard","meta":{"_acf_changed":false,"footnotes":""},"categories":[9],"tags":[],"class_list":["post-74","post","type-post","status-publish","format-standard","has-post-thumbnail","hentry","category-heilige-und-selige"],"acf":[],"yoast_head":"<!-- This site is optimized with the Yoast SEO plugin v26.6 - https:\/\/yoast.com\/wordpress\/plugins\/seo\/ -->\n<title>Franziskus von Assisi - Holyart.de Blog<\/title>\n<meta name=\"description\" content=\"Franziskus von Assisi lebte sein Leben genau wie Jesus Christi: Letzte zwischen den Letzten bekam er mit seinem Lebensstil Opfertod\" \/>\n<meta name=\"robots\" content=\"index, follow, max-snippet:-1, max-image-preview:large, max-video-preview:-1\" \/>\n<link rel=\"canonical\" href=\"https:\/\/blog.holyart.it\/de\/heilige-und-selige\/franziskus-von-assisi\/\" \/>\n<meta property=\"og:locale\" content=\"de_DE\" \/>\n<meta property=\"og:type\" content=\"article\" \/>\n<meta property=\"og:title\" content=\"Franziskus von Assisi - Holyart.de Blog\" \/>\n<meta property=\"og:description\" content=\"Franziskus von Assisi lebte sein Leben genau wie Jesus Christi: Letzte zwischen den Letzten bekam er mit seinem Lebensstil Opfertod\" \/>\n<meta property=\"og:url\" content=\"https:\/\/blog.holyart.it\/de\/heilige-und-selige\/franziskus-von-assisi\/\" \/>\n<meta property=\"og:site_name\" content=\"Holyart.de Blog\" \/>\n<meta property=\"article:published_time\" content=\"2016-06-17T13:19:56+00:00\" \/>\n<meta property=\"article:modified_time\" content=\"2016-10-28T13:21:10+00:00\" \/>\n<meta property=\"og:image\" content=\"https:\/\/blog.holyart.it\/de\/wp-content\/uploads\/sites\/12\/2016\/06\/Franziskus-von-Assisi.png\" \/>\n\t<meta property=\"og:image:width\" content=\"836\" \/>\n\t<meta property=\"og:image:height\" content=\"457\" \/>\n\t<meta property=\"og:image:type\" content=\"image\/png\" \/>\n<meta name=\"author\" content=\"Redazione\" \/>\n<meta name=\"twitter:card\" content=\"summary_large_image\" \/>\n<meta name=\"twitter:label1\" content=\"Verfasst von\" \/>\n\t<meta name=\"twitter:data1\" content=\"Redazione\" \/>\n\t<meta name=\"twitter:label2\" content=\"Gesch\u00e4tzte Lesezeit\" \/>\n\t<meta name=\"twitter:data2\" content=\"1\u00a0Minute\" \/>\n<script type=\"application\/ld+json\" class=\"yoast-schema-graph\">{\"@context\":\"https:\/\/schema.org\",\"@graph\":[{\"@type\":\"Article\",\"@id\":\"https:\/\/blog.holyart.it\/de\/heilige-und-selige\/franziskus-von-assisi\/#article\",\"isPartOf\":{\"@id\":\"https:\/\/blog.holyart.it\/de\/heilige-und-selige\/franziskus-von-assisi\/\"},\"author\":{\"name\":\"Redazione\",\"@id\":\"https:\/\/blog.holyart.it\/de\/#\/schema\/person\/0a7b686e5af0f856ec1e390dd0baecda\"},\"headline\":\"Franziskus von Assisi\",\"datePublished\":\"2016-06-17T13:19:56+00:00\",\"dateModified\":\"2016-10-28T13:21:10+00:00\",\"mainEntityOfPage\":{\"@id\":\"https:\/\/blog.holyart.it\/de\/heilige-und-selige\/franziskus-von-assisi\/\"},\"wordCount\":283,\"publisher\":{\"@id\":\"https:\/\/blog.holyart.it\/de\/#organization\"},\"image\":{\"@id\":\"https:\/\/blog.holyart.it\/de\/heilige-und-selige\/franziskus-von-assisi\/#primaryimage\"},\"thumbnailUrl\":\"https:\/\/blog.holyart.it\/de\/wp-content\/uploads\/sites\/12\/2016\/06\/Franziskus-von-Assisi.png\",\"articleSection\":[\"Heilige und Selige\"],\"inLanguage\":\"de\"},{\"@type\":\"WebPage\",\"@id\":\"https:\/\/blog.holyart.it\/de\/heilige-und-selige\/franziskus-von-assisi\/\",\"url\":\"https:\/\/blog.holyart.it\/de\/heilige-und-selige\/franziskus-von-assisi\/\",\"name\":\"Franziskus von Assisi - Holyart.de Blog\",\"isPartOf\":{\"@id\":\"https:\/\/blog.holyart.it\/de\/#website\"},\"primaryImageOfPage\":{\"@id\":\"https:\/\/blog.holyart.it\/de\/heilige-und-selige\/franziskus-von-assisi\/#primaryimage\"},\"image\":{\"@id\":\"https:\/\/blog.holyart.it\/de\/heilige-und-selige\/franziskus-von-assisi\/#primaryimage\"},\"thumbnailUrl\":\"https:\/\/blog.holyart.it\/de\/wp-content\/uploads\/sites\/12\/2016\/06\/Franziskus-von-Assisi.png\",\"datePublished\":\"2016-06-17T13:19:56+00:00\",\"dateModified\":\"2016-10-28T13:21:10+00:00\",\"description\":\"Franziskus von Assisi lebte sein Leben genau wie Jesus Christi: Letzte zwischen den Letzten bekam er mit seinem Lebensstil Opfertod\",\"breadcrumb\":{\"@id\":\"https:\/\/blog.holyart.it\/de\/heilige-und-selige\/franziskus-von-assisi\/#breadcrumb\"},\"inLanguage\":\"de\",\"potentialAction\":[{\"@type\":\"ReadAction\",\"target\":[\"https:\/\/blog.holyart.it\/de\/heilige-und-selige\/franziskus-von-assisi\/\"]}]},{\"@type\":\"ImageObject\",\"inLanguage\":\"de\",\"@id\":\"https:\/\/blog.holyart.it\/de\/heilige-und-selige\/franziskus-von-assisi\/#primaryimage\",\"url\":\"https:\/\/blog.holyart.it\/de\/wp-content\/uploads\/sites\/12\/2016\/06\/Franziskus-von-Assisi.png\",\"contentUrl\":\"https:\/\/blog.holyart.it\/de\/wp-content\/uploads\/sites\/12\/2016\/06\/Franziskus-von-Assisi.png\",\"width\":836,\"height\":457,\"caption\":\"Franziskus von Assisi\"},{\"@type\":\"BreadcrumbList\",\"@id\":\"https:\/\/blog.holyart.it\/de\/heilige-und-selige\/franziskus-von-assisi\/#breadcrumb\",\"itemListElement\":[{\"@type\":\"ListItem\",\"position\":1,\"name\":\"Homepage\",\"item\":\"https:\/\/blog.holyart.it\/de\/\"},{\"@type\":\"ListItem\",\"position\":2,\"name\":\"Heilige und Selige\",\"item\":\"https:\/\/blog.holyart.it\/de\/heilige-und-selige\/\"},{\"@type\":\"ListItem\",\"position\":3,\"name\":\"Franziskus von Assisi\"}]},{\"@type\":\"WebSite\",\"@id\":\"https:\/\/blog.holyart.it\/de\/#website\",\"url\":\"https:\/\/blog.holyart.it\/de\/\",\"name\":\"Holyart.de Blog\",\"description\":\"Holyblog\",\"publisher\":{\"@id\":\"https:\/\/blog.holyart.it\/de\/#organization\"},\"potentialAction\":[{\"@type\":\"SearchAction\",\"target\":{\"@type\":\"EntryPoint\",\"urlTemplate\":\"https:\/\/blog.holyart.it\/de\/?s={search_term_string}\"},\"query-input\":{\"@type\":\"PropertyValueSpecification\",\"valueRequired\":true,\"valueName\":\"search_term_string\"}}],\"inLanguage\":\"de\"},{\"@type\":\"Organization\",\"@id\":\"https:\/\/blog.holyart.it\/de\/#organization\",\"name\":\"Holyart.de Blog\",\"url\":\"https:\/\/blog.holyart.it\/de\/\",\"logo\":{\"@type\":\"ImageObject\",\"inLanguage\":\"de\",\"@id\":\"https:\/\/blog.holyart.it\/de\/#\/schema\/logo\/image\/\",\"url\":\"https:\/\/blog.holyart.it\/de\/wp-content\/uploads\/sites\/12\/2022\/12\/Holyart_Blog_Logo.jpg\",\"contentUrl\":\"https:\/\/blog.holyart.it\/de\/wp-content\/uploads\/sites\/12\/2022\/12\/Holyart_Blog_Logo.jpg\",\"width\":300,\"height\":50,\"caption\":\"Holyart.de Blog\"},\"image\":{\"@id\":\"https:\/\/blog.holyart.it\/de\/#\/schema\/logo\/image\/\"}},{\"@type\":\"Person\",\"@id\":\"https:\/\/blog.holyart.it\/de\/#\/schema\/person\/0a7b686e5af0f856ec1e390dd0baecda\",\"name\":\"Redazione\",\"image\":{\"@type\":\"ImageObject\",\"inLanguage\":\"de\",\"@id\":\"https:\/\/blog.holyart.it\/de\/#\/schema\/person\/image\/\",\"url\":\"https:\/\/secure.gravatar.com\/avatar\/f477da817f43e50d0af36abecd33e3edf826c68299714bdc1057dff3b113f516?s=96&d=mm&r=g\",\"contentUrl\":\"https:\/\/secure.gravatar.com\/avatar\/f477da817f43e50d0af36abecd33e3edf826c68299714bdc1057dff3b113f516?s=96&d=mm&r=g\",\"caption\":\"Redazione\"}}]}<\/script>\n<!-- \/ Yoast SEO plugin. -->","yoast_head_json":{"title":"Franziskus von Assisi - Holyart.de Blog","description":"Franziskus von Assisi lebte sein Leben genau wie Jesus Christi: Letzte zwischen den Letzten bekam er mit seinem Lebensstil Opfertod","robots":{"index":"index","follow":"follow","max-snippet":"max-snippet:-1","max-image-preview":"max-image-preview:large","max-video-preview":"max-video-preview:-1"},"canonical":"https:\/\/blog.holyart.it\/de\/heilige-und-selige\/franziskus-von-assisi\/","og_locale":"de_DE","og_type":"article","og_title":"Franziskus von Assisi - Holyart.de Blog","og_description":"Franziskus von Assisi lebte sein Leben genau wie Jesus Christi: Letzte zwischen den Letzten bekam er mit seinem Lebensstil Opfertod","og_url":"https:\/\/blog.holyart.it\/de\/heilige-und-selige\/franziskus-von-assisi\/","og_site_name":"Holyart.de Blog","article_published_time":"2016-06-17T13:19:56+00:00","article_modified_time":"2016-10-28T13:21:10+00:00","og_image":[{"width":836,"height":457,"url":"https:\/\/blog.holyart.it\/de\/wp-content\/uploads\/sites\/12\/2016\/06\/Franziskus-von-Assisi.png","type":"image\/png"}],"author":"Redazione","twitter_card":"summary_large_image","twitter_misc":{"Verfasst von":"Redazione","Gesch\u00e4tzte Lesezeit":"1\u00a0Minute"},"schema":{"@context":"https:\/\/schema.org","@graph":[{"@type":"Article","@id":"https:\/\/blog.holyart.it\/de\/heilige-und-selige\/franziskus-von-assisi\/#article","isPartOf":{"@id":"https:\/\/blog.holyart.it\/de\/heilige-und-selige\/franziskus-von-assisi\/"},"author":{"name":"Redazione","@id":"https:\/\/blog.holyart.it\/de\/#\/schema\/person\/0a7b686e5af0f856ec1e390dd0baecda"},"headline":"Franziskus von Assisi","datePublished":"2016-06-17T13:19:56+00:00","dateModified":"2016-10-28T13:21:10+00:00","mainEntityOfPage":{"@id":"https:\/\/blog.holyart.it\/de\/heilige-und-selige\/franziskus-von-assisi\/"},"wordCount":283,"publisher":{"@id":"https:\/\/blog.holyart.it\/de\/#organization"},"image":{"@id":"https:\/\/blog.holyart.it\/de\/heilige-und-selige\/franziskus-von-assisi\/#primaryimage"},"thumbnailUrl":"https:\/\/blog.holyart.it\/de\/wp-content\/uploads\/sites\/12\/2016\/06\/Franziskus-von-Assisi.png","articleSection":["Heilige und Selige"],"inLanguage":"de"},{"@type":"WebPage","@id":"https:\/\/blog.holyart.it\/de\/heilige-und-selige\/franziskus-von-assisi\/","url":"https:\/\/blog.holyart.it\/de\/heilige-und-selige\/franziskus-von-assisi\/","name":"Franziskus von Assisi - Holyart.de Blog","isPartOf":{"@id":"https:\/\/blog.holyart.it\/de\/#website"},"primaryImageOfPage":{"@id":"https:\/\/blog.holyart.it\/de\/heilige-und-selige\/franziskus-von-assisi\/#primaryimage"},"image":{"@id":"https:\/\/blog.holyart.it\/de\/heilige-und-selige\/franziskus-von-assisi\/#primaryimage"},"thumbnailUrl":"https:\/\/blog.holyart.it\/de\/wp-content\/uploads\/sites\/12\/2016\/06\/Franziskus-von-Assisi.png","datePublished":"2016-06-17T13:19:56+00:00","dateModified":"2016-10-28T13:21:10+00:00","description":"Franziskus von Assisi lebte sein Leben genau wie Jesus Christi: Letzte zwischen den Letzten bekam er mit seinem Lebensstil Opfertod","breadcrumb":{"@id":"https:\/\/blog.holyart.it\/de\/heilige-und-selige\/franziskus-von-assisi\/#breadcrumb"},"inLanguage":"de","potentialAction":[{"@type":"ReadAction","target":["https:\/\/blog.holyart.it\/de\/heilige-und-selige\/franziskus-von-assisi\/"]}]},{"@type":"ImageObject","inLanguage":"de","@id":"https:\/\/blog.holyart.it\/de\/heilige-und-selige\/franziskus-von-assisi\/#primaryimage","url":"https:\/\/blog.holyart.it\/de\/wp-content\/uploads\/sites\/12\/2016\/06\/Franziskus-von-Assisi.png","contentUrl":"https:\/\/blog.holyart.it\/de\/wp-content\/uploads\/sites\/12\/2016\/06\/Franziskus-von-Assisi.png","width":836,"height":457,"caption":"Franziskus von Assisi"},{"@type":"BreadcrumbList","@id":"https:\/\/blog.holyart.it\/de\/heilige-und-selige\/franziskus-von-assisi\/#breadcrumb","itemListElement":[{"@type":"ListItem","position":1,"name":"Homepage","item":"https:\/\/blog.holyart.it\/de\/"},{"@type":"ListItem","position":2,"name":"Heilige und Selige","item":"https:\/\/blog.holyart.it\/de\/heilige-und-selige\/"},{"@type":"ListItem","position":3,"name":"Franziskus von Assisi"}]},{"@type":"WebSite","@id":"https:\/\/blog.holyart.it\/de\/#website","url":"https:\/\/blog.holyart.it\/de\/","name":"Holyart.de Blog","description":"Holyblog","publisher":{"@id":"https:\/\/blog.holyart.it\/de\/#organization"},"potentialAction":[{"@type":"SearchAction","target":{"@type":"EntryPoint","urlTemplate":"https:\/\/blog.holyart.it\/de\/?s={search_term_string}"},"query-input":{"@type":"PropertyValueSpecification","valueRequired":true,"valueName":"search_term_string"}}],"inLanguage":"de"},{"@type":"Organization","@id":"https:\/\/blog.holyart.it\/de\/#organization","name":"Holyart.de Blog","url":"https:\/\/blog.holyart.it\/de\/","logo":{"@type":"ImageObject","inLanguage":"de","@id":"https:\/\/blog.holyart.it\/de\/#\/schema\/logo\/image\/","url":"https:\/\/blog.holyart.it\/de\/wp-content\/uploads\/sites\/12\/2022\/12\/Holyart_Blog_Logo.jpg","contentUrl":"https:\/\/blog.holyart.it\/de\/wp-content\/uploads\/sites\/12\/2022\/12\/Holyart_Blog_Logo.jpg","width":300,"height":50,"caption":"Holyart.de Blog"},"image":{"@id":"https:\/\/blog.holyart.it\/de\/#\/schema\/logo\/image\/"}},{"@type":"Person","@id":"https:\/\/blog.holyart.it\/de\/#\/schema\/person\/0a7b686e5af0f856ec1e390dd0baecda","name":"Redazione","image":{"@type":"ImageObject","inLanguage":"de","@id":"https:\/\/blog.holyart.it\/de\/#\/schema\/person\/image\/","url":"https:\/\/secure.gravatar.com\/avatar\/f477da817f43e50d0af36abecd33e3edf826c68299714bdc1057dff3b113f516?s=96&d=mm&r=g","contentUrl":"https:\/\/secure.gravatar.com\/avatar\/f477da817f43e50d0af36abecd33e3edf826c68299714bdc1057dff3b113f516?s=96&d=mm&r=g","caption":"Redazione"}}]}},"_links":{"self":[{"href":"https:\/\/blog.holyart.it\/de\/wp-json\/wp\/v2\/posts\/74","targetHints":{"allow":["GET"]}}],"collection":[{"href":"https:\/\/blog.holyart.it\/de\/wp-json\/wp\/v2\/posts"}],"about":[{"href":"https:\/\/blog.holyart.it\/de\/wp-json\/wp\/v2\/types\/post"}],"author":[{"embeddable":true,"href":"https:\/\/blog.holyart.it\/de\/wp-json\/wp\/v2\/users\/1"}],"replies":[{"embeddable":true,"href":"https:\/\/blog.holyart.it\/de\/wp-json\/wp\/v2\/comments?post=74"}],"version-history":[{"count":0,"href":"https:\/\/blog.holyart.it\/de\/wp-json\/wp\/v2\/posts\/74\/revisions"}],"wp:featuredmedia":[{"embeddable":true,"href":"https:\/\/blog.holyart.it\/de\/wp-json\/wp\/v2\/media\/172"}],"wp:attachment":[{"href":"https:\/\/blog.holyart.it\/de\/wp-json\/wp\/v2\/media?parent=74"}],"wp:term":[{"taxonomy":"category","embeddable":true,"href":"https:\/\/blog.holyart.it\/de\/wp-json\/wp\/v2\/categories?post=74"},{"taxonomy":"post_tag","embeddable":true,"href":"https:\/\/blog.holyart.it\/de\/wp-json\/wp\/v2\/tags?post=74"}],"curies":[{"name":"wp","href":"https:\/\/api.w.org\/{rel}","templated":true}]}}