{"id":7307,"date":"2025-12-03T10:00:51","date_gmt":"2025-12-03T09:00:51","guid":{"rendered":"https:\/\/blog.holyart.it\/de\/?p=7307"},"modified":"2025-11-26T17:49:32","modified_gmt":"2025-11-26T16:49:32","slug":"weihnachtsnacht-was-sie-ist-und-wann-sie-stattfindet","status":"publish","type":"post","link":"https:\/\/blog.holyart.it\/de\/weihnachten\/weihnachtsnacht-was-sie-ist-und-wann-sie-stattfindet\/","title":{"rendered":"Weihnachtsnacht: Was sie ist und wann sie stattfindet"},"content":{"rendered":"<h4>Die Christmette ist f\u00fcr jeden Christen einer der spirituell bedeutsamsten Momente des Jahres. Entdecken wir die Weihnachtsnacht und andere besondere Riten<\/h4>\n\n<p>Die Erinnerung an die um Mitternacht gefeierte Christmette ist sicherlich eine der bewegendsten f\u00fcr jeden Christen, schon seit seiner Kindheit. Nachdem wir <strong>Heiligabend<\/strong> mit Familie und Freunden in der W\u00e4rme des Zuhauses verbracht hatten, in der Atmosph\u00e4re sp\u00fcrbarer Vorfreude, die Erwachsene und Kinder in dieser magischen Nacht vereint, versammelten wir uns in der Kirche voller frostiger Familien, alle bewegt von demselben unersch\u00fctterlichen <strong>Staunen<\/strong>, von der Freude, die aus der Erkenntnis der <strong>Geburt des <a href=\"https:\/\/www.holyart.de\/weihnachten\/jesuskind-figuren\">Jesuskindes<\/a><\/strong> erw\u00e4chst, und feierten erneut gemeinsam seine Ankunft. Die <strong>Weihnachtsnacht<\/strong> ist keine gew\u00f6hnliche Messe. Sie hat eine besondere, einzigartige Liturgie, die jedes Jahr erneuert wird, aber dennoch in alten Riten verwurzelt ist. Die <strong>Weihnachtsnacht<\/strong>, auch <strong>Kalenda<\/strong> genannt, ist nur ein Beispiel unter vielen.<\/p>\n<div class=\"link-product\">\n<div class=\"blocco-immagine\"><img loading=\"lazy\" decoding=\"async\" class=\"size-full wp-image-7311 alignleft\" src=\"https:\/\/blog.holyart.it\/de\/wp-content\/uploads\/sites\/12\/2025\/11\/jesuskind-4.jpg\" alt=\"Jesuskind, Porzellanfigur\" width=\"100\" height=\"100\" data-kale-share-title=\"Weihnachtsnacht: Was sie ist und wann sie stattfindet\" data-kale-share-url=\"https:\/\/blog.holyart.it\/de\/?p=7307\" \/><\/div>\n<div class=\"blocco-contenuto\">\n<div class=\"blocco-acquista\">Einkaufen:<\/div>\n<div class=\"blocco-titolo\"><a href=\"https:\/\/www.holyart.de\/weihnachten\/jesuskind-figuren\">Jesuskindes<\/a><\/div>\n<div class=\"blocco-descrizione\">In dieser Produktkategorie finden Sie Jesuskind-Figuren aus Holz, Holzmasse, Resin und Gips, in verschiedenen Gr\u00f6\u00dfen<\/div>\n<\/div>\n<\/div>\n<h2>Kalenda \u2013 die Weihnachtsnacht<\/h2>\n<p>Die Kalenda ist eine liturgische Komposition, die einst Teil der <strong>ersten Stunde<\/strong> des <em>Stundengebets<\/em> war. Es war der Moment des Gebets, den die M\u00f6nche gegen 6:00 Uhr morgens verrichteten. Das Wort Kalenda leitet sich vom lateinischen \u201e<em>kalendae<\/em>\u201c ab, einem Begriff, der <strong>den ersten Tag eines jeden Monats<\/strong> bezeichnet. Moderne Breviere enthalten diese Komposition nicht mehr, da sie zusammen mit der ersten Stunde durch die Liturgiereform nach dem Zweiten Vatikanischen Konzil gestrichen wurde. Doch die Tradition der Kalenda ist lebendig geblieben und hat im Laufe der Zeit eine neue und besondere Bedeutung angenommen. Vielleicht liegt es an ihrer <strong>gesungenen Form<\/strong>, die ihr eine festliche Konnotation verleiht, oder vielleicht an den Worten selbst, mit denen sie beginnt und die ihr ihren Namen geben (<em>Octavo Kalendas Ianuarii<\/em>, <em>Luna decimaquinta<\/em>, \u201eAchter Tag vor Anfang Januar \u2013 also f\u00fcnfundzwanzigster Dezember \u2013 f\u00fcnfzehnter Mond\u201c). Die Kalenda ist nichts Geringeres als eine <strong>Ank\u00fcndigung der Geburt Jesu<\/strong>, erz\u00e4hlt in einer Weise, die an <strong>den Prolog des Johannesevangeliums<\/strong> erinnert, der w\u00e4hrend der Weihnachtsmesse gelesen wird. Sie beginnt mit einer umfassenden Vision der Zeit und der <strong>Geschichte der Beziehung zwischen Gott und der Menschheit<\/strong> und gipfelt in der <strong>Ankunft Jesu Christi<\/strong>, seiner Menschwerdung in dieser einzigartigen Nacht.<\/p>\n<div class=\"link-product\">\n<div class=\"blocco-immagine\"><img loading=\"lazy\" decoding=\"async\" class=\"size-full wp-image-7316 alignleft\" src=\"https:\/\/blog.holyart.it\/de\/wp-content\/uploads\/sites\/12\/2025\/11\/evangelien-akten-und-psalment-aus-der-bibel-von-jerusalem.jpg\" alt=\"evangelien-akten-und-psalment-aus-der-bibel-von-jerusalem\" width=\"100\" height=\"100\" data-kale-share-title=\"Weihnachtsnacht: Was sie ist und wann sie stattfindet\" data-kale-share-url=\"https:\/\/blog.holyart.it\/de\/?p=7307\" \/><\/div>\n<div class=\"blocco-contenuto\">\n<div class=\"blocco-acquista\">Einkaufen:<\/div>\n<div class=\"blocco-titolo\"><a href=\"https:\/\/www.holyart.de\/devotionalien\/italienische-christliche-bucher\/evangelien-in-italienischer-sprache\/evangelien-akten-und-psalmen-aus-der-bibel-von-jerusalem\">Evangelien, Akten und Psalmen aus der Bibel von Jerusalem<\/a><\/div>\n<div class=\"blocco-descrizione\">Evangelien, Akten und Psalmen aus der Bibel von Jerusalem. Edizioni Dehoniane Verlag.<\/div>\n<\/div>\n<\/div>\n<p>Heute, w\u00e4hrend der Weihnachtsmesse in Rom, wird die Kalenda vor den Er\u00f6ffnungsriten gesungen, eine Ank\u00fcndigung, die den Beginn der Einzugsprozession begleitet. Die Komposition ist eine Abfolge von Zeitabschnitten:<\/p>\n<p><em>Viele Jahrhunderte waren seit der Erschaffung der Welt vergangen, &#8230;<\/em><\/p>\n<p><em>[&#8230;] und viele Jahrhunderte seit der Sintflut,<\/em><\/p>\n<p><em>[&#8230;] dreizehn Jahrhunderte nach dem Auszug Israels aus \u00c4gypten unter der F\u00fchrung Moses; &#8230;<\/em><\/p>\n<p>und so weiter, bis wir zu folgendem Punkt gelangen:<\/p>\n<p><em>Im 42. Jahr der Herrschaft des Kaisers Octavian Augustus,<\/em><\/p>\n<p><em>als Frieden auf der ganzen Welt herrschte, wurde Jesus Christus, der ewige Gott und Sohn des ewigen Vaters, der die Welt durch sein Kommen heiligen wollte, durch die Kraft des Heiligen Geistes empfangen und nach neun Monaten in Bethlehem in Jud\u00e4a von der Jungfrau Maria geboren und Mensch.<\/em><\/p>\n<p>Diese Art der <strong>Aufz\u00e4hlung historischer Ereignisse<\/strong>, mit besonderem Schwerpunkt auf der Nummerierung, der Wahl der Orte und sogar der Nennung der Namen historischer und nicht-historischer Figuren, f\u00fchrt uns unmittelbar zur\u00fcck zum Alten Testament und allgemeiner zu einer antiken Erz\u00e4hlweise, die historische Fakten mit legend\u00e4ren Ereignissen vermischte. In diesem Zusammenhang dient es dazu, die absolute historische Wahrhaftigkeit der erz\u00e4hlten Ereignisse und insbesondere der Geburt Jesu zu bekr\u00e4ftigen.<\/p>\n<h2>Die Weihnachtsnovene<\/h2>\n<p>Ein weiterer typischer Weihnachtsbrauch ist die <a href=\"https:\/\/www.holyart.de\/blog\/weihnachten\/weihnachtsnovene-die-neun-gebete-in-der-vorweihnachtszeit\/\"><strong>Weihnachtsnovene<\/strong><\/a>. Sie ist eine Form inoffizieller Volksandacht und geh\u00f6rt nicht zur kanonischen Weihnachtsliturgie. Sie wird aber seit jeher von Gl\u00e4ubigen praktiziert, die sich angemessen auf die Geburt Jesu vorbereiten m\u00f6chten. In den neun Tagen vor Weihnachten, vom 16. bis 24. Dezember, werden zur Einstimmung auf den Anlass eine Reihe von Gebeten gesprochen und ausgew\u00e4hlte Passagen gelesen. Die ersten, die die Weihnachtsnovene sprachen, waren die Gl\u00e4ubigen einer Gemeinschaft von Vinzentiner-Missionaren (verbunden mit dem heiligen Vincenzo de Paoli) zu Weihnachten 1720 in der Kirche der Unbefleckten Empf\u00e4ngnis neben dem von ihnen betriebenen kirchlichen Internat. Sie schufen eine Novene basierend auf Passagen aus dem Alten Testament, die <strong>den Wunsch, die Erwartung und letztlich die Freude auf die Ankunft Jesu<\/strong> zum Ausdruck brachten. Die gesungenen Teile und die einfache, eing\u00e4ngige Melodie trugen zum Erfolg und zur Verbreitung dieser Novene bei.<\/p>\n<div class=\"link-article\">\n<p><img loading=\"lazy\" decoding=\"async\" class=\"size-full wp-image-7320 alignleft\" src=\"https:\/\/blog.holyart.it\/de\/wp-content\/uploads\/sites\/12\/2025\/11\/Weihnachtsnovene.jpeg\" alt=\"Weihnachtsnovene\" width=\"150\" height=\"99\" data-kale-share-title=\"Weihnachtsnacht: Was sie ist und wann sie stattfindet\" data-kale-share-url=\"https:\/\/blog.holyart.it\/de\/?p=7307\" \/><\/p>\n<div class=\"leggi-anche\">Lesen Sie auch:<\/div>\n<p><strong><a href=\"https:\/\/www.holyart.de\/blog\/weihnachten\/weihnachtsnovene-die-neun-gebete-in-der-vorweihnachtszeit\/\">Weihnachtsnovene: die neun Gebete in der Vorweihnachtszeit<\/a><\/strong><br \/>\nVom 16. bis 24. Dezember, in den neun Tagen vor Weihnachten, erwarten die Gl\u00e4ubigen die Geburt Jesu.<\/p>\n<\/div>\n<h2>Vier Messen zu Weihnachten<\/h2>\n<p>Die Weihnachtszeit besteht eigentlich nicht aus einer, sondern aus <strong>vier Messen<\/strong>: der Abendmesse, der Nachtmesse, der Morgenmesse und der Tagesmesse. Diese vier Feiern decken alle Momente der Weihnachtszeit ab und leiten die Gl\u00e4ubigen im Gebet und in der Meditation auf die Ankunft Jesu hin:<\/p>\n<ul>\n<li>Die <strong>Vesper<\/strong> am Heiligen Abend, eine Zeit des Wartens;<\/li>\n<li><strong>Erste Messe<\/strong>: Um Mitternacht wird \u201edie ewige Geburt des Wortes im Scho\u00df der Herrlichkeit des Vaters\u201c gefeiert. Sie wurde einst \u201e<em>Galli Cantus<\/em>\u201c genannt und feiert die Geburt Jesu in die Welt;<\/li>\n<li><strong>Zweite Messe<\/strong>: Im Morgengrauen feiert sie \u201edie zeitliche Erscheinung in der Demut des Fleisches\u201c, die eingesetzt wurde, um die Offenbarung Jesu Christi vor den Hirten zu ehren;<\/li>\n<li><strong>Dritte Messe<\/strong>: Am helllichten Tag feiert und ehrt sie die geistliche und t\u00e4gliche Geburt Christi in den Herzen der Gerechten und \u201edie endg\u00fcltige Wiederkunft beim J\u00fcngsten Gericht\u201c,<\/li>\n<\/ul>\n<p>wie es im <em>Liber Sacramentorum<\/em> von Kardinal Alfred Ildefons Schuster hei\u00dft, das die Texte und Vorgaben der Gesten enth\u00e4lt, mit denen die Gottesdienste des R\u00f6mischen Messbuchs gefeiert werden.<\/p>\n","protected":false},"excerpt":{"rendered":"<p>Die Christmette ist f\u00fcr jeden Christen einer der spirituell bedeutsamsten Momente des Jahres. Entdecken wir die Weihnachtsnacht und andere besondere Riten Die Erinnerung an die um Mitternacht gefeierte Christmette ist sicherlich eine der bewegendsten f\u00fcr jeden Christen, schon seit seiner Kindheit. Nachdem wir Heiligabend mit&hellip;<\/p>\n","protected":false},"author":1,"featured_media":7323,"comment_status":"closed","ping_status":"open","sticky":false,"template":"","format":"standard","meta":{"_acf_changed":false,"footnotes":""},"categories":[12],"tags":[],"class_list":["post-7307","post","type-post","status-publish","format-standard","has-post-thumbnail","hentry","category-weihnachten"],"acf":[],"yoast_head":"<!-- This site is optimized with the Yoast SEO plugin v26.6 - https:\/\/yoast.com\/wordpress\/plugins\/seo\/ -->\n<title>Weihnachtsnacht: Was sie ist und wann sie stattfindet - Holyart.de Blog<\/title>\n<meta name=\"description\" content=\"Die Christmette ist f\u00fcr jeden Christen einer der spirituell bedeutsamsten Momente des Jahres. Entdecken wir die Weihnachtsnacht und andere...\" \/>\n<meta name=\"robots\" content=\"index, follow, max-snippet:-1, max-image-preview:large, max-video-preview:-1\" \/>\n<link rel=\"canonical\" href=\"https:\/\/blog.holyart.it\/de\/weihnachten\/weihnachtsnacht-was-sie-ist-und-wann-sie-stattfindet\/\" \/>\n<meta property=\"og:locale\" content=\"de_DE\" \/>\n<meta property=\"og:type\" content=\"article\" \/>\n<meta property=\"og:title\" content=\"Weihnachtsnacht: Was sie ist und wann sie stattfindet - Holyart.de Blog\" \/>\n<meta property=\"og:description\" content=\"Die Christmette ist f\u00fcr jeden Christen einer der spirituell bedeutsamsten Momente des Jahres. Entdecken wir die Weihnachtsnacht und andere...\" \/>\n<meta property=\"og:url\" content=\"https:\/\/blog.holyart.it\/de\/weihnachten\/weihnachtsnacht-was-sie-ist-und-wann-sie-stattfindet\/\" \/>\n<meta property=\"og:site_name\" content=\"Holyart.de Blog\" \/>\n<meta property=\"article:published_time\" content=\"2025-12-03T09:00:51+00:00\" \/>\n<meta property=\"og:image\" content=\"https:\/\/blog.holyart.it\/de\/wp-content\/uploads\/sites\/12\/2025\/11\/Weihnachtsnacht.jpg\" \/>\n\t<meta property=\"og:image:width\" content=\"1000\" \/>\n\t<meta property=\"og:image:height\" content=\"666\" \/>\n\t<meta property=\"og:image:type\" content=\"image\/jpeg\" \/>\n<meta name=\"author\" content=\"Redazione\" \/>\n<meta name=\"twitter:card\" content=\"summary_large_image\" \/>\n<meta name=\"twitter:label1\" content=\"Verfasst von\" \/>\n\t<meta name=\"twitter:data1\" content=\"Redazione\" \/>\n\t<meta name=\"twitter:label2\" content=\"Gesch\u00e4tzte Lesezeit\" \/>\n\t<meta name=\"twitter:data2\" content=\"6\u00a0Minuten\" \/>\n<script type=\"application\/ld+json\" class=\"yoast-schema-graph\">{\"@context\":\"https:\/\/schema.org\",\"@graph\":[{\"@type\":\"Article\",\"@id\":\"https:\/\/blog.holyart.it\/de\/weihnachten\/weihnachtsnacht-was-sie-ist-und-wann-sie-stattfindet\/#article\",\"isPartOf\":{\"@id\":\"https:\/\/blog.holyart.it\/de\/weihnachten\/weihnachtsnacht-was-sie-ist-und-wann-sie-stattfindet\/\"},\"author\":{\"name\":\"Redazione\",\"@id\":\"https:\/\/blog.holyart.it\/de\/#\/schema\/person\/0a7b686e5af0f856ec1e390dd0baecda\"},\"headline\":\"Weihnachtsnacht: Was sie ist und wann sie stattfindet\",\"datePublished\":\"2025-12-03T09:00:51+00:00\",\"mainEntityOfPage\":{\"@id\":\"https:\/\/blog.holyart.it\/de\/weihnachten\/weihnachtsnacht-was-sie-ist-und-wann-sie-stattfindet\/\"},\"wordCount\":946,\"publisher\":{\"@id\":\"https:\/\/blog.holyart.it\/de\/#organization\"},\"image\":{\"@id\":\"https:\/\/blog.holyart.it\/de\/weihnachten\/weihnachtsnacht-was-sie-ist-und-wann-sie-stattfindet\/#primaryimage\"},\"thumbnailUrl\":\"https:\/\/blog.holyart.it\/de\/wp-content\/uploads\/sites\/12\/2025\/11\/Weihnachtsnacht.jpg\",\"articleSection\":[\"Weihnachten\"],\"inLanguage\":\"de\"},{\"@type\":\"WebPage\",\"@id\":\"https:\/\/blog.holyart.it\/de\/weihnachten\/weihnachtsnacht-was-sie-ist-und-wann-sie-stattfindet\/\",\"url\":\"https:\/\/blog.holyart.it\/de\/weihnachten\/weihnachtsnacht-was-sie-ist-und-wann-sie-stattfindet\/\",\"name\":\"Weihnachtsnacht: Was sie ist und wann sie stattfindet - Holyart.de Blog\",\"isPartOf\":{\"@id\":\"https:\/\/blog.holyart.it\/de\/#website\"},\"primaryImageOfPage\":{\"@id\":\"https:\/\/blog.holyart.it\/de\/weihnachten\/weihnachtsnacht-was-sie-ist-und-wann-sie-stattfindet\/#primaryimage\"},\"image\":{\"@id\":\"https:\/\/blog.holyart.it\/de\/weihnachten\/weihnachtsnacht-was-sie-ist-und-wann-sie-stattfindet\/#primaryimage\"},\"thumbnailUrl\":\"https:\/\/blog.holyart.it\/de\/wp-content\/uploads\/sites\/12\/2025\/11\/Weihnachtsnacht.jpg\",\"datePublished\":\"2025-12-03T09:00:51+00:00\",\"description\":\"Die Christmette ist f\u00fcr jeden Christen einer der spirituell bedeutsamsten Momente des Jahres. Entdecken wir die Weihnachtsnacht und andere...\",\"breadcrumb\":{\"@id\":\"https:\/\/blog.holyart.it\/de\/weihnachten\/weihnachtsnacht-was-sie-ist-und-wann-sie-stattfindet\/#breadcrumb\"},\"inLanguage\":\"de\",\"potentialAction\":[{\"@type\":\"ReadAction\",\"target\":[\"https:\/\/blog.holyart.it\/de\/weihnachten\/weihnachtsnacht-was-sie-ist-und-wann-sie-stattfindet\/\"]}]},{\"@type\":\"ImageObject\",\"inLanguage\":\"de\",\"@id\":\"https:\/\/blog.holyart.it\/de\/weihnachten\/weihnachtsnacht-was-sie-ist-und-wann-sie-stattfindet\/#primaryimage\",\"url\":\"https:\/\/blog.holyart.it\/de\/wp-content\/uploads\/sites\/12\/2025\/11\/Weihnachtsnacht.jpg\",\"contentUrl\":\"https:\/\/blog.holyart.it\/de\/wp-content\/uploads\/sites\/12\/2025\/11\/Weihnachtsnacht.jpg\",\"width\":1000,\"height\":666,\"caption\":\"Weihnachtsnacht\"},{\"@type\":\"BreadcrumbList\",\"@id\":\"https:\/\/blog.holyart.it\/de\/weihnachten\/weihnachtsnacht-was-sie-ist-und-wann-sie-stattfindet\/#breadcrumb\",\"itemListElement\":[{\"@type\":\"ListItem\",\"position\":1,\"name\":\"Homepage\",\"item\":\"https:\/\/blog.holyart.it\/de\/\"},{\"@type\":\"ListItem\",\"position\":2,\"name\":\"Weihnachten\",\"item\":\"https:\/\/blog.holyart.it\/de\/weihnachten\/\"},{\"@type\":\"ListItem\",\"position\":3,\"name\":\"Weihnachtsnacht: Was sie ist und wann sie stattfindet\"}]},{\"@type\":\"WebSite\",\"@id\":\"https:\/\/blog.holyart.it\/de\/#website\",\"url\":\"https:\/\/blog.holyart.it\/de\/\",\"name\":\"Holyart.de Blog\",\"description\":\"Holyblog\",\"publisher\":{\"@id\":\"https:\/\/blog.holyart.it\/de\/#organization\"},\"potentialAction\":[{\"@type\":\"SearchAction\",\"target\":{\"@type\":\"EntryPoint\",\"urlTemplate\":\"https:\/\/blog.holyart.it\/de\/?s={search_term_string}\"},\"query-input\":{\"@type\":\"PropertyValueSpecification\",\"valueRequired\":true,\"valueName\":\"search_term_string\"}}],\"inLanguage\":\"de\"},{\"@type\":\"Organization\",\"@id\":\"https:\/\/blog.holyart.it\/de\/#organization\",\"name\":\"Holyart.de Blog\",\"url\":\"https:\/\/blog.holyart.it\/de\/\",\"logo\":{\"@type\":\"ImageObject\",\"inLanguage\":\"de\",\"@id\":\"https:\/\/blog.holyart.it\/de\/#\/schema\/logo\/image\/\",\"url\":\"https:\/\/blog.holyart.it\/de\/wp-content\/uploads\/sites\/12\/2022\/12\/Holyart_Blog_Logo.jpg\",\"contentUrl\":\"https:\/\/blog.holyart.it\/de\/wp-content\/uploads\/sites\/12\/2022\/12\/Holyart_Blog_Logo.jpg\",\"width\":300,\"height\":50,\"caption\":\"Holyart.de Blog\"},\"image\":{\"@id\":\"https:\/\/blog.holyart.it\/de\/#\/schema\/logo\/image\/\"}},{\"@type\":\"Person\",\"@id\":\"https:\/\/blog.holyart.it\/de\/#\/schema\/person\/0a7b686e5af0f856ec1e390dd0baecda\",\"name\":\"Redazione\",\"image\":{\"@type\":\"ImageObject\",\"inLanguage\":\"de\",\"@id\":\"https:\/\/blog.holyart.it\/de\/#\/schema\/person\/image\/\",\"url\":\"https:\/\/secure.gravatar.com\/avatar\/f477da817f43e50d0af36abecd33e3edf826c68299714bdc1057dff3b113f516?s=96&d=mm&r=g\",\"contentUrl\":\"https:\/\/secure.gravatar.com\/avatar\/f477da817f43e50d0af36abecd33e3edf826c68299714bdc1057dff3b113f516?s=96&d=mm&r=g\",\"caption\":\"Redazione\"}}]}<\/script>\n<!-- \/ Yoast SEO plugin. -->","yoast_head_json":{"title":"Weihnachtsnacht: Was sie ist und wann sie stattfindet - Holyart.de Blog","description":"Die Christmette ist f\u00fcr jeden Christen einer der spirituell bedeutsamsten Momente des Jahres. Entdecken wir die Weihnachtsnacht und andere...","robots":{"index":"index","follow":"follow","max-snippet":"max-snippet:-1","max-image-preview":"max-image-preview:large","max-video-preview":"max-video-preview:-1"},"canonical":"https:\/\/blog.holyart.it\/de\/weihnachten\/weihnachtsnacht-was-sie-ist-und-wann-sie-stattfindet\/","og_locale":"de_DE","og_type":"article","og_title":"Weihnachtsnacht: Was sie ist und wann sie stattfindet - Holyart.de Blog","og_description":"Die Christmette ist f\u00fcr jeden Christen einer der spirituell bedeutsamsten Momente des Jahres. Entdecken wir die Weihnachtsnacht und andere...","og_url":"https:\/\/blog.holyart.it\/de\/weihnachten\/weihnachtsnacht-was-sie-ist-und-wann-sie-stattfindet\/","og_site_name":"Holyart.de Blog","article_published_time":"2025-12-03T09:00:51+00:00","og_image":[{"width":1000,"height":666,"url":"https:\/\/blog.holyart.it\/de\/wp-content\/uploads\/sites\/12\/2025\/11\/Weihnachtsnacht.jpg","type":"image\/jpeg"}],"author":"Redazione","twitter_card":"summary_large_image","twitter_misc":{"Verfasst von":"Redazione","Gesch\u00e4tzte Lesezeit":"6\u00a0Minuten"},"schema":{"@context":"https:\/\/schema.org","@graph":[{"@type":"Article","@id":"https:\/\/blog.holyart.it\/de\/weihnachten\/weihnachtsnacht-was-sie-ist-und-wann-sie-stattfindet\/#article","isPartOf":{"@id":"https:\/\/blog.holyart.it\/de\/weihnachten\/weihnachtsnacht-was-sie-ist-und-wann-sie-stattfindet\/"},"author":{"name":"Redazione","@id":"https:\/\/blog.holyart.it\/de\/#\/schema\/person\/0a7b686e5af0f856ec1e390dd0baecda"},"headline":"Weihnachtsnacht: Was sie ist und wann sie stattfindet","datePublished":"2025-12-03T09:00:51+00:00","mainEntityOfPage":{"@id":"https:\/\/blog.holyart.it\/de\/weihnachten\/weihnachtsnacht-was-sie-ist-und-wann-sie-stattfindet\/"},"wordCount":946,"publisher":{"@id":"https:\/\/blog.holyart.it\/de\/#organization"},"image":{"@id":"https:\/\/blog.holyart.it\/de\/weihnachten\/weihnachtsnacht-was-sie-ist-und-wann-sie-stattfindet\/#primaryimage"},"thumbnailUrl":"https:\/\/blog.holyart.it\/de\/wp-content\/uploads\/sites\/12\/2025\/11\/Weihnachtsnacht.jpg","articleSection":["Weihnachten"],"inLanguage":"de"},{"@type":"WebPage","@id":"https:\/\/blog.holyart.it\/de\/weihnachten\/weihnachtsnacht-was-sie-ist-und-wann-sie-stattfindet\/","url":"https:\/\/blog.holyart.it\/de\/weihnachten\/weihnachtsnacht-was-sie-ist-und-wann-sie-stattfindet\/","name":"Weihnachtsnacht: Was sie ist und wann sie stattfindet - Holyart.de Blog","isPartOf":{"@id":"https:\/\/blog.holyart.it\/de\/#website"},"primaryImageOfPage":{"@id":"https:\/\/blog.holyart.it\/de\/weihnachten\/weihnachtsnacht-was-sie-ist-und-wann-sie-stattfindet\/#primaryimage"},"image":{"@id":"https:\/\/blog.holyart.it\/de\/weihnachten\/weihnachtsnacht-was-sie-ist-und-wann-sie-stattfindet\/#primaryimage"},"thumbnailUrl":"https:\/\/blog.holyart.it\/de\/wp-content\/uploads\/sites\/12\/2025\/11\/Weihnachtsnacht.jpg","datePublished":"2025-12-03T09:00:51+00:00","description":"Die Christmette ist f\u00fcr jeden Christen einer der spirituell bedeutsamsten Momente des Jahres. Entdecken wir die Weihnachtsnacht und andere...","breadcrumb":{"@id":"https:\/\/blog.holyart.it\/de\/weihnachten\/weihnachtsnacht-was-sie-ist-und-wann-sie-stattfindet\/#breadcrumb"},"inLanguage":"de","potentialAction":[{"@type":"ReadAction","target":["https:\/\/blog.holyart.it\/de\/weihnachten\/weihnachtsnacht-was-sie-ist-und-wann-sie-stattfindet\/"]}]},{"@type":"ImageObject","inLanguage":"de","@id":"https:\/\/blog.holyart.it\/de\/weihnachten\/weihnachtsnacht-was-sie-ist-und-wann-sie-stattfindet\/#primaryimage","url":"https:\/\/blog.holyart.it\/de\/wp-content\/uploads\/sites\/12\/2025\/11\/Weihnachtsnacht.jpg","contentUrl":"https:\/\/blog.holyart.it\/de\/wp-content\/uploads\/sites\/12\/2025\/11\/Weihnachtsnacht.jpg","width":1000,"height":666,"caption":"Weihnachtsnacht"},{"@type":"BreadcrumbList","@id":"https:\/\/blog.holyart.it\/de\/weihnachten\/weihnachtsnacht-was-sie-ist-und-wann-sie-stattfindet\/#breadcrumb","itemListElement":[{"@type":"ListItem","position":1,"name":"Homepage","item":"https:\/\/blog.holyart.it\/de\/"},{"@type":"ListItem","position":2,"name":"Weihnachten","item":"https:\/\/blog.holyart.it\/de\/weihnachten\/"},{"@type":"ListItem","position":3,"name":"Weihnachtsnacht: Was sie ist und wann sie stattfindet"}]},{"@type":"WebSite","@id":"https:\/\/blog.holyart.it\/de\/#website","url":"https:\/\/blog.holyart.it\/de\/","name":"Holyart.de Blog","description":"Holyblog","publisher":{"@id":"https:\/\/blog.holyart.it\/de\/#organization"},"potentialAction":[{"@type":"SearchAction","target":{"@type":"EntryPoint","urlTemplate":"https:\/\/blog.holyart.it\/de\/?s={search_term_string}"},"query-input":{"@type":"PropertyValueSpecification","valueRequired":true,"valueName":"search_term_string"}}],"inLanguage":"de"},{"@type":"Organization","@id":"https:\/\/blog.holyart.it\/de\/#organization","name":"Holyart.de Blog","url":"https:\/\/blog.holyart.it\/de\/","logo":{"@type":"ImageObject","inLanguage":"de","@id":"https:\/\/blog.holyart.it\/de\/#\/schema\/logo\/image\/","url":"https:\/\/blog.holyart.it\/de\/wp-content\/uploads\/sites\/12\/2022\/12\/Holyart_Blog_Logo.jpg","contentUrl":"https:\/\/blog.holyart.it\/de\/wp-content\/uploads\/sites\/12\/2022\/12\/Holyart_Blog_Logo.jpg","width":300,"height":50,"caption":"Holyart.de Blog"},"image":{"@id":"https:\/\/blog.holyart.it\/de\/#\/schema\/logo\/image\/"}},{"@type":"Person","@id":"https:\/\/blog.holyart.it\/de\/#\/schema\/person\/0a7b686e5af0f856ec1e390dd0baecda","name":"Redazione","image":{"@type":"ImageObject","inLanguage":"de","@id":"https:\/\/blog.holyart.it\/de\/#\/schema\/person\/image\/","url":"https:\/\/secure.gravatar.com\/avatar\/f477da817f43e50d0af36abecd33e3edf826c68299714bdc1057dff3b113f516?s=96&d=mm&r=g","contentUrl":"https:\/\/secure.gravatar.com\/avatar\/f477da817f43e50d0af36abecd33e3edf826c68299714bdc1057dff3b113f516?s=96&d=mm&r=g","caption":"Redazione"}}]}},"_links":{"self":[{"href":"https:\/\/blog.holyart.it\/de\/wp-json\/wp\/v2\/posts\/7307","targetHints":{"allow":["GET"]}}],"collection":[{"href":"https:\/\/blog.holyart.it\/de\/wp-json\/wp\/v2\/posts"}],"about":[{"href":"https:\/\/blog.holyart.it\/de\/wp-json\/wp\/v2\/types\/post"}],"author":[{"embeddable":true,"href":"https:\/\/blog.holyart.it\/de\/wp-json\/wp\/v2\/users\/1"}],"replies":[{"embeddable":true,"href":"https:\/\/blog.holyart.it\/de\/wp-json\/wp\/v2\/comments?post=7307"}],"version-history":[{"count":10,"href":"https:\/\/blog.holyart.it\/de\/wp-json\/wp\/v2\/posts\/7307\/revisions"}],"predecessor-version":[{"id":7324,"href":"https:\/\/blog.holyart.it\/de\/wp-json\/wp\/v2\/posts\/7307\/revisions\/7324"}],"wp:featuredmedia":[{"embeddable":true,"href":"https:\/\/blog.holyart.it\/de\/wp-json\/wp\/v2\/media\/7323"}],"wp:attachment":[{"href":"https:\/\/blog.holyart.it\/de\/wp-json\/wp\/v2\/media?parent=7307"}],"wp:term":[{"taxonomy":"category","embeddable":true,"href":"https:\/\/blog.holyart.it\/de\/wp-json\/wp\/v2\/categories?post=7307"},{"taxonomy":"post_tag","embeddable":true,"href":"https:\/\/blog.holyart.it\/de\/wp-json\/wp\/v2\/tags?post=7307"}],"curies":[{"name":"wp","href":"https:\/\/api.w.org\/{rel}","templated":true}]}}