{"id":7299,"date":"2025-12-01T10:00:13","date_gmt":"2025-12-01T09:00:13","guid":{"rendered":"https:\/\/blog.holyart.it\/de\/?p=7299"},"modified":"2025-11-26T12:34:37","modified_gmt":"2025-11-26T11:34:37","slug":"die-anbetung-der-hirten-als-der-engel-die-geburt-jesu-verkuendete","status":"publish","type":"post","link":"https:\/\/blog.holyart.it\/de\/weihnachten\/die-anbetung-der-hirten-als-der-engel-die-geburt-jesu-verkuendete\/","title":{"rendered":"Die Anbetung der Hirten: Als der Engel die Geburt Jesu verk\u00fcndete"},"content":{"rendered":"<h4>Die Anbetung der Hirten: Vom Lukasevangelium zur Weihnachtsgeschichte \u2013 eine uralte und zugleich immer aktuelle Geschichte<\/h4>\n<p>Von Kindheit an lernen wir die Hauptfiguren der <strong><a href=\"https:\/\/www.holyart.de\/weihnachten\/krippen\">Weihnachtsgeschichte<\/a> <\/strong>kennen: die Heilige Familie, bestehend aus Maria, Josef und nat\u00fcrlich dem Jesuskind; Ochse und Esel, die das Jesuskind in der Krippe w\u00e4rmen sollen; und die <strong>Hirten<\/strong>, die Jesu Geburt miterleben. Denn die <strong>Anbetung der Hirten<\/strong> ist nicht nur im Kontext der<strong><a href=\"https:\/\/www.holyart.de\/weihnachten\/heilige-familie?page=1\"> Geburt Christi<\/a><\/strong> eine zentrale Episode, sondern allgemeiner in der Geschichte von Jesu Geburt und seiner Menschwerdung an <strong><a href=\"https:\/\/www.holyart.de\/weihnachten\">Weihnachten<\/a><\/strong>.<\/p>\n<div class=\"link-product\">\n<div class=\"blocco-immagine\"><img loading=\"lazy\" decoding=\"async\" class=\"size-full wp-image-6736 alignleft\" src=\"https:\/\/blog.holyart.it\/pt\/wp-content\/uploads\/sites\/18\/2025\/11\/krippenfiguren-set-11-teilig-fur-120-cm-krippe-farbig-gefasstes-resin.jpg\" alt=\"Krippen\" width=\"100\" height=\"100\" data-kale-share-title=\"Die Anbetung der Hirten: Als der Engel die Geburt Jesu verk\u00fcndete\" data-kale-share-url=\"https:\/\/blog.holyart.it\/pt\/?p=6734\" \/><\/div>\n<div class=\"blocco-contenuto\">\n<div class=\"blocco-acquista\">Einkaufen:<\/div>\n<div class=\"blocco-titolo\"><a href=\"https:\/\/www.holyart.de\/weihnachten\/krippen\">Krippen<\/a><\/div>\n<div class=\"blocco-descrizione\">Krippen aus Holz, aus Harz, neapolitanische Krippen, aus Terrakotta, aus Stein; moderne, stilisierte Krippen, aus Olivenholz&#8230;<\/div>\n<\/div>\n<\/div>\n<p>Was diese Episode, die nur im <strong>Lukasevangelium<\/strong> \u00fcberliefert ist, so wertvoll und bedeutsam macht, ist die Identit\u00e4t ihrer Protagonisten. Der Sohn Gottes ist gerade geboren; es ist der Beginn der Erf\u00fcllung des g\u00f6ttlichen Plans, der Beginn der Reise, die die Menschheit zum Neuen Bund und zur Erl\u00f6sung f\u00fchren wird. Im Alten Testament sprach Gott zu <strong>K\u00f6nigen und Propheten<\/strong>, zu Patriarchen und Priestern. Oder er sandte seine Boten, seine Engel, um den Geist derer zu erleuchten, die V\u00f6lker und Seelen leiten und den Weg f\u00fcr die Ankunft des Messias ebnen sollten. Doch im Neuen Testament beginnt sich etwas zu \u00e4ndern. Im Lukasevangelium erscheint der<a href=\"https:\/\/www.holyart.de\/devotionalien\/statuen\/statuen-aus-resin-und-pvc\/statue-aus-harz-verkundung-des-herren-16-cm\"> <strong>Erzengel Gabriel<\/strong><\/a> Zacharias, um ihm trotz seines hohen Alters seine Vaterschaft anzuk\u00fcndigen: Er und seine Frau Elisabeth werden Johannes den T\u00e4ufer zur Welt bringen. Gabriel geht dann zu <strong>Maria von Nazareth<\/strong> und bittet sie, den Sohn Gottes in ihrem Leib aufzunehmen und das ihr zugedachte Schicksal anzunehmen. Dann erscheint er ihrem Mann Josef im Traum und ermahnt ihn, das M\u00e4dchen nicht zu versto\u00dfen, sondern sie und das ungeborene Kind zu besch\u00fctzen und zu lieben. Zacharias ist tats\u00e4chlich ein Priester, w\u00e4hrend Maria und Josef einfache, bescheidene Menschen sind, denen jedoch Gro\u00dfes bestimmt ist.<\/p>\n<div class=\"link-product\">\n<div class=\"blocco-immagine\"><img loading=\"lazy\" decoding=\"async\" class=\"size-full wp-image-6737 alignleft\" src=\"https:\/\/blog.holyart.it\/pt\/wp-content\/uploads\/sites\/18\/2025\/11\/Statue-aus-Harz-Verkundung-des-Herren.jpg\" alt=\"Statue aus Harz Verk\u00fcndung des Herren\" width=\"100\" height=\"100\" data-kale-share-title=\"Die Anbetung der Hirten: Als der Engel die Geburt Jesu verk\u00fcndete\" data-kale-share-url=\"https:\/\/blog.holyart.it\/pt\/?p=6734\" \/><\/div>\n<div class=\"blocco-contenuto\">\n<div class=\"blocco-acquista\">Einkaufen:<\/div>\n<div class=\"blocco-titolo\"><a href=\"https:\/\/www.holyart.de\/devotionalien\/statuen\/statuen-aus-resin-und-pvc\/statue-aus-harz-verkundung-des-herren-16-cm\">Statue aus Harz Verk\u00fcndung des Herren, 16 cm<\/a><\/div>\n<div class=\"blocco-descrizione\">Sch\u00f6ne Statue hergestellt aus Harz mit viel liebe zum Detail.<\/div>\n<\/div>\n<\/div>\n<p>Im Lukasevangelium (Lk 2,8-14), dem einzigen kanonischen Evangelium, das diese Episode erw\u00e4hnt, lesen wir, wie Gott sich bei der Verk\u00fcndigung der Geburt Jesu nicht an Weise und M\u00e4chtige, Priester und Propheten wandte: Er sandte einen Engel zu einigen armen Hirten, die mit ihren Schafen im Freien lagerten. Sie lebten \u201e<em>auf freiem Feld und hielten die ganze Nacht Wache bei ihrer Herde<\/em>\u201c. Ein Engel erschien ihnen, und \u201e<em>der Glanz des Herrn umstrahlte sie<\/em>\u201c. Der Engel sprach zu ihnen: \u201e<em>Heute ist euch in der Stadt Davids der Retter geboren; er ist Christus, der Herr. Und das soll euch das Zeichen sein: Ihr werdet ein Kind finden, das, in Windeln gewickelt, in einer Krippe liegt<\/em>.\u201c Unmittelbar danach sangen die \u201eHimmelsheerscharen\u201c die Ehre Gottes. Etwas Revolution\u00e4reres kann man sich kaum vorstellen! Man kann sich das Erstaunen dieser M\u00e4nner nicht vorstellen, die nichts besa\u00dfen au\u00dfer ihren Herden, unwissend, ohne das Wissen anderer H\u00f6hergestellter, ohne die Studien, denen viele ihr ganzes Leben gewidmet hatten. Lukas berichtet uns, dass sie \u201e<em>von gro\u00dfer Furcht erf\u00fcllt<\/em>\u201c waren, und ihre <strong>Furcht<\/strong> ist verst\u00e4ndlich angesichts eines, dann vieler, leuchtender Engel! Doch sie folgten der Einladung, ohne zu z\u00f6gern und machten sich, \u00e4ngstlich, aber entschlossen, auf den Weg, um dieses besondere Kind zu sehen. Sie folgten dem Weg, den der Engel ihnen gewiesen hatte, und \u201e<em>fanden Maria und Josef und das Kind in der Krippe liegen. Und als sie es sahen, erz\u00e4hlten sie, was ihnen \u00fcber dieses Kind gesagt worden war<\/em>.\u201c<\/p>\n<div class=\"link-product\">\n<div class=\"blocco-immagine\"><img loading=\"lazy\" decoding=\"async\" class=\"size-full wp-image-6738 alignleft\" src=\"https:\/\/blog.holyart.it\/pt\/wp-content\/uploads\/sites\/18\/2025\/11\/frau-mit-aufgehangtem-huhn-und-eier-korb-fur-10-cm-krippe-neapolitanischer-stil.jpg\" alt=\"Krippenfiguren \" width=\"100\" height=\"100\" data-kale-share-title=\"Die Anbetung der Hirten: Als der Engel die Geburt Jesu verk\u00fcndete\" data-kale-share-url=\"https:\/\/blog.holyart.it\/pt\/?p=6734\" \/><\/div>\n<div class=\"blocco-contenuto\">\n<div class=\"blocco-acquista\">Einkaufen:<\/div>\n<div class=\"blocco-titolo\"><a href=\"https:\/\/www.holyart.de\/weihnachten\/krippenfiguren\">Krippenfiguren<\/a><\/div>\n<div class=\"blocco-descrizione\">In dieser Produktkategorie finden Sie Krippenfiguren in verschiedenen Formaten, Gr\u00f6\u00dfen und aus unterschiedlichen Materialien&#8230;<\/div>\n<\/div>\n<\/div>\n<p>Die Episode endet damit, dass die Hirten zu ihrer Arbeit und ihrem Leben zur\u00fcckkehrten und \u201e<em>Gott loben und preisen f\u00fcr alles, was sie geh\u00f6rt und gesehen hatten, so wie es ihnen gesagt worden war<\/em>.\u201c<\/p>\n<p>Jenseits der Sch\u00f6nheit der Geschichte von Lukas ist ihre symbolische Bedeutung offensichtlich, und wir k\u00f6nnen sie in ihren verschiedenen Aspekten betrachten. Allein die Tatsache, dass die Verk\u00fcndigung des Engels <strong>nachts<\/strong> erfolgt, in der Zeit, in der die Menschheit am verletzlichsten und verletzlichsten ist, in der Zeit der Tr\u00e4ume, Betrachtungen, Gedanken, \u00c4ngste und Entscheidungen, l\u00e4sst uns verstehen, dass im g\u00f6ttlichen Plan nichts zuf\u00e4llig ist. Gott sendet den Engel, um die Geburt Jesu in der Nacht zu verk\u00fcnden, und er sendet ihn zu Menschen, die nichts von ihm wissen, <strong>gew\u00f6hnliche, einfache, unzul\u00e4ngliche<\/strong> Menschen. Doch so ist jeder Mensch, bevor er Gott begegnet, und wie es nur nat\u00fcrlich ist, reagieren die Hirten mit <strong>Staunen und Furcht<\/strong>. Die <strong>Gr\u00f6\u00dfe Gottes<\/strong> \u00fcberw\u00e4ltigt sie, <strong>sein Licht<\/strong> umh\u00fcllt sie \u2013 nicht als etwas, das man nur bezeugen kann, sondern als etwas, an dem man teilhaben kann, als etwas, das man als <strong>unendlich klein, aber kostbar, unersetzlich empfindet.<\/strong> So tritt der <strong>Sohn Gottes<\/strong> in die Welt und in die Geschichte der Menschheit ein, und alle Menschen sind bereit zu glauben, Gottes Zeichen und Botschaften anzunehmen und sie zu sch\u00e4tzen.<\/p>\n<div class=\"link-product\">\n<div class=\"blocco-immagine\"><img loading=\"lazy\" decoding=\"async\" class=\"size-full wp-image-6739 alignleft\" src=\"https:\/\/blog.holyart.it\/pt\/wp-content\/uploads\/sites\/18\/2025\/11\/jesuskind-mit-wiege-fur-lando-landi-krippen-100-cm-aussenbereich.jpg\" alt=\"Jesuskind-Figuren\" width=\"100\" height=\"100\" data-kale-share-title=\"Die Anbetung der Hirten: Als der Engel die Geburt Jesu verk\u00fcndete\" data-kale-share-url=\"https:\/\/blog.holyart.it\/pt\/?p=6734\" \/><\/div>\n<div class=\"blocco-contenuto\">\n<div class=\"blocco-acquista\">Einkaufen:<\/div>\n<div class=\"blocco-titolo\"><a href=\"https:\/\/www.holyart.de\/weihnachten\/jesuskind-figuren?\">Jesuskind-Figuren<\/a><\/div>\n<div class=\"blocco-descrizione\">In dieser Produktkategorie finden Sie Jesuskind-Figuren aus Holz, Holzmasse, Resin und Gips, in verschiedenen Gr\u00f6\u00dfen&#8230;<\/div>\n<\/div>\n<\/div>\n<p>Sp\u00e4ter werden auch die <a href=\"https:\/\/www.holyart.de\/weihnachten\/krippenfiguren?page=1&amp;params=%7B%22offset%22:0,%22limit%22:60,%22filters%22:%5B%5D,%22sorter%22:%22LATEST%22,%22categoryIds%22:%5B113%5D,%22filtersByIds%22:%5B%7B%22key%22:83,%22values%22:%5B2350%5D%7D%5D%7D\"><strong>Heiligen Drei K\u00f6nige<\/strong><\/a> an der Geburtsgrotte eintreffen. Sie symbolisieren die M\u00e4chtigen, die Weisen, diejenigen, die die Prophezeiungen kannten und das Kommen des Messias voraussahen. Ihre Aufgabe ist, die Geburt Jesu unter ihren Mitmenschen zu verk\u00fcnden. Doch die ersten, die das Kind in der Nacht aller N\u00e4chte anbeten, werden f\u00fcr alle Ewigkeit die dem\u00fctigen Hirten bleiben, die von einem vom Himmel herabgestiegenen Engel besucht werden.<\/p>\n<div class=\"link-product\">\n<div class=\"blocco-immagine\"><img loading=\"lazy\" decoding=\"async\" class=\"size-full wp-image-6740 alignleft\" src=\"https:\/\/blog.holyart.it\/pt\/wp-content\/uploads\/sites\/18\/2025\/11\/heilige-konige-set-3-teilig-160-cm-lando-landi-fiberglas-kristallaugen-aussen.jpg\" alt=\"Heilige Drei K\u00f6nige\" width=\"100\" height=\"100\" data-kale-share-title=\"Die Anbetung der Hirten: Als der Engel die Geburt Jesu verk\u00fcndete\" data-kale-share-url=\"https:\/\/blog.holyart.it\/pt\/?p=6734\" \/><\/div>\n<div class=\"blocco-contenuto\">\n<div class=\"blocco-acquista\">Einkaufen:<\/div>\n<div class=\"blocco-titolo\"><a href=\"https:\/\/www.holyart.de\/weihnachten\/krippenfiguren?page=1&amp;params=%7B%22offset%22:0,%22limit%22:60,%22filters%22:%5B%5D,%22sorter%22:%22LATEST%22,%22categoryIds%22:%5B113%5D,%22filtersByIds%22:%5B%7B%22key%22:83,%22values%22:%5B2350%5D%7D%5D%7D\">Heilige Drei K\u00f6nige<\/a><\/div>\n<div class=\"blocco-descrizione\">Figuren und Statuetten f\u00fcr Krippen aus Harz und Kunststoff.<\/div>\n<\/div>\n<\/div>\n","protected":false},"excerpt":{"rendered":"<p>Die Anbetung der Hirten: Vom Lukasevangelium zur Weihnachtsgeschichte \u2013 eine uralte und zugleich immer aktuelle Geschichte Von Kindheit an lernen wir die Hauptfiguren der Weihnachtsgeschichte kennen: die Heilige Familie, bestehend aus Maria, Josef und nat\u00fcrlich dem Jesuskind; Ochse und Esel, die das Jesuskind in der&hellip;<\/p>\n","protected":false},"author":1,"featured_media":7301,"comment_status":"closed","ping_status":"open","sticky":false,"template":"","format":"standard","meta":{"_acf_changed":false,"footnotes":""},"categories":[12],"tags":[],"class_list":["post-7299","post","type-post","status-publish","format-standard","has-post-thumbnail","hentry","category-weihnachten"],"acf":[],"yoast_head":"<!-- This site is optimized with the Yoast SEO plugin v26.6 - https:\/\/yoast.com\/wordpress\/plugins\/seo\/ -->\n<title>Die Anbetung der Hirten: Als der Engel die Geburt Jesu verk\u00fcndete - Holyart.de Blog<\/title>\n<meta name=\"description\" content=\"Die Anbetung der Hirten: Vom Lukasevangelium zur Weihnachtsgeschichte \u2013 eine uralte und zugleich immer aktuelle Geschichte\" \/>\n<meta name=\"robots\" content=\"index, follow, max-snippet:-1, max-image-preview:large, max-video-preview:-1\" \/>\n<link rel=\"canonical\" href=\"https:\/\/blog.holyart.it\/de\/weihnachten\/die-anbetung-der-hirten-als-der-engel-die-geburt-jesu-verkuendete\/\" \/>\n<meta property=\"og:locale\" content=\"de_DE\" \/>\n<meta property=\"og:type\" content=\"article\" \/>\n<meta property=\"og:title\" content=\"Die Anbetung der Hirten: Als der Engel die Geburt Jesu verk\u00fcndete - Holyart.de Blog\" \/>\n<meta property=\"og:description\" content=\"Die Anbetung der Hirten: Vom Lukasevangelium zur Weihnachtsgeschichte \u2013 eine uralte und zugleich immer aktuelle Geschichte\" \/>\n<meta property=\"og:url\" content=\"https:\/\/blog.holyart.it\/de\/weihnachten\/die-anbetung-der-hirten-als-der-engel-die-geburt-jesu-verkuendete\/\" \/>\n<meta property=\"og:site_name\" content=\"Holyart.de Blog\" \/>\n<meta property=\"article:published_time\" content=\"2025-12-01T09:00:13+00:00\" \/>\n<meta property=\"og:image\" content=\"https:\/\/blog.holyart.it\/de\/wp-content\/uploads\/sites\/12\/2025\/11\/Die-Anbetung-der-Hirten.jpg\" \/>\n\t<meta property=\"og:image:width\" content=\"1000\" \/>\n\t<meta property=\"og:image:height\" content=\"666\" \/>\n\t<meta property=\"og:image:type\" content=\"image\/jpeg\" \/>\n<meta name=\"author\" content=\"Redazione\" \/>\n<meta name=\"twitter:card\" content=\"summary_large_image\" \/>\n<meta name=\"twitter:label1\" content=\"Verfasst von\" \/>\n\t<meta name=\"twitter:data1\" content=\"Redazione\" \/>\n\t<meta name=\"twitter:label2\" content=\"Gesch\u00e4tzte Lesezeit\" \/>\n\t<meta name=\"twitter:data2\" content=\"7\u00a0Minuten\" \/>\n<script type=\"application\/ld+json\" class=\"yoast-schema-graph\">{\"@context\":\"https:\/\/schema.org\",\"@graph\":[{\"@type\":\"Article\",\"@id\":\"https:\/\/blog.holyart.it\/de\/weihnachten\/die-anbetung-der-hirten-als-der-engel-die-geburt-jesu-verkuendete\/#article\",\"isPartOf\":{\"@id\":\"https:\/\/blog.holyart.it\/de\/weihnachten\/die-anbetung-der-hirten-als-der-engel-die-geburt-jesu-verkuendete\/\"},\"author\":{\"name\":\"Redazione\",\"@id\":\"https:\/\/blog.holyart.it\/de\/#\/schema\/person\/0a7b686e5af0f856ec1e390dd0baecda\"},\"headline\":\"Die Anbetung der Hirten: Als der Engel die Geburt Jesu verk\u00fcndete\",\"datePublished\":\"2025-12-01T09:00:13+00:00\",\"mainEntityOfPage\":{\"@id\":\"https:\/\/blog.holyart.it\/de\/weihnachten\/die-anbetung-der-hirten-als-der-engel-die-geburt-jesu-verkuendete\/\"},\"wordCount\":955,\"publisher\":{\"@id\":\"https:\/\/blog.holyart.it\/de\/#organization\"},\"image\":{\"@id\":\"https:\/\/blog.holyart.it\/de\/weihnachten\/die-anbetung-der-hirten-als-der-engel-die-geburt-jesu-verkuendete\/#primaryimage\"},\"thumbnailUrl\":\"https:\/\/blog.holyart.it\/de\/wp-content\/uploads\/sites\/12\/2025\/11\/Die-Anbetung-der-Hirten.jpg\",\"articleSection\":[\"Weihnachten\"],\"inLanguage\":\"de\"},{\"@type\":\"WebPage\",\"@id\":\"https:\/\/blog.holyart.it\/de\/weihnachten\/die-anbetung-der-hirten-als-der-engel-die-geburt-jesu-verkuendete\/\",\"url\":\"https:\/\/blog.holyart.it\/de\/weihnachten\/die-anbetung-der-hirten-als-der-engel-die-geburt-jesu-verkuendete\/\",\"name\":\"Die Anbetung der Hirten: Als der Engel die Geburt Jesu verk\u00fcndete - Holyart.de Blog\",\"isPartOf\":{\"@id\":\"https:\/\/blog.holyart.it\/de\/#website\"},\"primaryImageOfPage\":{\"@id\":\"https:\/\/blog.holyart.it\/de\/weihnachten\/die-anbetung-der-hirten-als-der-engel-die-geburt-jesu-verkuendete\/#primaryimage\"},\"image\":{\"@id\":\"https:\/\/blog.holyart.it\/de\/weihnachten\/die-anbetung-der-hirten-als-der-engel-die-geburt-jesu-verkuendete\/#primaryimage\"},\"thumbnailUrl\":\"https:\/\/blog.holyart.it\/de\/wp-content\/uploads\/sites\/12\/2025\/11\/Die-Anbetung-der-Hirten.jpg\",\"datePublished\":\"2025-12-01T09:00:13+00:00\",\"description\":\"Die Anbetung der Hirten: Vom Lukasevangelium zur Weihnachtsgeschichte \u2013 eine uralte und zugleich immer aktuelle Geschichte\",\"breadcrumb\":{\"@id\":\"https:\/\/blog.holyart.it\/de\/weihnachten\/die-anbetung-der-hirten-als-der-engel-die-geburt-jesu-verkuendete\/#breadcrumb\"},\"inLanguage\":\"de\",\"potentialAction\":[{\"@type\":\"ReadAction\",\"target\":[\"https:\/\/blog.holyart.it\/de\/weihnachten\/die-anbetung-der-hirten-als-der-engel-die-geburt-jesu-verkuendete\/\"]}]},{\"@type\":\"ImageObject\",\"inLanguage\":\"de\",\"@id\":\"https:\/\/blog.holyart.it\/de\/weihnachten\/die-anbetung-der-hirten-als-der-engel-die-geburt-jesu-verkuendete\/#primaryimage\",\"url\":\"https:\/\/blog.holyart.it\/de\/wp-content\/uploads\/sites\/12\/2025\/11\/Die-Anbetung-der-Hirten.jpg\",\"contentUrl\":\"https:\/\/blog.holyart.it\/de\/wp-content\/uploads\/sites\/12\/2025\/11\/Die-Anbetung-der-Hirten.jpg\",\"width\":1000,\"height\":666,\"caption\":\"Die Anbetung der Hirten\"},{\"@type\":\"BreadcrumbList\",\"@id\":\"https:\/\/blog.holyart.it\/de\/weihnachten\/die-anbetung-der-hirten-als-der-engel-die-geburt-jesu-verkuendete\/#breadcrumb\",\"itemListElement\":[{\"@type\":\"ListItem\",\"position\":1,\"name\":\"Homepage\",\"item\":\"https:\/\/blog.holyart.it\/de\/\"},{\"@type\":\"ListItem\",\"position\":2,\"name\":\"Weihnachten\",\"item\":\"https:\/\/blog.holyart.it\/de\/weihnachten\/\"},{\"@type\":\"ListItem\",\"position\":3,\"name\":\"Die Anbetung der Hirten: Als der Engel die Geburt Jesu verk\u00fcndete\"}]},{\"@type\":\"WebSite\",\"@id\":\"https:\/\/blog.holyart.it\/de\/#website\",\"url\":\"https:\/\/blog.holyart.it\/de\/\",\"name\":\"Holyart.de Blog\",\"description\":\"Holyblog\",\"publisher\":{\"@id\":\"https:\/\/blog.holyart.it\/de\/#organization\"},\"potentialAction\":[{\"@type\":\"SearchAction\",\"target\":{\"@type\":\"EntryPoint\",\"urlTemplate\":\"https:\/\/blog.holyart.it\/de\/?s={search_term_string}\"},\"query-input\":{\"@type\":\"PropertyValueSpecification\",\"valueRequired\":true,\"valueName\":\"search_term_string\"}}],\"inLanguage\":\"de\"},{\"@type\":\"Organization\",\"@id\":\"https:\/\/blog.holyart.it\/de\/#organization\",\"name\":\"Holyart.de Blog\",\"url\":\"https:\/\/blog.holyart.it\/de\/\",\"logo\":{\"@type\":\"ImageObject\",\"inLanguage\":\"de\",\"@id\":\"https:\/\/blog.holyart.it\/de\/#\/schema\/logo\/image\/\",\"url\":\"https:\/\/blog.holyart.it\/de\/wp-content\/uploads\/sites\/12\/2022\/12\/Holyart_Blog_Logo.jpg\",\"contentUrl\":\"https:\/\/blog.holyart.it\/de\/wp-content\/uploads\/sites\/12\/2022\/12\/Holyart_Blog_Logo.jpg\",\"width\":300,\"height\":50,\"caption\":\"Holyart.de Blog\"},\"image\":{\"@id\":\"https:\/\/blog.holyart.it\/de\/#\/schema\/logo\/image\/\"}},{\"@type\":\"Person\",\"@id\":\"https:\/\/blog.holyart.it\/de\/#\/schema\/person\/0a7b686e5af0f856ec1e390dd0baecda\",\"name\":\"Redazione\",\"image\":{\"@type\":\"ImageObject\",\"inLanguage\":\"de\",\"@id\":\"https:\/\/blog.holyart.it\/de\/#\/schema\/person\/image\/\",\"url\":\"https:\/\/secure.gravatar.com\/avatar\/f477da817f43e50d0af36abecd33e3edf826c68299714bdc1057dff3b113f516?s=96&d=mm&r=g\",\"contentUrl\":\"https:\/\/secure.gravatar.com\/avatar\/f477da817f43e50d0af36abecd33e3edf826c68299714bdc1057dff3b113f516?s=96&d=mm&r=g\",\"caption\":\"Redazione\"}}]}<\/script>\n<!-- \/ Yoast SEO plugin. -->","yoast_head_json":{"title":"Die Anbetung der Hirten: Als der Engel die Geburt Jesu verk\u00fcndete - Holyart.de Blog","description":"Die Anbetung der Hirten: Vom Lukasevangelium zur Weihnachtsgeschichte \u2013 eine uralte und zugleich immer aktuelle Geschichte","robots":{"index":"index","follow":"follow","max-snippet":"max-snippet:-1","max-image-preview":"max-image-preview:large","max-video-preview":"max-video-preview:-1"},"canonical":"https:\/\/blog.holyart.it\/de\/weihnachten\/die-anbetung-der-hirten-als-der-engel-die-geburt-jesu-verkuendete\/","og_locale":"de_DE","og_type":"article","og_title":"Die Anbetung der Hirten: Als der Engel die Geburt Jesu verk\u00fcndete - Holyart.de Blog","og_description":"Die Anbetung der Hirten: Vom Lukasevangelium zur Weihnachtsgeschichte \u2013 eine uralte und zugleich immer aktuelle Geschichte","og_url":"https:\/\/blog.holyart.it\/de\/weihnachten\/die-anbetung-der-hirten-als-der-engel-die-geburt-jesu-verkuendete\/","og_site_name":"Holyart.de Blog","article_published_time":"2025-12-01T09:00:13+00:00","og_image":[{"width":1000,"height":666,"url":"https:\/\/blog.holyart.it\/de\/wp-content\/uploads\/sites\/12\/2025\/11\/Die-Anbetung-der-Hirten.jpg","type":"image\/jpeg"}],"author":"Redazione","twitter_card":"summary_large_image","twitter_misc":{"Verfasst von":"Redazione","Gesch\u00e4tzte Lesezeit":"7\u00a0Minuten"},"schema":{"@context":"https:\/\/schema.org","@graph":[{"@type":"Article","@id":"https:\/\/blog.holyart.it\/de\/weihnachten\/die-anbetung-der-hirten-als-der-engel-die-geburt-jesu-verkuendete\/#article","isPartOf":{"@id":"https:\/\/blog.holyart.it\/de\/weihnachten\/die-anbetung-der-hirten-als-der-engel-die-geburt-jesu-verkuendete\/"},"author":{"name":"Redazione","@id":"https:\/\/blog.holyart.it\/de\/#\/schema\/person\/0a7b686e5af0f856ec1e390dd0baecda"},"headline":"Die Anbetung der Hirten: Als der Engel die Geburt Jesu verk\u00fcndete","datePublished":"2025-12-01T09:00:13+00:00","mainEntityOfPage":{"@id":"https:\/\/blog.holyart.it\/de\/weihnachten\/die-anbetung-der-hirten-als-der-engel-die-geburt-jesu-verkuendete\/"},"wordCount":955,"publisher":{"@id":"https:\/\/blog.holyart.it\/de\/#organization"},"image":{"@id":"https:\/\/blog.holyart.it\/de\/weihnachten\/die-anbetung-der-hirten-als-der-engel-die-geburt-jesu-verkuendete\/#primaryimage"},"thumbnailUrl":"https:\/\/blog.holyart.it\/de\/wp-content\/uploads\/sites\/12\/2025\/11\/Die-Anbetung-der-Hirten.jpg","articleSection":["Weihnachten"],"inLanguage":"de"},{"@type":"WebPage","@id":"https:\/\/blog.holyart.it\/de\/weihnachten\/die-anbetung-der-hirten-als-der-engel-die-geburt-jesu-verkuendete\/","url":"https:\/\/blog.holyart.it\/de\/weihnachten\/die-anbetung-der-hirten-als-der-engel-die-geburt-jesu-verkuendete\/","name":"Die Anbetung der Hirten: Als der Engel die Geburt Jesu verk\u00fcndete - Holyart.de Blog","isPartOf":{"@id":"https:\/\/blog.holyart.it\/de\/#website"},"primaryImageOfPage":{"@id":"https:\/\/blog.holyart.it\/de\/weihnachten\/die-anbetung-der-hirten-als-der-engel-die-geburt-jesu-verkuendete\/#primaryimage"},"image":{"@id":"https:\/\/blog.holyart.it\/de\/weihnachten\/die-anbetung-der-hirten-als-der-engel-die-geburt-jesu-verkuendete\/#primaryimage"},"thumbnailUrl":"https:\/\/blog.holyart.it\/de\/wp-content\/uploads\/sites\/12\/2025\/11\/Die-Anbetung-der-Hirten.jpg","datePublished":"2025-12-01T09:00:13+00:00","description":"Die Anbetung der Hirten: Vom Lukasevangelium zur Weihnachtsgeschichte \u2013 eine uralte und zugleich immer aktuelle Geschichte","breadcrumb":{"@id":"https:\/\/blog.holyart.it\/de\/weihnachten\/die-anbetung-der-hirten-als-der-engel-die-geburt-jesu-verkuendete\/#breadcrumb"},"inLanguage":"de","potentialAction":[{"@type":"ReadAction","target":["https:\/\/blog.holyart.it\/de\/weihnachten\/die-anbetung-der-hirten-als-der-engel-die-geburt-jesu-verkuendete\/"]}]},{"@type":"ImageObject","inLanguage":"de","@id":"https:\/\/blog.holyart.it\/de\/weihnachten\/die-anbetung-der-hirten-als-der-engel-die-geburt-jesu-verkuendete\/#primaryimage","url":"https:\/\/blog.holyart.it\/de\/wp-content\/uploads\/sites\/12\/2025\/11\/Die-Anbetung-der-Hirten.jpg","contentUrl":"https:\/\/blog.holyart.it\/de\/wp-content\/uploads\/sites\/12\/2025\/11\/Die-Anbetung-der-Hirten.jpg","width":1000,"height":666,"caption":"Die Anbetung der Hirten"},{"@type":"BreadcrumbList","@id":"https:\/\/blog.holyart.it\/de\/weihnachten\/die-anbetung-der-hirten-als-der-engel-die-geburt-jesu-verkuendete\/#breadcrumb","itemListElement":[{"@type":"ListItem","position":1,"name":"Homepage","item":"https:\/\/blog.holyart.it\/de\/"},{"@type":"ListItem","position":2,"name":"Weihnachten","item":"https:\/\/blog.holyart.it\/de\/weihnachten\/"},{"@type":"ListItem","position":3,"name":"Die Anbetung der Hirten: Als der Engel die Geburt Jesu verk\u00fcndete"}]},{"@type":"WebSite","@id":"https:\/\/blog.holyart.it\/de\/#website","url":"https:\/\/blog.holyart.it\/de\/","name":"Holyart.de Blog","description":"Holyblog","publisher":{"@id":"https:\/\/blog.holyart.it\/de\/#organization"},"potentialAction":[{"@type":"SearchAction","target":{"@type":"EntryPoint","urlTemplate":"https:\/\/blog.holyart.it\/de\/?s={search_term_string}"},"query-input":{"@type":"PropertyValueSpecification","valueRequired":true,"valueName":"search_term_string"}}],"inLanguage":"de"},{"@type":"Organization","@id":"https:\/\/blog.holyart.it\/de\/#organization","name":"Holyart.de Blog","url":"https:\/\/blog.holyart.it\/de\/","logo":{"@type":"ImageObject","inLanguage":"de","@id":"https:\/\/blog.holyart.it\/de\/#\/schema\/logo\/image\/","url":"https:\/\/blog.holyart.it\/de\/wp-content\/uploads\/sites\/12\/2022\/12\/Holyart_Blog_Logo.jpg","contentUrl":"https:\/\/blog.holyart.it\/de\/wp-content\/uploads\/sites\/12\/2022\/12\/Holyart_Blog_Logo.jpg","width":300,"height":50,"caption":"Holyart.de Blog"},"image":{"@id":"https:\/\/blog.holyart.it\/de\/#\/schema\/logo\/image\/"}},{"@type":"Person","@id":"https:\/\/blog.holyart.it\/de\/#\/schema\/person\/0a7b686e5af0f856ec1e390dd0baecda","name":"Redazione","image":{"@type":"ImageObject","inLanguage":"de","@id":"https:\/\/blog.holyart.it\/de\/#\/schema\/person\/image\/","url":"https:\/\/secure.gravatar.com\/avatar\/f477da817f43e50d0af36abecd33e3edf826c68299714bdc1057dff3b113f516?s=96&d=mm&r=g","contentUrl":"https:\/\/secure.gravatar.com\/avatar\/f477da817f43e50d0af36abecd33e3edf826c68299714bdc1057dff3b113f516?s=96&d=mm&r=g","caption":"Redazione"}}]}},"_links":{"self":[{"href":"https:\/\/blog.holyart.it\/de\/wp-json\/wp\/v2\/posts\/7299","targetHints":{"allow":["GET"]}}],"collection":[{"href":"https:\/\/blog.holyart.it\/de\/wp-json\/wp\/v2\/posts"}],"about":[{"href":"https:\/\/blog.holyart.it\/de\/wp-json\/wp\/v2\/types\/post"}],"author":[{"embeddable":true,"href":"https:\/\/blog.holyart.it\/de\/wp-json\/wp\/v2\/users\/1"}],"replies":[{"embeddable":true,"href":"https:\/\/blog.holyart.it\/de\/wp-json\/wp\/v2\/comments?post=7299"}],"version-history":[{"count":5,"href":"https:\/\/blog.holyart.it\/de\/wp-json\/wp\/v2\/posts\/7299\/revisions"}],"predecessor-version":[{"id":7305,"href":"https:\/\/blog.holyart.it\/de\/wp-json\/wp\/v2\/posts\/7299\/revisions\/7305"}],"wp:featuredmedia":[{"embeddable":true,"href":"https:\/\/blog.holyart.it\/de\/wp-json\/wp\/v2\/media\/7301"}],"wp:attachment":[{"href":"https:\/\/blog.holyart.it\/de\/wp-json\/wp\/v2\/media?parent=7299"}],"wp:term":[{"taxonomy":"category","embeddable":true,"href":"https:\/\/blog.holyart.it\/de\/wp-json\/wp\/v2\/categories?post=7299"},{"taxonomy":"post_tag","embeddable":true,"href":"https:\/\/blog.holyart.it\/de\/wp-json\/wp\/v2\/tags?post=7299"}],"curies":[{"name":"wp","href":"https:\/\/api.w.org\/{rel}","templated":true}]}}