{"id":7162,"date":"2025-11-10T10:00:35","date_gmt":"2025-11-10T09:00:35","guid":{"rendered":"https:\/\/blog.holyart.it\/de\/?p=7162"},"modified":"2025-12-05T10:50:21","modified_gmt":"2025-12-05T09:50:21","slug":"nachhaltige-weihnachten","status":"publish","type":"post","link":"https:\/\/blog.holyart.it\/de\/weihnachten\/nachhaltige-weihnachten\/","title":{"rendered":"Nachhaltige Weihnachten"},"content":{"rendered":"<h4><em>Weihnachtsb\u00e4ume aus Holz, selbst gebastelter Weihnachtsschmuck, Weihnachtskugeln aus recyceltem Kunststoff, energieeffiziente Lichter: Kleine und gro\u00dfe Gesten f\u00fcr ein nachhaltiges Weihnachtsfest<\/em><\/h4>\n\n<p>Weihnachten ist f\u00fcr alle eine magische Zeit. H\u00e4user f\u00fcllen sich mit Lichtern und W\u00e4rme, die Stra\u00dfen hallen wider von einer sanften Freude, die sich in allen ausbreitet und sie glauben l\u00e4sst, dass alles m\u00f6glich ist. Es gibt so viele M\u00f6glichkeiten, diese Zeit zu etwas ganz Besonderem zu machen \u2013 Gesten, Traditionen und Br\u00e4uche, darunter das Gestalten einer <a href=\"https:\/\/www.holyart.de\/blog\/weihnachten\/die-diy-krippe-in-10-einfachen-schritten-erklaert\/\"><strong>Weihnachtskrippe<\/strong><\/a> und <a href=\"https:\/\/www.holyart.de\/weihnachten\/weihnachtsdekorationen-fur-ihr-zuhause\"><strong>das Schm\u00fccken des Hauses f\u00fcr die Feiertage<\/strong><\/a> mit <strong><a href=\"https:\/\/www.holyart.de\/weihnachten\/weihnachtsbeleuchtung\">Lichtern<\/a>,<\/strong> Weihnachtsschmuck und dem allgegenw\u00e4rtigen <strong><a href=\"https:\/\/www.holyart.de\/weihnachten\/weihnachtsbaume\">Weihnachtsbaum<\/a>.<\/strong> Dieses Jahr k\u00f6nnten wir die Feiertage neu gestalten und uns f\u00fcr ein <strong>nachhaltiges Weihnachtsfest<\/strong> entscheiden. Was das bedeutet? Ganz einfach: <a href=\"https:\/\/www.holyart.de\/weihnachten\/nachhaltige-weihnachten\"><strong>W\u00e4hlen Sie einfach umweltfreundliche Dekorationen aus recycelten Materialien<\/strong><\/a>, wie zum Beispiel umweltfreundliche Weihnachtskugeln, <strong>solarbetriebene Lichter<\/strong> und einen <strong>Weihnachtsbaum aus Holz<\/strong>. Kurz gesagt: Schon ein paar <strong>umweltfreundlichere Entscheidungen<\/strong> reichen aus, um eine festliche Weihnachtsstimmung zu schaffen, ohne unseren Planeten zu gef\u00e4hrden und ein <a href=\"https:\/\/www.holyart.de\/weihnachten\/nachhaltige-weihnachten\"><strong>nachhaltiges Weihnachtsfest<\/strong><\/a> zu erleben. Letztendlich geht es um kleine Gesten und bewusste Entscheidungen f\u00fcr ein sch\u00f6nes Weihnachtsfest f\u00fcr uns und unsere Familien und gleichzeitig um ein respektvolles Miteinander mit dem Planeten. Dies ist das gr\u00f6\u00dfte Geschenk, das wir uns selbst, unseren Lieben und sogar unseren Unbekannten machen k\u00f6nnen.<\/p>\n<div class=\"link-product\">\n<div class=\"blocco-immagine\"><img loading=\"lazy\" decoding=\"async\" class=\"size-full wp-image-7166 alignleft\" src=\"https:\/\/blog.holyart.it\/de\/wp-content\/uploads\/sites\/12\/2025\/11\/adventskalender-mit-saatgut-und-gewachshaus-modell-weihnachtsmann-24-verschiedene-sorten.jpg\" alt=\"Nachhaltige Weihnachten\" width=\"100\" height=\"100\" data-kale-share-title=\"Nachhaltige Weihnachten\" data-kale-share-url=\"https:\/\/blog.holyart.it\/de\/?p=7162\" \/><\/div>\n<div class=\"blocco-contenuto\">\n<div class=\"blocco-acquista\">Einkaufen:<\/div>\n<div class=\"blocco-titolo\"><a href=\"https:\/\/www.holyart.de\/weihnachten\/nachhaltige-weihnachten\">Nachhaltige Weihnachten<\/a><\/div>\n<div class=\"blocco-descrizione\">Hier finden Sie umweltfreundliche Lichter, B\u00e4ume und Weihnachtsdekorationen aus recycelten Materialien f\u00fcr ein gr\u00fcnes&#8230;<\/div>\n<\/div>\n<\/div>\n<p>Aber denken wir daran: Ein <strong>umweltfreundliches Weihnachtsfest<\/strong> geht \u00fcber Dekorationen hinaus. W\u00e4hrend der Feiertage ist es wichtig, Abfall zu reduzieren, <strong>recyceltes oder wiederverwendbares Geschenkpapier<\/strong> zu verwenden und <strong>umweltfreundliche Geschenke<\/strong> oder <strong>Erlebnisse<\/strong> materiellen Dingen vorzuziehen.<\/p>\n<p>Hier sind einige Ideen f\u00fcr ein nachhaltiges Weihnachtsfest.<\/p>\n<div class=\"link-article\">\n<p><img loading=\"lazy\" decoding=\"async\" class=\"size-full wp-image-7167 alignleft\" src=\"https:\/\/blog.holyart.it\/de\/wp-content\/uploads\/sites\/12\/2025\/11\/nachhaltiges-Weihnachten.jpg\" alt=\"Nachhaltiges Weihnachten\" width=\"150\" height=\"99\" data-kale-share-title=\"Nachhaltige Weihnachten\" data-kale-share-url=\"https:\/\/blog.holyart.it\/de\/?p=7162\" \/><\/p>\n<div class=\"leggi-anche\">Lesen Sie auch:<\/div>\n<p><strong><a href=\"https:\/\/www.holyart.de\/blog\/weihnachten\/kleiner-leitfaden-fuer-ein-nachhaltiges-weihnachten\/\">Kleiner Leitfaden f\u00fcr ein nachhaltiges Weihnachten<\/a><\/strong><br \/>\nVom umweltfreundlichen Weihnachtsbaum bis zur selbst gebastelten Dekoration&#8230;<\/p>\n<\/div>\n<h2>Weihnachtsb\u00e4ume aus Holzv<\/h2>\n<p>Das Herzst\u00fcck jeder Weihnachtsfeier, das Herzst\u00fcck des Zuhauses, ist der Baum. Deshalb macht die Wahl eines <strong>nachhaltigen Weihnachtsbaums<\/strong> einen gro\u00dfen Unterschied. Einige <a href=\"https:\/\/www.holyart.de\/weihnachten\/weihnachtsbaume\"><strong>k\u00fcnstliche B\u00e4ume<\/strong><\/a> werden aus recycelbaren Materialien wie Polyethylen oder PVC hergestellt und sind daher umweltfreundlicher als ihre nicht recycelbaren Gegenst\u00fccke aus Kunststoff. Die beste Wahl sind jedoch m\u00f6glicherweise <strong>nat\u00fcrliche Weihnachtsb\u00e4ume<\/strong>, die Sie m\u00f6glicherweise von lokalen Z\u00fcchtern kaufen und nach den Feiertagen recyceln oder kompostieren lassen. In jedem Fall muss die Wahl zwischen einem echten oder k\u00fcnstlichen Weihnachtsbaum sorgf\u00e4ltig \u00fcberlegt werden.<\/p>\n<div class=\"link-product\">\n<div class=\"blocco-immagine\"><img loading=\"lazy\" decoding=\"async\" class=\"size-full wp-image-7169 alignleft\" src=\"https:\/\/blog.holyart.it\/de\/wp-content\/uploads\/sites\/12\/2025\/11\/kunstlicher-weihnachtsbaum-modell-brouillard-winter-woodland-grun-270-cm.jpg\" alt=\"Weihnachtsb\u00e4ume\" width=\"100\" height=\"100\" data-kale-share-title=\"Nachhaltige Weihnachten\" data-kale-share-url=\"https:\/\/blog.holyart.it\/de\/?p=7162\" \/><\/div>\n<div class=\"blocco-contenuto\">\n<div class=\"blocco-acquista\">Einkaufen:<\/div>\n<div class=\"blocco-titolo\"><a href=\"https:\/\/www.holyart.de\/weihnachten\/weihnachtsbaume\">Weihnachtsb\u00e4ume<\/a><\/div>\n<div class=\"blocco-descrizione\">K\u00fcnstliche Weihnachtsb\u00e4ume der besten Marken: Wenn Sie auf der Suche nach einem besonderen, originellen und einzigartigen&#8230;<\/div>\n<\/div>\n<\/div>\n<p>Eine nachhaltige und moderne Alternative ist ein <a href=\"https:\/\/www.holyart.de\/weihnachten\/weihnachtsbaume\/spiralbaum-aus-holz-modell-spira-slim-190-cm\"><strong>Weihnachtsbaum aus Holz<\/strong><\/a>, der Inbegriff eines umweltfreundlichen Materials. Holz ist zeitlos. Seine organischen und vielseitigen Eigenschaften machen es zu einem unverzichtbaren Element in jedem Designkontext. Holz verleiht Wohnr\u00e4umen nicht nur W\u00e4rme und Nat\u00fcrlichkeit, sondern tr\u00e4gt auch eine Art uralte Energie in sich: Einst war es ein lebendiger Organismus, der zum Wohlbefinden beitrug und eine entspannte Atmosph\u00e4re schuf. Der innovative und umweltfreundliche <a href=\"https:\/\/www.holyart.de\/blog\/weihnachten\/spiralfoermige-weihnachtsbaeume-die-eleganz-des-skandinavischen-stils\/\"><strong>Spiral-Weihnachtsbaum Spira aus Holz<\/strong><\/a> ist eine elegante und langlebige L\u00f6sung f\u00fcr ein nachhaltiges Weihnachtsfest. Als Ergebnis von Liebe und Handwerkskunst, gesch\u00fctzt durch eine eingetragene Marke und ein Patent unter europ\u00e4ischen und amerikanischen Rechten des geistigen Eigentums, ist jeder Spira-Baum ein Unikat, handgefertigt aus Holz von erfahrenen Handwerkern, die mit Leidenschaft und Inspiration und mit vollem Respekt f\u00fcr den Rohstoff arbeiten. F\u00fcr Fans von Umweltfreundlichkeit und <strong>minimalistischem Design ist die Spira-Serie<\/strong> ideal. Mit ihrem <strong>Spiraldesign<\/strong> und der komplett aus <strong>geschliffenem, handgefertigtem und gepflegtem Holz<\/strong> gefertigten Form zeichnet sich diese Reihe <strong>umweltfreundlicher B\u00e4ume<\/strong> durch ihre einzigartige Form aus, die eine <strong>einfache Montage<\/strong> ohne Werkzeug erm\u00f6glicht und eine endlose Vielfalt an Dekorationsm\u00f6glichkeiten bietet.<\/p>\n<p>Die Wahl von Holz als Hauptmaterial verleiht diesen B\u00e4umen eine warme, festliche Atmosph\u00e4re, die sich im ganzen Haus verbreitet. Die Sch\u00f6nheit der Spira-Serie liegt auch in den <strong>individuellen Gestaltungsm\u00f6glichkeiten<\/strong> dank der speziell f\u00fcr diese B\u00e4ume entworfenen<a href=\"https:\/\/www.holyart.de\/weihnachten\/weihnachtsbaume\/spiralbaum-aus-holz-und-anhanger-set-modell-spira-mini-42-cm\"><strong> Dekorationssets<\/strong><\/a>, ebenfalls aus Naturholz. <strong>Praktisches Zubeh\u00f6r<\/strong> ist ebenfalls erh\u00e4ltlich, wie beispielsweise <a href=\"https:\/\/www.holyart.de\/weihnachten\/weihnachtsbaume\/hanger-aus-holz-fur-spiralbaum-modell-spira-large\"><strong>der h\u00f6lzerne Weihnachtsbaumh\u00e4nger,<\/strong><\/a> der ideal f\u00fcr die Sicherheit sorgt, wenn Kinder oder Haustiere im Haus sind. Die Vielseitigkeit der Spira-B\u00e4ume zeigt sich in ihrer <strong>kompakten Gr\u00f6\u00dfe<\/strong> und den <strong>nachhaltigen Materialien<\/strong>, die bei ihrer Herstellung verwendet werden. So lassen sie sich nach der Weihnachtszeit <strong>leicht verstauen und verstauen<\/strong>.<\/p>\n<p>Entdecken Sie die spiralf\u00f6rmigen Spira-Weihnachtsb\u00e4ume bei <strong>Holyart<\/strong>. Sie sind in verschiedenen Ausf\u00fchrungen und H\u00f6hen von 42 bis 190 cm sowie in runder oder ovaler Form erh\u00e4ltlich und sorgen f\u00fcr ein einzigartiges und originelles Design, das sich jeder Umgebung und jedem Einrichtungsstil anpasst.<\/p>\n<table class=\"widefat sliders-list\">\n<tbody>\n<tr class=\"slider-row\">\n<td><div class=\"sp-styles-warning\" style=\"width: 450px; background-color: #FFF; color: #F00; border: 1px solid #F00; padding: 10px; font-size: 14px;\">\n\t\t\t<span style=\"font-weight: bold;\">Warning: The stylesheets were not loaded!<\/span> \n\t\t\tYou will need to change the <i>Load stylesheets<\/i> setting from <i>Automatically<\/i> to <i>On homepage<\/i> or <i>On all pages<\/i>. \n\t\t\tYou can set that <a style=\"text-decoration: underline; color: #F00;\" href=\"https:\/\/blog.holyart.it\/de\/wp-admin\/admin.php?page=sliderpro-settings\">here<\/a>.\n\t\t\t<\/div>\r\n<div id=\"slider-pro-128\" class=\"slider-pro sp-no-js\" style=\"width: 500px; height: 500px;\">\r\n\t<div class=\"sp-slides\">\r\n\t\t\r\n\t\t<div class=\"sp-slide\">\r\n\t\t\t<img loading=\"lazy\" decoding=\"async\" class=\"sp-image\" src=\"https:\/\/blog.holyart.it\/de\/wp-content\/uploads\/sites\/12\/2025\/11\/spiralbaum-oval-aus-holz-modell-spira-large-140-cm-1.jpg\" alt=\"Spiralbaum oval aus Holz, Modell SPIRA Large, 140 cm\" width=\"500\" height=\"500\" \/>\r\n\t\t\t<div class=\"sp-thumbnail\"><a class=\"\" href=\"https:\/\/www.holyart.de\/weihnachten\/weihnachtsbaume\/spiralbaum-oval-aus-holz-modell-spira-large-140-cm\">\r\n\t\t\t\t<img decoding=\"async\" src=\"https:\/\/blog.holyart.it\/de\/wp-content\/uploads\/sites\/12\/2025\/11\/spiralbaum-oval-aus-holz-modell-spira-large-140-cm.jpg\" alt=\"Spiralbaum oval aus Holz, Modell SPIRA Large, 140 cm\" \/>\r\n\t\t\t<\/a>\r\n\t\t\t<\/div>\r\n\t\t\t<div class=\"sp-caption\">Spiralbaum oval aus Holz, Modell SPIRA Large, 140 cm<\/br><strong><a href=\"https:\/\/www.holyart.de\/weihnachten\/weihnachtsbaume\/spiralbaum-oval-aus-holz-modell-spira-large-140-cm\">Bei Holyart kaufen<\/a><\/strong><\/div>\r\n\t\t<\/div>\r\n\t\t<div class=\"sp-slide\">\r\n\t\t\t<img loading=\"lazy\" decoding=\"async\" class=\"sp-image\" src=\"https:\/\/blog.holyart.it\/de\/wp-content\/uploads\/sites\/12\/2025\/11\/spira-weihnachtsbaumschmuck-krippe-20-teilig-medium-filz-und-holz-6-cm.jpg\" alt=\"SPIRA Weihnachtsbaumschmuck Krippe \u2013 20-teilig, Medium, Filz und Holz 6 cm\" width=\"500\" height=\"500\" \/>\r\n\t\t\t<div class=\"sp-thumbnail\"><a class=\"\" href=\"https:\/\/www.holyart.de\/weihnachten\/weihnachtsbaumschmuck\/weihnachtsbaumschmuck-aus-holz-und-pvc\/spira-weihnachtsbaumschmuck-krippe-20-teilig-medium-filz-und-holz-6-cm\">\r\n\t\t\t\t<img decoding=\"async\" src=\"https:\/\/blog.holyart.it\/de\/wp-content\/uploads\/sites\/12\/2025\/11\/spira-weihnachtsbaumschmuck-krippe-20-teilig-medium-filz-und-holz-6-cm-1.jpg\" alt=\"SPIRA Weihnachtsbaumschmuck Krippe \u2013 20-teilig, Medium, Filz und Holz 6 cm\" \/>\r\n\t\t\t<\/a>\r\n\t\t\t<\/div>\r\n\t\t\t<div class=\"sp-caption\">SPIRA Weihnachtsbaumschmuck Krippe \u2013 20-teilig, Medium, Filz und Holz 6 cm<\/br><strong><a href=\"https:\/\/www.holyart.de\/weihnachten\/weihnachtsbaumschmuck\/weihnachtsbaumschmuck-aus-holz-und-pvc\/spira-weihnachtsbaumschmuck-krippe-20-teilig-medium-filz-und-holz-6-cm\">Bei Holyart kaufen<\/a><\/strong><\/div>\r\n\t\t<\/div>\r\n\t\t<div class=\"sp-slide\">\r\n\t\t\t<img loading=\"lazy\" decoding=\"async\" class=\"sp-image\" src=\"https:\/\/blog.holyart.it\/de\/wp-content\/uploads\/sites\/12\/2025\/11\/spiralbaum-aus-holz-und-anhanger-set-modell-spira-mini-42-cm-2.jpg\" alt=\"Spiralbaum aus Holz und Anh\u00e4nger-Set, Modell SPIRA Mini, 42 cm\" width=\"500\" height=\"500\" \/>\r\n\t\t\t<div class=\"sp-thumbnail\"><a class=\"\" href=\"https:\/\/www.holyart.de\/weihnachten\/weihnachtsbaume\/spiralbaum-aus-holz-und-anhanger-set-modell-spira-mini-42-cm\">\r\n\t\t\t\t<img decoding=\"async\" src=\"https:\/\/blog.holyart.it\/de\/wp-content\/uploads\/sites\/12\/2025\/11\/spiralbaum-aus-holz-und-anhanger-set-modell-spira-mini-42-cm-1.jpg\" alt=\"Spiralbaum aus Holz und Anh\u00e4nger-Set, Modell SPIRA Mini, 42 cm\" \/>\r\n\t\t\t<\/a>\r\n\t\t\t<\/div>\r\n\t\t\t<div class=\"sp-caption\">Spiralbaum aus Holz und Anh\u00e4nger-Set, Modell SPIRA Mini, 42 cm<\/br><strong><a href=\"https:\/\/www.holyart.de\/weihnachten\/weihnachtsbaume\/spiralbaum-aus-holz-und-anhanger-set-modell-spira-mini-42-cm\">Bei Holyart kaufen<\/a><\/strong><\/div>\r\n\t\t<\/div>\r\n\t\t<div class=\"sp-slide\">\r\n\t\t\t<img loading=\"lazy\" decoding=\"async\" class=\"sp-image\" src=\"https:\/\/blog.holyart.it\/de\/wp-content\/uploads\/sites\/12\/2025\/11\/hanger-aus-holz-fur-spiralbaum-modell-spira-large-2.jpg\" alt=\"H\u00e4nger aus Holz f\u00fcr Spiralbaum, Modell SPIRA Large\" width=\"500\" height=\"500\" \/>\r\n\t\t\t<div class=\"sp-thumbnail\"><a class=\"\" href=\"https:\/\/www.holyart.de\/weihnachten\/weihnachtsbaume\/hanger-aus-holz-fur-spiralbaum-modell-spira-large\">\r\n\t\t\t\t<img decoding=\"async\" src=\"https:\/\/blog.holyart.it\/de\/wp-content\/uploads\/sites\/12\/2025\/11\/hanger-aus-holz-fur-spiralbaum-modell-spira-large-3.jpg\" alt=\"H\u00e4nger aus Holz f\u00fcr Spiralbaum, Modell SPIRA Large\" \/>\r\n\t\t\t<\/a>\r\n\t\t\t<\/div>\r\n\t\t\t<div class=\"sp-caption\">H\u00e4nger aus Holz f\u00fcr Spiralbaum, Modell SPIRA Large<\/br><strong><a href=\"https:\/\/www.holyart.de\/weihnachten\/weihnachtsbaume\/hanger-aus-holz-fur-spiralbaum-modell-spira-large\">Bei Holyart kaufen<\/a><\/strong><\/div>\r\n\t\t<\/div>\r\n\t\t<div class=\"sp-slide\">\r\n\t\t\t<img loading=\"lazy\" decoding=\"async\" class=\"sp-image\" src=\"https:\/\/blog.holyart.it\/de\/wp-content\/uploads\/sites\/12\/2025\/11\/spiralbaum-aus-holz-modell-spira-slim-190-cm-1.jpg\" alt=\"Spiralbaum aus Holz, Modell SPIRA Slim, 190 cm\" width=\"500\" height=\"500\" \/>\r\n\t\t\t<div class=\"sp-thumbnail\"><a class=\"\" href=\"https:\/\/www.holyart.de\/weihnachten\/weihnachtsbaume\/spiralbaum-aus-holz-modell-spira-slim-190-cm\">\r\n\t\t\t\t<img decoding=\"async\" src=\"https:\/\/blog.holyart.it\/de\/wp-content\/uploads\/sites\/12\/2025\/11\/spiralbaum-aus-holz-modell-spira-slim-190-cm-2.jpg\" alt=\"Spiralbaum aus Holz, Modell SPIRA Slim, 190 cm\" \/>\r\n\t\t\t<\/a>\r\n\t\t\t<\/div>\r\n\t\t\t<div class=\"sp-caption\">Spiralbaum aus Holz, Modell SPIRA Slim, 190 cm<\/br><strong><a href=\"https:\/\/www.holyart.de\/weihnachten\/weihnachtsbaume\/spiralbaum-aus-holz-modell-spira-slim-190-cm\">Bei Holyart kaufen<\/a><\/strong><\/div>\r\n\t\t<\/div>\r\n\t<\/div>\r\n<\/div><\/td>\n<\/tr>\n<\/tbody>\n<\/table>\n<h2>Weihnachtskugeln aus recyceltem Kunststoff<\/h2>\n<p><strong>Weihnachtskugeln<\/strong> sind das Herzst\u00fcck jeder Christbaumdekoration. Kugeln aus <strong>recycelten Materialien<\/strong> wie Altglas, Altpapier oder Metall sind eine fantastische M\u00f6glichkeit, Ihren Baum umweltfreundlich zu schm\u00fccken. Sie k\u00f6nnen auch <strong>Ihre eigenen Kugeln<\/strong> aus recycelten Materialien wie alten Zeitungen oder Stoffen herstellen. Neben traditionellen Dekorationen k\u00f6nnen Sie Ihrer Kreativit\u00e4t mit recycelten Materialien freien Lauf lassen. Basteln Sie zum Beispiel Girlanden aus alten Stoffen oder Ornamente aus Korken oder altem Spielzeug. Diese kleinen Details verleihen Ihrer Dekoration eine einzigartige Note und schonen gleichzeitig die Umwelt.<\/p>\n<p>Eine weitere gro\u00dfartige L\u00f6sung f\u00fcr einen umweltfreundlichen Weihnachtsbaum ist ein dekoratives <strong><a href=\"https:\/\/www.holyart.de\/weihnachten\/weihnachtsbaumschmuck\/weihnachtskugeln\/weihnachtsbaumkugeln-und-baumspitze-set-39-teilig-umweltfreundlich-warme-erdtone-40-60-mm\">Set aus 100 % recycelten Kunststoffkugeln<\/a>.<\/strong> Diese wundersch\u00f6nen, gl\u00e4nzenden, matten und glitzernden Kugeln eignen sich f\u00fcr alle Arten von Weihnachtsb\u00e4umen und schm\u00fccken jeden Raum in Ihrem Zuhause oder B\u00fcro. Die Wahl von 100 % recycelten Kunststoffkugeln bietet mehrere Vorteile, die dem Ziel entsprechen, <strong>die Umweltbelastung w\u00e4hrend der Feiertage zu reduzieren<\/strong>. Erstens tr\u00e4gt sie dazu bei, die Menge an Kunststoff zu reduzieren, die auf M\u00fclldeponien landet oder die Umwelt verschmutzt. Die Verwendung vorhandener, recycelter Materialien reduziert den Bedarf an neuen Kunststoffressourcen, f\u00fcr die \u00d6l und nicht erneuerbare nat\u00fcrliche Ressourcen ben\u00f6tigt w\u00fcrden. Die Verwendung von recyceltem Kunststoff reduziert die Notwendigkeit, neue Ressourcen zu gewinnen, und <strong>tr\u00e4gt so zum Umweltschutz bei<\/strong>. Dar\u00fcber hinaus verl\u00e4ngert das Recycling von Kunststoff die <strong>Lebensdauer<\/strong> dieses Materials und f\u00f6rdert die Idee einer Kreislaufwirtschaft, in der Materialien wiederverwendet und recycelt werden, anstatt nach einmaligem Gebrauch entsorgt zu werden. Kunststoff kann lange Zeit in der Umwelt verbleiben und \u00d6kosysteme und Wildtiere sch\u00e4digen. Die Verwendung von recyceltem Kunststoff reduziert die Abfallmenge, die in den Meeren oder der Natur landen k\u00f6nnte.<\/p>\n<div class=\"sp-styles-warning\" style=\"width: 450px; background-color: #FFF; color: #F00; border: 1px solid #F00; padding: 10px; font-size: 14px;\">\n\t\t\t<span style=\"font-weight: bold;\">Warning: The stylesheets were not loaded!<\/span> \n\t\t\tYou will need to change the <i>Load stylesheets<\/i> setting from <i>Automatically<\/i> to <i>On homepage<\/i> or <i>On all pages<\/i>. \n\t\t\tYou can set that <a style=\"text-decoration: underline; color: #F00;\" href=\"https:\/\/blog.holyart.it\/de\/wp-admin\/admin.php?page=sliderpro-settings\">here<\/a>.\n\t\t\t<\/div>\r\n<div id=\"slider-pro-129\" class=\"slider-pro sp-no-js\" style=\"width: 500px; height: 500px;\">\r\n\t<div class=\"sp-slides\">\r\n\t\t\r\n\t\t<div class=\"sp-slide\">\r\n\t\t\t<img loading=\"lazy\" decoding=\"async\" class=\"sp-image\" src=\"https:\/\/blog.holyart.it\/de\/wp-content\/uploads\/sites\/12\/2025\/11\/38-weihnachtsbaumkugeln-und-baumspitze-umweltfreundlich-rot-orang-brauntone-60-mm-2.jpg\" alt=\"Weihnachtsbaumkugeln und Baumspitze, Set 39-teilig, umweltfreundlich, warme Erdt\u00f6ne, 40-60 mm\" width=\"500\" height=\"500\" \/>\r\n\t\t\t<div class=\"sp-thumbnail\"><a class=\"\" href=\"https:\/\/www.holyart.de\/weihnachten\/weihnachtsbaumschmuck\/weihnachtskugeln\/weihnachtsbaumkugeln-und-baumspitze-set-39-teilig-umweltfreundlich-warme-erdtone-40-60-mm\">\r\n\t\t\t\t<img decoding=\"async\" src=\"https:\/\/blog.holyart.it\/de\/wp-content\/uploads\/sites\/12\/2025\/11\/38-weihnachtsbaumkugeln-und-baumspitze-umweltfreundlich-rot-orang-brauntone-60-mm-3.jpg\" alt=\"Weihnachtsbaumkugeln und Baumspitze, Set 39-teilig, umweltfreundlich, warme Erdt\u00f6ne, 40-60 mm\" \/>\r\n\t\t\t<\/a>\r\n\t\t\t<\/div>\r\n\t\t\t<div class=\"sp-caption\">Weihnachtsbaumkugeln und Baumspitze, Set 39-teilig, umweltfreundlich, warme Erdt\u00f6ne, 40-60 mm<\/br><strong><a href=\"https:\/\/www.holyart.de\/weihnachten\/weihnachtsbaumschmuck\/weihnachtskugeln\/weihnachtsbaumkugeln-und-baumspitze-set-39-teilig-umweltfreundlich-warme-erdtone-40-60-mm\">Bei Holyart kaufen<\/a><\/strong><\/div>\r\n\t\t<\/div>\r\n\t\t<div class=\"sp-slide\">\r\n\t\t\t<img loading=\"lazy\" decoding=\"async\" class=\"sp-image\" src=\"https:\/\/blog.holyart.it\/de\/wp-content\/uploads\/sites\/12\/2025\/11\/38-weihnachtsbaumkugeln-und-baumspitze-umweltfreundlich-rot-40-60-mm1-1.jpg\" alt=\"Weihnachtsbaumkugeln und Baumspitze, Set 39-teilig, umweltfreundlich, Rot, 40-60 mm\" width=\"500\" height=\"500\" \/>\r\n\t\t\t<div class=\"sp-thumbnail\"><a class=\"\" href=\"https:\/\/www.holyart.de\/weihnachten\/weihnachtsbaumschmuck\/weihnachtskugeln\/weihnachtsbaumkugeln-und-baumspitze-set-39-teilig-umweltfreundlich-rot-40-60-mm\">\r\n\t\t\t\t<img decoding=\"async\" src=\"https:\/\/blog.holyart.it\/de\/wp-content\/uploads\/sites\/12\/2025\/11\/38-weihnachtsbaumkugeln-und-baumspitze-umweltfreundlich-rot-40-60-mm1-2.jpg\" alt=\"Weihnachtsbaumkugeln und Baumspitze, Set 39-teilig, umweltfreundlich, Rot, 40-60 mm\" \/>\r\n\t\t\t<\/a>\r\n\t\t\t<\/div>\r\n\t\t\t<div class=\"sp-caption\">Weihnachtsbaumkugeln und Baumspitze, Set 39-teilig, umweltfreundlich, Rot, 40-60 mm<\/br><strong><a href=\"https:\/\/www.holyart.de\/weihnachten\/weihnachtsbaumschmuck\/weihnachtskugeln\/weihnachtsbaumkugeln-und-baumspitze-set-39-teilig-umweltfreundlich-rot-40-60-mm\">Bei Holyart kaufen<\/a><\/strong><\/div>\r\n\t\t<\/div>\r\n\t\t<div class=\"sp-slide\">\r\n\t\t\t<img loading=\"lazy\" decoding=\"async\" class=\"sp-image\" src=\"https:\/\/blog.holyart.it\/de\/wp-content\/uploads\/sites\/12\/2025\/11\/umweltfreundliche-weihnachtsbaumkugeln-goldfarben-9-teiliges-set-60-mm-1.jpg\" alt=\"Umweltfreundliche Weihnachtsbaumkugeln, goldfarben, 9-teiliges Set, 60 mm\" width=\"500\" height=\"500\" \/>\r\n\t\t\t<div class=\"sp-thumbnail\"><a class=\"\" href=\"https:\/\/www.holyart.de\/weihnachten\/weihnachtsbaumschmuck\/weihnachtskugeln\/umweltfreundliche-weihnachtsbaumkugeln-goldfarben-9-teiliges-set-60-mm\">\r\n\t\t\t\t<img decoding=\"async\" src=\"https:\/\/blog.holyart.it\/de\/wp-content\/uploads\/sites\/12\/2025\/11\/umweltfreundliche-weihnachtsbaumkugeln-goldfarben-9-teiliges-set-60-mm-2.jpg\" alt=\"Umweltfreundliche Weihnachtsbaumkugeln, goldfarben, 9-teiliges Set, 60 mm\" \/>\r\n\t\t\t<\/a>\r\n\t\t\t<\/div>\r\n\t\t\t<div class=\"sp-caption\">Umweltfreundliche Weihnachtsbaumkugeln, goldfarben, 9-teiliges Set, 60 mm<\/br><strong><a href=\"https:\/\/www.holyart.de\/weihnachten\/weihnachtsbaumschmuck\/weihnachtskugeln\/umweltfreundliche-weihnachtsbaumkugeln-goldfarben-9-teiliges-set-60-mm\">Bei Holyart kaufen<\/a><\/strong><\/div>\r\n\t\t<\/div>\r\n\t\t<div class=\"sp-slide\">\r\n\t\t\t<img loading=\"lazy\" decoding=\"async\" class=\"sp-image\" src=\"https:\/\/blog.holyart.it\/de\/wp-content\/uploads\/sites\/12\/2025\/11\/umweltfreundliche-weihnachtsbaumkugeln-lila-26-teiliges-set-40-mm-1.jpg\" alt=\"Umweltfreundliche Weihnachtsbaumkugeln, Lila, 26-teiliges Set, 40 mm\" width=\"500\" height=\"500\" \/>\r\n\t\t\t<div class=\"sp-thumbnail\"><a class=\"\" href=\"https:\/\/www.holyart.de\/weihnachten\/weihnachtsbaumschmuck\/weihnachtskugeln\/umweltfreundliche-weihnachtsbaumkugeln-lila-26-teiliges-set-40-mm\">\r\n\t\t\t\t<img decoding=\"async\" src=\"https:\/\/blog.holyart.it\/de\/wp-content\/uploads\/sites\/12\/2025\/11\/umweltfreundliche-weihnachtsbaumkugeln-lila-26-teiliges-set-40-mm-2.jpg\" alt=\"Umweltfreundliche Weihnachtsbaumkugeln, Lila, 26-teiliges Set, 40 mm\" \/>\r\n\t\t\t<\/a>\r\n\t\t\t<\/div>\r\n\t\t\t<div class=\"sp-caption\">Umweltfreundliche Weihnachtsbaumkugeln, Lila, 26-teiliges Set, 40 mm<\/br><strong><a href=\"https:\/\/www.holyart.de\/weihnachten\/weihnachtsbaumschmuck\/weihnachtskugeln\/umweltfreundliche-weihnachtsbaumkugeln-lila-26-teiliges-set-40-mm\">Bei Holyart kaufen<\/a><\/strong><\/div>\r\n\t\t<\/div>\r\n\t<\/div>\r\n<\/div>\n<h2>Solarleuchten<\/h2>\n<p>Weihnachtsbeleuchtung verleiht den Feiertagen eine bezaubernde Note und ist unverzichtbar, verbraucht aber oft viel Energie. Es gibt jedoch eine nachhaltige L\u00f6sung: <strong>energiesparende LED-Leuchten mit Solarenergie<\/strong>. Diese Wahl ist umweltfreundlich und reduziert den Energieverbrauch drastisch.<strong> <a href=\"https:\/\/www.holyart.de\/weihnachten\/weihnachtsbeleuchtung\/lichterketten\/solar-cluster-lichterkette-mit-blink-effekt-1512-leds-14-m\">LED-Leuchten<\/a><\/strong> verbrauchen nur einen Bruchteil der Energie herk\u00f6mmlicher Leuchten und ben\u00f6tigen dank Solarenergie keine externe Stromquelle. Diese Leuchten sind f\u00fcr den Au\u00dfenbereich konzipiert und werden \u00fcber ein mitgeliefertes Solarmodul mit Strom versorgt. Voll aufgeladen leuchten sie bis zu 6 Stunden lang und k\u00f6nnen auch per USB aufgeladen werden. So sind sie vielseitig einsetzbar und sorgen daf\u00fcr, dass sie die Feiertage immer erhellen. Die Wahl von <a href=\"https:\/\/www.holyart.de\/blog\/weihnachten\/wie-viel-strom-weihnachtsbeleuchtung-verbraucht-unsere-tipps\/\"><strong>energiesparenden Leuchten<\/strong><\/a> ist ein Schritt in Richtung eines nachhaltigeren Weihnachtsfestes, ohne auf die Magie festlicher Lichter verzichten zu m\u00fcssen.<\/p>\n<div class=\"link-product\">\n<div class=\"blocco-immagine\"><img loading=\"lazy\" decoding=\"async\" class=\"size-full wp-image-7200 alignleft\" src=\"https:\/\/blog.holyart.it\/de\/wp-content\/uploads\/sites\/12\/2025\/11\/solar-cluster-lichterkette-mit-blink-effekt-1512-leds-14-m.jpg\" alt=\"Solar Cluster Lichterkette mit Blink-Effekt, 1512 LEDs, 14 m\" width=\"100\" height=\"100\" data-kale-share-title=\"Nachhaltige Weihnachten\" data-kale-share-url=\"https:\/\/blog.holyart.it\/de\/?p=7162\" \/><\/div>\n<div class=\"blocco-contenuto\">\n<div class=\"blocco-acquista\">Einkaufen:<\/div>\n<div class=\"blocco-titolo\"><a href=\"https:\/\/www.holyart.de\/weihnachten\/weihnachtsbeleuchtung\/lichterketten\/solar-cluster-lichterkette-mit-blink-effekt-1512-leds-14-m\">Solar Cluster Lichterkette mit Blink-Effekt, 1512 LEDs, 14 m<\/a><\/div>\n<div class=\"blocco-descrizione\">Diese Lichter sind ausschlie\u00dflich f\u00fcr den Au\u00dfenbereich geeignet und werden von einem Solarpanel angetrieben, das im Paket enthalten ist&#8230;<\/div>\n<\/div>\n<\/div>\n","protected":false},"excerpt":{"rendered":"<p>Weihnachtsb\u00e4ume aus Holz, selbst gebastelter Weihnachtsschmuck, Weihnachtskugeln aus recyceltem Kunststoff, energieeffiziente Lichter: Kleine und gro\u00dfe Gesten f\u00fcr ein nachhaltiges Weihnachtsfest Weihnachten ist f\u00fcr alle eine magische Zeit. H\u00e4user f\u00fcllen sich mit Lichtern und W\u00e4rme, die Stra\u00dfen hallen wider von einer sanften Freude, die sich in&hellip;<\/p>\n","protected":false},"author":1,"featured_media":7164,"comment_status":"closed","ping_status":"open","sticky":false,"template":"","format":"standard","meta":{"_acf_changed":false,"footnotes":""},"categories":[12],"tags":[],"class_list":["post-7162","post","type-post","status-publish","format-standard","has-post-thumbnail","hentry","category-weihnachten"],"acf":[],"yoast_head":"<!-- This site is optimized with the Yoast SEO plugin v26.6 - https:\/\/yoast.com\/wordpress\/plugins\/seo\/ -->\n<title>Nachhaltige Weihnachten - Holyart.de Blog<\/title>\n<meta name=\"description\" content=\"Wenn Sie sich f\u00fcr ein nachhaltiges Weihnachtsfest entscheiden, schenken Sie unserem Planeten die Liebe und Aufmerksamkeit, die er verdient\" \/>\n<meta name=\"robots\" content=\"index, follow, max-snippet:-1, max-image-preview:large, max-video-preview:-1\" \/>\n<link rel=\"canonical\" href=\"https:\/\/blog.holyart.it\/de\/weihnachten\/nachhaltige-weihnachten\/\" \/>\n<meta property=\"og:locale\" content=\"de_DE\" \/>\n<meta property=\"og:type\" content=\"article\" \/>\n<meta property=\"og:title\" content=\"Nachhaltige Weihnachten - Holyart.de Blog\" \/>\n<meta property=\"og:description\" content=\"Wenn Sie sich f\u00fcr ein nachhaltiges Weihnachtsfest entscheiden, schenken Sie unserem Planeten die Liebe und Aufmerksamkeit, die er verdient\" \/>\n<meta property=\"og:url\" content=\"https:\/\/blog.holyart.it\/de\/weihnachten\/nachhaltige-weihnachten\/\" \/>\n<meta property=\"og:site_name\" content=\"Holyart.de Blog\" \/>\n<meta property=\"article:published_time\" content=\"2025-11-10T09:00:35+00:00\" \/>\n<meta property=\"article:modified_time\" content=\"2025-12-05T09:50:21+00:00\" \/>\n<meta property=\"og:image\" content=\"https:\/\/blog.holyart.it\/de\/wp-content\/uploads\/sites\/12\/2025\/11\/Nachhaltige-Weihnachten.jpg\" \/>\n\t<meta property=\"og:image:width\" content=\"1000\" \/>\n\t<meta property=\"og:image:height\" content=\"666\" \/>\n\t<meta property=\"og:image:type\" content=\"image\/jpeg\" \/>\n<meta name=\"author\" content=\"Redazione\" \/>\n<meta name=\"twitter:card\" content=\"summary_large_image\" \/>\n<meta name=\"twitter:label1\" content=\"Verfasst von\" \/>\n\t<meta name=\"twitter:data1\" content=\"Redazione\" \/>\n\t<meta name=\"twitter:label2\" content=\"Gesch\u00e4tzte Lesezeit\" \/>\n\t<meta name=\"twitter:data2\" content=\"8\u00a0Minuten\" \/>\n<script type=\"application\/ld+json\" class=\"yoast-schema-graph\">{\"@context\":\"https:\/\/schema.org\",\"@graph\":[{\"@type\":\"Article\",\"@id\":\"https:\/\/blog.holyart.it\/de\/weihnachten\/nachhaltige-weihnachten\/#article\",\"isPartOf\":{\"@id\":\"https:\/\/blog.holyart.it\/de\/weihnachten\/nachhaltige-weihnachten\/\"},\"author\":{\"name\":\"Redazione\",\"@id\":\"https:\/\/blog.holyart.it\/de\/#\/schema\/person\/0a7b686e5af0f856ec1e390dd0baecda\"},\"headline\":\"Nachhaltige Weihnachten\",\"datePublished\":\"2025-11-10T09:00:35+00:00\",\"dateModified\":\"2025-12-05T09:50:21+00:00\",\"mainEntityOfPage\":{\"@id\":\"https:\/\/blog.holyart.it\/de\/weihnachten\/nachhaltige-weihnachten\/\"},\"wordCount\":1225,\"publisher\":{\"@id\":\"https:\/\/blog.holyart.it\/de\/#organization\"},\"image\":{\"@id\":\"https:\/\/blog.holyart.it\/de\/weihnachten\/nachhaltige-weihnachten\/#primaryimage\"},\"thumbnailUrl\":\"https:\/\/blog.holyart.it\/de\/wp-content\/uploads\/sites\/12\/2025\/11\/Nachhaltige-Weihnachten.jpg\",\"articleSection\":[\"Weihnachten\"],\"inLanguage\":\"de\"},{\"@type\":\"WebPage\",\"@id\":\"https:\/\/blog.holyart.it\/de\/weihnachten\/nachhaltige-weihnachten\/\",\"url\":\"https:\/\/blog.holyart.it\/de\/weihnachten\/nachhaltige-weihnachten\/\",\"name\":\"Nachhaltige Weihnachten - Holyart.de Blog\",\"isPartOf\":{\"@id\":\"https:\/\/blog.holyart.it\/de\/#website\"},\"primaryImageOfPage\":{\"@id\":\"https:\/\/blog.holyart.it\/de\/weihnachten\/nachhaltige-weihnachten\/#primaryimage\"},\"image\":{\"@id\":\"https:\/\/blog.holyart.it\/de\/weihnachten\/nachhaltige-weihnachten\/#primaryimage\"},\"thumbnailUrl\":\"https:\/\/blog.holyart.it\/de\/wp-content\/uploads\/sites\/12\/2025\/11\/Nachhaltige-Weihnachten.jpg\",\"datePublished\":\"2025-11-10T09:00:35+00:00\",\"dateModified\":\"2025-12-05T09:50:21+00:00\",\"description\":\"Wenn Sie sich f\u00fcr ein nachhaltiges Weihnachtsfest entscheiden, schenken Sie unserem Planeten die Liebe und Aufmerksamkeit, die er verdient\",\"breadcrumb\":{\"@id\":\"https:\/\/blog.holyart.it\/de\/weihnachten\/nachhaltige-weihnachten\/#breadcrumb\"},\"inLanguage\":\"de\",\"potentialAction\":[{\"@type\":\"ReadAction\",\"target\":[\"https:\/\/blog.holyart.it\/de\/weihnachten\/nachhaltige-weihnachten\/\"]}]},{\"@type\":\"ImageObject\",\"inLanguage\":\"de\",\"@id\":\"https:\/\/blog.holyart.it\/de\/weihnachten\/nachhaltige-weihnachten\/#primaryimage\",\"url\":\"https:\/\/blog.holyart.it\/de\/wp-content\/uploads\/sites\/12\/2025\/11\/Nachhaltige-Weihnachten.jpg\",\"contentUrl\":\"https:\/\/blog.holyart.it\/de\/wp-content\/uploads\/sites\/12\/2025\/11\/Nachhaltige-Weihnachten.jpg\",\"width\":1000,\"height\":666,\"caption\":\"Nachhaltige Weihnachten\"},{\"@type\":\"BreadcrumbList\",\"@id\":\"https:\/\/blog.holyart.it\/de\/weihnachten\/nachhaltige-weihnachten\/#breadcrumb\",\"itemListElement\":[{\"@type\":\"ListItem\",\"position\":1,\"name\":\"Homepage\",\"item\":\"https:\/\/blog.holyart.it\/de\/\"},{\"@type\":\"ListItem\",\"position\":2,\"name\":\"Weihnachten\",\"item\":\"https:\/\/blog.holyart.it\/de\/weihnachten\/\"},{\"@type\":\"ListItem\",\"position\":3,\"name\":\"Nachhaltige Weihnachten\"}]},{\"@type\":\"WebSite\",\"@id\":\"https:\/\/blog.holyart.it\/de\/#website\",\"url\":\"https:\/\/blog.holyart.it\/de\/\",\"name\":\"Holyart.de Blog\",\"description\":\"Holyblog\",\"publisher\":{\"@id\":\"https:\/\/blog.holyart.it\/de\/#organization\"},\"potentialAction\":[{\"@type\":\"SearchAction\",\"target\":{\"@type\":\"EntryPoint\",\"urlTemplate\":\"https:\/\/blog.holyart.it\/de\/?s={search_term_string}\"},\"query-input\":{\"@type\":\"PropertyValueSpecification\",\"valueRequired\":true,\"valueName\":\"search_term_string\"}}],\"inLanguage\":\"de\"},{\"@type\":\"Organization\",\"@id\":\"https:\/\/blog.holyart.it\/de\/#organization\",\"name\":\"Holyart.de Blog\",\"url\":\"https:\/\/blog.holyart.it\/de\/\",\"logo\":{\"@type\":\"ImageObject\",\"inLanguage\":\"de\",\"@id\":\"https:\/\/blog.holyart.it\/de\/#\/schema\/logo\/image\/\",\"url\":\"https:\/\/blog.holyart.it\/de\/wp-content\/uploads\/sites\/12\/2022\/12\/Holyart_Blog_Logo.jpg\",\"contentUrl\":\"https:\/\/blog.holyart.it\/de\/wp-content\/uploads\/sites\/12\/2022\/12\/Holyart_Blog_Logo.jpg\",\"width\":300,\"height\":50,\"caption\":\"Holyart.de Blog\"},\"image\":{\"@id\":\"https:\/\/blog.holyart.it\/de\/#\/schema\/logo\/image\/\"}},{\"@type\":\"Person\",\"@id\":\"https:\/\/blog.holyart.it\/de\/#\/schema\/person\/0a7b686e5af0f856ec1e390dd0baecda\",\"name\":\"Redazione\",\"image\":{\"@type\":\"ImageObject\",\"inLanguage\":\"de\",\"@id\":\"https:\/\/blog.holyart.it\/de\/#\/schema\/person\/image\/\",\"url\":\"https:\/\/secure.gravatar.com\/avatar\/f477da817f43e50d0af36abecd33e3edf826c68299714bdc1057dff3b113f516?s=96&d=mm&r=g\",\"contentUrl\":\"https:\/\/secure.gravatar.com\/avatar\/f477da817f43e50d0af36abecd33e3edf826c68299714bdc1057dff3b113f516?s=96&d=mm&r=g\",\"caption\":\"Redazione\"}}]}<\/script>\n<!-- \/ Yoast SEO plugin. -->","yoast_head_json":{"title":"Nachhaltige Weihnachten - Holyart.de Blog","description":"Wenn Sie sich f\u00fcr ein nachhaltiges Weihnachtsfest entscheiden, schenken Sie unserem Planeten die Liebe und Aufmerksamkeit, die er verdient","robots":{"index":"index","follow":"follow","max-snippet":"max-snippet:-1","max-image-preview":"max-image-preview:large","max-video-preview":"max-video-preview:-1"},"canonical":"https:\/\/blog.holyart.it\/de\/weihnachten\/nachhaltige-weihnachten\/","og_locale":"de_DE","og_type":"article","og_title":"Nachhaltige Weihnachten - Holyart.de Blog","og_description":"Wenn Sie sich f\u00fcr ein nachhaltiges Weihnachtsfest entscheiden, schenken Sie unserem Planeten die Liebe und Aufmerksamkeit, die er verdient","og_url":"https:\/\/blog.holyart.it\/de\/weihnachten\/nachhaltige-weihnachten\/","og_site_name":"Holyart.de Blog","article_published_time":"2025-11-10T09:00:35+00:00","article_modified_time":"2025-12-05T09:50:21+00:00","og_image":[{"width":1000,"height":666,"url":"https:\/\/blog.holyart.it\/de\/wp-content\/uploads\/sites\/12\/2025\/11\/Nachhaltige-Weihnachten.jpg","type":"image\/jpeg"}],"author":"Redazione","twitter_card":"summary_large_image","twitter_misc":{"Verfasst von":"Redazione","Gesch\u00e4tzte Lesezeit":"8\u00a0Minuten"},"schema":{"@context":"https:\/\/schema.org","@graph":[{"@type":"Article","@id":"https:\/\/blog.holyart.it\/de\/weihnachten\/nachhaltige-weihnachten\/#article","isPartOf":{"@id":"https:\/\/blog.holyart.it\/de\/weihnachten\/nachhaltige-weihnachten\/"},"author":{"name":"Redazione","@id":"https:\/\/blog.holyart.it\/de\/#\/schema\/person\/0a7b686e5af0f856ec1e390dd0baecda"},"headline":"Nachhaltige Weihnachten","datePublished":"2025-11-10T09:00:35+00:00","dateModified":"2025-12-05T09:50:21+00:00","mainEntityOfPage":{"@id":"https:\/\/blog.holyart.it\/de\/weihnachten\/nachhaltige-weihnachten\/"},"wordCount":1225,"publisher":{"@id":"https:\/\/blog.holyart.it\/de\/#organization"},"image":{"@id":"https:\/\/blog.holyart.it\/de\/weihnachten\/nachhaltige-weihnachten\/#primaryimage"},"thumbnailUrl":"https:\/\/blog.holyart.it\/de\/wp-content\/uploads\/sites\/12\/2025\/11\/Nachhaltige-Weihnachten.jpg","articleSection":["Weihnachten"],"inLanguage":"de"},{"@type":"WebPage","@id":"https:\/\/blog.holyart.it\/de\/weihnachten\/nachhaltige-weihnachten\/","url":"https:\/\/blog.holyart.it\/de\/weihnachten\/nachhaltige-weihnachten\/","name":"Nachhaltige Weihnachten - Holyart.de Blog","isPartOf":{"@id":"https:\/\/blog.holyart.it\/de\/#website"},"primaryImageOfPage":{"@id":"https:\/\/blog.holyart.it\/de\/weihnachten\/nachhaltige-weihnachten\/#primaryimage"},"image":{"@id":"https:\/\/blog.holyart.it\/de\/weihnachten\/nachhaltige-weihnachten\/#primaryimage"},"thumbnailUrl":"https:\/\/blog.holyart.it\/de\/wp-content\/uploads\/sites\/12\/2025\/11\/Nachhaltige-Weihnachten.jpg","datePublished":"2025-11-10T09:00:35+00:00","dateModified":"2025-12-05T09:50:21+00:00","description":"Wenn Sie sich f\u00fcr ein nachhaltiges Weihnachtsfest entscheiden, schenken Sie unserem Planeten die Liebe und Aufmerksamkeit, die er verdient","breadcrumb":{"@id":"https:\/\/blog.holyart.it\/de\/weihnachten\/nachhaltige-weihnachten\/#breadcrumb"},"inLanguage":"de","potentialAction":[{"@type":"ReadAction","target":["https:\/\/blog.holyart.it\/de\/weihnachten\/nachhaltige-weihnachten\/"]}]},{"@type":"ImageObject","inLanguage":"de","@id":"https:\/\/blog.holyart.it\/de\/weihnachten\/nachhaltige-weihnachten\/#primaryimage","url":"https:\/\/blog.holyart.it\/de\/wp-content\/uploads\/sites\/12\/2025\/11\/Nachhaltige-Weihnachten.jpg","contentUrl":"https:\/\/blog.holyart.it\/de\/wp-content\/uploads\/sites\/12\/2025\/11\/Nachhaltige-Weihnachten.jpg","width":1000,"height":666,"caption":"Nachhaltige Weihnachten"},{"@type":"BreadcrumbList","@id":"https:\/\/blog.holyart.it\/de\/weihnachten\/nachhaltige-weihnachten\/#breadcrumb","itemListElement":[{"@type":"ListItem","position":1,"name":"Homepage","item":"https:\/\/blog.holyart.it\/de\/"},{"@type":"ListItem","position":2,"name":"Weihnachten","item":"https:\/\/blog.holyart.it\/de\/weihnachten\/"},{"@type":"ListItem","position":3,"name":"Nachhaltige Weihnachten"}]},{"@type":"WebSite","@id":"https:\/\/blog.holyart.it\/de\/#website","url":"https:\/\/blog.holyart.it\/de\/","name":"Holyart.de Blog","description":"Holyblog","publisher":{"@id":"https:\/\/blog.holyart.it\/de\/#organization"},"potentialAction":[{"@type":"SearchAction","target":{"@type":"EntryPoint","urlTemplate":"https:\/\/blog.holyart.it\/de\/?s={search_term_string}"},"query-input":{"@type":"PropertyValueSpecification","valueRequired":true,"valueName":"search_term_string"}}],"inLanguage":"de"},{"@type":"Organization","@id":"https:\/\/blog.holyart.it\/de\/#organization","name":"Holyart.de Blog","url":"https:\/\/blog.holyart.it\/de\/","logo":{"@type":"ImageObject","inLanguage":"de","@id":"https:\/\/blog.holyart.it\/de\/#\/schema\/logo\/image\/","url":"https:\/\/blog.holyart.it\/de\/wp-content\/uploads\/sites\/12\/2022\/12\/Holyart_Blog_Logo.jpg","contentUrl":"https:\/\/blog.holyart.it\/de\/wp-content\/uploads\/sites\/12\/2022\/12\/Holyart_Blog_Logo.jpg","width":300,"height":50,"caption":"Holyart.de Blog"},"image":{"@id":"https:\/\/blog.holyart.it\/de\/#\/schema\/logo\/image\/"}},{"@type":"Person","@id":"https:\/\/blog.holyart.it\/de\/#\/schema\/person\/0a7b686e5af0f856ec1e390dd0baecda","name":"Redazione","image":{"@type":"ImageObject","inLanguage":"de","@id":"https:\/\/blog.holyart.it\/de\/#\/schema\/person\/image\/","url":"https:\/\/secure.gravatar.com\/avatar\/f477da817f43e50d0af36abecd33e3edf826c68299714bdc1057dff3b113f516?s=96&d=mm&r=g","contentUrl":"https:\/\/secure.gravatar.com\/avatar\/f477da817f43e50d0af36abecd33e3edf826c68299714bdc1057dff3b113f516?s=96&d=mm&r=g","caption":"Redazione"}}]}},"_links":{"self":[{"href":"https:\/\/blog.holyart.it\/de\/wp-json\/wp\/v2\/posts\/7162","targetHints":{"allow":["GET"]}}],"collection":[{"href":"https:\/\/blog.holyart.it\/de\/wp-json\/wp\/v2\/posts"}],"about":[{"href":"https:\/\/blog.holyart.it\/de\/wp-json\/wp\/v2\/types\/post"}],"author":[{"embeddable":true,"href":"https:\/\/blog.holyart.it\/de\/wp-json\/wp\/v2\/users\/1"}],"replies":[{"embeddable":true,"href":"https:\/\/blog.holyart.it\/de\/wp-json\/wp\/v2\/comments?post=7162"}],"version-history":[{"count":12,"href":"https:\/\/blog.holyart.it\/de\/wp-json\/wp\/v2\/posts\/7162\/revisions"}],"predecessor-version":[{"id":7203,"href":"https:\/\/blog.holyart.it\/de\/wp-json\/wp\/v2\/posts\/7162\/revisions\/7203"}],"wp:featuredmedia":[{"embeddable":true,"href":"https:\/\/blog.holyart.it\/de\/wp-json\/wp\/v2\/media\/7164"}],"wp:attachment":[{"href":"https:\/\/blog.holyart.it\/de\/wp-json\/wp\/v2\/media?parent=7162"}],"wp:term":[{"taxonomy":"category","embeddable":true,"href":"https:\/\/blog.holyart.it\/de\/wp-json\/wp\/v2\/categories?post=7162"},{"taxonomy":"post_tag","embeddable":true,"href":"https:\/\/blog.holyart.it\/de\/wp-json\/wp\/v2\/tags?post=7162"}],"curies":[{"name":"wp","href":"https:\/\/api.w.org\/{rel}","templated":true}]}}