{"id":6975,"date":"2025-10-08T10:00:29","date_gmt":"2025-10-08T08:00:29","guid":{"rendered":"https:\/\/blog.holyart.it\/de\/?p=6975"},"modified":"2025-10-07T15:16:05","modified_gmt":"2025-10-07T13:16:05","slug":"bartolo-longo-sein-spirituelles-erbe-und-seine-heiligsprechung-im-jubilaeumsjahr-2025","status":"publish","type":"post","link":"https:\/\/blog.holyart.it\/de\/heilige-und-selige\/bartolo-longo-sein-spirituelles-erbe-und-seine-heiligsprechung-im-jubilaeumsjahr-2025\/","title":{"rendered":"Bartolo Longo: Sein spirituelles Erbe und seine Heiligsprechung im Jubil\u00e4umsjahr 2025"},"content":{"rendered":"<h4>Bartolo Longo: Der Mann, der in Pompeji auferstand. Erbe, Glaube und das unsterbliche Gebetslied im Jubil\u00e4umsjahr 2025<\/h4>\n\n<p>Es gibt einen Weg, der nicht nur aus Steinen und Staub besteht, sondern auch aus Entscheidungen, Schatten und Erl\u00f6sung. <strong>Bartolo Longo<\/strong> ging diesen Weg, ein Mann, der es verstand, die dunkelste Nacht zu durchqueren, um in sich selbst und in seiner Hingabe an die Madonna die Flamme der Wiedergeburt zu entdecken.<\/p>\n<p>Geboren 1841 in Latiano, im Herzen Apuliens, war Bartolo nicht immer der Heilige, den wir heute verehren. Seine Jugend war gepr\u00e4gt von Zweifeln, Suchen und einem Fall. Im rastlosen Neapel, das sich nach Spiritualit\u00e4t sehnte, wurde er von okkulten Philosophien verf\u00fchrt und in den Satanismus eingeweiht. Er durchlebte die dunkelsten Jahre seiner Seele. Doch wie so oft in vorherbestimmten Leben ging ein Licht auf, als alles verloren schien: Es war die Begegnung mit dem <strong>Rosenkranz,<\/strong> mit dem einfachen, unersch\u00fctterlichen Glauben, der seit Jahrhunderten die Hoffnung des christlichen Volkes bewahrt. Kniend vor der Madonna fand Bartolo Longo seinen Weg zur\u00fcck. Und in Pompeji, wo die Armut am grausamsten und die Verzweiflung am tiefsten war, entschied er sich f\u00fcr die Wiedergeburt.<\/p>\n<p>Heute, auf den Schwingen des Bittgebets und innerhalb der Mauern des <a href=\"https:\/\/www.holyart.de\/blog\/heilige-und-selige\/pater-pios-verehrung-der-muttergottes-von-pompei-und-die-gabe-der-rose\/\"><strong>Heiligtums von Pompeji<\/strong><\/a>, spricht Bartolo Longo wieder. Seine Stimme aus Tr\u00e4nen und Lachen, aus Zweifeln und Gewissheiten hallt in den Herzen der Suchenden wider, der Auferstandenen, derer, die jeden Tag aufbrechen.<\/p>\n<p>Seine Heiligsprechung, die f\u00fcr den 19. Oktober 2025 w\u00e4hrend des <strong>Jubil\u00e4ums<\/strong> angek\u00fcndigt ist, wird viel mehr sein als ein Ritus: Sie wird eine Geschichte von Fall und Auferstehung besiegeln, die uns allen geh\u00f6rt. Sein spirituelles Erbe ist die kraftvollste Einladung: H\u00f6ren Sie nie auf zu beten, wieder aufzubauen und zu hoffen. Geben Sie sich niemals der Dunkelheit hin, denn wie der selige Bartolo Longo lehrt, kann selbst die dunkelste Nacht den hellsten Tag hervorbringen.<\/p>\n<div class=\"link-article\">\n<p><img loading=\"lazy\" decoding=\"async\" class=\"size-full wp-image-6982 alignleft\" src=\"https:\/\/blog.holyart.it\/de\/wp-content\/uploads\/sites\/12\/2025\/10\/Die-Verehrung-des-Padre-Pio.jpeg\" alt=\"Die Verehrung des Padre Pio\" width=\"150\" height=\"93\" data-kale-share-title=\"Bartolo Longo: Sein spirituelles Erbe und seine Heiligsprechung im Jubil\u00e4umsjahr 2025\" data-kale-share-url=\"https:\/\/blog.holyart.it\/de\/?p=6975\" \/><\/p>\n<div class=\"leggi-anche\">Lesen Sie auch:<\/div>\n<p><strong><a href=\"https:\/\/www.holyart.de\/blog\/heilige-und-selige\/pater-pios-verehrung-der-muttergottes-von-pompei-und-die-gabe-der-rose\/\">Pater Pios Verehrung der Muttergottes von Pompei und die Gabe der Rose<\/a><\/strong><br \/>\nDer 5. Mai ist der Festtag des Heiligen von Pietralcina. Wir entdecken den beschw\u00f6renden&#8230;<\/p>\n<\/div>\n<h2>Wer ist der gesegnete Bartolo Longo?<\/h2>\n<p>Bartolo Longo wurde im Herzen S\u00fcditaliens geboren, wo sich die rote Erde Apuliens mit den Tr\u00e4umen und Qualen von Generationen vermischt. Doch wie so oft bei gro\u00dfen Herzen war sein Weg zum Licht von tiefen Schatten ges\u00e4umt. Als Sohn eines Arztes und einer tiefgl\u00e4ubigen Christin versank Bartolo nach seinem Studium der klassischen und juristischen Studien in Lecce und Neapel in der rastlosen Atmosph\u00e4re des Neapel des 19. Jahrhunderts: einer Zeit, in der philosophische Leidenschaften, politische Unruhen und die Verf\u00fchrungen des Okkulten die Salons und Gassen durchstreiften. Als brillanter, aber rastloser junger Mann wurde Bartolo Longo von der Faszination des <strong>Mysteri\u00f6sen<\/strong> mitgerissen und f\u00fchlte sich zu Spiritualismus und esoterischen Kreisen hingezogen, bis er in den Satanismus eingeweiht und sogar ein \u201e<em>Priester des Satans<\/em>\u201c wurde. Doch Verzweiflung verzehrte ihn, sein Geist schwankte zwischen dunklen Visionen und einem Gef\u00fchl des absoluten Verlustes. In diesen qualvollen N\u00e4chten erschien ihm seine Mutter, die st\u00e4ndig f\u00fcr ihn betete, wie ein ferner Anker. Doch gerade in diesem Abgrund ver\u00e4nderte eine Begegnung sein Leben: <strong>Don Alberto Radente<\/strong>, ein Dominikanerm\u00f6nch mit einfachen, aber tiefgr\u00fcndigen Worten, bot ihm den Weg zur Erl\u00f6sung. Bartolo w\u00e4hlte daraufhin den schwierigsten Weg: den Aufstieg aus dem Abgrund. Er ging zur Beichte, sagte sich von den Irrt\u00fcmern seiner Vergangenheit los und kehrte, geleitet vom Rosenkranzgebet, zum katholischen Glauben zur\u00fcck. In diesem erbitterten Kampf zwischen Schatten und Licht wurde der selige Bartolo Longo f\u00fcr sich und die Welt zum lebendigen Symbol einer grenzenlosen Barmherzigkeit.<\/p>\n<p>Doch der Weg der Erl\u00f6sung ist nie einsam. Jede authentische Bekehrung erzeugt Wellen und ver\u00e4ndert die Orte und Leben, die sie ber\u00fchrt. Nach der inneren Flut und der wiedergefundenen Erl\u00f6sung blieb Bartolo Longo in <strong>Neapel<\/strong>, der Stadt der tausend Gegens\u00e4tze, zwischen Hingabe und Verzweiflung. Er war ein erl\u00f6ster junger Anwalt, doch seiner Seele fehlte es noch immer an Ruhe. Im Eifer der Metropole wurde Bartolo zum Apostel seines neu gefundenen Glaubens: Er besuchte Gefangene, half den Armen und sprach f\u00fcr die Stimmlosen.<\/p>\n<p>Doch die Vorsehung hatte einen noch gr\u00f6\u00dferen Plan f\u00fcr ihn. Hier traf er eine Frau, die ihm nicht nur eine Gef\u00e4hrtin bei seiner Arbeit, sondern auch eine Seelenschwester sein sollte: <strong>Gr\u00e4fin Marianna Farnararo<\/strong>, die junge Witwe der Familie De Fusco. Marianna, eine Frau von gro\u00dfem Glauben und Einf\u00fchlungsverm\u00f6gen, engagierte sich auch f\u00fcr die Schw\u00e4chsten und verwaltete gro\u00dfz\u00fcgig einige L\u00e4ndereien im Pompeji-Tal, einem damals vergessenen Ort, der von Malaria heimgesucht und von bitterer Armut gepr\u00e4gt war.<\/p>\n<p>Die Begegnung zwischen Bartolo Longo und Marianna war wie der Funke, der die Lunte eines heiligen Feuers entz\u00fcndet. Vereint durch den gleichen Drang nach N\u00e4chstenliebe, begannen sie zusammenzuarbeiten, um Waisen und Witwen zu helfen, Kindern ohne Zukunft Bildung zu erm\u00f6glichen und kleine Schulen zu bauen, wo zuvor nur Vernachl\u00e4ssigung herrschte.<\/p>\n<p>Eine tiefe spirituelle Freundschaft entstand zwischen ihnen, ein Verst\u00e4ndnis, das die Sprache des Rosenkranzes und der selbstlosen Liebe sprach.<\/p>\n<h2>Bartolo Longo und das Heiligtum von Pompeji<\/h2>\n<p>Die Schicksale von Bartolo Longo und dem Tal von Pompeji verbanden sich 1872 fast zuf\u00e4llig, als er mit der Verwaltung der L\u00e4ndereien der Gr\u00e4fin De Fusco beauftragt wurde. Doch was er vorfand, \u00fcbertraf seine Erwartungen bei weitem: Das Tal war ein Mosaik aus Armut und Verlassenheit, ein Ort, an dem Tausende am Rande des Existenzminimums fristeten, ohne Trost und Zukunft.<\/p>\n<p>Sogar die kleine Kirche, das alte Herz dieser Gemeinde, befand sich in einer verzweifelten Lage, vergessen wie ihre Bewohner.<\/p>\n<p>In diesem Kontext, inmitten von Stille und Tr\u00fcmmern, sp\u00fcrte Bartolo eine geheimnisvolle Berufung: einen inneren Impuls, der ihn dazu bewegte, das Schicksal dieses Ortes zu \u00e4ndern. In einem Moment tiefer Einsamkeit, w\u00e4hrend die Landschaft von den einfachen Gebeten der Dem\u00fctigen erklang, erkannte er, dass sein Leben durch den Rosenkranz mit dem von Pompeji verbunden sein musste. Von diesem Tag an verstand er, dass seine Mission darin bestehen w\u00fcrde, Licht, Bildung und Glauben in dieses vergessene Tal zu bringen und die Menschen in einer neuen, dem <a href=\"https:\/\/www.holyart.de\/devotionalien\/rosenkranze-und-rosenkranzetuis\"><strong>Heiligen Rosenkranz<\/strong> <\/a>geweihten Gemeinschaft zu vereinen. So entstand die Vision, die alles ver\u00e4ndern sollte: nicht l\u00e4nger nur irdische Angelegenheiten zu verwalten, sondern ein S\u00e4mann der Hoffnung zu werden und das Werk zu beginnen, das Pompeji aus dem Nichts in ein Leuchtfeuer der N\u00e4chstenliebe und des Gebets verwandeln sollte. Bartolo Longo zog nach Pompeji, damals ein vergessenes Land, gepr\u00e4gt von Armut, Malaria und Verlassenheit. Hier wurde sein Leben zu einer Gabe, ein Samen, der in den Ruinen der antiken r\u00f6mischen Stadt ges\u00e4t wurde. Unter den Armen und Waisen fand Bartolo seine Mission: Seelen zu erneuern, indem er Mauern wieder aufbaute.<\/p>\n<div class=\"link-product\">\n<div class=\"blocco-immagine\"><img loading=\"lazy\" decoding=\"async\" class=\"size-full wp-image-6984 alignleft\" src=\"https:\/\/blog.holyart.it\/de\/wp-content\/uploads\/sites\/12\/2025\/10\/Rosenkraenze-Hier-finden-Sie-eine-grosse-Auswahl-an-Rosenkraenzen.jpg\" alt=\"Rosenkr\u00e4nze Hier finden Sie eine gro\u00dfe Auswahl an Rosenkr\u00e4nzen.\" width=\"100\" height=\"100\" data-kale-share-title=\"Bartolo Longo: Sein spirituelles Erbe und seine Heiligsprechung im Jubil\u00e4umsjahr 2025\" data-kale-share-url=\"https:\/\/blog.holyart.it\/de\/?p=6975\" \/><\/div>\n<div class=\"blocco-contenuto\">\n<div class=\"blocco-acquista\">Einkaufen:<\/div>\n<div class=\"blocco-titolo\"><strong><a href=\"https:\/\/www.holyart.de\/devotionalien\/rosenkranze-und-rosenkranzetuis\">Rosenkr\u00e4nze und Rosenkranz-Etuis<\/a><\/strong><\/div>\n<div class=\"blocco-descrizione\">Rosenkr\u00e4nze: Hier finden Sie eine \u00e4u\u00dferst gro\u00dfe Auswahl an Rosenkr\u00e4nzen&#8230;.<\/div>\n<\/div>\n<\/div>\n<p>1875 erwarb er ein bescheidenes Gem\u00e4lde der Rosenkranzmadonna, jene Ikone, die zum Herzst\u00fcck des Heiligtums von Pompeji werden sollte. Sofort mehrten sich die Wunder. Menschen, von den Einfachen bis zu den M\u00e4chtigen, von den Verzweifelten bis zu den Edlen, str\u00f6mten nach Pompeji auf der Suche nach Gnade, einem Zeichen.<\/p>\n<p>Die Verbindung zwischen Bartolo Longo und Gr\u00e4fin Marianna ver\u00e4nderte die Geschichte Pompejis f\u00fcr immer. Sie war es, die das Land stiftete, auf dem das zuk\u00fcnftige Heiligtum errichtet werden sollte. Gemeinsam k\u00e4mpften sie gegen Armut und Aberglauben und vertrauten all ihre Bem\u00fchungen und Tr\u00e4ume Unserer Lieben Frau von Pompeji an, der Mutter der verletzten Seelen. Mit der Zeit wurde ihre Bindung noch st\u00e4rker: Auf Anraten von Papst Leo XIII. heirateten Bartolo und Marianna 1885 und weihten ihre Verbindung nicht der irdischen Liebe, sondern einer gemeinsamen Mission des Guten. Sie waren Eheleute in Keuschheit, Gef\u00e4hrten im Gebet, Mitbegr\u00fcnder unsterblicher Werke.<\/p>\n<p>Aus ihrer vereinten Kraft entstand nicht nur das Heiligtum von Pompeji, sondern auch Einrichtungen f\u00fcr Waisen und Kinder von Gefangenen, Schulen f\u00fcr arme M\u00e4dchen und Hospize f\u00fcr Alte und Kranke. Jeden Tag stellten sie sich Seite an Seite der M\u00fchsal und dem Misstrauen der Welt entgegen, mit der einzigen Waffe des Glaubens. Die Partnerschaft zwischen Bartolo Longo und Marianna Farnararo De Fusco war der Lebensnerv eines sozialen Wunders, das noch heute im Herzen Pompejis schl\u00e4gt. Ohne ihre Begegnung w\u00e4re das Heiligtum vielleicht nie errichtet worden, h\u00e4tte die Bitte nie ihre Stimme gefunden, und das Tal w\u00e4re ein Ort der Verw\u00fcstung und Trostlosigkeit geblieben.<\/p>\n<h2>Die Bitte an die Jungfrau des Rosenkranzes: das Herz der Hingabe<\/h2>\n<p>Doch kein Werk Bartolo Longos w\u00e4re vollst\u00e4ndig, ohne die Poesie seiner <a href=\"https:\/\/www.holyart.de\/blog\/devotionalien\/wie-man-das-bittgebet-zu-unserer-lieben-frau-von-pompei-rezitiert\/\"><strong>Bittgebete an die Jungfrau vom Rosenkranz<\/strong><\/a> zu beschw\u00f6ren.<\/p>\n<div class=\"link-article\">\n<p><img loading=\"lazy\" decoding=\"async\" class=\"alignleft wp-image-6994 size-full\" src=\"https:\/\/blog.holyart.it\/de\/wp-content\/uploads\/sites\/12\/2025\/10\/Die-Jungfrau-von-Pompeji-1.jpeg\" alt=\"Die Jungfrau von Pompeji\" width=\"150\" height=\"99\" data-kale-share-title=\"Bartolo Longo: Sein spirituelles Erbe und seine Heiligsprechung im Jubil\u00e4umsjahr 2025\" data-kale-share-url=\"https:\/\/blog.holyart.it\/de\/?p=6975\" \/><\/p>\n<div class=\"leggi-anche\">Lesen Sie auch:<\/div>\n<p><strong><a href=\"https:\/\/www.holyart.de\/blog\/devotionalien\/wie-man-das-bittgebet-zu-unserer-lieben-frau-von-pompei-rezitiert\/\">Wie man das Bittgebet zu Unserer Lieben Frau von Pompei rezitiert<\/a><\/strong><br \/>\nDer 8. Mai ist der Festtag der Muttergottes des Rosenkranzes. Heute befassen wir uns mit &#8230;<\/p>\n<\/div>\n<p>&nbsp;<\/p>\n<p>Die 1883 verfasste Bittgebete an die Jungfrau vom Rosenkranz von Pompeji ist viel mehr als ein einfaches Gebet: Sie ist eine kollektive Stimme, die jedes Jahr am 8. Mai und am ersten Sonntag im Oktober wie eine Welle von den Pl\u00e4tzen, aus den H\u00e4usern und aus den Herzen der Menschen aufsteigt. In Pompeji versammeln sich Tausende von Menschen vor dem Heiligtum: Manche tragen heimlichen Schmerz, manche dr\u00fccken Hoffnung aus, manche fl\u00fcsternd Danke. So wird die Bittgebete zu einem Band, das Generationen und unterschiedliche Geschichten verbindet, zu einer Bitte um Hilfe und Vertrauen auf Maria, Mutter und Besch\u00fctzerin derer, die sich verletzlich f\u00fchlen.<\/p>\n<p>&nbsp;<\/p>\n<p>Im Text sp\u00fcren wir den Puls des wahren Lebens: das Vertrauen der Einfachen, die Last der Tr\u00e4nen, die Suche nach einem Schutz, der alle umfassen kann. Jedes Wort der Bittgebete ist ein offener Raum, in dem Glaube auf t\u00e4gliche M\u00fchen trifft und sie in Hoffnung verwandelt.<\/p>\n<p>Es ist nicht nur ein Gebet, sondern eine emotionale Welle, die die Jahrhunderte \u00fcberspannt. Bartolo Longo schrieb es auf Knien, mit nackter Seele, und bot der Jungfrau seine schmerzhafte Vergangenheit und seinen Wunsch nach Wiedergeburt an.<\/p>\n<p>Manche sagen, die T\u00f6ne dieses Bittgebets in der Stille des Heiligtums von Pompeji scheinen die Seelen zu streicheln wie eine Brise, die von der Vesuvebene aufsteigt. Und es stimmt: Wer zuh\u00f6rt, wer betet, wer vertraut, sp\u00fcrt die Gegenwart Bartolo Longos, eines Mannes, der zur Stimme der Barmherzigkeit wurde, eines Dichters des wiederauferstandenen Glaubens.<\/p>\n<h2>Bartolo Longo wird im Jubil\u00e4umsjahr 2025 heiliggesprochen<\/h2>\n<p>Das Wunder von Pompeji, die Wiedergeburt der Stadt, die Bl\u00fcte der N\u00e4chstenliebe und das Wunder der Bittgebete bilden nun den Grundstein f\u00fcr die lang erwartete Ank\u00fcndigung: <strong>Bartolo Longo wird im <a href=\"https:\/\/www.holyart.de\/blog\/devotionalien\/der-veranstaltungskalender-des-jubilaeums-2025\/\">Jubil\u00e4umsjahr 2025 heiliggesprochen<\/a><\/strong><a href=\"https:\/\/www.holyart.de\/blog\/devotionalien\/der-veranstaltungskalender-des-jubilaeums-2025\/\">.<\/a><\/p>\n<div class=\"link-article\">\n<p><img loading=\"lazy\" decoding=\"async\" class=\"size-full wp-image-6987 alignleft\" src=\"https:\/\/blog.holyart.it\/de\/wp-content\/uploads\/sites\/12\/2025\/10\/giubileo-2025.jpg\" alt=\"Giubileo 2025\" width=\"150\" height=\"99\" data-kale-share-title=\"Bartolo Longo: Sein spirituelles Erbe und seine Heiligsprechung im Jubil\u00e4umsjahr 2025\" data-kale-share-url=\"https:\/\/blog.holyart.it\/de\/?p=6975\" \/><\/p>\n<div class=\"leggi-anche\">Lesen Sie auch:<\/div>\n<p><strong><a href=\"https:\/\/www.holyart.de\/blog\/devotionalien\/der-veranstaltungskalender-des-jubilaeums-2025\/\">Der Veranstaltungskalender des Jubil\u00e4ums 2025<\/a><\/strong><br \/>\nDer Veranstaltungskalender f\u00fcr das Jubil\u00e4um 2025 wurde ver\u00f6ffentlicht: zw\u00f6lf Monate mit&#8230;<\/p>\n<\/div>\n<p><a href=\"https:\/\/www.holyart.de\/blog\/besondere-anlassen\/wie-papst-franziskus-die-kirche-waehrend-seines-pontifikats-veraendert-hat\/\"><strong>Papst Franziskus<\/strong><\/a> erkannte bereits w\u00e4hrend seines Aufenthalts in der Poliklinik Agostino Gemelli in Rom eine zeitgem\u00e4\u00dfe Botschaft im Leben dieses \u201e<em>Rosenkranz-verliebten Laien<\/em>\u201c. Bartolo Longo war weder Priester noch M\u00f6nch und gr\u00fcndete auch keinen Orden, sondern revolutionierte die Geschichte von Grund auf \u2013 mit der stillen Kraft des Glaubens und der Hartn\u00e4ckigkeit eines Menschen, der sich aus der tiefsten S\u00fcnde erhob. Die Heiligsprechung, die im Heiligen Jahr stattfinden wird, wird ein Fest f\u00fcr ganz Pompeji und f\u00fcr alle Menschen weltweit sein, die zu Bartolo Longo gebetet haben. Es wird der Triumph der Barmherzigkeit \u00fcber jedes Urteil sein, der Beweis, dass kein Fall endg\u00fcltig ist, dass selbst aus den Tiefen des Abgrunds ein Heiliger geboren werden kann. Bartolo Longo, ein Heiliger im Jubil\u00e4umsjahr 2025, ist die Geschichte einer zweiten Chance, die allen geboten wird, das Echo einer Stimme, die immer wieder sagt: \u201e<em>Niemand ist verloren, solange es eine Mutter gibt, die betet<\/em>.\u201c<\/p>\n<div class=\"link-article\">\n<p><img loading=\"lazy\" decoding=\"async\" class=\"size-full wp-image-6988 alignleft\" src=\"https:\/\/blog.holyart.it\/de\/wp-content\/uploads\/sites\/12\/2025\/10\/Holyart_Blog_PapaFrancesco_pl.jpg\" alt=\"Papa Francesco\" width=\"150\" height=\"99\" data-kale-share-title=\"Bartolo Longo: Sein spirituelles Erbe und seine Heiligsprechung im Jubil\u00e4umsjahr 2025\" data-kale-share-url=\"https:\/\/blog.holyart.it\/de\/?p=6975\" \/><\/p>\n<div class=\"leggi-anche\">Lesen Sie auch:<\/div>\n<p><strong><a href=\"https:\/\/www.holyart.de\/blog\/besondere-anlassen\/wie-papst-franziskus-die-kirche-waehrend-seines-pontifikats-veraendert-hat\/\">Wie Papst Franziskus die Kirche w\u00e4hrend seines Pontifikats ver\u00e4ndert hat<\/a><\/strong><br \/>\nWas hat Papst Franziskus getan, das wichtig ist? Sein Pontifikat war eine Revolution der Barmherzigkeit&#8230;<\/p>\n<\/div>\n<h2>Gebet an Bartolo Longo<\/h2>\n<p><em>O seliger Bartolo Longo,<\/em><\/p>\n<p><em>der du Maria mit der Z\u00e4rtlichkeit eines Sohnes liebtest<\/em><\/p>\n<p><em>und durch das Beten des Heiligen Rosenkranzes deine Verehrung verbreitetest<\/em><\/p>\n<p><em>und durch ihre F\u00fcrsprache die \u00fcberreiche Gnade empfingst,<\/em><\/p>\n<p><em>um Christus in verlassener Kindheit zu lieben und ihm zu dienen,<\/em><\/p>\n<p><em>erwirke uns die Gnade, im Geiste des Gebets vereint mit Gott zu leben,<\/em><\/p>\n<p><em>um ihn so zu lieben, wie du es in unseren Br\u00fcdern und Schwestern tust.<\/em><\/p>\n<p><em>\u00a0<\/em><\/p>\n<p><em>Du, der am Ende deiner irdischen Pilgerreise erkl\u00e4rtest,<\/em><\/p>\n<p><em>niemals m\u00fcde geworden zu sein,<\/em><\/p>\n<p><em>f\u00fcr jeden Schmerz, jede Angst, jedes Ungl\u00fcck zu beten,<\/em><\/p>\n<p><em>im Vertrauen auf die Allmacht Gottes<\/em><\/p>\n<p><em>und auf die F\u00fcrsprache seiner g\u00f6ttlichen Mutter,<\/em><\/p>\n<p><em>halte weiterhin F\u00fcrsprache f\u00fcr diejenigen ein, die berufen sind,<\/em><\/p>\n<p><em>dein Werk des Glaubens und der Liebe in Pompeji fortzusetzen,<\/em><\/p>\n<p><em>und f\u00fcr alle Rosenkranzgeweihten auf der ganzen Welt.<\/em><\/p>\n<p><em>\u00a0<\/em><\/p>\n<p><em>Gew\u00e4hre, dass wir nach der irdischen Betrachtung <\/em><\/p>\n<p><em>der freudvollen und schmerzhaften Geheimnisse <\/em><\/p>\n<p><em>gemeinsam mit dir und Maria, <\/em><\/p>\n<p><em>der K\u00f6nigin der Engel und Heiligen, <\/em><\/p>\n<p><em>die Freude der glorreichen Geheimnisse im Himmel teilen k\u00f6nnen.<\/em><\/p>\n<p><em>Amen.<\/em><\/p>\n","protected":false},"excerpt":{"rendered":"<p>Bartolo Longo: Der Mann, der in Pompeji auferstand. Erbe, Glaube und das unsterbliche Gebetslied im Jubil\u00e4umsjahr 2025 Es gibt einen Weg, der nicht nur aus Steinen und Staub besteht, sondern auch aus Entscheidungen, Schatten und Erl\u00f6sung. Bartolo Longo ging diesen Weg, ein Mann, der es&hellip;<\/p>\n","protected":false},"author":1,"featured_media":6978,"comment_status":"closed","ping_status":"open","sticky":false,"template":"","format":"standard","meta":{"_acf_changed":false,"footnotes":""},"categories":[9],"tags":[],"class_list":["post-6975","post","type-post","status-publish","format-standard","has-post-thumbnail","hentry","category-heilige-und-selige"],"acf":[],"yoast_head":"<!-- This site is optimized with the Yoast SEO plugin v26.6 - https:\/\/yoast.com\/wordpress\/plugins\/seo\/ -->\n<title>Bartolo Longo: Sein spirituelles Erbe und seine Heiligsprechung im Jubil\u00e4umsjahr 2025 - Holyart.de Blog<\/title>\n<meta name=\"description\" content=\"Bartolo Longo, von der Dunkelheit zum Licht. Sein Glaube verwandelte Pompeji. Im Jubil\u00e4umsjahr 2025 heiliggesprochen, erleuchtet sein ...\" \/>\n<meta name=\"robots\" content=\"index, follow, max-snippet:-1, max-image-preview:large, max-video-preview:-1\" \/>\n<link rel=\"canonical\" href=\"https:\/\/blog.holyart.it\/de\/heilige-und-selige\/bartolo-longo-sein-spirituelles-erbe-und-seine-heiligsprechung-im-jubilaeumsjahr-2025\/\" \/>\n<meta property=\"og:locale\" content=\"de_DE\" \/>\n<meta property=\"og:type\" content=\"article\" \/>\n<meta property=\"og:title\" content=\"Bartolo Longo: Sein spirituelles Erbe und seine Heiligsprechung im Jubil\u00e4umsjahr 2025 - Holyart.de Blog\" \/>\n<meta property=\"og:description\" content=\"Bartolo Longo, von der Dunkelheit zum Licht. Sein Glaube verwandelte Pompeji. Im Jubil\u00e4umsjahr 2025 heiliggesprochen, erleuchtet sein ...\" \/>\n<meta property=\"og:url\" content=\"https:\/\/blog.holyart.it\/de\/heilige-und-selige\/bartolo-longo-sein-spirituelles-erbe-und-seine-heiligsprechung-im-jubilaeumsjahr-2025\/\" \/>\n<meta property=\"og:site_name\" content=\"Holyart.de Blog\" \/>\n<meta property=\"article:published_time\" content=\"2025-10-08T08:00:29+00:00\" \/>\n<meta property=\"og:image\" content=\"https:\/\/blog.holyart.it\/de\/wp-content\/uploads\/sites\/12\/2025\/10\/Bartolo-Longo.jpg\" \/>\n\t<meta property=\"og:image:width\" content=\"1000\" \/>\n\t<meta property=\"og:image:height\" content=\"666\" \/>\n\t<meta property=\"og:image:type\" content=\"image\/jpeg\" \/>\n<meta name=\"author\" content=\"Redazione\" \/>\n<meta name=\"twitter:card\" content=\"summary_large_image\" \/>\n<meta name=\"twitter:label1\" content=\"Verfasst von\" \/>\n\t<meta name=\"twitter:data1\" content=\"Redazione\" \/>\n\t<meta name=\"twitter:label2\" content=\"Gesch\u00e4tzte Lesezeit\" \/>\n\t<meta name=\"twitter:data2\" content=\"13\u00a0Minuten\" \/>\n<script type=\"application\/ld+json\" class=\"yoast-schema-graph\">{\"@context\":\"https:\/\/schema.org\",\"@graph\":[{\"@type\":\"Article\",\"@id\":\"https:\/\/blog.holyart.it\/de\/heilige-und-selige\/bartolo-longo-sein-spirituelles-erbe-und-seine-heiligsprechung-im-jubilaeumsjahr-2025\/#article\",\"isPartOf\":{\"@id\":\"https:\/\/blog.holyart.it\/de\/heilige-und-selige\/bartolo-longo-sein-spirituelles-erbe-und-seine-heiligsprechung-im-jubilaeumsjahr-2025\/\"},\"author\":{\"name\":\"Redazione\",\"@id\":\"https:\/\/blog.holyart.it\/de\/#\/schema\/person\/0a7b686e5af0f856ec1e390dd0baecda\"},\"headline\":\"Bartolo Longo: Sein spirituelles Erbe und seine Heiligsprechung im Jubil\u00e4umsjahr 2025\",\"datePublished\":\"2025-10-08T08:00:29+00:00\",\"mainEntityOfPage\":{\"@id\":\"https:\/\/blog.holyart.it\/de\/heilige-und-selige\/bartolo-longo-sein-spirituelles-erbe-und-seine-heiligsprechung-im-jubilaeumsjahr-2025\/\"},\"wordCount\":2193,\"publisher\":{\"@id\":\"https:\/\/blog.holyart.it\/de\/#organization\"},\"image\":{\"@id\":\"https:\/\/blog.holyart.it\/de\/heilige-und-selige\/bartolo-longo-sein-spirituelles-erbe-und-seine-heiligsprechung-im-jubilaeumsjahr-2025\/#primaryimage\"},\"thumbnailUrl\":\"https:\/\/blog.holyart.it\/de\/wp-content\/uploads\/sites\/12\/2025\/10\/Bartolo-Longo.jpg\",\"articleSection\":[\"Heilige und Selige\"],\"inLanguage\":\"de\"},{\"@type\":\"WebPage\",\"@id\":\"https:\/\/blog.holyart.it\/de\/heilige-und-selige\/bartolo-longo-sein-spirituelles-erbe-und-seine-heiligsprechung-im-jubilaeumsjahr-2025\/\",\"url\":\"https:\/\/blog.holyart.it\/de\/heilige-und-selige\/bartolo-longo-sein-spirituelles-erbe-und-seine-heiligsprechung-im-jubilaeumsjahr-2025\/\",\"name\":\"Bartolo Longo: Sein spirituelles Erbe und seine Heiligsprechung im Jubil\u00e4umsjahr 2025 - Holyart.de Blog\",\"isPartOf\":{\"@id\":\"https:\/\/blog.holyart.it\/de\/#website\"},\"primaryImageOfPage\":{\"@id\":\"https:\/\/blog.holyart.it\/de\/heilige-und-selige\/bartolo-longo-sein-spirituelles-erbe-und-seine-heiligsprechung-im-jubilaeumsjahr-2025\/#primaryimage\"},\"image\":{\"@id\":\"https:\/\/blog.holyart.it\/de\/heilige-und-selige\/bartolo-longo-sein-spirituelles-erbe-und-seine-heiligsprechung-im-jubilaeumsjahr-2025\/#primaryimage\"},\"thumbnailUrl\":\"https:\/\/blog.holyart.it\/de\/wp-content\/uploads\/sites\/12\/2025\/10\/Bartolo-Longo.jpg\",\"datePublished\":\"2025-10-08T08:00:29+00:00\",\"description\":\"Bartolo Longo, von der Dunkelheit zum Licht. Sein Glaube verwandelte Pompeji. Im Jubil\u00e4umsjahr 2025 heiliggesprochen, erleuchtet sein ...\",\"breadcrumb\":{\"@id\":\"https:\/\/blog.holyart.it\/de\/heilige-und-selige\/bartolo-longo-sein-spirituelles-erbe-und-seine-heiligsprechung-im-jubilaeumsjahr-2025\/#breadcrumb\"},\"inLanguage\":\"de\",\"potentialAction\":[{\"@type\":\"ReadAction\",\"target\":[\"https:\/\/blog.holyart.it\/de\/heilige-und-selige\/bartolo-longo-sein-spirituelles-erbe-und-seine-heiligsprechung-im-jubilaeumsjahr-2025\/\"]}]},{\"@type\":\"ImageObject\",\"inLanguage\":\"de\",\"@id\":\"https:\/\/blog.holyart.it\/de\/heilige-und-selige\/bartolo-longo-sein-spirituelles-erbe-und-seine-heiligsprechung-im-jubilaeumsjahr-2025\/#primaryimage\",\"url\":\"https:\/\/blog.holyart.it\/de\/wp-content\/uploads\/sites\/12\/2025\/10\/Bartolo-Longo.jpg\",\"contentUrl\":\"https:\/\/blog.holyart.it\/de\/wp-content\/uploads\/sites\/12\/2025\/10\/Bartolo-Longo.jpg\",\"width\":1000,\"height\":666,\"caption\":\"Bartolo Longo\"},{\"@type\":\"BreadcrumbList\",\"@id\":\"https:\/\/blog.holyart.it\/de\/heilige-und-selige\/bartolo-longo-sein-spirituelles-erbe-und-seine-heiligsprechung-im-jubilaeumsjahr-2025\/#breadcrumb\",\"itemListElement\":[{\"@type\":\"ListItem\",\"position\":1,\"name\":\"Homepage\",\"item\":\"https:\/\/blog.holyart.it\/de\/\"},{\"@type\":\"ListItem\",\"position\":2,\"name\":\"Heilige und Selige\",\"item\":\"https:\/\/blog.holyart.it\/de\/heilige-und-selige\/\"},{\"@type\":\"ListItem\",\"position\":3,\"name\":\"Bartolo Longo: Sein spirituelles Erbe und seine Heiligsprechung im Jubil\u00e4umsjahr 2025\"}]},{\"@type\":\"WebSite\",\"@id\":\"https:\/\/blog.holyart.it\/de\/#website\",\"url\":\"https:\/\/blog.holyart.it\/de\/\",\"name\":\"Holyart.de Blog\",\"description\":\"Holyblog\",\"publisher\":{\"@id\":\"https:\/\/blog.holyart.it\/de\/#organization\"},\"potentialAction\":[{\"@type\":\"SearchAction\",\"target\":{\"@type\":\"EntryPoint\",\"urlTemplate\":\"https:\/\/blog.holyart.it\/de\/?s={search_term_string}\"},\"query-input\":{\"@type\":\"PropertyValueSpecification\",\"valueRequired\":true,\"valueName\":\"search_term_string\"}}],\"inLanguage\":\"de\"},{\"@type\":\"Organization\",\"@id\":\"https:\/\/blog.holyart.it\/de\/#organization\",\"name\":\"Holyart.de Blog\",\"url\":\"https:\/\/blog.holyart.it\/de\/\",\"logo\":{\"@type\":\"ImageObject\",\"inLanguage\":\"de\",\"@id\":\"https:\/\/blog.holyart.it\/de\/#\/schema\/logo\/image\/\",\"url\":\"https:\/\/blog.holyart.it\/de\/wp-content\/uploads\/sites\/12\/2022\/12\/Holyart_Blog_Logo.jpg\",\"contentUrl\":\"https:\/\/blog.holyart.it\/de\/wp-content\/uploads\/sites\/12\/2022\/12\/Holyart_Blog_Logo.jpg\",\"width\":300,\"height\":50,\"caption\":\"Holyart.de Blog\"},\"image\":{\"@id\":\"https:\/\/blog.holyart.it\/de\/#\/schema\/logo\/image\/\"}},{\"@type\":\"Person\",\"@id\":\"https:\/\/blog.holyart.it\/de\/#\/schema\/person\/0a7b686e5af0f856ec1e390dd0baecda\",\"name\":\"Redazione\",\"image\":{\"@type\":\"ImageObject\",\"inLanguage\":\"de\",\"@id\":\"https:\/\/blog.holyart.it\/de\/#\/schema\/person\/image\/\",\"url\":\"https:\/\/secure.gravatar.com\/avatar\/f477da817f43e50d0af36abecd33e3edf826c68299714bdc1057dff3b113f516?s=96&d=mm&r=g\",\"contentUrl\":\"https:\/\/secure.gravatar.com\/avatar\/f477da817f43e50d0af36abecd33e3edf826c68299714bdc1057dff3b113f516?s=96&d=mm&r=g\",\"caption\":\"Redazione\"}}]}<\/script>\n<!-- \/ Yoast SEO plugin. -->","yoast_head_json":{"title":"Bartolo Longo: Sein spirituelles Erbe und seine Heiligsprechung im Jubil\u00e4umsjahr 2025 - Holyart.de Blog","description":"Bartolo Longo, von der Dunkelheit zum Licht. Sein Glaube verwandelte Pompeji. Im Jubil\u00e4umsjahr 2025 heiliggesprochen, erleuchtet sein ...","robots":{"index":"index","follow":"follow","max-snippet":"max-snippet:-1","max-image-preview":"max-image-preview:large","max-video-preview":"max-video-preview:-1"},"canonical":"https:\/\/blog.holyart.it\/de\/heilige-und-selige\/bartolo-longo-sein-spirituelles-erbe-und-seine-heiligsprechung-im-jubilaeumsjahr-2025\/","og_locale":"de_DE","og_type":"article","og_title":"Bartolo Longo: Sein spirituelles Erbe und seine Heiligsprechung im Jubil\u00e4umsjahr 2025 - Holyart.de Blog","og_description":"Bartolo Longo, von der Dunkelheit zum Licht. Sein Glaube verwandelte Pompeji. Im Jubil\u00e4umsjahr 2025 heiliggesprochen, erleuchtet sein ...","og_url":"https:\/\/blog.holyart.it\/de\/heilige-und-selige\/bartolo-longo-sein-spirituelles-erbe-und-seine-heiligsprechung-im-jubilaeumsjahr-2025\/","og_site_name":"Holyart.de Blog","article_published_time":"2025-10-08T08:00:29+00:00","og_image":[{"width":1000,"height":666,"url":"https:\/\/blog.holyart.it\/de\/wp-content\/uploads\/sites\/12\/2025\/10\/Bartolo-Longo.jpg","type":"image\/jpeg"}],"author":"Redazione","twitter_card":"summary_large_image","twitter_misc":{"Verfasst von":"Redazione","Gesch\u00e4tzte Lesezeit":"13\u00a0Minuten"},"schema":{"@context":"https:\/\/schema.org","@graph":[{"@type":"Article","@id":"https:\/\/blog.holyart.it\/de\/heilige-und-selige\/bartolo-longo-sein-spirituelles-erbe-und-seine-heiligsprechung-im-jubilaeumsjahr-2025\/#article","isPartOf":{"@id":"https:\/\/blog.holyart.it\/de\/heilige-und-selige\/bartolo-longo-sein-spirituelles-erbe-und-seine-heiligsprechung-im-jubilaeumsjahr-2025\/"},"author":{"name":"Redazione","@id":"https:\/\/blog.holyart.it\/de\/#\/schema\/person\/0a7b686e5af0f856ec1e390dd0baecda"},"headline":"Bartolo Longo: Sein spirituelles Erbe und seine Heiligsprechung im Jubil\u00e4umsjahr 2025","datePublished":"2025-10-08T08:00:29+00:00","mainEntityOfPage":{"@id":"https:\/\/blog.holyart.it\/de\/heilige-und-selige\/bartolo-longo-sein-spirituelles-erbe-und-seine-heiligsprechung-im-jubilaeumsjahr-2025\/"},"wordCount":2193,"publisher":{"@id":"https:\/\/blog.holyart.it\/de\/#organization"},"image":{"@id":"https:\/\/blog.holyart.it\/de\/heilige-und-selige\/bartolo-longo-sein-spirituelles-erbe-und-seine-heiligsprechung-im-jubilaeumsjahr-2025\/#primaryimage"},"thumbnailUrl":"https:\/\/blog.holyart.it\/de\/wp-content\/uploads\/sites\/12\/2025\/10\/Bartolo-Longo.jpg","articleSection":["Heilige und Selige"],"inLanguage":"de"},{"@type":"WebPage","@id":"https:\/\/blog.holyart.it\/de\/heilige-und-selige\/bartolo-longo-sein-spirituelles-erbe-und-seine-heiligsprechung-im-jubilaeumsjahr-2025\/","url":"https:\/\/blog.holyart.it\/de\/heilige-und-selige\/bartolo-longo-sein-spirituelles-erbe-und-seine-heiligsprechung-im-jubilaeumsjahr-2025\/","name":"Bartolo Longo: Sein spirituelles Erbe und seine Heiligsprechung im Jubil\u00e4umsjahr 2025 - Holyart.de Blog","isPartOf":{"@id":"https:\/\/blog.holyart.it\/de\/#website"},"primaryImageOfPage":{"@id":"https:\/\/blog.holyart.it\/de\/heilige-und-selige\/bartolo-longo-sein-spirituelles-erbe-und-seine-heiligsprechung-im-jubilaeumsjahr-2025\/#primaryimage"},"image":{"@id":"https:\/\/blog.holyart.it\/de\/heilige-und-selige\/bartolo-longo-sein-spirituelles-erbe-und-seine-heiligsprechung-im-jubilaeumsjahr-2025\/#primaryimage"},"thumbnailUrl":"https:\/\/blog.holyart.it\/de\/wp-content\/uploads\/sites\/12\/2025\/10\/Bartolo-Longo.jpg","datePublished":"2025-10-08T08:00:29+00:00","description":"Bartolo Longo, von der Dunkelheit zum Licht. Sein Glaube verwandelte Pompeji. Im Jubil\u00e4umsjahr 2025 heiliggesprochen, erleuchtet sein ...","breadcrumb":{"@id":"https:\/\/blog.holyart.it\/de\/heilige-und-selige\/bartolo-longo-sein-spirituelles-erbe-und-seine-heiligsprechung-im-jubilaeumsjahr-2025\/#breadcrumb"},"inLanguage":"de","potentialAction":[{"@type":"ReadAction","target":["https:\/\/blog.holyart.it\/de\/heilige-und-selige\/bartolo-longo-sein-spirituelles-erbe-und-seine-heiligsprechung-im-jubilaeumsjahr-2025\/"]}]},{"@type":"ImageObject","inLanguage":"de","@id":"https:\/\/blog.holyart.it\/de\/heilige-und-selige\/bartolo-longo-sein-spirituelles-erbe-und-seine-heiligsprechung-im-jubilaeumsjahr-2025\/#primaryimage","url":"https:\/\/blog.holyart.it\/de\/wp-content\/uploads\/sites\/12\/2025\/10\/Bartolo-Longo.jpg","contentUrl":"https:\/\/blog.holyart.it\/de\/wp-content\/uploads\/sites\/12\/2025\/10\/Bartolo-Longo.jpg","width":1000,"height":666,"caption":"Bartolo Longo"},{"@type":"BreadcrumbList","@id":"https:\/\/blog.holyart.it\/de\/heilige-und-selige\/bartolo-longo-sein-spirituelles-erbe-und-seine-heiligsprechung-im-jubilaeumsjahr-2025\/#breadcrumb","itemListElement":[{"@type":"ListItem","position":1,"name":"Homepage","item":"https:\/\/blog.holyart.it\/de\/"},{"@type":"ListItem","position":2,"name":"Heilige und Selige","item":"https:\/\/blog.holyart.it\/de\/heilige-und-selige\/"},{"@type":"ListItem","position":3,"name":"Bartolo Longo: Sein spirituelles Erbe und seine Heiligsprechung im Jubil\u00e4umsjahr 2025"}]},{"@type":"WebSite","@id":"https:\/\/blog.holyart.it\/de\/#website","url":"https:\/\/blog.holyart.it\/de\/","name":"Holyart.de Blog","description":"Holyblog","publisher":{"@id":"https:\/\/blog.holyart.it\/de\/#organization"},"potentialAction":[{"@type":"SearchAction","target":{"@type":"EntryPoint","urlTemplate":"https:\/\/blog.holyart.it\/de\/?s={search_term_string}"},"query-input":{"@type":"PropertyValueSpecification","valueRequired":true,"valueName":"search_term_string"}}],"inLanguage":"de"},{"@type":"Organization","@id":"https:\/\/blog.holyart.it\/de\/#organization","name":"Holyart.de Blog","url":"https:\/\/blog.holyart.it\/de\/","logo":{"@type":"ImageObject","inLanguage":"de","@id":"https:\/\/blog.holyart.it\/de\/#\/schema\/logo\/image\/","url":"https:\/\/blog.holyart.it\/de\/wp-content\/uploads\/sites\/12\/2022\/12\/Holyart_Blog_Logo.jpg","contentUrl":"https:\/\/blog.holyart.it\/de\/wp-content\/uploads\/sites\/12\/2022\/12\/Holyart_Blog_Logo.jpg","width":300,"height":50,"caption":"Holyart.de Blog"},"image":{"@id":"https:\/\/blog.holyart.it\/de\/#\/schema\/logo\/image\/"}},{"@type":"Person","@id":"https:\/\/blog.holyart.it\/de\/#\/schema\/person\/0a7b686e5af0f856ec1e390dd0baecda","name":"Redazione","image":{"@type":"ImageObject","inLanguage":"de","@id":"https:\/\/blog.holyart.it\/de\/#\/schema\/person\/image\/","url":"https:\/\/secure.gravatar.com\/avatar\/f477da817f43e50d0af36abecd33e3edf826c68299714bdc1057dff3b113f516?s=96&d=mm&r=g","contentUrl":"https:\/\/secure.gravatar.com\/avatar\/f477da817f43e50d0af36abecd33e3edf826c68299714bdc1057dff3b113f516?s=96&d=mm&r=g","caption":"Redazione"}}]}},"_links":{"self":[{"href":"https:\/\/blog.holyart.it\/de\/wp-json\/wp\/v2\/posts\/6975","targetHints":{"allow":["GET"]}}],"collection":[{"href":"https:\/\/blog.holyart.it\/de\/wp-json\/wp\/v2\/posts"}],"about":[{"href":"https:\/\/blog.holyart.it\/de\/wp-json\/wp\/v2\/types\/post"}],"author":[{"embeddable":true,"href":"https:\/\/blog.holyart.it\/de\/wp-json\/wp\/v2\/users\/1"}],"replies":[{"embeddable":true,"href":"https:\/\/blog.holyart.it\/de\/wp-json\/wp\/v2\/comments?post=6975"}],"version-history":[{"count":15,"href":"https:\/\/blog.holyart.it\/de\/wp-json\/wp\/v2\/posts\/6975\/revisions"}],"predecessor-version":[{"id":6999,"href":"https:\/\/blog.holyart.it\/de\/wp-json\/wp\/v2\/posts\/6975\/revisions\/6999"}],"wp:featuredmedia":[{"embeddable":true,"href":"https:\/\/blog.holyart.it\/de\/wp-json\/wp\/v2\/media\/6978"}],"wp:attachment":[{"href":"https:\/\/blog.holyart.it\/de\/wp-json\/wp\/v2\/media?parent=6975"}],"wp:term":[{"taxonomy":"category","embeddable":true,"href":"https:\/\/blog.holyart.it\/de\/wp-json\/wp\/v2\/categories?post=6975"},{"taxonomy":"post_tag","embeddable":true,"href":"https:\/\/blog.holyart.it\/de\/wp-json\/wp\/v2\/tags?post=6975"}],"curies":[{"name":"wp","href":"https:\/\/api.w.org\/{rel}","templated":true}]}}