{"id":697,"date":"2018-07-18T16:04:03","date_gmt":"2018-07-18T14:04:03","guid":{"rendered":"https:\/\/blog.holyart.it\/de\/?p=697"},"modified":"2019-03-25T12:52:28","modified_gmt":"2019-03-25T11:52:28","slug":"kelchwasche","status":"publish","type":"post","link":"https:\/\/blog.holyart.it\/de\/liturgische-gerate\/kelchwasche\/","title":{"rendered":"Kelchw\u00e4sche in der liturgischen Feier"},"content":{"rendered":"<p>Die <strong>Kelchw\u00e4sche<\/strong> ist ein wichtiges Ger\u00e4t bei der Feier. Die wird normalerweise mit den <strong><a href=\"https:\/\/www.holyart.de\/liturgische-gerate\/kirchenausstattung\">liturgischen Ger\u00e4te<\/a><\/strong> und als Schmuck f\u00fcr den Altar benutzt.<\/p>\n<p>Die <strong>Kelchw\u00e4sche<\/strong> besteht aus <strong>Corporale<\/strong> (viereckigen Tuch aus Leinen oder Baumwolle, auf dem man den Leib Christi stellt), <strong>Palla<\/strong> (Stoff mit Stickerei, mit der man Kelch und Patene w\u00e4hrend der Feier deckt), <strong>Handtuch<\/strong> (benutzt normalerweise, um die H\u00e4nden zu putzten), <strong>Purificatorium<\/strong> (Tuch mit dem der Priester den Kelch nach der Feier putzt), Altartuch und noch weitere.<\/p>\n<p>Es ist Teil der <a href=\"https:\/\/www.holyart.de\/liturgische-gerate\/paramente-altargarnitur-und-pultbehange\/altargarnitur\"><strong>Kelchw\u00e4sche<\/strong><\/a> auch der <strong>Schultertuch<\/strong>, oder <strong>Amikt<\/strong>, ein Tuch aus weissen Leinen mit zwei B\u00e4nder, benutzt bei dem Priester unter dem Messhemd, um Schulter und Hals zu decken.<\/p>\n<p>Die <strong>Kelchw\u00e4sche<\/strong> soll von guter Qualit\u00e4t sein. In der Vergangenheit waren sie aus Leinen, Baumwolle oder Hanf. Noch heute sind sie aus denselben Materialen und verfeinert mit Stickereien und Dekorationen.<\/p>\n<p>Die <strong>Kelchw\u00e4sche<\/strong> zeigen liturgischen Symbolen und \u00e4ndern je nach der Jahreszeit oder Feier: Kreuz, IHS Symbol, Mariensymbole, Kelch, Trauben, Weizen\u00e4hren, Eucharistie und Taube sind die wichtigsten Symbolen.<\/p>\n","protected":false},"excerpt":{"rendered":"<p>Die Kelchw\u00e4sche ist ein wichtiges Ger\u00e4t bei der Feier. Die wird normalerweise mit den liturgischen Ger\u00e4te und als Schmuck f\u00fcr den Altar benutzt. Die Kelchw\u00e4sche besteht aus Corporale (viereckigen Tuch aus Leinen oder Baumwolle, auf dem man den Leib Christi stellt), Palla (Stoff mit Stickerei,&hellip;<\/p>\n","protected":false},"author":1,"featured_media":698,"comment_status":"closed","ping_status":"open","sticky":false,"template":"","format":"standard","meta":{"_acf_changed":false,"footnotes":""},"categories":[5],"tags":[],"class_list":["post-697","post","type-post","status-publish","format-standard","has-post-thumbnail","hentry","category-liturgische-gerate"],"acf":[],"yoast_head":"<!-- This site is optimized with the Yoast SEO plugin v26.6 - https:\/\/yoast.com\/wordpress\/plugins\/seo\/ -->\n<title>Kelchw\u00e4sche in der liturgischen Feier - Holyart.de Blog<\/title>\n<meta name=\"description\" content=\"Die Gottesdienste sind ein grundlegendes Zubeh\u00f6r f\u00fcr die Feier.Sie sind wertvoll f\u00fcr die Verzierung des Altars und seiner Weihe.\" \/>\n<meta name=\"robots\" content=\"index, follow, max-snippet:-1, max-image-preview:large, max-video-preview:-1\" \/>\n<link rel=\"canonical\" href=\"https:\/\/blog.holyart.it\/de\/liturgische-gerate\/kelchwasche\/\" \/>\n<meta property=\"og:locale\" content=\"de_DE\" \/>\n<meta property=\"og:type\" content=\"article\" \/>\n<meta property=\"og:title\" content=\"Kelchw\u00e4sche in der liturgischen Feier - Holyart.de Blog\" \/>\n<meta property=\"og:description\" content=\"Die Gottesdienste sind ein grundlegendes Zubeh\u00f6r f\u00fcr die Feier.Sie sind wertvoll f\u00fcr die Verzierung des Altars und seiner Weihe.\" \/>\n<meta property=\"og:url\" content=\"https:\/\/blog.holyart.it\/de\/liturgische-gerate\/kelchwasche\/\" \/>\n<meta property=\"og:site_name\" content=\"Holyart.de Blog\" \/>\n<meta property=\"article:published_time\" content=\"2018-07-18T14:04:03+00:00\" \/>\n<meta property=\"article:modified_time\" content=\"2019-03-25T11:52:28+00:00\" \/>\n<meta property=\"og:image\" content=\"https:\/\/blog.holyart.it\/de\/wp-content\/uploads\/sites\/12\/2019\/03\/Kirchenausstattung.jpg\" \/>\n\t<meta property=\"og:image:width\" content=\"750\" \/>\n\t<meta property=\"og:image:height\" content=\"500\" \/>\n\t<meta property=\"og:image:type\" content=\"image\/jpeg\" \/>\n<meta name=\"author\" content=\"Redazione\" \/>\n<meta name=\"twitter:card\" content=\"summary_large_image\" \/>\n<meta name=\"twitter:label1\" content=\"Verfasst von\" \/>\n\t<meta name=\"twitter:data1\" content=\"Redazione\" \/>\n\t<meta name=\"twitter:label2\" content=\"Gesch\u00e4tzte Lesezeit\" \/>\n\t<meta name=\"twitter:data2\" content=\"1\u00a0Minute\" \/>\n<script type=\"application\/ld+json\" class=\"yoast-schema-graph\">{\"@context\":\"https:\/\/schema.org\",\"@graph\":[{\"@type\":\"Article\",\"@id\":\"https:\/\/blog.holyart.it\/de\/liturgische-gerate\/kelchwasche\/#article\",\"isPartOf\":{\"@id\":\"https:\/\/blog.holyart.it\/de\/liturgische-gerate\/kelchwasche\/\"},\"author\":{\"name\":\"Redazione\",\"@id\":\"https:\/\/blog.holyart.it\/de\/#\/schema\/person\/0a7b686e5af0f856ec1e390dd0baecda\"},\"headline\":\"Kelchw\u00e4sche in der liturgischen Feier\",\"datePublished\":\"2018-07-18T14:04:03+00:00\",\"dateModified\":\"2019-03-25T11:52:28+00:00\",\"mainEntityOfPage\":{\"@id\":\"https:\/\/blog.holyart.it\/de\/liturgische-gerate\/kelchwasche\/\"},\"wordCount\":186,\"publisher\":{\"@id\":\"https:\/\/blog.holyart.it\/de\/#organization\"},\"image\":{\"@id\":\"https:\/\/blog.holyart.it\/de\/liturgische-gerate\/kelchwasche\/#primaryimage\"},\"thumbnailUrl\":\"https:\/\/blog.holyart.it\/de\/wp-content\/uploads\/sites\/12\/2019\/03\/Kirchenausstattung.jpg\",\"articleSection\":[\"Liturgie\"],\"inLanguage\":\"de\"},{\"@type\":\"WebPage\",\"@id\":\"https:\/\/blog.holyart.it\/de\/liturgische-gerate\/kelchwasche\/\",\"url\":\"https:\/\/blog.holyart.it\/de\/liturgische-gerate\/kelchwasche\/\",\"name\":\"Kelchw\u00e4sche in der liturgischen Feier - Holyart.de Blog\",\"isPartOf\":{\"@id\":\"https:\/\/blog.holyart.it\/de\/#website\"},\"primaryImageOfPage\":{\"@id\":\"https:\/\/blog.holyart.it\/de\/liturgische-gerate\/kelchwasche\/#primaryimage\"},\"image\":{\"@id\":\"https:\/\/blog.holyart.it\/de\/liturgische-gerate\/kelchwasche\/#primaryimage\"},\"thumbnailUrl\":\"https:\/\/blog.holyart.it\/de\/wp-content\/uploads\/sites\/12\/2019\/03\/Kirchenausstattung.jpg\",\"datePublished\":\"2018-07-18T14:04:03+00:00\",\"dateModified\":\"2019-03-25T11:52:28+00:00\",\"description\":\"Die Gottesdienste sind ein grundlegendes Zubeh\u00f6r f\u00fcr die Feier.Sie sind wertvoll f\u00fcr die Verzierung des Altars und seiner Weihe.\",\"breadcrumb\":{\"@id\":\"https:\/\/blog.holyart.it\/de\/liturgische-gerate\/kelchwasche\/#breadcrumb\"},\"inLanguage\":\"de\",\"potentialAction\":[{\"@type\":\"ReadAction\",\"target\":[\"https:\/\/blog.holyart.it\/de\/liturgische-gerate\/kelchwasche\/\"]}]},{\"@type\":\"ImageObject\",\"inLanguage\":\"de\",\"@id\":\"https:\/\/blog.holyart.it\/de\/liturgische-gerate\/kelchwasche\/#primaryimage\",\"url\":\"https:\/\/blog.holyart.it\/de\/wp-content\/uploads\/sites\/12\/2019\/03\/Kirchenausstattung.jpg\",\"contentUrl\":\"https:\/\/blog.holyart.it\/de\/wp-content\/uploads\/sites\/12\/2019\/03\/Kirchenausstattung.jpg\",\"width\":750,\"height\":500,\"caption\":\"Kirchenausstattung\"},{\"@type\":\"BreadcrumbList\",\"@id\":\"https:\/\/blog.holyart.it\/de\/liturgische-gerate\/kelchwasche\/#breadcrumb\",\"itemListElement\":[{\"@type\":\"ListItem\",\"position\":1,\"name\":\"Homepage\",\"item\":\"https:\/\/blog.holyart.it\/de\/\"},{\"@type\":\"ListItem\",\"position\":2,\"name\":\"Liturgie\",\"item\":\"https:\/\/blog.holyart.it\/de\/liturgische-gerate\/\"},{\"@type\":\"ListItem\",\"position\":3,\"name\":\"Kelchw\u00e4sche in der liturgischen Feier\"}]},{\"@type\":\"WebSite\",\"@id\":\"https:\/\/blog.holyart.it\/de\/#website\",\"url\":\"https:\/\/blog.holyart.it\/de\/\",\"name\":\"Holyart.de Blog\",\"description\":\"Holyblog\",\"publisher\":{\"@id\":\"https:\/\/blog.holyart.it\/de\/#organization\"},\"potentialAction\":[{\"@type\":\"SearchAction\",\"target\":{\"@type\":\"EntryPoint\",\"urlTemplate\":\"https:\/\/blog.holyart.it\/de\/?s={search_term_string}\"},\"query-input\":{\"@type\":\"PropertyValueSpecification\",\"valueRequired\":true,\"valueName\":\"search_term_string\"}}],\"inLanguage\":\"de\"},{\"@type\":\"Organization\",\"@id\":\"https:\/\/blog.holyart.it\/de\/#organization\",\"name\":\"Holyart.de Blog\",\"url\":\"https:\/\/blog.holyart.it\/de\/\",\"logo\":{\"@type\":\"ImageObject\",\"inLanguage\":\"de\",\"@id\":\"https:\/\/blog.holyart.it\/de\/#\/schema\/logo\/image\/\",\"url\":\"https:\/\/blog.holyart.it\/de\/wp-content\/uploads\/sites\/12\/2022\/12\/Holyart_Blog_Logo.jpg\",\"contentUrl\":\"https:\/\/blog.holyart.it\/de\/wp-content\/uploads\/sites\/12\/2022\/12\/Holyart_Blog_Logo.jpg\",\"width\":300,\"height\":50,\"caption\":\"Holyart.de Blog\"},\"image\":{\"@id\":\"https:\/\/blog.holyart.it\/de\/#\/schema\/logo\/image\/\"}},{\"@type\":\"Person\",\"@id\":\"https:\/\/blog.holyart.it\/de\/#\/schema\/person\/0a7b686e5af0f856ec1e390dd0baecda\",\"name\":\"Redazione\",\"image\":{\"@type\":\"ImageObject\",\"inLanguage\":\"de\",\"@id\":\"https:\/\/blog.holyart.it\/de\/#\/schema\/person\/image\/\",\"url\":\"https:\/\/secure.gravatar.com\/avatar\/f477da817f43e50d0af36abecd33e3edf826c68299714bdc1057dff3b113f516?s=96&d=mm&r=g\",\"contentUrl\":\"https:\/\/secure.gravatar.com\/avatar\/f477da817f43e50d0af36abecd33e3edf826c68299714bdc1057dff3b113f516?s=96&d=mm&r=g\",\"caption\":\"Redazione\"}}]}<\/script>\n<!-- \/ Yoast SEO plugin. -->","yoast_head_json":{"title":"Kelchw\u00e4sche in der liturgischen Feier - Holyart.de Blog","description":"Die Gottesdienste sind ein grundlegendes Zubeh\u00f6r f\u00fcr die Feier.Sie sind wertvoll f\u00fcr die Verzierung des Altars und seiner Weihe.","robots":{"index":"index","follow":"follow","max-snippet":"max-snippet:-1","max-image-preview":"max-image-preview:large","max-video-preview":"max-video-preview:-1"},"canonical":"https:\/\/blog.holyart.it\/de\/liturgische-gerate\/kelchwasche\/","og_locale":"de_DE","og_type":"article","og_title":"Kelchw\u00e4sche in der liturgischen Feier - Holyart.de Blog","og_description":"Die Gottesdienste sind ein grundlegendes Zubeh\u00f6r f\u00fcr die Feier.Sie sind wertvoll f\u00fcr die Verzierung des Altars und seiner Weihe.","og_url":"https:\/\/blog.holyart.it\/de\/liturgische-gerate\/kelchwasche\/","og_site_name":"Holyart.de Blog","article_published_time":"2018-07-18T14:04:03+00:00","article_modified_time":"2019-03-25T11:52:28+00:00","og_image":[{"width":750,"height":500,"url":"https:\/\/blog.holyart.it\/de\/wp-content\/uploads\/sites\/12\/2019\/03\/Kirchenausstattung.jpg","type":"image\/jpeg"}],"author":"Redazione","twitter_card":"summary_large_image","twitter_misc":{"Verfasst von":"Redazione","Gesch\u00e4tzte Lesezeit":"1\u00a0Minute"},"schema":{"@context":"https:\/\/schema.org","@graph":[{"@type":"Article","@id":"https:\/\/blog.holyart.it\/de\/liturgische-gerate\/kelchwasche\/#article","isPartOf":{"@id":"https:\/\/blog.holyart.it\/de\/liturgische-gerate\/kelchwasche\/"},"author":{"name":"Redazione","@id":"https:\/\/blog.holyart.it\/de\/#\/schema\/person\/0a7b686e5af0f856ec1e390dd0baecda"},"headline":"Kelchw\u00e4sche in der liturgischen Feier","datePublished":"2018-07-18T14:04:03+00:00","dateModified":"2019-03-25T11:52:28+00:00","mainEntityOfPage":{"@id":"https:\/\/blog.holyart.it\/de\/liturgische-gerate\/kelchwasche\/"},"wordCount":186,"publisher":{"@id":"https:\/\/blog.holyart.it\/de\/#organization"},"image":{"@id":"https:\/\/blog.holyart.it\/de\/liturgische-gerate\/kelchwasche\/#primaryimage"},"thumbnailUrl":"https:\/\/blog.holyart.it\/de\/wp-content\/uploads\/sites\/12\/2019\/03\/Kirchenausstattung.jpg","articleSection":["Liturgie"],"inLanguage":"de"},{"@type":"WebPage","@id":"https:\/\/blog.holyart.it\/de\/liturgische-gerate\/kelchwasche\/","url":"https:\/\/blog.holyart.it\/de\/liturgische-gerate\/kelchwasche\/","name":"Kelchw\u00e4sche in der liturgischen Feier - Holyart.de Blog","isPartOf":{"@id":"https:\/\/blog.holyart.it\/de\/#website"},"primaryImageOfPage":{"@id":"https:\/\/blog.holyart.it\/de\/liturgische-gerate\/kelchwasche\/#primaryimage"},"image":{"@id":"https:\/\/blog.holyart.it\/de\/liturgische-gerate\/kelchwasche\/#primaryimage"},"thumbnailUrl":"https:\/\/blog.holyart.it\/de\/wp-content\/uploads\/sites\/12\/2019\/03\/Kirchenausstattung.jpg","datePublished":"2018-07-18T14:04:03+00:00","dateModified":"2019-03-25T11:52:28+00:00","description":"Die Gottesdienste sind ein grundlegendes Zubeh\u00f6r f\u00fcr die Feier.Sie sind wertvoll f\u00fcr die Verzierung des Altars und seiner Weihe.","breadcrumb":{"@id":"https:\/\/blog.holyart.it\/de\/liturgische-gerate\/kelchwasche\/#breadcrumb"},"inLanguage":"de","potentialAction":[{"@type":"ReadAction","target":["https:\/\/blog.holyart.it\/de\/liturgische-gerate\/kelchwasche\/"]}]},{"@type":"ImageObject","inLanguage":"de","@id":"https:\/\/blog.holyart.it\/de\/liturgische-gerate\/kelchwasche\/#primaryimage","url":"https:\/\/blog.holyart.it\/de\/wp-content\/uploads\/sites\/12\/2019\/03\/Kirchenausstattung.jpg","contentUrl":"https:\/\/blog.holyart.it\/de\/wp-content\/uploads\/sites\/12\/2019\/03\/Kirchenausstattung.jpg","width":750,"height":500,"caption":"Kirchenausstattung"},{"@type":"BreadcrumbList","@id":"https:\/\/blog.holyart.it\/de\/liturgische-gerate\/kelchwasche\/#breadcrumb","itemListElement":[{"@type":"ListItem","position":1,"name":"Homepage","item":"https:\/\/blog.holyart.it\/de\/"},{"@type":"ListItem","position":2,"name":"Liturgie","item":"https:\/\/blog.holyart.it\/de\/liturgische-gerate\/"},{"@type":"ListItem","position":3,"name":"Kelchw\u00e4sche in der liturgischen Feier"}]},{"@type":"WebSite","@id":"https:\/\/blog.holyart.it\/de\/#website","url":"https:\/\/blog.holyart.it\/de\/","name":"Holyart.de Blog","description":"Holyblog","publisher":{"@id":"https:\/\/blog.holyart.it\/de\/#organization"},"potentialAction":[{"@type":"SearchAction","target":{"@type":"EntryPoint","urlTemplate":"https:\/\/blog.holyart.it\/de\/?s={search_term_string}"},"query-input":{"@type":"PropertyValueSpecification","valueRequired":true,"valueName":"search_term_string"}}],"inLanguage":"de"},{"@type":"Organization","@id":"https:\/\/blog.holyart.it\/de\/#organization","name":"Holyart.de Blog","url":"https:\/\/blog.holyart.it\/de\/","logo":{"@type":"ImageObject","inLanguage":"de","@id":"https:\/\/blog.holyart.it\/de\/#\/schema\/logo\/image\/","url":"https:\/\/blog.holyart.it\/de\/wp-content\/uploads\/sites\/12\/2022\/12\/Holyart_Blog_Logo.jpg","contentUrl":"https:\/\/blog.holyart.it\/de\/wp-content\/uploads\/sites\/12\/2022\/12\/Holyart_Blog_Logo.jpg","width":300,"height":50,"caption":"Holyart.de Blog"},"image":{"@id":"https:\/\/blog.holyart.it\/de\/#\/schema\/logo\/image\/"}},{"@type":"Person","@id":"https:\/\/blog.holyart.it\/de\/#\/schema\/person\/0a7b686e5af0f856ec1e390dd0baecda","name":"Redazione","image":{"@type":"ImageObject","inLanguage":"de","@id":"https:\/\/blog.holyart.it\/de\/#\/schema\/person\/image\/","url":"https:\/\/secure.gravatar.com\/avatar\/f477da817f43e50d0af36abecd33e3edf826c68299714bdc1057dff3b113f516?s=96&d=mm&r=g","contentUrl":"https:\/\/secure.gravatar.com\/avatar\/f477da817f43e50d0af36abecd33e3edf826c68299714bdc1057dff3b113f516?s=96&d=mm&r=g","caption":"Redazione"}}]}},"_links":{"self":[{"href":"https:\/\/blog.holyart.it\/de\/wp-json\/wp\/v2\/posts\/697","targetHints":{"allow":["GET"]}}],"collection":[{"href":"https:\/\/blog.holyart.it\/de\/wp-json\/wp\/v2\/posts"}],"about":[{"href":"https:\/\/blog.holyart.it\/de\/wp-json\/wp\/v2\/types\/post"}],"author":[{"embeddable":true,"href":"https:\/\/blog.holyart.it\/de\/wp-json\/wp\/v2\/users\/1"}],"replies":[{"embeddable":true,"href":"https:\/\/blog.holyart.it\/de\/wp-json\/wp\/v2\/comments?post=697"}],"version-history":[{"count":0,"href":"https:\/\/blog.holyart.it\/de\/wp-json\/wp\/v2\/posts\/697\/revisions"}],"wp:featuredmedia":[{"embeddable":true,"href":"https:\/\/blog.holyart.it\/de\/wp-json\/wp\/v2\/media\/698"}],"wp:attachment":[{"href":"https:\/\/blog.holyart.it\/de\/wp-json\/wp\/v2\/media?parent=697"}],"wp:term":[{"taxonomy":"category","embeddable":true,"href":"https:\/\/blog.holyart.it\/de\/wp-json\/wp\/v2\/categories?post=697"},{"taxonomy":"post_tag","embeddable":true,"href":"https:\/\/blog.holyart.it\/de\/wp-json\/wp\/v2\/tags?post=697"}],"curies":[{"name":"wp","href":"https:\/\/api.w.org\/{rel}","templated":true}]}}