{"id":6898,"date":"2025-09-29T10:00:59","date_gmt":"2025-09-29T08:00:59","guid":{"rendered":"https:\/\/blog.holyart.it\/de\/?p=6898"},"modified":"2025-09-30T17:26:30","modified_gmt":"2025-09-30T15:26:30","slug":"thun-und-seine-limitierte-auflage-der-krippe-zum-jubilaeum-2025","status":"publish","type":"post","link":"https:\/\/blog.holyart.it\/de\/jubilaeum-2025\/thun-und-seine-limitierte-auflage-der-krippe-zum-jubilaeum-2025\/","title":{"rendered":"Thun und seine limitierte Auflage der Krippe zum Jubil\u00e4um 2025"},"content":{"rendered":"<h4><em>THUN Krippe Jubil\u00e4um 2025: Wenn der Glaube in den H\u00e4nden der Engel Gestalt annimmt<\/em><\/h4>\n\n<p>In der Stille einer Werkstatt in den Alpen, zwischen schneebedeckten Bergen und dem Duft von Ton, entstehen Gesch\u00f6pfe, die das Herz ansprechen. Dort schuf vor mehr als siebzig Jahren eine Gr\u00e4fin mit einem g\u00fctigen Herzen, <strong>Lene Thun<\/strong>, einen kleinen Engel aus Keramik. Ohne Worte: nur eine Geste, eine Kurve, ein L\u00e4cheln, das im Laufe der Zeit geformt wurde. Es war kein einfaches Objekt, sondern ein Fl\u00fcstern der Liebe, eine sanfte Liebkosung, die Jahrzehnte \u00fcberdauern und bis zu uns gelangen w\u00fcrde. Heute wird dieser Hauch von Ewigkeit mit der neuen, exklusiven Kollektion <a href=\"https:\/\/www.holyart.de\/weihnachten\/krippen\/thun-krippe\"><strong>THUN<\/strong> <strong>Krippe Jubil\u00e4um 2025 <\/strong><\/a>erneuert. Mitten im <a href=\"https:\/\/www.holyart.de\/blog\/devotionalien\/der-veranstaltungskalender-des-jubilaeums-2025\/\"><strong>Jubil\u00e4umsjahr 2025<\/strong><\/a> verleiht THUN seiner Tradition neues Leben und bringt eine limitierte Kollektion heraus, die viel mehr ist als eine k\u00fcnstlerische Geste: Sie ist ein Siegel der Seele, eine Erinnerung, die von allen geteilt wird, die an die Hoffnung glauben.<\/p>\n<p>Die Figuren der Krippe zum Jubil\u00e4um sprechen nicht, aber sie kommunizieren mit tiefer Z\u00e4rtlichkeit: Sie erz\u00e4hlen von Reisen des Geistes, stillen Versprechen, einem Glauben, der der Zeit standh\u00e4lt. Gibt es eine bessere Botschaft f\u00fcr das Jubil\u00e4um 2025, das den <strong>Pilgern der Hoffnung<\/strong> gewidmet ist, eine Gelegenheit f\u00fcr die gesamte Menschheit, innezuhalten und sich daran zu erinnern, was wirklich z\u00e4hlt, was uns verbindet, was uns menschlich macht?<\/p>\n<p>Das Jubil\u00e4um ist ein Jahr der Gnade, das tiefere Welten er\u00f6ffnet. Alles beginnt mit einer feierlichen Geste: der <strong><a href=\"https:\/\/www.holyart.de\/blog\/devotionalien\/heilige-pforte-was-sie-ist-und-was-ihre-oeffnung-bedeutet\/\">\u00d6ffnung der Heiligen Pforte<\/a>.<\/strong> Aber der wahre \u00dcbergang findet woanders statt, im Herzen eines jeden Einzelnen, wenn wir uns bewusst daf\u00fcr entscheiden, die Dunkelheit hinter uns zu lassen, und sich vor uns ein Spaltbreit Licht, Vergebung und Wiedergeburt \u00f6ffnet.<\/p>\n<p>Auf dem Weg ins Jahr 2025 machen sich Millionen von Seelen auf die Reise, nur mit Liebe und Hoffnung bewaffnet. Und damit die Hoffnung wirklich aufbl\u00fchen kann, muss sie gesch\u00fctzt, gen\u00e4hrt und in Erinnerung gehalten werden. Hier kommt die neue THUN-Kollektion ins Spiel: kleine Figuren, die eine gro\u00dfe Wahrheit verk\u00f6rpern. Dass der Glaube in unseren H\u00e4usern wohnen kann. Dass Kunst ein Vehikel der Spiritualit\u00e4t sein kann. Dass auch eine Krippe das Geheimnis eines Heiligen Jahres in sich bergen kann.<\/p>\n<p>Die <strong>Jubil\u00e4umskrippe von THUN<\/strong> ist nicht nur eine Kollektion zum Ausstellen. Sie ist ein Geschenk, das es zu bewahren gilt, ein Symbol, das es weiterzugeben gilt, ein Glaube, den es Tag f\u00fcr Tag mit derselben Geduld zu formen gilt, mit der man Ton formt. Denn manche Emotionen lassen sich nicht erkl\u00e4ren, aber man kann sie ber\u00fchren und in den H\u00e4nden halten. Und dabei lernen wir zu erkennen, dass auch in der kleinsten Geste etwas Heiliges steckt. So bewahrt die Kunst die Seele. Und so nimmt die Hoffnung in den H\u00e4nden derer, die sie schaffen und betrachten, Gestalt an.<\/p>\n<div class=\"sp-styles-warning\" style=\"width: 450px; background-color: #FFF; color: #F00; border: 1px solid #F00; padding: 10px; font-size: 14px;\">\n\t\t\t<span style=\"font-weight: bold;\">Warning: The stylesheets were not loaded!<\/span> \n\t\t\tYou will need to change the <i>Load stylesheets<\/i> setting from <i>Automatically<\/i> to <i>On homepage<\/i> or <i>On all pages<\/i>. \n\t\t\tYou can set that <a style=\"text-decoration: underline; color: #F00;\" href=\"https:\/\/blog.holyart.it\/de\/wp-admin\/admin.php?page=sliderpro-settings\">here<\/a>.\n\t\t\t<\/div>\r\n<div id=\"slider-pro-125\" class=\"slider-pro sp-no-js\" style=\"width: 500px; height: 500px;\">\r\n\t<div class=\"sp-slides\">\r\n\t\t\r\n\t\t<div class=\"sp-slide\">\r\n\t\t\t<img loading=\"lazy\" decoding=\"async\" class=\"sp-image\" src=\"https:\/\/blog.holyart.it\/de\/wp-content\/uploads\/sites\/12\/2025\/09\/thun-pilger-kniend-jubilaum-2025.jpg\" alt=\"THUN, Krippenfigur Pilger \u2013 Jubil\u00e4um 2025, Limited Edition\" width=\"500\" height=\"500\" \/>\r\n\t\t\t<div class=\"sp-thumbnail\"><a class=\"\" href=\"https:\/\/www.holyart.de\/jubilaum-der-barmherzigkeit\/gadgets-und-souvenirs-jubilaum-2025\/thun-krippenfigur-pilger-jubilaum-2025-limited-edition\">\r\n\t\t\t\t<img decoding=\"async\" src=\"https:\/\/blog.holyart.it\/de\/wp-content\/uploads\/sites\/12\/2025\/09\/thun-pilger-kniend-jubilaum-2025-1.jpg\" alt=\"THUN, Krippenfigur Pilger \u2013 Jubil\u00e4um 2025, Limited Edition\" \/>\r\n\t\t\t<\/a>\r\n\t\t\t<\/div>\r\n\t\t\t<div class=\"sp-caption\">THUN, Krippenfigur Pilger \u2013 Jubil\u00e4um 2025, Limited Edition<\/br><strong><a href=\"https:\/\/www.holyart.de\/jubilaum-der-barmherzigkeit\/gadgets-und-souvenirs-jubilaum-2025\/thun-krippenfigur-pilger-jubilaum-2025-limited-edition\">Bei Holyart kaufen<\/a><\/strong><\/div>\r\n\t\t<\/div>\r\n\t\t<div class=\"sp-slide\">\r\n\t\t\t<img loading=\"lazy\" decoding=\"async\" class=\"sp-image\" src=\"https:\/\/blog.holyart.it\/de\/wp-content\/uploads\/sites\/12\/2025\/09\/thun-maria-linie-klassische-krippe-weiss.jpg\" alt=\"Thun Maria, Linie Klassische Krippe, wei\u00df\" width=\"500\" height=\"500\" \/>\r\n\t\t\t<div class=\"sp-thumbnail\"><a class=\"\" href=\"https:\/\/www.holyart.de\/weihnachten\/krippen\/thun-krippe\/thun-maria-linie-klassische-krippe-weiss\">\r\n\t\t\t\t<img decoding=\"async\" src=\"https:\/\/blog.holyart.it\/de\/wp-content\/uploads\/sites\/12\/2025\/09\/thun-maria-linie-klassische-krippe-weiss-1.jpg\" alt=\"Thun Maria, Linie Klassische Krippe, wei\u00df\" \/>\r\n\t\t\t<\/a>\r\n\t\t\t<\/div>\r\n\t\t\t<div class=\"sp-caption\">Thun Maria, Linie Klassische Krippe, wei\u00df<\/br><strong><a href=\"https:\/\/www.holyart.de\/weihnachten\/krippen\/thun-krippe\/thun-maria-linie-klassische-krippe-weiss\">Bei Holyart kaufen<\/a><\/strong><\/div>\r\n\t\t<\/div>\r\n\t\t<div class=\"sp-slide\">\r\n\t\t\t<img loading=\"lazy\" decoding=\"async\" class=\"sp-image\" src=\"https:\/\/blog.holyart.it\/de\/wp-content\/uploads\/sites\/12\/2025\/09\/thun-jesuskind-linie-klassische-krippe-weiss.jpg\" alt=\"THUN Jesuskind, Linie Klassische Krippe, wei\u00df\" width=\"500\" height=\"500\" \/>\r\n\t\t\t<div class=\"sp-thumbnail\"><a class=\"\" href=\"https:\/\/www.holyart.de\/weihnachten\/krippen\/thun-krippe\/thun-jesuskind-linie-klassische-krippe-weiss\">\r\n\t\t\t\t<img decoding=\"async\" src=\"https:\/\/blog.holyart.it\/de\/wp-content\/uploads\/sites\/12\/2025\/09\/thun-jesuskind-linie-klassische-krippe-weiss-1.jpg\" alt=\"THUN Jesuskind, Linie Klassische Krippe, wei\u00df\" \/>\r\n\t\t\t<\/a>\r\n\t\t\t<\/div>\r\n\t\t\t<div class=\"sp-caption\">THUN Jesuskind, Linie Klassische Krippe, wei\u00df<\/br><strong><a href=\"https:\/\/www.holyart.de\/weihnachten\/krippen\/thun-krippe\/thun-jesuskind-linie-klassische-krippe-weiss\">Bei Holyart kaufen<\/a><\/strong><\/div>\r\n\t\t<\/div>\r\n\t\t<div class=\"sp-slide\">\r\n\t\t\t<img loading=\"lazy\" decoding=\"async\" class=\"sp-image\" src=\"https:\/\/blog.holyart.it\/de\/wp-content\/uploads\/sites\/12\/2025\/09\/thun-heiliger-josef-linie-klassische-krippe-weiss.jpg\" alt=\"THUN \u2013 Heiliger Josef, Linie Klassische Krippe, wei\u00df\" width=\"500\" height=\"500\" \/>\r\n\t\t\t<div class=\"sp-thumbnail\"><a class=\"\" href=\"https:\/\/www.holyart.de\/weihnachten\/krippen\/thun-krippe\/thun-heiliger-josef-linie-klassische-krippe-weiss\">\r\n\t\t\t\t<img decoding=\"async\" src=\"https:\/\/blog.holyart.it\/de\/wp-content\/uploads\/sites\/12\/2025\/09\/thun-heiliger-josef-linie-klassische-krippe-weiss-1.jpg\" alt=\"THUN \u2013 Heiliger Josef, Linie Klassische Krippe, wei\u00df\" \/>\r\n\t\t\t<\/a>\r\n\t\t\t<\/div>\r\n\t\t\t<div class=\"sp-caption\">THUN \u2013 Heiliger Josef, Linie Klassische Krippe, wei\u00df<\/br><strong><a href=\"https:\/\/www.holyart.de\/weihnachten\/krippen\/thun-krippe\/thun-heiliger-josef-linie-klassische-krippe-weiss\">Bei Holyart kaufen<\/a><\/strong><\/div>\r\n\t\t<\/div>\r\n\t\t<div class=\"sp-slide\">\r\n\t\t\t<img loading=\"lazy\" decoding=\"async\" class=\"sp-image\" src=\"https:\/\/blog.holyart.it\/de\/wp-content\/uploads\/sites\/12\/2025\/09\/thun-stall-linie-klassische-krippe.jpg\" alt=\"THUN Stall \u2013 Linie Klassische Krippe\" width=\"500\" height=\"500\" \/>\r\n\t\t\t<div class=\"sp-thumbnail\"><a class=\"\" href=\"https:\/\/www.holyart.de\/weihnachten\/krippen\/thun-krippe\/thun-stall-linie-klassische-krippe\">\r\n\t\t\t\t<img decoding=\"async\" src=\"https:\/\/blog.holyart.it\/de\/wp-content\/uploads\/sites\/12\/2025\/09\/thun-stall-linie-klassische-krippe-1.jpg\" alt=\"THUN Stall \u2013 Linie Klassische Krippe\" \/>\r\n\t\t\t<\/a>\r\n\t\t\t<\/div>\r\n\t\t\t<div class=\"sp-caption\">THUN Stall \u2013 Linie Klassische Krippe<\/br><strong><a href=\"https:\/\/www.holyart.de\/weihnachten\/krippen\/thun-krippe\/thun-stall-linie-klassische-krippe\">Bei Holyart kaufen<\/a><\/strong><\/div>\r\n\t\t<\/div>\r\n\t\t<div class=\"sp-slide\">\r\n\t\t\t<img loading=\"lazy\" decoding=\"async\" class=\"sp-image\" src=\"https:\/\/blog.holyart.it\/de\/wp-content\/uploads\/sites\/12\/2025\/09\/thun-engel-der-verkundigung-linie-klassische-krippe-beige.jpg\" alt=\"THUN Engel der Verk\u00fcndigung, Linie Klassische Krippe, beige\" width=\"500\" height=\"500\" \/>\r\n\t\t\t<div class=\"sp-thumbnail\"><a class=\"\" href=\"https:\/\/www.holyart.de\/weihnachten\/krippen\/thun-krippe\/thun-engel-der-verkundigung-linie-klassische-krippe-beige\">\r\n\t\t\t\t<img decoding=\"async\" src=\"https:\/\/blog.holyart.it\/de\/wp-content\/uploads\/sites\/12\/2025\/09\/thun-engel-der-verkundigung-linie-klassische-krippe-beige-1.jpg\" alt=\"THUN Engel der Verk\u00fcndigung, Linie Klassische Krippe, beige\" \/>\r\n\t\t\t<\/a>\r\n\t\t\t<\/div>\r\n\t\t\t<div class=\"sp-caption\">THUN Engel der Verk\u00fcndigung, Linie Klassische Krippe, beige<\/br><strong><a href=\"https:\/\/www.holyart.de\/weihnachten\/krippen\/thun-krippe\/thun-engel-der-verkundigung-linie-klassische-krippe-beige\">Bei Holyart kaufen<\/a><\/strong><\/div>\r\n\t\t<\/div>\r\n\t<\/div>\r\n<\/div>\n<h2>Eine Krippe, die die Menschheit auf ihrem Weg willkommen hei\u00dft<\/h2>\n<p>Die Figuren der <strong>THUN-Jubil\u00e4umskrippe<\/strong> sind nicht einfach nur Statuen. Mit ihren ruhigen Gesichtern, ihren ausgestreckten H\u00e4nden und ihren freundlichen Gesten umarmen sie alle Pilger in einem Kreis der Liebe. Sie sind die <strong><a href=\"https:\/\/www.holyart.de\/jubilaum-der-barmherzigkeit\/gadgets-und-souvenirs-jubilaum-2025\/thun-wandrelief-geburt-christi-jubilaum-2025-limited-edition\">dem\u00fctige Heilige Familie<\/a>,<\/strong> die jede m\u00fcde Seele willkommen hei\u00dft, die weichen Gew\u00e4nder der Weisen, die langsamen Schritte der Hirten, die staunenden Augen der Kinder. Sie sind die gesamte Menschheit auf dem Weg zum Licht, im Schatten des Kreuzes, das im <a href=\"https:\/\/www.holyart.de\/blog\/devotionalien\/die-bedeutung-des-jubilaeumslogos-2025-pilger-der-hoffnung\/\"><strong>Jubil\u00e4umslogo<\/strong><\/a> zum Zeichen der Erl\u00f6sung wird. Jede Figur ist von Hand geformt und bemalt, mit einer Sorgfalt, die nicht improvisiert ist, sondern aus Respekt, Tradition und Liebe zu dem entsteht, was Bestand haben soll. Die abgerundeten Formen, die friedlichen Gesichtsausdr\u00fccke, die sanften Farben erz\u00e4hlen von einer entwaffnenden Sch\u00f6nheit, die nicht beeindrucken muss, sondern nur betrachtet werden will. In ihren kleinen H\u00e4nden tragen sie bereits eine Erinnerung an das Heilige Jahr, eine kostbare Erinnerung, denn wenn das Jahr vorbei ist und die feierlichen Glockenschl\u00e4ge verstummt sind, werden wir in der Stille unseres Zuhauses nach der tieferen Bedeutung dessen suchen, was wir erlebt haben. Jede THUN-Figur wird dann ein stiller Zeuge sein, ein H\u00fcter von Emotionen, eine brennende Lampe in dunklen Tagen. F\u00fcr Kinder wird es eine Geschichte sein, die sie sich anh\u00f6ren k\u00f6nnen. F\u00fcr \u00e4ltere Menschen das Echo anderer Jubil\u00e4en. F\u00fcr alle eine Einladung, innezuhalten, durchzuatmen und weiterhin an die M\u00f6glichkeit eines gr\u00f6\u00dferen Gutes zu glauben.<\/p>\n<div class=\"link-product\">\n<div class=\"blocco-immagine\"><img loading=\"lazy\" decoding=\"async\" class=\"size-full wp-image-6917 alignleft\" src=\"https:\/\/blog.holyart.it\/de\/wp-content\/uploads\/sites\/12\/2025\/09\/thun-weihnachtsrelief-heilige-familie-mit-jubilaumslogo-2025.jpg\" alt=\"THUN, Wandrelief Geburt Christi \u2013 Jubil\u00e4um 2025, Limited Edition\" width=\"100\" height=\"100\" data-kale-share-title=\"Thun und seine limitierte Auflage der Krippe zum Jubil\u00e4um 2025\" data-kale-share-url=\"https:\/\/blog.holyart.it\/de\/?p=6898\" \/><\/div>\n<div class=\"blocco-contenuto\">\n<div class=\"blocco-acquista\">Einkaufen:<\/div>\n<div class=\"blocco-titolo\"><a href=\"https:\/\/www.holyart.de\/jubilaum-der-barmherzigkeit\/gadgets-und-souvenirs-jubilaum-2025\/thun-wandrelief-geburt-christi-jubilaum-2025-limited-edition\">THUN, Wandrelief Geburt Christi \u2013 Jubil\u00e4um 2025, Limited Edition<\/a><\/div>\n<div class=\"blocco-descrizione\">Dieses THUN-Wandrelief zeigt die Darstellung der Geburt Christi und wurde anl\u00e4sslich des Jubil\u00e4ums 2025 gestaltet&#8230;<\/div>\n<\/div>\n<\/div>\n<h2>THUN: Wenn Kunst zur Wohltat f\u00fcr die Seele wird<\/h2>\n<p>In der Geschichte von THUN hat jede Geste eine Bedeutung, jedes Detail ist Ausdruck von Sinn. Wie bei den Schutzengeln, auf deren R\u00fccken Worte eingraviert sind, die so leicht sind wie der Atem des Himmels, sprechen auch die Figuren der Jubil\u00e4umskrippe eine stille Sprache, die f\u00fcr diejenigen bestimmt ist, die mit den Augen des Herzens sehen k\u00f6nnen. Die Falte eines Mantels, ein angedeutetes L\u00e4cheln, der Blick in die Unendlichkeit: alles erz\u00e4hlt eine Geschichte. Die Keramik wird in den H\u00e4nden der Handwerker zu einer Schrift ohne Worte, zu einer Poesie, die Gestalt annimmt, zu einer heiligen Pr\u00e4senz im Alltag. Ein Gott, der seine Stimme nicht erhebt, sondern sich in den einfachsten Details, im Alltag, in kleinen Gesten, in Symbolen, die leise sprechen, offenbart. Die Kollektion der Jubil\u00e4umskrippe entsteht mit derselben Zartheit: Sie ist daf\u00fcr gedacht, die Zeit zu \u00fcberdauern, in der Erinnerung zu bleiben und das Gebet zu begleiten. Sie spricht zu den Gro\u00dfeltern, die sich an die Jubil\u00e4en der Vergangenheit erinnern, zu den Eltern, die den Glauben durch ihr Beispiel weitergeben, zu den Kindern, die ihre ersten Schritte im Geheimnis der Hoffnung machen.<\/p>\n<p>Es ist eine Krippe, die alle Lebensalter durchzieht und die Generationen in einer z\u00e4rtlichen, stillen, universellen Umarmung vereint.<\/p>\n<h2>Wenn Sch\u00f6nheit zum Geschenk wird: Kunst, die heilt, Kunst, die verbindet<\/h2>\n<p>THUN steht f\u00fcr Sch\u00f6nheit, aber nicht nur in ihrer Form. Es steht auch f\u00fcr konkretes Engagement und verantwortungsbewusstes Handeln. Seit 2022 ist THUN eine Benefit-Gesellschaft und hat seine k\u00fcnstlerische Mission zu einem Akt der Liebe gemacht. Denn echte Sch\u00f6nheit ist niemals Selbstzweck. Sie h\u00e4lt Einzug in Krankenh\u00e4user und erreicht Menschen, die leiden. Durch die <strong>Stiftung Lene Thun<\/strong> schenken die Keramiktherapie-Workshops Kindern in Behandlung ein L\u00e4cheln und Kraft und verwandeln Zerbrechlichkeit in Farbe, Angst in Sch\u00f6pfung. Diese Berufung findet sich auch in der <a href=\"https:\/\/www.holyart.de\/jubilaum-der-barmherzigkeit\/gadgets-und-souvenirs-jubilaum-2025\"><strong>Jubil\u00e4umskollektion<\/strong><\/a> wieder. Jede Figur ist von F\u00fcrsorge, Inklusion und gemeinsamer Hoffnung durchdrungen. Sie ist mehr als nur eine Keramikfigur: Sie ist ein kleiner Samen des Guten, bereit, im Herzen derer zu keimen, die sie aufnehmen.<\/p>\n<div class=\"sp-styles-warning\" style=\"width: 450px; background-color: #FFF; color: #F00; border: 1px solid #F00; padding: 10px; font-size: 14px;\">\n\t\t\t<span style=\"font-weight: bold;\">Warning: The stylesheets were not loaded!<\/span> \n\t\t\tYou will need to change the <i>Load stylesheets<\/i> setting from <i>Automatically<\/i> to <i>On homepage<\/i> or <i>On all pages<\/i>. \n\t\t\tYou can set that <a style=\"text-decoration: underline; color: #F00;\" href=\"https:\/\/blog.holyart.it\/de\/wp-admin\/admin.php?page=sliderpro-settings\">here<\/a>.\n\t\t\t<\/div>\r\n<div id=\"slider-pro-126\" class=\"slider-pro sp-no-js\" style=\"width: 500px; height: 500px;\">\r\n\t<div class=\"sp-slides\">\r\n\t\t\r\n\t\t<div class=\"sp-slide\">\r\n\t\t\t<img loading=\"lazy\" decoding=\"async\" class=\"sp-image\" src=\"https:\/\/blog.holyart.it\/de\/wp-content\/uploads\/sites\/12\/2025\/09\/thun-pilger-teddy-jubilaum-2025.jpg\" alt=\"THUN, Pilger-Teddy \u2013 Jubil\u00e4um 2025, Limited Edition, 8 cm\" width=\"500\" height=\"500\" \/>\r\n\t\t\t<div class=\"sp-thumbnail\"><a class=\"\" href=\"https:\/\/www.holyart.de\/jubilaum-der-barmherzigkeit\/gadgets-und-souvenirs-jubilaum-2025\/thun-pilger-teddy-jubilaum-2025-limited-edition-8-cm\">\r\n\t\t\t\t<img decoding=\"async\" src=\"https:\/\/blog.holyart.it\/de\/wp-content\/uploads\/sites\/12\/2025\/09\/thun-pilger-teddy-jubilaum-2025-1.jpg\" alt=\"THUN, Pilger-Teddy \u2013 Jubil\u00e4um 2025, Limited Edition, 8 cm\" \/>\r\n\t\t\t<\/a>\r\n\t\t\t<\/div>\r\n\t\t\t<div class=\"sp-caption\">THUN, Pilger-Teddy \u2013 Jubil\u00e4um 2025, Limited Edition, 8 cm<\/br><strong><a href=\"https:\/\/www.holyart.de\/jubilaum-der-barmherzigkeit\/gadgets-und-souvenirs-jubilaum-2025\/thun-pilger-teddy-jubilaum-2025-limited-edition-8-cm\">Bei Holyart kaufen<\/a><\/strong><\/div>\r\n\t\t<\/div>\r\n\t\t<div class=\"sp-slide\">\r\n\t\t\t<img loading=\"lazy\" decoding=\"async\" class=\"sp-image\" src=\"https:\/\/blog.holyart.it\/de\/wp-content\/uploads\/sites\/12\/2025\/09\/thun-tasse-mit-pilger-teddy-jubilaum-2025.jpg\" alt=\"THUN-Tasse mit Pilger-Teddy \u2013 Jubil\u00e4um 2025\" width=\"500\" height=\"500\" \/>\r\n\t\t\t<div class=\"sp-thumbnail\"><a class=\"\" href=\"https:\/\/www.holyart.de\/jubilaum-der-barmherzigkeit\/gadgets-und-souvenirs-jubilaum-2025\/thun-tasse-mit-pilger-teddy-jubilaum-2025\">\r\n\t\t\t\t<img decoding=\"async\" src=\"https:\/\/blog.holyart.it\/de\/wp-content\/uploads\/sites\/12\/2025\/09\/thun-tasse-mit-pilger-teddy-jubilaum-2025-1.jpg\" alt=\"THUN-Tasse mit Pilger-Teddy \u2013 Jubil\u00e4um 2025\" \/>\r\n\t\t\t<\/a>\r\n\t\t\t<\/div>\r\n\t\t\t<div class=\"sp-caption\">THUN-Tasse mit Pilger-Teddy \u2013 Jubil\u00e4um 2025<\/br><strong><a href=\"https:\/\/www.holyart.de\/jubilaum-der-barmherzigkeit\/gadgets-und-souvenirs-jubilaum-2025\/thun-tasse-mit-pilger-teddy-jubilaum-2025\">Bei Holyart kaufen<\/a><\/strong><\/div>\r\n\t\t<\/div>\r\n\t\t<div class=\"sp-slide\">\r\n\t\t\t<img loading=\"lazy\" decoding=\"async\" class=\"sp-image\" src=\"https:\/\/blog.holyart.it\/de\/wp-content\/uploads\/sites\/12\/2025\/09\/thun-schlusselanhanger-pilger-teddy-jubilaum-2025.jpg\" alt=\"THUN, Schl\u00fcsselanh\u00e4nger \u2013 Pilger-Teddy, Jubil\u00e4um 2025\" width=\"500\" height=\"500\" \/>\r\n\t\t\t<div class=\"sp-thumbnail\"><a class=\"\" href=\"https:\/\/www.holyart.de\/jubilaum-der-barmherzigkeit\/gadgets-und-souvenirs-jubilaum-2025\/thun-schlusselanhanger-pilger-teddy-jubilaum-2025\">\r\n\t\t\t\t<img decoding=\"async\" src=\"https:\/\/blog.holyart.it\/de\/wp-content\/uploads\/sites\/12\/2025\/09\/thun-schlusselanhanger-pilger-teddy-jubilaum-2025-1.jpg\" alt=\"THUN, Schl\u00fcsselanh\u00e4nger \u2013 Pilger-Teddy, Jubil\u00e4um 2025\" \/>\r\n\t\t\t<\/a>\r\n\t\t\t<\/div>\r\n\t\t\t<div class=\"sp-caption\">THUN, Schl\u00fcsselanh\u00e4nger \u2013 Pilger-Teddy, Jubil\u00e4um 2025<\/br><strong><a href=\"https:\/\/www.holyart.de\/jubilaum-der-barmherzigkeit\/gadgets-und-souvenirs-jubilaum-2025\/thun-schlusselanhanger-pilger-teddy-jubilaum-2025\">Bei Holyart kaufen<\/a><\/strong><\/div>\r\n\t\t<\/div>\r\n\t\t<div class=\"sp-slide\">\r\n\t\t\t<img loading=\"lazy\" decoding=\"async\" class=\"sp-image\" src=\"https:\/\/blog.holyart.it\/de\/wp-content\/uploads\/sites\/12\/2025\/09\/thun-pilger-kniend-jubilaum-2025-2.jpg\" alt=\"THUN, Krippenfigur Pilger \u2013 Jubil\u00e4um 2025, Limited Edition\" width=\"500\" height=\"500\" \/>\r\n\t\t\t<div class=\"sp-thumbnail\"><a class=\"\" href=\"https:\/\/www.holyart.de\/jubilaum-der-barmherzigkeit\/gadgets-und-souvenirs-jubilaum-2025\/thun-krippenfigur-pilger-jubilaum-2025-limited-edition\">\r\n\t\t\t\t<img decoding=\"async\" src=\"https:\/\/blog.holyart.it\/de\/wp-content\/uploads\/sites\/12\/2025\/09\/thun-pilger-kniend-jubilaum-2025-3.jpg\" alt=\"THUN, Krippenfigur Pilger \u2013 Jubil\u00e4um 2025, Limited Edition\" \/>\r\n\t\t\t<\/a>\r\n\t\t\t<\/div>\r\n\t\t\t<div class=\"sp-caption\">THUN, Krippenfigur Pilger \u2013 Jubil\u00e4um 2025, Limited Edition<\/br><strong><a href=\"https:\/\/www.holyart.de\/jubilaum-der-barmherzigkeit\/gadgets-und-souvenirs-jubilaum-2025\/thun-krippenfigur-pilger-jubilaum-2025-limited-edition\">Bei Holyart kaufen<\/a><\/strong><\/div>\r\n\t\t<\/div>\r\n\t\t<div class=\"sp-slide\">\r\n\t\t\t<img loading=\"lazy\" decoding=\"async\" class=\"sp-image\" src=\"https:\/\/blog.holyart.it\/de\/wp-content\/uploads\/sites\/12\/2025\/09\/thun-weihnachtsrelief-heilige-familie-mit-jubilaumslogo-2025-1.jpg\" alt=\"THUN, Wandrelief Geburt Christi \u2013 Jubil\u00e4um 2025, Limited Edition\" width=\"500\" height=\"500\" \/>\r\n\t\t\t<div class=\"sp-thumbnail\"><a class=\"\" href=\"https:\/\/www.holyart.de\/jubilaum-der-barmherzigkeit\/gadgets-und-souvenirs-jubilaum-2025\/thun-wandrelief-geburt-christi-jubilaum-2025-limited-edition\">\r\n\t\t\t\t<img decoding=\"async\" src=\"https:\/\/blog.holyart.it\/de\/wp-content\/uploads\/sites\/12\/2025\/09\/thun-weihnachtsrelief-heilige-familie-mit-jubilaumslogo-2025-2.jpg\" alt=\"THUN, Wandrelief Geburt Christi \u2013 Jubil\u00e4um 2025, Limited Edition\" \/>\r\n\t\t\t<\/a>\r\n\t\t\t<\/div>\r\n\t\t\t<div class=\"sp-caption\">THUN, Wandrelief Geburt Christi \u2013 Jubil\u00e4um 2025, Limited Edition<\/br><strong><a href=\"https:\/\/www.holyart.de\/jubilaum-der-barmherzigkeit\/gadgets-und-souvenirs-jubilaum-2025\/thun-wandrelief-geburt-christi-jubilaum-2025-limited-edition\">Bei Holyart kaufen<\/a><\/strong><\/div>\r\n\t\t<\/div>\r\n\t<\/div>\r\n<\/div>\n","protected":false},"excerpt":{"rendered":"<p>THUN Krippe Jubil\u00e4um 2025: Wenn der Glaube in den H\u00e4nden der Engel Gestalt annimmt In der Stille einer Werkstatt in den Alpen, zwischen schneebedeckten Bergen und dem Duft von Ton, entstehen Gesch\u00f6pfe, die das Herz ansprechen. Dort schuf vor mehr als siebzig Jahren eine Gr\u00e4fin&hellip;<\/p>\n","protected":false},"author":1,"featured_media":6900,"comment_status":"closed","ping_status":"open","sticky":false,"template":"","format":"standard","meta":{"_acf_changed":false,"footnotes":""},"categories":[17],"tags":[],"class_list":["post-6898","post","type-post","status-publish","format-standard","has-post-thumbnail","hentry","category-jubilaeum-2025"],"acf":[],"yoast_head":"<!-- This site is optimized with the Yoast SEO plugin v26.6 - https:\/\/yoast.com\/wordpress\/plugins\/seo\/ -->\n<title>Thun und seine limitierte Auflage der Krippe zum Jubil\u00e4um 2025 - Holyart.de Blog<\/title>\n<meta name=\"description\" content=\"THUN Krippe Jubil\u00e4um 2025: Wenn der Glaube in den H\u00e4nden der Engel Gestalt annimmt\" \/>\n<meta name=\"robots\" content=\"index, follow, max-snippet:-1, max-image-preview:large, max-video-preview:-1\" \/>\n<link rel=\"canonical\" href=\"https:\/\/blog.holyart.it\/de\/jubilaeum-2025\/thun-und-seine-limitierte-auflage-der-krippe-zum-jubilaeum-2025\/\" \/>\n<meta property=\"og:locale\" content=\"de_DE\" \/>\n<meta property=\"og:type\" content=\"article\" \/>\n<meta property=\"og:title\" content=\"Thun und seine limitierte Auflage der Krippe zum Jubil\u00e4um 2025 - Holyart.de Blog\" \/>\n<meta property=\"og:description\" content=\"THUN Krippe Jubil\u00e4um 2025: Wenn der Glaube in den H\u00e4nden der Engel Gestalt annimmt\" \/>\n<meta property=\"og:url\" content=\"https:\/\/blog.holyart.it\/de\/jubilaeum-2025\/thun-und-seine-limitierte-auflage-der-krippe-zum-jubilaeum-2025\/\" \/>\n<meta property=\"og:site_name\" content=\"Holyart.de Blog\" \/>\n<meta property=\"article:published_time\" content=\"2025-09-29T08:00:59+00:00\" \/>\n<meta property=\"article:modified_time\" content=\"2025-09-30T15:26:30+00:00\" \/>\n<meta property=\"og:image\" content=\"https:\/\/blog.holyart.it\/de\/wp-content\/uploads\/sites\/12\/2025\/09\/Thun-Giubileo.jpg\" \/>\n\t<meta property=\"og:image:width\" content=\"1000\" \/>\n\t<meta property=\"og:image:height\" content=\"666\" \/>\n\t<meta property=\"og:image:type\" content=\"image\/jpeg\" \/>\n<meta name=\"author\" content=\"Redazione\" \/>\n<meta name=\"twitter:card\" content=\"summary_large_image\" \/>\n<meta name=\"twitter:label1\" content=\"Verfasst von\" \/>\n\t<meta name=\"twitter:data1\" content=\"Redazione\" \/>\n\t<meta name=\"twitter:label2\" content=\"Gesch\u00e4tzte Lesezeit\" \/>\n\t<meta name=\"twitter:data2\" content=\"7\u00a0Minuten\" \/>\n<script type=\"application\/ld+json\" class=\"yoast-schema-graph\">{\"@context\":\"https:\/\/schema.org\",\"@graph\":[{\"@type\":\"Article\",\"@id\":\"https:\/\/blog.holyart.it\/de\/jubilaeum-2025\/thun-und-seine-limitierte-auflage-der-krippe-zum-jubilaeum-2025\/#article\",\"isPartOf\":{\"@id\":\"https:\/\/blog.holyart.it\/de\/jubilaeum-2025\/thun-und-seine-limitierte-auflage-der-krippe-zum-jubilaeum-2025\/\"},\"author\":{\"name\":\"Redazione\",\"@id\":\"https:\/\/blog.holyart.it\/de\/#\/schema\/person\/0a7b686e5af0f856ec1e390dd0baecda\"},\"headline\":\"Thun und seine limitierte Auflage der Krippe zum Jubil\u00e4um 2025\",\"datePublished\":\"2025-09-29T08:00:59+00:00\",\"dateModified\":\"2025-09-30T15:26:30+00:00\",\"mainEntityOfPage\":{\"@id\":\"https:\/\/blog.holyart.it\/de\/jubilaeum-2025\/thun-und-seine-limitierte-auflage-der-krippe-zum-jubilaeum-2025\/\"},\"wordCount\":1145,\"publisher\":{\"@id\":\"https:\/\/blog.holyart.it\/de\/#organization\"},\"image\":{\"@id\":\"https:\/\/blog.holyart.it\/de\/jubilaeum-2025\/thun-und-seine-limitierte-auflage-der-krippe-zum-jubilaeum-2025\/#primaryimage\"},\"thumbnailUrl\":\"https:\/\/blog.holyart.it\/de\/wp-content\/uploads\/sites\/12\/2025\/09\/Thun-Giubileo.jpg\",\"articleSection\":[\"Jubil\u00e4um 2025\"],\"inLanguage\":\"de\"},{\"@type\":\"WebPage\",\"@id\":\"https:\/\/blog.holyart.it\/de\/jubilaeum-2025\/thun-und-seine-limitierte-auflage-der-krippe-zum-jubilaeum-2025\/\",\"url\":\"https:\/\/blog.holyart.it\/de\/jubilaeum-2025\/thun-und-seine-limitierte-auflage-der-krippe-zum-jubilaeum-2025\/\",\"name\":\"Thun und seine limitierte Auflage der Krippe zum Jubil\u00e4um 2025 - Holyart.de Blog\",\"isPartOf\":{\"@id\":\"https:\/\/blog.holyart.it\/de\/#website\"},\"primaryImageOfPage\":{\"@id\":\"https:\/\/blog.holyart.it\/de\/jubilaeum-2025\/thun-und-seine-limitierte-auflage-der-krippe-zum-jubilaeum-2025\/#primaryimage\"},\"image\":{\"@id\":\"https:\/\/blog.holyart.it\/de\/jubilaeum-2025\/thun-und-seine-limitierte-auflage-der-krippe-zum-jubilaeum-2025\/#primaryimage\"},\"thumbnailUrl\":\"https:\/\/blog.holyart.it\/de\/wp-content\/uploads\/sites\/12\/2025\/09\/Thun-Giubileo.jpg\",\"datePublished\":\"2025-09-29T08:00:59+00:00\",\"dateModified\":\"2025-09-30T15:26:30+00:00\",\"description\":\"THUN Krippe Jubil\u00e4um 2025: Wenn der Glaube in den H\u00e4nden der Engel Gestalt annimmt\",\"breadcrumb\":{\"@id\":\"https:\/\/blog.holyart.it\/de\/jubilaeum-2025\/thun-und-seine-limitierte-auflage-der-krippe-zum-jubilaeum-2025\/#breadcrumb\"},\"inLanguage\":\"de\",\"potentialAction\":[{\"@type\":\"ReadAction\",\"target\":[\"https:\/\/blog.holyart.it\/de\/jubilaeum-2025\/thun-und-seine-limitierte-auflage-der-krippe-zum-jubilaeum-2025\/\"]}]},{\"@type\":\"ImageObject\",\"inLanguage\":\"de\",\"@id\":\"https:\/\/blog.holyart.it\/de\/jubilaeum-2025\/thun-und-seine-limitierte-auflage-der-krippe-zum-jubilaeum-2025\/#primaryimage\",\"url\":\"https:\/\/blog.holyart.it\/de\/wp-content\/uploads\/sites\/12\/2025\/09\/Thun-Giubileo.jpg\",\"contentUrl\":\"https:\/\/blog.holyart.it\/de\/wp-content\/uploads\/sites\/12\/2025\/09\/Thun-Giubileo.jpg\",\"width\":1000,\"height\":666,\"caption\":\"Thun Giubileo\"},{\"@type\":\"BreadcrumbList\",\"@id\":\"https:\/\/blog.holyart.it\/de\/jubilaeum-2025\/thun-und-seine-limitierte-auflage-der-krippe-zum-jubilaeum-2025\/#breadcrumb\",\"itemListElement\":[{\"@type\":\"ListItem\",\"position\":1,\"name\":\"Homepage\",\"item\":\"https:\/\/blog.holyart.it\/de\/\"},{\"@type\":\"ListItem\",\"position\":2,\"name\":\"Jubil\u00e4um 2025\",\"item\":\"https:\/\/blog.holyart.it\/de\/jubilaeum-2025\/\"},{\"@type\":\"ListItem\",\"position\":3,\"name\":\"Thun und seine limitierte Auflage der Krippe zum Jubil\u00e4um 2025\"}]},{\"@type\":\"WebSite\",\"@id\":\"https:\/\/blog.holyart.it\/de\/#website\",\"url\":\"https:\/\/blog.holyart.it\/de\/\",\"name\":\"Holyart.de Blog\",\"description\":\"Holyblog\",\"publisher\":{\"@id\":\"https:\/\/blog.holyart.it\/de\/#organization\"},\"potentialAction\":[{\"@type\":\"SearchAction\",\"target\":{\"@type\":\"EntryPoint\",\"urlTemplate\":\"https:\/\/blog.holyart.it\/de\/?s={search_term_string}\"},\"query-input\":{\"@type\":\"PropertyValueSpecification\",\"valueRequired\":true,\"valueName\":\"search_term_string\"}}],\"inLanguage\":\"de\"},{\"@type\":\"Organization\",\"@id\":\"https:\/\/blog.holyart.it\/de\/#organization\",\"name\":\"Holyart.de Blog\",\"url\":\"https:\/\/blog.holyart.it\/de\/\",\"logo\":{\"@type\":\"ImageObject\",\"inLanguage\":\"de\",\"@id\":\"https:\/\/blog.holyart.it\/de\/#\/schema\/logo\/image\/\",\"url\":\"https:\/\/blog.holyart.it\/de\/wp-content\/uploads\/sites\/12\/2022\/12\/Holyart_Blog_Logo.jpg\",\"contentUrl\":\"https:\/\/blog.holyart.it\/de\/wp-content\/uploads\/sites\/12\/2022\/12\/Holyart_Blog_Logo.jpg\",\"width\":300,\"height\":50,\"caption\":\"Holyart.de Blog\"},\"image\":{\"@id\":\"https:\/\/blog.holyart.it\/de\/#\/schema\/logo\/image\/\"}},{\"@type\":\"Person\",\"@id\":\"https:\/\/blog.holyart.it\/de\/#\/schema\/person\/0a7b686e5af0f856ec1e390dd0baecda\",\"name\":\"Redazione\",\"image\":{\"@type\":\"ImageObject\",\"inLanguage\":\"de\",\"@id\":\"https:\/\/blog.holyart.it\/de\/#\/schema\/person\/image\/\",\"url\":\"https:\/\/secure.gravatar.com\/avatar\/f477da817f43e50d0af36abecd33e3edf826c68299714bdc1057dff3b113f516?s=96&d=mm&r=g\",\"contentUrl\":\"https:\/\/secure.gravatar.com\/avatar\/f477da817f43e50d0af36abecd33e3edf826c68299714bdc1057dff3b113f516?s=96&d=mm&r=g\",\"caption\":\"Redazione\"}}]}<\/script>\n<!-- \/ Yoast SEO plugin. -->","yoast_head_json":{"title":"Thun und seine limitierte Auflage der Krippe zum Jubil\u00e4um 2025 - Holyart.de Blog","description":"THUN Krippe Jubil\u00e4um 2025: Wenn der Glaube in den H\u00e4nden der Engel Gestalt annimmt","robots":{"index":"index","follow":"follow","max-snippet":"max-snippet:-1","max-image-preview":"max-image-preview:large","max-video-preview":"max-video-preview:-1"},"canonical":"https:\/\/blog.holyart.it\/de\/jubilaeum-2025\/thun-und-seine-limitierte-auflage-der-krippe-zum-jubilaeum-2025\/","og_locale":"de_DE","og_type":"article","og_title":"Thun und seine limitierte Auflage der Krippe zum Jubil\u00e4um 2025 - Holyart.de Blog","og_description":"THUN Krippe Jubil\u00e4um 2025: Wenn der Glaube in den H\u00e4nden der Engel Gestalt annimmt","og_url":"https:\/\/blog.holyart.it\/de\/jubilaeum-2025\/thun-und-seine-limitierte-auflage-der-krippe-zum-jubilaeum-2025\/","og_site_name":"Holyart.de Blog","article_published_time":"2025-09-29T08:00:59+00:00","article_modified_time":"2025-09-30T15:26:30+00:00","og_image":[{"width":1000,"height":666,"url":"https:\/\/blog.holyart.it\/de\/wp-content\/uploads\/sites\/12\/2025\/09\/Thun-Giubileo.jpg","type":"image\/jpeg"}],"author":"Redazione","twitter_card":"summary_large_image","twitter_misc":{"Verfasst von":"Redazione","Gesch\u00e4tzte Lesezeit":"7\u00a0Minuten"},"schema":{"@context":"https:\/\/schema.org","@graph":[{"@type":"Article","@id":"https:\/\/blog.holyart.it\/de\/jubilaeum-2025\/thun-und-seine-limitierte-auflage-der-krippe-zum-jubilaeum-2025\/#article","isPartOf":{"@id":"https:\/\/blog.holyart.it\/de\/jubilaeum-2025\/thun-und-seine-limitierte-auflage-der-krippe-zum-jubilaeum-2025\/"},"author":{"name":"Redazione","@id":"https:\/\/blog.holyart.it\/de\/#\/schema\/person\/0a7b686e5af0f856ec1e390dd0baecda"},"headline":"Thun und seine limitierte Auflage der Krippe zum Jubil\u00e4um 2025","datePublished":"2025-09-29T08:00:59+00:00","dateModified":"2025-09-30T15:26:30+00:00","mainEntityOfPage":{"@id":"https:\/\/blog.holyart.it\/de\/jubilaeum-2025\/thun-und-seine-limitierte-auflage-der-krippe-zum-jubilaeum-2025\/"},"wordCount":1145,"publisher":{"@id":"https:\/\/blog.holyart.it\/de\/#organization"},"image":{"@id":"https:\/\/blog.holyart.it\/de\/jubilaeum-2025\/thun-und-seine-limitierte-auflage-der-krippe-zum-jubilaeum-2025\/#primaryimage"},"thumbnailUrl":"https:\/\/blog.holyart.it\/de\/wp-content\/uploads\/sites\/12\/2025\/09\/Thun-Giubileo.jpg","articleSection":["Jubil\u00e4um 2025"],"inLanguage":"de"},{"@type":"WebPage","@id":"https:\/\/blog.holyart.it\/de\/jubilaeum-2025\/thun-und-seine-limitierte-auflage-der-krippe-zum-jubilaeum-2025\/","url":"https:\/\/blog.holyart.it\/de\/jubilaeum-2025\/thun-und-seine-limitierte-auflage-der-krippe-zum-jubilaeum-2025\/","name":"Thun und seine limitierte Auflage der Krippe zum Jubil\u00e4um 2025 - Holyart.de Blog","isPartOf":{"@id":"https:\/\/blog.holyart.it\/de\/#website"},"primaryImageOfPage":{"@id":"https:\/\/blog.holyart.it\/de\/jubilaeum-2025\/thun-und-seine-limitierte-auflage-der-krippe-zum-jubilaeum-2025\/#primaryimage"},"image":{"@id":"https:\/\/blog.holyart.it\/de\/jubilaeum-2025\/thun-und-seine-limitierte-auflage-der-krippe-zum-jubilaeum-2025\/#primaryimage"},"thumbnailUrl":"https:\/\/blog.holyart.it\/de\/wp-content\/uploads\/sites\/12\/2025\/09\/Thun-Giubileo.jpg","datePublished":"2025-09-29T08:00:59+00:00","dateModified":"2025-09-30T15:26:30+00:00","description":"THUN Krippe Jubil\u00e4um 2025: Wenn der Glaube in den H\u00e4nden der Engel Gestalt annimmt","breadcrumb":{"@id":"https:\/\/blog.holyart.it\/de\/jubilaeum-2025\/thun-und-seine-limitierte-auflage-der-krippe-zum-jubilaeum-2025\/#breadcrumb"},"inLanguage":"de","potentialAction":[{"@type":"ReadAction","target":["https:\/\/blog.holyart.it\/de\/jubilaeum-2025\/thun-und-seine-limitierte-auflage-der-krippe-zum-jubilaeum-2025\/"]}]},{"@type":"ImageObject","inLanguage":"de","@id":"https:\/\/blog.holyart.it\/de\/jubilaeum-2025\/thun-und-seine-limitierte-auflage-der-krippe-zum-jubilaeum-2025\/#primaryimage","url":"https:\/\/blog.holyart.it\/de\/wp-content\/uploads\/sites\/12\/2025\/09\/Thun-Giubileo.jpg","contentUrl":"https:\/\/blog.holyart.it\/de\/wp-content\/uploads\/sites\/12\/2025\/09\/Thun-Giubileo.jpg","width":1000,"height":666,"caption":"Thun Giubileo"},{"@type":"BreadcrumbList","@id":"https:\/\/blog.holyart.it\/de\/jubilaeum-2025\/thun-und-seine-limitierte-auflage-der-krippe-zum-jubilaeum-2025\/#breadcrumb","itemListElement":[{"@type":"ListItem","position":1,"name":"Homepage","item":"https:\/\/blog.holyart.it\/de\/"},{"@type":"ListItem","position":2,"name":"Jubil\u00e4um 2025","item":"https:\/\/blog.holyart.it\/de\/jubilaeum-2025\/"},{"@type":"ListItem","position":3,"name":"Thun und seine limitierte Auflage der Krippe zum Jubil\u00e4um 2025"}]},{"@type":"WebSite","@id":"https:\/\/blog.holyart.it\/de\/#website","url":"https:\/\/blog.holyart.it\/de\/","name":"Holyart.de Blog","description":"Holyblog","publisher":{"@id":"https:\/\/blog.holyart.it\/de\/#organization"},"potentialAction":[{"@type":"SearchAction","target":{"@type":"EntryPoint","urlTemplate":"https:\/\/blog.holyart.it\/de\/?s={search_term_string}"},"query-input":{"@type":"PropertyValueSpecification","valueRequired":true,"valueName":"search_term_string"}}],"inLanguage":"de"},{"@type":"Organization","@id":"https:\/\/blog.holyart.it\/de\/#organization","name":"Holyart.de Blog","url":"https:\/\/blog.holyart.it\/de\/","logo":{"@type":"ImageObject","inLanguage":"de","@id":"https:\/\/blog.holyart.it\/de\/#\/schema\/logo\/image\/","url":"https:\/\/blog.holyart.it\/de\/wp-content\/uploads\/sites\/12\/2022\/12\/Holyart_Blog_Logo.jpg","contentUrl":"https:\/\/blog.holyart.it\/de\/wp-content\/uploads\/sites\/12\/2022\/12\/Holyart_Blog_Logo.jpg","width":300,"height":50,"caption":"Holyart.de Blog"},"image":{"@id":"https:\/\/blog.holyart.it\/de\/#\/schema\/logo\/image\/"}},{"@type":"Person","@id":"https:\/\/blog.holyart.it\/de\/#\/schema\/person\/0a7b686e5af0f856ec1e390dd0baecda","name":"Redazione","image":{"@type":"ImageObject","inLanguage":"de","@id":"https:\/\/blog.holyart.it\/de\/#\/schema\/person\/image\/","url":"https:\/\/secure.gravatar.com\/avatar\/f477da817f43e50d0af36abecd33e3edf826c68299714bdc1057dff3b113f516?s=96&d=mm&r=g","contentUrl":"https:\/\/secure.gravatar.com\/avatar\/f477da817f43e50d0af36abecd33e3edf826c68299714bdc1057dff3b113f516?s=96&d=mm&r=g","caption":"Redazione"}}]}},"_links":{"self":[{"href":"https:\/\/blog.holyart.it\/de\/wp-json\/wp\/v2\/posts\/6898","targetHints":{"allow":["GET"]}}],"collection":[{"href":"https:\/\/blog.holyart.it\/de\/wp-json\/wp\/v2\/posts"}],"about":[{"href":"https:\/\/blog.holyart.it\/de\/wp-json\/wp\/v2\/types\/post"}],"author":[{"embeddable":true,"href":"https:\/\/blog.holyart.it\/de\/wp-json\/wp\/v2\/users\/1"}],"replies":[{"embeddable":true,"href":"https:\/\/blog.holyart.it\/de\/wp-json\/wp\/v2\/comments?post=6898"}],"version-history":[{"count":12,"href":"https:\/\/blog.holyart.it\/de\/wp-json\/wp\/v2\/posts\/6898\/revisions"}],"predecessor-version":[{"id":6934,"href":"https:\/\/blog.holyart.it\/de\/wp-json\/wp\/v2\/posts\/6898\/revisions\/6934"}],"wp:featuredmedia":[{"embeddable":true,"href":"https:\/\/blog.holyart.it\/de\/wp-json\/wp\/v2\/media\/6900"}],"wp:attachment":[{"href":"https:\/\/blog.holyart.it\/de\/wp-json\/wp\/v2\/media?parent=6898"}],"wp:term":[{"taxonomy":"category","embeddable":true,"href":"https:\/\/blog.holyart.it\/de\/wp-json\/wp\/v2\/categories?post=6898"},{"taxonomy":"post_tag","embeddable":true,"href":"https:\/\/blog.holyart.it\/de\/wp-json\/wp\/v2\/tags?post=6898"}],"curies":[{"name":"wp","href":"https:\/\/api.w.org\/{rel}","templated":true}]}}