{"id":6847,"date":"2025-09-22T10:00:44","date_gmt":"2025-09-22T08:00:44","guid":{"rendered":"https:\/\/blog.holyart.it\/de\/?p=6847"},"modified":"2025-09-17T12:48:20","modified_gmt":"2025-09-17T10:48:20","slug":"bischofsring-mit-amethyst-was-ist-seine-bedeutung","status":"publish","type":"post","link":"https:\/\/blog.holyart.it\/de\/devotionalien\/bischofsring-mit-amethyst-was-ist-seine-bedeutung\/","title":{"rendered":"Bischofsring mit Amethyst: Was ist seine Bedeutung?"},"content":{"rendered":"<h4><em>Amethyst f\u00fcr Bisch\u00f6fe, gelber Topas f\u00fcr Erzbisch\u00f6fe, Saphir oder Rubin f\u00fcr Kardin\u00e4le. Der Bischofsring, zwischen Symbolik und Spiritualit\u00e4t<\/em><\/h4>\n\n<p>Wie jeder andere Aspekt der Religion sind auch die Schmuckst\u00fccke, die von hohen Pr\u00e4laten wie Bisch\u00f6fen, Erzbisch\u00f6fen und Kardin\u00e4len getragen werden, kein blo\u00dfer Schmuck oder Flitter, sondern haben einen starken <strong>symbolischen Wert<\/strong>. Insbesondere der <a href=\"https:\/\/www.holyart.de\/kirchenbedarf\/bischofsausstattung\"><strong>Bischofsring<\/strong><\/a>, den die Bisch\u00f6fe bei den feierlichsten Anl\u00e4ssen zur Schau stellen, symbolisiert ihre v\u00f6llige Hingabe an die Kirche, ihre Entscheidung f\u00fcr <strong>Gehorsam<\/strong> und <strong>Dienst<\/strong>.<\/p>\n<p>Doch der symbolische Wert des Bischofsrings, wie der aller heiligen Ringe, beschr\u00e4nkt sich nicht auf die Bedeutung, die ihm im Laufe der Jahrhunderte zugeschrieben wurde. Der Ring hat durch seine <strong>Form<\/strong> schon immer eine tiefe und universelle Bedeutung gehabt, die sich die katholische Kirche zu eigen gemacht hat. Die ersten Ringe gehen auf die Bronzezeit zur\u00fcck und wurden bereits von alten Zivilisationen wie den \u00c4gyptern als Erkennungszeichen f\u00fcr bedeutende Pers\u00f6nlichkeiten oder als Siegel f\u00fcr wertvolle Dokumente verwendet. Es kommt auf die Form des Kreises an, ein Symbol f\u00fcr <strong>Vollkommenheit, Unendlichkeit und Ewigkeit<\/strong>, das f\u00fcr die Kirche auch mit <strong>Heiligkeit<\/strong> \u00fcbersetzt wurde. Man denke nur an die <a href=\"https:\/\/www.holyart.it\/blog\/articoli-religiosi\/laureola-origini-significato\/\"><strong>Heiligenscheine<\/strong><\/a>, die die H\u00e4upter der Gottesmutter, Christi und der Heiligen umgeben und die fast immer rund sind, oder an den Brauch, im <strong>Sakrament<\/strong> <strong>der Ehe Ringe auszutauschen,<\/strong> um die gegenseitige Vollendung zu symbolisieren, die aus der Vereinigung zweier Menschen entsteht.<\/p>\n<div class=\"link-product\">\n<div class=\"blocco-immagine\"><img loading=\"lazy\" decoding=\"async\" class=\"size-full wp-image-6851 alignleft\" src=\"https:\/\/blog.holyart.it\/de\/wp-content\/uploads\/sites\/12\/2025\/09\/bischofsring-paul-vi-925er-silber-vergoldet.jpg\" alt=\"Bischofsausstattung\" width=\"100\" height=\"100\" data-kale-share-title=\"Bischofsring mit Amethyst: Was ist seine Bedeutung?\" data-kale-share-url=\"https:\/\/blog.holyart.it\/de\/?p=6847\" \/><\/div>\n<div class=\"blocco-contenuto\">\n<div class=\"blocco-acquista\">Einkaufen:<\/div>\n<div class=\"blocco-titolo\"><a href=\"https:\/\/www.holyart.de\/kirchenbedarf\/bischofsausstattung\">Bischofsausstattung<\/a><\/div>\n<div class=\"blocco-descrizione\">Bischofsausstattung: Bischofsringe, Hirtenst\u00e4be, Bischofskreuze&#8230;<\/div>\n<\/div>\n<\/div>\n<p>Um auf die Entwicklung des Rings als Schmuck, der <strong>weltliche und religi\u00f6se Macht symbolisiert<\/strong>, zur\u00fcckzukommen: Im <strong>alten Rom<\/strong> trugen hochrangige Priester Ringe, zun\u00e4chst aus Eisen, dann aus Gold, und es war \u00fcblich, dass diejenigen, die sie ansprachen, diese Ringe als Zeichen der Ehrerbietung k\u00fcssten, ein Brauch, der sp\u00e4ter auf K\u00f6nige, Kaiser und, mit dem Aufkommen des Christentums, auf bedeutende Kleriker \u00fcberging. Aber schon in den <strong>Katakomben<\/strong> wurden Ringe mit symbolischen Gravuren gefunden, ein Zeichen daf\u00fcr, dass die fr\u00fchen Christen dieses Symbol schon fr\u00fch \u00fcbernahmen.<\/p>\n<p>Nicht zu vergessen der <strong>Fischerring<\/strong>, eine der \u00e4ltesten Traditionen im Zusammenhang mit der Papstwahl und einer der Gegenst\u00e4nde, die am st\u00e4rksten mit der Religion und dem Katholizismus verbunden sind und einen hohen symbolischen Wert haben.<\/p>\n<p>Auch die <strong>Edelsteine<\/strong>, mit denen die Ringe der Bisch\u00f6fe (Amethyst), Erzbisch\u00f6fe (gelber Topas) und Kardin\u00e4le (Saphir oder Rubin) geschm\u00fcckt sind, stehen nicht nur f\u00fcr die <strong>priesterliche Hierarchie<\/strong>, sondern haben auch eine genaue symbolische Bedeutung.<\/p>\n<h2>Die Bedeutung des Amethysts auf dem bisch\u00f6flichen Ring<\/h2>\n<p>Die Wahl des <a href=\"https:\/\/www.holyart.de\/kirchenbedarf\/bischofsausstattung\/bischofskreuz-mit-amethyst-925er-silber-vergoldet\"><strong>Amethysts<\/strong><\/a> als Schmuckstein f\u00fcr den Ring des Bischofs ist nicht zuf\u00e4llig. Dieser Stein wird bereits in der <strong>Bibel<\/strong> unter den zeremoniellen Gew\u00e4ndern f\u00fcr Aaron erw\u00e4hnt, die Gott f\u00fcr Mose bestimmt hatte: \u201e<strong><sup>10<\/sup><\/strong> <em>Und sie setzten vier Reihen von Steinen darin ein: in der ersten Reihe einen Sardonyx, einen Topas und einen Smaragd; <strong><sup>11<\/sup><\/strong> in der zweiten Reihe einen Rubin, einen Saphir und einen Chalzedon; <strong><sup>12<\/sup><\/strong> in der dritten Reihe einen Opal, einen Achat und einen <strong>Amethyst<\/strong>; <strong><sup>13<\/sup><\/strong> in der vierten Reihe einen Chrysolith, einen Nizza und einen Jaspis. Diese Steine waren in ihre goldenen Fassungen gefasst. <strong><sup>14<\/sup><\/strong> Die Steine entsprachen den Namen der Kinder Israel und waren zw\u00f6lf an der Zahl, entsprechend ihren Namen; sie waren wie Siegel eingraviert, jeder mit dem Namen eines der zw\u00f6lf St\u00e4mme<\/em>\u201c (2. Mose 28,10-14).<\/p>\n<div class=\"link-product\">\n<div class=\"blocco-immagine\"><img loading=\"lazy\" decoding=\"async\" class=\"size-full wp-image-6852 alignleft\" src=\"https:\/\/blog.holyart.it\/de\/wp-content\/uploads\/sites\/12\/2025\/09\/bischofskreuz-mit-amethyst-925er-silber-vergoldet.jpg\" alt=\"Bischofskreuz, mit Amethyst, 925er Silber vergoldet\" width=\"100\" height=\"100\" data-kale-share-title=\"Bischofsring mit Amethyst: Was ist seine Bedeutung?\" data-kale-share-url=\"https:\/\/blog.holyart.it\/de\/?p=6847\" \/><\/div>\n<div class=\"blocco-contenuto\">\n<div class=\"blocco-acquista\">Einkaufen:<\/div>\n<div class=\"blocco-titolo\"><a href=\"https:\/\/www.holyart.de\/kirchenbedarf\/bischofsausstattung\/bischofskreuz-mit-amethyst-925er-silber-vergoldet\">Bischofskreuz, mit Amethyst, 925er Silber vergoldet<\/a><\/div>\n<div class=\"blocco-descrizione\">Der Ring hat einen Mindestdurchmesser von 20 mm, er ist offen gearbeitet und somit gr\u00f6\u00dfenverstellbar. 100% Made in Italy&#8230;<\/div>\n<\/div>\n<\/div>\n<p>Der symbolische Wert, der diesem sch\u00f6nen violetten Stein und damit auch dem bisch\u00f6flichen Ring mit Amethyst zugeschrieben wird, hat seinen Ursprung sogar noch weiter zur\u00fcck in den alten <strong>griechischen Mythen<\/strong>, nach denen der Amethyst eine Nymphe war, die von der G\u00f6ttin Artemis in einen pr\u00e4chtigen Kristall verwandelt wurde, um sie vor Dionysos, dem Gott des Rausches, zu sch\u00fctzen. Dieser soll aus Reue dar\u00fcber, dass er sie untergraben und zu dieser Verwandlung verurteilt hatte, Wein auf den Kristall gesch\u00fcttet haben, der daraufhin nicht mehr so klar war, sondern seine charakteristische Farbe annahm, die wir alle kennen. Vielleicht wegen dieser mythischen Verbindung zu Dionysos wurde dem Amethysten seit der Antike die Kraft zugeschrieben, vor Trunkenheit zu sch\u00fctzen, so dass das griechische Wort <strong><em>am\u00e9thystos<\/em><\/strong> \u201enicht betrunken\u201c bedeutet. Im alten Rom wurden Amethystbecher hergestellt und bei Banketten f\u00fcr Patrizier verwendet.<\/p>\n<p>In der Kristalltherapie gilt der Amethyst als Stein des Gleichgewichts und der Selbstbeherrschung, der das Selbstwertgef\u00fchl st\u00e4rkt, gute Tr\u00e4ume bringt und Albtr\u00e4ume vertreibt.<\/p>\n<p>Die Wahl dieses Steins f\u00fcr den Ring des Bischofs h\u00e4ngt mit seiner Farbe, dem Purpur, zusammen, einer heiligen Farbe, die an Bu\u00dfe, Warten und Trauer, aber auch an die mystische Hochzeit zwischen Jesus und seiner Kirche erinnert. Er wird besonders in der <a href=\"https:\/\/www.holyart.de\/blog\/liturgische-gerate\/das-liturgische-jahr-wir-wollen-es-klaeren\/\"><strong>Advents- und Fastenzeit <\/strong><\/a>verwendet.<\/p>\n<div class=\"link-article\">\n<p><img loading=\"lazy\" decoding=\"async\" class=\"size-full wp-image-6854 alignleft\" src=\"https:\/\/blog.holyart.it\/de\/wp-content\/uploads\/sites\/12\/2025\/09\/Das-liturgische-Jahr.jpg\" alt=\"Das liturgische Jahr\" width=\"150\" height=\"99\" data-kale-share-title=\"Bischofsring mit Amethyst: Was ist seine Bedeutung?\" data-kale-share-url=\"https:\/\/blog.holyart.it\/de\/?p=6847\" \/><\/p>\n<div class=\"leggi-anche\">Lesen Sie auch:<\/div>\n<p><strong><a href=\"https:\/\/www.holyart.de\/blog\/liturgische-gerate\/das-liturgische-jahr-wir-wollen-es-klaeren\/\">Das liturgische Jahr: Wir wollen es kl\u00e4ren<\/a><\/strong><br \/>\nDie liturgischen Jahreszeiten der katholischen Kirche sind die Jahreszeiten&#8230;<\/p>\n<\/div>\n<p>Die fr\u00fchen Christen haben sofort <strong>eine Verbindung zwischen dem Amethyst und Christus<\/strong> hergestellt, indem sie in dem Kristall die Reinheit des Geistes und in den violetten und r\u00f6tlichen Farbt\u00f6nen die Zeichen und Wunden der Passion erkannten. Im Laufe der Zeit wurde der Amethyst zum Symbol der Dem\u00fctigen, die sich wie Christus f\u00fcr andere aufopfern und nicht aufh\u00f6ren, f\u00fcr die zu beten, die sie verfolgen. Er ist auch ein Symbol des Vertrauens, der Fr\u00f6mmigkeit, der Demut, der Aufrichtigkeit und der geistigen Weisheit, weshalb er als Stein der Bisch\u00f6fe, der Seelenhirten und der W\u00e4chter der Kirche gew\u00e4hlt wurde.<\/p>\n<h2>Der Ring des Bischofs<\/h2>\n<p>Auf dem <strong>4. Konzil von Toledo im Jahr 633 n. Chr.<\/strong> wurde festgelegt, dass der Bischof bei seiner Weihe nicht nur die <strong>Stola<\/strong> (<em>Orarium<\/em>) und den <a href=\"https:\/\/www.holyart.de\/kirchenbedarf\/bischofsausstattung\/bischofsstab-messing-evangelisten\"><strong>Hirtenstab<\/strong><\/a> (Baculum) erh\u00e4lt, sondern auch den Ring (<em>Anulum<\/em>), das <strong>Symbol der Hirtenw\u00fcrde<\/strong>, den er am <strong>rechten Ringfinger<\/strong> tr\u00e4gt. Der heilige Karl Borrom\u00e4us legte Ende des 16. Jahrhunderts fest, dass der bisch\u00f6fliche Ring aus <strong>Gold<\/strong> sein sollte, obwohl es im Laufe der Jahrhunderte Bisch\u00f6fe gab, die bescheidenere Materialien bevorzugten und einen <strong>Amethysten<\/strong> einfassten.<\/p>\n<p>Heute erhalten die Bisch\u00f6fe das Evangelium als Symbol f\u00fcr ihre Aufgabe, das Wort zu verk\u00fcnden, die Mitra als Symbol f\u00fcr die Heiligkeit, den Bischofsstab f\u00fcr ihre Aufgabe als Seelenhirten und den mit Amethysten besetzten Ring als Symbol f\u00fcr die Treue zur Kirche.<\/p>\n<div class=\"link-product\">\n<div class=\"blocco-immagine\"><img loading=\"lazy\" decoding=\"async\" class=\"size-full wp-image-6856 alignleft\" src=\"https:\/\/blog.holyart.it\/de\/wp-content\/uploads\/sites\/12\/2025\/09\/bischofsstab-messing-evangelisten.jpg\" alt=\"Bischofsstab Messing Evangelisten\" width=\"100\" height=\"100\" data-kale-share-title=\"Bischofsring mit Amethyst: Was ist seine Bedeutung?\" data-kale-share-url=\"https:\/\/blog.holyart.it\/de\/?p=6847\" \/><\/div>\n<div class=\"blocco-contenuto\">\n<div class=\"blocco-acquista\">Einkaufen:<\/div>\n<div class=\"blocco-titolo\"><a href=\"https:\/\/www.holyart.de\/kirchenbedarf\/bischofsausstattung\/bischofsstab-messing-evangelisten\">Bischofsstab Messing Evangelisten<\/a><\/div>\n<div class=\"blocco-descrizione\">Bischofsstab Messing Evangelisten. Bischofsstab aus vergoldetem Messing mit Kreuz und Evangelisten dekoriert. Er wurde bei einer kleinen Firma&#8230;<\/div>\n<\/div>\n<\/div>\n<h2>Der Ring des Erzbischofs<\/h2>\n<p><strong><a href=\"https:\/\/www.holyart.de\/kirchenbedarf\/bischofsausstattung\/bischofsring-aus-vergoldetem-925er-silber-mit-synthetischem-topas-taube\">Topas<\/a>,<\/strong> der wunderbare Stein mit Goldreflexen, der den Ring des Erzbischofs ziert, wird auch in der Bibel unter den heiligen Edelsteinen erw\u00e4hnt, die die R\u00fcstung der Hohepriester schm\u00fccken sollten, die mit den zw\u00f6lf St\u00e4mmen Israels, aber auch mit den zw\u00f6lf Engeln assoziiert werden, die die Bundeslade bewachen und das Tor zum Paradies bewachen. F\u00fcr die \u00c4gypter war der Topas der Stein des Sonnengottes Ra. Sein Name bedeutet im alten Sanskrit \u201edas Feuer\u201c. Seine braune und goldene Farbe verweist auf die Sonne, die Erde, die Fruchtbarkeit und das Leben. Den Griechen zufolge verlieh er k\u00f6rperliche und geistige Kraft.<\/p>\n<div class=\"link-product\">\n<div class=\"blocco-immagine\"><img loading=\"lazy\" decoding=\"async\" class=\"size-full wp-image-6858 alignleft\" src=\"https:\/\/blog.holyart.it\/de\/wp-content\/uploads\/sites\/12\/2025\/09\/bischofsring-aus-vergoldetem-925er-silber-mit-synthetischem-topas-taube.jpg\" alt=\"Bischofsring aus vergoldetem 925er Silber mit synthetischem Topas, Taube\" width=\"100\" height=\"100\" data-kale-share-title=\"Bischofsring mit Amethyst: Was ist seine Bedeutung?\" data-kale-share-url=\"https:\/\/blog.holyart.it\/de\/?p=6847\" \/><\/div>\n<div class=\"blocco-contenuto\">\n<div class=\"blocco-acquista\">Einkaufen:<\/div>\n<div class=\"blocco-titolo\"><a href=\"https:\/\/www.holyart.de\/kirchenbedarf\/bischofsausstattung\/bischofsring-aus-vergoldetem-925er-silber-mit-synthetischem-topas-taube\">Bischofsring aus vergoldetem 925er Silber mit synthetischem Topas, Taube<\/a><\/div>\n<div class=\"blocco-descrizione\">Bischofsring aus 925er Silber mit synthetischem Topas, Symbole: \u0391 und \u03a9, Taube in Lichtstrahlen. Der offen gestaltete Ring hat einen Innendurchmesser von 20 mm&#8230;<\/div>\n<\/div>\n<\/div>\n<h2>Der Ring des Kardinals<\/h2>\n<p><strong>Kardin\u00e4le<\/strong> haben einen eigenen Ring, der bereits im 12. Jahrhundert dokumentiert ist und der ihnen vom Papst w\u00e4hrend des geheimen Konsistoriums als <strong>Symbol ihrer W\u00fcrde und ihrer Verbundenheit mit der Kirche <\/strong>\u00fcberreicht wird. Der Kardinalsring ist mit einem <strong>Saphir oder Rubin<\/strong> verziert und unterscheidet sich von anderen <a href=\"https:\/\/www.holyart.de\/kirchenbedarf\/bischofsausstattung\/bischofsring-silber-925-roten-karneol\"><strong>Pastoralringen<\/strong><\/a> dadurch, dass auf dem Ring selbst oder auf der R\u00fcckseite des Steins die Insignien des Papstes eingraviert sind, der ihn dem Kardinal verliehen hat. Au\u00dferdem ist er etwas breiter, da er \u00fcber den p\u00e4pstlichen Handschuhen getragen werden muss.<\/p>\n<div class=\"link-product\">\n<div class=\"blocco-immagine\"><img loading=\"lazy\" decoding=\"async\" class=\"size-full wp-image-6859 alignleft\" src=\"https:\/\/blog.holyart.it\/de\/wp-content\/uploads\/sites\/12\/2025\/09\/bischofsring-silber-800-roten-karneol.jpg\" alt=\"Bischofsring Silber 925 roten Karneol\" width=\"100\" height=\"100\" data-kale-share-title=\"Bischofsring mit Amethyst: Was ist seine Bedeutung?\" data-kale-share-url=\"https:\/\/blog.holyart.it\/de\/?p=6847\" \/><\/div>\n<div class=\"blocco-contenuto\">\n<div class=\"blocco-acquista\">Einkaufen:<\/div>\n<div class=\"blocco-titolo\"><a href=\"https:\/\/www.holyart.de\/kirchenbedarf\/bischofsausstattung\/bischofsring-silber-925-roten-karneol\">Bischofsring Silber 925 roten Karneol<\/a><\/div>\n<div class=\"blocco-descrizione\">Bischofsring Silber 925 roten Karneol. Der Ring ist aus Silber 925 realisiert und ist mit einem rotem Karneol dekoriert. Der Ring ist verstellbar&#8230;<\/div>\n<\/div>\n<\/div>\n<p>Der <strong>Saphir<\/strong> wird seit jeher in allen Kulturen mit dem <strong>Begriff des G\u00f6ttlichen<\/strong> in Verbindung gebracht. Das Siegel Salomons war in der Tat ein Saphir; die alten Perser betrachteten ihn als den heiligen Stein schlechthin und glaubten, dass Saphire das Blau des Himmels bestimmen. Eine alte \u00dcberlieferung besagt, dass die Tafeln mit den Zehn Geboten aus Saphiren gefertigt waren. Im alten \u00c4gypten war er der Stein der Wahrheit und der Gerechtigkeit, f\u00fcr Karl den Gro\u00dfen, der stets ein mit einem Saphir besetztes Amulett trug, ein Zeichen der Liebe zu Gott. Papst Innozenz III. beschloss im 13. Jahrhundert, dass die Kardin\u00e4le einen Saphirring an der rechten Hand tragen sollten.<\/p>\n<p>Der <strong>Rubin<\/strong> gilt als K\u00f6nig der Edelsteine und war einst auch der Ehering schlechthin. Er steht f\u00fcr Begeisterung und Lebensfreude, Liebe, Freiheit, aber auch f\u00fcr Kraft und Gesundheit und Leidenschaft. Er sch\u00fctzt vor k\u00f6rperlichen und seelischen Sch\u00e4den und macht unbesiegbar und mutig.<\/p>\n","protected":false},"excerpt":{"rendered":"<p>Amethyst f\u00fcr Bisch\u00f6fe, gelber Topas f\u00fcr Erzbisch\u00f6fe, Saphir oder Rubin f\u00fcr Kardin\u00e4le. Der Bischofsring, zwischen Symbolik und Spiritualit\u00e4t Wie jeder andere Aspekt der Religion sind auch die Schmuckst\u00fccke, die von hohen Pr\u00e4laten wie Bisch\u00f6fen, Erzbisch\u00f6fen und Kardin\u00e4len getragen werden, kein blo\u00dfer Schmuck oder Flitter, sondern&hellip;<\/p>\n","protected":false},"author":1,"featured_media":6848,"comment_status":"closed","ping_status":"open","sticky":false,"template":"","format":"standard","meta":{"_acf_changed":false,"footnotes":""},"categories":[10],"tags":[],"class_list":["post-6847","post","type-post","status-publish","format-standard","has-post-thumbnail","hentry","category-devotionalien"],"acf":[],"yoast_head":"<!-- This site is optimized with the Yoast SEO plugin v26.6 - https:\/\/yoast.com\/wordpress\/plugins\/seo\/ -->\n<title>Bischofsring mit Amethyst: Was ist seine Bedeutung? - Holyart.de Blog<\/title>\n<meta name=\"description\" content=\"Der bisch\u00f6fliche Ring ist mit einem Amethyst besetzt. Hier erfahren Sie, wie die Tradition entstanden ist und was dieses Schmuckst\u00fcck\" \/>\n<meta name=\"robots\" content=\"index, follow, max-snippet:-1, max-image-preview:large, max-video-preview:-1\" \/>\n<link rel=\"canonical\" href=\"https:\/\/blog.holyart.it\/de\/devotionalien\/bischofsring-mit-amethyst-was-ist-seine-bedeutung\/\" \/>\n<meta property=\"og:locale\" content=\"de_DE\" \/>\n<meta property=\"og:type\" content=\"article\" \/>\n<meta property=\"og:title\" content=\"Bischofsring mit Amethyst: Was ist seine Bedeutung? - Holyart.de Blog\" \/>\n<meta property=\"og:description\" content=\"Der bisch\u00f6fliche Ring ist mit einem Amethyst besetzt. Hier erfahren Sie, wie die Tradition entstanden ist und was dieses Schmuckst\u00fcck\" \/>\n<meta property=\"og:url\" content=\"https:\/\/blog.holyart.it\/de\/devotionalien\/bischofsring-mit-amethyst-was-ist-seine-bedeutung\/\" \/>\n<meta property=\"og:site_name\" content=\"Holyart.de Blog\" \/>\n<meta property=\"article:published_time\" content=\"2025-09-22T08:00:44+00:00\" \/>\n<meta property=\"og:image\" content=\"https:\/\/blog.holyart.it\/de\/wp-content\/uploads\/sites\/12\/2025\/09\/Bischofsring-mit-Amethyst.jpg\" \/>\n\t<meta property=\"og:image:width\" content=\"1000\" \/>\n\t<meta property=\"og:image:height\" content=\"666\" \/>\n\t<meta property=\"og:image:type\" content=\"image\/jpeg\" \/>\n<meta name=\"author\" content=\"Redazione\" \/>\n<meta name=\"twitter:card\" content=\"summary_large_image\" \/>\n<meta name=\"twitter:label1\" content=\"Verfasst von\" \/>\n\t<meta name=\"twitter:data1\" content=\"Redazione\" \/>\n\t<meta name=\"twitter:label2\" content=\"Gesch\u00e4tzte Lesezeit\" \/>\n\t<meta name=\"twitter:data2\" content=\"10\u00a0Minuten\" \/>\n<script type=\"application\/ld+json\" class=\"yoast-schema-graph\">{\"@context\":\"https:\/\/schema.org\",\"@graph\":[{\"@type\":\"Article\",\"@id\":\"https:\/\/blog.holyart.it\/de\/devotionalien\/bischofsring-mit-amethyst-was-ist-seine-bedeutung\/#article\",\"isPartOf\":{\"@id\":\"https:\/\/blog.holyart.it\/de\/devotionalien\/bischofsring-mit-amethyst-was-ist-seine-bedeutung\/\"},\"author\":{\"name\":\"Redazione\",\"@id\":\"https:\/\/blog.holyart.it\/de\/#\/schema\/person\/0a7b686e5af0f856ec1e390dd0baecda\"},\"headline\":\"Bischofsring mit Amethyst: Was ist seine Bedeutung?\",\"datePublished\":\"2025-09-22T08:00:44+00:00\",\"mainEntityOfPage\":{\"@id\":\"https:\/\/blog.holyart.it\/de\/devotionalien\/bischofsring-mit-amethyst-was-ist-seine-bedeutung\/\"},\"wordCount\":1526,\"publisher\":{\"@id\":\"https:\/\/blog.holyart.it\/de\/#organization\"},\"image\":{\"@id\":\"https:\/\/blog.holyart.it\/de\/devotionalien\/bischofsring-mit-amethyst-was-ist-seine-bedeutung\/#primaryimage\"},\"thumbnailUrl\":\"https:\/\/blog.holyart.it\/de\/wp-content\/uploads\/sites\/12\/2025\/09\/Bischofsring-mit-Amethyst.jpg\",\"articleSection\":[\"Religion\"],\"inLanguage\":\"de\"},{\"@type\":\"WebPage\",\"@id\":\"https:\/\/blog.holyart.it\/de\/devotionalien\/bischofsring-mit-amethyst-was-ist-seine-bedeutung\/\",\"url\":\"https:\/\/blog.holyart.it\/de\/devotionalien\/bischofsring-mit-amethyst-was-ist-seine-bedeutung\/\",\"name\":\"Bischofsring mit Amethyst: Was ist seine Bedeutung? - Holyart.de Blog\",\"isPartOf\":{\"@id\":\"https:\/\/blog.holyart.it\/de\/#website\"},\"primaryImageOfPage\":{\"@id\":\"https:\/\/blog.holyart.it\/de\/devotionalien\/bischofsring-mit-amethyst-was-ist-seine-bedeutung\/#primaryimage\"},\"image\":{\"@id\":\"https:\/\/blog.holyart.it\/de\/devotionalien\/bischofsring-mit-amethyst-was-ist-seine-bedeutung\/#primaryimage\"},\"thumbnailUrl\":\"https:\/\/blog.holyart.it\/de\/wp-content\/uploads\/sites\/12\/2025\/09\/Bischofsring-mit-Amethyst.jpg\",\"datePublished\":\"2025-09-22T08:00:44+00:00\",\"description\":\"Der bisch\u00f6fliche Ring ist mit einem Amethyst besetzt. Hier erfahren Sie, wie die Tradition entstanden ist und was dieses Schmuckst\u00fcck\",\"breadcrumb\":{\"@id\":\"https:\/\/blog.holyart.it\/de\/devotionalien\/bischofsring-mit-amethyst-was-ist-seine-bedeutung\/#breadcrumb\"},\"inLanguage\":\"de\",\"potentialAction\":[{\"@type\":\"ReadAction\",\"target\":[\"https:\/\/blog.holyart.it\/de\/devotionalien\/bischofsring-mit-amethyst-was-ist-seine-bedeutung\/\"]}]},{\"@type\":\"ImageObject\",\"inLanguage\":\"de\",\"@id\":\"https:\/\/blog.holyart.it\/de\/devotionalien\/bischofsring-mit-amethyst-was-ist-seine-bedeutung\/#primaryimage\",\"url\":\"https:\/\/blog.holyart.it\/de\/wp-content\/uploads\/sites\/12\/2025\/09\/Bischofsring-mit-Amethyst.jpg\",\"contentUrl\":\"https:\/\/blog.holyart.it\/de\/wp-content\/uploads\/sites\/12\/2025\/09\/Bischofsring-mit-Amethyst.jpg\",\"width\":1000,\"height\":666,\"caption\":\"Bischofsring mit Amethyst\"},{\"@type\":\"BreadcrumbList\",\"@id\":\"https:\/\/blog.holyart.it\/de\/devotionalien\/bischofsring-mit-amethyst-was-ist-seine-bedeutung\/#breadcrumb\",\"itemListElement\":[{\"@type\":\"ListItem\",\"position\":1,\"name\":\"Homepage\",\"item\":\"https:\/\/blog.holyart.it\/de\/\"},{\"@type\":\"ListItem\",\"position\":2,\"name\":\"Religion\",\"item\":\"https:\/\/blog.holyart.it\/de\/devotionalien\/\"},{\"@type\":\"ListItem\",\"position\":3,\"name\":\"Bischofsring mit Amethyst: Was ist seine Bedeutung?\"}]},{\"@type\":\"WebSite\",\"@id\":\"https:\/\/blog.holyart.it\/de\/#website\",\"url\":\"https:\/\/blog.holyart.it\/de\/\",\"name\":\"Holyart.de Blog\",\"description\":\"Holyblog\",\"publisher\":{\"@id\":\"https:\/\/blog.holyart.it\/de\/#organization\"},\"potentialAction\":[{\"@type\":\"SearchAction\",\"target\":{\"@type\":\"EntryPoint\",\"urlTemplate\":\"https:\/\/blog.holyart.it\/de\/?s={search_term_string}\"},\"query-input\":{\"@type\":\"PropertyValueSpecification\",\"valueRequired\":true,\"valueName\":\"search_term_string\"}}],\"inLanguage\":\"de\"},{\"@type\":\"Organization\",\"@id\":\"https:\/\/blog.holyart.it\/de\/#organization\",\"name\":\"Holyart.de Blog\",\"url\":\"https:\/\/blog.holyart.it\/de\/\",\"logo\":{\"@type\":\"ImageObject\",\"inLanguage\":\"de\",\"@id\":\"https:\/\/blog.holyart.it\/de\/#\/schema\/logo\/image\/\",\"url\":\"https:\/\/blog.holyart.it\/de\/wp-content\/uploads\/sites\/12\/2022\/12\/Holyart_Blog_Logo.jpg\",\"contentUrl\":\"https:\/\/blog.holyart.it\/de\/wp-content\/uploads\/sites\/12\/2022\/12\/Holyart_Blog_Logo.jpg\",\"width\":300,\"height\":50,\"caption\":\"Holyart.de Blog\"},\"image\":{\"@id\":\"https:\/\/blog.holyart.it\/de\/#\/schema\/logo\/image\/\"}},{\"@type\":\"Person\",\"@id\":\"https:\/\/blog.holyart.it\/de\/#\/schema\/person\/0a7b686e5af0f856ec1e390dd0baecda\",\"name\":\"Redazione\",\"image\":{\"@type\":\"ImageObject\",\"inLanguage\":\"de\",\"@id\":\"https:\/\/blog.holyart.it\/de\/#\/schema\/person\/image\/\",\"url\":\"https:\/\/secure.gravatar.com\/avatar\/f477da817f43e50d0af36abecd33e3edf826c68299714bdc1057dff3b113f516?s=96&d=mm&r=g\",\"contentUrl\":\"https:\/\/secure.gravatar.com\/avatar\/f477da817f43e50d0af36abecd33e3edf826c68299714bdc1057dff3b113f516?s=96&d=mm&r=g\",\"caption\":\"Redazione\"}}]}<\/script>\n<!-- \/ Yoast SEO plugin. -->","yoast_head_json":{"title":"Bischofsring mit Amethyst: Was ist seine Bedeutung? - Holyart.de Blog","description":"Der bisch\u00f6fliche Ring ist mit einem Amethyst besetzt. Hier erfahren Sie, wie die Tradition entstanden ist und was dieses Schmuckst\u00fcck","robots":{"index":"index","follow":"follow","max-snippet":"max-snippet:-1","max-image-preview":"max-image-preview:large","max-video-preview":"max-video-preview:-1"},"canonical":"https:\/\/blog.holyart.it\/de\/devotionalien\/bischofsring-mit-amethyst-was-ist-seine-bedeutung\/","og_locale":"de_DE","og_type":"article","og_title":"Bischofsring mit Amethyst: Was ist seine Bedeutung? - Holyart.de Blog","og_description":"Der bisch\u00f6fliche Ring ist mit einem Amethyst besetzt. Hier erfahren Sie, wie die Tradition entstanden ist und was dieses Schmuckst\u00fcck","og_url":"https:\/\/blog.holyart.it\/de\/devotionalien\/bischofsring-mit-amethyst-was-ist-seine-bedeutung\/","og_site_name":"Holyart.de Blog","article_published_time":"2025-09-22T08:00:44+00:00","og_image":[{"width":1000,"height":666,"url":"https:\/\/blog.holyart.it\/de\/wp-content\/uploads\/sites\/12\/2025\/09\/Bischofsring-mit-Amethyst.jpg","type":"image\/jpeg"}],"author":"Redazione","twitter_card":"summary_large_image","twitter_misc":{"Verfasst von":"Redazione","Gesch\u00e4tzte Lesezeit":"10\u00a0Minuten"},"schema":{"@context":"https:\/\/schema.org","@graph":[{"@type":"Article","@id":"https:\/\/blog.holyart.it\/de\/devotionalien\/bischofsring-mit-amethyst-was-ist-seine-bedeutung\/#article","isPartOf":{"@id":"https:\/\/blog.holyart.it\/de\/devotionalien\/bischofsring-mit-amethyst-was-ist-seine-bedeutung\/"},"author":{"name":"Redazione","@id":"https:\/\/blog.holyart.it\/de\/#\/schema\/person\/0a7b686e5af0f856ec1e390dd0baecda"},"headline":"Bischofsring mit Amethyst: Was ist seine Bedeutung?","datePublished":"2025-09-22T08:00:44+00:00","mainEntityOfPage":{"@id":"https:\/\/blog.holyart.it\/de\/devotionalien\/bischofsring-mit-amethyst-was-ist-seine-bedeutung\/"},"wordCount":1526,"publisher":{"@id":"https:\/\/blog.holyart.it\/de\/#organization"},"image":{"@id":"https:\/\/blog.holyart.it\/de\/devotionalien\/bischofsring-mit-amethyst-was-ist-seine-bedeutung\/#primaryimage"},"thumbnailUrl":"https:\/\/blog.holyart.it\/de\/wp-content\/uploads\/sites\/12\/2025\/09\/Bischofsring-mit-Amethyst.jpg","articleSection":["Religion"],"inLanguage":"de"},{"@type":"WebPage","@id":"https:\/\/blog.holyart.it\/de\/devotionalien\/bischofsring-mit-amethyst-was-ist-seine-bedeutung\/","url":"https:\/\/blog.holyart.it\/de\/devotionalien\/bischofsring-mit-amethyst-was-ist-seine-bedeutung\/","name":"Bischofsring mit Amethyst: Was ist seine Bedeutung? - Holyart.de Blog","isPartOf":{"@id":"https:\/\/blog.holyart.it\/de\/#website"},"primaryImageOfPage":{"@id":"https:\/\/blog.holyart.it\/de\/devotionalien\/bischofsring-mit-amethyst-was-ist-seine-bedeutung\/#primaryimage"},"image":{"@id":"https:\/\/blog.holyart.it\/de\/devotionalien\/bischofsring-mit-amethyst-was-ist-seine-bedeutung\/#primaryimage"},"thumbnailUrl":"https:\/\/blog.holyart.it\/de\/wp-content\/uploads\/sites\/12\/2025\/09\/Bischofsring-mit-Amethyst.jpg","datePublished":"2025-09-22T08:00:44+00:00","description":"Der bisch\u00f6fliche Ring ist mit einem Amethyst besetzt. Hier erfahren Sie, wie die Tradition entstanden ist und was dieses Schmuckst\u00fcck","breadcrumb":{"@id":"https:\/\/blog.holyart.it\/de\/devotionalien\/bischofsring-mit-amethyst-was-ist-seine-bedeutung\/#breadcrumb"},"inLanguage":"de","potentialAction":[{"@type":"ReadAction","target":["https:\/\/blog.holyart.it\/de\/devotionalien\/bischofsring-mit-amethyst-was-ist-seine-bedeutung\/"]}]},{"@type":"ImageObject","inLanguage":"de","@id":"https:\/\/blog.holyart.it\/de\/devotionalien\/bischofsring-mit-amethyst-was-ist-seine-bedeutung\/#primaryimage","url":"https:\/\/blog.holyart.it\/de\/wp-content\/uploads\/sites\/12\/2025\/09\/Bischofsring-mit-Amethyst.jpg","contentUrl":"https:\/\/blog.holyart.it\/de\/wp-content\/uploads\/sites\/12\/2025\/09\/Bischofsring-mit-Amethyst.jpg","width":1000,"height":666,"caption":"Bischofsring mit Amethyst"},{"@type":"BreadcrumbList","@id":"https:\/\/blog.holyart.it\/de\/devotionalien\/bischofsring-mit-amethyst-was-ist-seine-bedeutung\/#breadcrumb","itemListElement":[{"@type":"ListItem","position":1,"name":"Homepage","item":"https:\/\/blog.holyart.it\/de\/"},{"@type":"ListItem","position":2,"name":"Religion","item":"https:\/\/blog.holyart.it\/de\/devotionalien\/"},{"@type":"ListItem","position":3,"name":"Bischofsring mit Amethyst: Was ist seine Bedeutung?"}]},{"@type":"WebSite","@id":"https:\/\/blog.holyart.it\/de\/#website","url":"https:\/\/blog.holyart.it\/de\/","name":"Holyart.de Blog","description":"Holyblog","publisher":{"@id":"https:\/\/blog.holyart.it\/de\/#organization"},"potentialAction":[{"@type":"SearchAction","target":{"@type":"EntryPoint","urlTemplate":"https:\/\/blog.holyart.it\/de\/?s={search_term_string}"},"query-input":{"@type":"PropertyValueSpecification","valueRequired":true,"valueName":"search_term_string"}}],"inLanguage":"de"},{"@type":"Organization","@id":"https:\/\/blog.holyart.it\/de\/#organization","name":"Holyart.de Blog","url":"https:\/\/blog.holyart.it\/de\/","logo":{"@type":"ImageObject","inLanguage":"de","@id":"https:\/\/blog.holyart.it\/de\/#\/schema\/logo\/image\/","url":"https:\/\/blog.holyart.it\/de\/wp-content\/uploads\/sites\/12\/2022\/12\/Holyart_Blog_Logo.jpg","contentUrl":"https:\/\/blog.holyart.it\/de\/wp-content\/uploads\/sites\/12\/2022\/12\/Holyart_Blog_Logo.jpg","width":300,"height":50,"caption":"Holyart.de Blog"},"image":{"@id":"https:\/\/blog.holyart.it\/de\/#\/schema\/logo\/image\/"}},{"@type":"Person","@id":"https:\/\/blog.holyart.it\/de\/#\/schema\/person\/0a7b686e5af0f856ec1e390dd0baecda","name":"Redazione","image":{"@type":"ImageObject","inLanguage":"de","@id":"https:\/\/blog.holyart.it\/de\/#\/schema\/person\/image\/","url":"https:\/\/secure.gravatar.com\/avatar\/f477da817f43e50d0af36abecd33e3edf826c68299714bdc1057dff3b113f516?s=96&d=mm&r=g","contentUrl":"https:\/\/secure.gravatar.com\/avatar\/f477da817f43e50d0af36abecd33e3edf826c68299714bdc1057dff3b113f516?s=96&d=mm&r=g","caption":"Redazione"}}]}},"_links":{"self":[{"href":"https:\/\/blog.holyart.it\/de\/wp-json\/wp\/v2\/posts\/6847","targetHints":{"allow":["GET"]}}],"collection":[{"href":"https:\/\/blog.holyart.it\/de\/wp-json\/wp\/v2\/posts"}],"about":[{"href":"https:\/\/blog.holyart.it\/de\/wp-json\/wp\/v2\/types\/post"}],"author":[{"embeddable":true,"href":"https:\/\/blog.holyart.it\/de\/wp-json\/wp\/v2\/users\/1"}],"replies":[{"embeddable":true,"href":"https:\/\/blog.holyart.it\/de\/wp-json\/wp\/v2\/comments?post=6847"}],"version-history":[{"count":9,"href":"https:\/\/blog.holyart.it\/de\/wp-json\/wp\/v2\/posts\/6847\/revisions"}],"predecessor-version":[{"id":6863,"href":"https:\/\/blog.holyart.it\/de\/wp-json\/wp\/v2\/posts\/6847\/revisions\/6863"}],"wp:featuredmedia":[{"embeddable":true,"href":"https:\/\/blog.holyart.it\/de\/wp-json\/wp\/v2\/media\/6848"}],"wp:attachment":[{"href":"https:\/\/blog.holyart.it\/de\/wp-json\/wp\/v2\/media?parent=6847"}],"wp:term":[{"taxonomy":"category","embeddable":true,"href":"https:\/\/blog.holyart.it\/de\/wp-json\/wp\/v2\/categories?post=6847"},{"taxonomy":"post_tag","embeddable":true,"href":"https:\/\/blog.holyart.it\/de\/wp-json\/wp\/v2\/tags?post=6847"}],"curies":[{"name":"wp","href":"https:\/\/api.w.org\/{rel}","templated":true}]}}