{"id":6806,"date":"2025-09-17T10:00:32","date_gmt":"2025-09-17T08:00:32","guid":{"rendered":"https:\/\/blog.holyart.it\/de\/?p=6806"},"modified":"2025-12-12T11:04:56","modified_gmt":"2025-12-12T10:04:56","slug":"von-don-bosco-bis-pier-giorgio-frassati-wer-sind-die-sozialen-heiligen","status":"publish","type":"post","link":"https:\/\/blog.holyart.it\/de\/heilige-und-selige\/von-don-bosco-bis-pier-giorgio-frassati-wer-sind-die-sozialen-heiligen\/","title":{"rendered":"Von Don Bosco bis Pier Giorgio Frassati: Wer sind die sozialen Heiligen?"},"content":{"rendered":"<h4>Von Don Bosco bis Pier Giorgio Frassati: Wer sind die sozialen Heiligen, die die Welt ver\u00e4nderten?<\/h4>\n\n<p>Im Herzen des Piemont, in Turin, mitten des 19. Jahrhunderts, zwischen dem L\u00e4rm der ersten Industrien und den ged\u00e4mpften Schreien der Armen, erbl\u00fchte eine neue Heiligkeit. Nicht aus Ekstase oder sensationellen Wundern, sondern aus ru\u00dfverschmierten H\u00e4nden, aus ausgetretenen Schritten in den Gassen, aus Blicken, die Christus in den Gesichtern der Vergessenen suchten. Es waren die <strong>sozialen Heiligen<\/strong>, gl\u00fchende Seelen, die sich entschieden, das Evangelium inmitten der Wunden der Welt zu leben. Frauen und M\u00e4nner, die die Savoyer Stadt zu einem lebendigen Labor der <strong>N\u00e4chstenliebe und Gerechtigkeit<\/strong> machten und Mitgef\u00fchl in die Praxis umsetzten. Unvergessliche Pers\u00f6nlichkeiten wie <strong>Don Bosco<\/strong>, Cottolengo, Giulia di Barolo und <a href=\"https:\/\/www.holyart.de\/blog\/heilige-und-selige\/vom-berg-zum-himmel-das-leben-und-die-botschaft-von-pier-giorgio-frassati\/\"><strong>Pier Giorgio Frassati<\/strong><\/a>, die Armut mit Hartn\u00e4ckigkeit, Ungerechtigkeit mit konkreten Taten und Verzweiflung mit dem Mut der Hoffnung begegneten.<\/p>\n<div class=\"link-article\">\n<p><img loading=\"lazy\" decoding=\"async\" class=\"alignleft wp-image-6810 size-full\" src=\"https:\/\/blog.holyart.it\/de\/wp-content\/uploads\/sites\/12\/2025\/09\/pier-giorgio-frassati.jpeg\" alt=\"Pier Giorgio Frassati\" width=\"150\" height=\"100\" data-kale-share-title=\"Von Don Bosco bis Pier Giorgio Frassati: Wer sind die sozialen Heiligen?\" data-kale-share-url=\"https:\/\/blog.holyart.it\/de\/?p=6806\" \/><\/p>\n<div class=\"leggi-anche\">Lesen Sie auch:<\/div>\n<p><strong><a href=\"https:\/\/www.holyart.de\/blog\/heilige-und-selige\/vom-berg-zum-himmel-das-leben-und-die-botschaft-von-pier-giorgio-frassati\/\">\u00a0Das Leben und die Botschaft von Pier Giorgio Frassati<\/a><\/strong><br \/>\nVom Berg zum Himmel: Das Leben und die Botschaft von Pier Giorgio\u00a0Frassati, dem Jungen&#8230;<\/p>\n<\/div>\n<p>Auch heute sprechen die <em>sozialen Heiligen von Turin des 19. und 20. Jahrhunderts<\/em> zu uns. In einer Welt, die zwar ihre Armen, aber nicht die Armut ver\u00e4ndert hat, die ihre Formen der Ungerechtigkeit, aber nicht ihre Wurzeln ver\u00e4ndert hat, ist ihre Stimme dringlicher denn je. Sie waren keine legend\u00e4ren Helden: Sie waren M\u00e4nner und Frauen, die sich entschieden, Ja zum Leben zu sagen, selbst wenn es schmutzig, verletzt und unbequem war. Sie ver\u00e4nderten die Welt nicht mit Slogans oder Macht, sondern mit der dem\u00fctigen St\u00e4rke derer, die grenzenlos lieben.<\/p>\n<p>Und wer sind heute die sozialen Heiligen? Es sind diejenigen, die nicht vor dem Schmerz fliehen, sondern ihn leben. Diejenigen, die Br\u00fccken, Schulen, Krankenh\u00e4user und Beziehungen bauen. Diejenigen, die wissen, dass jede Tat der N\u00e4chstenliebe eine Prophezeiung ist, jede Umarmung eine Ank\u00fcndigung der Auferstehung. Und vielleicht k\u00f6nnen auch wir eines Tages auf unsere eigene kleine Weise zu sozialen Heiligen werden. Denn Heiligkeit ist nicht nur einigen wenigen Auserw\u00e4hlten vorbehalten, sondern denen, die den Mut haben, sich mit Liebe die H\u00e4nde schmutzig zu machen.<\/p>\n<h2>Wer sind die sozialen Heiligen?<\/h2>\n<p>Wer sind die sozialen Heiligen? Es sind diejenigen, die, angetrieben vom christlichen Glauben, nicht akzeptierten, dass das Gebet in den Kirchen geschlossen blieb, w\u00e4hrend drau\u00dfen Menschen an Hunger, K\u00e4lte oder Einsamkeit starben. In diesem Artikel sprechen wir insbesondere \u00fcber die sozialen Heiligen des Piemonts, insbesondere Turins, die zwischen dem 19. und 20. Jahrhundert kollektiven Schmerz in eine Schmiede der Heiligkeit verwandelten. Sie waren nicht nur Wohlt\u00e4ter, sondern Reformer der kollektiven Seele. Sie schufen nicht nur Krankenh\u00e4user und Schulen, sondern Kultur, W\u00fcrde und Zukunft. In keiner anderen Stadt wie Turin hat sich eine solche Konstellation sozialer Heiliger des 19. Jahrhunderts versammelt, die sie zu einem einzigartigen Fall in der Kirchengeschichte macht.<\/p>\n<p>Sie waren Priester und Markgrafen, Arbeiter und Studenten. Manche kamen aus Pal\u00e4sten, andere vom Bauernhof, doch alle blickten auf denselben Horizont: eine Welt, in der niemand ausgeschlossen wurde. Die piemontesischen Heiligen gaben sich nicht damit zufrieden, ein St\u00fcck Brot zu geben: Sie boten Chancen, Zuh\u00f6ren und Erl\u00f6sung. Ihre N\u00e4chstenliebe war Intelligenz, ihr Eifer politische Vision. Und <strong>ihre Heiligkeit<\/strong> verk\u00f6rperte sich zutiefst.<\/p>\n<p>Turin, eine \u201eStadt der Priesterfresser\u201c, wurde so zur Hauptstadt der sozialen Heiligkeit. Ein Paradoxon, das zeigt, wie gerade dort, wo Zynismus zu herrschen schien, die reinsten <strong><a href=\"https:\/\/www.holyart.de\/blog\/heilige-und-selige\/der-duft-der-heiligen-fuer-jede-heilige-eine-blume\/\">Bl\u00fcten des aktiven Glaubens erbl\u00fchten.<\/a><\/strong><\/p>\n<div class=\"link-article\">\n<p><img loading=\"lazy\" decoding=\"async\" class=\"alignleft wp-image-6816 size-full\" src=\"https:\/\/blog.holyart.it\/de\/wp-content\/uploads\/sites\/12\/2025\/09\/Der-Duft-der-Heiligen.jpeg\" alt=\"Der Duft der Heiligen\" width=\"150\" height=\"99\" data-kale-share-title=\"Von Don Bosco bis Pier Giorgio Frassati: Wer sind die sozialen Heiligen?\" data-kale-share-url=\"https:\/\/blog.holyart.it\/de\/?p=6806\" \/><\/p>\n<div class=\"leggi-anche\">Lesen Sie auch:<\/div>\n<p><strong><a href=\"https:\/\/www.holyart.de\/blog\/heilige-und-selige\/der-duft-der-heiligen-fuer-jede-heilige-eine-blume\/\">Der Duft der Heiligen: f\u00fcr jede Heilige eine Blume!<\/a><\/strong><br \/>\nDie Rose ist die Blume schlechthin f\u00fcr die Gottesmutter, aber auch andere Heilige&#8230;<\/p>\n<\/div>\n<p>&nbsp;<\/p>\n<h2>Don Bosco<\/h2>\n<p>Giovanni Bosco, oder einfach <strong><a href=\"https:\/\/www.holyart.de\/devotionalien\/statuen\/statuen-aus-resin-und-pvc\/statue-johannes-bosco-und-domenico-savio-30cm-harz\">Don Bosco<\/a><\/strong>, ist die Ikone der sozialen Heiligen Turins schlechthin. Geboren 1815 in den H\u00fcgeln von Castelnuovo, trug er die Sanftmut von Monferrato in seinen Augen und den Mut der Propheten im Herzen. Als er in Turin ankam, war die Stadt ein Industriedschungel, in dem junge Menschen von Fabriken verschluckt und auf die Stra\u00dfe gespuckt wurden, ohne Bildung und Hoffnung. Don Bosco suchte sie einzeln auf, h\u00f6rte ihnen zu und hie\u00df sie willkommen. So entstand das <strong>Oratorium<\/strong>, ein Ort, der nicht nur Gebet, sondern auch Schule, Spiel und Zukunft war. Seine Erziehungsmethode, die auf Vernunft, Religion und liebevoller G\u00fcte basierte, war eine Revolution: keine Strafen, nur Vertrauen. \u201e<em>Hier besteht Heiligkeit darin, sehr gl\u00fccklich zu sein<\/em>\u201c, sagte er zu seinen Jungen und gab ihnen so das L\u00e4cheln der Kindheit im Glauben zur\u00fcck. Doch damit nicht genug: Er gr\u00fcndete Berufsschulen, Druckereien und Labore. Er bot jungen Menschen nicht nur spirituelle Erl\u00f6sung, sondern auch die Mittel f\u00fcr ein Leben in W\u00fcrde. Und als er die <strong>Salesianer<\/strong> gr\u00fcndete, verbreitete sich sein Traum weltweit und wurde zu einem universellen Werk. Er starb 1888, und Turin betrauerte seinen Vater der Armen. Er wurde 1934 heiliggesprochen, doch schon vorher lebte er in den Herzen von Millionen junger Menschen, die dank ihm wieder zu sich selbst fanden.<\/p>\n<div class=\"link-product\">\n<div class=\"blocco-immagine\"><img loading=\"lazy\" decoding=\"async\" class=\"size-full wp-image-6819 alignleft\" src=\"https:\/\/blog.holyart.it\/de\/wp-content\/uploads\/sites\/12\/2025\/09\/Statuen-Don-Bosco-und-D.-Savio-30-cm-Harz.jpg\" alt=\"Statuen Don Bosco und D. Savio 30 cm Harz\" width=\"100\" height=\"100\" data-kale-share-title=\"Von Don Bosco bis Pier Giorgio Frassati: Wer sind die sozialen Heiligen?\" data-kale-share-url=\"https:\/\/blog.holyart.it\/de\/?p=6806\" \/><\/div>\n<div class=\"blocco-contenuto\">\n<div class=\"blocco-acquista\">Einkaufen:<\/div>\n<div class=\"blocco-titolo\"><strong><a href=\"https:\/\/www.holyart.de\/devotionalien\/statuen\/statuen-aus-resin-und-pvc\/statue-johannes-bosco-und-domenico-savio-30cm-harz\">Statue Johannes Bosco und Domenico Savio 30cm Harz<\/a><\/strong><\/div>\n<div class=\"blocco-descrizione\">Statue Johannes Bosco und Domenico Savio 30cm Harz. Statue von Johannes Bosco und Domenico Savio realisiert aus Harz und handbemalt&#8230;.<\/div>\n<\/div>\n<\/div>\n<h2>Pier Giorgio Frassati<\/h2>\n<p><strong><a href=\"https:\/\/www.holyart.de\/devotionalien\/statuen\/statuen-aus-resin-und-pvc\/pier-giorgio-frassati-statue-20-cm-aus-handbemaltem-resin\">Pier Giorgio Frassati<\/a><\/strong> ist das frische, moderne und skandal\u00f6s schlichte Gesicht der sozialen Heiligkeit des 20. Jahrhunderts. Ein gro\u00dfer, l\u00e4chelnder junger Mann, der mit gleichem leichten Schritt Berge bestieg und arme Viertel durchquerte, getrieben von einem Hunger nach Gerechtigkeit, der ihm keine Ruhe lie\u00df.<\/p>\n<p>Geboren 1901 in eine wohlhabende Familie, h\u00e4tte er sich in Privilegien niederlassen k\u00f6nnen. Stattdessen w\u00e4hlte er den schmalen Weg, den der radikalen N\u00e4chstenliebe. Wenn wir uns fragen, wer die sozialen Heiligen Turins sind, ist Pier Giorgio die j\u00fcngste und \u00fcberraschendste Antwort.<\/p>\n<p>Sein Zimmer war ein Lager f\u00fcr Kleidung und Medikamente f\u00fcr die Armen. Seine Freizeit widmete er bed\u00fcrftigen Familien. Sein Mantel? Geschenkt. Seine Leidenschaft f\u00fcr Politik? Immer an der Seite der \u00c4rmsten. Er studierte Ingenieurwesen, liebte Sport, betete im Morgengrauen und diente nachts.<\/p>\n<p>Er starb mit 24 Jahren, fast lautlos. Doch bei seiner Beerdigung waren nicht nur illustre Verwandte anwesend. Dabei waren auch Tausende von Armen, seine wahren Freunde, jene, die niemand kannte, die er aber mit heldenhafter Diskretion geliebt hatte.<br \/>\nSeit 1990 ist er selig und heute der Schutzpatron der jungen Katholiken, doch Pier Giorgio bleibt vor allem ein sehr aktuelles Beispiel. Man kann ein Heiliger ohne Heiligenschein sein, zwischen Universit\u00e4ten, Bergen und U-Bahnen, und jeden Tag mit stiller Leidenschaft lieben.<\/p>\n<div class=\"link-product\">\n<div class=\"blocco-immagine\"><img loading=\"lazy\" decoding=\"async\" class=\"size-full wp-image-6823 alignleft\" src=\"https:\/\/blog.holyart.it\/de\/wp-content\/uploads\/sites\/12\/2025\/09\/Pier-Giorgio-Frassati-Harz-20-cm-handbemalt.jpg\" alt=\"Pier Giorgio Frassati Harz 20 cm handbemalt\" width=\"100\" height=\"100\" data-kale-share-title=\"Von Don Bosco bis Pier Giorgio Frassati: Wer sind die sozialen Heiligen?\" data-kale-share-url=\"https:\/\/blog.holyart.it\/de\/?p=6806\" \/><\/div>\n<div class=\"blocco-contenuto\">\n<div class=\"blocco-acquista\">Einkaufen:<\/div>\n<div class=\"blocco-titolo\"><strong><a href=\"https:\/\/www.holyart.de\/devotionalien\/statuen\/statuen-aus-resin-und-pvc\/pier-giorgio-frassati-statue-20-cm-aus-handbemaltem-resin\">Pier Giorgio Frassati \u2013 Statue 20 cm aus handbemaltem Resin <\/a><\/strong><\/div>\n<div class=\"blocco-descrizione\">Pier Giorgio Frassati \u2013 Statue 20 cm aus handbemaltem Resin.Diese farbig bemalte Resin-Statue zeigt Pier Giorgio &#8230;<\/div>\n<\/div>\n<\/div>\n<p>&nbsp;<\/p>\n<p><strong>Pier Giorgio Frassati wird am Sonntag, dem 7. September 2025,<\/strong> heiliggesprochen. Die Nachricht traf am 13. Juni 2025 w\u00e4hrend des ersten ordentlichen Konsistoriums von <a href=\"https:\/\/www.holyart.de\/blog\/devotionalien\/papst-leo-xiv-alles-was-sie-ueber-den-neuen-papst-wissen-muessen\/\"><strong>Papst Leo XIV.<\/strong><\/a> ein. Er wird gemeinsam mit <a href=\"https:\/\/www.holyart.de\/blog\/devotionalien\/carlo-acutis-der-selige-des-digitalen-zeitalters\/\"><strong>Carlo Acutis<\/strong> <\/a>heiliggesprochen. Eine lang erwartete gemeinsame Heiligsprechung, die zwei von jungen Menschen und der heutigen Kirche sehr geliebte Pers\u00f6nlichkeiten vereint. Urspr\u00fcnglich war als Datum f\u00fcr Frassati der 3. August 2025, aber mit dem Tod von Papst Franziskus und der Neuorganisation der Jubil\u00e4umsveranstaltungen wurde alles neu organisiert. Der neue Kalender hat die Zeremonie auf September verschoben, auf einen Sonntag, der besser besuchbar ist, insbesondere von jenen, die sich von diesen beiden jungen Seligen inspirieren lie\u00dfen. Die Heiligsprechung findet in Rom statt, und es wird mit gro\u00dfer Beteiligung gerechnet: Studierende, Pfadfinder, P\u00e4dagogen, Pfarrgruppen, ganz normale Menschen. Alle eint der Wunsch, zwei junge M\u00e4nner zu ehren, die ihren Glauben auf einfache, authentische und ansteckende Weise lebten. Frassati und Acutis, so unterschiedlich sie auch sein m\u00f6gen, haben doch etwas gemeinsam: Pier Giorgio mit seinen Bergtouren und seinem Engagement f\u00fcr die Armen, Carlo mit seinem digitalen Talent und seiner Hingabe an die Eucharistie. Beide haben gezeigt, dass das Evangelium im Alltag gelebt werden kann, ohne dass es aufsehenerregender Gesten bedarf. Alles, was man braucht, ist Liebe.<\/p>\n<p>Am 7. September wird es nicht nur f\u00fcr die Gl\u00e4ubigen ein denkw\u00fcrdiger Tag sein. Er wird ein starkes Signal sein: Heiligkeit ist kein fernes Ideal, sondern etwas, das auch heute noch ansprechen kann, selbst junge Menschen, selbst diejenigen, die sich normal f\u00fchlen.<\/p>\n<div class=\"link-article\">\n<p><img loading=\"lazy\" decoding=\"async\" class=\"size-full wp-image-6831 alignleft\" src=\"https:\/\/blog.holyart.it\/de\/wp-content\/uploads\/sites\/12\/2025\/09\/carlo-acutis-pt-2.jpg\" alt=\"Acutis\" width=\"150\" height=\"99\" data-kale-share-title=\"Von Don Bosco bis Pier Giorgio Frassati: Wer sind die sozialen Heiligen?\" data-kale-share-url=\"https:\/\/blog.holyart.it\/de\/?p=6806\" \/><\/p>\n<div class=\"leggi-anche\">Lesen Sie auch:<\/div>\n<p><strong><a href=\"https:\/\/www.holyart.de\/blog\/devotionalien\/carlo-acutis-der-selige-des-digitalen-zeitalters\/\">Carlo Acutis: der Selige des digitalen Zeitalters<\/a><\/strong><br \/>\nCarlo Acutis, der Millennial-Heilige, der sein kurzes Leben Jesus und der Hilfe&#8230;<\/p>\n<\/div>\n<p>&nbsp;<\/p>\n<h2>Giuseppe Benedetto Cottolengo<\/h2>\n<p>Neben Don Bosco und Pier Giorgio Frassati ragt eine weitere Pers\u00f6nlichkeit unter den sozialen Heiligen Piemonts hervor: Giuseppe Benedetto Cottolengo. Geboren 1786 in Bra, war er Priester, Theologe und unerm\u00fcdlicher Apostel der N\u00e4chstenliebe. Angesichts des Todes einer armen Frau, die von Krankenh\u00e4usern abgewiesen worden war, verstand er, dass die Barmherzigkeit nicht warten konnte. Er er\u00f6ffnete daraufhin eine kleine Krankenstation, die bald zum ber\u00fchmten \u201e<strong>Kleinen Haus der G\u00f6ttlichen Vorsehung<\/strong>\u201c wurde, das alle \u201e<em>Cottolengo<\/em>\u201c nannten. Seine Initiative war eine stille und radikale Revolution: bedingungslose Aufnahme, absolutes Vertrauen in die Vorsehung, ganzheitliche F\u00fcrsorge f\u00fcr den Menschen. Behinderte, chronisch Kranke, Waisen, Obdachlose, Taubstumme: Niemand wurde ausgeschlossen, alle waren Br\u00fcder. Mit seinem prophetischen Wirken nahm Cottolengo die moderne Wohlfahrtspflege vorweg und bot nicht nur Hilfe, sondern auch W\u00fcrde. Er wurde 1934 heiliggesprochen und inspiriert bis heute diejenigen, die glauben, dass N\u00e4chstenliebe keine Geste, sondern eine Lebenseinstellung ist.<\/p>\n<h2>Giulia di Barolo<\/h2>\n<p>Als weibliche Stimme der regionalen Sozialheiligen zeigte Giulia Colbert Falletti di Barolo, wie eine Frau mit einer klaren und mutigen Seele Adel in Dienst verwandeln konnte. Geboren 1786 in Frankreich, wurde sie durch Heirat Marquise und freiwillig Mutter der Armen. Da sie kinderlos blieb, beschloss sie gemeinsam mit ihrem Ehemann Carlo Tancredi, ihre Zeit, ihren Palast und ihren Reichtum den \u00c4rmsten Turins zu widmen. Giulia war eine Pionierin, insbesondere im Bereich der Frauen- und Gef\u00e4ngnishilfe: Sie besuchte Gef\u00e4ngnisse, sprach mit Insassen, bot ihnen Bildung, Arbeit und Glauben an. Sie gr\u00fcndete ein <strong>Rifugio<\/strong>, das erste Reintegrationszentrum f\u00fcr ehemalige H\u00e4ftlinge, und schuf Schulen, Waisenh\u00e4user, Kinderg\u00e4rten und Krankenh\u00e4user. T\u00e4glich verteilte sie Essen und Pflege, vor allem aber W\u00fcrde.<\/p>\n<p>Sie half nicht nur: Sie baute die Zukunft. Sie arbeitete mit Don Bosco zusammen und empfing Intellektuelle und Heilige in ihrem Salon, darunter Silvio Pellico.<\/p>\n<p>Heute ruht sie in der Kirche Santa Giulia, die sie errichtet hatte. Ihr Leben war ein Samenkorn, das im Herzen der Stadt gepflanzt wurde: Eine N\u00e4chstenliebe, die nicht aus isolierten Gesten besteht, sondern aus einem System, einer Vision und einer Liebe, die sich selbst organisiert.<\/p>\n<h2>Giuseppe Cafasso<\/h2>\n<p>Unter den gro\u00dfen sozialen Heiligen des Piemont nimmt Giuseppe Cafasso eine besondere Stellung ein. Er war der Mann, der nicht im Rampenlicht stehen wollte, sondern im Hintergrund blieb, um andere aufzukl\u00e4ren. Geboren 1811 in Castelnuovo d\u2019Asti in einer einfachen und tiefreligi\u00f6sen Familie, wurde er schon in jungen Jahren Priester. In Turin, im Convitto Ecclesiastico di <a href=\"https:\/\/www.holyart.de\/blog\/heilige-und-selige\/franziskus-von-assisi\/\"><strong>San Francesco d\u2019Assisi<\/strong>,<\/a> bildete er Generationen von Priestern aus, die ihren Glauben in der Gesellschaft leben konnten, darunter einen ruhelosen jungen Mann, der sp\u00e4tere Don Bosco.<\/p>\n<p>Seine Mission f\u00fchrte ihn jedoch auch an die dunkelsten Orte der Stadt: die <strong>Gef\u00e4ngnisse<\/strong>. Mit leichtem Schritt und fester Stimme betrat Cafasso die Zellen der Verurteilten und spendete Trost, Zuh\u00f6ren und Barmherzigkeit. Er wurde \u201e<em>der Galgenpriester<\/em>\u201c genannt, weil er die zum Tode Verurteilten zum Galgen begleitete und ihre letzten Stunden mit einer Z\u00e4rtlichkeit empfing, die sie aus der Verzweiflung riss. Seine Pr\u00e4senz war diskret, aber unverzichtbar: Er brachte Brot, Vergebung und W\u00fcrde.<\/p>\n<p>Er gr\u00fcndete keine Orden und hinterlie\u00df auch keine materiellen Werke. Sein Erbe waren die Gewissen, die er ber\u00fchrte, die Herzen, die er erweckte, und die Priester, die er ausbildete. Er starb 1860, und die Kirche proklamierte ihn 1947 zum Heiligen und vertraute ihm Gefangene als Schutzpatron an. Seine sterblichen \u00dcberreste ruhen heute in Santuario della Consolata, neben den Menschen, die er stets liebte. Cafasso ist das stille Gesicht der sozialen Heiligkeit: derjenige, der tr\u00f6stet, erzieht, begleitet, ohne je eine Gegenleistung zu verlangen.<\/p>\n<div class=\"link-article\">\n<p><img loading=\"lazy\" decoding=\"async\" class=\"size-full wp-image-6837 alignleft\" src=\"https:\/\/blog.holyart.it\/de\/wp-content\/uploads\/sites\/12\/2025\/09\/Franziskus-von-Assisi.png\" alt=\"Franziskus von Assisi\" width=\"150\" height=\"81\" data-kale-share-title=\"Von Don Bosco bis Pier Giorgio Frassati: Wer sind die sozialen Heiligen?\" data-kale-share-url=\"https:\/\/blog.holyart.it\/de\/?p=6806\" \/><\/p>\n<div class=\"leggi-anche\">Lesen Sie auch:<\/div>\n<p><strong><a href=\"https:\/\/www.holyart.de\/blog\/heilige-und-selige\/franziskus-von-assisi\/\">Franziskus von Assisi<\/a><\/strong><br \/>\nEs ist nicht einfach, etwas neues \u00fcber den Hl. Franziskus von Assisi zu schreiben&#8230;<\/p>\n<\/div>\n","protected":false},"excerpt":{"rendered":"<p>Von Don Bosco bis Pier Giorgio Frassati: Wer sind die sozialen Heiligen, die die Welt ver\u00e4nderten? Im Herzen des Piemont, in Turin, mitten des 19. Jahrhunderts, zwischen dem L\u00e4rm der ersten Industrien und den ged\u00e4mpften Schreien der Armen, erbl\u00fchte eine neue Heiligkeit. Nicht aus Ekstase&hellip;<\/p>\n","protected":false},"author":1,"featured_media":6809,"comment_status":"closed","ping_status":"open","sticky":false,"template":"","format":"standard","meta":{"_acf_changed":false,"footnotes":""},"categories":[9],"tags":[],"class_list":["post-6806","post","type-post","status-publish","format-standard","has-post-thumbnail","hentry","category-heilige-und-selige"],"acf":[],"yoast_head":"<!-- This site is optimized with the Yoast SEO plugin v26.6 - https:\/\/yoast.com\/wordpress\/plugins\/seo\/ -->\n<title>Von Don Bosco bis Pier Giorgio Frassati: Wer sind die sozialen Heiligen? - Holyart.de Blog<\/title>\n<meta name=\"description\" content=\"Sozialheilige von Piedmont: Sie nahmen die Armen und Bed\u00fcrftigen an die Hand, folgten den Spuren Christi und halfen, tr\u00f6steten und gaben...\" \/>\n<meta name=\"robots\" content=\"index, follow, max-snippet:-1, max-image-preview:large, max-video-preview:-1\" \/>\n<link rel=\"canonical\" href=\"https:\/\/blog.holyart.it\/de\/heilige-und-selige\/von-don-bosco-bis-pier-giorgio-frassati-wer-sind-die-sozialen-heiligen\/\" \/>\n<meta property=\"og:locale\" content=\"de_DE\" \/>\n<meta property=\"og:type\" content=\"article\" \/>\n<meta property=\"og:title\" content=\"Von Don Bosco bis Pier Giorgio Frassati: Wer sind die sozialen Heiligen? - Holyart.de Blog\" \/>\n<meta property=\"og:description\" content=\"Sozialheilige von Piedmont: Sie nahmen die Armen und Bed\u00fcrftigen an die Hand, folgten den Spuren Christi und halfen, tr\u00f6steten und gaben...\" \/>\n<meta property=\"og:url\" content=\"https:\/\/blog.holyart.it\/de\/heilige-und-selige\/von-don-bosco-bis-pier-giorgio-frassati-wer-sind-die-sozialen-heiligen\/\" \/>\n<meta property=\"og:site_name\" content=\"Holyart.de Blog\" \/>\n<meta property=\"article:published_time\" content=\"2025-09-17T08:00:32+00:00\" \/>\n<meta property=\"article:modified_time\" content=\"2025-12-12T10:04:56+00:00\" \/>\n<meta property=\"og:image\" content=\"https:\/\/blog.holyart.it\/de\/wp-content\/uploads\/sites\/12\/2025\/09\/soziale-Heilige.jpg\" \/>\n\t<meta property=\"og:image:width\" content=\"1000\" \/>\n\t<meta property=\"og:image:height\" content=\"666\" \/>\n\t<meta property=\"og:image:type\" content=\"image\/jpeg\" \/>\n<meta name=\"author\" content=\"Redazione\" \/>\n<meta name=\"twitter:card\" content=\"summary_large_image\" \/>\n<meta name=\"twitter:label1\" content=\"Verfasst von\" \/>\n\t<meta name=\"twitter:data1\" content=\"Redazione\" \/>\n\t<meta name=\"twitter:label2\" content=\"Gesch\u00e4tzte Lesezeit\" \/>\n\t<meta name=\"twitter:data2\" content=\"13\u00a0Minuten\" \/>\n<script type=\"application\/ld+json\" class=\"yoast-schema-graph\">{\"@context\":\"https:\/\/schema.org\",\"@graph\":[{\"@type\":\"Article\",\"@id\":\"https:\/\/blog.holyart.it\/de\/heilige-und-selige\/von-don-bosco-bis-pier-giorgio-frassati-wer-sind-die-sozialen-heiligen\/#article\",\"isPartOf\":{\"@id\":\"https:\/\/blog.holyart.it\/de\/heilige-und-selige\/von-don-bosco-bis-pier-giorgio-frassati-wer-sind-die-sozialen-heiligen\/\"},\"author\":{\"name\":\"Redazione\",\"@id\":\"https:\/\/blog.holyart.it\/de\/#\/schema\/person\/0a7b686e5af0f856ec1e390dd0baecda\"},\"headline\":\"Von Don Bosco bis Pier Giorgio Frassati: Wer sind die sozialen Heiligen?\",\"datePublished\":\"2025-09-17T08:00:32+00:00\",\"dateModified\":\"2025-12-12T10:04:56+00:00\",\"mainEntityOfPage\":{\"@id\":\"https:\/\/blog.holyart.it\/de\/heilige-und-selige\/von-don-bosco-bis-pier-giorgio-frassati-wer-sind-die-sozialen-heiligen\/\"},\"wordCount\":2014,\"publisher\":{\"@id\":\"https:\/\/blog.holyart.it\/de\/#organization\"},\"image\":{\"@id\":\"https:\/\/blog.holyart.it\/de\/heilige-und-selige\/von-don-bosco-bis-pier-giorgio-frassati-wer-sind-die-sozialen-heiligen\/#primaryimage\"},\"thumbnailUrl\":\"https:\/\/blog.holyart.it\/de\/wp-content\/uploads\/sites\/12\/2025\/09\/soziale-Heilige.jpg\",\"articleSection\":[\"Heilige und Selige\"],\"inLanguage\":\"de\"},{\"@type\":\"WebPage\",\"@id\":\"https:\/\/blog.holyart.it\/de\/heilige-und-selige\/von-don-bosco-bis-pier-giorgio-frassati-wer-sind-die-sozialen-heiligen\/\",\"url\":\"https:\/\/blog.holyart.it\/de\/heilige-und-selige\/von-don-bosco-bis-pier-giorgio-frassati-wer-sind-die-sozialen-heiligen\/\",\"name\":\"Von Don Bosco bis Pier Giorgio Frassati: Wer sind die sozialen Heiligen? - Holyart.de Blog\",\"isPartOf\":{\"@id\":\"https:\/\/blog.holyart.it\/de\/#website\"},\"primaryImageOfPage\":{\"@id\":\"https:\/\/blog.holyart.it\/de\/heilige-und-selige\/von-don-bosco-bis-pier-giorgio-frassati-wer-sind-die-sozialen-heiligen\/#primaryimage\"},\"image\":{\"@id\":\"https:\/\/blog.holyart.it\/de\/heilige-und-selige\/von-don-bosco-bis-pier-giorgio-frassati-wer-sind-die-sozialen-heiligen\/#primaryimage\"},\"thumbnailUrl\":\"https:\/\/blog.holyart.it\/de\/wp-content\/uploads\/sites\/12\/2025\/09\/soziale-Heilige.jpg\",\"datePublished\":\"2025-09-17T08:00:32+00:00\",\"dateModified\":\"2025-12-12T10:04:56+00:00\",\"description\":\"Sozialheilige von Piedmont: Sie nahmen die Armen und Bed\u00fcrftigen an die Hand, folgten den Spuren Christi und halfen, tr\u00f6steten und gaben...\",\"breadcrumb\":{\"@id\":\"https:\/\/blog.holyart.it\/de\/heilige-und-selige\/von-don-bosco-bis-pier-giorgio-frassati-wer-sind-die-sozialen-heiligen\/#breadcrumb\"},\"inLanguage\":\"de\",\"potentialAction\":[{\"@type\":\"ReadAction\",\"target\":[\"https:\/\/blog.holyart.it\/de\/heilige-und-selige\/von-don-bosco-bis-pier-giorgio-frassati-wer-sind-die-sozialen-heiligen\/\"]}]},{\"@type\":\"ImageObject\",\"inLanguage\":\"de\",\"@id\":\"https:\/\/blog.holyart.it\/de\/heilige-und-selige\/von-don-bosco-bis-pier-giorgio-frassati-wer-sind-die-sozialen-heiligen\/#primaryimage\",\"url\":\"https:\/\/blog.holyart.it\/de\/wp-content\/uploads\/sites\/12\/2025\/09\/soziale-Heilige.jpg\",\"contentUrl\":\"https:\/\/blog.holyart.it\/de\/wp-content\/uploads\/sites\/12\/2025\/09\/soziale-Heilige.jpg\",\"width\":1000,\"height\":666,\"caption\":\"soziale Heilige\"},{\"@type\":\"BreadcrumbList\",\"@id\":\"https:\/\/blog.holyart.it\/de\/heilige-und-selige\/von-don-bosco-bis-pier-giorgio-frassati-wer-sind-die-sozialen-heiligen\/#breadcrumb\",\"itemListElement\":[{\"@type\":\"ListItem\",\"position\":1,\"name\":\"Homepage\",\"item\":\"https:\/\/blog.holyart.it\/de\/\"},{\"@type\":\"ListItem\",\"position\":2,\"name\":\"Heilige und Selige\",\"item\":\"https:\/\/blog.holyart.it\/de\/heilige-und-selige\/\"},{\"@type\":\"ListItem\",\"position\":3,\"name\":\"Von Don Bosco bis Pier Giorgio Frassati: Wer sind die sozialen Heiligen?\"}]},{\"@type\":\"WebSite\",\"@id\":\"https:\/\/blog.holyart.it\/de\/#website\",\"url\":\"https:\/\/blog.holyart.it\/de\/\",\"name\":\"Holyart.de Blog\",\"description\":\"Holyblog\",\"publisher\":{\"@id\":\"https:\/\/blog.holyart.it\/de\/#organization\"},\"potentialAction\":[{\"@type\":\"SearchAction\",\"target\":{\"@type\":\"EntryPoint\",\"urlTemplate\":\"https:\/\/blog.holyart.it\/de\/?s={search_term_string}\"},\"query-input\":{\"@type\":\"PropertyValueSpecification\",\"valueRequired\":true,\"valueName\":\"search_term_string\"}}],\"inLanguage\":\"de\"},{\"@type\":\"Organization\",\"@id\":\"https:\/\/blog.holyart.it\/de\/#organization\",\"name\":\"Holyart.de Blog\",\"url\":\"https:\/\/blog.holyart.it\/de\/\",\"logo\":{\"@type\":\"ImageObject\",\"inLanguage\":\"de\",\"@id\":\"https:\/\/blog.holyart.it\/de\/#\/schema\/logo\/image\/\",\"url\":\"https:\/\/blog.holyart.it\/de\/wp-content\/uploads\/sites\/12\/2022\/12\/Holyart_Blog_Logo.jpg\",\"contentUrl\":\"https:\/\/blog.holyart.it\/de\/wp-content\/uploads\/sites\/12\/2022\/12\/Holyart_Blog_Logo.jpg\",\"width\":300,\"height\":50,\"caption\":\"Holyart.de Blog\"},\"image\":{\"@id\":\"https:\/\/blog.holyart.it\/de\/#\/schema\/logo\/image\/\"}},{\"@type\":\"Person\",\"@id\":\"https:\/\/blog.holyart.it\/de\/#\/schema\/person\/0a7b686e5af0f856ec1e390dd0baecda\",\"name\":\"Redazione\",\"image\":{\"@type\":\"ImageObject\",\"inLanguage\":\"de\",\"@id\":\"https:\/\/blog.holyart.it\/de\/#\/schema\/person\/image\/\",\"url\":\"https:\/\/secure.gravatar.com\/avatar\/f477da817f43e50d0af36abecd33e3edf826c68299714bdc1057dff3b113f516?s=96&d=mm&r=g\",\"contentUrl\":\"https:\/\/secure.gravatar.com\/avatar\/f477da817f43e50d0af36abecd33e3edf826c68299714bdc1057dff3b113f516?s=96&d=mm&r=g\",\"caption\":\"Redazione\"}}]}<\/script>\n<!-- \/ Yoast SEO plugin. -->","yoast_head_json":{"title":"Von Don Bosco bis Pier Giorgio Frassati: Wer sind die sozialen Heiligen? - Holyart.de Blog","description":"Sozialheilige von Piedmont: Sie nahmen die Armen und Bed\u00fcrftigen an die Hand, folgten den Spuren Christi und halfen, tr\u00f6steten und gaben...","robots":{"index":"index","follow":"follow","max-snippet":"max-snippet:-1","max-image-preview":"max-image-preview:large","max-video-preview":"max-video-preview:-1"},"canonical":"https:\/\/blog.holyart.it\/de\/heilige-und-selige\/von-don-bosco-bis-pier-giorgio-frassati-wer-sind-die-sozialen-heiligen\/","og_locale":"de_DE","og_type":"article","og_title":"Von Don Bosco bis Pier Giorgio Frassati: Wer sind die sozialen Heiligen? - Holyart.de Blog","og_description":"Sozialheilige von Piedmont: Sie nahmen die Armen und Bed\u00fcrftigen an die Hand, folgten den Spuren Christi und halfen, tr\u00f6steten und gaben...","og_url":"https:\/\/blog.holyart.it\/de\/heilige-und-selige\/von-don-bosco-bis-pier-giorgio-frassati-wer-sind-die-sozialen-heiligen\/","og_site_name":"Holyart.de Blog","article_published_time":"2025-09-17T08:00:32+00:00","article_modified_time":"2025-12-12T10:04:56+00:00","og_image":[{"width":1000,"height":666,"url":"https:\/\/blog.holyart.it\/de\/wp-content\/uploads\/sites\/12\/2025\/09\/soziale-Heilige.jpg","type":"image\/jpeg"}],"author":"Redazione","twitter_card":"summary_large_image","twitter_misc":{"Verfasst von":"Redazione","Gesch\u00e4tzte Lesezeit":"13\u00a0Minuten"},"schema":{"@context":"https:\/\/schema.org","@graph":[{"@type":"Article","@id":"https:\/\/blog.holyart.it\/de\/heilige-und-selige\/von-don-bosco-bis-pier-giorgio-frassati-wer-sind-die-sozialen-heiligen\/#article","isPartOf":{"@id":"https:\/\/blog.holyart.it\/de\/heilige-und-selige\/von-don-bosco-bis-pier-giorgio-frassati-wer-sind-die-sozialen-heiligen\/"},"author":{"name":"Redazione","@id":"https:\/\/blog.holyart.it\/de\/#\/schema\/person\/0a7b686e5af0f856ec1e390dd0baecda"},"headline":"Von Don Bosco bis Pier Giorgio Frassati: Wer sind die sozialen Heiligen?","datePublished":"2025-09-17T08:00:32+00:00","dateModified":"2025-12-12T10:04:56+00:00","mainEntityOfPage":{"@id":"https:\/\/blog.holyart.it\/de\/heilige-und-selige\/von-don-bosco-bis-pier-giorgio-frassati-wer-sind-die-sozialen-heiligen\/"},"wordCount":2014,"publisher":{"@id":"https:\/\/blog.holyart.it\/de\/#organization"},"image":{"@id":"https:\/\/blog.holyart.it\/de\/heilige-und-selige\/von-don-bosco-bis-pier-giorgio-frassati-wer-sind-die-sozialen-heiligen\/#primaryimage"},"thumbnailUrl":"https:\/\/blog.holyart.it\/de\/wp-content\/uploads\/sites\/12\/2025\/09\/soziale-Heilige.jpg","articleSection":["Heilige und Selige"],"inLanguage":"de"},{"@type":"WebPage","@id":"https:\/\/blog.holyart.it\/de\/heilige-und-selige\/von-don-bosco-bis-pier-giorgio-frassati-wer-sind-die-sozialen-heiligen\/","url":"https:\/\/blog.holyart.it\/de\/heilige-und-selige\/von-don-bosco-bis-pier-giorgio-frassati-wer-sind-die-sozialen-heiligen\/","name":"Von Don Bosco bis Pier Giorgio Frassati: Wer sind die sozialen Heiligen? - Holyart.de Blog","isPartOf":{"@id":"https:\/\/blog.holyart.it\/de\/#website"},"primaryImageOfPage":{"@id":"https:\/\/blog.holyart.it\/de\/heilige-und-selige\/von-don-bosco-bis-pier-giorgio-frassati-wer-sind-die-sozialen-heiligen\/#primaryimage"},"image":{"@id":"https:\/\/blog.holyart.it\/de\/heilige-und-selige\/von-don-bosco-bis-pier-giorgio-frassati-wer-sind-die-sozialen-heiligen\/#primaryimage"},"thumbnailUrl":"https:\/\/blog.holyart.it\/de\/wp-content\/uploads\/sites\/12\/2025\/09\/soziale-Heilige.jpg","datePublished":"2025-09-17T08:00:32+00:00","dateModified":"2025-12-12T10:04:56+00:00","description":"Sozialheilige von Piedmont: Sie nahmen die Armen und Bed\u00fcrftigen an die Hand, folgten den Spuren Christi und halfen, tr\u00f6steten und gaben...","breadcrumb":{"@id":"https:\/\/blog.holyart.it\/de\/heilige-und-selige\/von-don-bosco-bis-pier-giorgio-frassati-wer-sind-die-sozialen-heiligen\/#breadcrumb"},"inLanguage":"de","potentialAction":[{"@type":"ReadAction","target":["https:\/\/blog.holyart.it\/de\/heilige-und-selige\/von-don-bosco-bis-pier-giorgio-frassati-wer-sind-die-sozialen-heiligen\/"]}]},{"@type":"ImageObject","inLanguage":"de","@id":"https:\/\/blog.holyart.it\/de\/heilige-und-selige\/von-don-bosco-bis-pier-giorgio-frassati-wer-sind-die-sozialen-heiligen\/#primaryimage","url":"https:\/\/blog.holyart.it\/de\/wp-content\/uploads\/sites\/12\/2025\/09\/soziale-Heilige.jpg","contentUrl":"https:\/\/blog.holyart.it\/de\/wp-content\/uploads\/sites\/12\/2025\/09\/soziale-Heilige.jpg","width":1000,"height":666,"caption":"soziale Heilige"},{"@type":"BreadcrumbList","@id":"https:\/\/blog.holyart.it\/de\/heilige-und-selige\/von-don-bosco-bis-pier-giorgio-frassati-wer-sind-die-sozialen-heiligen\/#breadcrumb","itemListElement":[{"@type":"ListItem","position":1,"name":"Homepage","item":"https:\/\/blog.holyart.it\/de\/"},{"@type":"ListItem","position":2,"name":"Heilige und Selige","item":"https:\/\/blog.holyart.it\/de\/heilige-und-selige\/"},{"@type":"ListItem","position":3,"name":"Von Don Bosco bis Pier Giorgio Frassati: Wer sind die sozialen Heiligen?"}]},{"@type":"WebSite","@id":"https:\/\/blog.holyart.it\/de\/#website","url":"https:\/\/blog.holyart.it\/de\/","name":"Holyart.de Blog","description":"Holyblog","publisher":{"@id":"https:\/\/blog.holyart.it\/de\/#organization"},"potentialAction":[{"@type":"SearchAction","target":{"@type":"EntryPoint","urlTemplate":"https:\/\/blog.holyart.it\/de\/?s={search_term_string}"},"query-input":{"@type":"PropertyValueSpecification","valueRequired":true,"valueName":"search_term_string"}}],"inLanguage":"de"},{"@type":"Organization","@id":"https:\/\/blog.holyart.it\/de\/#organization","name":"Holyart.de Blog","url":"https:\/\/blog.holyart.it\/de\/","logo":{"@type":"ImageObject","inLanguage":"de","@id":"https:\/\/blog.holyart.it\/de\/#\/schema\/logo\/image\/","url":"https:\/\/blog.holyart.it\/de\/wp-content\/uploads\/sites\/12\/2022\/12\/Holyart_Blog_Logo.jpg","contentUrl":"https:\/\/blog.holyart.it\/de\/wp-content\/uploads\/sites\/12\/2022\/12\/Holyart_Blog_Logo.jpg","width":300,"height":50,"caption":"Holyart.de Blog"},"image":{"@id":"https:\/\/blog.holyart.it\/de\/#\/schema\/logo\/image\/"}},{"@type":"Person","@id":"https:\/\/blog.holyart.it\/de\/#\/schema\/person\/0a7b686e5af0f856ec1e390dd0baecda","name":"Redazione","image":{"@type":"ImageObject","inLanguage":"de","@id":"https:\/\/blog.holyart.it\/de\/#\/schema\/person\/image\/","url":"https:\/\/secure.gravatar.com\/avatar\/f477da817f43e50d0af36abecd33e3edf826c68299714bdc1057dff3b113f516?s=96&d=mm&r=g","contentUrl":"https:\/\/secure.gravatar.com\/avatar\/f477da817f43e50d0af36abecd33e3edf826c68299714bdc1057dff3b113f516?s=96&d=mm&r=g","caption":"Redazione"}}]}},"_links":{"self":[{"href":"https:\/\/blog.holyart.it\/de\/wp-json\/wp\/v2\/posts\/6806","targetHints":{"allow":["GET"]}}],"collection":[{"href":"https:\/\/blog.holyart.it\/de\/wp-json\/wp\/v2\/posts"}],"about":[{"href":"https:\/\/blog.holyart.it\/de\/wp-json\/wp\/v2\/types\/post"}],"author":[{"embeddable":true,"href":"https:\/\/blog.holyart.it\/de\/wp-json\/wp\/v2\/users\/1"}],"replies":[{"embeddable":true,"href":"https:\/\/blog.holyart.it\/de\/wp-json\/wp\/v2\/comments?post=6806"}],"version-history":[{"count":28,"href":"https:\/\/blog.holyart.it\/de\/wp-json\/wp\/v2\/posts\/6806\/revisions"}],"predecessor-version":[{"id":6846,"href":"https:\/\/blog.holyart.it\/de\/wp-json\/wp\/v2\/posts\/6806\/revisions\/6846"}],"wp:featuredmedia":[{"embeddable":true,"href":"https:\/\/blog.holyart.it\/de\/wp-json\/wp\/v2\/media\/6809"}],"wp:attachment":[{"href":"https:\/\/blog.holyart.it\/de\/wp-json\/wp\/v2\/media?parent=6806"}],"wp:term":[{"taxonomy":"category","embeddable":true,"href":"https:\/\/blog.holyart.it\/de\/wp-json\/wp\/v2\/categories?post=6806"},{"taxonomy":"post_tag","embeddable":true,"href":"https:\/\/blog.holyart.it\/de\/wp-json\/wp\/v2\/tags?post=6806"}],"curies":[{"name":"wp","href":"https:\/\/api.w.org\/{rel}","templated":true}]}}