{"id":6756,"date":"2025-09-08T10:00:32","date_gmt":"2025-09-08T08:00:32","guid":{"rendered":"https:\/\/blog.holyart.it\/de\/?p=6756"},"modified":"2025-09-03T14:48:09","modified_gmt":"2025-09-03T12:48:09","slug":"die-geschichte-von-san-gennaro-dem-schutzpatron-von-neapel","status":"publish","type":"post","link":"https:\/\/blog.holyart.it\/de\/heilige-und-selige\/die-geschichte-von-san-gennaro-dem-schutzpatron-von-neapel\/","title":{"rendered":"Die Geschichte von San Gennaro, dem Schutzpatron von Neapel"},"content":{"rendered":"<p><strong>Die Geschichte von San Gennaro spielt w\u00e4hrend der grausamen Verfolgung unter Diokletian, doch sie ist von Anfang an von Legenden umwoben.<\/strong><\/p>\n\n<p>Viele Geheimnisse sind mit dem Kult und der Geschichte von San Gennaro, dem Patron von Neapel, verbunden. Schon bei seiner Geburt gibt es Unklarheiten: W\u00e4hrend viele historische Dokumente den<strong> 21. April 272 n. Chr.<\/strong> als Geburtsdatum nennen, gibt es keine genauen Angaben zum Geburtsort. <strong>Zwei St\u00e4dte beanspruchen die Herkunft des Heiligen: Neapel,<\/strong> der Ort seines Martyriums (San Gennaro wurde 305 n. Chr. in Pozzuoli gek\u00f6pft) und Schauplatz des Wunders der Reliquien, sowie <strong>Benevento<\/strong>, wo er Bischof war. Die Neapolitaner schreiben ihm auch das Stoppen des Vesuvausbruchs von 1631 zu.<\/p>\n<p>Unabh\u00e4ngig davon, welche Stadt tats\u00e4chlich diese illustre Herkunft beanspruchen kann, entwickelte sich der Kult um San Gennaro von Anfang an in <strong>Kampanien<\/strong>, der Region, in der er als Mensch und insbesondere als religi\u00f6se Pers\u00f6nlichkeit lebte. San Gennaro starb jung, doch dies hinderte ihn nicht daran, von allen gesch\u00e4tzt zu werden, bis hin zum Respekt und zur Wertsch\u00e4tzung nicht nur der Christen, sondern auch der Heiden, die ihm begegneten. Die Liebe und der Respekt aller resultierten aus seiner Hingabe an die N\u00e4chstenliebe, die sich in wohlt\u00e4tigen Taten gegen\u00fcber allen ohne Unterschied \u00e4u\u00dferte. Dies machte ihn von Anfang an sehr nah am Volk, das ihn als Bezugspunkt und eine Art W\u00e4chter und Besch\u00fctzer ansah.<\/p>\n<div class=\"link-product\">\n<div class=\"blocco-immagine\"><img loading=\"lazy\" decoding=\"async\" class=\"size-full wp-image-6758 alignleft\" src=\"https:\/\/blog.holyart.it\/de\/wp-content\/uploads\/sites\/12\/2025\/09\/Wandteppich-San-Gennaro.jpg\" alt=\"Wandteppich San Gennaro\" width=\"100\" height=\"100\" data-kale-share-title=\"Die Geschichte von San Gennaro, dem Schutzpatron von Neapel\" data-kale-share-url=\"https:\/\/blog.holyart.it\/de\/?p=6756\" \/><\/div>\n<div class=\"blocco-contenuto\">\n<div class=\"blocco-acquista\">Einkaufen:<\/div>\n<div class=\"blocco-titolo\"><strong><a href=\"https:\/\/www.holyart.de\/devotionalien\/wandteppiche\/wandteppich-heiliger-januarius-65x45cm\">Wandteppich Heiliger Januarius 65x45cm<\/a><\/strong><\/div>\n<div class=\"blocco-descrizione\">Wandteppich, Motiv: Heiliger Januarius, Format: 65&#215;46 cm. Der Wandteppich aus raffiniertem&#8230;<\/div>\n<\/div>\n<\/div>\n<p>Sein Name, <strong>Gennaro<\/strong>, war bereits damals in Kampanien und S\u00fcditalien weit verbreitet und ist es auch heute noch, vor allem dank des Kultes, dessen Protagonist der Heilige ist. Er leitet sich vom lateinischen \u201eIanuarius\u201c ab und ist mit dem Kult von Janus (Ianus), der zweigesichtigen Gottheit der r\u00f6misch-italischen Kultur, die die Schl\u00fcssel des Himmels bewahrt, dem ersten Monat des Jahres zugeordnet ist und Schutz f\u00fcr Anfang und \u00dcberg\u00e4nge bietet, verbunden.<\/p>\n<h2>Die Geschichte von San Gennaro<\/h2>\n<p>Die Geschichte von San Gennaro spielt w\u00e4hrend der Herrschaft von <strong>Diokletian<\/strong>, dem r\u00f6mischen Kaiser, der anfangs eine gewisse Offenheit gegen\u00fcber den Christen zeigte, ihnen Freiheit und hohe \u00c4mter zugestand, sp\u00e4ter jedoch eine der grausamsten <strong>Verfolgungen<\/strong> der Geschichte gegen sie entfesselte. Besonders sorgte der Kaiser daf\u00fcr, dass den Mitgliedern der Kirche die G\u00fcter entzogen wurden, die sie zur Hilfe der Armen und Bed\u00fcrftigen nutzten, um so die Liebe des Volkes zu ihnen zu untergraben.<\/p>\n<div class=\"link-product\">\n<div class=\"blocco-immagine\"><img loading=\"lazy\" decoding=\"async\" class=\"size-full wp-image-6762 alignleft\" src=\"https:\/\/blog.holyart.it\/de\/wp-content\/uploads\/sites\/12\/2025\/09\/statue-heiliger-januarius-40-cm-aus-kunstharz-farbig-gefasst-2.jpg\" alt=\"Statue heiliger januarius\" width=\"100\" height=\"100\" data-kale-share-title=\"Die Geschichte von San Gennaro, dem Schutzpatron von Neapel\" data-kale-share-url=\"https:\/\/blog.holyart.it\/de\/?p=6756\" \/><\/div>\n<div class=\"blocco-contenuto\">\n<div class=\"blocco-acquista\">Einkaufen:<\/div>\n<div class=\"blocco-titolo\"><strong><a href=\"https:\/\/www.holyart.de\/devotionalien\/statuen\/statuen-aus-resin-und-pvc\/statue-heiliger-januarius-40-cm-aus-kunstharz-farbig-gefasst\">Statue, Heiliger Januarius, 40 cm, aus Kunstharz, farbig gefasst<\/a><\/strong><\/div>\n<div class=\"blocco-descrizione\">Statue, Heiliger Januarius, H\u00f6he: 40 cm, Material: Kunstharz, von Hand farbig&#8230;<\/div>\n<\/div>\n<\/div>\n<p>Wie viele andere wurde Gennaro unter Diokletian zum M\u00e4rtyrer. Als <strong>Bischof von Benevento <\/strong>besuchte er seinen Freund, den Diakon Sosso (oder Sossio), Leiter der Christen von Miseno. Als dieser auf Befehl des Richters Dragonio, Prokonsul von Kampanien, ins Gef\u00e4ngnis geworfen wurde, wollte Gennaro ihn in der Haft besuchen, begleitet von seinen Freunden, dem Diakon Festo und dem Lektor Desiderio, um ihm seine Unterst\u00fctzung und Gebete anzubieten. Dragonio lie\u00df auch sie festnehmen und sp\u00e4ter auch den Diakon von Pozzuoli, Prokolo, und zwei gl\u00e4ubige Christen, Eutichius und Acuzio. Verurteilt, von B\u00e4ren im Amphitheater zerrissen zu werden, wurden sie stattdessen am <strong>19. September 305 n. Chr. <\/strong>bei der Solfatara in Pozzuoli gek\u00f6pft. Dragonio hatte vermutet, dass eine \u00f6ffentliche Hinrichtung Unruhen unter dem Volk ausl\u00f6sen w\u00fcrde, das offen Sympathie f\u00fcr die Gefangenen zeigte. Kurz nach der Hinrichtung sammelte eine Frau namens Eusebia in zwei kleinen Fl\u00e4schchen etwas vom Blut des Bischofs und versteckte es. Dieses Blut sollte zum Protagonisten des bekanntesten Wunders von San Gennaro werden. Alle Leichname wurden bei der Solfatara begraben und erst hundert Jahre sp\u00e4ter, 431 n. Chr., wurden die Reliquien von San Gennaro von Pozzuoli in die Katakomben von Capodimonte in Neapel \u00fcberf\u00fchrt, die seitdem als <strong>Katakomben von San Gennaro <\/strong>bekannt sind.<img loading=\"lazy\" decoding=\"async\" class=\"alignnone size-full wp-image-6764\" src=\"https:\/\/blog.holyart.it\/de\/wp-content\/uploads\/sites\/12\/2025\/09\/Katakomben-des-Heiligen-Januarius.jpeg\" alt=\"Katakomben des Heiligen Januarius\" width=\"1000\" height=\"750\" data-kale-share-title=\"Die Geschichte von San Gennaro, dem Schutzpatron von Neapel\" data-kale-share-url=\"https:\/\/blog.holyart.it\/de\/?p=6756\" \/><\/p>\n<h2>Die Reliquien des Heiligen im Dom von Neapel<\/h2>\n<p>Der Kult von <strong>San Gennaro <\/strong>verbreitete sich <strong>in<\/strong> <strong>Neapel<\/strong> so schnell, dass eine Erweiterung der Katakomben notwendig wurde, um alle Gl\u00e4ubigen aufzunehmen, die dorthin kamen, um ihre Verehrung zu zeigen. Dies geschah trotz der Tatsache, dass seine Kanonisierung erst 1586 erfolgen sollte! Die Besuche nahmen weiter zu, als dem Heiligen gro\u00dfe Wunder zugeschrieben wurden, wie seine F\u00fcrbitte bei dem gewaltigen Ausbruch des Vesuvs 472 n. Chr., nach dem es \u00fcblich wurde, ihn <strong>bei Erdbeben und Ausbr\u00fcchen<\/strong> anzurufen und ihn schlie\u00dflich zum<strong> Patron der Stadt <\/strong>zu erheben. Als Zeichen des Dankes an San Gennaro nach einem weiteren Ausbruch im Jahr 512 n. Chr. lie\u00df Bischof Stefan I. von Neapel neben der Basilika von Santa Restituta die Kirche Stefania errichten, die sp\u00e4ter zum <strong>Dom<\/strong> werden sollte. Hier lie\u00df er den Sch\u00e4del und die Fl\u00e4schchen mit dem Blut von San Gennaro aufbewahren und sie vor der Pl\u00fcnderung durch den langobardischen K\u00f6nig Sicone sch\u00fctzen, der 831 n. Chr. die anderen Relikte des Heiligen aus den Katakomben stahl und nach Benevento brachte.<\/p>\n<p>Noch heute ereignet sich im Dom von San Gennaro ein weltweit bekanntes Wunder: Dreimal im Jahr, w\u00e4hrend einer feierlichen Zeremonie, an der tausende Gl\u00e4ubige teilnehmen, wird das <strong><a href=\"https:\/\/www.holyart.de\/blog\/heilige-und-selige\/das-blut-des-heiligen-januarius-wie-und-wann-das-wunder-geschieht\/\">Blut von San Gennaro <\/a><\/strong>wieder fl\u00fcssig.<\/p>\n<div class=\"link-article\">\n<p><img loading=\"lazy\" decoding=\"async\" class=\"size-full wp-image-6765 alignleft\" src=\"https:\/\/blog.holyart.it\/de\/wp-content\/uploads\/sites\/12\/2025\/09\/das-Blut-des-Heiligen-Januarius.jpg\" alt=\"das Blut des Heiligen Januarius\" width=\"150\" height=\"99\" data-kale-share-title=\"Die Geschichte von San Gennaro, dem Schutzpatron von Neapel\" data-kale-share-url=\"https:\/\/blog.holyart.it\/de\/?p=6756\" \/><\/p>\n<div class=\"leggi-anche\">Lesen Sie auch:<\/div>\n<p><strong><a href=\"https:\/\/www.holyart.de\/blog\/heilige-und-selige\/das-blut-des-heiligen-januarius-wie-und-wann-das-wunder-geschieht\/\">Das Blut des Heiligen Januarius: Wie und wann das Wunder geschieht<\/a><\/strong><br \/>\nDreimal im Jahr wird das Blut des M\u00e4rtyrers und Patrons von Neapel&#8230;<\/p>\n<\/div>\n<h2><strong><br \/>\n<\/strong>Der Schatz von San Gennaro<\/h2>\n<p>Neben dem Dom von Neapel und der Schatzkapelle \u00f6ffnet sich der Eingang zum <strong>Museo del Tesoro di San Gennaro<\/strong>. Hier sind die vielen wertvollen Geschenke gesammelt, die P\u00e4pste, K\u00f6nige, Kaiser, Adelige, aber auch einfache Menschen dem Heiligen im Laufe der Jahrhunderte als Zeichen der Dankbarkeit f\u00fcr seinen Schutz und seine F\u00fcrbitte gemacht haben. Seit 1527 wird dieser Schatz von der Deputation der k\u00f6niglichen Schatzkapelle von San Gennaro, einer laizistischen Institution, verwaltet. Unter den weiteren wertvollen Objekten und Kunstwerken im Museum befinden sich die Mitra von San Gennaro, verziert mit 3964 Edelsteinen, die Kette von San Gennaro, der im Laufe der Jahrhunderte mit Edelsteinen und Schmuckst\u00fccken erg\u00e4nzt wurde, sowie die Insignien des Ordens von San Gennaro, aber auch eine Sammlung von Silbersachen und hochwertigen Gem\u00e4lden.<\/p>\n<div class=\"link-product\">\n<div class=\"blocco-immagine\"><img loading=\"lazy\" decoding=\"async\" class=\"size-full wp-image-6766 alignleft\" src=\"https:\/\/blog.holyart.it\/de\/wp-content\/uploads\/sites\/12\/2025\/09\/Bueste-San-Gennaro-aus-Harz-mit-Goldverzierungen-14-cm.jpg\" alt=\"B\u00fcste San Gennaro aus Harz mit Goldverzierungen 14 cm\" width=\"100\" height=\"100\" data-kale-share-title=\"Die Geschichte von San Gennaro, dem Schutzpatron von Neapel\" data-kale-share-url=\"https:\/\/blog.holyart.it\/de\/?p=6756\" \/><\/div>\n<div class=\"blocco-contenuto\">\n<div class=\"blocco-acquista\">Einkaufen:<\/div>\n<div class=\"blocco-titolo\"><strong><a href=\"https:\/\/www.holyart.de\/devotionalien\/statuen\/statuen-aus-resin-und-pvc\/statue-aus-harz-januarius-goldene-details-14-cm\">Statue aus Harz Januarius goldene Details, 14 cm<\/a><\/strong><\/div>\n<div class=\"blocco-descrizione\">Statue aus Harz Januarius goldene Details, 14 cm. Sch\u00f6ne Statue hergestellt aus Harz mit viel liebe zum Detail&#8230;.<\/div>\n<\/div>\n<\/div>\n","protected":false},"excerpt":{"rendered":"<p>Die Geschichte von San Gennaro spielt w\u00e4hrend der grausamen Verfolgung unter Diokletian, doch sie ist von Anfang an von Legenden umwoben. Viele Geheimnisse sind mit dem Kult und der Geschichte von San Gennaro, dem Patron von Neapel, verbunden. Schon bei seiner Geburt gibt es Unklarheiten:&hellip;<\/p>\n","protected":false},"author":1,"featured_media":6768,"comment_status":"closed","ping_status":"open","sticky":false,"template":"","format":"standard","meta":{"_acf_changed":false,"footnotes":""},"categories":[9],"tags":[],"class_list":["post-6756","post","type-post","status-publish","format-standard","has-post-thumbnail","hentry","category-heilige-und-selige"],"acf":[],"yoast_head":"<!-- This site is optimized with the Yoast SEO plugin v26.6 - https:\/\/yoast.com\/wordpress\/plugins\/seo\/ -->\n<title>Die Geschichte von San Gennaro, dem Schutzpatron von Neapel - Holyart.de Blog<\/title>\n<meta name=\"description\" content=\"Die Geschichte von San Gennaro spielt w\u00e4hrend der grausamen Verfolgung unter Diokletian, doch sie ist von Anfang an von Legenden umwoben...\" \/>\n<meta name=\"robots\" content=\"index, follow, max-snippet:-1, max-image-preview:large, max-video-preview:-1\" \/>\n<link rel=\"canonical\" href=\"https:\/\/blog.holyart.it\/de\/heilige-und-selige\/die-geschichte-von-san-gennaro-dem-schutzpatron-von-neapel\/\" \/>\n<meta property=\"og:locale\" content=\"de_DE\" \/>\n<meta property=\"og:type\" content=\"article\" \/>\n<meta property=\"og:title\" content=\"Die Geschichte von San Gennaro, dem Schutzpatron von Neapel - Holyart.de Blog\" \/>\n<meta property=\"og:description\" content=\"Die Geschichte von San Gennaro spielt w\u00e4hrend der grausamen Verfolgung unter Diokletian, doch sie ist von Anfang an von Legenden umwoben...\" \/>\n<meta property=\"og:url\" content=\"https:\/\/blog.holyart.it\/de\/heilige-und-selige\/die-geschichte-von-san-gennaro-dem-schutzpatron-von-neapel\/\" \/>\n<meta property=\"og:site_name\" content=\"Holyart.de Blog\" \/>\n<meta property=\"article:published_time\" content=\"2025-09-08T08:00:32+00:00\" \/>\n<meta property=\"og:image\" content=\"https:\/\/blog.holyart.it\/de\/wp-content\/uploads\/sites\/12\/2025\/09\/San-Gennaro-Schutzpatron-von-Neapel.jpg\" \/>\n\t<meta property=\"og:image:width\" content=\"1000\" \/>\n\t<meta property=\"og:image:height\" content=\"666\" \/>\n\t<meta property=\"og:image:type\" content=\"image\/jpeg\" \/>\n<meta name=\"author\" content=\"Redazione\" \/>\n<meta name=\"twitter:card\" content=\"summary_large_image\" \/>\n<meta name=\"twitter:label1\" content=\"Verfasst von\" \/>\n\t<meta name=\"twitter:data1\" content=\"Redazione\" \/>\n\t<meta name=\"twitter:label2\" content=\"Gesch\u00e4tzte Lesezeit\" \/>\n\t<meta name=\"twitter:data2\" content=\"7\u00a0Minuten\" \/>\n<script type=\"application\/ld+json\" class=\"yoast-schema-graph\">{\"@context\":\"https:\/\/schema.org\",\"@graph\":[{\"@type\":\"Article\",\"@id\":\"https:\/\/blog.holyart.it\/de\/heilige-und-selige\/die-geschichte-von-san-gennaro-dem-schutzpatron-von-neapel\/#article\",\"isPartOf\":{\"@id\":\"https:\/\/blog.holyart.it\/de\/heilige-und-selige\/die-geschichte-von-san-gennaro-dem-schutzpatron-von-neapel\/\"},\"author\":{\"name\":\"Redazione\",\"@id\":\"https:\/\/blog.holyart.it\/de\/#\/schema\/person\/0a7b686e5af0f856ec1e390dd0baecda\"},\"headline\":\"Die Geschichte von San Gennaro, dem Schutzpatron von Neapel\",\"datePublished\":\"2025-09-08T08:00:32+00:00\",\"mainEntityOfPage\":{\"@id\":\"https:\/\/blog.holyart.it\/de\/heilige-und-selige\/die-geschichte-von-san-gennaro-dem-schutzpatron-von-neapel\/\"},\"wordCount\":1059,\"publisher\":{\"@id\":\"https:\/\/blog.holyart.it\/de\/#organization\"},\"image\":{\"@id\":\"https:\/\/blog.holyart.it\/de\/heilige-und-selige\/die-geschichte-von-san-gennaro-dem-schutzpatron-von-neapel\/#primaryimage\"},\"thumbnailUrl\":\"https:\/\/blog.holyart.it\/de\/wp-content\/uploads\/sites\/12\/2025\/09\/San-Gennaro-Schutzpatron-von-Neapel.jpg\",\"articleSection\":[\"Heilige und Selige\"],\"inLanguage\":\"de\"},{\"@type\":\"WebPage\",\"@id\":\"https:\/\/blog.holyart.it\/de\/heilige-und-selige\/die-geschichte-von-san-gennaro-dem-schutzpatron-von-neapel\/\",\"url\":\"https:\/\/blog.holyart.it\/de\/heilige-und-selige\/die-geschichte-von-san-gennaro-dem-schutzpatron-von-neapel\/\",\"name\":\"Die Geschichte von San Gennaro, dem Schutzpatron von Neapel - Holyart.de Blog\",\"isPartOf\":{\"@id\":\"https:\/\/blog.holyart.it\/de\/#website\"},\"primaryImageOfPage\":{\"@id\":\"https:\/\/blog.holyart.it\/de\/heilige-und-selige\/die-geschichte-von-san-gennaro-dem-schutzpatron-von-neapel\/#primaryimage\"},\"image\":{\"@id\":\"https:\/\/blog.holyart.it\/de\/heilige-und-selige\/die-geschichte-von-san-gennaro-dem-schutzpatron-von-neapel\/#primaryimage\"},\"thumbnailUrl\":\"https:\/\/blog.holyart.it\/de\/wp-content\/uploads\/sites\/12\/2025\/09\/San-Gennaro-Schutzpatron-von-Neapel.jpg\",\"datePublished\":\"2025-09-08T08:00:32+00:00\",\"description\":\"Die Geschichte von San Gennaro spielt w\u00e4hrend der grausamen Verfolgung unter Diokletian, doch sie ist von Anfang an von Legenden umwoben...\",\"breadcrumb\":{\"@id\":\"https:\/\/blog.holyart.it\/de\/heilige-und-selige\/die-geschichte-von-san-gennaro-dem-schutzpatron-von-neapel\/#breadcrumb\"},\"inLanguage\":\"de\",\"potentialAction\":[{\"@type\":\"ReadAction\",\"target\":[\"https:\/\/blog.holyart.it\/de\/heilige-und-selige\/die-geschichte-von-san-gennaro-dem-schutzpatron-von-neapel\/\"]}]},{\"@type\":\"ImageObject\",\"inLanguage\":\"de\",\"@id\":\"https:\/\/blog.holyart.it\/de\/heilige-und-selige\/die-geschichte-von-san-gennaro-dem-schutzpatron-von-neapel\/#primaryimage\",\"url\":\"https:\/\/blog.holyart.it\/de\/wp-content\/uploads\/sites\/12\/2025\/09\/San-Gennaro-Schutzpatron-von-Neapel.jpg\",\"contentUrl\":\"https:\/\/blog.holyart.it\/de\/wp-content\/uploads\/sites\/12\/2025\/09\/San-Gennaro-Schutzpatron-von-Neapel.jpg\",\"width\":1000,\"height\":666,\"caption\":\"San Gennaro, Schutzpatron von Neapel\"},{\"@type\":\"BreadcrumbList\",\"@id\":\"https:\/\/blog.holyart.it\/de\/heilige-und-selige\/die-geschichte-von-san-gennaro-dem-schutzpatron-von-neapel\/#breadcrumb\",\"itemListElement\":[{\"@type\":\"ListItem\",\"position\":1,\"name\":\"Homepage\",\"item\":\"https:\/\/blog.holyart.it\/de\/\"},{\"@type\":\"ListItem\",\"position\":2,\"name\":\"Heilige und Selige\",\"item\":\"https:\/\/blog.holyart.it\/de\/heilige-und-selige\/\"},{\"@type\":\"ListItem\",\"position\":3,\"name\":\"Die Geschichte von San Gennaro, dem Schutzpatron von Neapel\"}]},{\"@type\":\"WebSite\",\"@id\":\"https:\/\/blog.holyart.it\/de\/#website\",\"url\":\"https:\/\/blog.holyart.it\/de\/\",\"name\":\"Holyart.de Blog\",\"description\":\"Holyblog\",\"publisher\":{\"@id\":\"https:\/\/blog.holyart.it\/de\/#organization\"},\"potentialAction\":[{\"@type\":\"SearchAction\",\"target\":{\"@type\":\"EntryPoint\",\"urlTemplate\":\"https:\/\/blog.holyart.it\/de\/?s={search_term_string}\"},\"query-input\":{\"@type\":\"PropertyValueSpecification\",\"valueRequired\":true,\"valueName\":\"search_term_string\"}}],\"inLanguage\":\"de\"},{\"@type\":\"Organization\",\"@id\":\"https:\/\/blog.holyart.it\/de\/#organization\",\"name\":\"Holyart.de Blog\",\"url\":\"https:\/\/blog.holyart.it\/de\/\",\"logo\":{\"@type\":\"ImageObject\",\"inLanguage\":\"de\",\"@id\":\"https:\/\/blog.holyart.it\/de\/#\/schema\/logo\/image\/\",\"url\":\"https:\/\/blog.holyart.it\/de\/wp-content\/uploads\/sites\/12\/2022\/12\/Holyart_Blog_Logo.jpg\",\"contentUrl\":\"https:\/\/blog.holyart.it\/de\/wp-content\/uploads\/sites\/12\/2022\/12\/Holyart_Blog_Logo.jpg\",\"width\":300,\"height\":50,\"caption\":\"Holyart.de Blog\"},\"image\":{\"@id\":\"https:\/\/blog.holyart.it\/de\/#\/schema\/logo\/image\/\"}},{\"@type\":\"Person\",\"@id\":\"https:\/\/blog.holyart.it\/de\/#\/schema\/person\/0a7b686e5af0f856ec1e390dd0baecda\",\"name\":\"Redazione\",\"image\":{\"@type\":\"ImageObject\",\"inLanguage\":\"de\",\"@id\":\"https:\/\/blog.holyart.it\/de\/#\/schema\/person\/image\/\",\"url\":\"https:\/\/secure.gravatar.com\/avatar\/f477da817f43e50d0af36abecd33e3edf826c68299714bdc1057dff3b113f516?s=96&d=mm&r=g\",\"contentUrl\":\"https:\/\/secure.gravatar.com\/avatar\/f477da817f43e50d0af36abecd33e3edf826c68299714bdc1057dff3b113f516?s=96&d=mm&r=g\",\"caption\":\"Redazione\"}}]}<\/script>\n<!-- \/ Yoast SEO plugin. -->","yoast_head_json":{"title":"Die Geschichte von San Gennaro, dem Schutzpatron von Neapel - Holyart.de Blog","description":"Die Geschichte von San Gennaro spielt w\u00e4hrend der grausamen Verfolgung unter Diokletian, doch sie ist von Anfang an von Legenden umwoben...","robots":{"index":"index","follow":"follow","max-snippet":"max-snippet:-1","max-image-preview":"max-image-preview:large","max-video-preview":"max-video-preview:-1"},"canonical":"https:\/\/blog.holyart.it\/de\/heilige-und-selige\/die-geschichte-von-san-gennaro-dem-schutzpatron-von-neapel\/","og_locale":"de_DE","og_type":"article","og_title":"Die Geschichte von San Gennaro, dem Schutzpatron von Neapel - Holyart.de Blog","og_description":"Die Geschichte von San Gennaro spielt w\u00e4hrend der grausamen Verfolgung unter Diokletian, doch sie ist von Anfang an von Legenden umwoben...","og_url":"https:\/\/blog.holyart.it\/de\/heilige-und-selige\/die-geschichte-von-san-gennaro-dem-schutzpatron-von-neapel\/","og_site_name":"Holyart.de Blog","article_published_time":"2025-09-08T08:00:32+00:00","og_image":[{"width":1000,"height":666,"url":"https:\/\/blog.holyart.it\/de\/wp-content\/uploads\/sites\/12\/2025\/09\/San-Gennaro-Schutzpatron-von-Neapel.jpg","type":"image\/jpeg"}],"author":"Redazione","twitter_card":"summary_large_image","twitter_misc":{"Verfasst von":"Redazione","Gesch\u00e4tzte Lesezeit":"7\u00a0Minuten"},"schema":{"@context":"https:\/\/schema.org","@graph":[{"@type":"Article","@id":"https:\/\/blog.holyart.it\/de\/heilige-und-selige\/die-geschichte-von-san-gennaro-dem-schutzpatron-von-neapel\/#article","isPartOf":{"@id":"https:\/\/blog.holyart.it\/de\/heilige-und-selige\/die-geschichte-von-san-gennaro-dem-schutzpatron-von-neapel\/"},"author":{"name":"Redazione","@id":"https:\/\/blog.holyart.it\/de\/#\/schema\/person\/0a7b686e5af0f856ec1e390dd0baecda"},"headline":"Die Geschichte von San Gennaro, dem Schutzpatron von Neapel","datePublished":"2025-09-08T08:00:32+00:00","mainEntityOfPage":{"@id":"https:\/\/blog.holyart.it\/de\/heilige-und-selige\/die-geschichte-von-san-gennaro-dem-schutzpatron-von-neapel\/"},"wordCount":1059,"publisher":{"@id":"https:\/\/blog.holyart.it\/de\/#organization"},"image":{"@id":"https:\/\/blog.holyart.it\/de\/heilige-und-selige\/die-geschichte-von-san-gennaro-dem-schutzpatron-von-neapel\/#primaryimage"},"thumbnailUrl":"https:\/\/blog.holyart.it\/de\/wp-content\/uploads\/sites\/12\/2025\/09\/San-Gennaro-Schutzpatron-von-Neapel.jpg","articleSection":["Heilige und Selige"],"inLanguage":"de"},{"@type":"WebPage","@id":"https:\/\/blog.holyart.it\/de\/heilige-und-selige\/die-geschichte-von-san-gennaro-dem-schutzpatron-von-neapel\/","url":"https:\/\/blog.holyart.it\/de\/heilige-und-selige\/die-geschichte-von-san-gennaro-dem-schutzpatron-von-neapel\/","name":"Die Geschichte von San Gennaro, dem Schutzpatron von Neapel - Holyart.de Blog","isPartOf":{"@id":"https:\/\/blog.holyart.it\/de\/#website"},"primaryImageOfPage":{"@id":"https:\/\/blog.holyart.it\/de\/heilige-und-selige\/die-geschichte-von-san-gennaro-dem-schutzpatron-von-neapel\/#primaryimage"},"image":{"@id":"https:\/\/blog.holyart.it\/de\/heilige-und-selige\/die-geschichte-von-san-gennaro-dem-schutzpatron-von-neapel\/#primaryimage"},"thumbnailUrl":"https:\/\/blog.holyart.it\/de\/wp-content\/uploads\/sites\/12\/2025\/09\/San-Gennaro-Schutzpatron-von-Neapel.jpg","datePublished":"2025-09-08T08:00:32+00:00","description":"Die Geschichte von San Gennaro spielt w\u00e4hrend der grausamen Verfolgung unter Diokletian, doch sie ist von Anfang an von Legenden umwoben...","breadcrumb":{"@id":"https:\/\/blog.holyart.it\/de\/heilige-und-selige\/die-geschichte-von-san-gennaro-dem-schutzpatron-von-neapel\/#breadcrumb"},"inLanguage":"de","potentialAction":[{"@type":"ReadAction","target":["https:\/\/blog.holyart.it\/de\/heilige-und-selige\/die-geschichte-von-san-gennaro-dem-schutzpatron-von-neapel\/"]}]},{"@type":"ImageObject","inLanguage":"de","@id":"https:\/\/blog.holyart.it\/de\/heilige-und-selige\/die-geschichte-von-san-gennaro-dem-schutzpatron-von-neapel\/#primaryimage","url":"https:\/\/blog.holyart.it\/de\/wp-content\/uploads\/sites\/12\/2025\/09\/San-Gennaro-Schutzpatron-von-Neapel.jpg","contentUrl":"https:\/\/blog.holyart.it\/de\/wp-content\/uploads\/sites\/12\/2025\/09\/San-Gennaro-Schutzpatron-von-Neapel.jpg","width":1000,"height":666,"caption":"San Gennaro, Schutzpatron von Neapel"},{"@type":"BreadcrumbList","@id":"https:\/\/blog.holyart.it\/de\/heilige-und-selige\/die-geschichte-von-san-gennaro-dem-schutzpatron-von-neapel\/#breadcrumb","itemListElement":[{"@type":"ListItem","position":1,"name":"Homepage","item":"https:\/\/blog.holyart.it\/de\/"},{"@type":"ListItem","position":2,"name":"Heilige und Selige","item":"https:\/\/blog.holyart.it\/de\/heilige-und-selige\/"},{"@type":"ListItem","position":3,"name":"Die Geschichte von San Gennaro, dem Schutzpatron von Neapel"}]},{"@type":"WebSite","@id":"https:\/\/blog.holyart.it\/de\/#website","url":"https:\/\/blog.holyart.it\/de\/","name":"Holyart.de Blog","description":"Holyblog","publisher":{"@id":"https:\/\/blog.holyart.it\/de\/#organization"},"potentialAction":[{"@type":"SearchAction","target":{"@type":"EntryPoint","urlTemplate":"https:\/\/blog.holyart.it\/de\/?s={search_term_string}"},"query-input":{"@type":"PropertyValueSpecification","valueRequired":true,"valueName":"search_term_string"}}],"inLanguage":"de"},{"@type":"Organization","@id":"https:\/\/blog.holyart.it\/de\/#organization","name":"Holyart.de Blog","url":"https:\/\/blog.holyart.it\/de\/","logo":{"@type":"ImageObject","inLanguage":"de","@id":"https:\/\/blog.holyart.it\/de\/#\/schema\/logo\/image\/","url":"https:\/\/blog.holyart.it\/de\/wp-content\/uploads\/sites\/12\/2022\/12\/Holyart_Blog_Logo.jpg","contentUrl":"https:\/\/blog.holyart.it\/de\/wp-content\/uploads\/sites\/12\/2022\/12\/Holyart_Blog_Logo.jpg","width":300,"height":50,"caption":"Holyart.de Blog"},"image":{"@id":"https:\/\/blog.holyart.it\/de\/#\/schema\/logo\/image\/"}},{"@type":"Person","@id":"https:\/\/blog.holyart.it\/de\/#\/schema\/person\/0a7b686e5af0f856ec1e390dd0baecda","name":"Redazione","image":{"@type":"ImageObject","inLanguage":"de","@id":"https:\/\/blog.holyart.it\/de\/#\/schema\/person\/image\/","url":"https:\/\/secure.gravatar.com\/avatar\/f477da817f43e50d0af36abecd33e3edf826c68299714bdc1057dff3b113f516?s=96&d=mm&r=g","contentUrl":"https:\/\/secure.gravatar.com\/avatar\/f477da817f43e50d0af36abecd33e3edf826c68299714bdc1057dff3b113f516?s=96&d=mm&r=g","caption":"Redazione"}}]}},"_links":{"self":[{"href":"https:\/\/blog.holyart.it\/de\/wp-json\/wp\/v2\/posts\/6756","targetHints":{"allow":["GET"]}}],"collection":[{"href":"https:\/\/blog.holyart.it\/de\/wp-json\/wp\/v2\/posts"}],"about":[{"href":"https:\/\/blog.holyart.it\/de\/wp-json\/wp\/v2\/types\/post"}],"author":[{"embeddable":true,"href":"https:\/\/blog.holyart.it\/de\/wp-json\/wp\/v2\/users\/1"}],"replies":[{"embeddable":true,"href":"https:\/\/blog.holyart.it\/de\/wp-json\/wp\/v2\/comments?post=6756"}],"version-history":[{"count":8,"href":"https:\/\/blog.holyart.it\/de\/wp-json\/wp\/v2\/posts\/6756\/revisions"}],"predecessor-version":[{"id":6772,"href":"https:\/\/blog.holyart.it\/de\/wp-json\/wp\/v2\/posts\/6756\/revisions\/6772"}],"wp:featuredmedia":[{"embeddable":true,"href":"https:\/\/blog.holyart.it\/de\/wp-json\/wp\/v2\/media\/6768"}],"wp:attachment":[{"href":"https:\/\/blog.holyart.it\/de\/wp-json\/wp\/v2\/media?parent=6756"}],"wp:term":[{"taxonomy":"category","embeddable":true,"href":"https:\/\/blog.holyart.it\/de\/wp-json\/wp\/v2\/categories?post=6756"},{"taxonomy":"post_tag","embeddable":true,"href":"https:\/\/blog.holyart.it\/de\/wp-json\/wp\/v2\/tags?post=6756"}],"curies":[{"name":"wp","href":"https:\/\/api.w.org\/{rel}","templated":true}]}}