{"id":6679,"date":"2025-08-27T10:00:44","date_gmt":"2025-08-27T08:00:44","guid":{"rendered":"https:\/\/blog.holyart.it\/de\/?p=6679"},"modified":"2025-08-26T17:45:37","modified_gmt":"2025-08-26T15:45:37","slug":"acutis-und-frassati-die-ersten-heiligsprechungen-von-papst-leo-xiv","status":"publish","type":"post","link":"https:\/\/blog.holyart.it\/de\/heilige-und-selige\/acutis-und-frassati-die-ersten-heiligsprechungen-von-papst-leo-xiv\/","title":{"rendered":"Acutis und Frassati: Die ersten Heiligsprechungen von Papst Leo XIV"},"content":{"rendered":"<h4><em>Papst Leo XIV. hat seine ersten Heiligen ausgew\u00e4hlt. Es sind Carlo Acutis und Pier Giorgio Frassati, zwei leuchtende Leben f\u00fcr das ruhelose Herz des dritten Jahrtausends<\/em><\/h4>\n\n<p>In der pulsierenden Stille des Petersdoms, zwischen den von Gesang und Erwartung erf\u00fcllten Kirchenschiffen, klingen die Namen zweier junger M\u00e4nner wie erf\u00fcllte Versprechen. Am <strong>7. September 2025<\/strong> wird Papst Leo XIV. sein Pontifikat mit einer Geste weihen, die nach Revolution und Erinnerung, nach Zukunft und Wurzeln riecht: der Heiligsprechung des heiligen <a href=\"https:\/\/www.holyart.de\/blog\/devotionalien\/carlo-acutis-der-selige-des-digitalen-zeitalters\/\"><strong>Carlo Acutis<\/strong><\/a> und des seligen <strong>Pier Giorgio Frassati<\/strong>, \u201e<em>seiner<\/em>\u201c ersten Heiligen, zweier junger Seelen, die mit prophetischer Stimme zu einer Welt sprechen, die nach Licht sucht.<\/p>\n<p>Carlo und Pier Giorgio. Zwei junge Menschen. Zwei Jahrhunderte. Eine einzige Heiligkeit, zwei Lebensstile.<\/p>\n<p>Der eine spricht die Sprache der Wolken, der andere die der Bergpfade. Der eine evangelisiert mit einer Tastatur, der andere mit einem Sandwich, das er einem Armen schenkt. Doch beide haben dasselbe brennende Herz, denselben auf Christus gerichteten Blick, dieselbe skandal\u00f6se Freude an der Heiligkeit. Carlo und Pier Giorgio sind zwei Heilige des dritten Jahrtausends, zwei Vorbilder, die nicht einsch\u00fcchtern, sondern anziehend wirken. Sie machen keine Schuldgef\u00fchle, sondern rufen zu etwas Gr\u00f6\u00dferem auf. Ihre Botschaft ist kraftvoll, revolution\u00e4r, wie es nur die Jugend sein kann: <strong>Man kann jung sein, verliebt in das Leben, eingetaucht in die Moderne \u2026 und gleichzeitig zutiefst heilig<\/strong>.<\/p>\n<div class=\"link-article\">\n<p><img loading=\"lazy\" decoding=\"async\" class=\"size-full wp-image-6684 alignleft\" src=\"https:\/\/blog.holyart.it\/de\/wp-content\/uploads\/sites\/12\/2025\/08\/carlo-acutis-de.jpg\" alt=\"carlo acutis de\" width=\"150\" height=\"99\" data-kale-share-title=\"Acutis und Frassati: Die ersten Heiligsprechungen von Papst Leo XIV\" data-kale-share-url=\"https:\/\/blog.holyart.it\/de\/?p=6679\" \/><\/p>\n<div class=\"leggi-anche\">Lesen Sie auch:<\/div>\n<p><strong><a href=\"https:\/\/www.holyart.de\/blog\/devotionalien\/carlo-acutis-der-selige-des-digitalen-zeitalters\/\">Carlo Acutis: der Selige des digitalen Zeitalters<\/a><\/strong><br \/>\nCarlo Acutis, der Millennial-Heilige, der sein kurzes Leben Jesus und der Hilfe f\u00fcr die \u00c4rmsten und Bed\u00fcrftigsten gewidmet hat&#8230;<\/p>\n<\/div>\n<p>Am 7. September 2025, wenn Carlo Acutis und <a href=\"https:\/\/www.holyart.de\/blog\/heilige-und-selige\/vom-berg-zum-himmel-das-leben-und-die-botschaft-von-pier-giorgio-frassati\/\"><strong>Pier Giorgio Frassati<\/strong><\/a> heiliggesprochen werden, werden sich die jungen Menschen weltweit ein wenig weniger allein f\u00fchlen.<\/p>\n<p>Mit dieser Geste spricht Papst Leo XIV. nicht nur zwei Menschen heilig: Er heiligt eine Vision. Eine Kirche, die nach vorn blickt, ohne zu vergessen, die Sch\u00f6nheit in der Zerbrechlichkeit erkennt, die sich nicht mit Nostalgie zufrieden gibt, sondern nach lebendigen Gesichtern sucht. Der Heilige Carlo Acutis und der Heilige Pier Giorgio Frassati werden die Leitsterne eines Pontifikats sein, das zu TikTok und den Alpengipfeln, zu Studierenden und Armen, zu Freiwilligen und <em>Programmierern<\/em>, zu Mystikern und Kreativen sprechen m\u00f6chte. In einer m\u00fcden und desillusionierten Zeit sind diese Heiligsprechungen eine Liebkosung und eine Herausforderung. Eine Liebkosung f\u00fcr diejenigen, die Sinn suchen. Eine Herausforderung f\u00fcr diejenigen, die sich mit dem Minimum zufrieden geben.<\/p>\n<p>Am 7. September 2025 wird die Kirche nicht nur zwei Namen in ihren Kalender aufnehmen: Sie wird auch zwei kraftvolle und leuchtende Zeichen f\u00fcr die Menschheit in Bewegung setzen.<\/p>\n<p>Carlo und Pier Giorgio, betet f\u00fcr uns. Und vor allem: Bleibt bei uns. Die Welt braucht euer Licht.<\/p>\n<div class=\"link-article\">\n<p><img loading=\"lazy\" decoding=\"async\" class=\"size-full wp-image-6686 alignleft\" src=\"https:\/\/blog.holyart.it\/de\/wp-content\/uploads\/sites\/12\/2025\/08\/pier-giorgio-frassati-2.jpeg\" alt=\"pier giorgio frassati\" width=\"150\" height=\"100\" data-kale-share-title=\"Acutis und Frassati: Die ersten Heiligsprechungen von Papst Leo XIV\" data-kale-share-url=\"https:\/\/blog.holyart.it\/de\/?p=6679\" \/><\/p>\n<div class=\"leggi-anche\">Lesen Sie auch:<\/div>\n<p><strong><a href=\"https:\/\/www.holyart.de\/blog\/heilige-und-selige\/vom-berg-zum-himmel-das-leben-und-die-botschaft-von-pier-giorgio-frassati\/\">Vom Berg zum Himmel: Das Leben und die Botschaft von Pier Giorgio Frassati<\/a><\/strong><br \/>\nVom Berg zum Himmel: Das Leben und die Botschaft von Pier Giorgio&#8230;<\/p>\n<\/div>\n<h2>Ein Papst f\u00fcr die Jugend und f\u00fcr die Zukunft<\/h2>\n<p>Es gibt Gesten, die nicht nur Entscheidungen, sondern Visionen sind.<\/p>\n<p>Papst Leo XIV. begann seinen Weg als Pontifex mit einer Feier, die in die Zukunft blickt, aber in den Leben zweier bereits erbl\u00fchter Heiligt\u00fcmer wurzelt: Carlo Acutis und Pier Giorgio Frassati. Eine Ank\u00fcndigung, die nicht von ungef\u00e4hr kommt. Bereits im November 2024, bei einer seiner letzten Generalaudienzen, war es <a href=\"https:\/\/www.holyart.it\/blog\/occasioni-speciali\/come-papa-francesco-ha-trasformato-la-chiesa-durante-il-suo-pontificato\/\"><strong>Papst Franziskus<\/strong><\/a>, der mit m\u00fcder, aber noch immer lebendiger Stimme die Herzen der Menge auf dem Petersplatz erw\u00e4rmte und die bevorstehende Heiligsprechung der beiden jungen Menschen verk\u00fcndete. Langer Applaus brach zwischen Berninis S\u00e4ulen aus, wie eine Welle der Freude, die zum Himmel aufstieg. Carlo, der Junge des Internets und des Rosenkranzes, sollte am 27. April,<strong> dem Barmherzigkeitssonntag,<\/strong> im Rahmen des Jubil\u00e4ums der Jugend heiliggesprochen werden; Pier Giorgio, der Heilige mit den schlammigen Schuhen und dem erhobenen Herzen, sollte den Heiligenschein im Rahmen des Jubil\u00e4ums der Jugend Ende Juli erhalten. Doch die Zeit hat die Daten durcheinandergebracht: <a href=\"https:\/\/www.holyart.de\/blog\/besondere-anlassen\/wie-papst-franziskus-die-kirche-waehrend-seines-pontifikats-veraendert-hat\/\"><strong>Der pl\u00f6tzliche Tod Bergoglios<\/strong><\/a> am 21. April hat alles zunichte gemacht und den Traum in der Schwebe gelassen \u2013 und mit ihm Tausende wartender Herzen. \u00dcber Frassati herrschte Schweigen. Keine Stellungnahme, keine Erw\u00e4hnung. Als w\u00e4re seine Heiligsprechung im Nichts verschwunden, wie manche Sonnenunterg\u00e4nge, die nie zur Nacht werden.<\/p>\n<div class=\"link-article\">\n<p><img loading=\"lazy\" decoding=\"async\" class=\"size-full wp-image-6688 alignleft\" src=\"https:\/\/blog.holyart.it\/de\/wp-content\/uploads\/sites\/12\/2025\/08\/Holyart_Blog_PapaFrancesco_de-1.jpg\" alt=\"Holyart Blog PapaFrancesco de\" width=\"150\" height=\"99\" data-kale-share-title=\"Acutis und Frassati: Die ersten Heiligsprechungen von Papst Leo XIV\" data-kale-share-url=\"https:\/\/blog.holyart.it\/de\/?p=6679\" \/><\/p>\n<div class=\"leggi-anche\">Lesen Sie auch:<\/div>\n<p><strong><a href=\"https:\/\/www.holyart.de\/blog\/besondere-anlassen\/wie-papst-franziskus-die-kirche-waehrend-seines-pontifikats-veraendert-hat\/\">Wie Papst Franziskus die Kirche w\u00e4hrend seines Pontifikats ver\u00e4ndert hat<\/a><\/strong><br \/>\nWas hat Papst Franziskus getan, das wichtig ist? Sein Pontifikat war eine Revolution der Barmherzigkeit, die die Kirche&#8230;<\/p>\n<\/div>\n<p>Dann, wie ein Blitz am stillen Himmel, <strong>kam die Ank\u00fcndigung von Papst Leo XIV.<\/strong> Mit einer Entscheidung, die eher nach Prophezeiung als nach Programm klingt, vereinigte er die beiden Daten in einer einzigen, kraftvollen Liturgie am 7. September. Nicht zur Vereinfachung, sondern zum Besiegeln: Zwei junge Heilige aus unterschiedlichen Jahrhunderten und mit unterschiedlichen Lebenswegen werden am selben Tag als geistliche Br\u00fcder, als W\u00e4chter derselben Morgenr\u00f6te verk\u00fcndet. Eine Entscheidung, die nicht nur ein Datum im Kalender ist, sondern ein Akt der Liebe gegen\u00fcber einer Kirche, die jung im Herzen, in der Stimme und im Glauben bleiben m\u00f6chte. Und die in Carlo und Pier Giorgio zwei Leuchtfeuer f\u00fcr diejenigen findet, die Gott noch immer zwischen den Mauern der Schule, am Rande der Welt oder in der Stille eines Sonnenuntergangs in den Bergen suchen. Es ist keine neutrale, auch keine diplomatische Entscheidung. Es ist eine Absichtserkl\u00e4rung. <a href=\"https:\/\/www.holyart.de\/blog\/devotionalien\/papst-leo-xiv-alles-was-sie-ueber-den-neuen-papst-wissen-muessen\/\"><strong>Papst Leo XIV.<\/strong>,<\/a> \u00fcberraschend in einem von \u00c4ngsten und Sehns\u00fcchten gepr\u00e4gten Konklave gew\u00e4hlt, entschied sich, von der Jugend auszugehen, von zwei l\u00e4chelnden und ruhelosen Gesichtern, von zwei Geschichten, die schnell brannten, aber feurige Spuren hinterlie\u00dfen. Mit der Entscheidung, die von Papst Franziskus geplanten Heiligsprechungen in einer einzigen Feier zu vereinen, wollte Leo XIV. ein starkes Signal setzen: Heiligkeit ist kein Reliquienmuseum, sondern ein lebendiger Strom, der Generationen durchdringt, ein Ruf, der heute in den Universit\u00e4tss\u00e4len und auf den Servern des Netzwerks pulsiert. Auf die Fragen \u201e<em>Wann wird Carlo Acutis heiliggesprochen<\/em>?\u201c und \u201e<em>Wann wird Pier Giorgio Frassati heiliggesprochen?<\/em>\u201c gibt es nur eine Antwort: am 7. September 2025, dem Fest der Jugend und der fleischgewordenen Heiligkeit, im Rahmen einer einzigen Liturgie.<\/p>\n<div class=\"link-article\">\n<p><img loading=\"lazy\" decoding=\"async\" class=\"size-full wp-image-6690 alignleft\" src=\"https:\/\/blog.holyart.it\/de\/wp-content\/uploads\/sites\/12\/2025\/08\/Leone-XIV-3.jpg\" alt=\"Leone XIV \" width=\"150\" height=\"99\" data-kale-share-title=\"Acutis und Frassati: Die ersten Heiligsprechungen von Papst Leo XIV\" data-kale-share-url=\"https:\/\/blog.holyart.it\/de\/?p=6679\" \/><\/p>\n<div class=\"leggi-anche\">Lesen Sie auch:<\/div>\n<p><strong><a href=\"https:\/\/www.holyart.de\/blog\/devotionalien\/papst-leo-xiv-alles-was-sie-ueber-den-neuen-papst-wissen-muessen\/\">Papst Leo XIV.: Alles, was Sie \u00fcber den neuen Papst wissen m\u00fcssen<\/a><\/strong><br \/>\nPapst Leo XIV.: das neue Gesicht der katholischen Kirche im dritten Jahrtausend&#8230;<\/p>\n<\/div>\n<h2>Carlo Acutis: Der Heilige des Netzwerks und der Eucharistie<\/h2>\n<p>Er war erst 15 Jahre alt, als ihn eine fulminante Leuk\u00e4mie aus dem Leben riss. Doch <strong>Carlo Acutis<\/strong>, geboren in London und aufgewachsen in Mailand, hatte seinen Weg in den Himmel bereits gefunden und nicht nur Schmerz, sondern auch eine Spur der Gnade hinterlassen. Was tat Carlo Acutis, um heilig zu werden? <strong>Er liebte<\/strong>. Mit Intensit\u00e4t. Mit Einfachheit. Mit Kreativit\u00e4t. Er machte die Eucharistie zum Mittelpunkt seines Lebens, \u201e<em>meine Autobahn zum Himmel<\/em>\u201c, wie er sagte, und die Informationstechnologie zu seiner Kanzel. Er schuf eine Ausstellung \u00fcber eucharistische Wunder, die um die Welt tourte und selbst fernab des Glaubens Herzen ber\u00fchrte. Er predigte nicht: Er erz\u00e4hlte, mit den Codes und Bildern seiner Zeit. Die Wunder von Carlo Acutis sind nicht nur offiziell anerkannt (wie die Heilung des kleinen Matheus in Brasilien), sondern auch still, allt\u00e4glich, unsichtbar. Wie viele Jugendliche sind dank ihm zu den Sakramenten zur\u00fcckgekehrt? Wie viele Bekehrungen wurden durch ein Video, ein Foto, einen Satz hervorgerufen? Vor allem aber zeigte Carlo, <strong>dass Heiligkeit f\u00fcr jeden m\u00f6glich ist<\/strong>: dass man zur Schule gehen, Videospiele lieben, Freunde haben, sich ehrenamtlich engagieren kann\u2026 und gleichzeitig mit gro\u00dfen Schritten dem Himmel entgegenschreiten kann. Heute ruht er in Assisi, in der Kirche Santa Maria Maggiore, auch <em>Santuario della Spogliazione<\/em> (Heiligtum der Entkleidung) genannt. Und von dort aus spricht er weiterhin liebevoll und kraftvoll zu den Jugendlichen unserer Zeit.<\/p>\n<div class=\"sp-styles-warning\" style=\"width: 450px; background-color: #FFF; color: #F00; border: 1px solid #F00; padding: 10px; font-size: 14px;\">\n\t\t\t<span style=\"font-weight: bold;\">Warning: The stylesheets were not loaded!<\/span> \n\t\t\tYou will need to change the <i>Load stylesheets<\/i> setting from <i>Automatically<\/i> to <i>On homepage<\/i> or <i>On all pages<\/i>. \n\t\t\tYou can set that <a style=\"text-decoration: underline; color: #F00;\" href=\"https:\/\/blog.holyart.it\/de\/wp-admin\/admin.php?page=sliderpro-settings\">here<\/a>.\n\t\t\t<\/div>\r\n<div id=\"slider-pro-121\" class=\"slider-pro sp-no-js\" style=\"width: 500px; height: 500px;\">\r\n\t<div class=\"sp-slides\">\r\n\t\t\r\n\t\t<div class=\"sp-slide\">\r\n\t\t\t<img loading=\"lazy\" decoding=\"async\" class=\"sp-image\" src=\"https:\/\/blog.holyart.it\/de\/wp-content\/uploads\/sites\/12\/2025\/08\/carlo-acutis-statue-aus-farbig-gefasstem-resin-30-cm.jpg\" alt=\"Carlo Acutis Statue mit Rosenkranz, aus farbig gefasstem Resin, 30 cm\" width=\"500\" height=\"500\" \/>\r\n\t\t\t<div class=\"sp-thumbnail\"><a class=\"\" href=\"https:\/\/www.holyart.de\/devotionalien\/statuen\/statuen-aus-resin-und-pvc\/carlo-acutis-statue-mit-rosenkranz-aus-farbig-gefasstem-resin-30-cm\">\r\n\t\t\t\t<img decoding=\"async\" src=\"https:\/\/blog.holyart.it\/de\/wp-content\/uploads\/sites\/12\/2025\/08\/carlo-acutis-statue-aus-farbig-gefasstem-resin-30-cm-1.jpg\" alt=\"Carlo Acutis Statue mit Rosenkranz, aus farbig gefasstem Resin, 30 cm\" \/>\r\n\t\t\t<\/a>\r\n\t\t\t<\/div>\r\n\t\t\t<div class=\"sp-caption\">Carlo Acutis Statue mit Rosenkranz, aus farbig gefasstem Resin, 30 cm<\/br><strong><a href=\"https:\/\/www.holyart.de\/devotionalien\/statuen\/statuen-aus-resin-und-pvc\/carlo-acutis-statue-mit-rosenkranz-aus-farbig-gefasstem-resin-30-cm\">Bei Holyart kaufen<\/a><\/strong><\/div>\r\n\t\t<\/div>\r\n\t\t<div class=\"sp-slide\">\r\n\t\t\t<img loading=\"lazy\" decoding=\"async\" class=\"sp-image\" src=\"https:\/\/blog.holyart.it\/de\/wp-content\/uploads\/sites\/12\/2025\/08\/t-shirt-carlo-acutis-aus-gelber-baumwolle-von-ape-social-wear.jpg\" alt=\"T-Shirt Carlo Acutis aus gelber Baumwolle von APE Social Wear\" width=\"500\" height=\"500\" \/>\r\n\t\t\t<div class=\"sp-thumbnail\"><a class=\"\" href=\"https:\/\/www.holyart.de\/besondere-anlasse\/carlo-acutis\/t-shirt-carlo-acutis-aus-gelber-baumwolle-von-ape-social-wear\">\r\n\t\t\t\t<img decoding=\"async\" src=\"https:\/\/blog.holyart.it\/de\/wp-content\/uploads\/sites\/12\/2025\/08\/t-shirt-carlo-acutis-aus-gelber-baumwolle-von-ape-social-wear.jpg\" alt=\"T-Shirt Carlo Acutis aus gelber Baumwolle von APE Social Wear\" \/>\r\n\t\t\t<\/a>\r\n\t\t\t<\/div>\r\n\t\t\t<div class=\"sp-caption\">T-Shirt Carlo Acutis aus gelber Baumwolle von APE Social Wear<\/br><strong><a href=\"https:\/\/www.holyart.de\/besondere-anlasse\/carlo-acutis\/t-shirt-carlo-acutis-aus-gelber-baumwolle-von-ape-social-wear\">Bei Holyart kaufen<\/a><\/strong><\/div>\r\n\t\t<\/div>\r\n\t\t<div class=\"sp-slide\">\r\n\t\t\t<img loading=\"lazy\" decoding=\"async\" class=\"sp-image\" src=\"https:\/\/blog.holyart.it\/de\/wp-content\/uploads\/sites\/12\/2025\/08\/stoffkreuz-carlo-acutis-14x10-cm.jpg\" alt=\"Stoffkreuz Carlo Acutis 14x10 cm\" width=\"500\" height=\"500\" \/>\r\n\t\t\t<div class=\"sp-thumbnail\"><a class=\"\" href=\"https:\/\/www.holyart.de\/kirchenbedarf\/verschiedenes-zubehor\/stoffkreuz-carlo-acutis-14x10-cm\">\r\n\t\t\t\t<img decoding=\"async\" src=\"https:\/\/blog.holyart.it\/de\/wp-content\/uploads\/sites\/12\/2025\/08\/stoffkreuz-carlo-acutis-14x10-cm.jpg\" alt=\"Stoffkreuz Carlo Acutis 14x10 cm\" \/>\r\n\t\t\t<\/a>\r\n\t\t\t<\/div>\r\n\t\t\t<div class=\"sp-caption\">Stoffkreuz Carlo Acutis 14x10 cm<\/br><strong><a href=\"https:\/\/www.holyart.de\/kirchenbedarf\/verschiedenes-zubehor\/stoffkreuz-carlo-acutis-14x10-cm\">Bei Holyart kaufen<\/a><\/strong><\/div>\r\n\t\t<\/div>\r\n\t\t<div class=\"sp-slide\">\r\n\t\t\t<img loading=\"lazy\" decoding=\"async\" class=\"sp-image\" src=\"https:\/\/blog.holyart.it\/de\/wp-content\/uploads\/sites\/12\/2025\/08\/holzrosenkranz-mit-carlo-acutis-medaille.jpg\" alt=\"Rosenkranz aus Holz mit Medaille \u201eCarlo Acutis\u201c\" width=\"500\" height=\"500\" \/>\r\n\t\t\t<div class=\"sp-thumbnail\"><a class=\"\" href=\"https:\/\/www.holyart.de\/devotionalien\/rosenkranze-und-rosenkranzetuis\/rosenkranze-mit-holzperlen\/rosenkranz-aus-holz-mit-medaille-carlo-acutis\">\r\n\t\t\t\t<img decoding=\"async\" src=\"https:\/\/blog.holyart.it\/de\/wp-content\/uploads\/sites\/12\/2025\/08\/holzrosenkranz-mit-carlo-acutis-medaille.jpg\" alt=\"Rosenkranz aus Holz mit Medaille \u201eCarlo Acutis\u201c\" \/>\r\n\t\t\t<\/a>\r\n\t\t\t<\/div>\r\n\t\t\t<div class=\"sp-caption\">Rosenkranz aus Holz mit Medaille \u201eCarlo Acutis\u201c<\/br><strong><a href=\"http:\/\/holyart.de\/devotionalien\/rosenkranze-und-rosenkranzetuis\/rosenkranze-mit-holzperlen\/rosenkranz-aus-holz-mit-medaille-carlo-acutis\">Bei Holyart kaufen<\/a><\/strong><\/div>\r\n\t\t<\/div>\r\n\t<\/div>\r\n<\/div>\n<h2>Pier Giorgio Frassati: Der Heilige, der von den Gipfeln herabstieg, um zu dienen<\/h2>\n<p>Hundert Jahre vor Carlo starb ein anderer junger Mann viel zu fr\u00fch. Er hie\u00df <a href=\"https:\/\/www.holyart.de\/besondere-anlasse\/pier-giorgio-frassati\"><strong>Pier Giorgio Frassati<\/strong> <\/a>und kam aus Turin. Er war Sohn von Senatoren, Ingenieurstudent, ein leidenschaftlicher Bergfreund, vor allem aber ein unerm\u00fcdlicher Freund der Armen. Seit seiner Seligsprechung 1990 geistert die Frage seit Jahrzehnten unaufh\u00f6rlich durch die vatikanischen Hallen und in die Erinnerungen derer, die ihn zu einem Vorbild f\u00fcr Leben und Glauben machten: \u201e<em>Wann wird Pier Giorgio Frassati heiliggesprochen<\/em>?\u201c<\/p>\n<p>Nun haben wir eine schriftliche Antwort mit feierlichen Briefen: am 7. September 2025, gemeinsam mit Carlo Acutis.<\/p>\n<p>Pier Giorgio Frassati wird heiliggesprochen, weil er die N\u00e4chstenliebe zu seinem Extremsport machte. Er stieg von den Gipfeln herab, um Medizin, Kleidung und Trost zu bringen. Er betrat die H\u00fctten, die Gassen, die Krankenhausflure. Ohne viel Aufhebens. Ohne Rhetorik. Er war ein fr\u00f6hlicher junger Mann voller Leben, ein Freund der \u00c4rmsten. Mitglied der Azione Cattolica, der Vinzentiner und des Dominikaner-Terti\u00e4ren. <strong>Er betete, ging spazieren, lachte<\/strong>. Er schrieb leidenschaftliche Briefe, war von einer Ikone bewegt und setzte sich entschieden gegen Faschismus und Ungerechtigkeit ein.<\/p>\n<p>Er starb 1925 mit nur 24 Jahren an einer schweren Kinderl\u00e4hmung, die er sich bei einem seiner Krankenbesuche zugezogen hatte.<\/p>\n<p>Johannes Paul II. sprach ihn 1990 selig und nannte ihn \u201e<em>den Mann der Seligpreisungen<\/em>\u201c. Und schlie\u00dflich wird er von einer Kirche heiliggesprochen, die Propheten des Alltags, Revolution\u00e4re der G\u00fcte braucht. Wenn Pier Giorgio Frassati heiliggesprochen wird, wird das keine Frage mehr sein. Es wird ein Tag des Feierns sein.<\/p>\n<table class=\"widefat sliders-list\">\n<tbody>\n<tr class=\"slider-row\">\n<td><div class=\"sp-styles-warning\" style=\"width: 450px; background-color: #FFF; color: #F00; border: 1px solid #F00; padding: 10px; font-size: 14px;\">\n\t\t\t<span style=\"font-weight: bold;\">Warning: The stylesheets were not loaded!<\/span> \n\t\t\tYou will need to change the <i>Load stylesheets<\/i> setting from <i>Automatically<\/i> to <i>On homepage<\/i> or <i>On all pages<\/i>. \n\t\t\tYou can set that <a style=\"text-decoration: underline; color: #F00;\" href=\"https:\/\/blog.holyart.it\/de\/wp-admin\/admin.php?page=sliderpro-settings\">here<\/a>.\n\t\t\t<\/div>\r\n<div id=\"slider-pro-122\" class=\"slider-pro sp-no-js\" style=\"width: 500px; height: 500px;\">\r\n\t<div class=\"sp-slides\">\r\n\t\t\r\n\t\t<div class=\"sp-slide\">\r\n\t\t\t<img loading=\"lazy\" decoding=\"async\" class=\"sp-image\" src=\"https:\/\/blog.holyart.it\/de\/wp-content\/uploads\/sites\/12\/2025\/08\/t-shirt-in-bio-baumwolle-blau-mit-schwarzem-aufdruck-nach-oben-piergiorgio-frassati.jpg\" alt=\"T-Shirt in Bio-Baumwolle, blau mit schwarzem Aufdruck &#039;&#039;Nach Oben&#039;&#039; Piergiorgio Frassati \" width=\"500\" height=\"500\" \/>\r\n\t\t\t<div class=\"sp-thumbnail\"><a class=\"\" href=\"https:\/\/www.holyart.de\/besondere-anlasse\/pier-giorgio-frassati\/t-shirt-in-bio-baumwolle-blau-mit-schwarzem-aufdruck-nach-oben-piergiorgio-frassati\">\r\n\t\t\t\t<img decoding=\"async\" src=\"https:\/\/blog.holyart.it\/de\/wp-content\/uploads\/sites\/12\/2025\/08\/t-shirt-in-bio-baumwolle-blau-mit-schwarzem-aufdruck-nach-oben-piergiorgio-frassati-1.jpg\" alt=\"T-Shirt in Bio-Baumwolle, blau mit schwarzem Aufdruck &#039;&#039;Nach Oben&#039;&#039; Piergiorgio Frassati \" \/>\r\n\t\t\t<\/a>\r\n\t\t\t<\/div>\r\n\t\t\t<div class=\"sp-caption\">T-Shirt in Bio-Baumwolle, blau mit schwarzem Aufdruck ''Nach Oben'' Piergiorgio Frassati<\/br><strong><a href=\"https:\/\/www.holyart.de\/besondere-anlasse\/pier-giorgio-frassati\/t-shirt-in-bio-baumwolle-blau-mit-schwarzem-aufdruck-nach-oben-piergiorgio-frassati\">Bei Holyart kaufen<\/a><\/strong><\/div>\r\n\t\t<\/div>\r\n\t\t<div class=\"sp-slide\">\r\n\t\t\t<img loading=\"lazy\" decoding=\"async\" class=\"sp-image\" src=\"https:\/\/blog.holyart.it\/de\/wp-content\/uploads\/sites\/12\/2025\/08\/seliger-pier-giorgio-frassati-statue-20-cm-aus-handbemaltem-resin.jpg\" alt=\"Pier Giorgio Frassati \u2013 Statue 20 cm aus handbemaltem Resin\" width=\"500\" height=\"500\" \/>\r\n\t\t\t<div class=\"sp-thumbnail\"><a class=\"\" href=\"https:\/\/www.holyart.de\/devotionalien\/statuen\/statuen-aus-resin-und-pvc\/pier-giorgio-frassati-statue-20-cm-aus-handbemaltem-resin\">\r\n\t\t\t\t<img decoding=\"async\" src=\"https:\/\/blog.holyart.it\/de\/wp-content\/uploads\/sites\/12\/2025\/08\/seliger-pier-giorgio-frassati-statue-20-cm-aus-handbemaltem-resin-1.jpg\" alt=\"Pier Giorgio Frassati \u2013 Statue 20 cm aus handbemaltem Resin\" \/>\r\n\t\t\t<\/a>\r\n\t\t\t<\/div>\r\n\t\t\t<div class=\"sp-caption\">Pier Giorgio Frassati \u2013 Statue 20 cm aus handbemaltem Resin<\/br><strong><a href=\"https:\/\/www.holyart.de\/devotionalien\/statuen\/statuen-aus-resin-und-pvc\/pier-giorgio-frassati-statue-20-cm-aus-handbemaltem-resin\">Bei Holyart kaufen<\/a><\/strong><\/div>\r\n\t\t<\/div>\r\n\t\t<div class=\"sp-slide\">\r\n\t\t\t<img loading=\"lazy\" decoding=\"async\" class=\"sp-image\" src=\"https:\/\/blog.holyart.it\/de\/wp-content\/uploads\/sites\/12\/2025\/08\/t-shirt-anthrazit-bio-baumwolle-gelbdruck-leben-nicht-nur-existieren-piergiorgio-frassati.jpg\" alt=\"T-Shirt Anthrazit Bio-Baumwolle Gelbdruck &#039;&#039;Leben, nicht nur existieren&#039;&#039; Piergiorgio Frassati\" width=\"500\" height=\"500\" \/>\r\n\t\t\t<div class=\"sp-thumbnail\"><a class=\"\" href=\"https:\/\/www.holyart.de\/besondere-anlasse\/pier-giorgio-frassati\/t-shirt-anthrazit-bio-baumwolle-gelbdruck-leben-nicht-nur-existieren-piergiorgio-frassati\">\r\n\t\t\t\t<img decoding=\"async\" src=\"https:\/\/blog.holyart.it\/de\/wp-content\/uploads\/sites\/12\/2025\/08\/t-shirt-anthrazit-bio-baumwolle-gelbdruck-leben-nicht-nur-existieren-piergiorgio-frassati-1.jpg\" alt=\"T-Shirt Anthrazit Bio-Baumwolle Gelbdruck &#039;&#039;Leben, nicht nur existieren&#039;&#039; Piergiorgio Frassati\" \/>\r\n\t\t\t<\/a>\r\n\t\t\t<\/div>\r\n\t\t\t<div class=\"sp-caption\">T-Shirt Anthrazit Bio-Baumwolle Gelbdruck ''Leben, nicht nur existieren'' Piergiorgio Frassati<\/br><strong><a href=\"https:\/\/www.holyart.de\/besondere-anlasse\/pier-giorgio-frassati\/t-shirt-anthrazit-bio-baumwolle-gelbdruck-leben-nicht-nur-existieren-piergiorgio-frassati\">Bei Holyart kaufen<\/a><\/strong><\/div>\r\n\t\t<\/div>\r\n\t\t<div class=\"sp-slide\">\r\n\t\t\t<img loading=\"lazy\" decoding=\"async\" class=\"sp-image\" src=\"https:\/\/blog.holyart.it\/de\/wp-content\/uploads\/sites\/12\/2025\/08\/t-shirt-junge-weiss-bio-baumwolle-schwarzdruck-nach-oben-piergiorgio-frassati.jpg\" alt=\"T-Shirt Junge Wei\u00df Bio-Baumwolle Schwarzdruck &#039;&#039;Nach Oben&#039;&#039; Piergiorgio Frassati\" width=\"500\" height=\"500\" \/>\r\n\t\t\t<div class=\"sp-thumbnail\"><a class=\"\" href=\"https:\/\/www.holyart.de\/besondere-anlasse\/pier-giorgio-frassati\/t-shirt-junge-weiss-bio-baumwolle-schwarzdruck-nach-oben-piergiorgio-frassati\">\r\n\t\t\t\t<img decoding=\"async\" src=\"https:\/\/blog.holyart.it\/de\/wp-content\/uploads\/sites\/12\/2025\/08\/t-shirt-junge-weiss-bio-baumwolle-schwarzdruck-nach-oben-piergiorgio-frassati-1.jpg\" alt=\"T-Shirt Junge Wei\u00df Bio-Baumwolle Schwarzdruck &#039;&#039;Nach Oben&#039;&#039; Piergiorgio Frassati\" \/>\r\n\t\t\t<\/a>\r\n\t\t\t<\/div>\r\n\t\t\t<div class=\"sp-caption\">T-Shirt Junge Wei\u00df Bio-Baumwolle Schwarzdruck ''Nach Oben'' Piergiorgio Frassati <\/br><strong><a href=\"https:\/\/www.holyart.de\/besondere-anlasse\/pier-giorgio-frassati\/t-shirt-junge-weiss-bio-baumwolle-schwarzdruck-nach-oben-piergiorgio-frassati\">Bei Holyart kaufen<\/a><\/strong><\/div>\r\n\t\t<\/div>\r\n\t<\/div>\r\n<\/div><\/td>\n<\/tr>\n<\/tbody>\n<\/table>\n","protected":false},"excerpt":{"rendered":"<p>Papst Leo XIV. hat seine ersten Heiligen ausgew\u00e4hlt. Es sind Carlo Acutis und Pier Giorgio Frassati, zwei leuchtende Leben f\u00fcr das ruhelose Herz des dritten Jahrtausends In der pulsierenden Stille des Petersdoms, zwischen den von Gesang und Erwartung erf\u00fcllten Kirchenschiffen, klingen die Namen zweier junger&hellip;<\/p>\n","protected":false},"author":1,"featured_media":6683,"comment_status":"closed","ping_status":"open","sticky":false,"template":"","format":"standard","meta":{"_acf_changed":false,"footnotes":""},"categories":[9],"tags":[],"class_list":["post-6679","post","type-post","status-publish","format-standard","has-post-thumbnail","hentry","category-heilige-und-selige"],"acf":[],"yoast_head":"<!-- This site is optimized with the Yoast SEO plugin v26.6 - https:\/\/yoast.com\/wordpress\/plugins\/seo\/ -->\n<title>Acutis und Frassati: Die ersten Heiligsprechungen von Papst Leo XIV - Holyart.de Blog<\/title>\n<meta name=\"description\" content=\"Am 7. September 2025 werden Carlo Acutis und Pier Giorgio Frassati von Papst Leo XIV. heiliggesprochen: zwei junge Menschen, die im Herzen\" \/>\n<meta name=\"robots\" content=\"index, follow, max-snippet:-1, max-image-preview:large, max-video-preview:-1\" \/>\n<link rel=\"canonical\" href=\"https:\/\/blog.holyart.it\/de\/heilige-und-selige\/acutis-und-frassati-die-ersten-heiligsprechungen-von-papst-leo-xiv\/\" \/>\n<meta property=\"og:locale\" content=\"de_DE\" \/>\n<meta property=\"og:type\" content=\"article\" \/>\n<meta property=\"og:title\" content=\"Acutis und Frassati: Die ersten Heiligsprechungen von Papst Leo XIV - Holyart.de Blog\" \/>\n<meta property=\"og:description\" content=\"Am 7. September 2025 werden Carlo Acutis und Pier Giorgio Frassati von Papst Leo XIV. heiliggesprochen: zwei junge Menschen, die im Herzen\" \/>\n<meta property=\"og:url\" content=\"https:\/\/blog.holyart.it\/de\/heilige-und-selige\/acutis-und-frassati-die-ersten-heiligsprechungen-von-papst-leo-xiv\/\" \/>\n<meta property=\"og:site_name\" content=\"Holyart.de Blog\" \/>\n<meta property=\"article:published_time\" content=\"2025-08-27T08:00:44+00:00\" \/>\n<meta property=\"og:image\" content=\"https:\/\/blog.holyart.it\/de\/wp-content\/uploads\/sites\/12\/2025\/08\/Heiligsprechungen-Papst-Leo-XIV-acutis-frassati.jpg\" \/>\n\t<meta property=\"og:image:width\" content=\"1000\" \/>\n\t<meta property=\"og:image:height\" content=\"666\" \/>\n\t<meta property=\"og:image:type\" content=\"image\/jpeg\" \/>\n<meta name=\"author\" content=\"Redazione\" \/>\n<meta name=\"twitter:card\" content=\"summary_large_image\" \/>\n<meta name=\"twitter:label1\" content=\"Verfasst von\" \/>\n\t<meta name=\"twitter:data1\" content=\"Redazione\" \/>\n\t<meta name=\"twitter:label2\" content=\"Gesch\u00e4tzte Lesezeit\" \/>\n\t<meta name=\"twitter:data2\" content=\"10\u00a0Minuten\" \/>\n<script type=\"application\/ld+json\" class=\"yoast-schema-graph\">{\"@context\":\"https:\/\/schema.org\",\"@graph\":[{\"@type\":\"Article\",\"@id\":\"https:\/\/blog.holyart.it\/de\/heilige-und-selige\/acutis-und-frassati-die-ersten-heiligsprechungen-von-papst-leo-xiv\/#article\",\"isPartOf\":{\"@id\":\"https:\/\/blog.holyart.it\/de\/heilige-und-selige\/acutis-und-frassati-die-ersten-heiligsprechungen-von-papst-leo-xiv\/\"},\"author\":{\"name\":\"Redazione\",\"@id\":\"https:\/\/blog.holyart.it\/de\/#\/schema\/person\/0a7b686e5af0f856ec1e390dd0baecda\"},\"headline\":\"Acutis und Frassati: Die ersten Heiligsprechungen von Papst Leo XIV\",\"datePublished\":\"2025-08-27T08:00:44+00:00\",\"mainEntityOfPage\":{\"@id\":\"https:\/\/blog.holyart.it\/de\/heilige-und-selige\/acutis-und-frassati-die-ersten-heiligsprechungen-von-papst-leo-xiv\/\"},\"wordCount\":1549,\"publisher\":{\"@id\":\"https:\/\/blog.holyart.it\/de\/#organization\"},\"image\":{\"@id\":\"https:\/\/blog.holyart.it\/de\/heilige-und-selige\/acutis-und-frassati-die-ersten-heiligsprechungen-von-papst-leo-xiv\/#primaryimage\"},\"thumbnailUrl\":\"https:\/\/blog.holyart.it\/de\/wp-content\/uploads\/sites\/12\/2025\/08\/Heiligsprechungen-Papst-Leo-XIV-acutis-frassati.jpg\",\"articleSection\":[\"Heilige und Selige\"],\"inLanguage\":\"de\"},{\"@type\":\"WebPage\",\"@id\":\"https:\/\/blog.holyart.it\/de\/heilige-und-selige\/acutis-und-frassati-die-ersten-heiligsprechungen-von-papst-leo-xiv\/\",\"url\":\"https:\/\/blog.holyart.it\/de\/heilige-und-selige\/acutis-und-frassati-die-ersten-heiligsprechungen-von-papst-leo-xiv\/\",\"name\":\"Acutis und Frassati: Die ersten Heiligsprechungen von Papst Leo XIV - Holyart.de Blog\",\"isPartOf\":{\"@id\":\"https:\/\/blog.holyart.it\/de\/#website\"},\"primaryImageOfPage\":{\"@id\":\"https:\/\/blog.holyart.it\/de\/heilige-und-selige\/acutis-und-frassati-die-ersten-heiligsprechungen-von-papst-leo-xiv\/#primaryimage\"},\"image\":{\"@id\":\"https:\/\/blog.holyart.it\/de\/heilige-und-selige\/acutis-und-frassati-die-ersten-heiligsprechungen-von-papst-leo-xiv\/#primaryimage\"},\"thumbnailUrl\":\"https:\/\/blog.holyart.it\/de\/wp-content\/uploads\/sites\/12\/2025\/08\/Heiligsprechungen-Papst-Leo-XIV-acutis-frassati.jpg\",\"datePublished\":\"2025-08-27T08:00:44+00:00\",\"description\":\"Am 7. September 2025 werden Carlo Acutis und Pier Giorgio Frassati von Papst Leo XIV. heiliggesprochen: zwei junge Menschen, die im Herzen\",\"breadcrumb\":{\"@id\":\"https:\/\/blog.holyart.it\/de\/heilige-und-selige\/acutis-und-frassati-die-ersten-heiligsprechungen-von-papst-leo-xiv\/#breadcrumb\"},\"inLanguage\":\"de\",\"potentialAction\":[{\"@type\":\"ReadAction\",\"target\":[\"https:\/\/blog.holyart.it\/de\/heilige-und-selige\/acutis-und-frassati-die-ersten-heiligsprechungen-von-papst-leo-xiv\/\"]}]},{\"@type\":\"ImageObject\",\"inLanguage\":\"de\",\"@id\":\"https:\/\/blog.holyart.it\/de\/heilige-und-selige\/acutis-und-frassati-die-ersten-heiligsprechungen-von-papst-leo-xiv\/#primaryimage\",\"url\":\"https:\/\/blog.holyart.it\/de\/wp-content\/uploads\/sites\/12\/2025\/08\/Heiligsprechungen-Papst-Leo-XIV-acutis-frassati.jpg\",\"contentUrl\":\"https:\/\/blog.holyart.it\/de\/wp-content\/uploads\/sites\/12\/2025\/08\/Heiligsprechungen-Papst-Leo-XIV-acutis-frassati.jpg\",\"width\":1000,\"height\":666,\"caption\":\"Heiligsprechungen Papst Leo XIV acutis frassati\"},{\"@type\":\"BreadcrumbList\",\"@id\":\"https:\/\/blog.holyart.it\/de\/heilige-und-selige\/acutis-und-frassati-die-ersten-heiligsprechungen-von-papst-leo-xiv\/#breadcrumb\",\"itemListElement\":[{\"@type\":\"ListItem\",\"position\":1,\"name\":\"Homepage\",\"item\":\"https:\/\/blog.holyart.it\/de\/\"},{\"@type\":\"ListItem\",\"position\":2,\"name\":\"Heilige und Selige\",\"item\":\"https:\/\/blog.holyart.it\/de\/heilige-und-selige\/\"},{\"@type\":\"ListItem\",\"position\":3,\"name\":\"Acutis und Frassati: Die ersten Heiligsprechungen von Papst Leo XIV\"}]},{\"@type\":\"WebSite\",\"@id\":\"https:\/\/blog.holyart.it\/de\/#website\",\"url\":\"https:\/\/blog.holyart.it\/de\/\",\"name\":\"Holyart.de Blog\",\"description\":\"Holyblog\",\"publisher\":{\"@id\":\"https:\/\/blog.holyart.it\/de\/#organization\"},\"potentialAction\":[{\"@type\":\"SearchAction\",\"target\":{\"@type\":\"EntryPoint\",\"urlTemplate\":\"https:\/\/blog.holyart.it\/de\/?s={search_term_string}\"},\"query-input\":{\"@type\":\"PropertyValueSpecification\",\"valueRequired\":true,\"valueName\":\"search_term_string\"}}],\"inLanguage\":\"de\"},{\"@type\":\"Organization\",\"@id\":\"https:\/\/blog.holyart.it\/de\/#organization\",\"name\":\"Holyart.de Blog\",\"url\":\"https:\/\/blog.holyart.it\/de\/\",\"logo\":{\"@type\":\"ImageObject\",\"inLanguage\":\"de\",\"@id\":\"https:\/\/blog.holyart.it\/de\/#\/schema\/logo\/image\/\",\"url\":\"https:\/\/blog.holyart.it\/de\/wp-content\/uploads\/sites\/12\/2022\/12\/Holyart_Blog_Logo.jpg\",\"contentUrl\":\"https:\/\/blog.holyart.it\/de\/wp-content\/uploads\/sites\/12\/2022\/12\/Holyart_Blog_Logo.jpg\",\"width\":300,\"height\":50,\"caption\":\"Holyart.de Blog\"},\"image\":{\"@id\":\"https:\/\/blog.holyart.it\/de\/#\/schema\/logo\/image\/\"}},{\"@type\":\"Person\",\"@id\":\"https:\/\/blog.holyart.it\/de\/#\/schema\/person\/0a7b686e5af0f856ec1e390dd0baecda\",\"name\":\"Redazione\",\"image\":{\"@type\":\"ImageObject\",\"inLanguage\":\"de\",\"@id\":\"https:\/\/blog.holyart.it\/de\/#\/schema\/person\/image\/\",\"url\":\"https:\/\/secure.gravatar.com\/avatar\/f477da817f43e50d0af36abecd33e3edf826c68299714bdc1057dff3b113f516?s=96&d=mm&r=g\",\"contentUrl\":\"https:\/\/secure.gravatar.com\/avatar\/f477da817f43e50d0af36abecd33e3edf826c68299714bdc1057dff3b113f516?s=96&d=mm&r=g\",\"caption\":\"Redazione\"}}]}<\/script>\n<!-- \/ Yoast SEO plugin. -->","yoast_head_json":{"title":"Acutis und Frassati: Die ersten Heiligsprechungen von Papst Leo XIV - Holyart.de Blog","description":"Am 7. September 2025 werden Carlo Acutis und Pier Giorgio Frassati von Papst Leo XIV. heiliggesprochen: zwei junge Menschen, die im Herzen","robots":{"index":"index","follow":"follow","max-snippet":"max-snippet:-1","max-image-preview":"max-image-preview:large","max-video-preview":"max-video-preview:-1"},"canonical":"https:\/\/blog.holyart.it\/de\/heilige-und-selige\/acutis-und-frassati-die-ersten-heiligsprechungen-von-papst-leo-xiv\/","og_locale":"de_DE","og_type":"article","og_title":"Acutis und Frassati: Die ersten Heiligsprechungen von Papst Leo XIV - Holyart.de Blog","og_description":"Am 7. September 2025 werden Carlo Acutis und Pier Giorgio Frassati von Papst Leo XIV. heiliggesprochen: zwei junge Menschen, die im Herzen","og_url":"https:\/\/blog.holyart.it\/de\/heilige-und-selige\/acutis-und-frassati-die-ersten-heiligsprechungen-von-papst-leo-xiv\/","og_site_name":"Holyart.de Blog","article_published_time":"2025-08-27T08:00:44+00:00","og_image":[{"width":1000,"height":666,"url":"https:\/\/blog.holyart.it\/de\/wp-content\/uploads\/sites\/12\/2025\/08\/Heiligsprechungen-Papst-Leo-XIV-acutis-frassati.jpg","type":"image\/jpeg"}],"author":"Redazione","twitter_card":"summary_large_image","twitter_misc":{"Verfasst von":"Redazione","Gesch\u00e4tzte Lesezeit":"10\u00a0Minuten"},"schema":{"@context":"https:\/\/schema.org","@graph":[{"@type":"Article","@id":"https:\/\/blog.holyart.it\/de\/heilige-und-selige\/acutis-und-frassati-die-ersten-heiligsprechungen-von-papst-leo-xiv\/#article","isPartOf":{"@id":"https:\/\/blog.holyart.it\/de\/heilige-und-selige\/acutis-und-frassati-die-ersten-heiligsprechungen-von-papst-leo-xiv\/"},"author":{"name":"Redazione","@id":"https:\/\/blog.holyart.it\/de\/#\/schema\/person\/0a7b686e5af0f856ec1e390dd0baecda"},"headline":"Acutis und Frassati: Die ersten Heiligsprechungen von Papst Leo XIV","datePublished":"2025-08-27T08:00:44+00:00","mainEntityOfPage":{"@id":"https:\/\/blog.holyart.it\/de\/heilige-und-selige\/acutis-und-frassati-die-ersten-heiligsprechungen-von-papst-leo-xiv\/"},"wordCount":1549,"publisher":{"@id":"https:\/\/blog.holyart.it\/de\/#organization"},"image":{"@id":"https:\/\/blog.holyart.it\/de\/heilige-und-selige\/acutis-und-frassati-die-ersten-heiligsprechungen-von-papst-leo-xiv\/#primaryimage"},"thumbnailUrl":"https:\/\/blog.holyart.it\/de\/wp-content\/uploads\/sites\/12\/2025\/08\/Heiligsprechungen-Papst-Leo-XIV-acutis-frassati.jpg","articleSection":["Heilige und Selige"],"inLanguage":"de"},{"@type":"WebPage","@id":"https:\/\/blog.holyart.it\/de\/heilige-und-selige\/acutis-und-frassati-die-ersten-heiligsprechungen-von-papst-leo-xiv\/","url":"https:\/\/blog.holyart.it\/de\/heilige-und-selige\/acutis-und-frassati-die-ersten-heiligsprechungen-von-papst-leo-xiv\/","name":"Acutis und Frassati: Die ersten Heiligsprechungen von Papst Leo XIV - Holyart.de Blog","isPartOf":{"@id":"https:\/\/blog.holyart.it\/de\/#website"},"primaryImageOfPage":{"@id":"https:\/\/blog.holyart.it\/de\/heilige-und-selige\/acutis-und-frassati-die-ersten-heiligsprechungen-von-papst-leo-xiv\/#primaryimage"},"image":{"@id":"https:\/\/blog.holyart.it\/de\/heilige-und-selige\/acutis-und-frassati-die-ersten-heiligsprechungen-von-papst-leo-xiv\/#primaryimage"},"thumbnailUrl":"https:\/\/blog.holyart.it\/de\/wp-content\/uploads\/sites\/12\/2025\/08\/Heiligsprechungen-Papst-Leo-XIV-acutis-frassati.jpg","datePublished":"2025-08-27T08:00:44+00:00","description":"Am 7. September 2025 werden Carlo Acutis und Pier Giorgio Frassati von Papst Leo XIV. heiliggesprochen: zwei junge Menschen, die im Herzen","breadcrumb":{"@id":"https:\/\/blog.holyart.it\/de\/heilige-und-selige\/acutis-und-frassati-die-ersten-heiligsprechungen-von-papst-leo-xiv\/#breadcrumb"},"inLanguage":"de","potentialAction":[{"@type":"ReadAction","target":["https:\/\/blog.holyart.it\/de\/heilige-und-selige\/acutis-und-frassati-die-ersten-heiligsprechungen-von-papst-leo-xiv\/"]}]},{"@type":"ImageObject","inLanguage":"de","@id":"https:\/\/blog.holyart.it\/de\/heilige-und-selige\/acutis-und-frassati-die-ersten-heiligsprechungen-von-papst-leo-xiv\/#primaryimage","url":"https:\/\/blog.holyart.it\/de\/wp-content\/uploads\/sites\/12\/2025\/08\/Heiligsprechungen-Papst-Leo-XIV-acutis-frassati.jpg","contentUrl":"https:\/\/blog.holyart.it\/de\/wp-content\/uploads\/sites\/12\/2025\/08\/Heiligsprechungen-Papst-Leo-XIV-acutis-frassati.jpg","width":1000,"height":666,"caption":"Heiligsprechungen Papst Leo XIV acutis frassati"},{"@type":"BreadcrumbList","@id":"https:\/\/blog.holyart.it\/de\/heilige-und-selige\/acutis-und-frassati-die-ersten-heiligsprechungen-von-papst-leo-xiv\/#breadcrumb","itemListElement":[{"@type":"ListItem","position":1,"name":"Homepage","item":"https:\/\/blog.holyart.it\/de\/"},{"@type":"ListItem","position":2,"name":"Heilige und Selige","item":"https:\/\/blog.holyart.it\/de\/heilige-und-selige\/"},{"@type":"ListItem","position":3,"name":"Acutis und Frassati: Die ersten Heiligsprechungen von Papst Leo XIV"}]},{"@type":"WebSite","@id":"https:\/\/blog.holyart.it\/de\/#website","url":"https:\/\/blog.holyart.it\/de\/","name":"Holyart.de Blog","description":"Holyblog","publisher":{"@id":"https:\/\/blog.holyart.it\/de\/#organization"},"potentialAction":[{"@type":"SearchAction","target":{"@type":"EntryPoint","urlTemplate":"https:\/\/blog.holyart.it\/de\/?s={search_term_string}"},"query-input":{"@type":"PropertyValueSpecification","valueRequired":true,"valueName":"search_term_string"}}],"inLanguage":"de"},{"@type":"Organization","@id":"https:\/\/blog.holyart.it\/de\/#organization","name":"Holyart.de Blog","url":"https:\/\/blog.holyart.it\/de\/","logo":{"@type":"ImageObject","inLanguage":"de","@id":"https:\/\/blog.holyart.it\/de\/#\/schema\/logo\/image\/","url":"https:\/\/blog.holyart.it\/de\/wp-content\/uploads\/sites\/12\/2022\/12\/Holyart_Blog_Logo.jpg","contentUrl":"https:\/\/blog.holyart.it\/de\/wp-content\/uploads\/sites\/12\/2022\/12\/Holyart_Blog_Logo.jpg","width":300,"height":50,"caption":"Holyart.de Blog"},"image":{"@id":"https:\/\/blog.holyart.it\/de\/#\/schema\/logo\/image\/"}},{"@type":"Person","@id":"https:\/\/blog.holyart.it\/de\/#\/schema\/person\/0a7b686e5af0f856ec1e390dd0baecda","name":"Redazione","image":{"@type":"ImageObject","inLanguage":"de","@id":"https:\/\/blog.holyart.it\/de\/#\/schema\/person\/image\/","url":"https:\/\/secure.gravatar.com\/avatar\/f477da817f43e50d0af36abecd33e3edf826c68299714bdc1057dff3b113f516?s=96&d=mm&r=g","contentUrl":"https:\/\/secure.gravatar.com\/avatar\/f477da817f43e50d0af36abecd33e3edf826c68299714bdc1057dff3b113f516?s=96&d=mm&r=g","caption":"Redazione"}}]}},"_links":{"self":[{"href":"https:\/\/blog.holyart.it\/de\/wp-json\/wp\/v2\/posts\/6679","targetHints":{"allow":["GET"]}}],"collection":[{"href":"https:\/\/blog.holyart.it\/de\/wp-json\/wp\/v2\/posts"}],"about":[{"href":"https:\/\/blog.holyart.it\/de\/wp-json\/wp\/v2\/types\/post"}],"author":[{"embeddable":true,"href":"https:\/\/blog.holyart.it\/de\/wp-json\/wp\/v2\/users\/1"}],"replies":[{"embeddable":true,"href":"https:\/\/blog.holyart.it\/de\/wp-json\/wp\/v2\/comments?post=6679"}],"version-history":[{"count":9,"href":"https:\/\/blog.holyart.it\/de\/wp-json\/wp\/v2\/posts\/6679\/revisions"}],"predecessor-version":[{"id":6706,"href":"https:\/\/blog.holyart.it\/de\/wp-json\/wp\/v2\/posts\/6679\/revisions\/6706"}],"wp:featuredmedia":[{"embeddable":true,"href":"https:\/\/blog.holyart.it\/de\/wp-json\/wp\/v2\/media\/6683"}],"wp:attachment":[{"href":"https:\/\/blog.holyart.it\/de\/wp-json\/wp\/v2\/media?parent=6679"}],"wp:term":[{"taxonomy":"category","embeddable":true,"href":"https:\/\/blog.holyart.it\/de\/wp-json\/wp\/v2\/categories?post=6679"},{"taxonomy":"post_tag","embeddable":true,"href":"https:\/\/blog.holyart.it\/de\/wp-json\/wp\/v2\/tags?post=6679"}],"curies":[{"name":"wp","href":"https:\/\/api.w.org\/{rel}","templated":true}]}}