{"id":6658,"date":"2025-08-25T10:00:55","date_gmt":"2025-08-25T08:00:55","guid":{"rendered":"https:\/\/blog.holyart.it\/de\/?p=6658"},"modified":"2025-08-22T15:46:26","modified_gmt":"2025-08-22T13:46:26","slug":"die-regeln-fuer-die-gewaehrung-von-ablaessen-waehrend-des-jubilaeums-2025","status":"publish","type":"post","link":"https:\/\/blog.holyart.it\/de\/jubilaeum-2025\/die-regeln-fuer-die-gewaehrung-von-ablaessen-waehrend-des-jubilaeums-2025\/","title":{"rendered":"Die Regeln f\u00fcr die Gew\u00e4hrung von Abl\u00e4ssen w\u00e4hrend des Jubil\u00e4ums 2025"},"content":{"rendered":"<h4>Die Apostolische P\u00f6nitentiarie hat die Normen f\u00fcr die Gew\u00e4hrung von Abl\u00e4ssen w\u00e4hrend des Jubil\u00e4ums 2025 ver\u00f6ffentlicht. Wallfahrten, Bu\u00dfe, Werke der N\u00e4chstenliebe, um den Geist des Jubil\u00e4ums vollkommen zu leben<\/h4>\n\n<p>Wenn wir an das Jubil\u00e4um 2025 denken, kommt uns als erstes der Ablass in den Sinn. Es stimmt zwar, dass ein gew\u00f6hnlicher Ablass immer erlangt werden kann, bis hin zum <em>Handbuch der Abl\u00e4sse<\/em>, das die Normen und Zugest\u00e4ndnisse sowie die Gebete enth\u00e4lt, die f\u00fcr den Erhalt eines Ablasses zu sprechen sind, aber anl\u00e4sslich des Jubil\u00e4ums wird ein Jubil\u00e4umsablass oder ein vollkommener Ablass gew\u00e4hrt.<\/p>\n<p>Aber lassen Sie uns einen kleinen Schritt zur\u00fcckgehen und uns daran erinnern, was das Jubil\u00e4um ist und was mit einem vollkommenen Ablass gemeint ist? Das <a href=\"https:\/\/www.holyart.de\/blog\/devotionalien\/was-ist-das-jubilaeum-vorbereitungen-fuer-ein-neues-heiliges-jahr\/\"><strong>Jubil\u00e4um<\/strong><\/a> oder Heilige Jahr ist ein besonderes Ereignis der katholischen Kirche, das alle 25 Jahre gefeiert wird und von Gebet, Bu\u00dfe und Ablass gepr\u00e4gt ist. Es ist eine Zeit der geistlichen Erneuerung und Vers\u00f6hnung, in der die Gl\u00e4ubigen durch Beichte, Kommunion und Werke der Barmherzigkeit einen vollkommenen Ablass erlangen k\u00f6nnen. Der <a href=\"https:\/\/www.holyart.de\/blog\/devotionalien\/der-vollkommene-ablass-bedeutung-ursprung-und-weg-zum-ablass\/\"><strong>vollkommene Ablass<\/strong><\/a> ist eine besondere Gnade, die die katholische Kirche w\u00e4hrend des Heiligen Jahres gew\u00e4hrt: Die Gl\u00e4ubigen k\u00f6nnen einen vollst\u00e4ndigen Erlass der zeitlichen Strafe f\u00fcr bereits gebeichtete und vergebene S\u00fcnden erhalten.<\/p>\n<div class=\"link-article\">\n<p><img loading=\"lazy\" decoding=\"async\" class=\"size-full wp-image-6662 alignleft\" src=\"https:\/\/blog.holyart.it\/de\/wp-content\/uploads\/sites\/12\/2025\/08\/Was-ist-das-Jubilaeum.jpg\" alt=\"Was ist das Jubil\u00e4um\" width=\"150\" height=\"99\" data-kale-share-title=\"Die Regeln f\u00fcr die Gew\u00e4hrung von Abl\u00e4ssen w\u00e4hrend des Jubil\u00e4ums 2025\" data-kale-share-url=\"https:\/\/blog.holyart.it\/de\/?p=6658\" \/><\/p>\n<div class=\"leggi-anche\">Lesen Sie auch:<\/div>\n<p><strong><a href=\"https:\/\/www.holyart.de\/blog\/devotionalien\/was-ist-das-jubilaeum-vorbereitungen-fuer-ein-neues-heiliges-jahr\/\">Was ist das Jubil\u00e4um: Vorbereitungen f\u00fcr ein neues Heiliges Jahr<\/a><\/strong><br \/>\nWas ist das Jubil\u00e4umsjahr? Wie oft wird es gefeiert? Im Hinblick auf das Heilige Jahr 2025&#8230;<\/p>\n<\/div>\n<p>Wann wird ein vollkommener Ablass gew\u00e4hrt? Er wird durch <strong>Andachts\u00fcbungen<\/strong> wie <strong>Pilgerfahrten<\/strong> zu bestimmten heiligen St\u00e4tten, <strong>Gebete<\/strong>, Beichten, Teilnahme an der Eucharistie und das Verrichten von <strong>Werken der Barmherzigkeit<\/strong> gew\u00e4hrt. W\u00e4hrend des Jubil\u00e4ums wird dieser Ablass in besonderer Weise gew\u00e4hrt, um Bekehrung und geistige Erneuerung zu f\u00f6rdern, da er Gottes Barmherzigkeit und die M\u00f6glichkeit der Vergebung und Vers\u00f6hnung f\u00fcr alle Gl\u00e4ubigen hervorhebt.<\/p>\n<p>Die <strong><a href=\"https:\/\/www.holyart.de\/blog\/jubilaeum-2025\/verkuendigungsbulle-zum-jubilaeum-2025-darum-geht-es\/\">Ablassbulle f\u00fcr das Jubil\u00e4um 2025<\/a><\/strong> mit dem vielsagenden Titel <em>Spes non confundit<\/em> (Die Hoffnung entt\u00e4uscht nicht) wurde am 9. Mai 2024 ver\u00f6ffentlicht. Neben den Leitlinien und geistlichen Intentionen von Papst Franziskus f\u00fcr das Heilige Jahr nimmt sie auch die <strong>Normen f\u00fcr die Gew\u00e4hrung von Abl\u00e4ssen<\/strong> w\u00e4hrend des Ordentlichen Jubil\u00e4ums des Jahres 2025 vorweg. Diese Normen wurden einige Tage sp\u00e4ter vom Obersten P\u00f6nitentiar, Kardinal Angelo De Donatis, und dem Regenten der Apostolischen P\u00f6nitentiarie, Bischof Krzysztof Nykiel, im Detail ver\u00f6ffentlicht.<\/p>\n<p>In den Ablassnormen werden <strong>Pilgerfahrten<\/strong> als bevorzugter Weg zur Vergebung genannt.<\/p>\n<div class=\"link-article\">\n<p><img loading=\"lazy\" decoding=\"async\" class=\"size-full wp-image-6666 alignleft\" src=\"https:\/\/blog.holyart.it\/de\/wp-content\/uploads\/sites\/12\/2025\/08\/Bulle-zur-Ausrufung-des-Jubilaeums.jpg\" alt=\"Bulle zur Ausrufung des Jubil\u00e4ums\" width=\"150\" height=\"99\" data-kale-share-title=\"Die Regeln f\u00fcr die Gew\u00e4hrung von Abl\u00e4ssen w\u00e4hrend des Jubil\u00e4ums 2025\" data-kale-share-url=\"https:\/\/blog.holyart.it\/de\/?p=6658\" \/><\/p>\n<div class=\"leggi-anche\">Lesen Sie auch:<\/div>\n<p><strong><a href=\"https:\/\/www.holyart.de\/blog\/jubilaeum-2025\/verkuendigungsbulle-zum-jubilaeum-2025-darum-geht-es\/\">Verk\u00fcndigungsbulle zum Jubil\u00e4um 2025: Darum geht es!<\/a><\/strong><br \/>\nAm 9. Mai 2024 verlas Papst Franziskus die Verk\u00fcndigungsbulle zum Jubil\u00e4um &#8230;<\/p>\n<\/div>\n<h2>Die Apostolische P\u00f6nitentiarie<\/h2>\n<p>Die Apostolische P\u00f6nitentiarie ist das \u00e4lteste Dikasterium der R\u00f6mischen Kurie, das vor allem f\u00fcr die <strong>Gew\u00e4hrung und Verwaltung von Abl\u00e4ssen<\/strong> und f\u00fcr die L\u00f6sung <strong>kirchlicher Strafrechtsfragen<\/strong> im Zusammenhang mit schweren S\u00fcnden zust\u00e4ndig ist. Es ist eine wichtige Institution f\u00fcr das sakramentale und bu\u00dffertige Leben der Kirche. In der Praxis ist es das oberste Gericht der katholischen Kirche.<\/p>\n<p>Es legt unter anderem die Regeln und Bedingungen f\u00fcr die Erlangung von Abl\u00e4ssen fest, die vor allem w\u00e4hrend der Heiligen Jahre und bei anderen besonderen Anl\u00e4ssen von Bedeutung sind. Es befasst sich aber auch mit komplexen Bu\u00dff\u00e4llen, einschlie\u00dflich schwerer und umstrittener S\u00fcnden, bietet den Gl\u00e4ubigen Hilfe bei der Erlangung des Erlasses geistlicher Strafen an und koordiniert die Gew\u00e4hrung besonderer Befugnisse f\u00fcr Beichtv\u00e4ter, wie z. B. die dem Papst vorbehaltene M\u00f6glichkeit der Absolution von S\u00fcnden.<\/p>\n<div class=\"link-article\">\n<p><img loading=\"lazy\" decoding=\"async\" class=\"size-full wp-image-6664 alignleft\" src=\"https:\/\/blog.holyart.it\/de\/wp-content\/uploads\/sites\/12\/2025\/08\/vollkommener-Ablass-1.jpeg\" alt=\"vollkommener Ablass\" width=\"150\" height=\"99\" data-kale-share-title=\"Die Regeln f\u00fcr die Gew\u00e4hrung von Abl\u00e4ssen w\u00e4hrend des Jubil\u00e4ums 2025\" data-kale-share-url=\"https:\/\/blog.holyart.it\/de\/?p=6658\" \/><\/p>\n<div class=\"leggi-anche\">Lesen Sie auch:<\/div>\n<p><strong><a href=\"https:\/\/www.holyart.de\/blog\/devotionalien\/der-vollkommene-ablass-bedeutung-ursprung-und-weg-zum-ablass\/\">Der vollkommene Ablass: Bedeutung, Ursprung und Weg zum Ablass<\/a><\/strong><br \/>\nWas ist ein vollkommener Ablass? Aus diesem Grund hat Papst Franziskus ihn denjenigen gew\u00e4hrt&#8230;<\/p>\n<\/div>\n<p>Im Hinblick auf das Heilige Jahr 2025 hat die Apostolische P\u00f6nitentiarie die <em>Normen f\u00fcr den Ablass<\/em> ver\u00f6ffentlicht, um die Gl\u00e4ubigen zu ermutigen, diese Gnade durch besondere Bu\u00df\u00fcbungen zu erlangen.<\/p>\n<p><em>Gl\u00e4ubige, die wirklich reum\u00fctig und von einem Geist der N\u00e4chstenliebe beseelt sind<\/em>, zur Beichte gehen und an der Heiligen Kommunion teilnehmen, k\u00f6nnen einen Ablass erhalten, indem sie gem\u00e4\u00df den Intentionen des Papstes beten. Dar\u00fcber hinaus kann der Ablass f\u00fcr die Seelen im Fegefeuer beantragt werden.<\/p>\n<p>Die Normen weisen darauf hin, dass der Ablass durch eine <a href=\"https:\/\/www.holyart.de\/blog\/devotionalien\/5-pilgerorte-die-man-mindestens-einmal-im-leben-besuchen-sollte\/\"><strong>Pilgerfahrt<\/strong><\/a> oder durch <strong>Bu\u00dfe<\/strong> erlangt werden kann, die darin besteht, mindestens einen Tag lang auf sinnlose Ablenkungen und \u00fcberfl\u00fcssigen Konsum zu verzichten, <strong>Werke der N\u00e4chstenliebe<\/strong> zu verrichten, religi\u00f6se oder soziale Werke zu unterst\u00fctzen und Zeit f\u00fcr <strong>ehrenamtliche<\/strong> Arbeit aufzuwenden. Diese Bu\u00dfhandlungen werden als wesentlich angesehen, um den Geist des Jubil\u00e4ums zu leben.<\/p>\n<div class=\"link-article\">\n<p><img loading=\"lazy\" decoding=\"async\" class=\"alignleft wp-image-6660 size-full\" src=\"https:\/\/blog.holyart.it\/de\/wp-content\/uploads\/sites\/12\/2025\/08\/5-pilgerorte.jpeg\" alt=\"5 pilgerorte\" width=\"150\" height=\"99\" data-kale-share-title=\"Die Regeln f\u00fcr die Gew\u00e4hrung von Abl\u00e4ssen w\u00e4hrend des Jubil\u00e4ums 2025\" data-kale-share-url=\"https:\/\/blog.holyart.it\/de\/?p=6658\" \/><\/p>\n<div class=\"leggi-anche\">Lesen Sie auch:<\/div>\n<p><strong><a href=\"https:\/\/www.holyart.de\/blog\/devotionalien\/5-pilgerorte-die-man-mindestens-einmal-im-leben-besuchen-sollte\/\">5 Pilgerorte, die man mindestens einmal im Leben besuchen sollte<\/a><\/strong><br \/>\nGottes Handeln auf dieser Erde hinterl\u00e4sst eine starke Spur, die uns anzieht&#8230;<\/p>\n<\/div>\n<h2>Wenn ein vollkommener Ablass gew\u00e4hrt wird<\/h2>\n<h3>Pilgerfahrt und Messe am Ort<\/h3>\n<p>Die Normen f\u00fcr den Erhalt von Abl\u00e4ssen w\u00e4hrend des Jubil\u00e4ums 2025 verweisen auf Rom, das seit jeher <strong><a href=\"https:\/\/www.holyart.de\/blog\/devotionalien\/pilgerreise-nach-rom-ein-beliebtes-ziel-fuer-christen\/\">ein beliebtes Pilgerziel f\u00fcr Christen<\/a><\/strong> ist. Wer sich nach Rom begibt, kommt nicht umhin, die <a href=\"https:\/\/www.holyart.de\/blog\/devotionalien\/jubilaeumskirchen-pilgerziele-die-man-waehrend-des-jubilaeums-unbedingt-gesehen-haben-muss\/\"><strong>Jubil\u00e4umskirchen<\/strong><\/a> zu besuchen, d. h. jene Kirchen, die mit einer <strong><a href=\"https:\/\/www.holyart.de\/blog\/devotionalien\/heilige-pforte-was-sie-ist-und-was-ihre-oeffnung-bedeutet\/\">Heiligen Pforte<\/a><\/strong> ausgestattet sind, durch deren Durchschreiten man einen vollkommenen Ablass von allen S\u00fcnden und den damit verbundenen zeitlichen Strafen erlangen kann. Die <strong>vier p\u00e4pstlichen Basiliken von Rom<\/strong>, die so genannten Gro\u00dfen Basiliken, geh\u00f6ren zu den wichtigsten Pilgerzielen der katholischen Gl\u00e4ubigen, insbesondere zu besonderen Anl\u00e4ssen wie den Heiligen Jahren. Diese sind: Petersdom im Vatikan, Lateranbasilika (Dom zu Rom), Basilika S. Paolo Fuori le Mura und Basilika S. Maria Maggiore. In der Vergangenheit waren vier Grundvoraussetzungen erforderlich, um einen vollkommenen Ablass zu erhalten: die Anwesenheit in Rom, der Gang zur Beichte, der Besuch der wichtigsten Basiliken der Stadt und das Gebet f\u00fcr die eigene geistige Gesundheit und die aller Christen. Die<strong> <a href=\"https:\/\/www.holyart.de\/blog\/devotionalien\/die-rundreise-zu-den-sieben-kirchen-pilgerwege-zum-jubilaeum\/\">Tour der sieben Kirchen<\/a><\/strong> ist ebenfalls eine Pilgertradition, die auf das 4. Jahrhundert zur\u00fcckgeht und die w\u00e4hrend des Jubil\u00e4ums besondere Bedeutung erlangt.<\/p>\n<div class=\"link-article\">\n<p><img loading=\"lazy\" decoding=\"async\" class=\"size-full wp-image-6668 alignleft\" src=\"https:\/\/blog.holyart.it\/de\/wp-content\/uploads\/sites\/12\/2025\/08\/Jubilaeumskirchen.jpg\" alt=\"Jubil\u00e4umskirchen\" width=\"150\" height=\"99\" data-kale-share-title=\"Die Regeln f\u00fcr die Gew\u00e4hrung von Abl\u00e4ssen w\u00e4hrend des Jubil\u00e4ums 2025\" data-kale-share-url=\"https:\/\/blog.holyart.it\/de\/?p=6658\" \/><\/p>\n<div class=\"leggi-anche\">Lesen Sie auch:<\/div>\n<p><strong><a href=\"https:\/\/www.holyart.de\/blog\/devotionalien\/jubilaeumskirchen-pilgerziele-die-man-waehrend-des-jubilaeums-unbedingt-gesehen-haben-muss\/\">Jubil\u00e4umskirchen, Pilgerziele, die man w\u00e4hrend des Jubil\u00e4ums unbedingt gesehen haben muss<\/a><\/strong><br \/>\nJubil\u00e4umskirchen sind Kirchen, die mit einer Heiligen Pforte ausgestattet sind &#8230;<\/p>\n<\/div>\n<p>Weitere Wallfahrtsorte, die einen vollkommenen Ablass garantieren, sind das <strong>Heilige Land<\/strong> mit der <strong>Grabeskirche<\/strong>, die Geburtsbasilika in Bethlehem und die Verk\u00fcndigungsbasilika in Nazareth, die beiden kleineren p\u00e4pstlichen Basiliken von Assisi, Loreto, wo das <a href=\"https:\/\/www.holyart.de\/blog\/heilige-und-selige\/die-muttergottes-von-loreto-geschichte-und-mythos-des-aus-palaestina-nach-loreto-gekommenen-hauses\/\"><strong>Haus der<\/strong> <strong>Muttergottes<\/strong><\/a> aufbewahrt wird, und Pompei mit dem der <strong><a href=\"https:\/\/www.holyart.de\/blog\/devotionalien\/wie-man-das-bittgebet-zu-unserer-lieben-frau-von-pompei-rezitiert\/\">Muttergottes geweihten Heiligtum<\/a><\/strong>. Wenn Sie diese Orte aufsuchen und an der Messe teilnehmen, den Rosenkranz beten oder sogar am Kreuzweg teilnehmen, k\u00f6nnen Sie einen Jubil\u00e4umsablass erlangen.<\/p>\n<p>Wo auch immer Sie sich f\u00fcr eine Pilgerreise entscheiden, zu \u201e<em>einer von den Di\u00f6zesan- oder Eparchialbisch\u00f6fen bestimmten Stiftskirche von hohem Ansehen oder einem Heiligtum\u201c<\/em>, wie es die Bischofskonferenzen festgelegt haben, denken Sie daran, alles Notwendige in Ihrem<strong> <a href=\"https:\/\/www.holyart.de\/jubilaum-der-barmherzigkeit\/pilger-set-zum-jubilaum-2025\/pilgerkomplett-kit-zum-jubilaum-2025-rucksack-plus-zubehor-umweltfreundlich-und-wasserdicht\">Rucksack<\/a><\/strong> mitzunehmen!<\/p>\n<div class=\"link-product\">\n<div class=\"blocco-immagine\"><img loading=\"lazy\" decoding=\"async\" class=\"size-full wp-image-6671 alignleft\" src=\"https:\/\/blog.holyart.it\/de\/wp-content\/uploads\/sites\/12\/2025\/08\/Pilgerrucksack-Komplettset-Jubilaeum-2025.jpg\" alt=\"Pilgerrucksack Komplettset Jubil\u00e4um 2025\" width=\"100\" height=\"100\" data-kale-share-title=\"Die Regeln f\u00fcr die Gew\u00e4hrung von Abl\u00e4ssen w\u00e4hrend des Jubil\u00e4ums 2025\" data-kale-share-url=\"https:\/\/blog.holyart.it\/de\/?p=6658\" \/><\/div>\n<div class=\"blocco-contenuto\">\n<div class=\"blocco-acquista\">Einkaufen:<\/div>\n<div class=\"blocco-titolo\"><a href=\"https:\/\/www.holyart.de\/jubilaum-der-barmherzigkeit\/pilger-set-zum-jubilaum-2025\/pilgerkomplett-kit-zum-jubilaum-2025-rucksack-plus-zubehor-umweltfreundlich-und-wasserdicht\"><strong>Pilgerkomplett-Kit zum Jubil\u00e4um 2025, Rucksack plus Zubeh\u00f6r<\/strong><\/a><\/div>\n<div class=\"blocco-descrizione\">Pilgerkomplett-Kit zum Jubil\u00e4um 2025 &#8222;Pilger der Hoffnung&#8220;, wasserdichter Rucksack aus umweltfreundlichem Material plus Zubeh\u00f6r, umweltfreundlich und wasserdicht&#8230;.<\/div>\n<\/div>\n<\/div>\n<h2>Werke der Barmherzigkeit und der Bu\u00dfe<\/h2>\n<p>Und f\u00fcr diejenigen, die nicht reisen k\u00f6nnen? Diejenigen, die aus schwerwiegenden Gr\u00fcnden nicht reisen k\u00f6nnen, wie z. B. Ordensschwestern, Kranke oder Gefangene, k\u00f6nnen einen Ablass erhalten, indem sie Gebete sprechen und ihre Leiden f\u00fcr die Seelen im Fegefeuer aufopfern. Der Ablass ist n\u00e4mlich eng mit dem Begriff der <strong>Barmherzigkeit<\/strong> verbunden. Um einen Ablass zu erlangen, kann man also neben Wallfahrten und Gebeten auch <strong>Werke der Barmherzigkeit vollbringen und Bu\u00dfe<\/strong> tun. Diese geistlichen und k\u00f6rperlichen Handlungen erm\u00f6glichen es, die <strong>Liebe zum N\u00e4chsten und den Wunsch nach Umkehr konkret zum Ausdruck zu bringen<\/strong>. Zu den leiblichen Werken der Barmherzigkeit geh\u00f6ren Handlungen wie die Speisung der Hungrigen, die Bekleidung der Armen und der Besuch der Kranken, w\u00e4hrend zu den geistlichen Werken das Tr\u00f6sten der Betr\u00fcbten, die Belehrung der Irrenden und das Gebet f\u00fcr die Lebenden und die Toten geh\u00f6ren. In Verbindung mit der Beichte, der Teilnahme an der Eucharistie und <strong>dem Gebet gem\u00e4\u00df den Intentionen des Papstes<\/strong> erm\u00f6glichen diese Werke den Erhalt eines Ablasses und bieten eine Gelegenheit zur L\u00e4uterung und zum geistigen Wachstum.<\/p>\n<h2>Bu\u00dfe am Freitag<\/h2>\n<p>Auch in diesem Jahr wird es nach den Normen m\u00f6glich sein, <strong>freitags einen Ablass durch Bu\u00dfe<\/strong> zu erlangen. Die Gl\u00e4ubigen sind eingeladen, den spirituellen Wert dieses Tages wiederzuentdecken. Die Bu\u00dfe kann durch den Verzicht auf reale und virtuelle Ablenkungen, wie die \u00fcberm\u00e4\u00dfige Nutzung von Medien und sozialen Netzwerken, oder durch den Verzicht auf \u00fcberfl\u00fcssigen Konsum praktiziert werden. Dar\u00fcber hinaus kann man nach den Richtlinien der Kirche <strong>fasten<\/strong> und Geld f\u00fcr die Armen oder f\u00fcr religi\u00f6se und soziale Werke spenden. Diese im Geiste der Bu\u00dfe vollzogenen Handlungen der Aufopferung und Gro\u00dfz\u00fcgigkeit helfen den Gl\u00e4ubigen, den Jubil\u00e4umsablass zu erhalten.<\/p>\n<h2>Abstinenz von realen und virtuellen Ablenkungen<\/h2>\n<p>Die Enthaltsamkeit von realen und virtuellen Ablenkungen, nicht nur freitags, sondern auch an jedem anderen Tag, kann ein weiteres Mittel sein, um die Abl\u00e4sse des Jubil\u00e4ums zu verfolgen. Die Einschr\u00e4nkung oder der Verzicht auf die Nutzung sozialer Netzwerke, des Fernsehens und anderer digitaler Unterhaltungsmedien, die von der spirituellen Reflexion und Selbstvervollkommnung ablenken k\u00f6nnen, sowie der Verzicht auf unn\u00f6tige Anschaffungen und \u00fcberm\u00e4\u00dfige Ausgaben, um sich st\u00e4rker auf spirituelle und karitative Bed\u00fcrfnisse zu konzentrieren. Um einen Jubil\u00e4umsablass zu erhalten, m\u00fcssen diese Handlungen des Verzichts mit aufrichtiger Reflexion und konkreten Taten der N\u00e4chstenliebe einhergehen, wie etwa Spenden an die Armen oder die Unterst\u00fctzung von sozialen und religi\u00f6sen Projekten.<\/p>\n<h2>Freiwillige Aktivit\u00e4ten<\/h2>\n<p>Um einen Ablass durch freiwillige T\u00e4tigkeiten zu erlangen, m\u00fcssen <strong>die Gl\u00e4ubigen ihren N\u00e4chsten dienen und helfen<\/strong>, indem sie <strong>christliche Liebe und <a href=\"https:\/\/www.holyart.de\/blog\/devotionalien\/almosen-geben-ist-das-naechstenliebe\/\">N\u00e4chstenliebe<\/a><\/strong> konkret zum Ausdruck bringen, indem sie bed\u00fcrftigen Menschen wie einsamen \u00e4lteren Menschen, Kranken, Einwanderern oder Familien in Schwierigkeiten Zeit und Unterst\u00fctzung schenken, indem sie sich an Initiativen und Programmen zur F\u00f6rderung des Gemeinwohls beteiligen, wie Obdachlosenunterk\u00fcnften, Suppenk\u00fcchen oder Betreuungszentren f\u00fcr Kinder und Jugendliche, und indem sie mit \u00f6rtlichen Freiwilligenverb\u00e4nden, Pfarreien oder anderen Organisationen zusammenarbeiten, die sich f\u00fcr das Wohl der Gemeinschaft einsetzen. Diese Art von Dienst muss mit einem gro\u00dfz\u00fcgigen Herzen und einem echten Geist der N\u00e4chstenliebe im Einklang mit den Grunds\u00e4tzen des Heiligen Jahres geleistet werden. Der Ablass wird nicht nur f\u00fcr die aufgewendete Zeit gew\u00e4hrt, sondern auch f\u00fcr die Absicht, Leiden zu lindern und das Gute zu f\u00f6rdern.<\/p>\n<div class=\"link-article\">\n<p><img loading=\"lazy\" decoding=\"async\" class=\"size-full wp-image-6675 alignleft\" src=\"https:\/\/blog.holyart.it\/de\/wp-content\/uploads\/sites\/12\/2025\/08\/Almosen.jpg\" alt=\"Almosen\" width=\"150\" height=\"99\" data-kale-share-title=\"Die Regeln f\u00fcr die Gew\u00e4hrung von Abl\u00e4ssen w\u00e4hrend des Jubil\u00e4ums 2025\" data-kale-share-url=\"https:\/\/blog.holyart.it\/de\/?p=6658\" \/><\/p>\n<div class=\"leggi-anche\">Lesen Sie auch:<\/div>\n<p><strong><a href=\"https:\/\/www.holyart.de\/blog\/devotionalien\/almosen-geben-ist-das-naechstenliebe\/\">Almosen geben: Ist das N\u00e4chstenliebe?<\/a><\/strong><br \/>\nDas Almosen an die Armen ist ein Ausdruck der Barmherzigkeit, der eng mit den &#8230;<\/p>\n<\/div>\n","protected":false},"excerpt":{"rendered":"<p>Die Apostolische P\u00f6nitentiarie hat die Normen f\u00fcr die Gew\u00e4hrung von Abl\u00e4ssen w\u00e4hrend des Jubil\u00e4ums 2025 ver\u00f6ffentlicht. Wallfahrten, Bu\u00dfe, Werke der N\u00e4chstenliebe, um den Geist des Jubil\u00e4ums vollkommen zu leben Wenn wir an das Jubil\u00e4um 2025 denken, kommt uns als erstes der Ablass in den Sinn.&hellip;<\/p>\n","protected":false},"author":1,"featured_media":6677,"comment_status":"closed","ping_status":"open","sticky":false,"template":"","format":"standard","meta":{"_acf_changed":false,"footnotes":""},"categories":[17],"tags":[],"class_list":["post-6658","post","type-post","status-publish","format-standard","has-post-thumbnail","hentry","category-jubilaeum-2025"],"acf":[],"yoast_head":"<!-- This site is optimized with the Yoast SEO plugin v26.6 - https:\/\/yoast.com\/wordpress\/plugins\/seo\/ -->\n<title>Die Regeln f\u00fcr die Gew\u00e4hrung von Abl\u00e4ssen w\u00e4hrend des Jubil\u00e4ums 2025 - Holyart.de Blog<\/title>\n<meta name=\"description\" content=\"Anl\u00e4sslich des Heiligen Jahres 2025 wurden die Normen f\u00fcr die Erlangung von Abl\u00e4ssen ver\u00f6ffentlicht. Grundlegend sind Reue, ein Geist...\" \/>\n<meta name=\"robots\" content=\"index, follow, max-snippet:-1, max-image-preview:large, max-video-preview:-1\" \/>\n<link rel=\"canonical\" href=\"https:\/\/blog.holyart.it\/de\/jubilaeum-2025\/die-regeln-fuer-die-gewaehrung-von-ablaessen-waehrend-des-jubilaeums-2025\/\" \/>\n<meta property=\"og:locale\" content=\"de_DE\" \/>\n<meta property=\"og:type\" content=\"article\" \/>\n<meta property=\"og:title\" content=\"Die Regeln f\u00fcr die Gew\u00e4hrung von Abl\u00e4ssen w\u00e4hrend des Jubil\u00e4ums 2025 - Holyart.de Blog\" \/>\n<meta property=\"og:description\" content=\"Anl\u00e4sslich des Heiligen Jahres 2025 wurden die Normen f\u00fcr die Erlangung von Abl\u00e4ssen ver\u00f6ffentlicht. Grundlegend sind Reue, ein Geist...\" \/>\n<meta property=\"og:url\" content=\"https:\/\/blog.holyart.it\/de\/jubilaeum-2025\/die-regeln-fuer-die-gewaehrung-von-ablaessen-waehrend-des-jubilaeums-2025\/\" \/>\n<meta property=\"og:site_name\" content=\"Holyart.de Blog\" \/>\n<meta property=\"article:published_time\" content=\"2025-08-25T08:00:55+00:00\" \/>\n<meta property=\"og:image\" content=\"https:\/\/blog.holyart.it\/de\/wp-content\/uploads\/sites\/12\/2025\/08\/Ablaesse.jpg\" \/>\n\t<meta property=\"og:image:width\" content=\"1000\" \/>\n\t<meta property=\"og:image:height\" content=\"666\" \/>\n\t<meta property=\"og:image:type\" content=\"image\/jpeg\" \/>\n<meta name=\"author\" content=\"Redazione\" \/>\n<meta name=\"twitter:card\" content=\"summary_large_image\" \/>\n<meta name=\"twitter:label1\" content=\"Verfasst von\" \/>\n\t<meta name=\"twitter:data1\" content=\"Redazione\" \/>\n\t<meta name=\"twitter:label2\" content=\"Gesch\u00e4tzte Lesezeit\" \/>\n\t<meta name=\"twitter:data2\" content=\"11\u00a0Minuten\" \/>\n<script type=\"application\/ld+json\" class=\"yoast-schema-graph\">{\"@context\":\"https:\/\/schema.org\",\"@graph\":[{\"@type\":\"Article\",\"@id\":\"https:\/\/blog.holyart.it\/de\/jubilaeum-2025\/die-regeln-fuer-die-gewaehrung-von-ablaessen-waehrend-des-jubilaeums-2025\/#article\",\"isPartOf\":{\"@id\":\"https:\/\/blog.holyart.it\/de\/jubilaeum-2025\/die-regeln-fuer-die-gewaehrung-von-ablaessen-waehrend-des-jubilaeums-2025\/\"},\"author\":{\"name\":\"Redazione\",\"@id\":\"https:\/\/blog.holyart.it\/de\/#\/schema\/person\/0a7b686e5af0f856ec1e390dd0baecda\"},\"headline\":\"Die Regeln f\u00fcr die Gew\u00e4hrung von Abl\u00e4ssen w\u00e4hrend des Jubil\u00e4ums 2025\",\"datePublished\":\"2025-08-25T08:00:55+00:00\",\"mainEntityOfPage\":{\"@id\":\"https:\/\/blog.holyart.it\/de\/jubilaeum-2025\/die-regeln-fuer-die-gewaehrung-von-ablaessen-waehrend-des-jubilaeums-2025\/\"},\"wordCount\":1826,\"publisher\":{\"@id\":\"https:\/\/blog.holyart.it\/de\/#organization\"},\"image\":{\"@id\":\"https:\/\/blog.holyart.it\/de\/jubilaeum-2025\/die-regeln-fuer-die-gewaehrung-von-ablaessen-waehrend-des-jubilaeums-2025\/#primaryimage\"},\"thumbnailUrl\":\"https:\/\/blog.holyart.it\/de\/wp-content\/uploads\/sites\/12\/2025\/08\/Ablaesse.jpg\",\"articleSection\":[\"Jubil\u00e4um 2025\"],\"inLanguage\":\"de\"},{\"@type\":\"WebPage\",\"@id\":\"https:\/\/blog.holyart.it\/de\/jubilaeum-2025\/die-regeln-fuer-die-gewaehrung-von-ablaessen-waehrend-des-jubilaeums-2025\/\",\"url\":\"https:\/\/blog.holyart.it\/de\/jubilaeum-2025\/die-regeln-fuer-die-gewaehrung-von-ablaessen-waehrend-des-jubilaeums-2025\/\",\"name\":\"Die Regeln f\u00fcr die Gew\u00e4hrung von Abl\u00e4ssen w\u00e4hrend des Jubil\u00e4ums 2025 - Holyart.de Blog\",\"isPartOf\":{\"@id\":\"https:\/\/blog.holyart.it\/de\/#website\"},\"primaryImageOfPage\":{\"@id\":\"https:\/\/blog.holyart.it\/de\/jubilaeum-2025\/die-regeln-fuer-die-gewaehrung-von-ablaessen-waehrend-des-jubilaeums-2025\/#primaryimage\"},\"image\":{\"@id\":\"https:\/\/blog.holyart.it\/de\/jubilaeum-2025\/die-regeln-fuer-die-gewaehrung-von-ablaessen-waehrend-des-jubilaeums-2025\/#primaryimage\"},\"thumbnailUrl\":\"https:\/\/blog.holyart.it\/de\/wp-content\/uploads\/sites\/12\/2025\/08\/Ablaesse.jpg\",\"datePublished\":\"2025-08-25T08:00:55+00:00\",\"description\":\"Anl\u00e4sslich des Heiligen Jahres 2025 wurden die Normen f\u00fcr die Erlangung von Abl\u00e4ssen ver\u00f6ffentlicht. Grundlegend sind Reue, ein Geist...\",\"breadcrumb\":{\"@id\":\"https:\/\/blog.holyart.it\/de\/jubilaeum-2025\/die-regeln-fuer-die-gewaehrung-von-ablaessen-waehrend-des-jubilaeums-2025\/#breadcrumb\"},\"inLanguage\":\"de\",\"potentialAction\":[{\"@type\":\"ReadAction\",\"target\":[\"https:\/\/blog.holyart.it\/de\/jubilaeum-2025\/die-regeln-fuer-die-gewaehrung-von-ablaessen-waehrend-des-jubilaeums-2025\/\"]}]},{\"@type\":\"ImageObject\",\"inLanguage\":\"de\",\"@id\":\"https:\/\/blog.holyart.it\/de\/jubilaeum-2025\/die-regeln-fuer-die-gewaehrung-von-ablaessen-waehrend-des-jubilaeums-2025\/#primaryimage\",\"url\":\"https:\/\/blog.holyart.it\/de\/wp-content\/uploads\/sites\/12\/2025\/08\/Ablaesse.jpg\",\"contentUrl\":\"https:\/\/blog.holyart.it\/de\/wp-content\/uploads\/sites\/12\/2025\/08\/Ablaesse.jpg\",\"width\":1000,\"height\":666,\"caption\":\"Abl\u00e4sse\"},{\"@type\":\"BreadcrumbList\",\"@id\":\"https:\/\/blog.holyart.it\/de\/jubilaeum-2025\/die-regeln-fuer-die-gewaehrung-von-ablaessen-waehrend-des-jubilaeums-2025\/#breadcrumb\",\"itemListElement\":[{\"@type\":\"ListItem\",\"position\":1,\"name\":\"Homepage\",\"item\":\"https:\/\/blog.holyart.it\/de\/\"},{\"@type\":\"ListItem\",\"position\":2,\"name\":\"Jubil\u00e4um 2025\",\"item\":\"https:\/\/blog.holyart.it\/de\/jubilaeum-2025\/\"},{\"@type\":\"ListItem\",\"position\":3,\"name\":\"Die Regeln f\u00fcr die Gew\u00e4hrung von Abl\u00e4ssen w\u00e4hrend des Jubil\u00e4ums 2025\"}]},{\"@type\":\"WebSite\",\"@id\":\"https:\/\/blog.holyart.it\/de\/#website\",\"url\":\"https:\/\/blog.holyart.it\/de\/\",\"name\":\"Holyart.de Blog\",\"description\":\"Holyblog\",\"publisher\":{\"@id\":\"https:\/\/blog.holyart.it\/de\/#organization\"},\"potentialAction\":[{\"@type\":\"SearchAction\",\"target\":{\"@type\":\"EntryPoint\",\"urlTemplate\":\"https:\/\/blog.holyart.it\/de\/?s={search_term_string}\"},\"query-input\":{\"@type\":\"PropertyValueSpecification\",\"valueRequired\":true,\"valueName\":\"search_term_string\"}}],\"inLanguage\":\"de\"},{\"@type\":\"Organization\",\"@id\":\"https:\/\/blog.holyart.it\/de\/#organization\",\"name\":\"Holyart.de Blog\",\"url\":\"https:\/\/blog.holyart.it\/de\/\",\"logo\":{\"@type\":\"ImageObject\",\"inLanguage\":\"de\",\"@id\":\"https:\/\/blog.holyart.it\/de\/#\/schema\/logo\/image\/\",\"url\":\"https:\/\/blog.holyart.it\/de\/wp-content\/uploads\/sites\/12\/2022\/12\/Holyart_Blog_Logo.jpg\",\"contentUrl\":\"https:\/\/blog.holyart.it\/de\/wp-content\/uploads\/sites\/12\/2022\/12\/Holyart_Blog_Logo.jpg\",\"width\":300,\"height\":50,\"caption\":\"Holyart.de Blog\"},\"image\":{\"@id\":\"https:\/\/blog.holyart.it\/de\/#\/schema\/logo\/image\/\"}},{\"@type\":\"Person\",\"@id\":\"https:\/\/blog.holyart.it\/de\/#\/schema\/person\/0a7b686e5af0f856ec1e390dd0baecda\",\"name\":\"Redazione\",\"image\":{\"@type\":\"ImageObject\",\"inLanguage\":\"de\",\"@id\":\"https:\/\/blog.holyart.it\/de\/#\/schema\/person\/image\/\",\"url\":\"https:\/\/secure.gravatar.com\/avatar\/f477da817f43e50d0af36abecd33e3edf826c68299714bdc1057dff3b113f516?s=96&d=mm&r=g\",\"contentUrl\":\"https:\/\/secure.gravatar.com\/avatar\/f477da817f43e50d0af36abecd33e3edf826c68299714bdc1057dff3b113f516?s=96&d=mm&r=g\",\"caption\":\"Redazione\"}}]}<\/script>\n<!-- \/ Yoast SEO plugin. -->","yoast_head_json":{"title":"Die Regeln f\u00fcr die Gew\u00e4hrung von Abl\u00e4ssen w\u00e4hrend des Jubil\u00e4ums 2025 - Holyart.de Blog","description":"Anl\u00e4sslich des Heiligen Jahres 2025 wurden die Normen f\u00fcr die Erlangung von Abl\u00e4ssen ver\u00f6ffentlicht. Grundlegend sind Reue, ein Geist...","robots":{"index":"index","follow":"follow","max-snippet":"max-snippet:-1","max-image-preview":"max-image-preview:large","max-video-preview":"max-video-preview:-1"},"canonical":"https:\/\/blog.holyart.it\/de\/jubilaeum-2025\/die-regeln-fuer-die-gewaehrung-von-ablaessen-waehrend-des-jubilaeums-2025\/","og_locale":"de_DE","og_type":"article","og_title":"Die Regeln f\u00fcr die Gew\u00e4hrung von Abl\u00e4ssen w\u00e4hrend des Jubil\u00e4ums 2025 - Holyart.de Blog","og_description":"Anl\u00e4sslich des Heiligen Jahres 2025 wurden die Normen f\u00fcr die Erlangung von Abl\u00e4ssen ver\u00f6ffentlicht. Grundlegend sind Reue, ein Geist...","og_url":"https:\/\/blog.holyart.it\/de\/jubilaeum-2025\/die-regeln-fuer-die-gewaehrung-von-ablaessen-waehrend-des-jubilaeums-2025\/","og_site_name":"Holyart.de Blog","article_published_time":"2025-08-25T08:00:55+00:00","og_image":[{"width":1000,"height":666,"url":"https:\/\/blog.holyart.it\/de\/wp-content\/uploads\/sites\/12\/2025\/08\/Ablaesse.jpg","type":"image\/jpeg"}],"author":"Redazione","twitter_card":"summary_large_image","twitter_misc":{"Verfasst von":"Redazione","Gesch\u00e4tzte Lesezeit":"11\u00a0Minuten"},"schema":{"@context":"https:\/\/schema.org","@graph":[{"@type":"Article","@id":"https:\/\/blog.holyart.it\/de\/jubilaeum-2025\/die-regeln-fuer-die-gewaehrung-von-ablaessen-waehrend-des-jubilaeums-2025\/#article","isPartOf":{"@id":"https:\/\/blog.holyart.it\/de\/jubilaeum-2025\/die-regeln-fuer-die-gewaehrung-von-ablaessen-waehrend-des-jubilaeums-2025\/"},"author":{"name":"Redazione","@id":"https:\/\/blog.holyart.it\/de\/#\/schema\/person\/0a7b686e5af0f856ec1e390dd0baecda"},"headline":"Die Regeln f\u00fcr die Gew\u00e4hrung von Abl\u00e4ssen w\u00e4hrend des Jubil\u00e4ums 2025","datePublished":"2025-08-25T08:00:55+00:00","mainEntityOfPage":{"@id":"https:\/\/blog.holyart.it\/de\/jubilaeum-2025\/die-regeln-fuer-die-gewaehrung-von-ablaessen-waehrend-des-jubilaeums-2025\/"},"wordCount":1826,"publisher":{"@id":"https:\/\/blog.holyart.it\/de\/#organization"},"image":{"@id":"https:\/\/blog.holyart.it\/de\/jubilaeum-2025\/die-regeln-fuer-die-gewaehrung-von-ablaessen-waehrend-des-jubilaeums-2025\/#primaryimage"},"thumbnailUrl":"https:\/\/blog.holyart.it\/de\/wp-content\/uploads\/sites\/12\/2025\/08\/Ablaesse.jpg","articleSection":["Jubil\u00e4um 2025"],"inLanguage":"de"},{"@type":"WebPage","@id":"https:\/\/blog.holyart.it\/de\/jubilaeum-2025\/die-regeln-fuer-die-gewaehrung-von-ablaessen-waehrend-des-jubilaeums-2025\/","url":"https:\/\/blog.holyart.it\/de\/jubilaeum-2025\/die-regeln-fuer-die-gewaehrung-von-ablaessen-waehrend-des-jubilaeums-2025\/","name":"Die Regeln f\u00fcr die Gew\u00e4hrung von Abl\u00e4ssen w\u00e4hrend des Jubil\u00e4ums 2025 - Holyart.de Blog","isPartOf":{"@id":"https:\/\/blog.holyart.it\/de\/#website"},"primaryImageOfPage":{"@id":"https:\/\/blog.holyart.it\/de\/jubilaeum-2025\/die-regeln-fuer-die-gewaehrung-von-ablaessen-waehrend-des-jubilaeums-2025\/#primaryimage"},"image":{"@id":"https:\/\/blog.holyart.it\/de\/jubilaeum-2025\/die-regeln-fuer-die-gewaehrung-von-ablaessen-waehrend-des-jubilaeums-2025\/#primaryimage"},"thumbnailUrl":"https:\/\/blog.holyart.it\/de\/wp-content\/uploads\/sites\/12\/2025\/08\/Ablaesse.jpg","datePublished":"2025-08-25T08:00:55+00:00","description":"Anl\u00e4sslich des Heiligen Jahres 2025 wurden die Normen f\u00fcr die Erlangung von Abl\u00e4ssen ver\u00f6ffentlicht. Grundlegend sind Reue, ein Geist...","breadcrumb":{"@id":"https:\/\/blog.holyart.it\/de\/jubilaeum-2025\/die-regeln-fuer-die-gewaehrung-von-ablaessen-waehrend-des-jubilaeums-2025\/#breadcrumb"},"inLanguage":"de","potentialAction":[{"@type":"ReadAction","target":["https:\/\/blog.holyart.it\/de\/jubilaeum-2025\/die-regeln-fuer-die-gewaehrung-von-ablaessen-waehrend-des-jubilaeums-2025\/"]}]},{"@type":"ImageObject","inLanguage":"de","@id":"https:\/\/blog.holyart.it\/de\/jubilaeum-2025\/die-regeln-fuer-die-gewaehrung-von-ablaessen-waehrend-des-jubilaeums-2025\/#primaryimage","url":"https:\/\/blog.holyart.it\/de\/wp-content\/uploads\/sites\/12\/2025\/08\/Ablaesse.jpg","contentUrl":"https:\/\/blog.holyart.it\/de\/wp-content\/uploads\/sites\/12\/2025\/08\/Ablaesse.jpg","width":1000,"height":666,"caption":"Abl\u00e4sse"},{"@type":"BreadcrumbList","@id":"https:\/\/blog.holyart.it\/de\/jubilaeum-2025\/die-regeln-fuer-die-gewaehrung-von-ablaessen-waehrend-des-jubilaeums-2025\/#breadcrumb","itemListElement":[{"@type":"ListItem","position":1,"name":"Homepage","item":"https:\/\/blog.holyart.it\/de\/"},{"@type":"ListItem","position":2,"name":"Jubil\u00e4um 2025","item":"https:\/\/blog.holyart.it\/de\/jubilaeum-2025\/"},{"@type":"ListItem","position":3,"name":"Die Regeln f\u00fcr die Gew\u00e4hrung von Abl\u00e4ssen w\u00e4hrend des Jubil\u00e4ums 2025"}]},{"@type":"WebSite","@id":"https:\/\/blog.holyart.it\/de\/#website","url":"https:\/\/blog.holyart.it\/de\/","name":"Holyart.de Blog","description":"Holyblog","publisher":{"@id":"https:\/\/blog.holyart.it\/de\/#organization"},"potentialAction":[{"@type":"SearchAction","target":{"@type":"EntryPoint","urlTemplate":"https:\/\/blog.holyart.it\/de\/?s={search_term_string}"},"query-input":{"@type":"PropertyValueSpecification","valueRequired":true,"valueName":"search_term_string"}}],"inLanguage":"de"},{"@type":"Organization","@id":"https:\/\/blog.holyart.it\/de\/#organization","name":"Holyart.de Blog","url":"https:\/\/blog.holyart.it\/de\/","logo":{"@type":"ImageObject","inLanguage":"de","@id":"https:\/\/blog.holyart.it\/de\/#\/schema\/logo\/image\/","url":"https:\/\/blog.holyart.it\/de\/wp-content\/uploads\/sites\/12\/2022\/12\/Holyart_Blog_Logo.jpg","contentUrl":"https:\/\/blog.holyart.it\/de\/wp-content\/uploads\/sites\/12\/2022\/12\/Holyart_Blog_Logo.jpg","width":300,"height":50,"caption":"Holyart.de Blog"},"image":{"@id":"https:\/\/blog.holyart.it\/de\/#\/schema\/logo\/image\/"}},{"@type":"Person","@id":"https:\/\/blog.holyart.it\/de\/#\/schema\/person\/0a7b686e5af0f856ec1e390dd0baecda","name":"Redazione","image":{"@type":"ImageObject","inLanguage":"de","@id":"https:\/\/blog.holyart.it\/de\/#\/schema\/person\/image\/","url":"https:\/\/secure.gravatar.com\/avatar\/f477da817f43e50d0af36abecd33e3edf826c68299714bdc1057dff3b113f516?s=96&d=mm&r=g","contentUrl":"https:\/\/secure.gravatar.com\/avatar\/f477da817f43e50d0af36abecd33e3edf826c68299714bdc1057dff3b113f516?s=96&d=mm&r=g","caption":"Redazione"}}]}},"_links":{"self":[{"href":"https:\/\/blog.holyart.it\/de\/wp-json\/wp\/v2\/posts\/6658","targetHints":{"allow":["GET"]}}],"collection":[{"href":"https:\/\/blog.holyart.it\/de\/wp-json\/wp\/v2\/posts"}],"about":[{"href":"https:\/\/blog.holyart.it\/de\/wp-json\/wp\/v2\/types\/post"}],"author":[{"embeddable":true,"href":"https:\/\/blog.holyart.it\/de\/wp-json\/wp\/v2\/users\/1"}],"replies":[{"embeddable":true,"href":"https:\/\/blog.holyart.it\/de\/wp-json\/wp\/v2\/comments?post=6658"}],"version-history":[{"count":12,"href":"https:\/\/blog.holyart.it\/de\/wp-json\/wp\/v2\/posts\/6658\/revisions"}],"predecessor-version":[{"id":6678,"href":"https:\/\/blog.holyart.it\/de\/wp-json\/wp\/v2\/posts\/6658\/revisions\/6678"}],"wp:featuredmedia":[{"embeddable":true,"href":"https:\/\/blog.holyart.it\/de\/wp-json\/wp\/v2\/media\/6677"}],"wp:attachment":[{"href":"https:\/\/blog.holyart.it\/de\/wp-json\/wp\/v2\/media?parent=6658"}],"wp:term":[{"taxonomy":"category","embeddable":true,"href":"https:\/\/blog.holyart.it\/de\/wp-json\/wp\/v2\/categories?post=6658"},{"taxonomy":"post_tag","embeddable":true,"href":"https:\/\/blog.holyart.it\/de\/wp-json\/wp\/v2\/tags?post=6658"}],"curies":[{"name":"wp","href":"https:\/\/api.w.org\/{rel}","templated":true}]}}