{"id":6634,"date":"2025-08-20T10:00:06","date_gmt":"2025-08-20T08:00:06","guid":{"rendered":"https:\/\/blog.holyart.it\/de\/?p=6634"},"modified":"2025-08-22T11:50:03","modified_gmt":"2025-08-22T09:50:03","slug":"reliefkarten-aus-holz-von-rom-und-dem-vatikan-ein-andenken-an-das-jubilaeum-2025","status":"publish","type":"post","link":"https:\/\/blog.holyart.it\/de\/jubilaeum-2025\/reliefkarten-aus-holz-von-rom-und-dem-vatikan-ein-andenken-an-das-jubilaeum-2025\/","title":{"rendered":"Reliefkarten aus Holz von Rom und dem Vatikan: ein Andenken an das Jubil\u00e4um 2025"},"content":{"rendered":"<h4><em>Verschenken Sie anl\u00e4sslich des Jubil\u00e4ums 2025 eine der sch\u00f6nen Reliefkarten von Rom oder dem Vatikan. Sie sind aus Naturholz gefertigt, mit Laser geschnitten und vom Vatikan offiziell genehmigt<\/em><\/h4>\n\n<p>Das <a href=\"https:\/\/www.holyart.de\/blog\/devotionalien\/was-ist-das-jubilaeum-vorbereitungen-fuer-ein-neues-heiliges-jahr\/\"><strong>Jubil\u00e4um<\/strong><\/a> begann am 24. Dezember 2024 mit dem feierlichen Ritus der \u00d6ffnung der <strong><a href=\"https:\/\/www.holyart.de\/blog\/devotionalien\/heilige-pforte-was-sie-ist-und-was-ihre-oeffnung-bedeutet\/\">Heiligen Pforte<\/a><\/strong> im Petersdom, dem der Heilige Vater vorstand, offiziell. Einige werden diese Zeit in ihrer eigenen geistlichen Intimit\u00e4t leben, mit Momenten des Gebets und eines gr\u00f6\u00dferen Engagements f\u00fcr ihre N\u00e4chsten und die Welt, in der wir leben. Erinnern wir uns daran, dass das Thema dieses Jubil\u00e4ums, das auch im <strong><a href=\"https:\/\/www.holyart.de\/blog\/devotionalien\/die-bedeutung-des-jubilaeumslogos-2025-pilger-der-hoffnung\/\">Logo<\/a><\/strong> zum Ausdruck kommt, \u201e<strong><em>Pilger der Hoffnung<\/em><\/strong>\u201c lautet, und es gibt in der Tat ein gro\u00dfes Bed\u00fcrfnis nach Hoffnung, aber auch nach Einheit und Barmherzigkeit in dieser kontroversen Zeit der menschlichen Geschichte. Jemand anderes wird das Heilige Jahr und die <strong><a href=\"https:\/\/www.holyart.de\/blog\/devotionalien\/der-veranstaltungskalender-des-jubilaeums-2025\/\">vielen Ereignisse,<\/a><\/strong> die es kennzeichnen, nutzen, um eine <strong>Pilgerreise<\/strong> zu unternehmen, vielleicht nach Rom, <strong><a href=\"https:\/\/www.holyart.de\/blog\/devotionalien\/pilgerreise-nach-rom-ein-beliebtes-ziel-fuer-christen\/\">einem der beliebtesten Ziele der Pilger aller Zeiten,<\/a><\/strong> und vielleicht m\u00f6chte er ein originelles und wertvolles Andenken an diese Reise mit nach Hause nehmen, die keine einfache touristische Reise ist, sondern eine echte Reise des Glaubens, der Selbstbeobachtung und des geistigen Wachstums. Aus diesem Grund haben wir <strong>Reliefkarten von Rom und dem Vatikan<\/strong> entworfen, wahre Kunstwerke, die ideal sind, um an ein bedeutendes historisches und spirituelles Ereignis zu erinnern. Diese Karten sind wundersch\u00f6ne Designobjekte, die jede Umgebung bereichern, aber auch jederzeit an die Reise erinnern, die anl\u00e4sslich des Jubil\u00e4ums unternommen wurde. Ein handgefertigtes Meisterwerk, das in limitierter Auflage erh\u00e4ltlich und vom Vatikan genehmigt ist, eine einzigartige Gelegenheit, ein bleibendes Andenken an das Jubil\u00e4um 2025 zu besitzen.<\/p>\n<div class=\"link-article\">\n<p><img loading=\"lazy\" decoding=\"async\" class=\"size-full wp-image-6641 alignleft\" src=\"https:\/\/blog.holyart.it\/de\/wp-content\/uploads\/sites\/12\/2025\/08\/Der-Veranstaltungskalender-des-Jubilaeums-2025-2.jpg\" alt=\"Der Veranstaltungskalender des Jubilaeums 2025\" width=\"150\" height=\"99\" data-kale-share-title=\"Reliefkarten aus Holz von Rom und dem Vatikan: ein Andenken an das Jubil\u00e4um 2025\" data-kale-share-url=\"https:\/\/blog.holyart.it\/de\/?p=6634\" \/><\/p>\n<div class=\"leggi-anche\">Lesen Sie auch:<\/div>\n<p><strong><a href=\"https:\/\/www.holyart.de\/blog\/devotionalien\/der-veranstaltungskalender-des-jubilaeums-2025\/\">Der Veranstaltungskalender des Jubil\u00e4ums 2025<\/a><\/strong><br \/>\nDer Veranstaltungskalender f\u00fcr das Jubil\u00e4um 2025 wurde ver\u00f6ffentlicht: zw\u00f6lf Monate mit Veranstaltungen und Gelegenheiten&#8230;<\/p>\n<\/div>\n<h2>Die Karten von Rom und dem Vatikan zum Jubil\u00e4um<\/h2>\n<p>Diese exklusiven Reliefkarten sind in <strong>limitierter Auflage<\/strong> in zwei Modellen erh\u00e4ltlich, die Sie in unserem Shop finden: die <a href=\"https:\/\/www.holyart.de\/jubilaum-der-barmherzigkeit\/gadgets-und-souvenirs-jubilaum-2025\/reliefkarte-aus-holz-des-vatikans-mit-jubilaumslogo-35x35-cm-limitierte-auflage\"><strong>h\u00f6lzerne Reliefkarte des Vatikans<\/strong><\/a> und die <strong><a href=\"https:\/\/www.holyart.de\/jubilaum-der-barmherzigkeit\/gadgets-und-souvenirs-jubilaum-2025\/reliefkarte-aus-holz-von-rom-jubilaum-2025-35x35-cm-limitierte-edition\">Reliefkarte der Stadt Rom.<\/a><\/strong> Diese au\u00dfergew\u00f6hnlichen Holzkarten, die unter <strong>offizieller Lizenz des Vatikans<\/strong> von einem kanadischen Unternehmen hergestellt werden, das in Kanada produziert und haupts\u00e4chlich in Deutschland vertreibt, vereinen handwerkliches K\u00f6nnen und hochpr\u00e4zises Design. Jede Karte wird mit Hilfe von <strong>Lasertechnik<\/strong> aus Holz geschnitzt, wobei sich mehrere Schichten \u00fcberlagern, um jedes geografische Detail mit au\u00dfergew\u00f6hnlicher Genauigkeit wiederzugeben. Abschnitte, die besondere Farben erfordern, wie z. B. Wasserstra\u00dfen, werden mit nat\u00fcrlichen Farben handbemalt, um ein einzigartiges und raffiniertes Ergebnis zu gew\u00e4hrleisten. Das <strong>Logo des Jubil\u00e4ums 2025<\/strong> ist auf jeder Karte zu sehen. Von jeder Karte gibt es nur <strong>1000 nummerierte Exemplare<\/strong>, was diese Karten zu einem exklusiven Souvenir f\u00fcr alle macht, die das Jubil\u00e4um auf authentische Weise feiern wollen.<\/p>\n<p>Die gepr\u00e4gten Karten werden aus <strong>Naturholz<\/strong>, pflanzlichen Farbstoffen und \u00f6kologischen Klebstoffen hergestellt, die ein hochwertiges, nachhaltiges und umweltfreundliches Produkt garantieren. Die nat\u00fcrliche Maserung des Holzes macht jedes St\u00fcck einzigartig und unwiederholbar.<\/p>\n<div class=\"sp-styles-warning\" style=\"width: 450px; background-color: #FFF; color: #F00; border: 1px solid #F00; padding: 10px; font-size: 14px;\">\n\t\t\t<span style=\"font-weight: bold;\">Warning: The stylesheets were not loaded!<\/span> \n\t\t\tYou will need to change the <i>Load stylesheets<\/i> setting from <i>Automatically<\/i> to <i>On homepage<\/i> or <i>On all pages<\/i>. \n\t\t\tYou can set that <a style=\"text-decoration: underline; color: #F00;\" href=\"https:\/\/blog.holyart.it\/de\/wp-admin\/admin.php?page=sliderpro-settings\">here<\/a>.\n\t\t\t<\/div>\r\n<div id=\"slider-pro-120\" class=\"slider-pro sp-no-js\" style=\"width: 500px; height: 500px;\">\r\n\t<div class=\"sp-slides\">\r\n\t\t\r\n\t\t<div class=\"sp-slide\">\r\n\t\t\t<img loading=\"lazy\" decoding=\"async\" class=\"sp-image\" src=\"https:\/\/blog.holyart.it\/de\/wp-content\/uploads\/sites\/12\/2025\/08\/reliefkarte-aus-holz-vatikan-mit-jubilaumslogo-35x35-cm-limitierte-auflage.jpg\" alt=\"reliefkarte aus holz vatikan mit jubilaumslogo 35x35 cm limitierte auflage\" width=\"500\" height=\"500\" \/>\r\n\t\t\t<div class=\"sp-thumbnail\"><a class=\"\" href=\"https:\/\/www.holyart.de\/jubilaum-der-barmherzigkeit\/gadgets-und-souvenirs-jubilaum-2025\/reliefkarte-aus-holz-des-vatikans-mit-jubilaumslogo-35x35-cm-limitierte-auflage\">\r\n\t\t\t\t<img decoding=\"async\" src=\"https:\/\/blog.holyart.it\/de\/wp-content\/uploads\/sites\/12\/2025\/08\/reliefkarte-aus-holz-vatikan-mit-jubilaumslogo-35x35-cm-limitierte-auflage-1.jpg\" alt=\"reliefkarte aus holz vatikan mit jubilaumslogo 35x35 cm limitierte auflage\" \/>\r\n\t\t\t<\/a>\r\n\t\t\t<\/div>\r\n\t\t\t<div class=\"sp-caption\">Reliefkarte aus Holz des Vatikans, mit Jubil\u00e4umslogo, 35x35 cm, limitierte Auflage<\/br><strong><a href=\"https:\/\/www.holyart.de\/jubilaum-der-barmherzigkeit\/gadgets-und-souvenirs-jubilaum-2025\/reliefkarte-aus-holz-des-vatikans-mit-jubilaumslogo-35x35-cm-limitierte-auflage\">Bei Holyart kaufen<\/a><\/strong><\/div>\r\n\t\t<\/div>\r\n\t\t<div class=\"sp-slide\">\r\n\t\t\t<img loading=\"lazy\" decoding=\"async\" class=\"sp-image\" src=\"https:\/\/blog.holyart.it\/de\/wp-content\/uploads\/sites\/12\/2025\/08\/reliefkarte-aus-holz-von-rom-jubilaum-2025-35x35-cm-limitierte-edition.jpg\" alt=\"reliefkarte aus holz von rom jubilaum 2025 35x35 cm limitierte edition\" width=\"500\" height=\"500\" \/>\r\n\t\t\t<div class=\"sp-thumbnail\"><a class=\"\" href=\"https:\/\/www.holyart.de\/jubilaum-der-barmherzigkeit\/gadgets-und-souvenirs-jubilaum-2025\/reliefkarte-aus-holz-von-rom-jubilaum-2025-35x35-cm-limitierte-edition\">\r\n\t\t\t\t<img decoding=\"async\" src=\"https:\/\/blog.holyart.it\/de\/wp-content\/uploads\/sites\/12\/2025\/08\/reliefkarte-aus-holz-von-rom-jubilaum-2025-35x35-cm-limitierte-edition-1.jpg\" alt=\"reliefkarte aus holz von rom jubilaum 2025 35x35 cm limitierte edition\" \/>\r\n\t\t\t<\/a>\r\n\t\t\t<\/div>\r\n\t\t\t<div class=\"sp-caption\">Reliefkarte aus Holz von Rom, Jubil\u00e4um 2025, 35x35 cm, limitierte Edition<\/br><strong><a href=\"https:\/\/www.holyart.de\/jubilaum-der-barmherzigkeit\/gadgets-und-souvenirs-jubilaum-2025\/reliefkarte-aus-holz-von-rom-jubilaum-2025-35x35-cm-limitierte-edition\">Bei Holyart kaufen<\/a><\/strong><\/div>\r\n\t\t<\/div>\r\n\t<\/div>\r\n<\/div>\n<h2>Laser-Holzgravurtechnik<\/h2>\n<p>Die Laser-Holzgravur ist eine fortschrittliche Technik, bei der mit Hilfe eines <strong>Laserstrahls<\/strong> detaillierte Muster und Schriftz\u00fcge auf der Holzoberfl\u00e4che erzeugt werden. Dieser Prozess erfolgt durch Verdampfen des Materials und f\u00fchrt zu pr\u00e4zisen und dauerhaften Gravuren, die je nach Intensit\u00e4t des verwendeten Lasers von leichten Effekten bis hin zu erheblichen Tiefen variieren k\u00f6nnen. Im Gegensatz zu anderen Techniken erzeugt die Lasergravur <strong>dauerhafte Markierungen<\/strong>, da sie keine Oberfl\u00e4chenbeschichtung auftr\u00e4gt, sondern das Material verbrennt. Dadurch sind auch sehr feine Details m\u00f6glich, was diese Technik ideal f\u00fcr die individuelle Gestaltung von Holzgegenst\u00e4nden wie Geschenken, Dekorationen und Werbeartikeln macht. Der Gravurprozess beginnt mit der Erstellung eines <strong>digitalen Entwurfs<\/strong>, der dann auf die Lasermaschine \u00fcbertragen wird. W\u00e4hrend der Gravur interagiert der Laserstrahl mit dem Holz und verdampft es an den gew\u00fcnschten Stellen. Um ein optimales Ergebnis zu erzielen, muss das Holzst\u00fcck gut vorbereitet, geschliffen und staubfrei sein.<img loading=\"lazy\" decoding=\"async\" class=\"size-full wp-image-6644 aligncenter\" src=\"https:\/\/blog.holyart.it\/de\/wp-content\/uploads\/sites\/12\/2025\/08\/Laser-Holzgravurtechnik.jpg\" alt=\"Laser Holzgravurtechnik\" width=\"1000\" height=\"1000\" data-kale-share-title=\"Reliefkarten aus Holz von Rom und dem Vatikan: ein Andenken an das Jubil\u00e4um 2025\" data-kale-share-url=\"https:\/\/blog.holyart.it\/de\/?p=6634\" \/><\/p>\n<p>Das kanadische Unternehmen CUTTING BROTHERS, das die Jubil\u00e4ums-Reliefkarten herstellt, ist bekannt f\u00fcr seine innovativen Anwendungen der Laser-Holzgravurtechnik. Insbesondere stellt es exklusive, hochwertige 3D-Wandreliefkarten aus Holz her. Ihr Ziel ist es, die Welt auf einzigartige und unnachahmliche Weise in die H\u00e4user ihrer Kunden zu bringen, und zwar durch die perfekte Kombination von Kunst, Innovation und Liebe zum Detail. Ihre Karten, wie im Fall der Reliefkarten von Rom und dem Vatikan, stellen nicht nur geografische Sch\u00f6nheit dar, sondern bieten eine tiefe Verbindung zu den Orten und Geschichten, die sie beinhalten. Jede Karte ist eine emotionale Reise, die den Raum in eine Feier des Wunders unseres Planeten verwandelt.<img loading=\"lazy\" decoding=\"async\" class=\"size-full wp-image-6645 aligncenter\" src=\"https:\/\/blog.holyart.it\/de\/wp-content\/uploads\/sites\/12\/2025\/08\/Holzproduktion.jpg\" alt=\"Holzproduktion\" width=\"600\" height=\"600\" data-kale-share-title=\"Reliefkarten aus Holz von Rom und dem Vatikan: ein Andenken an das Jubil\u00e4um 2025\" data-kale-share-url=\"https:\/\/blog.holyart.it\/de\/?p=6634\" \/><\/p>\n<h2>Ideales Holz f\u00fcr die Lasergravur<\/h2>\n<p>Die Wahl des Holzes f\u00fcr die Lasergravur ist entscheidend und kann die Qualit\u00e4t und das endg\u00fcltige Aussehen des Produkts erheblich beeinflussen. Bei der Auswahl des Holzes ist auch der <strong>Harzgehalt<\/strong> zu ber\u00fccksichtigen. H\u00f6lzer mit geringem Harzgehalt ergeben in der Regel hellere und sauberere Gravuren, w\u00e4hrend H\u00f6lzer mit hohem Harzgehalt zu dunkleren und weniger gleichm\u00e4\u00dfigen Verbrennungen f\u00fchren k\u00f6nnen. Dar\u00fcber hinaus muss die <strong>Maserung des Holzes<\/strong> gleichm\u00e4\u00dfig sein, um eine hochwertige Gravur zu gew\u00e4hrleisten.<\/p>\n<p><strong>Harth\u00f6lzer<\/strong> werden wegen ihrer Dichte und feinen Maserung im Allgemeinen f\u00fcr detaillierte Gravuren bevorzugt. <strong>Ahornholz<\/strong> mit seinem hellen Ton und seiner gleichm\u00e4\u00dfigen Maserung wird besonders wegen seiner F\u00e4higkeit gesch\u00e4tzt, feine Details und scharfe Kontraste in Gravuren zu zeigen. <strong>Kirschholz<\/strong> mit seiner r\u00f6tlichen Farbe und feinen Maserung ist ideal f\u00fcr Gravuren, die einen guten Kontrast erfordern, w\u00e4hrend <strong>Eiche<\/strong> aufgrund seiner Robustheit dunkle und detaillierte Gravuren erm\u00f6glicht, aber mehr Laserleistung erfordert.<\/p>\n<p><strong>Weichh\u00f6lzer<\/strong> sind leichter zu bearbeiten und erfordern weniger Kraftaufwand f\u00fcr die Gravur, sind aber m\u00f6glicherweise weniger haltbar. <strong>Lindenholz<\/strong> gibt aufgrund seiner Weichheit feine Merkmale gut wieder und eignet sich daher besonders f\u00fcr detaillierte Gravuren, w\u00e4hrend <strong>Kiefernholz<\/strong>, das leicht zu gravieren ist, aufgrund von Harz und ungleichm\u00e4\u00dfiger Maserung Fehler aufweisen kann, was zu weniger scharfen Gravuren f\u00fchrt. <strong>Birke<\/strong>, die leicht und glatt ist, bietet einen guten Kompromiss zwischen zufriedenstellenden Ergebnissen und niedrigen Kosten.<\/p>\n","protected":false},"excerpt":{"rendered":"<p>Verschenken Sie anl\u00e4sslich des Jubil\u00e4ums 2025 eine der sch\u00f6nen Reliefkarten von Rom oder dem Vatikan. Sie sind aus Naturholz gefertigt, mit Laser geschnitten und vom Vatikan offiziell genehmigt Das Jubil\u00e4um begann am 24. Dezember 2024 mit dem feierlichen Ritus der \u00d6ffnung der Heiligen Pforte im&hellip;<\/p>\n","protected":false},"author":1,"featured_media":6653,"comment_status":"closed","ping_status":"open","sticky":false,"template":"","format":"standard","meta":{"_acf_changed":false,"footnotes":""},"categories":[17],"tags":[],"class_list":["post-6634","post","type-post","status-publish","format-standard","has-post-thumbnail","hentry","category-jubilaeum-2025"],"acf":[],"yoast_head":"<!-- This site is optimized with the Yoast SEO plugin v26.6 - https:\/\/yoast.com\/wordpress\/plugins\/seo\/ -->\n<title>Reliefkarten aus Holz von Rom und dem Vatikan: ein Andenken an das Jubil\u00e4um 2025 - Holyart.de Blog<\/title>\n<meta name=\"description\" content=\"Jubil\u00e4ums-Reliefkarten sind eine unausl\u00f6schliche Erinnerung an das Heilige Jahr. Sie werden aus nat\u00fcrlichem, lasergraviertem Holz hergestellt\" \/>\n<meta name=\"robots\" content=\"index, follow, max-snippet:-1, max-image-preview:large, max-video-preview:-1\" \/>\n<link rel=\"canonical\" href=\"https:\/\/blog.holyart.it\/de\/jubilaeum-2025\/reliefkarten-aus-holz-von-rom-und-dem-vatikan-ein-andenken-an-das-jubilaeum-2025\/\" \/>\n<meta property=\"og:locale\" content=\"de_DE\" \/>\n<meta property=\"og:type\" content=\"article\" \/>\n<meta property=\"og:title\" content=\"Reliefkarten aus Holz von Rom und dem Vatikan: ein Andenken an das Jubil\u00e4um 2025 - Holyart.de Blog\" \/>\n<meta property=\"og:description\" content=\"Jubil\u00e4ums-Reliefkarten sind eine unausl\u00f6schliche Erinnerung an das Heilige Jahr. Sie werden aus nat\u00fcrlichem, lasergraviertem Holz hergestellt\" \/>\n<meta property=\"og:url\" content=\"https:\/\/blog.holyart.it\/de\/jubilaeum-2025\/reliefkarten-aus-holz-von-rom-und-dem-vatikan-ein-andenken-an-das-jubilaeum-2025\/\" \/>\n<meta property=\"og:site_name\" content=\"Holyart.de Blog\" \/>\n<meta property=\"article:published_time\" content=\"2025-08-20T08:00:06+00:00\" \/>\n<meta property=\"article:modified_time\" content=\"2025-08-22T09:50:03+00:00\" \/>\n<meta property=\"og:image\" content=\"https:\/\/blog.holyart.it\/de\/wp-content\/uploads\/sites\/12\/2025\/08\/Reliefkarten-aus-Holz-von-Rom-und-dem-Vatikan.jpg\" \/>\n\t<meta property=\"og:image:width\" content=\"1000\" \/>\n\t<meta property=\"og:image:height\" content=\"666\" \/>\n\t<meta property=\"og:image:type\" content=\"image\/jpeg\" \/>\n<meta name=\"author\" content=\"Redazione\" \/>\n<meta name=\"twitter:card\" content=\"summary_large_image\" \/>\n<meta name=\"twitter:label1\" content=\"Verfasst von\" \/>\n\t<meta name=\"twitter:data1\" content=\"Redazione\" \/>\n\t<meta name=\"twitter:label2\" content=\"Gesch\u00e4tzte Lesezeit\" \/>\n\t<meta name=\"twitter:data2\" content=\"7\u00a0Minuten\" \/>\n<script type=\"application\/ld+json\" class=\"yoast-schema-graph\">{\"@context\":\"https:\/\/schema.org\",\"@graph\":[{\"@type\":\"Article\",\"@id\":\"https:\/\/blog.holyart.it\/de\/jubilaeum-2025\/reliefkarten-aus-holz-von-rom-und-dem-vatikan-ein-andenken-an-das-jubilaeum-2025\/#article\",\"isPartOf\":{\"@id\":\"https:\/\/blog.holyart.it\/de\/jubilaeum-2025\/reliefkarten-aus-holz-von-rom-und-dem-vatikan-ein-andenken-an-das-jubilaeum-2025\/\"},\"author\":{\"name\":\"Redazione\",\"@id\":\"https:\/\/blog.holyart.it\/de\/#\/schema\/person\/0a7b686e5af0f856ec1e390dd0baecda\"},\"headline\":\"Reliefkarten aus Holz von Rom und dem Vatikan: ein Andenken an das Jubil\u00e4um 2025\",\"datePublished\":\"2025-08-20T08:00:06+00:00\",\"dateModified\":\"2025-08-22T09:50:03+00:00\",\"mainEntityOfPage\":{\"@id\":\"https:\/\/blog.holyart.it\/de\/jubilaeum-2025\/reliefkarten-aus-holz-von-rom-und-dem-vatikan-ein-andenken-an-das-jubilaeum-2025\/\"},\"wordCount\":1028,\"publisher\":{\"@id\":\"https:\/\/blog.holyart.it\/de\/#organization\"},\"image\":{\"@id\":\"https:\/\/blog.holyart.it\/de\/jubilaeum-2025\/reliefkarten-aus-holz-von-rom-und-dem-vatikan-ein-andenken-an-das-jubilaeum-2025\/#primaryimage\"},\"thumbnailUrl\":\"https:\/\/blog.holyart.it\/de\/wp-content\/uploads\/sites\/12\/2025\/08\/Reliefkarten-aus-Holz-von-Rom-und-dem-Vatikan.jpg\",\"articleSection\":[\"Jubil\u00e4um 2025\"],\"inLanguage\":\"de\"},{\"@type\":\"WebPage\",\"@id\":\"https:\/\/blog.holyart.it\/de\/jubilaeum-2025\/reliefkarten-aus-holz-von-rom-und-dem-vatikan-ein-andenken-an-das-jubilaeum-2025\/\",\"url\":\"https:\/\/blog.holyart.it\/de\/jubilaeum-2025\/reliefkarten-aus-holz-von-rom-und-dem-vatikan-ein-andenken-an-das-jubilaeum-2025\/\",\"name\":\"Reliefkarten aus Holz von Rom und dem Vatikan: ein Andenken an das Jubil\u00e4um 2025 - Holyart.de Blog\",\"isPartOf\":{\"@id\":\"https:\/\/blog.holyart.it\/de\/#website\"},\"primaryImageOfPage\":{\"@id\":\"https:\/\/blog.holyart.it\/de\/jubilaeum-2025\/reliefkarten-aus-holz-von-rom-und-dem-vatikan-ein-andenken-an-das-jubilaeum-2025\/#primaryimage\"},\"image\":{\"@id\":\"https:\/\/blog.holyart.it\/de\/jubilaeum-2025\/reliefkarten-aus-holz-von-rom-und-dem-vatikan-ein-andenken-an-das-jubilaeum-2025\/#primaryimage\"},\"thumbnailUrl\":\"https:\/\/blog.holyart.it\/de\/wp-content\/uploads\/sites\/12\/2025\/08\/Reliefkarten-aus-Holz-von-Rom-und-dem-Vatikan.jpg\",\"datePublished\":\"2025-08-20T08:00:06+00:00\",\"dateModified\":\"2025-08-22T09:50:03+00:00\",\"description\":\"Jubil\u00e4ums-Reliefkarten sind eine unausl\u00f6schliche Erinnerung an das Heilige Jahr. Sie werden aus nat\u00fcrlichem, lasergraviertem Holz hergestellt\",\"breadcrumb\":{\"@id\":\"https:\/\/blog.holyart.it\/de\/jubilaeum-2025\/reliefkarten-aus-holz-von-rom-und-dem-vatikan-ein-andenken-an-das-jubilaeum-2025\/#breadcrumb\"},\"inLanguage\":\"de\",\"potentialAction\":[{\"@type\":\"ReadAction\",\"target\":[\"https:\/\/blog.holyart.it\/de\/jubilaeum-2025\/reliefkarten-aus-holz-von-rom-und-dem-vatikan-ein-andenken-an-das-jubilaeum-2025\/\"]}]},{\"@type\":\"ImageObject\",\"inLanguage\":\"de\",\"@id\":\"https:\/\/blog.holyart.it\/de\/jubilaeum-2025\/reliefkarten-aus-holz-von-rom-und-dem-vatikan-ein-andenken-an-das-jubilaeum-2025\/#primaryimage\",\"url\":\"https:\/\/blog.holyart.it\/de\/wp-content\/uploads\/sites\/12\/2025\/08\/Reliefkarten-aus-Holz-von-Rom-und-dem-Vatikan.jpg\",\"contentUrl\":\"https:\/\/blog.holyart.it\/de\/wp-content\/uploads\/sites\/12\/2025\/08\/Reliefkarten-aus-Holz-von-Rom-und-dem-Vatikan.jpg\",\"width\":1000,\"height\":666,\"caption\":\"Reliefkarten aus Holz von Rom und dem Vatikan\"},{\"@type\":\"BreadcrumbList\",\"@id\":\"https:\/\/blog.holyart.it\/de\/jubilaeum-2025\/reliefkarten-aus-holz-von-rom-und-dem-vatikan-ein-andenken-an-das-jubilaeum-2025\/#breadcrumb\",\"itemListElement\":[{\"@type\":\"ListItem\",\"position\":1,\"name\":\"Homepage\",\"item\":\"https:\/\/blog.holyart.it\/de\/\"},{\"@type\":\"ListItem\",\"position\":2,\"name\":\"Jubil\u00e4um 2025\",\"item\":\"https:\/\/blog.holyart.it\/de\/jubilaeum-2025\/\"},{\"@type\":\"ListItem\",\"position\":3,\"name\":\"Reliefkarten aus Holz von Rom und dem Vatikan: ein Andenken an das Jubil\u00e4um 2025\"}]},{\"@type\":\"WebSite\",\"@id\":\"https:\/\/blog.holyart.it\/de\/#website\",\"url\":\"https:\/\/blog.holyart.it\/de\/\",\"name\":\"Holyart.de Blog\",\"description\":\"Holyblog\",\"publisher\":{\"@id\":\"https:\/\/blog.holyart.it\/de\/#organization\"},\"potentialAction\":[{\"@type\":\"SearchAction\",\"target\":{\"@type\":\"EntryPoint\",\"urlTemplate\":\"https:\/\/blog.holyart.it\/de\/?s={search_term_string}\"},\"query-input\":{\"@type\":\"PropertyValueSpecification\",\"valueRequired\":true,\"valueName\":\"search_term_string\"}}],\"inLanguage\":\"de\"},{\"@type\":\"Organization\",\"@id\":\"https:\/\/blog.holyart.it\/de\/#organization\",\"name\":\"Holyart.de Blog\",\"url\":\"https:\/\/blog.holyart.it\/de\/\",\"logo\":{\"@type\":\"ImageObject\",\"inLanguage\":\"de\",\"@id\":\"https:\/\/blog.holyart.it\/de\/#\/schema\/logo\/image\/\",\"url\":\"https:\/\/blog.holyart.it\/de\/wp-content\/uploads\/sites\/12\/2022\/12\/Holyart_Blog_Logo.jpg\",\"contentUrl\":\"https:\/\/blog.holyart.it\/de\/wp-content\/uploads\/sites\/12\/2022\/12\/Holyart_Blog_Logo.jpg\",\"width\":300,\"height\":50,\"caption\":\"Holyart.de Blog\"},\"image\":{\"@id\":\"https:\/\/blog.holyart.it\/de\/#\/schema\/logo\/image\/\"}},{\"@type\":\"Person\",\"@id\":\"https:\/\/blog.holyart.it\/de\/#\/schema\/person\/0a7b686e5af0f856ec1e390dd0baecda\",\"name\":\"Redazione\",\"image\":{\"@type\":\"ImageObject\",\"inLanguage\":\"de\",\"@id\":\"https:\/\/blog.holyart.it\/de\/#\/schema\/person\/image\/\",\"url\":\"https:\/\/secure.gravatar.com\/avatar\/f477da817f43e50d0af36abecd33e3edf826c68299714bdc1057dff3b113f516?s=96&d=mm&r=g\",\"contentUrl\":\"https:\/\/secure.gravatar.com\/avatar\/f477da817f43e50d0af36abecd33e3edf826c68299714bdc1057dff3b113f516?s=96&d=mm&r=g\",\"caption\":\"Redazione\"}}]}<\/script>\n<!-- \/ Yoast SEO plugin. -->","yoast_head_json":{"title":"Reliefkarten aus Holz von Rom und dem Vatikan: ein Andenken an das Jubil\u00e4um 2025 - Holyart.de Blog","description":"Jubil\u00e4ums-Reliefkarten sind eine unausl\u00f6schliche Erinnerung an das Heilige Jahr. Sie werden aus nat\u00fcrlichem, lasergraviertem Holz hergestellt","robots":{"index":"index","follow":"follow","max-snippet":"max-snippet:-1","max-image-preview":"max-image-preview:large","max-video-preview":"max-video-preview:-1"},"canonical":"https:\/\/blog.holyart.it\/de\/jubilaeum-2025\/reliefkarten-aus-holz-von-rom-und-dem-vatikan-ein-andenken-an-das-jubilaeum-2025\/","og_locale":"de_DE","og_type":"article","og_title":"Reliefkarten aus Holz von Rom und dem Vatikan: ein Andenken an das Jubil\u00e4um 2025 - Holyart.de Blog","og_description":"Jubil\u00e4ums-Reliefkarten sind eine unausl\u00f6schliche Erinnerung an das Heilige Jahr. Sie werden aus nat\u00fcrlichem, lasergraviertem Holz hergestellt","og_url":"https:\/\/blog.holyart.it\/de\/jubilaeum-2025\/reliefkarten-aus-holz-von-rom-und-dem-vatikan-ein-andenken-an-das-jubilaeum-2025\/","og_site_name":"Holyart.de Blog","article_published_time":"2025-08-20T08:00:06+00:00","article_modified_time":"2025-08-22T09:50:03+00:00","og_image":[{"width":1000,"height":666,"url":"https:\/\/blog.holyart.it\/de\/wp-content\/uploads\/sites\/12\/2025\/08\/Reliefkarten-aus-Holz-von-Rom-und-dem-Vatikan.jpg","type":"image\/jpeg"}],"author":"Redazione","twitter_card":"summary_large_image","twitter_misc":{"Verfasst von":"Redazione","Gesch\u00e4tzte Lesezeit":"7\u00a0Minuten"},"schema":{"@context":"https:\/\/schema.org","@graph":[{"@type":"Article","@id":"https:\/\/blog.holyart.it\/de\/jubilaeum-2025\/reliefkarten-aus-holz-von-rom-und-dem-vatikan-ein-andenken-an-das-jubilaeum-2025\/#article","isPartOf":{"@id":"https:\/\/blog.holyart.it\/de\/jubilaeum-2025\/reliefkarten-aus-holz-von-rom-und-dem-vatikan-ein-andenken-an-das-jubilaeum-2025\/"},"author":{"name":"Redazione","@id":"https:\/\/blog.holyart.it\/de\/#\/schema\/person\/0a7b686e5af0f856ec1e390dd0baecda"},"headline":"Reliefkarten aus Holz von Rom und dem Vatikan: ein Andenken an das Jubil\u00e4um 2025","datePublished":"2025-08-20T08:00:06+00:00","dateModified":"2025-08-22T09:50:03+00:00","mainEntityOfPage":{"@id":"https:\/\/blog.holyart.it\/de\/jubilaeum-2025\/reliefkarten-aus-holz-von-rom-und-dem-vatikan-ein-andenken-an-das-jubilaeum-2025\/"},"wordCount":1028,"publisher":{"@id":"https:\/\/blog.holyart.it\/de\/#organization"},"image":{"@id":"https:\/\/blog.holyart.it\/de\/jubilaeum-2025\/reliefkarten-aus-holz-von-rom-und-dem-vatikan-ein-andenken-an-das-jubilaeum-2025\/#primaryimage"},"thumbnailUrl":"https:\/\/blog.holyart.it\/de\/wp-content\/uploads\/sites\/12\/2025\/08\/Reliefkarten-aus-Holz-von-Rom-und-dem-Vatikan.jpg","articleSection":["Jubil\u00e4um 2025"],"inLanguage":"de"},{"@type":"WebPage","@id":"https:\/\/blog.holyart.it\/de\/jubilaeum-2025\/reliefkarten-aus-holz-von-rom-und-dem-vatikan-ein-andenken-an-das-jubilaeum-2025\/","url":"https:\/\/blog.holyart.it\/de\/jubilaeum-2025\/reliefkarten-aus-holz-von-rom-und-dem-vatikan-ein-andenken-an-das-jubilaeum-2025\/","name":"Reliefkarten aus Holz von Rom und dem Vatikan: ein Andenken an das Jubil\u00e4um 2025 - Holyart.de Blog","isPartOf":{"@id":"https:\/\/blog.holyart.it\/de\/#website"},"primaryImageOfPage":{"@id":"https:\/\/blog.holyart.it\/de\/jubilaeum-2025\/reliefkarten-aus-holz-von-rom-und-dem-vatikan-ein-andenken-an-das-jubilaeum-2025\/#primaryimage"},"image":{"@id":"https:\/\/blog.holyart.it\/de\/jubilaeum-2025\/reliefkarten-aus-holz-von-rom-und-dem-vatikan-ein-andenken-an-das-jubilaeum-2025\/#primaryimage"},"thumbnailUrl":"https:\/\/blog.holyart.it\/de\/wp-content\/uploads\/sites\/12\/2025\/08\/Reliefkarten-aus-Holz-von-Rom-und-dem-Vatikan.jpg","datePublished":"2025-08-20T08:00:06+00:00","dateModified":"2025-08-22T09:50:03+00:00","description":"Jubil\u00e4ums-Reliefkarten sind eine unausl\u00f6schliche Erinnerung an das Heilige Jahr. Sie werden aus nat\u00fcrlichem, lasergraviertem Holz hergestellt","breadcrumb":{"@id":"https:\/\/blog.holyart.it\/de\/jubilaeum-2025\/reliefkarten-aus-holz-von-rom-und-dem-vatikan-ein-andenken-an-das-jubilaeum-2025\/#breadcrumb"},"inLanguage":"de","potentialAction":[{"@type":"ReadAction","target":["https:\/\/blog.holyart.it\/de\/jubilaeum-2025\/reliefkarten-aus-holz-von-rom-und-dem-vatikan-ein-andenken-an-das-jubilaeum-2025\/"]}]},{"@type":"ImageObject","inLanguage":"de","@id":"https:\/\/blog.holyart.it\/de\/jubilaeum-2025\/reliefkarten-aus-holz-von-rom-und-dem-vatikan-ein-andenken-an-das-jubilaeum-2025\/#primaryimage","url":"https:\/\/blog.holyart.it\/de\/wp-content\/uploads\/sites\/12\/2025\/08\/Reliefkarten-aus-Holz-von-Rom-und-dem-Vatikan.jpg","contentUrl":"https:\/\/blog.holyart.it\/de\/wp-content\/uploads\/sites\/12\/2025\/08\/Reliefkarten-aus-Holz-von-Rom-und-dem-Vatikan.jpg","width":1000,"height":666,"caption":"Reliefkarten aus Holz von Rom und dem Vatikan"},{"@type":"BreadcrumbList","@id":"https:\/\/blog.holyart.it\/de\/jubilaeum-2025\/reliefkarten-aus-holz-von-rom-und-dem-vatikan-ein-andenken-an-das-jubilaeum-2025\/#breadcrumb","itemListElement":[{"@type":"ListItem","position":1,"name":"Homepage","item":"https:\/\/blog.holyart.it\/de\/"},{"@type":"ListItem","position":2,"name":"Jubil\u00e4um 2025","item":"https:\/\/blog.holyart.it\/de\/jubilaeum-2025\/"},{"@type":"ListItem","position":3,"name":"Reliefkarten aus Holz von Rom und dem Vatikan: ein Andenken an das Jubil\u00e4um 2025"}]},{"@type":"WebSite","@id":"https:\/\/blog.holyart.it\/de\/#website","url":"https:\/\/blog.holyart.it\/de\/","name":"Holyart.de Blog","description":"Holyblog","publisher":{"@id":"https:\/\/blog.holyart.it\/de\/#organization"},"potentialAction":[{"@type":"SearchAction","target":{"@type":"EntryPoint","urlTemplate":"https:\/\/blog.holyart.it\/de\/?s={search_term_string}"},"query-input":{"@type":"PropertyValueSpecification","valueRequired":true,"valueName":"search_term_string"}}],"inLanguage":"de"},{"@type":"Organization","@id":"https:\/\/blog.holyart.it\/de\/#organization","name":"Holyart.de Blog","url":"https:\/\/blog.holyart.it\/de\/","logo":{"@type":"ImageObject","inLanguage":"de","@id":"https:\/\/blog.holyart.it\/de\/#\/schema\/logo\/image\/","url":"https:\/\/blog.holyart.it\/de\/wp-content\/uploads\/sites\/12\/2022\/12\/Holyart_Blog_Logo.jpg","contentUrl":"https:\/\/blog.holyart.it\/de\/wp-content\/uploads\/sites\/12\/2022\/12\/Holyart_Blog_Logo.jpg","width":300,"height":50,"caption":"Holyart.de Blog"},"image":{"@id":"https:\/\/blog.holyart.it\/de\/#\/schema\/logo\/image\/"}},{"@type":"Person","@id":"https:\/\/blog.holyart.it\/de\/#\/schema\/person\/0a7b686e5af0f856ec1e390dd0baecda","name":"Redazione","image":{"@type":"ImageObject","inLanguage":"de","@id":"https:\/\/blog.holyart.it\/de\/#\/schema\/person\/image\/","url":"https:\/\/secure.gravatar.com\/avatar\/f477da817f43e50d0af36abecd33e3edf826c68299714bdc1057dff3b113f516?s=96&d=mm&r=g","contentUrl":"https:\/\/secure.gravatar.com\/avatar\/f477da817f43e50d0af36abecd33e3edf826c68299714bdc1057dff3b113f516?s=96&d=mm&r=g","caption":"Redazione"}}]}},"_links":{"self":[{"href":"https:\/\/blog.holyart.it\/de\/wp-json\/wp\/v2\/posts\/6634","targetHints":{"allow":["GET"]}}],"collection":[{"href":"https:\/\/blog.holyart.it\/de\/wp-json\/wp\/v2\/posts"}],"about":[{"href":"https:\/\/blog.holyart.it\/de\/wp-json\/wp\/v2\/types\/post"}],"author":[{"embeddable":true,"href":"https:\/\/blog.holyart.it\/de\/wp-json\/wp\/v2\/users\/1"}],"replies":[{"embeddable":true,"href":"https:\/\/blog.holyart.it\/de\/wp-json\/wp\/v2\/comments?post=6634"}],"version-history":[{"count":12,"href":"https:\/\/blog.holyart.it\/de\/wp-json\/wp\/v2\/posts\/6634\/revisions"}],"predecessor-version":[{"id":6655,"href":"https:\/\/blog.holyart.it\/de\/wp-json\/wp\/v2\/posts\/6634\/revisions\/6655"}],"wp:featuredmedia":[{"embeddable":true,"href":"https:\/\/blog.holyart.it\/de\/wp-json\/wp\/v2\/media\/6653"}],"wp:attachment":[{"href":"https:\/\/blog.holyart.it\/de\/wp-json\/wp\/v2\/media?parent=6634"}],"wp:term":[{"taxonomy":"category","embeddable":true,"href":"https:\/\/blog.holyart.it\/de\/wp-json\/wp\/v2\/categories?post=6634"},{"taxonomy":"post_tag","embeddable":true,"href":"https:\/\/blog.holyart.it\/de\/wp-json\/wp\/v2\/tags?post=6634"}],"curies":[{"name":"wp","href":"https:\/\/api.w.org\/{rel}","templated":true}]}}