{"id":6570,"date":"2025-08-13T10:00:51","date_gmt":"2025-08-13T08:00:51","guid":{"rendered":"https:\/\/blog.holyart.it\/de\/?p=6570"},"modified":"2025-08-12T17:09:26","modified_gmt":"2025-08-12T15:09:26","slug":"verkuendigungsbulle-zum-jubilaeum-2025-darum-geht-es","status":"publish","type":"post","link":"https:\/\/blog.holyart.it\/de\/jubilaeum-2025\/verkuendigungsbulle-zum-jubilaeum-2025-darum-geht-es\/","title":{"rendered":"Verk\u00fcndigungsbulle zum Jubil\u00e4um 2025: Darum geht es!"},"content":{"rendered":"<h4><em>Am 9. Mai 2024 verlas Papst Franziskus die Verk\u00fcndigungsbulle zum Jubil\u00e4um 2025 mit dem Titel \u201eSpes non confundit\u201c. Darum geht es<\/em><\/h4>\n\n<p>Das <strong><a href=\"https:\/\/www.holyart.de\/blog\/devotionalien\/was-ist-das-jubilaeum-vorbereitungen-fuer-ein-neues-heiliges-jahr\/\">Jubil\u00e4um 2025<\/a><\/strong> ist da, und wir versuchen, uns zurecht zu finden. Haben Sie schon einen Blick in den <a href=\"https:\/\/www.holyart.de\/blog\/devotionalien\/der-veranstaltungskalender-des-jubilaeums-2025\/\"><strong>Jubil\u00e4umskalender<\/strong><\/a> geworfen, mit all den wichtigen Veranstaltungen in Rom und weltweit? Haben Sie eine Pilgerreise organisiert, vielleicht die ber\u00fchmte <a href=\"https:\/\/www.holyart.de\/blog\/devotionalien\/die-rundreise-zu-den-sieben-kirchen-pilgerwege-zum-jubilaeum\/\"><strong>Tour der Sieben Kirchen<\/strong><\/a>? Oder bereiten Sie sich einfach mit dem besonderen <a href=\"https:\/\/www.holyart.de\/blog\/jubilaeum-2025\/bereiten-wir-uns-mit-dem-jubilaeumsgebet-auf-das-heilige-jahr-vor\/\"><strong>Jubil\u00e4umsgebet<\/strong><\/a> vor? Heute erfahren wir mehr \u00fcber die <strong>Jubil\u00e4umsbulle<\/strong>, mit der Papst Franziskus das Jubil\u00e4um 2025 offiziell er\u00f6ffnete. Das Jubil\u00e4um wurde vom Heiligen Vater mit der <strong>Verlesung der Bulle \u201e<em>Spes non confundit<\/em>\u201c<\/strong> am <strong>9. Mai 2024<\/strong> im Rahmen einer feierlichen \u00dcbergabezeremonie im Atrium des Petersdoms im Vatikan angek\u00fcndigt. Der Titel der Bulle bedeutet \u201e<strong><em>Die Hoffnung entt\u00e4uscht nicht<\/em><\/strong>\u201c. Das Dokument legt die Leitlinien und geistlichen Absichten f\u00fcr das Heilige Jahr 2025 fest und ruft die Gl\u00e4ubigen weltweit dazu auf, eine Zeit der Erneuerung und Vers\u00f6hnung zu erleben.<\/p>\n<div class=\"link-article\">\n<p><img loading=\"lazy\" decoding=\"async\" class=\"size-full wp-image-6575 alignleft\" src=\"https:\/\/blog.holyart.it\/de\/wp-content\/uploads\/sites\/12\/2025\/08\/Der-Veranstaltungskalender-des-Jubilaeums-2025.jpg\" alt=\"Der Veranstaltungskalender des Jubilaeums 2025\" width=\"150\" height=\"99\" data-kale-share-title=\"Verk\u00fcndigungsbulle zum Jubil\u00e4um 2025: Darum geht es!\" data-kale-share-url=\"https:\/\/blog.holyart.it\/de\/?p=6570\" \/><\/p>\n<div class=\"leggi-anche\">Lesen Sie auch:<\/div>\n<p><strong><a href=\"https:\/\/www.holyart.de\/blog\/devotionalien\/der-veranstaltungskalender-des-jubilaeums-2025\/\">Der Veranstaltungskalender des Jubil\u00e4ums 2025<\/a><\/strong><br \/>\nDer Veranstaltungskalender f\u00fcr das Jubil\u00e4um 2025 wurde ver\u00f6ffentlicht: zw\u00f6lf Monate mit Veranstaltungen&#8230;<\/p>\n<\/div>\n<p>Doch was ist die Jubil\u00e4umsbulle?<\/p>\n<p>Im Allgemeinen bezeichnet die <strong>P\u00e4pstliche Bulle<\/strong> ein offizielles Dokument des Papstes, das von der R\u00f6mischen Kurie schriftlich herausgegeben und mit dem Siegel des Papstes versehen wird. Der Name des gesamten Dokuments leitet sich vom Metallsiegel, der <em>Bulla<\/em>, ab.<\/p>\n<p>Die <strong>P\u00e4pstliche Indiktionsbulle<\/strong> ist das offizielle Dokument des Papstes, <strong>mit dem der Beginn eines Jubil\u00e4ums verk\u00fcndet und genehmigt wird<\/strong>. Die Bulle enth\u00e4lt detaillierte Informationen zu den <strong>Methoden<\/strong>, <strong>Zielen<\/strong> und <strong>Bedingungen<\/strong> f\u00fcr die umfassende Durchf\u00fchrung des Jubil\u00e4ums und f\u00fcr den <a href=\"https:\/\/www.holyart.de\/blog\/devotionalien\/der-vollkommene-ablass-bedeutung-ursprung-und-weg-zum-ablass\/\"><strong>Erhalt von Abl\u00e4ssen<\/strong><\/a> w\u00e4hrend des Jubil\u00e4ums. Das <strong>erste offizielle Jubil\u00e4um<\/strong> wurde 1300 von Papst Bonifatius VIII. mit der Indiktionsbulle <em>Antiquorum habet<\/em> verk\u00fcndet. Seitdem werden jedes ordentliche Jubil\u00e4um, das alle 25 Jahre gefeiert wird, und die au\u00dferordentlichen Jubil\u00e4en mit einer Bulle angek\u00fcndigt. Dieses Dokument gibt nicht nur Beginn und Ende des Jubil\u00e4ums bekannt, sondern l\u00e4dt die Gl\u00e4ubigen auch zu Bu\u00dfe, Gebet und N\u00e4chstenliebe ein. Die p\u00e4pstliche Bulle ist an ihren Er\u00f6ffnungsworten zu erkennen.<\/p>\n<div class=\"link-article\">\n<p><img loading=\"lazy\" decoding=\"async\" class=\"size-full wp-image-6579 alignleft\" src=\"https:\/\/blog.holyart.it\/de\/wp-content\/uploads\/sites\/12\/2025\/08\/vollkommener-Ablass.jpeg\" alt=\"Vatican City, April 19, 2017: Pope Francis blesses the crowd at the end of his weekly general audience in Saint Peter's Square at the Vatican\" width=\"150\" height=\"99\" data-kale-share-title=\"Verk\u00fcndigungsbulle zum Jubil\u00e4um 2025: Darum geht es!\" data-kale-share-url=\"https:\/\/blog.holyart.it\/de\/?p=6570\" \/><\/p>\n<div class=\"leggi-anche\">Lesen Sie auch:<\/div>\n<p><strong><a href=\"https:\/\/www.holyart.de\/blog\/devotionalien\/der-vollkommene-ablass-bedeutung-ursprung-und-weg-zum-ablass\/\">Der vollkommene Ablass: Bedeutung, Ursprung und Weg zum Ablass<\/a><\/strong><br \/>\nWas ist ein vollkommener Ablass? Aus diesem Grund hat&#8230;<\/p>\n<\/div>\n<h2>Die Zeiten des Jubil\u00e4ums<\/h2>\n<p>Das Ordentliche Jubil\u00e4um 2025 begann am <strong>24. Dezember 2024<\/strong> mit der <a href=\"https:\/\/www.holyart.de\/blog\/devotionalien\/heilige-pforte-was-sie-ist-und-was-ihre-oeffnung-bedeutet\/\"><strong>\u00d6ffnung der Heiligen Pforte des Petersdoms<\/strong><\/a>. Die anderen Heiligen Pforten in H. Johannes im Lateran, Santa Maria Maggiore und San Paolo Fuori le Mura werden in den darauffolgenden Wochen ge\u00f6ffnet und bis zum <strong>28. Dezember 2025<\/strong> geschlossen.<\/p>\n<p>Am <strong>29. Dezember 2024<\/strong> er\u00f6ffneten die Di\u00f6zesanbisch\u00f6fe in allen Kathedralen und Konkathedralen das <a href=\"https:\/\/www.holyart.de\/search?params=%7B%22search%22%3A%22Jubil%C3%A4umskasel%202025%22%7D&amp;search_term=Jubil%C3%A4umskasel+2025\"><strong>Jubil\u00e4umsjahr<\/strong><\/a> feierlich. Die Pilgerfahrt von einer Kirche zur anderen stellt f\u00fcr die Gl\u00e4ubigen eine Reise der Hoffnung dar und gibt ihnen Gelegenheit, den Jubil\u00e4umsablass zu genie\u00dfen.<\/p>\n<p>Das Ordentliche Jubil\u00e4um endet mit der <strong>Schlie\u00dfung der Heiligen Pforte des Petersdoms am 6. Januar 2026<\/strong>, dem Fest der Erscheinung des Herrn. Mit diesem Jubil\u00e4um m\u00f6chte die Kirche das Licht der christlichen Hoffnung verbreiten und Gottes Liebe in der ganzen Welt bezeugen. Das neue Jubil\u00e4um wird die lebendige Erfahrung der Liebe Gottes und die sichere Hoffnung auf das Heil in Christus erm\u00f6glichen. Dieses Heilige Jahr weist den Weg zum Jahr 2033, in dem das zweitausendj\u00e4hrige Jubil\u00e4um der Erl\u00f6sung Christi gefeiert wird.<\/p>\n<div class=\"link-article\">\n<p><img loading=\"lazy\" decoding=\"async\" class=\"size-full wp-image-6583 alignleft\" src=\"https:\/\/blog.holyart.it\/de\/wp-content\/uploads\/sites\/12\/2025\/08\/Heilige-Pforte.jpeg\" alt=\"basilique saint pierre san pietro\" width=\"150\" height=\"104\" data-kale-share-title=\"Verk\u00fcndigungsbulle zum Jubil\u00e4um 2025: Darum geht es!\" data-kale-share-url=\"https:\/\/blog.holyart.it\/de\/?p=6570\" \/><\/p>\n<div class=\"leggi-anche\">Lesen Sie auch:<\/div>\n<p><strong><a href=\"https:\/\/www.holyart.de\/blog\/devotionalien\/heilige-pforte-was-sie-ist-und-was-ihre-oeffnung-bedeutet\/\">Heilige Pforte: was sie ist und was ihre \u00d6ffnung bedeutet<\/a><\/strong><br \/>\nDie \u00d6ffnung der Heiligen Pforte markiert nicht nur den Beginn des Jubil\u00e4umsjahres, sondern ist f\u00fcr die Christen&#8230;<\/p>\n<\/div>\n<h2>Die Hoffnung entt\u00e4uscht nicht<\/h2>\n<p><em>\u201eDie Hoffnung entt\u00e4uscht nicht, denn die Liebe Gottes ist ausgegossen in unsere Herzen durch den Heiligen Geist, der uns gegeben ist.\u201c <\/em>(R\u00f6mer 5)<\/p>\n<p>Mit diesen Worten macht der <strong><a href=\"https:\/\/www.holyart.de\/blog\/heilige-und-selige\/saint-paul-von-tarso-geschichte-eines-missionars\/\">Apostel Paulus<\/a><\/strong> der christlichen Gemeinde Roms Mut, und <strong>Hoffnung<\/strong> wird zur <strong>zentralen Botschaft des Jubil\u00e4ums<\/strong>, wie es der Slogan unter dem <strong><a href=\"https:\/\/www.holyart.de\/blog\/devotionalien\/die-bedeutung-des-jubilaeumslogos-2025-pilger-der-hoffnung\/\">offiziellen Logo<\/a><\/strong> ausdr\u00fcckt: \u201e<strong><em>Pilger der Hoffnung<\/em><\/strong>\u201c. So wollte Papst Franziskus alle Pilger ansprechen, die am Jubil\u00e4um 2025 teilnehmen \u2013 nicht nur diejenigen, die nach Rom kommen, sondern auch alle, die das Heilige Jahr in ihren Ortskirchen und vor allem in ihren Herzen feiern. Denn jeder hofft; <strong>Hoffnung ist ein universelles Gef\u00fchl<\/strong>, das trotz der Ungewissheit der Zukunft als Wunsch und Erwartung des Guten im Herzen eines jeden Menschen wohnt. Viele blicken der Zukunft mit Skepsis und Pessimismus entgegen, als k\u00f6nne ihnen nichts Gl\u00fcck bringen. Die Verk\u00fcndigungsbulle zum Jubil\u00e4um enth\u00e4lt also bereits die grundlegende Botschaft dieses Heiligen Jahres: eine Botschaft der Hoffnung, eine Einladung, im Glauben das n\u00f6tige <strong>Vertrauen<\/strong> und den n\u00f6tigen <strong>Optimismus<\/strong> zu finden, um der Zukunft entgegenzutreten.<\/p>\n<div class=\"link-article\">\n<p><img loading=\"lazy\" decoding=\"async\" class=\"size-full wp-image-6586 alignleft\" src=\"https:\/\/blog.holyart.it\/de\/wp-content\/uploads\/sites\/12\/2025\/08\/Jubilaumslogos-2025.jpg\" alt=\"Jubilaumslogos 2025\" width=\"150\" height=\"99\" data-kale-share-title=\"Verk\u00fcndigungsbulle zum Jubil\u00e4um 2025: Darum geht es!\" data-kale-share-url=\"https:\/\/blog.holyart.it\/de\/?p=6570\" \/><\/p>\n<div class=\"leggi-anche\">Lesen Sie auch:<\/div>\n<p><strong><a href=\"https:\/\/www.holyart.de\/blog\/devotionalien\/die-bedeutung-des-jubilaeumslogos-2025-pilger-der-hoffnung\/\">Die Bedeutung des Jubil\u00e4umslogos 2025: Pilger der Hoffnung<\/a><\/strong><br \/>\nDas Logo des Jubil\u00e4ums 2025, das aus fast dreihundert Vorschl\u00e4gen ausgew\u00e4hlt wurde, ist vorgestellt worden&#8230;<\/p>\n<\/div>\n<p>Das Bild des Ankers im <strong>Logo des Jubil\u00e4ums 2025<\/strong> steht f\u00fcr die Stabilit\u00e4t und Sicherheit der christlichen Hoffnung. Das Jubil\u00e4um 2025 wird ein Heiliges Jahr sein, gepr\u00e4gt von der <strong>Hoffnung auf Gott<\/strong>, die im <strong>Vertrauen auf Kirche und Gesellschaft<\/strong> zum Ausdruck kommt. Das <strong>gl\u00e4ubige Zeugnis<\/strong> muss ein Sauerteig der Hoffnung in der Welt sein, die auf die Wiederkunft des Herrn Jesus Christus wartet.<\/p>\n<p><strong>Jesus, gestorben und auferstanden<\/strong>, ist der Kern des christlichen Glaubens und der Hoffnung. Der heilige Paulus beschreibt dieses Konzept mit wenigen Worten: Christus starb f\u00fcr unsere S\u00fcnden, wurde begraben, stand auf und erschien den J\u00fcngern. Dieses Ereignis bietet die <strong>Gewissheit der Verwandlung des Lebens<\/strong> durch Christus.<\/p>\n<p><a href=\"https:\/\/www.holyart.de\/blog\/devotionalien\/heilige-maertyrer-das-eigene-leben-im-namen-gottes-opfern\/\"><strong>Christliche M\u00e4rtyrer<\/strong><\/a> aller Zeiten bezeugen durch ihr Opfer die Hoffnung. Sie repr\u00e4sentieren die \u00f6kumenische Einheit des Blutes, und ihr Beispiel <strong>inspiriert Gl\u00e4ubige, die Hoffnung lebendig zu halten<\/strong>.<\/p>\n<p>Das <strong>Gericht Gottes, das auf Liebe und Barmherzigkeit beruht<\/strong>, darf nicht Angst, sondern Hoffnung wecken. Dieses Gericht zielt auf die Erl\u00f6sung und L\u00e4uterung, die f\u00fcr die endg\u00fcltige Begegnung mit Gott notwendig sind. Das Gebet f\u00fcr die Verstorbenen und der Jubil\u00e4umsablass sind Ausdruck dieser Hoffnung auf Barmherzigkeit.<\/p>\n<p><strong>Maria, die Mutter Gottes, ist das h\u00f6chste Beispiel der Hoffnung<\/strong>. Selbst in Momenten des Leidens, wie am Fu\u00dfe des Kreuzes, bewahrte sie ihr Vertrauen auf Gott. <strong><a href=\"https:\/\/holyart.de\/blog\/devotionalien\/die-10-wichtigsten-marienerscheinungen-in-der-welt\/\">Marienheiligt\u00fcmer <\/a><\/strong>auf der ganzen<\/p>\n<div class=\"link-article\">\n<p><img loading=\"lazy\" decoding=\"async\" class=\"size-full wp-image-6589 alignleft\" src=\"https:\/\/blog.holyart.it\/de\/wp-content\/uploads\/sites\/12\/2025\/08\/Marienerscheinungen-.jpg\" alt=\"Marienerscheinungen\" width=\"150\" height=\"99\" data-kale-share-title=\"Verk\u00fcndigungsbulle zum Jubil\u00e4um 2025: Darum geht es!\" data-kale-share-url=\"https:\/\/blog.holyart.it\/de\/?p=6570\" \/><\/p>\n<div class=\"leggi-anche\">Lesen Sie auch:<\/div>\n<p><strong><a href=\"https:\/\/www.holyart.de\/blog\/devotionalien\/die-10-wichtigsten-marienerscheinungen-in-der-welt\/\">Die 10 wichtigsten Marienerscheinungen in der Welt<\/a><\/strong><br \/>\nAuch die vielen Namen, mit denen Christen die Madonna ansprechen, gehen gr\u00f6\u00dftenteils auf die vielen Marienerscheinungen&#8230;<\/p>\n<\/div>\n<h2>Gerechtfertigt durch den Glauben und im Frieden mit Gott<\/h2>\n<p><em>\u201eDa wir nun gerecht geworden sind durch den Glauben, haben wir Frieden mit Gott durch unseren Herrn Jesus Christus. Durch ihn haben wir auch im Glauben Zugang zu dieser Gnade, in der wir stehen, und wir r\u00fchmen uns, <strong>fest in der Hoffnung auf die Herrlichkeit Gottes<\/strong>. [&#8230;] <strong>Und die Hoffnung entt\u00e4uscht nicht<\/strong>, denn die Liebe Gottes ist ausgegossen in unsere Herzen durch den Heiligen Geist, der uns gegeben ist.\u201c (R\u00f6mer 5,1-2.5).<\/em><\/p>\n<p>So setzt der heilige Paulus seinen Brief an die <strong>Christen in Rom<\/strong> fort, an die er sich zum ersten Mal richtet, nachdem er sein Werk der Evangelisierung im Osten abgeschlossen hatte. Der <strong><em>Brief an die R\u00f6mer <\/em><\/strong>stellt eine wahrhaft universelle Botschaft der Hoffnung dar \u2013 Paulus\u2018 Hoffnung, das Evangelium nach Rom zu bringen, und die Hoffnung jedes Christen, die auf der Liebe Gottes gr\u00fcndet, die durch den Heiligen Geist in unsere Herzen ausgegossen wurde. Deshalb <strong>entt\u00e4uscht sie nie<\/strong>, sondern bleibt <strong>ein sicherer Wegweiser f\u00fcr alle Gl\u00e4ubigen<\/strong> auf ihrem Glaubensweg. Als J\u00fcnger Christi sind wir alle <strong>gerechtfertigt und im Frieden mit Gott<\/strong>. Dieser Zustand der Gnade l\u00e4sst uns <strong>fest in der Hoffnung sein<\/strong>. Die christliche Hoffnung wurzelt im <strong>Glauben an das ewige Leben<\/strong>. Im auferstandenen Christus endet die Menschheitsgeschichte nicht im Dunkeln, sondern ist auf die Begegnung mit dem Herrn ausgerichtet. Der Tod und die Auferstehung Jesu sind der <strong>Kern des christlichen Glaubens und der Hoffnung<\/strong>. Der heilige Paulus beschreibt dies mit wenigen Worten: Christus starb f\u00fcr unsere S\u00fcnden, wurde begraben, stand auf und erschien den J\u00fcngern. Dieses Ereignis bietet die Gewissheit der Verwandlung des Lebens durch Christus.<\/p>\n<h2>Die wesentliche Rolle des Heiligen Geistes<\/h2>\n<p>\u201e<em>Denn wenn wir, als wir noch Feinde waren, <strong>durch den Tod seines Sohnes<\/strong> mit Gott vers\u00f6hnt wurden, werden wir erst recht, da wir vers\u00f6hnt sind, durch sein Leben gerettet werden<\/em>\u201c (R\u00f6m 5,10). Das Leben jedes Christen ist seit der <a href=\"https:\/\/www.holyart.de\/besondere-anlasse\/taufe\"><strong>Taufe<\/strong><\/a>, die den Beginn seines Glaubenslebens begr\u00fcndet, mit Christus verbunden. Es ist das <strong>Wirken des Heiligen Geistes<\/strong>, das die Hoffnung auf das Heil, die Jesus verk\u00f6rpert, erneuert und unersch\u00fctterlich macht. Der Heilige Geist h\u00e4lt diese unersch\u00f6pfliche Flamme am Brennen und schenkt uns in jedem Augenblick unseres Lebens Kraft und Mut. Er erh\u00e4lt in uns das Bewusstsein und die christliche Hoffnung lebendig, dass <strong>uns nichts und niemand, auch nicht die schlimmsten Bedr\u00e4ngnisse, jemals von der g\u00f6ttlichen Liebe trennen kann<\/strong>. Dank dieser Hoffnung, die auch angesichts von Schwierigkeiten nicht erlischt und st\u00e4ndig <strong>durch Glauben und Liebe gen\u00e4hrt wird<\/strong>, macht der Christ die drei <strong>theologischen Tugenden<\/strong> \u2013 <strong>Glaube, Hoffnung und Liebe<\/strong> \u2013 zum Motor seines Lebens. Der Apostel Paulus fordert uns auf, \u201e<em>froh in der Hoffnung, geduldig in der Tr\u00fcbsal, beharrlich im Gebet<\/em>\u201c zu sein, um Glauben und Liebe auf glaubw\u00fcrdige Weise zu bezeugen.<\/p>\n<div class=\"link-article\">\n<p><img loading=\"lazy\" decoding=\"async\" class=\"size-full wp-image-6606 alignleft\" src=\"https:\/\/blog.holyart.it\/de\/wp-content\/uploads\/sites\/12\/2025\/08\/Taufenaccesoirs.jpg\" alt=\"Taufenaccesoirs\" width=\"150\" height=\"100\" data-kale-share-title=\"Verk\u00fcndigungsbulle zum Jubil\u00e4um 2025: Darum geht es!\" data-kale-share-url=\"https:\/\/blog.holyart.it\/de\/?p=6570\" \/><\/p>\n<div class=\"leggi-anche\">Lesen Sie auch:<\/div>\n<p><strong><a href=\"https:\/\/www.holyart.de\/blog\/liturgische-gerate\/das-erste-sakrament-dass-ein-junger-glaubiger-erfahrt-die-taufe\/\">Das erste Sakrament, dass ein junger Gl\u00e4ubiger erf\u00e4hrt: Die Taufe<\/a><\/strong><br \/>\nDie Taufe ist das erste Sakrament, dass auf einen jungen Gl\u00e4ubigen&#8230;<\/p>\n<\/div>\n<h2>Geduld und die R\u00fcckkehr zur Natur<\/h2>\n<p>\u201e<em>Wir sind auch stolz auf unsere Pr\u00fcfungen, weil wir wissen, dass <strong>die Pr\u00fcfung Geduld bringt<\/strong>, die Geduld aber bew\u00e4hrte Tugend, die bew\u00e4hrte Tugend aber Hoffnung<\/em>\u201c (R\u00f6m 5,3-4).<\/p>\n<p>Der heilige Paulus erkennt an, dass das Leben Freuden und Leiden hat, dass die Liebe in Schwierigkeiten auf die Probe gestellt wird und dass Leid die Hoffnung zerst\u00f6rt. Doch er erinnert die Christen in Rom daran, dass der Christ gerade angesichts von Schwierigkeiten auf eine m\u00e4chtige Waffe zur\u00fcckgreifen kann: <strong>Geduld<\/strong>. Geduld ist eine seltene Tugend, insbesondere in der modernen Welt, in der alles zu schnell geht und Eile und hektische Rhythmen immer h\u00e4ufiger Ungeduld, Nervosit\u00e4t und Unzufriedenheit verursachen. Doch gerade indem wir sie pflegen und die <strong>tiefe Verbundenheit <\/strong>mit der Natur, ihren Rhythmen und dem Wechsel der Jahreszeiten wiederentdecken, k\u00f6nnen wir Frieden finden. Papst Franziskus zitiert in der Indiktionsbulle auch den heiligen <strong>Franziskus<\/strong>, der in seinem <strong>Sonnengesang<\/strong> die Br\u00fcderlichkeit aller Gesch\u00f6pfe beschwor.<\/p>\n<p>Der heilige Paulus betont die Geduld, um <strong>Beharrlichkeit und Vertrauen in Gottes Verhei\u00dfungen hervorzuheben<\/strong>. Gott selbst ist geduldig mit uns, als \u201e<em>Gott der Geduld und des Trostes<\/em>\u201c (R\u00f6m 15,5). Geduld, eine Gabe des Heiligen Geistes, erh\u00e4lt die Hoffnung und festigt sie als Tugend und Lebensstil. Papst Franziskus lud uns oft ein, um die <strong>Gnade der Geduld zu bitten<\/strong>, die aus der Hoffnung entsteht und sie st\u00fctzt. Geduld wiederzuentdecken ist f\u00fcr uns und andere wohltuend und hilft uns dabei, mit gr\u00f6\u00dferer Gelassenheit und Vertrauen in Gottes Verhei\u00dfungen zu leben.<\/p>\n<div class=\"link-product\">\n<div class=\"blocco-immagine\"><img loading=\"lazy\" decoding=\"async\" class=\"size-full wp-image-6610 alignleft\" src=\"https:\/\/blog.holyart.it\/de\/wp-content\/uploads\/sites\/12\/2025\/08\/heiliger-franz-von-assisi-20cm-perlmuttartigen-gips.jpg\" alt=\"heiliger franz von assisi 20cm perlmuttartigen gips\" width=\"100\" height=\"100\" data-kale-share-title=\"Verk\u00fcndigungsbulle zum Jubil\u00e4um 2025: Darum geht es!\" data-kale-share-url=\"https:\/\/blog.holyart.it\/de\/?p=6570\" \/><\/div>\n<div class=\"blocco-contenuto\">\n<div class=\"blocco-acquista\">Einkaufen:<\/div>\n<div class=\"blocco-titolo\"><a href=\"https:\/\/www.holyart.de\/devotionalien\/statuen\/statuen-aus-gips\/heiliger-franz-von-assisi-20cm-perlmuttartigen-gips\">Heiliger Franz von Assisi 20cm perlmuttartigen Gips<\/a><\/div>\n<div class=\"blocco-descrizione\">Heiliger Franz von Assisi 20cm perlmuttartigen Gips. Statue des Heiligen Franzes von Assisi realisiert aus Gips und&#8230;<\/div>\n<\/div>\n<\/div>\n<h2>Das Jubil\u00e4um als christlicher Weg: Die Bedeutung der Pilgerfahrt<\/h2>\n<p>Der heilige Paulus betont, wie grundlegend Hoffnung und Geduld auf dem christlichen Weg sind. Das Leben ist ein Weg, der starke Momente braucht, um die Hoffnung zu n\u00e4hren, ein unverzichtbarer Begleiter auf dem Weg zur Begegnung mit Jesus. In dieser Perspektive wird die <strong>Pilgerfahrt<\/strong> auch als zentraler Bestandteil der Jubil\u00e4umsereignisse best\u00e4tigt, als <strong>Symbol der Suche nach dem Sinn des Lebens<\/strong>. Die Reise f\u00f6rdert die Wiederentdeckung von Stille, M\u00fcdigkeit und Wesentlichkeit. <a href=\"https:\/\/www.holyart.de\/jubilaum-der-barmherzigkeit\/pilger-set-zum-jubilaum-2025\/pilgerkomplett-kit-zum-jubilaum-2025-rucksack-plus-zubehor-umweltfreundlich-und-wasserdicht\"><strong>Pilger der Hoffnung<\/strong><\/a> bereisen alte und moderne Wege, um das Jubil\u00e4umsjahr zu erleben. Sie bereisen Glaubenswege in Rom und dar\u00fcber hinaus, \u00fcberschreiten Grenzen und entdecken verschiedene Kulturen. Insbesondere die <a href=\"https:\/\/www.holyart.de\/blog\/devotionalien\/jubilaeumskirchen-pilgerziele-die-man-waehrend-des-jubilaeums-unbedingt-gesehen-haben-muss\/\"><strong>Jubil\u00e4umskirchen in Rom<\/strong><\/a> \u00f6ffnen sich w\u00e4hrend des Jubil\u00e4ums als Oasen der Spiritualit\u00e4t, wo Pilger Kraft f\u00fcr die Seele finden und das Sakrament der Vers\u00f6hnung empfangen k\u00f6nnen, den Ausgangspunkt f\u00fcr einen wahren Weg der Umkehr. Besondere Aufmerksamkeit gilt der Vorbereitung von Priestern und Gl\u00e4ubigen auf die Beichte.<\/p>\n<div class=\"link-product\">\n<div class=\"blocco-immagine\"><img loading=\"lazy\" decoding=\"async\" class=\"size-full wp-image-6593 alignleft\" src=\"https:\/\/blog.holyart.it\/de\/wp-content\/uploads\/sites\/12\/2025\/08\/pilgerkomplett-kit-zum-jubilaum-2025-rucksack-plus-zubehor-umweltfreundlich-und-wasserdicht.jpg\" alt=\"pilgerkomplett kit zum jubilaum 2025 rucksack plus zubehor umweltfreundlich und wasserdicht\" width=\"100\" height=\"100\" data-kale-share-title=\"Verk\u00fcndigungsbulle zum Jubil\u00e4um 2025: Darum geht es!\" data-kale-share-url=\"https:\/\/blog.holyart.it\/de\/?p=6570\" \/><\/div>\n<div class=\"blocco-contenuto\">\n<div class=\"blocco-acquista\">Einkaufen:<\/div>\n<div class=\"blocco-titolo\"><a href=\"https:\/\/www.holyart.de\/jubilaum-der-barmherzigkeit\/pilger-set-zum-jubilaum-2025\/pilgerkomplett-kit-zum-jubilaum-2025-rucksack-plus-zubehor-umweltfreundlich-und-wasserdicht\">Pilgerkomplett-Kit zum Jubil\u00e4um 2025, Rucksack plus Zubeh\u00f6r, umweltfreundlich und wasserdicht<\/a><\/div>\n<div class=\"blocco-descrizione\">Pilgerkomplett-Kit zum Jubil\u00e4um 2025&#8230;<\/div>\n<\/div>\n<\/div>\n<h2>Zeichen der Hoffnung<\/h2>\n<p>Doch es gen\u00fcgt nicht, Hoffnung in sich selbst zu finden. Die Kirche ist aufgerufen, <strong>die Zeichen der Zeit im Licht des Evangeliums zu deuten<\/strong>, das Gute in der Welt zu erkennen und <strong>diese Zeichen in Zeichen der Hoffnung zu verwandeln<\/strong>. Das <strong><a href=\"https:\/\/www.holyart.de\/jubilaum-der-barmherzigkeit\">Jubil\u00e4um<\/a><\/strong> bietet allen die Gelegenheit, konkrete Zeichen der Hoffnung zu setzen, mit Liebe und Konkretheit auf die <strong>Bed\u00fcrfnisse der Schw\u00e4chsten<\/strong> zu reagieren und eine bessere Zukunft f\u00fcr alle aufzubauen. Doch was sind diese Zeichen? Sie sind vielf\u00e4ltig und unterschiedlich, denn die Welt, in der wir leben, ist nicht einfach und setzt uns t\u00e4glich schrecklichen Pr\u00fcfungen aus.<\/p>\n<p><strong>Frieden<\/strong> muss das erste Zeichen der Hoffnung sein. Die Menschheit, die die Trag\u00f6dien der Vergangenheit ignoriert, leidet weiterhin unter Gewalt. Das Jubil\u00e4um ruft zu konkreten Friedensprojekten und zu einem mutigen und kreativen diplomatischen Engagement auf.<\/p>\n<p>Hoffnung erfordert auch eine begeisterte Zukunftsvision, und die Zukunft braucht neues Leben, um existieren zu k\u00f6nnen. Die <strong>F\u00f6rderung verantwortungsvoller Mutterschaft und Vaterschaft<\/strong> ist unerl\u00e4sslich. Die christliche Gemeinschaft muss ein soziales B\u00fcndnis der Hoffnung unterst\u00fctzen und die Geburt neuer Kinder f\u00f6rdern, auch gegen die sozialen Faktoren, die ihren Niedergang bedingen.<\/p>\n<div class=\"link-product\">\n<div class=\"blocco-immagine\"><img loading=\"lazy\" decoding=\"async\" class=\"size-full wp-image-6595 alignleft\" src=\"https:\/\/blog.holyart.it\/de\/wp-content\/uploads\/sites\/12\/2025\/08\/kasel-cremefarben-mit-gesticktem-offiziellen-logo-des-jubilaums-2025.jpg\" alt=\"kasel cremefarben mit gesticktem offiziellen logo des jubilaums 2025\" width=\"100\" height=\"100\" data-kale-share-title=\"Verk\u00fcndigungsbulle zum Jubil\u00e4um 2025: Darum geht es!\" data-kale-share-url=\"https:\/\/blog.holyart.it\/de\/?p=6570\" \/><\/div>\n<div class=\"blocco-contenuto\">\n<div class=\"blocco-acquista\">Einkaufen:<\/div>\n<div class=\"blocco-titolo\"><a href=\"https:\/\/www.holyart.de\/jubilaum-der-barmherzigkeit\">Jubil\u00e4um der Barmherzigkeit<\/a><\/div>\n<div class=\"blocco-descrizione\">Jubil\u00e4um der Barmherzigkeit: Papst Franziskus hat f\u00fcr 2015-2016 ein au\u00dferordentliches Jubil\u00e4um ausgerufen&#8230;<\/div>\n<\/div>\n<\/div>\n<p>Das Jubil\u00e4um ruft erneut zu Initiativen auf, die <strong>Gefangenen Hoffnung geben<\/strong> und Amnestie und Wege der Wiedereingliederung vorschlagen. Die Kirche fordert W\u00fcrde und Achtung der Menschenrechte, einschlie\u00dflich der Abschaffung der Todesstrafe.<\/p>\n<p><strong>Kranke<\/strong>, sowohl zu Hause als auch im Krankenhaus, m\u00fcssen in der N\u00e4he von Menschen und in Werken der Barmherzigkeit Trost finden, die Hoffnung und Dankbarkeit wecken. Menschen mit Behinderungen oder Krankheiten ben\u00f6tigen eine inklusive und unterst\u00fctzende Betreuung.<\/p>\n<p><strong>Junge Menschen<\/strong>, die oft von den Ungewissheiten der Zukunft entt\u00e4uscht sind, m\u00fcssen unterst\u00fctzt werden. Das Jubil\u00e4um ist eine Gelegenheit, unser Engagement f\u00fcr sie zu erneuern und ihnen zu helfen, Melancholie und die Risiken selbstzerst\u00f6rerischen Verhaltens zu \u00fcberwinden.<\/p>\n<p><strong>Migrantinnen und Migranten<\/strong>, die auf der Suche nach einem besseren Leben sind, m\u00fcssen mit W\u00fcrde und Verantwortung aufgenommen werden. Die christliche Gemeinschaft muss ihre Rechte verteidigen und f\u00fcr Sicherheit, Arbeit und Bildung sorgen.<\/p>\n<p><strong>\u00c4ltere Menschen<\/strong>, oft allein und verlassen, m\u00fcssen als Schatz an Erfahrung und Weisheit anerkannt werden. Die christliche Gemeinschaft und die Zivilgesellschaft m\u00fcssen gemeinsam f\u00fcr ein B\u00fcndnis zwischen den Generationen arbeiten.<\/p>\n<p>Es bedarf konkreten Engagements, um die weit verbreitete Armut zu bek\u00e4mpfen. Die <strong>Armen<\/strong> sollten nicht als Kollateralschaden betrachtet werden, sondern als Opfer, die unterst\u00fctzt und denen geholfen werden muss.<\/p>\n<h2>Papstappelle zur Hoffnung<\/h2>\n<p>Die Kirche muss nicht nur Zeichen der Hoffnung erkennen, sondern auch aktiv und praktisch handeln, um <strong>konkrete L\u00f6sungen f\u00fcr die Not und die Bed\u00fcrftigkeit<\/strong> anzubieten, die diese Zeichen offenbaren. Das Jubil\u00e4um ist eine Einladung, <strong>die Hoffnung durch soziale Gerechtigkeit, christliche Einheit und Gro\u00dfz\u00fcgigkeit gegen\u00fcber den Bed\u00fcrftigsten wiederzuentdecken<\/strong>. Die Kirche ist berufen, ein greifbares Zeichen der Hoffnung zu sein und sich f\u00fcr eine gerechtere und vereintere Welt einzusetzen.<\/p>\n<p>Das Jubil\u00e4um betont, dass die <strong>Ressourcen der Erde<\/strong> gerecht verteilt werden m\u00fcssen. Es ist unerl\u00e4sslich, dass die Reichen gro\u00dfz\u00fcgig sind und den Bed\u00fcrftigen helfen. Besonders skandal\u00f6s ist, dass auch heute noch viele Menschen Hunger leiden. Es wird vorgeschlagen, einen Globalen Fonds einzurichten, um <strong>den Hunger zu beseitigen<\/strong> und arme L\u00e4nder zu entwickeln. Dabei sollen Mittel verwendet werden, die f\u00fcr Milit\u00e4rausgaben vorgesehen sind.<\/p>\n<p>Reiche Nationen sollten armen L\u00e4ndern <strong>ihre Schulden erlassen<\/strong> und die historische Ungerechtigkeit und die \u00f6kologische Schuld zwischen Nord und S\u00fcd anerkennen. Dies wird als notwendiger Schritt angesehen, um Ungerechtigkeiten zu beseitigen und den Frieden zu f\u00f6rdern.<\/p>\n<p>Das n\u00e4chste Jubil\u00e4um f\u00e4llt mit dem 1700. Jahrestag des <strong>Konzils von Nic\u00e4a<\/strong> zusammen, einem grundlegenden Ereignis f\u00fcr die Einheit der Kirche und die Definition des christlichen Glaubens. Dieses Jubil\u00e4um bietet die Gelegenheit, <strong>die Einheit unter den Christen zu st\u00e4rken<\/strong> und dem Ruf zur Evangelisierung zu folgen.<\/p>\n<p>Das <a href=\"https:\/\/www.holyart.de\/jubilaum-der-barmherzigkeit\/pilger-set-zum-jubilaum-2025\/turnbeutel-zum-jubilaum-2025-heilige-pforte-45x30-cm\"><strong>Jubil\u00e4um 2025<\/strong><\/a> bietet <strong>Christen in Ost und West<\/strong> die Gelegenheit, das Datum der Osterfeier zu vereinheitlichen, historische Spaltungen zu \u00fcberwinden und dem von Jesus zum Ausdruck gebrachten Wunsch nach Einheit zu entsprechen.<\/p>\n<div class=\"link-product\">\n<div class=\"blocco-immagine\"><img loading=\"lazy\" decoding=\"async\" class=\"size-full wp-image-6603 alignleft\" src=\"https:\/\/blog.holyart.it\/de\/wp-content\/uploads\/sites\/12\/2025\/08\/turnbeutel-zum-jubilaum-2025-heilige-pforte-45x30-cm.jpg\" alt=\"turnbeutel zum jubilaum 2025 heilige pforte 45x30 cm\" width=\"100\" height=\"100\" data-kale-share-title=\"Verk\u00fcndigungsbulle zum Jubil\u00e4um 2025: Darum geht es!\" data-kale-share-url=\"https:\/\/blog.holyart.it\/de\/?p=6570\" \/><\/div>\n<div class=\"blocco-contenuto\">\n<div class=\"blocco-acquista\">Einkaufen:<\/div>\n<div class=\"blocco-titolo\"><a href=\"https:\/\/www.holyart.de\/jubilaum-der-barmherzigkeit\/pilger-set-zum-jubilaum-2025\/turnbeutel-zum-jubilaum-2025-heilige-pforte-45x30-cm\">Turnbeutel zum Jubil\u00e4um 2025, Heilige Pforte, 45&#215;30 cm<\/a><\/div>\n<div class=\"blocco-descrizione\">Turnbeutel zum Jubil\u00e4um 2025 &#8222;Pilger der Hoffnung&#8220;, Motiv: Heilige Pforte des Petersdoms, Ma\u00dfe: 42&#215;28 cm. Der Turnbeutel ist mittig mit&#8230;<\/div>\n<\/div>\n<\/div>\n","protected":false},"excerpt":{"rendered":"<p>Am 9. Mai 2024 verlas Papst Franziskus die Verk\u00fcndigungsbulle zum Jubil\u00e4um 2025 mit dem Titel \u201eSpes non confundit\u201c. Darum geht es Das Jubil\u00e4um 2025 ist da, und wir versuchen, uns zurecht zu finden. Haben Sie schon einen Blick in den Jubil\u00e4umskalender geworfen, mit all den&hellip;<\/p>\n","protected":false},"author":1,"featured_media":6582,"comment_status":"closed","ping_status":"open","sticky":false,"template":"","format":"standard","meta":{"_acf_changed":false,"footnotes":""},"categories":[17],"tags":[],"class_list":["post-6570","post","type-post","status-publish","format-standard","has-post-thumbnail","hentry","category-jubilaeum-2025"],"acf":[],"yoast_head":"<!-- This site is optimized with the Yoast SEO plugin v26.6 - https:\/\/yoast.com\/wordpress\/plugins\/seo\/ -->\n<title>Verk\u00fcndigungsbulle zum Jubil\u00e4um 2025: Darum geht es! - Holyart.de Blog<\/title>\n<meta name=\"description\" content=\"Die p\u00e4pstliche Indiktionsbulle ist ein feierliches Dokument, mit dem der Papst den Beginn eines Jubil\u00e4ums ank\u00fcndigt und offiziell besiegelt\" \/>\n<meta name=\"robots\" content=\"index, follow, max-snippet:-1, max-image-preview:large, max-video-preview:-1\" \/>\n<link rel=\"canonical\" href=\"https:\/\/blog.holyart.it\/de\/jubilaeum-2025\/verkuendigungsbulle-zum-jubilaeum-2025-darum-geht-es\/\" \/>\n<meta property=\"og:locale\" content=\"de_DE\" \/>\n<meta property=\"og:type\" content=\"article\" \/>\n<meta property=\"og:title\" content=\"Verk\u00fcndigungsbulle zum Jubil\u00e4um 2025: Darum geht es! - Holyart.de Blog\" \/>\n<meta property=\"og:description\" content=\"Die p\u00e4pstliche Indiktionsbulle ist ein feierliches Dokument, mit dem der Papst den Beginn eines Jubil\u00e4ums ank\u00fcndigt und offiziell besiegelt\" \/>\n<meta property=\"og:url\" content=\"https:\/\/blog.holyart.it\/de\/jubilaeum-2025\/verkuendigungsbulle-zum-jubilaeum-2025-darum-geht-es\/\" \/>\n<meta property=\"og:site_name\" content=\"Holyart.de Blog\" \/>\n<meta property=\"article:published_time\" content=\"2025-08-13T08:00:51+00:00\" \/>\n<meta property=\"og:image\" content=\"https:\/\/blog.holyart.it\/de\/wp-content\/uploads\/sites\/12\/2025\/08\/Verkuendigungsbulle-zum-Jubilaeum-2025.jpg\" \/>\n\t<meta property=\"og:image:width\" content=\"1000\" \/>\n\t<meta property=\"og:image:height\" content=\"666\" \/>\n\t<meta property=\"og:image:type\" content=\"image\/jpeg\" \/>\n<meta name=\"author\" content=\"Redazione\" \/>\n<meta name=\"twitter:card\" content=\"summary_large_image\" \/>\n<meta name=\"twitter:label1\" content=\"Verfasst von\" \/>\n\t<meta name=\"twitter:data1\" content=\"Redazione\" \/>\n\t<meta name=\"twitter:label2\" content=\"Gesch\u00e4tzte Lesezeit\" \/>\n\t<meta name=\"twitter:data2\" content=\"17\u00a0Minuten\" \/>\n<script type=\"application\/ld+json\" class=\"yoast-schema-graph\">{\"@context\":\"https:\/\/schema.org\",\"@graph\":[{\"@type\":\"Article\",\"@id\":\"https:\/\/blog.holyart.it\/de\/jubilaeum-2025\/verkuendigungsbulle-zum-jubilaeum-2025-darum-geht-es\/#article\",\"isPartOf\":{\"@id\":\"https:\/\/blog.holyart.it\/de\/jubilaeum-2025\/verkuendigungsbulle-zum-jubilaeum-2025-darum-geht-es\/\"},\"author\":{\"name\":\"Redazione\",\"@id\":\"https:\/\/blog.holyart.it\/de\/#\/schema\/person\/0a7b686e5af0f856ec1e390dd0baecda\"},\"headline\":\"Verk\u00fcndigungsbulle zum Jubil\u00e4um 2025: Darum geht es!\",\"datePublished\":\"2025-08-13T08:00:51+00:00\",\"mainEntityOfPage\":{\"@id\":\"https:\/\/blog.holyart.it\/de\/jubilaeum-2025\/verkuendigungsbulle-zum-jubilaeum-2025-darum-geht-es\/\"},\"wordCount\":2800,\"publisher\":{\"@id\":\"https:\/\/blog.holyart.it\/de\/#organization\"},\"image\":{\"@id\":\"https:\/\/blog.holyart.it\/de\/jubilaeum-2025\/verkuendigungsbulle-zum-jubilaeum-2025-darum-geht-es\/#primaryimage\"},\"thumbnailUrl\":\"https:\/\/blog.holyart.it\/de\/wp-content\/uploads\/sites\/12\/2025\/08\/Verkuendigungsbulle-zum-Jubilaeum-2025.jpg\",\"articleSection\":[\"Jubil\u00e4um 2025\"],\"inLanguage\":\"de\"},{\"@type\":\"WebPage\",\"@id\":\"https:\/\/blog.holyart.it\/de\/jubilaeum-2025\/verkuendigungsbulle-zum-jubilaeum-2025-darum-geht-es\/\",\"url\":\"https:\/\/blog.holyart.it\/de\/jubilaeum-2025\/verkuendigungsbulle-zum-jubilaeum-2025-darum-geht-es\/\",\"name\":\"Verk\u00fcndigungsbulle zum Jubil\u00e4um 2025: Darum geht es! - Holyart.de Blog\",\"isPartOf\":{\"@id\":\"https:\/\/blog.holyart.it\/de\/#website\"},\"primaryImageOfPage\":{\"@id\":\"https:\/\/blog.holyart.it\/de\/jubilaeum-2025\/verkuendigungsbulle-zum-jubilaeum-2025-darum-geht-es\/#primaryimage\"},\"image\":{\"@id\":\"https:\/\/blog.holyart.it\/de\/jubilaeum-2025\/verkuendigungsbulle-zum-jubilaeum-2025-darum-geht-es\/#primaryimage\"},\"thumbnailUrl\":\"https:\/\/blog.holyart.it\/de\/wp-content\/uploads\/sites\/12\/2025\/08\/Verkuendigungsbulle-zum-Jubilaeum-2025.jpg\",\"datePublished\":\"2025-08-13T08:00:51+00:00\",\"description\":\"Die p\u00e4pstliche Indiktionsbulle ist ein feierliches Dokument, mit dem der Papst den Beginn eines Jubil\u00e4ums ank\u00fcndigt und offiziell besiegelt\",\"breadcrumb\":{\"@id\":\"https:\/\/blog.holyart.it\/de\/jubilaeum-2025\/verkuendigungsbulle-zum-jubilaeum-2025-darum-geht-es\/#breadcrumb\"},\"inLanguage\":\"de\",\"potentialAction\":[{\"@type\":\"ReadAction\",\"target\":[\"https:\/\/blog.holyart.it\/de\/jubilaeum-2025\/verkuendigungsbulle-zum-jubilaeum-2025-darum-geht-es\/\"]}]},{\"@type\":\"ImageObject\",\"inLanguage\":\"de\",\"@id\":\"https:\/\/blog.holyart.it\/de\/jubilaeum-2025\/verkuendigungsbulle-zum-jubilaeum-2025-darum-geht-es\/#primaryimage\",\"url\":\"https:\/\/blog.holyart.it\/de\/wp-content\/uploads\/sites\/12\/2025\/08\/Verkuendigungsbulle-zum-Jubilaeum-2025.jpg\",\"contentUrl\":\"https:\/\/blog.holyart.it\/de\/wp-content\/uploads\/sites\/12\/2025\/08\/Verkuendigungsbulle-zum-Jubilaeum-2025.jpg\",\"width\":1000,\"height\":666,\"caption\":\"Verk\u00fcndigungsbulle zum Jubil\u00e4um 2025\"},{\"@type\":\"BreadcrumbList\",\"@id\":\"https:\/\/blog.holyart.it\/de\/jubilaeum-2025\/verkuendigungsbulle-zum-jubilaeum-2025-darum-geht-es\/#breadcrumb\",\"itemListElement\":[{\"@type\":\"ListItem\",\"position\":1,\"name\":\"Homepage\",\"item\":\"https:\/\/blog.holyart.it\/de\/\"},{\"@type\":\"ListItem\",\"position\":2,\"name\":\"Jubil\u00e4um 2025\",\"item\":\"https:\/\/blog.holyart.it\/de\/jubilaeum-2025\/\"},{\"@type\":\"ListItem\",\"position\":3,\"name\":\"Verk\u00fcndigungsbulle zum Jubil\u00e4um 2025: Darum geht es!\"}]},{\"@type\":\"WebSite\",\"@id\":\"https:\/\/blog.holyart.it\/de\/#website\",\"url\":\"https:\/\/blog.holyart.it\/de\/\",\"name\":\"Holyart.de Blog\",\"description\":\"Holyblog\",\"publisher\":{\"@id\":\"https:\/\/blog.holyart.it\/de\/#organization\"},\"potentialAction\":[{\"@type\":\"SearchAction\",\"target\":{\"@type\":\"EntryPoint\",\"urlTemplate\":\"https:\/\/blog.holyart.it\/de\/?s={search_term_string}\"},\"query-input\":{\"@type\":\"PropertyValueSpecification\",\"valueRequired\":true,\"valueName\":\"search_term_string\"}}],\"inLanguage\":\"de\"},{\"@type\":\"Organization\",\"@id\":\"https:\/\/blog.holyart.it\/de\/#organization\",\"name\":\"Holyart.de Blog\",\"url\":\"https:\/\/blog.holyart.it\/de\/\",\"logo\":{\"@type\":\"ImageObject\",\"inLanguage\":\"de\",\"@id\":\"https:\/\/blog.holyart.it\/de\/#\/schema\/logo\/image\/\",\"url\":\"https:\/\/blog.holyart.it\/de\/wp-content\/uploads\/sites\/12\/2022\/12\/Holyart_Blog_Logo.jpg\",\"contentUrl\":\"https:\/\/blog.holyart.it\/de\/wp-content\/uploads\/sites\/12\/2022\/12\/Holyart_Blog_Logo.jpg\",\"width\":300,\"height\":50,\"caption\":\"Holyart.de Blog\"},\"image\":{\"@id\":\"https:\/\/blog.holyart.it\/de\/#\/schema\/logo\/image\/\"}},{\"@type\":\"Person\",\"@id\":\"https:\/\/blog.holyart.it\/de\/#\/schema\/person\/0a7b686e5af0f856ec1e390dd0baecda\",\"name\":\"Redazione\",\"image\":{\"@type\":\"ImageObject\",\"inLanguage\":\"de\",\"@id\":\"https:\/\/blog.holyart.it\/de\/#\/schema\/person\/image\/\",\"url\":\"https:\/\/secure.gravatar.com\/avatar\/f477da817f43e50d0af36abecd33e3edf826c68299714bdc1057dff3b113f516?s=96&d=mm&r=g\",\"contentUrl\":\"https:\/\/secure.gravatar.com\/avatar\/f477da817f43e50d0af36abecd33e3edf826c68299714bdc1057dff3b113f516?s=96&d=mm&r=g\",\"caption\":\"Redazione\"}}]}<\/script>\n<!-- \/ Yoast SEO plugin. -->","yoast_head_json":{"title":"Verk\u00fcndigungsbulle zum Jubil\u00e4um 2025: Darum geht es! - Holyart.de Blog","description":"Die p\u00e4pstliche Indiktionsbulle ist ein feierliches Dokument, mit dem der Papst den Beginn eines Jubil\u00e4ums ank\u00fcndigt und offiziell besiegelt","robots":{"index":"index","follow":"follow","max-snippet":"max-snippet:-1","max-image-preview":"max-image-preview:large","max-video-preview":"max-video-preview:-1"},"canonical":"https:\/\/blog.holyart.it\/de\/jubilaeum-2025\/verkuendigungsbulle-zum-jubilaeum-2025-darum-geht-es\/","og_locale":"de_DE","og_type":"article","og_title":"Verk\u00fcndigungsbulle zum Jubil\u00e4um 2025: Darum geht es! - Holyart.de Blog","og_description":"Die p\u00e4pstliche Indiktionsbulle ist ein feierliches Dokument, mit dem der Papst den Beginn eines Jubil\u00e4ums ank\u00fcndigt und offiziell besiegelt","og_url":"https:\/\/blog.holyart.it\/de\/jubilaeum-2025\/verkuendigungsbulle-zum-jubilaeum-2025-darum-geht-es\/","og_site_name":"Holyart.de Blog","article_published_time":"2025-08-13T08:00:51+00:00","og_image":[{"width":1000,"height":666,"url":"https:\/\/blog.holyart.it\/de\/wp-content\/uploads\/sites\/12\/2025\/08\/Verkuendigungsbulle-zum-Jubilaeum-2025.jpg","type":"image\/jpeg"}],"author":"Redazione","twitter_card":"summary_large_image","twitter_misc":{"Verfasst von":"Redazione","Gesch\u00e4tzte Lesezeit":"17\u00a0Minuten"},"schema":{"@context":"https:\/\/schema.org","@graph":[{"@type":"Article","@id":"https:\/\/blog.holyart.it\/de\/jubilaeum-2025\/verkuendigungsbulle-zum-jubilaeum-2025-darum-geht-es\/#article","isPartOf":{"@id":"https:\/\/blog.holyart.it\/de\/jubilaeum-2025\/verkuendigungsbulle-zum-jubilaeum-2025-darum-geht-es\/"},"author":{"name":"Redazione","@id":"https:\/\/blog.holyart.it\/de\/#\/schema\/person\/0a7b686e5af0f856ec1e390dd0baecda"},"headline":"Verk\u00fcndigungsbulle zum Jubil\u00e4um 2025: Darum geht es!","datePublished":"2025-08-13T08:00:51+00:00","mainEntityOfPage":{"@id":"https:\/\/blog.holyart.it\/de\/jubilaeum-2025\/verkuendigungsbulle-zum-jubilaeum-2025-darum-geht-es\/"},"wordCount":2800,"publisher":{"@id":"https:\/\/blog.holyart.it\/de\/#organization"},"image":{"@id":"https:\/\/blog.holyart.it\/de\/jubilaeum-2025\/verkuendigungsbulle-zum-jubilaeum-2025-darum-geht-es\/#primaryimage"},"thumbnailUrl":"https:\/\/blog.holyart.it\/de\/wp-content\/uploads\/sites\/12\/2025\/08\/Verkuendigungsbulle-zum-Jubilaeum-2025.jpg","articleSection":["Jubil\u00e4um 2025"],"inLanguage":"de"},{"@type":"WebPage","@id":"https:\/\/blog.holyart.it\/de\/jubilaeum-2025\/verkuendigungsbulle-zum-jubilaeum-2025-darum-geht-es\/","url":"https:\/\/blog.holyart.it\/de\/jubilaeum-2025\/verkuendigungsbulle-zum-jubilaeum-2025-darum-geht-es\/","name":"Verk\u00fcndigungsbulle zum Jubil\u00e4um 2025: Darum geht es! - Holyart.de Blog","isPartOf":{"@id":"https:\/\/blog.holyart.it\/de\/#website"},"primaryImageOfPage":{"@id":"https:\/\/blog.holyart.it\/de\/jubilaeum-2025\/verkuendigungsbulle-zum-jubilaeum-2025-darum-geht-es\/#primaryimage"},"image":{"@id":"https:\/\/blog.holyart.it\/de\/jubilaeum-2025\/verkuendigungsbulle-zum-jubilaeum-2025-darum-geht-es\/#primaryimage"},"thumbnailUrl":"https:\/\/blog.holyart.it\/de\/wp-content\/uploads\/sites\/12\/2025\/08\/Verkuendigungsbulle-zum-Jubilaeum-2025.jpg","datePublished":"2025-08-13T08:00:51+00:00","description":"Die p\u00e4pstliche Indiktionsbulle ist ein feierliches Dokument, mit dem der Papst den Beginn eines Jubil\u00e4ums ank\u00fcndigt und offiziell besiegelt","breadcrumb":{"@id":"https:\/\/blog.holyart.it\/de\/jubilaeum-2025\/verkuendigungsbulle-zum-jubilaeum-2025-darum-geht-es\/#breadcrumb"},"inLanguage":"de","potentialAction":[{"@type":"ReadAction","target":["https:\/\/blog.holyart.it\/de\/jubilaeum-2025\/verkuendigungsbulle-zum-jubilaeum-2025-darum-geht-es\/"]}]},{"@type":"ImageObject","inLanguage":"de","@id":"https:\/\/blog.holyart.it\/de\/jubilaeum-2025\/verkuendigungsbulle-zum-jubilaeum-2025-darum-geht-es\/#primaryimage","url":"https:\/\/blog.holyart.it\/de\/wp-content\/uploads\/sites\/12\/2025\/08\/Verkuendigungsbulle-zum-Jubilaeum-2025.jpg","contentUrl":"https:\/\/blog.holyart.it\/de\/wp-content\/uploads\/sites\/12\/2025\/08\/Verkuendigungsbulle-zum-Jubilaeum-2025.jpg","width":1000,"height":666,"caption":"Verk\u00fcndigungsbulle zum Jubil\u00e4um 2025"},{"@type":"BreadcrumbList","@id":"https:\/\/blog.holyart.it\/de\/jubilaeum-2025\/verkuendigungsbulle-zum-jubilaeum-2025-darum-geht-es\/#breadcrumb","itemListElement":[{"@type":"ListItem","position":1,"name":"Homepage","item":"https:\/\/blog.holyart.it\/de\/"},{"@type":"ListItem","position":2,"name":"Jubil\u00e4um 2025","item":"https:\/\/blog.holyart.it\/de\/jubilaeum-2025\/"},{"@type":"ListItem","position":3,"name":"Verk\u00fcndigungsbulle zum Jubil\u00e4um 2025: Darum geht es!"}]},{"@type":"WebSite","@id":"https:\/\/blog.holyart.it\/de\/#website","url":"https:\/\/blog.holyart.it\/de\/","name":"Holyart.de Blog","description":"Holyblog","publisher":{"@id":"https:\/\/blog.holyart.it\/de\/#organization"},"potentialAction":[{"@type":"SearchAction","target":{"@type":"EntryPoint","urlTemplate":"https:\/\/blog.holyart.it\/de\/?s={search_term_string}"},"query-input":{"@type":"PropertyValueSpecification","valueRequired":true,"valueName":"search_term_string"}}],"inLanguage":"de"},{"@type":"Organization","@id":"https:\/\/blog.holyart.it\/de\/#organization","name":"Holyart.de Blog","url":"https:\/\/blog.holyart.it\/de\/","logo":{"@type":"ImageObject","inLanguage":"de","@id":"https:\/\/blog.holyart.it\/de\/#\/schema\/logo\/image\/","url":"https:\/\/blog.holyart.it\/de\/wp-content\/uploads\/sites\/12\/2022\/12\/Holyart_Blog_Logo.jpg","contentUrl":"https:\/\/blog.holyart.it\/de\/wp-content\/uploads\/sites\/12\/2022\/12\/Holyart_Blog_Logo.jpg","width":300,"height":50,"caption":"Holyart.de Blog"},"image":{"@id":"https:\/\/blog.holyart.it\/de\/#\/schema\/logo\/image\/"}},{"@type":"Person","@id":"https:\/\/blog.holyart.it\/de\/#\/schema\/person\/0a7b686e5af0f856ec1e390dd0baecda","name":"Redazione","image":{"@type":"ImageObject","inLanguage":"de","@id":"https:\/\/blog.holyart.it\/de\/#\/schema\/person\/image\/","url":"https:\/\/secure.gravatar.com\/avatar\/f477da817f43e50d0af36abecd33e3edf826c68299714bdc1057dff3b113f516?s=96&d=mm&r=g","contentUrl":"https:\/\/secure.gravatar.com\/avatar\/f477da817f43e50d0af36abecd33e3edf826c68299714bdc1057dff3b113f516?s=96&d=mm&r=g","caption":"Redazione"}}]}},"_links":{"self":[{"href":"https:\/\/blog.holyart.it\/de\/wp-json\/wp\/v2\/posts\/6570","targetHints":{"allow":["GET"]}}],"collection":[{"href":"https:\/\/blog.holyart.it\/de\/wp-json\/wp\/v2\/posts"}],"about":[{"href":"https:\/\/blog.holyart.it\/de\/wp-json\/wp\/v2\/types\/post"}],"author":[{"embeddable":true,"href":"https:\/\/blog.holyart.it\/de\/wp-json\/wp\/v2\/users\/1"}],"replies":[{"embeddable":true,"href":"https:\/\/blog.holyart.it\/de\/wp-json\/wp\/v2\/comments?post=6570"}],"version-history":[{"count":31,"href":"https:\/\/blog.holyart.it\/de\/wp-json\/wp\/v2\/posts\/6570\/revisions"}],"predecessor-version":[{"id":6615,"href":"https:\/\/blog.holyart.it\/de\/wp-json\/wp\/v2\/posts\/6570\/revisions\/6615"}],"wp:featuredmedia":[{"embeddable":true,"href":"https:\/\/blog.holyart.it\/de\/wp-json\/wp\/v2\/media\/6582"}],"wp:attachment":[{"href":"https:\/\/blog.holyart.it\/de\/wp-json\/wp\/v2\/media?parent=6570"}],"wp:term":[{"taxonomy":"category","embeddable":true,"href":"https:\/\/blog.holyart.it\/de\/wp-json\/wp\/v2\/categories?post=6570"},{"taxonomy":"post_tag","embeddable":true,"href":"https:\/\/blog.holyart.it\/de\/wp-json\/wp\/v2\/tags?post=6570"}],"curies":[{"name":"wp","href":"https:\/\/api.w.org\/{rel}","templated":true}]}}