{"id":6552,"date":"2025-08-11T10:00:19","date_gmt":"2025-08-11T08:00:19","guid":{"rendered":"https:\/\/blog.holyart.it\/de\/?p=6552"},"modified":"2025-08-12T12:14:12","modified_gmt":"2025-08-12T10:14:12","slug":"vom-berg-zum-himmel-das-leben-und-die-botschaft-von-pier-giorgio-frassati","status":"publish","type":"post","link":"https:\/\/blog.holyart.it\/de\/heilige-und-selige\/vom-berg-zum-himmel-das-leben-und-die-botschaft-von-pier-giorgio-frassati\/","title":{"rendered":"Vom Berg zum Himmel: Das Leben und die Botschaft von Pier Giorgio Frassati"},"content":{"rendered":"<h4>Vom Berg zum Himmel: Das Leben und die Botschaft von Pier Giorgio Frassati, dem Jungen, der die Berge und Gott liebte, ein Vorbild christlicher N\u00e4chstenliebe<\/h4>\n\n<p>In der Stille der Alpen, wenn der Wind zwischen den Gipfeln singt und die Erde zum Himmel wird, hallt noch immer das Echo junger, entschlossener, dem\u00fctiger Schritte wider. Es sind die Schritte von <strong>Pier Giorgio Frassati<\/strong>, einem jungen Mann, der die H\u00f6he und die N\u00e4chstenliebe liebte, ein brennender Geist in einem Jahrhundert in Flammen.<\/p>\n<p>Mitten im 20. Jahrhundert, w\u00e4hrend Europa zwischen Kriegen und Revolutionen taumelt, hat sich dieser junge Mann aus Turin entschieden, einen weiteren Gipfel zu erklimmen: <a href=\"https:\/\/www.holyart.de\/devotionalien\/statuen\/statuen-aus-resin-und-pvc\/pier-giorgio-frassati-statue-12-cm-aus-handbemaltem-resin\"><strong>den der Heiligkeit, die im Alltag gelebt wird<\/strong>,<\/a> zwischen Universit\u00e4tsb\u00fcchern, steinigen Pfaden und armen Menschen, denen man mit dem Herzen zuh\u00f6rt, noch bevor man ihnen mit den H\u00e4nden hilft.<\/p>\n<p>Seine Geschichte ist keine ferne oder verblasste, sondern eine noch immer brennende Fackel. Pier Giorgio ist kein Nischenheiliger, sondern ein <strong>Weggef\u00e4hrte<\/strong> f\u00fcr alle, die heute Glauben und Leben verbinden wollen, ohne auf Freude, Aktivit\u00e4t und Sch\u00f6nheit zu verzichten.<\/p>\n<div class=\"link-product\">\n<div class=\"blocco-immagine\"><img loading=\"lazy\" decoding=\"async\" class=\"size-full wp-image-6553 alignleft\" src=\"https:\/\/blog.holyart.it\/de\/wp-content\/uploads\/sites\/12\/2025\/08\/Statue-Pier-Giorgio-Frassati-handbemalt-aus-Harz-12-cm.jpg\" alt=\"Statue Pier Giorgio Frassati handbemalt aus Harz 12 cm\" width=\"100\" height=\"100\" data-kale-share-title=\"Vom Berg zum Himmel: Das Leben und die Botschaft von Pier Giorgio Frassati\" data-kale-share-url=\"https:\/\/blog.holyart.it\/de\/?p=6552\" \/><\/div>\n<div class=\"blocco-contenuto\">\n<div class=\"blocco-acquista\">Einkaufen:<\/div>\n<div class=\"blocco-titolo\"><strong><a href=\"https:\/\/www.holyart.de\/devotionalien\/statuen\/statuen-aus-resin-und-pvc\/pier-giorgio-frassati-statue-12-cm-aus-handbemaltem-resin\">Pier Giorgio Frassati \u2013 Statue 12 cm aus handbemaltem Resin<\/a><\/strong><\/div>\n<div class=\"blocco-descrizione\">Diese farbig bemalte Resin-Statue zeigt Pier Giorgio Frassati in realistischer Darstellung und mit gro\u00dfer&#8230;<\/div>\n<\/div>\n<\/div>\n<p>&nbsp;<\/p>\n<h2>Das Leben von Pier Giorgio Frassati<\/h2>\n<p>Pier Giorgio wurde am 6. April 1901 in Turin als Sohn einer wichtigen Familie geboren: Sein Vater Alfredo ist Senator und Gr\u00fcnder von der Zeitung <em>La Stampa<\/em>, seine Mutter Adelaide eine kultivierte Malerin. Er h\u00e4tte ein b\u00fcrgerlicher , kultivierter und distanzierter Spross werden k\u00f6nnen. Stattdessen entwickelt er sich zu einem diskreten und unerm\u00fcdlichen <strong>Riesen mit Seele<\/strong>, einem Ideal verpflichtet, das h\u00f6her ist als jede Karriere: Christus in seinen Br\u00fcdern zu dienen.<\/p>\n<p>Als Student des Bergbauingenieurwesens am Politecnico tr\u00e4umt er davon, in die Tiefen der Erde hinabzusteigen, um den Bergleuten zu helfen. Doch in der Zwischenzeit steigt er hoch hinauf, in die Alpen, wo sich Schwei\u00df mit Gebet vermischt, wo jeder Gipfel ein Altar und jeder Weg eine Opfergabe ist.<\/p>\n<p>Pier Giorgio missioniert nicht mit Predigten, sondern mit Gesten. Er wandelt <strong>unter den Letzten seiner Stadt<\/strong>, bringt Brot, Kleidung, Medizin, aber <strong>vor allem L\u00e4cheln, Zuh\u00f6ren und Pr\u00e4senz<\/strong>. Seine N\u00e4chstenliebe ist still wie Schnee, hinterl\u00e4sst aber tiefe Spuren.<\/p>\n<p>Er engagiert sich in FUCI und Azione Cattolica. Er ist ein junger Mann, der mit der ganzen Intelligenz seines Herzens denkt, handelt, diskutiert und liebt. Einer seiner ber\u00fchmtesten S\u00e4tze ist ein existenzielles Manifest: \u201e<strong><em>Leben, nicht nur Dasein<\/em><\/strong>\u201c. Es ist eine Einladung an alle, ein Ruck f\u00fcr schlafende Gewissen, ein Kampflied gegen die Lauheit. Sein politisches Engagement konkretisiert sich in seiner Mitgliedschaft in Don Luigi Sturzos Partito Popolare, wo er sich mit demokratischer und sozialer \u00dcberzeugung engagiert. <strong><a href=\"https:\/\/www.holyart.de\/besondere-anlasse\/pier-giorgio-frassati\/stola-piergiorgio-frassati-baumwollmischung\">Pier Giorgio<\/a><\/strong> versteht, dass der christliche Glaube nicht im Privaten bleiben kann, sondern sich in einem <strong>konkreten Engagement<\/strong> f\u00fcr den Aufbau einer gerechteren und br\u00fcderlicheren Gesellschaft niederschlagen muss. Seine politischen Positionen, die oft im Widerspruch zu denen seines liberalen Vaters stehen, zeugen von seiner Unabh\u00e4ngigkeit im Urteil und seiner \u00dcbereinstimmung mit seinen eigenen Prinzipien.<\/p>\n<div class=\"link-product\">\n<div class=\"blocco-immagine\"><img loading=\"lazy\" decoding=\"async\" class=\"size-full wp-image-6554 alignleft\" src=\"https:\/\/blog.holyart.it\/de\/wp-content\/uploads\/sites\/12\/2025\/08\/Stola-Pier-Giorgio-Frassati-aus-Baumwollmischgewebe.jpg\" alt=\"Stola Pier Giorgio Frassati aus Baumwollmischgewebe\" width=\"100\" height=\"100\" data-kale-share-title=\"Vom Berg zum Himmel: Das Leben und die Botschaft von Pier Giorgio Frassati\" data-kale-share-url=\"https:\/\/blog.holyart.it\/de\/?p=6552\" \/><\/div>\n<div class=\"blocco-contenuto\">\n<div class=\"blocco-acquista\">Einkaufen:<\/div>\n<div class=\"blocco-titolo\"><strong><a href=\"https:\/\/www.holyart.de\/besondere-anlasse\/pier-giorgio-frassati\/stola-piergiorgio-frassati-baumwollmischung\">Stola Pier Giorgio Frassati aus Baumwollmischgewebe<\/a><\/strong><\/div>\n<div class=\"blocco-descrizione\">tola Piergiorgio Frassati. Liturgische Stola aus hellem Stoff mit zarten goldenen&#8230;<\/div>\n<\/div>\n<\/div>\n<p>Im Zentrum dieses inneren Weges versp\u00fcrt Pier Giorgio das Bed\u00fcrfnis, sich tiefer dem Herrn zu weihen, und tritt als Terti\u00e4r in den Dominikanerorden ein. Seine Mitgliedschaft als <strong>Terti\u00e4r der Dominikaner<\/strong> spiegelte seinen Wunsch wider, Kontemplation und Handeln zu vereinen, und verk\u00f6rperte das dominikanische Motto \u201e<em>Contemplata aliis tradere<\/em>\u201c: \u201eAnderen weitergeben, wor\u00fcber man nachgedacht hat.\u201c Auf diese Weise integrierte Pier Giorgio die dominikanische Spiritualit\u00e4t in sein t\u00e4gliches Leben und bezeugte einen Glauben, den er konsequent und tiefgr\u00fcndig lebte.<\/p>\n<p>Nicht alles in <a href=\"https:\/\/www.holyart.de\/besondere-anlasse\/pier-giorgio-frassati\/pier-giorgio-frassati-du-kannst-nicht-nur-zuschauen\"><strong>Pier Giorgio Frassatis Leben<\/strong><\/a> war von Entbehrungen und Opferbereitschaft gepr\u00e4gt. Im Gegenteil: Seine Heiligkeit war mit Lachen, anstrengenden Spazierg\u00e4ngen und absurden Spitznamen vermischt, wie es sich f\u00fcr jemanden geh\u00f6rt, der das Evangelium mit jungem und fr\u00f6hlichem Herzen zu leben wusste.<\/p>\n<p>Am 18. Mai 1924, w\u00e4hrend einer Reise nach Pian della Mussa, zwischen der frischen H\u00f6henluft und dem Rauschen des Wassers, entstand die <strong>Compagnia dei Tipi Loschi<\/strong>: ein Name, der wie ein Witz klang, aber ein sehr hohes Projekt verbarg. Hinter den fr\u00f6hlichen Gesichtern und den heiteren Bekundungen verbarg sich der brennende Wunsch nach einer wahren, tiefen Freundschaft, gegr\u00fcndet auf Glaube und Gebet. Pier Giorgio war ihre Seele und treibende Kraft. Er schrieb an einen seiner Freunde:<\/p>\n<p>\u201e<em>Ich m\u00f6chte, dass wir einen Bund schw\u00f6ren, der keine irdischen oder zeitlichen Grenzen kennt: die Vereinigung im Gebet<\/em>.\u201c<\/p>\n<p>Dieses spirituelle Band verband die \u201eunz\u00fcchtigen M\u00e4nner und Frauen\u201c der Gruppe, junge Menschen mit einer Leidenschaft f\u00fcr Gott und das Leben, die zwischen einem Ausflug und einem Scherz eine neue, prophetische Art von Kirche erprobten: eine fr\u00f6hliche, lebendige Kirche, verk\u00f6rpert in der Zeit. Die Tipi Loschi waren nicht nur eine Gruppe von Freunden, sondern eine kleine, ihrer Zeit vorauseilende Laienbruderschaft, die Glaube, Freundschaft, Natur, Spiel und Verantwortung vereinte. Ein spirituelles B\u00fcndnis, das \u00fcber einfache Gesellschaft hinausging und zu einer \u00dcbungsst\u00e4tte t\u00e4glicher Heiligkeit wurde. Und so lehrte Pier Giorgio zwischen Felsen und Gebeten, zwischen Lachen und kontemplativem Schweigen, dass man <strong>ein Heiliger sein kann, ohne aufzuh\u00f6ren, jung zu sein<\/strong>. Ja, dass vielleicht die wahrste Heiligkeit die ist, die zu lachen, zu lieben und gemeinsam nach oben zu gehen wei\u00df.<\/p>\n<div class=\"link-product\">\n<div class=\"blocco-immagine\"><img loading=\"lazy\" decoding=\"async\" class=\"size-full wp-image-6556 alignleft\" src=\"https:\/\/blog.holyart.it\/de\/wp-content\/uploads\/sites\/12\/2025\/08\/Pier-Giorgio-Frassati-\u2013-Du-darfst-nicht-untaetig-zusehen.jpg\" alt=\"Pier Giorgio Frassati \u2013 Du darfst nicht unt\u00e4tig zusehen\" width=\"100\" height=\"100\" data-kale-share-title=\"Vom Berg zum Himmel: Das Leben und die Botschaft von Pier Giorgio Frassati\" data-kale-share-url=\"https:\/\/blog.holyart.it\/de\/?p=6552\" \/><\/div>\n<div class=\"blocco-contenuto\">\n<div class=\"blocco-acquista\">Einkaufen:<\/div>\n<div class=\"blocco-titolo\"><strong><a href=\"https:\/\/www.holyart.de\/besondere-anlasse\/pier-giorgio-frassati\/pier-giorgio-frassati-du-kannst-nicht-nur-zuschauen\">Stola Pier Giorgio Frassati aus Baumwollmischgewebe<\/a><\/strong><\/div>\n<div class=\"blocco-descrizione\">Pier Giorgio Frassati &#8211; Du kannst nicht nur zuschauen. Die Sonne steht hoch am Himmel&#8230;<\/div>\n<\/div>\n<\/div>\n<p>Unter den Gipfeln, die er bestieg, und den Wegen, die er beschritt, um den Armen zu helfen, kannte Pier Giorgio Frassatis Herz auch die Intimit\u00e4t des s\u00fc\u00dfesten und qu\u00e4lendsten Gef\u00fchls: die <strong>menschliche Liebe<\/strong>, die im Stillen geboren wird, stark brennt und manchmal f\u00fcr immer verborgen bleibt. Er war 22, als er Laura Hidalgo, eine junge Frau aus einfachen Verh\u00e4ltnissen, kennenlernte und tief von ihr ber\u00fchrt war. Er verliebte sich aus tiefstem Herzen in sie, ohne Zweideutigkeiten, ohne Hintergedanken. Aber er wagte es nie, sich zu offenbaren. Der junge Frassati, Sohn einer wohlhabenden Familie mit strengen Urteilen, f\u00fcrchtete, seine Lieben zu verletzen oder zu entt\u00e4uschen. Also entschied er sich, mit jenem Feingef\u00fchl, das sein Leben stets gepr\u00e4gt hatte, zu schweigen.<\/p>\n<p>Im Juli 1925 erkrankte Pier Giorgio an fulminanter Kinderl\u00e4hmung pl\u00f6tzlich. Er starb innerhalb weniger Tage, ohne gro\u00dfes Aufsehen, so wie er gelebt hatte. Er war 24 Jahre alt. Doch bei der Beerdigung versammelte sich neben der Familie eine unerwartete Menschenmenge: <strong>Arme, Bettler, Kinder, Alte<\/strong>, all jene, die er heimlich geliebt hatte. F\u00fcr viele war er bereits ein Heiliger.<\/p>\n<h2>Die Wunder von Pier Giorgio Frassati<\/h2>\n<p>Die von der Kirche anerkannten Wunder sind nicht nur au\u00dfergew\u00f6hnliche Ereignisse, sondern <strong>sichtbare Spuren des Unsichtbaren<\/strong>, Zeichen einer Gegenwart, die im Herzen der Welt weiterwirkt.<\/p>\n<p>Das erste, das den Weg zur Frassatis Seligsprechung ebnete, geschah in den 1930er Jahren an <strong>Domenico Sellan<\/strong>, einem jungen Mann aus Friaul, der an Morbus Pott litt, einer schweren Form der Knochentuberkulose. Die Erkrankung hatte den Mann an den Rand des Todes gebracht. Als alle Hoffnung verloren schien, schenkte ihm ein befreundeter Priester ein kleines Bild mit einer kleinen Reliquie von Pier Giorgio Frassati. Mit dem schlichten und tiefempfundenen Glauben eines Menschen, der nichts mehr zu verlieren hat, betete Domenico aus tiefster Seele zu dem jungen Seligen. Innerhalb weniger Stunden wich die Krankheit der Heilung. Die \u00c4rzte konnten es nicht erkl\u00e4ren, aber er wusste wieso: Es war Pier Giorgio, sein unsichtbarer Bruder, der sich \u00fcber ihn beugte.<\/p>\n<p>Das Wunder, das die T\u00fcren zur Frassatis Heiligsprechung \u00f6ffnete, ist jedoch erst k\u00fcrzlich geschehen und kommt aus \u00dcbersee, aus den sonnigen Stra\u00dfen Kaliforniens. Der Protagonist ist <strong>Juan Manuel Gutierrez<\/strong>, ein junger Priester, geboren in der N\u00e4he von <strong><a href=\"https:\/\/www.holyart.de\/blog\/devotionalien\/die-basilika-unserer-lieben-frau-von-guadalupe-von-mexiko-stadt\/\">Mexiko-Stadt<\/a><\/strong> und Seminarist in der Erzdi\u00f6zese Los Angeles. Nach einer schwierigen Jugend und einer spirituellen Wiedergeburt, die ihn zu seiner Berufung f\u00fchrt, steht Juan Manuel kurz vor der Priesterweihe, als er sich beim Basketballspielen mit seinen Freunden die Achillessehne rei\u00dft. Eine Operation ist unausweichlich, mit Risiken und Kosten, die ihn in eine Krise st\u00fcrzen. Als er auf YouTube ein Pier Giorgio gewidmetes Video sieht, vertraut er sich ihm im Gebet an, fast instinktiv, fast aus Verzweiflung. Am 1. November 2017 sp\u00fcrt er w\u00e4hrend eines Augenblicks des stillen Gebets eine pl\u00f6tzliche, tiefe Hitze in seinem Kn\u00f6chel. Er steht auf. Er l\u00e4uft. Und stellt fest, dass die Verletzung verschwunden ist. Die MRT wird best\u00e4tigen, was die Wissenschaft nicht erkl\u00e4ren kann.<\/p>\n<div class=\"link-article\">\n<p><img loading=\"lazy\" decoding=\"async\" class=\"size-full wp-image-6558 alignleft\" src=\"https:\/\/blog.holyart.it\/de\/wp-content\/uploads\/sites\/12\/2025\/08\/Unsere-Liebe-Frau-von-Guadalupe-2.jpg\" alt=\"Unsere Liebe Frau von Guadalupe\" width=\"150\" height=\"99\" data-kale-share-title=\"Vom Berg zum Himmel: Das Leben und die Botschaft von Pier Giorgio Frassati\" data-kale-share-url=\"https:\/\/blog.holyart.it\/de\/?p=6552\" \/><\/p>\n<div class=\"leggi-anche\">Lesen Sie auch:<\/div>\n<p><strong><a href=\"https:\/\/www.holyart.de\/blog\/devotionalien\/die-basilika-unserer-lieben-frau-von-guadalupe-von-mexiko-stadt\/\">Die Basilika Unserer Lieben Frau von Guadalupe von Mexiko-Stadt<\/a><\/strong><br \/>\nDie Basilika Unserer Lieben Frau von Guadalupe ist der Jungfrau\u2026<\/p>\n<\/div>\n<p>Diese beiden Wunder, die Jahrzehnte und Kontinente auseinanderliegen, spiegeln dasselbe Geheimnis wider: Pier Giorgio hat nie aufgeh\u00f6rt, an der Seite der Leidenden zu gehen und mit uns die h\u00e4rtesten Berge des Lebens zu erklimmen. Doch Pier Giorgios wahre Wunder sind auch jene, die sich nicht in klinischen Berichten messen lassen: <strong>Es sind ver\u00e4nderte Leben, geborene Berufungen, wiederentdeckte junge Menschen<\/strong>, Herzen, die dank ihm die Sch\u00f6nheit des Evangeliums wiederentdeckt haben. Seine F\u00fcrsprache begleitet weiterhin diejenigen, die ihn anrufen. Er hat nicht aufgeh\u00f6rt, Berge zu erklimmen. Er erklimmt sie mit uns.<\/p>\n<h2>Wann wird Pier Giorgio Frassati heiliggesprochen?<\/h2>\n<p>Am 20. Mai 1990, auf einem Petersplatz voller junger Gesichter und strahlender Augen, sprach <a href=\"https:\/\/www.holyart.de\/besondere-anlasse\/johannes-paul-ii?page=1\"><strong>Papst Johannes Paul II.<\/strong> <\/a>Pier Giorgio Frassati selig und nannte ihn mit Worten, die f\u00fcr immer in den Herzen nachhallen werden: \u201e<em>Der Mann der acht Seligpreisungen<\/em>.\u201c<\/p>\n<p>Mit dieser Geste erkannte die Kirche in ihm ein Vorbild f\u00fcr alle und insbesondere f\u00fcr junge Menschen, die in der Lage sind, in der t\u00e4glichen Einfachheit durch Studium, soziales Engagement, Gebet und wahre Freundschaft nach Heiligkeit zu streben.<\/p>\n<div class=\"link-product\">\n<div class=\"blocco-immagine\"><img loading=\"lazy\" decoding=\"async\" class=\"size-full wp-image-6561 alignleft\" src=\"https:\/\/blog.holyart.it\/de\/wp-content\/uploads\/sites\/12\/2025\/08\/heiligenbildchen-johannes-paul-ii.-im-gebet-1.jpg\" alt=\"Heiligenbildchen Johannes Paul II. \" width=\"100\" height=\"100\" data-kale-share-title=\"Vom Berg zum Himmel: Das Leben und die Botschaft von Pier Giorgio Frassati\" data-kale-share-url=\"https:\/\/blog.holyart.it\/de\/?p=6552\" \/><\/div>\n<div class=\"blocco-contenuto\">\n<div class=\"blocco-acquista\">Einkaufen:<\/div>\n<div class=\"blocco-titolo\"><strong><a href=\"https:\/\/www.holyart.de\/besondere-anlasse\/johannes-paul-ii?page=1\">Johannes Paul II<\/a><\/strong><\/div>\n<div class=\"blocco-descrizione\">Produkte und Neuheiten von Johannes Paul II&#8230;<\/div>\n<\/div>\n<\/div>\n<p>Am 25. November 2024 unterzeichnete <strong>Papst Franziskus<\/strong> das Dekret zur Anerkennung des zweiten Wunders. Es ist gr\u00fcnes Licht f\u00fcr die <strong>Heiligsprechung<\/strong>. Nun wissen wir: <strong>Pier Giorgio Frassati wird am 7. September 2025 heiliggesprochen<\/strong>. Ein Tag, auf den Tausende Gl\u00e4ubige in aller Welt gewartet, von dem sie getr\u00e4umt und f\u00fcr den sie gebetet haben, besonders die jungen Menschen, die in ihm keine ferne Ikone sehen, sondern einen Bruder, einen Berggef\u00e4hrten, ein konkretes Beispiel m\u00f6glicher Heiligkeit. Die Wahl dieses Datums ist kein Zufall: Es markiert den hundertsten Todestag am 4. Juli 1925. Genau ein Jahrhundert, um mit leichten, aber entschlossenen Schritten, wie man es in den Bergen tut, durch die Geschichte zu gehen und jenen Gipfel zu erreichen, der die Heiligsprechung ist \u2013 die offizielle Anerkennung eines vorbehaltlos hingegebenen Lebens, das hoch hinaus, \u201ein Richtung Gipfel\u201c, gelebt wurde. Die Zeremonie wird auf dem <strong>Petersplatz<\/strong> stattfinden, wohin Zehntausende junger Pilger aus allen Teilen der Welt str\u00f6men werden. Es wird nicht nur ein Ritual sein, sondern ein Fest, <strong>eine Explosion von Freude und Licht<\/strong>, die Erf\u00fcllung einer Reise, die zwischen den Stra\u00dfen Turins und den Gipfeln der Alpen begann und nun den Himmel erreicht.<\/p>\n<p>Pier Giorgio wird <strong>gemeinsam<\/strong> mit <a href=\"https:\/\/www.holyart.de\/besondere-anlasse\/carlo-acutis?page=1\"><strong>Carlo Acutis<\/strong><\/a> heiliggesprochen. Die Feierlichkeiten sind Teil des <strong>Jubil\u00e4ums<\/strong>. Auch Turin bereitet sich voller Stolz auf die Feier vor, und aus aller Welt werden Tausende von Menschen nach Rom str\u00f6men, um denen zu huldigen, die das gew\u00f6hnliche Leben in einen hohen, harten und wundersch\u00f6nen Weg zu Gott verwandeln konnten.<\/p>\n<div class=\"link-product\">\n<div class=\"blocco-immagine\"><img loading=\"lazy\" decoding=\"async\" class=\"size-full wp-image-6565 alignleft\" src=\"https:\/\/blog.holyart.it\/de\/wp-content\/uploads\/sites\/12\/2025\/08\/Statue-von-Carlo-Acutis-mit-Rosenkranz-und-Kamera-aus-handbemaltem-Kunstharz-13-cm.jpg\" alt=\"Statue von Carlo Acutis mit Rosenkranz und Kamera aus handbemaltem Kunstharz, 13 cm\" width=\"100\" height=\"100\" data-kale-share-title=\"Vom Berg zum Himmel: Das Leben und die Botschaft von Pier Giorgio Frassati\" data-kale-share-url=\"https:\/\/blog.holyart.it\/de\/?p=6552\" \/><\/div>\n<div class=\"blocco-contenuto\">\n<div class=\"blocco-acquista\">Einkaufen:<\/div>\n<div class=\"blocco-titolo\"><a href=\"https:\/\/www.holyart.de\/besondere-anlasse\/carlo-acutis?page=1\">Carlo Acutis<\/a><\/div>\n<div class=\"blocco-descrizione\">Produkte und Neuheiten \u00fcber das Leben von Carlo Acutis&#8230;<\/div>\n<\/div>\n<\/div>\n<p>&nbsp;<\/p>\n","protected":false},"excerpt":{"rendered":"<p>Vom Berg zum Himmel: Das Leben und die Botschaft von Pier Giorgio Frassati, dem Jungen, der die Berge und Gott liebte, ein Vorbild christlicher N\u00e4chstenliebe In der Stille der Alpen, wenn der Wind zwischen den Gipfeln singt und die Erde zum Himmel wird, hallt noch&hellip;<\/p>\n","protected":false},"author":1,"featured_media":6567,"comment_status":"closed","ping_status":"open","sticky":false,"template":"","format":"standard","meta":{"_acf_changed":false,"footnotes":""},"categories":[9],"tags":[],"class_list":["post-6552","post","type-post","status-publish","format-standard","has-post-thumbnail","hentry","category-heilige-und-selige"],"acf":[],"yoast_head":"<!-- This site is optimized with the Yoast SEO plugin v26.6 - https:\/\/yoast.com\/wordpress\/plugins\/seo\/ -->\n<title>Vom Berg zum Himmel: Das Leben und die Botschaft von Pier Giorgio Frassati - Holyart.de Blog<\/title>\n<meta name=\"description\" content=\"Vom Berg zum Himmel: Leben, Liebe, Wunder und Heiligkeit von Pier Giorgio Frassati, dem jungen Seligen, der am 7. September 2025...\" \/>\n<meta name=\"robots\" content=\"index, follow, max-snippet:-1, max-image-preview:large, max-video-preview:-1\" \/>\n<link rel=\"canonical\" href=\"https:\/\/blog.holyart.it\/de\/heilige-und-selige\/vom-berg-zum-himmel-das-leben-und-die-botschaft-von-pier-giorgio-frassati\/\" \/>\n<meta property=\"og:locale\" content=\"de_DE\" \/>\n<meta property=\"og:type\" content=\"article\" \/>\n<meta property=\"og:title\" content=\"Vom Berg zum Himmel: Das Leben und die Botschaft von Pier Giorgio Frassati - Holyart.de Blog\" \/>\n<meta property=\"og:description\" content=\"Vom Berg zum Himmel: Leben, Liebe, Wunder und Heiligkeit von Pier Giorgio Frassati, dem jungen Seligen, der am 7. September 2025...\" \/>\n<meta property=\"og:url\" content=\"https:\/\/blog.holyart.it\/de\/heilige-und-selige\/vom-berg-zum-himmel-das-leben-und-die-botschaft-von-pier-giorgio-frassati\/\" \/>\n<meta property=\"og:site_name\" content=\"Holyart.de Blog\" \/>\n<meta property=\"article:published_time\" content=\"2025-08-11T08:00:19+00:00\" \/>\n<meta property=\"article:modified_time\" content=\"2025-08-12T10:14:12+00:00\" \/>\n<meta property=\"og:image\" content=\"https:\/\/blog.holyart.it\/de\/wp-content\/uploads\/sites\/12\/2025\/08\/pier-giorgio-frassati.jpeg\" \/>\n\t<meta property=\"og:image:width\" content=\"1000\" \/>\n\t<meta property=\"og:image:height\" content=\"668\" \/>\n\t<meta property=\"og:image:type\" content=\"image\/jpeg\" \/>\n<meta name=\"author\" content=\"Redazione\" \/>\n<meta name=\"twitter:card\" content=\"summary_large_image\" \/>\n<meta name=\"twitter:label1\" content=\"Verfasst von\" \/>\n\t<meta name=\"twitter:data1\" content=\"Redazione\" \/>\n\t<meta name=\"twitter:label2\" content=\"Gesch\u00e4tzte Lesezeit\" \/>\n\t<meta name=\"twitter:data2\" content=\"12\u00a0Minuten\" \/>\n<script type=\"application\/ld+json\" class=\"yoast-schema-graph\">{\"@context\":\"https:\/\/schema.org\",\"@graph\":[{\"@type\":\"Article\",\"@id\":\"https:\/\/blog.holyart.it\/de\/heilige-und-selige\/vom-berg-zum-himmel-das-leben-und-die-botschaft-von-pier-giorgio-frassati\/#article\",\"isPartOf\":{\"@id\":\"https:\/\/blog.holyart.it\/de\/heilige-und-selige\/vom-berg-zum-himmel-das-leben-und-die-botschaft-von-pier-giorgio-frassati\/\"},\"author\":{\"name\":\"Redazione\",\"@id\":\"https:\/\/blog.holyart.it\/de\/#\/schema\/person\/0a7b686e5af0f856ec1e390dd0baecda\"},\"headline\":\"Vom Berg zum Himmel: Das Leben und die Botschaft von Pier Giorgio Frassati\",\"datePublished\":\"2025-08-11T08:00:19+00:00\",\"dateModified\":\"2025-08-12T10:14:12+00:00\",\"mainEntityOfPage\":{\"@id\":\"https:\/\/blog.holyart.it\/de\/heilige-und-selige\/vom-berg-zum-himmel-das-leben-und-die-botschaft-von-pier-giorgio-frassati\/\"},\"wordCount\":1923,\"publisher\":{\"@id\":\"https:\/\/blog.holyart.it\/de\/#organization\"},\"image\":{\"@id\":\"https:\/\/blog.holyart.it\/de\/heilige-und-selige\/vom-berg-zum-himmel-das-leben-und-die-botschaft-von-pier-giorgio-frassati\/#primaryimage\"},\"thumbnailUrl\":\"https:\/\/blog.holyart.it\/de\/wp-content\/uploads\/sites\/12\/2025\/08\/pier-giorgio-frassati.jpeg\",\"articleSection\":[\"Heilige und Selige\"],\"inLanguage\":\"de\"},{\"@type\":\"WebPage\",\"@id\":\"https:\/\/blog.holyart.it\/de\/heilige-und-selige\/vom-berg-zum-himmel-das-leben-und-die-botschaft-von-pier-giorgio-frassati\/\",\"url\":\"https:\/\/blog.holyart.it\/de\/heilige-und-selige\/vom-berg-zum-himmel-das-leben-und-die-botschaft-von-pier-giorgio-frassati\/\",\"name\":\"Vom Berg zum Himmel: Das Leben und die Botschaft von Pier Giorgio Frassati - Holyart.de Blog\",\"isPartOf\":{\"@id\":\"https:\/\/blog.holyart.it\/de\/#website\"},\"primaryImageOfPage\":{\"@id\":\"https:\/\/blog.holyart.it\/de\/heilige-und-selige\/vom-berg-zum-himmel-das-leben-und-die-botschaft-von-pier-giorgio-frassati\/#primaryimage\"},\"image\":{\"@id\":\"https:\/\/blog.holyart.it\/de\/heilige-und-selige\/vom-berg-zum-himmel-das-leben-und-die-botschaft-von-pier-giorgio-frassati\/#primaryimage\"},\"thumbnailUrl\":\"https:\/\/blog.holyart.it\/de\/wp-content\/uploads\/sites\/12\/2025\/08\/pier-giorgio-frassati.jpeg\",\"datePublished\":\"2025-08-11T08:00:19+00:00\",\"dateModified\":\"2025-08-12T10:14:12+00:00\",\"description\":\"Vom Berg zum Himmel: Leben, Liebe, Wunder und Heiligkeit von Pier Giorgio Frassati, dem jungen Seligen, der am 7. September 2025...\",\"breadcrumb\":{\"@id\":\"https:\/\/blog.holyart.it\/de\/heilige-und-selige\/vom-berg-zum-himmel-das-leben-und-die-botschaft-von-pier-giorgio-frassati\/#breadcrumb\"},\"inLanguage\":\"de\",\"potentialAction\":[{\"@type\":\"ReadAction\",\"target\":[\"https:\/\/blog.holyart.it\/de\/heilige-und-selige\/vom-berg-zum-himmel-das-leben-und-die-botschaft-von-pier-giorgio-frassati\/\"]}]},{\"@type\":\"ImageObject\",\"inLanguage\":\"de\",\"@id\":\"https:\/\/blog.holyart.it\/de\/heilige-und-selige\/vom-berg-zum-himmel-das-leben-und-die-botschaft-von-pier-giorgio-frassati\/#primaryimage\",\"url\":\"https:\/\/blog.holyart.it\/de\/wp-content\/uploads\/sites\/12\/2025\/08\/pier-giorgio-frassati.jpeg\",\"contentUrl\":\"https:\/\/blog.holyart.it\/de\/wp-content\/uploads\/sites\/12\/2025\/08\/pier-giorgio-frassati.jpeg\",\"width\":1000,\"height\":668,\"caption\":\"ROME, ITALY - AUGUST 27, 2021: The painting of St. Piergiorgio Frassati in the church Chiesa di Santa Lucia del Gonfalone by Carlo Bertocci from 20. cent.\"},{\"@type\":\"BreadcrumbList\",\"@id\":\"https:\/\/blog.holyart.it\/de\/heilige-und-selige\/vom-berg-zum-himmel-das-leben-und-die-botschaft-von-pier-giorgio-frassati\/#breadcrumb\",\"itemListElement\":[{\"@type\":\"ListItem\",\"position\":1,\"name\":\"Homepage\",\"item\":\"https:\/\/blog.holyart.it\/de\/\"},{\"@type\":\"ListItem\",\"position\":2,\"name\":\"Heilige und Selige\",\"item\":\"https:\/\/blog.holyart.it\/de\/heilige-und-selige\/\"},{\"@type\":\"ListItem\",\"position\":3,\"name\":\"Vom Berg zum Himmel: Das Leben und die Botschaft von Pier Giorgio Frassati\"}]},{\"@type\":\"WebSite\",\"@id\":\"https:\/\/blog.holyart.it\/de\/#website\",\"url\":\"https:\/\/blog.holyart.it\/de\/\",\"name\":\"Holyart.de Blog\",\"description\":\"Holyblog\",\"publisher\":{\"@id\":\"https:\/\/blog.holyart.it\/de\/#organization\"},\"potentialAction\":[{\"@type\":\"SearchAction\",\"target\":{\"@type\":\"EntryPoint\",\"urlTemplate\":\"https:\/\/blog.holyart.it\/de\/?s={search_term_string}\"},\"query-input\":{\"@type\":\"PropertyValueSpecification\",\"valueRequired\":true,\"valueName\":\"search_term_string\"}}],\"inLanguage\":\"de\"},{\"@type\":\"Organization\",\"@id\":\"https:\/\/blog.holyart.it\/de\/#organization\",\"name\":\"Holyart.de Blog\",\"url\":\"https:\/\/blog.holyart.it\/de\/\",\"logo\":{\"@type\":\"ImageObject\",\"inLanguage\":\"de\",\"@id\":\"https:\/\/blog.holyart.it\/de\/#\/schema\/logo\/image\/\",\"url\":\"https:\/\/blog.holyart.it\/de\/wp-content\/uploads\/sites\/12\/2022\/12\/Holyart_Blog_Logo.jpg\",\"contentUrl\":\"https:\/\/blog.holyart.it\/de\/wp-content\/uploads\/sites\/12\/2022\/12\/Holyart_Blog_Logo.jpg\",\"width\":300,\"height\":50,\"caption\":\"Holyart.de Blog\"},\"image\":{\"@id\":\"https:\/\/blog.holyart.it\/de\/#\/schema\/logo\/image\/\"}},{\"@type\":\"Person\",\"@id\":\"https:\/\/blog.holyart.it\/de\/#\/schema\/person\/0a7b686e5af0f856ec1e390dd0baecda\",\"name\":\"Redazione\",\"image\":{\"@type\":\"ImageObject\",\"inLanguage\":\"de\",\"@id\":\"https:\/\/blog.holyart.it\/de\/#\/schema\/person\/image\/\",\"url\":\"https:\/\/secure.gravatar.com\/avatar\/f477da817f43e50d0af36abecd33e3edf826c68299714bdc1057dff3b113f516?s=96&d=mm&r=g\",\"contentUrl\":\"https:\/\/secure.gravatar.com\/avatar\/f477da817f43e50d0af36abecd33e3edf826c68299714bdc1057dff3b113f516?s=96&d=mm&r=g\",\"caption\":\"Redazione\"}}]}<\/script>\n<!-- \/ Yoast SEO plugin. -->","yoast_head_json":{"title":"Vom Berg zum Himmel: Das Leben und die Botschaft von Pier Giorgio Frassati - Holyart.de Blog","description":"Vom Berg zum Himmel: Leben, Liebe, Wunder und Heiligkeit von Pier Giorgio Frassati, dem jungen Seligen, der am 7. September 2025...","robots":{"index":"index","follow":"follow","max-snippet":"max-snippet:-1","max-image-preview":"max-image-preview:large","max-video-preview":"max-video-preview:-1"},"canonical":"https:\/\/blog.holyart.it\/de\/heilige-und-selige\/vom-berg-zum-himmel-das-leben-und-die-botschaft-von-pier-giorgio-frassati\/","og_locale":"de_DE","og_type":"article","og_title":"Vom Berg zum Himmel: Das Leben und die Botschaft von Pier Giorgio Frassati - Holyart.de Blog","og_description":"Vom Berg zum Himmel: Leben, Liebe, Wunder und Heiligkeit von Pier Giorgio Frassati, dem jungen Seligen, der am 7. September 2025...","og_url":"https:\/\/blog.holyart.it\/de\/heilige-und-selige\/vom-berg-zum-himmel-das-leben-und-die-botschaft-von-pier-giorgio-frassati\/","og_site_name":"Holyart.de Blog","article_published_time":"2025-08-11T08:00:19+00:00","article_modified_time":"2025-08-12T10:14:12+00:00","og_image":[{"width":1000,"height":668,"url":"https:\/\/blog.holyart.it\/de\/wp-content\/uploads\/sites\/12\/2025\/08\/pier-giorgio-frassati.jpeg","type":"image\/jpeg"}],"author":"Redazione","twitter_card":"summary_large_image","twitter_misc":{"Verfasst von":"Redazione","Gesch\u00e4tzte Lesezeit":"12\u00a0Minuten"},"schema":{"@context":"https:\/\/schema.org","@graph":[{"@type":"Article","@id":"https:\/\/blog.holyart.it\/de\/heilige-und-selige\/vom-berg-zum-himmel-das-leben-und-die-botschaft-von-pier-giorgio-frassati\/#article","isPartOf":{"@id":"https:\/\/blog.holyart.it\/de\/heilige-und-selige\/vom-berg-zum-himmel-das-leben-und-die-botschaft-von-pier-giorgio-frassati\/"},"author":{"name":"Redazione","@id":"https:\/\/blog.holyart.it\/de\/#\/schema\/person\/0a7b686e5af0f856ec1e390dd0baecda"},"headline":"Vom Berg zum Himmel: Das Leben und die Botschaft von Pier Giorgio Frassati","datePublished":"2025-08-11T08:00:19+00:00","dateModified":"2025-08-12T10:14:12+00:00","mainEntityOfPage":{"@id":"https:\/\/blog.holyart.it\/de\/heilige-und-selige\/vom-berg-zum-himmel-das-leben-und-die-botschaft-von-pier-giorgio-frassati\/"},"wordCount":1923,"publisher":{"@id":"https:\/\/blog.holyart.it\/de\/#organization"},"image":{"@id":"https:\/\/blog.holyart.it\/de\/heilige-und-selige\/vom-berg-zum-himmel-das-leben-und-die-botschaft-von-pier-giorgio-frassati\/#primaryimage"},"thumbnailUrl":"https:\/\/blog.holyart.it\/de\/wp-content\/uploads\/sites\/12\/2025\/08\/pier-giorgio-frassati.jpeg","articleSection":["Heilige und Selige"],"inLanguage":"de"},{"@type":"WebPage","@id":"https:\/\/blog.holyart.it\/de\/heilige-und-selige\/vom-berg-zum-himmel-das-leben-und-die-botschaft-von-pier-giorgio-frassati\/","url":"https:\/\/blog.holyart.it\/de\/heilige-und-selige\/vom-berg-zum-himmel-das-leben-und-die-botschaft-von-pier-giorgio-frassati\/","name":"Vom Berg zum Himmel: Das Leben und die Botschaft von Pier Giorgio Frassati - Holyart.de Blog","isPartOf":{"@id":"https:\/\/blog.holyart.it\/de\/#website"},"primaryImageOfPage":{"@id":"https:\/\/blog.holyart.it\/de\/heilige-und-selige\/vom-berg-zum-himmel-das-leben-und-die-botschaft-von-pier-giorgio-frassati\/#primaryimage"},"image":{"@id":"https:\/\/blog.holyart.it\/de\/heilige-und-selige\/vom-berg-zum-himmel-das-leben-und-die-botschaft-von-pier-giorgio-frassati\/#primaryimage"},"thumbnailUrl":"https:\/\/blog.holyart.it\/de\/wp-content\/uploads\/sites\/12\/2025\/08\/pier-giorgio-frassati.jpeg","datePublished":"2025-08-11T08:00:19+00:00","dateModified":"2025-08-12T10:14:12+00:00","description":"Vom Berg zum Himmel: Leben, Liebe, Wunder und Heiligkeit von Pier Giorgio Frassati, dem jungen Seligen, der am 7. September 2025...","breadcrumb":{"@id":"https:\/\/blog.holyart.it\/de\/heilige-und-selige\/vom-berg-zum-himmel-das-leben-und-die-botschaft-von-pier-giorgio-frassati\/#breadcrumb"},"inLanguage":"de","potentialAction":[{"@type":"ReadAction","target":["https:\/\/blog.holyart.it\/de\/heilige-und-selige\/vom-berg-zum-himmel-das-leben-und-die-botschaft-von-pier-giorgio-frassati\/"]}]},{"@type":"ImageObject","inLanguage":"de","@id":"https:\/\/blog.holyart.it\/de\/heilige-und-selige\/vom-berg-zum-himmel-das-leben-und-die-botschaft-von-pier-giorgio-frassati\/#primaryimage","url":"https:\/\/blog.holyart.it\/de\/wp-content\/uploads\/sites\/12\/2025\/08\/pier-giorgio-frassati.jpeg","contentUrl":"https:\/\/blog.holyart.it\/de\/wp-content\/uploads\/sites\/12\/2025\/08\/pier-giorgio-frassati.jpeg","width":1000,"height":668,"caption":"ROME, ITALY - AUGUST 27, 2021: The painting of St. Piergiorgio Frassati in the church Chiesa di Santa Lucia del Gonfalone by Carlo Bertocci from 20. cent."},{"@type":"BreadcrumbList","@id":"https:\/\/blog.holyart.it\/de\/heilige-und-selige\/vom-berg-zum-himmel-das-leben-und-die-botschaft-von-pier-giorgio-frassati\/#breadcrumb","itemListElement":[{"@type":"ListItem","position":1,"name":"Homepage","item":"https:\/\/blog.holyart.it\/de\/"},{"@type":"ListItem","position":2,"name":"Heilige und Selige","item":"https:\/\/blog.holyart.it\/de\/heilige-und-selige\/"},{"@type":"ListItem","position":3,"name":"Vom Berg zum Himmel: Das Leben und die Botschaft von Pier Giorgio Frassati"}]},{"@type":"WebSite","@id":"https:\/\/blog.holyart.it\/de\/#website","url":"https:\/\/blog.holyart.it\/de\/","name":"Holyart.de Blog","description":"Holyblog","publisher":{"@id":"https:\/\/blog.holyart.it\/de\/#organization"},"potentialAction":[{"@type":"SearchAction","target":{"@type":"EntryPoint","urlTemplate":"https:\/\/blog.holyart.it\/de\/?s={search_term_string}"},"query-input":{"@type":"PropertyValueSpecification","valueRequired":true,"valueName":"search_term_string"}}],"inLanguage":"de"},{"@type":"Organization","@id":"https:\/\/blog.holyart.it\/de\/#organization","name":"Holyart.de Blog","url":"https:\/\/blog.holyart.it\/de\/","logo":{"@type":"ImageObject","inLanguage":"de","@id":"https:\/\/blog.holyart.it\/de\/#\/schema\/logo\/image\/","url":"https:\/\/blog.holyart.it\/de\/wp-content\/uploads\/sites\/12\/2022\/12\/Holyart_Blog_Logo.jpg","contentUrl":"https:\/\/blog.holyart.it\/de\/wp-content\/uploads\/sites\/12\/2022\/12\/Holyart_Blog_Logo.jpg","width":300,"height":50,"caption":"Holyart.de Blog"},"image":{"@id":"https:\/\/blog.holyart.it\/de\/#\/schema\/logo\/image\/"}},{"@type":"Person","@id":"https:\/\/blog.holyart.it\/de\/#\/schema\/person\/0a7b686e5af0f856ec1e390dd0baecda","name":"Redazione","image":{"@type":"ImageObject","inLanguage":"de","@id":"https:\/\/blog.holyart.it\/de\/#\/schema\/person\/image\/","url":"https:\/\/secure.gravatar.com\/avatar\/f477da817f43e50d0af36abecd33e3edf826c68299714bdc1057dff3b113f516?s=96&d=mm&r=g","contentUrl":"https:\/\/secure.gravatar.com\/avatar\/f477da817f43e50d0af36abecd33e3edf826c68299714bdc1057dff3b113f516?s=96&d=mm&r=g","caption":"Redazione"}}]}},"_links":{"self":[{"href":"https:\/\/blog.holyart.it\/de\/wp-json\/wp\/v2\/posts\/6552","targetHints":{"allow":["GET"]}}],"collection":[{"href":"https:\/\/blog.holyart.it\/de\/wp-json\/wp\/v2\/posts"}],"about":[{"href":"https:\/\/blog.holyart.it\/de\/wp-json\/wp\/v2\/types\/post"}],"author":[{"embeddable":true,"href":"https:\/\/blog.holyart.it\/de\/wp-json\/wp\/v2\/users\/1"}],"replies":[{"embeddable":true,"href":"https:\/\/blog.holyart.it\/de\/wp-json\/wp\/v2\/comments?post=6552"}],"version-history":[{"count":7,"href":"https:\/\/blog.holyart.it\/de\/wp-json\/wp\/v2\/posts\/6552\/revisions"}],"predecessor-version":[{"id":6568,"href":"https:\/\/blog.holyart.it\/de\/wp-json\/wp\/v2\/posts\/6552\/revisions\/6568"}],"wp:featuredmedia":[{"embeddable":true,"href":"https:\/\/blog.holyart.it\/de\/wp-json\/wp\/v2\/media\/6567"}],"wp:attachment":[{"href":"https:\/\/blog.holyart.it\/de\/wp-json\/wp\/v2\/media?parent=6552"}],"wp:term":[{"taxonomy":"category","embeddable":true,"href":"https:\/\/blog.holyart.it\/de\/wp-json\/wp\/v2\/categories?post=6552"},{"taxonomy":"post_tag","embeddable":true,"href":"https:\/\/blog.holyart.it\/de\/wp-json\/wp\/v2\/tags?post=6552"}],"curies":[{"name":"wp","href":"https:\/\/api.w.org\/{rel}","templated":true}]}}