{"id":6518,"date":"2025-08-06T15:00:13","date_gmt":"2025-08-06T13:00:13","guid":{"rendered":"https:\/\/blog.holyart.it\/de\/?p=6518"},"modified":"2026-04-22T15:45:16","modified_gmt":"2026-04-22T13:45:16","slug":"welcher-name-wird-von-den-paepsten-am-haeufigsten-gewaehlt","status":"publish","type":"post","link":"https:\/\/blog.holyart.it\/de\/devotionalien\/welcher-name-wird-von-den-paepsten-am-haeufigsten-gewaehlt\/","title":{"rendered":"Welcher Name wird von den P\u00e4psten am h\u00e4ufigsten gew\u00e4hlt?"},"content":{"rendered":"<h4>Welcher Name wird von den P\u00e4psten am h\u00e4ufigsten gew\u00e4hlt? Eine Reise durch die uralten Geheimnisse heiliger Namen<\/h4>\n\n<p>Es gibt eine Frage, die sich leise zwischen den Rissen der Geschichte einschleicht, wie ein Sonnenstrahl, der durch ein gotisches Buntglasfenster f\u00e4llt: <strong>Welcher Name wird von den P\u00e4psten am h\u00e4ufigsten gew\u00e4hlt?<\/strong><\/p>\n<p>Es ist nicht nur eine enzyklop\u00e4dische Kuriosit\u00e4t. Es ist ein Schl\u00fcssel, ein Zauberwort, das die <strong><a href=\"https:\/\/www.holyart.de\/blog\/devotionalien\/wie-wird-ein-papst-gewaehlt-die-rolle-des-konklaves-und-die-geheimnisse-des-ritus\/\">geheimen Tore einer langen Nacht der Vigil \u00f6ffnen kann<\/a>.<\/strong><\/p>\n<p>Wenn wir die Namen der P\u00e4pste fl\u00fcstern, beschw\u00f6ren wir eine stille Armee von M\u00e4nnern herauf, die an der Schwelle zwischen dem G\u00f6ttlichen und dem Irdischen wandelten. Sie sind H\u00fcter eines Mysteriums, so alt wie die menschliche Sehnsucht nach Erl\u00f6sung. Jeder Name ist ein Stern am Firmament der Erinnerung, jede Papstfolge eine Konstellation miteinander verwobener Schicksale.<\/p>\n<p>Die Liste der P\u00e4pste durchzugehen, bedeutet nicht, sie zu z\u00e4hlen, sondern dem Herzschlag zu lauschen, der nie aufgeh\u00f6rt hat: dem der Kirche in ihrem langen Traum aus Stein und Licht.<\/p>\n<p>Und in diesem Traum, zwischen lateinischen Stimmen und in Wachs geformten Profilen, entdecken wir, dass der beliebteste Name, der die Jahrhunderte wie eine Litanei durchquert hat, <strong>Johannes<\/strong> ist. Dreiundzwanzig Mal wurde er gew\u00e4hlt. Dreiundzwanzig L\u00e4uten auf der Glocke der Geschichte.<\/p>\n<div class=\"link-article\">\n<p><img loading=\"lazy\" decoding=\"async\" class=\"size-full wp-image-6524 alignleft\" src=\"https:\/\/blog.holyart.it\/de\/wp-content\/uploads\/sites\/12\/2025\/08\/Wie-wird-ein-Papst-gewaehlt-die-Rolle-des-Konklaves-und-die-Geheimnisse-des-Ritus.jpg\" alt=\"Wie wird ein Papst gewaehlt die Rolle des Konklaves und die Geheimnisse des Ritus\" width=\"150\" height=\"99\" data-kale-share-title=\"Welcher Name wird von den P\u00e4psten am h\u00e4ufigsten gew\u00e4hlt?\" data-kale-share-url=\"https:\/\/blog.holyart.it\/de\/?p=6518\" \/><\/p>\n<div class=\"leggi-anche\">Lesen Sie auch:<\/div>\n<p><strong><a href=\"https:\/\/www.holyart.de\/blog\/devotionalien\/wie-wird-ein-papst-gewaehlt-die-rolle-des-konklaves-und-die-geheimnisse-des-ritus\/\">Wie wird ein Papst gew\u00e4hlt: die Rolle des Konklaves und die Geheimnisse des Ritus<\/a><\/strong><br \/>\nWie ein Papst gew\u00e4hlt wird. Geschichte, Tradition und Geheimnis\u2026<\/p>\n<\/div>\n<h2>Die Namen, die die Legende der P\u00e4pste schrieben<\/h2>\n<p>Hier wird die Frage \u201eWelcher Name wurde von den P\u00e4psten am h\u00e4ufigsten gew\u00e4hlt?\u201c zu einem Gebet, einem Echo, einer Geschichte, die niemals endet. Denn hinter jedem Namen verbirgt sich eine Geschichte, hinter jeder Geschichte das zarte und leidenschaftliche Geheimnis von M\u00e4nnern, die dazu berufen waren, eine Br\u00fccke zwischen Himmel und Erde zu schlagen. Und selbst heute, wenn man unter all den P\u00e4psten der Geschichte sucht und die Nachfolge wie ein Wahrsager abtastet, findet man ihn: <strong>Johannes<\/strong>. Er ist der beliebteste Name, der von Jahrhundert zu Jahrhundert weiterlebt wie ein Versprechen, das nie verblasst.<\/p>\n<h3>Johannes<\/h3>\n<p>Dreiundzwanzig P\u00e4pste haben diesen Namen gew\u00e4hlt, und jeder von ihnen scheint im Moment seiner Wahl ein unsichtbares Zeugnis in sich getragen zu haben, das zweitausend Jahre lang von Hand zu Hand weitergegeben wurde. Johannes ist der Name, der wie ein Versprechen von Wiedergeburt, Barmherzigkeit und Hoffnung klingt. Es ist der Name des Evangelisten, der in der Stille des Exils von Licht und Dunkelheit schrieb, des T\u00e4ufers, der in der W\u00fcste rief und den Weg bereitete, des <a href=\"https:\/\/www.holyart.de\/blog\/devotionalien\/der-geliebte-juenger-wer-war-der-geliebte-juenger-jesu\/\"><strong>geliebten Apostels<\/strong><\/a>, der Kreuz und Auferstehung miterlebte.<\/p>\n<div class=\"link-article\">\n<p><img loading=\"lazy\" decoding=\"async\" class=\"size-full wp-image-6530 alignleft\" src=\"https:\/\/blog.holyart.it\/de\/wp-content\/uploads\/sites\/12\/2025\/08\/Der-geliebte-Juenger-1-1.jpeg\" alt=\"Der geliebte Juenger \" width=\"150\" height=\"99\" data-kale-share-title=\"Welcher Name wird von den P\u00e4psten am h\u00e4ufigsten gew\u00e4hlt?\" data-kale-share-url=\"https:\/\/blog.holyart.it\/de\/?p=6518\" \/><\/p>\n<div class=\"leggi-anche\">Lesen Sie auch:<\/div>\n<p><strong><a href=\"https:\/\/www.holyart.de\/blog\/devotionalien\/der-geliebte-juenger-wer-war-der-geliebte-juenger-jesu\/\">Der geliebte J\u00fcnger: Wer war der \u201egeliebte\u201c J\u00fcnger Jesu?<\/a><\/strong><br \/>\nJohannes, der geliebte J\u00fcnger von Jesus. Als Fischer, wie seine Br\u00fcder Simon Petrus und Andreas, hatte er eine besondere Beziehung\u2026<\/p>\n<\/div>\n<p>Die Wahl Johannes war nie nur eine Geste der Demut, sondern ein Akt des Vertrauens: Wer ihn auf seinen Schultern tr\u00e4gt, spiegelt die Fragen und Erwartungen der gesamten Kirche wider. Jeder Johannes musste sich mit der Last der Tradition und der Herausforderung des Wandels auseinandersetzen. Johannes XXIII., der gute Papst, verstand es, die Fenster des Vatikans zu \u00f6ffnen und den Wind eines neuen Konzils hereinzulassen. Johannes Paul I. verband den Namen mit dem seines Vorg\u00e4ngers und schlug so eine Br\u00fccke zwischen Vergangenheit und Zukunft, w\u00e4hrend <strong><a href=\"https:\/\/www.holyart.de\/besondere-anlasse\/johannes-paul-ii\">Johannes Paul II<\/a><\/strong>. diesen Doppelnamen bis an die Enden der Welt trug. Johannes ist ein Name, der sich jedes Mal erneuert, wenn er ausgesprochen wird, wie eine geheime Quelle, aus der die Kirche Kraft, Mitgef\u00fchl und K\u00fchnheit sch\u00f6pft. Es ist der Name der Umarmung, der Obhut, der Treue zu dem, was nie vergeht: der Hoffnung, dass die Geschichte trotz allem immer noch zu Staunen und Barmherzigkeit f\u00e4hig ist.<\/p>\n<div class=\"link-product\">\n<div class=\"blocco-immagine\"><img loading=\"lazy\" decoding=\"async\" class=\"size-full wp-image-6532 alignleft\" src=\"https:\/\/blog.holyart.it\/de\/wp-content\/uploads\/sites\/12\/2025\/08\/heiligenbildchen-johannes-paul-ii.-im-gebet.jpg\" alt=\"heiligenbildchen johannes paul ii. im gebet\" width=\"100\" height=\"100\" data-kale-share-title=\"Welcher Name wird von den P\u00e4psten am h\u00e4ufigsten gew\u00e4hlt?\" data-kale-share-url=\"https:\/\/blog.holyart.it\/de\/?p=6518\" \/><\/div>\n<div class=\"blocco-contenuto\">\n<div class=\"blocco-acquista\">Einkaufen:<\/div>\n<div class=\"blocco-titolo\"><a href=\"https:\/\/www.holyart.de\/besondere-anlasse\/johannes-paul-ii\">Johannes Paul II<\/a><\/div>\n<div class=\"blocco-descrizione\">Johannes Paul II.: Anl\u00e4sslich seiner Seligsprechung haben wir eine Produktkategorie geschaffen&#8230;<\/div>\n<\/div>\n<\/div>\n<h3>Gregor<\/h3>\n<p>Ein Name, der wie eine Glocke im Morgengrauen erklingt: Sechzehn P\u00e4pste haben den Mantel Gregors getragen. Er tr\u00e4gt das Echo des heiligen <strong><a href=\"https:\/\/www.holyart.de\/blog\/heilige-und-selige\/der-heilige-gregor-der-grosse-papst-und-kirchenlehrer\/\">Gregor des Gro\u00dfen<\/a><\/strong> in sich, des Papstes, der die Kirche im finsteren Mittelalter zum Kompass machte, des Mannes, der die Musik des Heiligen, die Herrschaft und die Diplomatie als Kunst erfand. Die Wahl Gregors bedeutet, sich f\u00fcr die tiefe Klangfarbe geistlicher Autorit\u00e4t zu entscheiden, f\u00fcr die Geduld der Seeleng\u00e4rtner.<\/p>\n<div class=\"link-article\">\n<p><img loading=\"lazy\" decoding=\"async\" class=\"size-full wp-image-6534 alignleft\" src=\"https:\/\/blog.holyart.it\/de\/wp-content\/uploads\/sites\/12\/2025\/08\/Der-heilige-Gregor-der-Grobe.jpeg\" alt=\"Der heilige Gregor der Grobe\" width=\"150\" height=\"99\" data-kale-share-title=\"Welcher Name wird von den P\u00e4psten am h\u00e4ufigsten gew\u00e4hlt?\" data-kale-share-url=\"https:\/\/blog.holyart.it\/de\/?p=6518\" \/><\/p>\n<div class=\"leggi-anche\">Lesen Sie auch:<\/div>\n<p><strong><a href=\"https:\/\/www.holyart.de\/blog\/heilige-und-selige\/der-heilige-gregor-der-grosse-papst-und-kirchenlehrer\/\">Der heilige Gregor der Gro\u00dfe, Papst und Kirchenlehrer<\/a><\/strong><br \/>\nDer heilige Gregor der Gro\u00dfe, \u201eder Konsul Gottes\u201c, wird als Heiliger und Kirchenlehrer verehrt\u2026<\/p>\n<\/div>\n<h3>Benedikt<\/h3>\n<p>Sechszehn P\u00e4pste, und schon wirkt der Name wie ein Gebet: Benedikt, der Selige, der zum Frieden der Kl\u00f6ster und zum Eifer der Reform berufen ist. Benedikt XVI., der sanftm\u00fctige Theologe, vertraut sich dem Schatten des <strong><a href=\"https:\/\/www.holyart.de\/blog\/heilige-und-selige\/hheiligen-benedikts-aus-nursia\/\">heiligen Benedikt von Nursia<\/a><\/strong>, dem Schutzpatron Europas, an, doch der Name erinnert auch an alte \u00c4bte, H\u00fcter der Herrschaft und des Schweigens.<\/p>\n<h3>Leo<\/h3>\n<p>Vierzehn Mal hat in der langen Nacht der Geschichte ein Papst den Namen Leo gew\u00e4hlt. <strong><a href=\"https:\/\/www.holyart.de\/blog\/devotionalien\/papst-leo-xiv-alles-was-sie-ueber-den-neuen-papst-wissen-muessen\/\">Das letzte Mal erst vor wenigen Monaten<\/a><\/strong>. Es ist das Br\u00fcllen der Kirche, das die M\u00e4chtigen nicht f\u00fcrchtet, die Kraft, die die Hunnen vor den Toren Roms aufh\u00e4lt, der Mut, der den Jahrhunderten des Eisens widersteht. Leo ist der Name von F\u00fchrern und Friedensstiftern, Diplomaten und Heiligen, von denen, die in der Lage waren, die Drachen der Geschichte herauszufordern und standhaft zu bleiben.<\/p>\n<div class=\"link-article\">\n<p><img loading=\"lazy\" decoding=\"async\" class=\"size-full wp-image-6536 alignleft\" src=\"https:\/\/blog.holyart.it\/de\/wp-content\/uploads\/sites\/12\/2025\/08\/Leone-XIV-1.jpg\" alt=\"Leone XIV\" width=\"150\" height=\"99\" data-kale-share-title=\"Welcher Name wird von den P\u00e4psten am h\u00e4ufigsten gew\u00e4hlt?\" data-kale-share-url=\"https:\/\/blog.holyart.it\/de\/?p=6518\" \/><\/p>\n<div class=\"leggi-anche\">Lesen Sie auch:<\/div>\n<p><strong><a href=\"https:\/\/www.holyart.de\/blog\/devotionalien\/papst-leo-xiv-alles-was-sie-ueber-den-neuen-papst-wissen-muessen\/\">Papst Leo XIV.: Alles, was Sie \u00fcber den neuen Papst wissen m\u00fcssen<\/a><\/strong><br \/>\nPapst Leo XIV.: das neue Gesicht der katholischen Kirche im\u2026<\/p>\n<\/div>\n<h3>Clemens<\/h3>\n<p>Vierzehn P\u00e4pste haben den Namen Clemens angenommen, die Sanftmut, die sich in Autorit\u00e4t kleidet. Es ist der Name der Vergebung, der Milde, die Knoten l\u00f6st und Konflikte heilt. Clemens tr\u00e4gt die Erinnerung an diejenigen in sich, die die ausgestreckte Hand statt des Schwertes w\u00e4hlten, das Wort, das beruhigt, statt zu spalten.<\/p>\n<h3>Innozenz<\/h3>\n<p>Dreizehn P\u00e4pste hie\u00dfen Innozenz: Ein fast paradoxer Name, vielleicht gew\u00e4hlt als Talisman in einer Welt voller Schuld und Verantwortung. Die P\u00e4pste mit dem Namen Innozenz waren mal stark wie K\u00f6nige, mal schwach wie L\u00e4mmer. Manche haben die Geschichte mit Gesten der Gr\u00f6\u00dfe gepr\u00e4gt, andere mit schweren Schatten, doch alle trugen die Last eines Namens auf der Stirn, der Reinheit und Gerechtigkeit beschw\u00f6rt.<\/p>\n<h3>Pius<\/h3>\n<p>Zw\u00f6lf P\u00e4pste trugen den Namen Pius. Ein Name, der nach Hingabe, Gebet und Treue zu den Wurzeln riecht. Die Pius waren oft Reformer, Grenzg\u00e4nger, F\u00e4hrm\u00e4nner in den turbulentesten Jahrhunderten. Unter ihnen Pius XII., Pontifex des Zweiten Weltkriegs, und Pius IX., der Papst des Dogmas und des Exils.<\/p>\n<p>Diese Namen \u2013 Gregor, Benedikt, Leo, Clemens, Innozenz, Pius \u2013 sind nicht nur Bezeichnungen in einer Liste, sondern Archetypen.<\/p>\n<p>Sie sind Br\u00fccken zwischen Himmel und Erde, Antworten auf die Angst und den Wunsch der Menschen, zumindest f\u00fcr einen Augenblick H\u00fcter des Mysteriums und Meister ihrer eigenen Geschichte zu sein. Jedes Mal, wenn ein neuer Pontifex einen dieser Namen w\u00e4hlt, z\u00fcndet er in der Nacht eine Kerze an und lauscht der Vergangenheit, bereit, die Zukunft ausgehend von einem heiligen Wort neu zu schreiben.<\/p>\n<h2>Die Namen der ersten P\u00e4pste in der Geschichte<\/h2>\n<p>Am Anfang war die gestampfte Erde, die Katakomben, die Fackeln, die in den H\u00e4nden verfolgter M\u00e4nner und Frauen zitterten.<\/p>\n<p><strong>Die ersten P\u00e4pste<\/strong> hatten weder Throne noch Macht: Sie trugen kurze, schlichte, essenzielle Namen, wie der Glaube, der sie st\u00fctzte. <a href=\"https:\/\/www.holyart.de\/blog\/heilige-und-selige\/das-grab-des-heiligen-petrus-und-seine-unglaubliche-entdeckung\/\"><strong>Petrus<\/strong><\/a>, der Fischer, der Fels, die Schwelle zwischen zwei Welten. Und dann Linus, Cletus, Clemens: Namen, die wie Wassertropfen wirken, die in der Nacht gesammelt und wie Reliquien in Stille bewahrt werden.<\/p>\n<p>Es war noch nicht \u00fcblich, seinen Namen zu \u00e4ndern: Die P\u00e4pste in der Geschichte trugen in jenen Jahrhunderten ihren Taufnamen mit sich wie eine Kindheitswunde, wie ein Versprechen. Die Liste der urspr\u00fcnglichen P\u00e4pste gleicht eher einer Gruppe von Br\u00fcdern als einer Parade von Monarchen: Niemand h\u00e4tte es in den ersten tausend Jahren gewagt, sich Petrus II. zu nennen. Es war ein zu heiliger Name, ein zu hoher Gipfel.<\/p>\n<div class=\"link-article\">\n<p><img loading=\"lazy\" decoding=\"async\" class=\"size-full wp-image-6538 alignleft\" src=\"https:\/\/blog.holyart.it\/de\/wp-content\/uploads\/sites\/12\/2025\/08\/Das-Grab-des-heiligen-Petrus.jpeg\" alt=\"Basilica of St. Peter. Vatican City\" width=\"150\" height=\"100\" data-kale-share-title=\"Welcher Name wird von den P\u00e4psten am h\u00e4ufigsten gew\u00e4hlt?\" data-kale-share-url=\"https:\/\/blog.holyart.it\/de\/?p=6518\" \/><\/p>\n<div class=\"leggi-anche\">Lesen Sie auch:<\/div>\n<p><strong><a href=\"https:\/\/www.holyart.de\/blog\/heilige-und-selige\/das-grab-des-heiligen-petrus-und-seine-unglaubliche-entdeckung\/\">Das Grab des heiligen Petrus und seine unglaubliche Entdeckung<\/a><\/strong><br \/>\nDas Grab des heiligen Petrus in Rom gilt seit jeher als einer\u2026<\/p>\n<\/div>\n<p>Das Ritual der Namens\u00e4nderung ist eine \u201emoderne\u201c Erfindung, geboren aus dem Schwindelgef\u00fchl, mehr als nur ein Mensch geworden zu sein.<\/p>\n<p>Der erste, der die stille, aber revolution\u00e4re Geste der Namens\u00e4nderung vollzog, war <strong>Johannes II.<\/strong>, der 533 den p\u00e4pstlichen Thron bestieg. Er wurde mit einem Namen voller heidnischer Ankl\u00e4nge geboren: Merkur, ein Name, der nach alten Tempeln und vergessenen Gottheiten klang. Doch im Moment seiner Wahl sp\u00fcrte er die Last dieses Namens auf seinen Schultern und beschloss, ihn wie ein altmodisches Kleidungsst\u00fcck hinter sich zu lassen. Es sei unw\u00fcrdig, dachte er, dass der Hirte der Christen den Namen eines heidnischen Gottes trage. Also w\u00e4hlte er Johannes, einen reinen Namen, der bereits in den Evangelien als Echo von Prophezeiung und Verhei\u00dfung widerhallte.<\/p>\n<p>Diese Geste, geboren aus einer Frage des Glaubens und der Gelegenheit, blieb jahrhundertelang eine Ausnahme. Erst sp\u00e4ter, am Ende des ersten Jahrtausends, festigte sich diese Praxis: Mit <strong>Gregor V.<\/strong> (996\u2013999), der den barbarischen Namen Bruno trug, wurde die Namens\u00e4nderung zu einem fast rituellen Akt, einer Br\u00fccke zwischen der menschlichen Vergangenheit und der neuen g\u00f6ttlichen Mission.<\/p>\n<p>Johannes II. war also nicht der erste Papst, der einen neuen Namen erhielt, aber er war der erste, der diese Wahl aus tief mit dem Glauben und der symbolischen Bedeutung des Namens verbundenen Gr\u00fcnden traf. Von diesem Moment an wurde jeder vom Nachfolger Petri gew\u00e4hlte Name nicht nur zu einer Identit\u00e4t, sondern auch zu einer Absichtserkl\u00e4rung und spirituellen Vision.<\/p>\n<h2>Wie viele P\u00e4pste gab es?<\/h2>\n<p>Wie viele P\u00e4pste gab es? Es klingt wie eine Frage aus dem Schulregister, doch es ist ein Abgrund. Auf der Liste der P\u00e4pste \u2013 der offiziellen, der der schlaflosen N\u00e4chte in den vatikanischen Pal\u00e4sten \u2013 reihen sich <strong>266<\/strong> Namen ein. Doch in Wirklichkeit sind es viel mehr oder vielleicht auch viel weniger: Es gibt Gegenp\u00e4pste, Geister, Doppelg\u00e4nger, falsche, vergessene.<\/p>\n<p>Die Abfolge der P\u00e4pste ist ein Tanz aus Schatten und Licht, unterbrochen von Schismen, Kriegen, Wundern und Verrat.<\/p>\n<p>Es gab eine Zeit, das Mittelalter, in der die Welt drei P\u00e4pste gegeneinander k\u00e4mpfte, als w\u00e4re die Kirche eine von zu vielen Pr\u00e4tendenten belagerte Burg. Andere Male blieb der Thron leer, schwebte in der Leere zwischen zwei Pontifikaten, wie ein Herz, das f\u00fcr einen Augenblick aufh\u00f6rt zu schlagen.<\/p>\n<p>Doch <a href=\"https:\/\/www.holyart.de\/blog\/devotionalien\/was-passiert-wenn-ein-papst-stirbt-alle-etappen-vom-tod-bis-zur-wahl-eines-nachfolger\/\"><strong>das wahre Wunder ist die Kontinuit\u00e4t<\/strong><\/a>: Durch Katastrophen, Seuchen, niedergebrannte Reiche und wiederaufgebaute St\u00e4dte haben die P\u00e4pste der Geschichte ihre Spuren hinterlassen. Eine Spur von Kerzen, entz\u00fcndet im Sturm. In dieser langen Prozession ist jeder gew\u00e4hlte Name \u2013 Leo, Pius, Gregor, Innozenz \u2013 ein Banner, das im Staub der Zeit verwurzelt ist.<\/p>\n<p>Die Frage, wie viele P\u00e4pste es gegeben hat, ist letztlich die Frage, wie viele M\u00e4nner es gewagt haben, die Last des Himmels auf ihren Schultern zu tragen. Und wie viele stattdessen nur die Schwelle gestreift haben und ihren Namen zwischen Erinnerung und Vergessen schweben lassen.<\/p>\n<p>Jeder neue Name in der Liste der P\u00e4pste ist ein in eine Marmorplatte eingraviertes Wort, aber auch ein Hauch, der durch die Kirchenschiffe str\u00f6mt, eine Liebkosung auf der Stirn der Geschichte.<\/p>\n<p>Die Tradition biegt sich, verwandelt sich, erneuert sich: Die P\u00e4pste der Geschichte sind Pilger und W\u00e4chter, F\u00e4hrm\u00e4nner der Seelen auf st\u00fcrmischer See.<\/p>\n<div class=\"link-article\">\n<p><img loading=\"lazy\" decoding=\"async\" class=\"size-full wp-image-6540 alignleft\" src=\"https:\/\/blog.holyart.it\/de\/wp-content\/uploads\/sites\/12\/2025\/08\/balkon-konklave-vatikan-\u2013-Kopie.jpg\" alt=\"balkon konklave vatikan Kopie\" width=\"150\" height=\"99\" data-kale-share-title=\"Welcher Name wird von den P\u00e4psten am h\u00e4ufigsten gew\u00e4hlt?\" data-kale-share-url=\"https:\/\/blog.holyart.it\/de\/?p=6518\" \/><\/p>\n<div class=\"leggi-anche\">Lesen Sie auch:<\/div>\n<p><strong><a href=\"https:\/\/www.holyart.de\/blog\/devotionalien\/was-passiert-wenn-ein-papst-stirbt-alle-etappen-vom-tod-bis-zur-wahl-eines-nachfolger\/\">Was passiert, wenn ein Papst stirbt: alle Etappen vom Tod bis zur Wahl eines Nachfolger<\/a><\/strong><br \/>\nTod eines Papstes: Was passiert wirklich zwischen dem Tod\u2026<\/p>\n<\/div>\n<h2>Namen der P\u00e4pste von 1900 bis heute<\/h2>\n<p>Das 20. Jahrhundert, ein schnelles und schreckliches Jahrhundert, hat die Kirche durch St\u00fcrme aus Feuer und Eis gehen sehen. Die Namen der P\u00e4pste von 1900 bis heute sind Spiegel einer sich ver\u00e4ndernden Welt, aber auch Wurzeln, die hartn\u00e4ckig am Fels haften.<\/p>\n<p><strong>Leo XIII.<\/strong> (1878\u20131903) war der Papst, der das Jahrhundert mit einem k\u00f6niglichen Namen und einer Vision der Vers\u00f6hnung zwischen Glauben und Moderne er\u00f6ffnete. Dichter, Philosoph und Vater der Soziallehre der Kirche: Mit <em>Rerum Novarum<\/em> brachte er die Stimme der Arbeiter in die Gebete des Vatikans.<\/p>\n<p>Dann, in der Nacht der <strong>Weltkriege<\/strong>, marschieren vier Namen auf, die wie R\u00fcstungen klingen und als Schilde gegen das Chaos dienten.<\/p>\n<p><strong>Pius X.<\/strong> (1903\u20131914), ein Venezianer mit klarem Blick und der rauen Stimme des Volkes, war der Papst der Einfachheit, der liturgischen Reformen und der <a href=\"https:\/\/www.holyart.de\/besondere-anlasse\/erstkommunion\"><strong>Erstkommunion f\u00fcr Kinder<\/strong><\/a>. Sein entwaffnender Glaube machte ihn zu einem Heiligen unter seinem eigenen Volk, selbst in den unruhigen Zeiten, die Krieg ank\u00fcndigten.<\/p>\n<p><strong>Benedikt XV.<\/strong> (1914\u20131922) war der Papst des Schmerzes und des verweigerten Friedens. W\u00e4hrend des Ersten Weltkriegs erhob er seine ungeh\u00f6rte Stimme gegen den Wahnsinn der Kanonen. Er war ein Pontifex des Mitgef\u00fchls und der Diplomatie, bekannt als \u201e<em>Benedikt des Friedens<\/em>\u201c.<\/p>\n<p><strong>Pius XI.<\/strong> (1922\u20131939), ein lombardischer Bergsteiger, ein Mann der Strenge und der Vision. Er unterzeichnete die Lateranvertr\u00e4ge und verband so den italienischen Staat und die Kirche wieder. In einem Europa am Rande des Abgrunds war er ein Verteidiger der geistigen Freiheit gegen den aufkeimenden Totalitarismus.<\/p>\n<p><strong>Pius XII.<\/strong> (1939\u20131958), der Papst mit r\u00f6mischer Eleganz und eisernem Geist: Gew\u00e4hlt w\u00e4hrend des Zweiten Weltkriegs, durchlebte er heftige St\u00fcrme und Unklarheiten. Stille Diplomatie und unabl\u00e4ssiges Gebet waren Wahrzeichen seines Pontifikats, gepr\u00e4gt von Angst und Hoffnung.<\/p>\n<p>Dann folgte eine sanfte Revolution durch <strong>Johannes XXIII.<\/strong> (1958\u20131963), den \u201e<em>guten Papst<\/em>\u201c. Mit seinem entwaffnenden L\u00e4cheln \u00f6ffnete er mit dem Zweiten Vatikanischen Konzil die Fenster der Kirche wieder und brachte frischen Wind, Dialog und Barmherzigkeit. Sein Name Johannes erstrahlte nach Jahrhunderten der Abwesenheit wieder.<\/p>\n<div class=\"link-product\">\n<div class=\"blocco-immagine\"><img loading=\"lazy\" decoding=\"async\" class=\"size-full wp-image-6544 alignleft\" src=\"https:\/\/blog.holyart.it\/de\/wp-content\/uploads\/sites\/12\/2025\/08\/erstkommunion-set-albe-kreuz-und-zingulum-modell-classico-marke-in-primis.jpg\" alt=\"erstkommunion set albe kreuz und zingulum modell classico marke in primis\" width=\"100\" height=\"100\" data-kale-share-title=\"Welcher Name wird von den P\u00e4psten am h\u00e4ufigsten gew\u00e4hlt?\" data-kale-share-url=\"https:\/\/blog.holyart.it\/de\/?p=6518\" \/><\/div>\n<div class=\"blocco-contenuto\">\n<div class=\"blocco-acquista\">Einkaufen:<\/div>\n<div class=\"blocco-titolo\"><a href=\"https:\/\/www.holyart.de\/besondere-anlasse\/erstkommunion\">Erstkommunion<\/a><\/div>\n<div class=\"blocco-descrizione\">Erstkommunion: Diese Produktkategorie widmet sich ausschlie\u00dflich dem Fest der Erstkommunion&#8230;.<\/div>\n<\/div>\n<\/div>\n<p>Nach ihm nahm <strong>Paul VI.<\/strong> (1963\u20131978) den Pilgerstab und trug ihn \u00fcber die Grenzen der Antike hinaus in die entlegensten Winkel der Erde. Als rastloser, kultivierter und einsamer Reisender \u2013 er war der erste Papst, der mit dem Flugzeug reiste \u2013 durchquerte er die Welt, um die Menschheit zu umarmen und die Kirche vor die Mauern zu tragen. Er fungierte als F\u00e4hrmann in Zeiten des Protests und des Wandels.<\/p>\n<p><strong>Johannes Paul I.<\/strong> (1978) \u2013 33 Tage pures Licht. Er war der \u201ePapst des L\u00e4chelns\u201c. Zum ersten Mal verschmolzen zwei Namen zu einem, wie eine Umarmung zwischen Tradition und Neuheit. Sein sehr kurzes Pontifikat bleibt ein sanfter Meteor in der Geschichte der P\u00e4pste Roms.<\/p>\n<p><strong>Johannes Paul II.<\/strong> (1978\u20132005) war der Riese aus dem Osten, ein Athlet des Geistes und der Geschichte. Er riss Mauern nieder, bereiste alle L\u00e4nder und ver\u00e4nderte die Wahrnehmung des Papsttums grundlegend. Sein Name ist zum Symbol der Hoffnung, der Freiheit und des Kampfes gegen die Angst geworden.<\/p>\n<p><strong>Benedikt XVI.<\/strong> (2005\u20132013) war ein Theologe der Sanftmut, ein H\u00fcter des Glaubens und der Vernunft. Als erster Papst seit Jahrhunderten, der auf den Thron verzichtete, hinterlie\u00df er eine Spur von Tiefe und Demut in einer zunehmend verlorenen Welt.<\/p>\n<p><a href=\"https:\/\/www.holyart.de\/blog\/besondere-anlassen\/wie-papst-franziskus-die-kirche-waehrend-seines-pontifikats-veraendert-hat\/\"><strong>Franziskus (2013\u20132025)<\/strong><\/a> war der sanfte Revolution\u00e4r, der als Erster den Namen des armen Mannes von Assisi trug. Er gab den Geringsten eine Stimme und richtete den Fokus auf die universelle Br\u00fcderlichkeit, wobei er einen einfachen und direkten, fast prophetischen Stil w\u00e4hlte.<\/p>\n<p><strong>Leo XIV.<\/strong> (2025\u2013): Eine noch zu schreibende Geschichte&#8230;<\/p>\n<div class=\"link-article\">\n<p><img loading=\"lazy\" decoding=\"async\" class=\"size-full wp-image-6546 alignleft\" src=\"https:\/\/blog.holyart.it\/de\/wp-content\/uploads\/sites\/12\/2025\/08\/Holyart_Blog_PapaFrancesco_de.jpg\" alt=\"Papa Francesco \" width=\"150\" height=\"99\" data-kale-share-title=\"Welcher Name wird von den P\u00e4psten am h\u00e4ufigsten gew\u00e4hlt?\" data-kale-share-url=\"https:\/\/blog.holyart.it\/de\/?p=6518\" \/><\/p>\n<div class=\"leggi-anche\">Lesen Sie auch:<\/div>\n<p><strong><a href=\"https:\/\/www.holyart.de\/blog\/besondere-anlassen\/wie-papst-franziskus-die-kirche-waehrend-seines-pontifikats-veraendert-hat\/\">Wie Papst Franziskus die Kirche w\u00e4hrend seines Pontifikats ver\u00e4ndert hat<\/a><\/strong><br \/>\nWas hat Papst Franziskus getan, das wichtig ist? Sein Pontifikat\u2026<\/p>\n<\/div>\n","protected":false},"excerpt":{"rendered":"<p>Welcher Name wird von den P\u00e4psten am h\u00e4ufigsten gew\u00e4hlt? Eine Reise durch die uralten Geheimnisse heiliger Namen Es gibt eine Frage, die sich leise zwischen den Rissen der Geschichte einschleicht, wie ein Sonnenstrahl, der durch ein gotisches Buntglasfenster f\u00e4llt: Welcher Name wird von den P\u00e4psten&hellip;<\/p>\n","protected":false},"author":1,"featured_media":6520,"comment_status":"closed","ping_status":"open","sticky":false,"template":"","format":"standard","meta":{"_acf_changed":false,"footnotes":""},"categories":[10],"tags":[],"class_list":["post-6518","post","type-post","status-publish","format-standard","has-post-thumbnail","hentry","category-devotionalien"],"acf":[],"yoast_head":"<!-- This site is optimized with the Yoast SEO plugin v26.6 - https:\/\/yoast.com\/wordpress\/plugins\/seo\/ -->\n<title>Welcher Name wird von den P\u00e4psten am h\u00e4ufigsten gew\u00e4hlt? - Holyart.de Blog<\/title>\n<meta name=\"description\" content=\"Welcher Name wird von P\u00e4psten am h\u00e4ufigsten gew\u00e4hlt? Entdecken wir die Geschichte, Bedeutung und Rangfolge der am h\u00e4ufigsten gew\u00e4hlten Namen\" \/>\n<meta name=\"robots\" content=\"index, follow, max-snippet:-1, max-image-preview:large, max-video-preview:-1\" \/>\n<link rel=\"canonical\" href=\"https:\/\/blog.holyart.it\/de\/devotionalien\/welcher-name-wird-von-den-paepsten-am-haeufigsten-gewaehlt\/\" \/>\n<meta property=\"og:locale\" content=\"de_DE\" \/>\n<meta property=\"og:type\" content=\"article\" \/>\n<meta property=\"og:title\" content=\"Welcher Name wird von den P\u00e4psten am h\u00e4ufigsten gew\u00e4hlt? - Holyart.de Blog\" \/>\n<meta property=\"og:description\" content=\"Welcher Name wird von P\u00e4psten am h\u00e4ufigsten gew\u00e4hlt? Entdecken wir die Geschichte, Bedeutung und Rangfolge der am h\u00e4ufigsten gew\u00e4hlten Namen\" \/>\n<meta property=\"og:url\" content=\"https:\/\/blog.holyart.it\/de\/devotionalien\/welcher-name-wird-von-den-paepsten-am-haeufigsten-gewaehlt\/\" \/>\n<meta property=\"og:site_name\" content=\"Holyart.de Blog\" \/>\n<meta property=\"article:published_time\" content=\"2025-08-06T13:00:13+00:00\" \/>\n<meta property=\"article:modified_time\" content=\"2026-04-22T13:45:16+00:00\" \/>\n<meta property=\"og:image\" content=\"https:\/\/blog.holyart.it\/de\/wp-content\/uploads\/sites\/12\/2025\/08\/Welcher-Name-wird-von-den-Paepsten-am-haeufigsten-gewaehlt.jpg\" \/>\n\t<meta property=\"og:image:width\" content=\"1000\" \/>\n\t<meta property=\"og:image:height\" content=\"666\" \/>\n\t<meta property=\"og:image:type\" content=\"image\/jpeg\" \/>\n<meta name=\"author\" content=\"Redazione\" \/>\n<meta name=\"twitter:card\" content=\"summary_large_image\" \/>\n<meta name=\"twitter:label1\" content=\"Verfasst von\" \/>\n\t<meta name=\"twitter:data1\" content=\"Redazione\" \/>\n\t<meta name=\"twitter:label2\" content=\"Gesch\u00e4tzte Lesezeit\" \/>\n\t<meta name=\"twitter:data2\" content=\"16\u00a0Minuten\" \/>\n<script type=\"application\/ld+json\" class=\"yoast-schema-graph\">{\"@context\":\"https:\/\/schema.org\",\"@graph\":[{\"@type\":\"Article\",\"@id\":\"https:\/\/blog.holyart.it\/de\/devotionalien\/welcher-name-wird-von-den-paepsten-am-haeufigsten-gewaehlt\/#article\",\"isPartOf\":{\"@id\":\"https:\/\/blog.holyart.it\/de\/devotionalien\/welcher-name-wird-von-den-paepsten-am-haeufigsten-gewaehlt\/\"},\"author\":{\"name\":\"Redazione\",\"@id\":\"https:\/\/blog.holyart.it\/de\/#\/schema\/person\/0a7b686e5af0f856ec1e390dd0baecda\"},\"headline\":\"Welcher Name wird von den P\u00e4psten am h\u00e4ufigsten gew\u00e4hlt?\",\"datePublished\":\"2025-08-06T13:00:13+00:00\",\"dateModified\":\"2026-04-22T13:45:16+00:00\",\"mainEntityOfPage\":{\"@id\":\"https:\/\/blog.holyart.it\/de\/devotionalien\/welcher-name-wird-von-den-paepsten-am-haeufigsten-gewaehlt\/\"},\"wordCount\":2601,\"publisher\":{\"@id\":\"https:\/\/blog.holyart.it\/de\/#organization\"},\"image\":{\"@id\":\"https:\/\/blog.holyart.it\/de\/devotionalien\/welcher-name-wird-von-den-paepsten-am-haeufigsten-gewaehlt\/#primaryimage\"},\"thumbnailUrl\":\"https:\/\/blog.holyart.it\/de\/wp-content\/uploads\/sites\/12\/2025\/08\/Welcher-Name-wird-von-den-Paepsten-am-haeufigsten-gewaehlt.jpg\",\"articleSection\":[\"Religion\"],\"inLanguage\":\"de\"},{\"@type\":\"WebPage\",\"@id\":\"https:\/\/blog.holyart.it\/de\/devotionalien\/welcher-name-wird-von-den-paepsten-am-haeufigsten-gewaehlt\/\",\"url\":\"https:\/\/blog.holyart.it\/de\/devotionalien\/welcher-name-wird-von-den-paepsten-am-haeufigsten-gewaehlt\/\",\"name\":\"Welcher Name wird von den P\u00e4psten am h\u00e4ufigsten gew\u00e4hlt? - Holyart.de Blog\",\"isPartOf\":{\"@id\":\"https:\/\/blog.holyart.it\/de\/#website\"},\"primaryImageOfPage\":{\"@id\":\"https:\/\/blog.holyart.it\/de\/devotionalien\/welcher-name-wird-von-den-paepsten-am-haeufigsten-gewaehlt\/#primaryimage\"},\"image\":{\"@id\":\"https:\/\/blog.holyart.it\/de\/devotionalien\/welcher-name-wird-von-den-paepsten-am-haeufigsten-gewaehlt\/#primaryimage\"},\"thumbnailUrl\":\"https:\/\/blog.holyart.it\/de\/wp-content\/uploads\/sites\/12\/2025\/08\/Welcher-Name-wird-von-den-Paepsten-am-haeufigsten-gewaehlt.jpg\",\"datePublished\":\"2025-08-06T13:00:13+00:00\",\"dateModified\":\"2026-04-22T13:45:16+00:00\",\"description\":\"Welcher Name wird von P\u00e4psten am h\u00e4ufigsten gew\u00e4hlt? Entdecken wir die Geschichte, Bedeutung und Rangfolge der am h\u00e4ufigsten gew\u00e4hlten Namen\",\"breadcrumb\":{\"@id\":\"https:\/\/blog.holyart.it\/de\/devotionalien\/welcher-name-wird-von-den-paepsten-am-haeufigsten-gewaehlt\/#breadcrumb\"},\"inLanguage\":\"de\",\"potentialAction\":[{\"@type\":\"ReadAction\",\"target\":[\"https:\/\/blog.holyart.it\/de\/devotionalien\/welcher-name-wird-von-den-paepsten-am-haeufigsten-gewaehlt\/\"]}]},{\"@type\":\"ImageObject\",\"inLanguage\":\"de\",\"@id\":\"https:\/\/blog.holyart.it\/de\/devotionalien\/welcher-name-wird-von-den-paepsten-am-haeufigsten-gewaehlt\/#primaryimage\",\"url\":\"https:\/\/blog.holyart.it\/de\/wp-content\/uploads\/sites\/12\/2025\/08\/Welcher-Name-wird-von-den-Paepsten-am-haeufigsten-gewaehlt.jpg\",\"contentUrl\":\"https:\/\/blog.holyart.it\/de\/wp-content\/uploads\/sites\/12\/2025\/08\/Welcher-Name-wird-von-den-Paepsten-am-haeufigsten-gewaehlt.jpg\",\"width\":1000,\"height\":666,\"caption\":\"Welcher Name wird von den P\u00e4psten am h\u00e4ufigsten gew\u00e4hlt\"},{\"@type\":\"BreadcrumbList\",\"@id\":\"https:\/\/blog.holyart.it\/de\/devotionalien\/welcher-name-wird-von-den-paepsten-am-haeufigsten-gewaehlt\/#breadcrumb\",\"itemListElement\":[{\"@type\":\"ListItem\",\"position\":1,\"name\":\"Homepage\",\"item\":\"https:\/\/blog.holyart.it\/de\/\"},{\"@type\":\"ListItem\",\"position\":2,\"name\":\"Religion\",\"item\":\"https:\/\/blog.holyart.it\/de\/devotionalien\/\"},{\"@type\":\"ListItem\",\"position\":3,\"name\":\"Welcher Name wird von den P\u00e4psten am h\u00e4ufigsten gew\u00e4hlt?\"}]},{\"@type\":\"WebSite\",\"@id\":\"https:\/\/blog.holyart.it\/de\/#website\",\"url\":\"https:\/\/blog.holyart.it\/de\/\",\"name\":\"Holyart.de Blog\",\"description\":\"Holyblog\",\"publisher\":{\"@id\":\"https:\/\/blog.holyart.it\/de\/#organization\"},\"potentialAction\":[{\"@type\":\"SearchAction\",\"target\":{\"@type\":\"EntryPoint\",\"urlTemplate\":\"https:\/\/blog.holyart.it\/de\/?s={search_term_string}\"},\"query-input\":{\"@type\":\"PropertyValueSpecification\",\"valueRequired\":true,\"valueName\":\"search_term_string\"}}],\"inLanguage\":\"de\"},{\"@type\":\"Organization\",\"@id\":\"https:\/\/blog.holyart.it\/de\/#organization\",\"name\":\"Holyart.de Blog\",\"url\":\"https:\/\/blog.holyart.it\/de\/\",\"logo\":{\"@type\":\"ImageObject\",\"inLanguage\":\"de\",\"@id\":\"https:\/\/blog.holyart.it\/de\/#\/schema\/logo\/image\/\",\"url\":\"https:\/\/blog.holyart.it\/de\/wp-content\/uploads\/sites\/12\/2022\/12\/Holyart_Blog_Logo.jpg\",\"contentUrl\":\"https:\/\/blog.holyart.it\/de\/wp-content\/uploads\/sites\/12\/2022\/12\/Holyart_Blog_Logo.jpg\",\"width\":300,\"height\":50,\"caption\":\"Holyart.de Blog\"},\"image\":{\"@id\":\"https:\/\/blog.holyart.it\/de\/#\/schema\/logo\/image\/\"}},{\"@type\":\"Person\",\"@id\":\"https:\/\/blog.holyart.it\/de\/#\/schema\/person\/0a7b686e5af0f856ec1e390dd0baecda\",\"name\":\"Redazione\",\"image\":{\"@type\":\"ImageObject\",\"inLanguage\":\"de\",\"@id\":\"https:\/\/blog.holyart.it\/de\/#\/schema\/person\/image\/\",\"url\":\"https:\/\/secure.gravatar.com\/avatar\/f477da817f43e50d0af36abecd33e3edf826c68299714bdc1057dff3b113f516?s=96&d=mm&r=g\",\"contentUrl\":\"https:\/\/secure.gravatar.com\/avatar\/f477da817f43e50d0af36abecd33e3edf826c68299714bdc1057dff3b113f516?s=96&d=mm&r=g\",\"caption\":\"Redazione\"}}]}<\/script>\n<!-- \/ Yoast SEO plugin. -->","yoast_head_json":{"title":"Welcher Name wird von den P\u00e4psten am h\u00e4ufigsten gew\u00e4hlt? - Holyart.de Blog","description":"Welcher Name wird von P\u00e4psten am h\u00e4ufigsten gew\u00e4hlt? Entdecken wir die Geschichte, Bedeutung und Rangfolge der am h\u00e4ufigsten gew\u00e4hlten Namen","robots":{"index":"index","follow":"follow","max-snippet":"max-snippet:-1","max-image-preview":"max-image-preview:large","max-video-preview":"max-video-preview:-1"},"canonical":"https:\/\/blog.holyart.it\/de\/devotionalien\/welcher-name-wird-von-den-paepsten-am-haeufigsten-gewaehlt\/","og_locale":"de_DE","og_type":"article","og_title":"Welcher Name wird von den P\u00e4psten am h\u00e4ufigsten gew\u00e4hlt? - Holyart.de Blog","og_description":"Welcher Name wird von P\u00e4psten am h\u00e4ufigsten gew\u00e4hlt? Entdecken wir die Geschichte, Bedeutung und Rangfolge der am h\u00e4ufigsten gew\u00e4hlten Namen","og_url":"https:\/\/blog.holyart.it\/de\/devotionalien\/welcher-name-wird-von-den-paepsten-am-haeufigsten-gewaehlt\/","og_site_name":"Holyart.de Blog","article_published_time":"2025-08-06T13:00:13+00:00","article_modified_time":"2026-04-22T13:45:16+00:00","og_image":[{"width":1000,"height":666,"url":"https:\/\/blog.holyart.it\/de\/wp-content\/uploads\/sites\/12\/2025\/08\/Welcher-Name-wird-von-den-Paepsten-am-haeufigsten-gewaehlt.jpg","type":"image\/jpeg"}],"author":"Redazione","twitter_card":"summary_large_image","twitter_misc":{"Verfasst von":"Redazione","Gesch\u00e4tzte Lesezeit":"16\u00a0Minuten"},"schema":{"@context":"https:\/\/schema.org","@graph":[{"@type":"Article","@id":"https:\/\/blog.holyart.it\/de\/devotionalien\/welcher-name-wird-von-den-paepsten-am-haeufigsten-gewaehlt\/#article","isPartOf":{"@id":"https:\/\/blog.holyart.it\/de\/devotionalien\/welcher-name-wird-von-den-paepsten-am-haeufigsten-gewaehlt\/"},"author":{"name":"Redazione","@id":"https:\/\/blog.holyart.it\/de\/#\/schema\/person\/0a7b686e5af0f856ec1e390dd0baecda"},"headline":"Welcher Name wird von den P\u00e4psten am h\u00e4ufigsten gew\u00e4hlt?","datePublished":"2025-08-06T13:00:13+00:00","dateModified":"2026-04-22T13:45:16+00:00","mainEntityOfPage":{"@id":"https:\/\/blog.holyart.it\/de\/devotionalien\/welcher-name-wird-von-den-paepsten-am-haeufigsten-gewaehlt\/"},"wordCount":2601,"publisher":{"@id":"https:\/\/blog.holyart.it\/de\/#organization"},"image":{"@id":"https:\/\/blog.holyart.it\/de\/devotionalien\/welcher-name-wird-von-den-paepsten-am-haeufigsten-gewaehlt\/#primaryimage"},"thumbnailUrl":"https:\/\/blog.holyart.it\/de\/wp-content\/uploads\/sites\/12\/2025\/08\/Welcher-Name-wird-von-den-Paepsten-am-haeufigsten-gewaehlt.jpg","articleSection":["Religion"],"inLanguage":"de"},{"@type":"WebPage","@id":"https:\/\/blog.holyart.it\/de\/devotionalien\/welcher-name-wird-von-den-paepsten-am-haeufigsten-gewaehlt\/","url":"https:\/\/blog.holyart.it\/de\/devotionalien\/welcher-name-wird-von-den-paepsten-am-haeufigsten-gewaehlt\/","name":"Welcher Name wird von den P\u00e4psten am h\u00e4ufigsten gew\u00e4hlt? - Holyart.de Blog","isPartOf":{"@id":"https:\/\/blog.holyart.it\/de\/#website"},"primaryImageOfPage":{"@id":"https:\/\/blog.holyart.it\/de\/devotionalien\/welcher-name-wird-von-den-paepsten-am-haeufigsten-gewaehlt\/#primaryimage"},"image":{"@id":"https:\/\/blog.holyart.it\/de\/devotionalien\/welcher-name-wird-von-den-paepsten-am-haeufigsten-gewaehlt\/#primaryimage"},"thumbnailUrl":"https:\/\/blog.holyart.it\/de\/wp-content\/uploads\/sites\/12\/2025\/08\/Welcher-Name-wird-von-den-Paepsten-am-haeufigsten-gewaehlt.jpg","datePublished":"2025-08-06T13:00:13+00:00","dateModified":"2026-04-22T13:45:16+00:00","description":"Welcher Name wird von P\u00e4psten am h\u00e4ufigsten gew\u00e4hlt? Entdecken wir die Geschichte, Bedeutung und Rangfolge der am h\u00e4ufigsten gew\u00e4hlten Namen","breadcrumb":{"@id":"https:\/\/blog.holyart.it\/de\/devotionalien\/welcher-name-wird-von-den-paepsten-am-haeufigsten-gewaehlt\/#breadcrumb"},"inLanguage":"de","potentialAction":[{"@type":"ReadAction","target":["https:\/\/blog.holyart.it\/de\/devotionalien\/welcher-name-wird-von-den-paepsten-am-haeufigsten-gewaehlt\/"]}]},{"@type":"ImageObject","inLanguage":"de","@id":"https:\/\/blog.holyart.it\/de\/devotionalien\/welcher-name-wird-von-den-paepsten-am-haeufigsten-gewaehlt\/#primaryimage","url":"https:\/\/blog.holyart.it\/de\/wp-content\/uploads\/sites\/12\/2025\/08\/Welcher-Name-wird-von-den-Paepsten-am-haeufigsten-gewaehlt.jpg","contentUrl":"https:\/\/blog.holyart.it\/de\/wp-content\/uploads\/sites\/12\/2025\/08\/Welcher-Name-wird-von-den-Paepsten-am-haeufigsten-gewaehlt.jpg","width":1000,"height":666,"caption":"Welcher Name wird von den P\u00e4psten am h\u00e4ufigsten gew\u00e4hlt"},{"@type":"BreadcrumbList","@id":"https:\/\/blog.holyart.it\/de\/devotionalien\/welcher-name-wird-von-den-paepsten-am-haeufigsten-gewaehlt\/#breadcrumb","itemListElement":[{"@type":"ListItem","position":1,"name":"Homepage","item":"https:\/\/blog.holyart.it\/de\/"},{"@type":"ListItem","position":2,"name":"Religion","item":"https:\/\/blog.holyart.it\/de\/devotionalien\/"},{"@type":"ListItem","position":3,"name":"Welcher Name wird von den P\u00e4psten am h\u00e4ufigsten gew\u00e4hlt?"}]},{"@type":"WebSite","@id":"https:\/\/blog.holyart.it\/de\/#website","url":"https:\/\/blog.holyart.it\/de\/","name":"Holyart.de Blog","description":"Holyblog","publisher":{"@id":"https:\/\/blog.holyart.it\/de\/#organization"},"potentialAction":[{"@type":"SearchAction","target":{"@type":"EntryPoint","urlTemplate":"https:\/\/blog.holyart.it\/de\/?s={search_term_string}"},"query-input":{"@type":"PropertyValueSpecification","valueRequired":true,"valueName":"search_term_string"}}],"inLanguage":"de"},{"@type":"Organization","@id":"https:\/\/blog.holyart.it\/de\/#organization","name":"Holyart.de Blog","url":"https:\/\/blog.holyart.it\/de\/","logo":{"@type":"ImageObject","inLanguage":"de","@id":"https:\/\/blog.holyart.it\/de\/#\/schema\/logo\/image\/","url":"https:\/\/blog.holyart.it\/de\/wp-content\/uploads\/sites\/12\/2022\/12\/Holyart_Blog_Logo.jpg","contentUrl":"https:\/\/blog.holyart.it\/de\/wp-content\/uploads\/sites\/12\/2022\/12\/Holyart_Blog_Logo.jpg","width":300,"height":50,"caption":"Holyart.de Blog"},"image":{"@id":"https:\/\/blog.holyart.it\/de\/#\/schema\/logo\/image\/"}},{"@type":"Person","@id":"https:\/\/blog.holyart.it\/de\/#\/schema\/person\/0a7b686e5af0f856ec1e390dd0baecda","name":"Redazione","image":{"@type":"ImageObject","inLanguage":"de","@id":"https:\/\/blog.holyart.it\/de\/#\/schema\/person\/image\/","url":"https:\/\/secure.gravatar.com\/avatar\/f477da817f43e50d0af36abecd33e3edf826c68299714bdc1057dff3b113f516?s=96&d=mm&r=g","contentUrl":"https:\/\/secure.gravatar.com\/avatar\/f477da817f43e50d0af36abecd33e3edf826c68299714bdc1057dff3b113f516?s=96&d=mm&r=g","caption":"Redazione"}}]}},"_links":{"self":[{"href":"https:\/\/blog.holyart.it\/de\/wp-json\/wp\/v2\/posts\/6518","targetHints":{"allow":["GET"]}}],"collection":[{"href":"https:\/\/blog.holyart.it\/de\/wp-json\/wp\/v2\/posts"}],"about":[{"href":"https:\/\/blog.holyart.it\/de\/wp-json\/wp\/v2\/types\/post"}],"author":[{"embeddable":true,"href":"https:\/\/blog.holyart.it\/de\/wp-json\/wp\/v2\/users\/1"}],"replies":[{"embeddable":true,"href":"https:\/\/blog.holyart.it\/de\/wp-json\/wp\/v2\/comments?post=6518"}],"version-history":[{"count":21,"href":"https:\/\/blog.holyart.it\/de\/wp-json\/wp\/v2\/posts\/6518\/revisions"}],"predecessor-version":[{"id":6550,"href":"https:\/\/blog.holyart.it\/de\/wp-json\/wp\/v2\/posts\/6518\/revisions\/6550"}],"wp:featuredmedia":[{"embeddable":true,"href":"https:\/\/blog.holyart.it\/de\/wp-json\/wp\/v2\/media\/6520"}],"wp:attachment":[{"href":"https:\/\/blog.holyart.it\/de\/wp-json\/wp\/v2\/media?parent=6518"}],"wp:term":[{"taxonomy":"category","embeddable":true,"href":"https:\/\/blog.holyart.it\/de\/wp-json\/wp\/v2\/categories?post=6518"},{"taxonomy":"post_tag","embeddable":true,"href":"https:\/\/blog.holyart.it\/de\/wp-json\/wp\/v2\/tags?post=6518"}],"curies":[{"name":"wp","href":"https:\/\/api.w.org\/{rel}","templated":true}]}}