{"id":6499,"date":"2025-08-04T10:00:57","date_gmt":"2025-08-04T08:00:57","guid":{"rendered":"https:\/\/blog.holyart.it\/de\/?p=6499"},"modified":"2025-07-31T14:17:34","modified_gmt":"2025-07-31T12:17:34","slug":"die-madonna-des-schnees-und-das-wunder-vom-5-august","status":"publish","type":"post","link":"https:\/\/blog.holyart.it\/de\/devotionalien\/die-madonna-des-schnees-und-das-wunder-vom-5-august\/","title":{"rendered":"Die Madonna des Schnees und das Wunder vom 5. August"},"content":{"rendered":"<h4><em>Am 5. August wird in Rom der Madonna des Schnees mit einem spektakul\u00e4ren Schneefall auf dem Platz der ihr geweihten p\u00e4pstlichen Basilika Santa Maria Maggiore gedacht. So ist der Kult entstanden<\/em><\/h4>\n<p>Die <strong>Madonna des Schnees und das Wunder vom 5. August<\/strong> sind ein fester Bestandteil der religi\u00f6sen Geschichte Roms. Seit ein <strong>Schneewunder<\/strong> am 5. August 358 n. Chr. den Esquilin-H\u00fcgel wei\u00df werden lie\u00df und damit den Standort der <a href=\"https:\/\/www.holyart.de\/blog\/devotionalien\/die-rundreise-zu-den-sieben-kirchen-pilgerwege-zum-jubilaeum\/\"><strong>p\u00e4pstlichen Basilika Santa Maria Maggiore<\/strong><\/a>, des \u00e4ltesten Marienheiligtums des Abendlandes, markierte, ist dieser Tag ein wichtiges Datum im liturgischen Kalender, das Geschichte, Glaube und Tradition zu einem einzigartigen und eindrucksvollen Ereignis verbindet. Das Fest Unserer Lieben Frau vom Schnee ist nicht nur eine Gelegenheit, des Wunders zu gedenken, sondern auch ein Moment der spirituellen Reflexion f\u00fcr die Gl\u00e4ubigen \u00fcber die Rolle der Jungfrau Maria als <strong>Vermittlerin der g\u00f6ttlichen Gnade<\/strong>, Symbol der Reinheit und Erneuerung, genau wie der Schnee, von dem sie ihren <strong><a href=\"https:\/\/www.holyart.de\/blog\/heilige-und-selige\/marianische-titel-welche-und-wie-viele-sind-die-namen-die-maria-gewidmet-sind\/\">marianischen Titel<\/a><\/strong> Unsere Liebe Frau vom Schnee erhielt.<\/p>\n<div class=\"link-article\">\n<p><img loading=\"lazy\" decoding=\"async\" class=\"size-full wp-image-6503 alignleft\" src=\"https:\/\/blog.holyart.it\/de\/wp-content\/uploads\/sites\/12\/2025\/07\/Die-Rundreise-zu-den-sieben-Kirchen.jpg\" alt=\"Die Rundreise zu den sieben Kirchen\" width=\"150\" height=\"99\" data-kale-share-title=\"Die Madonna des Schnees und das Wunder vom 5. August\" data-kale-share-url=\"https:\/\/blog.holyart.it\/de\/?p=6499\" \/><\/p>\n<div class=\"leggi-anche\">Lesen Sie auch:<\/div>\n<p><strong><a href=\"https:\/\/www.holyart.de\/blog\/devotionalien\/die-rundreise-zu-den-sieben-kirchen-pilgerwege-zum-jubilaeum\/\">Die Rundreise zu den sieben Kirchen: Pilgerwege zum Jubil\u00e4um<\/a><\/strong><br \/>\nDie Rundreise zu den sieben Kirchen ist ein alter Andachtsweg\u2026<\/p>\n<\/div>\n<p>Der Legende nach erschien die Gottesmutter in der Nacht vom 4. auf den 5. August 364 dem Papst Liberius (352-366) im Traum, oder, einer anderen \u00dcberlieferung zufolge, dem r\u00f6mischen Patrizier Johannes, der dem Papst den Traum berichtete. In beiden F\u00e4llen bat die Jungfrau um die Errichtung einer Basilika in ihrem Namen und k\u00fcndigte an, dass sie <strong>Schnee<\/strong> schicken w\u00fcrde, um den genauen Standort zu bestimmen. Tats\u00e4chlich kam es in dieser Nacht zu einem wundersamen Schneefall auf dem Esquilin-H\u00fcgel. Hier wurde zun\u00e4chst die liberianische Basilika errichtet, auf deren Resten Sixtus III. die nach der Jungfrau benannte Basilika Santa Maria Maggiore errichtete. Die Basilika mit ihrer beeindruckenden Architektur und ihren Kunstsch\u00e4tzen wurde im Laufe der Jahrhunderte mehrfach renoviert und mit Kunstwerken bereichert. Auch heute noch ist sie eines der weltweit wichtigsten Symbole des <strong><a href=\"https:\/\/www.holyart.de\/blog\/devotionalien\/die-10-beruehmtesten-marienwallfahrtsorte-in-italien\/\">marianischen Glaubens<\/a><\/strong> und der Marienverehrung.<\/p>\n<div class=\"link-article\">\n<p><img loading=\"lazy\" decoding=\"async\" class=\"size-full wp-image-6506 alignleft\" src=\"https:\/\/blog.holyart.it\/de\/wp-content\/uploads\/sites\/12\/2025\/07\/10-beryhmsten-Marienwallfahrtsorte.jpg\" alt=\"10 beryhmsten Marienwallfahrtsorte\" width=\"150\" height=\"99\" data-kale-share-title=\"Die Madonna des Schnees und das Wunder vom 5. August\" data-kale-share-url=\"https:\/\/blog.holyart.it\/de\/?p=6499\" \/><\/p>\n<div class=\"leggi-anche\">Lesen Sie auch:<\/div>\n<p><strong><a href=\"https:\/\/www.holyart.de\/blog\/devotionalien\/die-10-beruehmtesten-marienwallfahrtsorte-in-italien\/\">Die 10 ber\u00fchmtesten Marienwallfahrtsorte in Italien<\/a><\/strong><br \/>\nMarienheiligt\u00fcmer sind seit jeher Orte, an denen sich die Verehrung der Jungfrau, der Mutter Jesu, konzentriert\u2026<\/p>\n<\/div>\n<h2>Wann wird die Heilige Maria des Schnees gefeiert?<\/h2>\n<p>Das Fest Unserer Lieben Frau vom Schnee wird am <strong>5. August<\/strong> gefeiert, um an das ber\u00fchmte Wunder des Schneefalls auf dem Esquilin zu erinnern. Jedes Jahr am 5. August wird das Fest Unserer Lieben Frau vom Schnee mit einer feierlichen Messe zu Ehren der Jungfrau Maria begangen. Dieses Fest, das an das Wunder des Schnees erinnert, zieht Touristen aus aller Welt an. Auf dem Platz vor der Basilika Santa Maria Maggiore wird eine Ton- und Lichtshow veranstaltet, gefolgt von einem <strong>k\u00fcnstlichen Schneefall<\/strong>, der an das Schneewunder im Jahr 358 n. Chr. erinnert. In der Antike wurden wei\u00dfe Rosenbl\u00fctenbl\u00e4tter als Schneeflocken verwendet.<\/p>\n<p>Einigen Traditionen zufolge wird der 5. August auch als <a href=\"https:\/\/www.holyart.de\/blog\/devotionalien\/geburtstag-der-muttergottes-wurde-sie-am-5-august-oder-8-september-geboren\/\"><strong>Geburtstag der Muttergottes<\/strong><\/a> gefeiert. Die Geburt der Jungfrau Maria wird offiziell am 8. September gefeiert, obwohl dieses Datum rein konventioneller Natur ist, da es keine genauen Angaben \u00fcber das Geburtsdatum Marias gibt. Die Wahl des 8. September f\u00e4llt auf das Fest der Einweihung der St. Anna-Basilika in Jerusalem, die im 4. Jahrhundert n. Chr. an der Stelle errichtet wurde, an der das Elternhaus Marias gestanden haben soll. Es gibt jedoch auch andere Traditionen, die den Geburtstag der Gottesmutter mit anderen Daten zusammenfallen lassen, darunter der 5. August, das Fest der Madonna des Schnees.<\/p>\n<div class=\"link-article\">\n<p><img loading=\"lazy\" decoding=\"async\" class=\"size-full wp-image-6508 alignleft\" src=\"https:\/\/blog.holyart.it\/de\/wp-content\/uploads\/sites\/12\/2025\/07\/geburtstag-der-muttergottes.jpg\" alt=\"geburtstag der muttergottes\" width=\"150\" height=\"99\" data-kale-share-title=\"Die Madonna des Schnees und das Wunder vom 5. August\" data-kale-share-url=\"https:\/\/blog.holyart.it\/de\/?p=6499\" \/><\/p>\n<div class=\"leggi-anche\">Lesen Sie auch:<\/div>\n<p><strong><a href=\"https:\/\/www.holyart.de\/blog\/devotionalien\/geburtstag-der-muttergottes-wurde-sie-am-5-august-oder-8-september-geboren\/\">Geburtstag der Muttergottes: Wurde sie am 5. August oder 8. September geboren?<\/a><\/strong><br \/>\nGeburtstag der Muttergottes: 5. August oder 8. September? Finden\u2026<\/p>\n<\/div>\n<h2>Warum ist Santa Maria Maggiore der Madonna des Schnees geweiht?<\/h2>\n<p>Santa Maria Maggiore ist der Madonna des Schnees geweiht, um des Wunders vom 5. August zu gedenken. Dieses Ereignis ist tief in der christlichen Tradition verwurzelt und hat zu einem der herzlichsten und am meisten gefeierten marianischen Feste gef\u00fchrt. Jedes Jahr am 5. August findet in der p\u00e4pstlichen Basilika Santa Maria Maggiore in Rom eine feierliche liturgische Zeremonie und ein spektakul\u00e4rer k\u00fcnstlicher \u201eSchneefall\u201c aus wei\u00dfen Bl\u00fctenbl\u00e4ttern statt, der an den wundersamen Sommerschneefall von 358 n. Chr. erinnert.<\/p>\n<p>Die Kirche Unserer Lieben Frau des Schnees (lateinisch <em>Sancta Maria ad Nives<\/em>) geh\u00f6rt zu den <a href=\"https:\/\/www.holyart.de\/blog\/devotionalien\/jubilaeumskirchen-pilgerziele-die-man-waehrend-des-jubilaeums-unbedingt-gesehen-haben-muss\/\"><strong>p\u00e4pstlichen<\/strong><\/a><strong><a href=\"https:\/\/www.holyart.de\/blog\/devotionalien\/jubilaeumskirchen-pilgerziele-die-man-waehrend-des-jubilaeums-unbedingt-gesehen-haben-muss\/\"> Basiliken<\/a>,<\/strong> d. h. zu den besonders wichtigen Kirchen, die einen <strong>p\u00e4pstlichen Altar<\/strong> beherbergen, an dem nur der Papst oder einige andere hochrangige Priester die Eucharistie feiern d\u00fcrfen. Jede der p\u00e4pstlichen Basiliken hat auch eine <strong>Heilige Pforte<\/strong>, die anl\u00e4sslich des Jubil\u00e4ums ge\u00f6ffnet wird. Die \u00d6ffnung der <strong>Heiligen Pforte<\/strong> ist ein zentrales Ereignis des <a href=\"https:\/\/www.holyart.de\/jubilaum-der-barmherzigkeit\"><strong>Jubil\u00e4ums<\/strong><\/a> und markiert den Beginn der Zeit der Gnade und Barmherzigkeit, die es darstellt. Insbesondere <a href=\"https:\/\/www.holyart.de\/blog\/devotionalien\/heilige-pforte-was-sie-ist-und-was-ihre-oeffnung-bedeutet\/\"><strong>die \u00d6ffnung der Heiligen Pforte des Petersdoms<\/strong><\/a>, die f\u00fcr das Jubil\u00e4um 2025 am 24. Dezember 2024 stattfand, markierte offiziell den Beginn des Heiligen Jahres. Der Gang durch die Heilige Pforte l\u00e4dt die Gl\u00e4ubigen zur Umkehr und zum Empfang der Gnade der Vergebung ein.<\/p>\n<div class=\"link-article\">\n<p><img loading=\"lazy\" decoding=\"async\" class=\"size-full wp-image-6511 alignleft\" src=\"https:\/\/blog.holyart.it\/de\/wp-content\/uploads\/sites\/12\/2025\/07\/Jubilaeumskirchen.jpg\" alt=\"Jubilaeumskirchen\" width=\"150\" height=\"99\" data-kale-share-title=\"Die Madonna des Schnees und das Wunder vom 5. August\" data-kale-share-url=\"https:\/\/blog.holyart.it\/de\/?p=6499\" \/><\/p>\n<div class=\"leggi-anche\">Lesen Sie auch:<\/div>\n<p><strong><a href=\"https:\/\/www.holyart.de\/blog\/devotionalien\/jubilaeumskirchen-pilgerziele-die-man-waehrend-des-jubilaeums-unbedingt-gesehen-haben-muss\/\">Jubil\u00e4umskirchen, Pilgerziele, die man w\u00e4hrend des Jubil\u00e4ums unbedingt gesehen haben muss<\/a><\/strong><br \/>\nJubil\u00e4umskirchen sind Kirchen, die mit einer Heiligen Pforte\u2026<\/p>\n<\/div>\n<p>Die p\u00e4pstliche Basilika Santa Maria Maggiore in Rom ist ein herausragendes Beispiel f\u00fcr fr\u00fchchristliche Architektur. Ihr Bau begann, wie wir gesehen haben, unter dem Pontifikat von Papst Liberius, aber die Basilika hat im Laufe der Jahrhunderte zahlreiche \u00c4nderungen und Erweiterungen erfahren. Ber\u00fchmt ist Santa Maria Maggiore unter anderem f\u00fcr ihre <strong>Mosaike<\/strong>, die noch aus der Zeit ihrer Errichtung stammen. Diese Mosaike erstrecken sich \u00fcber das gesamte Hauptschiff, sowohl links als auch rechts. Urspr\u00fcnglich waren es 42 Tafeln, aber nur 27 sind erhalten geblieben (12 auf der linken und 15 auf der rechten Seite), w\u00e4hrend die anderen im 18. Jahrhundert zerst\u00f6rt und in einigen F\u00e4llen durch Fresken ersetzt wurden. Die Tafeln stellen Geschichten aus dem Alten Testament dar. Weitere kostbare Mosaike schm\u00fccken den Triumphbogen, der die Apsis begrenzt, und stellen Szenen aus dem Leben Jesu dar.<\/p>\n<p>Der ber\u00fchmte Bildhauer Gian Lorenzo Bernini ist ebenfalls in der Basilika Santa Maria Maggiore begraben.<\/p>\n<div class=\"link-product\">\n<div class=\"blocco-immagine\"><img loading=\"lazy\" decoding=\"async\" class=\"size-full wp-image-6512 alignleft\" src=\"https:\/\/blog.holyart.it\/de\/wp-content\/uploads\/sites\/12\/2025\/07\/pilgerkomplett-kit-zum-jubilaum-2025-rucksack-plus-zubehor-umweltfreundlich-und-wasserdicht.jpg\" alt=\"pilgerkomplett-kit-zum-jubilaum-2025-rucksack plus zubehor umweltfreundlich und wasserdicht\" width=\"100\" height=\"100\" data-kale-share-title=\"Die Madonna des Schnees und das Wunder vom 5. August\" data-kale-share-url=\"https:\/\/blog.holyart.it\/de\/?p=6499\" \/><\/div>\n<div class=\"blocco-contenuto\">\n<div class=\"blocco-acquista\">Einkaufen:<\/div>\n<div class=\"blocco-titolo\"><a href=\"https:\/\/www.holyart.de\/jubilaum-der-barmherzigkeit\">Jubil\u00e4um der Barmherzigkeit<\/a><\/div>\n<div class=\"blocco-descrizione\">Jubil\u00e4um der Barmherzigkeit: Papst Franziskus hat f\u00fcr 2015-2016 ein au\u00dferordentliches Jubil\u00e4um&#8230;<\/div>\n<\/div>\n<\/div>\n","protected":false},"excerpt":{"rendered":"<p>Am 5. August wird in Rom der Madonna des Schnees mit einem spektakul\u00e4ren Schneefall auf dem Platz der ihr geweihten p\u00e4pstlichen Basilika Santa Maria Maggiore gedacht. So ist der Kult entstanden Die Madonna des Schnees und das Wunder vom 5. August sind ein fester Bestandteil&hellip;<\/p>\n","protected":false},"author":1,"featured_media":6502,"comment_status":"closed","ping_status":"open","sticky":false,"template":"","format":"standard","meta":{"_acf_changed":false,"footnotes":""},"categories":[10],"tags":[],"class_list":["post-6499","post","type-post","status-publish","format-standard","has-post-thumbnail","hentry","category-devotionalien"],"acf":[],"yoast_head":"<!-- This site is optimized with the Yoast SEO plugin v26.6 - https:\/\/yoast.com\/wordpress\/plugins\/seo\/ -->\n<title>Die Madonna des Schnees und das Wunder vom 5. August - Holyart.de Blog<\/title>\n<meta name=\"description\" content=\"Die Madonna des Schnees ist die Protagonistin einer einzigartigen Marienverehrung, die rund um die p\u00e4pstliche Basilika Santa Maria Maggiore\" \/>\n<meta name=\"robots\" content=\"index, follow, max-snippet:-1, max-image-preview:large, max-video-preview:-1\" \/>\n<link rel=\"canonical\" href=\"https:\/\/blog.holyart.it\/de\/devotionalien\/die-madonna-des-schnees-und-das-wunder-vom-5-august\/\" \/>\n<meta property=\"og:locale\" content=\"de_DE\" \/>\n<meta property=\"og:type\" content=\"article\" \/>\n<meta property=\"og:title\" content=\"Die Madonna des Schnees und das Wunder vom 5. August - Holyart.de Blog\" \/>\n<meta property=\"og:description\" content=\"Die Madonna des Schnees ist die Protagonistin einer einzigartigen Marienverehrung, die rund um die p\u00e4pstliche Basilika Santa Maria Maggiore\" \/>\n<meta property=\"og:url\" content=\"https:\/\/blog.holyart.it\/de\/devotionalien\/die-madonna-des-schnees-und-das-wunder-vom-5-august\/\" \/>\n<meta property=\"og:site_name\" content=\"Holyart.de Blog\" \/>\n<meta property=\"article:published_time\" content=\"2025-08-04T08:00:57+00:00\" \/>\n<meta property=\"og:image\" content=\"https:\/\/blog.holyart.it\/de\/wp-content\/uploads\/sites\/12\/2025\/07\/Die-Madonna-des-Schnees.jpg\" \/>\n\t<meta property=\"og:image:width\" content=\"1000\" \/>\n\t<meta property=\"og:image:height\" content=\"666\" \/>\n\t<meta property=\"og:image:type\" content=\"image\/jpeg\" \/>\n<meta name=\"author\" content=\"Redazione\" \/>\n<meta name=\"twitter:card\" content=\"summary_large_image\" \/>\n<meta name=\"twitter:label1\" content=\"Verfasst von\" \/>\n\t<meta name=\"twitter:data1\" content=\"Redazione\" \/>\n\t<meta name=\"twitter:label2\" content=\"Gesch\u00e4tzte Lesezeit\" \/>\n\t<meta name=\"twitter:data2\" content=\"7\u00a0Minuten\" \/>\n<script type=\"application\/ld+json\" class=\"yoast-schema-graph\">{\"@context\":\"https:\/\/schema.org\",\"@graph\":[{\"@type\":\"Article\",\"@id\":\"https:\/\/blog.holyart.it\/de\/devotionalien\/die-madonna-des-schnees-und-das-wunder-vom-5-august\/#article\",\"isPartOf\":{\"@id\":\"https:\/\/blog.holyart.it\/de\/devotionalien\/die-madonna-des-schnees-und-das-wunder-vom-5-august\/\"},\"author\":{\"name\":\"Redazione\",\"@id\":\"https:\/\/blog.holyart.it\/de\/#\/schema\/person\/0a7b686e5af0f856ec1e390dd0baecda\"},\"headline\":\"Die Madonna des Schnees und das Wunder vom 5. August\",\"datePublished\":\"2025-08-04T08:00:57+00:00\",\"mainEntityOfPage\":{\"@id\":\"https:\/\/blog.holyart.it\/de\/devotionalien\/die-madonna-des-schnees-und-das-wunder-vom-5-august\/\"},\"wordCount\":1019,\"publisher\":{\"@id\":\"https:\/\/blog.holyart.it\/de\/#organization\"},\"image\":{\"@id\":\"https:\/\/blog.holyart.it\/de\/devotionalien\/die-madonna-des-schnees-und-das-wunder-vom-5-august\/#primaryimage\"},\"thumbnailUrl\":\"https:\/\/blog.holyart.it\/de\/wp-content\/uploads\/sites\/12\/2025\/07\/Die-Madonna-des-Schnees.jpg\",\"articleSection\":[\"Religion\"],\"inLanguage\":\"de\"},{\"@type\":\"WebPage\",\"@id\":\"https:\/\/blog.holyart.it\/de\/devotionalien\/die-madonna-des-schnees-und-das-wunder-vom-5-august\/\",\"url\":\"https:\/\/blog.holyart.it\/de\/devotionalien\/die-madonna-des-schnees-und-das-wunder-vom-5-august\/\",\"name\":\"Die Madonna des Schnees und das Wunder vom 5. August - Holyart.de Blog\",\"isPartOf\":{\"@id\":\"https:\/\/blog.holyart.it\/de\/#website\"},\"primaryImageOfPage\":{\"@id\":\"https:\/\/blog.holyart.it\/de\/devotionalien\/die-madonna-des-schnees-und-das-wunder-vom-5-august\/#primaryimage\"},\"image\":{\"@id\":\"https:\/\/blog.holyart.it\/de\/devotionalien\/die-madonna-des-schnees-und-das-wunder-vom-5-august\/#primaryimage\"},\"thumbnailUrl\":\"https:\/\/blog.holyart.it\/de\/wp-content\/uploads\/sites\/12\/2025\/07\/Die-Madonna-des-Schnees.jpg\",\"datePublished\":\"2025-08-04T08:00:57+00:00\",\"description\":\"Die Madonna des Schnees ist die Protagonistin einer einzigartigen Marienverehrung, die rund um die p\u00e4pstliche Basilika Santa Maria Maggiore\",\"breadcrumb\":{\"@id\":\"https:\/\/blog.holyart.it\/de\/devotionalien\/die-madonna-des-schnees-und-das-wunder-vom-5-august\/#breadcrumb\"},\"inLanguage\":\"de\",\"potentialAction\":[{\"@type\":\"ReadAction\",\"target\":[\"https:\/\/blog.holyart.it\/de\/devotionalien\/die-madonna-des-schnees-und-das-wunder-vom-5-august\/\"]}]},{\"@type\":\"ImageObject\",\"inLanguage\":\"de\",\"@id\":\"https:\/\/blog.holyart.it\/de\/devotionalien\/die-madonna-des-schnees-und-das-wunder-vom-5-august\/#primaryimage\",\"url\":\"https:\/\/blog.holyart.it\/de\/wp-content\/uploads\/sites\/12\/2025\/07\/Die-Madonna-des-Schnees.jpg\",\"contentUrl\":\"https:\/\/blog.holyart.it\/de\/wp-content\/uploads\/sites\/12\/2025\/07\/Die-Madonna-des-Schnees.jpg\",\"width\":1000,\"height\":666,\"caption\":\"Die Madonna des Schnees\"},{\"@type\":\"BreadcrumbList\",\"@id\":\"https:\/\/blog.holyart.it\/de\/devotionalien\/die-madonna-des-schnees-und-das-wunder-vom-5-august\/#breadcrumb\",\"itemListElement\":[{\"@type\":\"ListItem\",\"position\":1,\"name\":\"Homepage\",\"item\":\"https:\/\/blog.holyart.it\/de\/\"},{\"@type\":\"ListItem\",\"position\":2,\"name\":\"Religion\",\"item\":\"https:\/\/blog.holyart.it\/de\/devotionalien\/\"},{\"@type\":\"ListItem\",\"position\":3,\"name\":\"Die Madonna des Schnees und das Wunder vom 5. August\"}]},{\"@type\":\"WebSite\",\"@id\":\"https:\/\/blog.holyart.it\/de\/#website\",\"url\":\"https:\/\/blog.holyart.it\/de\/\",\"name\":\"Holyart.de Blog\",\"description\":\"Holyblog\",\"publisher\":{\"@id\":\"https:\/\/blog.holyart.it\/de\/#organization\"},\"potentialAction\":[{\"@type\":\"SearchAction\",\"target\":{\"@type\":\"EntryPoint\",\"urlTemplate\":\"https:\/\/blog.holyart.it\/de\/?s={search_term_string}\"},\"query-input\":{\"@type\":\"PropertyValueSpecification\",\"valueRequired\":true,\"valueName\":\"search_term_string\"}}],\"inLanguage\":\"de\"},{\"@type\":\"Organization\",\"@id\":\"https:\/\/blog.holyart.it\/de\/#organization\",\"name\":\"Holyart.de Blog\",\"url\":\"https:\/\/blog.holyart.it\/de\/\",\"logo\":{\"@type\":\"ImageObject\",\"inLanguage\":\"de\",\"@id\":\"https:\/\/blog.holyart.it\/de\/#\/schema\/logo\/image\/\",\"url\":\"https:\/\/blog.holyart.it\/de\/wp-content\/uploads\/sites\/12\/2022\/12\/Holyart_Blog_Logo.jpg\",\"contentUrl\":\"https:\/\/blog.holyart.it\/de\/wp-content\/uploads\/sites\/12\/2022\/12\/Holyart_Blog_Logo.jpg\",\"width\":300,\"height\":50,\"caption\":\"Holyart.de Blog\"},\"image\":{\"@id\":\"https:\/\/blog.holyart.it\/de\/#\/schema\/logo\/image\/\"}},{\"@type\":\"Person\",\"@id\":\"https:\/\/blog.holyart.it\/de\/#\/schema\/person\/0a7b686e5af0f856ec1e390dd0baecda\",\"name\":\"Redazione\",\"image\":{\"@type\":\"ImageObject\",\"inLanguage\":\"de\",\"@id\":\"https:\/\/blog.holyart.it\/de\/#\/schema\/person\/image\/\",\"url\":\"https:\/\/secure.gravatar.com\/avatar\/f477da817f43e50d0af36abecd33e3edf826c68299714bdc1057dff3b113f516?s=96&d=mm&r=g\",\"contentUrl\":\"https:\/\/secure.gravatar.com\/avatar\/f477da817f43e50d0af36abecd33e3edf826c68299714bdc1057dff3b113f516?s=96&d=mm&r=g\",\"caption\":\"Redazione\"}}]}<\/script>\n<!-- \/ Yoast SEO plugin. -->","yoast_head_json":{"title":"Die Madonna des Schnees und das Wunder vom 5. August - Holyart.de Blog","description":"Die Madonna des Schnees ist die Protagonistin einer einzigartigen Marienverehrung, die rund um die p\u00e4pstliche Basilika Santa Maria Maggiore","robots":{"index":"index","follow":"follow","max-snippet":"max-snippet:-1","max-image-preview":"max-image-preview:large","max-video-preview":"max-video-preview:-1"},"canonical":"https:\/\/blog.holyart.it\/de\/devotionalien\/die-madonna-des-schnees-und-das-wunder-vom-5-august\/","og_locale":"de_DE","og_type":"article","og_title":"Die Madonna des Schnees und das Wunder vom 5. August - Holyart.de Blog","og_description":"Die Madonna des Schnees ist die Protagonistin einer einzigartigen Marienverehrung, die rund um die p\u00e4pstliche Basilika Santa Maria Maggiore","og_url":"https:\/\/blog.holyart.it\/de\/devotionalien\/die-madonna-des-schnees-und-das-wunder-vom-5-august\/","og_site_name":"Holyart.de Blog","article_published_time":"2025-08-04T08:00:57+00:00","og_image":[{"width":1000,"height":666,"url":"https:\/\/blog.holyart.it\/de\/wp-content\/uploads\/sites\/12\/2025\/07\/Die-Madonna-des-Schnees.jpg","type":"image\/jpeg"}],"author":"Redazione","twitter_card":"summary_large_image","twitter_misc":{"Verfasst von":"Redazione","Gesch\u00e4tzte Lesezeit":"7\u00a0Minuten"},"schema":{"@context":"https:\/\/schema.org","@graph":[{"@type":"Article","@id":"https:\/\/blog.holyart.it\/de\/devotionalien\/die-madonna-des-schnees-und-das-wunder-vom-5-august\/#article","isPartOf":{"@id":"https:\/\/blog.holyart.it\/de\/devotionalien\/die-madonna-des-schnees-und-das-wunder-vom-5-august\/"},"author":{"name":"Redazione","@id":"https:\/\/blog.holyart.it\/de\/#\/schema\/person\/0a7b686e5af0f856ec1e390dd0baecda"},"headline":"Die Madonna des Schnees und das Wunder vom 5. August","datePublished":"2025-08-04T08:00:57+00:00","mainEntityOfPage":{"@id":"https:\/\/blog.holyart.it\/de\/devotionalien\/die-madonna-des-schnees-und-das-wunder-vom-5-august\/"},"wordCount":1019,"publisher":{"@id":"https:\/\/blog.holyart.it\/de\/#organization"},"image":{"@id":"https:\/\/blog.holyart.it\/de\/devotionalien\/die-madonna-des-schnees-und-das-wunder-vom-5-august\/#primaryimage"},"thumbnailUrl":"https:\/\/blog.holyart.it\/de\/wp-content\/uploads\/sites\/12\/2025\/07\/Die-Madonna-des-Schnees.jpg","articleSection":["Religion"],"inLanguage":"de"},{"@type":"WebPage","@id":"https:\/\/blog.holyart.it\/de\/devotionalien\/die-madonna-des-schnees-und-das-wunder-vom-5-august\/","url":"https:\/\/blog.holyart.it\/de\/devotionalien\/die-madonna-des-schnees-und-das-wunder-vom-5-august\/","name":"Die Madonna des Schnees und das Wunder vom 5. August - Holyart.de Blog","isPartOf":{"@id":"https:\/\/blog.holyart.it\/de\/#website"},"primaryImageOfPage":{"@id":"https:\/\/blog.holyart.it\/de\/devotionalien\/die-madonna-des-schnees-und-das-wunder-vom-5-august\/#primaryimage"},"image":{"@id":"https:\/\/blog.holyart.it\/de\/devotionalien\/die-madonna-des-schnees-und-das-wunder-vom-5-august\/#primaryimage"},"thumbnailUrl":"https:\/\/blog.holyart.it\/de\/wp-content\/uploads\/sites\/12\/2025\/07\/Die-Madonna-des-Schnees.jpg","datePublished":"2025-08-04T08:00:57+00:00","description":"Die Madonna des Schnees ist die Protagonistin einer einzigartigen Marienverehrung, die rund um die p\u00e4pstliche Basilika Santa Maria Maggiore","breadcrumb":{"@id":"https:\/\/blog.holyart.it\/de\/devotionalien\/die-madonna-des-schnees-und-das-wunder-vom-5-august\/#breadcrumb"},"inLanguage":"de","potentialAction":[{"@type":"ReadAction","target":["https:\/\/blog.holyart.it\/de\/devotionalien\/die-madonna-des-schnees-und-das-wunder-vom-5-august\/"]}]},{"@type":"ImageObject","inLanguage":"de","@id":"https:\/\/blog.holyart.it\/de\/devotionalien\/die-madonna-des-schnees-und-das-wunder-vom-5-august\/#primaryimage","url":"https:\/\/blog.holyart.it\/de\/wp-content\/uploads\/sites\/12\/2025\/07\/Die-Madonna-des-Schnees.jpg","contentUrl":"https:\/\/blog.holyart.it\/de\/wp-content\/uploads\/sites\/12\/2025\/07\/Die-Madonna-des-Schnees.jpg","width":1000,"height":666,"caption":"Die Madonna des Schnees"},{"@type":"BreadcrumbList","@id":"https:\/\/blog.holyart.it\/de\/devotionalien\/die-madonna-des-schnees-und-das-wunder-vom-5-august\/#breadcrumb","itemListElement":[{"@type":"ListItem","position":1,"name":"Homepage","item":"https:\/\/blog.holyart.it\/de\/"},{"@type":"ListItem","position":2,"name":"Religion","item":"https:\/\/blog.holyart.it\/de\/devotionalien\/"},{"@type":"ListItem","position":3,"name":"Die Madonna des Schnees und das Wunder vom 5. August"}]},{"@type":"WebSite","@id":"https:\/\/blog.holyart.it\/de\/#website","url":"https:\/\/blog.holyart.it\/de\/","name":"Holyart.de Blog","description":"Holyblog","publisher":{"@id":"https:\/\/blog.holyart.it\/de\/#organization"},"potentialAction":[{"@type":"SearchAction","target":{"@type":"EntryPoint","urlTemplate":"https:\/\/blog.holyart.it\/de\/?s={search_term_string}"},"query-input":{"@type":"PropertyValueSpecification","valueRequired":true,"valueName":"search_term_string"}}],"inLanguage":"de"},{"@type":"Organization","@id":"https:\/\/blog.holyart.it\/de\/#organization","name":"Holyart.de Blog","url":"https:\/\/blog.holyart.it\/de\/","logo":{"@type":"ImageObject","inLanguage":"de","@id":"https:\/\/blog.holyart.it\/de\/#\/schema\/logo\/image\/","url":"https:\/\/blog.holyart.it\/de\/wp-content\/uploads\/sites\/12\/2022\/12\/Holyart_Blog_Logo.jpg","contentUrl":"https:\/\/blog.holyart.it\/de\/wp-content\/uploads\/sites\/12\/2022\/12\/Holyart_Blog_Logo.jpg","width":300,"height":50,"caption":"Holyart.de Blog"},"image":{"@id":"https:\/\/blog.holyart.it\/de\/#\/schema\/logo\/image\/"}},{"@type":"Person","@id":"https:\/\/blog.holyart.it\/de\/#\/schema\/person\/0a7b686e5af0f856ec1e390dd0baecda","name":"Redazione","image":{"@type":"ImageObject","inLanguage":"de","@id":"https:\/\/blog.holyart.it\/de\/#\/schema\/person\/image\/","url":"https:\/\/secure.gravatar.com\/avatar\/f477da817f43e50d0af36abecd33e3edf826c68299714bdc1057dff3b113f516?s=96&d=mm&r=g","contentUrl":"https:\/\/secure.gravatar.com\/avatar\/f477da817f43e50d0af36abecd33e3edf826c68299714bdc1057dff3b113f516?s=96&d=mm&r=g","caption":"Redazione"}}]}},"_links":{"self":[{"href":"https:\/\/blog.holyart.it\/de\/wp-json\/wp\/v2\/posts\/6499","targetHints":{"allow":["GET"]}}],"collection":[{"href":"https:\/\/blog.holyart.it\/de\/wp-json\/wp\/v2\/posts"}],"about":[{"href":"https:\/\/blog.holyart.it\/de\/wp-json\/wp\/v2\/types\/post"}],"author":[{"embeddable":true,"href":"https:\/\/blog.holyart.it\/de\/wp-json\/wp\/v2\/users\/1"}],"replies":[{"embeddable":true,"href":"https:\/\/blog.holyart.it\/de\/wp-json\/wp\/v2\/comments?post=6499"}],"version-history":[{"count":11,"href":"https:\/\/blog.holyart.it\/de\/wp-json\/wp\/v2\/posts\/6499\/revisions"}],"predecessor-version":[{"id":6516,"href":"https:\/\/blog.holyart.it\/de\/wp-json\/wp\/v2\/posts\/6499\/revisions\/6516"}],"wp:featuredmedia":[{"embeddable":true,"href":"https:\/\/blog.holyart.it\/de\/wp-json\/wp\/v2\/media\/6502"}],"wp:attachment":[{"href":"https:\/\/blog.holyart.it\/de\/wp-json\/wp\/v2\/media?parent=6499"}],"wp:term":[{"taxonomy":"category","embeddable":true,"href":"https:\/\/blog.holyart.it\/de\/wp-json\/wp\/v2\/categories?post=6499"},{"taxonomy":"post_tag","embeddable":true,"href":"https:\/\/blog.holyart.it\/de\/wp-json\/wp\/v2\/tags?post=6499"}],"curies":[{"name":"wp","href":"https:\/\/api.w.org\/{rel}","templated":true}]}}