{"id":6431,"date":"2025-07-16T10:00:14","date_gmt":"2025-07-16T08:00:14","guid":{"rendered":"https:\/\/blog.holyart.it\/de\/?p=6431"},"modified":"2025-08-19T16:42:09","modified_gmt":"2025-08-19T14:42:09","slug":"papst-leo-xiv-alles-was-sie-ueber-den-neuen-papst-wissen-muessen","status":"publish","type":"post","link":"https:\/\/blog.holyart.it\/de\/devotionalien\/papst-leo-xiv-alles-was-sie-ueber-den-neuen-papst-wissen-muessen\/","title":{"rendered":"Papst Leo XIV.: Alles, was Sie \u00fcber den neuen Papst wissen m\u00fcssen"},"content":{"rendered":"<h4>Papst Leo XIV.: das neue Gesicht der katholischen Kirche im dritten Jahrtausend<\/h4>\n\n<p>Es gab einen Moment, in dem die Welt schweigend wartete, als die Glocken l\u00e4uteten und die Geschichte wieder zu flie\u00dfen begann, ihr m\u00e4chtiges Herz schlug. Von der Loggia des Segens aus, wo jeder neue Anfang Fleisch und Wort wird, durchbrach eine Stimme die Wartezeit mit einfachen Worten, die vor R\u00fchrung bebten: <strong>Worte des Friedens, Worte der Dankbarkeit<\/strong>. Der Name von <a href=\"https:\/\/www.holyart.de\/besondere-anlasse\/papst-franziskus?page=1&amp;_gl=1*66hyfb*_ga*MTQ4NzE4MjM0Mi4xNjk0Nzg4MTQz*_ga_W18MV136NH*czE3NTIyMTc1MzYkbzEyMDckZzEkdDE3NTIyMTc2MTIkajU1JGwwJGgw\"><strong>Papst Franziskus<\/strong><\/a> ging, sobald er von demjenigen ausgesprochen wurde, der sein Erbe antreten w\u00fcrde, wie ein Hauch lebendiger Erinnerung \u00fcber den Petersplatz: <strong>Papst Leo XIV, geboren als Robert Francis Prevost<\/strong>. Der neue Papst verbarg seine R\u00fchrung nicht. Er sprach von Franziskus als einem geistlichen Vater, einem milden Hirten, der es verstand, die Kirche in Zeiten der Unruhe und der Hoffnung zu f\u00fchren. \u201e<em>Ich \u00fcbernehme sein Erbe<\/em>\u201c, sagte er, \u201e<em>und damit den Traum von einer armen, br\u00fcderlichen und pilgernden Kirche\u201c<\/em>. Gleich nach seiner Wahl er\u00f6ffnete er mit sanftem Akzent und diskretem Schritt eine neue Zeit, die nach Kontinuit\u00e4t und Prophezeiung riecht.<\/p>\n<div class=\"link-product\">\n<div class=\"blocco-immagine\"><img loading=\"lazy\" decoding=\"async\" class=\"size-full wp-image-6433 alignleft\" src=\"https:\/\/blog.holyart.it\/de\/wp-content\/uploads\/sites\/12\/2025\/07\/bildchen-offizielles-logo-jubilaum-2025-papst-franziskus.jpg\" alt=\"bildchen offizielles logo jubilaum 2025 papst franziskus\" width=\"100\" height=\"100\" data-kale-share-title=\"Papst Leo XIV.: Alles, was Sie \u00fcber den neuen Papst wissen m\u00fcssen\" data-kale-share-url=\"https:\/\/blog.holyart.it\/de\/?p=6431\" \/><\/div>\n<div class=\"blocco-contenuto\">\n<div class=\"blocco-acquista\">Einkaufen:<\/div>\n<div class=\"blocco-titolo\"><a href=\"https:\/\/www.holyart.de\/besondere-anlasse\/papst-franziskus?page=1&amp;_gl=1*66hyfb*_ga*MTQ4NzE4MjM0Mi4xNjk0Nzg4MTQz*_ga_W18MV136NH*czE3NTIyMTc1MzYkbzEyMDckZzEkdDE3NTIyMTc2MTIkajU1JGwwJGgw\">Papst Franziskus<\/a><\/div>\n<div class=\"blocco-descrizione\">Papst Franziskus: Diese Produktkategorie ist Jorge Mario Bergoglio&#8230;<\/div>\n<\/div>\n<\/div>\n<p>Der erste amerikanische Papst der Geschichte, der in Chicago in eine Familie mit europ\u00e4ischem Blut hineingeboren wurde, pr\u00e4sentiert sich als <strong>Mann der Grenzen<\/strong>, als Br\u00fccke zwischen den Welten, zwischen den Kulturen, zwischen den Epochen. Mit einem Herz, <strong>das den Peripherien der Seele zugewandt ist<\/strong>, und einem Blick, der die Herausforderungen von morgen zu erkennen vermag, ist Leo XIV. dazu berufen, das Volk Gottes in der zerbrechlichen und gewagten Zeit des dritten Jahrtausends zu f\u00fchren. Und er tut dies mit der Bescheidenheit eines Menschen, der wei\u00df, dass er nicht allein ist, denn jeder Schritt, den er tut, tr\u00e4gt die Fu\u00dfstapfen derer in sich, die vor ihm kamen.<\/p>\n<p>Es ist ein Profil, das <strong>Wurzeln, Strenge und Atem<\/strong> vereint. Ein Verstand, der sich zwischen Logik und Theologie gebildet hat, ein Herz, das durch den Kontakt mit der Armut geschmiedet wurde, ein Geist, der in augustinischer Br\u00fcderlichkeit gemildert ist. Seine Gestalt verk\u00f6rpert auf nat\u00fcrliche Weise jenes Gleichgewicht, das die Kirche von heute beschw\u00f6rt: zwischen der Institution und dem Volk, zwischen der Tradition und den Fragen der Gegenwart, zwischen der Einheit des Glaubens und der Vielfalt der Kulturen.<\/p>\n<div class=\"link-article\">\n<p><img loading=\"lazy\" decoding=\"async\" class=\"size-full wp-image-6434 alignleft\" src=\"https:\/\/blog.holyart.it\/de\/wp-content\/uploads\/sites\/12\/2025\/07\/20-Fakten-ueber-Papst-Franziskus-1.jpg\" alt=\"20 Fakten ueber Papst Franziskus\" width=\"150\" height=\"99\" data-kale-share-title=\"Papst Leo XIV.: Alles, was Sie \u00fcber den neuen Papst wissen m\u00fcssen\" data-kale-share-url=\"https:\/\/blog.holyart.it\/de\/?p=6431\" \/><\/p>\n<div class=\"leggi-anche\">Lesen Sie auch:<\/div>\n<p><strong><a href=\"https:\/\/www.holyart.de\/blog\/besondere-anlassen\/20-fakten-ueber-papst-franziskus\/\">20 Fakten \u00fcber Papst Franziskus<\/a><\/strong><br \/>\nInformationen \u00fcber Papst Franziskus, Kuriosit\u00e4ten und besondere Momente seines Pontifikats\u2026<\/p>\n<\/div>\n<h2>Urspr\u00fcnge und Identit\u00e4t eines \u201estillen amerikanischen B\u00fcrgers\u201c Papst<\/h2>\n<p><strong>Robert Francis Prevost<\/strong> wurde am 14. September 1955 in der Metropole Chicago geboren, dem pulsierenden Herzen jenes Amerikas, das in der Lage ist, alte Traditionen zu bewahren und sich furchtlos dem Unbekannten zu stellen. Seine Wurzeln liegen im Boden einer sich <strong>kreuzenden Geschichte<\/strong>: italienisch-franz\u00f6sisch-spanisches Blut, Sprachen und Religionen, die sich gegenseitig von einem Kontinent zum anderen jagen.<\/p>\n<p>Sein Nachname ist bereits eine innere Geografie, eine Erinnerung an die Urspr\u00fcnge, die zu einer universellen Berufung werden. Manchmal tragen Namen ein altes Echo in sich, wie eine Glocke, die von weit her l\u00e4utet. Der <strong><em>Nachname Prevost stammt aus Frankreich<\/em><\/strong>, wo er einst jemanden bezeichnete, der dazu berufen war, zu f\u00fchren, zu beaufsichtigen, mit Autorit\u00e4t und Gerechtigkeit zu dienen. Er leitet sich von dem mittelalterlichen Begriff <strong><em>pr\u00e9v\u00f4t<\/em><\/strong> ab, mit dem Beamte bezeichnet wurden, die im Auftrag eines Herrn oder K\u00f6nigs L\u00e4ndereien, Gemeinden und heilige St\u00e4tten verwalteten. Aber noch tiefer, in der lateinischen Wurzel <em>praepositus<\/em>, steckt die urspr\u00fcngliche Bedeutung: \u201ejemand, der vorne steht\u201c. Nicht um zu dominieren, sondern um zu bewachen. Nicht um zu befehlen, sondern um zu f\u00fchren. Mit der Zeit wurde dieser Titel zu einem Namen, dann zu einem Nachnamen, der von Generation zu Generation wie ein stilles Verm\u00e4chtnis weitergegeben wurde. \u00dcber die Jahrhunderte hinweg verbreitete er sich in den franz\u00f6sischen Regionen Normandie und \u00cele-de-France, spiegelte sich in den italienischen Dialekten des Nordens wider und wurde zu <strong><em>Prevosto, Prev\u00f2, Provost<\/em><\/strong>, und in einigen Alpent\u00e4lern bezeichnete er den Pfarrer des Dorfes, den Rektor der Gemeinde, denjenigen, der \u00fcber das Leben der anderen wachte.<\/p>\n<div class=\"link-product\">\n<div class=\"blocco-immagine\"><img loading=\"lazy\" decoding=\"async\" class=\"size-full wp-image-6445 alignleft\" src=\"https:\/\/blog.holyart.it\/de\/wp-content\/uploads\/sites\/12\/2025\/07\/farbige-statue-aus-holz-priester-grodnertal.jpg\" alt=\"farbige statue aus holz priester grodnertal\" width=\"100\" height=\"100\" data-kale-share-title=\"Papst Leo XIV.: Alles, was Sie \u00fcber den neuen Papst wissen m\u00fcssen\" data-kale-share-url=\"https:\/\/blog.holyart.it\/de\/?p=6431\" \/><\/div>\n<div class=\"blocco-contenuto\">\n<div class=\"blocco-acquista\">Einkaufen:<\/div>\n<div class=\"blocco-titolo\"><a href=\"https:\/\/www.holyart.de\/devotionalien\/statuen\/statuen-aus-bemalten-holz\/farbige-statue-aus-holz-priester-grodnertal\">Farbige Statue aus Holz Priester, Gr\u00f6dnertal<\/a><\/div>\n<div class=\"blocco-descrizione\">Sch\u00f6ne Statue aus Ahornholz hergestellt&#8230;<\/div>\n<\/div>\n<\/div>\n<p>Es gibt einen Zweig, der nach S\u00fcden f\u00fchrt, zwischen den T\u00e4lern des Piemont und den Seen der Lombardei, wo sich die Sprachen wie Dialekte vermischen und die Nachnamen die Grenzen \u00fcberschreiten. Louis Marius Prevost, der Vater des k\u00fcnftigen Papstes, trug ein <strong>italienisches Erbe<\/strong> in sich, das vielleicht in den Falten der Genealogie seiner Mutter verborgen war, in jenen Mischehen, die Familien von jenseits der Alpen mit einheimischen Familien verbanden, in einem Netz von Verschiebungen, durchl\u00e4ssigen Grenzen und gemeinsamen Zuneigungen. Dort, zwischen Italien und Frankreich, wurde der Name Prevost zu einer kulturellen Br\u00fccke und \u00fcberquerte dann den Ozean, um in <strong>Amerika<\/strong> Wurzeln zu schlagen, wie ein Same, der vom Wind der Geschichte getragen wird. Ein Mosaik von Urspr\u00fcngen, das sich heute im milden und entschlossenen Gesicht von Leo XIV. zusammensetzt, einem Grenzpapst, Sohn verschiedener L\u00e4nder und universeller Bruder, mit einer Berufung zu Verantwortung, Dienst und F\u00fcrsorge.<\/p>\n<p>Die Familie von Robert Francis Prevost verk\u00f6rpert diese verschlungene Geschichte: ein Name, der von weit her kommt, der H\u00f6fe und Kirchen, Landschaften und St\u00e4dte kannte und der heute im Petersdom wie das Zeichen eines Schicksals erklingt. Prevost: ein <strong>Mann, <em>der \u201evorne steht\u201c,<\/em><\/strong> ja, aber um sich zum Diener zu machen, nicht zum Herrn. Um in der Mitte zu stehen, nicht oben. Um Br\u00fccken zu bauen, nicht Throne.<\/p>\n<h2>Eine Berufung in Zeit und Raum gemei\u00dfelt<\/h2>\n<p>Der Ruf kam f\u00fcr Robert Francis Prevost nicht wie ein pl\u00f6tzlicher Blitz, sondern wie eine geduldig Schritt f\u00fcr Schritt gezogene Linie zwischen den H\u00f6rs\u00e4len und den Peripherien der Welt. Aufgewachsen in den Vereinigten Staaten, ging er von klein auf den Weg des <strong>Ordens des <a href=\"https:\/\/www.holyart.de\/blog\/heilige-und-selige\/heiliger-augustinus-von-hippo-philosoph-bischof-und-theologe\/\">Heiligen Augustinus<\/a><\/strong>, durchdrungen von kontemplativer Spiritualit\u00e4t und einem Durst nach Gerechtigkeit. Den ersten Teil seiner Ausbildung absolvierte er im Kleinen Seminar der Augustiner und vertiefte sich dann in die Wissenschaften und das Denken. 1977 schloss er sein <strong>Studium der Mathematik und Philosophie<\/strong> an der Villanova University in Pennsylvania ab, einem Ort, an dem sich die Logik mit dem Glauben verbindet und die intellektuelle Strenge sich dem Geheimnis \u00f6ffnet.<\/p>\n<p>Im selben Jahr trat er in das Noviziat der Augustiner in Saint Louis, Missouri, ein und nahm die Regel als Kompass f\u00fcr seine Seele an. <strong>Die feierlichen Gel\u00fcbde legte er 1981 ab<\/strong> und besiegelte damit eine Entscheidung, die nicht nur religi\u00f6s, sondern auch zutiefst existentiell war. Er <strong>studierte Theologie<\/strong> an der Catholic Theological Union in Chicago und flog dann nach <strong>Rom<\/strong>, <a href=\"https:\/\/www.holyart.de\/blog\/devotionalien\/der-petersdom-im-vatikan-symbol-der-kirche-fuer-die-ganze-christliche-welt\/\"><strong>dem pulsierenden Herzen der Christenheit<\/strong><\/a>, wo er an der P\u00e4pstlichen Universit\u00e4t St. Thomas von Aquin seinen <strong>Doktor in Kirchenrecht mit Auszeichnung<\/strong> machte.<\/p>\n<div class=\"link-article\">\n<p><img loading=\"lazy\" decoding=\"async\" class=\"size-full wp-image-6435 alignleft\" src=\"https:\/\/blog.holyart.it\/de\/wp-content\/uploads\/sites\/12\/2025\/07\/Der-Petersdom-im-Vatikan-1.jpeg\" alt=\"St. Peter's Basilica\" width=\"150\" height=\"100\" data-kale-share-title=\"Papst Leo XIV.: Alles, was Sie \u00fcber den neuen Papst wissen m\u00fcssen\" data-kale-share-url=\"https:\/\/blog.holyart.it\/de\/?p=6431\" \/><\/p>\n<div class=\"leggi-anche\">Lesen Sie auch:<\/div>\n<p><strong><a href=\"https:\/\/www.holyart.de\/blog\/devotionalien\/der-petersdom-im-vatikan-symbol-der-kirche-fuer-die-ganze-christliche-welt\/\">Der Petersdom im Vatikan: Symbol der Kirche f\u00fcr die ganze christliche Welt<\/a><\/strong><br \/>\nDer Petersdom im Vatikan ist eine Basilika voller Bedeutungen\u2026<\/p>\n<\/div>\n<p>1982 wurde er in einem Rom, das noch immer von den St\u00fcrmen der Nachkonzilszeit gebeutelt wurde, <strong>zum Priester geweiht<\/strong>. Aber es war im <strong>Peru<\/strong> der 1980er Jahre, in den staubigen Stra\u00dfen von <strong>Trujillo<\/strong> und den verwundeten Gesichtern der Armut, dass der junge Pater Prevost eine der entscheidendsten Erfahrungen seines Lebens machte. Seit fast f\u00fcnfzehn Jahren ist er <strong>Pfarrer, Prior, Ausbilder, Gerichtsvikar, Lehrer<\/strong> f\u00fcr Patristik und Moral. Er lehrt, leitet an, h\u00f6rt zu. Er lernt eine Sprache, die nicht nur Spanisch ist, sondern die universelle Sprache des Mitgef\u00fchls. Der Globale S\u00fcden liegt ihm im Blut und im Herzen, und er schmiedet in ihm eine Pastoral, die es versteht, nah zu sein.<\/p>\n<p><strong>1999 kehrte er in die Vereinigten Staaten<\/strong> zur\u00fcck, wo er Prior der Augustinerprovinz von Chicago wurde. Zwei Jahre sp\u00e4ter, im Jahr 2001, wurde er zum <strong>Generalprior des gesamten <a href=\"https:\/\/www.holyart.de\/search?params=%7B%22search%22%3A%22Heiliger%20Augustinus%22%7D&amp;search_term=Heiliger+Augustinus\">Augustinerordens<\/a><\/strong> gew\u00e4hlt, eine F\u00fchrungsrolle, die er zw\u00f6lf Jahre lang innehatte, wobei er Kontinente und Gemeinschaften durchquerte, in der st\u00e4ndigen Spannung zwischen Kontemplation und Mission.<\/p>\n<p>Doch erst unter dem Pontifikat von <strong>Papst Franziskus<\/strong> erschien seine Gestalt endg\u00fcltig auf der B\u00fchne der Weltkirche. Im Jahr 2014 wurde er zum <strong>Bischof von Chiclayo<\/strong>, Peru, ernannt und bekleidete anschlie\u00dfend wichtige \u00c4mter in der r\u00f6mischen Kurie. Er wurde zum Mitglied wichtiger Dikasterien ernannt, darunter derer f\u00fcr den Klerus und die Bisch\u00f6fe. <strong>2023 wurde er Pr\u00e4fekt des Dikasteriums f\u00fcr die Bisch\u00f6fe und Pr\u00e4sident der P\u00e4pstlichen Kommission f\u00fcr Lateinamerika<\/strong>: Schl\u00fcsselrollen bei der Entscheidungsfindung und Ernennung neuer Pfarrer.<\/p>\n<p><strong>Am 30. September 2023 kreierte ihn Franziskus zum Kardinal<\/strong>, eine Geste, die bereits wie ein Vorspiel klang.<\/p>\n<div class=\"link-product\">\n<div class=\"blocco-immagine\"><img loading=\"lazy\" decoding=\"async\" class=\"size-full wp-image-6447 alignleft\" src=\"https:\/\/blog.holyart.it\/de\/wp-content\/uploads\/sites\/12\/2025\/07\/heiliger-augustinus-resin-koloriert-20-cm.jpg\" alt=\"heiliger augustinus resin koloriert 20 cm\" width=\"100\" height=\"100\" data-kale-share-title=\"Papst Leo XIV.: Alles, was Sie \u00fcber den neuen Papst wissen m\u00fcssen\" data-kale-share-url=\"https:\/\/blog.holyart.it\/de\/?p=6431\" \/><\/div>\n<div class=\"blocco-contenuto\">\n<div class=\"blocco-acquista\">Einkaufen:<\/div>\n<div class=\"blocco-titolo\"><a href=\"https:\/\/www.holyart.de\/search?params=%7B%22search%22%3A%22Heiliger%20Augustinus%22%7D&amp;search_term=Heiliger+Augustinus\">Heiliger Augustinus<\/a><\/div>\n<div class=\"blocco-descrizione\">Produkte auf Heiligen Augustinus&#8230;<\/div>\n<\/div>\n<\/div>\n<p>Er ist der <strong>erste Papst mit einem Abschluss in Mathematik<\/strong>. Man nennt ihn bereits den \u201eMathematiker-Papst\u201c, doch man muss ihm nur zuh\u00f6ren, um zu verstehen, dass er weder kalt noch abstrakt ist. Analyse, Pr\u00e4zision und klare Argumentation sind Werkzeuge, die sich dem Licht des Evangeliums beugen. Schon bei seinem ersten Auftritt bricht Leo XIV. mit der Praxis: Er verliest als Erster eine Rede, die er in der Loggia des Petrus verfasst hat \u2013 eine vielleicht kleine Geste, die aber eine Methode, eine Vision offenbart. Jedes Wort z\u00e4hlt. Jede Entscheidung hat Gewicht.<\/p>\n<p>Man beschreibt ihn als <strong>zur\u00fcckhaltender Mann<\/strong>, doch in den Augenblicken vor der Wahl zeigte sich seine Menschlichkeit in all ihrer entwaffnenden Kraft. Die Kardin\u00e4le erz\u00e4hlen, wie sie ihn tief atmen sahen, \u00fcberw\u00e4ltigt von dem Ruf; einer von ihnen, Kardinal Tagle, bot ihm ein Bonbon an: eine kleine Geste, gro\u00dfe Z\u00e4rtlichkeit. Und als sich im entscheidenden Moment die Versammlung erhob, um ihm zuzujubeln, blieb er sitzen. Nicht aus Stolz, sondern aus heiliger Furcht: Jemand musste ihn an die Hand nehmen und hochheben.<\/p>\n<h2>Der Weg zum Thron Petri<\/h2>\n<p>Die Wahl Leos XIV. ist wie ein Wind, der ohne Vorwarnung die Richtung \u00e4ndert. Im <a href=\"https:\/\/www.holyart.de\/blog\/devotionalien\/wie-wird-ein-papst-gewaehlt-die-rolle-des-konklaves-und-die-geheimnisse-des-ritus\/\"><strong>Konklave<\/strong><\/a> schwebend zwischen Erwartungen und Gebeten, tauchten drei Namen auf: <strong>Pietro Parolin<\/strong>, das Gesicht der vatikanischen Diplomatie; <strong>Peter Erd\u00f6<\/strong>, ein theologisches Bollwerk; <strong>Robert Prevost<\/strong>, eine stille, aber bedeutungsvolle Pr\u00e4senz. Die Spaltungen unter den italienischen Kardin\u00e4len zerst\u00f6rten die alte Einheit dieser Str\u00f6mung, w\u00e4hrend Erd\u00f6s Vorschlag, unterst\u00fctzt von konservativeren Stimmen, in der Sixtinischen Kapelle nicht gen\u00fcgend Widerhall fand.<\/p>\n<p>Erst bei der vierten Abstimmung \u00e4nderte sich die Stimmung. \u201e<em>Die Stimmen fielen mit \u00fcberw\u00e4ltigender Mehrheit zugunsten von Prevost<\/em>\u201c, sagte Kardinal You aus Korea. Ein breiter Konsens, wie eine stille Flut, die alles umh\u00fcllt. Leo XIV. erschien als eine Figur der Synthese: eine Br\u00fccke zwischen den Epochen, ein geistiger Erbe von Franziskus, ein Mann, der in der Lage war, zu einer Welt im Wandel zu sprechen.<\/p>\n<div class=\"link-article\">\n<p><img loading=\"lazy\" decoding=\"async\" class=\"size-full wp-image-6437 alignleft\" src=\"https:\/\/blog.holyart.it\/de\/wp-content\/uploads\/sites\/12\/2025\/07\/Wie-wird-ein-Papst-gewaehlt-die-Rolle-des-Konklaves-und-die-Geheimnisse-des-Ritus-3.jpg\" alt=\"Wie wird ein Papst gewaehlt die Rolle des Konklaves und die Geheimnisse des Ritus\" width=\"150\" height=\"99\" data-kale-share-title=\"Papst Leo XIV.: Alles, was Sie \u00fcber den neuen Papst wissen m\u00fcssen\" data-kale-share-url=\"https:\/\/blog.holyart.it\/de\/?p=6431\" \/><\/p>\n<div class=\"leggi-anche\">Lesen Sie auch:<\/div>\n<p><strong><a href=\"https:\/\/www.holyart.de\/blog\/devotionalien\/wie-wird-ein-papst-gewaehlt-die-rolle-des-konklaves-und-die-geheimnisse-des-ritus\/\">Wie wird ein Papst gew\u00e4hlt: die Rolle des Konklaves und die Geheimnisse des Ritus<\/a><\/strong><br \/>\nWie ein Papst gew\u00e4hlt wird. Geschichte, Tradition\u2026<\/p>\n<\/div>\n<h2>Die Namenswahl: ein p\u00e4pstliches Programm<\/h2>\n<p>Als er den gew\u00e4hlten Namen, <strong>Leo XIV.,<\/strong> bekannt gab, tat er dies mit der Ruhe eines Menschen, der wei\u00df, dass jedes Wort ein Versprechen ist. Er bezog sich auf Leo XIII., den Autor von \u201e<em>Rerum novarum<\/em>\u201c, eine prophetische Stimme zur Zeit der ersten industriellen Revolution. Auch heute, so der neue Pontifex, erleben wir eine weitere Revolution: die der <strong>k\u00fcnstlichen Intelligenz<\/strong>, neuer Ungleichheiten und der Arbeit, die Form und Bedeutung ver\u00e4ndert.<\/p>\n<p>Sein Name ist eine Absichtserkl\u00e4rung, <strong>eine Br\u00fccke zwischen den Fragen der Vergangenheit und denen der Gegenwart<\/strong>. Mit der gleichen Kraft wie Leo will dieser Papst die Menschenw\u00fcrde verteidigen, <a href=\"https:\/\/www.holyart.de\/devotionalien\/statuen\/statuen-aus-bemalten-holz\/statue-heilig-jospeh-holz\"><strong>den Wert der Arbeit<\/strong><\/a> verk\u00fcnden und denen zuh\u00f6ren, die keine Stimme haben. Und damit stellt er die Kirche in den gro\u00dfen Dialog der Menschheit mit ihrer Zukunft.<\/p>\n<p>Seine Vision ist klar: Wie Leo XIII. zu seiner Zeit Worte der Gerechtigkeit sprach, so will Leo XIV. unserer Zeit <strong>Kriterien der Unterscheidung<\/strong> bieten. K\u00fcnstliche Intelligenz, die Transformation der Arbeit und die W\u00fcrde des Menschen seien die neuen Grenzen einer Soziallehre, die nicht hinter sich gelassen werden d\u00fcrfe. Jede Technologie, so sagte er, m\u00fcsse an ihrer F\u00e4higkeit gemessen werden, dem Menschen zu dienen, nicht ihn zu beherrschen. Jeder Fortschritt m\u00fcsse eine Liebkosung sein, nicht eine Wunde. In diesem Zusammenhang habe die Kirche die Aufgabe, sich daran zu erinnern, dass der Mensch keine Funktion, sondern ein Mysterium sei.<\/p>\n<div class=\"link-product\">\n<div class=\"blocco-immagine\"><img loading=\"lazy\" decoding=\"async\" class=\"size-full wp-image-6438 alignleft\" src=\"https:\/\/blog.holyart.it\/de\/wp-content\/uploads\/sites\/12\/2025\/07\/statue-heilig-jospeh-holz.jpg\" alt=\"statue heilig jospeh holz\" width=\"100\" height=\"100\" data-kale-share-title=\"Papst Leo XIV.: Alles, was Sie \u00fcber den neuen Papst wissen m\u00fcssen\" data-kale-share-url=\"https:\/\/blog.holyart.it\/de\/?p=6431\" \/><\/div>\n<div class=\"blocco-contenuto\">\n<div class=\"blocco-acquista\">Einkaufen:<\/div>\n<div class=\"blocco-titolo\"><a href=\"https:\/\/www.holyart.de\/devotionalien\/statuen\/statuen-aus-bemalten-holz\/statue-heilig-jospeh-holz?_gl=1*bwu28b*_ga*MTQ4NzE4MjM0Mi4xNjk0Nzg4MTQz*_ga_W18MV136NH*czE3NTIyMTc1MzYkbzEyMDckZzEkdDE3NTIyMTg1NzMkajU0JGwwJGgw\">Statue Heilig Jospeh Holz<\/a><\/div>\n<div class=\"blocco-descrizione\">Statue dem Heiligen Joseph dass den Hobel in den Haenden haelt&#8230;<\/div>\n<\/div>\n<\/div>\n<h2>Ein Pontifikat im Namen von Frieden und Vers\u00f6hnung<\/h2>\n<p>\u201e<strong><em>Friede sei mit euch allen<\/em><\/strong>\u201c: So begann er, wie eine universelle Umarmung. Doch es ist nicht der Friede der Bequemlichkeit, der Konflikte zugunsten eines ruhigen Lebens vermeidet. Sein <strong>Friede<\/strong> ist ein \u201e<strong><em>entwaffneter und entwaffnender<\/em><\/strong>\u201c Frieden, ein Frieden, der sich nackt anbietet und deshalb st\u00e4rker ist als jede Armee. <a href=\"https:\/\/www.holyart.de\/blog\/devotionalien\/die-schoensten-saetze-zum-frieden-von-papst-franziskus\/\"><strong>Ein Frieden, der das Gewissen hinterfragt<\/strong><\/a>, der Br\u00fccken baut, wenn die Welt Mauern errichtet. Der Pontifex ist, im urspr\u00fcnglichen Sinne des Wortes, derjenige, der die Ufer vereint. Und Leo XIV. will genau das sein: ein Sch\u00f6pfer der Begegnung, ein stiller Baumeister in einer Welt, die schreit.<\/p>\n<p>\u201e<strong><em>Ich bin der unw\u00fcrdige Nachfolger Petri<\/em><\/strong>\u201c, sagte Leo XIV., und in diesen Worten klang die Demut des Gro\u00dfen mit. Sein Blick ist der Tradition zugewandt, doch mit offenen Augen f\u00fcr die Grenzen. Er erkl\u00e4rte, er wolle <a href=\"https:\/\/www.holyart.de\/devotionalien\/statuen\/statuen-aus-resin-und-pvc\/papst-franziskus-resin-30-cm\">\u201e<strong><em>das kostbare Erbe von Papst Franziskus<\/em><\/strong>\u201c<\/a>\u00a0fortf\u00fchren und einen Weg der Inklusion, Synodalit\u00e4t und des Zuh\u00f6rens fortsetzen. In seinem Herzen lebt der Geist des Zweiten Vatikanischen Konzils weiter, ein leuchtender Kompass, der ihm in schwierigen Zeiten Orientierung gibt. <strong>Seine Vorstellung von der Kirche ist die eines lebendigen K\u00f6rpers<\/strong>, in dem jede Stimme B\u00fcrgerrecht hat und die Autorit\u00e4t nicht aufdr\u00e4ngt, sondern dient.<\/p>\n<div class=\"link-product\">\n<div class=\"blocco-immagine\"><img loading=\"lazy\" decoding=\"async\" class=\"size-full wp-image-6439 alignleft\" src=\"https:\/\/blog.holyart.it\/de\/wp-content\/uploads\/sites\/12\/2025\/07\/papst-franziskus-resin-30-cm-2.jpg\" alt=\"papst franziskus resin 30 cm\" width=\"100\" height=\"100\" data-kale-share-title=\"Papst Leo XIV.: Alles, was Sie \u00fcber den neuen Papst wissen m\u00fcssen\" data-kale-share-url=\"https:\/\/blog.holyart.it\/de\/?p=6431\" \/><\/div>\n<div class=\"blocco-contenuto\">\n<div class=\"blocco-acquista\">Einkaufen:<\/div>\n<div class=\"blocco-titolo\"><a href=\"https:\/\/www.holyart.de\/devotionalien\/statuen\/statuen-aus-resin-und-pvc\/papst-franziskus-resin-30-cm\">Papst Franziskus, Resin, 30 cm<\/a><\/div>\n<div class=\"blocco-descrizione\">Die Statue ist aus dem Material Resin gefertigt. Die Verwendung&#8230;<\/div>\n<\/div>\n<\/div>\n<h2>Der Ruf zur augustinischen Tradition<\/h2>\n<p>Er zitierte <strong>den heiligen Augustinus<\/strong>: \u201e<em>Mit euch bin ich Christ, f\u00fcr euch Bischof<\/em>.\u201c In diesen Worten lebt die ganze Weisheit eines Menschen, der die Tiefen der menschlichen Seele kennt. Wie Augustinus den Niedergang des Kaiserreichs und den Aufstieg einer neuen Welt erlebte, so f\u00fchrt Leo XIV. heute die Kirche zwischen den Ruinen und Verhei\u00dfungen unserer Zeit. Er ist Bischof, weil er Bruder ist. Kein Monarch, sondern Diener. Keine ferne Gestalt, sondern Gegenwart in der N\u00e4he.<\/p>\n<p>Er skizzierte seinen Weg <em>mit klaren und leuchtenden Worten<\/em>: <strong>Primat Christi, missionarische Umkehr, Synodalit\u00e4t, Beachtung des \u201eSensus fidei\u201c, Volksfr\u00f6mmigkeit, Sorge f\u00fcr die Letzten, Dialog mit der Welt<\/strong>. Keine Liste, sondern eine Landkarte des Herzens.<\/p>\n<p><a href=\"https:\/\/www.holyart.de\/devotionalien\/statuen\/statuen-aus-bemalten-holz\/statue-jesus-guter-hirte-bemalten-grodnertal-holz\"><strong>In der Mitte steht Christus<\/strong><\/a>. Nicht als Symbol, sondern als lebendige Gegenwart. Und ringsherum die Gemeinschaft, die verk\u00fcndet, zuh\u00f6rt und sich verwandeln l\u00e4sst. Eine Kirche, die Zerbrechlichkeit nicht f\u00fcrchtet, sondern sie als Ort der Gnade bewohnt.<\/p>\n<p>Das Pontifikat Leos XIV. \u00f6ffnet sich wie <strong>eine halb ge\u00f6ffnete T\u00fcr zur Zukunft<\/strong>. Im Inneren erblicken wir Gesichter, Tr\u00e4nen, Hoffnungen. Eine Kirche, die voranschreitet, die sich hinterfragen l\u00e4sst, die sich nicht scheut, sich die H\u00e4nde schmutzig zu machen. Eine Kirche, die \u201eWir\u201c zu sagen wei\u00df. Mit dem Atem des Franziskus im Herzen, mit dem Blick der Armen in seinen Augen beginnt Leo XIV. seinen Weg. Er tut dies als jemand, der ein brennendes Zeugnis mit sich tr\u00e4gt, das mit Respekt empfangen und treu erwidert wird. Und in diesem zitternden Licht, das Erinnerung und Prophezeiung zugleich ist, k\u00f6nnen wir bereits das Gesicht der kommenden Kirche erahnen.<\/p>\n<div class=\"link-product\">\n<div class=\"blocco-immagine\"><img loading=\"lazy\" decoding=\"async\" class=\"size-full wp-image-6440 alignleft\" src=\"https:\/\/blog.holyart.it\/de\/wp-content\/uploads\/sites\/12\/2025\/07\/statue-jesus-guter-hirte-bemalten-grodnertal-holz.jpg\" alt=\"statue jesus guter hirte bemalten grodnertal holz\" width=\"100\" height=\"100\" data-kale-share-title=\"Papst Leo XIV.: Alles, was Sie \u00fcber den neuen Papst wissen m\u00fcssen\" data-kale-share-url=\"https:\/\/blog.holyart.it\/de\/?p=6431\" \/><\/div>\n<div class=\"blocco-contenuto\">\n<div class=\"blocco-acquista\">Einkaufen:<\/div>\n<div class=\"blocco-titolo\"><a href=\"https:\/\/www.holyart.de\/devotionalien\/statuen\/statuen-aus-bemalten-holz\/statue-jesus-guter-hirte-bemalten-grodnertal-holz\">Statue Jesus Guter Hirte bemalten Gr\u00f6dnertal Holz<\/a><\/div>\n<div class=\"blocco-descrizione\">Statue Jesus Guter Hirte bemalten Gr\u00f6dnertal Holz. Statue von Jesus&#8230;<\/div>\n<\/div>\n<\/div>\n","protected":false},"excerpt":{"rendered":"<p>Papst Leo XIV.: das neue Gesicht der katholischen Kirche im dritten Jahrtausend Es gab einen Moment, in dem die Welt schweigend wartete, als die Glocken l\u00e4uteten und die Geschichte wieder zu flie\u00dfen begann, ihr m\u00e4chtiges Herz schlug. Von der Loggia des Segens aus, wo jeder&hellip;<\/p>\n","protected":false},"author":1,"featured_media":6432,"comment_status":"closed","ping_status":"open","sticky":false,"template":"","format":"standard","meta":{"_acf_changed":false,"footnotes":""},"categories":[10],"tags":[],"class_list":["post-6431","post","type-post","status-publish","format-standard","has-post-thumbnail","hentry","category-devotionalien"],"acf":[],"yoast_head":"<!-- This site is optimized with the Yoast SEO plugin v26.6 - https:\/\/yoast.com\/wordpress\/plugins\/seo\/ -->\n<title>Papst Leo XIV.: Alles, was Sie \u00fcber den neuen Papst wissen m\u00fcssen - Holyart.de Blog<\/title>\n<meta name=\"description\" content=\"Das Pontifikat Papst Leos XIV. \u00f6ffnet sich wie eine halb ge\u00f6ffnete T\u00fcr zur Zukunft. Wer ist der erste amerikanische Kirchenpapst? Herkunft\" \/>\n<meta name=\"robots\" content=\"index, follow, max-snippet:-1, max-image-preview:large, max-video-preview:-1\" \/>\n<link rel=\"canonical\" href=\"https:\/\/blog.holyart.it\/de\/devotionalien\/papst-leo-xiv-alles-was-sie-ueber-den-neuen-papst-wissen-muessen\/\" \/>\n<meta property=\"og:locale\" content=\"de_DE\" \/>\n<meta property=\"og:type\" content=\"article\" \/>\n<meta property=\"og:title\" content=\"Papst Leo XIV.: Alles, was Sie \u00fcber den neuen Papst wissen m\u00fcssen - Holyart.de Blog\" \/>\n<meta property=\"og:description\" content=\"Das Pontifikat Papst Leos XIV. \u00f6ffnet sich wie eine halb ge\u00f6ffnete T\u00fcr zur Zukunft. Wer ist der erste amerikanische Kirchenpapst? Herkunft\" \/>\n<meta property=\"og:url\" content=\"https:\/\/blog.holyart.it\/de\/devotionalien\/papst-leo-xiv-alles-was-sie-ueber-den-neuen-papst-wissen-muessen\/\" \/>\n<meta property=\"og:site_name\" content=\"Holyart.de Blog\" \/>\n<meta property=\"article:published_time\" content=\"2025-07-16T08:00:14+00:00\" \/>\n<meta property=\"article:modified_time\" content=\"2025-08-19T14:42:09+00:00\" \/>\n<meta property=\"og:image\" content=\"https:\/\/blog.holyart.it\/de\/wp-content\/uploads\/sites\/12\/2025\/07\/Leone-XIV.jpg\" \/>\n\t<meta property=\"og:image:width\" content=\"1000\" \/>\n\t<meta property=\"og:image:height\" content=\"666\" \/>\n\t<meta property=\"og:image:type\" content=\"image\/jpeg\" \/>\n<meta name=\"author\" content=\"Redazione\" \/>\n<meta name=\"twitter:card\" content=\"summary_large_image\" \/>\n<meta name=\"twitter:label1\" content=\"Verfasst von\" \/>\n\t<meta name=\"twitter:data1\" content=\"Redazione\" \/>\n\t<meta name=\"twitter:label2\" content=\"Gesch\u00e4tzte Lesezeit\" \/>\n\t<meta name=\"twitter:data2\" content=\"16\u00a0Minuten\" \/>\n<script type=\"application\/ld+json\" class=\"yoast-schema-graph\">{\"@context\":\"https:\/\/schema.org\",\"@graph\":[{\"@type\":\"Article\",\"@id\":\"https:\/\/blog.holyart.it\/de\/devotionalien\/papst-leo-xiv-alles-was-sie-ueber-den-neuen-papst-wissen-muessen\/#article\",\"isPartOf\":{\"@id\":\"https:\/\/blog.holyart.it\/de\/devotionalien\/papst-leo-xiv-alles-was-sie-ueber-den-neuen-papst-wissen-muessen\/\"},\"author\":{\"name\":\"Redazione\",\"@id\":\"https:\/\/blog.holyart.it\/de\/#\/schema\/person\/0a7b686e5af0f856ec1e390dd0baecda\"},\"headline\":\"Papst Leo XIV.: Alles, was Sie \u00fcber den neuen Papst wissen m\u00fcssen\",\"datePublished\":\"2025-07-16T08:00:14+00:00\",\"dateModified\":\"2025-08-19T14:42:09+00:00\",\"mainEntityOfPage\":{\"@id\":\"https:\/\/blog.holyart.it\/de\/devotionalien\/papst-leo-xiv-alles-was-sie-ueber-den-neuen-papst-wissen-muessen\/\"},\"wordCount\":2589,\"publisher\":{\"@id\":\"https:\/\/blog.holyart.it\/de\/#organization\"},\"image\":{\"@id\":\"https:\/\/blog.holyart.it\/de\/devotionalien\/papst-leo-xiv-alles-was-sie-ueber-den-neuen-papst-wissen-muessen\/#primaryimage\"},\"thumbnailUrl\":\"https:\/\/blog.holyart.it\/de\/wp-content\/uploads\/sites\/12\/2025\/07\/Leone-XIV.jpg\",\"articleSection\":[\"Religion\"],\"inLanguage\":\"de\"},{\"@type\":\"WebPage\",\"@id\":\"https:\/\/blog.holyart.it\/de\/devotionalien\/papst-leo-xiv-alles-was-sie-ueber-den-neuen-papst-wissen-muessen\/\",\"url\":\"https:\/\/blog.holyart.it\/de\/devotionalien\/papst-leo-xiv-alles-was-sie-ueber-den-neuen-papst-wissen-muessen\/\",\"name\":\"Papst Leo XIV.: Alles, was Sie \u00fcber den neuen Papst wissen m\u00fcssen - Holyart.de Blog\",\"isPartOf\":{\"@id\":\"https:\/\/blog.holyart.it\/de\/#website\"},\"primaryImageOfPage\":{\"@id\":\"https:\/\/blog.holyart.it\/de\/devotionalien\/papst-leo-xiv-alles-was-sie-ueber-den-neuen-papst-wissen-muessen\/#primaryimage\"},\"image\":{\"@id\":\"https:\/\/blog.holyart.it\/de\/devotionalien\/papst-leo-xiv-alles-was-sie-ueber-den-neuen-papst-wissen-muessen\/#primaryimage\"},\"thumbnailUrl\":\"https:\/\/blog.holyart.it\/de\/wp-content\/uploads\/sites\/12\/2025\/07\/Leone-XIV.jpg\",\"datePublished\":\"2025-07-16T08:00:14+00:00\",\"dateModified\":\"2025-08-19T14:42:09+00:00\",\"description\":\"Das Pontifikat Papst Leos XIV. \u00f6ffnet sich wie eine halb ge\u00f6ffnete T\u00fcr zur Zukunft. Wer ist der erste amerikanische Kirchenpapst? Herkunft\",\"breadcrumb\":{\"@id\":\"https:\/\/blog.holyart.it\/de\/devotionalien\/papst-leo-xiv-alles-was-sie-ueber-den-neuen-papst-wissen-muessen\/#breadcrumb\"},\"inLanguage\":\"de\",\"potentialAction\":[{\"@type\":\"ReadAction\",\"target\":[\"https:\/\/blog.holyart.it\/de\/devotionalien\/papst-leo-xiv-alles-was-sie-ueber-den-neuen-papst-wissen-muessen\/\"]}]},{\"@type\":\"ImageObject\",\"inLanguage\":\"de\",\"@id\":\"https:\/\/blog.holyart.it\/de\/devotionalien\/papst-leo-xiv-alles-was-sie-ueber-den-neuen-papst-wissen-muessen\/#primaryimage\",\"url\":\"https:\/\/blog.holyart.it\/de\/wp-content\/uploads\/sites\/12\/2025\/07\/Leone-XIV.jpg\",\"contentUrl\":\"https:\/\/blog.holyart.it\/de\/wp-content\/uploads\/sites\/12\/2025\/07\/Leone-XIV.jpg\",\"width\":1000,\"height\":666,\"caption\":\"Leone XIV\"},{\"@type\":\"BreadcrumbList\",\"@id\":\"https:\/\/blog.holyart.it\/de\/devotionalien\/papst-leo-xiv-alles-was-sie-ueber-den-neuen-papst-wissen-muessen\/#breadcrumb\",\"itemListElement\":[{\"@type\":\"ListItem\",\"position\":1,\"name\":\"Homepage\",\"item\":\"https:\/\/blog.holyart.it\/de\/\"},{\"@type\":\"ListItem\",\"position\":2,\"name\":\"Religion\",\"item\":\"https:\/\/blog.holyart.it\/de\/devotionalien\/\"},{\"@type\":\"ListItem\",\"position\":3,\"name\":\"Papst Leo XIV.: Alles, was Sie \u00fcber den neuen Papst wissen m\u00fcssen\"}]},{\"@type\":\"WebSite\",\"@id\":\"https:\/\/blog.holyart.it\/de\/#website\",\"url\":\"https:\/\/blog.holyart.it\/de\/\",\"name\":\"Holyart.de Blog\",\"description\":\"Holyblog\",\"publisher\":{\"@id\":\"https:\/\/blog.holyart.it\/de\/#organization\"},\"potentialAction\":[{\"@type\":\"SearchAction\",\"target\":{\"@type\":\"EntryPoint\",\"urlTemplate\":\"https:\/\/blog.holyart.it\/de\/?s={search_term_string}\"},\"query-input\":{\"@type\":\"PropertyValueSpecification\",\"valueRequired\":true,\"valueName\":\"search_term_string\"}}],\"inLanguage\":\"de\"},{\"@type\":\"Organization\",\"@id\":\"https:\/\/blog.holyart.it\/de\/#organization\",\"name\":\"Holyart.de Blog\",\"url\":\"https:\/\/blog.holyart.it\/de\/\",\"logo\":{\"@type\":\"ImageObject\",\"inLanguage\":\"de\",\"@id\":\"https:\/\/blog.holyart.it\/de\/#\/schema\/logo\/image\/\",\"url\":\"https:\/\/blog.holyart.it\/de\/wp-content\/uploads\/sites\/12\/2022\/12\/Holyart_Blog_Logo.jpg\",\"contentUrl\":\"https:\/\/blog.holyart.it\/de\/wp-content\/uploads\/sites\/12\/2022\/12\/Holyart_Blog_Logo.jpg\",\"width\":300,\"height\":50,\"caption\":\"Holyart.de Blog\"},\"image\":{\"@id\":\"https:\/\/blog.holyart.it\/de\/#\/schema\/logo\/image\/\"}},{\"@type\":\"Person\",\"@id\":\"https:\/\/blog.holyart.it\/de\/#\/schema\/person\/0a7b686e5af0f856ec1e390dd0baecda\",\"name\":\"Redazione\",\"image\":{\"@type\":\"ImageObject\",\"inLanguage\":\"de\",\"@id\":\"https:\/\/blog.holyart.it\/de\/#\/schema\/person\/image\/\",\"url\":\"https:\/\/secure.gravatar.com\/avatar\/f477da817f43e50d0af36abecd33e3edf826c68299714bdc1057dff3b113f516?s=96&d=mm&r=g\",\"contentUrl\":\"https:\/\/secure.gravatar.com\/avatar\/f477da817f43e50d0af36abecd33e3edf826c68299714bdc1057dff3b113f516?s=96&d=mm&r=g\",\"caption\":\"Redazione\"}}]}<\/script>\n<!-- \/ Yoast SEO plugin. -->","yoast_head_json":{"title":"Papst Leo XIV.: Alles, was Sie \u00fcber den neuen Papst wissen m\u00fcssen - Holyart.de Blog","description":"Das Pontifikat Papst Leos XIV. \u00f6ffnet sich wie eine halb ge\u00f6ffnete T\u00fcr zur Zukunft. Wer ist der erste amerikanische Kirchenpapst? Herkunft","robots":{"index":"index","follow":"follow","max-snippet":"max-snippet:-1","max-image-preview":"max-image-preview:large","max-video-preview":"max-video-preview:-1"},"canonical":"https:\/\/blog.holyart.it\/de\/devotionalien\/papst-leo-xiv-alles-was-sie-ueber-den-neuen-papst-wissen-muessen\/","og_locale":"de_DE","og_type":"article","og_title":"Papst Leo XIV.: Alles, was Sie \u00fcber den neuen Papst wissen m\u00fcssen - Holyart.de Blog","og_description":"Das Pontifikat Papst Leos XIV. \u00f6ffnet sich wie eine halb ge\u00f6ffnete T\u00fcr zur Zukunft. Wer ist der erste amerikanische Kirchenpapst? Herkunft","og_url":"https:\/\/blog.holyart.it\/de\/devotionalien\/papst-leo-xiv-alles-was-sie-ueber-den-neuen-papst-wissen-muessen\/","og_site_name":"Holyart.de Blog","article_published_time":"2025-07-16T08:00:14+00:00","article_modified_time":"2025-08-19T14:42:09+00:00","og_image":[{"width":1000,"height":666,"url":"https:\/\/blog.holyart.it\/de\/wp-content\/uploads\/sites\/12\/2025\/07\/Leone-XIV.jpg","type":"image\/jpeg"}],"author":"Redazione","twitter_card":"summary_large_image","twitter_misc":{"Verfasst von":"Redazione","Gesch\u00e4tzte Lesezeit":"16\u00a0Minuten"},"schema":{"@context":"https:\/\/schema.org","@graph":[{"@type":"Article","@id":"https:\/\/blog.holyart.it\/de\/devotionalien\/papst-leo-xiv-alles-was-sie-ueber-den-neuen-papst-wissen-muessen\/#article","isPartOf":{"@id":"https:\/\/blog.holyart.it\/de\/devotionalien\/papst-leo-xiv-alles-was-sie-ueber-den-neuen-papst-wissen-muessen\/"},"author":{"name":"Redazione","@id":"https:\/\/blog.holyart.it\/de\/#\/schema\/person\/0a7b686e5af0f856ec1e390dd0baecda"},"headline":"Papst Leo XIV.: Alles, was Sie \u00fcber den neuen Papst wissen m\u00fcssen","datePublished":"2025-07-16T08:00:14+00:00","dateModified":"2025-08-19T14:42:09+00:00","mainEntityOfPage":{"@id":"https:\/\/blog.holyart.it\/de\/devotionalien\/papst-leo-xiv-alles-was-sie-ueber-den-neuen-papst-wissen-muessen\/"},"wordCount":2589,"publisher":{"@id":"https:\/\/blog.holyart.it\/de\/#organization"},"image":{"@id":"https:\/\/blog.holyart.it\/de\/devotionalien\/papst-leo-xiv-alles-was-sie-ueber-den-neuen-papst-wissen-muessen\/#primaryimage"},"thumbnailUrl":"https:\/\/blog.holyart.it\/de\/wp-content\/uploads\/sites\/12\/2025\/07\/Leone-XIV.jpg","articleSection":["Religion"],"inLanguage":"de"},{"@type":"WebPage","@id":"https:\/\/blog.holyart.it\/de\/devotionalien\/papst-leo-xiv-alles-was-sie-ueber-den-neuen-papst-wissen-muessen\/","url":"https:\/\/blog.holyart.it\/de\/devotionalien\/papst-leo-xiv-alles-was-sie-ueber-den-neuen-papst-wissen-muessen\/","name":"Papst Leo XIV.: Alles, was Sie \u00fcber den neuen Papst wissen m\u00fcssen - Holyart.de Blog","isPartOf":{"@id":"https:\/\/blog.holyart.it\/de\/#website"},"primaryImageOfPage":{"@id":"https:\/\/blog.holyart.it\/de\/devotionalien\/papst-leo-xiv-alles-was-sie-ueber-den-neuen-papst-wissen-muessen\/#primaryimage"},"image":{"@id":"https:\/\/blog.holyart.it\/de\/devotionalien\/papst-leo-xiv-alles-was-sie-ueber-den-neuen-papst-wissen-muessen\/#primaryimage"},"thumbnailUrl":"https:\/\/blog.holyart.it\/de\/wp-content\/uploads\/sites\/12\/2025\/07\/Leone-XIV.jpg","datePublished":"2025-07-16T08:00:14+00:00","dateModified":"2025-08-19T14:42:09+00:00","description":"Das Pontifikat Papst Leos XIV. \u00f6ffnet sich wie eine halb ge\u00f6ffnete T\u00fcr zur Zukunft. Wer ist der erste amerikanische Kirchenpapst? Herkunft","breadcrumb":{"@id":"https:\/\/blog.holyart.it\/de\/devotionalien\/papst-leo-xiv-alles-was-sie-ueber-den-neuen-papst-wissen-muessen\/#breadcrumb"},"inLanguage":"de","potentialAction":[{"@type":"ReadAction","target":["https:\/\/blog.holyart.it\/de\/devotionalien\/papst-leo-xiv-alles-was-sie-ueber-den-neuen-papst-wissen-muessen\/"]}]},{"@type":"ImageObject","inLanguage":"de","@id":"https:\/\/blog.holyart.it\/de\/devotionalien\/papst-leo-xiv-alles-was-sie-ueber-den-neuen-papst-wissen-muessen\/#primaryimage","url":"https:\/\/blog.holyart.it\/de\/wp-content\/uploads\/sites\/12\/2025\/07\/Leone-XIV.jpg","contentUrl":"https:\/\/blog.holyart.it\/de\/wp-content\/uploads\/sites\/12\/2025\/07\/Leone-XIV.jpg","width":1000,"height":666,"caption":"Leone XIV"},{"@type":"BreadcrumbList","@id":"https:\/\/blog.holyart.it\/de\/devotionalien\/papst-leo-xiv-alles-was-sie-ueber-den-neuen-papst-wissen-muessen\/#breadcrumb","itemListElement":[{"@type":"ListItem","position":1,"name":"Homepage","item":"https:\/\/blog.holyart.it\/de\/"},{"@type":"ListItem","position":2,"name":"Religion","item":"https:\/\/blog.holyart.it\/de\/devotionalien\/"},{"@type":"ListItem","position":3,"name":"Papst Leo XIV.: Alles, was Sie \u00fcber den neuen Papst wissen m\u00fcssen"}]},{"@type":"WebSite","@id":"https:\/\/blog.holyart.it\/de\/#website","url":"https:\/\/blog.holyart.it\/de\/","name":"Holyart.de Blog","description":"Holyblog","publisher":{"@id":"https:\/\/blog.holyart.it\/de\/#organization"},"potentialAction":[{"@type":"SearchAction","target":{"@type":"EntryPoint","urlTemplate":"https:\/\/blog.holyart.it\/de\/?s={search_term_string}"},"query-input":{"@type":"PropertyValueSpecification","valueRequired":true,"valueName":"search_term_string"}}],"inLanguage":"de"},{"@type":"Organization","@id":"https:\/\/blog.holyart.it\/de\/#organization","name":"Holyart.de Blog","url":"https:\/\/blog.holyart.it\/de\/","logo":{"@type":"ImageObject","inLanguage":"de","@id":"https:\/\/blog.holyart.it\/de\/#\/schema\/logo\/image\/","url":"https:\/\/blog.holyart.it\/de\/wp-content\/uploads\/sites\/12\/2022\/12\/Holyart_Blog_Logo.jpg","contentUrl":"https:\/\/blog.holyart.it\/de\/wp-content\/uploads\/sites\/12\/2022\/12\/Holyart_Blog_Logo.jpg","width":300,"height":50,"caption":"Holyart.de Blog"},"image":{"@id":"https:\/\/blog.holyart.it\/de\/#\/schema\/logo\/image\/"}},{"@type":"Person","@id":"https:\/\/blog.holyart.it\/de\/#\/schema\/person\/0a7b686e5af0f856ec1e390dd0baecda","name":"Redazione","image":{"@type":"ImageObject","inLanguage":"de","@id":"https:\/\/blog.holyart.it\/de\/#\/schema\/person\/image\/","url":"https:\/\/secure.gravatar.com\/avatar\/f477da817f43e50d0af36abecd33e3edf826c68299714bdc1057dff3b113f516?s=96&d=mm&r=g","contentUrl":"https:\/\/secure.gravatar.com\/avatar\/f477da817f43e50d0af36abecd33e3edf826c68299714bdc1057dff3b113f516?s=96&d=mm&r=g","caption":"Redazione"}}]}},"_links":{"self":[{"href":"https:\/\/blog.holyart.it\/de\/wp-json\/wp\/v2\/posts\/6431","targetHints":{"allow":["GET"]}}],"collection":[{"href":"https:\/\/blog.holyart.it\/de\/wp-json\/wp\/v2\/posts"}],"about":[{"href":"https:\/\/blog.holyart.it\/de\/wp-json\/wp\/v2\/types\/post"}],"author":[{"embeddable":true,"href":"https:\/\/blog.holyart.it\/de\/wp-json\/wp\/v2\/users\/1"}],"replies":[{"embeddable":true,"href":"https:\/\/blog.holyart.it\/de\/wp-json\/wp\/v2\/comments?post=6431"}],"version-history":[{"count":10,"href":"https:\/\/blog.holyart.it\/de\/wp-json\/wp\/v2\/posts\/6431\/revisions"}],"predecessor-version":[{"id":6452,"href":"https:\/\/blog.holyart.it\/de\/wp-json\/wp\/v2\/posts\/6431\/revisions\/6452"}],"wp:featuredmedia":[{"embeddable":true,"href":"https:\/\/blog.holyart.it\/de\/wp-json\/wp\/v2\/media\/6432"}],"wp:attachment":[{"href":"https:\/\/blog.holyart.it\/de\/wp-json\/wp\/v2\/media?parent=6431"}],"wp:term":[{"taxonomy":"category","embeddable":true,"href":"https:\/\/blog.holyart.it\/de\/wp-json\/wp\/v2\/categories?post=6431"},{"taxonomy":"post_tag","embeddable":true,"href":"https:\/\/blog.holyart.it\/de\/wp-json\/wp\/v2\/tags?post=6431"}],"curies":[{"name":"wp","href":"https:\/\/api.w.org\/{rel}","templated":true}]}}