{"id":6419,"date":"2025-07-14T10:00:39","date_gmt":"2025-07-14T08:00:39","guid":{"rendered":"https:\/\/blog.holyart.it\/de\/?p=6419"},"modified":"2026-04-14T09:35:57","modified_gmt":"2026-04-14T07:35:57","slug":"was-die-prophezeiung-des-heiligen-malachias-ueber-die-paepste-sagt","status":"publish","type":"post","link":"https:\/\/blog.holyart.it\/de\/devotionalien\/was-die-prophezeiung-des-heiligen-malachias-ueber-die-paepste-sagt\/","title":{"rendered":"Was die Prophezeiung des heiligen Malachias \u00fcber die P\u00e4pste sagt"},"content":{"rendered":"<h4>Die Prophezeiung des heiligen Malachias \u00fcber das Ende des Papsttums: zwischen Vision und T\u00e4uschung, Glaube und Beunruhigung<\/h4>\n\n<p>In einer Zeit, in der die Welt immer schneller auf eine ungewisse Zukunft zuzusteuern scheint, tauchen alte Prophezeiungen aus der Vergangenheit wieder auf, so als wollten sie uns zufl\u00fcstern, dass die menschliche Geschichte bereits festgelegten Pl\u00e4nen folgt, Wegen, die bereits vor Jahrhunderten von erleuchteten Geistern oder vielleicht g\u00f6ttlichen Eingriffen vorgezeichnet wurden. Unter diesen Prophezeiungen ist eine der faszinierendsten und umstrittensten sicherlich diejenige, die dem <strong>heiligen Malachias<\/strong> zugeschrieben wird, einem irischen M\u00f6nch aus dem 12. Jahrhundert, der die Nachfolge aller P\u00e4pste bis zum Ende der Zeit vorhergesagt haben soll. Ein r\u00e4tselhaftes Dokument, das in r\u00e4tselhaften lateinischen Formulierungen das Schicksal des p\u00e4pstlichen Throns \u00fcber die Jahrhunderte hinweg mit beunruhigender Pr\u00e4zision zu verfolgen scheint.<\/p>\n<p>Beginnen wir mit den harten Fakten. Im Herzen des mittelalterlichen Irlands, inmitten nebliger W\u00e4lder und steinerner Kl\u00f6ster, lebte ein Mann, der \u00fcber die Zeit hinausblicken konnte. Sein Name war Malachi von Armagh, der heute als Heiliger verehrt wird. Der 1094 geborene Malachi war ein Bischof, Reformator und Mystiker. Sein Glaube brannte wie ein stilles Feuer in den Ruinen des sich neu formierenden Europas. Die Legende beschreibt ihn als einen Mann mit tiefen Visionen, der von einer Aura der Prophetie gepr\u00e4gt war.<\/p>\n<p>W\u00e4hrend einer <a href=\"https:\/\/www.holyart.de\/blog\/devotionalien\/pilgerreise-nach-rom-ein-beliebtes-ziel-fuer-christen\/\"><strong>Pilgerreise nach Rom<\/strong><\/a> um 1139 soll Malachi von einer ersch\u00fctternden Vision ergriffen worden sein: <strong>die Abfolge der P\u00e4pste, die bis zum Ende der Zeit aufeinander folgen w\u00fcrden<\/strong>. Nach seiner R\u00fcckkehr nach Irland soll er diese Zukunftsvisionen schriftlich festgehalten und ein kryptisches Manuskript hinterlassen haben, das er dem stillen Schatten einer geheimen Bibliothek anvertraute. Das Dokument, das jahrhundertelang verschwand, wurde erst 1595 ver\u00f6ffentlicht und dem Benediktinerabt <strong>Arnold de Wyon<\/strong> zugeschrieben.<\/p>\n<div class=\"link-article\">\n<p><img loading=\"lazy\" decoding=\"async\" class=\"size-full wp-image-6421 alignleft\" src=\"https:\/\/blog.holyart.it\/de\/wp-content\/uploads\/sites\/12\/2025\/07\/Pilgerreise-nach-Rom.jpg\" alt=\"Pilgerreise nach Rom\" width=\"150\" height=\"99\" data-kale-share-title=\"Was die Prophezeiung des heiligen Malachias \u00fcber die P\u00e4pste sagt\" data-kale-share-url=\"https:\/\/blog.holyart.it\/de\/?p=6419\" \/><\/p>\n<div class=\"leggi-anche\">Lesen Sie auch:<\/div>\n<p><strong><a href=\"https:\/\/www.holyart.de\/blog\/devotionalien\/pilgerreise-nach-rom-ein-beliebtes-ziel-fuer-christen\/\">Pilgerreise nach Rom: ein beliebtes Ziel f\u00fcr Christen<\/a><\/strong><br \/>\nEine Pilgerfahrt nach Rom ist seit jeher eine der wichtigsten spirituellen Erfahrungen f\u00fcr Christen\u2026<\/p>\n<\/div>\n<p>Aber wer kann schon sagen, wo die Wahrheit endet und die Legende beginnt? Der heilige Malachias und sein Blick in die Zukunft leben weiter, seine Prophezeiung, ob wahr oder vermeintlich, erklingt im Gefl\u00fcster der Kirchenschiffe, im Gemurmel der Pilger, im Zittern derer, die Hoffnung oder Angst f\u00fcr unser aller Zukunft suchen.<\/p>\n<h2>Wer war der Heilige Malachias<\/h2>\n<p>Malachias von Armagh wurde im Irland des 12. Jahrhunderts geboren und wuchs inmitten der nebligen Moore und Abteien auf, die von Stille und Gebet erf\u00fcllt waren. Er war M\u00f6nch, dann Erzbischof, Reformer und Thaumaturg. Sein Geist brannte wie eine Fackel in den n\u00f6rdlichen L\u00e4ndern, angefacht durch einen unersch\u00fctterlichen Glauben und eine tiefe Vertrautheit mit dem Geheimnis. Er war ein Freund und Vertrauter des <strong>heiligen Bernhard von Clairvaux<\/strong>, dem Licht des Zisterzienserordens und geistigen Vater ganzer Generationen von Gl\u00e4ubigen. Er war es, der eine intensive und bewegende Biografie von Maleachi verfasst hat, allerdings &#8211; und das ist f\u00fcr uns hier entscheidend &#8211; <strong>ohne jegliche Erw\u00e4hnung prophetischer Visionen<\/strong>. Nichts in dem Bericht des Zisterzienserm\u00f6nchs deutet auf die Existenz dessen hin, was, wenn es authentisch w\u00e4re, zu den schockierendsten Prophezeiungen des Christentums geh\u00f6ren w\u00fcrde.<\/p>\n<p>Es hei\u00dft jedoch, dass Malachi um das Jahr 1139 w\u00e4hrend einer <strong>Pilgerreise nach Rom<\/strong> von einer mystischen Ekstase ergriffen wurde, in der er eine Vision der gesamten Abfolge der k\u00fcnftigen P\u00e4psten bis zum Ende der Zeit erhielt. Eine schwindelerregende Offenbarung, die angeblich in einem geheimen Manuskript festgehalten wurde, das damals in den Gew\u00f6lben des Vatikans aufbewahrt wurde und erst Jahrhunderte sp\u00e4ter wieder auftauchte.<\/p>\n<p>Ob Geschichte oder Legende, diese Vision h\u00e4tte die Zeit wie ein prophetisches Fl\u00fcstern \u00fcberbr\u00fcckt und <strong>die Liste der 112 P\u00e4pste \u00fcberliefert<\/strong>, die dazu bestimmt waren, bis zum J\u00fcngsten Gericht das Ruder der Kirche zu \u00fcbernehmen.<\/p>\n<h2>Die Prophezeiung Malachias<\/h2>\n<p>Im Jahr 1595 ver\u00f6ffentlichte der Benediktinerm\u00f6nch <strong>Arnold Wyon<\/strong> in einem Band mit dem Titel <em>Lignum Vitae<\/em> ein geheimnisvolles Dokument: eine Liste von 112 lateinischen Mottos, von denen sich jedes auf einen Papst bezieht, von <strong>Coelestin II. (1143)<\/strong> bis zu einem zuk\u00fcnftigen Pontifex namens Petrus Romanus\u201c, der die Kirche in der Zeit ihrer \u00e4u\u00dfersten Verfolgung vor dem J\u00fcngsten Gericht regieren wird.<\/p>\n<p>Das Werk mit dem Titel <em>Prophetia Sancti Malachiae Archiepiscopi, de Summis Pontificibus<\/em> schien das Schicksal der Kirche in einer poetischen und unentzifferbaren Sequenz zusammenzufassen: kurze S\u00e4tze wie \u201e<em>De gloria olivae\u201c, \u201ePastor angelicus\u201c, \u201eLilium et rosa\u201c<\/em>, obskure Beschw\u00f6rungen, reich an Symbolik, manchmal beunruhigend in ihrer scheinbaren Anlehnung an reale Ereignisse.<\/p>\n<p>Dennoch <strong>hatte vor dem 16. Jahrhundert niemand je von dieser Prophezeiung geh\u00f6rt<\/strong>. Kein einziges Manuskript, kein Zitat, kein Fragment. Weder im Mittelalter noch in den Jahrhunderten unmittelbar nach dem Tod Maleachis gab es eine Spur davon. Ein ohrenbet\u00e4ubendes Schweigen, das tiefe Fragen aufwirft.<\/p>\n<p>Viele Historiker glauben heute, dass es sich um <strong>eine absichtlich inszenierte F\u00e4lschung<\/strong> handelt, m\u00f6glicherweise um das <a href=\"https:\/\/www.holyart.de\/blog\/devotionalien\/wie-wird-ein-papst-gewaehlt-die-rolle-des-konklaves-und-die-geheimnisse-des-ritus\/\"><strong>Konklave<\/strong><\/a> von 1590 zu beeinflussen. Eines der Mottos, \u201e<em>Ex antiquitate urbis<\/em>\u201c, scheint sich direkt auf Kardinal Girolamo Simoncelli zu beziehen, der aus Orvieto (<em>Urbs Vetus<\/em>) stammte und ein Kandidat f\u00fcr den p\u00e4pstlichen Thron war. Ein Propagandatrick also, getarnt als g\u00f6ttliche Inspiration. Weitere Hinweise n\u00e4hren den Verdacht. Einige Wissenschaftler schreiben die F\u00e4lschung dem Arzt und Gelehrten Alfonso Ceccarelli zu, einem ber\u00fchmten F\u00e4lscher seiner Zeit, auch wenn die Chronologie nicht ganz \u00fcbereinstimmt. Sicherlich erschien die Prophezeiung <strong>in einer Zeit gro\u00dfer politischer Instabilit\u00e4t<\/strong>, in der Vorhersagen und Orakel h\u00e4ufig kursierten, um irdische und geistliche M\u00e4chte zu rechtfertigen, zu beeinflussen oder zu legitimieren.<\/p>\n<div class=\"link-article\">\n<p><img loading=\"lazy\" decoding=\"async\" class=\"size-full wp-image-6422 alignleft\" src=\"https:\/\/blog.holyart.it\/de\/wp-content\/uploads\/sites\/12\/2025\/07\/Wie-wird-ein-Papst-gewaehlt-die-Rolle-des-Konklaves-und-die-Geheimnisse-des-Ritus-1.jpg\" alt=\"Wie wird ein Papst gewaehlt die Rolle des Konklaves und die Geheimnisse des Ritus\" width=\"150\" height=\"99\" data-kale-share-title=\"Was die Prophezeiung des heiligen Malachias \u00fcber die P\u00e4pste sagt\" data-kale-share-url=\"https:\/\/blog.holyart.it\/de\/?p=6419\" \/><\/p>\n<div class=\"leggi-anche\">Lesen Sie auch:<\/div>\n<p><strong><a href=\"https:\/\/www.holyart.de\/blog\/devotionalien\/wie-wird-ein-papst-gewaehlt-die-rolle-des-konklaves-und-die-geheimnisse-des-ritus\/\">Wie wird ein Papst gew\u00e4hlt: die Rolle des Konklaves und die Geheimnisse des Ritus<\/a><\/strong><br \/>\nWie ein Papst gew\u00e4hlt wird. Geschichte, Tradition und Geheimnis eines\u2026<\/p>\n<\/div>\n<p>Hier sind die Mottos der Prophezeiung, die den letzten P\u00e4psten zugeschrieben wird:<\/p>\n<ul>\n<li><em>De medietate Lunae<\/em>: <strong>Johannes Paul I.<\/strong> (Albino Luciani, 1978). Der \u201e<em>Halbmond-Papst<\/em>\u201c, so genannt wegen der K\u00fcrze seines Pontifikats, das nur 33 Tage dauerte, wie ein halbierter Mond am Himmel.<\/li>\n<li><em>De labore Solis<\/em>: <a href=\"https:\/\/www.holyart.de\/besondere-anlasse\/johannes-paul-ii?page=1\"><strong>Johannes Paul II.<\/strong><\/a> (Karol Wojty\u0142a, 1978\u20132005). \u201e<em>Vom Werk der Sonne<\/em>\u201c: Geboren und gestorben w\u00e4hrend zweier Sonnenfinsternisse, war sein Pontifikat von einem intensiven Licht gepr\u00e4gt, das die Schatten der Welt durchdrang.<\/li>\n<li><em>Gloria olivae<\/em>: <a href=\"https:\/\/www.holyart.de\/besondere-anlasse\/benedikt-xvi?page=1\"><strong>Benedikt XVI.<\/strong><\/a> (Joseph Ratzinger, 2005\u20132013). \u201e<em>Die Herrlichkeit des \u00d6lbaums<\/em>\u201c: eine Anspielung auf den Benediktinerorden, dem er angeh\u00f6rte, und ein Symbol des Friedens in turbulenten Zeiten.<\/li>\n<li><em>In persecutione extrema S.R.E. sedebit<\/em>: <a href=\"https:\/\/www.holyart.de\/besondere-anlasse\/papst-franziskus?page=1\"><strong>Franziskus <\/strong><\/a>(Jorge Mario Bergoglio, 2013\u20132025). \u201e<em>Er wird w\u00e4hrend der letzten Verfolgung der Heiligen R\u00f6mischen Kirche sitzen<\/em>.\u201c Dies ist das Motto von Papst Franziskus, dem 111. auf der Liste. Als Sohn des anderen Roms, des Emigranten, ein Hirte, der \u201evom Ende der Welt\u201c kam, trug Franziskus nicht den Namen Petrus, verk\u00f6rperte aber vielleicht dessen Geist: Einfachheit, Fels, Kreuz. Ob er der \u201ePetrus Romanus\u201c oder nur der letzte W\u00e4chter vor dem Schweigen war, kann niemand sagen.papst-franziskus-resin-30-cm\n<div class=\"link-product\">\n<div class=\"blocco-immagine\"><img loading=\"lazy\" decoding=\"async\" class=\"size-full wp-image-6424 alignleft\" src=\"https:\/\/blog.holyart.it\/de\/wp-content\/uploads\/sites\/12\/2025\/07\/papst-franziskus-resin-30-cm-1.jpg\" alt=\"papst franziskus- esin 30 cm\" width=\"100\" height=\"100\" data-kale-share-title=\"Was die Prophezeiung des heiligen Malachias \u00fcber die P\u00e4pste sagt\" data-kale-share-url=\"https:\/\/blog.holyart.it\/de\/?p=6419\" \/><\/div>\n<div class=\"blocco-contenuto\">\n<div class=\"blocco-acquista\">Einkaufen:<\/div>\n<div class=\"blocco-titolo\"><a href=\"https:\/\/www.holyart.de\/besondere-anlasse\/papst-franziskus?page=1\">Papst Franziskus<\/a><\/div>\n<div class=\"blocco-descrizione\">Papst Franziskus: Diese Produktkategorie ist Jorge Mario Bergoglio&#8230;<\/div>\n<\/div>\n<\/div>\n<\/li>\n<\/ul>\n<h2>Prophezeiung \u00fcber den letzten Papst<\/h2>\n<p>Es gibt keinen konkreten Beweis f\u00fcr die Echtheit dieser Prophezeiung. Sie taucht nur in Krisenmomenten wieder auf, nach dem Tod eines Papstes oder in den Tagen nach dem R\u00fccktritt Benedikts XVI., um die symbolische Kraft zu bezeugen, die sie weit \u00fcber ihren dokumentarischen Wert hinaus aus\u00fcbt. Und doch ist der Name Maleachi auch Jahrhunderte nach seinem Tod noch immer ein Synonym f\u00fcr Omen, Ende und Offenbarung.<\/p>\n<p>Was die kollektive Vorstellungswelt am st\u00e4rksten gepr\u00e4gt hat, ist der <strong>letzte Punkt auf der Liste<\/strong>. Kein Motto, sondern eine wahre apokalyptische Warnung:<\/p>\n<p><em>\u201cIn persecutione extrema Sanctae Romanae Ecclesiae sedebit Petrus Romanus, qui pascet oves in multis tribulationibus: quibus transactis, civitas septicollis diruetur, et Iudex tremendus iudicabit populum suum. Finis.\u201d<\/em><\/p>\n<p>\u201eIn der Zeit der gr\u00f6\u00dften Verfolgung der Heiligen R\u00f6mischen Kirche wird Petrus der R\u00f6mer sitzen und die Herde inmitten vieler Drangsale weiden. Danach wird die Stadt der sieben H\u00fcgel zerst\u00f6rt, und der schreckliche Richter wird sein Volk richten. Das Ende.\u201c<\/p>\n<p>Ein feierlicher Schluss. Endg\u00fcltig. Ohne Berufung. Dieser <strong>Petrus Romanus<\/strong>, der Papst des Endes, hat jahrhundertelang k\u00fchne Hypothesen, millenaristische \u00c4ngste und theologische Diskussionen ausgel\u00f6st. Seine r\u00e4tselhafte Gestalt durchzog die Jahrhunderte wie ein prophetischer Schatten und n\u00e4hrte Spekulationen, \u00c4ngste und Hoffnungen. In dieser geheimnisvollen Formel, Petrus Romanus, suchten viele nach Hinweisen, Omen und Widerspiegelungen der Gegenwart. Manche versuchten, in ihm das Gesicht moderner P\u00e4pste zu erkennen und vermuteten sogar eine Verbindung zu <a href=\"https:\/\/www.holyart.de\/blog\/besondere-anlassen\/20-fakten-ueber-papst-franziskus\/\"><strong>Papst<\/strong> <strong>Franziskus<\/strong><\/a>, aufgrund der italienischen Wurzeln seiner Familie und des Namens seines Urgro\u00dfvaters: Giovanni di Pietro. War Franziskus der vorletzte Papst vor dem Ende?<\/p>\n<div class=\"link-article\">\n<p><img loading=\"lazy\" decoding=\"async\" class=\"size-full wp-image-6425 alignleft\" src=\"https:\/\/blog.holyart.it\/de\/wp-content\/uploads\/sites\/12\/2025\/07\/20-Fakten-ueber-Papst-Franziskus.jpg\" alt=\"20 Fakten ueber Papst Franziskus\" width=\"150\" height=\"99\" data-kale-share-title=\"Was die Prophezeiung des heiligen Malachias \u00fcber die P\u00e4pste sagt\" data-kale-share-url=\"https:\/\/blog.holyart.it\/de\/?p=6419\" \/><\/p>\n<div class=\"leggi-anche\">Lesen Sie auch:<\/div>\n<p><strong><a href=\"https:\/\/www.holyart.de\/blog\/besondere-anlassen\/20-fakten-ueber-papst-franziskus\/\">20 Fakten \u00fcber Papst Franziskus<\/a><\/strong><br \/>\nInformationen \u00fcber Papst Franziskus, Kuriosit\u00e4ten und besondere Momente seines Pontifikats\u2026<\/p>\n<\/div>\n<p>Heute erscheint Maleachis Prophezeiung eher als <strong>kulturelles denn als spirituelles Ph\u00e4nomen<\/strong>. Ein faszinierendes R\u00e4tsel, das die Jahrhunderte mehr wegen seiner beschw\u00f6renden Kraft als wegen tats\u00e4chlicher g\u00f6ttlicher Inspiration \u00fcberdauert hat.<\/p>\n<p>Ihre Authentizit\u00e4t ist mehr als zweifelhaft, erstickt durch das Schweigen der Quellen, durch ihr sp\u00e4tes Erscheinen, durch den manipulativen Kontext ihrer Ver\u00f6ffentlichung. Dennoch hat sie unausl\u00f6schliche Spuren hinterlassen. In einer Welt, die oft nach Zeichen und Omen, nach Sinn und Katharsis hungert, hallen Malachias Worte, ob wahr oder falsch, weiterhin wie eine Alarmglocke nach.<\/p>\n<p>Vielleicht liegt ihre Kraft nicht in der historischen Genauigkeit, sondern in der Unruhe, die sie hervorrufen, im Gef\u00fchl der Erwartung, im Nervenkitzel des \u201e<em>Es k\u00f6nnte wahr sein<\/em>\u201c.<\/p>\n<p>Und so bleibt Malachias f\u00fcr uns ein ewiges Symbol f\u00fcr die Spannung zwischen Glauben und Ende, zwischen dem Bed\u00fcrfnis zu glauben und der Angst vor dem Nichts. Auch wenn seine Prophezeiung nur ein Schatten zwischen den Seiten der Zeit war, liegt genau darin ihr Geheimnis: im Echo von Worten, die die Jahrhunderte ohne Best\u00e4tigung durchleben.<\/p>\n","protected":false},"excerpt":{"rendered":"<p>Die Prophezeiung des heiligen Malachias \u00fcber das Ende des Papsttums: zwischen Vision und T\u00e4uschung, Glaube und Beunruhigung In einer Zeit, in der die Welt immer schneller auf eine ungewisse Zukunft zuzusteuern scheint, tauchen alte Prophezeiungen aus der Vergangenheit wieder auf, so als wollten sie uns&hellip;<\/p>\n","protected":false},"author":1,"featured_media":6420,"comment_status":"closed","ping_status":"open","sticky":false,"template":"","format":"standard","meta":{"_acf_changed":false,"footnotes":""},"categories":[10],"tags":[],"class_list":["post-6419","post","type-post","status-publish","format-standard","has-post-thumbnail","hentry","category-devotionalien"],"acf":[],"yoast_head":"<!-- This site is optimized with the Yoast SEO plugin v26.6 - https:\/\/yoast.com\/wordpress\/plugins\/seo\/ -->\n<title>Was die Prophezeiung des heiligen Malachias \u00fcber die P\u00e4pste sagt - Holyart.de Blog<\/title>\n<meta name=\"description\" content=\"Der heilige Malachias lebte in Irland und war Bischof von Armagh. Ihm wird eine ber\u00fchmte Prophezeiung zugeschrieben, die in Krisenzeiten\" \/>\n<meta name=\"robots\" content=\"index, follow, max-snippet:-1, max-image-preview:large, max-video-preview:-1\" \/>\n<link rel=\"canonical\" href=\"https:\/\/blog.holyart.it\/de\/devotionalien\/was-die-prophezeiung-des-heiligen-malachias-ueber-die-paepste-sagt\/\" \/>\n<meta property=\"og:locale\" content=\"de_DE\" \/>\n<meta property=\"og:type\" content=\"article\" \/>\n<meta property=\"og:title\" content=\"Was die Prophezeiung des heiligen Malachias \u00fcber die P\u00e4pste sagt - Holyart.de Blog\" \/>\n<meta property=\"og:description\" content=\"Der heilige Malachias lebte in Irland und war Bischof von Armagh. Ihm wird eine ber\u00fchmte Prophezeiung zugeschrieben, die in Krisenzeiten\" \/>\n<meta property=\"og:url\" content=\"https:\/\/blog.holyart.it\/de\/devotionalien\/was-die-prophezeiung-des-heiligen-malachias-ueber-die-paepste-sagt\/\" \/>\n<meta property=\"og:site_name\" content=\"Holyart.de Blog\" \/>\n<meta property=\"article:published_time\" content=\"2025-07-14T08:00:39+00:00\" \/>\n<meta property=\"article:modified_time\" content=\"2026-04-14T07:35:57+00:00\" \/>\n<meta property=\"og:image\" content=\"https:\/\/blog.holyart.it\/de\/wp-content\/uploads\/sites\/12\/2025\/07\/Prophezeiung-des-heiligen-Malachias-ueber-die-Paepste.jpg\" \/>\n\t<meta property=\"og:image:width\" content=\"1000\" \/>\n\t<meta property=\"og:image:height\" content=\"666\" \/>\n\t<meta property=\"og:image:type\" content=\"image\/jpeg\" \/>\n<meta name=\"author\" content=\"Redazione\" \/>\n<meta name=\"twitter:card\" content=\"summary_large_image\" \/>\n<meta name=\"twitter:label1\" content=\"Verfasst von\" \/>\n\t<meta name=\"twitter:data1\" content=\"Redazione\" \/>\n\t<meta name=\"twitter:label2\" content=\"Gesch\u00e4tzte Lesezeit\" \/>\n\t<meta name=\"twitter:data2\" content=\"10\u00a0Minuten\" \/>\n<script type=\"application\/ld+json\" class=\"yoast-schema-graph\">{\"@context\":\"https:\/\/schema.org\",\"@graph\":[{\"@type\":\"Article\",\"@id\":\"https:\/\/blog.holyart.it\/de\/devotionalien\/was-die-prophezeiung-des-heiligen-malachias-ueber-die-paepste-sagt\/#article\",\"isPartOf\":{\"@id\":\"https:\/\/blog.holyart.it\/de\/devotionalien\/was-die-prophezeiung-des-heiligen-malachias-ueber-die-paepste-sagt\/\"},\"author\":{\"name\":\"Redazione\",\"@id\":\"https:\/\/blog.holyart.it\/de\/#\/schema\/person\/0a7b686e5af0f856ec1e390dd0baecda\"},\"headline\":\"Was die Prophezeiung des heiligen Malachias \u00fcber die P\u00e4pste sagt\",\"datePublished\":\"2025-07-14T08:00:39+00:00\",\"dateModified\":\"2026-04-14T07:35:57+00:00\",\"mainEntityOfPage\":{\"@id\":\"https:\/\/blog.holyart.it\/de\/devotionalien\/was-die-prophezeiung-des-heiligen-malachias-ueber-die-paepste-sagt\/\"},\"wordCount\":1626,\"publisher\":{\"@id\":\"https:\/\/blog.holyart.it\/de\/#organization\"},\"image\":{\"@id\":\"https:\/\/blog.holyart.it\/de\/devotionalien\/was-die-prophezeiung-des-heiligen-malachias-ueber-die-paepste-sagt\/#primaryimage\"},\"thumbnailUrl\":\"https:\/\/blog.holyart.it\/de\/wp-content\/uploads\/sites\/12\/2025\/07\/Prophezeiung-des-heiligen-Malachias-ueber-die-Paepste.jpg\",\"articleSection\":[\"Religion\"],\"inLanguage\":\"de\"},{\"@type\":\"WebPage\",\"@id\":\"https:\/\/blog.holyart.it\/de\/devotionalien\/was-die-prophezeiung-des-heiligen-malachias-ueber-die-paepste-sagt\/\",\"url\":\"https:\/\/blog.holyart.it\/de\/devotionalien\/was-die-prophezeiung-des-heiligen-malachias-ueber-die-paepste-sagt\/\",\"name\":\"Was die Prophezeiung des heiligen Malachias \u00fcber die P\u00e4pste sagt - Holyart.de Blog\",\"isPartOf\":{\"@id\":\"https:\/\/blog.holyart.it\/de\/#website\"},\"primaryImageOfPage\":{\"@id\":\"https:\/\/blog.holyart.it\/de\/devotionalien\/was-die-prophezeiung-des-heiligen-malachias-ueber-die-paepste-sagt\/#primaryimage\"},\"image\":{\"@id\":\"https:\/\/blog.holyart.it\/de\/devotionalien\/was-die-prophezeiung-des-heiligen-malachias-ueber-die-paepste-sagt\/#primaryimage\"},\"thumbnailUrl\":\"https:\/\/blog.holyart.it\/de\/wp-content\/uploads\/sites\/12\/2025\/07\/Prophezeiung-des-heiligen-Malachias-ueber-die-Paepste.jpg\",\"datePublished\":\"2025-07-14T08:00:39+00:00\",\"dateModified\":\"2026-04-14T07:35:57+00:00\",\"description\":\"Der heilige Malachias lebte in Irland und war Bischof von Armagh. Ihm wird eine ber\u00fchmte Prophezeiung zugeschrieben, die in Krisenzeiten\",\"breadcrumb\":{\"@id\":\"https:\/\/blog.holyart.it\/de\/devotionalien\/was-die-prophezeiung-des-heiligen-malachias-ueber-die-paepste-sagt\/#breadcrumb\"},\"inLanguage\":\"de\",\"potentialAction\":[{\"@type\":\"ReadAction\",\"target\":[\"https:\/\/blog.holyart.it\/de\/devotionalien\/was-die-prophezeiung-des-heiligen-malachias-ueber-die-paepste-sagt\/\"]}]},{\"@type\":\"ImageObject\",\"inLanguage\":\"de\",\"@id\":\"https:\/\/blog.holyart.it\/de\/devotionalien\/was-die-prophezeiung-des-heiligen-malachias-ueber-die-paepste-sagt\/#primaryimage\",\"url\":\"https:\/\/blog.holyart.it\/de\/wp-content\/uploads\/sites\/12\/2025\/07\/Prophezeiung-des-heiligen-Malachias-ueber-die-Paepste.jpg\",\"contentUrl\":\"https:\/\/blog.holyart.it\/de\/wp-content\/uploads\/sites\/12\/2025\/07\/Prophezeiung-des-heiligen-Malachias-ueber-die-Paepste.jpg\",\"width\":1000,\"height\":666,\"caption\":\"Prophezeiung des heiligen Malachias \u00fcber die P\u00e4pste\"},{\"@type\":\"BreadcrumbList\",\"@id\":\"https:\/\/blog.holyart.it\/de\/devotionalien\/was-die-prophezeiung-des-heiligen-malachias-ueber-die-paepste-sagt\/#breadcrumb\",\"itemListElement\":[{\"@type\":\"ListItem\",\"position\":1,\"name\":\"Homepage\",\"item\":\"https:\/\/blog.holyart.it\/de\/\"},{\"@type\":\"ListItem\",\"position\":2,\"name\":\"Religion\",\"item\":\"https:\/\/blog.holyart.it\/de\/devotionalien\/\"},{\"@type\":\"ListItem\",\"position\":3,\"name\":\"Was die Prophezeiung des heiligen Malachias \u00fcber die P\u00e4pste sagt\"}]},{\"@type\":\"WebSite\",\"@id\":\"https:\/\/blog.holyart.it\/de\/#website\",\"url\":\"https:\/\/blog.holyart.it\/de\/\",\"name\":\"Holyart.de Blog\",\"description\":\"Holyblog\",\"publisher\":{\"@id\":\"https:\/\/blog.holyart.it\/de\/#organization\"},\"potentialAction\":[{\"@type\":\"SearchAction\",\"target\":{\"@type\":\"EntryPoint\",\"urlTemplate\":\"https:\/\/blog.holyart.it\/de\/?s={search_term_string}\"},\"query-input\":{\"@type\":\"PropertyValueSpecification\",\"valueRequired\":true,\"valueName\":\"search_term_string\"}}],\"inLanguage\":\"de\"},{\"@type\":\"Organization\",\"@id\":\"https:\/\/blog.holyart.it\/de\/#organization\",\"name\":\"Holyart.de Blog\",\"url\":\"https:\/\/blog.holyart.it\/de\/\",\"logo\":{\"@type\":\"ImageObject\",\"inLanguage\":\"de\",\"@id\":\"https:\/\/blog.holyart.it\/de\/#\/schema\/logo\/image\/\",\"url\":\"https:\/\/blog.holyart.it\/de\/wp-content\/uploads\/sites\/12\/2022\/12\/Holyart_Blog_Logo.jpg\",\"contentUrl\":\"https:\/\/blog.holyart.it\/de\/wp-content\/uploads\/sites\/12\/2022\/12\/Holyart_Blog_Logo.jpg\",\"width\":300,\"height\":50,\"caption\":\"Holyart.de Blog\"},\"image\":{\"@id\":\"https:\/\/blog.holyart.it\/de\/#\/schema\/logo\/image\/\"}},{\"@type\":\"Person\",\"@id\":\"https:\/\/blog.holyart.it\/de\/#\/schema\/person\/0a7b686e5af0f856ec1e390dd0baecda\",\"name\":\"Redazione\",\"image\":{\"@type\":\"ImageObject\",\"inLanguage\":\"de\",\"@id\":\"https:\/\/blog.holyart.it\/de\/#\/schema\/person\/image\/\",\"url\":\"https:\/\/secure.gravatar.com\/avatar\/f477da817f43e50d0af36abecd33e3edf826c68299714bdc1057dff3b113f516?s=96&d=mm&r=g\",\"contentUrl\":\"https:\/\/secure.gravatar.com\/avatar\/f477da817f43e50d0af36abecd33e3edf826c68299714bdc1057dff3b113f516?s=96&d=mm&r=g\",\"caption\":\"Redazione\"}}]}<\/script>\n<!-- \/ Yoast SEO plugin. -->","yoast_head_json":{"title":"Was die Prophezeiung des heiligen Malachias \u00fcber die P\u00e4pste sagt - Holyart.de Blog","description":"Der heilige Malachias lebte in Irland und war Bischof von Armagh. Ihm wird eine ber\u00fchmte Prophezeiung zugeschrieben, die in Krisenzeiten","robots":{"index":"index","follow":"follow","max-snippet":"max-snippet:-1","max-image-preview":"max-image-preview:large","max-video-preview":"max-video-preview:-1"},"canonical":"https:\/\/blog.holyart.it\/de\/devotionalien\/was-die-prophezeiung-des-heiligen-malachias-ueber-die-paepste-sagt\/","og_locale":"de_DE","og_type":"article","og_title":"Was die Prophezeiung des heiligen Malachias \u00fcber die P\u00e4pste sagt - Holyart.de Blog","og_description":"Der heilige Malachias lebte in Irland und war Bischof von Armagh. Ihm wird eine ber\u00fchmte Prophezeiung zugeschrieben, die in Krisenzeiten","og_url":"https:\/\/blog.holyart.it\/de\/devotionalien\/was-die-prophezeiung-des-heiligen-malachias-ueber-die-paepste-sagt\/","og_site_name":"Holyart.de Blog","article_published_time":"2025-07-14T08:00:39+00:00","article_modified_time":"2026-04-14T07:35:57+00:00","og_image":[{"width":1000,"height":666,"url":"https:\/\/blog.holyart.it\/de\/wp-content\/uploads\/sites\/12\/2025\/07\/Prophezeiung-des-heiligen-Malachias-ueber-die-Paepste.jpg","type":"image\/jpeg"}],"author":"Redazione","twitter_card":"summary_large_image","twitter_misc":{"Verfasst von":"Redazione","Gesch\u00e4tzte Lesezeit":"10\u00a0Minuten"},"schema":{"@context":"https:\/\/schema.org","@graph":[{"@type":"Article","@id":"https:\/\/blog.holyart.it\/de\/devotionalien\/was-die-prophezeiung-des-heiligen-malachias-ueber-die-paepste-sagt\/#article","isPartOf":{"@id":"https:\/\/blog.holyart.it\/de\/devotionalien\/was-die-prophezeiung-des-heiligen-malachias-ueber-die-paepste-sagt\/"},"author":{"name":"Redazione","@id":"https:\/\/blog.holyart.it\/de\/#\/schema\/person\/0a7b686e5af0f856ec1e390dd0baecda"},"headline":"Was die Prophezeiung des heiligen Malachias \u00fcber die P\u00e4pste sagt","datePublished":"2025-07-14T08:00:39+00:00","dateModified":"2026-04-14T07:35:57+00:00","mainEntityOfPage":{"@id":"https:\/\/blog.holyart.it\/de\/devotionalien\/was-die-prophezeiung-des-heiligen-malachias-ueber-die-paepste-sagt\/"},"wordCount":1626,"publisher":{"@id":"https:\/\/blog.holyart.it\/de\/#organization"},"image":{"@id":"https:\/\/blog.holyart.it\/de\/devotionalien\/was-die-prophezeiung-des-heiligen-malachias-ueber-die-paepste-sagt\/#primaryimage"},"thumbnailUrl":"https:\/\/blog.holyart.it\/de\/wp-content\/uploads\/sites\/12\/2025\/07\/Prophezeiung-des-heiligen-Malachias-ueber-die-Paepste.jpg","articleSection":["Religion"],"inLanguage":"de"},{"@type":"WebPage","@id":"https:\/\/blog.holyart.it\/de\/devotionalien\/was-die-prophezeiung-des-heiligen-malachias-ueber-die-paepste-sagt\/","url":"https:\/\/blog.holyart.it\/de\/devotionalien\/was-die-prophezeiung-des-heiligen-malachias-ueber-die-paepste-sagt\/","name":"Was die Prophezeiung des heiligen Malachias \u00fcber die P\u00e4pste sagt - Holyart.de Blog","isPartOf":{"@id":"https:\/\/blog.holyart.it\/de\/#website"},"primaryImageOfPage":{"@id":"https:\/\/blog.holyart.it\/de\/devotionalien\/was-die-prophezeiung-des-heiligen-malachias-ueber-die-paepste-sagt\/#primaryimage"},"image":{"@id":"https:\/\/blog.holyart.it\/de\/devotionalien\/was-die-prophezeiung-des-heiligen-malachias-ueber-die-paepste-sagt\/#primaryimage"},"thumbnailUrl":"https:\/\/blog.holyart.it\/de\/wp-content\/uploads\/sites\/12\/2025\/07\/Prophezeiung-des-heiligen-Malachias-ueber-die-Paepste.jpg","datePublished":"2025-07-14T08:00:39+00:00","dateModified":"2026-04-14T07:35:57+00:00","description":"Der heilige Malachias lebte in Irland und war Bischof von Armagh. Ihm wird eine ber\u00fchmte Prophezeiung zugeschrieben, die in Krisenzeiten","breadcrumb":{"@id":"https:\/\/blog.holyart.it\/de\/devotionalien\/was-die-prophezeiung-des-heiligen-malachias-ueber-die-paepste-sagt\/#breadcrumb"},"inLanguage":"de","potentialAction":[{"@type":"ReadAction","target":["https:\/\/blog.holyart.it\/de\/devotionalien\/was-die-prophezeiung-des-heiligen-malachias-ueber-die-paepste-sagt\/"]}]},{"@type":"ImageObject","inLanguage":"de","@id":"https:\/\/blog.holyart.it\/de\/devotionalien\/was-die-prophezeiung-des-heiligen-malachias-ueber-die-paepste-sagt\/#primaryimage","url":"https:\/\/blog.holyart.it\/de\/wp-content\/uploads\/sites\/12\/2025\/07\/Prophezeiung-des-heiligen-Malachias-ueber-die-Paepste.jpg","contentUrl":"https:\/\/blog.holyart.it\/de\/wp-content\/uploads\/sites\/12\/2025\/07\/Prophezeiung-des-heiligen-Malachias-ueber-die-Paepste.jpg","width":1000,"height":666,"caption":"Prophezeiung des heiligen Malachias \u00fcber die P\u00e4pste"},{"@type":"BreadcrumbList","@id":"https:\/\/blog.holyart.it\/de\/devotionalien\/was-die-prophezeiung-des-heiligen-malachias-ueber-die-paepste-sagt\/#breadcrumb","itemListElement":[{"@type":"ListItem","position":1,"name":"Homepage","item":"https:\/\/blog.holyart.it\/de\/"},{"@type":"ListItem","position":2,"name":"Religion","item":"https:\/\/blog.holyart.it\/de\/devotionalien\/"},{"@type":"ListItem","position":3,"name":"Was die Prophezeiung des heiligen Malachias \u00fcber die P\u00e4pste sagt"}]},{"@type":"WebSite","@id":"https:\/\/blog.holyart.it\/de\/#website","url":"https:\/\/blog.holyart.it\/de\/","name":"Holyart.de Blog","description":"Holyblog","publisher":{"@id":"https:\/\/blog.holyart.it\/de\/#organization"},"potentialAction":[{"@type":"SearchAction","target":{"@type":"EntryPoint","urlTemplate":"https:\/\/blog.holyart.it\/de\/?s={search_term_string}"},"query-input":{"@type":"PropertyValueSpecification","valueRequired":true,"valueName":"search_term_string"}}],"inLanguage":"de"},{"@type":"Organization","@id":"https:\/\/blog.holyart.it\/de\/#organization","name":"Holyart.de Blog","url":"https:\/\/blog.holyart.it\/de\/","logo":{"@type":"ImageObject","inLanguage":"de","@id":"https:\/\/blog.holyart.it\/de\/#\/schema\/logo\/image\/","url":"https:\/\/blog.holyart.it\/de\/wp-content\/uploads\/sites\/12\/2022\/12\/Holyart_Blog_Logo.jpg","contentUrl":"https:\/\/blog.holyart.it\/de\/wp-content\/uploads\/sites\/12\/2022\/12\/Holyart_Blog_Logo.jpg","width":300,"height":50,"caption":"Holyart.de Blog"},"image":{"@id":"https:\/\/blog.holyart.it\/de\/#\/schema\/logo\/image\/"}},{"@type":"Person","@id":"https:\/\/blog.holyart.it\/de\/#\/schema\/person\/0a7b686e5af0f856ec1e390dd0baecda","name":"Redazione","image":{"@type":"ImageObject","inLanguage":"de","@id":"https:\/\/blog.holyart.it\/de\/#\/schema\/person\/image\/","url":"https:\/\/secure.gravatar.com\/avatar\/f477da817f43e50d0af36abecd33e3edf826c68299714bdc1057dff3b113f516?s=96&d=mm&r=g","contentUrl":"https:\/\/secure.gravatar.com\/avatar\/f477da817f43e50d0af36abecd33e3edf826c68299714bdc1057dff3b113f516?s=96&d=mm&r=g","caption":"Redazione"}}]}},"_links":{"self":[{"href":"https:\/\/blog.holyart.it\/de\/wp-json\/wp\/v2\/posts\/6419","targetHints":{"allow":["GET"]}}],"collection":[{"href":"https:\/\/blog.holyart.it\/de\/wp-json\/wp\/v2\/posts"}],"about":[{"href":"https:\/\/blog.holyart.it\/de\/wp-json\/wp\/v2\/types\/post"}],"author":[{"embeddable":true,"href":"https:\/\/blog.holyart.it\/de\/wp-json\/wp\/v2\/users\/1"}],"replies":[{"embeddable":true,"href":"https:\/\/blog.holyart.it\/de\/wp-json\/wp\/v2\/comments?post=6419"}],"version-history":[{"count":4,"href":"https:\/\/blog.holyart.it\/de\/wp-json\/wp\/v2\/posts\/6419\/revisions"}],"predecessor-version":[{"id":6429,"href":"https:\/\/blog.holyart.it\/de\/wp-json\/wp\/v2\/posts\/6419\/revisions\/6429"}],"wp:featuredmedia":[{"embeddable":true,"href":"https:\/\/blog.holyart.it\/de\/wp-json\/wp\/v2\/media\/6420"}],"wp:attachment":[{"href":"https:\/\/blog.holyart.it\/de\/wp-json\/wp\/v2\/media?parent=6419"}],"wp:term":[{"taxonomy":"category","embeddable":true,"href":"https:\/\/blog.holyart.it\/de\/wp-json\/wp\/v2\/categories?post=6419"},{"taxonomy":"post_tag","embeddable":true,"href":"https:\/\/blog.holyart.it\/de\/wp-json\/wp\/v2\/tags?post=6419"}],"curies":[{"name":"wp","href":"https:\/\/api.w.org\/{rel}","templated":true}]}}