{"id":6371,"date":"2025-07-02T10:00:55","date_gmt":"2025-07-02T08:00:55","guid":{"rendered":"https:\/\/blog.holyart.it\/de\/?p=6371"},"modified":"2025-07-07T12:06:51","modified_gmt":"2025-07-07T10:06:51","slug":"heilige-birgitta-von-schweden-mitpatronin-europas","status":"publish","type":"post","link":"https:\/\/blog.holyart.it\/de\/heilige-und-selige\/heilige-birgitta-von-schweden-mitpatronin-europas\/","title":{"rendered":"Heilige Birgitta von Schweden, Mitpatronin Europas"},"content":{"rendered":"<h4>Die heilige Birgitta von Schweden, eine schwedische Mystikerin aus dem 14. Jh., ist Mitschutzpatronin Europas. Sie unternahm eine Pilgerreise nach Santiago de Compostela und ins Heilige Land<\/h4>\n\n<p>Es gibt <strong><a href=\"https:\/\/www.holyart.de\/blog\/heilige-und-selige\/die-schutzheiligen-europas-jedes-land-hat-einen-schutzpatron\/\">sechs Schutzheilige Europas<\/a><\/strong>: den Heiligen Benedikt von Nursia, die Heilige Katharina von Siena, die Heiligen Kyrill und Method, die Heilige Teresia Benedicta vom Kreuz und die Heilige Birgitta von Schweden, die Protagonistin dieses Artikels. W\u00e4hrend<strong> <a href=\"https:\/\/www.holyart.de\/blog\/heilige-und-selige\/heiliger-benedikt-der-heilige-der-die-italienische-handwerkskunst-inspirierte\/\">der heilige Benedikt<\/a> <\/strong>den Titel des Schutzpatrons Europas verdiente, weil er mit seiner Regel ein neues Modell monastischen Lebens schuf, das die Menschheits-, Sozial- und Kulturgeschichte des Mittelalters grundlegend ver\u00e4ndern sollte, und<strong> <a href=\"https:\/\/www.holyart.de\/blog\/devotionalien\/die-heilige-katharina-von-siena-schutzpatronin-von-italien\/\">die heilige Katharina<\/a><\/strong> als Vermittlerin zwischen den Staaten eines noch nicht existierenden Europas wirken konnte, um das Gemeinwohl und die Freiheit aller zu garantieren, bot die <strong>heilige<\/strong> <strong>Birgitta von Schweden<\/strong> mit ihren Offenbarungen und ihrem eigenen Lebensstil ein <strong>Modell der Einheit und Harmonie unter den Menschen<\/strong>, die alle Br\u00fcder in Christus sind, wie Schafe in derselben Herde, deren einziger Bezugspunkt der Hirte ist, der sie n\u00e4hrt und besch\u00fctzt.<\/p>\n<div class=\"link-article\">\n<p><img loading=\"lazy\" decoding=\"async\" class=\"wp-image-6373 size-full alignleft\" src=\"https:\/\/blog.holyart.it\/de\/wp-content\/uploads\/sites\/12\/2025\/06\/Schutzheiligen-Europas.jpeg\" alt=\"Schutzheiligen-Europas\" width=\"150\" height=\"99\" data-kale-share-title=\"Heilige Birgitta von Schweden, Mitpatronin Europas\" data-kale-share-url=\"https:\/\/blog.holyart.it\/de\/?p=6371\" \/><\/p>\n<div class=\"leggi-anche\">Lesen Sie auch:<\/div>\n<p><strong><a href=\"https:\/\/www.holyart.de\/blog\/heilige-und-selige\/die-schutzheiligen-europas-jedes-land-hat-einen-schutzpatron\/\">Die Schutzheiligen Europas: Jedes Land hat einen Schutzpatron<\/a><\/strong><br \/>\nJedes Land hat seinen Schutzpatron: In diesem Artikel erfahren Sie&#8230;<\/p>\n<\/div>\n<p>Sie wurde in eine aristokratische Familie hineingeboren und war eine gl\u00fcckliche Ehefrau und Mutter von acht Kindern, bevor sie sich dem religi\u00f6sen Leben zuwandte. Doch auch als verheiratete Frau zeigte sie absolute Hingabe und eine Neigung zum N\u00e4chsten, die sich in <strong>Werken der N\u00e4chstenliebe und Barmherzigkeit<\/strong> manifestierte, bei denen auch ihr Mann sie begleitete. Gemeinsam wurden sie Franziskanertertiarinnen und studierten die Heilige Schrift, und zwar so intensiv, dass Birgitta f\u00fcr ihre p\u00e4dagogischen F\u00e4higkeiten Ber\u00fchmtheit erlangte, was ihr sogar eine Lehrt\u00e4tigkeit am Stockholmer Hof einbrachte. Zu diesem ersten Lebensabschnitt geh\u00f6rt auch die<strong> <a href=\"https:\/\/www.holyart.de\/blog\/devotionalien\/der-jakobsweg-geschichte-und-kuriositaeten-eines-der-beruehmtesten-religioesen-wege\/\">Pilgerfahrt nach Santiago de Compostela<\/a><\/strong>, die nur die erste einer langen Reihe von Reisen und Pilgerfahrten zu Orten des Glaubens in der ganzen damals bekannten Welt war, die das Leben dieser Heiligen kennzeichneten.<\/p>\n<div class=\"link-article\">\n<p><img loading=\"lazy\" decoding=\"async\" class=\"size-full wp-image-6376 alignleft\" src=\"https:\/\/blog.holyart.it\/de\/wp-content\/uploads\/sites\/12\/2025\/06\/Der-Jakobsweg.jpeg\" alt=\"Der-Jakobsweg\" width=\"150\" height=\"100\" data-kale-share-title=\"Heilige Birgitta von Schweden, Mitpatronin Europas\" data-kale-share-url=\"https:\/\/blog.holyart.it\/de\/?p=6371\" \/><\/p>\n<div class=\"leggi-anche\">Lesen Sie auch:<\/div>\n<p><strong><a href=\"https:\/\/www.holyart.de\/blog\/devotionalien\/der-jakobsweg-geschichte-und-kuriositaeten-eines-der-beruehmtesten-religioesen-wege\/\">Der Jakobsweg: Geschichte und Kuriosit\u00e4ten eines der ber\u00fchmtesten religi\u00f6sen Wege<\/a><\/strong><br \/>\nDer Jakobsweg ist seit Jahrhunderten eine der bedeutendsten&#8230;<\/p>\n<\/div>\n<p>Tats\u00e4chlich ging Birgitta, nachdem sie Witwe geworden war, zun\u00e4chst mit ihrer Tochter Katharina, die sp\u00e4ter heiliggesprochen wurde, nach <strong>Rom<\/strong> und zu vielen anderen Kultst\u00e4tten und Andachtsst\u00e4tten in Italien. Von Italien aus reiste sie dann ins <strong>Heilige Land<\/strong>, um die Orte, an denen das menschliche Gleichnis von Christus stattgefunden hatte, kennenzulernen und aus erster Hand zu erleben. Nach ihrer R\u00fcckkehr nach Rom starb sie krank in der Obhut ihrer <strong>Tochter Caterina<\/strong>, die ihr die von ihr gegr\u00fcndete <strong>Ordensgemeinschaft des Heiligsten Erl\u00f6sers<\/strong> anvertraute. Dieser Orden war ein revolution\u00e4rer M\u00f6nchsorden, da er Doppelkl\u00f6ster vorsah, in denen M\u00e4nner und Frauen nach dem Vorbild der urspr\u00fcnglichen christlichen Gemeinschaft lebten. Die Regel sah sechzig Nonnen unter der Leitung einer \u00c4btissin und f\u00fcnfundzwanzig Kirchenm\u00e4nner unter der Leitung eines Generalbeichtvaters vor, aufgeteilt in dreizehn Priester, das hei\u00dft die zw\u00f6lf Apostel plus den Heiligen Paulus, und die anderen J\u00fcnger und Diakone, wobei Letztere die vier Kirchenlehrer symbolisierten: Augustinus, Ambrosius, Hieronymus und Gregor der Gro\u00dfe. Im Jahr 1422 ordnete Papst Martin V. die Schlie\u00dfung der Doppelkl\u00f6ster an und heute ist die von der <a href=\"https:\/\/www.holyart.de\/devotionalien\/statuen\/statuen-aus-bemalten-holz\/heilige-birgitta-bemalten-grodnertal-holz\"><strong>Heiligen Birgitta<\/strong><\/a> gegr\u00fcndete Kongregation nur noch eine Frauenkongregation, bekannt als <strong>Kongregation des Heiligen Erl\u00f6sers der Heiligen Birgitta<\/strong>. Die Nonnen hei\u00dfen <strong>Brigidinen<\/strong> und widmen sich der Gastfreundschaft und versuchen, alle christlichen Kirchen unterschiedlicher Konfessionen wieder zu vereinen.<\/p>\n<div class=\"link-product\">\n<div class=\"blocco-immagine\"><img loading=\"lazy\" decoding=\"async\" class=\"size-full wp-image-6377 alignleft\" src=\"https:\/\/blog.holyart.it\/de\/wp-content\/uploads\/sites\/12\/2025\/06\/heilige-birgitta-bemalten-grodnertal-holz.jpg\" alt=\"heilige-birgitta-bemalten-grodnertal-holz\" width=\"100\" height=\"100\" data-kale-share-title=\"Heilige Birgitta von Schweden, Mitpatronin Europas\" data-kale-share-url=\"https:\/\/blog.holyart.it\/de\/?p=6371\" \/><\/div>\n<div class=\"blocco-contenuto\">\n<div class=\"blocco-acquista\">Einkaufen:<\/div>\n<div class=\"blocco-titolo\"><a href=\"https:\/\/www.holyart.de\/devotionalien\/statuen\/statuen-aus-bemalten-holz\/heilige-birgitta-bemalten-grodnertal-holz\">Heilige Birgitta bemalten Gr\u00f6dnertal Holz<\/a><\/div>\n<div class=\"blocco-descrizione\">Heilige Birgitta bemalten Gr\u00f6dnertal Holz<\/div>\n<\/div>\n<\/div>\n<p>&nbsp;<\/p>\n<p>Neben ihrer Hingabe, ihren Gebeten und Offenbarungen ist die heilige Birgitta auch f\u00fcr ihre <strong>F\u00fcrsprache und Beratung<\/strong> bei P\u00e4psten, Staatsoberh\u00e4uptern und Politikern in Schweden und Europa bekannt. Genau dieser Rolle verdankt sie ihre Ernennung zur Mitpatronin Europas.<\/p>\n<h2>Die Gebete der Heiligen Birgitta<\/h2>\n<p>Die heilige Birgitta empfing von Jesus und der Jungfrau Maria zwei Gebetsreihen, die sogenannten <strong>Reden der heiligen Birgitta<\/strong>.<\/p>\n<p>Die erste Serie besteht aus 21 Versprechen und 15 Gebeten, die ein Jahr lang jeden Tag rezitiert werden sollen. Die zweite Reihe besteht aus 5 Versprechen und 7 Gebeten, die 12 Jahre lang t\u00e4glich rezitiert werden sollen.<\/p>\n<p>Die 21 Versprechen, die Jesus ihr offenbarte, reichen von der Befreiung der Seelen aus dem Fegefeuer \u00fcber die Bekehrung der Seelen geliebter Menschen bis hin zum Schutz vor Feinden im Namen des Kreuzes.<\/p>\n<h2>Die Offenbarungen der Heiligen Birgitta<\/h2>\n<p>Bridget war besessen von den <a href=\"https:\/\/www.holyart.de\/blog\/ostern\/die-ereignisse-der-passion-jesu-vom-letzten-abendmahl-bis-zu-seiner-kreuzigung\/\"><strong>Schmerzen, die Jesus w\u00e4hrend der Passion erlitt<\/strong><\/a>. W\u00e4hrend sie dar\u00fcber meditierte, hatte sie viele mystische Erlebnisse von au\u00dfergew\u00f6hnlicher Lebhaftigkeit, darunter Visionen von Jesus, der Jungfrau und den Heiligen. Sie erz\u00e4hlte diese Offenbarungen ihren geistlichen V\u00e4tern, die sie in acht B\u00e4nden sammelten. Es handelt sich um die <strong>Offenbarungen der Heiligen Birgitta<\/strong>, deren Wahrhaftigkeit 1415 vom Konzil von Konstanz anerkannt wurde.<\/p>\n<div class=\"link-article\">\n<p><img loading=\"lazy\" decoding=\"async\" class=\"size-full wp-image-6379 alignleft\" src=\"https:\/\/blog.holyart.it\/de\/wp-content\/uploads\/sites\/12\/2025\/06\/Die-Ereignisse-der-Passion-Jesu.jpg\" alt=\"Die-Ereignisse-der-Passion-Jesu\" width=\"150\" height=\"99\" data-kale-share-title=\"Heilige Birgitta von Schweden, Mitpatronin Europas\" data-kale-share-url=\"https:\/\/blog.holyart.it\/de\/?p=6371\" \/><\/p>\n<div class=\"leggi-anche\">Lesen Sie auch:<\/div>\n<p><strong><a href=\"https:\/\/www.holyart.de\/blog\/ostern\/die-ereignisse-der-passion-jesu-vom-letzten-abendmahl-bis-zu-seiner-kreuzigung\/\">Die Ereignisse der Passion Jesu: vom letzten Abendmahl bis zu seiner Kreuzigung<\/a><\/strong><br \/>\nDie Passion Jesu ist der h\u00f6chste und schrecklichste Moment&#8230;<\/p>\n<\/div>\n<p>\u201e<em>Du geh\u00f6rst mir und deshalb werde ich mit dir machen, was ich will. Liebe nichts so, wie du mich liebst<\/em>.\u201c Daher beansprucht Gott Bridget als seine Prophetin und Sprecherin. Stattdessen lehrt die Jungfrau sie, dass es zwei Wege gibt, zum Herzen Gottes zu gelangen: Demut und wahre Reue oder die Betrachtung der Leiden Christi. \u201e<em>Betrachte meine Sch\u00f6nheit durch die Sch\u00f6nheit der Elemente &#8230; Schau mich an. Ich bin die Sch\u00f6nste auf dem Tabor, aber die am meisten beleidigte am Kreuz, wo ich weder Gestalt noch Sch\u00f6nheit hatte. Schau mich an und meditiere &#8230; Korrigiere deine Fehler! H\u00f6re auf die Stimme, mit der ich dir zurief: Ich d\u00fcrste nach dir<\/em>!\u201c<\/p>\n<h2>Wie man den Birgitta-Rosenkranz betet<\/h2>\n<p>Zus\u00e4tzlich zu den Gebeten erhielt die heilige Birgitta von der Jungfrau Maria auch den <a href=\"https:\/\/www.holyart.de\/devotionalien\/rosenkranze-und-rosenkranzetuis\/besondere-rosenkranze\/andachtsrosenkranz-santa-brigida\"><strong>Birgitta-Rosenkranz<\/strong><\/a>, der den Schmerzen der Madonna und ihren 63 Lebensjahren auf Erden gewidmet ist. Wenn dieser Rosenkranz ein Jahr lang t\u00e4glich gebetet wird, garantiert er den Betenden die Erf\u00fcllung der 21 Versprechen, die Jesus den Gl\u00e4ubigen gegeben hat.<\/p>\n<p>Papst Urban V. genehmigte den Birgitta-Rosenkranz und die damit verbundenen <a href=\"https:\/\/www.holyart.de\/blog\/devotionalien\/der-vollkommene-ablass-bedeutung-ursprung-und-weg-zum-ablass\/\"><strong>Abl\u00e4sse<\/strong><\/a>: sieben Jahre Ablass und sieben Quarant\u00e4nen f\u00fcr jedes Rosenkranzgebet; einhundert Tage f\u00fcr jedes Vaterunser, Ave Maria und Glaubensbekenntnis; vollkommener Ablass <em>nach dem Tod<\/em> f\u00fcr diejenigen, die ihn mindestens einmal pro Woche rezitieren; vollkommener Ablass f\u00fcr diejenigen, die es jeden Tag rezitieren; vierzig Tage f\u00fcr diejenigen, die den Rosenkranz tragen, beim Klang der Glocken f\u00fcr Sterbende beten, sowie das Vaterunser und das Ave Maria beten, w\u00e4hrend sie ihr Gewissen pr\u00fcfen; und so weiter.<\/p>\n<p>Zum Beten des Birgitta-Rosenkranzes wird eine besondere <strong>Rosenkranzkrone<\/strong> verwendet, die aus goldfarbenen Perlen (auf jeder goldfarbenen Perle wird das Glaubensbekenntnis rezitiert), silberfarbenen Perlen (auf den silbernen Perlen wird das Vaterunser rezitiert) und blauen Perlen (f\u00fcr das Ave Maria) besteht. Dar\u00fcber hinaus gibt es im traditionellen Rosenkranz 5 Stellen f\u00fcr jedes Mysterium, w\u00e4hrend es im Birgitta-Rosenkranz 6 sind.<\/p>\n<div class=\"link-product\">\n<div class=\"blocco-immagine\"><img loading=\"lazy\" decoding=\"async\" class=\"size-full wp-image-6381 alignleft\" src=\"https:\/\/blog.holyart.it\/de\/wp-content\/uploads\/sites\/12\/2025\/06\/andachtsrosenkranz-santa-brigida.jpg\" alt=\"andachtsrosenkranz-santa-brigida\" width=\"100\" height=\"100\" data-kale-share-title=\"Heilige Birgitta von Schweden, Mitpatronin Europas\" data-kale-share-url=\"https:\/\/blog.holyart.it\/de\/?p=6371\" \/><\/div>\n<div class=\"blocco-contenuto\">\n<div class=\"blocco-acquista\">Einkaufen:<\/div>\n<div class=\"blocco-titolo\"><a href=\"https:\/\/www.holyart.de\/devotionalien\/rosenkranze-und-rosenkranzetuis\/besondere-rosenkranze\/andachtsrosenkranz-santa-brigida\">Andachtsrosenkranz Santa Brigida<\/a><\/div>\n<div class=\"blocco-descrizione\">Andachtsrosenkranz Santa Brigida.<\/div>\n<\/div>\n<\/div>\n","protected":false},"excerpt":{"rendered":"<p>Die heilige Birgitta von Schweden, eine schwedische Mystikerin aus dem 14. Jh., ist Mitschutzpatronin Europas. Sie unternahm eine Pilgerreise nach Santiago de Compostela und ins Heilige Land Es gibt sechs Schutzheilige Europas: den Heiligen Benedikt von Nursia, die Heilige Katharina von Siena, die Heiligen Kyrill&hellip;<\/p>\n","protected":false},"author":1,"featured_media":6372,"comment_status":"closed","ping_status":"open","sticky":false,"template":"","format":"standard","meta":{"_acf_changed":false,"footnotes":""},"categories":[9],"tags":[],"class_list":["post-6371","post","type-post","status-publish","format-standard","has-post-thumbnail","hentry","category-heilige-und-selige"],"acf":[],"yoast_head":"<!-- This site is optimized with the Yoast SEO plugin v26.6 - https:\/\/yoast.com\/wordpress\/plugins\/seo\/ -->\n<title>Heilige Birgitta von Schweden, Mitpatronin Europas - Holyart.de Blog<\/title>\n<meta name=\"description\" content=\"Die heilige Birgitta von Schweden, eine schwedische Mystikerin aus dem 14. Jh., ist Mitschutzpatronin Europas.\" \/>\n<meta name=\"robots\" content=\"index, follow, max-snippet:-1, max-image-preview:large, max-video-preview:-1\" \/>\n<link rel=\"canonical\" href=\"https:\/\/blog.holyart.it\/de\/heilige-und-selige\/heilige-birgitta-von-schweden-mitpatronin-europas\/\" \/>\n<meta property=\"og:locale\" content=\"de_DE\" \/>\n<meta property=\"og:type\" content=\"article\" \/>\n<meta property=\"og:title\" content=\"Heilige Birgitta von Schweden, Mitpatronin Europas - Holyart.de Blog\" \/>\n<meta property=\"og:description\" content=\"Die heilige Birgitta von Schweden, eine schwedische Mystikerin aus dem 14. Jh., ist Mitschutzpatronin Europas.\" \/>\n<meta property=\"og:url\" content=\"https:\/\/blog.holyart.it\/de\/heilige-und-selige\/heilige-birgitta-von-schweden-mitpatronin-europas\/\" \/>\n<meta property=\"og:site_name\" content=\"Holyart.de Blog\" \/>\n<meta property=\"article:published_time\" content=\"2025-07-02T08:00:55+00:00\" \/>\n<meta property=\"article:modified_time\" content=\"2025-07-07T10:06:51+00:00\" \/>\n<meta property=\"og:image\" content=\"https:\/\/blog.holyart.it\/de\/wp-content\/uploads\/sites\/12\/2025\/06\/Heilige-Birgitta-von-Schweden-Mitpatronin-Europas.jpeg\" \/>\n\t<meta property=\"og:image:width\" content=\"1000\" \/>\n\t<meta property=\"og:image:height\" content=\"666\" \/>\n\t<meta property=\"og:image:type\" content=\"image\/jpeg\" \/>\n<meta name=\"author\" content=\"Redazione\" \/>\n<meta name=\"twitter:card\" content=\"summary_large_image\" \/>\n<meta name=\"twitter:label1\" content=\"Verfasst von\" \/>\n\t<meta name=\"twitter:data1\" content=\"Redazione\" \/>\n\t<meta name=\"twitter:label2\" content=\"Gesch\u00e4tzte Lesezeit\" \/>\n\t<meta name=\"twitter:data2\" content=\"8\u00a0Minuten\" \/>\n<script type=\"application\/ld+json\" class=\"yoast-schema-graph\">{\"@context\":\"https:\/\/schema.org\",\"@graph\":[{\"@type\":\"Article\",\"@id\":\"https:\/\/blog.holyart.it\/de\/heilige-und-selige\/heilige-birgitta-von-schweden-mitpatronin-europas\/#article\",\"isPartOf\":{\"@id\":\"https:\/\/blog.holyart.it\/de\/heilige-und-selige\/heilige-birgitta-von-schweden-mitpatronin-europas\/\"},\"author\":{\"name\":\"Redazione\",\"@id\":\"https:\/\/blog.holyart.it\/de\/#\/schema\/person\/0a7b686e5af0f856ec1e390dd0baecda\"},\"headline\":\"Heilige Birgitta von Schweden, Mitpatronin Europas\",\"datePublished\":\"2025-07-02T08:00:55+00:00\",\"dateModified\":\"2025-07-07T10:06:51+00:00\",\"mainEntityOfPage\":{\"@id\":\"https:\/\/blog.holyart.it\/de\/heilige-und-selige\/heilige-birgitta-von-schweden-mitpatronin-europas\/\"},\"wordCount\":1162,\"publisher\":{\"@id\":\"https:\/\/blog.holyart.it\/de\/#organization\"},\"image\":{\"@id\":\"https:\/\/blog.holyart.it\/de\/heilige-und-selige\/heilige-birgitta-von-schweden-mitpatronin-europas\/#primaryimage\"},\"thumbnailUrl\":\"https:\/\/blog.holyart.it\/de\/wp-content\/uploads\/sites\/12\/2025\/06\/Heilige-Birgitta-von-Schweden-Mitpatronin-Europas.jpeg\",\"articleSection\":[\"Heilige und Selige\"],\"inLanguage\":\"de\"},{\"@type\":\"WebPage\",\"@id\":\"https:\/\/blog.holyart.it\/de\/heilige-und-selige\/heilige-birgitta-von-schweden-mitpatronin-europas\/\",\"url\":\"https:\/\/blog.holyart.it\/de\/heilige-und-selige\/heilige-birgitta-von-schweden-mitpatronin-europas\/\",\"name\":\"Heilige Birgitta von Schweden, Mitpatronin Europas - Holyart.de Blog\",\"isPartOf\":{\"@id\":\"https:\/\/blog.holyart.it\/de\/#website\"},\"primaryImageOfPage\":{\"@id\":\"https:\/\/blog.holyart.it\/de\/heilige-und-selige\/heilige-birgitta-von-schweden-mitpatronin-europas\/#primaryimage\"},\"image\":{\"@id\":\"https:\/\/blog.holyart.it\/de\/heilige-und-selige\/heilige-birgitta-von-schweden-mitpatronin-europas\/#primaryimage\"},\"thumbnailUrl\":\"https:\/\/blog.holyart.it\/de\/wp-content\/uploads\/sites\/12\/2025\/06\/Heilige-Birgitta-von-Schweden-Mitpatronin-Europas.jpeg\",\"datePublished\":\"2025-07-02T08:00:55+00:00\",\"dateModified\":\"2025-07-07T10:06:51+00:00\",\"description\":\"Die heilige Birgitta von Schweden, eine schwedische Mystikerin aus dem 14. Jh., ist Mitschutzpatronin Europas.\",\"breadcrumb\":{\"@id\":\"https:\/\/blog.holyart.it\/de\/heilige-und-selige\/heilige-birgitta-von-schweden-mitpatronin-europas\/#breadcrumb\"},\"inLanguage\":\"de\",\"potentialAction\":[{\"@type\":\"ReadAction\",\"target\":[\"https:\/\/blog.holyart.it\/de\/heilige-und-selige\/heilige-birgitta-von-schweden-mitpatronin-europas\/\"]}]},{\"@type\":\"ImageObject\",\"inLanguage\":\"de\",\"@id\":\"https:\/\/blog.holyart.it\/de\/heilige-und-selige\/heilige-birgitta-von-schweden-mitpatronin-europas\/#primaryimage\",\"url\":\"https:\/\/blog.holyart.it\/de\/wp-content\/uploads\/sites\/12\/2025\/06\/Heilige-Birgitta-von-Schweden-Mitpatronin-Europas.jpeg\",\"contentUrl\":\"https:\/\/blog.holyart.it\/de\/wp-content\/uploads\/sites\/12\/2025\/06\/Heilige-Birgitta-von-Schweden-Mitpatronin-Europas.jpeg\",\"width\":1000,\"height\":666,\"caption\":\"Heilige Birgitta von Schweden, Mitpatronin Europas\"},{\"@type\":\"BreadcrumbList\",\"@id\":\"https:\/\/blog.holyart.it\/de\/heilige-und-selige\/heilige-birgitta-von-schweden-mitpatronin-europas\/#breadcrumb\",\"itemListElement\":[{\"@type\":\"ListItem\",\"position\":1,\"name\":\"Homepage\",\"item\":\"https:\/\/blog.holyart.it\/de\/\"},{\"@type\":\"ListItem\",\"position\":2,\"name\":\"Heilige und Selige\",\"item\":\"https:\/\/blog.holyart.it\/de\/heilige-und-selige\/\"},{\"@type\":\"ListItem\",\"position\":3,\"name\":\"Heilige Birgitta von Schweden, Mitpatronin Europas\"}]},{\"@type\":\"WebSite\",\"@id\":\"https:\/\/blog.holyart.it\/de\/#website\",\"url\":\"https:\/\/blog.holyart.it\/de\/\",\"name\":\"Holyart.de Blog\",\"description\":\"Holyblog\",\"publisher\":{\"@id\":\"https:\/\/blog.holyart.it\/de\/#organization\"},\"potentialAction\":[{\"@type\":\"SearchAction\",\"target\":{\"@type\":\"EntryPoint\",\"urlTemplate\":\"https:\/\/blog.holyart.it\/de\/?s={search_term_string}\"},\"query-input\":{\"@type\":\"PropertyValueSpecification\",\"valueRequired\":true,\"valueName\":\"search_term_string\"}}],\"inLanguage\":\"de\"},{\"@type\":\"Organization\",\"@id\":\"https:\/\/blog.holyart.it\/de\/#organization\",\"name\":\"Holyart.de Blog\",\"url\":\"https:\/\/blog.holyart.it\/de\/\",\"logo\":{\"@type\":\"ImageObject\",\"inLanguage\":\"de\",\"@id\":\"https:\/\/blog.holyart.it\/de\/#\/schema\/logo\/image\/\",\"url\":\"https:\/\/blog.holyart.it\/de\/wp-content\/uploads\/sites\/12\/2022\/12\/Holyart_Blog_Logo.jpg\",\"contentUrl\":\"https:\/\/blog.holyart.it\/de\/wp-content\/uploads\/sites\/12\/2022\/12\/Holyart_Blog_Logo.jpg\",\"width\":300,\"height\":50,\"caption\":\"Holyart.de Blog\"},\"image\":{\"@id\":\"https:\/\/blog.holyart.it\/de\/#\/schema\/logo\/image\/\"}},{\"@type\":\"Person\",\"@id\":\"https:\/\/blog.holyart.it\/de\/#\/schema\/person\/0a7b686e5af0f856ec1e390dd0baecda\",\"name\":\"Redazione\",\"image\":{\"@type\":\"ImageObject\",\"inLanguage\":\"de\",\"@id\":\"https:\/\/blog.holyart.it\/de\/#\/schema\/person\/image\/\",\"url\":\"https:\/\/secure.gravatar.com\/avatar\/f477da817f43e50d0af36abecd33e3edf826c68299714bdc1057dff3b113f516?s=96&d=mm&r=g\",\"contentUrl\":\"https:\/\/secure.gravatar.com\/avatar\/f477da817f43e50d0af36abecd33e3edf826c68299714bdc1057dff3b113f516?s=96&d=mm&r=g\",\"caption\":\"Redazione\"}}]}<\/script>\n<!-- \/ Yoast SEO plugin. -->","yoast_head_json":{"title":"Heilige Birgitta von Schweden, Mitpatronin Europas - Holyart.de Blog","description":"Die heilige Birgitta von Schweden, eine schwedische Mystikerin aus dem 14. Jh., ist Mitschutzpatronin Europas.","robots":{"index":"index","follow":"follow","max-snippet":"max-snippet:-1","max-image-preview":"max-image-preview:large","max-video-preview":"max-video-preview:-1"},"canonical":"https:\/\/blog.holyart.it\/de\/heilige-und-selige\/heilige-birgitta-von-schweden-mitpatronin-europas\/","og_locale":"de_DE","og_type":"article","og_title":"Heilige Birgitta von Schweden, Mitpatronin Europas - Holyart.de Blog","og_description":"Die heilige Birgitta von Schweden, eine schwedische Mystikerin aus dem 14. Jh., ist Mitschutzpatronin Europas.","og_url":"https:\/\/blog.holyart.it\/de\/heilige-und-selige\/heilige-birgitta-von-schweden-mitpatronin-europas\/","og_site_name":"Holyart.de Blog","article_published_time":"2025-07-02T08:00:55+00:00","article_modified_time":"2025-07-07T10:06:51+00:00","og_image":[{"width":1000,"height":666,"url":"https:\/\/blog.holyart.it\/de\/wp-content\/uploads\/sites\/12\/2025\/06\/Heilige-Birgitta-von-Schweden-Mitpatronin-Europas.jpeg","type":"image\/jpeg"}],"author":"Redazione","twitter_card":"summary_large_image","twitter_misc":{"Verfasst von":"Redazione","Gesch\u00e4tzte Lesezeit":"8\u00a0Minuten"},"schema":{"@context":"https:\/\/schema.org","@graph":[{"@type":"Article","@id":"https:\/\/blog.holyart.it\/de\/heilige-und-selige\/heilige-birgitta-von-schweden-mitpatronin-europas\/#article","isPartOf":{"@id":"https:\/\/blog.holyart.it\/de\/heilige-und-selige\/heilige-birgitta-von-schweden-mitpatronin-europas\/"},"author":{"name":"Redazione","@id":"https:\/\/blog.holyart.it\/de\/#\/schema\/person\/0a7b686e5af0f856ec1e390dd0baecda"},"headline":"Heilige Birgitta von Schweden, Mitpatronin Europas","datePublished":"2025-07-02T08:00:55+00:00","dateModified":"2025-07-07T10:06:51+00:00","mainEntityOfPage":{"@id":"https:\/\/blog.holyart.it\/de\/heilige-und-selige\/heilige-birgitta-von-schweden-mitpatronin-europas\/"},"wordCount":1162,"publisher":{"@id":"https:\/\/blog.holyart.it\/de\/#organization"},"image":{"@id":"https:\/\/blog.holyart.it\/de\/heilige-und-selige\/heilige-birgitta-von-schweden-mitpatronin-europas\/#primaryimage"},"thumbnailUrl":"https:\/\/blog.holyart.it\/de\/wp-content\/uploads\/sites\/12\/2025\/06\/Heilige-Birgitta-von-Schweden-Mitpatronin-Europas.jpeg","articleSection":["Heilige und Selige"],"inLanguage":"de"},{"@type":"WebPage","@id":"https:\/\/blog.holyart.it\/de\/heilige-und-selige\/heilige-birgitta-von-schweden-mitpatronin-europas\/","url":"https:\/\/blog.holyart.it\/de\/heilige-und-selige\/heilige-birgitta-von-schweden-mitpatronin-europas\/","name":"Heilige Birgitta von Schweden, Mitpatronin Europas - Holyart.de Blog","isPartOf":{"@id":"https:\/\/blog.holyart.it\/de\/#website"},"primaryImageOfPage":{"@id":"https:\/\/blog.holyart.it\/de\/heilige-und-selige\/heilige-birgitta-von-schweden-mitpatronin-europas\/#primaryimage"},"image":{"@id":"https:\/\/blog.holyart.it\/de\/heilige-und-selige\/heilige-birgitta-von-schweden-mitpatronin-europas\/#primaryimage"},"thumbnailUrl":"https:\/\/blog.holyart.it\/de\/wp-content\/uploads\/sites\/12\/2025\/06\/Heilige-Birgitta-von-Schweden-Mitpatronin-Europas.jpeg","datePublished":"2025-07-02T08:00:55+00:00","dateModified":"2025-07-07T10:06:51+00:00","description":"Die heilige Birgitta von Schweden, eine schwedische Mystikerin aus dem 14. Jh., ist Mitschutzpatronin Europas.","breadcrumb":{"@id":"https:\/\/blog.holyart.it\/de\/heilige-und-selige\/heilige-birgitta-von-schweden-mitpatronin-europas\/#breadcrumb"},"inLanguage":"de","potentialAction":[{"@type":"ReadAction","target":["https:\/\/blog.holyart.it\/de\/heilige-und-selige\/heilige-birgitta-von-schweden-mitpatronin-europas\/"]}]},{"@type":"ImageObject","inLanguage":"de","@id":"https:\/\/blog.holyart.it\/de\/heilige-und-selige\/heilige-birgitta-von-schweden-mitpatronin-europas\/#primaryimage","url":"https:\/\/blog.holyart.it\/de\/wp-content\/uploads\/sites\/12\/2025\/06\/Heilige-Birgitta-von-Schweden-Mitpatronin-Europas.jpeg","contentUrl":"https:\/\/blog.holyart.it\/de\/wp-content\/uploads\/sites\/12\/2025\/06\/Heilige-Birgitta-von-Schweden-Mitpatronin-Europas.jpeg","width":1000,"height":666,"caption":"Heilige Birgitta von Schweden, Mitpatronin Europas"},{"@type":"BreadcrumbList","@id":"https:\/\/blog.holyart.it\/de\/heilige-und-selige\/heilige-birgitta-von-schweden-mitpatronin-europas\/#breadcrumb","itemListElement":[{"@type":"ListItem","position":1,"name":"Homepage","item":"https:\/\/blog.holyart.it\/de\/"},{"@type":"ListItem","position":2,"name":"Heilige und Selige","item":"https:\/\/blog.holyart.it\/de\/heilige-und-selige\/"},{"@type":"ListItem","position":3,"name":"Heilige Birgitta von Schweden, Mitpatronin Europas"}]},{"@type":"WebSite","@id":"https:\/\/blog.holyart.it\/de\/#website","url":"https:\/\/blog.holyart.it\/de\/","name":"Holyart.de Blog","description":"Holyblog","publisher":{"@id":"https:\/\/blog.holyart.it\/de\/#organization"},"potentialAction":[{"@type":"SearchAction","target":{"@type":"EntryPoint","urlTemplate":"https:\/\/blog.holyart.it\/de\/?s={search_term_string}"},"query-input":{"@type":"PropertyValueSpecification","valueRequired":true,"valueName":"search_term_string"}}],"inLanguage":"de"},{"@type":"Organization","@id":"https:\/\/blog.holyart.it\/de\/#organization","name":"Holyart.de Blog","url":"https:\/\/blog.holyart.it\/de\/","logo":{"@type":"ImageObject","inLanguage":"de","@id":"https:\/\/blog.holyart.it\/de\/#\/schema\/logo\/image\/","url":"https:\/\/blog.holyart.it\/de\/wp-content\/uploads\/sites\/12\/2022\/12\/Holyart_Blog_Logo.jpg","contentUrl":"https:\/\/blog.holyart.it\/de\/wp-content\/uploads\/sites\/12\/2022\/12\/Holyart_Blog_Logo.jpg","width":300,"height":50,"caption":"Holyart.de Blog"},"image":{"@id":"https:\/\/blog.holyart.it\/de\/#\/schema\/logo\/image\/"}},{"@type":"Person","@id":"https:\/\/blog.holyart.it\/de\/#\/schema\/person\/0a7b686e5af0f856ec1e390dd0baecda","name":"Redazione","image":{"@type":"ImageObject","inLanguage":"de","@id":"https:\/\/blog.holyart.it\/de\/#\/schema\/person\/image\/","url":"https:\/\/secure.gravatar.com\/avatar\/f477da817f43e50d0af36abecd33e3edf826c68299714bdc1057dff3b113f516?s=96&d=mm&r=g","contentUrl":"https:\/\/secure.gravatar.com\/avatar\/f477da817f43e50d0af36abecd33e3edf826c68299714bdc1057dff3b113f516?s=96&d=mm&r=g","caption":"Redazione"}}]}},"_links":{"self":[{"href":"https:\/\/blog.holyart.it\/de\/wp-json\/wp\/v2\/posts\/6371","targetHints":{"allow":["GET"]}}],"collection":[{"href":"https:\/\/blog.holyart.it\/de\/wp-json\/wp\/v2\/posts"}],"about":[{"href":"https:\/\/blog.holyart.it\/de\/wp-json\/wp\/v2\/types\/post"}],"author":[{"embeddable":true,"href":"https:\/\/blog.holyart.it\/de\/wp-json\/wp\/v2\/users\/1"}],"replies":[{"embeddable":true,"href":"https:\/\/blog.holyart.it\/de\/wp-json\/wp\/v2\/comments?post=6371"}],"version-history":[{"count":6,"href":"https:\/\/blog.holyart.it\/de\/wp-json\/wp\/v2\/posts\/6371\/revisions"}],"predecessor-version":[{"id":6383,"href":"https:\/\/blog.holyart.it\/de\/wp-json\/wp\/v2\/posts\/6371\/revisions\/6383"}],"wp:featuredmedia":[{"embeddable":true,"href":"https:\/\/blog.holyart.it\/de\/wp-json\/wp\/v2\/media\/6372"}],"wp:attachment":[{"href":"https:\/\/blog.holyart.it\/de\/wp-json\/wp\/v2\/media?parent=6371"}],"wp:term":[{"taxonomy":"category","embeddable":true,"href":"https:\/\/blog.holyart.it\/de\/wp-json\/wp\/v2\/categories?post=6371"},{"taxonomy":"post_tag","embeddable":true,"href":"https:\/\/blog.holyart.it\/de\/wp-json\/wp\/v2\/tags?post=6371"}],"curies":[{"name":"wp","href":"https:\/\/api.w.org\/{rel}","templated":true}]}}