{"id":6343,"date":"2025-06-30T10:00:44","date_gmt":"2025-06-30T08:00:44","guid":{"rendered":"https:\/\/blog.holyart.it\/de\/?p=6343"},"modified":"2025-06-26T12:20:36","modified_gmt":"2025-06-26T10:20:36","slug":"jugendjubilaeum-2025-daten-und-vollstaendiges-programm","status":"publish","type":"post","link":"https:\/\/blog.holyart.it\/de\/jubilaeum-2025\/jugendjubilaeum-2025-daten-und-vollstaendiges-programm\/","title":{"rendered":"Jugendjubil\u00e4um 2025: Daten und vollst\u00e4ndiges Programm"},"content":{"rendered":"<h4>Jugendjubil\u00e4um 2025: eine Woche im Zeichen der Pilger der Hoffnung, die die Welt ver\u00e4ndern werden<\/h4>\n\n<p>W\u00e4hrend der Sommer anh\u00e4lt und unsere Tage immer hei\u00dfer werden, bereitet sich Rom darauf vor, das pulsierende Herz der Jugend der Welt zu empfangen. Vom <strong>28. Juli bis zum 3. August 2025<\/strong> wird <a href=\"https:\/\/www.holyart.de\/blog\/devotionalien\/pilgerreise-nach-rom-ein-beliebtes-ziel-fuer-christen\/\"><strong>Rom<\/strong><\/a> seine Arme f\u00fcr eine Vielzahl junger Menschen \u00f6ffnen, die in Bewegung sind und bereit sind, sich in eine Stadt zu verwandeln, die ein Symbol des Glaubens, der Begegnung und der Zukunft ist. Stra\u00dfen, Pl\u00e4tze und Basiliken werden mit verschiedenen Sprachen, Liedern, Schritten, Fragen, die nach Antworten verlangen, und brennendem jungen Leben, das eine Zukunft f\u00fcr die Welt fordert, lebendig werden. Das <strong>Jugendjubil\u00e4um<\/strong> ist mit dem gro\u00dfen Atem des <a href=\"https:\/\/www.holyart.de\/blog\/devotionalien\/der-veranstaltungskalender-des-jubilaeums-2025\/\"><strong>Jubil\u00e4ums<\/strong> <strong>2025<\/strong><\/a> verwoben und steht unter dem gleichen Motto: <strong>\u201e<a href=\"https:\/\/www.holyart.de\/blog\/devotionalien\/die-bedeutung-des-jubilaeumslogos-2025-pilger-der-hoffnung\/\">Pilger der Hoffnung<\/a>\u201c<\/strong>. Aber bei jungen Menschen wird diese Hoffnung zu einem Impuls, einer Intuition, einer Dringlichkeit. Es ist ein Appell an alle, gewiss, aber bei den Jungen und M\u00e4dchen, die in Rom ankommen werden, m\u00fcde, aufgeregt, voller Leben, bekommt er die Kraft einer Verhei\u00dfung. Das <strong>einer neuen Welt<\/strong>, die noch aufgebaut werden muss.<\/p>\n<div class=\"link-article\">\n<p><img loading=\"lazy\" decoding=\"async\" class=\"size-full wp-image-6345 alignleft\" src=\"https:\/\/blog.holyart.it\/de\/wp-content\/uploads\/sites\/12\/2025\/06\/Der-Veranstaltungskalender-des-Jubilaeums-2025-1.jpg\" alt=\"Der Veranstaltungskalender des Jubilaeums 2025\" width=\"150\" height=\"99\" data-kale-share-title=\"Jugendjubil\u00e4um 2025: Daten und vollst\u00e4ndiges Programm\" data-kale-share-url=\"https:\/\/blog.holyart.it\/de\/?p=6343\" \/><\/p>\n<div class=\"leggi-anche\">Lesen Sie auch:<\/div>\n<p><strong><a href=\"https:\/\/www.holyart.de\/blog\/devotionalien\/der-veranstaltungskalender-des-jubilaeums-2025\/\">Der Veranstaltungskalender des Jubil\u00e4ums 2025<\/a><\/strong><br \/>\nDer Veranstaltungskalender f\u00fcr das Jubil\u00e4um 2025 wurde ver\u00f6ffentlicht: zw\u00f6lf Monate mit Veranstaltungen und Gelegenheiten&#8230;<\/p>\n<\/div>\n<p>Wenn alle Gl\u00e4ubigen Pilger sind, dann sind es die jungen Menschen in einer radikalen, fast ontologischen Weise. Denn sie tragen in sich den Keim der Unruhe, der Erwartung, der Sehnsucht, die nicht gestillt wird. Sie sind Wanderer aus Berufung: Sie suchen nicht nur nach Wegen, sondern auch nach <strong>Horizonten, die sie erfinden k\u00f6nnen<\/strong>. Sie sind diejenigen, die immer noch glauben, auch wenn die Welt um sie herum schon aufgegeben zu haben scheint. Sie bleiben nicht stehen, nicht einmal vor den Ruinen. Pilger der Hoffnung zu sein, ist f\u00fcr sie keine \u00dcbung in Fr\u00f6mmigkeit. Es ist ein <strong>Akt des Glaubens an die Zukunft<\/strong>. Ein Akt des Mutes. Es bedeutet, sich jeden Tag daf\u00fcr zu entscheiden, sich <strong>nicht<\/strong> dem Zynismus, der Resignation und der Apathie <strong>hinzugeben<\/strong>.<\/p>\n<p>In ihnen sieht die Kirche nicht nur das Morgen: Sie sieht eine Gegenwart, die die Welt bereits ver\u00e4ndern kann. Eine Gegenwart, die aus neuen Ideen besteht, aus aufrichtigen Fragen, aus H\u00e4nden, die bereit sind, etwas aufzubauen. <strong>Denn Hoffnung ist kein passives Warten<\/strong>. Sie ist eine Kraft, die sich ihren Weg bahnt, die sich r\u00fchrt, die vorw\u00e4rts dr\u00e4ngt. Sie ist das Lied derer, die auch mit kaputten Schuhen gehen, weil sie wissen, dass das Ziel den Weg wert ist.<\/p>\n<p>Im Jubil\u00e4umsjahr 2025 werden die jungen Menschen <strong>das Licht der Morgenr\u00f6te<\/strong> sein, das Licht, das dem Tag vorausgeht und ihn ank\u00fcndigt. Sie werden Propheten mit Jeans und einem L\u00e4cheln sein, unvollkommene, aber hartn\u00e4ckige Heilige, J\u00fcnger der Freude, auch wenn alles um sie herum zu wackeln scheint.<\/p>\n<p>Sie werden <em>Pilger der Hoffnung<\/em> sein und sind es bereits, nicht weil sie den Weg kennen, sondern weil sie glauben, dass es sich lohnt, ihn gemeinsam zu suchen.<\/p>\n<div class=\"link-article\">\n<p><img loading=\"lazy\" decoding=\"async\" class=\"size-full wp-image-6346 alignleft\" src=\"https:\/\/blog.holyart.it\/de\/wp-content\/uploads\/sites\/12\/2025\/06\/Jubilaumslogos-2025.jpg\" alt=\"Jubilaumslogos 2025\" width=\"150\" height=\"99\" data-kale-share-title=\"Jugendjubil\u00e4um 2025: Daten und vollst\u00e4ndiges Programm\" data-kale-share-url=\"https:\/\/blog.holyart.it\/de\/?p=6343\" \/><\/p>\n<div class=\"leggi-anche\">Lesen Sie auch:<\/div>\n<p><strong><a href=\"https:\/\/www.holyart.de\/blog\/devotionalien\/die-bedeutung-des-jubilaeumslogos-2025-pilger-der-hoffnung\/\">Die Bedeutung des Jubil\u00e4umslogos 2025: Pilger der Hoffnung<\/a><\/strong><br \/>\nDas Logo des Jubil\u00e4ums 2025, das aus fast dreihundert Vorschl\u00e4gen ausgew\u00e4hlt wurde, ist vorgestellt worden&#8230;<\/p>\n<\/div>\n<p>Die Daten des <strong>Jugendjubil\u00e4ums<\/strong> sind bereits in die Herzen tausender Jungen und M\u00e4dchen eingebrannt. Es wird eine Woche der Begegnungen, Umarmungen, Reisen und Worte unter dem strahlenden r\u00f6mischen Sommerhimmel sein. Das Programm des Jubil\u00e4ums 2025 wird nicht nur eine Agenda sein, sondern eine Karte des Herzens: Jeder Termin wird ein Schritt zu etwas Gr\u00f6\u00dferem sein, ein Fl\u00fcstern der Ewigkeit.<\/p>\n<h2>Termine des Jugendjubil\u00e4ums 2025<\/h2>\n<p>Die Daten des Jubil\u00e4ums 2025 werden von Tausenden von Jungen und M\u00e4dchen schon seit Monaten mit der Tinte der Vorfreude markiert. Vom <strong>28. Juli bis zum 3. August<\/strong> sind es sieben Tage, die sich als eine in der Zeit angehaltene Klammer ank\u00fcndigen, in der Rom die Sprachen der Welt sprechen wird und seine Gassen mit Rucks\u00e4cken, Gitarren, Liedern und m\u00fcden, aber leichten Schritten gef\u00fcllt sein werden. Das Jugendjubil\u00e4um 2025 richtet sich an junge Herzen, an diejenigen, die gro\u00dfe Tr\u00e4ume haben, an diejenigen, die auf der Suche nach etwas Lebenswertem sind. In einem Sommer, in dem alles wie ein Urlaub erscheint, bietet die Kirche eine Alternative an: <strong>einen Urlaub der Seele<\/strong>, in dem die Begegnung mit Gott und mit dem anderen zur wahrhaftigen Erfahrung wird. Und Rom mit seinen <strong><a href=\"https:\/\/www.holyart.de\/blog\/devotionalien\/jubilaeumskirchen-pilgerziele-die-man-waehrend-des-jubilaeums-unbedingt-gesehen-haben-muss\/\">tausendj\u00e4hrigen Basiliken<\/a><\/strong>, mit seinen sprechenden Steinen, mit Sonnenaufg\u00e4ngen \u00fcber Br\u00fccken und nach Jasmin duftenden N\u00e4chten wird der perfekte Rahmen f\u00fcr diese spirituelle Reise sein. Jeder Tag ist eine Botschaft, ein Zeichen, ein Aufruf.<\/p>\n<div class=\"link-article\">\n<p><img loading=\"lazy\" decoding=\"async\" class=\"size-full wp-image-6347 alignleft\" src=\"https:\/\/blog.holyart.it\/de\/wp-content\/uploads\/sites\/12\/2025\/06\/Jubilaeumskirchen-1.jpg\" alt=\"Jubilaeumskirchen\" width=\"150\" height=\"99\" data-kale-share-title=\"Jugendjubil\u00e4um 2025: Daten und vollst\u00e4ndiges Programm\" data-kale-share-url=\"https:\/\/blog.holyart.it\/de\/?p=6343\" \/><\/p>\n<div class=\"leggi-anche\">Lesen Sie auch:<\/div>\n<p><strong><a href=\"https:\/\/www.holyart.de\/blog\/devotionalien\/jubilaeumskirchen-pilgerziele-die-man-waehrend-des-jubilaeums-unbedingt-gesehen-haben-muss\/\">Jubil\u00e4umskirchen, Pilgerziele, die man w\u00e4hrend des Jubil\u00e4ums unbedingt gesehen haben muss<\/a><\/strong><br \/>\nJubil\u00e4umskirchen sind Kirchen, die mit einer Heiligen Pforte&#8230;<\/p>\n<\/div>\n<h2>Weltjugendtag<\/h2>\n<p>Das Jugendjubil\u00e4um kommt nicht aus dem Nichts: Es ist der Nachkomme und die Fortsetzung des <strong>Weltjugendtags<\/strong>, des ber\u00fchmten <strong>WJT<\/strong>, der seit Jahrzehnten die neuen Generationen der Welt um den Papst versammelt. Er ist die reife Frucht des Traums von Johannes Paul II., der in der Jugend kein Problem sah, das es zu bew\u00e4ltigen galt, sondern ein Versprechen, das es anzunehmen galt. Der Weltjugendtag hat Ozeane \u00fcberquert, Krisen herausgefordert, Gesichter und Flaggen zusammengebracht, Verbindungen geschaffen, die Grenzen und Kriege \u00fcberwunden haben. Heute, im Herzen des <a href=\"https:\/\/www.holyart.de\/blog\/devotionalien\/was-ist-das-jubilaeum-vorbereitungen-fuer-ein-neues-heiliges-jahr\/\"><strong>Jubil\u00e4umsjahres 2025<\/strong><\/a>, wird dieselbe Energie in einem neuen Licht wiederbelebt.<\/p>\n<p>Denn die jungen Menschen sind keine Zuschauer der Kirche: <strong>Sie sind die lebendige Kirche, in Bewegung<\/strong>. Das Jubil\u00e4um wird f\u00fcr sie kein Ereignis sein, das sie verfolgen, sondern eine Erfahrung, die sie verk\u00f6rpern. Sie werden Protagonisten sein, Zeugen, gesunde Hoffnungstr\u00e4ger. Und in einer Welt, die von Ungewissheit und Einsamkeit zerrissen ist, wird es ihre Stimme sein &#8211; fr\u00f6hlich, rebellisch, verliebt, die die Zukunft neu entfachen wird.<\/p>\n<p>Die Jubil\u00e4umstermine im Zusammenhang mit dem WJT 2025 werden eine Werkstatt des Friedens, eine Werkstatt der Sch\u00f6nheit sein, in der wir gemeinsam \u00fcber soziale Gerechtigkeit, integrale \u00d6kologie und den Dialog zwischen den Kulturen nachdenken werden. Denn die Heiligkeit hat heute das Gesicht der konkreten Solidarit\u00e4t.<\/p>\n<div class=\"link-article\">\n<p><img loading=\"lazy\" decoding=\"async\" class=\"size-full wp-image-6348 alignleft\" src=\"https:\/\/blog.holyart.it\/de\/wp-content\/uploads\/sites\/12\/2025\/06\/Was-ist-das-Jubilaum-1.jpg\" alt=\"Was ist das Jubilaum\" width=\"150\" height=\"99\" data-kale-share-title=\"Jugendjubil\u00e4um 2025: Daten und vollst\u00e4ndiges Programm\" data-kale-share-url=\"https:\/\/blog.holyart.it\/de\/?p=6343\" \/><\/p>\n<div class=\"leggi-anche\">Lesen Sie auch:<\/div>\n<p><strong><a href=\"https:\/\/www.holyart.de\/blog\/devotionalien\/was-ist-das-jubilaeum-vorbereitungen-fuer-ein-neues-heiliges-jahr\/\">Was ist das Jubil\u00e4um: Vorbereitungen f\u00fcr ein neues Heiliges Jahr<\/a><\/strong><br \/>\nWas ist das Jubil\u00e4umsjahr? Wie oft wird es gefeiert? Im Hinblick auf&#8230;<\/p>\n<\/div>\n<h2>Programm des Jugendjubil\u00e4ums<\/h2>\n<p>Das Programm des Jugendjubil\u00e4ums 2025 wird wie eine gro\u00dfe Reise in Etappen sein, eine ausgedehnte Pilgerreise in das lebendige Herz Roms, die Tag f\u00fcr Tag in Gesten, Worten und Begegnungen Gestalt annehmen wird.<\/p>\n<p>Sie beginnt <strong>am Montag, 28. Juli<\/strong>, mit der Ankunft der Pilger. Bahnh\u00f6fe, Flugh\u00e4fen, Terminals werden zu Orten der Begr\u00fc\u00dfung, der Umarmung, des Wartens. Die Stadt wird ihr Gesicht ver\u00e4ndern, bev\u00f6lkert von Rucks\u00e4cken und Liedern, von L\u00e4cheln und gemischten Sprachen.<\/p>\n<p><strong>Am Dienstag, dem 29.<\/strong>, wird das Jubil\u00e4um mit der <strong>Begr\u00fc\u00dfungsmesse auf dem Petersplatz<\/strong> seinen H\u00f6hepunkt finden: ein kraftvoller und chorischer Moment, in dem die Herzen der jungen Menschen sich mit der Stimme der Kirche von Rom verbinden und sagen: \u201e<em>Wir sind hier. Wir sind bereit<\/em>.\u201c<\/p>\n<p><strong>Mittwoch, der 30. und Donnerstag, der 31.<\/strong> werden zwei besondere Tage sein: der \u201e<strong>Dialog mit der Stadt<\/strong>\u201c, bei dem sich die Jugendlichen in die Stadtviertel, Museen, versteckte H\u00f6fe und alte Kirchen begeben werden. Rom wird sich wie ein Buch \u00f6ffnen und seine sch\u00f6nsten Seiten anbieten: k\u00fcnstlerische Workshops, spirituelle Begegnungen, kulturelle Initiativen, Zeugnisse. Jeder Winkel der Stadt wird zu einem Ort des Zuh\u00f6rens, der Konfrontation und des Staunens.<\/p>\n<p><strong>Am Freitag, dem 1. August<\/strong>, wird die Zeit langsamer und innerer werden. Es ist der <strong>Tag der Bu\u00dfe<\/strong>, an dem sich der Circus Maximus in einen gro\u00dfen Raum der Barmherzigkeit und Vergebung verwandelt. Hier k\u00f6nnen junge Menschen das <strong>Sakrament der Vers\u00f6hnung<\/strong> empfangen, Stille erleben und ihr Herz sprechen lassen. Es wird ein Tag sein, an dem das, was in ihrem Inneren nicht in Ordnung ist, in Ordnung gebracht und das, was ungel\u00f6st geblieben ist, befreit wird.<\/p>\n<p><strong>Am Samstag, dem 2. August<\/strong>, machen sich die Jugendlichen dann auf den Weg zum <strong>Tor Vergata<\/strong>, einem symbolischen Ort, an dem die Zeit stillzustehen scheint. Hier findet unter dem Sternenhimmel <strong>die Vigil mit dem Heiligen Vater<\/strong> statt, ein intimer und gro\u00dfer gemeinsamer Moment. Die Jugendlichen werden unter freiem Himmel schlafen, wie echte Pilger, die gemeinsam in der Nacht, die den Tag vorbereitet, Wache halten.<\/p>\n<p><strong>Sonntag, 3. August <\/strong>ist der H\u00f6hepunkt. Die Begegnung mit dem Papst und die Abschlussmesse. Eine Epiphanie von Jugendlichen, die unter einem Himmel versammelt sind, mit leuchtenden Augen, erhobenen H\u00e4nden und weit ge\u00f6ffneten Herzen. Das lauteste \u201eAmen\u201c, das die Jugend der Welt je ausgesprochen hat. Eine Feier, die alle Stimmen, Tr\u00e4nen, T\u00e4nze und Versprechen von damals wieder aufleben lassen wird.<\/p>\n<p>Dann wird langsam die R\u00fcckkehr beginnen. Aber es wird kein <em>Abschied<\/em> sein, sondern ein stark gefl\u00fcstertes \u201e<em>jetzt geh<\/em>\u201c. Denn diejenigen, die dieses Jubil\u00e4um erlebt haben, kehren nie wirklich zur\u00fcck.<\/p>\n<p>\u00dcberall wird es Kunst geben: <strong>Shows, Ausstellungen, Zeugnisse<\/strong>, denn Sch\u00f6nheit ist einer der Namen Gottes und spricht auch zu denen, die die Sprache des Glaubens noch nicht gelernt haben. Es wird Raum f\u00fcr den konkreten und stillen <strong>Dienst<\/strong> unter den Armen, in den Pfarreien, in den H\u00f6rzentren geben. Denn Hoffnung, die nicht zur Geste wird, bleibt nur ein Wort.<\/p>\n<p>Und wiederum <strong>Begegnungen unter kirchlichen Bewegungen<\/strong>, zwischen di\u00f6zesanen Realit\u00e4ten, zwischen verschiedenen Charismen, die zusammen ein Mosaik des lebendigen und wirksamen Glaubens bilden werden.<\/p>\n<p>Das Herzst\u00fcck dieser Veranstaltung ist der <strong>interreligi\u00f6se Dialog<\/strong>: ein Raum, in dem man lernen kann, zuzuh\u00f6ren, zu wissen, die Hand auszustrecken. Denn die Zukunft wird nicht mit Mauern, sondern mit Br\u00fccken gebaut.<\/p>\n<div class=\"sp-styles-warning\" style=\"width: 450px; background-color: #FFF; color: #F00; border: 1px solid #F00; padding: 10px; font-size: 14px;\">\n\t\t\t<span style=\"font-weight: bold;\">Warning: The stylesheets were not loaded!<\/span> \n\t\t\tYou will need to change the <i>Load stylesheets<\/i> setting from <i>Automatically<\/i> to <i>On homepage<\/i> or <i>On all pages<\/i>. \n\t\t\tYou can set that <a style=\"text-decoration: underline; color: #F00;\" href=\"https:\/\/blog.holyart.it\/de\/wp-admin\/admin.php?page=sliderpro-settings\">here<\/a>.\n\t\t\t<\/div>\r\n<div id=\"slider-pro-118\" class=\"slider-pro sp-no-js\" style=\"width: 500px; height: 500px;\">\r\n\t<div class=\"sp-slides\">\r\n\t\t\r\n\t\t<div class=\"sp-slide\">\r\n\t\t\t<img loading=\"lazy\" decoding=\"async\" class=\"sp-image\" src=\"https:\/\/blog.holyart.it\/de\/wp-content\/uploads\/sites\/12\/2025\/06\/luce-offizielles-maskottchen-des-jubilaums-2025-pluschfigur-25-cm-tokidoki.jpg\" alt=\"luce offizielles maskottchen des jubilaums 2025 pluschfigur 25 cm tokidoki\" width=\"500\" height=\"500\" \/>\r\n\t\t\t<div class=\"sp-thumbnail\"><a class=\"\" href=\"https:\/\/www.holyart.de\/jubilaum-der-barmherzigkeit\/luce-offizielles-maskottchen-des-jubilaums-2025\/luce-offizielles-maskottchen-des-jubilaums-2025-pluschfigur-25-cm-tokidoki\">\r\n\t\t\t\t<img decoding=\"async\" src=\"https:\/\/blog.holyart.it\/de\/wp-content\/uploads\/sites\/12\/2025\/06\/luce-offizielles-maskottchen-des-jubilaums-2025-pluschfigur-25-cm-tokidoki-1.jpg\" alt=\"luce offizielles maskottchen des jubilaums 2025 pluschfigur 25 cm tokidoki\" \/>\r\n\t\t\t<\/a>\r\n\t\t\t<\/div>\r\n\t\t\t<div class=\"sp-caption\">Luce, offizielles Maskottchen des Jubil\u00e4ums 2025, Pl\u00fcschfigur 25 cm, Tokidoki<\/br><strong><a href=\"https:\/\/www.holyart.de\/jubilaum-der-barmherzigkeit\/luce-offizielles-maskottchen-des-jubilaums-2025\/luce-offizielles-maskottchen-des-jubilaums-2025-pluschfigur-25-cm-tokidoki\">Bei Holyart kaufen<\/a><\/strong><\/div>\r\n\t\t<\/div>\r\n\t\t<div class=\"sp-slide\">\r\n\t\t\t<img loading=\"lazy\" decoding=\"async\" class=\"sp-image\" src=\"https:\/\/blog.holyart.it\/de\/wp-content\/uploads\/sites\/12\/2025\/06\/offizielles-maskottchen-schwarzes-jubilaums-t-shirt-2025-luce-and-friends.jpg\" alt=\"offizielles maskottchen schwarzes jubilaums t-shirt 2025 luce and friends\" width=\"500\" height=\"500\" \/>\r\n\t\t\t<div class=\"sp-thumbnail\"><a class=\"\" href=\"https:\/\/www.holyart.de\/jubilaum-der-barmherzigkeit\/luce-offizielles-maskottchen-des-jubilaums-2025\/offizielles-maskottchen-schwarzes-jubilaums-t-shirt-2025-luce-and-friends\">\r\n\t\t\t\t<img decoding=\"async\" src=\"https:\/\/blog.holyart.it\/de\/wp-content\/uploads\/sites\/12\/2025\/06\/offizielles-maskottchen-schwarzes-jubilaums-t-shirt-2025-luce-and-friends-1.jpg\" alt=\"offizielles maskottchen schwarzes jubilaums t-shirt 2025 luce and friends\" \/>\r\n\t\t\t<\/a>\r\n\t\t\t<\/div>\r\n\t\t\t<div class=\"sp-caption\">Offizielles Maskottchen schwarzes Jubil\u00e4ums-T-Shirt 2025 Luce and friends<\/br><strong><a href=\"https:\/\/www.holyart.de\/jubilaum-der-barmherzigkeit\/luce-offizielles-maskottchen-des-jubilaums-2025\/offizielles-maskottchen-schwarzes-jubilaums-t-shirt-2025-luce-and-friends\">Bei Holyart kaufen<\/a><\/strong><\/div>\r\n\t\t<\/div>\r\n\t\t<div class=\"sp-slide\">\r\n\t\t\t<img loading=\"lazy\" decoding=\"async\" class=\"sp-image\" src=\"https:\/\/blog.holyart.it\/de\/wp-content\/uploads\/sites\/12\/2025\/06\/pilgerkomplett-kit-zum-jubilaum-2025-rucksack-plus-zubehor-umweltfreundlich-und-wasserdicht-1.jpg\" alt=\"pilgerkomplett kit zum jubilaum 2025 rucksack plus zubehor umweltfreundlich und wasserdicht\" width=\"500\" height=\"500\" \/>\r\n\t\t\t<div class=\"sp-thumbnail\"><a class=\"\" href=\"https:\/\/www.holyart.de\/jubilaum-der-barmherzigkeit\/pilger-set-zum-jubilaum-2025\/pilgerkomplett-kit-zum-jubilaum-2025-rucksack-plus-zubehor-umweltfreundlich-und-wasserdicht\">\r\n\t\t\t\t<img decoding=\"async\" src=\"https:\/\/blog.holyart.it\/de\/wp-content\/uploads\/sites\/12\/2025\/06\/pilgerkomplett-kit-zum-jubilaum-2025-rucksack-plus-zubehor-umweltfreundlich-und-wasserdicht.jpg\" alt=\"pilgerkomplett kit zum jubilaum 2025 rucksack plus zubehor umweltfreundlich und wasserdicht\" \/>\r\n\t\t\t<\/a>\r\n\t\t\t<\/div>\r\n\t\t\t<div class=\"sp-caption\">Pilgerkomplett-Kit zum Jubil\u00e4um 2025, Rucksack plus Zubeh\u00f6r, umweltfreundlich und wasserdicht<\/br><strong><a href=\"https:\/\/www.holyart.de\/jubilaum-der-barmherzigkeit\/pilger-set-zum-jubilaum-2025\/pilgerkomplett-kit-zum-jubilaum-2025-rucksack-plus-zubehor-umweltfreundlich-und-wasserdicht\">Bei Holyart kaufen<\/a><\/strong><\/div>\r\n\t\t<\/div>\r\n\t\t<div class=\"sp-slide\">\r\n\t\t\t<img loading=\"lazy\" decoding=\"async\" class=\"sp-image\" src=\"https:\/\/blog.holyart.it\/de\/wp-content\/uploads\/sites\/12\/2025\/06\/pilgerausrustung-zum-jubilaum-2025-rucksack-plus-zubehor.jpg\" alt=\"pilgerausrustung zum jubilaum 2025 rucksack plus zubehor\" width=\"500\" height=\"500\" \/>\r\n\t\t\t<div class=\"sp-thumbnail\"><a class=\"\" href=\"https:\/\/www.holyart.de\/jubilaum-der-barmherzigkeit\/pilger-set-zum-jubilaum-2025\/pilgerausrustung-zum-jubilaum-2025-rucksack-plus-zubehor\">\r\n\t\t\t\t<img decoding=\"async\" src=\"https:\/\/blog.holyart.it\/de\/wp-content\/uploads\/sites\/12\/2025\/06\/pilgerausrustung-zum-jubilaum-2025-rucksack-plus-zubehor-e1750254076974.jpg\" alt=\"pilgerausrustung zum jubilaum 2025 rucksack plus zubehor\" \/>\r\n\t\t\t<\/a>\r\n\t\t\t<\/div>\r\n\t\t\t<div class=\"sp-caption\">Pilgerausr\u00fcstung zum Jubil\u00e4um 2025, Rucksack plus Zubeh\u00f6r<\/br><strong><a href=\"https:\/\/www.holyart.de\/jubilaum-der-barmherzigkeit\/pilger-set-zum-jubilaum-2025\/pilgerausrustung-zum-jubilaum-2025-rucksack-plus-zubehor\">Bei Holyart kaufen<\/a><\/strong><\/div>\r\n\t\t<\/div>\r\n\t\t<div class=\"sp-slide\">\r\n\t\t\t<img loading=\"lazy\" decoding=\"async\" class=\"sp-image\" src=\"https:\/\/blog.holyart.it\/de\/wp-content\/uploads\/sites\/12\/2025\/06\/armband-zum-jubilaum-2025-elastisch-mit-weissen-und-farbigen-keramikperlen-7-mm.jpg\" alt=\"armband zum jubilaum 2025 elastisch mit weissen und farbigen keramikperlen 7 mm\" width=\"500\" height=\"500\" \/>\r\n\t\t\t<div class=\"sp-thumbnail\"><a class=\"\" href=\"https:\/\/www.holyart.de\/jubilaum-der-barmherzigkeit\/gadgets-und-souvenirs-jubilaum-2025\/armband-zum-jubilaum-2025-elastisch-mit-weissen-und-farbigen-keramikperlen-7-mm\">\r\n\t\t\t\t<img decoding=\"async\" src=\"https:\/\/blog.holyart.it\/de\/wp-content\/uploads\/sites\/12\/2025\/06\/armband-zum-jubilaum-2025-elastisch-mit-weissen-und-farbigen-keramikperlen-7-mm-1.jpg\" alt=\"armband zum jubilaum 2025 elastisch mit weissen und farbigen keramikperlen 7 mm\" \/>\r\n\t\t\t<\/a>\r\n\t\t\t<\/div>\r\n\t\t\t<div class=\"sp-caption\">Armband zum Jubil\u00e4um 2025, elastisch, mit wei\u00dfen und farbigen Keramikperlen, 7 mm<\/br><strong><a href=\"https:\/\/www.holyart.de\/jubilaum-der-barmherzigkeit\/gadgets-und-souvenirs-jubilaum-2025\/armband-zum-jubilaum-2025-elastisch-mit-weissen-und-farbigen-keramikperlen-7-mm\">Bei Holyart kaufen<\/a><\/strong><\/div>\r\n\t\t<\/div>\r\n\t<\/div>\r\n<\/div>\n","protected":false},"excerpt":{"rendered":"<p>Jugendjubil\u00e4um 2025: eine Woche im Zeichen der Pilger der Hoffnung, die die Welt ver\u00e4ndern werden W\u00e4hrend der Sommer anh\u00e4lt und unsere Tage immer hei\u00dfer werden, bereitet sich Rom darauf vor, das pulsierende Herz der Jugend der Welt zu empfangen. Vom 28. Juli bis zum 3.&hellip;<\/p>\n","protected":false},"author":1,"featured_media":6361,"comment_status":"closed","ping_status":"open","sticky":false,"template":"","format":"standard","meta":{"_acf_changed":false,"footnotes":""},"categories":[17],"tags":[],"class_list":["post-6343","post","type-post","status-publish","format-standard","has-post-thumbnail","hentry","category-jubilaeum-2025"],"acf":[],"yoast_head":"<!-- This site is optimized with the Yoast SEO plugin v26.6 - https:\/\/yoast.com\/wordpress\/plugins\/seo\/ -->\n<title>Jugendjubil\u00e4um 2025: Daten und vollst\u00e4ndiges Programm - Holyart.de Blog<\/title>\n<meta name=\"description\" content=\"Anl\u00e4sslich des Jugendjubil\u00e4ums 2025 wird Rom Tausende von Jungen und M\u00e4dchen empfangen die eine neue Welt aufbauen wollen\" \/>\n<meta name=\"robots\" content=\"index, follow, max-snippet:-1, max-image-preview:large, max-video-preview:-1\" \/>\n<link rel=\"canonical\" href=\"https:\/\/blog.holyart.it\/de\/jubilaeum-2025\/jugendjubilaeum-2025-daten-und-vollstaendiges-programm\/\" \/>\n<meta property=\"og:locale\" content=\"de_DE\" \/>\n<meta property=\"og:type\" content=\"article\" \/>\n<meta property=\"og:title\" content=\"Jugendjubil\u00e4um 2025: Daten und vollst\u00e4ndiges Programm - Holyart.de Blog\" \/>\n<meta property=\"og:description\" content=\"Anl\u00e4sslich des Jugendjubil\u00e4ums 2025 wird Rom Tausende von Jungen und M\u00e4dchen empfangen die eine neue Welt aufbauen wollen\" \/>\n<meta property=\"og:url\" content=\"https:\/\/blog.holyart.it\/de\/jubilaeum-2025\/jugendjubilaeum-2025-daten-und-vollstaendiges-programm\/\" \/>\n<meta property=\"og:site_name\" content=\"Holyart.de Blog\" \/>\n<meta property=\"article:published_time\" content=\"2025-06-30T08:00:44+00:00\" \/>\n<meta property=\"og:image\" content=\"https:\/\/blog.holyart.it\/de\/wp-content\/uploads\/sites\/12\/2025\/06\/Jugendjubilaum-2025.jpg\" \/>\n\t<meta property=\"og:image:width\" content=\"1000\" \/>\n\t<meta property=\"og:image:height\" content=\"666\" \/>\n\t<meta property=\"og:image:type\" content=\"image\/jpeg\" \/>\n<meta name=\"author\" content=\"Redazione\" \/>\n<meta name=\"twitter:card\" content=\"summary_large_image\" \/>\n<meta name=\"twitter:label1\" content=\"Verfasst von\" \/>\n\t<meta name=\"twitter:data1\" content=\"Redazione\" \/>\n\t<meta name=\"twitter:label2\" content=\"Gesch\u00e4tzte Lesezeit\" \/>\n\t<meta name=\"twitter:data2\" content=\"10\u00a0Minuten\" \/>\n<script type=\"application\/ld+json\" class=\"yoast-schema-graph\">{\"@context\":\"https:\/\/schema.org\",\"@graph\":[{\"@type\":\"Article\",\"@id\":\"https:\/\/blog.holyart.it\/de\/jubilaeum-2025\/jugendjubilaeum-2025-daten-und-vollstaendiges-programm\/#article\",\"isPartOf\":{\"@id\":\"https:\/\/blog.holyart.it\/de\/jubilaeum-2025\/jugendjubilaeum-2025-daten-und-vollstaendiges-programm\/\"},\"author\":{\"name\":\"Redazione\",\"@id\":\"https:\/\/blog.holyart.it\/de\/#\/schema\/person\/0a7b686e5af0f856ec1e390dd0baecda\"},\"headline\":\"Jugendjubil\u00e4um 2025: Daten und vollst\u00e4ndiges Programm\",\"datePublished\":\"2025-06-30T08:00:44+00:00\",\"mainEntityOfPage\":{\"@id\":\"https:\/\/blog.holyart.it\/de\/jubilaeum-2025\/jugendjubilaeum-2025-daten-und-vollstaendiges-programm\/\"},\"wordCount\":1616,\"publisher\":{\"@id\":\"https:\/\/blog.holyart.it\/de\/#organization\"},\"image\":{\"@id\":\"https:\/\/blog.holyart.it\/de\/jubilaeum-2025\/jugendjubilaeum-2025-daten-und-vollstaendiges-programm\/#primaryimage\"},\"thumbnailUrl\":\"https:\/\/blog.holyart.it\/de\/wp-content\/uploads\/sites\/12\/2025\/06\/Jugendjubilaum-2025.jpg\",\"articleSection\":[\"Jubil\u00e4um 2025\"],\"inLanguage\":\"de\"},{\"@type\":\"WebPage\",\"@id\":\"https:\/\/blog.holyart.it\/de\/jubilaeum-2025\/jugendjubilaeum-2025-daten-und-vollstaendiges-programm\/\",\"url\":\"https:\/\/blog.holyart.it\/de\/jubilaeum-2025\/jugendjubilaeum-2025-daten-und-vollstaendiges-programm\/\",\"name\":\"Jugendjubil\u00e4um 2025: Daten und vollst\u00e4ndiges Programm - Holyart.de Blog\",\"isPartOf\":{\"@id\":\"https:\/\/blog.holyart.it\/de\/#website\"},\"primaryImageOfPage\":{\"@id\":\"https:\/\/blog.holyart.it\/de\/jubilaeum-2025\/jugendjubilaeum-2025-daten-und-vollstaendiges-programm\/#primaryimage\"},\"image\":{\"@id\":\"https:\/\/blog.holyart.it\/de\/jubilaeum-2025\/jugendjubilaeum-2025-daten-und-vollstaendiges-programm\/#primaryimage\"},\"thumbnailUrl\":\"https:\/\/blog.holyart.it\/de\/wp-content\/uploads\/sites\/12\/2025\/06\/Jugendjubilaum-2025.jpg\",\"datePublished\":\"2025-06-30T08:00:44+00:00\",\"description\":\"Anl\u00e4sslich des Jugendjubil\u00e4ums 2025 wird Rom Tausende von Jungen und M\u00e4dchen empfangen die eine neue Welt aufbauen wollen\",\"breadcrumb\":{\"@id\":\"https:\/\/blog.holyart.it\/de\/jubilaeum-2025\/jugendjubilaeum-2025-daten-und-vollstaendiges-programm\/#breadcrumb\"},\"inLanguage\":\"de\",\"potentialAction\":[{\"@type\":\"ReadAction\",\"target\":[\"https:\/\/blog.holyart.it\/de\/jubilaeum-2025\/jugendjubilaeum-2025-daten-und-vollstaendiges-programm\/\"]}]},{\"@type\":\"ImageObject\",\"inLanguage\":\"de\",\"@id\":\"https:\/\/blog.holyart.it\/de\/jubilaeum-2025\/jugendjubilaeum-2025-daten-und-vollstaendiges-programm\/#primaryimage\",\"url\":\"https:\/\/blog.holyart.it\/de\/wp-content\/uploads\/sites\/12\/2025\/06\/Jugendjubilaum-2025.jpg\",\"contentUrl\":\"https:\/\/blog.holyart.it\/de\/wp-content\/uploads\/sites\/12\/2025\/06\/Jugendjubilaum-2025.jpg\",\"width\":1000,\"height\":666,\"caption\":\"Jugendjubil\u00e4um 2025\"},{\"@type\":\"BreadcrumbList\",\"@id\":\"https:\/\/blog.holyart.it\/de\/jubilaeum-2025\/jugendjubilaeum-2025-daten-und-vollstaendiges-programm\/#breadcrumb\",\"itemListElement\":[{\"@type\":\"ListItem\",\"position\":1,\"name\":\"Homepage\",\"item\":\"https:\/\/blog.holyart.it\/de\/\"},{\"@type\":\"ListItem\",\"position\":2,\"name\":\"Jubil\u00e4um 2025\",\"item\":\"https:\/\/blog.holyart.it\/de\/jubilaeum-2025\/\"},{\"@type\":\"ListItem\",\"position\":3,\"name\":\"Jugendjubil\u00e4um 2025: Daten und vollst\u00e4ndiges Programm\"}]},{\"@type\":\"WebSite\",\"@id\":\"https:\/\/blog.holyart.it\/de\/#website\",\"url\":\"https:\/\/blog.holyart.it\/de\/\",\"name\":\"Holyart.de Blog\",\"description\":\"Holyblog\",\"publisher\":{\"@id\":\"https:\/\/blog.holyart.it\/de\/#organization\"},\"potentialAction\":[{\"@type\":\"SearchAction\",\"target\":{\"@type\":\"EntryPoint\",\"urlTemplate\":\"https:\/\/blog.holyart.it\/de\/?s={search_term_string}\"},\"query-input\":{\"@type\":\"PropertyValueSpecification\",\"valueRequired\":true,\"valueName\":\"search_term_string\"}}],\"inLanguage\":\"de\"},{\"@type\":\"Organization\",\"@id\":\"https:\/\/blog.holyart.it\/de\/#organization\",\"name\":\"Holyart.de Blog\",\"url\":\"https:\/\/blog.holyart.it\/de\/\",\"logo\":{\"@type\":\"ImageObject\",\"inLanguage\":\"de\",\"@id\":\"https:\/\/blog.holyart.it\/de\/#\/schema\/logo\/image\/\",\"url\":\"https:\/\/blog.holyart.it\/de\/wp-content\/uploads\/sites\/12\/2022\/12\/Holyart_Blog_Logo.jpg\",\"contentUrl\":\"https:\/\/blog.holyart.it\/de\/wp-content\/uploads\/sites\/12\/2022\/12\/Holyart_Blog_Logo.jpg\",\"width\":300,\"height\":50,\"caption\":\"Holyart.de Blog\"},\"image\":{\"@id\":\"https:\/\/blog.holyart.it\/de\/#\/schema\/logo\/image\/\"}},{\"@type\":\"Person\",\"@id\":\"https:\/\/blog.holyart.it\/de\/#\/schema\/person\/0a7b686e5af0f856ec1e390dd0baecda\",\"name\":\"Redazione\",\"image\":{\"@type\":\"ImageObject\",\"inLanguage\":\"de\",\"@id\":\"https:\/\/blog.holyart.it\/de\/#\/schema\/person\/image\/\",\"url\":\"https:\/\/secure.gravatar.com\/avatar\/f477da817f43e50d0af36abecd33e3edf826c68299714bdc1057dff3b113f516?s=96&d=mm&r=g\",\"contentUrl\":\"https:\/\/secure.gravatar.com\/avatar\/f477da817f43e50d0af36abecd33e3edf826c68299714bdc1057dff3b113f516?s=96&d=mm&r=g\",\"caption\":\"Redazione\"}}]}<\/script>\n<!-- \/ Yoast SEO plugin. -->","yoast_head_json":{"title":"Jugendjubil\u00e4um 2025: Daten und vollst\u00e4ndiges Programm - Holyart.de Blog","description":"Anl\u00e4sslich des Jugendjubil\u00e4ums 2025 wird Rom Tausende von Jungen und M\u00e4dchen empfangen die eine neue Welt aufbauen wollen","robots":{"index":"index","follow":"follow","max-snippet":"max-snippet:-1","max-image-preview":"max-image-preview:large","max-video-preview":"max-video-preview:-1"},"canonical":"https:\/\/blog.holyart.it\/de\/jubilaeum-2025\/jugendjubilaeum-2025-daten-und-vollstaendiges-programm\/","og_locale":"de_DE","og_type":"article","og_title":"Jugendjubil\u00e4um 2025: Daten und vollst\u00e4ndiges Programm - Holyart.de Blog","og_description":"Anl\u00e4sslich des Jugendjubil\u00e4ums 2025 wird Rom Tausende von Jungen und M\u00e4dchen empfangen die eine neue Welt aufbauen wollen","og_url":"https:\/\/blog.holyart.it\/de\/jubilaeum-2025\/jugendjubilaeum-2025-daten-und-vollstaendiges-programm\/","og_site_name":"Holyart.de Blog","article_published_time":"2025-06-30T08:00:44+00:00","og_image":[{"width":1000,"height":666,"url":"https:\/\/blog.holyart.it\/de\/wp-content\/uploads\/sites\/12\/2025\/06\/Jugendjubilaum-2025.jpg","type":"image\/jpeg"}],"author":"Redazione","twitter_card":"summary_large_image","twitter_misc":{"Verfasst von":"Redazione","Gesch\u00e4tzte Lesezeit":"10\u00a0Minuten"},"schema":{"@context":"https:\/\/schema.org","@graph":[{"@type":"Article","@id":"https:\/\/blog.holyart.it\/de\/jubilaeum-2025\/jugendjubilaeum-2025-daten-und-vollstaendiges-programm\/#article","isPartOf":{"@id":"https:\/\/blog.holyart.it\/de\/jubilaeum-2025\/jugendjubilaeum-2025-daten-und-vollstaendiges-programm\/"},"author":{"name":"Redazione","@id":"https:\/\/blog.holyart.it\/de\/#\/schema\/person\/0a7b686e5af0f856ec1e390dd0baecda"},"headline":"Jugendjubil\u00e4um 2025: Daten und vollst\u00e4ndiges Programm","datePublished":"2025-06-30T08:00:44+00:00","mainEntityOfPage":{"@id":"https:\/\/blog.holyart.it\/de\/jubilaeum-2025\/jugendjubilaeum-2025-daten-und-vollstaendiges-programm\/"},"wordCount":1616,"publisher":{"@id":"https:\/\/blog.holyart.it\/de\/#organization"},"image":{"@id":"https:\/\/blog.holyart.it\/de\/jubilaeum-2025\/jugendjubilaeum-2025-daten-und-vollstaendiges-programm\/#primaryimage"},"thumbnailUrl":"https:\/\/blog.holyart.it\/de\/wp-content\/uploads\/sites\/12\/2025\/06\/Jugendjubilaum-2025.jpg","articleSection":["Jubil\u00e4um 2025"],"inLanguage":"de"},{"@type":"WebPage","@id":"https:\/\/blog.holyart.it\/de\/jubilaeum-2025\/jugendjubilaeum-2025-daten-und-vollstaendiges-programm\/","url":"https:\/\/blog.holyart.it\/de\/jubilaeum-2025\/jugendjubilaeum-2025-daten-und-vollstaendiges-programm\/","name":"Jugendjubil\u00e4um 2025: Daten und vollst\u00e4ndiges Programm - Holyart.de Blog","isPartOf":{"@id":"https:\/\/blog.holyart.it\/de\/#website"},"primaryImageOfPage":{"@id":"https:\/\/blog.holyart.it\/de\/jubilaeum-2025\/jugendjubilaeum-2025-daten-und-vollstaendiges-programm\/#primaryimage"},"image":{"@id":"https:\/\/blog.holyart.it\/de\/jubilaeum-2025\/jugendjubilaeum-2025-daten-und-vollstaendiges-programm\/#primaryimage"},"thumbnailUrl":"https:\/\/blog.holyart.it\/de\/wp-content\/uploads\/sites\/12\/2025\/06\/Jugendjubilaum-2025.jpg","datePublished":"2025-06-30T08:00:44+00:00","description":"Anl\u00e4sslich des Jugendjubil\u00e4ums 2025 wird Rom Tausende von Jungen und M\u00e4dchen empfangen die eine neue Welt aufbauen wollen","breadcrumb":{"@id":"https:\/\/blog.holyart.it\/de\/jubilaeum-2025\/jugendjubilaeum-2025-daten-und-vollstaendiges-programm\/#breadcrumb"},"inLanguage":"de","potentialAction":[{"@type":"ReadAction","target":["https:\/\/blog.holyart.it\/de\/jubilaeum-2025\/jugendjubilaeum-2025-daten-und-vollstaendiges-programm\/"]}]},{"@type":"ImageObject","inLanguage":"de","@id":"https:\/\/blog.holyart.it\/de\/jubilaeum-2025\/jugendjubilaeum-2025-daten-und-vollstaendiges-programm\/#primaryimage","url":"https:\/\/blog.holyart.it\/de\/wp-content\/uploads\/sites\/12\/2025\/06\/Jugendjubilaum-2025.jpg","contentUrl":"https:\/\/blog.holyart.it\/de\/wp-content\/uploads\/sites\/12\/2025\/06\/Jugendjubilaum-2025.jpg","width":1000,"height":666,"caption":"Jugendjubil\u00e4um 2025"},{"@type":"BreadcrumbList","@id":"https:\/\/blog.holyart.it\/de\/jubilaeum-2025\/jugendjubilaeum-2025-daten-und-vollstaendiges-programm\/#breadcrumb","itemListElement":[{"@type":"ListItem","position":1,"name":"Homepage","item":"https:\/\/blog.holyart.it\/de\/"},{"@type":"ListItem","position":2,"name":"Jubil\u00e4um 2025","item":"https:\/\/blog.holyart.it\/de\/jubilaeum-2025\/"},{"@type":"ListItem","position":3,"name":"Jugendjubil\u00e4um 2025: Daten und vollst\u00e4ndiges Programm"}]},{"@type":"WebSite","@id":"https:\/\/blog.holyart.it\/de\/#website","url":"https:\/\/blog.holyart.it\/de\/","name":"Holyart.de Blog","description":"Holyblog","publisher":{"@id":"https:\/\/blog.holyart.it\/de\/#organization"},"potentialAction":[{"@type":"SearchAction","target":{"@type":"EntryPoint","urlTemplate":"https:\/\/blog.holyart.it\/de\/?s={search_term_string}"},"query-input":{"@type":"PropertyValueSpecification","valueRequired":true,"valueName":"search_term_string"}}],"inLanguage":"de"},{"@type":"Organization","@id":"https:\/\/blog.holyart.it\/de\/#organization","name":"Holyart.de Blog","url":"https:\/\/blog.holyart.it\/de\/","logo":{"@type":"ImageObject","inLanguage":"de","@id":"https:\/\/blog.holyart.it\/de\/#\/schema\/logo\/image\/","url":"https:\/\/blog.holyart.it\/de\/wp-content\/uploads\/sites\/12\/2022\/12\/Holyart_Blog_Logo.jpg","contentUrl":"https:\/\/blog.holyart.it\/de\/wp-content\/uploads\/sites\/12\/2022\/12\/Holyart_Blog_Logo.jpg","width":300,"height":50,"caption":"Holyart.de Blog"},"image":{"@id":"https:\/\/blog.holyart.it\/de\/#\/schema\/logo\/image\/"}},{"@type":"Person","@id":"https:\/\/blog.holyart.it\/de\/#\/schema\/person\/0a7b686e5af0f856ec1e390dd0baecda","name":"Redazione","image":{"@type":"ImageObject","inLanguage":"de","@id":"https:\/\/blog.holyart.it\/de\/#\/schema\/person\/image\/","url":"https:\/\/secure.gravatar.com\/avatar\/f477da817f43e50d0af36abecd33e3edf826c68299714bdc1057dff3b113f516?s=96&d=mm&r=g","contentUrl":"https:\/\/secure.gravatar.com\/avatar\/f477da817f43e50d0af36abecd33e3edf826c68299714bdc1057dff3b113f516?s=96&d=mm&r=g","caption":"Redazione"}}]}},"_links":{"self":[{"href":"https:\/\/blog.holyart.it\/de\/wp-json\/wp\/v2\/posts\/6343","targetHints":{"allow":["GET"]}}],"collection":[{"href":"https:\/\/blog.holyart.it\/de\/wp-json\/wp\/v2\/posts"}],"about":[{"href":"https:\/\/blog.holyart.it\/de\/wp-json\/wp\/v2\/types\/post"}],"author":[{"embeddable":true,"href":"https:\/\/blog.holyart.it\/de\/wp-json\/wp\/v2\/users\/1"}],"replies":[{"embeddable":true,"href":"https:\/\/blog.holyart.it\/de\/wp-json\/wp\/v2\/comments?post=6343"}],"version-history":[{"count":6,"href":"https:\/\/blog.holyart.it\/de\/wp-json\/wp\/v2\/posts\/6343\/revisions"}],"predecessor-version":[{"id":6363,"href":"https:\/\/blog.holyart.it\/de\/wp-json\/wp\/v2\/posts\/6343\/revisions\/6363"}],"wp:featuredmedia":[{"embeddable":true,"href":"https:\/\/blog.holyart.it\/de\/wp-json\/wp\/v2\/media\/6361"}],"wp:attachment":[{"href":"https:\/\/blog.holyart.it\/de\/wp-json\/wp\/v2\/media?parent=6343"}],"wp:term":[{"taxonomy":"category","embeddable":true,"href":"https:\/\/blog.holyart.it\/de\/wp-json\/wp\/v2\/categories?post=6343"},{"taxonomy":"post_tag","embeddable":true,"href":"https:\/\/blog.holyart.it\/de\/wp-json\/wp\/v2\/tags?post=6343"}],"curies":[{"name":"wp","href":"https:\/\/api.w.org\/{rel}","templated":true}]}}