{"id":6321,"date":"2025-06-18T10:01:20","date_gmt":"2025-06-18T08:01:20","guid":{"rendered":"https:\/\/blog.holyart.it\/de\/?p=6321"},"modified":"2025-06-18T12:22:49","modified_gmt":"2025-06-18T10:22:49","slug":"priesterjubilaeum-2025-veranstaltungshinweise-und-programm","status":"publish","type":"post","link":"https:\/\/blog.holyart.it\/de\/jubilaeum-2025\/priesterjubilaeum-2025-veranstaltungshinweise-und-programm\/","title":{"rendered":"Priesterjubil\u00e4um 2025: Veranstaltungshinweise und Programm"},"content":{"rendered":"<h4>Priesterjubil\u00e4um 2025: Wenn die Kirche zu sich selbst findet und wieder geht<\/h4>\n<p>Es gibt einen Moment im Leben eines Gl\u00e4ubigen, in dem das Herz das Bed\u00fcrfnis versp\u00fcrt, zur Quelle zur\u00fcckzukehren. Wenn die Stimme zum Gebet wird, das Schweigen zum Zuh\u00f6ren, und sogar die M\u00fcdigkeit die Form einer Opfergabe annimmt. F\u00fcr die Gl\u00e4ubigen in aller Welt und insbesondere f\u00fcr die Priester hat dieser Moment einen Namen: <a href=\"https:\/\/www.holyart.de\/blog\/devotionalien\/was-ist-das-jubilaeum-vorbereitungen-fuer-ein-neues-heiliges-jahr\/\"><strong>Jubil\u00e4um<\/strong><\/a>. Unter den <a href=\"https:\/\/www.holyart.it\/blog\/articoli-religiosi\/il-calendario-degli-eventi-del-giubileo-2025\/\">z<\/a>ahlreichen Veranstaltungen, die das Heilige Jahr pr\u00e4gen, wird sich Rom vom <strong>25. bis 27. Juni<\/strong> in einen zum Himmel offenen Altar verwandeln. Seine Basiliken werden Priester aus allen Teilen der Welt empfangen, Br\u00fcder im Dienst, H\u00fcter eines Geheimnisses, das die Jahrhunderte umspannt. Es wird keine Versammlung sein. Es wird nicht nur eine Veranstaltung sein. Es wird eine Reise des Glaubens sein, eine Heimkehr. Es ist <strong>das Priesterjubil\u00e4um<\/strong>.<\/p>\n<div class=\"link-article\">\n<p><img loading=\"lazy\" decoding=\"async\" class=\"size-full wp-image-6324 alignleft\" src=\"https:\/\/blog.holyart.it\/de\/wp-content\/uploads\/sites\/12\/2025\/06\/Was-ist-das-Jubilaum.jpg\" alt=\"Was ist das Jubilaum\" width=\"150\" height=\"99\" data-kale-share-title=\"Priesterjubil\u00e4um 2025: Veranstaltungshinweise und Programm\" data-kale-share-url=\"https:\/\/blog.holyart.it\/de\/?p=6321\" \/><\/p>\n<div class=\"leggi-anche\">Lesen Sie auch:<\/div>\n<p><strong><a href=\"https:\/\/www.holyart.de\/blog\/devotionalien\/was-ist-das-jubilaeum-vorbereitungen-fuer-ein-neues-heiliges-jahr\/\">Was ist das Jubil\u00e4um: Vorbereitungen f\u00fcr ein neues Heiliges Jahr<\/a><\/strong><br \/>\nWas ist das Jubil\u00e4umsjahr? Wie oft wird es gefeiert? Im Hinblick&#8230;<\/p>\n<\/div>\n<p>Im Herzen des Jubil\u00e4ums 2025, unter den intensivsten Terminen, ist dies vielleicht der stillste und kraftvollste: weil er zu den Hirten spricht. Weil er sie einl\u00e4dt, <strong>neu geboren zu werden<\/strong>. Und Rom wird f\u00fcr diese drei Tage nicht mehr nur eine Stadt sein.<\/p>\n<p>Es wird ein Scho\u00df sein. Es wird Arche sein. Es wird Z\u00f6nakel sein.<\/p>\n<p>Das <strong>Priesterjubil\u00e4um 2025<\/strong> ist ein Akt der Liebe. Eine Einladung zur Entschleunigung. Zu atmen. <strong><a href=\"https:\/\/www.holyart.de\/blog\/devotionalien\/die-priesterweihe-wie-man-priester-wird\/\">Sich zu erinnern, warum man<\/a> <em>Ja<\/em> gesagt hat<\/strong>. Ein Akt der Liebe also, und zwar nicht eine abstrakte oder rhetorische Liebe, sondern die konkrete Liebe, die in der t\u00e4glichen Arbeit geboren wird und in der Stille des Herzens wieder aufbl\u00fcht.<\/p>\n<p>Es ist eine Einladung zur <strong>Entschleunigung<\/strong>, um endlich den Rucksack der Verantwortung abzulegen und sich f\u00fcr einen Moment auf die alten Steine Roms zu setzen, wie auf eine heilige Schwelle. Es ist ein sanfter und strenger Ruf, der fl\u00fcstert: <em>Erinnerst du dich an den ersten Blick<\/em>?<\/p>\n<div class=\"link-article\">\n<p><img loading=\"lazy\" decoding=\"async\" class=\"size-full wp-image-6325 alignleft\" src=\"https:\/\/blog.holyart.it\/de\/wp-content\/uploads\/sites\/12\/2025\/06\/Die-Priesterweihe.jpg\" alt=\"Die Priesterweihe\" width=\"150\" height=\"99\" data-kale-share-title=\"Priesterjubil\u00e4um 2025: Veranstaltungshinweise und Programm\" data-kale-share-url=\"https:\/\/blog.holyart.it\/de\/?p=6321\" \/><\/p>\n<div class=\"leggi-anche\">Lesen Sie auch:<\/div>\n<p><strong><a href=\"https:\/\/www.holyart.de\/blog\/devotionalien\/die-priesterweihe-wie-man-priester-wird\/\">Die Priesterweihe: Wie man Priester wird<\/a><\/strong><br \/>\nMit der Priesterweihe wird ein Mann im wahrsten Sinne des Wortes zum Priester. Hier erfahren Sie, wie der Ritus abl\u00e4uft&#8230;<\/p>\n<\/div>\n<p><em>An den ersten Altar? An den Tag, an dem Sie vor Gott und den Menschen mit Ihrem ganzen Wesen Ja gesagt haben, mit allem, was Sie waren und allem, was Sie noch nicht wussten, was Sie waren?<\/em><\/p>\n<p>Das Atmen wird dann zum Gebet. Die Zeit ist nicht l\u00e4nger ein Wettlauf, sondern ein Waffenstillstand. Ein Waffenstillstand mit den eigenen Schw\u00e4chen, mit unerf\u00fcllten Erwartungen, mit Fragen, die noch beantwortet werden m\u00fcssen.<\/p>\n<p>In diesem Schwebezustand zwischen Liturgie und Umarmung kann jeder Priester wieder mit der Stimme in Verbindung treten, die ihn gerufen hat, mit der Quelle seiner Berufung, die nie nur eine Wahl war, sondern ein empfangenes Geheimnis.<\/p>\n<p>Die <a href=\"https:\/\/www.holyart.de\/blog\/devotionalien\/der-veranstaltungskalender-des-jubilaeums-2025\/\"><strong>Daten des Jubil\u00e4ums<\/strong><\/a> sind im Kalender eingetragen. Aber die lebensver\u00e4ndernde Begegnung hat keine Uhr: Sie findet im Inneren statt.<\/p>\n<p>Und diejenigen, die sich von diesem Licht erreichen lassen, werden anders zur\u00fcckkommen. Leichter. Voller. Mehr ein Vater.<\/p>\n<div class=\"link-article\">\n<p><img loading=\"lazy\" decoding=\"async\" class=\"size-full wp-image-6326 alignleft\" src=\"https:\/\/blog.holyart.it\/de\/wp-content\/uploads\/sites\/12\/2025\/06\/Der-Veranstaltungskalender-des-Jubilaeums-2025.jpg\" alt=\"Der Veranstaltungskalender des Jubilaeums 2025\" width=\"150\" height=\"99\" data-kale-share-title=\"Priesterjubil\u00e4um 2025: Veranstaltungshinweise und Programm\" data-kale-share-url=\"https:\/\/blog.holyart.it\/de\/?p=6321\" \/><\/p>\n<div class=\"leggi-anche\">Lesen Sie auch:<\/div>\n<p><strong><a href=\"https:\/\/www.holyart.de\/blog\/devotionalien\/der-veranstaltungskalender-des-jubilaeums-2025\/\">Der Veranstaltungskalender des Jubil\u00e4ums 2025<\/a><\/strong><br \/>\nDer Veranstaltungskalender f\u00fcr das Jubil\u00e4um 2025 wurde ver\u00f6ffentlicht: zw\u00f6lf Monate mit Veranstaltungen und Gelegenheiten&#8230;<\/p>\n<\/div>\n<h2>Das Programm des Priesterjubil\u00e4ums<\/h2>\n<p>Das <strong>Programm des Jubil\u00e4ums 2025<\/strong> beginnt mit leichten Schritten, denen der <strong>Seminaristen<\/strong>, die am <strong>23. Juni<\/strong> in der Basilika St. Paul vor den Mauern ankommen werden wie S\u00f6hne, die sich dem Haus des Vaters n\u00e4hern.<\/p>\n<p>Dort werden sie mit Gesang und Licht, mit dem Rosenkranzgebet und einem Konzert unter der Leitung von Monsignore Frisina empfangen. Ein leuchtender Abend f\u00fcr diejenigen, die noch auf dem Weg zum Altar sind.<\/p>\n<p>Am n\u00e4chsten Tag, <strong>dem 24. Juni<\/strong>, werden sie durch die <strong><a href=\"https:\/\/www.holyart.de\/blog\/devotionalien\/heilige-pforte-was-sie-ist-und-was-ihre-oeffnung-bedeutet\/\">Heilige Pforte des Petersdoms<\/a> <\/strong>gehen, geleitet von der Stimme Papst Leos XIV. Es wird ihre erste offizielle Pilgerreise sein, die aus Katechesen und Messen besteht, die in den Kirchen Roms in allen Sprachen der Welt gefeiert werden, wie Samen, die der Wind verstreut.<\/p>\n<div class=\"link-article\">\n<p><img loading=\"lazy\" decoding=\"async\" class=\"size-full wp-image-6327 alignleft\" src=\"https:\/\/blog.holyart.it\/de\/wp-content\/uploads\/sites\/12\/2025\/06\/Heilige-Pforte.jpeg\" alt=\"heilige pforte\" width=\"150\" height=\"104\" data-kale-share-title=\"Priesterjubil\u00e4um 2025: Veranstaltungshinweise und Programm\" data-kale-share-url=\"https:\/\/blog.holyart.it\/de\/?p=6321\" \/><\/p>\n<div class=\"leggi-anche\">Lesen Sie auch:<\/div>\n<p><strong><a href=\"https:\/\/www.holyart.de\/blog\/devotionalien\/heilige-pforte-was-sie-ist-und-was-ihre-oeffnung-bedeutet\/\">Heilige Pforte: was sie ist und was ihre \u00d6ffnung bedeutet<\/a><\/strong><br \/>\nDie \u00d6ffnung der Heiligen Pforte markiert nicht nur den Beginn des Jubil\u00e4umsjahres, sondern ist f\u00fcr&#8230;<\/p>\n<\/div>\n<p>Doch das Herzst\u00fcck des Priesterjubil\u00e4ums beginnt am <strong>25. Juni<\/strong>. Es ist der Tag, an dem sich die Arme der Mutter Kirche \u00f6ffnen, um die <strong>Bisch\u00f6fe und Priester<\/strong> zu umarmen. In der majest\u00e4tischen Stille des Arms von Konstantin versammeln sich die Hirten aus der Ferne, bereit, die Heilige Pforte zu durchschreiten und um 10.30 Uhr die Eucharistie am <strong>Altar des Stuhls<\/strong> unter dem Gew\u00f6lbe des Petersdoms zu feiern.<\/p>\n<p>Der Nachmittag wird dann intim und gesanglich: in den r\u00f6mischen Kirchen finden Katechesen statt, die sich nach Sprache und Herkunft richten, Begegnungen mit Reden und Zuh\u00f6ren, Fragen und Segen. Kleine Z\u00f6nakel, die \u00fcber die Stra\u00dfen Roms verstreut sind.<\/p>\n<p>Der folgende Tag, <strong>Donnerstag, der 26. Juni<\/strong>, ist vielleicht der gesch\u00e4ftigste.<\/p>\n<p>Um 9.30 Uhr beginnt die Eucharistiefeier in der <strong>Lateranbasilika<\/strong> unter dem Vorsitz von Kardinal Lazarus You, die das Herzst\u00fcck des Tages bildet.<\/p>\n<p>Dann beginnt die Pilgerreise. Ein langsamer und stiller Weg zu den vier <strong><a href=\"https:\/\/www.holyart.de\/blog\/devotionalien\/jubilaeumskirchen-pilgerziele-die-man-waehrend-des-jubilaeums-unbedingt-gesehen-haben-muss\/\">p\u00e4pstlichen Basiliken<\/a><\/strong>.<\/p>\n<p>Von 11 bis 18 Uhr, zwischen Beichten und Spazierg\u00e4ngen, werden die Priester zu <strong>Pilgern der Barmherzigkeit<\/strong>, zu Tr\u00e4gern der Vergebung, die sie jeden Tag an andere weitergeben.<\/p>\n<p>Und schlie\u00dflich, am Abend.<\/p>\n<p>Eine <strong>Berufungsvigil<\/strong> auf dem Petersplatz, unter dem r\u00f6mischen Himmel, geleitet von Monsignore Fisichella.<\/p>\n<p>Ein Moment der Stille, wie ein geheimer Raum im Herzen der Zeit.<\/p>\n<div class=\"link-article\">\n<p><img loading=\"lazy\" decoding=\"async\" class=\"size-full wp-image-6328 alignleft\" src=\"https:\/\/blog.holyart.it\/de\/wp-content\/uploads\/sites\/12\/2025\/06\/Jubilaeumskirchen.jpg\" alt=\"Jubilaeumskirchen\" width=\"150\" height=\"99\" data-kale-share-title=\"Priesterjubil\u00e4um 2025: Veranstaltungshinweise und Programm\" data-kale-share-url=\"https:\/\/blog.holyart.it\/de\/?p=6321\" \/><\/p>\n<div class=\"leggi-anche\">Lesen Sie auch:<\/div>\n<p><strong><a href=\"https:\/\/www.holyart.de\/blog\/devotionalien\/jubilaeumskirchen-pilgerziele-die-man-waehrend-des-jubilaeums-unbedingt-gesehen-haben-muss\/\">Jubil\u00e4umskirchen, Pilgerziele, die man w\u00e4hrend des Jubil\u00e4ums unbedingt gesehen haben muss<\/a><\/strong><br \/>\nJubil\u00e4umskirchen sind Kirchen, die mit einer Heiligen Pforte&#8230;<\/p>\n<\/div>\n<p>Und dann kommt <strong>Freitag, der 27. Juni<\/strong>. Der Tag des Herzens.<\/p>\n<p>Das <strong>Allerheiligste Herz Jesu<\/strong>, ein von den Priestern sehr geliebtes Fest, besiegelt das Jubil\u00e4um mit einer Feier, die nach Aufbruch riecht.<\/p>\n<p>Auf dem <strong>Petersplatz<\/strong> wird Papst Leo XIV. der Messe und den <strong>Priesterweihen<\/strong> vorstehen.<\/p>\n<p>Die Kirche sieht sich selbst im Spiegel: die Priester, die ihre Weihe erneuern, und die jungen M\u00e4nner, die zum ersten Mal ihr endg\u00fcltiges Ja sagen werden.<\/p>\n<p>Eine Br\u00fccke aus ausgestreckten H\u00e4nden zwischen denen, die schon gegangen sind, und denen, die gerade anfangen zu gehen.<\/p>\n<p>Aber das Priesterjubil\u00e4um endet nicht mit seinen Daten. Es lebt nicht nur im Programm. Es lebt in den Blicken, dem H\u00e4ndesch\u00fctteln, den Worten, die zwischen den Kirchenb\u00e4nken gefl\u00fcstert werden, den Tr\u00e4nen, die vor dem Tabernakel geteilt werden.<\/p>\n<p>Jeder Priester wird aufgerufen, seine eigene Geschichte, seine M\u00fchen, seine geheimen Siege, seine N\u00e4chte ohne Antworten einzubringen.<\/p>\n<p>Und im Gegenzug wird er die Kraft des \u201eWir\u201c erhalten: jene unsichtbare Gemeinschaft, die so viele Menschen zu einem Leib macht.<\/p>\n<p>Auch die <strong>Solidarit\u00e4t<\/strong> wird Teil der Reise: ein symbolischer Beitrag von 50 Euro, der nicht obligatorisch ist, aber dringend empfohlen wird, wird zur Teilnahme der \u00e4rmsten Seminaristen beitragen.<\/p>\n<p>Ein kleines Samenkorn der Liebe, das in einem anderen Leben keimt. Die Anmeldung zu den Jubil\u00e4umsveranstaltungen ist noch bis zum 20. April 2025 \u00fcber die offizielle Website m\u00f6glich.<\/p>\n<p>Der Eintritt zu den Feiern ist frei; f\u00fcr die Konzelebration ist eine Anmeldung beim B\u00fcro f\u00fcr die liturgischen Feiern des Papstes erforderlich.<\/p>\n<div class=\"sp-styles-warning\" style=\"width: 450px; background-color: #FFF; color: #F00; border: 1px solid #F00; padding: 10px; font-size: 14px;\">\n\t\t\t<span style=\"font-weight: bold;\">Warning: The stylesheets were not loaded!<\/span> \n\t\t\tYou will need to change the <i>Load stylesheets<\/i> setting from <i>Automatically<\/i> to <i>On homepage<\/i> or <i>On all pages<\/i>. \n\t\t\tYou can set that <a style=\"text-decoration: underline; color: #F00;\" href=\"https:\/\/blog.holyart.it\/de\/wp-admin\/admin.php?page=sliderpro-settings\">here<\/a>.\n\t\t\t<\/div>\r\n<div id=\"slider-pro-117\" class=\"slider-pro sp-no-js\" style=\"width: 500px; height: 500px;\">\r\n\t<div class=\"sp-slides\">\r\n\t\t\r\n\t\t<div class=\"sp-slide\">\r\n\t\t\t<img loading=\"lazy\" decoding=\"async\" class=\"sp-image\" src=\"https:\/\/blog.holyart.it\/de\/wp-content\/uploads\/sites\/12\/2025\/06\/kasel-cremefarben-mit-aufgedrucktem-offiziellen-logo-des-jubilaums-2025.jpg\" alt=\"kasel cremefarben mit aufgedrucktem offiziellen logo des jubilaums 2025\" width=\"500\" height=\"500\" \/>\r\n\t\t\t<div class=\"sp-thumbnail\"><a class=\"\" href=\"https:\/\/www.holyart.de\/jubilaum-der-barmherzigkeit\/paramente-zum-jubilaum-2025\/kasel-zum-jubilaum-2025-cremefarben-mit-aufgedrucktem-offiziellen-logo\">\r\n\t\t\t\t<img decoding=\"async\" src=\"https:\/\/blog.holyart.it\/de\/wp-content\/uploads\/sites\/12\/2025\/06\/kasel-cremefarben-mit-aufgedrucktem-offiziellen-logo-des-jubilaums-2025-1.jpg\" alt=\"kasel cremefarben mit aufgedrucktem offiziellen logo des jubilaums 2025\" \/>\r\n\t\t\t<\/a>\r\n\t\t\t<\/div>\r\n\t\t\t<div class=\"sp-caption\">Kasel zum Jubil\u00e4um 2025, cremefarben, mit aufgedrucktem offiziellen Logo<\/br><strong><a href=\"https:\/\/www.holyart.de\/jubilaum-der-barmherzigkeit\/paramente-zum-jubilaum-2025\/kasel-zum-jubilaum-2025-cremefarben-mit-aufgedrucktem-offiziellen-logo\">Bei Holyart kaufen<\/a><\/strong><\/div>\r\n\t\t<\/div>\r\n\t\t<div class=\"sp-slide\">\r\n\t\t\t<img loading=\"lazy\" decoding=\"async\" class=\"sp-image\" src=\"https:\/\/blog.holyart.it\/de\/wp-content\/uploads\/sites\/12\/2025\/06\/kasel-cremefarben-mit-gesticktem-offiziellen-logo-des-jubilaums-2025.jpg\" alt=\"kasel cremefarben mit gesticktem offiziellen logo des jubilaums 2025\" width=\"500\" height=\"500\" \/>\r\n\t\t\t<div class=\"sp-thumbnail\"><a class=\"\" href=\"https:\/\/www.holyart.de\/jubilaum-der-barmherzigkeit\/paramente-zum-jubilaum-2025\/kasel-zum-jubilaum-2025-cremefarben-mit-gesticktem-offiziellen-logo\">\r\n\t\t\t\t<img decoding=\"async\" src=\"https:\/\/blog.holyart.it\/de\/wp-content\/uploads\/sites\/12\/2025\/06\/kasel-cremefarben-mit-gesticktem-offiziellen-logo-des-jubilaums-2025-1.jpg\" alt=\"kasel cremefarben mit gesticktem offiziellen logo des jubilaums 2025\" \/>\r\n\t\t\t<\/a>\r\n\t\t\t<\/div>\r\n\t\t\t<div class=\"sp-caption\">Kasel zum Jubil\u00e4um 2025, cremefarben, mit gesticktem offiziellen Logo<\/br><strong><a href=\"https:\/\/www.holyart.de\/jubilaum-der-barmherzigkeit\/paramente-zum-jubilaum-2025\/kasel-zum-jubilaum-2025-cremefarben-mit-gesticktem-offiziellen-logo\">Bei Holyart kaufen<\/a><\/strong><\/div>\r\n\t\t<\/div>\r\n\t\t<div class=\"sp-slide\">\r\n\t\t\t<img loading=\"lazy\" decoding=\"async\" class=\"sp-image\" src=\"https:\/\/blog.holyart.it\/de\/wp-content\/uploads\/sites\/12\/2025\/06\/stola-mit-offiziellem-logo-des-jubilaums-2025-4-farben.jpg\" alt=\"stola mit offiziellem logo des jubilaums 2025 4 farben\" width=\"500\" height=\"500\" \/>\r\n\t\t\t<div class=\"sp-thumbnail\"><a class=\"\" href=\"https:\/\/www.holyart.de\/jubilaum-der-barmherzigkeit\/paramente-zum-jubilaum-2025\/priesterstola-zum-jubilaum-2025-mit-gesticktem-offiziellem-logo-diverse-farben\">\r\n\t\t\t\t<img decoding=\"async\" src=\"https:\/\/blog.holyart.it\/de\/wp-content\/uploads\/sites\/12\/2025\/06\/stola-mit-offiziellem-logo-des-jubilaums-2025-4-farben-1.jpg\" alt=\"stola mit offiziellem logo des jubilaums 2025 4 farben\" \/>\r\n\t\t\t<\/a>\r\n\t\t\t<\/div>\r\n\t\t\t<div class=\"sp-caption\">Priesterstola zum Jubil\u00e4um 2025, mit gesticktem offiziellem Logo, diverse Farben<\/br><strong><a href=\"https:\/\/www.holyart.de\/jubilaum-der-barmherzigkeit\/paramente-zum-jubilaum-2025\/priesterstola-zum-jubilaum-2025-mit-gesticktem-offiziellem-logo-diverse-farben\">Bei Holyart kaufen<\/a><\/strong><\/div>\r\n\t\t<\/div>\r\n\t\t<div class=\"sp-slide\">\r\n\t\t\t<img loading=\"lazy\" decoding=\"async\" class=\"sp-image\" src=\"https:\/\/blog.holyart.it\/de\/wp-content\/uploads\/sites\/12\/2025\/06\/kasel-mit-offiziellem-logo-des-jubilaums-2025-goldfarbene-stickerei-passende-stola.jpg\" alt=\"kasel mit offiziellem logo des jubilaums 2025 goldfarbene stickerei passende stola\" width=\"500\" height=\"500\" \/>\r\n\t\t\t<div class=\"sp-thumbnail\"><a class=\"\" href=\"https:\/\/www.holyart.de\/jubilaum-der-barmherzigkeit\/paramente-zum-jubilaum-2025\/kasel-zum-jubilaum-2025-mit-eingewebten-offiziellem-logo-goldfarbene-schmuckfaden-passende-stola\">\r\n\t\t\t\t<img decoding=\"async\" src=\"https:\/\/blog.holyart.it\/de\/wp-content\/uploads\/sites\/12\/2025\/06\/kasel-mit-offiziellem-logo-des-jubilaums-2025-goldfarbene-stickerei-passende-stola-1.jpg\" alt=\"kasel mit offiziellem logo des jubilaums 2025 goldfarbene stickerei passende stola\" \/>\r\n\t\t\t<\/a>\r\n\t\t\t<\/div>\r\n\t\t\t<div class=\"sp-caption\">Kasel zum Jubil\u00e4um 2025, mit eingewebten offiziellem Logo, goldfarbene Schmuckf\u00e4den, passende Stola<\/br><strong><a href=\"https:\/\/www.holyart.de\/jubilaum-der-barmherzigkeit\/paramente-zum-jubilaum-2025\/kasel-zum-jubilaum-2025-mit-eingewebten-offiziellem-logo-goldfarbene-schmuckfaden-passende-stola\">Bei Holyart kaufen<\/a><\/strong><\/div>\r\n\t\t<\/div>\r\n\t\t<div class=\"sp-slide\">\r\n\t\t\t<img loading=\"lazy\" decoding=\"async\" class=\"sp-image\" src=\"https:\/\/blog.holyart.it\/de\/wp-content\/uploads\/sites\/12\/2025\/06\/kasel-mit-schalkragen-und-rotem-skapulier-zum-jubilaum-2025-von-slabbinck-mit-offiziellem-logo.jpg\" alt=\"kasel mit schalkragen und rotem skapulier zum jubilaum 2025 von slabbinck mit offiziellem logo\" width=\"500\" height=\"500\" \/>\r\n\t\t\t<div class=\"sp-thumbnail\"><a class=\"\" href=\"https:\/\/www.holyart.de\/jubilaum-der-barmherzigkeit\/paramente-zum-jubilaum-2025\/kasel-mit-schalkragen-und-rotem-skapulier-zum-jubilaum-2025-von-slabbinck-gesticktes-offizielles-logo-latein\">\r\n\t\t\t\t<img decoding=\"async\" src=\"https:\/\/blog.holyart.it\/de\/wp-content\/uploads\/sites\/12\/2025\/06\/kasel-mit-schalkragen-und-rotem-skapulier-zum-jubilaum-2025-von-slabbinck-mit-offiziellem-logo-1.jpg\" alt=\"kasel mit schalkragen und rotem skapulier zum jubilaum 2025 von slabbinck mit offiziellem logo\" \/>\r\n\t\t\t<\/a>\r\n\t\t\t<\/div>\r\n\t\t\t<div class=\"sp-caption\">Kasel mit Schalkragen und rotem Skapulier zum Jubil\u00e4um 2025, von Slabbinck, gesticktes offizielles Logo, LATEIN<\/br><strong><a href=\"https:\/\/www.holyart.de\/jubilaum-der-barmherzigkeit\/paramente-zum-jubilaum-2025\/kasel-mit-schalkragen-und-rotem-skapulier-zum-jubilaum-2025-von-slabbinck-gesticktes-offizielles-logo-latein\">Bei Holyart kaufen<\/a><\/strong><\/div>\r\n\t\t<\/div>\r\n\t<\/div>\r\n<\/div>\n","protected":false},"excerpt":{"rendered":"<p>Priesterjubil\u00e4um 2025: Wenn die Kirche zu sich selbst findet und wieder geht Es gibt einen Moment im Leben eines Gl\u00e4ubigen, in dem das Herz das Bed\u00fcrfnis versp\u00fcrt, zur Quelle zur\u00fcckzukehren. Wenn die Stimme zum Gebet wird, das Schweigen zum Zuh\u00f6ren, und sogar die M\u00fcdigkeit die&hellip;<\/p>\n","protected":false},"author":1,"featured_media":6323,"comment_status":"closed","ping_status":"open","sticky":false,"template":"","format":"standard","meta":{"_acf_changed":false,"footnotes":""},"categories":[17],"tags":[],"class_list":["post-6321","post","type-post","status-publish","format-standard","has-post-thumbnail","hentry","category-jubilaeum-2025"],"acf":[],"yoast_head":"<!-- This site is optimized with the Yoast SEO plugin v26.6 - https:\/\/yoast.com\/wordpress\/plugins\/seo\/ -->\n<title>Priesterjubil\u00e4um 2025: Veranstaltungshinweise und Programm - Holyart.de Blog<\/title>\n<meta name=\"description\" content=\"Das Priesterjubil\u00e4um wird Tausende von Priestern aller R\u00e4nge zu einer Reihe von einzigartigen Veranstaltungen nach Rom f\u00fchren.\" \/>\n<meta name=\"robots\" content=\"index, follow, max-snippet:-1, max-image-preview:large, max-video-preview:-1\" \/>\n<link rel=\"canonical\" href=\"https:\/\/blog.holyart.it\/de\/jubilaeum-2025\/priesterjubilaeum-2025-veranstaltungshinweise-und-programm\/\" \/>\n<meta property=\"og:locale\" content=\"de_DE\" \/>\n<meta property=\"og:type\" content=\"article\" \/>\n<meta property=\"og:title\" content=\"Priesterjubil\u00e4um 2025: Veranstaltungshinweise und Programm - Holyart.de Blog\" \/>\n<meta property=\"og:description\" content=\"Das Priesterjubil\u00e4um wird Tausende von Priestern aller R\u00e4nge zu einer Reihe von einzigartigen Veranstaltungen nach Rom f\u00fchren.\" \/>\n<meta property=\"og:url\" content=\"https:\/\/blog.holyart.it\/de\/jubilaeum-2025\/priesterjubilaeum-2025-veranstaltungshinweise-und-programm\/\" \/>\n<meta property=\"og:site_name\" content=\"Holyart.de Blog\" \/>\n<meta property=\"article:published_time\" content=\"2025-06-18T08:01:20+00:00\" \/>\n<meta property=\"article:modified_time\" content=\"2025-06-18T10:22:49+00:00\" \/>\n<meta property=\"og:image\" content=\"https:\/\/blog.holyart.it\/de\/wp-content\/uploads\/sites\/12\/2025\/06\/Priesterjubilaum.jpg\" \/>\n\t<meta property=\"og:image:width\" content=\"1000\" \/>\n\t<meta property=\"og:image:height\" content=\"666\" \/>\n\t<meta property=\"og:image:type\" content=\"image\/jpeg\" \/>\n<meta name=\"author\" content=\"Redazione\" \/>\n<meta name=\"twitter:card\" content=\"summary_large_image\" \/>\n<meta name=\"twitter:label1\" content=\"Verfasst von\" \/>\n\t<meta name=\"twitter:data1\" content=\"Redazione\" \/>\n\t<meta name=\"twitter:label2\" content=\"Gesch\u00e4tzte Lesezeit\" \/>\n\t<meta name=\"twitter:data2\" content=\"8\u00a0Minuten\" \/>\n<script type=\"application\/ld+json\" class=\"yoast-schema-graph\">{\"@context\":\"https:\/\/schema.org\",\"@graph\":[{\"@type\":\"Article\",\"@id\":\"https:\/\/blog.holyart.it\/de\/jubilaeum-2025\/priesterjubilaeum-2025-veranstaltungshinweise-und-programm\/#article\",\"isPartOf\":{\"@id\":\"https:\/\/blog.holyart.it\/de\/jubilaeum-2025\/priesterjubilaeum-2025-veranstaltungshinweise-und-programm\/\"},\"author\":{\"name\":\"Redazione\",\"@id\":\"https:\/\/blog.holyart.it\/de\/#\/schema\/person\/0a7b686e5af0f856ec1e390dd0baecda\"},\"headline\":\"Priesterjubil\u00e4um 2025: Veranstaltungshinweise und Programm\",\"datePublished\":\"2025-06-18T08:01:20+00:00\",\"dateModified\":\"2025-06-18T10:22:49+00:00\",\"mainEntityOfPage\":{\"@id\":\"https:\/\/blog.holyart.it\/de\/jubilaeum-2025\/priesterjubilaeum-2025-veranstaltungshinweise-und-programm\/\"},\"wordCount\":1207,\"publisher\":{\"@id\":\"https:\/\/blog.holyart.it\/de\/#organization\"},\"image\":{\"@id\":\"https:\/\/blog.holyart.it\/de\/jubilaeum-2025\/priesterjubilaeum-2025-veranstaltungshinweise-und-programm\/#primaryimage\"},\"thumbnailUrl\":\"https:\/\/blog.holyart.it\/de\/wp-content\/uploads\/sites\/12\/2025\/06\/Priesterjubilaum.jpg\",\"articleSection\":[\"Jubil\u00e4um 2025\"],\"inLanguage\":\"de\"},{\"@type\":\"WebPage\",\"@id\":\"https:\/\/blog.holyart.it\/de\/jubilaeum-2025\/priesterjubilaeum-2025-veranstaltungshinweise-und-programm\/\",\"url\":\"https:\/\/blog.holyart.it\/de\/jubilaeum-2025\/priesterjubilaeum-2025-veranstaltungshinweise-und-programm\/\",\"name\":\"Priesterjubil\u00e4um 2025: Veranstaltungshinweise und Programm - Holyart.de Blog\",\"isPartOf\":{\"@id\":\"https:\/\/blog.holyart.it\/de\/#website\"},\"primaryImageOfPage\":{\"@id\":\"https:\/\/blog.holyart.it\/de\/jubilaeum-2025\/priesterjubilaeum-2025-veranstaltungshinweise-und-programm\/#primaryimage\"},\"image\":{\"@id\":\"https:\/\/blog.holyart.it\/de\/jubilaeum-2025\/priesterjubilaeum-2025-veranstaltungshinweise-und-programm\/#primaryimage\"},\"thumbnailUrl\":\"https:\/\/blog.holyart.it\/de\/wp-content\/uploads\/sites\/12\/2025\/06\/Priesterjubilaum.jpg\",\"datePublished\":\"2025-06-18T08:01:20+00:00\",\"dateModified\":\"2025-06-18T10:22:49+00:00\",\"description\":\"Das Priesterjubil\u00e4um wird Tausende von Priestern aller R\u00e4nge zu einer Reihe von einzigartigen Veranstaltungen nach Rom f\u00fchren.\",\"breadcrumb\":{\"@id\":\"https:\/\/blog.holyart.it\/de\/jubilaeum-2025\/priesterjubilaeum-2025-veranstaltungshinweise-und-programm\/#breadcrumb\"},\"inLanguage\":\"de\",\"potentialAction\":[{\"@type\":\"ReadAction\",\"target\":[\"https:\/\/blog.holyart.it\/de\/jubilaeum-2025\/priesterjubilaeum-2025-veranstaltungshinweise-und-programm\/\"]}]},{\"@type\":\"ImageObject\",\"inLanguage\":\"de\",\"@id\":\"https:\/\/blog.holyart.it\/de\/jubilaeum-2025\/priesterjubilaeum-2025-veranstaltungshinweise-und-programm\/#primaryimage\",\"url\":\"https:\/\/blog.holyart.it\/de\/wp-content\/uploads\/sites\/12\/2025\/06\/Priesterjubilaum.jpg\",\"contentUrl\":\"https:\/\/blog.holyart.it\/de\/wp-content\/uploads\/sites\/12\/2025\/06\/Priesterjubilaum.jpg\",\"width\":1000,\"height\":666,\"caption\":\"Priesterjubilaum\"},{\"@type\":\"BreadcrumbList\",\"@id\":\"https:\/\/blog.holyart.it\/de\/jubilaeum-2025\/priesterjubilaeum-2025-veranstaltungshinweise-und-programm\/#breadcrumb\",\"itemListElement\":[{\"@type\":\"ListItem\",\"position\":1,\"name\":\"Homepage\",\"item\":\"https:\/\/blog.holyart.it\/de\/\"},{\"@type\":\"ListItem\",\"position\":2,\"name\":\"Jubil\u00e4um 2025\",\"item\":\"https:\/\/blog.holyart.it\/de\/jubilaeum-2025\/\"},{\"@type\":\"ListItem\",\"position\":3,\"name\":\"Priesterjubil\u00e4um 2025: Veranstaltungshinweise und Programm\"}]},{\"@type\":\"WebSite\",\"@id\":\"https:\/\/blog.holyart.it\/de\/#website\",\"url\":\"https:\/\/blog.holyart.it\/de\/\",\"name\":\"Holyart.de Blog\",\"description\":\"Holyblog\",\"publisher\":{\"@id\":\"https:\/\/blog.holyart.it\/de\/#organization\"},\"potentialAction\":[{\"@type\":\"SearchAction\",\"target\":{\"@type\":\"EntryPoint\",\"urlTemplate\":\"https:\/\/blog.holyart.it\/de\/?s={search_term_string}\"},\"query-input\":{\"@type\":\"PropertyValueSpecification\",\"valueRequired\":true,\"valueName\":\"search_term_string\"}}],\"inLanguage\":\"de\"},{\"@type\":\"Organization\",\"@id\":\"https:\/\/blog.holyart.it\/de\/#organization\",\"name\":\"Holyart.de Blog\",\"url\":\"https:\/\/blog.holyart.it\/de\/\",\"logo\":{\"@type\":\"ImageObject\",\"inLanguage\":\"de\",\"@id\":\"https:\/\/blog.holyart.it\/de\/#\/schema\/logo\/image\/\",\"url\":\"https:\/\/blog.holyart.it\/de\/wp-content\/uploads\/sites\/12\/2022\/12\/Holyart_Blog_Logo.jpg\",\"contentUrl\":\"https:\/\/blog.holyart.it\/de\/wp-content\/uploads\/sites\/12\/2022\/12\/Holyart_Blog_Logo.jpg\",\"width\":300,\"height\":50,\"caption\":\"Holyart.de Blog\"},\"image\":{\"@id\":\"https:\/\/blog.holyart.it\/de\/#\/schema\/logo\/image\/\"}},{\"@type\":\"Person\",\"@id\":\"https:\/\/blog.holyart.it\/de\/#\/schema\/person\/0a7b686e5af0f856ec1e390dd0baecda\",\"name\":\"Redazione\",\"image\":{\"@type\":\"ImageObject\",\"inLanguage\":\"de\",\"@id\":\"https:\/\/blog.holyart.it\/de\/#\/schema\/person\/image\/\",\"url\":\"https:\/\/secure.gravatar.com\/avatar\/f477da817f43e50d0af36abecd33e3edf826c68299714bdc1057dff3b113f516?s=96&d=mm&r=g\",\"contentUrl\":\"https:\/\/secure.gravatar.com\/avatar\/f477da817f43e50d0af36abecd33e3edf826c68299714bdc1057dff3b113f516?s=96&d=mm&r=g\",\"caption\":\"Redazione\"}}]}<\/script>\n<!-- \/ Yoast SEO plugin. -->","yoast_head_json":{"title":"Priesterjubil\u00e4um 2025: Veranstaltungshinweise und Programm - Holyart.de Blog","description":"Das Priesterjubil\u00e4um wird Tausende von Priestern aller R\u00e4nge zu einer Reihe von einzigartigen Veranstaltungen nach Rom f\u00fchren.","robots":{"index":"index","follow":"follow","max-snippet":"max-snippet:-1","max-image-preview":"max-image-preview:large","max-video-preview":"max-video-preview:-1"},"canonical":"https:\/\/blog.holyart.it\/de\/jubilaeum-2025\/priesterjubilaeum-2025-veranstaltungshinweise-und-programm\/","og_locale":"de_DE","og_type":"article","og_title":"Priesterjubil\u00e4um 2025: Veranstaltungshinweise und Programm - Holyart.de Blog","og_description":"Das Priesterjubil\u00e4um wird Tausende von Priestern aller R\u00e4nge zu einer Reihe von einzigartigen Veranstaltungen nach Rom f\u00fchren.","og_url":"https:\/\/blog.holyart.it\/de\/jubilaeum-2025\/priesterjubilaeum-2025-veranstaltungshinweise-und-programm\/","og_site_name":"Holyart.de Blog","article_published_time":"2025-06-18T08:01:20+00:00","article_modified_time":"2025-06-18T10:22:49+00:00","og_image":[{"width":1000,"height":666,"url":"https:\/\/blog.holyart.it\/de\/wp-content\/uploads\/sites\/12\/2025\/06\/Priesterjubilaum.jpg","type":"image\/jpeg"}],"author":"Redazione","twitter_card":"summary_large_image","twitter_misc":{"Verfasst von":"Redazione","Gesch\u00e4tzte Lesezeit":"8\u00a0Minuten"},"schema":{"@context":"https:\/\/schema.org","@graph":[{"@type":"Article","@id":"https:\/\/blog.holyart.it\/de\/jubilaeum-2025\/priesterjubilaeum-2025-veranstaltungshinweise-und-programm\/#article","isPartOf":{"@id":"https:\/\/blog.holyart.it\/de\/jubilaeum-2025\/priesterjubilaeum-2025-veranstaltungshinweise-und-programm\/"},"author":{"name":"Redazione","@id":"https:\/\/blog.holyart.it\/de\/#\/schema\/person\/0a7b686e5af0f856ec1e390dd0baecda"},"headline":"Priesterjubil\u00e4um 2025: Veranstaltungshinweise und Programm","datePublished":"2025-06-18T08:01:20+00:00","dateModified":"2025-06-18T10:22:49+00:00","mainEntityOfPage":{"@id":"https:\/\/blog.holyart.it\/de\/jubilaeum-2025\/priesterjubilaeum-2025-veranstaltungshinweise-und-programm\/"},"wordCount":1207,"publisher":{"@id":"https:\/\/blog.holyart.it\/de\/#organization"},"image":{"@id":"https:\/\/blog.holyart.it\/de\/jubilaeum-2025\/priesterjubilaeum-2025-veranstaltungshinweise-und-programm\/#primaryimage"},"thumbnailUrl":"https:\/\/blog.holyart.it\/de\/wp-content\/uploads\/sites\/12\/2025\/06\/Priesterjubilaum.jpg","articleSection":["Jubil\u00e4um 2025"],"inLanguage":"de"},{"@type":"WebPage","@id":"https:\/\/blog.holyart.it\/de\/jubilaeum-2025\/priesterjubilaeum-2025-veranstaltungshinweise-und-programm\/","url":"https:\/\/blog.holyart.it\/de\/jubilaeum-2025\/priesterjubilaeum-2025-veranstaltungshinweise-und-programm\/","name":"Priesterjubil\u00e4um 2025: Veranstaltungshinweise und Programm - Holyart.de Blog","isPartOf":{"@id":"https:\/\/blog.holyart.it\/de\/#website"},"primaryImageOfPage":{"@id":"https:\/\/blog.holyart.it\/de\/jubilaeum-2025\/priesterjubilaeum-2025-veranstaltungshinweise-und-programm\/#primaryimage"},"image":{"@id":"https:\/\/blog.holyart.it\/de\/jubilaeum-2025\/priesterjubilaeum-2025-veranstaltungshinweise-und-programm\/#primaryimage"},"thumbnailUrl":"https:\/\/blog.holyart.it\/de\/wp-content\/uploads\/sites\/12\/2025\/06\/Priesterjubilaum.jpg","datePublished":"2025-06-18T08:01:20+00:00","dateModified":"2025-06-18T10:22:49+00:00","description":"Das Priesterjubil\u00e4um wird Tausende von Priestern aller R\u00e4nge zu einer Reihe von einzigartigen Veranstaltungen nach Rom f\u00fchren.","breadcrumb":{"@id":"https:\/\/blog.holyart.it\/de\/jubilaeum-2025\/priesterjubilaeum-2025-veranstaltungshinweise-und-programm\/#breadcrumb"},"inLanguage":"de","potentialAction":[{"@type":"ReadAction","target":["https:\/\/blog.holyart.it\/de\/jubilaeum-2025\/priesterjubilaeum-2025-veranstaltungshinweise-und-programm\/"]}]},{"@type":"ImageObject","inLanguage":"de","@id":"https:\/\/blog.holyart.it\/de\/jubilaeum-2025\/priesterjubilaeum-2025-veranstaltungshinweise-und-programm\/#primaryimage","url":"https:\/\/blog.holyart.it\/de\/wp-content\/uploads\/sites\/12\/2025\/06\/Priesterjubilaum.jpg","contentUrl":"https:\/\/blog.holyart.it\/de\/wp-content\/uploads\/sites\/12\/2025\/06\/Priesterjubilaum.jpg","width":1000,"height":666,"caption":"Priesterjubilaum"},{"@type":"BreadcrumbList","@id":"https:\/\/blog.holyart.it\/de\/jubilaeum-2025\/priesterjubilaeum-2025-veranstaltungshinweise-und-programm\/#breadcrumb","itemListElement":[{"@type":"ListItem","position":1,"name":"Homepage","item":"https:\/\/blog.holyart.it\/de\/"},{"@type":"ListItem","position":2,"name":"Jubil\u00e4um 2025","item":"https:\/\/blog.holyart.it\/de\/jubilaeum-2025\/"},{"@type":"ListItem","position":3,"name":"Priesterjubil\u00e4um 2025: Veranstaltungshinweise und Programm"}]},{"@type":"WebSite","@id":"https:\/\/blog.holyart.it\/de\/#website","url":"https:\/\/blog.holyart.it\/de\/","name":"Holyart.de Blog","description":"Holyblog","publisher":{"@id":"https:\/\/blog.holyart.it\/de\/#organization"},"potentialAction":[{"@type":"SearchAction","target":{"@type":"EntryPoint","urlTemplate":"https:\/\/blog.holyart.it\/de\/?s={search_term_string}"},"query-input":{"@type":"PropertyValueSpecification","valueRequired":true,"valueName":"search_term_string"}}],"inLanguage":"de"},{"@type":"Organization","@id":"https:\/\/blog.holyart.it\/de\/#organization","name":"Holyart.de Blog","url":"https:\/\/blog.holyart.it\/de\/","logo":{"@type":"ImageObject","inLanguage":"de","@id":"https:\/\/blog.holyart.it\/de\/#\/schema\/logo\/image\/","url":"https:\/\/blog.holyart.it\/de\/wp-content\/uploads\/sites\/12\/2022\/12\/Holyart_Blog_Logo.jpg","contentUrl":"https:\/\/blog.holyart.it\/de\/wp-content\/uploads\/sites\/12\/2022\/12\/Holyart_Blog_Logo.jpg","width":300,"height":50,"caption":"Holyart.de Blog"},"image":{"@id":"https:\/\/blog.holyart.it\/de\/#\/schema\/logo\/image\/"}},{"@type":"Person","@id":"https:\/\/blog.holyart.it\/de\/#\/schema\/person\/0a7b686e5af0f856ec1e390dd0baecda","name":"Redazione","image":{"@type":"ImageObject","inLanguage":"de","@id":"https:\/\/blog.holyart.it\/de\/#\/schema\/person\/image\/","url":"https:\/\/secure.gravatar.com\/avatar\/f477da817f43e50d0af36abecd33e3edf826c68299714bdc1057dff3b113f516?s=96&d=mm&r=g","contentUrl":"https:\/\/secure.gravatar.com\/avatar\/f477da817f43e50d0af36abecd33e3edf826c68299714bdc1057dff3b113f516?s=96&d=mm&r=g","caption":"Redazione"}}]}},"_links":{"self":[{"href":"https:\/\/blog.holyart.it\/de\/wp-json\/wp\/v2\/posts\/6321","targetHints":{"allow":["GET"]}}],"collection":[{"href":"https:\/\/blog.holyart.it\/de\/wp-json\/wp\/v2\/posts"}],"about":[{"href":"https:\/\/blog.holyart.it\/de\/wp-json\/wp\/v2\/types\/post"}],"author":[{"embeddable":true,"href":"https:\/\/blog.holyart.it\/de\/wp-json\/wp\/v2\/users\/1"}],"replies":[{"embeddable":true,"href":"https:\/\/blog.holyart.it\/de\/wp-json\/wp\/v2\/comments?post=6321"}],"version-history":[{"count":5,"href":"https:\/\/blog.holyart.it\/de\/wp-json\/wp\/v2\/posts\/6321\/revisions"}],"predecessor-version":[{"id":6342,"href":"https:\/\/blog.holyart.it\/de\/wp-json\/wp\/v2\/posts\/6321\/revisions\/6342"}],"wp:featuredmedia":[{"embeddable":true,"href":"https:\/\/blog.holyart.it\/de\/wp-json\/wp\/v2\/media\/6323"}],"wp:attachment":[{"href":"https:\/\/blog.holyart.it\/de\/wp-json\/wp\/v2\/media?parent=6321"}],"wp:term":[{"taxonomy":"category","embeddable":true,"href":"https:\/\/blog.holyart.it\/de\/wp-json\/wp\/v2\/categories?post=6321"},{"taxonomy":"post_tag","embeddable":true,"href":"https:\/\/blog.holyart.it\/de\/wp-json\/wp\/v2\/tags?post=6321"}],"curies":[{"name":"wp","href":"https:\/\/api.w.org\/{rel}","templated":true}]}}