{"id":6290,"date":"2025-07-30T10:00:26","date_gmt":"2025-07-30T08:00:26","guid":{"rendered":"https:\/\/blog.holyart.it\/de\/?p=6290"},"modified":"2026-04-23T09:18:37","modified_gmt":"2026-04-23T07:18:37","slug":"adams-grab-hier-ist-der-erste-mensch-begraben","status":"publish","type":"post","link":"https:\/\/blog.holyart.it\/de\/devotionalien\/adams-grab-hier-ist-der-erste-mensch-begraben\/","title":{"rendered":"Adams Grab: Hier ist der erste Mensch begraben"},"content":{"rendered":"<h4>Einigen \u00dcberlieferungen zufolge befand sich Adams Grab unter dem Berg Golgatha. Welche Verbindung besteht zwischen dem ersten Menschen und der Kreuzigung Christi?<\/h4>\n\n<p>Wir alle kennen den <a href=\"https:\/\/www.holyart.de\/besondere-anlasse\/passionskrippe\/aufstieg-zum-kalvarienberg-jesus-ein-samariter-und-veronika-fur-15-cm-krippe\"><strong>Berg Golgatha<\/strong><\/a> als Schauplatz der letzten, tragischen Momente im <a href=\"https:\/\/www.holyart.de\/blog\/devotionalien\/die-geschichte-jesu-die-wichtigsten-ereignisse-in-seinem-leben\/\"><strong>Leben Jesu<\/strong><\/a> unter den Menschen. Wir alle sind in unseren Gebeten und Meditationen die <strong><a href=\"https:\/\/www.holyart.de\/blog\/ostern\/via-dolorosa-die-14-bronzeinstallationen-die-die-szenen-der-passion-darstellen\/\">Via Dolorosa<\/a><\/strong> zur\u00fcckverfolgt, die innerhalb der Mauern des alten Jerusalem verl\u00e4uft. Sie beginnt bei der Gei\u00dfelungskirche, nicht weit von der gro\u00dfen Esplanade, auf der der Tempel von Jerusalem stand, und f\u00fchrt bergauf zur Grabesbasilika. Es handelt sich um die <strong>Via Crucis<\/strong>, den <strong>Kreuzweg<\/strong>, und das Kreuz lastete auf den von den Peitschenhieben Jesu zerfetzten Schultern, w\u00e4hrend es von seinen Armen gest\u00fctzt wurde, die von den Schl\u00e4gen, die er erlitten hatte, mit scharlachroten Rinnsalen \u00fcbers\u00e4t waren. Die Blutstropfen, die von der durch die <strong><a href=\"https:\/\/www.holyart.de\/blog\/devotionalien\/die-dornenkrone-jesu-und-ihre-bedeutungen\/\">Dornenkrone<\/a><\/strong> verletzten Stirn fielen, haben den Staub \u00fcber den wei\u00df get\u00fcnchten W\u00e4nden benetzt. Hier beugte sich <strong><a href=\"https:\/\/www.holyart.de\/blog\/devotionalien\/simon-von-cyrene-der-mann-der-jesus-half-das-kreuz-zu-tragen\/\">Simon von Cyrene<\/a>,<\/strong> der dem Erl\u00f6ser half, den Gipfel des Golgatha zu erreichen, den \u201eOrt des Sch\u00e4dels\u201c. Dieser Ort wurde so genannt, weil man dort als Ort der Todesurteile nicht schwer auf menschliche \u00dcberreste, Knochen und Sch\u00e4del stie\u00df, die wei\u00df zwischen B\u00fcschen und Felsen hervorstachen. Wir kennen die Geschichte dank der Evangelien. Es gibt jedoch auch eine andere Tradition, die dieser Definition eine viel heiligere und geheimnisvollere Bedeutung verleiht. Golgatha, der \u201eOrt des Sch\u00e4dels\u201c, liegt au\u00dferhalb der Mauern Jerusalems, zwischen Steinbr\u00fcchen und verlassenen Galgen, einem Friedhof f\u00fcr Arme und Verbrecher. Hier soll sich seit Anbeginn der Zeit das <strong>Grab Adams<\/strong> befunden haben.<\/p>\n<div class=\"link-article\">\n<p><img loading=\"lazy\" decoding=\"async\" class=\"size-full wp-image-6293 alignleft\" src=\"https:\/\/blog.holyart.it\/de\/wp-content\/uploads\/sites\/12\/2025\/06\/Die-Geschichte-Jesu-die-wichtigsten-Ereignisse-in-seinem-Leben-1.jpg\" alt=\"Die Geschichte Jesu die wichtigsten Ereignisse in seinem Leben\" width=\"150\" height=\"99\" data-kale-share-title=\"Adams Grab: Hier ist der erste Mensch begraben\" data-kale-share-url=\"https:\/\/blog.holyart.it\/de\/?p=6290\" \/><\/p>\n<div class=\"leggi-anche\">Lesen Sie auch:<\/div>\n<p><strong><a href=\"https:\/\/www.holyart.de\/blog\/devotionalien\/die-geschichte-jesu-die-wichtigsten-ereignisse-in-seinem-leben\/\">Die Geschichte Jesu: die wichtigsten Ereignisse in seinem Leben<\/a><\/strong><br \/>\nDie Geschichte Jesu, zwischen Evangelium, historischer Realit\u00e4t&#8230;<\/p>\n<\/div>\n<h2>Der Berg Golgatha<\/h2>\n<p>Es stimmt, dass auch der <a href=\"https:\/\/www.holyart.de\/besondere-anlasse\/passionskrippe\/kreuzigung-resin-handbemalt-3-figuren-fur-10-cm-krippe\"><strong>Kreuzigungsberg<\/strong><\/a> eine Form hatte, die an einen Totenkopf erinnerte, rund und haarlos. In der Antike als Steinbruch genutzt, wurde er sp\u00e4ter mit Gem\u00fcseg\u00e4rten und G\u00e4rten, aber auch mit Bestattungsst\u00e4tten bedeckt. Es war auch der Ort, an dem Kreuzigungen stattfanden. Der \u00dcberlieferung zufolge lag es zur Zeit Jesu etwas au\u00dferhalb von Jerusalem. Tats\u00e4chlich war es verboten, Todesurteile zu vollstrecken und die Toten innerhalb der Stadtmauern zu begraben. Sp\u00e4ter, etwa im Jahr 40 n. Chr., wurde der Berg Golgatha in die neue Stadtmauer einbezogen. Schon in der Antike war er nicht sehr hoch und hat sich im Laufe der Jahrhunderte stabilisiert, bis er fast vollst\u00e4ndig verschwunden ist. Heute kann man einen Teil des Golgatha in der Grabesbasilika besichtigen. Der Felsen ist durch ein Glas sichtbar und wenn man seine Hand in ein spezielles Loch steckt, kann man die Stelle ber\u00fchren, an der einst das Kreuz Jesu stand.<\/p>\n<div class=\"link-product\">\n<div class=\"blocco-immagine\"><img loading=\"lazy\" decoding=\"async\" class=\"size-full wp-image-6294 alignleft\" src=\"https:\/\/blog.holyart.it\/de\/wp-content\/uploads\/sites\/12\/2025\/06\/kreuzigung-resin-handbemalt-10-cm.jpg\" alt=\"kreuzigung resin handbemalt 10 cm\" width=\"100\" height=\"100\" data-kale-share-title=\"Adams Grab: Hier ist der erste Mensch begraben\" data-kale-share-url=\"https:\/\/blog.holyart.it\/de\/?p=6290\" \/><\/div>\n<div class=\"blocco-contenuto\">\n<div class=\"blocco-acquista\">Einkaufen:<\/div>\n<div class=\"blocco-titolo\"><a href=\"https:\/\/www.holyart.de\/besondere-anlasse\/passionskrippe\/kreuzigung-resin-handbemalt-3-figuren-fur-10-cm-krippe\">Kreuzigung, Resin, handbemalt, 3 Figuren, f\u00fcr 10 cm Krippe<\/a><\/div>\n<div class=\"blocco-descrizione\">Kreuzigung, Material: Resin, handbemalt, Szene bestehend aus 3 Figuren, f\u00fcr eine 10 cm Krippe geeignet.<\/div>\n<\/div>\n<\/div>\n<h2>Origenes Theorie<\/h2>\n<p>Es war <strong>Origenes<\/strong> von Alexandria, ein griechischer Theologe und Philosoph, der zwischen dem 2. und 3. Jahrhundert n. Chr. lebte, der Golgatha als die Grabst\u00e4tte Adams, des ersten Menschen, identifizierte. Die <strong>symbolische Absicht<\/strong> einer solchen Aussage ist offensichtlich: <strong><a href=\"https:\/\/www.holyart.de\/blog\/devotionalien\/die-geschichte-von-adam-und-eva\/\">Adam und Eva<\/a><\/strong> hatten durch ihre S\u00fcnde des Ungehorsams den <strong>ersten Bund zwischen Gott und den Menschen<\/strong> gebrochen und verdienten die Vertreibung aus dem irdischen Paradies. <strong>Jesus<\/strong>, der <strong>Sohn Gottes<\/strong>, kam auf die Erde, um diese Wunde zu heilen, <strong>den alten Bund wiederherzustellen und ihn mit seinem Opfer zu erneuern<\/strong>. Das <strong>Blut des neuen Adam<\/strong>, das auf dem felsigen Boden von Golgatha vergossen wurde, badet die \u00dcberreste des ersten Menschen, die in der kalten Erde begraben sind, und begr\u00fcndet so die Erl\u00f6sung f\u00fcr alle. So schreibt der heilige Paulus in seinem ersten Brief an die Korinther: \u201e<em>Denn weil durch einen Menschen der Tod kam, kommt auch durch einen Menschen die Auferstehung der Toten. Denn wie in Adam alle sterben, so werden in Christus alle lebendig gemacht werden<\/em>\u201c (1. Korinther 15,21-22). Dies ist auch der Grund, warum auf den Darstellungen von Jesus am Kreuz auf Golgatha fast immer <a href=\"https:\/\/www.holyart.de\/devotionalien\/kruzifixe-und-kreuze\/kruzifixe-und-kreuze-aus-stein\/byzantinischer-kruzifix-elfenbeinfarbig.\"><strong>ein Sch\u00e4del direkt am Fu\u00dfe des Kreuzes<\/strong><\/a> zu sehen ist: Es ist der Sch\u00e4del Adams. Aus seinen \u00dcberresten entsteht im Idealfall das Holz, das Jesus verurteilt und uns alle rettet.<\/p>\n<div class=\"link-product\">\n<div class=\"blocco-immagine\"><img loading=\"lazy\" decoding=\"async\" class=\"size-full wp-image-6295 alignleft\" src=\"https:\/\/blog.holyart.it\/de\/wp-content\/uploads\/sites\/12\/2025\/06\/byzantinischer-kruzifix-elfenbeinfarbig.jpg\" alt=\"byzantinischer kruzifix elfenbeinfarbig.\" width=\"100\" height=\"100\" data-kale-share-title=\"Adams Grab: Hier ist der erste Mensch begraben\" data-kale-share-url=\"https:\/\/blog.holyart.it\/de\/?p=6290\" \/><\/div>\n<div class=\"blocco-contenuto\">\n<div class=\"blocco-acquista\">Einkaufen:<\/div>\n<div class=\"blocco-titolo\"><a href=\"https:\/\/www.holyart.de\/devotionalien\/kruzifixe-und-kreuze\/kruzifixe-und-kreuze-aus-stein\/byzantinischer-kruzifix-elfenbeinfarbig.\">Byzantinischer Kruzifix elfenbeinfarbig.<\/a><\/div>\n<div class=\"blocco-descrizione\">Byzantinischer Kruzifix elfenbeinfarbig.<\/div>\n<\/div>\n<\/div>\n<h2>Die Kreuzigung in der christlichen Ikonographie<\/h2>\n<p>Wir alle wissen, welche <strong><a href=\"https:\/\/www.holyart.de\/blog\/devotionalien\/warum-ist-jesus-am-kreuz-ein-so-wichtiges-symbol-fuer-die-katholiken\/\">Bedeutung das Kreuz und die Gestalt des gekreuzigten Jesus f\u00fcr die katholische Religion<\/a><\/strong> haben. Wir wissen auch, dass die ersten Christen Jesus nie am Kreuz darstellten, sondern eine andere Ikonographie verwendeten, <strong>Symbole und Buchstaben<\/strong> des griechischen Alphabets, die auch an die Form des Kreuzes (das <em>Tau<\/em>) erinnerten, oder Tiere wie den <strong>Fisch<\/strong> oder das <strong>Lamm<\/strong>. Dies geschah gr\u00f6\u00dftenteils, weil sich die fr\u00fchen christlichen Gemeinden vor Verfolgung verstecken mussten. Doch nach der Anerkennung der christlichen Religion verbreitete sich die Figur des <a href=\"https:\/\/www.holyart.de\/devotionalien\/kruzifixe-und-kreuze\"><strong>gekreuzigten Jesus<\/strong><\/a> sofort, mit unterschiedlichen Bedeutungen und unz\u00e4hligen Deklinationen. Bereits im <strong>4. Jahrhundert<\/strong> tauchte das Symbol des Kreuzes immer wieder in der sakralen Kunst auf, allerdings bestand es nur <strong>aus den beiden Armen des Kreuzes<\/strong>, ohne die Figur Jesu. Sp\u00e4ter tauchte das Kruzifix immer h\u00e4ufiger auf und wurde in kurzer Zeit zum <strong>Symbol der christlichen Religion<\/strong>, so wie das <em>Signum Crucis<\/em>, das Kreuzzeichen, f\u00fcr jeden Gl\u00e4ubigen das Zeichen der Zugeh\u00f6rigkeit zu diesem Bekenntnis ist. Die ersten Darstellungen Jesu zeigten ihn <strong>mit offenen Augen und erhobenem Haupt<\/strong>, als bereite er sich bereits auf seine Wiederauferstehung vor (<em>Christus Triumphans<\/em>).<\/p>\n<div class=\"link-product\">\n<div class=\"blocco-immagine\"><img loading=\"lazy\" decoding=\"async\" class=\"size-full wp-image-6296 alignleft\" src=\"https:\/\/blog.holyart.it\/de\/wp-content\/uploads\/sites\/12\/2025\/06\/kruzifixe.jpg\" alt=\"kruzifixe\" width=\"100\" height=\"100\" data-kale-share-title=\"Adams Grab: Hier ist der erste Mensch begraben\" data-kale-share-url=\"https:\/\/blog.holyart.it\/de\/?p=6290\" \/><\/div>\n<div class=\"blocco-contenuto\">\n<div class=\"blocco-acquista\">Einkaufen:<\/div>\n<div class=\"blocco-titolo\"><a href=\"https:\/\/www.holyart.de\/devotionalien\/kruzifixe-und-kreuze\">Kruzifixe und Kreuze<\/a><\/div>\n<div class=\"blocco-descrizione\">Benediktuskreuze, Holzkreuze, Taukreuze, Tischkreuze, moderne Kruzifixe aus Glas und Plexiglas, k\u00fcnstlerische Kruzifixe aus Keramik, Kruzifixe aus Porzellan, Steinkreuze, g\u00fcnstige Kruzifixe.<\/div>\n<\/div>\n<\/div>\n<p>Mit dem <strong>im 7. Jahrhundert<\/strong> von Kaiser Justinian gef\u00f6rderten Konzil von Quininsext oder Trullan II. begann der Trend zu einer <a href=\"https:\/\/www.holyart.de\/devotionalien\/kruzifixe-und-kreuze\/kruzifixe-und-kreuze-aus-holz\/schnitzerei-grodnertal-kruzifix-leonardo\"><strong>realistischeren Darstellung Christi<\/strong><\/a>. Es blieb noch zu kl\u00e4ren, wie Christus am Kreuz dargestellt werden sollte: sch\u00f6n, wie es der Darstellung des Sohnes Gottes entsprach, oder entstellt durch das Leid, das die Menschen ihm zugef\u00fcgt hatten. Gelehrte, Theologen und Kirchenm\u00e4nner debattierten und diskutierten lange, und am Ende setzte sich die Str\u00f6mung durch, die eine Ikonographie der Kreuzigung forderte, bei der Christus auf seinem Gesicht und seinen Gliedern <strong>alle Zeichen des B\u00f6sen tr\u00e4gt<\/strong>, das ihm angetan worden war (<em>Christus Patiens<\/em>). Um <strong>das Jahr 1000<\/strong> \u00fcberwiegen Figuren des <a href=\"https:\/\/www.holyart.de\/devotionalien\/kruzifixe-und-kreuze\/kruzifixe-und-kreuze-aus-holz\/kruzifix-fontanini-aus-holz-und-pvc-18x11-5cm.\"><strong>leidenden und sterbenden Christus<\/strong><\/a> mit gesenktem Kopf, geschlossenen Augen und zerrissenem K\u00f6rper, mit Ausnahme einiger \u201e<em>Christus Triumphans<\/em>\u201c in den ersten <em>gemalten<\/em> <em>Kreuzen<\/em>. Der endg\u00fcltige \u201e<em>Christus Patiens<\/em>\u201c ist wahrscheinlich das von Giotto in der Kirche S. Maria Novella in Florenz gemalte Bild mit seinem unsterblichen Drama.<\/p>\n<div class=\"link-product\">\n<div class=\"blocco-immagine\"><img loading=\"lazy\" decoding=\"async\" class=\"size-full wp-image-6297 alignleft\" src=\"https:\/\/blog.holyart.it\/de\/wp-content\/uploads\/sites\/12\/2025\/06\/schnitzerei-grodnertal-kruzifix-leonardo.jpg\" alt=\"schnitzerei grodnertal kruzifix leonardo\" width=\"100\" height=\"100\" data-kale-share-title=\"Adams Grab: Hier ist der erste Mensch begraben\" data-kale-share-url=\"https:\/\/blog.holyart.it\/de\/?p=6290\" \/><\/div>\n<div class=\"blocco-contenuto\">\n<div class=\"blocco-acquista\">Einkaufen:<\/div>\n<div class=\"blocco-titolo\"><a href=\"https:\/\/www.holyart.de\/devotionalien\/kruzifixe-und-kreuze\/kruzifixe-und-kreuze-aus-holz\/schnitzerei-grodnertal-kruzifix-leonardo\">Schnitzerei Gr\u00f6dnertal Kruzifix Leonardo<\/a><\/div>\n<div class=\"blocco-descrizione\">Heiligenfigur aus Holz von den Handwerkern des Gr\u00f6dnertals handbemalt; Modell Leonardo.<\/div>\n<\/div>\n<\/div>\n<p>Zu Beginn <strong>des 15. Jahrhunderts<\/strong> und dann mit dem <strong>Konzil von Trient<\/strong> (1545\u20131563) begannen die figurative Sakralkunst im Allgemeinen und die Ikonographie der Kreuzigung im Besonderen eine <strong>gr\u00f6\u00dfere kompositorische Ausgewogenheit<\/strong> aufzuweisen. Der Leib Christi findet in den Werken der gro\u00dfen Meister der <strong>Renaissance<\/strong> anatomische Sch\u00f6nheit und Harmonie, ohne dabei die Intensit\u00e4t seiner Symbolik zu verlieren.<\/p>\n<p>Die Kreuzigung bringt in der Kunst die <strong>Unermesslichkeit der Liebe Gottes<\/strong> <strong>zu allen Menschen<\/strong> zum Ausdruck, das Opfer seines einzigen Sohnes als Holocaust, der dargebracht wurde, um die S\u00fcnden derer abzuwaschen, die er retten wollte, jener Menschen, die sich bereits als seiner Barmherzigkeit unw\u00fcrdig erwiesen hatten, zuerst Adam und Eva und dann jene, die die Strafe der Sintflut notwendig gemacht hatten. So ist aus <strong>einem Bild des absoluten Leidens<\/strong>, das sich im Laufe der Zeit immer weiter entwickelt hat und mit Details aus der evangelischen Geschichte angereichert wurde, ein Bild der Freude und Hoffnung f\u00fcr alle Menschen geworden.<\/p>\n","protected":false},"excerpt":{"rendered":"<p>Einigen \u00dcberlieferungen zufolge befand sich Adams Grab unter dem Berg Golgatha. Welche Verbindung besteht zwischen dem ersten Menschen und der Kreuzigung Christi? Wir alle kennen den Berg Golgatha als Schauplatz der letzten, tragischen Momente im Leben Jesu unter den Menschen. Wir alle sind in unseren&hellip;<\/p>\n","protected":false},"author":1,"featured_media":6291,"comment_status":"closed","ping_status":"open","sticky":false,"template":"","format":"standard","meta":{"_acf_changed":false,"footnotes":""},"categories":[10],"tags":[],"class_list":["post-6290","post","type-post","status-publish","format-standard","has-post-thumbnail","hentry","category-devotionalien"],"acf":[],"yoast_head":"<!-- This site is optimized with the Yoast SEO plugin v26.6 - https:\/\/yoast.com\/wordpress\/plugins\/seo\/ -->\n<title>Adams Grab: Hier ist der erste Mensch begraben - Holyart.de Blog<\/title>\n<meta name=\"description\" content=\"Liegt Adams Grab unter dem Stein von Golgatha. Hier besteht die Verbindung zwischen dem Kreuz und dem ersten Menschen.\" \/>\n<meta name=\"robots\" content=\"index, follow, max-snippet:-1, max-image-preview:large, max-video-preview:-1\" \/>\n<link rel=\"canonical\" href=\"https:\/\/blog.holyart.it\/de\/devotionalien\/adams-grab-hier-ist-der-erste-mensch-begraben\/\" \/>\n<meta property=\"og:locale\" content=\"de_DE\" \/>\n<meta property=\"og:type\" content=\"article\" \/>\n<meta property=\"og:title\" content=\"Adams Grab: Hier ist der erste Mensch begraben - Holyart.de Blog\" \/>\n<meta property=\"og:description\" content=\"Liegt Adams Grab unter dem Stein von Golgatha. Hier besteht die Verbindung zwischen dem Kreuz und dem ersten Menschen.\" \/>\n<meta property=\"og:url\" content=\"https:\/\/blog.holyart.it\/de\/devotionalien\/adams-grab-hier-ist-der-erste-mensch-begraben\/\" \/>\n<meta property=\"og:site_name\" content=\"Holyart.de Blog\" \/>\n<meta property=\"article:published_time\" content=\"2025-07-30T08:00:26+00:00\" \/>\n<meta property=\"article:modified_time\" content=\"2026-04-23T07:18:37+00:00\" \/>\n<meta property=\"og:image\" content=\"https:\/\/blog.holyart.it\/de\/wp-content\/uploads\/sites\/12\/2025\/06\/adams-grab.jpeg\" \/>\n\t<meta property=\"og:image:width\" content=\"1165\" \/>\n\t<meta property=\"og:image:height\" content=\"666\" \/>\n\t<meta property=\"og:image:type\" content=\"image\/jpeg\" \/>\n<meta name=\"author\" content=\"Redazione\" \/>\n<meta name=\"twitter:card\" content=\"summary_large_image\" \/>\n<meta name=\"twitter:label1\" content=\"Verfasst von\" \/>\n\t<meta name=\"twitter:data1\" content=\"Redazione\" \/>\n\t<meta name=\"twitter:label2\" content=\"Gesch\u00e4tzte Lesezeit\" \/>\n\t<meta name=\"twitter:data2\" content=\"8\u00a0Minuten\" \/>\n<script type=\"application\/ld+json\" class=\"yoast-schema-graph\">{\"@context\":\"https:\/\/schema.org\",\"@graph\":[{\"@type\":\"Article\",\"@id\":\"https:\/\/blog.holyart.it\/de\/devotionalien\/adams-grab-hier-ist-der-erste-mensch-begraben\/#article\",\"isPartOf\":{\"@id\":\"https:\/\/blog.holyart.it\/de\/devotionalien\/adams-grab-hier-ist-der-erste-mensch-begraben\/\"},\"author\":{\"name\":\"Redazione\",\"@id\":\"https:\/\/blog.holyart.it\/de\/#\/schema\/person\/0a7b686e5af0f856ec1e390dd0baecda\"},\"headline\":\"Adams Grab: Hier ist der erste Mensch begraben\",\"datePublished\":\"2025-07-30T08:00:26+00:00\",\"dateModified\":\"2026-04-23T07:18:37+00:00\",\"mainEntityOfPage\":{\"@id\":\"https:\/\/blog.holyart.it\/de\/devotionalien\/adams-grab-hier-ist-der-erste-mensch-begraben\/\"},\"wordCount\":1266,\"publisher\":{\"@id\":\"https:\/\/blog.holyart.it\/de\/#organization\"},\"image\":{\"@id\":\"https:\/\/blog.holyart.it\/de\/devotionalien\/adams-grab-hier-ist-der-erste-mensch-begraben\/#primaryimage\"},\"thumbnailUrl\":\"https:\/\/blog.holyart.it\/de\/wp-content\/uploads\/sites\/12\/2025\/06\/adams-grab.jpeg\",\"articleSection\":[\"Religion\"],\"inLanguage\":\"de\"},{\"@type\":\"WebPage\",\"@id\":\"https:\/\/blog.holyart.it\/de\/devotionalien\/adams-grab-hier-ist-der-erste-mensch-begraben\/\",\"url\":\"https:\/\/blog.holyart.it\/de\/devotionalien\/adams-grab-hier-ist-der-erste-mensch-begraben\/\",\"name\":\"Adams Grab: Hier ist der erste Mensch begraben - Holyart.de Blog\",\"isPartOf\":{\"@id\":\"https:\/\/blog.holyart.it\/de\/#website\"},\"primaryImageOfPage\":{\"@id\":\"https:\/\/blog.holyart.it\/de\/devotionalien\/adams-grab-hier-ist-der-erste-mensch-begraben\/#primaryimage\"},\"image\":{\"@id\":\"https:\/\/blog.holyart.it\/de\/devotionalien\/adams-grab-hier-ist-der-erste-mensch-begraben\/#primaryimage\"},\"thumbnailUrl\":\"https:\/\/blog.holyart.it\/de\/wp-content\/uploads\/sites\/12\/2025\/06\/adams-grab.jpeg\",\"datePublished\":\"2025-07-30T08:00:26+00:00\",\"dateModified\":\"2026-04-23T07:18:37+00:00\",\"description\":\"Liegt Adams Grab unter dem Stein von Golgatha. Hier besteht die Verbindung zwischen dem Kreuz und dem ersten Menschen.\",\"breadcrumb\":{\"@id\":\"https:\/\/blog.holyart.it\/de\/devotionalien\/adams-grab-hier-ist-der-erste-mensch-begraben\/#breadcrumb\"},\"inLanguage\":\"de\",\"potentialAction\":[{\"@type\":\"ReadAction\",\"target\":[\"https:\/\/blog.holyart.it\/de\/devotionalien\/adams-grab-hier-ist-der-erste-mensch-begraben\/\"]}]},{\"@type\":\"ImageObject\",\"inLanguage\":\"de\",\"@id\":\"https:\/\/blog.holyart.it\/de\/devotionalien\/adams-grab-hier-ist-der-erste-mensch-begraben\/#primaryimage\",\"url\":\"https:\/\/blog.holyart.it\/de\/wp-content\/uploads\/sites\/12\/2025\/06\/adams-grab.jpeg\",\"contentUrl\":\"https:\/\/blog.holyart.it\/de\/wp-content\/uploads\/sites\/12\/2025\/06\/adams-grab.jpeg\",\"width\":1165,\"height\":666,\"caption\":\"adams grab\"},{\"@type\":\"BreadcrumbList\",\"@id\":\"https:\/\/blog.holyart.it\/de\/devotionalien\/adams-grab-hier-ist-der-erste-mensch-begraben\/#breadcrumb\",\"itemListElement\":[{\"@type\":\"ListItem\",\"position\":1,\"name\":\"Homepage\",\"item\":\"https:\/\/blog.holyart.it\/de\/\"},{\"@type\":\"ListItem\",\"position\":2,\"name\":\"Religion\",\"item\":\"https:\/\/blog.holyart.it\/de\/devotionalien\/\"},{\"@type\":\"ListItem\",\"position\":3,\"name\":\"Adams Grab: Hier ist der erste Mensch begraben\"}]},{\"@type\":\"WebSite\",\"@id\":\"https:\/\/blog.holyart.it\/de\/#website\",\"url\":\"https:\/\/blog.holyart.it\/de\/\",\"name\":\"Holyart.de Blog\",\"description\":\"Holyblog\",\"publisher\":{\"@id\":\"https:\/\/blog.holyart.it\/de\/#organization\"},\"potentialAction\":[{\"@type\":\"SearchAction\",\"target\":{\"@type\":\"EntryPoint\",\"urlTemplate\":\"https:\/\/blog.holyart.it\/de\/?s={search_term_string}\"},\"query-input\":{\"@type\":\"PropertyValueSpecification\",\"valueRequired\":true,\"valueName\":\"search_term_string\"}}],\"inLanguage\":\"de\"},{\"@type\":\"Organization\",\"@id\":\"https:\/\/blog.holyart.it\/de\/#organization\",\"name\":\"Holyart.de Blog\",\"url\":\"https:\/\/blog.holyart.it\/de\/\",\"logo\":{\"@type\":\"ImageObject\",\"inLanguage\":\"de\",\"@id\":\"https:\/\/blog.holyart.it\/de\/#\/schema\/logo\/image\/\",\"url\":\"https:\/\/blog.holyart.it\/de\/wp-content\/uploads\/sites\/12\/2022\/12\/Holyart_Blog_Logo.jpg\",\"contentUrl\":\"https:\/\/blog.holyart.it\/de\/wp-content\/uploads\/sites\/12\/2022\/12\/Holyart_Blog_Logo.jpg\",\"width\":300,\"height\":50,\"caption\":\"Holyart.de Blog\"},\"image\":{\"@id\":\"https:\/\/blog.holyart.it\/de\/#\/schema\/logo\/image\/\"}},{\"@type\":\"Person\",\"@id\":\"https:\/\/blog.holyart.it\/de\/#\/schema\/person\/0a7b686e5af0f856ec1e390dd0baecda\",\"name\":\"Redazione\",\"image\":{\"@type\":\"ImageObject\",\"inLanguage\":\"de\",\"@id\":\"https:\/\/blog.holyart.it\/de\/#\/schema\/person\/image\/\",\"url\":\"https:\/\/secure.gravatar.com\/avatar\/f477da817f43e50d0af36abecd33e3edf826c68299714bdc1057dff3b113f516?s=96&d=mm&r=g\",\"contentUrl\":\"https:\/\/secure.gravatar.com\/avatar\/f477da817f43e50d0af36abecd33e3edf826c68299714bdc1057dff3b113f516?s=96&d=mm&r=g\",\"caption\":\"Redazione\"}}]}<\/script>\n<!-- \/ Yoast SEO plugin. -->","yoast_head_json":{"title":"Adams Grab: Hier ist der erste Mensch begraben - Holyart.de Blog","description":"Liegt Adams Grab unter dem Stein von Golgatha. Hier besteht die Verbindung zwischen dem Kreuz und dem ersten Menschen.","robots":{"index":"index","follow":"follow","max-snippet":"max-snippet:-1","max-image-preview":"max-image-preview:large","max-video-preview":"max-video-preview:-1"},"canonical":"https:\/\/blog.holyart.it\/de\/devotionalien\/adams-grab-hier-ist-der-erste-mensch-begraben\/","og_locale":"de_DE","og_type":"article","og_title":"Adams Grab: Hier ist der erste Mensch begraben - Holyart.de Blog","og_description":"Liegt Adams Grab unter dem Stein von Golgatha. Hier besteht die Verbindung zwischen dem Kreuz und dem ersten Menschen.","og_url":"https:\/\/blog.holyart.it\/de\/devotionalien\/adams-grab-hier-ist-der-erste-mensch-begraben\/","og_site_name":"Holyart.de Blog","article_published_time":"2025-07-30T08:00:26+00:00","article_modified_time":"2026-04-23T07:18:37+00:00","og_image":[{"width":1165,"height":666,"url":"https:\/\/blog.holyart.it\/de\/wp-content\/uploads\/sites\/12\/2025\/06\/adams-grab.jpeg","type":"image\/jpeg"}],"author":"Redazione","twitter_card":"summary_large_image","twitter_misc":{"Verfasst von":"Redazione","Gesch\u00e4tzte Lesezeit":"8\u00a0Minuten"},"schema":{"@context":"https:\/\/schema.org","@graph":[{"@type":"Article","@id":"https:\/\/blog.holyart.it\/de\/devotionalien\/adams-grab-hier-ist-der-erste-mensch-begraben\/#article","isPartOf":{"@id":"https:\/\/blog.holyart.it\/de\/devotionalien\/adams-grab-hier-ist-der-erste-mensch-begraben\/"},"author":{"name":"Redazione","@id":"https:\/\/blog.holyart.it\/de\/#\/schema\/person\/0a7b686e5af0f856ec1e390dd0baecda"},"headline":"Adams Grab: Hier ist der erste Mensch begraben","datePublished":"2025-07-30T08:00:26+00:00","dateModified":"2026-04-23T07:18:37+00:00","mainEntityOfPage":{"@id":"https:\/\/blog.holyart.it\/de\/devotionalien\/adams-grab-hier-ist-der-erste-mensch-begraben\/"},"wordCount":1266,"publisher":{"@id":"https:\/\/blog.holyart.it\/de\/#organization"},"image":{"@id":"https:\/\/blog.holyart.it\/de\/devotionalien\/adams-grab-hier-ist-der-erste-mensch-begraben\/#primaryimage"},"thumbnailUrl":"https:\/\/blog.holyart.it\/de\/wp-content\/uploads\/sites\/12\/2025\/06\/adams-grab.jpeg","articleSection":["Religion"],"inLanguage":"de"},{"@type":"WebPage","@id":"https:\/\/blog.holyart.it\/de\/devotionalien\/adams-grab-hier-ist-der-erste-mensch-begraben\/","url":"https:\/\/blog.holyart.it\/de\/devotionalien\/adams-grab-hier-ist-der-erste-mensch-begraben\/","name":"Adams Grab: Hier ist der erste Mensch begraben - Holyart.de Blog","isPartOf":{"@id":"https:\/\/blog.holyart.it\/de\/#website"},"primaryImageOfPage":{"@id":"https:\/\/blog.holyart.it\/de\/devotionalien\/adams-grab-hier-ist-der-erste-mensch-begraben\/#primaryimage"},"image":{"@id":"https:\/\/blog.holyart.it\/de\/devotionalien\/adams-grab-hier-ist-der-erste-mensch-begraben\/#primaryimage"},"thumbnailUrl":"https:\/\/blog.holyart.it\/de\/wp-content\/uploads\/sites\/12\/2025\/06\/adams-grab.jpeg","datePublished":"2025-07-30T08:00:26+00:00","dateModified":"2026-04-23T07:18:37+00:00","description":"Liegt Adams Grab unter dem Stein von Golgatha. Hier besteht die Verbindung zwischen dem Kreuz und dem ersten Menschen.","breadcrumb":{"@id":"https:\/\/blog.holyart.it\/de\/devotionalien\/adams-grab-hier-ist-der-erste-mensch-begraben\/#breadcrumb"},"inLanguage":"de","potentialAction":[{"@type":"ReadAction","target":["https:\/\/blog.holyart.it\/de\/devotionalien\/adams-grab-hier-ist-der-erste-mensch-begraben\/"]}]},{"@type":"ImageObject","inLanguage":"de","@id":"https:\/\/blog.holyart.it\/de\/devotionalien\/adams-grab-hier-ist-der-erste-mensch-begraben\/#primaryimage","url":"https:\/\/blog.holyart.it\/de\/wp-content\/uploads\/sites\/12\/2025\/06\/adams-grab.jpeg","contentUrl":"https:\/\/blog.holyart.it\/de\/wp-content\/uploads\/sites\/12\/2025\/06\/adams-grab.jpeg","width":1165,"height":666,"caption":"adams grab"},{"@type":"BreadcrumbList","@id":"https:\/\/blog.holyart.it\/de\/devotionalien\/adams-grab-hier-ist-der-erste-mensch-begraben\/#breadcrumb","itemListElement":[{"@type":"ListItem","position":1,"name":"Homepage","item":"https:\/\/blog.holyart.it\/de\/"},{"@type":"ListItem","position":2,"name":"Religion","item":"https:\/\/blog.holyart.it\/de\/devotionalien\/"},{"@type":"ListItem","position":3,"name":"Adams Grab: Hier ist der erste Mensch begraben"}]},{"@type":"WebSite","@id":"https:\/\/blog.holyart.it\/de\/#website","url":"https:\/\/blog.holyart.it\/de\/","name":"Holyart.de Blog","description":"Holyblog","publisher":{"@id":"https:\/\/blog.holyart.it\/de\/#organization"},"potentialAction":[{"@type":"SearchAction","target":{"@type":"EntryPoint","urlTemplate":"https:\/\/blog.holyart.it\/de\/?s={search_term_string}"},"query-input":{"@type":"PropertyValueSpecification","valueRequired":true,"valueName":"search_term_string"}}],"inLanguage":"de"},{"@type":"Organization","@id":"https:\/\/blog.holyart.it\/de\/#organization","name":"Holyart.de Blog","url":"https:\/\/blog.holyart.it\/de\/","logo":{"@type":"ImageObject","inLanguage":"de","@id":"https:\/\/blog.holyart.it\/de\/#\/schema\/logo\/image\/","url":"https:\/\/blog.holyart.it\/de\/wp-content\/uploads\/sites\/12\/2022\/12\/Holyart_Blog_Logo.jpg","contentUrl":"https:\/\/blog.holyart.it\/de\/wp-content\/uploads\/sites\/12\/2022\/12\/Holyart_Blog_Logo.jpg","width":300,"height":50,"caption":"Holyart.de Blog"},"image":{"@id":"https:\/\/blog.holyart.it\/de\/#\/schema\/logo\/image\/"}},{"@type":"Person","@id":"https:\/\/blog.holyart.it\/de\/#\/schema\/person\/0a7b686e5af0f856ec1e390dd0baecda","name":"Redazione","image":{"@type":"ImageObject","inLanguage":"de","@id":"https:\/\/blog.holyart.it\/de\/#\/schema\/person\/image\/","url":"https:\/\/secure.gravatar.com\/avatar\/f477da817f43e50d0af36abecd33e3edf826c68299714bdc1057dff3b113f516?s=96&d=mm&r=g","contentUrl":"https:\/\/secure.gravatar.com\/avatar\/f477da817f43e50d0af36abecd33e3edf826c68299714bdc1057dff3b113f516?s=96&d=mm&r=g","caption":"Redazione"}}]}},"_links":{"self":[{"href":"https:\/\/blog.holyart.it\/de\/wp-json\/wp\/v2\/posts\/6290","targetHints":{"allow":["GET"]}}],"collection":[{"href":"https:\/\/blog.holyart.it\/de\/wp-json\/wp\/v2\/posts"}],"about":[{"href":"https:\/\/blog.holyart.it\/de\/wp-json\/wp\/v2\/types\/post"}],"author":[{"embeddable":true,"href":"https:\/\/blog.holyart.it\/de\/wp-json\/wp\/v2\/users\/1"}],"replies":[{"embeddable":true,"href":"https:\/\/blog.holyart.it\/de\/wp-json\/wp\/v2\/comments?post=6290"}],"version-history":[{"count":4,"href":"https:\/\/blog.holyart.it\/de\/wp-json\/wp\/v2\/posts\/6290\/revisions"}],"predecessor-version":[{"id":6300,"href":"https:\/\/blog.holyart.it\/de\/wp-json\/wp\/v2\/posts\/6290\/revisions\/6300"}],"wp:featuredmedia":[{"embeddable":true,"href":"https:\/\/blog.holyart.it\/de\/wp-json\/wp\/v2\/media\/6291"}],"wp:attachment":[{"href":"https:\/\/blog.holyart.it\/de\/wp-json\/wp\/v2\/media?parent=6290"}],"wp:term":[{"taxonomy":"category","embeddable":true,"href":"https:\/\/blog.holyart.it\/de\/wp-json\/wp\/v2\/categories?post=6290"},{"taxonomy":"post_tag","embeddable":true,"href":"https:\/\/blog.holyart.it\/de\/wp-json\/wp\/v2\/tags?post=6290"}],"curies":[{"name":"wp","href":"https:\/\/api.w.org\/{rel}","templated":true}]}}