{"id":6237,"date":"2025-06-23T10:00:39","date_gmt":"2025-06-23T08:00:39","guid":{"rendered":"https:\/\/blog.holyart.it\/de\/?p=6237"},"modified":"2025-06-16T10:39:24","modified_gmt":"2025-06-16T08:39:24","slug":"maria-mutter-der-kirche-der-von-papst-franziskus-eingefuehrte-festtag","status":"publish","type":"post","link":"https:\/\/blog.holyart.it\/de\/devotionalien\/maria-mutter-der-kirche-der-von-papst-franziskus-eingefuehrte-festtag\/","title":{"rendered":"Maria, Mutter der Kirche: der von Papst Franziskus eingef\u00fchrte Festtag"},"content":{"rendered":"<h4>Am Montag nach Pfingsten feiert der r\u00f6mische Ritus Maria, die Mutter der Kirche. Wie es zu diesem Festtag kam, erkl\u00e4rt sich folgenderma\u00dfen<\/h4>\n\n<p><strong>Maria von Nazareth<\/strong> r\u00fchmt sich nicht nur des Vorrangs, die <strong>Mutter Jesu<\/strong> gewesen zu sein. In dem Augenblick, in dem dieses bescheidene, von Gott auserw\u00e4hlte M\u00e4dchen vom Engel gesehen wurde und sich bereit erkl\u00e4rte, die schreckliche und wunderbare Last, die sie auf sich nehmen sollte, in ihrem Scho\u00df und auf ihren Schultern zu tragen, wurde sie zur <strong>Mutter Gottes <\/strong>und zur<strong> Mutter aller Menschen<\/strong>. In dem Kind, das in ihren Armen auf zahllosen Gem\u00e4lden und Statuen der Kunst- und Menschheitsgeschichte dargestellt ist, erkennt und findet jeder Mensch das Bed\u00fcrfnis nach Zuneigung und Schutz, den unendlichen Trost einer m\u00fctterlichen Umarmung, die nichts verlangt und alles gibt, ohne Gr\u00fcnde, ohne Fragen, ohne Garantien, nur aus Liebe. Aber es geht nicht nur darum, Maria als die Mutter aller M\u00fctter zu identifizieren. Es gibt viele Marienfeste, die Maria gewidmet sind, in ihren verschiedenen Formen, mit all den <strong><a href=\"https:\/\/www.holyart.de\/blog\/heilige-und-selige\/marianische-titel-welche-und-wie-viele-sind-die-namen-die-maria-gewidmet-sind\/\"><u>marianischen Titeln<\/u><\/a><\/strong>, die ihr zugeschrieben werden. Vor allem am 1. Januar feiern wir Maria, die Mutter Gottes, aber seit 2018 gibt es auch einen besonderen Festtag, an dem wir der <strong>heiligen Maria, der Mutter der Kirche<\/strong>, gedenken. Es handelt sich dabei um das <strong>Fest Maria, Mutter der Kirche<\/strong>, das von <a href=\"https:\/\/www.holyart.de\/besondere-anlasse\/papst-franziskus?page=1\"><strong>Papst Franziskus<\/strong><\/a> 2018 eingef\u00fchrt wurde und <strong>auf den Montag nach Pfingsten<\/strong> f\u00e4llt.<\/p>\n<div class=\"link-article\">\n<p><img loading=\"lazy\" decoding=\"async\" class=\"alignnone size-full wp-image-6241\" src=\"https:\/\/blog.holyart.it\/de\/wp-content\/uploads\/sites\/12\/2025\/05\/Marianische-Titel.jpeg\" alt=\"Marianische Titel\" width=\"150\" height=\"99\" data-kale-share-title=\"Maria, Mutter der Kirche: der von Papst Franziskus eingef\u00fchrte Festtag\" data-kale-share-url=\"https:\/\/blog.holyart.it\/de\/?p=6237\" \/><\/p>\n<div class=\"leggi-anche\">Lesen Sie auch:<\/div>\n<p><strong><a href=\"https:\/\/www.holyart.de\/blog\/heilige-und-selige\/marianische-titel-welche-und-wie-viele-sind-die-namen-die-maria-gewidmet-sind\/\">Marianische Titel: welche und wie viele sind die Namen, die Maria gewidmet sind<\/a><\/strong><br \/>\nMarianische Titel: alle Namen, unter denen Maria, die Mutter Jesu,&#8230;<\/p>\n<\/div>\n<h2>Wie das Fest der seligen Jungfrau Maria, Mutter der Kirche, zustande kam<\/h2>\n<p>Bereits <strong>Papst Paul VI.<\/strong> hatte im November 1964, w\u00e4hrend <strong>des Zweiten Vatikanischen Konzils<\/strong>, die Jungfrau Maria mit dieser Bezeichnung definiert: Mutter der Kirche, <em>Mater Ecclesiae<\/em>. Das hei\u00dft, <strong>Mutter des ganzen christlichen Volkes<\/strong>, \u201e<em>sowohl der Gl\u00e4ubigen als auch der Hirten, die sie die geliebte Mutter nennen<\/em>\u201c (Mater Ecclesiae 1965, 1, S. 5).<\/p>\n<p>1975 wurde eine Votivmesse zu Ehren der seligen Jungfrau Maria, der Mutter der Kirche, in das R\u00f6mische Messbuch aufgenommen, w\u00e4hrend 1980 auf Wunsch von <strong>Papst Johannes Paul II.<\/strong> der marianische Titel Selige Jungfrau Maria, Mutter der Kirche, in die <em>Loreto-Litanei<\/em> aufgenommen wurde, die an Gott und die Jungfrau Maria gerichteten Bitten, die w\u00e4hrend des Rosenkranzes rezitiert werden und ihren Ursprung im Heiligen Haus von Loreto haben.<\/p>\n<p>Im Jahr 1997 wurde ein Abschnitt mit dem Titel \u201eMaria &#8211; Mutter Christi, Mutter der Kirche\u201c auch in den <strong>Katechismus der Katholischen Kirche<\/strong> aufgenommen.<\/p>\n<p>Im M\u00e4rz <strong>2018<\/strong> schlie\u00dflich verf\u00fcgte <strong>Papst Franziskus<\/strong> die Verpflichtung, das liturgische Gedenken an Maria, Mutter der Kirche, am Montag nach Pfingsten zu feiern.<\/p>\n<p>Aber die Geschichte der Weihe dieses Festes ist lang und hat ihren Ursprung in fernen Zeiten, insbesondere an einem schrecklichen Tag, als <strong><a href=\"https:\/\/www.holyart.de\/blog\/ostern\/die-ereignisse-der-passion-jesu-vom-letzten-abendmahl-bis-zu-seiner-kreuzigung\/\">eine Mutter mit gebrochenem Herzen am Fu\u00dfe eines Kreuzes um das Schicksal ihres unschuldigen Sohnes trauerte<\/a><\/strong>, der f\u00fcr die S\u00fcnden der Menschen zum Tode verurteilt wurde, und dieser Sohn stellte selbst im \u00e4u\u00dfersten Augenblick der Qual das Wohl seiner Mutter und aller Menschen \u00fcber sein eigenes und vertraute ihr einen neuen Sohn an, um den sie sich k\u00fcmmern und auf den sie sich verlassen sollte. Wir sprechen offensichtlich vom <strong>Johannesevangelium<\/strong>, als Jesus die Muttergottes bittet, seinen Lieblingsapostel als Sohn zu betrachten, und Johannes selbst, sich um Maria zu k\u00fcmmern, als w\u00e4re sie seine Mutter: \u201e<em>Frau, siehe, dein Sohn!<\/em>\u201c <em>Und dann: \u201eSiehe, deine Mutter!\u201c<\/em> (Joh 19,25).<\/p>\n<div class=\"link-article\">\n<p><img loading=\"lazy\" decoding=\"async\" class=\"alignnone size-full wp-image-6244\" src=\"https:\/\/blog.holyart.it\/de\/wp-content\/uploads\/sites\/12\/2025\/05\/Die-Ereignisse-der-Passion-Jesu.jpg\" alt=\"Die Ereignisse der Passion Jesu\" width=\"150\" height=\"99\" data-kale-share-title=\"Maria, Mutter der Kirche: der von Papst Franziskus eingef\u00fchrte Festtag\" data-kale-share-url=\"https:\/\/blog.holyart.it\/de\/?p=6237\" \/><\/p>\n<div class=\"leggi-anche\">Lesen Sie auch:<\/div>\n<p><strong><a href=\"https:\/\/www.holyart.de\/blog\/ostern\/die-ereignisse-der-passion-jesu-vom-letzten-abendmahl-bis-zu-seiner-kreuzigung\/\">Die Ereignisse der Passion Jesu: vom letzten Abendmahl bis zu seiner Kreuzigung<\/a><\/strong><br \/>\nDie Passion Jesu ist der h\u00f6chste und schrecklichste Moment seines&#8230;<\/p>\n<\/div>\n<h2>Warum die Fest am Montag nach Pfingsten gefeiert wird<\/h2>\n<p>Die revolution\u00e4re Bedeutung der von Johannes berichteten evangelischen Episode ist immens und inspirierte gro\u00dfe Theologen und Kirchenv\u00e4ter wie den <strong>Heiligen Augustinus und den Heiligen Leo den Gro\u00dfen<\/strong>, \u00fcber die <strong>Doppelrolle von Maria, der Mutter der Kirche, und Maria, der Mutter Gottes<\/strong>, nachzudenken und dar\u00fcber zu schreiben Am Fu\u00dfe des Kreuzes von Golgatha findet seine gr\u00f6\u00dfte Feier statt. Der heilige Augustinus definiert Maria als die <em>Mutter der Mitglieder Christi<\/em>, w\u00e4hrend Leo der Gro\u00dfe bereits die Bedeutung Marias als Mutter der Kirche betont hatte, indem er in <strong>der Geburt Jesu die Geburt der Kirche selbst<\/strong> und damit in Maria der Mutter der Kirche, die gibt, erkannte Geburt des <strong>Oberhauptes des Leibes, dessen Mitglieder die Christen sind<\/strong>. So lautet das achte Kapitel von <em>Lumen Gentium<\/em> (Licht der Heiden), der zweiten der vier Konstitutionen des Zweiten Vatikanischen \u00d6kumenischen Konzils.<\/p>\n<p>Indem sie Johannes als ihren Sohn annimmt, <strong>akzeptiert Maria auch alle Apostel<\/strong>, die Jesus als \u00dcberbringer seines Wortes ausgew\u00e4hlt hat, und leitet mit ihnen die Geburt der Kirche am <strong><a href=\"https:\/\/www.holyart.de\/devotionalien\/produkte-von-azur-loppiano\/ovales-basrelief-pfingste-holz-30x20-cm\">Pfingsttag<\/a><\/strong>. Tats\u00e4chlich erinnern wir uns daran, dass sich Maria und die Apostel vierzig Tage nach der Himmelfahrt Jesu in Jerusalem trafen, um Schawout zu feiern, eine Art Erntedankfest der j\u00fcdischen Tradition (Apostelgeschichte 2,1-11). W\u00e4hrend sie gemeinsam beteten, wurden sie von einem ohrenbet\u00e4ubenden L\u00e4rm \u00fcberrascht, und der <strong>Heilige Geist<\/strong> kam in Form von Feuerzungen vom Himmel herab, um die K\u00f6pfe aller Anwesenden zu lecken. Pl\u00f6tzlich entdeckten alle Apostel, dass sie in allen Sprachen der Welt sprechen konnten, und dies ist der Moment, in dem <strong>ihre \u00f6kumenische Mission<\/strong> und praktisch <strong><a href=\"https:\/\/www.holyart.de\/blog\/ostern\/pfingsten-der-tag-dem-wir-den-heiligen-geist-und-die-geburt-der-kirche-feiern\/\"><u>die Gr\u00fcndung der Kirche<\/u><\/a><\/strong> beginnt. Der <strong>Heilige Geist erweckt die Kirche zum Leben<\/strong>, er ist das letzte Geschenk Christi an seine Mutter und seine treuesten Freunde, die, umh\u00fcllt von dieser g\u00f6ttlichen Kraft, in <strong>die Glieder seines mystischen Leibes<\/strong> verwandelt werden. Und diesen grundlegenden Moment zu bewachen und zu besch\u00fctzen, den Vorsitz zu f\u00fchren, in dem eine Gruppe von Menschen, die durch den k\u00fcrzlichen Verlust ihres Meisters ver\u00e4ngstigt und beunruhigt sind, sich ihrer Mission bewusstwird, ist genau Maria, die Mutter der Kirche, die von demselben Geist ebenso ber\u00fchrt ist und mehr als die anderen, da er den Sohn Gottes in sich trug, aus dem alles hervorging.<\/p>\n<div class=\"link-product\">\n<div class=\"blocco-immagine\"><img loading=\"lazy\" decoding=\"async\" class=\"alignnone size-full wp-image-6247\" src=\"https:\/\/blog.holyart.it\/de\/wp-content\/uploads\/sites\/12\/2025\/05\/Ovales-Basrelief-Pfingste-Holz-30x20-cm.jpg\" alt=\"Ovales Basrelief Pfingste Holz, 30x20 cm\" width=\"100\" height=\"100\" data-kale-share-title=\"Maria, Mutter der Kirche: der von Papst Franziskus eingef\u00fchrte Festtag\" data-kale-share-url=\"https:\/\/blog.holyart.it\/de\/?p=6237\" \/><\/div>\n<div class=\"blocco-contenuto\">\n<div class=\"blocco-acquista\">Einkaufen:<\/div>\n<div class=\"blocco-titolo\"><a href=\"https:\/\/www.holyart.de\/devotionalien\/produkte-von-azur-loppiano\/ovales-basrelief-pfingste-holz-30x20-cm\">Ovales Basrelief Pfingste Holz, 30&#215;20 cm<\/a><\/div>\n<div class=\"blocco-descrizione\">Dieses Flachrelief wird aus Okum\u00e8-Holz in Italien hergestellt.<\/div>\n<\/div>\n<\/div>\n<p><strong>Der erste Kern der katholischen Kirche wurde am Pfingsttag geboren<\/strong>, und seit 2018 ist das Fest der Heiligen Jungfrau Maria, Mutter der Kirche, Teil des r\u00f6mischen Kalenders mit der Verpflichtung, es am Montag nach Pfingsten zu feiern. Dies hat Papst Franziskus beschlossen und wurde im <strong>Dekret der Kongregation f\u00fcr den Gottesdienst und die Sakramentenordnung<\/strong> ver\u00f6ffentlicht, das am 11. Februar, dem Gedenktag Unserer <strong><a href=\"https:\/\/www.holyart.de\/besondere-anlasse\/muttergottes-von-lourdes\/lourdes-statuen?page=1\">Lieben Frau von Lourdes<\/a><\/strong>, ver\u00f6ffentlicht wurde.<\/p>\n<h2>Gebet an Maria, Mutter der Kirche<\/h2>\n<p>Am Ende der <strong>Enzyklika <em>Lumen Fidei<\/em><\/strong> vom 29. Juni 2013 hatte Papst Franziskus bereits ein <strong>besonderes Gebet an Maria, Mutter der Kirche und Mutter unseres Glaubens<\/strong>, eingef\u00fcgt. Es vermittelt sehr gut den Geist, der der Feier Mariens, der Mutter der Kirche, zugrunde liegt, den Wunsch, in ihr <a href=\"https:\/\/www.holyart.de\/search?params=%7B%22search%22%3A%22madonna%20lourdes%22%7D&amp;search_term=madonna+lourdes\"><strong>die Mutter eines jeden Menschen<\/strong><\/a> zu erkennen, in unserer Einzigartigkeit als Christen und in <strong>unserer Zugeh\u00f6rigkeit zu etwas Gr\u00f6\u00dferem und Kostbarerem<\/strong>.<\/p>\n<p><em>Hilf, o Mutter, unserem Glauben!<\/em><\/p>\n<p><em>\u00d6ffne unser H\u00f6ren auf das Wort, damit wir die Stimme Gottes und seinen Ruf erkennen.<\/em><\/p>\n<p><em>Erwecke in uns den Wunsch, in seine Fu\u00dfstapfen zu treten, unser Land zu verlassen und sein Versprechen anzunehmen.<\/em><\/p>\n<p><em>Hilf uns, uns von seiner Liebe ber\u00fchren zu lassen, damit wir ihn mit Glauben ber\u00fchren k\u00f6nnen.<\/em><\/p>\n<p><em>Hilf uns, uns ihm ganz anzuvertrauen und an seine Liebe zu glauben, besonders in Momenten der Drangsal und des Kreuzes, in denen unser Glaube reifen muss.<\/em><\/p>\n<p><em>S\u00e4e die Freude des Auferstandenen in unserem Glauben.<\/em><\/p>\n<p><em>Erinnere uns daran, dass diejenigen, die glauben, niemals allein sind.<\/em><\/p>\n<p><em>Lehre uns, mit den Augen Jesu zu schauen, damit er Licht auf unserem Weg sei. Und m\u00f6ge dieses Licht des Glaubens immer in uns wachsen, bis der Tag ohne Sonnenuntergang kommt, der Christus selbst ist, dein Sohn, unser Herr!<\/em><\/p>\n<div class=\"link-product\">\n<div class=\"blocco-immagine\"><img loading=\"lazy\" decoding=\"async\" class=\"alignnone size-full wp-image-6249\" src=\"https:\/\/blog.holyart.it\/de\/wp-content\/uploads\/sites\/12\/2025\/05\/Madonnenstatuen.jpg\" alt=\"Madonnenstatuen\" width=\"100\" height=\"100\" data-kale-share-title=\"Maria, Mutter der Kirche: der von Papst Franziskus eingef\u00fchrte Festtag\" data-kale-share-url=\"https:\/\/blog.holyart.it\/de\/?p=6237\" \/><\/div>\n<div class=\"blocco-contenuto\">\n<div class=\"blocco-acquista\">Einkaufen:<\/div>\n<div class=\"blocco-titolo\"><a href=\"https:\/\/www.holyart.de\/search?params=%7B%22search%22%3A%22madonna%20lourdes%22%7D&amp;search_term=madonna+lourdes\">Madonnenstatuen<\/a><\/div>\n<div class=\"blocco-descrizione\">Alle Madonnenstatuen auf dieser Website werden in Italien und Frankreich handgefertigt.<\/div>\n<\/div>\n<\/div>\n","protected":false},"excerpt":{"rendered":"<p>Am Montag nach Pfingsten feiert der r\u00f6mische Ritus Maria, die Mutter der Kirche. Wie es zu diesem Festtag kam, erkl\u00e4rt sich folgenderma\u00dfen Maria von Nazareth r\u00fchmt sich nicht nur des Vorrangs, die Mutter Jesu gewesen zu sein. In dem Augenblick, in dem dieses bescheidene, von&hellip;<\/p>\n","protected":false},"author":1,"featured_media":6238,"comment_status":"closed","ping_status":"open","sticky":false,"template":"","format":"standard","meta":{"_acf_changed":false,"footnotes":""},"categories":[10],"tags":[],"class_list":["post-6237","post","type-post","status-publish","format-standard","has-post-thumbnail","hentry","category-devotionalien"],"acf":[],"yoast_head":"<!-- This site is optimized with the Yoast SEO plugin v26.6 - https:\/\/yoast.com\/wordpress\/plugins\/seo\/ -->\n<title>Maria, Mutter der Kirche: der von Papst Franziskus eingef\u00fchrte Festtag - Holyart.de Blog<\/title>\n<meta name=\"description\" content=\"Am Montag nach Pfingsten feiert der r\u00f6mische Ritus Maria, die Mutter der Kirche. Wie es zu diesem Festtag kam, erkl\u00e4rt sich folgenderma\u00dfen\" \/>\n<meta name=\"robots\" content=\"index, follow, max-snippet:-1, max-image-preview:large, max-video-preview:-1\" \/>\n<link rel=\"canonical\" href=\"https:\/\/blog.holyart.it\/de\/devotionalien\/maria-mutter-der-kirche-der-von-papst-franziskus-eingefuehrte-festtag\/\" \/>\n<meta property=\"og:locale\" content=\"de_DE\" \/>\n<meta property=\"og:type\" content=\"article\" \/>\n<meta property=\"og:title\" content=\"Maria, Mutter der Kirche: der von Papst Franziskus eingef\u00fchrte Festtag - Holyart.de Blog\" \/>\n<meta property=\"og:description\" content=\"Am Montag nach Pfingsten feiert der r\u00f6mische Ritus Maria, die Mutter der Kirche. Wie es zu diesem Festtag kam, erkl\u00e4rt sich folgenderma\u00dfen\" \/>\n<meta property=\"og:url\" content=\"https:\/\/blog.holyart.it\/de\/devotionalien\/maria-mutter-der-kirche-der-von-papst-franziskus-eingefuehrte-festtag\/\" \/>\n<meta property=\"og:site_name\" content=\"Holyart.de Blog\" \/>\n<meta property=\"article:published_time\" content=\"2025-06-23T08:00:39+00:00\" \/>\n<meta property=\"og:image\" content=\"https:\/\/blog.holyart.it\/de\/wp-content\/uploads\/sites\/12\/2025\/05\/Maria-Mutter-der-Kirche.jpg\" \/>\n\t<meta property=\"og:image:width\" content=\"1000\" \/>\n\t<meta property=\"og:image:height\" content=\"666\" \/>\n\t<meta property=\"og:image:type\" content=\"image\/jpeg\" \/>\n<meta name=\"author\" content=\"Redazione\" \/>\n<meta name=\"twitter:card\" content=\"summary_large_image\" \/>\n<meta name=\"twitter:label1\" content=\"Verfasst von\" \/>\n\t<meta name=\"twitter:data1\" content=\"Redazione\" \/>\n\t<meta name=\"twitter:label2\" content=\"Gesch\u00e4tzte Lesezeit\" \/>\n\t<meta name=\"twitter:data2\" content=\"9\u00a0Minuten\" \/>\n<script type=\"application\/ld+json\" class=\"yoast-schema-graph\">{\"@context\":\"https:\/\/schema.org\",\"@graph\":[{\"@type\":\"Article\",\"@id\":\"https:\/\/blog.holyart.it\/de\/devotionalien\/maria-mutter-der-kirche-der-von-papst-franziskus-eingefuehrte-festtag\/#article\",\"isPartOf\":{\"@id\":\"https:\/\/blog.holyart.it\/de\/devotionalien\/maria-mutter-der-kirche-der-von-papst-franziskus-eingefuehrte-festtag\/\"},\"author\":{\"name\":\"Redazione\",\"@id\":\"https:\/\/blog.holyart.it\/de\/#\/schema\/person\/0a7b686e5af0f856ec1e390dd0baecda\"},\"headline\":\"Maria, Mutter der Kirche: der von Papst Franziskus eingef\u00fchrte Festtag\",\"datePublished\":\"2025-06-23T08:00:39+00:00\",\"mainEntityOfPage\":{\"@id\":\"https:\/\/blog.holyart.it\/de\/devotionalien\/maria-mutter-der-kirche-der-von-papst-franziskus-eingefuehrte-festtag\/\"},\"wordCount\":1321,\"publisher\":{\"@id\":\"https:\/\/blog.holyart.it\/de\/#organization\"},\"image\":{\"@id\":\"https:\/\/blog.holyart.it\/de\/devotionalien\/maria-mutter-der-kirche-der-von-papst-franziskus-eingefuehrte-festtag\/#primaryimage\"},\"thumbnailUrl\":\"https:\/\/blog.holyart.it\/de\/wp-content\/uploads\/sites\/12\/2025\/05\/Maria-Mutter-der-Kirche.jpg\",\"articleSection\":[\"Religion\"],\"inLanguage\":\"de\"},{\"@type\":\"WebPage\",\"@id\":\"https:\/\/blog.holyart.it\/de\/devotionalien\/maria-mutter-der-kirche-der-von-papst-franziskus-eingefuehrte-festtag\/\",\"url\":\"https:\/\/blog.holyart.it\/de\/devotionalien\/maria-mutter-der-kirche-der-von-papst-franziskus-eingefuehrte-festtag\/\",\"name\":\"Maria, Mutter der Kirche: der von Papst Franziskus eingef\u00fchrte Festtag - Holyart.de Blog\",\"isPartOf\":{\"@id\":\"https:\/\/blog.holyart.it\/de\/#website\"},\"primaryImageOfPage\":{\"@id\":\"https:\/\/blog.holyart.it\/de\/devotionalien\/maria-mutter-der-kirche-der-von-papst-franziskus-eingefuehrte-festtag\/#primaryimage\"},\"image\":{\"@id\":\"https:\/\/blog.holyart.it\/de\/devotionalien\/maria-mutter-der-kirche-der-von-papst-franziskus-eingefuehrte-festtag\/#primaryimage\"},\"thumbnailUrl\":\"https:\/\/blog.holyart.it\/de\/wp-content\/uploads\/sites\/12\/2025\/05\/Maria-Mutter-der-Kirche.jpg\",\"datePublished\":\"2025-06-23T08:00:39+00:00\",\"description\":\"Am Montag nach Pfingsten feiert der r\u00f6mische Ritus Maria, die Mutter der Kirche. Wie es zu diesem Festtag kam, erkl\u00e4rt sich folgenderma\u00dfen\",\"breadcrumb\":{\"@id\":\"https:\/\/blog.holyart.it\/de\/devotionalien\/maria-mutter-der-kirche-der-von-papst-franziskus-eingefuehrte-festtag\/#breadcrumb\"},\"inLanguage\":\"de\",\"potentialAction\":[{\"@type\":\"ReadAction\",\"target\":[\"https:\/\/blog.holyart.it\/de\/devotionalien\/maria-mutter-der-kirche-der-von-papst-franziskus-eingefuehrte-festtag\/\"]}]},{\"@type\":\"ImageObject\",\"inLanguage\":\"de\",\"@id\":\"https:\/\/blog.holyart.it\/de\/devotionalien\/maria-mutter-der-kirche-der-von-papst-franziskus-eingefuehrte-festtag\/#primaryimage\",\"url\":\"https:\/\/blog.holyart.it\/de\/wp-content\/uploads\/sites\/12\/2025\/05\/Maria-Mutter-der-Kirche.jpg\",\"contentUrl\":\"https:\/\/blog.holyart.it\/de\/wp-content\/uploads\/sites\/12\/2025\/05\/Maria-Mutter-der-Kirche.jpg\",\"width\":1000,\"height\":666,\"caption\":\"Maria, Mutter der Kirche\"},{\"@type\":\"BreadcrumbList\",\"@id\":\"https:\/\/blog.holyart.it\/de\/devotionalien\/maria-mutter-der-kirche-der-von-papst-franziskus-eingefuehrte-festtag\/#breadcrumb\",\"itemListElement\":[{\"@type\":\"ListItem\",\"position\":1,\"name\":\"Homepage\",\"item\":\"https:\/\/blog.holyart.it\/de\/\"},{\"@type\":\"ListItem\",\"position\":2,\"name\":\"Religion\",\"item\":\"https:\/\/blog.holyart.it\/de\/devotionalien\/\"},{\"@type\":\"ListItem\",\"position\":3,\"name\":\"Maria, Mutter der Kirche: der von Papst Franziskus eingef\u00fchrte Festtag\"}]},{\"@type\":\"WebSite\",\"@id\":\"https:\/\/blog.holyart.it\/de\/#website\",\"url\":\"https:\/\/blog.holyart.it\/de\/\",\"name\":\"Holyart.de Blog\",\"description\":\"Holyblog\",\"publisher\":{\"@id\":\"https:\/\/blog.holyart.it\/de\/#organization\"},\"potentialAction\":[{\"@type\":\"SearchAction\",\"target\":{\"@type\":\"EntryPoint\",\"urlTemplate\":\"https:\/\/blog.holyart.it\/de\/?s={search_term_string}\"},\"query-input\":{\"@type\":\"PropertyValueSpecification\",\"valueRequired\":true,\"valueName\":\"search_term_string\"}}],\"inLanguage\":\"de\"},{\"@type\":\"Organization\",\"@id\":\"https:\/\/blog.holyart.it\/de\/#organization\",\"name\":\"Holyart.de Blog\",\"url\":\"https:\/\/blog.holyart.it\/de\/\",\"logo\":{\"@type\":\"ImageObject\",\"inLanguage\":\"de\",\"@id\":\"https:\/\/blog.holyart.it\/de\/#\/schema\/logo\/image\/\",\"url\":\"https:\/\/blog.holyart.it\/de\/wp-content\/uploads\/sites\/12\/2022\/12\/Holyart_Blog_Logo.jpg\",\"contentUrl\":\"https:\/\/blog.holyart.it\/de\/wp-content\/uploads\/sites\/12\/2022\/12\/Holyart_Blog_Logo.jpg\",\"width\":300,\"height\":50,\"caption\":\"Holyart.de Blog\"},\"image\":{\"@id\":\"https:\/\/blog.holyart.it\/de\/#\/schema\/logo\/image\/\"}},{\"@type\":\"Person\",\"@id\":\"https:\/\/blog.holyart.it\/de\/#\/schema\/person\/0a7b686e5af0f856ec1e390dd0baecda\",\"name\":\"Redazione\",\"image\":{\"@type\":\"ImageObject\",\"inLanguage\":\"de\",\"@id\":\"https:\/\/blog.holyart.it\/de\/#\/schema\/person\/image\/\",\"url\":\"https:\/\/secure.gravatar.com\/avatar\/f477da817f43e50d0af36abecd33e3edf826c68299714bdc1057dff3b113f516?s=96&d=mm&r=g\",\"contentUrl\":\"https:\/\/secure.gravatar.com\/avatar\/f477da817f43e50d0af36abecd33e3edf826c68299714bdc1057dff3b113f516?s=96&d=mm&r=g\",\"caption\":\"Redazione\"}}]}<\/script>\n<!-- \/ Yoast SEO plugin. -->","yoast_head_json":{"title":"Maria, Mutter der Kirche: der von Papst Franziskus eingef\u00fchrte Festtag - Holyart.de Blog","description":"Am Montag nach Pfingsten feiert der r\u00f6mische Ritus Maria, die Mutter der Kirche. Wie es zu diesem Festtag kam, erkl\u00e4rt sich folgenderma\u00dfen","robots":{"index":"index","follow":"follow","max-snippet":"max-snippet:-1","max-image-preview":"max-image-preview:large","max-video-preview":"max-video-preview:-1"},"canonical":"https:\/\/blog.holyart.it\/de\/devotionalien\/maria-mutter-der-kirche-der-von-papst-franziskus-eingefuehrte-festtag\/","og_locale":"de_DE","og_type":"article","og_title":"Maria, Mutter der Kirche: der von Papst Franziskus eingef\u00fchrte Festtag - Holyart.de Blog","og_description":"Am Montag nach Pfingsten feiert der r\u00f6mische Ritus Maria, die Mutter der Kirche. Wie es zu diesem Festtag kam, erkl\u00e4rt sich folgenderma\u00dfen","og_url":"https:\/\/blog.holyart.it\/de\/devotionalien\/maria-mutter-der-kirche-der-von-papst-franziskus-eingefuehrte-festtag\/","og_site_name":"Holyart.de Blog","article_published_time":"2025-06-23T08:00:39+00:00","og_image":[{"width":1000,"height":666,"url":"https:\/\/blog.holyart.it\/de\/wp-content\/uploads\/sites\/12\/2025\/05\/Maria-Mutter-der-Kirche.jpg","type":"image\/jpeg"}],"author":"Redazione","twitter_card":"summary_large_image","twitter_misc":{"Verfasst von":"Redazione","Gesch\u00e4tzte Lesezeit":"9\u00a0Minuten"},"schema":{"@context":"https:\/\/schema.org","@graph":[{"@type":"Article","@id":"https:\/\/blog.holyart.it\/de\/devotionalien\/maria-mutter-der-kirche-der-von-papst-franziskus-eingefuehrte-festtag\/#article","isPartOf":{"@id":"https:\/\/blog.holyart.it\/de\/devotionalien\/maria-mutter-der-kirche-der-von-papst-franziskus-eingefuehrte-festtag\/"},"author":{"name":"Redazione","@id":"https:\/\/blog.holyart.it\/de\/#\/schema\/person\/0a7b686e5af0f856ec1e390dd0baecda"},"headline":"Maria, Mutter der Kirche: der von Papst Franziskus eingef\u00fchrte Festtag","datePublished":"2025-06-23T08:00:39+00:00","mainEntityOfPage":{"@id":"https:\/\/blog.holyart.it\/de\/devotionalien\/maria-mutter-der-kirche-der-von-papst-franziskus-eingefuehrte-festtag\/"},"wordCount":1321,"publisher":{"@id":"https:\/\/blog.holyart.it\/de\/#organization"},"image":{"@id":"https:\/\/blog.holyart.it\/de\/devotionalien\/maria-mutter-der-kirche-der-von-papst-franziskus-eingefuehrte-festtag\/#primaryimage"},"thumbnailUrl":"https:\/\/blog.holyart.it\/de\/wp-content\/uploads\/sites\/12\/2025\/05\/Maria-Mutter-der-Kirche.jpg","articleSection":["Religion"],"inLanguage":"de"},{"@type":"WebPage","@id":"https:\/\/blog.holyart.it\/de\/devotionalien\/maria-mutter-der-kirche-der-von-papst-franziskus-eingefuehrte-festtag\/","url":"https:\/\/blog.holyart.it\/de\/devotionalien\/maria-mutter-der-kirche-der-von-papst-franziskus-eingefuehrte-festtag\/","name":"Maria, Mutter der Kirche: der von Papst Franziskus eingef\u00fchrte Festtag - Holyart.de Blog","isPartOf":{"@id":"https:\/\/blog.holyart.it\/de\/#website"},"primaryImageOfPage":{"@id":"https:\/\/blog.holyart.it\/de\/devotionalien\/maria-mutter-der-kirche-der-von-papst-franziskus-eingefuehrte-festtag\/#primaryimage"},"image":{"@id":"https:\/\/blog.holyart.it\/de\/devotionalien\/maria-mutter-der-kirche-der-von-papst-franziskus-eingefuehrte-festtag\/#primaryimage"},"thumbnailUrl":"https:\/\/blog.holyart.it\/de\/wp-content\/uploads\/sites\/12\/2025\/05\/Maria-Mutter-der-Kirche.jpg","datePublished":"2025-06-23T08:00:39+00:00","description":"Am Montag nach Pfingsten feiert der r\u00f6mische Ritus Maria, die Mutter der Kirche. Wie es zu diesem Festtag kam, erkl\u00e4rt sich folgenderma\u00dfen","breadcrumb":{"@id":"https:\/\/blog.holyart.it\/de\/devotionalien\/maria-mutter-der-kirche-der-von-papst-franziskus-eingefuehrte-festtag\/#breadcrumb"},"inLanguage":"de","potentialAction":[{"@type":"ReadAction","target":["https:\/\/blog.holyart.it\/de\/devotionalien\/maria-mutter-der-kirche-der-von-papst-franziskus-eingefuehrte-festtag\/"]}]},{"@type":"ImageObject","inLanguage":"de","@id":"https:\/\/blog.holyart.it\/de\/devotionalien\/maria-mutter-der-kirche-der-von-papst-franziskus-eingefuehrte-festtag\/#primaryimage","url":"https:\/\/blog.holyart.it\/de\/wp-content\/uploads\/sites\/12\/2025\/05\/Maria-Mutter-der-Kirche.jpg","contentUrl":"https:\/\/blog.holyart.it\/de\/wp-content\/uploads\/sites\/12\/2025\/05\/Maria-Mutter-der-Kirche.jpg","width":1000,"height":666,"caption":"Maria, Mutter der Kirche"},{"@type":"BreadcrumbList","@id":"https:\/\/blog.holyart.it\/de\/devotionalien\/maria-mutter-der-kirche-der-von-papst-franziskus-eingefuehrte-festtag\/#breadcrumb","itemListElement":[{"@type":"ListItem","position":1,"name":"Homepage","item":"https:\/\/blog.holyart.it\/de\/"},{"@type":"ListItem","position":2,"name":"Religion","item":"https:\/\/blog.holyart.it\/de\/devotionalien\/"},{"@type":"ListItem","position":3,"name":"Maria, Mutter der Kirche: der von Papst Franziskus eingef\u00fchrte Festtag"}]},{"@type":"WebSite","@id":"https:\/\/blog.holyart.it\/de\/#website","url":"https:\/\/blog.holyart.it\/de\/","name":"Holyart.de Blog","description":"Holyblog","publisher":{"@id":"https:\/\/blog.holyart.it\/de\/#organization"},"potentialAction":[{"@type":"SearchAction","target":{"@type":"EntryPoint","urlTemplate":"https:\/\/blog.holyart.it\/de\/?s={search_term_string}"},"query-input":{"@type":"PropertyValueSpecification","valueRequired":true,"valueName":"search_term_string"}}],"inLanguage":"de"},{"@type":"Organization","@id":"https:\/\/blog.holyart.it\/de\/#organization","name":"Holyart.de Blog","url":"https:\/\/blog.holyart.it\/de\/","logo":{"@type":"ImageObject","inLanguage":"de","@id":"https:\/\/blog.holyart.it\/de\/#\/schema\/logo\/image\/","url":"https:\/\/blog.holyart.it\/de\/wp-content\/uploads\/sites\/12\/2022\/12\/Holyart_Blog_Logo.jpg","contentUrl":"https:\/\/blog.holyart.it\/de\/wp-content\/uploads\/sites\/12\/2022\/12\/Holyart_Blog_Logo.jpg","width":300,"height":50,"caption":"Holyart.de Blog"},"image":{"@id":"https:\/\/blog.holyart.it\/de\/#\/schema\/logo\/image\/"}},{"@type":"Person","@id":"https:\/\/blog.holyart.it\/de\/#\/schema\/person\/0a7b686e5af0f856ec1e390dd0baecda","name":"Redazione","image":{"@type":"ImageObject","inLanguage":"de","@id":"https:\/\/blog.holyart.it\/de\/#\/schema\/person\/image\/","url":"https:\/\/secure.gravatar.com\/avatar\/f477da817f43e50d0af36abecd33e3edf826c68299714bdc1057dff3b113f516?s=96&d=mm&r=g","contentUrl":"https:\/\/secure.gravatar.com\/avatar\/f477da817f43e50d0af36abecd33e3edf826c68299714bdc1057dff3b113f516?s=96&d=mm&r=g","caption":"Redazione"}}]}},"_links":{"self":[{"href":"https:\/\/blog.holyart.it\/de\/wp-json\/wp\/v2\/posts\/6237","targetHints":{"allow":["GET"]}}],"collection":[{"href":"https:\/\/blog.holyart.it\/de\/wp-json\/wp\/v2\/posts"}],"about":[{"href":"https:\/\/blog.holyart.it\/de\/wp-json\/wp\/v2\/types\/post"}],"author":[{"embeddable":true,"href":"https:\/\/blog.holyart.it\/de\/wp-json\/wp\/v2\/users\/1"}],"replies":[{"embeddable":true,"href":"https:\/\/blog.holyart.it\/de\/wp-json\/wp\/v2\/comments?post=6237"}],"version-history":[{"count":9,"href":"https:\/\/blog.holyart.it\/de\/wp-json\/wp\/v2\/posts\/6237\/revisions"}],"predecessor-version":[{"id":6251,"href":"https:\/\/blog.holyart.it\/de\/wp-json\/wp\/v2\/posts\/6237\/revisions\/6251"}],"wp:featuredmedia":[{"embeddable":true,"href":"https:\/\/blog.holyart.it\/de\/wp-json\/wp\/v2\/media\/6238"}],"wp:attachment":[{"href":"https:\/\/blog.holyart.it\/de\/wp-json\/wp\/v2\/media?parent=6237"}],"wp:term":[{"taxonomy":"category","embeddable":true,"href":"https:\/\/blog.holyart.it\/de\/wp-json\/wp\/v2\/categories?post=6237"},{"taxonomy":"post_tag","embeddable":true,"href":"https:\/\/blog.holyart.it\/de\/wp-json\/wp\/v2\/tags?post=6237"}],"curies":[{"name":"wp","href":"https:\/\/api.w.org\/{rel}","templated":true}]}}