{"id":6169,"date":"2025-05-08T10:00:42","date_gmt":"2025-05-08T08:00:42","guid":{"rendered":"https:\/\/blog.holyart.it\/de\/?p=6169"},"modified":"2025-05-07T11:40:48","modified_gmt":"2025-05-07T09:40:48","slug":"20-fakten-ueber-papst-franziskus","status":"publish","type":"post","link":"https:\/\/blog.holyart.it\/de\/besondere-anlassen\/20-fakten-ueber-papst-franziskus\/","title":{"rendered":"20 Fakten \u00fcber Papst Franziskus"},"content":{"rendered":"<h4>Informationen \u00fcber Papst Franziskus, Kuriosit\u00e4ten und besondere Momente seines Pontifikats. Ein Papst, der sich ungemein beliebt gemacht hat und den wir nie vergessen werden<\/h4>\n<p>Es gibt Menschen, die einen so tiefen Eindruck im Gef\u00fcge der Geschichte hinterlassen, dass sie die Welt durch ihre blo\u00dfe Anwesenheit zu einem besseren Ort machen. <strong>Jorge Mario Bergoglio<\/strong>, der der Welt als <a href=\"https:\/\/www.holyart.de\/besondere-anlasse\/papst-franziskus?page=1\"><strong>Papst Franziskus<\/strong><\/a> bekannt ist, war eine dieser seltenen erleuchteten Seelen. Seine irdische Reise hat eine unausl\u00f6schliche Furche in die Herzen von Gl\u00e4ubigen und Nicht-Gl\u00e4ubigen gleicherma\u00dfen gezogen und uns daran erinnert, dass wahre Gr\u00f6\u00dfe in Einfachheit und Authentizit\u00e4t liegt. Wenn wir \u00fcber sein au\u00dfergew\u00f6hnliches Verm\u00e4chtnis nachdenken, wird deutlich, wie wertvoll seine Anwesenheit f\u00fcr die <strong>gesamte Menschheit<\/strong> war. Er war nicht nur ein spiritueller F\u00fchrer, sondern ein <strong>Vorbild an Spiritualit\u00e4t und Menschlichkeit i<\/strong>n turbulenten Zeiten, eine <strong>Stimme der Weisheit<\/strong>, als die Welt ihren moralischen Kompass zu verlieren schien. <strong>Seine F\u00e4higkeit, die Herzen der Menschen anzusprechen<\/strong>, <strong>\u00fcber die Unterschiede hinwegzusehen und die Menschheit in ihrer Gesamtheit zu umarmen<\/strong>, war eine lebendige Lektion darin, was es bedeutet, wirklich \u201euniversell\u201c zu sein. Jedes Detail seines Lebens, jede Geste, jedes Wort, das er sprach, war eine Lektion, die uns weiterhin leiten wird. Diese Erinnerungen zu bewahren und weiterzugeben, Informationen \u00fcber Papst Franziskus zu verbreiten und zu pflegen, auch mit Zuneigung, ist nicht nur ein Akt des Gedenkens, sondern eine moralische Pflicht gegen\u00fcber den k\u00fcnftigen Generationen, damit sie verstehen, wie ein Mann mit der Kraft seiner Demut und seines Glaubens so viele Leben ber\u00fchren und ver\u00e4ndern konnte.<\/p>\n<div class=\"link-product\">\n<div class=\"blocco-immagine\"><img loading=\"lazy\" decoding=\"async\" class=\"alignnone size-full wp-image-6172\" src=\"https:\/\/blog.holyart.it\/de\/wp-content\/uploads\/sites\/12\/2025\/05\/Papst-Franziskus.jpg\" alt=\"Papst Franziskus\" width=\"100\" height=\"100\" data-kale-share-title=\"20 Fakten \u00fcber Papst Franziskus\" data-kale-share-url=\"https:\/\/blog.holyart.it\/de\/?p=6169\" \/><\/div>\n<div class=\"blocco-contenuto\">\n<div class=\"blocco-acquista\">Einkaufen:<\/div>\n<div class=\"blocco-titolo\"><a href=\"https:\/\/www.holyart.de\/besondere-anlasse\/papst-franziskus?page=1\">Papst Franziskus<\/a><\/div>\n<div class=\"blocco-descrizione\">Diese Produktkategorie ist Jorge Mario Bergoglio gewidmet.<\/div>\n<\/div>\n<\/div>\n<p>Blicken wir gemeinsam auf <strong>zwanzig Momente und Kuriosit\u00e4ten<\/strong> zur\u00fcck, die seinen irdischen Weg einzigartig und unvergesslich gemacht haben:<\/p>\n<ol>\n<li>Er war der erste Papst <strong>aus Lateinamerika<\/strong> und brachte daher nicht nur die Frische eines neuen Kontinents mit, sondern auch ein tiefes Verst\u00e4ndnis f\u00fcr die Herausforderungen der Entwicklungsl\u00e4nder. Seine Wahl im Jahr 2013 markierte den Beginn einer neuen \u00c4ra f\u00fcr die Kirche.<\/li>\n<li>Die Wahl des Namens <strong>Franziskus<\/strong> war revolution\u00e4r: Kein Papst vor ihm hatte es je gewagt, den Namen des Heiligen von Assisi anzunehmen, da er bef\u00fcrchtete, diesem geistlichen Erbe nicht gerecht zu werden. Seine Demut erm\u00f6glichte ihm diese mutige Entscheidung.<\/li>\n<li>Er entschied sich, in einer einfachen Wohnung in der <strong>Casa Santa Marta<\/strong> zu leben und lehnte die p\u00e4pstlichen Wohnungen im Apostolischen Palast ab. Diese Geste der Demut beeindruckte die Gl\u00e4ubigen zutiefst und war ein weiterer Beweis daf\u00fcr, dass Einfachheit f\u00fcr ihn nicht nur ein Wort, sondern eine Lebensweise war.<\/li>\n<li>Als junger Mann arbeitete er als <strong>Rausschmei\u00dfer in einem Nachtclub in Buenos Aires<\/strong>, ein Detail aus seinem Leben, das er immer mit einem L\u00e4cheln erz\u00e4hlte und das zeigt, wie jede Erfahrung zum geistlichen Weg beitragen kann.<\/li>\n<li>Er war ein <strong>gro\u00dfer Fan des Tangos<\/strong> (den er mit seiner Freundin tanzte&#8230;) und der <strong>Literatur<\/strong>, insbesondere von Dostojewski und Borges. Seine Kultur reichte weit \u00fcber die Grenzen der Theologie hinaus und bereicherte seine Art, mit den Gl\u00e4ubigen zu kommunizieren.<\/li>\n<li>Er war der erste Papst, <strong>der die sozialen Medien aktiv nutzte<\/strong>, denn er wusste, wie wichtig es ist, junge Menschen \u00fcber die neuen Medien zu erreichen. Sein Twitter-Konto (heute X) @Pontifex wurde schnell zu einem Bezugspunkt f\u00fcr Millionen von Gl\u00e4ubigen.<\/li>\n<li><strong>Er liebte Fu\u00dfball<\/strong> und unterst\u00fctzte San Lorenzo, die Mannschaft von Buenos Aires. Diese Leidenschaft machte ihn in den Augen der Gl\u00e4ubigen noch menschlicher und zeigte, wie der Glaube mit irdischen Interessen koexistieren kann.<\/li>\n<li>W\u00e4hrend seines Pontifikats unternahm er <strong>mehr als 40 apostolische Reisen<\/strong> und erreichte dabei auch die entlegensten Orte der Erde. Seine unerm\u00fcdliche missionarische T\u00e4tigkeit trug die Botschaft der Kirche in jeden Winkel der Welt.<\/li>\n<li>Er war <strong>bekannt f\u00fcr seine Improvisationen bei \u00f6ffentlichen Audienzen<\/strong>. Oft lie\u00df er vorbereitete Reden hinter sich, um aus dem Herzen zu sprechen, was ihm Momente echter Verbundenheit mit den Gl\u00e4ubigen erm\u00f6glichte. Diese Improvisationen brachten viele Menschen zum Zittern!<\/li>\n<li>Er war der erste Papst, der <strong>einen Ford Focus als sein pers\u00f6nliches Auto<\/strong> w\u00e4hlte und die luxuri\u00f6sen Limousinen seiner Vorg\u00e4nger ablehnte. Diese Geste symbolisierte sein Engagement f\u00fcr eine n\u00fcchterne Kirche.<\/li>\n<li>Er sprach flie\u00dfend <strong>Spanisch, Italienisch und Deutsch<\/strong> und verstand Latein, Portugiesisch und Englisch. Diese Sprachkenntnisse erm\u00f6glichten es ihm, direkt mit Gl\u00e4ubigen verschiedener Nationalit\u00e4ten zu kommunizieren.<\/li>\n<li>Bevor er ins Priesterseminar eintrat, hatte er ein <strong>Diplom als Chemieexperte<\/strong>, und dieser wissenschaftliche Hintergrund beeinflusste seinen pragmatischen Ansatz in vielen Fragen.<\/li>\n<li>Er war der erste Papst, der am 24. Mai 2015 eine <strong>Umweltenzyklika<\/strong>, <em>Laudato Si&#8216;<\/em>, ver\u00f6ffentlichte und damit seine au\u00dfergew\u00f6hnliche Sensibilit\u00e4t f\u00fcr \u00f6kologische Fragen und die Zukunft des Planeten unter Beweis stellte, aber auch seine Verbundenheit mit der Figur des hl. Franz von Assisi, der das <em>Hohelied<\/em> schrieb.<\/li>\n<li>Er hatte eine besondere Verehrung f\u00fcr <strong>Maria, <em>die die Knoten l\u00f6st<\/em><\/strong>, ein Bild, das er w\u00e4hrend seines Studiums in Deutschland entdeckte und das er in der ganzen Welt verbreitete.<\/li>\n<li>Er pflegte einfache Leute, die ihm Briefe schrieben, <strong>pers\u00f6nlich anzurufen<\/strong>. Diese unerwarteten Anrufe l\u00f6sten bei denen, die sie erhielten, Momente des Erstaunens und der Freude aus.<\/li>\n<li>Wie Papst Benedikt XVI. besuchte er <strong>die Blaue Moschee in Istanbul<\/strong> und <strong>betete an der Klagemauer in Jerusalem<\/strong>, wie auch der heilige Wojtyla, was ein au\u00dfergew\u00f6hnliches Engagement f\u00fcr den interreligi\u00f6sen Dialog beweist.<\/li>\n<li><strong>Er liebte es zu kochen<\/strong> und bereitete in seiner Jugend oft Mahlzeiten f\u00fcr seine Jesuitenbr\u00fcder zu. Seine Leidenschaft f\u00fcrs Kochen spiegelte seine Liebe zum Teilen und zur Gemeinschaft wider.<\/li>\n<li>Seit Beginn seines Pontifikats (13. M\u00e4rz 2013) <strong>hat er mehr als 900 Heilige heiliggesprochen<\/strong>, darunter Mutter Teresa von Kalkutta, was zeigt, dass ihm Pers\u00f6nlichkeiten, die ihr Leben in den Dienst der Geringsten gestellt haben, besonders am Herzen liegen.<\/li>\n<li>Er war bekannt f\u00fcr <strong>seinen Sinn f\u00fcr Humor und seine F\u00e4higkeit, \u00fcber sich selbst zu lachen<\/strong>, Eigenschaften, die ihn auch bei Nichtgl\u00e4ubigen besonders beliebt machten.<\/li>\n<li>Er revolutionierte den Umgang der Kirche mit <strong>komplexen Themen<\/strong> wie Ehescheidung, Homosexualit\u00e4t und Umwelt, indem er Debatten er\u00f6ffnete, die zuvor als Tabu galten.<\/li>\n<\/ol>\n<div class=\"link-product\">\n<div class=\"blocco-immagine\"><img loading=\"lazy\" decoding=\"async\" class=\"alignnone size-full wp-image-6174\" src=\"https:\/\/blog.holyart.it\/de\/wp-content\/uploads\/sites\/12\/2025\/05\/rosenkranz-amen-silber-und-graue-kristalle-papst-franziskus.jpg\" alt=\"rosenkranz amen silber und graue kristalle papst franziskus\" width=\"100\" height=\"100\" data-kale-share-title=\"20 Fakten \u00fcber Papst Franziskus\" data-kale-share-url=\"https:\/\/blog.holyart.it\/de\/?p=6169\" \/><\/div>\n<div class=\"blocco-contenuto\">\n<div class=\"blocco-acquista\">Einkaufen:<\/div>\n<div class=\"blocco-titolo\"><a href=\"https:\/\/www.holyart.de\/devotionalien\/schmuck\/rosenkranze-aus-silber\/rosenkranz-amen-silber-und-graue-kristalle-papst-franziskus?_gl=1*354uq3*_gcl_au*MTE2NzY0MDAzNy4xNzQxNjEzNTY0*_ga*MTQ4NzE4MjM0Mi4xNjk0Nzg4MTQz*_ga_W18MV136NH*czE3NDY2MDI4NjgkbzExNTIkZzEkdDE3NDY2MDMxNjYkajAkbDAkaDgyNDE2NTYxMQ..*_fplc*VEF6VVNSJTJCaG9vdHo1TEZkUkNhaSUyRkY2VFlhWjFqUVhVR3A2RjZidHFpNjRXcVJJYSUyQjJuSTgwZ05QTlNjQ0NGVTJGNEd0Y2VCd2hVN1dqUFEzOVFjZ2lCUkwyQ09QdFJxVURDSlZuSkJIdFBqNkNTRSUyQkZnOGJZbSUyQlBZMU4xQSUzRCUzRA..\">Rosenkranz AMEN Silber und graue Kristalle Papst Franziskus<\/a><\/div>\n<div class=\"blocco-descrizione\">Aus Silber geschaffter Rosenkranz mit 2 mm Kristallgranen. Auf dem Zwischenst\u00fcck steht ein Bild vom Papst Franziskus.<\/div>\n<\/div>\n<\/div>\n<p>Sein Pontifikat stellte f\u00fcr die katholische Kirche einen Moment <strong>tiefgreifender Erneuerung<\/strong> dar, der durch symbolische Gesten von gro\u00dfer Wirkung und st\u00e4ndige Aufmerksamkeit f\u00fcr die Geringsten gekennzeichnet war. Sein geistliches Verm\u00e4chtnis lebt in den Herzen von Millionen von Menschen, Gl\u00e4ubigen und Nicht-Gl\u00e4ubigen, weiter, die in ihm nicht nur einen geistlichen F\u00fchrer, sondern auch ein Beispiel f\u00fcr echte und tiefe Menschlichkeit sahen.<\/p>\n<p>Sein Tod hinterl\u00e4sst eine un\u00fcberbr\u00fcckbare L\u00fccke, aber auch ein Verm\u00e4chtnis, das reich an Lehren und Beispielen ist, die Menschen auf der ganzen Welt weiterhin inspirieren. Seine Botschaft der Barmherzigkeit, der Demut und der F\u00fcrsorge f\u00fcr die Geringsten bleibt ein Vorbild f\u00fcr alle und eine Einladung f\u00fcr k\u00fcnftige Generationen.<\/p>\n","protected":false},"excerpt":{"rendered":"<p>Informationen \u00fcber Papst Franziskus, Kuriosit\u00e4ten und besondere Momente seines Pontifikats. Ein Papst, der sich ungemein beliebt gemacht hat und den wir nie vergessen werden Es gibt Menschen, die einen so tiefen Eindruck im Gef\u00fcge der Geschichte hinterlassen, dass sie die Welt durch ihre blo\u00dfe Anwesenheit&hellip;<\/p>\n","protected":false},"author":1,"featured_media":6170,"comment_status":"closed","ping_status":"open","sticky":false,"template":"","format":"standard","meta":{"_acf_changed":false,"footnotes":""},"categories":[14],"tags":[],"class_list":["post-6169","post","type-post","status-publish","format-standard","has-post-thumbnail","hentry","category-besondere-anlassen"],"acf":[],"yoast_head":"<!-- This site is optimized with the Yoast SEO plugin v26.6 - https:\/\/yoast.com\/wordpress\/plugins\/seo\/ -->\n<title>20 Fakten \u00fcber Papst Franziskus - Holyart.de Blog<\/title>\n<meta name=\"description\" content=\"Informationen \u00fcber Papst Franziskus, Kuriosit\u00e4ten und besondere Momente seines Pontifikats. Ein Papst, der sich ungemein beliebt gemacht hat und den wir nie vergessen werden\" \/>\n<meta name=\"robots\" content=\"index, follow, max-snippet:-1, max-image-preview:large, max-video-preview:-1\" \/>\n<link rel=\"canonical\" href=\"https:\/\/blog.holyart.it\/de\/besondere-anlassen\/20-fakten-ueber-papst-franziskus\/\" \/>\n<meta property=\"og:locale\" content=\"de_DE\" \/>\n<meta property=\"og:type\" content=\"article\" \/>\n<meta property=\"og:title\" content=\"20 Fakten \u00fcber Papst Franziskus - Holyart.de Blog\" \/>\n<meta property=\"og:description\" content=\"Informationen \u00fcber Papst Franziskus, Kuriosit\u00e4ten und besondere Momente seines Pontifikats. Ein Papst, der sich ungemein beliebt gemacht hat und den wir nie vergessen werden\" \/>\n<meta property=\"og:url\" content=\"https:\/\/blog.holyart.it\/de\/besondere-anlassen\/20-fakten-ueber-papst-franziskus\/\" \/>\n<meta property=\"og:site_name\" content=\"Holyart.de Blog\" \/>\n<meta property=\"article:published_time\" content=\"2025-05-08T08:00:42+00:00\" \/>\n<meta property=\"og:image\" content=\"https:\/\/blog.holyart.it\/de\/wp-content\/uploads\/sites\/12\/2025\/05\/20-Fakten-ueber-Papst-Franziskus.jpg\" \/>\n\t<meta property=\"og:image:width\" content=\"1000\" \/>\n\t<meta property=\"og:image:height\" content=\"666\" \/>\n\t<meta property=\"og:image:type\" content=\"image\/jpeg\" \/>\n<meta name=\"author\" content=\"Redazione\" \/>\n<meta name=\"twitter:card\" content=\"summary_large_image\" \/>\n<meta name=\"twitter:label1\" content=\"Verfasst von\" \/>\n\t<meta name=\"twitter:data1\" content=\"Redazione\" \/>\n\t<meta name=\"twitter:label2\" content=\"Gesch\u00e4tzte Lesezeit\" \/>\n\t<meta name=\"twitter:data2\" content=\"7\u00a0Minuten\" \/>\n<script type=\"application\/ld+json\" class=\"yoast-schema-graph\">{\"@context\":\"https:\/\/schema.org\",\"@graph\":[{\"@type\":\"Article\",\"@id\":\"https:\/\/blog.holyart.it\/de\/besondere-anlassen\/20-fakten-ueber-papst-franziskus\/#article\",\"isPartOf\":{\"@id\":\"https:\/\/blog.holyart.it\/de\/besondere-anlassen\/20-fakten-ueber-papst-franziskus\/\"},\"author\":{\"name\":\"Redazione\",\"@id\":\"https:\/\/blog.holyart.it\/de\/#\/schema\/person\/0a7b686e5af0f856ec1e390dd0baecda\"},\"headline\":\"20 Fakten \u00fcber Papst Franziskus\",\"datePublished\":\"2025-05-08T08:00:42+00:00\",\"mainEntityOfPage\":{\"@id\":\"https:\/\/blog.holyart.it\/de\/besondere-anlassen\/20-fakten-ueber-papst-franziskus\/\"},\"wordCount\":1185,\"publisher\":{\"@id\":\"https:\/\/blog.holyart.it\/de\/#organization\"},\"image\":{\"@id\":\"https:\/\/blog.holyart.it\/de\/besondere-anlassen\/20-fakten-ueber-papst-franziskus\/#primaryimage\"},\"thumbnailUrl\":\"https:\/\/blog.holyart.it\/de\/wp-content\/uploads\/sites\/12\/2025\/05\/20-Fakten-ueber-Papst-Franziskus.jpg\",\"articleSection\":[\"Besondere Anl\u00e4ssen\"],\"inLanguage\":\"de\"},{\"@type\":\"WebPage\",\"@id\":\"https:\/\/blog.holyart.it\/de\/besondere-anlassen\/20-fakten-ueber-papst-franziskus\/\",\"url\":\"https:\/\/blog.holyart.it\/de\/besondere-anlassen\/20-fakten-ueber-papst-franziskus\/\",\"name\":\"20 Fakten \u00fcber Papst Franziskus - Holyart.de Blog\",\"isPartOf\":{\"@id\":\"https:\/\/blog.holyart.it\/de\/#website\"},\"primaryImageOfPage\":{\"@id\":\"https:\/\/blog.holyart.it\/de\/besondere-anlassen\/20-fakten-ueber-papst-franziskus\/#primaryimage\"},\"image\":{\"@id\":\"https:\/\/blog.holyart.it\/de\/besondere-anlassen\/20-fakten-ueber-papst-franziskus\/#primaryimage\"},\"thumbnailUrl\":\"https:\/\/blog.holyart.it\/de\/wp-content\/uploads\/sites\/12\/2025\/05\/20-Fakten-ueber-Papst-Franziskus.jpg\",\"datePublished\":\"2025-05-08T08:00:42+00:00\",\"description\":\"Informationen \u00fcber Papst Franziskus, Kuriosit\u00e4ten und besondere Momente seines Pontifikats. Ein Papst, der sich ungemein beliebt gemacht hat und den wir nie vergessen werden\",\"breadcrumb\":{\"@id\":\"https:\/\/blog.holyart.it\/de\/besondere-anlassen\/20-fakten-ueber-papst-franziskus\/#breadcrumb\"},\"inLanguage\":\"de\",\"potentialAction\":[{\"@type\":\"ReadAction\",\"target\":[\"https:\/\/blog.holyart.it\/de\/besondere-anlassen\/20-fakten-ueber-papst-franziskus\/\"]}]},{\"@type\":\"ImageObject\",\"inLanguage\":\"de\",\"@id\":\"https:\/\/blog.holyart.it\/de\/besondere-anlassen\/20-fakten-ueber-papst-franziskus\/#primaryimage\",\"url\":\"https:\/\/blog.holyart.it\/de\/wp-content\/uploads\/sites\/12\/2025\/05\/20-Fakten-ueber-Papst-Franziskus.jpg\",\"contentUrl\":\"https:\/\/blog.holyart.it\/de\/wp-content\/uploads\/sites\/12\/2025\/05\/20-Fakten-ueber-Papst-Franziskus.jpg\",\"width\":1000,\"height\":666,\"caption\":\"20 Fakten \u00fcber Papst Franziskus\"},{\"@type\":\"BreadcrumbList\",\"@id\":\"https:\/\/blog.holyart.it\/de\/besondere-anlassen\/20-fakten-ueber-papst-franziskus\/#breadcrumb\",\"itemListElement\":[{\"@type\":\"ListItem\",\"position\":1,\"name\":\"Homepage\",\"item\":\"https:\/\/blog.holyart.it\/de\/\"},{\"@type\":\"ListItem\",\"position\":2,\"name\":\"Besondere Anl\u00e4ssen\",\"item\":\"https:\/\/blog.holyart.it\/de\/besondere-anlassen\/\"},{\"@type\":\"ListItem\",\"position\":3,\"name\":\"20 Fakten \u00fcber Papst Franziskus\"}]},{\"@type\":\"WebSite\",\"@id\":\"https:\/\/blog.holyart.it\/de\/#website\",\"url\":\"https:\/\/blog.holyart.it\/de\/\",\"name\":\"Holyart.de Blog\",\"description\":\"Holyblog\",\"publisher\":{\"@id\":\"https:\/\/blog.holyart.it\/de\/#organization\"},\"potentialAction\":[{\"@type\":\"SearchAction\",\"target\":{\"@type\":\"EntryPoint\",\"urlTemplate\":\"https:\/\/blog.holyart.it\/de\/?s={search_term_string}\"},\"query-input\":{\"@type\":\"PropertyValueSpecification\",\"valueRequired\":true,\"valueName\":\"search_term_string\"}}],\"inLanguage\":\"de\"},{\"@type\":\"Organization\",\"@id\":\"https:\/\/blog.holyart.it\/de\/#organization\",\"name\":\"Holyart.de Blog\",\"url\":\"https:\/\/blog.holyart.it\/de\/\",\"logo\":{\"@type\":\"ImageObject\",\"inLanguage\":\"de\",\"@id\":\"https:\/\/blog.holyart.it\/de\/#\/schema\/logo\/image\/\",\"url\":\"https:\/\/blog.holyart.it\/de\/wp-content\/uploads\/sites\/12\/2022\/12\/Holyart_Blog_Logo.jpg\",\"contentUrl\":\"https:\/\/blog.holyart.it\/de\/wp-content\/uploads\/sites\/12\/2022\/12\/Holyart_Blog_Logo.jpg\",\"width\":300,\"height\":50,\"caption\":\"Holyart.de Blog\"},\"image\":{\"@id\":\"https:\/\/blog.holyart.it\/de\/#\/schema\/logo\/image\/\"}},{\"@type\":\"Person\",\"@id\":\"https:\/\/blog.holyart.it\/de\/#\/schema\/person\/0a7b686e5af0f856ec1e390dd0baecda\",\"name\":\"Redazione\",\"image\":{\"@type\":\"ImageObject\",\"inLanguage\":\"de\",\"@id\":\"https:\/\/blog.holyart.it\/de\/#\/schema\/person\/image\/\",\"url\":\"https:\/\/secure.gravatar.com\/avatar\/f477da817f43e50d0af36abecd33e3edf826c68299714bdc1057dff3b113f516?s=96&d=mm&r=g\",\"contentUrl\":\"https:\/\/secure.gravatar.com\/avatar\/f477da817f43e50d0af36abecd33e3edf826c68299714bdc1057dff3b113f516?s=96&d=mm&r=g\",\"caption\":\"Redazione\"}}]}<\/script>\n<!-- \/ Yoast SEO plugin. -->","yoast_head_json":{"title":"20 Fakten \u00fcber Papst Franziskus - Holyart.de Blog","description":"Informationen \u00fcber Papst Franziskus, Kuriosit\u00e4ten und besondere Momente seines Pontifikats. Ein Papst, der sich ungemein beliebt gemacht hat und den wir nie vergessen werden","robots":{"index":"index","follow":"follow","max-snippet":"max-snippet:-1","max-image-preview":"max-image-preview:large","max-video-preview":"max-video-preview:-1"},"canonical":"https:\/\/blog.holyart.it\/de\/besondere-anlassen\/20-fakten-ueber-papst-franziskus\/","og_locale":"de_DE","og_type":"article","og_title":"20 Fakten \u00fcber Papst Franziskus - Holyart.de Blog","og_description":"Informationen \u00fcber Papst Franziskus, Kuriosit\u00e4ten und besondere Momente seines Pontifikats. Ein Papst, der sich ungemein beliebt gemacht hat und den wir nie vergessen werden","og_url":"https:\/\/blog.holyart.it\/de\/besondere-anlassen\/20-fakten-ueber-papst-franziskus\/","og_site_name":"Holyart.de Blog","article_published_time":"2025-05-08T08:00:42+00:00","og_image":[{"width":1000,"height":666,"url":"https:\/\/blog.holyart.it\/de\/wp-content\/uploads\/sites\/12\/2025\/05\/20-Fakten-ueber-Papst-Franziskus.jpg","type":"image\/jpeg"}],"author":"Redazione","twitter_card":"summary_large_image","twitter_misc":{"Verfasst von":"Redazione","Gesch\u00e4tzte Lesezeit":"7\u00a0Minuten"},"schema":{"@context":"https:\/\/schema.org","@graph":[{"@type":"Article","@id":"https:\/\/blog.holyart.it\/de\/besondere-anlassen\/20-fakten-ueber-papst-franziskus\/#article","isPartOf":{"@id":"https:\/\/blog.holyart.it\/de\/besondere-anlassen\/20-fakten-ueber-papst-franziskus\/"},"author":{"name":"Redazione","@id":"https:\/\/blog.holyart.it\/de\/#\/schema\/person\/0a7b686e5af0f856ec1e390dd0baecda"},"headline":"20 Fakten \u00fcber Papst Franziskus","datePublished":"2025-05-08T08:00:42+00:00","mainEntityOfPage":{"@id":"https:\/\/blog.holyart.it\/de\/besondere-anlassen\/20-fakten-ueber-papst-franziskus\/"},"wordCount":1185,"publisher":{"@id":"https:\/\/blog.holyart.it\/de\/#organization"},"image":{"@id":"https:\/\/blog.holyart.it\/de\/besondere-anlassen\/20-fakten-ueber-papst-franziskus\/#primaryimage"},"thumbnailUrl":"https:\/\/blog.holyart.it\/de\/wp-content\/uploads\/sites\/12\/2025\/05\/20-Fakten-ueber-Papst-Franziskus.jpg","articleSection":["Besondere Anl\u00e4ssen"],"inLanguage":"de"},{"@type":"WebPage","@id":"https:\/\/blog.holyart.it\/de\/besondere-anlassen\/20-fakten-ueber-papst-franziskus\/","url":"https:\/\/blog.holyart.it\/de\/besondere-anlassen\/20-fakten-ueber-papst-franziskus\/","name":"20 Fakten \u00fcber Papst Franziskus - Holyart.de Blog","isPartOf":{"@id":"https:\/\/blog.holyart.it\/de\/#website"},"primaryImageOfPage":{"@id":"https:\/\/blog.holyart.it\/de\/besondere-anlassen\/20-fakten-ueber-papst-franziskus\/#primaryimage"},"image":{"@id":"https:\/\/blog.holyart.it\/de\/besondere-anlassen\/20-fakten-ueber-papst-franziskus\/#primaryimage"},"thumbnailUrl":"https:\/\/blog.holyart.it\/de\/wp-content\/uploads\/sites\/12\/2025\/05\/20-Fakten-ueber-Papst-Franziskus.jpg","datePublished":"2025-05-08T08:00:42+00:00","description":"Informationen \u00fcber Papst Franziskus, Kuriosit\u00e4ten und besondere Momente seines Pontifikats. Ein Papst, der sich ungemein beliebt gemacht hat und den wir nie vergessen werden","breadcrumb":{"@id":"https:\/\/blog.holyart.it\/de\/besondere-anlassen\/20-fakten-ueber-papst-franziskus\/#breadcrumb"},"inLanguage":"de","potentialAction":[{"@type":"ReadAction","target":["https:\/\/blog.holyart.it\/de\/besondere-anlassen\/20-fakten-ueber-papst-franziskus\/"]}]},{"@type":"ImageObject","inLanguage":"de","@id":"https:\/\/blog.holyart.it\/de\/besondere-anlassen\/20-fakten-ueber-papst-franziskus\/#primaryimage","url":"https:\/\/blog.holyart.it\/de\/wp-content\/uploads\/sites\/12\/2025\/05\/20-Fakten-ueber-Papst-Franziskus.jpg","contentUrl":"https:\/\/blog.holyart.it\/de\/wp-content\/uploads\/sites\/12\/2025\/05\/20-Fakten-ueber-Papst-Franziskus.jpg","width":1000,"height":666,"caption":"20 Fakten \u00fcber Papst Franziskus"},{"@type":"BreadcrumbList","@id":"https:\/\/blog.holyart.it\/de\/besondere-anlassen\/20-fakten-ueber-papst-franziskus\/#breadcrumb","itemListElement":[{"@type":"ListItem","position":1,"name":"Homepage","item":"https:\/\/blog.holyart.it\/de\/"},{"@type":"ListItem","position":2,"name":"Besondere Anl\u00e4ssen","item":"https:\/\/blog.holyart.it\/de\/besondere-anlassen\/"},{"@type":"ListItem","position":3,"name":"20 Fakten \u00fcber Papst Franziskus"}]},{"@type":"WebSite","@id":"https:\/\/blog.holyart.it\/de\/#website","url":"https:\/\/blog.holyart.it\/de\/","name":"Holyart.de Blog","description":"Holyblog","publisher":{"@id":"https:\/\/blog.holyart.it\/de\/#organization"},"potentialAction":[{"@type":"SearchAction","target":{"@type":"EntryPoint","urlTemplate":"https:\/\/blog.holyart.it\/de\/?s={search_term_string}"},"query-input":{"@type":"PropertyValueSpecification","valueRequired":true,"valueName":"search_term_string"}}],"inLanguage":"de"},{"@type":"Organization","@id":"https:\/\/blog.holyart.it\/de\/#organization","name":"Holyart.de Blog","url":"https:\/\/blog.holyart.it\/de\/","logo":{"@type":"ImageObject","inLanguage":"de","@id":"https:\/\/blog.holyart.it\/de\/#\/schema\/logo\/image\/","url":"https:\/\/blog.holyart.it\/de\/wp-content\/uploads\/sites\/12\/2022\/12\/Holyart_Blog_Logo.jpg","contentUrl":"https:\/\/blog.holyart.it\/de\/wp-content\/uploads\/sites\/12\/2022\/12\/Holyart_Blog_Logo.jpg","width":300,"height":50,"caption":"Holyart.de Blog"},"image":{"@id":"https:\/\/blog.holyart.it\/de\/#\/schema\/logo\/image\/"}},{"@type":"Person","@id":"https:\/\/blog.holyart.it\/de\/#\/schema\/person\/0a7b686e5af0f856ec1e390dd0baecda","name":"Redazione","image":{"@type":"ImageObject","inLanguage":"de","@id":"https:\/\/blog.holyart.it\/de\/#\/schema\/person\/image\/","url":"https:\/\/secure.gravatar.com\/avatar\/f477da817f43e50d0af36abecd33e3edf826c68299714bdc1057dff3b113f516?s=96&d=mm&r=g","contentUrl":"https:\/\/secure.gravatar.com\/avatar\/f477da817f43e50d0af36abecd33e3edf826c68299714bdc1057dff3b113f516?s=96&d=mm&r=g","caption":"Redazione"}}]}},"_links":{"self":[{"href":"https:\/\/blog.holyart.it\/de\/wp-json\/wp\/v2\/posts\/6169","targetHints":{"allow":["GET"]}}],"collection":[{"href":"https:\/\/blog.holyart.it\/de\/wp-json\/wp\/v2\/posts"}],"about":[{"href":"https:\/\/blog.holyart.it\/de\/wp-json\/wp\/v2\/types\/post"}],"author":[{"embeddable":true,"href":"https:\/\/blog.holyart.it\/de\/wp-json\/wp\/v2\/users\/1"}],"replies":[{"embeddable":true,"href":"https:\/\/blog.holyart.it\/de\/wp-json\/wp\/v2\/comments?post=6169"}],"version-history":[{"count":5,"href":"https:\/\/blog.holyart.it\/de\/wp-json\/wp\/v2\/posts\/6169\/revisions"}],"predecessor-version":[{"id":6177,"href":"https:\/\/blog.holyart.it\/de\/wp-json\/wp\/v2\/posts\/6169\/revisions\/6177"}],"wp:featuredmedia":[{"embeddable":true,"href":"https:\/\/blog.holyart.it\/de\/wp-json\/wp\/v2\/media\/6170"}],"wp:attachment":[{"href":"https:\/\/blog.holyart.it\/de\/wp-json\/wp\/v2\/media?parent=6169"}],"wp:term":[{"taxonomy":"category","embeddable":true,"href":"https:\/\/blog.holyart.it\/de\/wp-json\/wp\/v2\/categories?post=6169"},{"taxonomy":"post_tag","embeddable":true,"href":"https:\/\/blog.holyart.it\/de\/wp-json\/wp\/v2\/tags?post=6169"}],"curies":[{"name":"wp","href":"https:\/\/api.w.org\/{rel}","templated":true}]}}