{"id":6130,"date":"2025-05-28T10:00:03","date_gmt":"2025-05-28T08:00:03","guid":{"rendered":"https:\/\/blog.holyart.it\/de\/?p=6130"},"modified":"2025-05-06T09:21:41","modified_gmt":"2025-05-06T07:21:41","slug":"31-mai-mariae-heimsuchung","status":"publish","type":"post","link":"https:\/\/blog.holyart.it\/de\/devotionalien\/31-mai-mariae-heimsuchung\/","title":{"rendered":"31. Mai: Mari\u00e4 Heimsuchung"},"content":{"rendered":"<h4>Das Fest Mari\u00e4 Heimsuchung erinnert an einen grundlegenden Abschnitt der Heilsgeschichte. Die Begegnung zwischen Maria und ihrer Cousine Elisabeth markiert den Beginn der Verbreitung der Botschaft der Menschwerdung Gottes<\/h4>\n\n<p>Am 31. Mai, am Ende eines der Marienmonate schlechthin, feiern wir <strong>Mari\u00e4 Heimsuchung<\/strong>. Dieses Fest ist eines der <a href=\"https:\/\/www.holyart.de\/blog\/devotionalien\/marienfeste-hier-sind-alle-feste-des-jahres-die-maria-gewidmet-sind\/\"><strong>wichtigsten Marienfeste<\/strong><\/a><strong>,<\/strong> das jedes Jahr der Jungfrau gewidmet wird und an den Besuch der Jungfrau bei ihrer <strong>Cousine Elisabeth<\/strong> erinnert. Maria hatte vor Kurzem am <strong>Fest Mari\u00e4 Verk\u00fcndigung<\/strong>, am <strong>25. M\u00e4rz<\/strong>, Besuch vom Erzengel Gabriel erhalten, der ihr ihre bevorstehende Mutterschaft ank\u00fcndigte. Als Elisabeth ihrer Cousine gegen\u00fcberstand, die ihr diese wundersame Begegnung offenbart hatte, begr\u00fc\u00dfte sie sie als <strong>Mutter des Herrn<\/strong>, und das Kind, das sie in ihrem Leib trug und das <a href=\"https:\/\/www.holyart.de\/devotionalien\/statuen\/statuen-aus-resin-und-pvc\/statue-aus-harz-taufe-jesu-13-cm\"><strong>Johannes der T\u00e4ufer<\/strong><\/a>, der Vorl\u00e4ufer Christi, werden sollte, h\u00fcpfte vor Freude.<\/p>\n<div class=\"link-article\">\n<p><img loading=\"lazy\" decoding=\"async\" class=\"alignnone size-full wp-image-6133\" src=\"https:\/\/blog.holyart.it\/de\/wp-content\/uploads\/sites\/12\/2025\/05\/Marienfeste.jpg\" alt=\"Marienfeste\" width=\"150\" height=\"99\" data-kale-share-title=\"31. Mai: Mari\u00e4 Heimsuchung\" data-kale-share-url=\"https:\/\/blog.holyart.it\/de\/?p=6130\" \/><\/p>\n<div class=\"leggi-anche\">Lesen Sie auch:<\/div>\n<p><strong><a href=\"https:\/\/www.holyart.de\/blog\/devotionalien\/marienfeste-hier-sind-alle-feste-des-jahres-die-maria-gewidmet-sind\/\">Marienfeste: Hier sind alle Feste des Jahres, die Maria gewidmet sind<\/a><\/strong><br \/>\nMarienfeste, alle Gesichter der Verehrung von Maria, der Mutter Jesu<\/p>\n<\/div>\n<p>Das Fest Mari\u00e4 Heimsuchung wird auch <strong>Fest vom <a href=\"https:\/\/www.holyart.de\/devotionalien\/rosenkranze-und-rosenkranzetuis\/rosenkranze-von-ghirelli\/magnificat-rosalet-ghirelli-silber-verchromt\">Magnificat<\/a><\/strong> genannt, nach dem Lied im Lukasevangelium, in dem die Episode erz\u00e4hlt wird und Maria Gott daf\u00fcr dankt, dass er sie auserw\u00e4hlt und Israel aus der Sklaverei befreit hat. Hier ist das <em>Incipit<\/em>:<\/p>\n<p><em>Meine Seele preist den Herrn<\/em><\/p>\n<p><em>und mein Geist freut sich \u00fcber Gott, meinen Retter,<\/em><\/p>\n<p><em>weil er auf die Demut seines Dieners blickte.<\/em><\/p>\n<p><em>Von nun an werden mich alle Generationen selig preisen. (Lukas 1,46-48)<\/em><\/p>\n<p>Die Begegnung zwischen Maria und Elisabeth l\u00e4sst viele verschiedene Interpretationen zu und stellt in vielerlei Hinsicht einen <strong>Moment des \u00dcbergangs<\/strong> zwischen der Vergangenheit dar, die von der Erwartung des Messias, repr\u00e4sentiert durch Elisabeth, gepr\u00e4gt war, und dem Bewusstsein, dass die neue Zeit angebrochen ist und sich Gottes Plan bald erf\u00fcllen wird.<\/p>\n<div class=\"link-product\">\n<div class=\"blocco-immagine\"><img loading=\"lazy\" decoding=\"async\" class=\"alignnone size-full wp-image-6135\" src=\"https:\/\/blog.holyart.it\/de\/wp-content\/uploads\/sites\/12\/2025\/05\/Magnificat-Rosalet-Ghirelli-Silber-verchromt.jpg\" alt=\"Magnificat Rosalet Ghirelli Silber verchromt\" width=\"100\" height=\"100\" data-kale-share-title=\"31. Mai: Mari\u00e4 Heimsuchung\" data-kale-share-url=\"https:\/\/blog.holyart.it\/de\/?p=6130\" \/><\/div>\n<div class=\"blocco-contenuto\">\n<div class=\"blocco-acquista\">Einkaufen:<\/div>\n<div class=\"blocco-titolo\"><a href=\"https:\/\/www.holyart.de\/devotionalien\/rosenkranze-und-rosenkranzetuis\/rosenkranze-von-ghirelli\/magnificat-rosalet-ghirelli-silber-verchromt\">Magnificat Rosalet Ghirelli Silber verchromt<\/a><\/div>\n<div class=\"blocco-descrizione\">Das Magnificat Rosalet mit seinem einzigartigen Design, seinem einfachen und sicheren Verschluss&#8230;<\/div>\n<\/div>\n<\/div>\n<h2>Elisabeth und Maria<\/h2>\n<p>Es ist der <a href=\"https:\/\/www.holyart.it\/blog\/articoli-religiosi\/il-vangelo-secondo-luca-dalla-nascita-miracolosa-allascensione-al-cielo\/\"><strong>Evangelist Lukas<\/strong><\/a>, der uns von Marias Reise zum Haus ihrer Cousine berichtet (Lukas 1,39-55). Maria hatte Besuch von dem Engel bekommen, der ihr nicht nur ihre bevorstehende Schwangerschaft ank\u00fcndigte, sondern auch die von Elisabeth, der Frau von Zacharias, dem Priester des Tempels von Jerusalem und Angeh\u00f6rigen des Stammes Levi, der schon alt war und von allen als unfruchtbar angesehen wurde. Also war die junge Frau eilig von Nazareth in Galil\u00e4a aufgebrochen und hatte sich vielleicht einer Pilgerkarawane angeschlossen, die nach Jerusalem unterwegs war, um ihrer Verwandten zu helfen. Maria rennt los, begierig darauf, <strong>sich n\u00fctzlich zu machen<\/strong>, aber auch begierig darauf, <strong>der Frau die Ank\u00fcndigung mitzuteilen<\/strong>, die ihr gemacht wurde. In dieser \u201eEile\u201c erkennen wir <strong>Mari\u00e4 Barmherzigkeit<\/strong>, aber auch ihr Staunen, ihr <strong>Durchdringen durch das Mysterium<\/strong>, dessen Protagonistin sie war, und gleichzeitig <strong>den Wunsch<\/strong>, einer anderen Frau <strong>gegen\u00fcberzutreten<\/strong>, die ihrerseits Teil von Gottes Plan war und eine Sp\u00e4tschwangerschaft erlebte, die nichts weniger als ein Wunder war.<\/p>\n<p>Elisabeth lebte in <strong>Jud\u00e4a<\/strong>, in einer Stadt namens Ain-Karim, einige Kilometer westlich von Jerusalem. Mary reiste dann ab und kam drei Monate vor Johns Geburt im Haus ihrer Cousine an. Als Elisabeth sie sah, wurde sie <strong>vom Heiligen Geist erf\u00fcllt<\/strong> und lobte sie daf\u00fcr, dass <strong>sie Teil von Gottes Plan war<\/strong>, und begr\u00fc\u00dfte sie folgenderma\u00dfen:<\/p>\n<p><em>\u201eGesegnet bist du unter den Frauen, und gesegnet ist die Frucht deines Leibes! <strong>43<\/strong> Und warum ist es mir gegeben, dass die Mutter meines Herrn zu mir kommt? <strong>44<\/strong> Siehe, als ich deinen Gru\u00df h\u00f6rte, h\u00fcpfte das Kind in meinem Leib vor Freude. <strong>45<\/strong> Und gesegnet ist die, die geglaubt hat, dass sich erf\u00fcllt, was der Herr ihr sagen lie\u00df.\u201c<\/em><\/p>\n<p><strong>Zwei besondere M\u00fctter<\/strong> stehen sich gegen\u00fcber, zwei Ank\u00fcndigungen, die sich ber\u00fchren, in einem scheinbar gew\u00f6hnlichen Treffen zwischen zwei Verwandten. Doch Maria tr\u00e4gt in ihrem Leib den Sohn Gottes, den Retter der Welt, und <strong><a href=\"https:\/\/www.holyart.de\/devotionalien\/statuen\/statuen-aus-bemalten-holz\/statue-hl.-elisabet-bemalten-grodnertal-holz\">Elisabeth<\/a> <\/strong>seine Vorl\u00e4uferin, die ihn taufen und damit den Beginn seiner Mission auf Erden markieren wird. Ein Treffen, das von <strong>Freude<\/strong> gepr\u00e4gt war, aber auch von einer be\u00e4ngstigenden Feierlichkeit durchdrungen war. Es ist der Punkt, von dem es kein Zur\u00fcck mehr gibt, der <strong>Beginn der Neuen Welt<\/strong>, und die beiden Protagonistinnen k\u00f6nnen ihn nur erahnen, wahrnehmen, ohne das Schicksal der beiden Kinder zu kennen, die sie zur Welt bringen sollen und die die Geschichte der Menschheit f\u00fcr immer ver\u00e4ndern werden.<\/p>\n<div class=\"link-product\">\n<div class=\"blocco-immagine\"><img loading=\"lazy\" decoding=\"async\" class=\"alignnone size-full wp-image-6137\" src=\"https:\/\/blog.holyart.it\/de\/wp-content\/uploads\/sites\/12\/2025\/05\/Statue-Hl.-Elisabet-bemalten-Groednertal-Holz.jpg\" alt=\"Statue Hl. Elisabet bemalten Gr\u00f6dnertal Holz\" width=\"100\" height=\"100\" data-kale-share-title=\"31. Mai: Mari\u00e4 Heimsuchung\" data-kale-share-url=\"https:\/\/blog.holyart.it\/de\/?p=6130\" \/><\/div>\n<div class=\"blocco-contenuto\">\n<div class=\"blocco-acquista\">Einkaufen:<\/div>\n<div class=\"blocco-titolo\"><a href=\"https:\/\/www.holyart.de\/devotionalien\/statuen\/statuen-aus-bemalten-holz\/statue-hl.-elisabet-bemalten-grodnertal-holz\">Statue Hl. Elisabet bemalten Gr\u00f6dnertal Holz<\/a><\/div>\n<div class=\"blocco-descrizione\">Statue der heiligen Elisabet mit Brot realisiert aus Gr\u00f6dnertal Holz und handbemalt.<\/div>\n<\/div>\n<\/div>\n<h2>Wann wird Mari\u00e4 Heimsuchung gefeiert?<\/h2>\n<p>Das Fest wurde <strong>1389<\/strong> von Papst Urban VI. eingef\u00fchrt, wurde aber bereits seit 1263 von den <strong>Franziskanerm\u00f6nchen<\/strong> gefeiert. Urban VI. und sp\u00e4ter Eugen IV. machten das Fest Mari\u00e4 Heimsuchung im Rahmen des Gro\u00dfen Schismas zum Diskussionsthema gegen diejenigen, die auf der Seite des Gegenpapstes standen. Mit der <strong>Synode von Basel<\/strong> im Jahr 1441 wurde das Fest best\u00e4tigt.<\/p>\n<p>Die Franziskaner feierten Mari\u00e4 Heimsuchung am 2. Juli, doch nach dem Zweiten Vatikanischen Konzil wurde das Fest auf den <strong>31. Mai<\/strong> verlegt, um die Feierlichkeiten des Marienmonats Mai abzuschlie\u00dfen. Das Fest der <strong>Heiligen K\u00f6nigin <a href=\"https:\/\/www.holyart.de\/search?params=%7B%22search%22%3A%22maria%22%7D&amp;search_term=maria\">Jungfrau Maria<\/a><\/strong>, an dem die k\u00f6nigliche W\u00fcrde der Jungfrau anerkannt und geweiht wird, wurde stattdessen vom 31. Mai auf den 22. August, den achten Tag Mari\u00e4 Himmelfahrt, verschoben.<\/p>\n<div class=\"link-product\">\n<div class=\"blocco-immagine\"><img loading=\"lazy\" decoding=\"async\" class=\"alignnone size-full wp-image-6143\" src=\"https:\/\/blog.holyart.it\/de\/wp-content\/uploads\/sites\/12\/2025\/05\/Jungfrau-Maria.jpg\" alt=\"Jungfrau Maria\" width=\"100\" height=\"100\" data-kale-share-title=\"31. Mai: Mari\u00e4 Heimsuchung\" data-kale-share-url=\"https:\/\/blog.holyart.it\/de\/?p=6130\" \/><\/div>\n<div class=\"blocco-contenuto\">\n<div class=\"blocco-acquista\">Acheter sur Holyart:<\/div>\n<div class=\"blocco-titolo\"><a href=\"https:\/\/www.holyart.de\/search?params=%7B%22search%22%3A%22maria%22%7D&amp;search_term=maria\">Jungfrau Maria<\/a><\/div>\n<div class=\"blocco-descrizione\">Eine Sammlung aller unserer Produkte, die der Jungfrau Maria gewidmet sind.<\/div>\n<\/div>\n<\/div>\n<h2>Gebet zur Heimsuchung der Heiligen Jungfrau Maria<\/h2>\n<p>Anl\u00e4sslich der Heimsuchung der Heiligen Jungfrau Maria wird ein Gebet des seligen <strong>Charles<\/strong> <strong>Eug\u00e8ne de Foucault<\/strong> rezitiert, eines franz\u00f6sischen Geistlichen, der zwischen dem Ende des 19. und dem Beginn des 20. Jahrhunderts lebte und vor Kurzem heiliggesprochen wurde. F\u00fcr ihn enthielt Marias Besuch bei Elisabeth eine starke <a href=\"https:\/\/www.holyart.de\/blog\/devotionalien\/weltmissionstag-sich-fuer-andere-einsetzen\/\"><strong>Botschaft der Missionarsberufung<\/strong><\/a>, eine Einladung an jeden Getauften, Jesus zu anderen zu bringen, so wie Maria ihn zu Elisabeth gebracht hatte, zusammen mit der au\u00dfergew\u00f6hnlichen Verk\u00fcndigung des Engels.<\/p>\n<p><em>Maria, f\u00fcrsorgliche Mutter bei der Heimsuchung,<\/em><\/p>\n<p><em>lehre uns, auf das Wort zu h\u00f6ren,<\/em><\/p>\n<p><em>ein Zuh\u00f6ren, das uns aufspringen l\u00e4sst und schnell<\/em><\/p>\n<p><em>uns auf alle Situationen der Armut hinweist,<\/em><\/p>\n<p><em>wo die Anwesenheit Deines Sohnes notwendig ist.<\/em><\/p>\n<p><em>Lehre uns, Jesus zu tragen,<\/em><\/p>\n<p><em>still und dem\u00fctig, wie Du es getan hast!<\/em><\/p>\n<p><em>Unsere Bruderschaften (Familien) sind mittendrin<\/em><\/p>\n<p><em>f\u00fcr diejenigen, die ihn nicht kennen<\/em><\/p>\n<p><em>um sein Evangelium zu verbreiten<\/em><\/p>\n<p><em>und sie nicht mit Worten, sondern mit dem Leben zu bezeugen;<\/em><\/p>\n<p><em>nicht indem man es verk\u00fcndet, sondern indem man es lebt!<\/em><\/p>\n<p><em>Lehre uns, einfach zu reisen<\/em><\/p>\n<p><em>wie du es getan hast,<\/em><\/p>\n<p><em>mit unserem Blick immer auf Jesus gerichtet,<\/em><\/p>\n<p><em>der in deinem Leib schon lebte:<\/em><\/p>\n<p><em>Hilf uns ihn zu betrachten, ihn anzubeten und ihn nachzuahmen.<\/em><\/p>\n<p><em>Maria, Frau des Magnificat,<\/em><\/p>\n<p><em>lehre uns, unserer Mission treu zu bleiben:<\/em><\/p>\n<p><em>Jesus zu den Menschen zu bringen!<\/em><\/p>\n<p><em>O geliebte Mutter, es ist deine Mission,<\/em><\/p>\n<p><em>das erste, das Jesus dir anvertraut hat<\/em><\/p>\n<p><em>und dass Du dich herabgelassen hast, es mit uns zu teilen.<\/em><\/p>\n<p><em>Hilf uns und lege F\u00fcrsprache f\u00fcr uns ein, damit wir tun,<\/em><\/p>\n<p><em>was du im Hause des Zacharias getan hast:<\/em><\/p>\n<p><em>Gott verherrlichen und Menschen in Jesus heiligen,<\/em><\/p>\n<p><em>Danke an Ihn und f\u00fcr Ihn! Amen!<\/em><\/p>\n<div class=\"link-article\">\n<p><img loading=\"lazy\" decoding=\"async\" class=\"alignnone size-full wp-image-6139\" src=\"https:\/\/blog.holyart.it\/de\/wp-content\/uploads\/sites\/12\/2025\/05\/Weltmissionstag.jpg\" alt=\"Weltmissionstag\" width=\"150\" height=\"99\" data-kale-share-title=\"31. Mai: Mari\u00e4 Heimsuchung\" data-kale-share-url=\"https:\/\/blog.holyart.it\/de\/?p=6130\" \/><\/p>\n<div class=\"leggi-anche\">Lesen Sie auch:<\/div>\n<p><strong><a href=\"https:\/\/www.holyart.de\/blog\/devotionalien\/weltmissionstag-sich-fuer-andere-einsetzen\/\">Weltmissionstag: Sich f\u00fcr andere einsetzen<\/a><\/strong><br \/>\nDer Weltmissionstag wird am 24. Oktober gefeiert und macht den Oktober zum Missionsmonat schlechthin<\/p>\n<\/div>\n","protected":false},"excerpt":{"rendered":"<p>Das Fest Mari\u00e4 Heimsuchung erinnert an einen grundlegenden Abschnitt der Heilsgeschichte. Die Begegnung zwischen Maria und ihrer Cousine Elisabeth markiert den Beginn der Verbreitung der Botschaft der Menschwerdung Gottes Am 31. Mai, am Ende eines der Marienmonate schlechthin, feiern wir Mari\u00e4 Heimsuchung. Dieses Fest ist&hellip;<\/p>\n","protected":false},"author":1,"featured_media":6131,"comment_status":"closed","ping_status":"open","sticky":false,"template":"","format":"standard","meta":{"_acf_changed":false,"footnotes":""},"categories":[10],"tags":[],"class_list":["post-6130","post","type-post","status-publish","format-standard","has-post-thumbnail","hentry","category-devotionalien"],"acf":[],"yoast_head":"<!-- This site is optimized with the Yoast SEO plugin v26.6 - https:\/\/yoast.com\/wordpress\/plugins\/seo\/ -->\n<title>31. Mai: Mari\u00e4 Heimsuchung - Holyart.de Blog<\/title>\n<meta name=\"description\" content=\"Das Fest Mari\u00e4 Heimsuchung beschlie\u00dft den Marienmonat Mai und feiert die Begegnung zweier M\u00fctter, die dazu bestimmt sind, das Schicksal der Welt zu ver\u00e4ndern.\" \/>\n<meta name=\"robots\" content=\"index, follow, max-snippet:-1, max-image-preview:large, max-video-preview:-1\" \/>\n<link rel=\"canonical\" href=\"https:\/\/blog.holyart.it\/de\/devotionalien\/31-mai-mariae-heimsuchung\/\" \/>\n<meta property=\"og:locale\" content=\"de_DE\" \/>\n<meta property=\"og:type\" content=\"article\" \/>\n<meta property=\"og:title\" content=\"31. Mai: Mari\u00e4 Heimsuchung - Holyart.de Blog\" \/>\n<meta property=\"og:description\" content=\"Das Fest Mari\u00e4 Heimsuchung beschlie\u00dft den Marienmonat Mai und feiert die Begegnung zweier M\u00fctter, die dazu bestimmt sind, das Schicksal der Welt zu ver\u00e4ndern.\" \/>\n<meta property=\"og:url\" content=\"https:\/\/blog.holyart.it\/de\/devotionalien\/31-mai-mariae-heimsuchung\/\" \/>\n<meta property=\"og:site_name\" content=\"Holyart.de Blog\" \/>\n<meta property=\"article:published_time\" content=\"2025-05-28T08:00:03+00:00\" \/>\n<meta property=\"og:image\" content=\"https:\/\/blog.holyart.it\/de\/wp-content\/uploads\/sites\/12\/2025\/05\/31.-Mai-Mariae-Heimsuchung.jpg\" \/>\n\t<meta property=\"og:image:width\" content=\"1000\" \/>\n\t<meta property=\"og:image:height\" content=\"666\" \/>\n\t<meta property=\"og:image:type\" content=\"image\/jpeg\" \/>\n<meta name=\"author\" content=\"Redazione\" \/>\n<meta name=\"twitter:card\" content=\"summary_large_image\" \/>\n<meta name=\"twitter:label1\" content=\"Verfasst von\" \/>\n\t<meta name=\"twitter:data1\" content=\"Redazione\" \/>\n\t<meta name=\"twitter:label2\" content=\"Gesch\u00e4tzte Lesezeit\" \/>\n\t<meta name=\"twitter:data2\" content=\"8\u00a0Minuten\" \/>\n<script type=\"application\/ld+json\" class=\"yoast-schema-graph\">{\"@context\":\"https:\/\/schema.org\",\"@graph\":[{\"@type\":\"Article\",\"@id\":\"https:\/\/blog.holyart.it\/de\/devotionalien\/31-mai-mariae-heimsuchung\/#article\",\"isPartOf\":{\"@id\":\"https:\/\/blog.holyart.it\/de\/devotionalien\/31-mai-mariae-heimsuchung\/\"},\"author\":{\"name\":\"Redazione\",\"@id\":\"https:\/\/blog.holyart.it\/de\/#\/schema\/person\/0a7b686e5af0f856ec1e390dd0baecda\"},\"headline\":\"31. Mai: Mari\u00e4 Heimsuchung\",\"datePublished\":\"2025-05-28T08:00:03+00:00\",\"mainEntityOfPage\":{\"@id\":\"https:\/\/blog.holyart.it\/de\/devotionalien\/31-mai-mariae-heimsuchung\/\"},\"wordCount\":1204,\"publisher\":{\"@id\":\"https:\/\/blog.holyart.it\/de\/#organization\"},\"image\":{\"@id\":\"https:\/\/blog.holyart.it\/de\/devotionalien\/31-mai-mariae-heimsuchung\/#primaryimage\"},\"thumbnailUrl\":\"https:\/\/blog.holyart.it\/de\/wp-content\/uploads\/sites\/12\/2025\/05\/31.-Mai-Mariae-Heimsuchung.jpg\",\"articleSection\":[\"Religion\"],\"inLanguage\":\"de\"},{\"@type\":\"WebPage\",\"@id\":\"https:\/\/blog.holyart.it\/de\/devotionalien\/31-mai-mariae-heimsuchung\/\",\"url\":\"https:\/\/blog.holyart.it\/de\/devotionalien\/31-mai-mariae-heimsuchung\/\",\"name\":\"31. Mai: Mari\u00e4 Heimsuchung - Holyart.de Blog\",\"isPartOf\":{\"@id\":\"https:\/\/blog.holyart.it\/de\/#website\"},\"primaryImageOfPage\":{\"@id\":\"https:\/\/blog.holyart.it\/de\/devotionalien\/31-mai-mariae-heimsuchung\/#primaryimage\"},\"image\":{\"@id\":\"https:\/\/blog.holyart.it\/de\/devotionalien\/31-mai-mariae-heimsuchung\/#primaryimage\"},\"thumbnailUrl\":\"https:\/\/blog.holyart.it\/de\/wp-content\/uploads\/sites\/12\/2025\/05\/31.-Mai-Mariae-Heimsuchung.jpg\",\"datePublished\":\"2025-05-28T08:00:03+00:00\",\"description\":\"Das Fest Mari\u00e4 Heimsuchung beschlie\u00dft den Marienmonat Mai und feiert die Begegnung zweier M\u00fctter, die dazu bestimmt sind, das Schicksal der Welt zu ver\u00e4ndern.\",\"breadcrumb\":{\"@id\":\"https:\/\/blog.holyart.it\/de\/devotionalien\/31-mai-mariae-heimsuchung\/#breadcrumb\"},\"inLanguage\":\"de\",\"potentialAction\":[{\"@type\":\"ReadAction\",\"target\":[\"https:\/\/blog.holyart.it\/de\/devotionalien\/31-mai-mariae-heimsuchung\/\"]}]},{\"@type\":\"ImageObject\",\"inLanguage\":\"de\",\"@id\":\"https:\/\/blog.holyart.it\/de\/devotionalien\/31-mai-mariae-heimsuchung\/#primaryimage\",\"url\":\"https:\/\/blog.holyart.it\/de\/wp-content\/uploads\/sites\/12\/2025\/05\/31.-Mai-Mariae-Heimsuchung.jpg\",\"contentUrl\":\"https:\/\/blog.holyart.it\/de\/wp-content\/uploads\/sites\/12\/2025\/05\/31.-Mai-Mariae-Heimsuchung.jpg\",\"width\":1000,\"height\":666,\"caption\":\"31. Mai Mari\u00e4 Heimsuchung\"},{\"@type\":\"BreadcrumbList\",\"@id\":\"https:\/\/blog.holyart.it\/de\/devotionalien\/31-mai-mariae-heimsuchung\/#breadcrumb\",\"itemListElement\":[{\"@type\":\"ListItem\",\"position\":1,\"name\":\"Homepage\",\"item\":\"https:\/\/blog.holyart.it\/de\/\"},{\"@type\":\"ListItem\",\"position\":2,\"name\":\"Religion\",\"item\":\"https:\/\/blog.holyart.it\/de\/devotionalien\/\"},{\"@type\":\"ListItem\",\"position\":3,\"name\":\"31. Mai: Mari\u00e4 Heimsuchung\"}]},{\"@type\":\"WebSite\",\"@id\":\"https:\/\/blog.holyart.it\/de\/#website\",\"url\":\"https:\/\/blog.holyart.it\/de\/\",\"name\":\"Holyart.de Blog\",\"description\":\"Holyblog\",\"publisher\":{\"@id\":\"https:\/\/blog.holyart.it\/de\/#organization\"},\"potentialAction\":[{\"@type\":\"SearchAction\",\"target\":{\"@type\":\"EntryPoint\",\"urlTemplate\":\"https:\/\/blog.holyart.it\/de\/?s={search_term_string}\"},\"query-input\":{\"@type\":\"PropertyValueSpecification\",\"valueRequired\":true,\"valueName\":\"search_term_string\"}}],\"inLanguage\":\"de\"},{\"@type\":\"Organization\",\"@id\":\"https:\/\/blog.holyart.it\/de\/#organization\",\"name\":\"Holyart.de Blog\",\"url\":\"https:\/\/blog.holyart.it\/de\/\",\"logo\":{\"@type\":\"ImageObject\",\"inLanguage\":\"de\",\"@id\":\"https:\/\/blog.holyart.it\/de\/#\/schema\/logo\/image\/\",\"url\":\"https:\/\/blog.holyart.it\/de\/wp-content\/uploads\/sites\/12\/2022\/12\/Holyart_Blog_Logo.jpg\",\"contentUrl\":\"https:\/\/blog.holyart.it\/de\/wp-content\/uploads\/sites\/12\/2022\/12\/Holyart_Blog_Logo.jpg\",\"width\":300,\"height\":50,\"caption\":\"Holyart.de Blog\"},\"image\":{\"@id\":\"https:\/\/blog.holyart.it\/de\/#\/schema\/logo\/image\/\"}},{\"@type\":\"Person\",\"@id\":\"https:\/\/blog.holyart.it\/de\/#\/schema\/person\/0a7b686e5af0f856ec1e390dd0baecda\",\"name\":\"Redazione\",\"image\":{\"@type\":\"ImageObject\",\"inLanguage\":\"de\",\"@id\":\"https:\/\/blog.holyart.it\/de\/#\/schema\/person\/image\/\",\"url\":\"https:\/\/secure.gravatar.com\/avatar\/f477da817f43e50d0af36abecd33e3edf826c68299714bdc1057dff3b113f516?s=96&d=mm&r=g\",\"contentUrl\":\"https:\/\/secure.gravatar.com\/avatar\/f477da817f43e50d0af36abecd33e3edf826c68299714bdc1057dff3b113f516?s=96&d=mm&r=g\",\"caption\":\"Redazione\"}}]}<\/script>\n<!-- \/ Yoast SEO plugin. -->","yoast_head_json":{"title":"31. Mai: Mari\u00e4 Heimsuchung - Holyart.de Blog","description":"Das Fest Mari\u00e4 Heimsuchung beschlie\u00dft den Marienmonat Mai und feiert die Begegnung zweier M\u00fctter, die dazu bestimmt sind, das Schicksal der Welt zu ver\u00e4ndern.","robots":{"index":"index","follow":"follow","max-snippet":"max-snippet:-1","max-image-preview":"max-image-preview:large","max-video-preview":"max-video-preview:-1"},"canonical":"https:\/\/blog.holyart.it\/de\/devotionalien\/31-mai-mariae-heimsuchung\/","og_locale":"de_DE","og_type":"article","og_title":"31. Mai: Mari\u00e4 Heimsuchung - Holyart.de Blog","og_description":"Das Fest Mari\u00e4 Heimsuchung beschlie\u00dft den Marienmonat Mai und feiert die Begegnung zweier M\u00fctter, die dazu bestimmt sind, das Schicksal der Welt zu ver\u00e4ndern.","og_url":"https:\/\/blog.holyart.it\/de\/devotionalien\/31-mai-mariae-heimsuchung\/","og_site_name":"Holyart.de Blog","article_published_time":"2025-05-28T08:00:03+00:00","og_image":[{"width":1000,"height":666,"url":"https:\/\/blog.holyart.it\/de\/wp-content\/uploads\/sites\/12\/2025\/05\/31.-Mai-Mariae-Heimsuchung.jpg","type":"image\/jpeg"}],"author":"Redazione","twitter_card":"summary_large_image","twitter_misc":{"Verfasst von":"Redazione","Gesch\u00e4tzte Lesezeit":"8\u00a0Minuten"},"schema":{"@context":"https:\/\/schema.org","@graph":[{"@type":"Article","@id":"https:\/\/blog.holyart.it\/de\/devotionalien\/31-mai-mariae-heimsuchung\/#article","isPartOf":{"@id":"https:\/\/blog.holyart.it\/de\/devotionalien\/31-mai-mariae-heimsuchung\/"},"author":{"name":"Redazione","@id":"https:\/\/blog.holyart.it\/de\/#\/schema\/person\/0a7b686e5af0f856ec1e390dd0baecda"},"headline":"31. Mai: Mari\u00e4 Heimsuchung","datePublished":"2025-05-28T08:00:03+00:00","mainEntityOfPage":{"@id":"https:\/\/blog.holyart.it\/de\/devotionalien\/31-mai-mariae-heimsuchung\/"},"wordCount":1204,"publisher":{"@id":"https:\/\/blog.holyart.it\/de\/#organization"},"image":{"@id":"https:\/\/blog.holyart.it\/de\/devotionalien\/31-mai-mariae-heimsuchung\/#primaryimage"},"thumbnailUrl":"https:\/\/blog.holyart.it\/de\/wp-content\/uploads\/sites\/12\/2025\/05\/31.-Mai-Mariae-Heimsuchung.jpg","articleSection":["Religion"],"inLanguage":"de"},{"@type":"WebPage","@id":"https:\/\/blog.holyart.it\/de\/devotionalien\/31-mai-mariae-heimsuchung\/","url":"https:\/\/blog.holyart.it\/de\/devotionalien\/31-mai-mariae-heimsuchung\/","name":"31. Mai: Mari\u00e4 Heimsuchung - Holyart.de Blog","isPartOf":{"@id":"https:\/\/blog.holyart.it\/de\/#website"},"primaryImageOfPage":{"@id":"https:\/\/blog.holyart.it\/de\/devotionalien\/31-mai-mariae-heimsuchung\/#primaryimage"},"image":{"@id":"https:\/\/blog.holyart.it\/de\/devotionalien\/31-mai-mariae-heimsuchung\/#primaryimage"},"thumbnailUrl":"https:\/\/blog.holyart.it\/de\/wp-content\/uploads\/sites\/12\/2025\/05\/31.-Mai-Mariae-Heimsuchung.jpg","datePublished":"2025-05-28T08:00:03+00:00","description":"Das Fest Mari\u00e4 Heimsuchung beschlie\u00dft den Marienmonat Mai und feiert die Begegnung zweier M\u00fctter, die dazu bestimmt sind, das Schicksal der Welt zu ver\u00e4ndern.","breadcrumb":{"@id":"https:\/\/blog.holyart.it\/de\/devotionalien\/31-mai-mariae-heimsuchung\/#breadcrumb"},"inLanguage":"de","potentialAction":[{"@type":"ReadAction","target":["https:\/\/blog.holyart.it\/de\/devotionalien\/31-mai-mariae-heimsuchung\/"]}]},{"@type":"ImageObject","inLanguage":"de","@id":"https:\/\/blog.holyart.it\/de\/devotionalien\/31-mai-mariae-heimsuchung\/#primaryimage","url":"https:\/\/blog.holyart.it\/de\/wp-content\/uploads\/sites\/12\/2025\/05\/31.-Mai-Mariae-Heimsuchung.jpg","contentUrl":"https:\/\/blog.holyart.it\/de\/wp-content\/uploads\/sites\/12\/2025\/05\/31.-Mai-Mariae-Heimsuchung.jpg","width":1000,"height":666,"caption":"31. Mai Mari\u00e4 Heimsuchung"},{"@type":"BreadcrumbList","@id":"https:\/\/blog.holyart.it\/de\/devotionalien\/31-mai-mariae-heimsuchung\/#breadcrumb","itemListElement":[{"@type":"ListItem","position":1,"name":"Homepage","item":"https:\/\/blog.holyart.it\/de\/"},{"@type":"ListItem","position":2,"name":"Religion","item":"https:\/\/blog.holyart.it\/de\/devotionalien\/"},{"@type":"ListItem","position":3,"name":"31. Mai: Mari\u00e4 Heimsuchung"}]},{"@type":"WebSite","@id":"https:\/\/blog.holyart.it\/de\/#website","url":"https:\/\/blog.holyart.it\/de\/","name":"Holyart.de Blog","description":"Holyblog","publisher":{"@id":"https:\/\/blog.holyart.it\/de\/#organization"},"potentialAction":[{"@type":"SearchAction","target":{"@type":"EntryPoint","urlTemplate":"https:\/\/blog.holyart.it\/de\/?s={search_term_string}"},"query-input":{"@type":"PropertyValueSpecification","valueRequired":true,"valueName":"search_term_string"}}],"inLanguage":"de"},{"@type":"Organization","@id":"https:\/\/blog.holyart.it\/de\/#organization","name":"Holyart.de Blog","url":"https:\/\/blog.holyart.it\/de\/","logo":{"@type":"ImageObject","inLanguage":"de","@id":"https:\/\/blog.holyart.it\/de\/#\/schema\/logo\/image\/","url":"https:\/\/blog.holyart.it\/de\/wp-content\/uploads\/sites\/12\/2022\/12\/Holyart_Blog_Logo.jpg","contentUrl":"https:\/\/blog.holyart.it\/de\/wp-content\/uploads\/sites\/12\/2022\/12\/Holyart_Blog_Logo.jpg","width":300,"height":50,"caption":"Holyart.de Blog"},"image":{"@id":"https:\/\/blog.holyart.it\/de\/#\/schema\/logo\/image\/"}},{"@type":"Person","@id":"https:\/\/blog.holyart.it\/de\/#\/schema\/person\/0a7b686e5af0f856ec1e390dd0baecda","name":"Redazione","image":{"@type":"ImageObject","inLanguage":"de","@id":"https:\/\/blog.holyart.it\/de\/#\/schema\/person\/image\/","url":"https:\/\/secure.gravatar.com\/avatar\/f477da817f43e50d0af36abecd33e3edf826c68299714bdc1057dff3b113f516?s=96&d=mm&r=g","contentUrl":"https:\/\/secure.gravatar.com\/avatar\/f477da817f43e50d0af36abecd33e3edf826c68299714bdc1057dff3b113f516?s=96&d=mm&r=g","caption":"Redazione"}}]}},"_links":{"self":[{"href":"https:\/\/blog.holyart.it\/de\/wp-json\/wp\/v2\/posts\/6130","targetHints":{"allow":["GET"]}}],"collection":[{"href":"https:\/\/blog.holyart.it\/de\/wp-json\/wp\/v2\/posts"}],"about":[{"href":"https:\/\/blog.holyart.it\/de\/wp-json\/wp\/v2\/types\/post"}],"author":[{"embeddable":true,"href":"https:\/\/blog.holyart.it\/de\/wp-json\/wp\/v2\/users\/1"}],"replies":[{"embeddable":true,"href":"https:\/\/blog.holyart.it\/de\/wp-json\/wp\/v2\/comments?post=6130"}],"version-history":[{"count":9,"href":"https:\/\/blog.holyart.it\/de\/wp-json\/wp\/v2\/posts\/6130\/revisions"}],"predecessor-version":[{"id":6145,"href":"https:\/\/blog.holyart.it\/de\/wp-json\/wp\/v2\/posts\/6130\/revisions\/6145"}],"wp:featuredmedia":[{"embeddable":true,"href":"https:\/\/blog.holyart.it\/de\/wp-json\/wp\/v2\/media\/6131"}],"wp:attachment":[{"href":"https:\/\/blog.holyart.it\/de\/wp-json\/wp\/v2\/media?parent=6130"}],"wp:term":[{"taxonomy":"category","embeddable":true,"href":"https:\/\/blog.holyart.it\/de\/wp-json\/wp\/v2\/categories?post=6130"},{"taxonomy":"post_tag","embeddable":true,"href":"https:\/\/blog.holyart.it\/de\/wp-json\/wp\/v2\/tags?post=6130"}],"curies":[{"name":"wp","href":"https:\/\/api.w.org\/{rel}","templated":true}]}}