{"id":6113,"date":"2025-04-24T17:28:49","date_gmt":"2025-04-24T15:28:49","guid":{"rendered":"https:\/\/blog.holyart.it\/de\/?p=6113"},"modified":"2025-04-24T17:38:49","modified_gmt":"2025-04-24T15:38:49","slug":"wie-papst-franziskus-die-kirche-waehrend-seines-pontifikats-veraendert-hat","status":"publish","type":"post","link":"https:\/\/blog.holyart.it\/de\/besondere-anlassen\/wie-papst-franziskus-die-kirche-waehrend-seines-pontifikats-veraendert-hat\/","title":{"rendered":"Wie Papst Franziskus die Kirche w\u00e4hrend seines Pontifikats ver\u00e4ndert hat"},"content":{"rendered":"<h4>Was hat Papst Franziskus getan, das wichtig ist? Sein Pontifikat war eine Revolution der Barmherzigkeit, die die Kirche ver\u00e4ndert hat, indem sie sie mit Demut, Mut und Offenheit f\u00fcr den Dialog von den Peripherien ins Herz der Welt gef\u00fchrt hat<\/h4>\n\n<p>Es ist nicht einfach, zusammenzufassen, was Papst Franziskus Wichtiges getan hat. Papst Franziskus, Jorge Mario Bergoglio, der Papst, der \u201e<em>vom Ende der Welt<\/em>\u201c kam, wie er sich selbst am Tag seiner Wahl am 13. M\u00e4rz 2013 nannte, hatte etwas au\u00dferordentlich Menschliches an sich. Dieses Etwas machte ihn nicht nur zum geistlichen F\u00fchrer von \u00fcber einer Milliarde Katholiken, sondern auch zu einem <strong>Vater, einem Bruder, einem Freund<\/strong> f\u00fcr jeden, der seinen Weg kreuzte. Sein Pontifikat war eine <strong>sanfte Revolution<\/strong>, die das Gesicht der Kirche tiefgreifend ver\u00e4ndert hat, indem sie n\u00e4her an den Geringsten und aufmerksamer gegen\u00fcber den Herausforderungen unserer Zeit wurde. <strong><a href=\"https:\/\/www.holyart.de\/besondere-anlasse\/papst-franziskus?page=1\">Papst Franziskus<\/a> <\/strong>ist es gelungen, die katholische Kirche in einen Hort der <strong>Barmherzigkeit, der Gerechtigkeit und der Hoffnung<\/strong> zu verwandeln. Nun, da er nicht mehr unter uns weilt, h\u00e4lt die ganze Welt inne, um sich an den Mann zu erinnern, der das Gesicht der Kirche f\u00fcr immer ver\u00e4ndert hat.<\/p>\n<div class=\"link-product\">\n<div class=\"blocco-immagine\"><img loading=\"lazy\" decoding=\"async\" class=\"alignnone size-full wp-image-6117\" src=\"https:\/\/blog.holyart.it\/de\/wp-content\/uploads\/sites\/12\/2025\/04\/Papst-Franziskus.jpg\" alt=\"Papst Franziskus\" width=\"100\" height=\"100\" data-kale-share-title=\"Wie Papst Franziskus die Kirche w\u00e4hrend seines Pontifikats ver\u00e4ndert hat\" data-kale-share-url=\"https:\/\/blog.holyart.it\/de\/?p=6113\" \/><\/div>\n<div class=\"blocco-contenuto\">\n<div class=\"blocco-acquista\">Einkaufen:<\/div>\n<div class=\"blocco-titolo\"><a href=\"https:\/\/www.holyart.de\/besondere-anlasse\/papst-franziskus?page=1\">Papst Franziskus<\/a><\/div>\n<div class=\"blocco-descrizione\">Kreuz des Guten Hirten von Papst Franziskus bis hin zu Rosenkr\u00e4nzen, Bildern, Schl\u00fcsselanh\u00e4ngern mit dem Bild des Papstes und vieles mehr.<\/div>\n<\/div>\n<\/div>\n<p>In den letzten Jahren sah er sich mit immensen Herausforderungen konfrontiert: der Pandemie, der Eskalation globaler Konflikte, der Klimakrise. Seine Stimme war besonders stark gegen <strong>die <a href=\"https:\/\/www.holyart.de\/blog\/devotionalien\/die-schoensten-saetze-zum-frieden-von-papst-franziskus\/\">Gewalt im Heiligen Land<\/a><\/strong>, er prangerte die Spirale des Hasses und der Rache an, die Gaza und Israel blutig gemacht hat, und rief unerm\u00fcdlich zum Dialog als einzigem Weg zum Frieden auf.<\/p>\n<p>Seine Bescheidenheit, sein echtes L\u00e4cheln, seine F\u00e4higkeit, mit einfachen, aber tiefgr\u00fcndigen Worten die Herzen der Menschen anzusprechen, haben Franziskus zu einem Papst gemacht, der weit \u00fcber die Grenzen der katholischen Kirche hinaus geliebt wird. Er lehrte, dass <strong>die wahre Revolution die der Z\u00e4rtlichkeit<\/strong> ist, dass die wahre St\u00e4rke im Dienen liegt, dass wahre Gr\u00f6\u00dfe in der Demut liegt.<\/p>\n<p>Sein Pontifikat hat uns eine Kirche hinterlassen, <strong>die offener, synodaler und aufmerksamer f\u00fcr die Zeichen der Zeit ist<\/strong>. Eine Kirche, die sich nicht scheut, sich die H\u00e4nde schmutzig zu machen, um den Geringsten nahe zu sein, die keine Angst hat, sich ihren eigenen Widerspr\u00fcchen zu stellen, um dem Evangelium treuer zu sein. Franziskus hat uns gelehrt, dass der Glaube keine Zuflucht f\u00fcr ver\u00e4ngstigte Menschen ist, sondern ein <strong>mutiger Weg der Hoffnung und der Liebe<\/strong>.<\/p>\n<div class=\"link-article\">\n<p><img loading=\"lazy\" decoding=\"async\" class=\"alignnone size-full wp-image-6119\" src=\"https:\/\/blog.holyart.it\/de\/wp-content\/uploads\/sites\/12\/2025\/04\/Die-schoensten-Saetze-zum-Frieden-von-Papst-Franziskus.jpg\" alt=\"Die sch\u00f6nsten S\u00e4tze zum Frieden von Papst Franziskus\" width=\"150\" height=\"100\" data-kale-share-title=\"Wie Papst Franziskus die Kirche w\u00e4hrend seines Pontifikats ver\u00e4ndert hat\" data-kale-share-url=\"https:\/\/blog.holyart.it\/de\/?p=6113\" \/><\/p>\n<div class=\"leggi-anche\">Lesen Sie auch:<\/div>\n<p><strong><a href=\"https:\/\/www.holyart.de\/blog\/devotionalien\/die-schoensten-saetze-zum-frieden-von-papst-franziskus\/\">Die sch\u00f6nsten S\u00e4tze zum Frieden von Papst Franziskus<\/a><\/strong><br \/>\nIn diesem besonderen und dramatischen historischen Moment sind die Worte von Papst Franziskus zum Frieden ein Leuchtfeuer&#8230;<\/p>\n<\/div>\n<h2>Der Papst der Peripherie<\/h2>\n<p>Franziskus war <strong>der Papst der Peripherie<\/strong>, nicht nur geografisch, sondern auch existenziell. Seine Stimme, die immer fest und gleichzeitig mitf\u00fchlend war, erklang an den vergessensten Orten der Welt. Wer wird jemals seine einsame Gestalt auf einem verlassenen und verregneten Petersplatz w\u00e4hrend der Pandemie vergessen? Dieses Bild ist zum Symbol einer Kirche geworden, die ihre Kinder in der Zeit des Leids nicht im Stich l\u00e4sst, sondern mit ihnen durch die St\u00fcrme des Lebens geht. Papst Franziskus war <strong>ein Mann des Volkes<\/strong>. Von dem Moment an, als er zum ersten Mal auf der Loggia des Petersdoms erschien und die Gl\u00e4ubigen bat, mit ihm zu beten, war klar, dass sein Pontifikat anders sein w\u00fcrde. <em>Nun lasst uns diese Reise beginnen: Bischof und Volk, Bischof und Volk<\/em>, waren seine Worte an die mehr als 180.000 Menschen auf dem Petersplatz. Unmittelbar danach lehnte er den Pomp und die Umst\u00e4nde der p\u00e4pstlichen Macht ab und zog es vor, in der einfachen Casa Santa Marta, statt in den prunkvollen apostolischen Wohnungen zu leben. Diese symbolische Geste war nur der Beginn einer Reise, die die Kirche den Armen, den Ausgegrenzten und den Hoffnungslosen n\u00e4her bringen sollte.<\/p>\n<div class=\"link-product\">\n<div class=\"blocco-immagine\"><img loading=\"lazy\" decoding=\"async\" class=\"alignnone size-full wp-image-6123\" src=\"https:\/\/blog.holyart.it\/de\/wp-content\/uploads\/sites\/12\/2025\/04\/Statue-von-Papst-Franziskus-aus-Harz-14-cm.jpg\" alt=\"Statue von Papst Franziskus aus Harz, 14 cm\" width=\"100\" height=\"100\" data-kale-share-title=\"Wie Papst Franziskus die Kirche w\u00e4hrend seines Pontifikats ver\u00e4ndert hat\" data-kale-share-url=\"https:\/\/blog.holyart.it\/de\/?p=6113\" \/><\/div>\n<div class=\"blocco-contenuto\">\n<div class=\"blocco-acquista\">Einkaufen:<\/div>\n<div class=\"blocco-titolo\"><a href=\"https:\/\/www.holyart.de\/devotionalien\/statuen\/statuen-aus-resin-und-pvc\/statue-von-papst-franziskus-aus-harz-14-cm?_gl=1*uzjtdz*_gcl_au*MTE2NzY0MDAzNy4xNzQxNjEzNTY0*_ga*MTQ4NzE4MjM0Mi4xNjk0Nzg4MTQz*_ga_W18MV136NH*MTc0NTUwNjU5My4xMTQyLjEuMTc0NTUwNzA5MC4wLjAuNzM4OTcxNDg3*_fplc*JTJGQTAyWU9TQ0RWSyUyRmQzZXFYeHk5TUdZeGRGOEt0a3pqQkoxS0dEejBVaGd3ZGtuTnBtVE96YUx2VmFKc3o3NU9JUE0yank2dUpLR3E0N3dDYUNPcHRGd1lZQmVYMVVwOVg3MVRjSXVTc05KOGklMkJNa0gyS21kQWwyaWREMmxnJTNEJTNE\">Statue von Papst Franziskus aus Harz, 14 cm<\/a><\/div>\n<div class=\"blocco-descrizione\">Handbemalte Harz-Statue, die Papst Franziskus mit erhobener Hand darstellt, auf rundem Sockel.<\/div>\n<\/div>\n<\/div>\n<h2>Reformen und Transparenz: Die neue Kirche des Franziskus<\/h2>\n<p>Seine Reform der r\u00f6mischen Kurie, die in der Apostolischen Konstitution \u201e<em>Praedicate Evangelium<\/em>\u201c (verk\u00fcndet am 19. M\u00e4rz 2022) gipfelte, war nicht nur eine organisatorische Ver\u00e4nderung, sondern stellte eine echte Revolution dar. Franziskus wollte eine Kirche, die kein \u201eZollhaus\u201c ist, sondern ein \u201eFeldlazarett\u201c, wie er gerne sagte, <strong>in dem die Wunden der leidenden Menschheit geheilt werden k\u00f6nnen<\/strong>. Franziskus ist es gelungen, <strong>die vatikanische Verwaltung umzugestalten<\/strong>, sie schlanker zu machen und auf den Evangelisierungsauftrag auszurichten. Aber es geht nicht nur um B\u00fcrokratie: Diese Reform war ein Akt der Gerechtigkeit und Transparenz, ein Versuch, die Glaubw\u00fcrdigkeit einer Kirche wiederherzustellen, die oft durch Finanzskandale und Machtmissbrauch in Verruf geraten ist.<\/p>\n<p>Das schlagende Herz dieser Reform ist die <strong>Evangelisierung<\/strong>. Franziskus wollte, dass die Kurie nicht l\u00e4nger als vatikanischer \u201eElfenbeinturm\u201c gesehen wird, <strong>sondern als lebendiges Instrument, um das Evangelium in die heutige Welt zu bringen<\/strong>. Ein deutliches Zeichen dieses Wandels ist die Schaffung des <strong>neuen Dikasteriums f\u00fcr Evangelisierung<\/strong>, das direkt der Leitung des Papstes unterstellt ist, eine Entscheidung, die unterstreicht, dass die Verbreitung der Botschaft des Evangeliums f\u00fcr die Kirche h\u00f6chste Priorit\u00e4t hat.<\/p>\n<p>Mit der Reform wird auch ein neuer Leitungsstil eingef\u00fchrt, der auf der <strong>Synodalit\u00e4t<\/strong>, d. h. dem gemeinsamen Handeln, beruht. Zum ersten Mal in der Geschichte k\u00f6nnen Laien F\u00fchrungsaufgaben in den vatikanischen Dikasterien \u00fcbernehmen. Dieser Wandel spiegelt die Vision einer Kirche wider, die <strong>all ihre Mitglieder<\/strong> sch\u00e4tzt, nicht nur Priester.<\/p>\n<p>Die von ihm verk\u00fcndete <strong>Finanzreform des Vatikans<\/strong> stellte auch einen historischen Wendepunkt f\u00fcr die Transparenz des Heiligen Stuhls dar. Im Mittelpunkt dieses Wandels stand die <strong>Reform des IOR, der Vatikanbank<\/strong>, die jahrzehntelang im Mittelpunkt von Skandalen und Kontroversen stand.<\/p>\n<p>Franziskus f\u00fchrte ein strenges System von Kontrollen und Verfahren ein und brachte die vatikanischen Finanzpraktiken in Einklang mit internationalen Standards. Er schuf neue Aufsichtsgremien, wie das Sekretariat f\u00fcr Wirtschaft, und f\u00fchrte strenge Regeln f\u00fcr die Beschaffung und Verwaltung von Geldern ein. Ein entscheidender Aspekt war die Verabschiedung von Vorschriften zur Bek\u00e4mpfung der Geldw\u00e4sche und die Zusammenarbeit mit internationalen Einrichtungen, um die R\u00fcckverfolgbarkeit von Transaktionen zu gew\u00e4hrleisten. Diese Reform war nicht nur technischer, sondern auch kultureller Natur: Sie markierte den \u00dcbergang von einer undurchsichtigen und selbstreferentiellen Verwaltung zu einer Kultur der Rechenschaftspflicht und Transparenz, in der jeder ausgegebene Euro begr\u00fcndet und dokumentiert werden muss.<\/p>\n<h2>Der Kampf gegen Missbrauch<\/h2>\n<p>Eines der vielleicht schwierigsten Kapitel des Pontifikats von Papst Franziskus war der <strong>Kampf gegen den sexuellen Missbrauch durch Geistliche<\/strong>. Der Papst hat nicht nur verurteilt, sondern entschlossen gehandelt, strenge Vorschriften eingef\u00fchrt und alle Geistlichen zu einer schmerzhaften, aber notwendigen Gewissenspr\u00fcfung aufgerufen. Seine Authentizit\u00e4t, mit der er die Fehler der Vergangenheit eingestand, ebnete den Weg f\u00fcr einen Heilungsprozess, der immer noch andauert. Franziskus f\u00fchrte strenge Normen ein und ver\u00f6ffentlichte am 7. Mai 2019 das Apostolische Schreiben <strong><em>Vos estis lux mundi<\/em><\/strong> (Lateinisch f\u00fcr \u201eIhr seid das Licht der Welt\u201c) in Form eines <em>Motu Proprio<\/em>, das einen entscheidenden Wendepunkt im Kampf gegen den Missbrauch darstellt. Vor diesem Gesetz herrschte eine gewisse Unklarheit \u00fcber die zu befolgenden Verfahren, insbesondere wenn es sich um hochrangige kirchliche Pers\u00f6nlichkeiten wie Bisch\u00f6fe handelte. Au\u00dferdem stie\u00dfen die Opfer bei der Anzeige von Missbrauch h\u00e4ufig auf erhebliche Hindernisse. <em>Vos estis lux mundi<\/em> legt klare und verbindliche Verfahren f\u00fcr die Meldung von Missbrauch fest. Jede Di\u00f6zese muss \u00fcber leicht zug\u00e4ngliche Meldesysteme verf\u00fcgen, und alle Mitglieder des Klerus und der Ordensleute sind verpflichtet, Missbrauchsf\u00e4lle zu melden, von denen sie Kenntnis erhalten. Zweitens dehnt das Dokument die Verantwortlichkeit nicht nur auf den sexuellen Missbrauch von Minderj\u00e4hrigen aus, sondern auch auf den Missbrauch von schutzbed\u00fcrftigen Erwachsenen und den Missbrauch von Autorit\u00e4t zur Erlangung sexueller Handlungen. Es beinhaltet auch den Schutz von Hinweisgebern vor m\u00f6glichen Vergeltungsma\u00dfnahmen.<\/p>\n<h2>H\u00fcter des gemeinsamen Hauses und Prophet der universellen Br\u00fcderlichkeit<\/h2>\n<p>Seine <strong>Enzykliken<\/strong> haben den Kurs f\u00fcr eine Kirche des dritten Jahrtausends vorgezeichnet. Mit <strong><em>Laudato Si&#8216;<\/em><\/strong> (2015) wandte sich Papst Franziskus nicht nur an die Katholiken, sondern an die ganze Welt. Sein Aufruf, sich um <strong>den Planeten als \u201e<em>gemeinsames Haus<\/em>\u201c<\/strong> zu k\u00fcmmern, ert\u00f6nte laut und deutlich in einer Zeit, die von der Klimakrise gepr\u00e4gt ist. Es war nicht nur eine spirituelle Botschaft, sondern ein politischer und sozialer Weckruf, der Millionen von Menschen dazu veranlasste, \u00fcber ihre Rolle beim Umweltschutz nachzudenken.<\/p>\n<div class=\"link-product\">\n<div class=\"blocco-immagine\"><img loading=\"lazy\" decoding=\"async\" class=\"alignnone size-full wp-image-6124\" src=\"https:\/\/blog.holyart.it\/de\/wp-content\/uploads\/sites\/12\/2025\/04\/Armband-mit-schwarzen-Perlen-und-dem-Motiv-von-Papst-Franziskus.jpg\" alt=\"Armband mit schwarzen Perlen und dem Motiv von Papst Franziskus\" width=\"100\" height=\"100\" data-kale-share-title=\"Wie Papst Franziskus die Kirche w\u00e4hrend seines Pontifikats ver\u00e4ndert hat\" data-kale-share-url=\"https:\/\/blog.holyart.it\/de\/?p=6113\" \/><\/div>\n<div class=\"blocco-contenuto\">\n<div class=\"blocco-acquista\">Einkaufen:<\/div>\n<div class=\"blocco-titolo\"><a href=\"https:\/\/www.holyart.de\/devotionalien\/rosenkranze-und-rosenkranzetuis\/besondere-rosenkranze\/armband-mit-schwarzen-perlen-und-dem-motiv-von-papst-franziskus?_gl=1*3vujhx*_gcl_au*MTE2NzY0MDAzNy4xNzQxNjEzNTY0*_ga*MTQ4NzE4MjM0Mi4xNjk0Nzg4MTQz*_ga_W18MV136NH*MTc0NTUwNjU5My4xMTQyLjEuMTc0NTUwNzE3MS4wLjAuNzI5NTkwOTkz*_fplc*JTJGQTAyWU9TQ0RWSyUyRmQzZXFYeHk5TUdZeGRGOEt0a3pqQkoxS0dEejBVaGd3ZGtuTnBtVE96YUx2VmFKc3o3NU9JUE0yank2dUpLR3E0N3dDYUNPcHRGd1lZQmVYMVVwOVg3MVRjSXVTc05KOGklMkJNa0gyS21kQWwyaWREMmxnJTNEJTNE\">Armband mit schwarzen Perlen und dem Motiv von Papst Franziskus<\/a><\/div>\n<div class=\"blocco-descrizione\">Armband mit schwarzen Perlen und dem Motiv von Papst Franziskus.<\/div>\n<\/div>\n<\/div>\n<p><strong><em>Amoris Laetitia<\/em><\/strong> (Die Freude der Liebe) ist eines der bedeutendsten und am meisten diskutierten Dokumente des Pontifikats von Franziskus. Dieses am 8. April 2016 ver\u00f6ffentlichte apostolische Schreiben markiert einen Wendepunkt in der Art und Weise, wie die Kirche mit den <strong>komplexen famili\u00e4ren Realit\u00e4ten der heutigen Welt<\/strong> umgeht. Das Dokument entstand aus den \u00dcberlegungen, die w\u00e4hrend zweier Synoden zur Familie (2014 und 2015) angestellt wurden, bei denen Bisch\u00f6fe aus der ganzen Welt die Herausforderungen diskutierten, vor denen Familien heute stehen. Im Mittelpunkt von <em>Amoris Laetitia<\/em> steht eine Vision der Familie als dynamische und sich entwickelnde Realit\u00e4t. Der Papst erkennt an, dass Familiensituationen nicht immer ideal sind und dass die Kirche wissen muss, wie sie die Menschen auf ihrem konkreten Lebensweg begleiten kann. Besonders innovativ ist der Ansatz in Bezug auf so genannte \u201e<em>irregul\u00e4re Situationen<\/em>\u201c, wie z. B. geschiedene und wiederverheiratete Paare, in denen Elemente der Gnade und echten Liebe vorhanden sein k\u00f6nnen. Der Papst l\u00e4dt die Kirche ein, \u00fcber die Kategorien \u201e<em>regul\u00e4r<\/em>\u201c und \u201e<em>irregul\u00e4r<\/em>\u201c hinauszuschauen und das Gute in jeder Familiensituation zu erkennen.<\/p>\n<p>Mit der Enzyklika <strong><em>Fratelli Tutti<\/em><\/strong> (2020) hat <strong><a href=\"https:\/\/www.holyart.de\/devotionalien\/rosenkranze-und-rosenkranzetuis\/parfumierte-rosenkranze\/rosenkranz-mit-weiss-jasminduft-papst-franziskus?_gl=1*z38qpm*_gcl_au*MTE2NzY0MDAzNy4xNzQxNjEzNTY0*_ga*MTQ4NzE4MjM0Mi4xNjk0Nzg4MTQz*_ga_W18MV136NH*MTc0NTUwNjU5My4xMTQyLjEuMTc0NTUwNzI4Ny4wLjAuMTEwMzE1NjE4Mw..*_fplc*JTJGQTAyWU9TQ0RWSyUyRmQzZXFYeHk5TUdZeGRGOEt0a3pqQkoxS0dEejBVaGd3ZGtuTnBtVE96YUx2VmFKc3o3NU9JUE0yank2dUpLR3E0N3dDYUNPcHRGd1lZQmVYMVVwOVg3MVRjSXVTc05KOGklMkJNa0gyS21kQWwyaWREMmxnJTNEJTNE\">Papst Franziskus<\/a><\/strong> eine prophetische Vision von <strong>universeller<\/strong> <strong>Br\u00fcderlichkeit<\/strong> in einer von Konflikten und Spaltungen zerrissenen Welt vorgelegt. Das Dokument wurde in Assisi am Grab des heiligen Franziskus unterzeichnet, einem symboltr\u00e4chtigen Ort, denn die Enzyklika ist genau von den Lehren des Heiligen von Assisi \u00fcber die universelle Br\u00fcderlichkeit inspiriert. Die Welt erlebte gerade die Pandemie COVID-19, eine Zeit, die wie nie zuvor die globale Vernetzung und gleichzeitig die tiefen sozialen Ungleichheiten deutlich machte. Papst Franziskus verfasste einen Gro\u00dfteil des Dokuments w\u00e4hrend der Abriegelung und nutzte diesen Moment der globalen Isolation, um \u00fcber die tiefere Bedeutung der menschlichen Br\u00fcderlichkeit nachzudenken. Der Titel <em>Fratelli Tutti<\/em> greift einen Ausdruck des heiligen Franz von Assisi auf, der sich damit an alle Br\u00fcder und Schwestern wandte und eine Lebensweise vorschlug, die sich auf die Gebote des Evangeliums st\u00fctzt. Die Enzyklika kommt auch in anderer Hinsicht zu einem besonderen Zeitpunkt in der Geschichte: Wachsende internationale Spannungen, das Aufkommen von Nationalismen, die Fl\u00fcchtlingskrise und wachsende wirtschaftliche Ungleichheiten machen ihre Botschaft von der universellen Br\u00fcderlichkeit und der sozialen Freundschaft besonders relevant und dringend.<\/p>\n<div class=\"link-product\">\n<div class=\"blocco-immagine\"><img loading=\"lazy\" decoding=\"async\" class=\"alignnone size-full wp-image-6125\" src=\"https:\/\/blog.holyart.it\/de\/wp-content\/uploads\/sites\/12\/2025\/04\/Rosenkranz-mit-Weiss-Jasminduft-Papst-Franziskus.jpg\" alt=\"Rosenkranz mit Wei\u00df-Jasminduft Papst Franziskus\" width=\"100\" height=\"100\" data-kale-share-title=\"Wie Papst Franziskus die Kirche w\u00e4hrend seines Pontifikats ver\u00e4ndert hat\" data-kale-share-url=\"https:\/\/blog.holyart.it\/de\/?p=6113\" \/><\/div>\n<div class=\"blocco-contenuto\">\n<div class=\"blocco-acquista\">Einkaufen:<\/div>\n<div class=\"blocco-titolo\"><a href=\"https:\/\/www.holyart.de\/devotionalien\/rosenkranze-und-rosenkranzetuis\/parfumierte-rosenkranze\/rosenkranz-mit-weiss-jasminduft-papst-franziskus?_gl=1*z38qpm*_gcl_au*MTE2NzY0MDAzNy4xNzQxNjEzNTY0*_ga*MTQ4NzE4MjM0Mi4xNjk0Nzg4MTQz*_ga_W18MV136NH*MTc0NTUwNjU5My4xMTQyLjEuMTc0NTUwNzI4Ny4wLjAuMTEwMzE1NjE4Mw..*_fplc*JTJGQTAyWU9TQ0RWSyUyRmQzZXFYeHk5TUdZeGRGOEt0a3pqQkoxS0dEejBVaGd3ZGtuTnBtVE96YUx2VmFKc3o3NU9JUE0yank2dUpLR3E0N3dDYUNPcHRGd1lZQmVYMVVwOVg3MVRjSXVTc05KOGklMkJNa0gyS21kQWwyaWREMmxnJTNEJTNE\">Rosenkranz mit Wei\u00df-Jasminduft Papst Franziskus<\/a><\/div>\n<div class=\"blocco-descrizione\">Die Kugeln sind aus duftendem PVC und haben Durchmesser 7 mm.<\/div>\n<\/div>\n<\/div>\n<p>Franziskus tr\u00e4umte von einer Welt ohne Mauern, in der <strong><a href=\"https:\/\/www.holyart.de\/blog\/devotionalien\/das-gebet-der-5-finger-von-papst-franziskus\/\">alle als Br\u00fcder leben k\u00f6nnen<\/a><\/strong>. <strong>Sein Schrei nach Kriegen<\/strong>, von Syrien bis zur Ukraine, vom Heiligen Land bis zum Sudan, verband stets Anklage mit Hoffnung, Entschlossenheit mit Barmherzigkeit. Es ist ihm auch gelungen, den interreligi\u00f6sen Dialog zu revolutionieren. Das historische Treffen in Abu Dhabi mit dem Gro\u00dfimam von Al-Azhar und die Reise in den Irak haben gezeigt, dass der Dialog keine Utopie ist, sondern eine Notwendigkeit f\u00fcr unsere Zeit.<\/p>\n<p>Das am 4. Februar 2019 von Papst Franziskus und dem Gro\u00dfimam der Al-Azhar, Ahmad Al-Tayyib, unterzeichnete <strong><em>Dokument \u00fcber menschliche Br\u00fcderlichkeit f\u00fcr Weltfrieden und gemeinsames Zusammenleben<\/em><\/strong> ist eine prophetische und revolution\u00e4re Erkl\u00e4rung, die eine Vision der Hoffnung f\u00fcr die Menschheit skizziert. Sie prophezeit eine Welt, die auf Dialog, Frieden und Gerechtigkeit gegr\u00fcndet ist, und l\u00e4dt alle, Gl\u00e4ubige wie Nichtgl\u00e4ubige, ein, gemeinsam am Aufbau einer Gesellschaft zu arbeiten, die auf Menschenw\u00fcrde, Gleichheit und universeller <strong>Br\u00fcderlichkeit<\/strong> beruht. Das Dokument prangert die Spaltungen, Kriege und Ungerechtigkeiten in der Welt an, weist auf die Br\u00fcderlichkeit als einziges Gegenmittel zu Hass und Extremismus hin und prophezeit eine Zukunft, in der die <strong>Kultur des Dialogs <\/strong>zum Weg der Konfliktvermeidung wird, gegenseitiger Respekt an die Stelle von Diskriminierung tritt und die Zusammenarbeit zwischen den V\u00f6lkern die Methode zur Bew\u00e4ltigung der globalen Herausforderungen wird. Insbesondere verurteilt er alle Formen von <strong>Terrorismus und Gewalt<\/strong>, die im Namen der Religion ver\u00fcbt werden, und erkl\u00e4rt, dass Gott nicht durch unschuldiges Blut verteidigt werden muss. In dem Dokument hei\u00dft es: \u201e<em>Es gibt keine Alternative: Entweder wir bauen die Zukunft gemeinsam auf oder es wird keine Zukunft geben. Vor allem die Religionen k\u00f6nnen nicht auf die dringende Aufgabe verzichten, Br\u00fccken zwischen den V\u00f6lkern und Kulturen zu bauen. Es ist an der Zeit, dass die Religionen sich aktiver, mit Mut und K\u00fchnheit und ohne Verstellung daf\u00fcr einsetzen, dass die Menschheitsfamilie die F\u00e4higkeit zur Vers\u00f6hnung, die Vision der Hoffnung und die konkreten Wege des Friedens reifen l\u00e4sst.<\/em>\u201c<\/p>\n<div class=\"link-article\">\n<p><img loading=\"lazy\" decoding=\"async\" class=\"alignnone size-full wp-image-6121\" src=\"https:\/\/blog.holyart.it\/de\/wp-content\/uploads\/sites\/12\/2025\/04\/Das-Gebet-der-5-Finger-von-Papst-Franziskus.jpg\" alt=\"Das Gebet der 5 Finger von Papst Franziskus\" width=\"150\" height=\"99\" data-kale-share-title=\"Wie Papst Franziskus die Kirche w\u00e4hrend seines Pontifikats ver\u00e4ndert hat\" data-kale-share-url=\"https:\/\/blog.holyart.it\/de\/?p=6113\" \/><\/p>\n<div class=\"leggi-anche\">Lesen Sie auch:<\/div>\n<p><strong><a href=\"https:\/\/www.holyart.de\/blog\/devotionalien\/das-gebet-der-5-finger-von-papst-franziskus\/\">Das Gebet der 5 Finger von Papst Franziskus<\/a><\/strong><br \/>\nDas Gebet der 5 Finger ist ein effektiver Weg, den Papst Franziskus vorschl\u00e4gt, um niemanden in unseren Gebeten zu vergessen.<\/p>\n<\/div>\n<h2>Ein Papst auf dem Weg: Franziskus als Friedenspilger<\/h2>\n<p>F\u00fcr Papst Franziskus waren die Reisen keine blo\u00dfen diplomatischen Besuche, sondern echte <strong>Friedenspilgerschaften<\/strong> zu Orten, die von der Geschichte verwundet wurden. Jeder Besuch hat ein greifbares Verm\u00e4chtnis hinterlassen: Im Irak hat er die Hoffnung verfolgter christlicher Gemeinschaften wiederbelebt, in Myanmar und Bangladesch hat er den Stimmlosen eine Stimme gegeben, zwischen Kuba und den Vereinigten Staaten hat er dazu beigetragen, jahrzehntelange Feindseligkeiten zu \u00fcberwinden. Seine F\u00e4higkeit, sich an die \u201e<em>Peripherien<\/em>\u201c der Welt zu begeben, nicht nur geografisch, sondern auch existenziell, hat die Rolle des Papsttums im 21. Jahrhundert neu definiert.<\/p>\n<p>Die <strong>Reise in den Irak<\/strong> im M\u00e4rz 2021 stellte einen beispiellosen historischen Moment dar: Zum ersten Mal besuchte ein Papst das Land Abrahams, die Wiege der alten Zivilisationen und Schauplatz moderner Konflikte. In einem Land, das von Kriegen und sektiererischer Gewalt verw\u00fcstet wurde, \u00fcberbrachte Franziskus eine Botschaft der Vers\u00f6hnung und Br\u00fcderlichkeit. Das Treffen mit Gro\u00dfajatollah Al-Sistani in Nadschaf und das interreligi\u00f6se Gebet in den Ruinen von Ur zeigten, dass der Dialog zwischen den verschiedenen Religionen nicht nur m\u00f6glich, sondern notwendig ist, um Frieden zu schaffen.<\/p>\n<p>Im Jahr 2017 lenkte <strong>seine Reise nach Myanmar und Bangladesch<\/strong> die weltweite Aufmerksamkeit auf die Trag\u00f6die der Rohingya, einer verfolgten muslimischen Minderheit. In Myanmar setzte sich Franziskus mit feinf\u00fchliger Diplomatie f\u00fcr die Rechte der Minderheit ein. In Bangladesch zeigte die bewegende Begegnung mit den Rohingya-Fl\u00fcchtlingen der Welt das menschliche Gesicht dieser Krise, und der Papst bat um Vergebung f\u00fcr die weltweite Gleichg\u00fcltigkeit gegen\u00fcber ihrem Leiden.<\/p>\n<p>Sein Besuch in <strong>Kuba und den Vereinigten Staaten<\/strong> im Jahr 2015 hat die Rolle der Kirche als Br\u00fcckenbauerin zwischen geteilten V\u00f6lkern deutlich gemacht. Franziskus spielte eine Schl\u00fcsselrolle beim Tauwetter in den Beziehungen zwischen den beiden L\u00e4ndern, indem er hinter den Kulissen den diplomatischen Dialog erleichterte. In Kuba traf er Fidel Castro, w\u00e4hrend er in den Vereinigten Staaten als erster Papst vor dem US-Kongress sprach und dabei wichtige Themen wie Einwanderung und Klimawandel ansprach.<\/p>\n<h2>Ein den Schwachen nahestehender Pfarrer<\/h2>\n<p>Papst Franziskus&#8216; Herz schl\u00e4gt f\u00fcr die <strong>Armen und Migranten<\/strong>. Gleich nach seiner Einsetzung auf dem Papstthron besuchte er 2013 Lampedusa, um die Trag\u00f6dien der Zwangsmigration anzuprangern, und machte die Kirche zu einer unerm\u00fcdlichen Stimme gegen eine Politik der Abschottung und Gleichg\u00fcltigkeit. Sein Engagement f\u00fcr Migranten wird als eines der Markenzeichen seines Pontifikats in Erinnerung bleiben. Seine Stimme erhob sich unerm\u00fcdlich gegen das, was er \u201e<strong><em>die Globalisierung der<\/em><\/strong> <strong><em>Gleichg\u00fcltigkeit<\/em><\/strong>\u201c.<\/p>\n<p>Papst Franziskus hat das <strong>Dikasterium f\u00fcr den Dienst der ganzheitlichen menschlichen Entwicklung<\/strong> geschaffen, um das soziale Handeln der Kirche zu koordinieren und die Botschaft des Evangeliums der N\u00e4chstenliebe greifbar zu machen. Das Dikasterium ist eine Einrichtung der R\u00f6mischen Kurie, die am 17. August 2016 mit dem Apostolischen Schreiben <em>Humanam Progressionem<\/em> gegr\u00fcndet wurde und sich der F\u00f6rderung der ganzheitlichen menschlichen Entwicklung im Licht des Evangeliums und der Soziallehre der Kirche widmet. Er nahm seine T\u00e4tigkeit offiziell am 1. Januar 2017 auf und \u00fcbernahm die Zust\u00e4ndigkeiten von vier bereits bestehenden P\u00e4pstlichen R\u00e4ten: Gerechtigkeit und Frieden, <em>Cor unum<\/em>, Migranten- und Wanderpastoral und Seelsorge f\u00fcr die Besch\u00e4ftigten im Gesundheitswesen.<\/p>\n<p>Das Dikasterium befasst sich mit grundlegenden Themen wie <strong>Gerechtigkeit, Frieden und Menschenrechte, Gesundheit und Menschenw\u00fcrde, Bewahrung <\/strong>der Sch\u00f6pfung als <em>\u201egemeinsames Haus\u201c<\/em><strong>, Migration, humanit\u00e4re Notlagen<\/strong> und Unterst\u00fctzung f\u00fcr die Schw\u00e4chsten, wie Gefangene, Arbeitslose, Opfer von bewaffneten Konflikten, Naturkatastrophen oder Menschenhandel.<\/p>\n","protected":false},"excerpt":{"rendered":"<p>Was hat Papst Franziskus getan, das wichtig ist? Sein Pontifikat war eine Revolution der Barmherzigkeit, die die Kirche ver\u00e4ndert hat, indem sie sie mit Demut, Mut und Offenheit f\u00fcr den Dialog von den Peripherien ins Herz der Welt gef\u00fchrt hat Es ist nicht einfach, zusammenzufassen,&hellip;<\/p>\n","protected":false},"author":1,"featured_media":6114,"comment_status":"closed","ping_status":"open","sticky":false,"template":"","format":"standard","meta":{"_acf_changed":false,"footnotes":""},"categories":[14],"tags":[],"class_list":["post-6113","post","type-post","status-publish","format-standard","has-post-thumbnail","hentry","category-besondere-anlassen"],"acf":[],"yoast_head":"<!-- This site is optimized with the Yoast SEO plugin v26.6 - https:\/\/yoast.com\/wordpress\/plugins\/seo\/ -->\n<title>Wie Papst Franziskus die Kirche w\u00e4hrend seines Pontifikats ver\u00e4ndert hat - Holyart.de Blog<\/title>\n<meta name=\"description\" content=\"Was hat Papst Franziskus getan, das wichtig ist? Sein Pontifikat war eine Revolution der Barmherzigkeit, die die Kirche ver\u00e4ndert hat, indem sie sie mit Demut, Mut und Offenheit f\u00fcr den Dialog von den Peripherien ins Herz der Welt gef\u00fchrt hat\" \/>\n<meta name=\"robots\" content=\"index, follow, max-snippet:-1, max-image-preview:large, max-video-preview:-1\" \/>\n<link rel=\"canonical\" href=\"https:\/\/blog.holyart.it\/de\/besondere-anlassen\/wie-papst-franziskus-die-kirche-waehrend-seines-pontifikats-veraendert-hat\/\" \/>\n<meta property=\"og:locale\" content=\"de_DE\" \/>\n<meta property=\"og:type\" content=\"article\" \/>\n<meta property=\"og:title\" content=\"Wie Papst Franziskus die Kirche w\u00e4hrend seines Pontifikats ver\u00e4ndert hat - Holyart.de Blog\" \/>\n<meta property=\"og:description\" content=\"Was hat Papst Franziskus getan, das wichtig ist? Sein Pontifikat war eine Revolution der Barmherzigkeit, die die Kirche ver\u00e4ndert hat, indem sie sie mit Demut, Mut und Offenheit f\u00fcr den Dialog von den Peripherien ins Herz der Welt gef\u00fchrt hat\" \/>\n<meta property=\"og:url\" content=\"https:\/\/blog.holyart.it\/de\/besondere-anlassen\/wie-papst-franziskus-die-kirche-waehrend-seines-pontifikats-veraendert-hat\/\" \/>\n<meta property=\"og:site_name\" content=\"Holyart.de Blog\" \/>\n<meta property=\"article:published_time\" content=\"2025-04-24T15:28:49+00:00\" \/>\n<meta property=\"article:modified_time\" content=\"2025-04-24T15:38:49+00:00\" \/>\n<meta property=\"og:image\" content=\"https:\/\/blog.holyart.it\/de\/wp-content\/uploads\/sites\/12\/2025\/04\/Holyart_Blog_PapaFrancesco_de.jpg\" \/>\n\t<meta property=\"og:image:width\" content=\"1000\" \/>\n\t<meta property=\"og:image:height\" content=\"666\" \/>\n\t<meta property=\"og:image:type\" content=\"image\/jpeg\" \/>\n<meta name=\"author\" content=\"Redazione\" \/>\n<meta name=\"twitter:card\" content=\"summary_large_image\" \/>\n<meta name=\"twitter:label1\" content=\"Verfasst von\" \/>\n\t<meta name=\"twitter:data1\" content=\"Redazione\" \/>\n\t<meta name=\"twitter:label2\" content=\"Gesch\u00e4tzte Lesezeit\" \/>\n\t<meta name=\"twitter:data2\" content=\"16\u00a0Minuten\" \/>\n<script type=\"application\/ld+json\" class=\"yoast-schema-graph\">{\"@context\":\"https:\/\/schema.org\",\"@graph\":[{\"@type\":\"Article\",\"@id\":\"https:\/\/blog.holyart.it\/de\/besondere-anlassen\/wie-papst-franziskus-die-kirche-waehrend-seines-pontifikats-veraendert-hat\/#article\",\"isPartOf\":{\"@id\":\"https:\/\/blog.holyart.it\/de\/besondere-anlassen\/wie-papst-franziskus-die-kirche-waehrend-seines-pontifikats-veraendert-hat\/\"},\"author\":{\"name\":\"Redazione\",\"@id\":\"https:\/\/blog.holyart.it\/de\/#\/schema\/person\/0a7b686e5af0f856ec1e390dd0baecda\"},\"headline\":\"Wie Papst Franziskus die Kirche w\u00e4hrend seines Pontifikats ver\u00e4ndert hat\",\"datePublished\":\"2025-04-24T15:28:49+00:00\",\"dateModified\":\"2025-04-24T15:38:49+00:00\",\"mainEntityOfPage\":{\"@id\":\"https:\/\/blog.holyart.it\/de\/besondere-anlassen\/wie-papst-franziskus-die-kirche-waehrend-seines-pontifikats-veraendert-hat\/\"},\"wordCount\":2793,\"publisher\":{\"@id\":\"https:\/\/blog.holyart.it\/de\/#organization\"},\"image\":{\"@id\":\"https:\/\/blog.holyart.it\/de\/besondere-anlassen\/wie-papst-franziskus-die-kirche-waehrend-seines-pontifikats-veraendert-hat\/#primaryimage\"},\"thumbnailUrl\":\"https:\/\/blog.holyart.it\/de\/wp-content\/uploads\/sites\/12\/2025\/04\/Holyart_Blog_PapaFrancesco_de.jpg\",\"articleSection\":[\"Besondere Anl\u00e4ssen\"],\"inLanguage\":\"de\"},{\"@type\":\"WebPage\",\"@id\":\"https:\/\/blog.holyart.it\/de\/besondere-anlassen\/wie-papst-franziskus-die-kirche-waehrend-seines-pontifikats-veraendert-hat\/\",\"url\":\"https:\/\/blog.holyart.it\/de\/besondere-anlassen\/wie-papst-franziskus-die-kirche-waehrend-seines-pontifikats-veraendert-hat\/\",\"name\":\"Wie Papst Franziskus die Kirche w\u00e4hrend seines Pontifikats ver\u00e4ndert hat - Holyart.de Blog\",\"isPartOf\":{\"@id\":\"https:\/\/blog.holyart.it\/de\/#website\"},\"primaryImageOfPage\":{\"@id\":\"https:\/\/blog.holyart.it\/de\/besondere-anlassen\/wie-papst-franziskus-die-kirche-waehrend-seines-pontifikats-veraendert-hat\/#primaryimage\"},\"image\":{\"@id\":\"https:\/\/blog.holyart.it\/de\/besondere-anlassen\/wie-papst-franziskus-die-kirche-waehrend-seines-pontifikats-veraendert-hat\/#primaryimage\"},\"thumbnailUrl\":\"https:\/\/blog.holyart.it\/de\/wp-content\/uploads\/sites\/12\/2025\/04\/Holyart_Blog_PapaFrancesco_de.jpg\",\"datePublished\":\"2025-04-24T15:28:49+00:00\",\"dateModified\":\"2025-04-24T15:38:49+00:00\",\"description\":\"Was hat Papst Franziskus getan, das wichtig ist? Sein Pontifikat war eine Revolution der Barmherzigkeit, die die Kirche ver\u00e4ndert hat, indem sie sie mit Demut, Mut und Offenheit f\u00fcr den Dialog von den Peripherien ins Herz der Welt gef\u00fchrt hat\",\"breadcrumb\":{\"@id\":\"https:\/\/blog.holyart.it\/de\/besondere-anlassen\/wie-papst-franziskus-die-kirche-waehrend-seines-pontifikats-veraendert-hat\/#breadcrumb\"},\"inLanguage\":\"de\",\"potentialAction\":[{\"@type\":\"ReadAction\",\"target\":[\"https:\/\/blog.holyart.it\/de\/besondere-anlassen\/wie-papst-franziskus-die-kirche-waehrend-seines-pontifikats-veraendert-hat\/\"]}]},{\"@type\":\"ImageObject\",\"inLanguage\":\"de\",\"@id\":\"https:\/\/blog.holyart.it\/de\/besondere-anlassen\/wie-papst-franziskus-die-kirche-waehrend-seines-pontifikats-veraendert-hat\/#primaryimage\",\"url\":\"https:\/\/blog.holyart.it\/de\/wp-content\/uploads\/sites\/12\/2025\/04\/Holyart_Blog_PapaFrancesco_de.jpg\",\"contentUrl\":\"https:\/\/blog.holyart.it\/de\/wp-content\/uploads\/sites\/12\/2025\/04\/Holyart_Blog_PapaFrancesco_de.jpg\",\"width\":1000,\"height\":666,\"caption\":\"Papst Franziskus\"},{\"@type\":\"BreadcrumbList\",\"@id\":\"https:\/\/blog.holyart.it\/de\/besondere-anlassen\/wie-papst-franziskus-die-kirche-waehrend-seines-pontifikats-veraendert-hat\/#breadcrumb\",\"itemListElement\":[{\"@type\":\"ListItem\",\"position\":1,\"name\":\"Homepage\",\"item\":\"https:\/\/blog.holyart.it\/de\/\"},{\"@type\":\"ListItem\",\"position\":2,\"name\":\"Besondere Anl\u00e4ssen\",\"item\":\"https:\/\/blog.holyart.it\/de\/besondere-anlassen\/\"},{\"@type\":\"ListItem\",\"position\":3,\"name\":\"Wie Papst Franziskus die Kirche w\u00e4hrend seines Pontifikats ver\u00e4ndert hat\"}]},{\"@type\":\"WebSite\",\"@id\":\"https:\/\/blog.holyart.it\/de\/#website\",\"url\":\"https:\/\/blog.holyart.it\/de\/\",\"name\":\"Holyart.de Blog\",\"description\":\"Holyblog\",\"publisher\":{\"@id\":\"https:\/\/blog.holyart.it\/de\/#organization\"},\"potentialAction\":[{\"@type\":\"SearchAction\",\"target\":{\"@type\":\"EntryPoint\",\"urlTemplate\":\"https:\/\/blog.holyart.it\/de\/?s={search_term_string}\"},\"query-input\":{\"@type\":\"PropertyValueSpecification\",\"valueRequired\":true,\"valueName\":\"search_term_string\"}}],\"inLanguage\":\"de\"},{\"@type\":\"Organization\",\"@id\":\"https:\/\/blog.holyart.it\/de\/#organization\",\"name\":\"Holyart.de Blog\",\"url\":\"https:\/\/blog.holyart.it\/de\/\",\"logo\":{\"@type\":\"ImageObject\",\"inLanguage\":\"de\",\"@id\":\"https:\/\/blog.holyart.it\/de\/#\/schema\/logo\/image\/\",\"url\":\"https:\/\/blog.holyart.it\/de\/wp-content\/uploads\/sites\/12\/2022\/12\/Holyart_Blog_Logo.jpg\",\"contentUrl\":\"https:\/\/blog.holyart.it\/de\/wp-content\/uploads\/sites\/12\/2022\/12\/Holyart_Blog_Logo.jpg\",\"width\":300,\"height\":50,\"caption\":\"Holyart.de Blog\"},\"image\":{\"@id\":\"https:\/\/blog.holyart.it\/de\/#\/schema\/logo\/image\/\"}},{\"@type\":\"Person\",\"@id\":\"https:\/\/blog.holyart.it\/de\/#\/schema\/person\/0a7b686e5af0f856ec1e390dd0baecda\",\"name\":\"Redazione\",\"image\":{\"@type\":\"ImageObject\",\"inLanguage\":\"de\",\"@id\":\"https:\/\/blog.holyart.it\/de\/#\/schema\/person\/image\/\",\"url\":\"https:\/\/secure.gravatar.com\/avatar\/f477da817f43e50d0af36abecd33e3edf826c68299714bdc1057dff3b113f516?s=96&d=mm&r=g\",\"contentUrl\":\"https:\/\/secure.gravatar.com\/avatar\/f477da817f43e50d0af36abecd33e3edf826c68299714bdc1057dff3b113f516?s=96&d=mm&r=g\",\"caption\":\"Redazione\"}}]}<\/script>\n<!-- \/ Yoast SEO plugin. -->","yoast_head_json":{"title":"Wie Papst Franziskus die Kirche w\u00e4hrend seines Pontifikats ver\u00e4ndert hat - Holyart.de Blog","description":"Was hat Papst Franziskus getan, das wichtig ist? Sein Pontifikat war eine Revolution der Barmherzigkeit, die die Kirche ver\u00e4ndert hat, indem sie sie mit Demut, Mut und Offenheit f\u00fcr den Dialog von den Peripherien ins Herz der Welt gef\u00fchrt hat","robots":{"index":"index","follow":"follow","max-snippet":"max-snippet:-1","max-image-preview":"max-image-preview:large","max-video-preview":"max-video-preview:-1"},"canonical":"https:\/\/blog.holyart.it\/de\/besondere-anlassen\/wie-papst-franziskus-die-kirche-waehrend-seines-pontifikats-veraendert-hat\/","og_locale":"de_DE","og_type":"article","og_title":"Wie Papst Franziskus die Kirche w\u00e4hrend seines Pontifikats ver\u00e4ndert hat - Holyart.de Blog","og_description":"Was hat Papst Franziskus getan, das wichtig ist? Sein Pontifikat war eine Revolution der Barmherzigkeit, die die Kirche ver\u00e4ndert hat, indem sie sie mit Demut, Mut und Offenheit f\u00fcr den Dialog von den Peripherien ins Herz der Welt gef\u00fchrt hat","og_url":"https:\/\/blog.holyart.it\/de\/besondere-anlassen\/wie-papst-franziskus-die-kirche-waehrend-seines-pontifikats-veraendert-hat\/","og_site_name":"Holyart.de Blog","article_published_time":"2025-04-24T15:28:49+00:00","article_modified_time":"2025-04-24T15:38:49+00:00","og_image":[{"width":1000,"height":666,"url":"https:\/\/blog.holyart.it\/de\/wp-content\/uploads\/sites\/12\/2025\/04\/Holyart_Blog_PapaFrancesco_de.jpg","type":"image\/jpeg"}],"author":"Redazione","twitter_card":"summary_large_image","twitter_misc":{"Verfasst von":"Redazione","Gesch\u00e4tzte Lesezeit":"16\u00a0Minuten"},"schema":{"@context":"https:\/\/schema.org","@graph":[{"@type":"Article","@id":"https:\/\/blog.holyart.it\/de\/besondere-anlassen\/wie-papst-franziskus-die-kirche-waehrend-seines-pontifikats-veraendert-hat\/#article","isPartOf":{"@id":"https:\/\/blog.holyart.it\/de\/besondere-anlassen\/wie-papst-franziskus-die-kirche-waehrend-seines-pontifikats-veraendert-hat\/"},"author":{"name":"Redazione","@id":"https:\/\/blog.holyart.it\/de\/#\/schema\/person\/0a7b686e5af0f856ec1e390dd0baecda"},"headline":"Wie Papst Franziskus die Kirche w\u00e4hrend seines Pontifikats ver\u00e4ndert hat","datePublished":"2025-04-24T15:28:49+00:00","dateModified":"2025-04-24T15:38:49+00:00","mainEntityOfPage":{"@id":"https:\/\/blog.holyart.it\/de\/besondere-anlassen\/wie-papst-franziskus-die-kirche-waehrend-seines-pontifikats-veraendert-hat\/"},"wordCount":2793,"publisher":{"@id":"https:\/\/blog.holyart.it\/de\/#organization"},"image":{"@id":"https:\/\/blog.holyart.it\/de\/besondere-anlassen\/wie-papst-franziskus-die-kirche-waehrend-seines-pontifikats-veraendert-hat\/#primaryimage"},"thumbnailUrl":"https:\/\/blog.holyart.it\/de\/wp-content\/uploads\/sites\/12\/2025\/04\/Holyart_Blog_PapaFrancesco_de.jpg","articleSection":["Besondere Anl\u00e4ssen"],"inLanguage":"de"},{"@type":"WebPage","@id":"https:\/\/blog.holyart.it\/de\/besondere-anlassen\/wie-papst-franziskus-die-kirche-waehrend-seines-pontifikats-veraendert-hat\/","url":"https:\/\/blog.holyart.it\/de\/besondere-anlassen\/wie-papst-franziskus-die-kirche-waehrend-seines-pontifikats-veraendert-hat\/","name":"Wie Papst Franziskus die Kirche w\u00e4hrend seines Pontifikats ver\u00e4ndert hat - Holyart.de Blog","isPartOf":{"@id":"https:\/\/blog.holyart.it\/de\/#website"},"primaryImageOfPage":{"@id":"https:\/\/blog.holyart.it\/de\/besondere-anlassen\/wie-papst-franziskus-die-kirche-waehrend-seines-pontifikats-veraendert-hat\/#primaryimage"},"image":{"@id":"https:\/\/blog.holyart.it\/de\/besondere-anlassen\/wie-papst-franziskus-die-kirche-waehrend-seines-pontifikats-veraendert-hat\/#primaryimage"},"thumbnailUrl":"https:\/\/blog.holyart.it\/de\/wp-content\/uploads\/sites\/12\/2025\/04\/Holyart_Blog_PapaFrancesco_de.jpg","datePublished":"2025-04-24T15:28:49+00:00","dateModified":"2025-04-24T15:38:49+00:00","description":"Was hat Papst Franziskus getan, das wichtig ist? Sein Pontifikat war eine Revolution der Barmherzigkeit, die die Kirche ver\u00e4ndert hat, indem sie sie mit Demut, Mut und Offenheit f\u00fcr den Dialog von den Peripherien ins Herz der Welt gef\u00fchrt hat","breadcrumb":{"@id":"https:\/\/blog.holyart.it\/de\/besondere-anlassen\/wie-papst-franziskus-die-kirche-waehrend-seines-pontifikats-veraendert-hat\/#breadcrumb"},"inLanguage":"de","potentialAction":[{"@type":"ReadAction","target":["https:\/\/blog.holyart.it\/de\/besondere-anlassen\/wie-papst-franziskus-die-kirche-waehrend-seines-pontifikats-veraendert-hat\/"]}]},{"@type":"ImageObject","inLanguage":"de","@id":"https:\/\/blog.holyart.it\/de\/besondere-anlassen\/wie-papst-franziskus-die-kirche-waehrend-seines-pontifikats-veraendert-hat\/#primaryimage","url":"https:\/\/blog.holyart.it\/de\/wp-content\/uploads\/sites\/12\/2025\/04\/Holyart_Blog_PapaFrancesco_de.jpg","contentUrl":"https:\/\/blog.holyart.it\/de\/wp-content\/uploads\/sites\/12\/2025\/04\/Holyart_Blog_PapaFrancesco_de.jpg","width":1000,"height":666,"caption":"Papst Franziskus"},{"@type":"BreadcrumbList","@id":"https:\/\/blog.holyart.it\/de\/besondere-anlassen\/wie-papst-franziskus-die-kirche-waehrend-seines-pontifikats-veraendert-hat\/#breadcrumb","itemListElement":[{"@type":"ListItem","position":1,"name":"Homepage","item":"https:\/\/blog.holyart.it\/de\/"},{"@type":"ListItem","position":2,"name":"Besondere Anl\u00e4ssen","item":"https:\/\/blog.holyart.it\/de\/besondere-anlassen\/"},{"@type":"ListItem","position":3,"name":"Wie Papst Franziskus die Kirche w\u00e4hrend seines Pontifikats ver\u00e4ndert hat"}]},{"@type":"WebSite","@id":"https:\/\/blog.holyart.it\/de\/#website","url":"https:\/\/blog.holyart.it\/de\/","name":"Holyart.de Blog","description":"Holyblog","publisher":{"@id":"https:\/\/blog.holyart.it\/de\/#organization"},"potentialAction":[{"@type":"SearchAction","target":{"@type":"EntryPoint","urlTemplate":"https:\/\/blog.holyart.it\/de\/?s={search_term_string}"},"query-input":{"@type":"PropertyValueSpecification","valueRequired":true,"valueName":"search_term_string"}}],"inLanguage":"de"},{"@type":"Organization","@id":"https:\/\/blog.holyart.it\/de\/#organization","name":"Holyart.de Blog","url":"https:\/\/blog.holyart.it\/de\/","logo":{"@type":"ImageObject","inLanguage":"de","@id":"https:\/\/blog.holyart.it\/de\/#\/schema\/logo\/image\/","url":"https:\/\/blog.holyart.it\/de\/wp-content\/uploads\/sites\/12\/2022\/12\/Holyart_Blog_Logo.jpg","contentUrl":"https:\/\/blog.holyart.it\/de\/wp-content\/uploads\/sites\/12\/2022\/12\/Holyart_Blog_Logo.jpg","width":300,"height":50,"caption":"Holyart.de Blog"},"image":{"@id":"https:\/\/blog.holyart.it\/de\/#\/schema\/logo\/image\/"}},{"@type":"Person","@id":"https:\/\/blog.holyart.it\/de\/#\/schema\/person\/0a7b686e5af0f856ec1e390dd0baecda","name":"Redazione","image":{"@type":"ImageObject","inLanguage":"de","@id":"https:\/\/blog.holyart.it\/de\/#\/schema\/person\/image\/","url":"https:\/\/secure.gravatar.com\/avatar\/f477da817f43e50d0af36abecd33e3edf826c68299714bdc1057dff3b113f516?s=96&d=mm&r=g","contentUrl":"https:\/\/secure.gravatar.com\/avatar\/f477da817f43e50d0af36abecd33e3edf826c68299714bdc1057dff3b113f516?s=96&d=mm&r=g","caption":"Redazione"}}]}},"_links":{"self":[{"href":"https:\/\/blog.holyart.it\/de\/wp-json\/wp\/v2\/posts\/6113","targetHints":{"allow":["GET"]}}],"collection":[{"href":"https:\/\/blog.holyart.it\/de\/wp-json\/wp\/v2\/posts"}],"about":[{"href":"https:\/\/blog.holyart.it\/de\/wp-json\/wp\/v2\/types\/post"}],"author":[{"embeddable":true,"href":"https:\/\/blog.holyart.it\/de\/wp-json\/wp\/v2\/users\/1"}],"replies":[{"embeddable":true,"href":"https:\/\/blog.holyart.it\/de\/wp-json\/wp\/v2\/comments?post=6113"}],"version-history":[{"count":8,"href":"https:\/\/blog.holyart.it\/de\/wp-json\/wp\/v2\/posts\/6113\/revisions"}],"predecessor-version":[{"id":6128,"href":"https:\/\/blog.holyart.it\/de\/wp-json\/wp\/v2\/posts\/6113\/revisions\/6128"}],"wp:featuredmedia":[{"embeddable":true,"href":"https:\/\/blog.holyart.it\/de\/wp-json\/wp\/v2\/media\/6114"}],"wp:attachment":[{"href":"https:\/\/blog.holyart.it\/de\/wp-json\/wp\/v2\/media?parent=6113"}],"wp:term":[{"taxonomy":"category","embeddable":true,"href":"https:\/\/blog.holyart.it\/de\/wp-json\/wp\/v2\/categories?post=6113"},{"taxonomy":"post_tag","embeddable":true,"href":"https:\/\/blog.holyart.it\/de\/wp-json\/wp\/v2\/tags?post=6113"}],"curies":[{"name":"wp","href":"https:\/\/api.w.org\/{rel}","templated":true}]}}