{"id":61,"date":"2016-06-10T17:14:48","date_gmt":"2016-06-10T15:14:48","guid":{"rendered":"https:\/\/blog.holyart.it\/de\/?p=61"},"modified":"2016-10-07T15:49:25","modified_gmt":"2016-10-07T13:49:25","slug":"messkoffer","status":"publish","type":"post","link":"https:\/\/blog.holyart.it\/de\/liturgische-gerate\/messkoffer\/","title":{"rendered":"Messkoffer"},"content":{"rendered":"<p>Die <strong>Messkoffer<\/strong> sind unbedingt notwendig f\u00fcr die heutigen Priester, da sie oft den Gottesdienst au\u00dfer der Kirche, in Pl\u00e4tze die nicht ausgestattet sind, zelebrieren m\u00fcssen. Darum sind heute die <strong>Messkoffer<\/strong> so wichtig geworden. Es gibt viele Modelle verf\u00fcgbar, einige ganz kleine, und andere komplettere. Man kann <strong>Messkoffer<\/strong> mit nur wenigen Artikeln wie die Messk\u00e4nnchen, und Versehepatenen und anderen auch mit <strong>Kelchen<\/strong>, <strong>Ziborien<\/strong>, <strong>Kreuz<\/strong> und <strong>Altarkerzen<\/strong>, und anderen <strong>Reisesets<\/strong>.<\/p>\n<p>Wenn man an die Missionare denkt, versteht man gleich die Wichtigkeit dieser Objekte. Es ist nicht so einfach alle liturgische Ger\u00e4te f\u00fcrs Zelebrieren mit dabei zu haben: oft hat man empfindliche Gegenst\u00e4nde, die eine gute Schutz brauchen. Und die L\u00f6sung sind die <strong>Messkoffer<\/strong>: realisiert aus verschiedenen Materialen und mit Dimensionen, k\u00f6nnen Sie einfach mitgenommen sein.<\/p>\n<p>Die Messkoffer sind heutzutage der Symbol der verschiedenen Aktivit\u00e4ten der Priester, die das Wort Gottes \u00fcberall bringen, zusammen mit den verschiedenen religi\u00f6sen Feiern.<\/p>\n<p>Auf Holyart finden Sie \u00fcber <strong><a title=\"Messkoffer\" href=\"http:\/\/www.holyart.de\/liturgische-gerate\/messkoffer\">50 verschiedene Modelle von Messkoffern<\/a>.<\/strong><\/p>\n","protected":false},"excerpt":{"rendered":"<p>Die Messkoffer sind unbedingt notwendig f\u00fcr die heutigen Priester, da sie oft den Gottesdienst au\u00dfer der Kirche, in Pl\u00e4tze die nicht ausgestattet sind, zelebrieren m\u00fcssen. Darum sind heute die Messkoffer so wichtig geworden. Es gibt viele Modelle verf\u00fcgbar, einige ganz kleine, und andere komplettere. Man&hellip;<\/p>\n","protected":false},"author":1,"featured_media":123,"comment_status":"closed","ping_status":"open","sticky":false,"template":"","format":"standard","meta":{"_acf_changed":false,"footnotes":""},"categories":[5],"tags":[],"class_list":["post-61","post","type-post","status-publish","format-standard","has-post-thumbnail","hentry","category-liturgische-gerate"],"acf":[],"yoast_head":"<!-- This site is optimized with the Yoast SEO plugin v26.6 - https:\/\/yoast.com\/wordpress\/plugins\/seo\/ -->\n<title>Messkoffer - Holyart.de Blog<\/title>\n<meta name=\"description\" content=\"Die Messkoffer sind unbedingt notwendig f\u00fcr die heutigen Priester in Pl\u00e4tze die nicht ausgestattet sind, zelebrieren m\u00fcssen.\" \/>\n<meta name=\"robots\" content=\"index, follow, max-snippet:-1, max-image-preview:large, max-video-preview:-1\" \/>\n<link rel=\"canonical\" href=\"https:\/\/blog.holyart.it\/de\/liturgische-gerate\/messkoffer\/\" \/>\n<meta property=\"og:locale\" content=\"de_DE\" \/>\n<meta property=\"og:type\" content=\"article\" \/>\n<meta property=\"og:title\" content=\"Messkoffer - Holyart.de Blog\" \/>\n<meta property=\"og:description\" content=\"Die Messkoffer sind unbedingt notwendig f\u00fcr die heutigen Priester in Pl\u00e4tze die nicht ausgestattet sind, zelebrieren m\u00fcssen.\" \/>\n<meta property=\"og:url\" content=\"https:\/\/blog.holyart.it\/de\/liturgische-gerate\/messkoffer\/\" \/>\n<meta property=\"og:site_name\" content=\"Holyart.de Blog\" \/>\n<meta property=\"article:published_time\" content=\"2016-06-10T15:14:48+00:00\" \/>\n<meta property=\"article:modified_time\" content=\"2016-10-07T13:49:25+00:00\" \/>\n<meta property=\"og:image\" content=\"https:\/\/blog.holyart.it\/de\/wp-content\/uploads\/sites\/12\/2016\/06\/Messkoffer.jpg\" \/>\n\t<meta property=\"og:image:width\" content=\"1000\" \/>\n\t<meta property=\"og:image:height\" content=\"634\" \/>\n\t<meta property=\"og:image:type\" content=\"image\/jpeg\" \/>\n<meta name=\"author\" content=\"Redazione\" \/>\n<meta name=\"twitter:card\" content=\"summary_large_image\" \/>\n<meta name=\"twitter:label1\" content=\"Verfasst von\" \/>\n\t<meta name=\"twitter:data1\" content=\"Redazione\" \/>\n\t<meta name=\"twitter:label2\" content=\"Gesch\u00e4tzte Lesezeit\" \/>\n\t<meta name=\"twitter:data2\" content=\"1\u00a0Minute\" \/>\n<script type=\"application\/ld+json\" class=\"yoast-schema-graph\">{\"@context\":\"https:\/\/schema.org\",\"@graph\":[{\"@type\":\"Article\",\"@id\":\"https:\/\/blog.holyart.it\/de\/liturgische-gerate\/messkoffer\/#article\",\"isPartOf\":{\"@id\":\"https:\/\/blog.holyart.it\/de\/liturgische-gerate\/messkoffer\/\"},\"author\":{\"name\":\"Redazione\",\"@id\":\"https:\/\/blog.holyart.it\/de\/#\/schema\/person\/0a7b686e5af0f856ec1e390dd0baecda\"},\"headline\":\"Messkoffer\",\"datePublished\":\"2016-06-10T15:14:48+00:00\",\"dateModified\":\"2016-10-07T13:49:25+00:00\",\"mainEntityOfPage\":{\"@id\":\"https:\/\/blog.holyart.it\/de\/liturgische-gerate\/messkoffer\/\"},\"wordCount\":169,\"publisher\":{\"@id\":\"https:\/\/blog.holyart.it\/de\/#organization\"},\"image\":{\"@id\":\"https:\/\/blog.holyart.it\/de\/liturgische-gerate\/messkoffer\/#primaryimage\"},\"thumbnailUrl\":\"https:\/\/blog.holyart.it\/de\/wp-content\/uploads\/sites\/12\/2016\/06\/Messkoffer.jpg\",\"articleSection\":[\"Liturgie\"],\"inLanguage\":\"de\"},{\"@type\":\"WebPage\",\"@id\":\"https:\/\/blog.holyart.it\/de\/liturgische-gerate\/messkoffer\/\",\"url\":\"https:\/\/blog.holyart.it\/de\/liturgische-gerate\/messkoffer\/\",\"name\":\"Messkoffer - Holyart.de Blog\",\"isPartOf\":{\"@id\":\"https:\/\/blog.holyart.it\/de\/#website\"},\"primaryImageOfPage\":{\"@id\":\"https:\/\/blog.holyart.it\/de\/liturgische-gerate\/messkoffer\/#primaryimage\"},\"image\":{\"@id\":\"https:\/\/blog.holyart.it\/de\/liturgische-gerate\/messkoffer\/#primaryimage\"},\"thumbnailUrl\":\"https:\/\/blog.holyart.it\/de\/wp-content\/uploads\/sites\/12\/2016\/06\/Messkoffer.jpg\",\"datePublished\":\"2016-06-10T15:14:48+00:00\",\"dateModified\":\"2016-10-07T13:49:25+00:00\",\"description\":\"Die Messkoffer sind unbedingt notwendig f\u00fcr die heutigen Priester in Pl\u00e4tze die nicht ausgestattet sind, zelebrieren m\u00fcssen.\",\"breadcrumb\":{\"@id\":\"https:\/\/blog.holyart.it\/de\/liturgische-gerate\/messkoffer\/#breadcrumb\"},\"inLanguage\":\"de\",\"potentialAction\":[{\"@type\":\"ReadAction\",\"target\":[\"https:\/\/blog.holyart.it\/de\/liturgische-gerate\/messkoffer\/\"]}]},{\"@type\":\"ImageObject\",\"inLanguage\":\"de\",\"@id\":\"https:\/\/blog.holyart.it\/de\/liturgische-gerate\/messkoffer\/#primaryimage\",\"url\":\"https:\/\/blog.holyart.it\/de\/wp-content\/uploads\/sites\/12\/2016\/06\/Messkoffer.jpg\",\"contentUrl\":\"https:\/\/blog.holyart.it\/de\/wp-content\/uploads\/sites\/12\/2016\/06\/Messkoffer.jpg\",\"width\":1000,\"height\":634,\"caption\":\"Messkoffer\"},{\"@type\":\"BreadcrumbList\",\"@id\":\"https:\/\/blog.holyart.it\/de\/liturgische-gerate\/messkoffer\/#breadcrumb\",\"itemListElement\":[{\"@type\":\"ListItem\",\"position\":1,\"name\":\"Homepage\",\"item\":\"https:\/\/blog.holyart.it\/de\/\"},{\"@type\":\"ListItem\",\"position\":2,\"name\":\"Liturgie\",\"item\":\"https:\/\/blog.holyart.it\/de\/liturgische-gerate\/\"},{\"@type\":\"ListItem\",\"position\":3,\"name\":\"Messkoffer\"}]},{\"@type\":\"WebSite\",\"@id\":\"https:\/\/blog.holyart.it\/de\/#website\",\"url\":\"https:\/\/blog.holyart.it\/de\/\",\"name\":\"Holyart.de Blog\",\"description\":\"Holyblog\",\"publisher\":{\"@id\":\"https:\/\/blog.holyart.it\/de\/#organization\"},\"potentialAction\":[{\"@type\":\"SearchAction\",\"target\":{\"@type\":\"EntryPoint\",\"urlTemplate\":\"https:\/\/blog.holyart.it\/de\/?s={search_term_string}\"},\"query-input\":{\"@type\":\"PropertyValueSpecification\",\"valueRequired\":true,\"valueName\":\"search_term_string\"}}],\"inLanguage\":\"de\"},{\"@type\":\"Organization\",\"@id\":\"https:\/\/blog.holyart.it\/de\/#organization\",\"name\":\"Holyart.de Blog\",\"url\":\"https:\/\/blog.holyart.it\/de\/\",\"logo\":{\"@type\":\"ImageObject\",\"inLanguage\":\"de\",\"@id\":\"https:\/\/blog.holyart.it\/de\/#\/schema\/logo\/image\/\",\"url\":\"https:\/\/blog.holyart.it\/de\/wp-content\/uploads\/sites\/12\/2022\/12\/Holyart_Blog_Logo.jpg\",\"contentUrl\":\"https:\/\/blog.holyart.it\/de\/wp-content\/uploads\/sites\/12\/2022\/12\/Holyart_Blog_Logo.jpg\",\"width\":300,\"height\":50,\"caption\":\"Holyart.de Blog\"},\"image\":{\"@id\":\"https:\/\/blog.holyart.it\/de\/#\/schema\/logo\/image\/\"}},{\"@type\":\"Person\",\"@id\":\"https:\/\/blog.holyart.it\/de\/#\/schema\/person\/0a7b686e5af0f856ec1e390dd0baecda\",\"name\":\"Redazione\",\"image\":{\"@type\":\"ImageObject\",\"inLanguage\":\"de\",\"@id\":\"https:\/\/blog.holyart.it\/de\/#\/schema\/person\/image\/\",\"url\":\"https:\/\/secure.gravatar.com\/avatar\/f477da817f43e50d0af36abecd33e3edf826c68299714bdc1057dff3b113f516?s=96&d=mm&r=g\",\"contentUrl\":\"https:\/\/secure.gravatar.com\/avatar\/f477da817f43e50d0af36abecd33e3edf826c68299714bdc1057dff3b113f516?s=96&d=mm&r=g\",\"caption\":\"Redazione\"}}]}<\/script>\n<!-- \/ Yoast SEO plugin. -->","yoast_head_json":{"title":"Messkoffer - Holyart.de Blog","description":"Die Messkoffer sind unbedingt notwendig f\u00fcr die heutigen Priester in Pl\u00e4tze die nicht ausgestattet sind, zelebrieren m\u00fcssen.","robots":{"index":"index","follow":"follow","max-snippet":"max-snippet:-1","max-image-preview":"max-image-preview:large","max-video-preview":"max-video-preview:-1"},"canonical":"https:\/\/blog.holyart.it\/de\/liturgische-gerate\/messkoffer\/","og_locale":"de_DE","og_type":"article","og_title":"Messkoffer - Holyart.de Blog","og_description":"Die Messkoffer sind unbedingt notwendig f\u00fcr die heutigen Priester in Pl\u00e4tze die nicht ausgestattet sind, zelebrieren m\u00fcssen.","og_url":"https:\/\/blog.holyart.it\/de\/liturgische-gerate\/messkoffer\/","og_site_name":"Holyart.de Blog","article_published_time":"2016-06-10T15:14:48+00:00","article_modified_time":"2016-10-07T13:49:25+00:00","og_image":[{"width":1000,"height":634,"url":"https:\/\/blog.holyart.it\/de\/wp-content\/uploads\/sites\/12\/2016\/06\/Messkoffer.jpg","type":"image\/jpeg"}],"author":"Redazione","twitter_card":"summary_large_image","twitter_misc":{"Verfasst von":"Redazione","Gesch\u00e4tzte Lesezeit":"1\u00a0Minute"},"schema":{"@context":"https:\/\/schema.org","@graph":[{"@type":"Article","@id":"https:\/\/blog.holyart.it\/de\/liturgische-gerate\/messkoffer\/#article","isPartOf":{"@id":"https:\/\/blog.holyart.it\/de\/liturgische-gerate\/messkoffer\/"},"author":{"name":"Redazione","@id":"https:\/\/blog.holyart.it\/de\/#\/schema\/person\/0a7b686e5af0f856ec1e390dd0baecda"},"headline":"Messkoffer","datePublished":"2016-06-10T15:14:48+00:00","dateModified":"2016-10-07T13:49:25+00:00","mainEntityOfPage":{"@id":"https:\/\/blog.holyart.it\/de\/liturgische-gerate\/messkoffer\/"},"wordCount":169,"publisher":{"@id":"https:\/\/blog.holyart.it\/de\/#organization"},"image":{"@id":"https:\/\/blog.holyart.it\/de\/liturgische-gerate\/messkoffer\/#primaryimage"},"thumbnailUrl":"https:\/\/blog.holyart.it\/de\/wp-content\/uploads\/sites\/12\/2016\/06\/Messkoffer.jpg","articleSection":["Liturgie"],"inLanguage":"de"},{"@type":"WebPage","@id":"https:\/\/blog.holyart.it\/de\/liturgische-gerate\/messkoffer\/","url":"https:\/\/blog.holyart.it\/de\/liturgische-gerate\/messkoffer\/","name":"Messkoffer - Holyart.de Blog","isPartOf":{"@id":"https:\/\/blog.holyart.it\/de\/#website"},"primaryImageOfPage":{"@id":"https:\/\/blog.holyart.it\/de\/liturgische-gerate\/messkoffer\/#primaryimage"},"image":{"@id":"https:\/\/blog.holyart.it\/de\/liturgische-gerate\/messkoffer\/#primaryimage"},"thumbnailUrl":"https:\/\/blog.holyart.it\/de\/wp-content\/uploads\/sites\/12\/2016\/06\/Messkoffer.jpg","datePublished":"2016-06-10T15:14:48+00:00","dateModified":"2016-10-07T13:49:25+00:00","description":"Die Messkoffer sind unbedingt notwendig f\u00fcr die heutigen Priester in Pl\u00e4tze die nicht ausgestattet sind, zelebrieren m\u00fcssen.","breadcrumb":{"@id":"https:\/\/blog.holyart.it\/de\/liturgische-gerate\/messkoffer\/#breadcrumb"},"inLanguage":"de","potentialAction":[{"@type":"ReadAction","target":["https:\/\/blog.holyart.it\/de\/liturgische-gerate\/messkoffer\/"]}]},{"@type":"ImageObject","inLanguage":"de","@id":"https:\/\/blog.holyart.it\/de\/liturgische-gerate\/messkoffer\/#primaryimage","url":"https:\/\/blog.holyart.it\/de\/wp-content\/uploads\/sites\/12\/2016\/06\/Messkoffer.jpg","contentUrl":"https:\/\/blog.holyart.it\/de\/wp-content\/uploads\/sites\/12\/2016\/06\/Messkoffer.jpg","width":1000,"height":634,"caption":"Messkoffer"},{"@type":"BreadcrumbList","@id":"https:\/\/blog.holyart.it\/de\/liturgische-gerate\/messkoffer\/#breadcrumb","itemListElement":[{"@type":"ListItem","position":1,"name":"Homepage","item":"https:\/\/blog.holyart.it\/de\/"},{"@type":"ListItem","position":2,"name":"Liturgie","item":"https:\/\/blog.holyart.it\/de\/liturgische-gerate\/"},{"@type":"ListItem","position":3,"name":"Messkoffer"}]},{"@type":"WebSite","@id":"https:\/\/blog.holyart.it\/de\/#website","url":"https:\/\/blog.holyart.it\/de\/","name":"Holyart.de Blog","description":"Holyblog","publisher":{"@id":"https:\/\/blog.holyart.it\/de\/#organization"},"potentialAction":[{"@type":"SearchAction","target":{"@type":"EntryPoint","urlTemplate":"https:\/\/blog.holyart.it\/de\/?s={search_term_string}"},"query-input":{"@type":"PropertyValueSpecification","valueRequired":true,"valueName":"search_term_string"}}],"inLanguage":"de"},{"@type":"Organization","@id":"https:\/\/blog.holyart.it\/de\/#organization","name":"Holyart.de Blog","url":"https:\/\/blog.holyart.it\/de\/","logo":{"@type":"ImageObject","inLanguage":"de","@id":"https:\/\/blog.holyart.it\/de\/#\/schema\/logo\/image\/","url":"https:\/\/blog.holyart.it\/de\/wp-content\/uploads\/sites\/12\/2022\/12\/Holyart_Blog_Logo.jpg","contentUrl":"https:\/\/blog.holyart.it\/de\/wp-content\/uploads\/sites\/12\/2022\/12\/Holyart_Blog_Logo.jpg","width":300,"height":50,"caption":"Holyart.de Blog"},"image":{"@id":"https:\/\/blog.holyart.it\/de\/#\/schema\/logo\/image\/"}},{"@type":"Person","@id":"https:\/\/blog.holyart.it\/de\/#\/schema\/person\/0a7b686e5af0f856ec1e390dd0baecda","name":"Redazione","image":{"@type":"ImageObject","inLanguage":"de","@id":"https:\/\/blog.holyart.it\/de\/#\/schema\/person\/image\/","url":"https:\/\/secure.gravatar.com\/avatar\/f477da817f43e50d0af36abecd33e3edf826c68299714bdc1057dff3b113f516?s=96&d=mm&r=g","contentUrl":"https:\/\/secure.gravatar.com\/avatar\/f477da817f43e50d0af36abecd33e3edf826c68299714bdc1057dff3b113f516?s=96&d=mm&r=g","caption":"Redazione"}}]}},"_links":{"self":[{"href":"https:\/\/blog.holyart.it\/de\/wp-json\/wp\/v2\/posts\/61","targetHints":{"allow":["GET"]}}],"collection":[{"href":"https:\/\/blog.holyart.it\/de\/wp-json\/wp\/v2\/posts"}],"about":[{"href":"https:\/\/blog.holyart.it\/de\/wp-json\/wp\/v2\/types\/post"}],"author":[{"embeddable":true,"href":"https:\/\/blog.holyart.it\/de\/wp-json\/wp\/v2\/users\/1"}],"replies":[{"embeddable":true,"href":"https:\/\/blog.holyart.it\/de\/wp-json\/wp\/v2\/comments?post=61"}],"version-history":[{"count":0,"href":"https:\/\/blog.holyart.it\/de\/wp-json\/wp\/v2\/posts\/61\/revisions"}],"wp:featuredmedia":[{"embeddable":true,"href":"https:\/\/blog.holyart.it\/de\/wp-json\/wp\/v2\/media\/123"}],"wp:attachment":[{"href":"https:\/\/blog.holyart.it\/de\/wp-json\/wp\/v2\/media?parent=61"}],"wp:term":[{"taxonomy":"category","embeddable":true,"href":"https:\/\/blog.holyart.it\/de\/wp-json\/wp\/v2\/categories?post=61"},{"taxonomy":"post_tag","embeddable":true,"href":"https:\/\/blog.holyart.it\/de\/wp-json\/wp\/v2\/tags?post=61"}],"curies":[{"name":"wp","href":"https:\/\/api.w.org\/{rel}","templated":true}]}}