{"id":6096,"date":"2025-05-26T10:00:38","date_gmt":"2025-05-26T08:00:38","guid":{"rendered":"https:\/\/blog.holyart.it\/de\/?p=6096"},"modified":"2026-03-02T15:56:10","modified_gmt":"2026-03-02T14:56:10","slug":"die-symbole-der-evangelisten-und-ihre-bedeutung","status":"publish","type":"post","link":"https:\/\/blog.holyart.it\/de\/heilige-und-selige\/die-symbole-der-evangelisten-und-ihre-bedeutung\/","title":{"rendered":"Die Symbole der Evangelisten und ihre Bedeutung"},"content":{"rendered":"<h4>Gefl\u00fcgelter Mann, Ochse, L\u00f6we und Adler. Die Symbole der Evangelisten durchziehen seit Jahrhunderten die Geschichte der sakralen Kunst und Theologie. Hier erfahren Sie, wie sie entstanden sind und warum man sie ihnen zugeschrieben hat<\/h4>\n\n<p>Ein <strong>Tetramorph<\/strong>, ein Begriff griechischen Ursprungs, der seit jeher eine ikonografische Darstellung bezeichnet, die aus vier Figuren oder Elementen besteht, bezeichnet ein Bild, das aus vier Symbolen besteht, die auf die vier Evangelisten zur\u00fcckgehen: ein <strong>gefl\u00fcgelter Mann<\/strong> (Matth\u00e4us-Evangelium), ein <strong>L\u00f6we<\/strong> (Markus-Evangelium), ein <strong>Ochse<\/strong> oder ein Kalb (Lukas-Evangelium) und ein <strong>Adler<\/strong> (Johannes-Evangelium). Der erste, der die <a href=\"https:\/\/www.holyart.de\/kirchenbedarf\/paramente\/pultbehange\/pultbehang-vier-evangelisten?_gl=1*1jrp39o*_gcl_au*MTE2NzY0MDAzNy4xNzQxNjEzNTY0*_ga*MTQ4NzE4MjM0Mi4xNjk0Nzg4MTQz*_ga_W18MV136NH*MTc0NTQ4ODQwMS4xMTU1LjEuMTc0NTQ4OTI4Ny4wLjAuMTU5NTIwMzAwMw..*_fplc*R2dMeFUxbkJ1JTJGVVdXVGxFRm9EQmdWcVA5VXIlMkJTcWFjSiUyQkdTelJkbTdtZWtsS0JQM2tUYmFWb09CNHJZRTV1ZkJYSzNCenhOckxQT2N4dGMzUENsMWlBRjFBT255TW82RkhtQ3lBbmhEQXBTM3lXUVBTTDdQaGRSWkV4M0FRJTNEJTNE\"><strong>Symbole der Evangelisten<\/strong><\/a> definierte, war <strong>Iren\u00e4us von Lyon<\/strong>. Der Bischof, Theologe und Kirchenvater deutete die vom hebr\u00e4ischen Propheten <strong>Hesekiel<\/strong> im Alten Testament beschriebene Vision (Hesekiel 1,10), die er w\u00e4hrend seiner Deportation nach Babylon im Jahr 593 v. Chr. hatte. Hesekiel berichtete, er habe eine gro\u00dfe Wolke gesehen, die von Gl\u00fchw\u00fcrmchen umgeben war, und inmitten dieser Wolke vier Gestalten, die sp\u00e4ter als Cherubim identifiziert wurden und mit vier Fl\u00fcgeln ausgestattet waren. <strong>Eine der Gestalten hatte das Gesicht eines Menschen, eine das eines L\u00f6wen, eine das eines Kalbes und die letzte das eines Adlers<\/strong>, und sie standen zu F\u00fc\u00dfen des Thrones Gottes, den sie wahrscheinlich mit Hilfe von R\u00e4dern, die neben jeder von ihnen angebracht waren, zu bewegen halfen.<\/p>\n<div class=\"link-product\">\n<div class=\"blocco-immagine\"><img loading=\"lazy\" decoding=\"async\" class=\"alignnone size-full wp-image-6099\" src=\"https:\/\/blog.holyart.it\/de\/wp-content\/uploads\/sites\/12\/2025\/04\/Pultbehang-Vier-Evangelisten.jpg\" alt=\"Pultbehang Vier Evangelisten\" width=\"100\" height=\"100\" data-kale-share-title=\"Die Symbole der Evangelisten und ihre Bedeutung\" data-kale-share-url=\"https:\/\/blog.holyart.it\/de\/?p=6096\" \/><\/div>\n<div class=\"blocco-contenuto\">\n<div class=\"blocco-acquista\">Einkaufen:<\/div>\n<div class=\"blocco-titolo\"><a href=\"https:\/\/www.holyart.de\/kirchenbedarf\/paramente\/pultbehange\/pultbehang-vier-evangelisten?_gl=1*1jrp39o*_gcl_au*MTE2NzY0MDAzNy4xNzQxNjEzNTY0*_ga*MTQ4NzE4MjM0Mi4xNjk0Nzg4MTQz*_ga_W18MV136NH*MTc0NTQ4ODQwMS4xMTU1LjEuMTc0NTQ4OTI4Ny4wLjAuMTU5NTIwMzAwMw..*_fplc*R2dMeFUxbkJ1JTJGVVdXVGxFRm9EQmdWcVA5VXIlMkJTcWFjSiUyQkdTelJkbTdtZWtsS0JQM2tUYmFWb09CNHJZRTV1ZkJYSzNCenhOckxQT2N4dGMzUENsMWlBRjFBT255TW82RkhtQ3lBbmhEQXBTM3lXUVBTTDdQaGRSWkV4M0FRJTNEJTNE\">Pultbehang Vier Evangelisten<\/a><\/div>\n<div class=\"blocco-descrizione\">Die Stickereien werden mit dem Webstuhl Jacquard ausgef\u00fchrt.<\/div>\n<\/div>\n<\/div>\n<p>Der heilige Iren\u00e4us f\u00fchrte in seinem Werk <em>Adversus Haereses<\/em> die Idee eines tetramorphen oder <strong>vierfachen Evangeliums<\/strong> ein. F\u00fcr ihn sind die vier gefl\u00fcgelten Wesen, die Hesekiel sieht, identifizierbar mit den Seraphim, die nach <strong>Jesaja<\/strong> (Jesaja 6,3) die Spitzen der Engelshierarchien einnehmen, aber sie symbolisieren auch die <a href=\"https:\/\/www.holyart.de\/devotionalien\/italienische-christliche-bucher\/evangelien-in-italienischer-sprache\/evangelium-und-akten-der-apostel-neue-offizielle-cei-fassung\"><strong>vier kanonischen Evangelien<\/strong><\/a>, die wahren geistigen S\u00e4ulen der Kirche und der ganzen Welt. Der heilige Iren\u00e4us weist jedem Evangelisten ein <strong>spezifisches Symbol<\/strong> zu und bezieht sich dabei auch auf die <strong>Offenbarung<\/strong> (Offenbarung 4,6-8), in der wiederum die \u201e<em>vier lebenden Wesen mit Augen vorne und hinten<\/em>\u201c beschrieben werden, die sich am Fu\u00dfe des Throns Gottes befinden: \u201e<em>Das erste lebende Wesen war wie ein <strong>L\u00f6we<\/strong>, das zweite wie ein <strong>Kalb<\/strong>, das dritte hatte ein Gesicht wie ein <strong>Mensch<\/strong> und das vierte war wie ein <strong>fliegender Adler<\/strong><\/em>\u201c.<\/p>\n<p>Jedes der vier Evangelien konzentriert sich auf <strong>einen bestimmten Aspekt der Christusfigur<\/strong>:<\/p>\n<ul>\n<li><strong><a href=\"https:\/\/www.holyart.de\/blog\/devotionalien\/der-heilige-matthaeus-apostel-evangelist-und-maertyrer\/\"><em>Matth\u00e4usevangelium<\/em> <\/a><\/strong>(Mensch oder Engel): Seine <strong>Menschwerdung<\/strong>;<\/li>\n<li><em>Markusevangelium<\/em> (L\u00f6we): Seine siegreiche Macht (die <strong>Auferstehung<\/strong>);<\/li>\n<li><em>Lukasevangelium<\/em> (Ochse, Kalb): Seine Opferung (die <strong>Passion<\/strong>);<\/li>\n<li><em>Johannesevangelium<\/em> (Adler): die Ausgie\u00dfung des<strong> Heiligen Geistes<\/strong> (das Pfingstfest).<\/li>\n<\/ul>\n<div class=\"link-article\">\n<p><img loading=\"lazy\" decoding=\"async\" class=\"alignnone size-full wp-image-6101\" src=\"https:\/\/blog.holyart.it\/de\/wp-content\/uploads\/sites\/12\/2025\/04\/Der-heilige-Matthaeus-Apostel-Evangelist-und-Maertyrer.jpg\" alt=\"Der heilige Matth\u00e4us, Apostel, Evangelist und M\u00e4rtyrer\" width=\"150\" height=\"99\" data-kale-share-title=\"Die Symbole der Evangelisten und ihre Bedeutung\" data-kale-share-url=\"https:\/\/blog.holyart.it\/de\/?p=6096\" \/><\/p>\n<div class=\"leggi-anche\">Lesen Sie auch:<\/div>\n<p><strong><a href=\"https:\/\/www.holyart.de\/blog\/devotionalien\/der-heilige-matthaeus-apostel-evangelist-und-maertyrer\/\">Der heilige Matth\u00e4us, Apostel, Evangelist und M\u00e4rtyrer<\/a><\/strong><br \/>\nAm 21. September feiern wir den heiligen Matth\u00e4us, Evangelist, Apostel und M\u00e4rtyrer. Wer war er und wie wurde er zum Apostel?<\/p>\n<\/div>\n<p>Nach Iren\u00e4us kann man bereits aus dem <strong>Prolog<\/strong> der jeweiligen Evangelien das Symbol des jeweiligen Evangelisten, den Kern der vierfachen Botschaft des Evangeliums und den besonderen Aspekt Christi, der in diesem Text im Mittelpunkt steht, ableiten.<\/p>\n<p>Auch <strong>Hieronymus<\/strong> greift die von Iren\u00e4us identifizierte Symbolik auf, indem er sie nicht nur auf vier Aspekte der Gestalt Jesu, sondern auch auf <strong>vier Phasen seines sterblichen Lebens<\/strong> anwendet. Nach Hieronymus:<\/p>\n<ul>\n<li>wurde Christus als Mensch geboren (<strong>Inkarnation<\/strong>, gefl\u00fcgelter Mann, <em>Matth\u00e4usevangelium<\/em>);<\/li>\n<li>starb als geopfertes Kalb (<strong>Passion<\/strong>, Ochse, Kalb, <em>Lukasevangelium<\/em>);<\/li>\n<li>auferstand von den Toten mit der Kraft eines L\u00f6wen (<strong>Auferstehung<\/strong>, L\u00f6we, <strong>Markusevangelium<\/strong>);<\/li>\n<li>flog wie ein Adler in den Himmel auf (<strong>Himmelfahrt<\/strong>, Adler, <em>Johannesevangelium<\/em>).<\/li>\n<\/ul>\n<p>Im Laufe der Jahrhunderte haben sich andere Gelehrte und Gl\u00e4ubige mit den Evangelisten und ihren Symbolen befasst und verschiedene Reihenfolgen und Kombinationen zwischen ihnen festgelegt. Der <strong>Tetramorph<\/strong>, eine Art ikonografische Darstellung, die sich aus vier Elementen zusammensetzt, die bereits in der Symbolik des Nahen Ostens zu finden sind (man denke nur an die Schutzgeister, die die babylonischen K\u00f6nigspal\u00e4ste bewachten), hat in der <strong><a href=\"https:\/\/www.holyart.de\/devotionalien\/ikonen?flags=true\">christlichen Ikonografie und Sakralkunst<\/a><\/strong> breite Verwendung gefunden.<\/p>\n<div class=\"link-product\">\n<div class=\"blocco-immagine\"><img loading=\"lazy\" decoding=\"async\" class=\"alignnone size-full wp-image-6103\" src=\"https:\/\/blog.holyart.it\/de\/wp-content\/uploads\/sites\/12\/2025\/04\/Ikone-Heiliger-Evangelist-Lukas-ovale-Form.jpg\" alt=\"Ikone Heiliger Evangelist Lukas ovale Form\" width=\"100\" height=\"100\" data-kale-share-title=\"Die Symbole der Evangelisten und ihre Bedeutung\" data-kale-share-url=\"https:\/\/blog.holyart.it\/de\/?p=6096\" \/><\/div>\n<div class=\"blocco-contenuto\">\n<div class=\"blocco-acquista\">Einkaufen:<\/div>\n<div class=\"blocco-titolo\"><a href=\"https:\/\/www.holyart.de\/devotionalien\/ikonen\/rumanische-ikonen\/ikone-heiliger-evangelist-lukas-ovale-form\">Ikone Heiliger Evangelist Lukas ovale Form<\/a><\/div>\n<div class=\"blocco-descrizione\">Der Heilige Lukas wird wie die anderen Evangelisten in seinem Schreibzimmer dargestellt.<\/div>\n<\/div>\n<\/div>\n<p>Und nicht nur das. Die Symbole der vier Evangelisten bestimmen auch die <strong>Reihenfolge<\/strong>, in der die Evangelien paginiert sind, sowohl in den alten Kodizes als auch in den modernen <strong><a href=\"https:\/\/www.holyart.de\/devotionalien\/italienische-christliche-bucher\/bibeln-in-italienischer-sprache?page=1\">Bibelausgaben<\/a><\/strong>, die der von Hesekiel kodifizierten Reihenfolge folgen: Mensch (Matth\u00e4us), L\u00f6we (Markus), Ochse (Lukas), Adler (Johannes).<\/p>\n<h2>Matth\u00e4us, der Evangelist<\/h2>\n<p>Das <strong><a href=\"https:\/\/www.holyart.de\/devotionalien\/statuen\/statuen-aus-bemalten-holz\/statue-hl.-matthaus-bemalten-grodnertal-holz\">Matth\u00e4us-Evangelium<\/a><\/strong> beginnt mit einer <strong>Aufz\u00e4hlung der Vorfahren Jesu<\/strong>, einer Liste von M\u00e4nnern, gefolgt von der Schilderung der Geburt und Kindheit Jesu. Einigen Bibelwissenschaftlern zufolge war es das erste, das geschrieben wurde und den Ausgangspunkt f\u00fcr die Evangelien nach Markus und Lukas bildete, w\u00e4hrend es anderen zufolge gr\u00f6\u00dftenteils aus dem Markusevangelium \u00fcbernommen wurde.<\/p>\n<p>Sicher ist, dass der Evangelist Matth\u00e4us ausf\u00fchrlich auf <a href=\"https:\/\/www.holyart.de\/blog\/devotionalien\/die-verlorenen-jahre-im-leben-von-jesus\/\"><strong>das Leben des Menschen Jesus<\/strong><\/a> einging, indem er mit seiner Genealogie begann und seine menschliche Geschichte betonte. Aus diesem Grund wurde er mit der Figur des Tetramorphs mit dem <strong>Gesicht eines Menschen<\/strong> oder eines Engels in Verbindung gebracht, wobei der Engel an sich die Verbindung zwischen dem menschlichen Aspekt und der jenseitigen Natur symbolisiert.<\/p>\n<div class=\"link-product\">\n<div class=\"blocco-immagine\"><img loading=\"lazy\" decoding=\"async\" class=\"alignnone size-full wp-image-6105\" src=\"https:\/\/blog.holyart.it\/de\/wp-content\/uploads\/sites\/12\/2025\/04\/Statue-Hl.-Matthaeus-bemalten-Groednertal-Holz.jpg\" alt=\"Statue Hl. Matth\u00e4us bemalten Gr\u00f6dnertal Holz\" width=\"100\" height=\"100\" data-kale-share-title=\"Die Symbole der Evangelisten und ihre Bedeutung\" data-kale-share-url=\"https:\/\/blog.holyart.it\/de\/?p=6096\" \/><\/div>\n<div class=\"blocco-contenuto\">\n<div class=\"blocco-acquista\">Einkaufen:<\/div>\n<div class=\"blocco-titolo\"><a href=\"https:\/\/www.holyart.de\/devotionalien\/statuen\/statuen-aus-bemalten-holz\/statue-hl.-matthaus-bemalten-grodnertal-holz\">Statue Hl. Matth\u00e4us bemalten Gr\u00f6dnertal Holz<\/a><\/div>\n<div class=\"blocco-descrizione\">Statue des Heiligen Matth\u00e4us realisiert aus Gr\u00f6dnertal Holz und handbemalt.<\/div>\n<\/div>\n<\/div>\n<h2>Markus, der Evangelist<\/h2>\n<p>Das Markusevangelium beginnt mit <strong>Johannes dem T\u00e4ufer<\/strong>, demjenigen, der die Aufgabe \u00fcbernommen hat, die Ankunft des Messias vorzubereiten. In Felle gekleidet und in seine Rolle vertieft, kann man sich Johannes den T\u00e4ufer leicht als einen <strong>L\u00f6wen<\/strong> vorstellen, der mit m\u00e4chtiger, br\u00fcllender Stimme verk\u00fcndet, dass die Zeit kommt. Im Mittelalter war der L\u00f6we ein Symbol der Gerechtigkeit. Sein majest\u00e4tischer Kopf wies auf die g\u00f6ttliche Natur hin, sein K\u00f6rper und seine Pfoten auf die menschliche. Der <strong><a href=\"https:\/\/www.holyart.de\/devotionalien\/statuen\/statuen-aus-resin-und-pvc\/heiliger-markus-evangelist-30cm-aus-harz\">Evangelist Markus<\/a><\/strong> vernachl\u00e4ssigt die Kindheit Jesu, aber er geht auch ausf\u00fchrlich auf die Passion ein, und viele Kunstwerke, die sich auf diese Episode beziehen, wurden von seinem Evangelium inspiriert.<\/p>\n<div class=\"link-product\">\n<div class=\"blocco-immagine\"><img loading=\"lazy\" decoding=\"async\" class=\"alignnone size-full wp-image-6107\" src=\"https:\/\/blog.holyart.it\/de\/wp-content\/uploads\/sites\/12\/2025\/04\/Heiliger-Markus-Evangelist-30cm-aus-Harz.jpg\" alt=\"Heiliger Markus Evangelist 30cm aus Harz\" width=\"100\" height=\"100\" data-kale-share-title=\"Die Symbole der Evangelisten und ihre Bedeutung\" data-kale-share-url=\"https:\/\/blog.holyart.it\/de\/?p=6096\" \/><\/div>\n<div class=\"blocco-contenuto\">\n<div class=\"blocco-acquista\">Einkaufen:<\/div>\n<div class=\"blocco-titolo\"><a href=\"https:\/\/www.holyart.de\/devotionalien\/statuen\/statuen-aus-resin-und-pvc\/heiliger-markus-evangelist-30cm-aus-harz\">Heiliger Markus Evangelist 30cm aus Harz<\/a><\/div>\n<div class=\"blocco-descrizione\">Statue des Evangelists Markus realisiert aus Harz und handbemalt.<\/div>\n<\/div>\n<\/div>\n<h2>Lukas, der Evangelist<\/h2>\n<p>Das <strong>Lukasevangelium<\/strong> beginnt mit einem Opfer: Zacharias, der Ehemann von Elisabeth, einer Verwandten der Jungfrau Maria, opfert Gott einen <strong>Ochsen<\/strong>. Dann hat er eine Vision, in der ihm offenbart wird, dass seine Frau die Mutter eines Kindes sein wird, dem sie den Namen Johannes geben werden. Dieses Kind wird der T\u00e4ufer werden.<\/p>\n<p>Von Anfang an wird deutlich, wie der <strong><a href=\"https:\/\/www.holyart.de\/kirchenbedarf\/paramente\/pultbehange\/pultbehang-aus-lurex-und-baumwolle-mit-dem-heiligen-lukas-dem-evangelisten-auf-elfenbeinfarbenem-hintergrund\">Evangelist Lukas<\/a><\/strong> das Thema des Opfers in den Mittelpunkt stellt, und zwar nicht nur das von Christus, sondern auch das von Maria, auf deren Geschichte Lukas ausf\u00fchrlich eingeht.<\/p>\n<h2>Johannes der Evangelist<\/h2>\n<p>Das <strong><a href=\"https:\/\/www.holyart.de\/blog\/devotionalien\/der-geliebte-juenger-wer-war-der-geliebte-juenger-jesu\/\">Johannesevangelium<\/a> <\/strong>l\u00e4sst erahnen, dass dieser Evangelist der beliebteste unter den Aposteln war, die Jesus folgten. Sein Evangelium ist ein zutiefst mystischer Text, der von <strong>Spiritualit\u00e4t<\/strong> durchdrungen ist und wenig mit menschlichen Ereignissen zu tun hat, sondern vielmehr mit deren tieferer und religi\u00f6ser Bedeutung. Schon im Prolog seines Evangeliums verweilt Johannes beim Konzept des Wortes, des Wortes Gottes, das f\u00e4hig ist, die Finsternis zu vertreiben. Man glaubte, der <strong>Adler<\/strong> k\u00f6nne in die Sonne blicken, ohne von ihr geblendet zu werden, und so wurde dem heiligen Johannes, der in die Tiefen Gottes blicken wollte, dieses Symbol gegeben.<\/p>\n<div class=\"link-article\">\n<p><img loading=\"lazy\" decoding=\"async\" class=\"alignnone size-full wp-image-6109\" src=\"https:\/\/blog.holyart.it\/de\/wp-content\/uploads\/sites\/12\/2025\/04\/Der-geliebte-Juenger-Wer-war-der-\u201egeliebte-Juenger-Jesu.jpeg\" alt=\"Der geliebte J\u00fcnger Wer war der \u201egeliebte\u201c J\u00fcnger Jesu\" width=\"150\" height=\"99\" data-kale-share-title=\"Die Symbole der Evangelisten und ihre Bedeutung\" data-kale-share-url=\"https:\/\/blog.holyart.it\/de\/?p=6096\" \/><\/p>\n<div class=\"leggi-anche\">Lesen Sie auch:<\/div>\n<p><strong><a href=\"https:\/\/www.holyart.de\/blog\/devotionalien\/der-geliebte-juenger-wer-war-der-geliebte-juenger-jesu\/\">Der geliebte J\u00fcnger: Wer war der \u201egeliebte\u201c J\u00fcnger Jesu?<\/a><\/strong><br \/>\nJohannes, der geliebte J\u00fcnger von Jesus. Als Fischer, wie seine Br\u00fcder Simon Petrus und Andreas, hatte er eine besondere Beziehung&#8230;<\/p>\n<\/div>\n","protected":false},"excerpt":{"rendered":"<p>Gefl\u00fcgelter Mann, Ochse, L\u00f6we und Adler. Die Symbole der Evangelisten durchziehen seit Jahrhunderten die Geschichte der sakralen Kunst und Theologie. Hier erfahren Sie, wie sie entstanden sind und warum man sie ihnen zugeschrieben hat Ein Tetramorph, ein Begriff griechischen Ursprungs, der seit jeher eine ikonografische&hellip;<\/p>\n","protected":false},"author":1,"featured_media":6097,"comment_status":"closed","ping_status":"open","sticky":false,"template":"","format":"standard","meta":{"_acf_changed":false,"footnotes":""},"categories":[9],"tags":[],"class_list":["post-6096","post","type-post","status-publish","format-standard","has-post-thumbnail","hentry","category-heilige-und-selige"],"acf":[],"yoast_head":"<!-- This site is optimized with the Yoast SEO plugin v26.6 - https:\/\/yoast.com\/wordpress\/plugins\/seo\/ -->\n<title>Die Symbole der Evangelisten und ihre Bedeutung - Holyart.de Blog<\/title>\n<meta name=\"description\" content=\"Gefl\u00fcgelter Mann, Ochse, L\u00f6we und Adler. Die Symbole der Evangelisten durchziehen seit Jahrhunderten die Geschichte der sakralen Kunst und Theologie.\" \/>\n<meta name=\"robots\" content=\"index, follow, max-snippet:-1, max-image-preview:large, max-video-preview:-1\" \/>\n<link rel=\"canonical\" href=\"https:\/\/blog.holyart.it\/de\/heilige-und-selige\/die-symbole-der-evangelisten-und-ihre-bedeutung\/\" \/>\n<meta property=\"og:locale\" content=\"de_DE\" \/>\n<meta property=\"og:type\" content=\"article\" \/>\n<meta property=\"og:title\" content=\"Die Symbole der Evangelisten und ihre Bedeutung - Holyart.de Blog\" \/>\n<meta property=\"og:description\" content=\"Gefl\u00fcgelter Mann, Ochse, L\u00f6we und Adler. Die Symbole der Evangelisten durchziehen seit Jahrhunderten die Geschichte der sakralen Kunst und Theologie.\" \/>\n<meta property=\"og:url\" content=\"https:\/\/blog.holyart.it\/de\/heilige-und-selige\/die-symbole-der-evangelisten-und-ihre-bedeutung\/\" \/>\n<meta property=\"og:site_name\" content=\"Holyart.de Blog\" \/>\n<meta property=\"article:published_time\" content=\"2025-05-26T08:00:38+00:00\" \/>\n<meta property=\"article:modified_time\" content=\"2026-03-02T14:56:10+00:00\" \/>\n<meta property=\"og:image\" content=\"https:\/\/blog.holyart.it\/de\/wp-content\/uploads\/sites\/12\/2025\/04\/Die-Symbole-der-Evangelisten-und-ihre-Bedeutung.jpg\" \/>\n\t<meta property=\"og:image:width\" content=\"1000\" \/>\n\t<meta property=\"og:image:height\" content=\"666\" \/>\n\t<meta property=\"og:image:type\" content=\"image\/jpeg\" \/>\n<meta name=\"author\" content=\"Redazione\" \/>\n<meta name=\"twitter:card\" content=\"summary_large_image\" \/>\n<meta name=\"twitter:label1\" content=\"Verfasst von\" \/>\n\t<meta name=\"twitter:data1\" content=\"Redazione\" \/>\n\t<meta name=\"twitter:label2\" content=\"Gesch\u00e4tzte Lesezeit\" \/>\n\t<meta name=\"twitter:data2\" content=\"8\u00a0Minuten\" \/>\n<script type=\"application\/ld+json\" class=\"yoast-schema-graph\">{\"@context\":\"https:\/\/schema.org\",\"@graph\":[{\"@type\":\"Article\",\"@id\":\"https:\/\/blog.holyart.it\/de\/heilige-und-selige\/die-symbole-der-evangelisten-und-ihre-bedeutung\/#article\",\"isPartOf\":{\"@id\":\"https:\/\/blog.holyart.it\/de\/heilige-und-selige\/die-symbole-der-evangelisten-und-ihre-bedeutung\/\"},\"author\":{\"name\":\"Redazione\",\"@id\":\"https:\/\/blog.holyart.it\/de\/#\/schema\/person\/0a7b686e5af0f856ec1e390dd0baecda\"},\"headline\":\"Die Symbole der Evangelisten und ihre Bedeutung\",\"datePublished\":\"2025-05-26T08:00:38+00:00\",\"dateModified\":\"2026-03-02T14:56:10+00:00\",\"mainEntityOfPage\":{\"@id\":\"https:\/\/blog.holyart.it\/de\/heilige-und-selige\/die-symbole-der-evangelisten-und-ihre-bedeutung\/\"},\"wordCount\":1222,\"publisher\":{\"@id\":\"https:\/\/blog.holyart.it\/de\/#organization\"},\"image\":{\"@id\":\"https:\/\/blog.holyart.it\/de\/heilige-und-selige\/die-symbole-der-evangelisten-und-ihre-bedeutung\/#primaryimage\"},\"thumbnailUrl\":\"https:\/\/blog.holyart.it\/de\/wp-content\/uploads\/sites\/12\/2025\/04\/Die-Symbole-der-Evangelisten-und-ihre-Bedeutung.jpg\",\"articleSection\":[\"Heilige und Selige\"],\"inLanguage\":\"de\"},{\"@type\":\"WebPage\",\"@id\":\"https:\/\/blog.holyart.it\/de\/heilige-und-selige\/die-symbole-der-evangelisten-und-ihre-bedeutung\/\",\"url\":\"https:\/\/blog.holyart.it\/de\/heilige-und-selige\/die-symbole-der-evangelisten-und-ihre-bedeutung\/\",\"name\":\"Die Symbole der Evangelisten und ihre Bedeutung - Holyart.de Blog\",\"isPartOf\":{\"@id\":\"https:\/\/blog.holyart.it\/de\/#website\"},\"primaryImageOfPage\":{\"@id\":\"https:\/\/blog.holyart.it\/de\/heilige-und-selige\/die-symbole-der-evangelisten-und-ihre-bedeutung\/#primaryimage\"},\"image\":{\"@id\":\"https:\/\/blog.holyart.it\/de\/heilige-und-selige\/die-symbole-der-evangelisten-und-ihre-bedeutung\/#primaryimage\"},\"thumbnailUrl\":\"https:\/\/blog.holyart.it\/de\/wp-content\/uploads\/sites\/12\/2025\/04\/Die-Symbole-der-Evangelisten-und-ihre-Bedeutung.jpg\",\"datePublished\":\"2025-05-26T08:00:38+00:00\",\"dateModified\":\"2026-03-02T14:56:10+00:00\",\"description\":\"Gefl\u00fcgelter Mann, Ochse, L\u00f6we und Adler. Die Symbole der Evangelisten durchziehen seit Jahrhunderten die Geschichte der sakralen Kunst und Theologie.\",\"breadcrumb\":{\"@id\":\"https:\/\/blog.holyart.it\/de\/heilige-und-selige\/die-symbole-der-evangelisten-und-ihre-bedeutung\/#breadcrumb\"},\"inLanguage\":\"de\",\"potentialAction\":[{\"@type\":\"ReadAction\",\"target\":[\"https:\/\/blog.holyart.it\/de\/heilige-und-selige\/die-symbole-der-evangelisten-und-ihre-bedeutung\/\"]}]},{\"@type\":\"ImageObject\",\"inLanguage\":\"de\",\"@id\":\"https:\/\/blog.holyart.it\/de\/heilige-und-selige\/die-symbole-der-evangelisten-und-ihre-bedeutung\/#primaryimage\",\"url\":\"https:\/\/blog.holyart.it\/de\/wp-content\/uploads\/sites\/12\/2025\/04\/Die-Symbole-der-Evangelisten-und-ihre-Bedeutung.jpg\",\"contentUrl\":\"https:\/\/blog.holyart.it\/de\/wp-content\/uploads\/sites\/12\/2025\/04\/Die-Symbole-der-Evangelisten-und-ihre-Bedeutung.jpg\",\"width\":1000,\"height\":666,\"caption\":\"Die Symbole der Evangelisten und ihre Bedeutung\"},{\"@type\":\"BreadcrumbList\",\"@id\":\"https:\/\/blog.holyart.it\/de\/heilige-und-selige\/die-symbole-der-evangelisten-und-ihre-bedeutung\/#breadcrumb\",\"itemListElement\":[{\"@type\":\"ListItem\",\"position\":1,\"name\":\"Homepage\",\"item\":\"https:\/\/blog.holyart.it\/de\/\"},{\"@type\":\"ListItem\",\"position\":2,\"name\":\"Heilige und Selige\",\"item\":\"https:\/\/blog.holyart.it\/de\/heilige-und-selige\/\"},{\"@type\":\"ListItem\",\"position\":3,\"name\":\"Die Symbole der Evangelisten und ihre Bedeutung\"}]},{\"@type\":\"WebSite\",\"@id\":\"https:\/\/blog.holyart.it\/de\/#website\",\"url\":\"https:\/\/blog.holyart.it\/de\/\",\"name\":\"Holyart.de Blog\",\"description\":\"Holyblog\",\"publisher\":{\"@id\":\"https:\/\/blog.holyart.it\/de\/#organization\"},\"potentialAction\":[{\"@type\":\"SearchAction\",\"target\":{\"@type\":\"EntryPoint\",\"urlTemplate\":\"https:\/\/blog.holyart.it\/de\/?s={search_term_string}\"},\"query-input\":{\"@type\":\"PropertyValueSpecification\",\"valueRequired\":true,\"valueName\":\"search_term_string\"}}],\"inLanguage\":\"de\"},{\"@type\":\"Organization\",\"@id\":\"https:\/\/blog.holyart.it\/de\/#organization\",\"name\":\"Holyart.de Blog\",\"url\":\"https:\/\/blog.holyart.it\/de\/\",\"logo\":{\"@type\":\"ImageObject\",\"inLanguage\":\"de\",\"@id\":\"https:\/\/blog.holyart.it\/de\/#\/schema\/logo\/image\/\",\"url\":\"https:\/\/blog.holyart.it\/de\/wp-content\/uploads\/sites\/12\/2022\/12\/Holyart_Blog_Logo.jpg\",\"contentUrl\":\"https:\/\/blog.holyart.it\/de\/wp-content\/uploads\/sites\/12\/2022\/12\/Holyart_Blog_Logo.jpg\",\"width\":300,\"height\":50,\"caption\":\"Holyart.de Blog\"},\"image\":{\"@id\":\"https:\/\/blog.holyart.it\/de\/#\/schema\/logo\/image\/\"}},{\"@type\":\"Person\",\"@id\":\"https:\/\/blog.holyart.it\/de\/#\/schema\/person\/0a7b686e5af0f856ec1e390dd0baecda\",\"name\":\"Redazione\",\"image\":{\"@type\":\"ImageObject\",\"inLanguage\":\"de\",\"@id\":\"https:\/\/blog.holyart.it\/de\/#\/schema\/person\/image\/\",\"url\":\"https:\/\/secure.gravatar.com\/avatar\/f477da817f43e50d0af36abecd33e3edf826c68299714bdc1057dff3b113f516?s=96&d=mm&r=g\",\"contentUrl\":\"https:\/\/secure.gravatar.com\/avatar\/f477da817f43e50d0af36abecd33e3edf826c68299714bdc1057dff3b113f516?s=96&d=mm&r=g\",\"caption\":\"Redazione\"}}]}<\/script>\n<!-- \/ Yoast SEO plugin. -->","yoast_head_json":{"title":"Die Symbole der Evangelisten und ihre Bedeutung - Holyart.de Blog","description":"Gefl\u00fcgelter Mann, Ochse, L\u00f6we und Adler. Die Symbole der Evangelisten durchziehen seit Jahrhunderten die Geschichte der sakralen Kunst und Theologie.","robots":{"index":"index","follow":"follow","max-snippet":"max-snippet:-1","max-image-preview":"max-image-preview:large","max-video-preview":"max-video-preview:-1"},"canonical":"https:\/\/blog.holyart.it\/de\/heilige-und-selige\/die-symbole-der-evangelisten-und-ihre-bedeutung\/","og_locale":"de_DE","og_type":"article","og_title":"Die Symbole der Evangelisten und ihre Bedeutung - Holyart.de Blog","og_description":"Gefl\u00fcgelter Mann, Ochse, L\u00f6we und Adler. Die Symbole der Evangelisten durchziehen seit Jahrhunderten die Geschichte der sakralen Kunst und Theologie.","og_url":"https:\/\/blog.holyart.it\/de\/heilige-und-selige\/die-symbole-der-evangelisten-und-ihre-bedeutung\/","og_site_name":"Holyart.de Blog","article_published_time":"2025-05-26T08:00:38+00:00","article_modified_time":"2026-03-02T14:56:10+00:00","og_image":[{"width":1000,"height":666,"url":"https:\/\/blog.holyart.it\/de\/wp-content\/uploads\/sites\/12\/2025\/04\/Die-Symbole-der-Evangelisten-und-ihre-Bedeutung.jpg","type":"image\/jpeg"}],"author":"Redazione","twitter_card":"summary_large_image","twitter_misc":{"Verfasst von":"Redazione","Gesch\u00e4tzte Lesezeit":"8\u00a0Minuten"},"schema":{"@context":"https:\/\/schema.org","@graph":[{"@type":"Article","@id":"https:\/\/blog.holyart.it\/de\/heilige-und-selige\/die-symbole-der-evangelisten-und-ihre-bedeutung\/#article","isPartOf":{"@id":"https:\/\/blog.holyart.it\/de\/heilige-und-selige\/die-symbole-der-evangelisten-und-ihre-bedeutung\/"},"author":{"name":"Redazione","@id":"https:\/\/blog.holyart.it\/de\/#\/schema\/person\/0a7b686e5af0f856ec1e390dd0baecda"},"headline":"Die Symbole der Evangelisten und ihre Bedeutung","datePublished":"2025-05-26T08:00:38+00:00","dateModified":"2026-03-02T14:56:10+00:00","mainEntityOfPage":{"@id":"https:\/\/blog.holyart.it\/de\/heilige-und-selige\/die-symbole-der-evangelisten-und-ihre-bedeutung\/"},"wordCount":1222,"publisher":{"@id":"https:\/\/blog.holyart.it\/de\/#organization"},"image":{"@id":"https:\/\/blog.holyart.it\/de\/heilige-und-selige\/die-symbole-der-evangelisten-und-ihre-bedeutung\/#primaryimage"},"thumbnailUrl":"https:\/\/blog.holyart.it\/de\/wp-content\/uploads\/sites\/12\/2025\/04\/Die-Symbole-der-Evangelisten-und-ihre-Bedeutung.jpg","articleSection":["Heilige und Selige"],"inLanguage":"de"},{"@type":"WebPage","@id":"https:\/\/blog.holyart.it\/de\/heilige-und-selige\/die-symbole-der-evangelisten-und-ihre-bedeutung\/","url":"https:\/\/blog.holyart.it\/de\/heilige-und-selige\/die-symbole-der-evangelisten-und-ihre-bedeutung\/","name":"Die Symbole der Evangelisten und ihre Bedeutung - Holyart.de Blog","isPartOf":{"@id":"https:\/\/blog.holyart.it\/de\/#website"},"primaryImageOfPage":{"@id":"https:\/\/blog.holyart.it\/de\/heilige-und-selige\/die-symbole-der-evangelisten-und-ihre-bedeutung\/#primaryimage"},"image":{"@id":"https:\/\/blog.holyart.it\/de\/heilige-und-selige\/die-symbole-der-evangelisten-und-ihre-bedeutung\/#primaryimage"},"thumbnailUrl":"https:\/\/blog.holyart.it\/de\/wp-content\/uploads\/sites\/12\/2025\/04\/Die-Symbole-der-Evangelisten-und-ihre-Bedeutung.jpg","datePublished":"2025-05-26T08:00:38+00:00","dateModified":"2026-03-02T14:56:10+00:00","description":"Gefl\u00fcgelter Mann, Ochse, L\u00f6we und Adler. Die Symbole der Evangelisten durchziehen seit Jahrhunderten die Geschichte der sakralen Kunst und Theologie.","breadcrumb":{"@id":"https:\/\/blog.holyart.it\/de\/heilige-und-selige\/die-symbole-der-evangelisten-und-ihre-bedeutung\/#breadcrumb"},"inLanguage":"de","potentialAction":[{"@type":"ReadAction","target":["https:\/\/blog.holyart.it\/de\/heilige-und-selige\/die-symbole-der-evangelisten-und-ihre-bedeutung\/"]}]},{"@type":"ImageObject","inLanguage":"de","@id":"https:\/\/blog.holyart.it\/de\/heilige-und-selige\/die-symbole-der-evangelisten-und-ihre-bedeutung\/#primaryimage","url":"https:\/\/blog.holyart.it\/de\/wp-content\/uploads\/sites\/12\/2025\/04\/Die-Symbole-der-Evangelisten-und-ihre-Bedeutung.jpg","contentUrl":"https:\/\/blog.holyart.it\/de\/wp-content\/uploads\/sites\/12\/2025\/04\/Die-Symbole-der-Evangelisten-und-ihre-Bedeutung.jpg","width":1000,"height":666,"caption":"Die Symbole der Evangelisten und ihre Bedeutung"},{"@type":"BreadcrumbList","@id":"https:\/\/blog.holyart.it\/de\/heilige-und-selige\/die-symbole-der-evangelisten-und-ihre-bedeutung\/#breadcrumb","itemListElement":[{"@type":"ListItem","position":1,"name":"Homepage","item":"https:\/\/blog.holyart.it\/de\/"},{"@type":"ListItem","position":2,"name":"Heilige und Selige","item":"https:\/\/blog.holyart.it\/de\/heilige-und-selige\/"},{"@type":"ListItem","position":3,"name":"Die Symbole der Evangelisten und ihre Bedeutung"}]},{"@type":"WebSite","@id":"https:\/\/blog.holyart.it\/de\/#website","url":"https:\/\/blog.holyart.it\/de\/","name":"Holyart.de Blog","description":"Holyblog","publisher":{"@id":"https:\/\/blog.holyart.it\/de\/#organization"},"potentialAction":[{"@type":"SearchAction","target":{"@type":"EntryPoint","urlTemplate":"https:\/\/blog.holyart.it\/de\/?s={search_term_string}"},"query-input":{"@type":"PropertyValueSpecification","valueRequired":true,"valueName":"search_term_string"}}],"inLanguage":"de"},{"@type":"Organization","@id":"https:\/\/blog.holyart.it\/de\/#organization","name":"Holyart.de Blog","url":"https:\/\/blog.holyart.it\/de\/","logo":{"@type":"ImageObject","inLanguage":"de","@id":"https:\/\/blog.holyart.it\/de\/#\/schema\/logo\/image\/","url":"https:\/\/blog.holyart.it\/de\/wp-content\/uploads\/sites\/12\/2022\/12\/Holyart_Blog_Logo.jpg","contentUrl":"https:\/\/blog.holyart.it\/de\/wp-content\/uploads\/sites\/12\/2022\/12\/Holyart_Blog_Logo.jpg","width":300,"height":50,"caption":"Holyart.de Blog"},"image":{"@id":"https:\/\/blog.holyart.it\/de\/#\/schema\/logo\/image\/"}},{"@type":"Person","@id":"https:\/\/blog.holyart.it\/de\/#\/schema\/person\/0a7b686e5af0f856ec1e390dd0baecda","name":"Redazione","image":{"@type":"ImageObject","inLanguage":"de","@id":"https:\/\/blog.holyart.it\/de\/#\/schema\/person\/image\/","url":"https:\/\/secure.gravatar.com\/avatar\/f477da817f43e50d0af36abecd33e3edf826c68299714bdc1057dff3b113f516?s=96&d=mm&r=g","contentUrl":"https:\/\/secure.gravatar.com\/avatar\/f477da817f43e50d0af36abecd33e3edf826c68299714bdc1057dff3b113f516?s=96&d=mm&r=g","caption":"Redazione"}}]}},"_links":{"self":[{"href":"https:\/\/blog.holyart.it\/de\/wp-json\/wp\/v2\/posts\/6096","targetHints":{"allow":["GET"]}}],"collection":[{"href":"https:\/\/blog.holyart.it\/de\/wp-json\/wp\/v2\/posts"}],"about":[{"href":"https:\/\/blog.holyart.it\/de\/wp-json\/wp\/v2\/types\/post"}],"author":[{"embeddable":true,"href":"https:\/\/blog.holyart.it\/de\/wp-json\/wp\/v2\/users\/1"}],"replies":[{"embeddable":true,"href":"https:\/\/blog.holyart.it\/de\/wp-json\/wp\/v2\/comments?post=6096"}],"version-history":[{"count":9,"href":"https:\/\/blog.holyart.it\/de\/wp-json\/wp\/v2\/posts\/6096\/revisions"}],"predecessor-version":[{"id":6112,"href":"https:\/\/blog.holyart.it\/de\/wp-json\/wp\/v2\/posts\/6096\/revisions\/6112"}],"wp:featuredmedia":[{"embeddable":true,"href":"https:\/\/blog.holyart.it\/de\/wp-json\/wp\/v2\/media\/6097"}],"wp:attachment":[{"href":"https:\/\/blog.holyart.it\/de\/wp-json\/wp\/v2\/media?parent=6096"}],"wp:term":[{"taxonomy":"category","embeddable":true,"href":"https:\/\/blog.holyart.it\/de\/wp-json\/wp\/v2\/categories?post=6096"},{"taxonomy":"post_tag","embeddable":true,"href":"https:\/\/blog.holyart.it\/de\/wp-json\/wp\/v2\/tags?post=6096"}],"curies":[{"name":"wp","href":"https:\/\/api.w.org\/{rel}","templated":true}]}}