{"id":6065,"date":"2025-05-21T10:00:43","date_gmt":"2025-05-21T08:00:43","guid":{"rendered":"https:\/\/blog.holyart.it\/de\/?p=6065"},"modified":"2026-03-06T11:04:43","modified_gmt":"2026-03-06T10:04:43","slug":"geschenkideen-zum-vatertag","status":"publish","type":"post","link":"https:\/\/blog.holyart.it\/de\/besondere-anlassen\/geschenkideen-zum-vatertag\/","title":{"rendered":"Geschenkideen zum Vatertag"},"content":{"rendered":"<h4>Hier sind einige Geschenkideen f\u00fcr den Vatertag. Besondere Gedanken f\u00fcr diejenigen, die einen sehr schwierigen \u201eJob\u201c machen&#8230;.<\/h4>\n<p>\u201e<em>Liebe V\u00e4ter, ich w\u00fcnsche euch alles Gute zu eurem Tag! Seid f\u00fcr eure Kinder wie der heilige Josef: Besch\u00fctzer ihres Wachstums in Alter, Weisheit und Gnade<\/em>\u201c. Diese Botschaft twitterte Papst Franziskus anl\u00e4sslich des Vatertags am 19. M\u00e4rz 2018. Die Aufmerksamkeit, die unser Heiliger Vater diesem Jahrestag widmet, ist allen bekannt. <strong><a href=\"https:\/\/www.holyart.de\/besondere-anlasse\/papst-franziskus?page=1\">Papst Franziskus<\/a><\/strong> hat sich schon immer sehr f\u00fcr den <a href=\"https:\/\/www.holyart.de\/blog\/heilige-und-selige\/heiliger-josef-patron-der-ganzen-kirche\/\"><strong>heiligen Josef, den mutma\u00dflichen Vater Jesu<\/strong><\/a>, eingesetzt, der am 19. M\u00e4rz zusammen mit allen anderen V\u00e4tern der Welt gefeiert und erinnert wird. Es ist kein Zufall, dass der Papst den 19. M\u00e4rz f\u00fcr die Weihe auf den p\u00e4pstlichen Thron ausw\u00e4hlte und au\u00dferdem verf\u00fcgte, dass das Jahr 2021 ganz dem Heiligen Josef gewidmet sein sollte. Bekannt ist auch seine Angewohnheit, seit seiner Zeit im Priesterseminar eine kleine Statue des <strong><a href=\"https:\/\/www.holyart.de\/blog\/heilige-und-selige\/der-schlafende-heilige-josef-schutzpatron-von-papst-franziskus\/\"><u>schlafenden heiligen Josef<\/u><\/a><\/strong> mit sich zu tragen, von der der Papst gestanden hat, dass er sie oft um Rat fragt.<\/p>\n<div class=\"link-article\">\n<p><img loading=\"lazy\" decoding=\"async\" class=\"alignnone size-full wp-image-6069\" src=\"https:\/\/blog.holyart.it\/de\/wp-content\/uploads\/sites\/12\/2025\/04\/St.-Joseph-der-mutmassliche-Vater-von-Jesus.jpg\" alt=\"St. Joseph der mutma\u00dfliche Vater von Jesus\" width=\"130\" height=\"99\" data-kale-share-title=\"Geschenkideen zum Vatertag\" data-kale-share-url=\"https:\/\/blog.holyart.it\/de\/?p=6065\" \/><\/p>\n<div class=\"leggi-anche\">Lesen Sie auch:<\/div>\n<p><strong><a href=\"https:\/\/www.holyart.de\/blog\/heilige-und-selige\/heiliger-josef-patron-der-ganzen-kirche\/\">St. Joseph: der mutma\u00dfliche Vater von Jesus<\/a><\/strong><br \/>\nDer Heilige Joseph ist eine der beliebtesten christlichen Figuren. Er ist der vermeintliche Vater von Jesus und treue Mann Marias&#8230;<\/p>\n<\/div>\n<p>Da wir heute einige Geschenkideen f\u00fcr den Vatertag vorschlagen wollen, fanden wir es sch\u00f6n, unseren Artikel mit diesem Zitat zu er\u00f6ffnen, das in seiner Einfachheit vielleicht die tiefste Bedeutung des <strong>Vaterseins<\/strong> in der heutigen Zeit auf den Punkt bringt.<\/p>\n<p>Ein Vater ist in der Tat ein <strong>Besch\u00fctzer<\/strong> f\u00fcr seine Kinder, dessen Aufgabe es ist, sie zu besch\u00fctzen, bis sie in der Lage sind, auf eigenen F\u00fc\u00dfen zu stehen (und in vielen F\u00e4llen auch danach), und ihnen dabei zu helfen, auf die bestm\u00f6gliche Weise aufzuwachsen. Allzu oft geschieht dies nicht. Die moderne Welt mit ihrer Hektik l\u00e4sst V\u00e4ter manchmal ihre Pflicht vergessen, l\u00e4sst sie glauben, dass sie viel Zeit haben, um ihren Kindern nahe zu sein, um eine Rolle in ihrem Leben zu spielen, aber das ist nicht der Fall. Kinder wachsen schnell heran, und es kommt immer h\u00e4ufiger vor, dass die Eltern ins Hintertreffen geraten und jede M\u00f6glichkeit der Einflussnahme auf die Kinder verlieren. So war der <strong><a href=\"https:\/\/www.holyart.de\/besondere-anlasse\/heiliger-josef?page=1&amp;sorter_id=6&amp;sort=20a\">heilige Josef der Besch\u00fctzer Jesu<\/a><\/strong>, er stand ihm in seinen Kinderjahren zur Seite, lehrte ihn sein Handwerk und gab ihm seine Gedanken \u00fcber die Welt und die Dinge weiter.<\/p>\n<p><img loading=\"lazy\" decoding=\"async\" class=\"alignnone size-full wp-image-6067\" src=\"https:\/\/blog.holyart.it\/de\/wp-content\/uploads\/sites\/12\/2025\/04\/heilige-Josef.jpeg\" alt=\"heilige Josef\" width=\"1000\" height=\"666\" data-kale-share-title=\"Geschenkideen zum Vatertag\" data-kale-share-url=\"https:\/\/blog.holyart.it\/de\/?p=6065\" \/><\/p>\n<p>Es sei daran erinnert, dass in der j\u00fcdischen Welt der Beziehung zwischen V\u00e4tern und S\u00f6hnen gro\u00dfe Bedeutung beigemessen wurde.<\/p>\n<p>In Spr\u00fcche 1:8-9 lesen wir: <em>H\u00f6re, mein Sohn, auf die Weisung deines Vaters und verwerfe nicht die Lehre deiner Mutter; denn sie sollen dir eine Krone der Gnade sein auf deinem Haupt und ein Schmuck an deinem Halse; oder in Epheser 6,1-3: Ihr Kinder, seid gehorsam euren Eltern in dem Herrn; denn das ist recht. Du sollst deinen Vater und deine Mutter ehren: Das ist das erste Gebot, das mit einer Verhei\u00dfung verbunden ist: Du sollst gl\u00fccklich sein und ein langes Leben auf Erden haben<\/em>.<\/p>\n<h2>Geschenkideen zum Vatertag<\/h2>\n<p>Was k\u00f6nnte man also einer so wichtigen Person wie Papa zum Vatertag schenken? Wir von <strong>Holyart<\/strong> haben einige Ideen.<\/p>\n<div class=\"sp-styles-warning\" style=\"width: 450px; background-color: #FFF; color: #F00; border: 1px solid #F00; padding: 10px; font-size: 14px;\">\n\t\t\t<span style=\"font-weight: bold;\">Warning: The stylesheets were not loaded!<\/span> \n\t\t\tYou will need to change the <i>Load stylesheets<\/i> setting from <i>Automatically<\/i> to <i>On homepage<\/i> or <i>On all pages<\/i>. \n\t\t\tYou can set that <a style=\"text-decoration: underline; color: #F00;\" href=\"https:\/\/blog.holyart.it\/de\/wp-admin\/admin.php?page=sliderpro-settings\">here<\/a>.\n\t\t\t<\/div>\r\n<div id=\"slider-pro-113\" class=\"slider-pro sp-no-js\" style=\"width: 500px; height: 500px;\">\r\n\t<div class=\"sp-slides\">\r\n\t\t\r\n\t\t<div class=\"sp-slide\">\r\n\t\t\t<img loading=\"lazy\" decoding=\"async\" class=\"sp-image\" src=\"https:\/\/blog.holyart.it\/de\/wp-content\/uploads\/sites\/12\/2025\/04\/Geschenkideen-zum-Vatertag-2.jpg\" alt=\"Geschenkideen zum Vatertag\" width=\"500\" height=\"500\" \/>\r\n\t\t\t<div class=\"sp-thumbnail\"><a class=\"\" href=\"https:\/\/www.holyart.de\/search?params=%7B%22search%22%3A%22vatertag%22%7D&amp;search_term=vatertag\">\r\n\t\t\t\t<img decoding=\"async\" src=\"https:\/\/blog.holyart.it\/de\/wp-content\/uploads\/sites\/12\/2025\/04\/Geschenkideen-zum-Vatertag-1.jpg\" alt=\"Geschenkideen zum Vatertag\" \/>\r\n\t\t\t<\/a>\r\n\t\t\t<\/div>\r\n\t\t\t<div class=\"sp-caption\">Geschenkideen zum Vatertag <\/br><strong><a href=\"https:\/\/www.holyart.de\/search?params=%7B%22search%22%3A%22vatertag%22%7D&amp;search_term=vatertag\">Bei Holyart kaufen<\/a><\/strong><\/div>\r\n\t\t<\/div>\r\n\t\t<div class=\"sp-slide\">\r\n\t\t\t<img loading=\"lazy\" decoding=\"async\" class=\"sp-image\" src=\"https:\/\/blog.holyart.it\/de\/wp-content\/uploads\/sites\/12\/2025\/04\/Heiliger-Josef-1.jpg\" alt=\"Heiliger Josef\" width=\"500\" height=\"500\" \/>\r\n\t\t\t<div class=\"sp-thumbnail\"><a class=\"\" href=\"https:\/\/www.holyart.de\/search?params=%7B%22search%22%3A%22statue%20san%20giuseppe%22%7D&amp;search_term=statue+san+giuseppe\">\r\n\t\t\t\t<img decoding=\"async\" src=\"https:\/\/blog.holyart.it\/de\/wp-content\/uploads\/sites\/12\/2025\/04\/Heiliger-Josef-2.jpg\" alt=\"Heiliger Josef\" \/>\r\n\t\t\t<\/a>\r\n\t\t\t<\/div>\r\n\t\t\t<div class=\"sp-caption\">Heiliger Josef <\/br><strong><a href=\"https:\/\/www.holyart.de\/search?params=%7B%22search%22%3A%22statue%20san%20giuseppe%22%7D&amp;search_term=statue+san+giuseppe\">Bei Holyart kaufen<\/a><\/strong><\/div>\r\n\t\t<\/div>\r\n\t\t<div class=\"sp-slide\">\r\n\t\t\t<img loading=\"lazy\" decoding=\"async\" class=\"sp-image\" src=\"https:\/\/blog.holyart.it\/de\/wp-content\/uploads\/sites\/12\/2025\/04\/automatik-uhr-southern-cross-amen-schwarz-41-mm.jpg\" alt=\"automatik uhr southern cross amen schwarz 41 mm\" width=\"500\" height=\"500\" \/>\r\n\t\t\t<div class=\"sp-thumbnail\"><a class=\"\" href=\"https:\/\/www.holyart.de\/devotionalien\/schmuck\/anhanger-kreuze-broschen-ketten\/automatik-uhr-southern-cross-amen-schwarz-41-mm\">\r\n\t\t\t\t<img decoding=\"async\" src=\"https:\/\/blog.holyart.it\/de\/wp-content\/uploads\/sites\/12\/2025\/04\/automatik-uhr-southern-cross-amen-schwarz-41-mm-Copia.jpg\" alt=\"automatik uhr southern cross amen schwarz 41 mm\" \/>\r\n\t\t\t<\/a>\r\n\t\t\t<\/div>\r\n\t\t\t<div class=\"sp-caption\">Automatik-Uhr, \"Southern Cross\", AMEN, Schwarz, 41 mm <\/br><strong><a href=\"https:\/\/www.holyart.de\/devotionalien\/schmuck\/anhanger-kreuze-broschen-ketten\/automatik-uhr-southern-cross-amen-schwarz-41-mm\">Bei Holyart kaufen<\/a><\/strong><\/div>\r\n\t\t<\/div>\r\n\t\t<div class=\"sp-slide\">\r\n\t\t\t<img loading=\"lazy\" decoding=\"async\" class=\"sp-image\" src=\"https:\/\/blog.holyart.it\/de\/wp-content\/uploads\/sites\/12\/2025\/04\/Heiliger-Benedikt-2.jpg\" alt=\"Heiliger Benedikt\" width=\"500\" height=\"500\" \/>\r\n\t\t\t<div class=\"sp-thumbnail\"><a class=\"\" href=\"https:\/\/www.holyart.de\/besondere-anlasse\/heiliger-benedikt?page=1\">\r\n\t\t\t\t<img decoding=\"async\" src=\"https:\/\/blog.holyart.it\/de\/wp-content\/uploads\/sites\/12\/2025\/04\/Heiliger-Benedikt-1.jpg\" alt=\"Heiliger Benedikt\" \/>\r\n\t\t\t<\/a>\r\n\t\t\t<\/div>\r\n\t\t\t<div class=\"sp-caption\">Heiliger Benedikt <\/br>In dieser Produktkategorie finden Sie Artikel, die dem Heiligen Benedikt, dem Schutzpatron Europas, gewidmet sind: Medaillen, Kruzifixe, Kreuze und vieles mehr.<\/br><strong><a href=\"https:\/\/www.holyart.de\/besondere-anlasse\/heiliger-benedikt?page=1\">Bei Holyart kaufen<\/a><\/strong><\/div>\r\n\t\t<\/div>\r\n\t\t<div class=\"sp-slide\">\r\n\t\t\t<img loading=\"lazy\" decoding=\"async\" class=\"sp-image\" src=\"https:\/\/blog.holyart.it\/de\/wp-content\/uploads\/sites\/12\/2025\/04\/Weiss-und-Rotweine-2.jpg\" alt=\"Wei\u00df- und Rotweine\" width=\"500\" height=\"500\" \/>\r\n\t\t\t<div class=\"sp-thumbnail\"><a class=\"\" href=\"https:\/\/www.holyart.de\/klosterprodukte\/weiss-und-rotweine?page=1\">\r\n\t\t\t\t<img decoding=\"async\" src=\"https:\/\/blog.holyart.it\/de\/wp-content\/uploads\/sites\/12\/2025\/04\/Weiss-und-Rotweine-1.jpg\" alt=\"Wei\u00df- und Rotweine\" \/>\r\n\t\t\t<\/a>\r\n\t\t\t<\/div>\r\n\t\t\t<div class=\"sp-caption\">Wei\u00df- und Rotweine <\/br>Wei\u00df- und Rotweine aus den Kl\u00f6stern, die Fr\u00fcchte der Weinberge, die von den M\u00f6nchen und Nonnen f\u00fcr ihren Lebensunterhalt auf verantwortungsvolle und nat\u00fcrliche Weise verarbeitet werden.<\/br><strong><a href=\"https:\/\/www.holyart.de\/klosterprodukte\/weiss-und-rotweine?page=1\">Bei Holyart kaufen<\/a><\/strong><\/div>\r\n\t\t<\/div>\r\n\t\t<div class=\"sp-slide\">\r\n\t\t\t<img loading=\"lazy\" decoding=\"async\" class=\"sp-image\" src=\"https:\/\/blog.holyart.it\/de\/wp-content\/uploads\/sites\/12\/2025\/04\/Pflegeprodukte-fuer-Maenner-2.jpg\" alt=\"Pflegeprodukte f\u00fcr M\u00e4nner\" width=\"500\" height=\"500\" \/>\r\n\t\t\t<div class=\"sp-thumbnail\"><a class=\"\" href=\"https:\/\/www.holyart.de\/klosterprodukte\/kosmetika-und-atherische-ole\/pflegeprodukte-fur-manner?page=1\">\r\n\t\t\t\t<img decoding=\"async\" src=\"https:\/\/blog.holyart.it\/de\/wp-content\/uploads\/sites\/12\/2025\/04\/Pflegeprodukte-fuer-Maenner-1.jpg\" alt=\"Pflegeprodukte f\u00fcr M\u00e4nner\" \/>\r\n\t\t\t<\/a>\r\n\t\t\t<\/div>\r\n\t\t\t<div class=\"sp-caption\">Pflegeprodukte f\u00fcr M\u00e4nner <\/br>Produkte, die in der Antica Farmacia dei Monaci in Camaldoli (Toskana) und anderen italienischen Kl\u00f6stern hergestellt werden.<\/br><strong><a href=\"https:\/\/www.holyart.de\/klosterprodukte\/kosmetika-und-atherische-ole\/pflegeprodukte-fur-manner?page=1\">Bei Holyart kaufen<\/a><\/strong><\/div>\r\n\t\t<\/div>\r\n\t\t<div class=\"sp-slide\">\r\n\t\t\t<img loading=\"lazy\" decoding=\"async\" class=\"sp-image\" src=\"https:\/\/blog.holyart.it\/de\/wp-content\/uploads\/sites\/12\/2025\/04\/Klosterprodukte-2.jpg\" alt=\"Klosterprodukte\" width=\"500\" height=\"500\" \/>\r\n\t\t\t<div class=\"sp-thumbnail\"><a class=\"\" href=\"https:\/\/www.holyart.de\/klosterprodukte\">\r\n\t\t\t\t<img decoding=\"async\" src=\"https:\/\/blog.holyart.it\/de\/wp-content\/uploads\/sites\/12\/2025\/04\/Klosterprodukte.jpg\" alt=\"Klosterprodukte\" \/>\r\n\t\t\t<\/a>\r\n\t\t\t<\/div>\r\n\t\t\t<div class=\"sp-caption\">Klosterprodukte <\/br>Neben den kosmetischen Produkten des Klosters Camaldoli finden Sie in dieser Produktkategorie auch Bienenprodukte, Honig, Lik\u00f6re, Weine, \u00e4therische \u00d6le, Bonbons und S\u00fc\u00dfigkeiten, Grappas,...<\/br><strong><a href=\"https:\/\/www.holyart.de\/klosterprodukte\">Bei Holyart kaufen<\/a><\/strong><\/div>\r\n\t\t<\/div>\r\n\t<\/div>\r\n<\/div>\n<p>Wir haben \u00fcber den heiligen Josef gesprochen, den mutma\u00dflichen Vater Jesu, dessen Festtag, mit dem aller V\u00e4ter zusammenf\u00e4llt. Warum also nicht unserem Vater <a href=\"https:\/\/www.holyart.de\/search?params=%7B%22search%22%3A%22statua%20san%20giuseppe%22%7D&amp;search_term=statua+san+giuseppe\"><strong>eine kleine Statue des heiligen Josef<\/strong><\/a> schenken, damit er versteht, wie wichtig er uns ist? Vielleicht einen <strong><a href=\"https:\/\/www.holyart.de\/weihnachten\/krippen\/krippen-von-fontanini\/schlafender-heiliger-josef-fontanini-17-cm\">schlafenden Heiligen Josef<\/a><\/strong>, wie ihn Papst Franziskus so sehr mag, der ihn besch\u00fctzt und ihm Ratschl\u00e4ge gibt.<\/p>\n<p>Damit er wei\u00df, dass wir an ihn denken, k\u00f6nnten wir ihm <strong>eine <a href=\"https:\/\/www.holyart.de\/devotionalien\/schmuck\/anhanger-kreuze-broschen-ketten\/automatik-uhr-southern-cross-amen-schwarz-41-mm\">Uhr <\/a><\/strong>oder eine<strong><a href=\"https:\/\/www.holyart.de\/besondere-anlasse\/heiliger-benedikt?page=1\">Medaille des Heiligen Benedikt <\/a><\/strong>zum Schutz schenken, die vielleicht <strong><a href=\"https:\/\/www.holyart.de\/blog\/heilige-und-selige\/heiliger-benedikt-der-heilige-der-die-italienische-handwerkskunst-inspirierte\/\"><u>von einem italienischen Handwerker hergestellt<\/u><\/a><\/strong> wurde. Auch heute noch ist die Medaille des heiligen Benedikt eines der beliebtesten sakralen Symbole, das von den Gl\u00e4ubigen geliebt wird.<\/p>\n<p>Oder eine sch\u00f6ne <a href=\"https:\/\/www.holyart.de\/klosterprodukte\/weiss-und-rotweine?page=1\"><strong>Flasche Wein<\/strong><\/a>, die vielleicht in einer Abtei abgef\u00fcllt wurde, oder, wenn unser Vater Wert auf sein \u00c4u\u00dferes legt, eine Flasche <a href=\"https:\/\/www.holyart.de\/klosterprodukte\/kosmetika-und-atherische-ole\/parfums-eau-de-cologne-deodorants\/duftwasser-fur-herren-zitrusduft-camaldoli-100-ml\"><strong>K\u00f6lnisch Wasser<\/strong><\/a> oder <a href=\"https:\/\/www.holyart.de\/klosterprodukte\/kosmetika-und-atherische-ole\/parfums-eau-de-cologne-deodorants\/duftwasser-fur-herren-zitrusduft-camaldoli-100-ml\"><strong>Rasierwasser <\/strong><\/a>aus der Apotheke von Camaldoli. Wenn wir hingegen einen gierigen Vater haben, wei\u00df er vielleicht ein gutes, in einem Kloster hergestelltes <a href=\"https:\/\/www.holyart.de\/klosterprodukte\"><strong>S\u00fc\u00dfwarenprodukt <\/strong><\/a>zu sch\u00e4tzen. Es gibt k\u00f6stliche Produkte wie <strong><a href=\"https:\/\/www.holyart.de\/klosterprodukte\/konfituren-und-marmeladen?page=1\">Marmelade<\/a><\/strong>, <strong><a href=\"https:\/\/www.holyart.de\/klosterprodukte\/bonbons-susswaren?page=1\">Bonbons<\/a> <\/strong>und <strong><a href=\"https:\/\/www.holyart.de\/klosterprodukte\/bienenprodukte?page=1\">Honig<\/a><\/strong>.<\/p>\n<div class=\"link-product\">\n<div class=\"blocco-immagine\"><img loading=\"lazy\" decoding=\"async\" class=\"alignnone size-full wp-image-6073\" src=\"https:\/\/blog.holyart.it\/de\/wp-content\/uploads\/sites\/12\/2025\/04\/Bitter-Kakao-Pulver-250-Gramm-Trappisti-in-Frattocchie.jpg\" alt=\"Bitter Kakao-Pulver 250 Gramm Trappisti in Frattocchie\" width=\"100\" height=\"100\" data-kale-share-title=\"Geschenkideen zum Vatertag\" data-kale-share-url=\"https:\/\/blog.holyart.it\/de\/?p=6065\" \/><\/div>\n<div class=\"blocco-contenuto\">\n<div class=\"blocco-acquista\">Einkaufen:<\/div>\n<div class=\"blocco-titolo\"><a href=\"https:\/\/www.holyart.de\/klosterprodukte\/schokoladen-aus-trappistenklostern\/bitter-kakao-pulver-250-gramm-trappisti-in-frattocchie\">Bitter Kakao-Pulver 250 Gramm Trappisti in Frattocchie<\/a><\/div>\n<div class=\"blocco-descrizione\">Bitter Kakao-Pulver seit dem 1880 im Kloster in Frattocchie(Rom) produziert; die Grundstoffen werden gruendlich gewaehlt und bearbeitet um eine hohe Qualitaet zu erreichen.<\/div>\n<\/div>\n<\/div>\n<p>Wenn wir gut zum Kochen sind, k\u00f6nnten wir f\u00fcr ihn <strong>Zeppole (eine Art Krapfen)<\/strong> zubereiten, ein typisches Dessert zum Josefstag, vielleicht in einer Kakao-Variante mit Vanille-Creme.Hier das Rezept:<strong> 250 ml Wasser<\/strong> mit einer <strong>Prise Salz und 70 g Butter<\/strong> auf den Herd stellen; wenn es kocht, <strong>130 g Mehl und 30 g <a href=\"https:\/\/www.holyart.de\/klosterprodukte\/schokoladen-aus-trappistenklostern\/bitter-kakao-pulver-250-gramm-trappisti-in-frattocchie\"><u>Bitterkakaopulver<\/u><\/a><\/strong> hinzugeben und r\u00fchren, bis sich die Masse vom Topfboden l\u00f6st. Wenn die Mischung abgek\u00fchlt ist, <strong>4 Eier<\/strong> nacheinander hinzugeben und weiter gut verr\u00fchren. Nun den Teig in einen <em>Spritzbeutel<\/em> f\u00fcllen und auf einem mit Backpapier belegten Backblech die Zeppole formen, die dann 20 Minuten bei 200\u00b0 Umluft im Ofen gebacken werden. \u00d6ffnen Sie den Ofen f\u00fcr die letzten 5 Minuten, schalten Sie ihn dann aus und lassen Sie die Zeppole darin abk\u00fchlen. In der Zwischenzeit die Creme zubereiten, indem <strong>75 g Mehl, 75 g Zucker und 4 Eigelb<\/strong> in einem Topf vermischt werden. <strong>Vanillin und Orangenaroma und 500 ml Milch<\/strong> langsam unter R\u00fchren hinzuf\u00fcgen, damit sich keine Klumpen bilden. Wenn die Creme eingedickt ist, vom Herd nehmen, abk\u00fchlen lassen und dann zum F\u00fcllen der Zeppole verwenden. Vergessen Sie nicht, sie mit Sauerkirschen zu garnieren!<\/p>\n<figure id=\"attachment_6075\" aria-describedby=\"caption-attachment-6075\" style=\"width: 1000px\" class=\"wp-caption alignnone\"><img loading=\"lazy\" decoding=\"async\" class=\"size-full wp-image-6075\" src=\"https:\/\/blog.holyart.it\/de\/wp-content\/uploads\/sites\/12\/2025\/04\/zeppole.png\" alt=\"Zeppole\" width=\"1000\" height=\"671\" data-kale-share-title=\"Geschenkideen zum Vatertag\" data-kale-share-url=\"https:\/\/blog.holyart.it\/de\/?p=6065\" \/><figcaption id=\"caption-attachment-6075\" class=\"wp-caption-text\"><center><strong>Zeppole <\/strong><br \/><em> Pinterest<\/em><\/center><\/figcaption><\/figure>\n","protected":false},"excerpt":{"rendered":"<p>Hier sind einige Geschenkideen f\u00fcr den Vatertag. Besondere Gedanken f\u00fcr diejenigen, die einen sehr schwierigen \u201eJob\u201c machen&#8230;. \u201eLiebe V\u00e4ter, ich w\u00fcnsche euch alles Gute zu eurem Tag! Seid f\u00fcr eure Kinder wie der heilige Josef: Besch\u00fctzer ihres Wachstums in Alter, Weisheit und Gnade\u201c. Diese Botschaft&hellip;<\/p>\n","protected":false},"author":1,"featured_media":6094,"comment_status":"closed","ping_status":"open","sticky":false,"template":"","format":"standard","meta":{"_acf_changed":false,"footnotes":""},"categories":[14],"tags":[],"class_list":["post-6065","post","type-post","status-publish","format-standard","has-post-thumbnail","hentry","category-besondere-anlassen"],"acf":[],"yoast_head":"<!-- This site is optimized with the Yoast SEO plugin v26.6 - https:\/\/yoast.com\/wordpress\/plugins\/seo\/ -->\n<title>Geschenkideen zum Vatertag - Holyart.de Blog<\/title>\n<meta name=\"description\" content=\"Hier sind einige Geschenkideen f\u00fcr den Vatertag. Besondere Gedanken f\u00fcr diejenigen, die einen sehr schwierigen \u201eJob\u201c machen....\" \/>\n<meta name=\"robots\" content=\"index, follow, max-snippet:-1, max-image-preview:large, max-video-preview:-1\" \/>\n<link rel=\"canonical\" href=\"https:\/\/blog.holyart.it\/de\/besondere-anlassen\/geschenkideen-zum-vatertag\/\" \/>\n<meta property=\"og:locale\" content=\"de_DE\" \/>\n<meta property=\"og:type\" content=\"article\" \/>\n<meta property=\"og:title\" content=\"Geschenkideen zum Vatertag - Holyart.de Blog\" \/>\n<meta property=\"og:description\" content=\"Hier sind einige Geschenkideen f\u00fcr den Vatertag. Besondere Gedanken f\u00fcr diejenigen, die einen sehr schwierigen \u201eJob\u201c machen....\" \/>\n<meta property=\"og:url\" content=\"https:\/\/blog.holyart.it\/de\/besondere-anlassen\/geschenkideen-zum-vatertag\/\" \/>\n<meta property=\"og:site_name\" content=\"Holyart.de Blog\" \/>\n<meta property=\"article:published_time\" content=\"2025-05-21T08:00:43+00:00\" \/>\n<meta property=\"article:modified_time\" content=\"2026-03-06T10:04:43+00:00\" \/>\n<meta property=\"og:image\" content=\"https:\/\/blog.holyart.it\/de\/wp-content\/uploads\/sites\/12\/2025\/04\/Geschenkideen-zum-Vatertag.jpeg\" \/>\n\t<meta property=\"og:image:width\" content=\"1000\" \/>\n\t<meta property=\"og:image:height\" content=\"666\" \/>\n\t<meta property=\"og:image:type\" content=\"image\/jpeg\" \/>\n<meta name=\"author\" content=\"Redazione\" \/>\n<meta name=\"twitter:card\" content=\"summary_large_image\" \/>\n<meta name=\"twitter:label1\" content=\"Verfasst von\" \/>\n\t<meta name=\"twitter:data1\" content=\"Redazione\" \/>\n\t<meta name=\"twitter:label2\" content=\"Gesch\u00e4tzte Lesezeit\" \/>\n\t<meta name=\"twitter:data2\" content=\"7\u00a0Minuten\" \/>\n<script type=\"application\/ld+json\" class=\"yoast-schema-graph\">{\"@context\":\"https:\/\/schema.org\",\"@graph\":[{\"@type\":\"Article\",\"@id\":\"https:\/\/blog.holyart.it\/de\/besondere-anlassen\/geschenkideen-zum-vatertag\/#article\",\"isPartOf\":{\"@id\":\"https:\/\/blog.holyart.it\/de\/besondere-anlassen\/geschenkideen-zum-vatertag\/\"},\"author\":{\"name\":\"Redazione\",\"@id\":\"https:\/\/blog.holyart.it\/de\/#\/schema\/person\/0a7b686e5af0f856ec1e390dd0baecda\"},\"headline\":\"Geschenkideen zum Vatertag\",\"datePublished\":\"2025-05-21T08:00:43+00:00\",\"dateModified\":\"2026-03-06T10:04:43+00:00\",\"mainEntityOfPage\":{\"@id\":\"https:\/\/blog.holyart.it\/de\/besondere-anlassen\/geschenkideen-zum-vatertag\/\"},\"wordCount\":958,\"publisher\":{\"@id\":\"https:\/\/blog.holyart.it\/de\/#organization\"},\"image\":{\"@id\":\"https:\/\/blog.holyart.it\/de\/besondere-anlassen\/geschenkideen-zum-vatertag\/#primaryimage\"},\"thumbnailUrl\":\"https:\/\/blog.holyart.it\/de\/wp-content\/uploads\/sites\/12\/2025\/04\/Geschenkideen-zum-Vatertag.jpeg\",\"articleSection\":[\"Besondere Anl\u00e4ssen\"],\"inLanguage\":\"de\"},{\"@type\":\"WebPage\",\"@id\":\"https:\/\/blog.holyart.it\/de\/besondere-anlassen\/geschenkideen-zum-vatertag\/\",\"url\":\"https:\/\/blog.holyart.it\/de\/besondere-anlassen\/geschenkideen-zum-vatertag\/\",\"name\":\"Geschenkideen zum Vatertag - Holyart.de Blog\",\"isPartOf\":{\"@id\":\"https:\/\/blog.holyart.it\/de\/#website\"},\"primaryImageOfPage\":{\"@id\":\"https:\/\/blog.holyart.it\/de\/besondere-anlassen\/geschenkideen-zum-vatertag\/#primaryimage\"},\"image\":{\"@id\":\"https:\/\/blog.holyart.it\/de\/besondere-anlassen\/geschenkideen-zum-vatertag\/#primaryimage\"},\"thumbnailUrl\":\"https:\/\/blog.holyart.it\/de\/wp-content\/uploads\/sites\/12\/2025\/04\/Geschenkideen-zum-Vatertag.jpeg\",\"datePublished\":\"2025-05-21T08:00:43+00:00\",\"dateModified\":\"2026-03-06T10:04:43+00:00\",\"description\":\"Hier sind einige Geschenkideen f\u00fcr den Vatertag. Besondere Gedanken f\u00fcr diejenigen, die einen sehr schwierigen \u201eJob\u201c machen....\",\"breadcrumb\":{\"@id\":\"https:\/\/blog.holyart.it\/de\/besondere-anlassen\/geschenkideen-zum-vatertag\/#breadcrumb\"},\"inLanguage\":\"de\",\"potentialAction\":[{\"@type\":\"ReadAction\",\"target\":[\"https:\/\/blog.holyart.it\/de\/besondere-anlassen\/geschenkideen-zum-vatertag\/\"]}]},{\"@type\":\"ImageObject\",\"inLanguage\":\"de\",\"@id\":\"https:\/\/blog.holyart.it\/de\/besondere-anlassen\/geschenkideen-zum-vatertag\/#primaryimage\",\"url\":\"https:\/\/blog.holyart.it\/de\/wp-content\/uploads\/sites\/12\/2025\/04\/Geschenkideen-zum-Vatertag.jpeg\",\"contentUrl\":\"https:\/\/blog.holyart.it\/de\/wp-content\/uploads\/sites\/12\/2025\/04\/Geschenkideen-zum-Vatertag.jpeg\",\"width\":1000,\"height\":666,\"caption\":\"Geschenkideen zum Vatertag\"},{\"@type\":\"BreadcrumbList\",\"@id\":\"https:\/\/blog.holyart.it\/de\/besondere-anlassen\/geschenkideen-zum-vatertag\/#breadcrumb\",\"itemListElement\":[{\"@type\":\"ListItem\",\"position\":1,\"name\":\"Homepage\",\"item\":\"https:\/\/blog.holyart.it\/de\/\"},{\"@type\":\"ListItem\",\"position\":2,\"name\":\"Besondere Anl\u00e4ssen\",\"item\":\"https:\/\/blog.holyart.it\/de\/besondere-anlassen\/\"},{\"@type\":\"ListItem\",\"position\":3,\"name\":\"Geschenkideen zum Vatertag\"}]},{\"@type\":\"WebSite\",\"@id\":\"https:\/\/blog.holyart.it\/de\/#website\",\"url\":\"https:\/\/blog.holyart.it\/de\/\",\"name\":\"Holyart.de Blog\",\"description\":\"Holyblog\",\"publisher\":{\"@id\":\"https:\/\/blog.holyart.it\/de\/#organization\"},\"potentialAction\":[{\"@type\":\"SearchAction\",\"target\":{\"@type\":\"EntryPoint\",\"urlTemplate\":\"https:\/\/blog.holyart.it\/de\/?s={search_term_string}\"},\"query-input\":{\"@type\":\"PropertyValueSpecification\",\"valueRequired\":true,\"valueName\":\"search_term_string\"}}],\"inLanguage\":\"de\"},{\"@type\":\"Organization\",\"@id\":\"https:\/\/blog.holyart.it\/de\/#organization\",\"name\":\"Holyart.de Blog\",\"url\":\"https:\/\/blog.holyart.it\/de\/\",\"logo\":{\"@type\":\"ImageObject\",\"inLanguage\":\"de\",\"@id\":\"https:\/\/blog.holyart.it\/de\/#\/schema\/logo\/image\/\",\"url\":\"https:\/\/blog.holyart.it\/de\/wp-content\/uploads\/sites\/12\/2022\/12\/Holyart_Blog_Logo.jpg\",\"contentUrl\":\"https:\/\/blog.holyart.it\/de\/wp-content\/uploads\/sites\/12\/2022\/12\/Holyart_Blog_Logo.jpg\",\"width\":300,\"height\":50,\"caption\":\"Holyart.de Blog\"},\"image\":{\"@id\":\"https:\/\/blog.holyart.it\/de\/#\/schema\/logo\/image\/\"}},{\"@type\":\"Person\",\"@id\":\"https:\/\/blog.holyart.it\/de\/#\/schema\/person\/0a7b686e5af0f856ec1e390dd0baecda\",\"name\":\"Redazione\",\"image\":{\"@type\":\"ImageObject\",\"inLanguage\":\"de\",\"@id\":\"https:\/\/blog.holyart.it\/de\/#\/schema\/person\/image\/\",\"url\":\"https:\/\/secure.gravatar.com\/avatar\/f477da817f43e50d0af36abecd33e3edf826c68299714bdc1057dff3b113f516?s=96&d=mm&r=g\",\"contentUrl\":\"https:\/\/secure.gravatar.com\/avatar\/f477da817f43e50d0af36abecd33e3edf826c68299714bdc1057dff3b113f516?s=96&d=mm&r=g\",\"caption\":\"Redazione\"}}]}<\/script>\n<!-- \/ Yoast SEO plugin. -->","yoast_head_json":{"title":"Geschenkideen zum Vatertag - Holyart.de Blog","description":"Hier sind einige Geschenkideen f\u00fcr den Vatertag. Besondere Gedanken f\u00fcr diejenigen, die einen sehr schwierigen \u201eJob\u201c machen....","robots":{"index":"index","follow":"follow","max-snippet":"max-snippet:-1","max-image-preview":"max-image-preview:large","max-video-preview":"max-video-preview:-1"},"canonical":"https:\/\/blog.holyart.it\/de\/besondere-anlassen\/geschenkideen-zum-vatertag\/","og_locale":"de_DE","og_type":"article","og_title":"Geschenkideen zum Vatertag - Holyart.de Blog","og_description":"Hier sind einige Geschenkideen f\u00fcr den Vatertag. Besondere Gedanken f\u00fcr diejenigen, die einen sehr schwierigen \u201eJob\u201c machen....","og_url":"https:\/\/blog.holyart.it\/de\/besondere-anlassen\/geschenkideen-zum-vatertag\/","og_site_name":"Holyart.de Blog","article_published_time":"2025-05-21T08:00:43+00:00","article_modified_time":"2026-03-06T10:04:43+00:00","og_image":[{"width":1000,"height":666,"url":"https:\/\/blog.holyart.it\/de\/wp-content\/uploads\/sites\/12\/2025\/04\/Geschenkideen-zum-Vatertag.jpeg","type":"image\/jpeg"}],"author":"Redazione","twitter_card":"summary_large_image","twitter_misc":{"Verfasst von":"Redazione","Gesch\u00e4tzte Lesezeit":"7\u00a0Minuten"},"schema":{"@context":"https:\/\/schema.org","@graph":[{"@type":"Article","@id":"https:\/\/blog.holyart.it\/de\/besondere-anlassen\/geschenkideen-zum-vatertag\/#article","isPartOf":{"@id":"https:\/\/blog.holyart.it\/de\/besondere-anlassen\/geschenkideen-zum-vatertag\/"},"author":{"name":"Redazione","@id":"https:\/\/blog.holyart.it\/de\/#\/schema\/person\/0a7b686e5af0f856ec1e390dd0baecda"},"headline":"Geschenkideen zum Vatertag","datePublished":"2025-05-21T08:00:43+00:00","dateModified":"2026-03-06T10:04:43+00:00","mainEntityOfPage":{"@id":"https:\/\/blog.holyart.it\/de\/besondere-anlassen\/geschenkideen-zum-vatertag\/"},"wordCount":958,"publisher":{"@id":"https:\/\/blog.holyart.it\/de\/#organization"},"image":{"@id":"https:\/\/blog.holyart.it\/de\/besondere-anlassen\/geschenkideen-zum-vatertag\/#primaryimage"},"thumbnailUrl":"https:\/\/blog.holyart.it\/de\/wp-content\/uploads\/sites\/12\/2025\/04\/Geschenkideen-zum-Vatertag.jpeg","articleSection":["Besondere Anl\u00e4ssen"],"inLanguage":"de"},{"@type":"WebPage","@id":"https:\/\/blog.holyart.it\/de\/besondere-anlassen\/geschenkideen-zum-vatertag\/","url":"https:\/\/blog.holyart.it\/de\/besondere-anlassen\/geschenkideen-zum-vatertag\/","name":"Geschenkideen zum Vatertag - Holyart.de Blog","isPartOf":{"@id":"https:\/\/blog.holyart.it\/de\/#website"},"primaryImageOfPage":{"@id":"https:\/\/blog.holyart.it\/de\/besondere-anlassen\/geschenkideen-zum-vatertag\/#primaryimage"},"image":{"@id":"https:\/\/blog.holyart.it\/de\/besondere-anlassen\/geschenkideen-zum-vatertag\/#primaryimage"},"thumbnailUrl":"https:\/\/blog.holyart.it\/de\/wp-content\/uploads\/sites\/12\/2025\/04\/Geschenkideen-zum-Vatertag.jpeg","datePublished":"2025-05-21T08:00:43+00:00","dateModified":"2026-03-06T10:04:43+00:00","description":"Hier sind einige Geschenkideen f\u00fcr den Vatertag. Besondere Gedanken f\u00fcr diejenigen, die einen sehr schwierigen \u201eJob\u201c machen....","breadcrumb":{"@id":"https:\/\/blog.holyart.it\/de\/besondere-anlassen\/geschenkideen-zum-vatertag\/#breadcrumb"},"inLanguage":"de","potentialAction":[{"@type":"ReadAction","target":["https:\/\/blog.holyart.it\/de\/besondere-anlassen\/geschenkideen-zum-vatertag\/"]}]},{"@type":"ImageObject","inLanguage":"de","@id":"https:\/\/blog.holyart.it\/de\/besondere-anlassen\/geschenkideen-zum-vatertag\/#primaryimage","url":"https:\/\/blog.holyart.it\/de\/wp-content\/uploads\/sites\/12\/2025\/04\/Geschenkideen-zum-Vatertag.jpeg","contentUrl":"https:\/\/blog.holyart.it\/de\/wp-content\/uploads\/sites\/12\/2025\/04\/Geschenkideen-zum-Vatertag.jpeg","width":1000,"height":666,"caption":"Geschenkideen zum Vatertag"},{"@type":"BreadcrumbList","@id":"https:\/\/blog.holyart.it\/de\/besondere-anlassen\/geschenkideen-zum-vatertag\/#breadcrumb","itemListElement":[{"@type":"ListItem","position":1,"name":"Homepage","item":"https:\/\/blog.holyart.it\/de\/"},{"@type":"ListItem","position":2,"name":"Besondere Anl\u00e4ssen","item":"https:\/\/blog.holyart.it\/de\/besondere-anlassen\/"},{"@type":"ListItem","position":3,"name":"Geschenkideen zum Vatertag"}]},{"@type":"WebSite","@id":"https:\/\/blog.holyart.it\/de\/#website","url":"https:\/\/blog.holyart.it\/de\/","name":"Holyart.de Blog","description":"Holyblog","publisher":{"@id":"https:\/\/blog.holyart.it\/de\/#organization"},"potentialAction":[{"@type":"SearchAction","target":{"@type":"EntryPoint","urlTemplate":"https:\/\/blog.holyart.it\/de\/?s={search_term_string}"},"query-input":{"@type":"PropertyValueSpecification","valueRequired":true,"valueName":"search_term_string"}}],"inLanguage":"de"},{"@type":"Organization","@id":"https:\/\/blog.holyart.it\/de\/#organization","name":"Holyart.de Blog","url":"https:\/\/blog.holyart.it\/de\/","logo":{"@type":"ImageObject","inLanguage":"de","@id":"https:\/\/blog.holyart.it\/de\/#\/schema\/logo\/image\/","url":"https:\/\/blog.holyart.it\/de\/wp-content\/uploads\/sites\/12\/2022\/12\/Holyart_Blog_Logo.jpg","contentUrl":"https:\/\/blog.holyart.it\/de\/wp-content\/uploads\/sites\/12\/2022\/12\/Holyart_Blog_Logo.jpg","width":300,"height":50,"caption":"Holyart.de Blog"},"image":{"@id":"https:\/\/blog.holyart.it\/de\/#\/schema\/logo\/image\/"}},{"@type":"Person","@id":"https:\/\/blog.holyart.it\/de\/#\/schema\/person\/0a7b686e5af0f856ec1e390dd0baecda","name":"Redazione","image":{"@type":"ImageObject","inLanguage":"de","@id":"https:\/\/blog.holyart.it\/de\/#\/schema\/person\/image\/","url":"https:\/\/secure.gravatar.com\/avatar\/f477da817f43e50d0af36abecd33e3edf826c68299714bdc1057dff3b113f516?s=96&d=mm&r=g","contentUrl":"https:\/\/secure.gravatar.com\/avatar\/f477da817f43e50d0af36abecd33e3edf826c68299714bdc1057dff3b113f516?s=96&d=mm&r=g","caption":"Redazione"}}]}},"_links":{"self":[{"href":"https:\/\/blog.holyart.it\/de\/wp-json\/wp\/v2\/posts\/6065","targetHints":{"allow":["GET"]}}],"collection":[{"href":"https:\/\/blog.holyart.it\/de\/wp-json\/wp\/v2\/posts"}],"about":[{"href":"https:\/\/blog.holyart.it\/de\/wp-json\/wp\/v2\/types\/post"}],"author":[{"embeddable":true,"href":"https:\/\/blog.holyart.it\/de\/wp-json\/wp\/v2\/users\/1"}],"replies":[{"embeddable":true,"href":"https:\/\/blog.holyart.it\/de\/wp-json\/wp\/v2\/comments?post=6065"}],"version-history":[{"count":10,"href":"https:\/\/blog.holyart.it\/de\/wp-json\/wp\/v2\/posts\/6065\/revisions"}],"predecessor-version":[{"id":6095,"href":"https:\/\/blog.holyart.it\/de\/wp-json\/wp\/v2\/posts\/6065\/revisions\/6095"}],"wp:featuredmedia":[{"embeddable":true,"href":"https:\/\/blog.holyart.it\/de\/wp-json\/wp\/v2\/media\/6094"}],"wp:attachment":[{"href":"https:\/\/blog.holyart.it\/de\/wp-json\/wp\/v2\/media?parent=6065"}],"wp:term":[{"taxonomy":"category","embeddable":true,"href":"https:\/\/blog.holyart.it\/de\/wp-json\/wp\/v2\/categories?post=6065"},{"taxonomy":"post_tag","embeddable":true,"href":"https:\/\/blog.holyart.it\/de\/wp-json\/wp\/v2\/tags?post=6065"}],"curies":[{"name":"wp","href":"https:\/\/api.w.org\/{rel}","templated":true}]}}