{"id":605,"date":"2018-06-21T16:04:47","date_gmt":"2018-06-21T14:04:47","guid":{"rendered":"https:\/\/blog.holyart.it\/de\/?p=605"},"modified":"2019-02-26T14:33:58","modified_gmt":"2019-02-26T13:33:58","slug":"kirchliche-andachten-fur-jeden-monat-des-jahres","status":"publish","type":"post","link":"https:\/\/blog.holyart.it\/de\/devotionalien\/kirchliche-andachten-fur-jeden-monat-des-jahres\/","title":{"rendered":"Kirchliche Andachten f\u00fcr jeden Monat des Jahres"},"content":{"rendered":"<p>Zur Zeit der antiken r\u00f6mischen Zivilisation konnte es vorkommen, dass ein Kommandant in extrem schweren Situationen beschloss, sein Leben zu opfern, um seinen Sieg und die Rettung seiner M\u00e4nner zu sichern. Dazu legte er den G\u00f6ttern der H\u00f6lle ein Gel\u00fcbde ab, mit dem er sich verpflichtete, sich selbst und seine M\u00e4nner der feindlichen Armee anzubieten. Dieser Akt hatte den Namen <em>Hingabe<\/em>, aus dem Lateinischen deuouere, &#8222;ein Gel\u00fcbde ablegen&#8220;.<\/p>\n<p>Ein Gel\u00fcbde kann daher in <strong>einem Akt der Liebe und des Vertrauens des Menschen zu Gott<\/strong> zusammengefasst werden.<\/p>\n<p><img loading=\"lazy\" decoding=\"async\" class=\"alignleft size-medium wp-image-622\" src=\"https:\/\/blog.holyart.it\/de\/wp-content\/uploads\/sites\/12\/2018\/06\/Beten-des-Rosenkranzes-300x300.jpg\" alt=\"Beten des Rosenkranzes\" width=\"300\" height=\"300\" \/>Im christlichen Bereich ist es nicht unbedingt ein extremes Opfer, mit dem die Gl\u00e4ubigen ihr Leben opfern, sondern eine religi\u00f6se Praxis, die aus <strong>geistlicher Liebe und inbr\u00fcnstigem Gebet<\/strong> besteht und sich an Gott, an die Muttergottes, an einen Heiligen richtet. Die Fr\u00f6mmigkeit wird zu einer Form des wahren und richtigen Gebets, zus\u00e4tzlich und fakultativ, in Bezug auf die offizielle Liturgie und die Stunden, aber sie hat sich im Laufe der Zeit in verschiedenen Formen ausgebreitet und die Feste und Momente des Gebets, die jetzt in das Leben eines jeden Christen eingetreten sind, lebendig gemacht. Denken wir an das <strong><a href=\"https:\/\/www.holyart.de\/blog\/devotionalien\/wie-betet-man-mit-einem-rosenkranz-10-wichtige-schritte\/\">Beten des Rosenkranzes<\/a><\/strong>, die <strong><a href=\"https:\/\/www.holyart.de\/liturgische-gerate\/kirchenausstattung\/kreuzweg?cPath=104_108437_108330&amp;\">Via Crucis<\/a><\/strong>, den Angelus, aber auch die Prozessionen, an die Wege des Gebetes und der spirituellen Meditation, wie die Heiligen Berge, Andachtswege durch heilige Landschaften, die den Pilgern des 15. Jahrhunderts eine kosteng\u00fcnstigere und praktikablere Alternative als die Pilgerfahrt ins Heilige Land boten.<\/p>\n<p>Die Hingabe ist eine Art und Weise, in der die Kirche jeden Tag des Jahres mit Feierlichkeit und Eifer feiert, indem sie ihre Aufmerksamkeit und ihre Liebe auf einen Heiligen, auf einen anderen, auf eine besondere Eigenschaft von Maria oder Jesus richtet. Obwohl die Andachtspraktiken in einigen F\u00e4llen im Laufe der Zeit eine folkloristische Dimension angenommen haben, w\u00e4re es vollkommen falsch, die Bedeutung dieses Ph\u00e4nomens nur auf malerische Feste und Volksumz\u00fcge zu beschr\u00e4nken. Die Volksfeste, die den Heiligen, Jesus und der Muttergottes gewidmet sind, wie auch die Hauptfeste, wie <strong><a href=\"https:\/\/www.holyart.de\/weihnachten?cPath=108375&amp;\">Weihnachten<\/a><\/strong> und <strong><a href=\"https:\/\/www.holyart.de\/besondere-anlassen\/ostern-und-fasten\">Ostern<\/a><\/strong>, laufen Gefahr, uns in dem wahren Geist der Hingabe und Askese zu vergessen, in dem sie geboren wurden; \u00fcberw\u00e4ltigt vom Konsumismus und von einer Kultur des Gesehenwerdens, die den Grund des Festes vergessen l\u00e4sst. Es handelt sich vielmehr um Feste, die eng mit der Geschichte und der sozialen Entwicklung der Gemeinschaften verbunden sind, in denen sie stattfinden. Sie sollen das geistliche Leben derer bereichern, die sie feiern, um jeden Tag und jeden Monat etwas Besonderes und Erfreuliches f\u00fcr Gott zu schaffen.<\/p>\n<p>Schauen wir uns einige von ihnen an, aufgeteilt in Monate.<\/p>\n<h2>Januar<\/h2>\n<p>Der Monat Januar ist dem <strong><a href=\"https:\/\/www.holyart.de\/devotionalien\/statuen\/jesuskind-figuren?cPath=108217_107_108333&amp;\">Jesuskind<\/a><\/strong> und insbesondere dem Allerheiligsten Namen Jesu gewidmet. <strong>Acht Tage nach Weihnachten wird die Verehrung des Allerheiligsten Namens Jesu geehrt<\/strong>, um den Tag zu feiern, an dem der heilige Josef ihn beschneiden lie\u00df und ihm seinen Namen gab. Dieser Kult wird seit den Anf\u00e4ngen der Kirche gefeiert. Tats\u00e4chlich scheinen die Heiligen Petrus und Paulus bereits zu seiner Verbreitung beigetragen zu haben, und sp\u00e4ter, im Mittelalter, war der heilige Franziskus von Assisi sein Verfechter. Der heilige Bernardino und seine Mitbr\u00fcder machten ihn zu einem liturgischen Fest. Die Verehrung des Allerheiligsten Namens Jesu konzentriert sich auf die Kraft des Namens Jesu, Verteidigung und Ornament f\u00fcr die Gl\u00e4ubigen, Schutz vor dem B\u00f6sen und kostbaren Talisman gegen D\u00e4monen, Krankheiten und Gebrechen. Jesus offenbarte Schwester Saint-Pierre, Karmeliterin von Tour, Apostel der Wiedergutmachung, die Hingabe an den heiligen Namen Jesu Christi, um bei dieser Gelegenheit ihre bedingungslose Liebe zu Jesus darzubringen:<\/p>\n<p><em>Er soll immer gepriesen, gesegnet, geliebt, verehrt, verherrlicht werden <\/em><\/p>\n<p><em>der Allerheiligste, der Allerheiligste, der am meisten verehrte &#8211; aber unverst\u00e4ndliche &#8211; Name Gottes<\/em><\/p>\n<p><em>Im Himmel, in der Erde oder in der H\u00f6lle, von allen Gesch\u00f6pfen, die aus den H\u00e4nden Gottes kommen. <\/em><\/p>\n<p><em>F\u00fcr das Heiligste Herz unseres Herrn Jesus Christus im Allerheiligsten Sakrament des Altars. Amen<\/em><\/p>\n<h2>Februar<\/h2>\n<p>Der Monat Februar ist dem <strong>Heiligen Geist<\/strong>, der dritten Person der Heiligen Dreifaltigkeit, gewidmet. Der Heilige Geist ist Gott und zugleich das Geschenk der Liebe, das Gott f\u00fcr seine hingebungsvollen Kinder bereith\u00e4lt. Es steigt auf die Gl\u00e4ubigen herab wie eine brennende Flamme, und befl\u00fcgelt ihre Worte, so dass sie den Vater erreichen k\u00f6nnen. <strong>Der Februar widmet die Verehrung der Heiligen Familie<\/strong>, der Familie par excellence, bestehend aus Jesus, Joseph und Maria. Alle Gebete und Litaneien sind diesem vollkommenen Beispiel der Liebe und des Glaubens gewidmet, den alle in Gelassenheit und F\u00fclle leben sollen. Die Hingabe an die Heilige Familie dr\u00fcckt die Bereitschaft aus, das zu tun, was Jesus, Maria und Josef m\u00f6chten und zu vermeiden, was sie ablehnen.<\/p>\n<h2>M\u00e4rz<\/h2>\n<p>Der Monat M\u00e4rz ist der <strong><a href=\"https:\/\/www.holyart.de\/blog\/devotionalien\/kirchliche-andachten-fur-jeden-monat-des-jahres\/\">Verehrung des Heiligen Josef gewidmet<\/a><\/strong>, ein Hochfest, das am 19. M\u00e4rz gefeiert wird. Der heilige Josef ist das Beispiel eines guten und liebenden Vaters par excellence, eines treuen und f\u00fcrsorglichen Ehemannes, aber auch eines dem\u00fctigen Dieners des g\u00f6ttlichen Willens. Er nahm seine Rolle als Ehemann Marias und vermeintlicher Vater Jesu an, ohne den Plan Gottes in Frage zu stellen. Der heilige Josef wird von der katholischen Kirche sehr geehrt und spielt in vielen Gebeten des r\u00f6mischen Ritus eine wichtige Rolle.<\/p>\n<p>Er ist auch der Protagonist vieler Andachtspraktiken, wie die \u201esieben Schmerzen und die sieben Freuden des Heiligen Josef&#8220;, sowie vieler Litaneien, wie des Kette oder Kordel des Heiligen Josef, die Krone des Heiligen Josef, die Schulter des Heiligen Josef, die Schutzmangel-Novene, die sich wiederholende Novene, der Himmlische Hof. Wir wenden uns an ihn um Gnaden und F\u00fcrbitten.<\/p>\n<h2>April<\/h2>\n<p>Die Andachten vom April richten sich an die <strong>Eucharistie<\/strong>, an den <strong>Heiligen Geist<\/strong> und an die <strong><a href=\"https:\/\/www.holyart.de\/blog\/devotionalien\/wie-man-die-kleine-krone-der-allerseligsten-jungfrau-betet\/\">G\u00f6ttliche Gnade<\/a><\/strong>. Die Eucharistie symbolisiert das Opfer Jesu, das sich in jeder Messe erneuert, dass er auf jene herabgestiegen ist, die er liebte, um sie nach seinem Tod zu besch\u00fctzen und zu f\u00fchren. Die Eucharistie enth\u00e4lt in sich die ganze Liebe Jesu in all ihren Formen: gekreuzigt, einheitlich, anbetend, kontemplativ, betend, berauschend. Zeit und Aufmerksamkeit f\u00fcr diese Hingabe zu reservieren, f\u00fchrt zur Erlangung vieler Gnaden und zu einem Gef\u00fchl der N\u00e4he zu Gottes unbezahlbarer Liebe. Jesus diktierte der heiligen Faustina Kowalska 1935 den <a href=\"https:\/\/www.holyart.de\/besondere-anlassen\/madonna-von-medjugorje\/medjugorje-armbander\/rosenkranz-medjugorje-barmherzigkeit\"><strong>Rosenkranz zur Barmherzigkeit Gottes<\/strong> <\/a>und versprach, dass diejenigen, die dieses Gebet sprechen w\u00fcrden, die Gewissheit h\u00e4tten, in Frieden und Gnade zu sterben und diejenigen, die es von ihren Lippen h\u00f6ren, ruhig zu sterben. Diese Hingabe garantiert auch den verh\u00e4rmtesten und r\u00fcckf\u00e4lligsten S\u00fcndern Vergebung und zeigt die Unermesslichkeit der Barmherzigkeit Jesu.<\/p>\n<h2>Mai<\/h2>\n<p>Der Monat ist <strong>Maria<\/strong>, Mutter Jesu, gewidmet, gesegnet unter den Frauen und M\u00fcttern. Maria ist ein Symbol und Vorbild f\u00fcr alle Frauen, f\u00fcr Opfer, f\u00fcr Demut, f\u00fcr gro\u00dfe Liebe. \u00dcberall findet man <strong><a href=\"https:\/\/www.holyart.de\/produkte\/statuen-madonna.php\">Statuen der Muttergottes<\/a><\/strong> in all ihrer Anmut. Im Mai ist Maria die Protagonistin vieler Feste: 13. Mai Unsere Liebe Frau von Fatima, 31. Mai Maria Heimsuchung, Muttertag. Mit der Andacht an Maria wenden wir uns an sie als Mittler zwischen Mensch und Gott, dem s\u00fc\u00dfesten und liebevollsten Sprecher f\u00fcr die \u00c4ngste der Menschheit, dem Gef\u00e4\u00df der Tr\u00e4ume, W\u00fcnsche und Hoffnungen. Maria ist die Einzige, die diejenigen, die sich an Gott verloren haben, einander n\u00e4herbringen kann, indem sie Gebete und Bu\u00dfe annimmt und sie mit der Kraft ihrer Liebe in den Himmel erhebt.<\/p>\n<h2>Juni<\/h2>\n<p>Die gro\u00dfe Verhei\u00dfung Jesu an die heilige Margarete Maria Alacoque im Jahre 1620 begann mit der <strong>Herz-Jesu-Verehrung<\/strong>, die den Juni als ihren Bezugsmonat betrachtet. Jesus h\u00e4tte zur Heiligen gesprochen:<\/p>\n<p>\u201e<em>Mein g\u00f6ttliches Herz ist so voll von Liebe zu den Menschen und besonders zu dir, dass ihre Flammen hervorbrechen, um sie durch dich den Menschen zu offenbaren. Ich habe dich auserw\u00e4hlt zur Erf\u00fcllung meiner Absichten.<\/em>&#8220;<\/p>\n<p>Die Verehrung des Heiligsten Herzens Jesu wendet sich daher dem barmherzigen Jesus zu, der den Menschen zugewendet ist und bereit ist, ihre S\u00fcnden, ihre Schw\u00e4chen zu vergeben. <strong>Die Herz-Jesu-Verehrung sch\u00fctzt vor dem B\u00f6sen und reinigt das Herz eines jeden S\u00fcnders.<\/strong> Litaneien und Gebete feiern diese Verehrung sowie die Einhaltung der drei Regeln, die Jesus dem Heiligen mit der gro\u00dfen Verhei\u00dfung auferlegt hat:<\/p>\n<ol>\n<li>Ann\u00e4herung an die Kommunion in der Gnade Gottes: Wenn man in Tods\u00fcnde ist, ist die Beichte notwendig.<\/li>\n<li>Die Hingabe wird neun Monate lang fortgesetzt. F\u00fcr diejenigen, die auch nur eine einzige Kommunion vernachl\u00e4ssigen, muss sie neu beginnen.<\/li>\n<li>Die fromme Praxis kann am ersten Freitag eines jeden Monats beginnen.<\/li>\n<\/ol>\n<p>Das Heilige Herz Jesu garantiert, dass keiner von denen, die den ersten neun Freitage gebetet haben, in Tods\u00fcnde sterben wird.<\/p>\n<h2>Juli<\/h2>\n<p>Monat, der dem <strong>kostbarsten Blut Christi<\/strong> geweiht ist, dem wahren Heil der Welt, Symbol f\u00fcr das Opfer, das Jesus gebracht hat, um die Menschheit von allen S\u00fcnden zu reinigen. Der erste Sonntag des Monats ist dem Kostbaren Blut Christi geweiht, das durch Reue, M\u00e4\u00dfigung und M\u00e4\u00dfigung in Leidenschaften geehrt werden muss, um zu zeigen, dass wir des Opfers Jesu und der immensen Heilskraft seines Blutes w\u00fcrdig sind. Dieses Fest wurde in gewisser Weise als Kr\u00f6nung des gerade abgeschlossenen Monats des Heiligen Herzens (Juni) von Papst Pius IX. ins Leben gerufen.<\/p>\n<h2>August<\/h2>\n<p>Der Monat August ist dem <strong>Gott Vater<\/strong>gewidmet, dem im liturgischen Jahr kein Fest gewidmet ist.<\/p>\n<p>Durch Mutter Eugenia Elisabetta Ravasio (1907-1990) bat Vater um die Einrichtung eines Festes zu seinen Ehren. In diesem Monat sollten wir uns an Gott den Vater wenden und unseren Willen erneuern, uns ganz Ihm anzuvertrauen, uns Seinem Willen zu weihen und die Gnade f\u00fcr uns selbst und f\u00fcr diejenigen, die wir lieben, anzurufen.<\/p>\n<h2>September<\/h2>\n<p>September ist der Monat, der den <strong><a href=\"https:\/\/www.holyart.de\/devotionalien\/engel\">Engeln<\/a><\/strong> gewidmet ist, Boten zwischen Gott und den Menschen, H\u00fcter und F\u00fchrer bei jedem Schritt, in Tagtr\u00e4umen. Sie werden um Schutz und Hilfe anrufen, damit sie \u00fcber uns wachen und uns die Kraft geben, an Gott zu glauben und ihn mit all der Kraft zu lieben, zu der wir f\u00e4hig sind.<\/p>\n<h2>Oktober<\/h2>\n<p>Der Monat Oktober ist dem <strong>Heiligen Rosenkranz <\/strong>gewidmet. Das <strong>Beten des Rosenkranzes<\/strong> ist immer mit dem Versprechen verbunden, eine vollkommene oder teilweise Vergebung zu <img loading=\"lazy\" decoding=\"async\" class=\"alignright size-medium wp-image-619\" src=\"https:\/\/blog.holyart.it\/de\/wp-content\/uploads\/sites\/12\/2018\/07\/Marienstatuen-300x300.jpg\" alt=\"Marienstatuen\" width=\"300\" height=\"300\" \/>erhalten. Das Beten des Rosenbaums erm\u00f6glicht es uns, dank der F\u00fcrsprache der Jungfrau Maria Gnade und Trost zu erlangen. Der Name <em>Rosenkranz<\/em> leitet sich von &#8222;Rosenkrone&#8220; ab. Die Rose ist das Blumensymbol Marias. Tats\u00e4chlich wurden im Mittelalter die <strong><a href=\"https:\/\/www.holyart.de\/produkte\/statuen-madonna.php\">Marienstatuen<\/a><\/strong> mit Rosenkronen als Zeichen der Liebe und Hingabe geschm\u00fcckt. Aus diesen Kronen wurde die Krone des Rosenkranzes geboren, die zum Beten und Meditieren diente. Es waren die Zisterzienser im 13. Jahrhundert, die zur Verehrung der Jungfrau Maria beitrugen, indem sie den Rosenkranz beteten. Anl\u00e4sslich der Schlacht von Lepanto 1571 lud Papst Pius V. alle Christen ein, den Rosenkranz zu beten, um den Sieg der Christen \u00fcber die Osmanen zu erbitten. Von diesem Sieg wird das Fest der Muttergottes des Sieges ausgehen, dann das Fest Unserer Lieben Frau des Rosenkranzes (7. Oktober).<\/p>\n<p>Andere Verehrer und Segnungen wie Alano della Rupe, San Luigi Maria Grignion de Montfort und der selige Bartolo Longo gaben der Verehrung Kraft, ebenso wie die Marienerscheinung in Lourdes und Fatima.<\/p>\n<p>Der Rosenkranz ist das wirksamste Gebet gegen Satan.<\/p>\n<h2>November<\/h2>\n<p>November ist der Monat, der den <strong>Seelen der Toten<\/strong>, ihrem Andenken gewidmet ist. Die Hingabe manifestiert sich in gemeinsamen Gebeten f\u00fcr die lieben Verstorbenen, aber auch f\u00fcr den Verstorbenen im Allgemeinen, und in einer tiefen Meditation \u00fcber die Verg\u00e4nglichkeit des menschlichen Lebens und seine Zerbrechlichkeit vor Gott. Die Gebete, die im Rahmen dieser Verehrung gesprochen werden, erm\u00f6glichen nicht nur die Vergebung, sondern tragen auch dazu bei, die Seelen der Toten zu reinigen und sie vor dem Fegefeuer zu retten.<\/p>\n<h2>Dezember<\/h2>\n<p>Der Monat Dezember steht nat\u00fcrlich im Zeichen der Vorbereitung auf das <strong>Weihnachtsfest, das die Geburt Jesu feiert<\/strong>, aber auch der Unbefleckten Empf\u00e4ngnis Mariens, die ohne S\u00fcnde, rein und einzigartig unter den Frauen geboren wurde. Die <strong>Adventszeit<\/strong> stellen f\u00fcr die Christen eine der Zeiten der gr\u00f6\u00dften geistlichen Meditation im Hinblick auf die Erneuerung der Geburt des Erl\u00f6sers dar und bieten zahlreiche Gelegenheiten zum gemeinsamen Gebet mit der Familie und den anderen Gl\u00e4ubigen.<\/p>\n","protected":false},"excerpt":{"rendered":"<p>Zur Zeit der antiken r\u00f6mischen Zivilisation konnte es vorkommen, dass ein Kommandant in extrem schweren Situationen beschloss, sein Leben zu opfern, um seinen Sieg und die Rettung seiner M\u00e4nner zu sichern. Dazu legte er den G\u00f6ttern der H\u00f6lle ein Gel\u00fcbde ab, mit dem er sich&hellip;<\/p>\n","protected":false},"author":1,"featured_media":621,"comment_status":"closed","ping_status":"open","sticky":false,"template":"","format":"standard","meta":{"_acf_changed":false,"footnotes":""},"categories":[10],"tags":[],"class_list":["post-605","post","type-post","status-publish","format-standard","has-post-thumbnail","hentry","category-devotionalien"],"acf":[],"yoast_head":"<!-- This site is optimized with the Yoast SEO plugin v26.6 - https:\/\/yoast.com\/wordpress\/plugins\/seo\/ -->\n<title>Kirchliche Andachten f\u00fcr jeden Monat des Jahres<\/title>\n<meta name=\"description\" content=\"Zur Zeit der antiken r\u00f6mischen Zivilisation konnte es vorkommen, dass ein Kommandant in extrem schweren Situationen beschloss, sein Leben zu opfern\" \/>\n<meta name=\"robots\" content=\"index, follow, max-snippet:-1, max-image-preview:large, max-video-preview:-1\" \/>\n<link rel=\"canonical\" href=\"https:\/\/blog.holyart.it\/de\/devotionalien\/kirchliche-andachten-fur-jeden-monat-des-jahres\/\" \/>\n<meta property=\"og:locale\" content=\"de_DE\" \/>\n<meta property=\"og:type\" content=\"article\" \/>\n<meta property=\"og:title\" content=\"Kirchliche Andachten f\u00fcr jeden Monat des Jahres\" \/>\n<meta property=\"og:description\" content=\"Zur Zeit der antiken r\u00f6mischen Zivilisation konnte es vorkommen, dass ein Kommandant in extrem schweren Situationen beschloss, sein Leben zu opfern\" \/>\n<meta property=\"og:url\" content=\"https:\/\/blog.holyart.it\/de\/devotionalien\/kirchliche-andachten-fur-jeden-monat-des-jahres\/\" \/>\n<meta property=\"og:site_name\" content=\"Holyart.de Blog\" \/>\n<meta property=\"article:published_time\" content=\"2018-06-21T14:04:47+00:00\" \/>\n<meta property=\"article:modified_time\" content=\"2019-02-26T13:33:58+00:00\" \/>\n<meta property=\"og:image\" content=\"https:\/\/blog.holyart.it\/de\/wp-content\/uploads\/sites\/12\/2018\/07\/Kirchliche-Andachten-f\u00fcr-jeden-Monat-des-Jahres.jpg\" \/>\n\t<meta property=\"og:image:width\" content=\"1000\" \/>\n\t<meta property=\"og:image:height\" content=\"666\" \/>\n\t<meta property=\"og:image:type\" content=\"image\/jpeg\" \/>\n<meta name=\"author\" content=\"Redazione\" \/>\n<meta name=\"twitter:card\" content=\"summary_large_image\" \/>\n<meta name=\"twitter:label1\" content=\"Verfasst von\" \/>\n\t<meta name=\"twitter:data1\" content=\"Redazione\" \/>\n\t<meta name=\"twitter:label2\" content=\"Gesch\u00e4tzte Lesezeit\" \/>\n\t<meta name=\"twitter:data2\" content=\"10\u00a0Minuten\" \/>\n<script type=\"application\/ld+json\" class=\"yoast-schema-graph\">{\"@context\":\"https:\/\/schema.org\",\"@graph\":[{\"@type\":\"Article\",\"@id\":\"https:\/\/blog.holyart.it\/de\/devotionalien\/kirchliche-andachten-fur-jeden-monat-des-jahres\/#article\",\"isPartOf\":{\"@id\":\"https:\/\/blog.holyart.it\/de\/devotionalien\/kirchliche-andachten-fur-jeden-monat-des-jahres\/\"},\"author\":{\"name\":\"Redazione\",\"@id\":\"https:\/\/blog.holyart.it\/de\/#\/schema\/person\/0a7b686e5af0f856ec1e390dd0baecda\"},\"headline\":\"Kirchliche Andachten f\u00fcr jeden Monat des Jahres\",\"datePublished\":\"2018-06-21T14:04:47+00:00\",\"dateModified\":\"2019-02-26T13:33:58+00:00\",\"mainEntityOfPage\":{\"@id\":\"https:\/\/blog.holyart.it\/de\/devotionalien\/kirchliche-andachten-fur-jeden-monat-des-jahres\/\"},\"wordCount\":2039,\"publisher\":{\"@id\":\"https:\/\/blog.holyart.it\/de\/#organization\"},\"image\":{\"@id\":\"https:\/\/blog.holyart.it\/de\/devotionalien\/kirchliche-andachten-fur-jeden-monat-des-jahres\/#primaryimage\"},\"thumbnailUrl\":\"https:\/\/blog.holyart.it\/de\/wp-content\/uploads\/sites\/12\/2018\/07\/Kirchliche-Andachten-f\u00fcr-jeden-Monat-des-Jahres.jpg\",\"articleSection\":[\"Religion\"],\"inLanguage\":\"de\"},{\"@type\":\"WebPage\",\"@id\":\"https:\/\/blog.holyart.it\/de\/devotionalien\/kirchliche-andachten-fur-jeden-monat-des-jahres\/\",\"url\":\"https:\/\/blog.holyart.it\/de\/devotionalien\/kirchliche-andachten-fur-jeden-monat-des-jahres\/\",\"name\":\"Kirchliche Andachten f\u00fcr jeden Monat des Jahres\",\"isPartOf\":{\"@id\":\"https:\/\/blog.holyart.it\/de\/#website\"},\"primaryImageOfPage\":{\"@id\":\"https:\/\/blog.holyart.it\/de\/devotionalien\/kirchliche-andachten-fur-jeden-monat-des-jahres\/#primaryimage\"},\"image\":{\"@id\":\"https:\/\/blog.holyart.it\/de\/devotionalien\/kirchliche-andachten-fur-jeden-monat-des-jahres\/#primaryimage\"},\"thumbnailUrl\":\"https:\/\/blog.holyart.it\/de\/wp-content\/uploads\/sites\/12\/2018\/07\/Kirchliche-Andachten-f\u00fcr-jeden-Monat-des-Jahres.jpg\",\"datePublished\":\"2018-06-21T14:04:47+00:00\",\"dateModified\":\"2019-02-26T13:33:58+00:00\",\"description\":\"Zur Zeit der antiken r\u00f6mischen Zivilisation konnte es vorkommen, dass ein Kommandant in extrem schweren Situationen beschloss, sein Leben zu opfern\",\"breadcrumb\":{\"@id\":\"https:\/\/blog.holyart.it\/de\/devotionalien\/kirchliche-andachten-fur-jeden-monat-des-jahres\/#breadcrumb\"},\"inLanguage\":\"de\",\"potentialAction\":[{\"@type\":\"ReadAction\",\"target\":[\"https:\/\/blog.holyart.it\/de\/devotionalien\/kirchliche-andachten-fur-jeden-monat-des-jahres\/\"]}]},{\"@type\":\"ImageObject\",\"inLanguage\":\"de\",\"@id\":\"https:\/\/blog.holyart.it\/de\/devotionalien\/kirchliche-andachten-fur-jeden-monat-des-jahres\/#primaryimage\",\"url\":\"https:\/\/blog.holyart.it\/de\/wp-content\/uploads\/sites\/12\/2018\/07\/Kirchliche-Andachten-f\u00fcr-jeden-Monat-des-Jahres.jpg\",\"contentUrl\":\"https:\/\/blog.holyart.it\/de\/wp-content\/uploads\/sites\/12\/2018\/07\/Kirchliche-Andachten-f\u00fcr-jeden-Monat-des-Jahres.jpg\",\"width\":1000,\"height\":666,\"caption\":\"Kirchliche Andachten f\u00fcr jeden Monat des Jahres\"},{\"@type\":\"BreadcrumbList\",\"@id\":\"https:\/\/blog.holyart.it\/de\/devotionalien\/kirchliche-andachten-fur-jeden-monat-des-jahres\/#breadcrumb\",\"itemListElement\":[{\"@type\":\"ListItem\",\"position\":1,\"name\":\"Homepage\",\"item\":\"https:\/\/blog.holyart.it\/de\/\"},{\"@type\":\"ListItem\",\"position\":2,\"name\":\"Religion\",\"item\":\"https:\/\/blog.holyart.it\/de\/devotionalien\/\"},{\"@type\":\"ListItem\",\"position\":3,\"name\":\"Kirchliche Andachten f\u00fcr jeden Monat des Jahres\"}]},{\"@type\":\"WebSite\",\"@id\":\"https:\/\/blog.holyart.it\/de\/#website\",\"url\":\"https:\/\/blog.holyart.it\/de\/\",\"name\":\"Holyart.de Blog\",\"description\":\"Holyblog\",\"publisher\":{\"@id\":\"https:\/\/blog.holyart.it\/de\/#organization\"},\"potentialAction\":[{\"@type\":\"SearchAction\",\"target\":{\"@type\":\"EntryPoint\",\"urlTemplate\":\"https:\/\/blog.holyart.it\/de\/?s={search_term_string}\"},\"query-input\":{\"@type\":\"PropertyValueSpecification\",\"valueRequired\":true,\"valueName\":\"search_term_string\"}}],\"inLanguage\":\"de\"},{\"@type\":\"Organization\",\"@id\":\"https:\/\/blog.holyart.it\/de\/#organization\",\"name\":\"Holyart.de Blog\",\"url\":\"https:\/\/blog.holyart.it\/de\/\",\"logo\":{\"@type\":\"ImageObject\",\"inLanguage\":\"de\",\"@id\":\"https:\/\/blog.holyart.it\/de\/#\/schema\/logo\/image\/\",\"url\":\"https:\/\/blog.holyart.it\/de\/wp-content\/uploads\/sites\/12\/2022\/12\/Holyart_Blog_Logo.jpg\",\"contentUrl\":\"https:\/\/blog.holyart.it\/de\/wp-content\/uploads\/sites\/12\/2022\/12\/Holyart_Blog_Logo.jpg\",\"width\":300,\"height\":50,\"caption\":\"Holyart.de Blog\"},\"image\":{\"@id\":\"https:\/\/blog.holyart.it\/de\/#\/schema\/logo\/image\/\"}},{\"@type\":\"Person\",\"@id\":\"https:\/\/blog.holyart.it\/de\/#\/schema\/person\/0a7b686e5af0f856ec1e390dd0baecda\",\"name\":\"Redazione\",\"image\":{\"@type\":\"ImageObject\",\"inLanguage\":\"de\",\"@id\":\"https:\/\/blog.holyart.it\/de\/#\/schema\/person\/image\/\",\"url\":\"https:\/\/secure.gravatar.com\/avatar\/f477da817f43e50d0af36abecd33e3edf826c68299714bdc1057dff3b113f516?s=96&d=mm&r=g\",\"contentUrl\":\"https:\/\/secure.gravatar.com\/avatar\/f477da817f43e50d0af36abecd33e3edf826c68299714bdc1057dff3b113f516?s=96&d=mm&r=g\",\"caption\":\"Redazione\"}}]}<\/script>\n<!-- \/ Yoast SEO plugin. -->","yoast_head_json":{"title":"Kirchliche Andachten f\u00fcr jeden Monat des Jahres","description":"Zur Zeit der antiken r\u00f6mischen Zivilisation konnte es vorkommen, dass ein Kommandant in extrem schweren Situationen beschloss, sein Leben zu opfern","robots":{"index":"index","follow":"follow","max-snippet":"max-snippet:-1","max-image-preview":"max-image-preview:large","max-video-preview":"max-video-preview:-1"},"canonical":"https:\/\/blog.holyart.it\/de\/devotionalien\/kirchliche-andachten-fur-jeden-monat-des-jahres\/","og_locale":"de_DE","og_type":"article","og_title":"Kirchliche Andachten f\u00fcr jeden Monat des Jahres","og_description":"Zur Zeit der antiken r\u00f6mischen Zivilisation konnte es vorkommen, dass ein Kommandant in extrem schweren Situationen beschloss, sein Leben zu opfern","og_url":"https:\/\/blog.holyart.it\/de\/devotionalien\/kirchliche-andachten-fur-jeden-monat-des-jahres\/","og_site_name":"Holyart.de Blog","article_published_time":"2018-06-21T14:04:47+00:00","article_modified_time":"2019-02-26T13:33:58+00:00","og_image":[{"width":1000,"height":666,"url":"https:\/\/blog.holyart.it\/de\/wp-content\/uploads\/sites\/12\/2018\/07\/Kirchliche-Andachten-f\u00fcr-jeden-Monat-des-Jahres.jpg","type":"image\/jpeg"}],"author":"Redazione","twitter_card":"summary_large_image","twitter_misc":{"Verfasst von":"Redazione","Gesch\u00e4tzte Lesezeit":"10\u00a0Minuten"},"schema":{"@context":"https:\/\/schema.org","@graph":[{"@type":"Article","@id":"https:\/\/blog.holyart.it\/de\/devotionalien\/kirchliche-andachten-fur-jeden-monat-des-jahres\/#article","isPartOf":{"@id":"https:\/\/blog.holyart.it\/de\/devotionalien\/kirchliche-andachten-fur-jeden-monat-des-jahres\/"},"author":{"name":"Redazione","@id":"https:\/\/blog.holyart.it\/de\/#\/schema\/person\/0a7b686e5af0f856ec1e390dd0baecda"},"headline":"Kirchliche Andachten f\u00fcr jeden Monat des Jahres","datePublished":"2018-06-21T14:04:47+00:00","dateModified":"2019-02-26T13:33:58+00:00","mainEntityOfPage":{"@id":"https:\/\/blog.holyart.it\/de\/devotionalien\/kirchliche-andachten-fur-jeden-monat-des-jahres\/"},"wordCount":2039,"publisher":{"@id":"https:\/\/blog.holyart.it\/de\/#organization"},"image":{"@id":"https:\/\/blog.holyart.it\/de\/devotionalien\/kirchliche-andachten-fur-jeden-monat-des-jahres\/#primaryimage"},"thumbnailUrl":"https:\/\/blog.holyart.it\/de\/wp-content\/uploads\/sites\/12\/2018\/07\/Kirchliche-Andachten-f\u00fcr-jeden-Monat-des-Jahres.jpg","articleSection":["Religion"],"inLanguage":"de"},{"@type":"WebPage","@id":"https:\/\/blog.holyart.it\/de\/devotionalien\/kirchliche-andachten-fur-jeden-monat-des-jahres\/","url":"https:\/\/blog.holyart.it\/de\/devotionalien\/kirchliche-andachten-fur-jeden-monat-des-jahres\/","name":"Kirchliche Andachten f\u00fcr jeden Monat des Jahres","isPartOf":{"@id":"https:\/\/blog.holyart.it\/de\/#website"},"primaryImageOfPage":{"@id":"https:\/\/blog.holyart.it\/de\/devotionalien\/kirchliche-andachten-fur-jeden-monat-des-jahres\/#primaryimage"},"image":{"@id":"https:\/\/blog.holyart.it\/de\/devotionalien\/kirchliche-andachten-fur-jeden-monat-des-jahres\/#primaryimage"},"thumbnailUrl":"https:\/\/blog.holyart.it\/de\/wp-content\/uploads\/sites\/12\/2018\/07\/Kirchliche-Andachten-f\u00fcr-jeden-Monat-des-Jahres.jpg","datePublished":"2018-06-21T14:04:47+00:00","dateModified":"2019-02-26T13:33:58+00:00","description":"Zur Zeit der antiken r\u00f6mischen Zivilisation konnte es vorkommen, dass ein Kommandant in extrem schweren Situationen beschloss, sein Leben zu opfern","breadcrumb":{"@id":"https:\/\/blog.holyart.it\/de\/devotionalien\/kirchliche-andachten-fur-jeden-monat-des-jahres\/#breadcrumb"},"inLanguage":"de","potentialAction":[{"@type":"ReadAction","target":["https:\/\/blog.holyart.it\/de\/devotionalien\/kirchliche-andachten-fur-jeden-monat-des-jahres\/"]}]},{"@type":"ImageObject","inLanguage":"de","@id":"https:\/\/blog.holyart.it\/de\/devotionalien\/kirchliche-andachten-fur-jeden-monat-des-jahres\/#primaryimage","url":"https:\/\/blog.holyart.it\/de\/wp-content\/uploads\/sites\/12\/2018\/07\/Kirchliche-Andachten-f\u00fcr-jeden-Monat-des-Jahres.jpg","contentUrl":"https:\/\/blog.holyart.it\/de\/wp-content\/uploads\/sites\/12\/2018\/07\/Kirchliche-Andachten-f\u00fcr-jeden-Monat-des-Jahres.jpg","width":1000,"height":666,"caption":"Kirchliche Andachten f\u00fcr jeden Monat des Jahres"},{"@type":"BreadcrumbList","@id":"https:\/\/blog.holyart.it\/de\/devotionalien\/kirchliche-andachten-fur-jeden-monat-des-jahres\/#breadcrumb","itemListElement":[{"@type":"ListItem","position":1,"name":"Homepage","item":"https:\/\/blog.holyart.it\/de\/"},{"@type":"ListItem","position":2,"name":"Religion","item":"https:\/\/blog.holyart.it\/de\/devotionalien\/"},{"@type":"ListItem","position":3,"name":"Kirchliche Andachten f\u00fcr jeden Monat des Jahres"}]},{"@type":"WebSite","@id":"https:\/\/blog.holyart.it\/de\/#website","url":"https:\/\/blog.holyart.it\/de\/","name":"Holyart.de Blog","description":"Holyblog","publisher":{"@id":"https:\/\/blog.holyart.it\/de\/#organization"},"potentialAction":[{"@type":"SearchAction","target":{"@type":"EntryPoint","urlTemplate":"https:\/\/blog.holyart.it\/de\/?s={search_term_string}"},"query-input":{"@type":"PropertyValueSpecification","valueRequired":true,"valueName":"search_term_string"}}],"inLanguage":"de"},{"@type":"Organization","@id":"https:\/\/blog.holyart.it\/de\/#organization","name":"Holyart.de Blog","url":"https:\/\/blog.holyart.it\/de\/","logo":{"@type":"ImageObject","inLanguage":"de","@id":"https:\/\/blog.holyart.it\/de\/#\/schema\/logo\/image\/","url":"https:\/\/blog.holyart.it\/de\/wp-content\/uploads\/sites\/12\/2022\/12\/Holyart_Blog_Logo.jpg","contentUrl":"https:\/\/blog.holyart.it\/de\/wp-content\/uploads\/sites\/12\/2022\/12\/Holyart_Blog_Logo.jpg","width":300,"height":50,"caption":"Holyart.de Blog"},"image":{"@id":"https:\/\/blog.holyart.it\/de\/#\/schema\/logo\/image\/"}},{"@type":"Person","@id":"https:\/\/blog.holyart.it\/de\/#\/schema\/person\/0a7b686e5af0f856ec1e390dd0baecda","name":"Redazione","image":{"@type":"ImageObject","inLanguage":"de","@id":"https:\/\/blog.holyart.it\/de\/#\/schema\/person\/image\/","url":"https:\/\/secure.gravatar.com\/avatar\/f477da817f43e50d0af36abecd33e3edf826c68299714bdc1057dff3b113f516?s=96&d=mm&r=g","contentUrl":"https:\/\/secure.gravatar.com\/avatar\/f477da817f43e50d0af36abecd33e3edf826c68299714bdc1057dff3b113f516?s=96&d=mm&r=g","caption":"Redazione"}}]}},"_links":{"self":[{"href":"https:\/\/blog.holyart.it\/de\/wp-json\/wp\/v2\/posts\/605","targetHints":{"allow":["GET"]}}],"collection":[{"href":"https:\/\/blog.holyart.it\/de\/wp-json\/wp\/v2\/posts"}],"about":[{"href":"https:\/\/blog.holyart.it\/de\/wp-json\/wp\/v2\/types\/post"}],"author":[{"embeddable":true,"href":"https:\/\/blog.holyart.it\/de\/wp-json\/wp\/v2\/users\/1"}],"replies":[{"embeddable":true,"href":"https:\/\/blog.holyart.it\/de\/wp-json\/wp\/v2\/comments?post=605"}],"version-history":[{"count":0,"href":"https:\/\/blog.holyart.it\/de\/wp-json\/wp\/v2\/posts\/605\/revisions"}],"wp:featuredmedia":[{"embeddable":true,"href":"https:\/\/blog.holyart.it\/de\/wp-json\/wp\/v2\/media\/621"}],"wp:attachment":[{"href":"https:\/\/blog.holyart.it\/de\/wp-json\/wp\/v2\/media?parent=605"}],"wp:term":[{"taxonomy":"category","embeddable":true,"href":"https:\/\/blog.holyart.it\/de\/wp-json\/wp\/v2\/categories?post=605"},{"taxonomy":"post_tag","embeddable":true,"href":"https:\/\/blog.holyart.it\/de\/wp-json\/wp\/v2\/tags?post=605"}],"curies":[{"name":"wp","href":"https:\/\/api.w.org\/{rel}","templated":true}]}}