{"id":6006,"date":"2025-05-07T10:00:41","date_gmt":"2025-05-07T08:00:41","guid":{"rendered":"https:\/\/blog.holyart.it\/de\/?p=6006"},"modified":"2025-04-17T17:42:42","modified_gmt":"2025-04-17T15:42:42","slug":"eisheilige-das-phaenomen-das-den-winter-in-den-fruehling-bringt","status":"publish","type":"post","link":"https:\/\/blog.holyart.it\/de\/devotionalien\/eisheilige-das-phaenomen-das-den-winter-in-den-fruehling-bringt\/","title":{"rendered":"Eisheilige: Das Ph\u00e4nomen, das den Winter in den Fr\u00fchling bringt"},"content":{"rendered":"<h4>Wer sind die Eisheiligen, die uns mitten im Fr\u00fchling f\u00fcr ein paar Tage zur\u00fcck zum Winter bringen? Zwischen Bauerntradition und Andacht: was passiert an den ihnen gewidmeten Tagen<\/h4>\n\n<p>Wer sind die <strong>Eisheiligen<\/strong>? Der bizarre Name l\u00e4sst auf den ersten Blick an <strong><a href=\"https:\/\/www.holyart.de\/devotionalien\/statuen\">sakrale Skulpturen<\/a><\/strong> denken, die Heilige darstellen, oder eher an bestimmte M\u00e4rchenstimmungen, die uns in die L\u00e4nder des Nordens, zum M\u00e4rchen der Schneek\u00f6nigin usw. zur\u00fcckversetzen. Die Realit\u00e4t ist viel konkreter und h\u00e4ngt mit einem <strong>Klimaph\u00e4nomen<\/strong> zusammen, das zwar als Anomalie oder, wie Meteorologen sagen, als Singularit\u00e4t definiert wird. Das Ph\u00e4nomen wird seit Jahrhunderten untersucht und beeinflusst noch heute das Leben der Menschen, insbesondere der Landwirte.<\/p>\n<p>Aber worum geht es? Und warum Eisheilige?<\/p>\n<p>In der Praxis kommt es immer wieder vor, dass in der sechsten Woche nach der Tagundnachtgleiche im Fr\u00fchling, die wir am 21. M\u00e4rz feiern, der Winter, der schon lange weg schien, f\u00fcr einige Tage erneut ausbricht, was zu einem pl\u00f6tzlichen Temperaturabfall und in manchen F\u00e4llen zu Frost f\u00fchrt, der die Aussaat und die neu entstehenden Triebe gef\u00e4hrdet. Dies ist einer der Gr\u00fcnde, warum die Landwirte insbesondere in einigen Gebieten Mittel- und Nordeuropas, wo das Ph\u00e4nomen weiter verbreitet und intensiver ist, lieber warten, bis die Tage der Eisheiligen vor\u00fcber sind, bevor sie mit der Aussaat beginnen.<\/p>\n<div class=\"link-product\">\n<div class=\"blocco-immagine\"><img loading=\"lazy\" decoding=\"async\" class=\"alignnone size-full wp-image-6010\" src=\"https:\/\/blog.holyart.it\/de\/wp-content\/uploads\/sites\/12\/2025\/04\/Heiliger-Pankratius.jpg\" alt=\"Heiliger Pankratius\" width=\"100\" height=\"100\" data-kale-share-title=\"Eisheilige: Das Ph\u00e4nomen, das den Winter in den Fr\u00fchling bringt\" data-kale-share-url=\"https:\/\/blog.holyart.it\/de\/?p=6006\" \/><\/div>\n<div class=\"blocco-contenuto\">\n<div class=\"blocco-acquista\">Einkaufen:<\/div>\n<div class=\"blocco-titolo\"><a href=\"https:\/\/www.holyart.de\/devotionalien\/statuen\">Statuen<\/a><\/div>\n<div class=\"blocco-descrizione\">Statuen in verschiedenen Gr\u00f6\u00dfen und Ausf\u00fchrungen: Statuen aus Naturholz, bemaltem Holz, Porzellan, Stein, Metall oder anderen Materialien.<\/div>\n<\/div>\n<\/div>\n<p>Nach dem Gregorianischen Kalender handelt es sich um einen Zeitraum <strong>vom 11. bis zum 15. Mai<\/strong>. Diese f\u00fcnf Tage wurden im Laufe der Jahrhunderte ebenso vielen Heiligen gewidmet, und die damit verbundene Tradition, die eine Mischung aus b\u00e4uerlicher <strong>Folklore<\/strong>, <strong>Volksweisheit<\/strong> und <strong>Fr\u00f6mmigkeit<\/strong> darstellt, ist noch immer sehr weit verbreitet, insbesondere in <strong>Nordeuropa,<\/strong> und zwar in Deutschland, Schweden, Polen, \u00d6sterreich, der Schweiz, aber auch in Frankreich, England und Ungarn.<\/p>\n<p>Auch in Italien gibt es <strong>Legenden rund um die Eisheiligen<\/strong>, aus denen im Laufe der Zeit Br\u00e4uche und <strong>Sprichw\u00f6rter<\/strong> entstanden, die unter der b\u00e4uerlichen Bev\u00f6lkerung noch heute weit verbreitet sind.<\/p>\n<p>Wer sind die Eisheiligen? Die Antwort lautet <strong>den Heiligen Pankratius, den Heiligen Servatius, den Heiligen Mamertus, den Heiligen Bonifatius von Tarsus und die Heilige Sophia von Rom<\/strong>, deren liturgischer Gedenktag auf den 17. September f\u00e4llt und die die Deutschen \u201e<em>die kalte Sophie<\/em>\u201c nennen.<\/p>\n<p>Lernen wir sie besser kennen und behalten wir das Maiwetter im Auge!<\/p>\n<h2>Heiliger Mamertus<\/h2>\n<p>Der erste Eisheilige, an den wir uns erinnern und dessen liturgisches Gedenken am <strong>11. Mai<\/strong> gefeiert wird, ist <strong>der Heilige Mamertus von Vienne<\/strong> (Mamert de Vienne), ein franz\u00f6sischer Erzbischof, der im 5. Jahrhundert lebte.<\/p>\n<p>Er war ber\u00fchmt f\u00fcr <strong>seine literarische und theologische Bildung<\/strong>, war Bischof von Vienne, geriet mit dem Erzbischof von Arles aneinander und ab 470 n. Chr. C. f\u00fchrte in Frankreich die <strong>Bittgebete<\/strong> ein, S\u00fchneprozessionen, die von Gebeten und Bu\u00df\u00fcbungen begleitet wurden und deren Ziel es war, die g\u00f6ttliche Gnade zu erregen, um die Aussaat zu f\u00f6rdern, D\u00fcrre zu bek\u00e4mpfen und Naturkatastrophen vorzubeugen.<\/p>\n<p>Noch heute ruhen seine sterblichen \u00dcberreste in Vienne, in der alten Kirche des Heiligen Peter von Vienne, und sogar in Italien sind ihm Kirchen, Kapellen und Krankenh\u00e4user gewidmet.<\/p>\n<h2>Heiliger Pankratius<\/h2>\n<p>Der <strong><a href=\"https:\/\/www.holyart.de\/devotionalien\/statuen\/statuen-aus-resin-und-pvc\/statue-aus-harz-pankratius-15-cm\">heilige Pankratius<\/a><\/strong>, dessen am <strong>12. Mai<\/strong> gedacht wird, starb sehr jung, im Alter von nur <strong>vierzehn<\/strong> Jahren, w\u00e4hrend einer Christenverfolgung unter Diokletian. Er wurde in Phrygien, einer Provinz Kleinasiens, als Kind r\u00f6mischer Eltern geboren, wurde schon in jungen Jahren Waise und wuchs bei seinem Onkel Dionysius auf, der ihn mit nach <strong>Rom<\/strong> nahm und ihn in die <strong>christliche Gemeinde<\/strong> einf\u00fchrte. Nach seiner Taufe folgte der junge Pankratius der neuen Religion mit Leidenschaft und Enthusiasmus und wurde von der <strong>Verfolgung durch den Kaiser<\/strong> unweigerlich \u00fcberw\u00e4ltigt. Man brachte ihn vor Diokletian selbst, der von der Sch\u00f6nheit und Inbrunst dieses jungen Christen beeindruckt war. Er wurde auf jede erdenkliche Weise \u00fcberredet und bedroht, um ihn dazu zu bringen, seinem Glauben abzuschw\u00f6ren. Doch er zeigte sich so entschlossen und unnachgiebig, dass der Kaiser sich gezwungen sah, <strong>ihn zum Tode zu verurteilen<\/strong>. Er wurde bei Sonnenuntergang auf der Via Aurelia <strong>enthauptet<\/strong>, und Ottavilla, eine r\u00f6mische Matrone, lie\u00df seinen Leichnam und seinen Kopf bergen, bereitete sie f\u00fcr die Beerdigung vor und legte sie in ein Grab, \u00fcber dem sp\u00e4ter eine Basilika errichtet wurde. Seine Hingabe verbreitete sich auch in Deutschland und er wurde <strong>Mitpatron des Ordens der Deutschen Ritter<\/strong>.<\/p>\n<p>Heute ruhen seine Reliquien gr\u00f6\u00dftenteils in der Basilika des Heiligen Pankratius, die an der Stelle seines Martyriums errichtet wurde. Einige Teile seines K\u00f6rpers werden jedoch in italienischen und franz\u00f6sischen Kirchen aufbewahrt.<\/p>\n<div class=\"link-product\">\n<div class=\"blocco-immagine\"><img loading=\"lazy\" decoding=\"async\" class=\"alignnone size-full wp-image-6012\" src=\"https:\/\/blog.holyart.it\/de\/wp-content\/uploads\/sites\/12\/2025\/04\/Statue-aus-Harz-Pankratius.jpg\" alt=\"Statue aus Harz Pankratius\" width=\"100\" height=\"100\" data-kale-share-title=\"Eisheilige: Das Ph\u00e4nomen, das den Winter in den Fr\u00fchling bringt\" data-kale-share-url=\"https:\/\/blog.holyart.it\/de\/?p=6006\" \/><\/div>\n<div class=\"blocco-contenuto\">\n<div class=\"blocco-acquista\">Einkaufen:<\/div>\n<div class=\"blocco-titolo\"><a href=\"https:\/\/www.holyart.de\/devotionalien\/statuen\/statuen-aus-resin-und-pvc\/statue-aus-harz-pankratius-15-cm\">Statue aus Harz Pankratius, 15 cm<\/a><\/div>\n<div class=\"blocco-descrizione\">Sch\u00f6ne Statue hergestellt aus Harz mit viel liebe zum Detail.<\/div>\n<\/div>\n<\/div>\n<h2>Heiliger Servatius<\/h2>\n<p>Am <strong>13. Mai <\/strong>wird ein weiterer Eisheiliger gefeiert: Servatius von Tongern, Bischof von Tongeren in Belgien, der urspr\u00fcnglich aus Armenien stammt. Er lebte im 4. Jahrhundert n. Chr. und war ein gro\u00dfer Unterst\u00fctzer des Heiligen Athanasius von Alexandria w\u00e4hrend des <strong>Konzils von Nic\u00e4a<\/strong> (325 n. Chr.), dem ersten \u00f6kumenischen Konzil der Christen. Er war auch der erste, <strong>der Belgien evangelisierte<\/strong>. Seine sterblichen \u00dcberreste werden in der Basilika in Maastricht, Holland, aufbewahrt, die seinen Namen tr\u00e4gt.<\/p>\n<h2>Heiliger Bonifatius von Tarsus<\/h2>\n<p>Am <strong>14. Mai<\/strong>, dem letzten Tag der Eisheiligen, gedenken wir <a href=\"https:\/\/www.holyart.de\/devotionalien\/statuen\/statuen-aus-bemalten-holz\/heiliger-bonifatius-bemalten-grodnertal-holz\"><strong>Bonifatius von Tarsus<\/strong><\/a>, einem christlichen M\u00e4rtyrer, der auch Opfer der Verfolgungen durch Diokletian und Galerius wurde. Als Verwalter einer Adligen namens <strong>Aglaida<\/strong> reiste er f\u00fcr sie nach Tarsus, <strong>um einige wertvolle Reliquien von Heiligen nach Rom zu bringen<\/strong>. Aglaida war Heidin und interessierte sich f\u00fcr das Christentum. Sie hoffte, dass die Reliquien ihr helfen w\u00fcrden, es besser zu verstehen. In Tarsus angekommen, bekannte sich Bonifatius mitten in der Christenverfolgung zum Christentum und <strong>erlitt den M\u00e4rtyrertod<\/strong>. Als sein einbalsamierter K\u00f6rper nach Rom zur\u00fcckgebracht und seiner Herrin \u00fcbergeben wurde, wurde sie Christin und verbrachte den Rest ihres Lebens im Gebet. Die sterblichen \u00dcberreste von Bonifatius wurden in der heutigen Basilika der Heiligen Bonifatius und Alexius beigesetzt, die von Aglaida auf dem H\u00fcgel Aventin, in Rom, erbaut wurde.<\/p>\n<div class=\"link-product\">\n<div class=\"blocco-immagine\"><img loading=\"lazy\" decoding=\"async\" class=\"alignnone size-full wp-image-6014\" src=\"https:\/\/blog.holyart.it\/de\/wp-content\/uploads\/sites\/12\/2025\/04\/Heiliger-Bonifatius-bemalten-Groednertal-Holz.jpg\" alt=\"Heiliger Bonifatius bemalten Gr\u00f6dnertal Holz\" width=\"100\" height=\"100\" data-kale-share-title=\"Eisheilige: Das Ph\u00e4nomen, das den Winter in den Fr\u00fchling bringt\" data-kale-share-url=\"https:\/\/blog.holyart.it\/de\/?p=6006\" \/><\/div>\n<div class=\"blocco-contenuto\">\n<div class=\"blocco-acquista\">Einkaufen:<\/div>\n<div class=\"blocco-titolo\"><a href=\"https:\/\/www.holyart.de\/devotionalien\/statuen\/statuen-aus-bemalten-holz\/heiliger-bonifatius-bemalten-grodnertal-holz\">Heiliger Bonifatius bemalten Gr\u00f6dnertal Holz<\/a><\/div>\n<div class=\"blocco-descrizione\">Statue des heiligen Bonifatius realisiert aus Gr\u00f6dnertal Holz und handbemalt.<\/div>\n<\/div>\n<\/div>\n<h2>Heilige Sophia von Rom<\/h2>\n<p>Die <a href=\"https:\/\/www.holyart.de\/devotionalien\/statuen\/statuen-aus-bemalten-holz\/statue-hl.-sophia-von-rom-mit-schwert-bemalten-grodnertal-holz\"><strong>Heilige Sophia oder Sonia<\/strong><\/a> wird mit den Eisheiligen in Verbindung gebracht, obwohl ihr liturgischer Gedenktag im September liegt (im Mittelalter wurde er jedoch am <strong>15. Mai<\/strong> gefeiert). Sie lebte im 2. Jahrhundert n. Chr. in Rom.<\/p>\n<p>Mit dem den ber\u00fchmten Senator Philander geheiratet, wurde sie Christin und gab ihren T\u00f6chtern die Namen der <strong>drei theologischen Tugenden<\/strong>: <em>Pistis<\/em> (Glaube), <em>Elpis<\/em> (Hoffnung), <em>Agape<\/em> (N\u00e4chstenliebe). Sie bekehrte auch ihren Mann zum Christentum und widmete sich nach seinem Tod <strong>Werken der Barmherzigkeit und der Missionierung<\/strong>.<\/p>\n<p>Sie wurde als Christin angezeigt und vor <strong>Kaiser Hadrian<\/strong> gebracht, der sie auspeitschen und ihr das Zeichen der Schande auf die Stirn schreiben lie\u00df. <strong>Anschlie\u00dfend lie\u00df er ihre drei T\u00f6chter foltern und eine nach der anderen vor ihren Augen enthaupten<\/strong>.<\/p>\n<p>Sophia begrub sie und <strong>lie\u00df sich auf ihrem Grab sterben<\/strong>. Es war das Jahr 122 n. Chr. Das Grab von Sophia und ihren T\u00f6chtern ist noch immer in den Katakomben vom Heiligen Pankratius an der Via Aurelia sichtbar.<\/p>\n<p>Das Andenken an die Heilige Sophia und ihre drei T\u00f6chter wurde in verschiedene Martyrologien aufgenommen und sie werden alle gemeinsam am 17. September gefeiert. Die Ikonographie stellt sie als vier in Trauer gekleidete Frauen dar.<\/p>\n<div class=\"link-product\">\n<div class=\"blocco-immagine\"><img loading=\"lazy\" decoding=\"async\" class=\"alignnone size-full wp-image-6016\" src=\"https:\/\/blog.holyart.it\/de\/wp-content\/uploads\/sites\/12\/2025\/04\/Statue-Hl.-Sophia-von-Rom-mit-Schwert-bemalten-Groednertal-Holz.jpg\" alt=\"Statue Hl. Sophia von Rom mit Schwert bemalten Gr\u00f6dnertal Holz\" width=\"100\" height=\"100\" data-kale-share-title=\"Eisheilige: Das Ph\u00e4nomen, das den Winter in den Fr\u00fchling bringt\" data-kale-share-url=\"https:\/\/blog.holyart.it\/de\/?p=6006\" \/><\/div>\n<div class=\"blocco-contenuto\">\n<div class=\"blocco-acquista\">Einkaufen:<\/div>\n<div class=\"blocco-titolo\"><a href=\"https:\/\/www.holyart.de\/devotionalien\/statuen\/statuen-aus-bemalten-holz\/statue-hl.-sophia-von-rom-mit-schwert-bemalten-grodnertal-holz\">Statue Hl. Sophia von Rom mit Schwert bemalten Gr\u00f6dnertal Holz<\/a><\/div>\n<div class=\"blocco-descrizione\">Statue der heiligen Sophia von Rom realisiert aus Gr\u00f6dnertal Holz und handbemalt.<\/div>\n<\/div>\n<\/div>\n","protected":false},"excerpt":{"rendered":"<p>Wer sind die Eisheiligen, die uns mitten im Fr\u00fchling f\u00fcr ein paar Tage zur\u00fcck zum Winter bringen? Zwischen Bauerntradition und Andacht: was passiert an den ihnen gewidmeten Tagen Wer sind die Eisheiligen? Der bizarre Name l\u00e4sst auf den ersten Blick an sakrale Skulpturen denken, die&hellip;<\/p>\n","protected":false},"author":1,"featured_media":6008,"comment_status":"closed","ping_status":"open","sticky":false,"template":"","format":"standard","meta":{"_acf_changed":false,"footnotes":""},"categories":[10],"tags":[],"class_list":["post-6006","post","type-post","status-publish","format-standard","has-post-thumbnail","hentry","category-devotionalien"],"acf":[],"yoast_head":"<!-- This site is optimized with the Yoast SEO plugin v26.6 - https:\/\/yoast.com\/wordpress\/plugins\/seo\/ -->\n<title>Eisheilige: Das Ph\u00e4nomen, das den Winter in den Fr\u00fchling bringt - Holyart.de Blog<\/title>\n<meta name=\"description\" content=\"Zwischen Bauerntradition und Fr\u00f6mmigkeit werden die Eisheiligen von Christen f\u00fcr ihr Glaubensbekenntnis und oft auch f\u00fcr ihr Martyrium in Erinnerung behalten.\" \/>\n<meta name=\"robots\" content=\"index, follow, max-snippet:-1, max-image-preview:large, max-video-preview:-1\" \/>\n<link rel=\"canonical\" href=\"https:\/\/blog.holyart.it\/de\/devotionalien\/eisheilige-das-phaenomen-das-den-winter-in-den-fruehling-bringt\/\" \/>\n<meta property=\"og:locale\" content=\"de_DE\" \/>\n<meta property=\"og:type\" content=\"article\" \/>\n<meta property=\"og:title\" content=\"Eisheilige: Das Ph\u00e4nomen, das den Winter in den Fr\u00fchling bringt - Holyart.de Blog\" \/>\n<meta property=\"og:description\" content=\"Zwischen Bauerntradition und Fr\u00f6mmigkeit werden die Eisheiligen von Christen f\u00fcr ihr Glaubensbekenntnis und oft auch f\u00fcr ihr Martyrium in Erinnerung behalten.\" \/>\n<meta property=\"og:url\" content=\"https:\/\/blog.holyart.it\/de\/devotionalien\/eisheilige-das-phaenomen-das-den-winter-in-den-fruehling-bringt\/\" \/>\n<meta property=\"og:site_name\" content=\"Holyart.de Blog\" \/>\n<meta property=\"article:published_time\" content=\"2025-05-07T08:00:41+00:00\" \/>\n<meta property=\"og:image\" content=\"https:\/\/blog.holyart.it\/de\/wp-content\/uploads\/sites\/12\/2025\/04\/Eisheilige.jpg\" \/>\n\t<meta property=\"og:image:width\" content=\"1000\" \/>\n\t<meta property=\"og:image:height\" content=\"666\" \/>\n\t<meta property=\"og:image:type\" content=\"image\/jpeg\" \/>\n<meta name=\"author\" content=\"Redazione\" \/>\n<meta name=\"twitter:card\" content=\"summary_large_image\" \/>\n<meta name=\"twitter:label1\" content=\"Verfasst von\" \/>\n\t<meta name=\"twitter:data1\" content=\"Redazione\" \/>\n\t<meta name=\"twitter:label2\" content=\"Gesch\u00e4tzte Lesezeit\" \/>\n\t<meta name=\"twitter:data2\" content=\"8\u00a0Minuten\" \/>\n<script type=\"application\/ld+json\" class=\"yoast-schema-graph\">{\"@context\":\"https:\/\/schema.org\",\"@graph\":[{\"@type\":\"Article\",\"@id\":\"https:\/\/blog.holyart.it\/de\/devotionalien\/eisheilige-das-phaenomen-das-den-winter-in-den-fruehling-bringt\/#article\",\"isPartOf\":{\"@id\":\"https:\/\/blog.holyart.it\/de\/devotionalien\/eisheilige-das-phaenomen-das-den-winter-in-den-fruehling-bringt\/\"},\"author\":{\"name\":\"Redazione\",\"@id\":\"https:\/\/blog.holyart.it\/de\/#\/schema\/person\/0a7b686e5af0f856ec1e390dd0baecda\"},\"headline\":\"Eisheilige: Das Ph\u00e4nomen, das den Winter in den Fr\u00fchling bringt\",\"datePublished\":\"2025-05-07T08:00:41+00:00\",\"mainEntityOfPage\":{\"@id\":\"https:\/\/blog.holyart.it\/de\/devotionalien\/eisheilige-das-phaenomen-das-den-winter-in-den-fruehling-bringt\/\"},\"wordCount\":1281,\"publisher\":{\"@id\":\"https:\/\/blog.holyart.it\/de\/#organization\"},\"image\":{\"@id\":\"https:\/\/blog.holyart.it\/de\/devotionalien\/eisheilige-das-phaenomen-das-den-winter-in-den-fruehling-bringt\/#primaryimage\"},\"thumbnailUrl\":\"https:\/\/blog.holyart.it\/de\/wp-content\/uploads\/sites\/12\/2025\/04\/Eisheilige.jpg\",\"articleSection\":[\"Religion\"],\"inLanguage\":\"de\"},{\"@type\":\"WebPage\",\"@id\":\"https:\/\/blog.holyart.it\/de\/devotionalien\/eisheilige-das-phaenomen-das-den-winter-in-den-fruehling-bringt\/\",\"url\":\"https:\/\/blog.holyart.it\/de\/devotionalien\/eisheilige-das-phaenomen-das-den-winter-in-den-fruehling-bringt\/\",\"name\":\"Eisheilige: Das Ph\u00e4nomen, das den Winter in den Fr\u00fchling bringt - Holyart.de Blog\",\"isPartOf\":{\"@id\":\"https:\/\/blog.holyart.it\/de\/#website\"},\"primaryImageOfPage\":{\"@id\":\"https:\/\/blog.holyart.it\/de\/devotionalien\/eisheilige-das-phaenomen-das-den-winter-in-den-fruehling-bringt\/#primaryimage\"},\"image\":{\"@id\":\"https:\/\/blog.holyart.it\/de\/devotionalien\/eisheilige-das-phaenomen-das-den-winter-in-den-fruehling-bringt\/#primaryimage\"},\"thumbnailUrl\":\"https:\/\/blog.holyart.it\/de\/wp-content\/uploads\/sites\/12\/2025\/04\/Eisheilige.jpg\",\"datePublished\":\"2025-05-07T08:00:41+00:00\",\"description\":\"Zwischen Bauerntradition und Fr\u00f6mmigkeit werden die Eisheiligen von Christen f\u00fcr ihr Glaubensbekenntnis und oft auch f\u00fcr ihr Martyrium in Erinnerung behalten.\",\"breadcrumb\":{\"@id\":\"https:\/\/blog.holyart.it\/de\/devotionalien\/eisheilige-das-phaenomen-das-den-winter-in-den-fruehling-bringt\/#breadcrumb\"},\"inLanguage\":\"de\",\"potentialAction\":[{\"@type\":\"ReadAction\",\"target\":[\"https:\/\/blog.holyart.it\/de\/devotionalien\/eisheilige-das-phaenomen-das-den-winter-in-den-fruehling-bringt\/\"]}]},{\"@type\":\"ImageObject\",\"inLanguage\":\"de\",\"@id\":\"https:\/\/blog.holyart.it\/de\/devotionalien\/eisheilige-das-phaenomen-das-den-winter-in-den-fruehling-bringt\/#primaryimage\",\"url\":\"https:\/\/blog.holyart.it\/de\/wp-content\/uploads\/sites\/12\/2025\/04\/Eisheilige.jpg\",\"contentUrl\":\"https:\/\/blog.holyart.it\/de\/wp-content\/uploads\/sites\/12\/2025\/04\/Eisheilige.jpg\",\"width\":1000,\"height\":666,\"caption\":\"Eisheilige\"},{\"@type\":\"BreadcrumbList\",\"@id\":\"https:\/\/blog.holyart.it\/de\/devotionalien\/eisheilige-das-phaenomen-das-den-winter-in-den-fruehling-bringt\/#breadcrumb\",\"itemListElement\":[{\"@type\":\"ListItem\",\"position\":1,\"name\":\"Homepage\",\"item\":\"https:\/\/blog.holyart.it\/de\/\"},{\"@type\":\"ListItem\",\"position\":2,\"name\":\"Religion\",\"item\":\"https:\/\/blog.holyart.it\/de\/devotionalien\/\"},{\"@type\":\"ListItem\",\"position\":3,\"name\":\"Eisheilige: Das Ph\u00e4nomen, das den Winter in den Fr\u00fchling bringt\"}]},{\"@type\":\"WebSite\",\"@id\":\"https:\/\/blog.holyart.it\/de\/#website\",\"url\":\"https:\/\/blog.holyart.it\/de\/\",\"name\":\"Holyart.de Blog\",\"description\":\"Holyblog\",\"publisher\":{\"@id\":\"https:\/\/blog.holyart.it\/de\/#organization\"},\"potentialAction\":[{\"@type\":\"SearchAction\",\"target\":{\"@type\":\"EntryPoint\",\"urlTemplate\":\"https:\/\/blog.holyart.it\/de\/?s={search_term_string}\"},\"query-input\":{\"@type\":\"PropertyValueSpecification\",\"valueRequired\":true,\"valueName\":\"search_term_string\"}}],\"inLanguage\":\"de\"},{\"@type\":\"Organization\",\"@id\":\"https:\/\/blog.holyart.it\/de\/#organization\",\"name\":\"Holyart.de Blog\",\"url\":\"https:\/\/blog.holyart.it\/de\/\",\"logo\":{\"@type\":\"ImageObject\",\"inLanguage\":\"de\",\"@id\":\"https:\/\/blog.holyart.it\/de\/#\/schema\/logo\/image\/\",\"url\":\"https:\/\/blog.holyart.it\/de\/wp-content\/uploads\/sites\/12\/2022\/12\/Holyart_Blog_Logo.jpg\",\"contentUrl\":\"https:\/\/blog.holyart.it\/de\/wp-content\/uploads\/sites\/12\/2022\/12\/Holyart_Blog_Logo.jpg\",\"width\":300,\"height\":50,\"caption\":\"Holyart.de Blog\"},\"image\":{\"@id\":\"https:\/\/blog.holyart.it\/de\/#\/schema\/logo\/image\/\"}},{\"@type\":\"Person\",\"@id\":\"https:\/\/blog.holyart.it\/de\/#\/schema\/person\/0a7b686e5af0f856ec1e390dd0baecda\",\"name\":\"Redazione\",\"image\":{\"@type\":\"ImageObject\",\"inLanguage\":\"de\",\"@id\":\"https:\/\/blog.holyart.it\/de\/#\/schema\/person\/image\/\",\"url\":\"https:\/\/secure.gravatar.com\/avatar\/f477da817f43e50d0af36abecd33e3edf826c68299714bdc1057dff3b113f516?s=96&d=mm&r=g\",\"contentUrl\":\"https:\/\/secure.gravatar.com\/avatar\/f477da817f43e50d0af36abecd33e3edf826c68299714bdc1057dff3b113f516?s=96&d=mm&r=g\",\"caption\":\"Redazione\"}}]}<\/script>\n<!-- \/ Yoast SEO plugin. -->","yoast_head_json":{"title":"Eisheilige: Das Ph\u00e4nomen, das den Winter in den Fr\u00fchling bringt - Holyart.de Blog","description":"Zwischen Bauerntradition und Fr\u00f6mmigkeit werden die Eisheiligen von Christen f\u00fcr ihr Glaubensbekenntnis und oft auch f\u00fcr ihr Martyrium in Erinnerung behalten.","robots":{"index":"index","follow":"follow","max-snippet":"max-snippet:-1","max-image-preview":"max-image-preview:large","max-video-preview":"max-video-preview:-1"},"canonical":"https:\/\/blog.holyart.it\/de\/devotionalien\/eisheilige-das-phaenomen-das-den-winter-in-den-fruehling-bringt\/","og_locale":"de_DE","og_type":"article","og_title":"Eisheilige: Das Ph\u00e4nomen, das den Winter in den Fr\u00fchling bringt - Holyart.de Blog","og_description":"Zwischen Bauerntradition und Fr\u00f6mmigkeit werden die Eisheiligen von Christen f\u00fcr ihr Glaubensbekenntnis und oft auch f\u00fcr ihr Martyrium in Erinnerung behalten.","og_url":"https:\/\/blog.holyart.it\/de\/devotionalien\/eisheilige-das-phaenomen-das-den-winter-in-den-fruehling-bringt\/","og_site_name":"Holyart.de Blog","article_published_time":"2025-05-07T08:00:41+00:00","og_image":[{"width":1000,"height":666,"url":"https:\/\/blog.holyart.it\/de\/wp-content\/uploads\/sites\/12\/2025\/04\/Eisheilige.jpg","type":"image\/jpeg"}],"author":"Redazione","twitter_card":"summary_large_image","twitter_misc":{"Verfasst von":"Redazione","Gesch\u00e4tzte Lesezeit":"8\u00a0Minuten"},"schema":{"@context":"https:\/\/schema.org","@graph":[{"@type":"Article","@id":"https:\/\/blog.holyart.it\/de\/devotionalien\/eisheilige-das-phaenomen-das-den-winter-in-den-fruehling-bringt\/#article","isPartOf":{"@id":"https:\/\/blog.holyart.it\/de\/devotionalien\/eisheilige-das-phaenomen-das-den-winter-in-den-fruehling-bringt\/"},"author":{"name":"Redazione","@id":"https:\/\/blog.holyart.it\/de\/#\/schema\/person\/0a7b686e5af0f856ec1e390dd0baecda"},"headline":"Eisheilige: Das Ph\u00e4nomen, das den Winter in den Fr\u00fchling bringt","datePublished":"2025-05-07T08:00:41+00:00","mainEntityOfPage":{"@id":"https:\/\/blog.holyart.it\/de\/devotionalien\/eisheilige-das-phaenomen-das-den-winter-in-den-fruehling-bringt\/"},"wordCount":1281,"publisher":{"@id":"https:\/\/blog.holyart.it\/de\/#organization"},"image":{"@id":"https:\/\/blog.holyart.it\/de\/devotionalien\/eisheilige-das-phaenomen-das-den-winter-in-den-fruehling-bringt\/#primaryimage"},"thumbnailUrl":"https:\/\/blog.holyart.it\/de\/wp-content\/uploads\/sites\/12\/2025\/04\/Eisheilige.jpg","articleSection":["Religion"],"inLanguage":"de"},{"@type":"WebPage","@id":"https:\/\/blog.holyart.it\/de\/devotionalien\/eisheilige-das-phaenomen-das-den-winter-in-den-fruehling-bringt\/","url":"https:\/\/blog.holyart.it\/de\/devotionalien\/eisheilige-das-phaenomen-das-den-winter-in-den-fruehling-bringt\/","name":"Eisheilige: Das Ph\u00e4nomen, das den Winter in den Fr\u00fchling bringt - Holyart.de Blog","isPartOf":{"@id":"https:\/\/blog.holyart.it\/de\/#website"},"primaryImageOfPage":{"@id":"https:\/\/blog.holyart.it\/de\/devotionalien\/eisheilige-das-phaenomen-das-den-winter-in-den-fruehling-bringt\/#primaryimage"},"image":{"@id":"https:\/\/blog.holyart.it\/de\/devotionalien\/eisheilige-das-phaenomen-das-den-winter-in-den-fruehling-bringt\/#primaryimage"},"thumbnailUrl":"https:\/\/blog.holyart.it\/de\/wp-content\/uploads\/sites\/12\/2025\/04\/Eisheilige.jpg","datePublished":"2025-05-07T08:00:41+00:00","description":"Zwischen Bauerntradition und Fr\u00f6mmigkeit werden die Eisheiligen von Christen f\u00fcr ihr Glaubensbekenntnis und oft auch f\u00fcr ihr Martyrium in Erinnerung behalten.","breadcrumb":{"@id":"https:\/\/blog.holyart.it\/de\/devotionalien\/eisheilige-das-phaenomen-das-den-winter-in-den-fruehling-bringt\/#breadcrumb"},"inLanguage":"de","potentialAction":[{"@type":"ReadAction","target":["https:\/\/blog.holyart.it\/de\/devotionalien\/eisheilige-das-phaenomen-das-den-winter-in-den-fruehling-bringt\/"]}]},{"@type":"ImageObject","inLanguage":"de","@id":"https:\/\/blog.holyart.it\/de\/devotionalien\/eisheilige-das-phaenomen-das-den-winter-in-den-fruehling-bringt\/#primaryimage","url":"https:\/\/blog.holyart.it\/de\/wp-content\/uploads\/sites\/12\/2025\/04\/Eisheilige.jpg","contentUrl":"https:\/\/blog.holyart.it\/de\/wp-content\/uploads\/sites\/12\/2025\/04\/Eisheilige.jpg","width":1000,"height":666,"caption":"Eisheilige"},{"@type":"BreadcrumbList","@id":"https:\/\/blog.holyart.it\/de\/devotionalien\/eisheilige-das-phaenomen-das-den-winter-in-den-fruehling-bringt\/#breadcrumb","itemListElement":[{"@type":"ListItem","position":1,"name":"Homepage","item":"https:\/\/blog.holyart.it\/de\/"},{"@type":"ListItem","position":2,"name":"Religion","item":"https:\/\/blog.holyart.it\/de\/devotionalien\/"},{"@type":"ListItem","position":3,"name":"Eisheilige: Das Ph\u00e4nomen, das den Winter in den Fr\u00fchling bringt"}]},{"@type":"WebSite","@id":"https:\/\/blog.holyart.it\/de\/#website","url":"https:\/\/blog.holyart.it\/de\/","name":"Holyart.de Blog","description":"Holyblog","publisher":{"@id":"https:\/\/blog.holyart.it\/de\/#organization"},"potentialAction":[{"@type":"SearchAction","target":{"@type":"EntryPoint","urlTemplate":"https:\/\/blog.holyart.it\/de\/?s={search_term_string}"},"query-input":{"@type":"PropertyValueSpecification","valueRequired":true,"valueName":"search_term_string"}}],"inLanguage":"de"},{"@type":"Organization","@id":"https:\/\/blog.holyart.it\/de\/#organization","name":"Holyart.de Blog","url":"https:\/\/blog.holyart.it\/de\/","logo":{"@type":"ImageObject","inLanguage":"de","@id":"https:\/\/blog.holyart.it\/de\/#\/schema\/logo\/image\/","url":"https:\/\/blog.holyart.it\/de\/wp-content\/uploads\/sites\/12\/2022\/12\/Holyart_Blog_Logo.jpg","contentUrl":"https:\/\/blog.holyart.it\/de\/wp-content\/uploads\/sites\/12\/2022\/12\/Holyart_Blog_Logo.jpg","width":300,"height":50,"caption":"Holyart.de Blog"},"image":{"@id":"https:\/\/blog.holyart.it\/de\/#\/schema\/logo\/image\/"}},{"@type":"Person","@id":"https:\/\/blog.holyart.it\/de\/#\/schema\/person\/0a7b686e5af0f856ec1e390dd0baecda","name":"Redazione","image":{"@type":"ImageObject","inLanguage":"de","@id":"https:\/\/blog.holyart.it\/de\/#\/schema\/person\/image\/","url":"https:\/\/secure.gravatar.com\/avatar\/f477da817f43e50d0af36abecd33e3edf826c68299714bdc1057dff3b113f516?s=96&d=mm&r=g","contentUrl":"https:\/\/secure.gravatar.com\/avatar\/f477da817f43e50d0af36abecd33e3edf826c68299714bdc1057dff3b113f516?s=96&d=mm&r=g","caption":"Redazione"}}]}},"_links":{"self":[{"href":"https:\/\/blog.holyart.it\/de\/wp-json\/wp\/v2\/posts\/6006","targetHints":{"allow":["GET"]}}],"collection":[{"href":"https:\/\/blog.holyart.it\/de\/wp-json\/wp\/v2\/posts"}],"about":[{"href":"https:\/\/blog.holyart.it\/de\/wp-json\/wp\/v2\/types\/post"}],"author":[{"embeddable":true,"href":"https:\/\/blog.holyart.it\/de\/wp-json\/wp\/v2\/users\/1"}],"replies":[{"embeddable":true,"href":"https:\/\/blog.holyart.it\/de\/wp-json\/wp\/v2\/comments?post=6006"}],"version-history":[{"count":6,"href":"https:\/\/blog.holyart.it\/de\/wp-json\/wp\/v2\/posts\/6006\/revisions"}],"predecessor-version":[{"id":6017,"href":"https:\/\/blog.holyart.it\/de\/wp-json\/wp\/v2\/posts\/6006\/revisions\/6017"}],"wp:featuredmedia":[{"embeddable":true,"href":"https:\/\/blog.holyart.it\/de\/wp-json\/wp\/v2\/media\/6008"}],"wp:attachment":[{"href":"https:\/\/blog.holyart.it\/de\/wp-json\/wp\/v2\/media?parent=6006"}],"wp:term":[{"taxonomy":"category","embeddable":true,"href":"https:\/\/blog.holyart.it\/de\/wp-json\/wp\/v2\/categories?post=6006"},{"taxonomy":"post_tag","embeddable":true,"href":"https:\/\/blog.holyart.it\/de\/wp-json\/wp\/v2\/tags?post=6006"}],"curies":[{"name":"wp","href":"https:\/\/api.w.org\/{rel}","templated":true}]}}