{"id":5856,"date":"2025-04-16T10:00:35","date_gmt":"2025-04-16T08:00:35","guid":{"rendered":"https:\/\/blog.holyart.it\/de\/?p=5856"},"modified":"2026-03-26T10:48:30","modified_gmt":"2026-03-26T09:48:30","slug":"christi-hoellenfahrt-und-seine-auferstehung","status":"publish","type":"post","link":"https:\/\/blog.holyart.it\/de\/ostern\/christi-hoellenfahrt-und-seine-auferstehung\/","title":{"rendered":"Christi H\u00f6llenfahrt und seine Auferstehung"},"content":{"rendered":"<h4>Wie sein Tod und seine Auferstehung ist auch Christi H\u00f6llenfahrt ein wesentlicher Bestandteil seiner Verherrlichung. Jesus steigt in die H\u00f6lle hinab, nur um in noch gr\u00f6\u00dferer Herrlichkeit wieder aufzuerstehen und dabei die Seelen der Gerechten der Vergangenheit mitzunehmen.<\/h4>\n\n<p>Im Hinblick auf Ostern von der H\u00f6llenfahrt Christi zu sprechen, scheint ein Widerspruch in sich zu sein. Wie wir wissen, wird an Ostern die Auferstehung Jesu Christi gefeiert, das wundersame Ereignis, dank dem er aus dem Grab kam und in den Himmel auffuhr, um zur Rechten des Vaters zu sitzen. Dies lernen wir schon in jungen Jahren durch das Rezitieren des Glaubensbekenntnisses, auch Apostolisches Glaubensbekenntnis genannt:<\/p>\n<p><em>Am dritten Tag ist er wieder auferstanden.<br \/>\n<\/em><em>der Heiligen Schrift zufolge fuhr er in den Himmel auf,<br \/>\n<\/em><em>sitzt zur Rechten des Vaters.<br \/>\n<\/em><em>Und er wird wiederkommen in Herrlichkeit,<br \/>\n<\/em><em>um zu richten \u00fcber die Lebenden und die Toten,<br \/>\n<\/em><em>und sein Reich wird kein Ende haben.<\/em><\/p>\n<p>Bevor wir jedoch \u00fcber den <a href=\"https:\/\/www.holyart.de\/devotionalien\/statuen\/statuen-aus-resin-und-pvc\/statue-heiligstes-herz-jesu-mit-offenen-armen-40-cm-kunstharz-farbig-gefasst\"><strong>auferstandenen Christus<\/strong><\/a> sprechen k\u00f6nnen, m\u00fcssen wir \u00fcber <strong>seinen Tod<\/strong> nachdenken. Jesus hat sich bewusst f\u00fcr den Tod entschieden, so wie alle Menschen sterben. Das <strong>Apostolische Glaubensbekenntnis<\/strong> lautet:<\/p>\n<p><em>[Jesus] litt unter Pontius Pilatus<br \/>\n<\/em><em>wurde gekreuzigt, starb und wurde begraben;<br \/>\n<\/em><em>Er stieg in die H\u00f6lle ab;<br \/>\n<\/em><em>am dritten Tag ist er von den Toten auferstanden.<\/em><\/p>\n<div class=\"link-product\">\n<div class=\"blocco-immagine\"><img loading=\"lazy\" decoding=\"async\" class=\"size-full wp-image-5859 alignleft\" src=\"https:\/\/blog.holyart.it\/de\/wp-content\/uploads\/sites\/12\/2025\/03\/statue-heiligstes-herz-jesu-mit-offenen-armen-40-cm-kunstharz-farbig-gefasst.jpg\" alt=\"heiligstes herz jesu\" width=\"100\" height=\"100\" data-kale-share-title=\"Christi H\u00f6llenfahrt und seine Auferstehung\" data-kale-share-url=\"https:\/\/blog.holyart.it\/de\/?p=5856\" \/><\/div>\n<div class=\"blocco-contenuto\">\n<div class=\"blocco-acquista\">Einkaufen:<\/div>\n<div class=\"blocco-titolo\"><a href=\"https:\/\/www.holyart.de\/besondere-anlasse\/ostern-und-fastenzeit\/auferstandener-christus-und-priesterkonig?page=1\">Auferstandener Christus und Priesterk\u00f6nig<\/a><\/div>\n<div class=\"blocco-descrizione\">In dieser Produktkategorie finden Sie Darstellungen des Auferstandenen und Christus, dem Priesterk\u00f6nig<\/div>\n<\/div>\n<\/div>\n<p>Deshalb akzeptierte Jesus das Mysterium des Todes und den Schrecken der Trennung der Seele vom K\u00f6rper \u2013 in seinem Fall mit Gewalt angesichts der Leiden, denen er ausgesetzt war. Jesus starb, sein K\u00f6rper wurde zerrissen und <strong><a href=\"https:\/\/www.holyart.de\/besondere-anlasse\/passionskrippe\/szene-kreuzigung-mit-soldat-und-maria-fur-9-cm-krippe\">ans Kreuz genagelt<\/a><\/strong>, und <strong>seine Seele stieg in das Reich der Toten hinab<\/strong>, in die H\u00f6lle, wie es allen passiert, die sterben. Aber Jesus war kein gew\u00f6hnlicher Mann. Er stieg als <strong>Erl\u00f6ser in die H\u00f6lle<\/strong> hinab, nicht um sein St\u00f6hnen mit dem der anderen Schatten zu vereinen, sondern um <strong>mit seinem Wort Hoffnung und Licht zu bringen<\/strong> und <strong>die Seelen zu befreien<\/strong>.<\/p>\n<p>Der <strong>Apostel Petrus<\/strong> nimmt in einem seiner Briefe Bezug auf den Tod Jesu: \u201e<em>Denn auch Christus hat einmal f\u00fcr unsere S\u00fcnden gelitten, der Gerechte f\u00fcr die Ungerechten, damit er uns zu Gott f\u00fchrte. Er wurde get\u00f6tet nach dem Fleisch, aber lebendig gemacht durch den Geist<\/em>\u201c (1. Petrus 3,18-22). Der Abstieg in die H\u00f6lle wird stattdessen in der <em>Summa Theologica<\/em> des <strong>Heiligen Thomas von Aquin<\/strong> beschrieben.<\/p>\n<div class=\"link-product\">\n<div class=\"blocco-immagine\"><img loading=\"lazy\" decoding=\"async\" class=\"size-full wp-image-5861 alignleft\" src=\"https:\/\/blog.holyart.it\/de\/wp-content\/uploads\/sites\/12\/2025\/03\/szene-kreuzigung-mit-soldat-und-maria-fur-9-cm-krippe.jpg\" alt=\"szene kreuzigung mit soldat und maria\" width=\"100\" height=\"100\" data-kale-share-title=\"Christi H\u00f6llenfahrt und seine Auferstehung\" data-kale-share-url=\"https:\/\/blog.holyart.it\/de\/?p=5856\" \/><\/div>\n<div class=\"blocco-contenuto\">\n<div class=\"blocco-acquista\">Einkaufen:<\/div>\n<div class=\"blocco-titolo\"><a href=\"https:\/\/www.holyart.de\/besondere-anlasse\/passionskrippe\/szene-kreuzigung-mit-soldat-und-maria-fur-9-cm-krippe\">Szene Kreuzigung mit Soldat und Maria<\/a><\/div>\n<div class=\"blocco-descrizione\">Die Statuen sind aus Resin gefertigt und haben eine max. H\u00f6he von 15 cm.<\/div>\n<\/div>\n<\/div>\n<h2>Warum Jesus in die H\u00f6lle hinabstieg<\/h2>\n<p>Zun\u00e4chst einmal m\u00fcssen wir bedenken, dass die \u201eH\u00f6lle\u201c, in die Jesus hinabstieg, nichts mit der <strong>H\u00f6lle<\/strong> in unserem Verst\u00e4ndnis zu tun hat, einem Ort der Verdammnis und ewigen Verdammnis f\u00fcr S\u00fcnder. Wir k\u00f6nnen von einem allgemeineren <strong>Leben nach dem Tod<\/strong> sprechen, wo sich alle Toten treffen, unabh\u00e4ngig von ihrem irdischen Verhalten. Was die Griechen und R\u00f6mer Hades nannten, nannten die Juden Sheol, die \u00c4gypter einfach das K\u00f6nigreich der Toten.<\/p>\n<p>Jesus steigt also in die <em>neutrale<\/em> Welt der Toten hinab. Die Wahl des <strong>Verbs \u201ehinabsteigen\u201c<\/strong> ist nicht zuf\u00e4llig. Sie bringt gerade den Willen zum Ausdruck, <strong>sich auf die Ebene der einfachen Sterblichen herabzulassen<\/strong>, die Entscheidung f\u00fcr eine Dem\u00fctigung, deren einziger Zweck es ist, den Menschen verst\u00e4ndlich zu machen, dass <strong>sie nie allein sind und von Gott nie verlassen werden<\/strong>, nicht einmal im Tod. Jesus, der sich w\u00e4hrend seines kurzen sterblichen Lebens den <strong>Dem\u00fctigen, Unterdr\u00fcckten, S\u00fcndern und den Schw\u00e4chsten und Verletzlichsten unter den Menschen<\/strong> besonders nahe zeigte, beweist durch seinen Abstieg in die H\u00f6lle, dass <strong>seine Liebe \u00fcber den Tod hinausgeht<\/strong> und dass er gekommen ist, um nicht nur die Seelen zu retten und zu befreien, die jetzt und in Zukunft existieren, sondern auch jene, die seit Anbeginn der Zeit bereits existiert haben.<\/p>\n<p>Jesus streckt diesen gefangenen Seelen die Hand entgegen und <strong>befreit<\/strong> sie von uralten Ketten. Was zun\u00e4chst wie eine <strong>Niederlage<\/strong>, ein Abstieg erscheinen mag, wird zu einem <strong>glorreichen Aufstieg<\/strong>, <strong>denn Jesus steigt in die H\u00f6lle hinab und steigt dann wieder in die Herrlichkeit<\/strong> <strong>auf<\/strong> und bringt jubelnde, gerettete und erl\u00f6ste Seelen mit sich. <a href=\"https:\/\/www.holyart.de\/besondere-anlasse\/passionskrippe\/auferstehung-jesu-4-figuren-resin-handbemalt-fur-10-cm-krippe\"><strong>Christus besiegt den Tod<\/strong><\/a> in seinem eigenen K\u00f6nigreich, untergr\u00e4bt jede Regel, st\u00fcrzt sein Mysterium und macht ihn zu einem Instrument und einer Verk\u00fcndigung seiner Gr\u00f6\u00dfe.<\/p>\n<div class=\"link-product\">\n<div class=\"blocco-immagine\"><img loading=\"lazy\" decoding=\"async\" class=\"size-full wp-image-5863 alignleft\" src=\"https:\/\/blog.holyart.it\/de\/wp-content\/uploads\/sites\/12\/2025\/03\/auferstehung-jesu-4-figuren-resin-handbemalt-fur-10-cm-krippe-1.jpg\" alt=\"auferstehung jesu 4 figuren resin handbemalt\" width=\"100\" height=\"100\" data-kale-share-title=\"Christi H\u00f6llenfahrt und seine Auferstehung\" data-kale-share-url=\"https:\/\/blog.holyart.it\/de\/?p=5856\" \/><\/div>\n<div class=\"blocco-contenuto\">\n<div class=\"blocco-acquista\">Einkaufen:<\/div>\n<div class=\"blocco-titolo\"><a href=\"https:\/\/www.holyart.de\/besondere-anlasse\/passionskrippe\/auferstehung-jesu-4-figuren-resin-handbemalt-fur-10-cm-krippe\">Auferstehung Jesu, 4 Figuren, Resin, handbemalt<\/a><\/div>\n<div class=\"blocco-descrizione\">Material: Resin, handbemalt, f\u00fcr eine 30 cm Krippe geeignet. Max. H\u00f6he: 9,5 cm, max. Breite: 6,7 cm.<\/div>\n<\/div>\n<\/div>\n<h2>Der Abstieg in die H\u00f6lle im Werk des hl. Thomas von Aquin<\/h2>\n<p>Der <strong>Abstieg in die Unterwelt<\/strong> oder <em>Katabasis<\/em> ist ein Topos, der in der Literatur und Kultur vieler Zivilisationen immer wieder auftaucht. Denken wir an Orpheus, der in die Unterwelt hinabsteigt, um seine Frau Eurydike zu suchen, oder an Herkules, der in seiner letzten Aufgabe ins Totenreich hinabsteigen muss, um Kerberos, den dreik\u00f6pfigen Hund, der die Unterwelt bewacht, einzufangen. In seiner <strong>Summa Theologiae<\/strong> (<em>Summa Theologica<\/em>) w\u00fcrdigte der <a href=\"https:\/\/www.holyart.it\/blog\/santi-e-beati\/tommaso-daquino-e-la-gerarchia-degli-angeli\/\">heilige Thomas von Aquin<\/a>, Theologe, Philosoph und Kirchenlehrer, unter anderem das Verdienst, die klassische und hellenistische Philosophie mit der christlichen Theologie in Einklang bringen und verbinden zu k\u00f6nnen. In seinem Hauptwerk erkl\u00e4rt der heilige Thomas, dass Jesus aus <strong>vier grundlegenden Gr\u00fcnden<\/strong> in die H\u00f6lle hinabgestiegen sei:<\/p>\n<ol>\n<li>Christus steigt in die H\u00f6lle hinab, <strong>um die S\u00fcnden der Menschheit auf sich zu nehmen und vollst\u00e4ndig zu b\u00fc\u00dfen<\/strong>. Die Seelen der bereits Verstorbenen trugen noch immer die <strong>Erbs\u00fcnde<\/strong> und nur indem Jesus ihnen pers\u00f6nlich zur Befreiung kam, konnte er ihre Erl\u00f6sung garantieren. Aus diesem Grund wollte Christus, um die S\u00fcnde vollst\u00e4ndig auszul\u00f6schen, das Schicksal der Menschheit in jeder Hinsicht verfolgen, sogar den Tod und den Abstieg in die H\u00f6lle.<\/li>\n<li><strong>Jesus liebte seine Freunde bis zum Ende<\/strong> (\u201e<em>Jesus wusste, dass seine Stunde gekommen war, aus dieser Welt zum Vater zu gehen, und da er die Seinen, die in der Welt waren, liebte, liebte er sie bis zum Ende<\/em>\u201c, Johannes 13-1). Doch au\u00dfer den Aposteln und lebenden J\u00fcngern hatte er auch <strong>Freunde, die bereits ins Reich der Toten \u00fcbergegangen waren<\/strong>, und mit ihnen alle, <strong>die ihr Leben der Erwartung des Messias gewidmet hatten<\/strong>, wie die Propheten des Alten Testaments: Abraham, Isaak, Jakob, Moses, David und so weiter. Seine Liebe und Hoffnung auf Erl\u00f6sung gilt auch ihnen, denen, die schon lange tot sind, aber an seine Wiederkunft glauben.<\/li>\n<li>Durch den Abstieg ins Jenseits <strong>demonstriert Jesus seinen Sieg \u00fcber den Teufel<\/strong>. Indem er die T\u00fcren zum Totenreich aufbrach und die Gesetze des Todes untergrub, gelang es ihm, die Seelen der Gerechten aus den F\u00e4ngen des Teufels zu befreien.<\/li>\n<li>Durch seinen Tod <strong>befreit Jesus alle Heiligen, die in der Vorh\u00f6lle warteten<\/strong>, wie es der kleine Prophet Hosea prophezeit hatte: \u201e<em>Ich werde sie aus dem Grab befreien, ich werde sie von der Macht des Todes erretten. Was n\u00fctzen deine Massaker, o Tod? Was n\u00fctzen deine t\u00f6dlichen Gei\u00dfeln, o H\u00f6lle?<\/em>\u201c (Hos 13, 14).<\/li>\n<\/ol>\n<h2>Die Auferstehung Christi<\/h2>\n<p>So kommen wir zur <strong>Auferstehung Christi<\/strong>, dem letzten Akt seiner Geschichte in der Welt der Menschen, der Lebenden und der Toten.<\/p>\n<p><em>Am dritten Tag ist er wieder auferstanden.<br \/>\n<\/em><em>der Heiligen Schrift zufolge fuhr er in den Himmel auf,<br \/>\n<\/em><em>sitzt zur Rechten des Vaters.<\/em><\/p>\n<p>Kehren wir zum <strong>Apostolischen Glaubensbekenntnis<\/strong> zur\u00fcck, und insbesondere zu dem Moment, in dem wir nach der Aufz\u00e4hlung der Ereignisse im <strong>Leben Jesu als Mensch<\/strong> (Er wurde in Marias Leib Fleisch geworden, wurde Mensch, wurde gekreuzigt, starb und wurde begraben) <strong>seine Verherrlichung als Sohn Gottes und Erl\u00f6ser <\/strong>erkennen. <strong>Der Tod Jesu dauerte nur einen Augenblick<\/strong>, er war eine vor\u00fcbergehende Unterbrechung des immensen Stroms der Liebe, der von ihm ausging und sich auf die Menschen um ihn herum ausgoss. Seine Freunde und J\u00fcnger sp\u00fcrten seine Abwesenheit nur f\u00fcr einen Augenblick, <strong>doch sofort fanden sie ihn wieder, im Licht und in der Herrlichkeit der Auferstehung<\/strong>, Sinnbild der Erl\u00f6sung f\u00fcr sie alle, Hoffnung f\u00fcr jeden Menschen, der lebt, leben wird und der bereits gelebt hat. Nur drei Tage, und noch nicht einmal ganze, liegen zwischen Tod und Auferstehung, drei Tage, <strong>die den Zweifel symbolisieren<\/strong>, die Angst, von Gott verlassen zu sein, um dann die Erl\u00f6sung erst recht erkennen und wertsch\u00e4tzen zu k\u00f6nnen.<\/p>\n<p>Mit der Auferstehung rettet sich Jesus nicht selbst, indem er dem Tod entkommt, aber <strong>er bekr\u00e4ftigt sich erneut als Retter der gesamten Menschheit<\/strong> und bekr\u00e4ftigt alles, was bis zu seinem Tod seine Botschaft und seine Lehre war. Aus diesem Grund <strong>betrachten wir die Auferstehung als den H\u00f6hepunkt in der Geschichte des Christentums<\/strong>, als Grundlage des Glaubens und als Ausgangspunkt f\u00fcr Hoffnung und Erl\u00f6sung der Menschen.<\/p>\n<div class=\"link-product\">\n<div class=\"blocco-immagine\"><img loading=\"lazy\" decoding=\"async\" class=\"size-full wp-image-5866 alignleft\" src=\"https:\/\/blog.holyart.it\/de\/wp-content\/uploads\/sites\/12\/2025\/03\/auferstehung-jesu-fur-9-cm-krippe.jpg\" alt=\"auferstehung jesu\" width=\"100\" height=\"100\" data-kale-share-title=\"Christi H\u00f6llenfahrt und seine Auferstehung\" data-kale-share-url=\"https:\/\/blog.holyart.it\/de\/?p=5856\" \/><\/div>\n<div class=\"blocco-contenuto\">\n<div class=\"blocco-acquista\">Einkaufen:<\/div>\n<div class=\"blocco-titolo\"><a href=\"https:\/\/www.holyart.de\/besondere-anlasse\/passionskrippe\/auferstehung-jesu-fur-9-cm-krippe\">Auferstehung Jesu, f\u00fcr 9 cm Krippe<\/a><\/div>\n<div class=\"blocco-descrizione\">Die Statue ist aus Resin gefertigt und hat eine max. H\u00f6he von 12 cm.<\/div>\n<\/div>\n<\/div>\n","protected":false},"excerpt":{"rendered":"<p>Wie sein Tod und seine Auferstehung ist auch Christi H\u00f6llenfahrt ein wesentlicher Bestandteil seiner Verherrlichung. Jesus steigt in die H\u00f6lle hinab, nur um in noch gr\u00f6\u00dferer Herrlichkeit wieder aufzuerstehen und dabei die Seelen der Gerechten der Vergangenheit mitzunehmen. Im Hinblick auf Ostern von der H\u00f6llenfahrt&hellip;<\/p>\n","protected":false},"author":1,"featured_media":5857,"comment_status":"closed","ping_status":"open","sticky":false,"template":"","format":"standard","meta":{"_acf_changed":false,"footnotes":""},"categories":[18],"tags":[],"class_list":["post-5856","post","type-post","status-publish","format-standard","has-post-thumbnail","hentry","category-ostern"],"acf":[],"yoast_head":"<!-- This site is optimized with the Yoast SEO plugin v26.6 - https:\/\/yoast.com\/wordpress\/plugins\/seo\/ -->\n<title>Christi H\u00f6llenfahrt und seine Auferstehung - Holyart.de Blog<\/title>\n<meta name=\"description\" content=\"Im Hinblick auf Ostern erinnern wir uns an den Tod und die Auferstehung Christi, aber auch an seinen Abstieg in die H\u00f6lle.\" \/>\n<meta name=\"robots\" content=\"index, follow, max-snippet:-1, max-image-preview:large, max-video-preview:-1\" \/>\n<link rel=\"canonical\" href=\"https:\/\/blog.holyart.it\/de\/ostern\/christi-hoellenfahrt-und-seine-auferstehung\/\" \/>\n<meta property=\"og:locale\" content=\"de_DE\" \/>\n<meta property=\"og:type\" content=\"article\" \/>\n<meta property=\"og:title\" content=\"Christi H\u00f6llenfahrt und seine Auferstehung - Holyart.de Blog\" \/>\n<meta property=\"og:description\" content=\"Im Hinblick auf Ostern erinnern wir uns an den Tod und die Auferstehung Christi, aber auch an seinen Abstieg in die H\u00f6lle.\" \/>\n<meta property=\"og:url\" content=\"https:\/\/blog.holyart.it\/de\/ostern\/christi-hoellenfahrt-und-seine-auferstehung\/\" \/>\n<meta property=\"og:site_name\" content=\"Holyart.de Blog\" \/>\n<meta property=\"article:published_time\" content=\"2025-04-16T08:00:35+00:00\" \/>\n<meta property=\"article:modified_time\" content=\"2026-03-26T09:48:30+00:00\" \/>\n<meta property=\"og:image\" content=\"https:\/\/blog.holyart.it\/de\/wp-content\/uploads\/sites\/12\/2025\/03\/Christi-Hollenfahrt.jpeg\" \/>\n\t<meta property=\"og:image:width\" content=\"1000\" \/>\n\t<meta property=\"og:image:height\" content=\"666\" \/>\n\t<meta property=\"og:image:type\" content=\"image\/jpeg\" \/>\n<meta name=\"author\" content=\"Redazione\" \/>\n<meta name=\"twitter:card\" content=\"summary_large_image\" \/>\n<meta name=\"twitter:label1\" content=\"Verfasst von\" \/>\n\t<meta name=\"twitter:data1\" content=\"Redazione\" \/>\n\t<meta name=\"twitter:label2\" content=\"Gesch\u00e4tzte Lesezeit\" \/>\n\t<meta name=\"twitter:data2\" content=\"9\u00a0Minuten\" \/>\n<script type=\"application\/ld+json\" class=\"yoast-schema-graph\">{\"@context\":\"https:\/\/schema.org\",\"@graph\":[{\"@type\":\"Article\",\"@id\":\"https:\/\/blog.holyart.it\/de\/ostern\/christi-hoellenfahrt-und-seine-auferstehung\/#article\",\"isPartOf\":{\"@id\":\"https:\/\/blog.holyart.it\/de\/ostern\/christi-hoellenfahrt-und-seine-auferstehung\/\"},\"author\":{\"name\":\"Redazione\",\"@id\":\"https:\/\/blog.holyart.it\/de\/#\/schema\/person\/0a7b686e5af0f856ec1e390dd0baecda\"},\"headline\":\"Christi H\u00f6llenfahrt und seine Auferstehung\",\"datePublished\":\"2025-04-16T08:00:35+00:00\",\"dateModified\":\"2026-03-26T09:48:30+00:00\",\"mainEntityOfPage\":{\"@id\":\"https:\/\/blog.holyart.it\/de\/ostern\/christi-hoellenfahrt-und-seine-auferstehung\/\"},\"wordCount\":1497,\"publisher\":{\"@id\":\"https:\/\/blog.holyart.it\/de\/#organization\"},\"image\":{\"@id\":\"https:\/\/blog.holyart.it\/de\/ostern\/christi-hoellenfahrt-und-seine-auferstehung\/#primaryimage\"},\"thumbnailUrl\":\"https:\/\/blog.holyart.it\/de\/wp-content\/uploads\/sites\/12\/2025\/03\/Christi-Hollenfahrt.jpeg\",\"articleSection\":[\"Ostern\"],\"inLanguage\":\"de\"},{\"@type\":\"WebPage\",\"@id\":\"https:\/\/blog.holyart.it\/de\/ostern\/christi-hoellenfahrt-und-seine-auferstehung\/\",\"url\":\"https:\/\/blog.holyart.it\/de\/ostern\/christi-hoellenfahrt-und-seine-auferstehung\/\",\"name\":\"Christi H\u00f6llenfahrt und seine Auferstehung - Holyart.de Blog\",\"isPartOf\":{\"@id\":\"https:\/\/blog.holyart.it\/de\/#website\"},\"primaryImageOfPage\":{\"@id\":\"https:\/\/blog.holyart.it\/de\/ostern\/christi-hoellenfahrt-und-seine-auferstehung\/#primaryimage\"},\"image\":{\"@id\":\"https:\/\/blog.holyart.it\/de\/ostern\/christi-hoellenfahrt-und-seine-auferstehung\/#primaryimage\"},\"thumbnailUrl\":\"https:\/\/blog.holyart.it\/de\/wp-content\/uploads\/sites\/12\/2025\/03\/Christi-Hollenfahrt.jpeg\",\"datePublished\":\"2025-04-16T08:00:35+00:00\",\"dateModified\":\"2026-03-26T09:48:30+00:00\",\"description\":\"Im Hinblick auf Ostern erinnern wir uns an den Tod und die Auferstehung Christi, aber auch an seinen Abstieg in die H\u00f6lle.\",\"breadcrumb\":{\"@id\":\"https:\/\/blog.holyart.it\/de\/ostern\/christi-hoellenfahrt-und-seine-auferstehung\/#breadcrumb\"},\"inLanguage\":\"de\",\"potentialAction\":[{\"@type\":\"ReadAction\",\"target\":[\"https:\/\/blog.holyart.it\/de\/ostern\/christi-hoellenfahrt-und-seine-auferstehung\/\"]}]},{\"@type\":\"ImageObject\",\"inLanguage\":\"de\",\"@id\":\"https:\/\/blog.holyart.it\/de\/ostern\/christi-hoellenfahrt-und-seine-auferstehung\/#primaryimage\",\"url\":\"https:\/\/blog.holyart.it\/de\/wp-content\/uploads\/sites\/12\/2025\/03\/Christi-Hollenfahrt.jpeg\",\"contentUrl\":\"https:\/\/blog.holyart.it\/de\/wp-content\/uploads\/sites\/12\/2025\/03\/Christi-Hollenfahrt.jpeg\",\"width\":1000,\"height\":666,\"caption\":\"Christi Hollenfahrt\"},{\"@type\":\"BreadcrumbList\",\"@id\":\"https:\/\/blog.holyart.it\/de\/ostern\/christi-hoellenfahrt-und-seine-auferstehung\/#breadcrumb\",\"itemListElement\":[{\"@type\":\"ListItem\",\"position\":1,\"name\":\"Homepage\",\"item\":\"https:\/\/blog.holyart.it\/de\/\"},{\"@type\":\"ListItem\",\"position\":2,\"name\":\"Ostern\",\"item\":\"https:\/\/blog.holyart.it\/de\/ostern\/\"},{\"@type\":\"ListItem\",\"position\":3,\"name\":\"Christi H\u00f6llenfahrt und seine Auferstehung\"}]},{\"@type\":\"WebSite\",\"@id\":\"https:\/\/blog.holyart.it\/de\/#website\",\"url\":\"https:\/\/blog.holyart.it\/de\/\",\"name\":\"Holyart.de Blog\",\"description\":\"Holyblog\",\"publisher\":{\"@id\":\"https:\/\/blog.holyart.it\/de\/#organization\"},\"potentialAction\":[{\"@type\":\"SearchAction\",\"target\":{\"@type\":\"EntryPoint\",\"urlTemplate\":\"https:\/\/blog.holyart.it\/de\/?s={search_term_string}\"},\"query-input\":{\"@type\":\"PropertyValueSpecification\",\"valueRequired\":true,\"valueName\":\"search_term_string\"}}],\"inLanguage\":\"de\"},{\"@type\":\"Organization\",\"@id\":\"https:\/\/blog.holyart.it\/de\/#organization\",\"name\":\"Holyart.de Blog\",\"url\":\"https:\/\/blog.holyart.it\/de\/\",\"logo\":{\"@type\":\"ImageObject\",\"inLanguage\":\"de\",\"@id\":\"https:\/\/blog.holyart.it\/de\/#\/schema\/logo\/image\/\",\"url\":\"https:\/\/blog.holyart.it\/de\/wp-content\/uploads\/sites\/12\/2022\/12\/Holyart_Blog_Logo.jpg\",\"contentUrl\":\"https:\/\/blog.holyart.it\/de\/wp-content\/uploads\/sites\/12\/2022\/12\/Holyart_Blog_Logo.jpg\",\"width\":300,\"height\":50,\"caption\":\"Holyart.de Blog\"},\"image\":{\"@id\":\"https:\/\/blog.holyart.it\/de\/#\/schema\/logo\/image\/\"}},{\"@type\":\"Person\",\"@id\":\"https:\/\/blog.holyart.it\/de\/#\/schema\/person\/0a7b686e5af0f856ec1e390dd0baecda\",\"name\":\"Redazione\",\"image\":{\"@type\":\"ImageObject\",\"inLanguage\":\"de\",\"@id\":\"https:\/\/blog.holyart.it\/de\/#\/schema\/person\/image\/\",\"url\":\"https:\/\/secure.gravatar.com\/avatar\/f477da817f43e50d0af36abecd33e3edf826c68299714bdc1057dff3b113f516?s=96&d=mm&r=g\",\"contentUrl\":\"https:\/\/secure.gravatar.com\/avatar\/f477da817f43e50d0af36abecd33e3edf826c68299714bdc1057dff3b113f516?s=96&d=mm&r=g\",\"caption\":\"Redazione\"}}]}<\/script>\n<!-- \/ Yoast SEO plugin. -->","yoast_head_json":{"title":"Christi H\u00f6llenfahrt und seine Auferstehung - Holyart.de Blog","description":"Im Hinblick auf Ostern erinnern wir uns an den Tod und die Auferstehung Christi, aber auch an seinen Abstieg in die H\u00f6lle.","robots":{"index":"index","follow":"follow","max-snippet":"max-snippet:-1","max-image-preview":"max-image-preview:large","max-video-preview":"max-video-preview:-1"},"canonical":"https:\/\/blog.holyart.it\/de\/ostern\/christi-hoellenfahrt-und-seine-auferstehung\/","og_locale":"de_DE","og_type":"article","og_title":"Christi H\u00f6llenfahrt und seine Auferstehung - Holyart.de Blog","og_description":"Im Hinblick auf Ostern erinnern wir uns an den Tod und die Auferstehung Christi, aber auch an seinen Abstieg in die H\u00f6lle.","og_url":"https:\/\/blog.holyart.it\/de\/ostern\/christi-hoellenfahrt-und-seine-auferstehung\/","og_site_name":"Holyart.de Blog","article_published_time":"2025-04-16T08:00:35+00:00","article_modified_time":"2026-03-26T09:48:30+00:00","og_image":[{"width":1000,"height":666,"url":"https:\/\/blog.holyart.it\/de\/wp-content\/uploads\/sites\/12\/2025\/03\/Christi-Hollenfahrt.jpeg","type":"image\/jpeg"}],"author":"Redazione","twitter_card":"summary_large_image","twitter_misc":{"Verfasst von":"Redazione","Gesch\u00e4tzte Lesezeit":"9\u00a0Minuten"},"schema":{"@context":"https:\/\/schema.org","@graph":[{"@type":"Article","@id":"https:\/\/blog.holyart.it\/de\/ostern\/christi-hoellenfahrt-und-seine-auferstehung\/#article","isPartOf":{"@id":"https:\/\/blog.holyart.it\/de\/ostern\/christi-hoellenfahrt-und-seine-auferstehung\/"},"author":{"name":"Redazione","@id":"https:\/\/blog.holyart.it\/de\/#\/schema\/person\/0a7b686e5af0f856ec1e390dd0baecda"},"headline":"Christi H\u00f6llenfahrt und seine Auferstehung","datePublished":"2025-04-16T08:00:35+00:00","dateModified":"2026-03-26T09:48:30+00:00","mainEntityOfPage":{"@id":"https:\/\/blog.holyart.it\/de\/ostern\/christi-hoellenfahrt-und-seine-auferstehung\/"},"wordCount":1497,"publisher":{"@id":"https:\/\/blog.holyart.it\/de\/#organization"},"image":{"@id":"https:\/\/blog.holyart.it\/de\/ostern\/christi-hoellenfahrt-und-seine-auferstehung\/#primaryimage"},"thumbnailUrl":"https:\/\/blog.holyart.it\/de\/wp-content\/uploads\/sites\/12\/2025\/03\/Christi-Hollenfahrt.jpeg","articleSection":["Ostern"],"inLanguage":"de"},{"@type":"WebPage","@id":"https:\/\/blog.holyart.it\/de\/ostern\/christi-hoellenfahrt-und-seine-auferstehung\/","url":"https:\/\/blog.holyart.it\/de\/ostern\/christi-hoellenfahrt-und-seine-auferstehung\/","name":"Christi H\u00f6llenfahrt und seine Auferstehung - Holyart.de Blog","isPartOf":{"@id":"https:\/\/blog.holyart.it\/de\/#website"},"primaryImageOfPage":{"@id":"https:\/\/blog.holyart.it\/de\/ostern\/christi-hoellenfahrt-und-seine-auferstehung\/#primaryimage"},"image":{"@id":"https:\/\/blog.holyart.it\/de\/ostern\/christi-hoellenfahrt-und-seine-auferstehung\/#primaryimage"},"thumbnailUrl":"https:\/\/blog.holyart.it\/de\/wp-content\/uploads\/sites\/12\/2025\/03\/Christi-Hollenfahrt.jpeg","datePublished":"2025-04-16T08:00:35+00:00","dateModified":"2026-03-26T09:48:30+00:00","description":"Im Hinblick auf Ostern erinnern wir uns an den Tod und die Auferstehung Christi, aber auch an seinen Abstieg in die H\u00f6lle.","breadcrumb":{"@id":"https:\/\/blog.holyart.it\/de\/ostern\/christi-hoellenfahrt-und-seine-auferstehung\/#breadcrumb"},"inLanguage":"de","potentialAction":[{"@type":"ReadAction","target":["https:\/\/blog.holyart.it\/de\/ostern\/christi-hoellenfahrt-und-seine-auferstehung\/"]}]},{"@type":"ImageObject","inLanguage":"de","@id":"https:\/\/blog.holyart.it\/de\/ostern\/christi-hoellenfahrt-und-seine-auferstehung\/#primaryimage","url":"https:\/\/blog.holyart.it\/de\/wp-content\/uploads\/sites\/12\/2025\/03\/Christi-Hollenfahrt.jpeg","contentUrl":"https:\/\/blog.holyart.it\/de\/wp-content\/uploads\/sites\/12\/2025\/03\/Christi-Hollenfahrt.jpeg","width":1000,"height":666,"caption":"Christi Hollenfahrt"},{"@type":"BreadcrumbList","@id":"https:\/\/blog.holyart.it\/de\/ostern\/christi-hoellenfahrt-und-seine-auferstehung\/#breadcrumb","itemListElement":[{"@type":"ListItem","position":1,"name":"Homepage","item":"https:\/\/blog.holyart.it\/de\/"},{"@type":"ListItem","position":2,"name":"Ostern","item":"https:\/\/blog.holyart.it\/de\/ostern\/"},{"@type":"ListItem","position":3,"name":"Christi H\u00f6llenfahrt und seine Auferstehung"}]},{"@type":"WebSite","@id":"https:\/\/blog.holyart.it\/de\/#website","url":"https:\/\/blog.holyart.it\/de\/","name":"Holyart.de Blog","description":"Holyblog","publisher":{"@id":"https:\/\/blog.holyart.it\/de\/#organization"},"potentialAction":[{"@type":"SearchAction","target":{"@type":"EntryPoint","urlTemplate":"https:\/\/blog.holyart.it\/de\/?s={search_term_string}"},"query-input":{"@type":"PropertyValueSpecification","valueRequired":true,"valueName":"search_term_string"}}],"inLanguage":"de"},{"@type":"Organization","@id":"https:\/\/blog.holyart.it\/de\/#organization","name":"Holyart.de Blog","url":"https:\/\/blog.holyart.it\/de\/","logo":{"@type":"ImageObject","inLanguage":"de","@id":"https:\/\/blog.holyart.it\/de\/#\/schema\/logo\/image\/","url":"https:\/\/blog.holyart.it\/de\/wp-content\/uploads\/sites\/12\/2022\/12\/Holyart_Blog_Logo.jpg","contentUrl":"https:\/\/blog.holyart.it\/de\/wp-content\/uploads\/sites\/12\/2022\/12\/Holyart_Blog_Logo.jpg","width":300,"height":50,"caption":"Holyart.de Blog"},"image":{"@id":"https:\/\/blog.holyart.it\/de\/#\/schema\/logo\/image\/"}},{"@type":"Person","@id":"https:\/\/blog.holyart.it\/de\/#\/schema\/person\/0a7b686e5af0f856ec1e390dd0baecda","name":"Redazione","image":{"@type":"ImageObject","inLanguage":"de","@id":"https:\/\/blog.holyart.it\/de\/#\/schema\/person\/image\/","url":"https:\/\/secure.gravatar.com\/avatar\/f477da817f43e50d0af36abecd33e3edf826c68299714bdc1057dff3b113f516?s=96&d=mm&r=g","contentUrl":"https:\/\/secure.gravatar.com\/avatar\/f477da817f43e50d0af36abecd33e3edf826c68299714bdc1057dff3b113f516?s=96&d=mm&r=g","caption":"Redazione"}}]}},"_links":{"self":[{"href":"https:\/\/blog.holyart.it\/de\/wp-json\/wp\/v2\/posts\/5856","targetHints":{"allow":["GET"]}}],"collection":[{"href":"https:\/\/blog.holyart.it\/de\/wp-json\/wp\/v2\/posts"}],"about":[{"href":"https:\/\/blog.holyart.it\/de\/wp-json\/wp\/v2\/types\/post"}],"author":[{"embeddable":true,"href":"https:\/\/blog.holyart.it\/de\/wp-json\/wp\/v2\/users\/1"}],"replies":[{"embeddable":true,"href":"https:\/\/blog.holyart.it\/de\/wp-json\/wp\/v2\/comments?post=5856"}],"version-history":[{"count":6,"href":"https:\/\/blog.holyart.it\/de\/wp-json\/wp\/v2\/posts\/5856\/revisions"}],"predecessor-version":[{"id":5867,"href":"https:\/\/blog.holyart.it\/de\/wp-json\/wp\/v2\/posts\/5856\/revisions\/5867"}],"wp:featuredmedia":[{"embeddable":true,"href":"https:\/\/blog.holyart.it\/de\/wp-json\/wp\/v2\/media\/5857"}],"wp:attachment":[{"href":"https:\/\/blog.holyart.it\/de\/wp-json\/wp\/v2\/media?parent=5856"}],"wp:term":[{"taxonomy":"category","embeddable":true,"href":"https:\/\/blog.holyart.it\/de\/wp-json\/wp\/v2\/categories?post=5856"},{"taxonomy":"post_tag","embeddable":true,"href":"https:\/\/blog.holyart.it\/de\/wp-json\/wp\/v2\/tags?post=5856"}],"curies":[{"name":"wp","href":"https:\/\/api.w.org\/{rel}","templated":true}]}}