{"id":5823,"date":"2025-04-09T10:00:52","date_gmt":"2025-04-09T08:00:52","guid":{"rendered":"https:\/\/blog.holyart.it\/de\/?p=5823"},"modified":"2026-03-31T10:53:03","modified_gmt":"2026-03-31T08:53:03","slug":"die-episode-der-vertreibung-der-kaufleute-aus-dem-tempel-von-jerusalem","status":"publish","type":"post","link":"https:\/\/blog.holyart.it\/de\/devotionalien\/die-episode-der-vertreibung-der-kaufleute-aus-dem-tempel-von-jerusalem\/","title":{"rendered":"Die Episode der Vertreibung der Kaufleute aus dem Tempel von Jerusalem"},"content":{"rendered":"<h4>Die Vertreibung der Kaufleute aus dem Tempel von Jerusalem stellt einen Akt der Rebellion Jesu gegen eine veraltete und korrupte religi\u00f6se Tradition dar, zugunsten der neuen Reinheit des Geistes und der Hoffnung, die er kam zu bringen<\/h4>\n<p>Von den <strong><a href=\"https:\/\/www.holyart.de\/blog\/devotionalien\/die-geschichte-jesu-die-wichtigsten-ereignisse-in-seinem-leben\/\">vielen Episoden im Leben Jesu<\/a><\/strong>, von denen wir seit unserer Kindheit geh\u00f6rt haben, ist die <strong>Vertreibung der H\u00e4ndler aus dem Tempel in Jerusalem<\/strong> vielleicht eine der umstrittensten und am schwersten zu verstehenden, zumindest solange wir Kinder sind. Denn wir sind daran gew\u00f6hnt, uns Jesus als einen au\u00dfergew\u00f6hnlich <strong>guten und sanftm\u00fctigen<\/strong> Menschen vorzustellen, der nie zum Zorn neigt und immer bereit ist, Liebe zu geben, <em>die andere Wange hinzuhalten<\/em>, wie er es uns selbst gelehrt hat. Doch in dieser besonderen Episode, die mit einigen Unterschieden in allen <strong>kanonischen Evangelien <\/strong>(Markus 11,7-19; Matth\u00e4us 21,8-19; Lukas 19,45-48; Johannes 2,12-25) erz\u00e4hlt wird, reagiert Jesus <strong>zornig, ja sogar gewaltt\u00e4tig<\/strong> gegen\u00fcber den H\u00e4ndlern, die im Tempel ihre Gesch\u00e4fte abwickeln. Sogar im <strong>Johannesevangelium<\/strong> lesen wir, dass Jesus eine Peitsche anfertigte, die er gegen diejenigen einsetzte, die sich seiner Warnung widersetzten: \u201e<em>Da machte er eine Peitsche aus Stricken und trieb sie alle mit den Schafen und Rindern aus dem Tempel; er warf das Geld der Geldwechsler hinunter und stie\u00df die B\u00e4nke um<\/em>\u201c (Johannes 2,15).<\/p>\n<div class=\"link-article\">\n<p><img loading=\"lazy\" decoding=\"async\" class=\"alignnone size-full wp-image-5826\" src=\"https:\/\/blog.holyart.it\/de\/wp-content\/uploads\/sites\/12\/2025\/03\/Die-Geschichte-Jesu.jpg\" alt=\"Die Geschichte Jesu\" width=\"150\" height=\"99\" data-kale-share-title=\"Die Episode der Vertreibung der Kaufleute aus dem Tempel von Jerusalem\" data-kale-share-url=\"https:\/\/blog.holyart.it\/de\/?p=5823\" \/><\/p>\n<div class=\"leggi-anche\">Lesen Sie auch:<\/div>\n<p><strong><a href=\"https:\/\/www.holyart.de\/blog\/devotionalien\/die-geschichte-jesu-die-wichtigsten-ereignisse-in-seinem-leben\/\">Die Geschichte Jesu: die wichtigsten Ereignisse in seinem Leben<\/a><\/strong><br \/>\nDie Geschichte Jesu, zwischen Evangelium, historischer Realit\u00e4t und&#8230;<\/p>\n<\/div>\n<p>Aber warum ist Jesus so w\u00fctend auf die Tempelh\u00e4ndler? Um diese Episode besser zu verstehen, m\u00fcssen wir durch die Jahrhunderte zur\u00fcckgehen und uns vergegenw\u00e4rtigen, wie der Tempel in Jerusalem zur Zeit Jesu aussah und zu welchen Anl\u00e4ssen die Menschen ihn besuchten.<\/p>\n<h2>Der Tempel von Jerusalem zur Zeit Jesu<\/h2>\n<p>Der Tempel von Jerusalem war ein riesiges, fast 500 Meter langes Geb\u00e4ude, das von einer <strong>Vielzahl von Gl\u00e4ubigen und Priestern<\/strong> besucht wurde, die jeden Tag, vor allem an Festtagen, <strong>Riten und Opfer<\/strong> abhielten. Au\u00dferdem wurde es von eigens daf\u00fcr ausgew\u00e4hlten W\u00e4chtern und r\u00f6mischen Hilfstruppen bewacht, die darauf achteten, dass es nicht zu Handgreiflichkeiten kam. Dies macht nach Ansicht mehrerer Historiker das gewaltsame Vorgehen Jesu gegen die Tempelh\u00e4ndler unglaubw\u00fcrdig, denn jeder, der Unruhe stiftete, w\u00e4re sofort verhaftet oder get\u00f6tet worden.<\/p>\n<p>Aus der <a href=\"https:\/\/www.holyart.de\/devotionalien\/italienische-christliche-bucher\/bibeln-in-italienischer-sprache?page=1\"><strong>Heiligen Schrift<\/strong><\/a> wissen wir, dass es bei den Juden Tradition war, dreimal im Jahr in den Tempel in Jerusalem zu gehen, und zwar anl\u00e4sslich der <strong>drei wichtigsten j\u00fcdischen religi\u00f6sen Feste<\/strong>: dem Fest der unges\u00e4uerten Brote (Pesach), dem Fest der Wochen (Schawuot) und dem Laubh\u00fcttenfest (Sukkot). Pessach, das Pessachfest, war das wichtigste Fest, das mit dem Auszug des j\u00fcdischen Volkes aus \u00c4gypten in Verbindung gebracht wird, und es war das <strong><a href=\"https:\/\/www.holyart.de\/blog\/devotionalien\/wie-wird-ostern-berechnet\/\">Pessachfest<\/a><\/strong>, an dem Jesus den Evangelien zufolge in den Tempel ging.<\/p>\n<div class=\"link-article\">\n<p><img loading=\"lazy\" decoding=\"async\" class=\"alignnone size-full wp-image-5830\" src=\"https:\/\/blog.holyart.it\/de\/wp-content\/uploads\/sites\/12\/2025\/03\/Wie-wird-Ostern-berechnet-1.jpeg\" alt=\"Wie wird Ostern berechnet\" width=\"150\" height=\"99\" data-kale-share-title=\"Die Episode der Vertreibung der Kaufleute aus dem Tempel von Jerusalem\" data-kale-share-url=\"https:\/\/blog.holyart.it\/de\/?p=5823\" \/><\/p>\n<div class=\"leggi-anche\">Lesen Sie auch:<\/div>\n<p><strong><a href=\"https:\/\/www.holyart.de\/blog\/devotionalien\/wie-wird-ostern-berechnet\/\">Wie wird Ostern berechnet?<\/a><\/strong><br \/>\nJedes Jahr \u00e4ndert sich das Datum, aber es bleibt das wichtigste Fest: In diesem Artikel erfahren Sie, wie Ostern in der j\u00fcdischen und&#8230;<\/p>\n<\/div>\n<p>Da diejenigen, die vor Gott traten, niemals mit leeren H\u00e4nden kommen durften (Deuteronomium 16,16) und die Thora verlangte, dass sowohl die Opfer als auch diejenigen, die sie opferten, rein sein mussten, war es den H\u00e4ndlern von Opfertieren nicht nur erlaubt, ihre Gesch\u00e4fte in der N\u00e4he des Tempels, sondern sogar innerhalb des Tempels, in seinen H\u00f6fen, abzuwickeln, und diese letzteren Aktivit\u00e4ten wurden von den Hohepriestern selbst geleitet.<\/p>\n<p>Diese allgemein bekannte und akzeptierte Tradition ver\u00e4rgerte Jesus \u00fcber alle Ma\u00dfen. Seine Geste war ein <strong>Pl\u00e4doyer f\u00fcr die R\u00fcckkehr zur alten religi\u00f6sen Reinheit<\/strong>, weg vom Kommerz, von der Geldverwaltung und all jenen wirtschaftlichen Aktivit\u00e4ten, die zwar mit den Opfern zusammenhingen, aber in seinen Augen einen heiligen Ort par excellence entweihten. \u201e<em>Nehmt diese Dinge weg und macht das Haus meines Vaters nicht zu einem Marktplatz<\/em>\u201c (Johannes 2,16).<\/p>\n<p>Den Juden, die ihn um ein Zeichen bitten, antwortet Jesus dann: \u201e<em>Zerst\u00f6rt diesen Tempel, und in drei Tagen werde ich ihn aufrichten<\/em>\u201c (Johannes 2,19). Es ist Johannes selbst, der uns offenbart, dass <strong>Christus von seinem eigenen Leib spricht<\/strong>, wie er, get\u00f6tet von denselben Menschen, die jetzt zu ihm sprechen, <strong><a href=\"https:\/\/www.holyart.de\/blog\/ostern\/die-ereignisse-der-passion-jesu-vom-letzten-abendmahl-bis-zu-seiner-kreuzigung\/\">nach drei Tagen auferstehen<\/a><\/strong> und das ewige Leben und die Herrlichkeit des Himmels in sich aufnehmen wird.<\/p>\n<div class=\"link-article\">\n<p><img loading=\"lazy\" decoding=\"async\" class=\"alignnone size-full wp-image-5833\" src=\"https:\/\/blog.holyart.it\/de\/wp-content\/uploads\/sites\/12\/2025\/03\/Die-Ereignisse-der-Passion-Jesu.jpg\" alt=\"Die Ereignisse der Passion Jesu\" width=\"150\" height=\"99\" data-kale-share-title=\"Die Episode der Vertreibung der Kaufleute aus dem Tempel von Jerusalem\" data-kale-share-url=\"https:\/\/blog.holyart.it\/de\/?p=5823\" \/><\/p>\n<div class=\"leggi-anche\">Lesen Sie auch:<\/div>\n<p><strong><a href=\"https:\/\/www.holyart.de\/blog\/ostern\/die-ereignisse-der-passion-jesu-vom-letzten-abendmahl-bis-zu-seiner-kreuzigung\/\">Die Ereignisse der Passion Jesu: vom letzten Abendmahl bis zu seiner Kreuzigung<\/a><\/strong><br \/>\nDie Passion Jesu ist der h\u00f6chste und schrecklichste Moment seines&#8230;<\/p>\n<\/div>\n<p>Jesus war schon als Kind im Tempel in Jerusalem gewesen, und zwar anl\u00e4sslich des Passahfestes. Die Episode des <a href=\"https:\/\/www.holyart.de\/blog\/devotionalien\/die-geschichte-jesu-die-wichtigsten-ereignisse-in-seinem-leben\/#Die_Entdeckung_Jesu_im_Tempel\"><strong>Tempelbesuchs<\/strong><\/a> wird im Lukasevangelium erz\u00e4hlt (Lk 2,41-50). Jesus ging als 12-j\u00e4hriger Junge mit Maria und Josef anl\u00e4sslich des Passahfestes in den Tempel, aber als seine Eltern nach Nazareth zur\u00fcckkehrten, entdeckten sie, dass er verschwunden war. Nach dreit\u00e4giger Suche fanden sie ihn im Tempel, wo er sich mit Priestern und \u00c4rzten unterhielt. \u201e<em>Und er sagte: &#8218;Warum habt ihr mich gesucht? Wusstet ihr nicht, dass ich bei meinem Vater zu tun habe?<\/em>\u201c (Lk 2,49).<\/p>\n<p>Auch im Lukasevangelium (Lk 2,22-40) lesen wir von der <a href=\"https:\/\/www.holyart.de\/blog\/devotionalien\/darstellung-jesu-im-tempel-zu-mariae-lichtmess\/\"><strong>Darstellung des Jesuskindes im Tempel<\/strong><\/a>, vierzig Tage nach seiner Geburt. Nach der j\u00fcdischen Kultur musste jedes erstgeborene m\u00e4nnliche Kind dem Herrn geweiht und durch eine symbolische Opfergabe erl\u00f6st werden. Als Josef und Maria das <strong><a href=\"https:\/\/www.holyart.de\/devotionalien\/statuen\/jesuskindfiguren?page=1&amp;flags=true\">Jesuskind<\/a> <\/strong>in den Tempel in Jerusalem bringen, treffen sie zun\u00e4chst den alten Simeon, der in Jesus den Messias erkennt, dann die Prophetin Anna, und auch sie \u201e<em>sprach von dem Kind zu denen, die auf die Erl\u00f6sung Jerusalems warteten<\/em>\u201c (Lk 2,38).<\/p>\n<div class=\"link-article\">\n<p><img loading=\"lazy\" decoding=\"async\" class=\"alignnone size-full wp-image-5837\" src=\"https:\/\/blog.holyart.it\/de\/wp-content\/uploads\/sites\/12\/2025\/03\/Darstellung-Jesu-im-Tempel-zu-Mariae-Lichtmess.jpg\" alt=\"Darstellung Jesu im Tempel zu Mari\u00e4 Lichtmess\" width=\"150\" height=\"99\" data-kale-share-title=\"Die Episode der Vertreibung der Kaufleute aus dem Tempel von Jerusalem\" data-kale-share-url=\"https:\/\/blog.holyart.it\/de\/?p=5823\" \/><\/p>\n<div class=\"leggi-anche\">Lesen Sie auch:<\/div>\n<p><strong><a href=\"https:\/\/www.holyart.de\/blog\/devotionalien\/darstellung-jesu-im-tempel-zu-mariae-lichtmess\/\">Darstellung Jesu im Tempel zu Mari\u00e4 Lichtmess<\/a><\/strong><br \/>\nAm 2. Februar feiern wir die Darstellung Jesu im Tempel. Dieses Fest, das auch als Fest der Reinigung Mariens&#8230;<\/p>\n<\/div>\n<h2>Die Unterschiede bei den Erz\u00e4hlungen in den Evangelien<\/h2>\n<p>Die Unterschiede in den Berichten der Evangelien \u00fcber diese Episode im Leben Jesu beginnen mit dem <strong>Datum<\/strong>, an dem sie stattgefunden haben soll. F\u00fcr den Evangelisten <strong>Johannes<\/strong> befand sich Jesus am Anfang seines Dienstes und reiste ein erstes Mal nach Jerusalem, um dann drei Jahre sp\u00e4ter zur\u00fcckzukehren und zu sterben.<\/p>\n<p>Nach den <strong>synoptischen Evangelien<\/strong> gab es jedoch nur eine einzige Reise Jesu nach Jerusalem, diejenige, bei der er seinem eigenen Schicksal, seiner Passion und seinem Tod begegnete. <strong>Lukas und Matth\u00e4us <\/strong>datieren die Vertreibung der H\u00e4ndler aus dem Tempel auf den Tag der Ankunft <a href=\"https:\/\/www.holyart.de\/besondere-anlasse\/passionskrippe\/einzug-jesu-in-jerusalem-fur-9-cm-krippe\"><strong>Jesu in Jerusalem<\/strong><\/a> (<strong><a href=\"https:\/\/www.holyart.de\/blog\/devotionalien\/palmsonntag-geschichte-und-bedeutung-des-festes\/\">Palmsonntag<\/a><\/strong>), Markus auf den Tag danach. Auf jeden Fall befinden wir uns noch in der <strong><a href=\"https:\/\/www.holyart.de\/besondere-anlasse\/ostern-und-fastenzeit?flags=true\">Fastenzeit<\/a><\/strong>.<\/p>\n<div class=\"link-product\">\n<div class=\"blocco-immagine\"><img loading=\"lazy\" decoding=\"async\" class=\"alignnone size-full wp-image-5839\" src=\"https:\/\/blog.holyart.it\/de\/wp-content\/uploads\/sites\/12\/2025\/03\/Einzug-Jesu-in-Jerusalem-fuer-9-cm-Krippe.jpg\" alt=\"Einzug Jesu in Jerusalem, f\u00fcr 9 cm Krippe\" width=\"100\" height=\"100\" data-kale-share-title=\"Die Episode der Vertreibung der Kaufleute aus dem Tempel von Jerusalem\" data-kale-share-url=\"https:\/\/blog.holyart.it\/de\/?p=5823\" \/><\/div>\n<div class=\"blocco-contenuto\">\n<div class=\"blocco-acquista\">Einkaufen:<\/div>\n<div class=\"blocco-titolo\"><a href=\"https:\/\/www.holyart.de\/besondere-anlasse\/passionskrippe\/einzug-jesu-in-jerusalem-fur-9-cm-krippe\">Einzug Jesu in Jerusalem, f\u00fcr 9 cm Krippe<\/a><\/div>\n<div class=\"blocco-descrizione\">Die Szene zeigt, Jesus auf dem R\u00fccken eines Esels beim Einzug nach Jerusalem und einen Hirten.<\/div>\n<\/div>\n<\/div>\n<p><strong>Markus<\/strong> verbindet die Episode im Tempel mit dem <strong>Fluch des Feigenbaums<\/strong> in Bethanien, der sich am Tag zuvor ereignet hatte. Nachdem Jesus von der festlichen Menge in Jerusalem empfangen worden war, hatte er sich in Bethanien schlafen gelegt. Auf dem Weg dorthin hatte er einen Feigenbaum gesehen, der reich an Bl\u00e4ttern war, aber keine Fr\u00fcchte trug, die er h\u00e4tte pfl\u00fccken k\u00f6nnen. Jesus prophezeit, dass dieser Baum niemals Fr\u00fcchte tragen wird, und die Pflanze verdorrt auf der Stelle. Vielleicht wollte Markus diese Episode mit der Vertreibung der Kaufleute verkn\u00fcpfen, um das Klima der <strong>mangelnden Gastfreundschaft und des Unverst\u00e4ndnisses<\/strong>, mit dem Jesus in Jerusalem empfangen wurde, deutlicher zu machen.<\/p>\n<p><strong>Lukas<\/strong> interpretiert die Episode stattdessen als <strong>eine Best\u00e4tigung des K\u00f6nigtums und der Feierlichkeit<\/strong> des Einzugs Jesu in Jerusalem.<\/p>\n<p>Die Entscheidung des Evangelisten <strong>Johannes<\/strong>, die Episode drei Jahre vor Jesu Tod anzusiedeln, macht Sinn, wenn wir <strong>die revolution\u00e4re Rolle Jesu<\/strong> in der j\u00fcdischen Kultur bedenken, seine Losl\u00f6sung von allem, was gewesen ist, zugunsten dessen, was sein wird, dank ihm. Jesus vertreibt nicht nur die H\u00e4ndler, <strong>er k\u00fcndigt die Zerst\u00f6rung des Tempels an<\/strong>, im Namen eines Gottes, der mit Taten und Gebeten und nicht mit Waren verehrt werden soll.<\/p>\n","protected":false},"excerpt":{"rendered":"<p>Die Vertreibung der Kaufleute aus dem Tempel von Jerusalem stellt einen Akt der Rebellion Jesu gegen eine veraltete und korrupte religi\u00f6se Tradition dar, zugunsten der neuen Reinheit des Geistes und der Hoffnung, die er kam zu bringen Von den vielen Episoden im Leben Jesu, von&hellip;<\/p>\n","protected":false},"author":1,"featured_media":5829,"comment_status":"closed","ping_status":"open","sticky":false,"template":"","format":"standard","meta":{"_acf_changed":false,"footnotes":""},"categories":[10],"tags":[],"class_list":["post-5823","post","type-post","status-publish","format-standard","has-post-thumbnail","hentry","category-devotionalien"],"acf":[],"yoast_head":"<!-- This site is optimized with the Yoast SEO plugin v26.6 - https:\/\/yoast.com\/wordpress\/plugins\/seo\/ -->\n<title>Die Episode der Vertreibung der Kaufleute aus dem Tempel von Jerusalem - Holyart.de Blog<\/title>\n<meta name=\"description\" content=\"Die Vertreibung der H\u00e4ndler aus dem Tempel von Jerusalem steht in den Evangelien kurz vor dem Beginn der Passionsgeschichte und der...\" \/>\n<meta name=\"robots\" content=\"index, follow, max-snippet:-1, max-image-preview:large, max-video-preview:-1\" \/>\n<link rel=\"canonical\" href=\"https:\/\/blog.holyart.it\/de\/devotionalien\/die-episode-der-vertreibung-der-kaufleute-aus-dem-tempel-von-jerusalem\/\" \/>\n<meta property=\"og:locale\" content=\"de_DE\" \/>\n<meta property=\"og:type\" content=\"article\" \/>\n<meta property=\"og:title\" content=\"Die Episode der Vertreibung der Kaufleute aus dem Tempel von Jerusalem - Holyart.de Blog\" \/>\n<meta property=\"og:description\" content=\"Die Vertreibung der H\u00e4ndler aus dem Tempel von Jerusalem steht in den Evangelien kurz vor dem Beginn der Passionsgeschichte und der...\" \/>\n<meta property=\"og:url\" content=\"https:\/\/blog.holyart.it\/de\/devotionalien\/die-episode-der-vertreibung-der-kaufleute-aus-dem-tempel-von-jerusalem\/\" \/>\n<meta property=\"og:site_name\" content=\"Holyart.de Blog\" \/>\n<meta property=\"article:published_time\" content=\"2025-04-09T08:00:52+00:00\" \/>\n<meta property=\"article:modified_time\" content=\"2026-03-31T08:53:03+00:00\" \/>\n<meta property=\"og:image\" content=\"https:\/\/blog.holyart.it\/de\/wp-content\/uploads\/sites\/12\/2025\/03\/Die-Episode-der-Vertreibung-der-Kaufleute-aus-dem-Tempel-von-Jerusalem.jpg\" \/>\n\t<meta property=\"og:image:width\" content=\"1000\" \/>\n\t<meta property=\"og:image:height\" content=\"666\" \/>\n\t<meta property=\"og:image:type\" content=\"image\/jpeg\" \/>\n<meta name=\"author\" content=\"Redazione\" \/>\n<meta name=\"twitter:card\" content=\"summary_large_image\" \/>\n<meta name=\"twitter:label1\" content=\"Verfasst von\" \/>\n\t<meta name=\"twitter:data1\" content=\"Redazione\" \/>\n\t<meta name=\"twitter:label2\" content=\"Gesch\u00e4tzte Lesezeit\" \/>\n\t<meta name=\"twitter:data2\" content=\"9\u00a0Minuten\" \/>\n<script type=\"application\/ld+json\" class=\"yoast-schema-graph\">{\"@context\":\"https:\/\/schema.org\",\"@graph\":[{\"@type\":\"Article\",\"@id\":\"https:\/\/blog.holyart.it\/de\/devotionalien\/die-episode-der-vertreibung-der-kaufleute-aus-dem-tempel-von-jerusalem\/#article\",\"isPartOf\":{\"@id\":\"https:\/\/blog.holyart.it\/de\/devotionalien\/die-episode-der-vertreibung-der-kaufleute-aus-dem-tempel-von-jerusalem\/\"},\"author\":{\"name\":\"Redazione\",\"@id\":\"https:\/\/blog.holyart.it\/de\/#\/schema\/person\/0a7b686e5af0f856ec1e390dd0baecda\"},\"headline\":\"Die Episode der Vertreibung der Kaufleute aus dem Tempel von Jerusalem\",\"datePublished\":\"2025-04-09T08:00:52+00:00\",\"dateModified\":\"2026-03-31T08:53:03+00:00\",\"mainEntityOfPage\":{\"@id\":\"https:\/\/blog.holyart.it\/de\/devotionalien\/die-episode-der-vertreibung-der-kaufleute-aus-dem-tempel-von-jerusalem\/\"},\"wordCount\":1320,\"publisher\":{\"@id\":\"https:\/\/blog.holyart.it\/de\/#organization\"},\"image\":{\"@id\":\"https:\/\/blog.holyart.it\/de\/devotionalien\/die-episode-der-vertreibung-der-kaufleute-aus-dem-tempel-von-jerusalem\/#primaryimage\"},\"thumbnailUrl\":\"https:\/\/blog.holyart.it\/de\/wp-content\/uploads\/sites\/12\/2025\/03\/Die-Episode-der-Vertreibung-der-Kaufleute-aus-dem-Tempel-von-Jerusalem.jpg\",\"articleSection\":[\"Religion\"],\"inLanguage\":\"de\"},{\"@type\":\"WebPage\",\"@id\":\"https:\/\/blog.holyart.it\/de\/devotionalien\/die-episode-der-vertreibung-der-kaufleute-aus-dem-tempel-von-jerusalem\/\",\"url\":\"https:\/\/blog.holyart.it\/de\/devotionalien\/die-episode-der-vertreibung-der-kaufleute-aus-dem-tempel-von-jerusalem\/\",\"name\":\"Die Episode der Vertreibung der Kaufleute aus dem Tempel von Jerusalem - Holyart.de Blog\",\"isPartOf\":{\"@id\":\"https:\/\/blog.holyart.it\/de\/#website\"},\"primaryImageOfPage\":{\"@id\":\"https:\/\/blog.holyart.it\/de\/devotionalien\/die-episode-der-vertreibung-der-kaufleute-aus-dem-tempel-von-jerusalem\/#primaryimage\"},\"image\":{\"@id\":\"https:\/\/blog.holyart.it\/de\/devotionalien\/die-episode-der-vertreibung-der-kaufleute-aus-dem-tempel-von-jerusalem\/#primaryimage\"},\"thumbnailUrl\":\"https:\/\/blog.holyart.it\/de\/wp-content\/uploads\/sites\/12\/2025\/03\/Die-Episode-der-Vertreibung-der-Kaufleute-aus-dem-Tempel-von-Jerusalem.jpg\",\"datePublished\":\"2025-04-09T08:00:52+00:00\",\"dateModified\":\"2026-03-31T08:53:03+00:00\",\"description\":\"Die Vertreibung der H\u00e4ndler aus dem Tempel von Jerusalem steht in den Evangelien kurz vor dem Beginn der Passionsgeschichte und der...\",\"breadcrumb\":{\"@id\":\"https:\/\/blog.holyart.it\/de\/devotionalien\/die-episode-der-vertreibung-der-kaufleute-aus-dem-tempel-von-jerusalem\/#breadcrumb\"},\"inLanguage\":\"de\",\"potentialAction\":[{\"@type\":\"ReadAction\",\"target\":[\"https:\/\/blog.holyart.it\/de\/devotionalien\/die-episode-der-vertreibung-der-kaufleute-aus-dem-tempel-von-jerusalem\/\"]}]},{\"@type\":\"ImageObject\",\"inLanguage\":\"de\",\"@id\":\"https:\/\/blog.holyart.it\/de\/devotionalien\/die-episode-der-vertreibung-der-kaufleute-aus-dem-tempel-von-jerusalem\/#primaryimage\",\"url\":\"https:\/\/blog.holyart.it\/de\/wp-content\/uploads\/sites\/12\/2025\/03\/Die-Episode-der-Vertreibung-der-Kaufleute-aus-dem-Tempel-von-Jerusalem.jpg\",\"contentUrl\":\"https:\/\/blog.holyart.it\/de\/wp-content\/uploads\/sites\/12\/2025\/03\/Die-Episode-der-Vertreibung-der-Kaufleute-aus-dem-Tempel-von-Jerusalem.jpg\",\"width\":1000,\"height\":666,\"caption\":\"Die Episode der Vertreibung der Kaufleute aus dem Tempel von Jerusalem\"},{\"@type\":\"BreadcrumbList\",\"@id\":\"https:\/\/blog.holyart.it\/de\/devotionalien\/die-episode-der-vertreibung-der-kaufleute-aus-dem-tempel-von-jerusalem\/#breadcrumb\",\"itemListElement\":[{\"@type\":\"ListItem\",\"position\":1,\"name\":\"Homepage\",\"item\":\"https:\/\/blog.holyart.it\/de\/\"},{\"@type\":\"ListItem\",\"position\":2,\"name\":\"Religion\",\"item\":\"https:\/\/blog.holyart.it\/de\/devotionalien\/\"},{\"@type\":\"ListItem\",\"position\":3,\"name\":\"Die Episode der Vertreibung der Kaufleute aus dem Tempel von Jerusalem\"}]},{\"@type\":\"WebSite\",\"@id\":\"https:\/\/blog.holyart.it\/de\/#website\",\"url\":\"https:\/\/blog.holyart.it\/de\/\",\"name\":\"Holyart.de Blog\",\"description\":\"Holyblog\",\"publisher\":{\"@id\":\"https:\/\/blog.holyart.it\/de\/#organization\"},\"potentialAction\":[{\"@type\":\"SearchAction\",\"target\":{\"@type\":\"EntryPoint\",\"urlTemplate\":\"https:\/\/blog.holyart.it\/de\/?s={search_term_string}\"},\"query-input\":{\"@type\":\"PropertyValueSpecification\",\"valueRequired\":true,\"valueName\":\"search_term_string\"}}],\"inLanguage\":\"de\"},{\"@type\":\"Organization\",\"@id\":\"https:\/\/blog.holyart.it\/de\/#organization\",\"name\":\"Holyart.de Blog\",\"url\":\"https:\/\/blog.holyart.it\/de\/\",\"logo\":{\"@type\":\"ImageObject\",\"inLanguage\":\"de\",\"@id\":\"https:\/\/blog.holyart.it\/de\/#\/schema\/logo\/image\/\",\"url\":\"https:\/\/blog.holyart.it\/de\/wp-content\/uploads\/sites\/12\/2022\/12\/Holyart_Blog_Logo.jpg\",\"contentUrl\":\"https:\/\/blog.holyart.it\/de\/wp-content\/uploads\/sites\/12\/2022\/12\/Holyart_Blog_Logo.jpg\",\"width\":300,\"height\":50,\"caption\":\"Holyart.de Blog\"},\"image\":{\"@id\":\"https:\/\/blog.holyart.it\/de\/#\/schema\/logo\/image\/\"}},{\"@type\":\"Person\",\"@id\":\"https:\/\/blog.holyart.it\/de\/#\/schema\/person\/0a7b686e5af0f856ec1e390dd0baecda\",\"name\":\"Redazione\",\"image\":{\"@type\":\"ImageObject\",\"inLanguage\":\"de\",\"@id\":\"https:\/\/blog.holyart.it\/de\/#\/schema\/person\/image\/\",\"url\":\"https:\/\/secure.gravatar.com\/avatar\/f477da817f43e50d0af36abecd33e3edf826c68299714bdc1057dff3b113f516?s=96&d=mm&r=g\",\"contentUrl\":\"https:\/\/secure.gravatar.com\/avatar\/f477da817f43e50d0af36abecd33e3edf826c68299714bdc1057dff3b113f516?s=96&d=mm&r=g\",\"caption\":\"Redazione\"}}]}<\/script>\n<!-- \/ Yoast SEO plugin. -->","yoast_head_json":{"title":"Die Episode der Vertreibung der Kaufleute aus dem Tempel von Jerusalem - Holyart.de Blog","description":"Die Vertreibung der H\u00e4ndler aus dem Tempel von Jerusalem steht in den Evangelien kurz vor dem Beginn der Passionsgeschichte und der...","robots":{"index":"index","follow":"follow","max-snippet":"max-snippet:-1","max-image-preview":"max-image-preview:large","max-video-preview":"max-video-preview:-1"},"canonical":"https:\/\/blog.holyart.it\/de\/devotionalien\/die-episode-der-vertreibung-der-kaufleute-aus-dem-tempel-von-jerusalem\/","og_locale":"de_DE","og_type":"article","og_title":"Die Episode der Vertreibung der Kaufleute aus dem Tempel von Jerusalem - Holyart.de Blog","og_description":"Die Vertreibung der H\u00e4ndler aus dem Tempel von Jerusalem steht in den Evangelien kurz vor dem Beginn der Passionsgeschichte und der...","og_url":"https:\/\/blog.holyart.it\/de\/devotionalien\/die-episode-der-vertreibung-der-kaufleute-aus-dem-tempel-von-jerusalem\/","og_site_name":"Holyart.de Blog","article_published_time":"2025-04-09T08:00:52+00:00","article_modified_time":"2026-03-31T08:53:03+00:00","og_image":[{"width":1000,"height":666,"url":"https:\/\/blog.holyart.it\/de\/wp-content\/uploads\/sites\/12\/2025\/03\/Die-Episode-der-Vertreibung-der-Kaufleute-aus-dem-Tempel-von-Jerusalem.jpg","type":"image\/jpeg"}],"author":"Redazione","twitter_card":"summary_large_image","twitter_misc":{"Verfasst von":"Redazione","Gesch\u00e4tzte Lesezeit":"9\u00a0Minuten"},"schema":{"@context":"https:\/\/schema.org","@graph":[{"@type":"Article","@id":"https:\/\/blog.holyart.it\/de\/devotionalien\/die-episode-der-vertreibung-der-kaufleute-aus-dem-tempel-von-jerusalem\/#article","isPartOf":{"@id":"https:\/\/blog.holyart.it\/de\/devotionalien\/die-episode-der-vertreibung-der-kaufleute-aus-dem-tempel-von-jerusalem\/"},"author":{"name":"Redazione","@id":"https:\/\/blog.holyart.it\/de\/#\/schema\/person\/0a7b686e5af0f856ec1e390dd0baecda"},"headline":"Die Episode der Vertreibung der Kaufleute aus dem Tempel von Jerusalem","datePublished":"2025-04-09T08:00:52+00:00","dateModified":"2026-03-31T08:53:03+00:00","mainEntityOfPage":{"@id":"https:\/\/blog.holyart.it\/de\/devotionalien\/die-episode-der-vertreibung-der-kaufleute-aus-dem-tempel-von-jerusalem\/"},"wordCount":1320,"publisher":{"@id":"https:\/\/blog.holyart.it\/de\/#organization"},"image":{"@id":"https:\/\/blog.holyart.it\/de\/devotionalien\/die-episode-der-vertreibung-der-kaufleute-aus-dem-tempel-von-jerusalem\/#primaryimage"},"thumbnailUrl":"https:\/\/blog.holyart.it\/de\/wp-content\/uploads\/sites\/12\/2025\/03\/Die-Episode-der-Vertreibung-der-Kaufleute-aus-dem-Tempel-von-Jerusalem.jpg","articleSection":["Religion"],"inLanguage":"de"},{"@type":"WebPage","@id":"https:\/\/blog.holyart.it\/de\/devotionalien\/die-episode-der-vertreibung-der-kaufleute-aus-dem-tempel-von-jerusalem\/","url":"https:\/\/blog.holyart.it\/de\/devotionalien\/die-episode-der-vertreibung-der-kaufleute-aus-dem-tempel-von-jerusalem\/","name":"Die Episode der Vertreibung der Kaufleute aus dem Tempel von Jerusalem - Holyart.de Blog","isPartOf":{"@id":"https:\/\/blog.holyart.it\/de\/#website"},"primaryImageOfPage":{"@id":"https:\/\/blog.holyart.it\/de\/devotionalien\/die-episode-der-vertreibung-der-kaufleute-aus-dem-tempel-von-jerusalem\/#primaryimage"},"image":{"@id":"https:\/\/blog.holyart.it\/de\/devotionalien\/die-episode-der-vertreibung-der-kaufleute-aus-dem-tempel-von-jerusalem\/#primaryimage"},"thumbnailUrl":"https:\/\/blog.holyart.it\/de\/wp-content\/uploads\/sites\/12\/2025\/03\/Die-Episode-der-Vertreibung-der-Kaufleute-aus-dem-Tempel-von-Jerusalem.jpg","datePublished":"2025-04-09T08:00:52+00:00","dateModified":"2026-03-31T08:53:03+00:00","description":"Die Vertreibung der H\u00e4ndler aus dem Tempel von Jerusalem steht in den Evangelien kurz vor dem Beginn der Passionsgeschichte und der...","breadcrumb":{"@id":"https:\/\/blog.holyart.it\/de\/devotionalien\/die-episode-der-vertreibung-der-kaufleute-aus-dem-tempel-von-jerusalem\/#breadcrumb"},"inLanguage":"de","potentialAction":[{"@type":"ReadAction","target":["https:\/\/blog.holyart.it\/de\/devotionalien\/die-episode-der-vertreibung-der-kaufleute-aus-dem-tempel-von-jerusalem\/"]}]},{"@type":"ImageObject","inLanguage":"de","@id":"https:\/\/blog.holyart.it\/de\/devotionalien\/die-episode-der-vertreibung-der-kaufleute-aus-dem-tempel-von-jerusalem\/#primaryimage","url":"https:\/\/blog.holyart.it\/de\/wp-content\/uploads\/sites\/12\/2025\/03\/Die-Episode-der-Vertreibung-der-Kaufleute-aus-dem-Tempel-von-Jerusalem.jpg","contentUrl":"https:\/\/blog.holyart.it\/de\/wp-content\/uploads\/sites\/12\/2025\/03\/Die-Episode-der-Vertreibung-der-Kaufleute-aus-dem-Tempel-von-Jerusalem.jpg","width":1000,"height":666,"caption":"Die Episode der Vertreibung der Kaufleute aus dem Tempel von Jerusalem"},{"@type":"BreadcrumbList","@id":"https:\/\/blog.holyart.it\/de\/devotionalien\/die-episode-der-vertreibung-der-kaufleute-aus-dem-tempel-von-jerusalem\/#breadcrumb","itemListElement":[{"@type":"ListItem","position":1,"name":"Homepage","item":"https:\/\/blog.holyart.it\/de\/"},{"@type":"ListItem","position":2,"name":"Religion","item":"https:\/\/blog.holyart.it\/de\/devotionalien\/"},{"@type":"ListItem","position":3,"name":"Die Episode der Vertreibung der Kaufleute aus dem Tempel von Jerusalem"}]},{"@type":"WebSite","@id":"https:\/\/blog.holyart.it\/de\/#website","url":"https:\/\/blog.holyart.it\/de\/","name":"Holyart.de Blog","description":"Holyblog","publisher":{"@id":"https:\/\/blog.holyart.it\/de\/#organization"},"potentialAction":[{"@type":"SearchAction","target":{"@type":"EntryPoint","urlTemplate":"https:\/\/blog.holyart.it\/de\/?s={search_term_string}"},"query-input":{"@type":"PropertyValueSpecification","valueRequired":true,"valueName":"search_term_string"}}],"inLanguage":"de"},{"@type":"Organization","@id":"https:\/\/blog.holyart.it\/de\/#organization","name":"Holyart.de Blog","url":"https:\/\/blog.holyart.it\/de\/","logo":{"@type":"ImageObject","inLanguage":"de","@id":"https:\/\/blog.holyart.it\/de\/#\/schema\/logo\/image\/","url":"https:\/\/blog.holyart.it\/de\/wp-content\/uploads\/sites\/12\/2022\/12\/Holyart_Blog_Logo.jpg","contentUrl":"https:\/\/blog.holyart.it\/de\/wp-content\/uploads\/sites\/12\/2022\/12\/Holyart_Blog_Logo.jpg","width":300,"height":50,"caption":"Holyart.de Blog"},"image":{"@id":"https:\/\/blog.holyart.it\/de\/#\/schema\/logo\/image\/"}},{"@type":"Person","@id":"https:\/\/blog.holyart.it\/de\/#\/schema\/person\/0a7b686e5af0f856ec1e390dd0baecda","name":"Redazione","image":{"@type":"ImageObject","inLanguage":"de","@id":"https:\/\/blog.holyart.it\/de\/#\/schema\/person\/image\/","url":"https:\/\/secure.gravatar.com\/avatar\/f477da817f43e50d0af36abecd33e3edf826c68299714bdc1057dff3b113f516?s=96&d=mm&r=g","contentUrl":"https:\/\/secure.gravatar.com\/avatar\/f477da817f43e50d0af36abecd33e3edf826c68299714bdc1057dff3b113f516?s=96&d=mm&r=g","caption":"Redazione"}}]}},"_links":{"self":[{"href":"https:\/\/blog.holyart.it\/de\/wp-json\/wp\/v2\/posts\/5823","targetHints":{"allow":["GET"]}}],"collection":[{"href":"https:\/\/blog.holyart.it\/de\/wp-json\/wp\/v2\/posts"}],"about":[{"href":"https:\/\/blog.holyart.it\/de\/wp-json\/wp\/v2\/types\/post"}],"author":[{"embeddable":true,"href":"https:\/\/blog.holyart.it\/de\/wp-json\/wp\/v2\/users\/1"}],"replies":[{"embeddable":true,"href":"https:\/\/blog.holyart.it\/de\/wp-json\/wp\/v2\/comments?post=5823"}],"version-history":[{"count":11,"href":"https:\/\/blog.holyart.it\/de\/wp-json\/wp\/v2\/posts\/5823\/revisions"}],"predecessor-version":[{"id":5840,"href":"https:\/\/blog.holyart.it\/de\/wp-json\/wp\/v2\/posts\/5823\/revisions\/5840"}],"wp:featuredmedia":[{"embeddable":true,"href":"https:\/\/blog.holyart.it\/de\/wp-json\/wp\/v2\/media\/5829"}],"wp:attachment":[{"href":"https:\/\/blog.holyart.it\/de\/wp-json\/wp\/v2\/media?parent=5823"}],"wp:term":[{"taxonomy":"category","embeddable":true,"href":"https:\/\/blog.holyart.it\/de\/wp-json\/wp\/v2\/categories?post=5823"},{"taxonomy":"post_tag","embeddable":true,"href":"https:\/\/blog.holyart.it\/de\/wp-json\/wp\/v2\/tags?post=5823"}],"curies":[{"name":"wp","href":"https:\/\/api.w.org\/{rel}","templated":true}]}}