{"id":5759,"date":"2025-03-07T10:00:07","date_gmt":"2025-03-07T09:00:07","guid":{"rendered":"https:\/\/blog.holyart.it\/de\/?p=5759"},"modified":"2025-07-17T17:51:23","modified_gmt":"2025-07-17T15:51:23","slug":"luce-friends-das-jubilaeumsmaskottchen-und-seine-freunde","status":"publish","type":"post","link":"https:\/\/blog.holyart.it\/de\/jubilaeum-2025\/luce-friends-das-jubilaeumsmaskottchen-und-seine-freunde\/","title":{"rendered":"Luce &#038; Friends: das Jubil\u00e4umsmaskottchen und seine Freunde"},"content":{"rendered":"<h4>Luce, das Maskottchen des Jubil\u00e4ums 2025, unternimmt ihre Pilgerreise des Glaubens und der Hoffnung nicht allein: mit ihren vielen kleinen Freunden, die die Werte und Absichten des Heiligen Jahres verk\u00f6rpern<\/h4>\n\n<p>Mitten im Heiligen Jahr 2025 pr\u00e4sentiert die katholische Kirche ein <a href=\"https:\/\/www.holyart.de\/blog\/jubilaeum-2025\/luce-das-maskottchen-des-jubilaeums-2025-ein-symbol-fuer-alle-pilger\/\"><strong>au\u00dfergew\u00f6hnliches Maskottchen<\/strong><\/a><strong>,<\/strong> das den Geist des Jubil\u00e4ums verk\u00f6rpert: <strong>Luce<\/strong>, begleitet von einer Gruppe besonderer Freunde, die ihre Reise noch bedeutungsvoller machen. Diese Familie von Figuren, die im unverwechselbaren Stil von <a href=\"https:\/\/www.holyart.de\/blog\/jubilaeum-2025\/wer-ist-simone-legno-der-designer-des-jubilaeumsmaskottchens-2025\/\"><strong>Simone Legno<\/strong><\/a>, dem Sch\u00f6pfer der Marke <strong><em>Tokidoki<\/em><\/strong>, geschaffen wurde, verwandelt die spirituelle Pilgerreise in eine visuelle Erz\u00e4hlung, die reich an Symbolen und tiefgr\u00fcndigen Bedeutungen ist.<\/p>\n<div class=\"link-article\">\n<p><img loading=\"lazy\" decoding=\"async\" class=\"alignnone size-full wp-image-5756\" src=\"https:\/\/blog.holyart.it\/de\/wp-content\/uploads\/sites\/12\/2025\/02\/Luce-das-Maskottchen-des-Jubilaeums-2025-1.jpg\" alt=\"Luce, das Maskottchen des Jubil\u00e4ums 2025\" width=\"150\" height=\"99\" data-kale-share-title=\"Wer ist Simone Legno, der Designer des Jubil\u00e4umsmaskottchens 2025?\" data-kale-share-url=\"https:\/\/blog.holyart.it\/de\/?p=5743\" \/><\/p>\n<div class=\"leggi-anche\">Lesen Sie auch:<\/div>\n<p><strong><a href=\"https:\/\/www.holyart.de\/blog\/jubilaeum-2025\/luce-das-maskottchen-des-jubilaeums-2025-ein-symbol-fuer-alle-pilger\/\">Luce, das Maskottchen des Jubil\u00e4ums 2025: ein Symbol f\u00fcr alle Pilger<\/a><\/strong><br \/>\nLernen wir Luce kennen, das Maskottchen des Jubil\u00e4ums 2025&#8230;<\/p>\n<\/div>\n<p>Anl\u00e4sslich der Premiere von Luce auf <strong>Lucca Comics &amp; Games 2024<\/strong>, der wichtigsten italienischen Messe f\u00fcr Comics und Illustrationen, an der das Dikasterium des Heiligen Stuhls zum ersten Mal teilnahm, betonte der Erzbischof von Lucca Paolo Giulietti, dass das Projekt <strong>Luce &amp; Friends<\/strong> aussagekr\u00e4ftige Symbole wie <strong>Gew\u00e4nder, Pilgerst\u00e4be und Muscheln<\/strong> verwendet, um die <strong>Botschaft des Jubil\u00e4ums<\/strong> zu vermitteln. Das Luce-Maskottchen, das in Lucca ausgestellt wurde und in den sozialen Medien gro\u00dfen Anklang fand, zeigte die F\u00e4higkeit der Kirche, junge Menschen in ihrer Sprache anzusprechen. Der Erzbischof bekr\u00e4ftigte jedoch, dass sich das Jubil\u00e4um nicht darauf beschr\u00e4nken wird, sondern viele andere Initiativen f\u00fcr junge Menschen umfassen wird.<\/p>\n<p>Luce &amp; Friends ist also nicht nur ein Projekt, das das <strong><a href=\"https:\/\/www.holyart.de\/jubilaum-der-barmherzigkeit\/luce-offizielles-maskottchen-des-jubilaums-2025\/luce-offizielles-maskottchen-des-jubilaums-2025-pluschfigur-25-cm-tokidoki\">kleine Jubil\u00e4umsmaskottchen 2025<\/a><\/strong> mit seinen Begleitern zeigt, sondern wird zu einem <strong>wirkungsvollen Instrument zur Vermittlung der Werte des Jubil\u00e4ums<\/strong>. Durch diese Figuren wird die Pilgerreise in eine f\u00fcr alle zug\u00e4ngliche Erz\u00e4hlung verwandelt, in der jedes Element von der Bedeutung der gegenseitigen Hilfe, des Gebets und der Hoffnung erz\u00e4hlt. Die Reise von Luce und ihren Freunden erinnert uns daran, dass der <strong>Weg des Glaubens<\/strong>, genau wie eine Pilgerreise, niemals ein einsamer Weg ist. Er ist eine <strong>Erfahrung der Gemeinschaft<\/strong>, bei der jeder Schritt, jede Begegnung und jedes Symbol dazu beitr\u00e4gt, eine Br\u00fccke zwischen dem Irdischen und dem G\u00f6ttlichen, zwischen Tradition und Erneuerung, zwischen der Vergangenheit und der Zukunft der Kirche zu schlagen.<\/p>\n<div class=\"link-product\">\n<div class=\"blocco-immagine\"><img loading=\"lazy\" decoding=\"async\" class=\"alignnone size-full wp-image-5764\" src=\"https:\/\/blog.holyart.it\/de\/wp-content\/uploads\/sites\/12\/2025\/02\/Luce-offizielles-Maskottchen-des-Jubilaeums-2025-2.jpg\" alt=\"Luce, offizielles Maskottchen des Jubil\u00e4ums 2025\" width=\"100\" height=\"100\" data-kale-share-title=\"Luce &amp; Friends: das Jubil\u00e4umsmaskottchen und seine Freunde\" data-kale-share-url=\"https:\/\/blog.holyart.it\/de\/?p=5759\" \/><\/div>\n<div class=\"blocco-contenuto\">\n<div class=\"blocco-acquista\">Einkaufen:<\/div>\n<div class=\"blocco-titolo\"><a href=\"https:\/\/www.holyart.de\/jubilaum-der-barmherzigkeit\/luce-offizielles-maskottchen-des-jubilaums-2025\/luce-offizielles-maskottchen-des-jubilaums-2025-pluschfigur-25-cm-tokidoki\">Luce, offizielles Maskottchen des Jubil\u00e4ums 2025, Pl\u00fcschfigur 25 cm, Tokidoki<\/a><\/div>\n<div class=\"blocco-descrizione\">Entdecken Sie Luce, das offizielle Maskottchen des Jubil\u00e4ums 2025 \u2013 Pilger der Hoffnung,<\/div>\n<\/div>\n<\/div>\n<p>Auf der Reise von Luce erz\u00e4hlt jeder <strong>Gegenstand<\/strong> eine Geschichte des Glaubens. Der \u201e<strong>bordone<\/strong>\u201c, der <a href=\"https:\/\/www.holyart.de\/blog\/heilige-und-selige\/pilgerheilige-8-schutzheilige-der-pilger-und-reisenden\/\"><strong>traditionelle Pilgerstab<\/strong><\/a><strong>,<\/strong> symbolisiert den Halt, den man auf dem beschwerlichen Weg zum spirituellen Ziel braucht. Die <strong>schmutzigen gr\u00fcnen Schuhe<\/strong> erz\u00e4hlen von der Demut des Reisenden und der Hoffnung, die ihn bei jedem Schritt auf dem Weg begleitet. Sie verweisen auch auf die Hoffnung und auf die Botschaft, die im Jubil\u00e4umslogo in gr\u00fcner Schrift steht: <a href=\"https:\/\/www.holyart.de\/blog\/devotionalien\/die-bedeutung-des-jubilaeumslogos-2025-pilger-der-hoffnung\/\"><strong>Pilger der Hoffnung<\/strong><\/a><strong>.<\/strong> Der <strong>Rosenkranz<\/strong> steht f\u00fcr den st\u00e4ndigen Dialog mit Gott durch das Gebet.<\/p>\n<p>Aber neben dem kleinen blauhaarigen Pilger mit den strahlenden Augen gibt es noch andere wichtige Figuren. Wir wollen sie kennenlernen.<\/p>\n<div class=\"link-article\">\n<p><img loading=\"lazy\" decoding=\"async\" class=\"alignnone size-full wp-image-5767\" src=\"https:\/\/blog.holyart.it\/de\/wp-content\/uploads\/sites\/12\/2025\/02\/Die-Bedeutung-des-Jubilaeumslogos-2025-1.jpg\" alt=\"Die Bedeutung des Jubil\u00e4umslogos 2025\" width=\"150\" height=\"99\" data-kale-share-title=\"Luce &amp; Friends: das Jubil\u00e4umsmaskottchen und seine Freunde\" data-kale-share-url=\"https:\/\/blog.holyart.it\/de\/?p=5759\" \/><\/p>\n<div class=\"leggi-anche\">Lesen Sie auch:<\/div>\n<p><strong><a href=\"https:\/\/www.holyart.de\/blog\/devotionalien\/die-bedeutung-des-jubilaeumslogos-2025-pilger-der-hoffnung\/\">Die Bedeutung des Jubil\u00e4umslogos 2025: Pilger der Hoffnung<\/a><\/strong><br \/>\nDas Logo des Jubil\u00e4ums 2025, das aus fast dreihundert Vorschl\u00e4gen ausgew\u00e4hlt wurde, ist vorgestellt worden&#8230;<\/p>\n<\/div>\n<h2>Luce und Santino wie der Heilige Rochus und der Hund<\/h2>\n<p>Luce, die Protagonistin dieser Jubil\u00e4umswanderung, ist nie allein unterwegs. Ihr zur Seite steht <a href=\"https:\/\/www.holyart.de\/jubilaum-der-barmherzigkeit\/luce-offizielles-maskottchen-des-jubilaums-2025\/figur-luce-und-santino-maskottchen-des-jubilaums-2025-acryl\"><strong>Santino<\/strong><\/a>, ein kleiner wei\u00dfer Hund mit braunen Flecken, der an eine der beliebtesten Figuren der katholischen Tradition erinnert: den <a href=\"https:\/\/www.holyart.de\/blog\/devotionalien\/der-heilige-rochus-und-der-hund-eine-verbindung-die-seit-dem-mittelalter-ueberliefert-ist\/\"><strong>Heiligen Rochus<\/strong><\/a>. Tats\u00e4chlich wird der Heilige Rochus h\u00e4ufig mit einem Hund an seiner Seite dargestellt, und zwar aus Gr\u00fcnden, die mit seinem Leben und seinen Werken der N\u00e4chstenliebe zusammenh\u00e4ngen. Der Legende nach erkrankte der Heilige Rochus w\u00e4hrend seiner Pilgerreise zu den Pestopfern ebenfalls an der Krankheit und zog sich in eine H\u00f6hle zur\u00fcck, um niemandem zur Last zu fallen. In diesem Moment der Einsamkeit fand ihn ein Hund und begann, sich um ihn zu k\u00fcmmern: Er leckte seine Wunden und brachte ihm jeden Tag Brot, das er vom Tisch seines Herrn gestohlen hatte. Diese Geste der Treue und des Mitgef\u00fchls des Hundes bewahrte den Heiligen Rochus nicht nur vor dem Tod, sondern schuf auch eine symbolische Verbindung zwischen dem Heiligen und den Tieren. Der Hund ist somit ein Symbol der F\u00fcrsorge, des Mitgef\u00fchls und der Treue, Werte, die das Wirken des Heiligen Rochus f\u00fcr seine Mitmenschen widerspiegeln.<\/p>\n<p>So wie der Pilgerheilige von seinem treuen Hund auf seiner Andachtsreise begleitet wurde, findet Luce in Santino einen Gef\u00e4hrten, der <strong>Freundschaft<\/strong>, aber auch <strong>Treue<\/strong> und <strong>g\u00f6ttlichen Beistand<\/strong> auf dem spirituellen Weg symbolisiert.<\/p>\n<div class=\"link-product\">\n<div class=\"blocco-immagine\"><img loading=\"lazy\" decoding=\"async\" class=\"alignnone size-full wp-image-5770\" src=\"https:\/\/blog.holyart.it\/de\/wp-content\/uploads\/sites\/12\/2025\/02\/Figur-Luce-und-Santino-\u2013-Maskottchen-des-Jubilaeums-2025-Acryl.jpg\" alt=\"Figur Luce und Santino \u2013 Maskottchen des Jubil\u00e4ums 2025, Acryl \" width=\"100\" height=\"100\" data-kale-share-title=\"Luce &amp; Friends: das Jubil\u00e4umsmaskottchen und seine Freunde\" data-kale-share-url=\"https:\/\/blog.holyart.it\/de\/?p=5759\" \/><\/div>\n<div class=\"blocco-contenuto\">\n<div class=\"blocco-acquista\">Einkaufen:<\/div>\n<div class=\"blocco-titolo\"><a href=\"https:\/\/www.holyart.de\/jubilaum-der-barmherzigkeit\/luce-offizielles-maskottchen-des-jubilaums-2025\/figur-luce-und-santino-maskottchen-des-jubilaums-2025-acryl\">Figur Luce und Santino \u2013 Maskottchen des Jubil\u00e4ums 2025, Acryl <\/a><\/div>\n<div class=\"blocco-descrizione\">Offizielle Figur von Luce, dem Maskottchen des Jubil\u00e4ums 2025 \u2013 Pilger der Hoffnung.<\/div>\n<\/div>\n<\/div>\n<h2>Fe, Xin und Sky, die Reisegef\u00e4hrten von Luce<\/h2>\n<p>Die Pilgerfreunde <a href=\"https:\/\/www.holyart.de\/jubilaum-der-barmherzigkeit\/luce-offizielles-maskottchen-des-jubilaums-2025\/pop-socket-luce-and-friends-maskottchen-des-jubilaums-2025-fur-smartphones\"><strong>Fe, Xin und Sky<\/strong><\/a>, die zusammen mit dem Jubil\u00e4umsmaskottchen 2025 die symbolische Pilgerreise der Hoffnung durch das <a href=\"https:\/\/www.holyart.de\/blog\/devotionalien\/was-ist-das-jubilaeum-vorbereitungen-fuer-ein-neues-heiliges-jahr\/\"><strong>Heilige Jahr<\/strong><\/a> antreten, sollen <strong>alle Kulturen der Welt<\/strong> einbeziehen und repr\u00e4sentieren. Jeder von ihnen tr\u00e4gt einen farbenfrohen Regenmantel, der an den von dem K\u00fcnstler gew\u00fcnschten <em>Kawaii<\/em>-Stil erinnert, aber vielleicht haben diese Farben auch eine symbolische Bedeutung.<\/p>\n<p>Der Mantel von Luce ist <strong>gelb<\/strong>, eine Farbe, die an das Licht erinnert, was ihm seinen Namen gibt, aber auch an die Farben der vatikanischen Flagge, gelb am Mast und wei\u00df am Kl\u00f6ppel.<\/p>\n<p><strong>Xin<\/strong> symbolisiert die <strong>asiatischen Gl\u00e4ubigen<\/strong>, mit der <strong>Kirschbl\u00fcte<\/strong> an seinem Pilgerstab. Sein <strong>gr\u00fcner Regenmantel<\/strong> k\u00f6nnte vielleicht f\u00fcr <strong>Hoffnung, Ausdauer und st\u00e4ndiges Zuh\u00f6ren<\/strong> stehen. In der christlichen Liturgie begleitet die Farbe Gr\u00fcn den t\u00e4glichen Weg von Priestern und Gl\u00e4ubigen und steht f\u00fcr das Vertrauen in den spirituellen Weg und die g\u00f6ttliche Gegenwart. Die <strong>Teddyb\u00e4rentasche<\/strong> vermittelt eine Vorstellung von Z\u00e4rtlichkeit, aber auch von F\u00fcrsorge und Respekt f\u00fcr Tiere.<\/p>\n<p><strong>Sky<\/strong> tr\u00e4gt <strong>Blau<\/strong>, die marianische Farbe schlechthin, und verk\u00f6rpert vielleicht die <strong>Harmonie, die die Pilger auf ihrem gemeinsamen Weg eint<\/strong>. Ihr Gesicht erinnert an den <strong>afrikanischen Kontinent<\/strong> und sie tr\u00e4gt eine Gitarre.<\/p>\n<p><strong>Fe<\/strong> verweist auf S\u00fcdamerika und tr\u00e4gt <strong>Rot<\/strong>, die Farbe, die in der Liturgie die Passion Christi und das von ihm und den Heiligen im Martyrium vergossene Blut symbolisiert. Aus seiner Tasche ragt eine <strong>Bibel<\/strong> heraus.<\/p>\n<div class=\"link-product\">\n<div class=\"blocco-immagine\"><img loading=\"lazy\" decoding=\"async\" class=\"alignnone size-full wp-image-5772\" src=\"https:\/\/blog.holyart.it\/de\/wp-content\/uploads\/sites\/12\/2025\/02\/Pop-Socket-Luce-and-Friends-\u2013-Maskottchen-des-Jubilaeums-2025-fuer-Smartphones-1.jpg\" alt=\"Pop-Socket Luce and Friends \u2013 Maskottchen des Jubil\u00e4ums 2025 f\u00fcr Smartphones\" width=\"100\" height=\"100\" data-kale-share-title=\"Luce &amp; Friends: das Jubil\u00e4umsmaskottchen und seine Freunde\" data-kale-share-url=\"https:\/\/blog.holyart.it\/de\/?p=5759\" \/><\/div>\n<div class=\"blocco-contenuto\">\n<div class=\"blocco-acquista\">Einkaufen:<\/div>\n<div class=\"blocco-titolo\"><a href=\"https:\/\/www.holyart.de\/jubilaum-der-barmherzigkeit\/luce-offizielles-maskottchen-des-jubilaums-2025\/pop-socket-luce-and-friends-maskottchen-des-jubilaums-2025-fur-smartphones\">Pop-Socket Luce and Friends \u2013 Maskottchen des Jubil\u00e4ums 2025 f\u00fcr Smartphones<\/a><\/div>\n<div class=\"blocco-descrizione\">Smartphone-Griff mit der Abbildung von Luce and Friends, den offiziellen Maskottchen des Jubil\u00e4ums 2025 \u2013 Pilger der Hoffnung.<\/div>\n<\/div>\n<\/div>\n<h2>Die anderen Symbole, die Luce begleiten<\/h2>\n<p>Der Engel <strong>Iubi<\/strong> und die Taube <strong>Aura<\/strong> bereichern die spirituelle Bedeutung der Reise des kleinen Maskottchens des Jubil\u00e4ums 2025. Der Engel steht f\u00fcr den <strong>g\u00f6ttlichen Schutz<\/strong> in schwierigen Zeiten, und der kleine, auf die M\u00fctze gestickte <strong>Anker<\/strong> ist ein Symbol der <strong>Hoffnung<\/strong>. Die <strong><a href=\"https:\/\/www.holyart.de\/blog\/devotionalien\/die-taube-der-christlichen-bildenden-kunst\/\">Taube<\/a><\/strong> ist seit jeher ein Symbol f\u00fcr Reinheit und geistige Erneuerung, aber auch f\u00fcr die st\u00e4ndige Gegenwart des <strong>Heiligen Geistes<\/strong>. Der Olivenzweig in ihrem Schnabel ist eine klare Erinnerung an den <strong>Frieden<\/strong>, den diese Welt so dringend braucht.<\/p>\n","protected":false},"excerpt":{"rendered":"<p>Luce, das Maskottchen des Jubil\u00e4ums 2025, unternimmt ihre Pilgerreise des Glaubens und der Hoffnung nicht allein: mit ihren vielen kleinen Freunden, die die Werte und Absichten des Heiligen Jahres verk\u00f6rpern Mitten im Heiligen Jahr 2025 pr\u00e4sentiert die katholische Kirche ein au\u00dfergew\u00f6hnliches Maskottchen, das den Geist&hellip;<\/p>\n","protected":false},"author":1,"featured_media":5761,"comment_status":"closed","ping_status":"open","sticky":false,"template":"","format":"standard","meta":{"_acf_changed":false,"footnotes":""},"categories":[17],"tags":[],"class_list":["post-5759","post","type-post","status-publish","format-standard","has-post-thumbnail","hentry","category-jubilaeum-2025"],"acf":[],"yoast_head":"<!-- This site is optimized with the Yoast SEO plugin v26.6 - https:\/\/yoast.com\/wordpress\/plugins\/seo\/ -->\n<title>Luce &amp; Friends: das Jubil\u00e4umsmaskottchen und seine Freunde - Holyart.de Blog<\/title>\n<meta name=\"description\" content=\"Luce, das Maskottchen des Jubil\u00e4umsjahres 2025, ist auf seinem Glaubensweg nicht allein: An seiner Seite befinden sich freundliche Figuren, lebendige Symbole f\u00fcr die Werte des Heiligen Jahres.\" \/>\n<meta name=\"robots\" content=\"index, follow, max-snippet:-1, max-image-preview:large, max-video-preview:-1\" \/>\n<link rel=\"canonical\" href=\"https:\/\/blog.holyart.it\/de\/jubilaeum-2025\/luce-friends-das-jubilaeumsmaskottchen-und-seine-freunde\/\" \/>\n<meta property=\"og:locale\" content=\"de_DE\" \/>\n<meta property=\"og:type\" content=\"article\" \/>\n<meta property=\"og:title\" content=\"Luce &amp; Friends: das Jubil\u00e4umsmaskottchen und seine Freunde - Holyart.de Blog\" \/>\n<meta property=\"og:description\" content=\"Luce, das Maskottchen des Jubil\u00e4umsjahres 2025, ist auf seinem Glaubensweg nicht allein: An seiner Seite befinden sich freundliche Figuren, lebendige Symbole f\u00fcr die Werte des Heiligen Jahres.\" \/>\n<meta property=\"og:url\" content=\"https:\/\/blog.holyart.it\/de\/jubilaeum-2025\/luce-friends-das-jubilaeumsmaskottchen-und-seine-freunde\/\" \/>\n<meta property=\"og:site_name\" content=\"Holyart.de Blog\" \/>\n<meta property=\"article:published_time\" content=\"2025-03-07T09:00:07+00:00\" \/>\n<meta property=\"article:modified_time\" content=\"2025-07-17T15:51:23+00:00\" \/>\n<meta property=\"og:image\" content=\"https:\/\/blog.holyart.it\/de\/wp-content\/uploads\/sites\/12\/2025\/02\/Luce-Friends-das-Jubilaeumsmaskottchen-und-seine-Freunde.jpg\" \/>\n\t<meta property=\"og:image:width\" content=\"1000\" \/>\n\t<meta property=\"og:image:height\" content=\"666\" \/>\n\t<meta property=\"og:image:type\" content=\"image\/jpeg\" \/>\n<meta name=\"author\" content=\"Redazione\" \/>\n<meta name=\"twitter:card\" content=\"summary_large_image\" \/>\n<meta name=\"twitter:label1\" content=\"Verfasst von\" \/>\n\t<meta name=\"twitter:data1\" content=\"Redazione\" \/>\n\t<meta name=\"twitter:label2\" content=\"Gesch\u00e4tzte Lesezeit\" \/>\n\t<meta name=\"twitter:data2\" content=\"8\u00a0Minuten\" \/>\n<script type=\"application\/ld+json\" class=\"yoast-schema-graph\">{\"@context\":\"https:\/\/schema.org\",\"@graph\":[{\"@type\":\"Article\",\"@id\":\"https:\/\/blog.holyart.it\/de\/jubilaeum-2025\/luce-friends-das-jubilaeumsmaskottchen-und-seine-freunde\/#article\",\"isPartOf\":{\"@id\":\"https:\/\/blog.holyart.it\/de\/jubilaeum-2025\/luce-friends-das-jubilaeumsmaskottchen-und-seine-freunde\/\"},\"author\":{\"name\":\"Redazione\",\"@id\":\"https:\/\/blog.holyart.it\/de\/#\/schema\/person\/0a7b686e5af0f856ec1e390dd0baecda\"},\"headline\":\"Luce &#038; Friends: das Jubil\u00e4umsmaskottchen und seine Freunde\",\"datePublished\":\"2025-03-07T09:00:07+00:00\",\"dateModified\":\"2025-07-17T15:51:23+00:00\",\"mainEntityOfPage\":{\"@id\":\"https:\/\/blog.holyart.it\/de\/jubilaeum-2025\/luce-friends-das-jubilaeumsmaskottchen-und-seine-freunde\/\"},\"wordCount\":1182,\"publisher\":{\"@id\":\"https:\/\/blog.holyart.it\/de\/#organization\"},\"image\":{\"@id\":\"https:\/\/blog.holyart.it\/de\/jubilaeum-2025\/luce-friends-das-jubilaeumsmaskottchen-und-seine-freunde\/#primaryimage\"},\"thumbnailUrl\":\"https:\/\/blog.holyart.it\/de\/wp-content\/uploads\/sites\/12\/2025\/02\/Luce-Friends-das-Jubilaeumsmaskottchen-und-seine-Freunde.jpg\",\"articleSection\":[\"Jubil\u00e4um 2025\"],\"inLanguage\":\"de\"},{\"@type\":\"WebPage\",\"@id\":\"https:\/\/blog.holyart.it\/de\/jubilaeum-2025\/luce-friends-das-jubilaeumsmaskottchen-und-seine-freunde\/\",\"url\":\"https:\/\/blog.holyart.it\/de\/jubilaeum-2025\/luce-friends-das-jubilaeumsmaskottchen-und-seine-freunde\/\",\"name\":\"Luce & Friends: das Jubil\u00e4umsmaskottchen und seine Freunde - Holyart.de Blog\",\"isPartOf\":{\"@id\":\"https:\/\/blog.holyart.it\/de\/#website\"},\"primaryImageOfPage\":{\"@id\":\"https:\/\/blog.holyart.it\/de\/jubilaeum-2025\/luce-friends-das-jubilaeumsmaskottchen-und-seine-freunde\/#primaryimage\"},\"image\":{\"@id\":\"https:\/\/blog.holyart.it\/de\/jubilaeum-2025\/luce-friends-das-jubilaeumsmaskottchen-und-seine-freunde\/#primaryimage\"},\"thumbnailUrl\":\"https:\/\/blog.holyart.it\/de\/wp-content\/uploads\/sites\/12\/2025\/02\/Luce-Friends-das-Jubilaeumsmaskottchen-und-seine-Freunde.jpg\",\"datePublished\":\"2025-03-07T09:00:07+00:00\",\"dateModified\":\"2025-07-17T15:51:23+00:00\",\"description\":\"Luce, das Maskottchen des Jubil\u00e4umsjahres 2025, ist auf seinem Glaubensweg nicht allein: An seiner Seite befinden sich freundliche Figuren, lebendige Symbole f\u00fcr die Werte des Heiligen Jahres.\",\"breadcrumb\":{\"@id\":\"https:\/\/blog.holyart.it\/de\/jubilaeum-2025\/luce-friends-das-jubilaeumsmaskottchen-und-seine-freunde\/#breadcrumb\"},\"inLanguage\":\"de\",\"potentialAction\":[{\"@type\":\"ReadAction\",\"target\":[\"https:\/\/blog.holyart.it\/de\/jubilaeum-2025\/luce-friends-das-jubilaeumsmaskottchen-und-seine-freunde\/\"]}]},{\"@type\":\"ImageObject\",\"inLanguage\":\"de\",\"@id\":\"https:\/\/blog.holyart.it\/de\/jubilaeum-2025\/luce-friends-das-jubilaeumsmaskottchen-und-seine-freunde\/#primaryimage\",\"url\":\"https:\/\/blog.holyart.it\/de\/wp-content\/uploads\/sites\/12\/2025\/02\/Luce-Friends-das-Jubilaeumsmaskottchen-und-seine-Freunde.jpg\",\"contentUrl\":\"https:\/\/blog.holyart.it\/de\/wp-content\/uploads\/sites\/12\/2025\/02\/Luce-Friends-das-Jubilaeumsmaskottchen-und-seine-Freunde.jpg\",\"width\":1000,\"height\":666,\"caption\":\"Luce & Friends das Jubil\u00e4umsmaskottchen und seine Freunde\"},{\"@type\":\"BreadcrumbList\",\"@id\":\"https:\/\/blog.holyart.it\/de\/jubilaeum-2025\/luce-friends-das-jubilaeumsmaskottchen-und-seine-freunde\/#breadcrumb\",\"itemListElement\":[{\"@type\":\"ListItem\",\"position\":1,\"name\":\"Homepage\",\"item\":\"https:\/\/blog.holyart.it\/de\/\"},{\"@type\":\"ListItem\",\"position\":2,\"name\":\"Jubil\u00e4um 2025\",\"item\":\"https:\/\/blog.holyart.it\/de\/jubilaeum-2025\/\"},{\"@type\":\"ListItem\",\"position\":3,\"name\":\"Luce &#038; Friends: das Jubil\u00e4umsmaskottchen und seine Freunde\"}]},{\"@type\":\"WebSite\",\"@id\":\"https:\/\/blog.holyart.it\/de\/#website\",\"url\":\"https:\/\/blog.holyart.it\/de\/\",\"name\":\"Holyart.de Blog\",\"description\":\"Holyblog\",\"publisher\":{\"@id\":\"https:\/\/blog.holyart.it\/de\/#organization\"},\"potentialAction\":[{\"@type\":\"SearchAction\",\"target\":{\"@type\":\"EntryPoint\",\"urlTemplate\":\"https:\/\/blog.holyart.it\/de\/?s={search_term_string}\"},\"query-input\":{\"@type\":\"PropertyValueSpecification\",\"valueRequired\":true,\"valueName\":\"search_term_string\"}}],\"inLanguage\":\"de\"},{\"@type\":\"Organization\",\"@id\":\"https:\/\/blog.holyart.it\/de\/#organization\",\"name\":\"Holyart.de Blog\",\"url\":\"https:\/\/blog.holyart.it\/de\/\",\"logo\":{\"@type\":\"ImageObject\",\"inLanguage\":\"de\",\"@id\":\"https:\/\/blog.holyart.it\/de\/#\/schema\/logo\/image\/\",\"url\":\"https:\/\/blog.holyart.it\/de\/wp-content\/uploads\/sites\/12\/2022\/12\/Holyart_Blog_Logo.jpg\",\"contentUrl\":\"https:\/\/blog.holyart.it\/de\/wp-content\/uploads\/sites\/12\/2022\/12\/Holyart_Blog_Logo.jpg\",\"width\":300,\"height\":50,\"caption\":\"Holyart.de Blog\"},\"image\":{\"@id\":\"https:\/\/blog.holyart.it\/de\/#\/schema\/logo\/image\/\"}},{\"@type\":\"Person\",\"@id\":\"https:\/\/blog.holyart.it\/de\/#\/schema\/person\/0a7b686e5af0f856ec1e390dd0baecda\",\"name\":\"Redazione\",\"image\":{\"@type\":\"ImageObject\",\"inLanguage\":\"de\",\"@id\":\"https:\/\/blog.holyart.it\/de\/#\/schema\/person\/image\/\",\"url\":\"https:\/\/secure.gravatar.com\/avatar\/f477da817f43e50d0af36abecd33e3edf826c68299714bdc1057dff3b113f516?s=96&d=mm&r=g\",\"contentUrl\":\"https:\/\/secure.gravatar.com\/avatar\/f477da817f43e50d0af36abecd33e3edf826c68299714bdc1057dff3b113f516?s=96&d=mm&r=g\",\"caption\":\"Redazione\"}}]}<\/script>\n<!-- \/ Yoast SEO plugin. -->","yoast_head_json":{"title":"Luce & Friends: das Jubil\u00e4umsmaskottchen und seine Freunde - Holyart.de Blog","description":"Luce, das Maskottchen des Jubil\u00e4umsjahres 2025, ist auf seinem Glaubensweg nicht allein: An seiner Seite befinden sich freundliche Figuren, lebendige Symbole f\u00fcr die Werte des Heiligen Jahres.","robots":{"index":"index","follow":"follow","max-snippet":"max-snippet:-1","max-image-preview":"max-image-preview:large","max-video-preview":"max-video-preview:-1"},"canonical":"https:\/\/blog.holyart.it\/de\/jubilaeum-2025\/luce-friends-das-jubilaeumsmaskottchen-und-seine-freunde\/","og_locale":"de_DE","og_type":"article","og_title":"Luce & Friends: das Jubil\u00e4umsmaskottchen und seine Freunde - Holyart.de Blog","og_description":"Luce, das Maskottchen des Jubil\u00e4umsjahres 2025, ist auf seinem Glaubensweg nicht allein: An seiner Seite befinden sich freundliche Figuren, lebendige Symbole f\u00fcr die Werte des Heiligen Jahres.","og_url":"https:\/\/blog.holyart.it\/de\/jubilaeum-2025\/luce-friends-das-jubilaeumsmaskottchen-und-seine-freunde\/","og_site_name":"Holyart.de Blog","article_published_time":"2025-03-07T09:00:07+00:00","article_modified_time":"2025-07-17T15:51:23+00:00","og_image":[{"width":1000,"height":666,"url":"https:\/\/blog.holyart.it\/de\/wp-content\/uploads\/sites\/12\/2025\/02\/Luce-Friends-das-Jubilaeumsmaskottchen-und-seine-Freunde.jpg","type":"image\/jpeg"}],"author":"Redazione","twitter_card":"summary_large_image","twitter_misc":{"Verfasst von":"Redazione","Gesch\u00e4tzte Lesezeit":"8\u00a0Minuten"},"schema":{"@context":"https:\/\/schema.org","@graph":[{"@type":"Article","@id":"https:\/\/blog.holyart.it\/de\/jubilaeum-2025\/luce-friends-das-jubilaeumsmaskottchen-und-seine-freunde\/#article","isPartOf":{"@id":"https:\/\/blog.holyart.it\/de\/jubilaeum-2025\/luce-friends-das-jubilaeumsmaskottchen-und-seine-freunde\/"},"author":{"name":"Redazione","@id":"https:\/\/blog.holyart.it\/de\/#\/schema\/person\/0a7b686e5af0f856ec1e390dd0baecda"},"headline":"Luce &#038; Friends: das Jubil\u00e4umsmaskottchen und seine Freunde","datePublished":"2025-03-07T09:00:07+00:00","dateModified":"2025-07-17T15:51:23+00:00","mainEntityOfPage":{"@id":"https:\/\/blog.holyart.it\/de\/jubilaeum-2025\/luce-friends-das-jubilaeumsmaskottchen-und-seine-freunde\/"},"wordCount":1182,"publisher":{"@id":"https:\/\/blog.holyart.it\/de\/#organization"},"image":{"@id":"https:\/\/blog.holyart.it\/de\/jubilaeum-2025\/luce-friends-das-jubilaeumsmaskottchen-und-seine-freunde\/#primaryimage"},"thumbnailUrl":"https:\/\/blog.holyart.it\/de\/wp-content\/uploads\/sites\/12\/2025\/02\/Luce-Friends-das-Jubilaeumsmaskottchen-und-seine-Freunde.jpg","articleSection":["Jubil\u00e4um 2025"],"inLanguage":"de"},{"@type":"WebPage","@id":"https:\/\/blog.holyart.it\/de\/jubilaeum-2025\/luce-friends-das-jubilaeumsmaskottchen-und-seine-freunde\/","url":"https:\/\/blog.holyart.it\/de\/jubilaeum-2025\/luce-friends-das-jubilaeumsmaskottchen-und-seine-freunde\/","name":"Luce & Friends: das Jubil\u00e4umsmaskottchen und seine Freunde - Holyart.de Blog","isPartOf":{"@id":"https:\/\/blog.holyart.it\/de\/#website"},"primaryImageOfPage":{"@id":"https:\/\/blog.holyart.it\/de\/jubilaeum-2025\/luce-friends-das-jubilaeumsmaskottchen-und-seine-freunde\/#primaryimage"},"image":{"@id":"https:\/\/blog.holyart.it\/de\/jubilaeum-2025\/luce-friends-das-jubilaeumsmaskottchen-und-seine-freunde\/#primaryimage"},"thumbnailUrl":"https:\/\/blog.holyart.it\/de\/wp-content\/uploads\/sites\/12\/2025\/02\/Luce-Friends-das-Jubilaeumsmaskottchen-und-seine-Freunde.jpg","datePublished":"2025-03-07T09:00:07+00:00","dateModified":"2025-07-17T15:51:23+00:00","description":"Luce, das Maskottchen des Jubil\u00e4umsjahres 2025, ist auf seinem Glaubensweg nicht allein: An seiner Seite befinden sich freundliche Figuren, lebendige Symbole f\u00fcr die Werte des Heiligen Jahres.","breadcrumb":{"@id":"https:\/\/blog.holyart.it\/de\/jubilaeum-2025\/luce-friends-das-jubilaeumsmaskottchen-und-seine-freunde\/#breadcrumb"},"inLanguage":"de","potentialAction":[{"@type":"ReadAction","target":["https:\/\/blog.holyart.it\/de\/jubilaeum-2025\/luce-friends-das-jubilaeumsmaskottchen-und-seine-freunde\/"]}]},{"@type":"ImageObject","inLanguage":"de","@id":"https:\/\/blog.holyart.it\/de\/jubilaeum-2025\/luce-friends-das-jubilaeumsmaskottchen-und-seine-freunde\/#primaryimage","url":"https:\/\/blog.holyart.it\/de\/wp-content\/uploads\/sites\/12\/2025\/02\/Luce-Friends-das-Jubilaeumsmaskottchen-und-seine-Freunde.jpg","contentUrl":"https:\/\/blog.holyart.it\/de\/wp-content\/uploads\/sites\/12\/2025\/02\/Luce-Friends-das-Jubilaeumsmaskottchen-und-seine-Freunde.jpg","width":1000,"height":666,"caption":"Luce & Friends das Jubil\u00e4umsmaskottchen und seine Freunde"},{"@type":"BreadcrumbList","@id":"https:\/\/blog.holyart.it\/de\/jubilaeum-2025\/luce-friends-das-jubilaeumsmaskottchen-und-seine-freunde\/#breadcrumb","itemListElement":[{"@type":"ListItem","position":1,"name":"Homepage","item":"https:\/\/blog.holyart.it\/de\/"},{"@type":"ListItem","position":2,"name":"Jubil\u00e4um 2025","item":"https:\/\/blog.holyart.it\/de\/jubilaeum-2025\/"},{"@type":"ListItem","position":3,"name":"Luce &#038; Friends: das Jubil\u00e4umsmaskottchen und seine Freunde"}]},{"@type":"WebSite","@id":"https:\/\/blog.holyart.it\/de\/#website","url":"https:\/\/blog.holyart.it\/de\/","name":"Holyart.de Blog","description":"Holyblog","publisher":{"@id":"https:\/\/blog.holyart.it\/de\/#organization"},"potentialAction":[{"@type":"SearchAction","target":{"@type":"EntryPoint","urlTemplate":"https:\/\/blog.holyart.it\/de\/?s={search_term_string}"},"query-input":{"@type":"PropertyValueSpecification","valueRequired":true,"valueName":"search_term_string"}}],"inLanguage":"de"},{"@type":"Organization","@id":"https:\/\/blog.holyart.it\/de\/#organization","name":"Holyart.de Blog","url":"https:\/\/blog.holyart.it\/de\/","logo":{"@type":"ImageObject","inLanguage":"de","@id":"https:\/\/blog.holyart.it\/de\/#\/schema\/logo\/image\/","url":"https:\/\/blog.holyart.it\/de\/wp-content\/uploads\/sites\/12\/2022\/12\/Holyart_Blog_Logo.jpg","contentUrl":"https:\/\/blog.holyart.it\/de\/wp-content\/uploads\/sites\/12\/2022\/12\/Holyart_Blog_Logo.jpg","width":300,"height":50,"caption":"Holyart.de Blog"},"image":{"@id":"https:\/\/blog.holyart.it\/de\/#\/schema\/logo\/image\/"}},{"@type":"Person","@id":"https:\/\/blog.holyart.it\/de\/#\/schema\/person\/0a7b686e5af0f856ec1e390dd0baecda","name":"Redazione","image":{"@type":"ImageObject","inLanguage":"de","@id":"https:\/\/blog.holyart.it\/de\/#\/schema\/person\/image\/","url":"https:\/\/secure.gravatar.com\/avatar\/f477da817f43e50d0af36abecd33e3edf826c68299714bdc1057dff3b113f516?s=96&d=mm&r=g","contentUrl":"https:\/\/secure.gravatar.com\/avatar\/f477da817f43e50d0af36abecd33e3edf826c68299714bdc1057dff3b113f516?s=96&d=mm&r=g","caption":"Redazione"}}]}},"_links":{"self":[{"href":"https:\/\/blog.holyart.it\/de\/wp-json\/wp\/v2\/posts\/5759","targetHints":{"allow":["GET"]}}],"collection":[{"href":"https:\/\/blog.holyart.it\/de\/wp-json\/wp\/v2\/posts"}],"about":[{"href":"https:\/\/blog.holyart.it\/de\/wp-json\/wp\/v2\/types\/post"}],"author":[{"embeddable":true,"href":"https:\/\/blog.holyart.it\/de\/wp-json\/wp\/v2\/users\/1"}],"replies":[{"embeddable":true,"href":"https:\/\/blog.holyart.it\/de\/wp-json\/wp\/v2\/comments?post=5759"}],"version-history":[{"count":10,"href":"https:\/\/blog.holyart.it\/de\/wp-json\/wp\/v2\/posts\/5759\/revisions"}],"predecessor-version":[{"id":5774,"href":"https:\/\/blog.holyart.it\/de\/wp-json\/wp\/v2\/posts\/5759\/revisions\/5774"}],"wp:featuredmedia":[{"embeddable":true,"href":"https:\/\/blog.holyart.it\/de\/wp-json\/wp\/v2\/media\/5761"}],"wp:attachment":[{"href":"https:\/\/blog.holyart.it\/de\/wp-json\/wp\/v2\/media?parent=5759"}],"wp:term":[{"taxonomy":"category","embeddable":true,"href":"https:\/\/blog.holyart.it\/de\/wp-json\/wp\/v2\/categories?post=5759"},{"taxonomy":"post_tag","embeddable":true,"href":"https:\/\/blog.holyart.it\/de\/wp-json\/wp\/v2\/tags?post=5759"}],"curies":[{"name":"wp","href":"https:\/\/api.w.org\/{rel}","templated":true}]}}