{"id":5716,"date":"2025-02-21T10:00:30","date_gmt":"2025-02-21T09:00:30","guid":{"rendered":"https:\/\/blog.holyart.it\/de\/?p=5716"},"modified":"2025-07-17T17:49:00","modified_gmt":"2025-07-17T15:49:00","slug":"luce-das-maskottchen-des-jubilaeums-2025-ein-symbol-fuer-alle-pilger","status":"publish","type":"post","link":"https:\/\/blog.holyart.it\/de\/jubilaeum-2025\/luce-das-maskottchen-des-jubilaeums-2025-ein-symbol-fuer-alle-pilger\/","title":{"rendered":"Luce, das Maskottchen des Jubil\u00e4ums 2025: ein Symbol f\u00fcr alle Pilger"},"content":{"rendered":"<h4>Lernen wir Luce kennen, das Maskottchen des Jubil\u00e4ums 2025, eine Figur, die an die \u00c4sthetik japanischer Mangas erinnert und eine neue Offenheit der Kirche gegen\u00fcber der Pop- und Jugendkultur verdeutlicht<\/h4>\n\n<p>In den letzten Monaten sind Sie beim Durchbl\u00e4ttern der Zeitungen oder beim Surfen im Internet sicherlich schon auf <strong>Luce<\/strong> gesto\u00dfen, <a href=\"https:\/\/www.holyart.de\/jubilaum-der-barmherzigkeit\/luce-offizielles-maskottchen-des-jubilaums-2025?page=1\"><strong>das offizielle Maskottchen des <\/strong><strong>Jubil\u00e4ums 2025<\/strong>.<\/a> Sie ist eine junge katholische Pilgerin, die einen leuchtend gelben Regenmantel tr\u00e4gt und mit einem fr\u00f6hlichen L\u00e4cheln und dem zuversichtlichen Blick einer Person, die sich auf ein gro\u00dfes Abenteuer vorbereitet, unterwegs ist. Und was k\u00f6nnte f\u00fcr eine junge Pilgerin aufregender und abenteuerlicher sein als die Chance<a href=\"https:\/\/www.holyart.de\/blog\/devotionalien\/der-veranstaltungskalender-des-jubilaeums-2025\/\">,<strong> alle Ereignisse und Emotionen des Heiligen Jahres zu erleben<\/strong><\/a>? Luce wurde am 28. Oktober 2024 im Presseb\u00fcro des Heiligen Stuhls von <strong>Bischof Rino Fisichella<\/strong>, dem Pr\u00e4fekten des Dikasteriums f\u00fcr die Evangelisierung, w\u00e4hrend der Pressekonferenz zur Vorstellung der in Rom geplanten kulturellen Veranstaltungen vor der offiziellen Er\u00f6ffnung des Jubil\u00e4ums und des Pavillons des Heiligen Stuhls auf der Expo Osaka 2025 vorgestellt. Diese Figur wurde von dem r\u00f6mischen Illustrator Simone Legno, dem Gr\u00fcnder der Marke Tokidoki, geschaffen und stellt einen jungen katholischen Pilger in einem Stil dar, der stark an japanische Manga- und <em>Anime<\/em>-Figuren erinnert. Luce zeichnet sich durch blaue Haare, gro\u00dfe, leuchtende Augen und ein Outfit aus, das die spirituelle Reise symbolisiert: Sie tr\u00e4gt einen gelben K-Way, schlammige Stiefel und hat einen Pilgerstab und einen Rosenkranz dabei.<\/p>\n<div class=\"link-product\">\n<div class=\"blocco-immagine\"><img loading=\"lazy\" decoding=\"async\" class=\"alignnone size-full wp-image-5719\" src=\"https:\/\/blog.holyart.it\/de\/wp-content\/uploads\/sites\/12\/2025\/02\/Luce-Offizielles-Maskottchen-des-Jubilaeums-2025.jpg\" alt=\"Luce Offizielles Maskottchen des Jubil\u00e4ums 2025\" width=\"100\" height=\"100\" data-kale-share-title=\"Luce, das Maskottchen des Jubil\u00e4ums 2025: ein Symbol f\u00fcr alle Pilger\" data-kale-share-url=\"https:\/\/blog.holyart.it\/de\/?p=5716\" \/><\/div>\n<div class=\"blocco-contenuto\">\n<div class=\"blocco-acquista\">Einkaufen:<\/div>\n<div class=\"blocco-titolo\"><a href=\"https:\/\/www.holyart.de\/jubilaum-der-barmherzigkeit\/luce-offizielles-maskottchen-des-jubilaums-2025?page=1\">Luce Offizielles Maskottchen des Jubil\u00e4ums 2025<\/a><\/div>\n<div class=\"blocco-descrizione\">Luce Offizielles Maskottchen des Jubil\u00e4ums 2025 Tokidoki Pl\u00fcschtier<\/div>\n<\/div>\n<\/div>\n<h2>Die Bedeutung von Luce, dem Maskottchen des Jubil\u00e4ums<\/h2>\n<p><strong><a href=\"https:\/\/www.holyart.de\/jubilaum-der-barmherzigkeit\/luce-offizielles-maskottchen-des-jubilaums-2025\/luce-offizielles-maskottchen-des-jubilaums-2025-pluschfigur-25-cm-tokidoki\">Der gelbe Regenmantel<\/a><\/strong>, den Luce tr\u00e4gt, erinnert an <strong>die Farben der Flagge der Vatikanstadt<\/strong>: gelb am Mast und wei\u00df am Kl\u00f6ppel. Diese Wahl ist nicht zuf\u00e4llig. Der Regenmantel von Luce und ihre schlammigen Stiefel stehen f\u00fcr <strong>die Herausforderungen auf dem Weg eines jeden Christen<\/strong>, f\u00fcr die Reise durch die St\u00fcrme des Lebens. Eine Reise, auf der Luce nicht allein ist: Das <strong>Missionskreuz<\/strong> um ihren Hals und der <strong>Rosenkranz<\/strong> sind Elemente, die ihre christliche Identit\u00e4t unterstreichen und ihr Mut und Enthusiasmus im Angesicht der t\u00e4glichen Herausforderungen verleihen. Dieser Enthusiasmus zeigt sich auch in ihren <strong>leuchtenden Augen<\/strong>, in denen eine Muschel stilisiert ist, das traditionelle Symbol des <a href=\"https:\/\/www.holyart.de\/blog\/devotionalien\/der-jakobsweg-geschichte-und-kuriositaeten-eines-der-beruehmtesten-religioesen-wege\/\"><strong>Jakobsweges von Compostela<\/strong><\/a>. Dieses Detail steht f\u00fcr die <strong>Hoffnung<\/strong>, die diese Figur wecken soll, f\u00fcr den Wunsch nach Spiritualit\u00e4t und nach Verbindung mit dem G\u00f6ttlichen, ganz im Sinne der Botschaft des Jubil\u00e4ums f\u00fcr den universellen Frieden, die in seinem Logo zum Ausdruck kommt: <strong><a href=\"https:\/\/www.holyart.de\/blog\/devotionalien\/die-bedeutung-des-jubilaeumslogos-2025-pilger-der-hoffnung\/\">Pilger der Hoffnung<\/a><\/strong>.<\/p>\n<p><strong><a href=\"https:\/\/www.holyart.de\/jubilaum-der-barmherzigkeit\/luce-offizielles-maskottchen-des-jubilaums-2025\/figur-luce-und-santino-maskottchen-des-jubilaums-2025-acryl\">Das Design von Luce<\/a><\/strong> soll <strong>junge Menschen ansprechen<\/strong> und vermischt daher Elemente der Popkultur mit Botschaften des Willkommens und der Hoffnung. Das Maskottchen repr\u00e4sentiert nicht nur das Jubil\u00e4um, sondern wird auch zu einem <strong>Symbol der Gemeinschaft und des Dialogs zwischen den Generationen<\/strong>.<\/p>\n<div class=\"sp-styles-warning\" style=\"width: 450px; background-color: #FFF; color: #F00; border: 1px solid #F00; padding: 10px; font-size: 14px;\">\n\t\t\t<span style=\"font-weight: bold;\">Warning: The stylesheets were not loaded!<\/span> \n\t\t\tYou will need to change the <i>Load stylesheets<\/i> setting from <i>Automatically<\/i> to <i>On homepage<\/i> or <i>On all pages<\/i>. \n\t\t\tYou can set that <a style=\"text-decoration: underline; color: #F00;\" href=\"https:\/\/blog.holyart.it\/de\/wp-admin\/admin.php?page=sliderpro-settings\">here<\/a>.\n\t\t\t<\/div>\r\n<div id=\"slider-pro-107\" class=\"slider-pro sp-no-js\" style=\"width: 500px; height: 500px;\">\r\n\t<div class=\"sp-slides\">\r\n\t\t\r\n\t\t<div class=\"sp-slide\">\r\n\t\t\t<img loading=\"lazy\" decoding=\"async\" class=\"sp-image\" src=\"https:\/\/blog.holyart.it\/de\/wp-content\/uploads\/sites\/12\/2025\/02\/Luce-offizielles-Maskottchen-des-Jubilaeums-2025.jpg\" alt=\"Luce, offizielles Maskottchen des Jubil\u00e4ums 2025\" width=\"500\" height=\"500\" \/>\r\n\t\t\t<div class=\"sp-thumbnail\"><a class=\"\" href=\"https:\/\/www.holyart.de\/jubilaum-der-barmherzigkeit\/luce-offizielles-maskottchen-des-jubilaums-2025\/luce-offizielles-maskottchen-des-jubilaums-2025-pluschfigur-25-cm-tokidoki\">\r\n\t\t\t\t<img decoding=\"async\" src=\"https:\/\/blog.holyart.it\/de\/wp-content\/uploads\/sites\/12\/2025\/02\/Luce-offizielles-Maskottchen-des-Jubilaeums-2025-Plueschfigur-25-cm-Tokidoki-2.jpg\" alt=\"Luce, offizielles Maskottchen des Jubil\u00e4ums 2025, Pl\u00fcschfigur 25 cm, Tokidoki \" \/>\r\n\t\t\t<\/a>\r\n\t\t\t<\/div>\r\n\t\t\t<div class=\"sp-caption\">Luce, offizielles Maskottchen des Jubil\u00e4ums 2025, Pl\u00fcschfigur 25 cm, Tokidoki  <\/br><strong><a href=\"https:\/\/www.holyart.de\/jubilaum-der-barmherzigkeit\/luce-offizielles-maskottchen-des-jubilaums-2025\/luce-offizielles-maskottchen-des-jubilaums-2025-pluschfigur-25-cm-tokidoki\">Bei Holyart kaufen<\/a><\/strong><\/div>\r\n\t\t<\/div>\r\n\t\t<div class=\"sp-slide\">\r\n\t\t\t<img loading=\"lazy\" decoding=\"async\" class=\"sp-image\" src=\"https:\/\/blog.holyart.it\/de\/wp-content\/uploads\/sites\/12\/2025\/02\/Schluesselanhaenger-Luce-\u2013-Offizielles-Maskottchen-des-Jubilaeums-2025.jpg\" alt=\"Schl\u00fcsselanh\u00e4nger Luce \u2013 Offizielles Maskottchen des Jubil\u00e4ums 2025\" width=\"500\" height=\"500\" \/>\r\n\t\t\t<div class=\"sp-thumbnail\"><a class=\"\" href=\"https:\/\/www.holyart.de\/jubilaum-der-barmherzigkeit\/luce-offizielles-maskottchen-des-jubilaums-2025\/schlusselanhanger-luce---offizielles-maskottchen-des-jubilaums-2025-pluschfigur-10-cm-tokidoki\">\r\n\t\t\t\t<img decoding=\"async\" src=\"https:\/\/blog.holyart.it\/de\/wp-content\/uploads\/sites\/12\/2025\/02\/Schluesselanhaenger-Luce-\u2013-Offizielles-Maskottchen-des-Jubilaeums-2025-Plueschfigur-10-cm-Tokidoki.jpg\" alt=\"Schl\u00fcsselanh\u00e4nger Luce \u2013 Offizielles Maskottchen des Jubil\u00e4ums 2025, Pl\u00fcschfigur 10 cm, Tokidoki \" \/>\r\n\t\t\t<\/a>\r\n\t\t\t<\/div>\r\n\t\t\t<div class=\"sp-caption\">Schl\u00fcsselanh\u00e4nger Luce \u2013 Offizielles Maskottchen des Jubil\u00e4ums 2025, Pl\u00fcschfigur 10 cm, Tokidoki  <\/br><strong><a href=\"https:\/\/www.holyart.de\/jubilaum-der-barmherzigkeit\/luce-offizielles-maskottchen-des-jubilaums-2025\/schlusselanhanger-luce---offizielles-maskottchen-des-jubilaums-2025-pluschfigur-10-cm-tokidoki\">Bei Holyart kaufen<\/a><\/strong><\/div>\r\n\t\t<\/div>\r\n\t\t<div class=\"sp-slide\">\r\n\t\t\t<img loading=\"lazy\" decoding=\"async\" class=\"sp-image\" src=\"https:\/\/blog.holyart.it\/de\/wp-content\/uploads\/sites\/12\/2025\/02\/Figur-Luce-und-Santino-\u2013-Maskottchen-des-Jubilaeums-2025-Acryl-1.jpg\" alt=\"Figur Luce und Santino \u2013 Maskottchen des Jubil\u00e4ums 2025, Acryl\" width=\"500\" height=\"500\" \/>\r\n\t\t\t<div class=\"sp-thumbnail\"><a class=\"\" href=\"https:\/\/www.holyart.de\/jubilaum-der-barmherzigkeit\/luce-offizielles-maskottchen-des-jubilaums-2025\/figur-luce-und-santino-maskottchen-des-jubilaums-2025-acryl\">\r\n\t\t\t\t<img decoding=\"async\" src=\"https:\/\/blog.holyart.it\/de\/wp-content\/uploads\/sites\/12\/2025\/02\/Figur-Luce-und-Santino-\u2013-Maskottchen-des-Jubilaeums-2025-Acryl-2.jpg\" alt=\"Figur Luce und Santino \u2013 Maskottchen des Jubil\u00e4ums 2025, Acryl \" \/>\r\n\t\t\t<\/a>\r\n\t\t\t<\/div>\r\n\t\t\t<div class=\"sp-caption\">Figur Luce und Santino \u2013 Maskottchen des Jubil\u00e4ums 2025, Acryl <\/br><strong><a href=\"https:\/\/www.holyart.de\/jubilaum-der-barmherzigkeit\/luce-offizielles-maskottchen-des-jubilaums-2025\/figur-luce-und-santino-maskottchen-des-jubilaums-2025-acryl\">Bei Holyart kaufen<\/a><\/strong><\/div>\r\n\t\t<\/div>\r\n\t\t<div class=\"sp-slide\">\r\n\t\t\t<img loading=\"lazy\" decoding=\"async\" class=\"sp-image\" src=\"https:\/\/blog.holyart.it\/de\/wp-content\/uploads\/sites\/12\/2025\/02\/Anstecker-Luce-and-Friends-\u2013-Maskottchen-des-Jubilaeums-2025-Acryl-2.jpg\" alt=\"Anstecker Luce and Friends \u2013 Maskottchen des Jubil\u00e4ums 2025, Acryl\" width=\"500\" height=\"500\" \/>\r\n\t\t\t<div class=\"sp-thumbnail\"><a class=\"\" href=\"https:\/\/www.holyart.de\/jubilaum-der-barmherzigkeit\/luce-offizielles-maskottchen-des-jubilaums-2025\/anstecker-luce-and-friends-maskottchen-des-jubilaums-2025-acryl\">\r\n\t\t\t\t<img decoding=\"async\" src=\"https:\/\/blog.holyart.it\/de\/wp-content\/uploads\/sites\/12\/2025\/02\/Anstecker-Luce-and-Friends-\u2013-Maskottchen-des-Jubilaeums-2025-Acryl-1.jpg\" alt=\"Anstecker Luce and Friends \u2013 Maskottchen des Jubil\u00e4ums 2025, Acryl \" \/>\r\n\t\t\t<\/a>\r\n\t\t\t<\/div>\r\n\t\t\t<div class=\"sp-caption\">Anstecker Luce and Friends \u2013 Maskottchen des Jubil\u00e4ums 2025, Acryl<\/br><strong><a href=\"https:\/\/www.holyart.de\/jubilaum-der-barmherzigkeit\/luce-offizielles-maskottchen-des-jubilaums-2025\/anstecker-luce-and-friends-maskottchen-des-jubilaums-2025-acryl\">Bei Holyart kaufen<\/a><\/strong><\/div>\r\n\t\t<\/div>\r\n\t\t<div class=\"sp-slide\">\r\n\t\t\t<img loading=\"lazy\" decoding=\"async\" class=\"sp-image\" src=\"https:\/\/blog.holyart.it\/de\/wp-content\/uploads\/sites\/12\/2025\/02\/Schluesselanhaenger-Luce-and-Friends-\u2013-Jubilaeum-2025-Acryl-5-cm-2.jpg\" alt=\"Schl\u00fcsselanh\u00e4nger Luce and Friends \u2013 Jubil\u00e4um 2025, Acryl, 5 cm\" width=\"500\" height=\"500\" \/>\r\n\t\t\t<div class=\"sp-thumbnail\"><a class=\"\" href=\"https:\/\/www.holyart.de\/jubilaum-der-barmherzigkeit\/luce-offizielles-maskottchen-des-jubilaums-2025\/schlusselanhanger-luce-and-friends-jubilaum-2025-acryl-5-cm\">\r\n\t\t\t\t<img decoding=\"async\" src=\"https:\/\/blog.holyart.it\/de\/wp-content\/uploads\/sites\/12\/2025\/02\/Schluesselanhaenger-Luce-and-Friends-\u2013-Jubilaeum-2025-Acryl-5-cm-1.jpg\" alt=\"Schl\u00fcsselanh\u00e4nger Luce and Friends \u2013 Jubil\u00e4um 2025, Acryl, 5 cm\" \/>\r\n\t\t\t<\/a>\r\n\t\t\t<\/div>\r\n\t\t\t<div class=\"sp-caption\">Schl\u00fcsselanh\u00e4nger Luce and Friends \u2013 Jubil\u00e4um 2025, Acryl, 5 cm<\/br><strong><a href=\"https:\/\/www.holyart.de\/jubilaum-der-barmherzigkeit\/luce-offizielles-maskottchen-des-jubilaums-2025\/schlusselanhanger-luce-and-friends-jubilaum-2025-acryl-5-cm\">Bei Holyart kaufen<\/a><\/strong><\/div>\r\n\t\t<\/div>\r\n\t<\/div>\r\n<\/div>\n<h2>Luce, Pilgerin in der Manga-Version<\/h2>\n<p>W\u00e4hrend der Pressekonferenz, auf der Luce offiziell vorgestellt wurde, betonte Monsignore Fisichella den Wunsch der Kirche, <strong>in der Popkultur zu leben, um junge Menschen anzusprechen<\/strong> und sie durch Symbole und Sprachen, die ihnen vertraut sind, anzusprechen.<\/p>\n<p>Der 1977 in Rom geborene <strong>Simone Legno<\/strong> ist der K\u00fcnstler hinter der Kreation von Luce. Er gr\u00fcndete 2003 Tokidoki, eine Marke, die von der japanischen \u00c4sthetik und der <em>Kawaii<\/em>-Kultur inspiriert ist. Kawaii bedeutet auf Japanisch \u201eniedlich\u201c oder \u201eliebenswert\u201c, ein kulturelles und soziales Ph\u00e4nomen, das sich weltweit verbreitet hat und f\u00fcr eine \u00c4sthetik steht, die S\u00fc\u00dfe, Unschuld und Anbetungsw\u00fcrdigkeit betont und oft mit visuellen Stilen, Verhaltensweisen und Objekten assoziiert wird, die ein Gef\u00fchl der Z\u00e4rtlichkeit und Einfachheit hervorrufen. Wood erkl\u00e4rte, dass es seine Absicht war, eine zeitgem\u00e4\u00dfe Figur zu schaffen, die die Emotionen der neuen Generation ausdr\u00fccken kann. Das Maskottchen wurde als Antwort auf den Bedarf an einer Figur konzipiert, die <strong>das Jubil\u00e4um auf innovative und zug\u00e4ngliche Weise<\/strong> repr\u00e4sentiert.<\/p>\n<p>Luce hat online gemischte Reaktionen hervorgerufen. W\u00e4hrend viele sein frisches und modernes Design sch\u00e4tzen, sind einige Kritiker der Meinung, dass es sich zu weit von der katholischen Tradition entfernt. Einige Nutzer erkannten <strong><a href=\"https:\/\/www.holyart.de\/jubilaum-der-barmherzigkeit\/luce-offizielles-maskottchen-des-jubilaums-2025\/pop-socket-luce-mit-herz-maskottchen-des-jubilaums-2025-fur-smartphones\">in Luce den Stil von Anime- oder Manga-Figuren<\/a><\/strong>, was die asiatischen kulturellen Einfl\u00fcsse hervorhebt. Trotz der Kritik stellt Luce einen bedeutenden Versuch der Kirche dar, junge Menschen durch eine zeitgem\u00e4\u00dfe Sprache anzusprechen.<\/p>\n<div class=\"link-product\">\n<div class=\"blocco-immagine\"><img loading=\"lazy\" decoding=\"async\" class=\"alignnone size-full wp-image-5721\" src=\"https:\/\/blog.holyart.it\/de\/wp-content\/uploads\/sites\/12\/2025\/02\/Pop-Socket-Luce-mit-Herz-\u2013-Maskottchen-des-Jubilaeums-2025-fuer-Smartphones.jpg\" alt=\"Pop-Socket Luce mit Herz \u2013 Maskottchen des Jubil\u00e4ums 2025 f\u00fcr Smartphones \" width=\"100\" height=\"100\" data-kale-share-title=\"Luce, das Maskottchen des Jubil\u00e4ums 2025: ein Symbol f\u00fcr alle Pilger\" data-kale-share-url=\"https:\/\/blog.holyart.it\/de\/?p=5716\" \/><\/div>\n<div class=\"blocco-contenuto\">\n<div class=\"blocco-acquista\">Einkaufen:<\/div>\n<div class=\"blocco-titolo\"><a href=\"https:\/\/www.holyart.de\/jubilaum-der-barmherzigkeit\/luce-offizielles-maskottchen-des-jubilaums-2025\/pop-socket-luce-mit-herz-maskottchen-des-jubilaums-2025-fur-smartphones\">Pop-Socket Luce mit Herz \u2013 Maskottchen des Jubil\u00e4ums 2025 f\u00fcr Smartphones <\/a><\/div>\n<div class=\"blocco-descrizione\">Smartphone-Griff mit der Abbildung von Luce, dem offiziellen Maskottchen des Jubil\u00e4ums 2025 \u2013 Pilger der Hoffnung.<\/div>\n<\/div>\n<\/div>\n<h2>Von der Jubil\u00e4umsfeier zur Osaka Expo 2025<\/h2>\n<p>Luce hatte sein offizielles Deb\u00fct auf der <strong>Lucca Comics &amp; Games 2024<\/strong>, der wichtigsten italienischen Messe f\u00fcr Comics und Illustrationen. Es war das erste Mal, dass ein Dikasterium des Heiligen Stuhls an dieser Messe teilnahm und den Besuchern die M\u00f6glichkeit bot, Luce zu treffen und sich \u00fcber die Aktivit\u00e4ten des Jubil\u00e4ums zu informieren. Der Jubil\u00e4umspavillon wurde im Erzbistum Lucca, Piazzale Mons. Giulio Arrigoni, 2, errichtet.<\/p>\n<p>Luce wird den Heiligen Stuhl auch auf der <strong>Expo 2025 in Osaka<\/strong>, Japan, vom 13. April bis 13. Oktober 2025 vertreten. Hier wird das Maskottchen das Symbol des Pavillons des Heiligen Stuhls sein und die katholische Kirche sowie die <strong>Botschaft der Hoffnung und des Willkommens<\/strong>, die das Jubil\u00e4um vermitteln will, repr\u00e4sentieren. Der Pavillon des Vatikans steht unter dem Motto \u201e<em>Sch\u00f6nheit bringt Hoffnung<\/em>\u201c, weshalb neben Luce auch Caravaggios ber\u00fchmtes Gem\u00e4lde \u201e<strong>Die Absetzung Christi<\/strong>\u201c zu sehen sein wird, das vor\u00fcbergehend von den Vatikanischen Museen ausgeliehen wurde.<\/p>\n<p>\u201e<em>Sch\u00f6nheit ist eine transformierende Kraft, sie ist in der Lage, die Herzen der Menschen zu ber\u00fchren und den Wunsch nach einer besseren Welt zu wecken\u201c<\/em>: so erkl\u00e4rt Bischof Fisichella die Gr\u00fcnde f\u00fcr diese au\u00dfergew\u00f6hnliche Teilnahme.<\/p>\n<div class=\"link-article\">\n<p><img loading=\"lazy\" decoding=\"async\" class=\"alignnone size-full wp-image-5723\" src=\"https:\/\/blog.holyart.it\/de\/wp-content\/uploads\/sites\/12\/2025\/02\/Der-Veranstaltungskalender-des-Jubilaeums-2025.jpg\" alt=\"Der Veranstaltungskalender des Jubil\u00e4ums 2025\" width=\"150\" height=\"100\" data-kale-share-title=\"Luce, das Maskottchen des Jubil\u00e4ums 2025: ein Symbol f\u00fcr alle Pilger\" data-kale-share-url=\"https:\/\/blog.holyart.it\/de\/?p=5716\" \/><\/p>\n<div class=\"leggi-anche\">Lesen Sie auch:<\/div>\n<p><strong><a href=\"https:\/\/www.holyart.de\/blog\/devotionalien\/der-veranstaltungskalender-des-jubilaeums-2025\/\">Der Veranstaltungskalender des Jubil\u00e4ums 2025<\/a><\/strong><br \/>\nDer Veranstaltungskalender f\u00fcr das Jubil\u00e4um 2025 wurde ver\u00f6ffentlicht: zw\u00f6lf Monate mit Veranstaltungen und Gelegenheiten&#8230;<\/p>\n<\/div>\n","protected":false},"excerpt":{"rendered":"<p>Lernen wir Luce kennen, das Maskottchen des Jubil\u00e4ums 2025, eine Figur, die an die \u00c4sthetik japanischer Mangas erinnert und eine neue Offenheit der Kirche gegen\u00fcber der Pop- und Jugendkultur verdeutlicht In den letzten Monaten sind Sie beim Durchbl\u00e4ttern der Zeitungen oder beim Surfen im Internet&hellip;<\/p>\n","protected":false},"author":1,"featured_media":5725,"comment_status":"closed","ping_status":"open","sticky":false,"template":"","format":"standard","meta":{"_acf_changed":false,"footnotes":""},"categories":[17],"tags":[],"class_list":["post-5716","post","type-post","status-publish","format-standard","has-post-thumbnail","hentry","category-jubilaeum-2025"],"acf":[],"yoast_head":"<!-- This site is optimized with the Yoast SEO plugin v26.6 - https:\/\/yoast.com\/wordpress\/plugins\/seo\/ -->\n<title>Luce, das Maskottchen des Jubil\u00e4ums 2025: ein Symbol f\u00fcr alle Pilger - Holyart.de Blog<\/title>\n<meta name=\"description\" content=\"Luce, das Maskottchen des Jubil\u00e4ums 2025, verk\u00f6rpert alle Pilger, die die Ereignisse des Heiligen Jahres miterleben und sich auf den Weg des Lebens begeben wollen.\" \/>\n<meta name=\"robots\" content=\"index, follow, max-snippet:-1, max-image-preview:large, max-video-preview:-1\" \/>\n<link rel=\"canonical\" href=\"https:\/\/blog.holyart.it\/de\/jubilaeum-2025\/luce-das-maskottchen-des-jubilaeums-2025-ein-symbol-fuer-alle-pilger\/\" \/>\n<meta property=\"og:locale\" content=\"de_DE\" \/>\n<meta property=\"og:type\" content=\"article\" \/>\n<meta property=\"og:title\" content=\"Luce, das Maskottchen des Jubil\u00e4ums 2025: ein Symbol f\u00fcr alle Pilger - Holyart.de Blog\" \/>\n<meta property=\"og:description\" content=\"Luce, das Maskottchen des Jubil\u00e4ums 2025, verk\u00f6rpert alle Pilger, die die Ereignisse des Heiligen Jahres miterleben und sich auf den Weg des Lebens begeben wollen.\" \/>\n<meta property=\"og:url\" content=\"https:\/\/blog.holyart.it\/de\/jubilaeum-2025\/luce-das-maskottchen-des-jubilaeums-2025-ein-symbol-fuer-alle-pilger\/\" \/>\n<meta property=\"og:site_name\" content=\"Holyart.de Blog\" \/>\n<meta property=\"article:published_time\" content=\"2025-02-21T09:00:30+00:00\" \/>\n<meta property=\"article:modified_time\" content=\"2025-07-17T15:49:00+00:00\" \/>\n<meta property=\"og:image\" content=\"https:\/\/blog.holyart.it\/de\/wp-content\/uploads\/sites\/12\/2025\/02\/Luce-das-Maskottchen-des-Jubilaeums-2025.jpg\" \/>\n\t<meta property=\"og:image:width\" content=\"1000\" \/>\n\t<meta property=\"og:image:height\" content=\"666\" \/>\n\t<meta property=\"og:image:type\" content=\"image\/jpeg\" \/>\n<meta name=\"author\" content=\"Redazione\" \/>\n<meta name=\"twitter:card\" content=\"summary_large_image\" \/>\n<meta name=\"twitter:label1\" content=\"Verfasst von\" \/>\n\t<meta name=\"twitter:data1\" content=\"Redazione\" \/>\n\t<meta name=\"twitter:label2\" content=\"Gesch\u00e4tzte Lesezeit\" \/>\n\t<meta name=\"twitter:data2\" content=\"6\u00a0Minuten\" \/>\n<script type=\"application\/ld+json\" class=\"yoast-schema-graph\">{\"@context\":\"https:\/\/schema.org\",\"@graph\":[{\"@type\":\"Article\",\"@id\":\"https:\/\/blog.holyart.it\/de\/jubilaeum-2025\/luce-das-maskottchen-des-jubilaeums-2025-ein-symbol-fuer-alle-pilger\/#article\",\"isPartOf\":{\"@id\":\"https:\/\/blog.holyart.it\/de\/jubilaeum-2025\/luce-das-maskottchen-des-jubilaeums-2025-ein-symbol-fuer-alle-pilger\/\"},\"author\":{\"name\":\"Redazione\",\"@id\":\"https:\/\/blog.holyart.it\/de\/#\/schema\/person\/0a7b686e5af0f856ec1e390dd0baecda\"},\"headline\":\"Luce, das Maskottchen des Jubil\u00e4ums 2025: ein Symbol f\u00fcr alle Pilger\",\"datePublished\":\"2025-02-21T09:00:30+00:00\",\"dateModified\":\"2025-07-17T15:49:00+00:00\",\"mainEntityOfPage\":{\"@id\":\"https:\/\/blog.holyart.it\/de\/jubilaeum-2025\/luce-das-maskottchen-des-jubilaeums-2025-ein-symbol-fuer-alle-pilger\/\"},\"wordCount\":989,\"publisher\":{\"@id\":\"https:\/\/blog.holyart.it\/de\/#organization\"},\"image\":{\"@id\":\"https:\/\/blog.holyart.it\/de\/jubilaeum-2025\/luce-das-maskottchen-des-jubilaeums-2025-ein-symbol-fuer-alle-pilger\/#primaryimage\"},\"thumbnailUrl\":\"https:\/\/blog.holyart.it\/de\/wp-content\/uploads\/sites\/12\/2025\/02\/Luce-das-Maskottchen-des-Jubilaeums-2025.jpg\",\"articleSection\":[\"Jubil\u00e4um 2025\"],\"inLanguage\":\"de\"},{\"@type\":\"WebPage\",\"@id\":\"https:\/\/blog.holyart.it\/de\/jubilaeum-2025\/luce-das-maskottchen-des-jubilaeums-2025-ein-symbol-fuer-alle-pilger\/\",\"url\":\"https:\/\/blog.holyart.it\/de\/jubilaeum-2025\/luce-das-maskottchen-des-jubilaeums-2025-ein-symbol-fuer-alle-pilger\/\",\"name\":\"Luce, das Maskottchen des Jubil\u00e4ums 2025: ein Symbol f\u00fcr alle Pilger - Holyart.de Blog\",\"isPartOf\":{\"@id\":\"https:\/\/blog.holyart.it\/de\/#website\"},\"primaryImageOfPage\":{\"@id\":\"https:\/\/blog.holyart.it\/de\/jubilaeum-2025\/luce-das-maskottchen-des-jubilaeums-2025-ein-symbol-fuer-alle-pilger\/#primaryimage\"},\"image\":{\"@id\":\"https:\/\/blog.holyart.it\/de\/jubilaeum-2025\/luce-das-maskottchen-des-jubilaeums-2025-ein-symbol-fuer-alle-pilger\/#primaryimage\"},\"thumbnailUrl\":\"https:\/\/blog.holyart.it\/de\/wp-content\/uploads\/sites\/12\/2025\/02\/Luce-das-Maskottchen-des-Jubilaeums-2025.jpg\",\"datePublished\":\"2025-02-21T09:00:30+00:00\",\"dateModified\":\"2025-07-17T15:49:00+00:00\",\"description\":\"Luce, das Maskottchen des Jubil\u00e4ums 2025, verk\u00f6rpert alle Pilger, die die Ereignisse des Heiligen Jahres miterleben und sich auf den Weg des Lebens begeben wollen.\",\"breadcrumb\":{\"@id\":\"https:\/\/blog.holyart.it\/de\/jubilaeum-2025\/luce-das-maskottchen-des-jubilaeums-2025-ein-symbol-fuer-alle-pilger\/#breadcrumb\"},\"inLanguage\":\"de\",\"potentialAction\":[{\"@type\":\"ReadAction\",\"target\":[\"https:\/\/blog.holyart.it\/de\/jubilaeum-2025\/luce-das-maskottchen-des-jubilaeums-2025-ein-symbol-fuer-alle-pilger\/\"]}]},{\"@type\":\"ImageObject\",\"inLanguage\":\"de\",\"@id\":\"https:\/\/blog.holyart.it\/de\/jubilaeum-2025\/luce-das-maskottchen-des-jubilaeums-2025-ein-symbol-fuer-alle-pilger\/#primaryimage\",\"url\":\"https:\/\/blog.holyart.it\/de\/wp-content\/uploads\/sites\/12\/2025\/02\/Luce-das-Maskottchen-des-Jubilaeums-2025.jpg\",\"contentUrl\":\"https:\/\/blog.holyart.it\/de\/wp-content\/uploads\/sites\/12\/2025\/02\/Luce-das-Maskottchen-des-Jubilaeums-2025.jpg\",\"width\":1000,\"height\":666,\"caption\":\"Luce, das Maskottchen des Jubil\u00e4ums 2025\"},{\"@type\":\"BreadcrumbList\",\"@id\":\"https:\/\/blog.holyart.it\/de\/jubilaeum-2025\/luce-das-maskottchen-des-jubilaeums-2025-ein-symbol-fuer-alle-pilger\/#breadcrumb\",\"itemListElement\":[{\"@type\":\"ListItem\",\"position\":1,\"name\":\"Homepage\",\"item\":\"https:\/\/blog.holyart.it\/de\/\"},{\"@type\":\"ListItem\",\"position\":2,\"name\":\"Jubil\u00e4um 2025\",\"item\":\"https:\/\/blog.holyart.it\/de\/jubilaeum-2025\/\"},{\"@type\":\"ListItem\",\"position\":3,\"name\":\"Luce, das Maskottchen des Jubil\u00e4ums 2025: ein Symbol f\u00fcr alle Pilger\"}]},{\"@type\":\"WebSite\",\"@id\":\"https:\/\/blog.holyart.it\/de\/#website\",\"url\":\"https:\/\/blog.holyart.it\/de\/\",\"name\":\"Holyart.de Blog\",\"description\":\"Holyblog\",\"publisher\":{\"@id\":\"https:\/\/blog.holyart.it\/de\/#organization\"},\"potentialAction\":[{\"@type\":\"SearchAction\",\"target\":{\"@type\":\"EntryPoint\",\"urlTemplate\":\"https:\/\/blog.holyart.it\/de\/?s={search_term_string}\"},\"query-input\":{\"@type\":\"PropertyValueSpecification\",\"valueRequired\":true,\"valueName\":\"search_term_string\"}}],\"inLanguage\":\"de\"},{\"@type\":\"Organization\",\"@id\":\"https:\/\/blog.holyart.it\/de\/#organization\",\"name\":\"Holyart.de Blog\",\"url\":\"https:\/\/blog.holyart.it\/de\/\",\"logo\":{\"@type\":\"ImageObject\",\"inLanguage\":\"de\",\"@id\":\"https:\/\/blog.holyart.it\/de\/#\/schema\/logo\/image\/\",\"url\":\"https:\/\/blog.holyart.it\/de\/wp-content\/uploads\/sites\/12\/2022\/12\/Holyart_Blog_Logo.jpg\",\"contentUrl\":\"https:\/\/blog.holyart.it\/de\/wp-content\/uploads\/sites\/12\/2022\/12\/Holyart_Blog_Logo.jpg\",\"width\":300,\"height\":50,\"caption\":\"Holyart.de Blog\"},\"image\":{\"@id\":\"https:\/\/blog.holyart.it\/de\/#\/schema\/logo\/image\/\"}},{\"@type\":\"Person\",\"@id\":\"https:\/\/blog.holyart.it\/de\/#\/schema\/person\/0a7b686e5af0f856ec1e390dd0baecda\",\"name\":\"Redazione\",\"image\":{\"@type\":\"ImageObject\",\"inLanguage\":\"de\",\"@id\":\"https:\/\/blog.holyart.it\/de\/#\/schema\/person\/image\/\",\"url\":\"https:\/\/secure.gravatar.com\/avatar\/f477da817f43e50d0af36abecd33e3edf826c68299714bdc1057dff3b113f516?s=96&d=mm&r=g\",\"contentUrl\":\"https:\/\/secure.gravatar.com\/avatar\/f477da817f43e50d0af36abecd33e3edf826c68299714bdc1057dff3b113f516?s=96&d=mm&r=g\",\"caption\":\"Redazione\"}}]}<\/script>\n<!-- \/ Yoast SEO plugin. -->","yoast_head_json":{"title":"Luce, das Maskottchen des Jubil\u00e4ums 2025: ein Symbol f\u00fcr alle Pilger - Holyart.de Blog","description":"Luce, das Maskottchen des Jubil\u00e4ums 2025, verk\u00f6rpert alle Pilger, die die Ereignisse des Heiligen Jahres miterleben und sich auf den Weg des Lebens begeben wollen.","robots":{"index":"index","follow":"follow","max-snippet":"max-snippet:-1","max-image-preview":"max-image-preview:large","max-video-preview":"max-video-preview:-1"},"canonical":"https:\/\/blog.holyart.it\/de\/jubilaeum-2025\/luce-das-maskottchen-des-jubilaeums-2025-ein-symbol-fuer-alle-pilger\/","og_locale":"de_DE","og_type":"article","og_title":"Luce, das Maskottchen des Jubil\u00e4ums 2025: ein Symbol f\u00fcr alle Pilger - Holyart.de Blog","og_description":"Luce, das Maskottchen des Jubil\u00e4ums 2025, verk\u00f6rpert alle Pilger, die die Ereignisse des Heiligen Jahres miterleben und sich auf den Weg des Lebens begeben wollen.","og_url":"https:\/\/blog.holyart.it\/de\/jubilaeum-2025\/luce-das-maskottchen-des-jubilaeums-2025-ein-symbol-fuer-alle-pilger\/","og_site_name":"Holyart.de Blog","article_published_time":"2025-02-21T09:00:30+00:00","article_modified_time":"2025-07-17T15:49:00+00:00","og_image":[{"width":1000,"height":666,"url":"https:\/\/blog.holyart.it\/de\/wp-content\/uploads\/sites\/12\/2025\/02\/Luce-das-Maskottchen-des-Jubilaeums-2025.jpg","type":"image\/jpeg"}],"author":"Redazione","twitter_card":"summary_large_image","twitter_misc":{"Verfasst von":"Redazione","Gesch\u00e4tzte Lesezeit":"6\u00a0Minuten"},"schema":{"@context":"https:\/\/schema.org","@graph":[{"@type":"Article","@id":"https:\/\/blog.holyart.it\/de\/jubilaeum-2025\/luce-das-maskottchen-des-jubilaeums-2025-ein-symbol-fuer-alle-pilger\/#article","isPartOf":{"@id":"https:\/\/blog.holyart.it\/de\/jubilaeum-2025\/luce-das-maskottchen-des-jubilaeums-2025-ein-symbol-fuer-alle-pilger\/"},"author":{"name":"Redazione","@id":"https:\/\/blog.holyart.it\/de\/#\/schema\/person\/0a7b686e5af0f856ec1e390dd0baecda"},"headline":"Luce, das Maskottchen des Jubil\u00e4ums 2025: ein Symbol f\u00fcr alle Pilger","datePublished":"2025-02-21T09:00:30+00:00","dateModified":"2025-07-17T15:49:00+00:00","mainEntityOfPage":{"@id":"https:\/\/blog.holyart.it\/de\/jubilaeum-2025\/luce-das-maskottchen-des-jubilaeums-2025-ein-symbol-fuer-alle-pilger\/"},"wordCount":989,"publisher":{"@id":"https:\/\/blog.holyart.it\/de\/#organization"},"image":{"@id":"https:\/\/blog.holyart.it\/de\/jubilaeum-2025\/luce-das-maskottchen-des-jubilaeums-2025-ein-symbol-fuer-alle-pilger\/#primaryimage"},"thumbnailUrl":"https:\/\/blog.holyart.it\/de\/wp-content\/uploads\/sites\/12\/2025\/02\/Luce-das-Maskottchen-des-Jubilaeums-2025.jpg","articleSection":["Jubil\u00e4um 2025"],"inLanguage":"de"},{"@type":"WebPage","@id":"https:\/\/blog.holyart.it\/de\/jubilaeum-2025\/luce-das-maskottchen-des-jubilaeums-2025-ein-symbol-fuer-alle-pilger\/","url":"https:\/\/blog.holyart.it\/de\/jubilaeum-2025\/luce-das-maskottchen-des-jubilaeums-2025-ein-symbol-fuer-alle-pilger\/","name":"Luce, das Maskottchen des Jubil\u00e4ums 2025: ein Symbol f\u00fcr alle Pilger - Holyart.de Blog","isPartOf":{"@id":"https:\/\/blog.holyart.it\/de\/#website"},"primaryImageOfPage":{"@id":"https:\/\/blog.holyart.it\/de\/jubilaeum-2025\/luce-das-maskottchen-des-jubilaeums-2025-ein-symbol-fuer-alle-pilger\/#primaryimage"},"image":{"@id":"https:\/\/blog.holyart.it\/de\/jubilaeum-2025\/luce-das-maskottchen-des-jubilaeums-2025-ein-symbol-fuer-alle-pilger\/#primaryimage"},"thumbnailUrl":"https:\/\/blog.holyart.it\/de\/wp-content\/uploads\/sites\/12\/2025\/02\/Luce-das-Maskottchen-des-Jubilaeums-2025.jpg","datePublished":"2025-02-21T09:00:30+00:00","dateModified":"2025-07-17T15:49:00+00:00","description":"Luce, das Maskottchen des Jubil\u00e4ums 2025, verk\u00f6rpert alle Pilger, die die Ereignisse des Heiligen Jahres miterleben und sich auf den Weg des Lebens begeben wollen.","breadcrumb":{"@id":"https:\/\/blog.holyart.it\/de\/jubilaeum-2025\/luce-das-maskottchen-des-jubilaeums-2025-ein-symbol-fuer-alle-pilger\/#breadcrumb"},"inLanguage":"de","potentialAction":[{"@type":"ReadAction","target":["https:\/\/blog.holyart.it\/de\/jubilaeum-2025\/luce-das-maskottchen-des-jubilaeums-2025-ein-symbol-fuer-alle-pilger\/"]}]},{"@type":"ImageObject","inLanguage":"de","@id":"https:\/\/blog.holyart.it\/de\/jubilaeum-2025\/luce-das-maskottchen-des-jubilaeums-2025-ein-symbol-fuer-alle-pilger\/#primaryimage","url":"https:\/\/blog.holyart.it\/de\/wp-content\/uploads\/sites\/12\/2025\/02\/Luce-das-Maskottchen-des-Jubilaeums-2025.jpg","contentUrl":"https:\/\/blog.holyart.it\/de\/wp-content\/uploads\/sites\/12\/2025\/02\/Luce-das-Maskottchen-des-Jubilaeums-2025.jpg","width":1000,"height":666,"caption":"Luce, das Maskottchen des Jubil\u00e4ums 2025"},{"@type":"BreadcrumbList","@id":"https:\/\/blog.holyart.it\/de\/jubilaeum-2025\/luce-das-maskottchen-des-jubilaeums-2025-ein-symbol-fuer-alle-pilger\/#breadcrumb","itemListElement":[{"@type":"ListItem","position":1,"name":"Homepage","item":"https:\/\/blog.holyart.it\/de\/"},{"@type":"ListItem","position":2,"name":"Jubil\u00e4um 2025","item":"https:\/\/blog.holyart.it\/de\/jubilaeum-2025\/"},{"@type":"ListItem","position":3,"name":"Luce, das Maskottchen des Jubil\u00e4ums 2025: ein Symbol f\u00fcr alle Pilger"}]},{"@type":"WebSite","@id":"https:\/\/blog.holyart.it\/de\/#website","url":"https:\/\/blog.holyart.it\/de\/","name":"Holyart.de Blog","description":"Holyblog","publisher":{"@id":"https:\/\/blog.holyart.it\/de\/#organization"},"potentialAction":[{"@type":"SearchAction","target":{"@type":"EntryPoint","urlTemplate":"https:\/\/blog.holyart.it\/de\/?s={search_term_string}"},"query-input":{"@type":"PropertyValueSpecification","valueRequired":true,"valueName":"search_term_string"}}],"inLanguage":"de"},{"@type":"Organization","@id":"https:\/\/blog.holyart.it\/de\/#organization","name":"Holyart.de Blog","url":"https:\/\/blog.holyart.it\/de\/","logo":{"@type":"ImageObject","inLanguage":"de","@id":"https:\/\/blog.holyart.it\/de\/#\/schema\/logo\/image\/","url":"https:\/\/blog.holyart.it\/de\/wp-content\/uploads\/sites\/12\/2022\/12\/Holyart_Blog_Logo.jpg","contentUrl":"https:\/\/blog.holyart.it\/de\/wp-content\/uploads\/sites\/12\/2022\/12\/Holyart_Blog_Logo.jpg","width":300,"height":50,"caption":"Holyart.de Blog"},"image":{"@id":"https:\/\/blog.holyart.it\/de\/#\/schema\/logo\/image\/"}},{"@type":"Person","@id":"https:\/\/blog.holyart.it\/de\/#\/schema\/person\/0a7b686e5af0f856ec1e390dd0baecda","name":"Redazione","image":{"@type":"ImageObject","inLanguage":"de","@id":"https:\/\/blog.holyart.it\/de\/#\/schema\/person\/image\/","url":"https:\/\/secure.gravatar.com\/avatar\/f477da817f43e50d0af36abecd33e3edf826c68299714bdc1057dff3b113f516?s=96&d=mm&r=g","contentUrl":"https:\/\/secure.gravatar.com\/avatar\/f477da817f43e50d0af36abecd33e3edf826c68299714bdc1057dff3b113f516?s=96&d=mm&r=g","caption":"Redazione"}}]}},"_links":{"self":[{"href":"https:\/\/blog.holyart.it\/de\/wp-json\/wp\/v2\/posts\/5716","targetHints":{"allow":["GET"]}}],"collection":[{"href":"https:\/\/blog.holyart.it\/de\/wp-json\/wp\/v2\/posts"}],"about":[{"href":"https:\/\/blog.holyart.it\/de\/wp-json\/wp\/v2\/types\/post"}],"author":[{"embeddable":true,"href":"https:\/\/blog.holyart.it\/de\/wp-json\/wp\/v2\/users\/1"}],"replies":[{"embeddable":true,"href":"https:\/\/blog.holyart.it\/de\/wp-json\/wp\/v2\/comments?post=5716"}],"version-history":[{"count":10,"href":"https:\/\/blog.holyart.it\/de\/wp-json\/wp\/v2\/posts\/5716\/revisions"}],"predecessor-version":[{"id":5742,"href":"https:\/\/blog.holyart.it\/de\/wp-json\/wp\/v2\/posts\/5716\/revisions\/5742"}],"wp:featuredmedia":[{"embeddable":true,"href":"https:\/\/blog.holyart.it\/de\/wp-json\/wp\/v2\/media\/5725"}],"wp:attachment":[{"href":"https:\/\/blog.holyart.it\/de\/wp-json\/wp\/v2\/media?parent=5716"}],"wp:term":[{"taxonomy":"category","embeddable":true,"href":"https:\/\/blog.holyart.it\/de\/wp-json\/wp\/v2\/categories?post=5716"},{"taxonomy":"post_tag","embeddable":true,"href":"https:\/\/blog.holyart.it\/de\/wp-json\/wp\/v2\/tags?post=5716"}],"curies":[{"name":"wp","href":"https:\/\/api.w.org\/{rel}","templated":true}]}}