{"id":5657,"date":"2025-03-26T09:54:20","date_gmt":"2025-03-26T08:54:20","guid":{"rendered":"https:\/\/blog.holyart.it\/de\/?p=5657"},"modified":"2025-07-17T17:41:37","modified_gmt":"2025-07-17T15:41:37","slug":"die-geschichte-von-pontius-pilatus-und-seine-beteiligung-an-der-verurteilung-von-jesus","status":"publish","type":"post","link":"https:\/\/blog.holyart.it\/de\/devotionalien\/die-geschichte-von-pontius-pilatus-und-seine-beteiligung-an-der-verurteilung-von-jesus\/","title":{"rendered":"Die Geschichte von Pontius Pilatus und seine Beteiligung an der Verurteilung von Jesus"},"content":{"rendered":"<h4>Pontius Pilatus, eine umstrittene bis tragische Figur, ist als der Mann in die Geschichte eingegangen, der Jesus zum Tode verurteilt hat. Aber wer war er wirklich? Lernen wir ihn kennen, zwischen historischer Realit\u00e4t und der Geschichte des Evangeliums<\/h4>\n\n<p>Es gibt viele Figuren, die in der <strong>Geschichte des Leidens und Sterben Christi <\/strong>auftauchen. Denken wir an <strong><a href=\"https:\/\/www.holyart.de\/blog\/devotionalien\/simon-von-cyrene-der-mann-der-jesus-half-das-kreuz-zu-tragen\/\">Simon von Cyrene<\/a><\/strong>, den Mann, der Jesus half, das Kreuz auf den Gipfel von Golgatha zu tragen, an <strong><a href=\"https:\/\/www.holyart.de\/blog\/devotionalien\/der-heilige-dismas-der-reuige-dieb-der-in-den-himmel-gekommen-ist\/\">Dismas<\/a><\/strong>, einen der beiden Diebe, dem im Augenblick des Todes vergeben wurde und der ins Paradies aufgenommen wurde, an <strong><a href=\"https:\/\/www.holyart.de\/blog\/heilige-und-selige\/fromme-frauen-die-drei-marias-die-unter-dem-kreuz-jesu-anwesend-waren\/\">die drei frommen Frauen<\/a><\/strong>, die sich am Fu\u00dfe des Kreuzes versammelt hatten, um zu weinen. Andere Figuren werden in den <strong><a href=\"https:\/\/www.holyart.de\/devotionalien\/italienische-christliche-bucher\/evangelien-in-italienischer-sprache?page=1\">Evangelien<\/a> <\/strong>mehr oder weniger ausf\u00fchrlich erw\u00e4hnt, aber eine hat im Laufe der Jahrhunderte ein wirklich tragisches Schicksal erlitten. Die Rede ist von <strong>Pontius Pilatus<\/strong>, dem r\u00f6mischen Pr\u00e4fekten in Jud\u00e4a, der Jesus nach dem Matth\u00e4us-Evangelium zum <strong><a href=\"https:\/\/www.holyart.de\/blog\/devotionalien\/warum-ist-jesus-am-kreuz-ein-so-wichtiges-symbol-fuer-die-katholiken\/\">Tode verurteilt hat.<\/a><\/strong><\/p>\n<p>Die Tragik des Pontius Pilatus liegt gerade in seiner offensichtlichen Ahnungslosigkeit, in der Leichtigkeit, mit der er es vorzog, das Schicksal des Mannes, der sich seiner Meinung nach nur sinnloser Ausschweifungen schuldig gemacht hatte, dem Sanhedrin, dem j\u00fcdischen Justizorgan, zu \u00fcberlassen, f\u00fcr das Jesus wegen Gottesl\u00e4sterung verurteilt werden sollte.<\/p>\n<div class=\"link-article\">\n<p><img loading=\"lazy\" decoding=\"async\" class=\"size-full wp-image-5660 alignleft\" src=\"https:\/\/blog.holyart.it\/de\/wp-content\/uploads\/sites\/12\/2025\/02\/Fromme-Frauen.jpeg\" alt=\"fromme frauen\" width=\"150\" height=\"100\" data-kale-share-title=\"Die Geschichte von Pontius Pilatus und seine Beteiligung an der Verurteilung von Jesus\" data-kale-share-url=\"https:\/\/blog.holyart.it\/de\/?p=5657\" \/><\/p>\n<div class=\"leggi-anche\">Lesen Sie auch:<\/div>\n<p><strong><a href=\"https:\/\/www.holyart.de\/blog\/heilige-und-selige\/fromme-frauen-die-drei-marias-die-unter-dem-kreuz-jesu-anwesend-waren\/\">Fromme Frauen: die drei Marias, die unter dem Kreuz Jesu anwesend waren<\/a><\/strong><br \/>\nDie Jungfrau Maria, Maria Kleophas und Maria Magdalena<\/p>\n<\/div>\n<p>Wie so oft in den Erz\u00e4hlungen der Evangelien m\u00fcssen wir jedoch ber\u00fccksichtigen, dass einige Aspekte des Berichts \u00fcber den Prozess Jesu nicht wirklich historisch sind, sondern einen symbolischen und didaktischen Charakter haben. So ist zum Beispiel die ber\u00fchmte Geste des <strong>Pilatus<\/strong>, <strong>der sich die H\u00e4nde w\u00e4scht<\/strong> und damit erkl\u00e4rt, dass er an der Verurteilung keinen Anteil haben will, sehr theatralisch, aber mit Sicherheit erfunden, wie der Evangelist Matth\u00e4us schreibt: \u201e<em>Als Pilatus sah, dass er nicht weiterkam, ja, dass der Tumult immer gr\u00f6\u00dfer wurde, nahm er Wasser und wusch sich vor der Menge die H\u00e4nde und sagte: &#8218;Ich bin f\u00fcr dieses Blut nicht verantwortlich. K\u00fcmmert ihr euch darum<\/em>\u201c (Matth\u00e4us 27,24). Diese Geste geh\u00f6rte in keiner Weise zur r\u00f6mischen Kultur, und es ist fast sicher, dass sie nicht so stattgefunden hat, aber diese Geste steht im Zusammenhang mit dem n\u00e4chsten Abschnitt des Evangeliums, in dem der Evangelist die Menschen, die sich als Zeugen des Prozesses versammelt hatten, sagen l\u00e4sst: \u201e<em>Und das ganze Volk antwortete: \u201aSein Blut komme \u00fcber uns und unsere Kinder\u2018<\/em>\u201c (Matth\u00e4us 27,25).<\/p>\n<p>Es handelt sich also um die Dramatisierung eines Ereignisses, das an sich schon sehr dramatisch war, da <strong><a href=\"https:\/\/www.holyart.de\/besondere-anlasse\/passionskrippe\/szene-kreuzigung-mit-soldat-und-maria-fur-9-cm-krippe\">der Prozess und die Verurteilung eines Menschen<\/a><\/strong> in einer Zeit, in der solche Verurteilungen an der Tagesordnung waren, vor allem in einem besetzten Land wie Jud\u00e4a unter r\u00f6mischer Herrschaft, durchaus \u00fcblich waren. Doch was die Geschichte noch tragischer macht, ist die Figur des Pontius Pilatus, eines Mannes, der der j\u00fcdischen Kultur und Religion, der Jesus angeh\u00f6rte und von der er verurteilt wurde, fremd war, ein Fremder in einem fremden Land, umgeben von der Feindseligkeit aller, weit weg von seiner eigenen Stadt, seiner eigenen Lebensweise.<\/p>\n<div class=\"link-article\">\n<p><img loading=\"lazy\" decoding=\"async\" class=\"size-full wp-image-5663 alignleft\" src=\"https:\/\/blog.holyart.it\/de\/wp-content\/uploads\/sites\/12\/2025\/02\/Jesus-am-Kreuz.jpg\" alt=\"jesus am kreuz\" width=\"150\" height=\"100\" data-kale-share-title=\"Die Geschichte von Pontius Pilatus und seine Beteiligung an der Verurteilung von Jesus\" data-kale-share-url=\"https:\/\/blog.holyart.it\/de\/?p=5657\" \/><\/p>\n<div class=\"leggi-anche\">Lesen Sie auch:<\/div>\n<p><strong><a href=\"https:\/\/www.holyart.de\/blog\/devotionalien\/warum-ist-jesus-am-kreuz-ein-so-wichtiges-symbol-fuer-die-katholiken\/\">Warum ist Jesus am Kreuz ein so wichtiges Symbol f\u00fcr die Katholiken?<\/a><\/strong><br \/>\nSymbol der Liebe schlechthin, die Verk\u00f6rperung seiner Glaubens- und Lebensaufgabe.<\/p>\n<\/div>\n<h2>Aber wer war Pontius Pilatus?<\/h2>\n<p>Wir wissen sehr wenig \u00fcber ihn, nur das, was wir in den <strong><a href=\"https:\/\/www.holyart.de\/devotionalien\/italienische-christliche-bucher\/evangelien-in-italienischer-sprache?page=1\">Evangelien<\/a> <\/strong>und apokryphen religi\u00f6sen Dokumenten lesen, aber auch in den historischen und philosophischen Texten von Philo von Alexandria, Josephus Flavius, Cornelius Tacitus.<\/p>\n<p>Wir wissen, dass er eine <strong>Frau<\/strong>, Claudia, hatte, die ihm nach Jerusalem folgte und die ihn einer bestimmten \u00dcberlieferung zufolge viele Jahre sp\u00e4ter davon \u00fcberzeugte, <strong>zum Christentum \u00fcberzutreten<\/strong> und als B\u00fc\u00dfer zu leben, um seine Schuld gegen\u00fcber Jesus zu s\u00fchnen. Nach Angaben der \u00e4thiopisch-orthodoxen Kirche starb er sogar den <strong>M\u00e4rtyrertod<\/strong>, so dass er als Heiliger verehrt wird und sein Festtag am 25. Juni gefeiert wird.<\/p>\n<p>Wir wissen, dass er keine gro\u00dfe Sympathie f\u00fcr <strong>Herodes Antipas<\/strong> hegte, den Vierf\u00fcrsten, zu dem er Jesus dennoch schickte, damit er ihn verurteilen konnte.<\/p>\n<p>Zun\u00e4chst einmal wissen wir, dass er von <strong>Kaiser Tiberius<\/strong> selbst wegen seiner <strong>Strenge und H\u00e4rte<\/strong> ausgew\u00e4hlt wurde, damit er dieses schwierige und strategisch g\u00fcnstig gelegene Land mit eiserner Faust regieren konnte.<\/p>\n<div class=\"link-product\">\n<div class=\"blocco-immagine\"><img loading=\"lazy\" decoding=\"async\" class=\"size-full wp-image-5665 alignleft\" src=\"https:\/\/blog.holyart.it\/de\/wp-content\/uploads\/sites\/12\/2025\/02\/evangelium-und-apostelgeschichte-taschenbuch.jpg\" alt=\"evangelium\" width=\"100\" height=\"100\" data-kale-share-title=\"Die Geschichte von Pontius Pilatus und seine Beteiligung an der Verurteilung von Jesus\" data-kale-share-url=\"https:\/\/blog.holyart.it\/de\/?p=5657\" \/><\/div>\n<div class=\"blocco-contenuto\">\n<div class=\"blocco-acquista\">Einkaufen:<\/div>\n<div class=\"blocco-titolo\"><a href=\"https:\/\/www.holyart.de\/devotionalien\/italienische-christliche-bucher\/evangelien-in-italienischer-sprache?page=1\">Evangelien in italienischer Sprache<\/a><\/div>\n<div class=\"blocco-descrizione\">In dieser Produktkategorie finden Sie Evangelien in italienischer Sprache.<\/div>\n<\/div>\n<\/div>\n<p>Er wurde in den Abbruzzen oder vielleicht in Kampanien geboren, war Mitglied des <em>ordo equestris<\/em> und hatte in der Armee gedient. Im Jahr 26 n. Chr. wurde er nach Jud\u00e4a geschickt und war dort <strong>zehn Jahre lang Statthalter<\/strong>. Ein unnachgiebiger Statthalter, nach Meinung vieler sogar unbarmherzig und ohne jegliche R\u00fccksicht auf die lokalen Traditionen, die Religion seiner Untertanen und die komplexe und strengen Regeln unterworfene j\u00fcdische Kultur. Sehr oft lehnte sich die j\u00fcdische Bev\u00f6lkerung gegen ihn auf und forderte mehr Respekt f\u00fcr ihre Traditionen.<\/p>\n<p>Dennoch hat er auch wertvolle Werke vollbracht, wie z. B. den Bau eines Aqu\u00e4dukts, um das Problem der chronischen D\u00fcrre zu l\u00f6sen, von der die Einwohner Jerusalems geplagt waren. Aber die Tatsache, dass er daf\u00fcr einen Teil des Tempelschatzes beschlagnahmte, l\u00f6ste eine neue Welle der Unzufriedenheit aus.<\/p>\n<p>Dieses Portr\u00e4t eines Mannes, der hart bis zur Grausamkeit war, steht <strong>im Gegensatz zu dem, was in den Evangelien<\/strong> \u00fcber seinen Widerwillen, <strong><a href=\"https:\/\/www.holyart.de\/besondere-anlasse\/passionskrippe\/osterkrippe-modul-4-verurteilung-zum-tode-jesu-im-olivengarten-35x60x40-cm-fur-9-cm-krippe\">Jesus Christus zum Tode zu verurteilen<\/a><\/strong>, berichtet wird.<\/p>\n<p>Was geschah nach dem Einzug Jesu in Jerusalem?<\/p>\n<div class=\"link-product\">\n<div class=\"blocco-immagine\"><img loading=\"lazy\" decoding=\"async\" class=\"size-full wp-image-5667 alignleft\" src=\"https:\/\/blog.holyart.it\/de\/wp-content\/uploads\/sites\/12\/2025\/02\/osterkrippe-modul-4-verurteilung-zum-tode-jesu-im-olivengarten-35x60x40-cm-fur-9-cm-krippe.jpg\" alt=\"osterkrippe verurteilung zum tode jesu\" width=\"100\" height=\"100\" data-kale-share-title=\"Die Geschichte von Pontius Pilatus und seine Beteiligung an der Verurteilung von Jesus\" data-kale-share-url=\"https:\/\/blog.holyart.it\/de\/?p=5657\" \/><\/div>\n<div class=\"blocco-contenuto\">\n<div class=\"blocco-acquista\">Einkaufen:<\/div>\n<div class=\"blocco-titolo\"><a href=\"https:\/\/www.holyart.de\/besondere-anlasse\/passionskrippe\/osterkrippe-modul-4-verurteilung-zum-tode-jesu-im-olivengarten-35x60x40-cm-fur-9-cm-krippe\">Osterkrippe, Modul 4, Verurteilung zum Tode, Jesu im Olivengarten<\/a><\/div>\n<div class=\"blocco-descrizione\">Ma\u00dfe: 35x60x40 cm.<\/div>\n<\/div>\n<\/div>\n<h2>Der Einzug Jesu in Jerusalem<\/h2>\n<p>Als <strong><a href=\"https:\/\/www.holyart.de\/besondere-anlasse\/passionskrippe\/einzug-in-jerusalem-4-figuren-resin-handbemalt-fur-15-cm-krippe\">Jesus in Jerusalem einzog<\/a><\/strong>, hatten die Priester bereits vor, ihn zu beseitigen. Aber seine Ber\u00fchmtheit, die Liebe, die ihm das Volk entgegenbrachte, und die wachsende Zahl seiner Anh\u00e4nger, die ihm \u00fcberallhin folgten, lie\u00dfen sie vorsichtig handeln. Sie h\u00e4tten ihn ermorden lassen k\u00f6nnen, aber damit h\u00e4tten sie einen Volksaufstand riskiert. Es musste ein Weg gefunden werden, ihn vor Pilatus zu bringen, der als Pr\u00e4fekt die Macht hatte, ihn zum Tode zu verurteilen. Nach dem Evangelisten Lukas sah Pilatus selbst in der Predigt Jesu eine gef\u00e4hrliche Aufforderung zur Rebellion gegen die r\u00f6mische Obrigkeit, da er seine Gl\u00e4ubigen aufgefordert hatte, dem Kaiser keinen Tribut zu zahlen. Es muss auch gesagt werden, dass viele, wie die Eiferer, in ihm einen m\u00f6glichen milit\u00e4rischen F\u00fchrer sahen, der sie bewaffnet gegen die Invasoren f\u00fchren w\u00fcrde.<\/p>\n<div class=\"link-product\">\n<div class=\"blocco-immagine\"><img loading=\"lazy\" decoding=\"async\" class=\"size-full wp-image-5669 alignleft\" src=\"https:\/\/blog.holyart.it\/de\/wp-content\/uploads\/sites\/12\/2025\/02\/einzug-in-jerusalem-4-figuren-resin-handbemalt-fur-15-cm-krippe.jpg\" alt=\"einzug in jerusalem\" width=\"100\" height=\"100\" data-kale-share-title=\"Die Geschichte von Pontius Pilatus und seine Beteiligung an der Verurteilung von Jesus\" data-kale-share-url=\"https:\/\/blog.holyart.it\/de\/?p=5657\" \/><\/div>\n<div class=\"blocco-contenuto\">\n<div class=\"blocco-acquista\">Einkaufen:<\/div>\n<div class=\"blocco-titolo\"><a href=\"https:\/\/www.holyart.de\/besondere-anlasse\/passionskrippe\/einzug-in-jerusalem-4-figuren-resin-handbemalt-fur-15-cm-krippe\">Einzug in Jerusalem, 4 Figuren, Resin, handbemalt<\/a><\/div>\n<div class=\"blocco-descrizione\">F\u00fcr eine 15 cm Krippe geeignet. Reale H\u00f6he max.: 14 cm.<\/div>\n<\/div>\n<\/div>\n<h2>Der Prozess gegen Jesus<\/h2>\n<p>Nach der Verhaftung unter <strong><a href=\"https:\/\/www.holyart.de\/blog\/devotionalien\/die-wahre-geschichte-des-judas-iskariot-bekannt-fuer-den-verrat-am-messias\/\">Mitwirkung von Judas<\/a><\/strong> wurde Jesus den Evangelien zufolge in das Haus des Hohepriesters Kaiphas gebracht. Nach der \u00dcberlieferung h\u00e4tte er sich einem ersten Prozess oder zumindest einem Verh\u00f6r vor dem Sanhedrin unterziehen m\u00fcssen, vielleicht noch am selben Abend, vielleicht am n\u00e4chsten Morgen im Tempel. Die Evangelisten sind sich in diesem Punkt uneinig, w\u00e4hrend viele Historiker darin \u00fcbereinstimmen, dass es <strong>Pilatus selbst war, der die Verhaftung Jesu anordnete.<\/strong><\/p>\n<p>Auf jeden Fall wurde Jesus am n\u00e4chsten Tag in Ketten vor den Pr\u00e4fekten im Pr\u00e4torium gef\u00fchrt und von den Mitgliedern des Sanhedrins der <strong>Aufwiegelung, der Selbsternennung zum K\u00f6nig und Messias und der Anstiftung zur Verweigerung der Tributzahlung an Rom<\/strong> angeklagt. Tats\u00e4chlich hielt der Sanhedrin Jesus zun\u00e4chst der <strong>Gottesl\u00e4sterung<\/strong> f\u00fcr schuldig, weil er sich selbst mit Gott gleichgesetzt hatte, aber diese Anschuldigung h\u00e4tte in den Augen von Pontius Pilatus nicht ausgereicht, um die Todesstrafe zu verh\u00e4ngen.<\/p>\n<p>Pilatus soll nach dem Verh\u00f6r Jesu festgestellt haben, dass die Anschuldigungen nicht so schwerwiegend waren, dass sie eine Verurteilung rechtfertigten, und die Mitglieder des Sanhedrins aufgefordert haben, ihn freizulassen. <strong>Diese Sanftmut steht im Gegensatz zu der von den Gelehrten beschriebenen historischen Figur des Pilatus<\/strong>, der mit Strenge und H\u00e4rte jeden verfolgte, der sich gegen die von Rom auferlegten Diktate auflehnte. Einigen Gelehrten zufolge ist es m\u00f6glich, dass die Zur\u00fcckhaltung des Pontius Pilatus sowie die ber\u00fchmte Episode, in der Pontius Pilatus seine H\u00e4nde w\u00e4scht und Jesus seinem Schicksal \u00fcberl\u00e4sst, ein posthumer Versuch des bereits christlichen Roms ist, sich selbst als unschuldig an seinem Tod zu erkl\u00e4ren. Realistischer ist, dass Pontius Pilatus Jesus als gef\u00e4hrlichen Aufst\u00e4ndischen sofort zum Tode verurteilt hat.<\/p>\n<p>Stattdessen schickte der Pr\u00e4fekt Jesus nach dem Bericht des Evangeliums zum <strong>Tetrarchen Herodes Antipas<\/strong>, der \u00fcber die Provinz Galil\u00e4a herrschte, aus der Jesus stammte, aber auch er fand nicht gen\u00fcgend \u00fcberzeugende Argumente, um ihn zu verurteilen, und schickte ihn zur\u00fcck zu Pilatus.<\/p>\n<div class=\"link-article\">\n<p><img loading=\"lazy\" decoding=\"async\" class=\"size-full wp-image-5671 alignleft\" src=\"https:\/\/blog.holyart.it\/de\/wp-content\/uploads\/sites\/12\/2025\/02\/wahre-Geschichte-des-Judas-Iskariot.jpeg\" alt=\"geschichte des judas\" width=\"149\" height=\"100\" data-kale-share-title=\"Die Geschichte von Pontius Pilatus und seine Beteiligung an der Verurteilung von Jesus\" data-kale-share-url=\"https:\/\/blog.holyart.it\/de\/?p=5657\" \/><\/p>\n<div class=\"leggi-anche\">Lesen Sie auch:<\/div>\n<p><strong><a href=\"https:\/\/www.holyart.de\/blog\/devotionalien\/die-wahre-geschichte-des-judas-iskariot-bekannt-fuer-den-verrat-am-messias\/\">Die wahre Geschichte des Judas Iskariot<\/a><\/strong><br \/>\nDer Name Judas ist mit der traurigen Geschichte des Apostels verbunden, der Jesus verriet<\/p>\n<\/div>\n<h2>Pontius Pilatus wusch seine H\u00e4nde in Unschuld<\/h2>\n<p>Nach den Evangelien h\u00e4tte Pilatus, als er Jesus nach der Begegnung mit Herodes zur\u00fcckkehren sah, erneut versucht, ihn zu retten, indem er sich zun\u00e4chst auf die <strong>Pessach-Amnestie<\/strong> berief, nach der einem Gefangenen zu Pessach die Freiheit gew\u00e4hrt werden konnte (Joh 18,39), und dann eine <strong>Verurteilung zur Auspeitschung<\/strong> und Freilassung vorschlug. Wie wir wissen, wollte die von den Priestern aufgehetzte Menge <strong>Barabbas<\/strong> und nicht Jesus freilassen.<\/p>\n<p>An diesem Punkt <strong>wusch Pontius Pilatus der \u00dcberlieferung zufolge seine H\u00e4nde in Unschuld<\/strong> und lie\u00df Jesus auspeitschen, um dann der Menge erneut vorzuschlagen, den verwundeten, am K\u00f6rper gebrochenen, gedem\u00fctigten und verspotteten Mann freizulassen. Doch das Volk fordert weiterhin die <strong><a href=\"https:\/\/www.holyart.de\/besondere-anlasse\/passionskrippe\/osterkrippe-modul-6-kreuzigung-auferstehung-35x50x40-cm-fur-9-cm-krippe\">Kreuzigung<\/a><\/strong>, und um Unruhen zu vermeiden, lenkt Pilatus ein und <strong>verurteilt ihn wegen Gottesl\u00e4sterung<\/strong>.<\/p>\n<p>Es war derselbe Pr\u00e4fekt, der anordnete, dass auf dem <em>Titulus crucis<\/em>, der Inschrift, die am Kreuz angebracht wurde, der Grund f\u00fcr die Verurteilung in hebr\u00e4ischer, lateinischer und griechischer Sprache geschrieben wurde: \u201e<em>Jesus der Nazarener, K\u00f6nig der Juden<\/em>\u201c.<\/p>\n<div class=\"link-product\">\n<div class=\"blocco-immagine\"><img loading=\"lazy\" decoding=\"async\" class=\"size-full wp-image-5673 alignleft\" src=\"https:\/\/blog.holyart.it\/de\/wp-content\/uploads\/sites\/12\/2025\/02\/osterkrippe-modul-6-kreuzigung-auferstehung-35x50x40-cm-fur-9-cm-krippe.jpg\" alt=\"osterkrippe kreuzigung auferstehung\" width=\"100\" height=\"100\" data-kale-share-title=\"Die Geschichte von Pontius Pilatus und seine Beteiligung an der Verurteilung von Jesus\" data-kale-share-url=\"https:\/\/blog.holyart.it\/de\/?p=5657\" \/><\/div>\n<div class=\"blocco-contenuto\">\n<div class=\"blocco-acquista\">Einkaufen:<\/div>\n<div class=\"blocco-titolo\"><a href=\"https:\/\/www.holyart.de\/besondere-anlasse\/passionskrippe\/osterkrippe-modul-6-kreuzigung-auferstehung-35x50x40-cm-fur-9-cm-krippe\">Osterkrippe, Kreuzigung, Auferstehung<\/a><\/div>\n<div class=\"blocco-descrizione\">Modul 6, Ma\u00dfe 35x50x40 cm.<\/div>\n<\/div>\n<\/div>\n<h2>Verbannung und Selbstmord<\/h2>\n<p>Was geschah danach mit Pontius Pilatus? Nach der Verurteilung Jesu regierte er Galil\u00e4a weiterhin mit Unnachgiebigkeit und H\u00e4rte, ging gegen Andersdenkende vor und schlug Aufst\u00e4nde immer blutiger nieder, bis die Juden eine Delegation nach Rom schickten, die seine Absetzung durch den Kaiser selbst forderte und erreichte. Als Pilatus nach Rom zur\u00fcckkehrte, war Caligula Kaiser geworden und schickte ihn ins Exil nach Wien-Gallien. Dort beging der in Ungnade gefallene ehemalige Pr\u00e4fekt Selbstmord.<\/p>\n","protected":false},"excerpt":{"rendered":"<p>Pontius Pilatus, eine umstrittene bis tragische Figur, ist als der Mann in die Geschichte eingegangen, der Jesus zum Tode verurteilt hat. Aber wer war er wirklich? Lernen wir ihn kennen, zwischen historischer Realit\u00e4t und der Geschichte des Evangeliums Es gibt viele Figuren, die in der&hellip;<\/p>\n","protected":false},"author":1,"featured_media":5658,"comment_status":"closed","ping_status":"open","sticky":false,"template":"","format":"standard","meta":{"_acf_changed":false,"footnotes":""},"categories":[10],"tags":[],"class_list":["post-5657","post","type-post","status-publish","format-standard","has-post-thumbnail","hentry","category-devotionalien"],"acf":[],"yoast_head":"<!-- This site is optimized with the Yoast SEO plugin v26.6 - https:\/\/yoast.com\/wordpress\/plugins\/seo\/ -->\n<title>Die Geschichte von Pontius Pilatus und seine Beteiligung an der Verurteilung von Jesus - Holyart.de Blog<\/title>\n<meta name=\"description\" content=\"Pontius Pilatus ist als der Mann in die Geschichte eingegangen, der Jesus zum Tode verurteilt hat. Aber wer war er wirklich?\" \/>\n<meta name=\"robots\" content=\"index, follow, max-snippet:-1, max-image-preview:large, max-video-preview:-1\" \/>\n<link rel=\"canonical\" href=\"https:\/\/blog.holyart.it\/de\/devotionalien\/die-geschichte-von-pontius-pilatus-und-seine-beteiligung-an-der-verurteilung-von-jesus\/\" \/>\n<meta property=\"og:locale\" content=\"de_DE\" \/>\n<meta property=\"og:type\" content=\"article\" \/>\n<meta property=\"og:title\" content=\"Die Geschichte von Pontius Pilatus und seine Beteiligung an der Verurteilung von Jesus - Holyart.de Blog\" \/>\n<meta property=\"og:description\" content=\"Pontius Pilatus ist als der Mann in die Geschichte eingegangen, der Jesus zum Tode verurteilt hat. Aber wer war er wirklich?\" \/>\n<meta property=\"og:url\" content=\"https:\/\/blog.holyart.it\/de\/devotionalien\/die-geschichte-von-pontius-pilatus-und-seine-beteiligung-an-der-verurteilung-von-jesus\/\" \/>\n<meta property=\"og:site_name\" content=\"Holyart.de Blog\" \/>\n<meta property=\"article:published_time\" content=\"2025-03-26T08:54:20+00:00\" \/>\n<meta property=\"article:modified_time\" content=\"2025-07-17T15:41:37+00:00\" \/>\n<meta property=\"og:image\" content=\"https:\/\/blog.holyart.it\/de\/wp-content\/uploads\/sites\/12\/2025\/02\/geschichte-von-pontius-pilatus.jpg\" \/>\n\t<meta property=\"og:image:width\" content=\"1000\" \/>\n\t<meta property=\"og:image:height\" content=\"666\" \/>\n\t<meta property=\"og:image:type\" content=\"image\/jpeg\" \/>\n<meta name=\"author\" content=\"Redazione\" \/>\n<meta name=\"twitter:card\" content=\"summary_large_image\" \/>\n<meta name=\"twitter:label1\" content=\"Verfasst von\" \/>\n\t<meta name=\"twitter:data1\" content=\"Redazione\" \/>\n\t<meta name=\"twitter:label2\" content=\"Gesch\u00e4tzte Lesezeit\" \/>\n\t<meta name=\"twitter:data2\" content=\"11\u00a0Minuten\" \/>\n<script type=\"application\/ld+json\" class=\"yoast-schema-graph\">{\"@context\":\"https:\/\/schema.org\",\"@graph\":[{\"@type\":\"Article\",\"@id\":\"https:\/\/blog.holyart.it\/de\/devotionalien\/die-geschichte-von-pontius-pilatus-und-seine-beteiligung-an-der-verurteilung-von-jesus\/#article\",\"isPartOf\":{\"@id\":\"https:\/\/blog.holyart.it\/de\/devotionalien\/die-geschichte-von-pontius-pilatus-und-seine-beteiligung-an-der-verurteilung-von-jesus\/\"},\"author\":{\"name\":\"Redazione\",\"@id\":\"https:\/\/blog.holyart.it\/de\/#\/schema\/person\/0a7b686e5af0f856ec1e390dd0baecda\"},\"headline\":\"Die Geschichte von Pontius Pilatus und seine Beteiligung an der Verurteilung von Jesus\",\"datePublished\":\"2025-03-26T08:54:20+00:00\",\"dateModified\":\"2025-07-17T15:41:37+00:00\",\"mainEntityOfPage\":{\"@id\":\"https:\/\/blog.holyart.it\/de\/devotionalien\/die-geschichte-von-pontius-pilatus-und-seine-beteiligung-an-der-verurteilung-von-jesus\/\"},\"wordCount\":1741,\"publisher\":{\"@id\":\"https:\/\/blog.holyart.it\/de\/#organization\"},\"image\":{\"@id\":\"https:\/\/blog.holyart.it\/de\/devotionalien\/die-geschichte-von-pontius-pilatus-und-seine-beteiligung-an-der-verurteilung-von-jesus\/#primaryimage\"},\"thumbnailUrl\":\"https:\/\/blog.holyart.it\/de\/wp-content\/uploads\/sites\/12\/2025\/02\/geschichte-von-pontius-pilatus.jpg\",\"articleSection\":[\"Religion\"],\"inLanguage\":\"de\"},{\"@type\":\"WebPage\",\"@id\":\"https:\/\/blog.holyart.it\/de\/devotionalien\/die-geschichte-von-pontius-pilatus-und-seine-beteiligung-an-der-verurteilung-von-jesus\/\",\"url\":\"https:\/\/blog.holyart.it\/de\/devotionalien\/die-geschichte-von-pontius-pilatus-und-seine-beteiligung-an-der-verurteilung-von-jesus\/\",\"name\":\"Die Geschichte von Pontius Pilatus und seine Beteiligung an der Verurteilung von Jesus - Holyart.de Blog\",\"isPartOf\":{\"@id\":\"https:\/\/blog.holyart.it\/de\/#website\"},\"primaryImageOfPage\":{\"@id\":\"https:\/\/blog.holyart.it\/de\/devotionalien\/die-geschichte-von-pontius-pilatus-und-seine-beteiligung-an-der-verurteilung-von-jesus\/#primaryimage\"},\"image\":{\"@id\":\"https:\/\/blog.holyart.it\/de\/devotionalien\/die-geschichte-von-pontius-pilatus-und-seine-beteiligung-an-der-verurteilung-von-jesus\/#primaryimage\"},\"thumbnailUrl\":\"https:\/\/blog.holyart.it\/de\/wp-content\/uploads\/sites\/12\/2025\/02\/geschichte-von-pontius-pilatus.jpg\",\"datePublished\":\"2025-03-26T08:54:20+00:00\",\"dateModified\":\"2025-07-17T15:41:37+00:00\",\"description\":\"Pontius Pilatus ist als der Mann in die Geschichte eingegangen, der Jesus zum Tode verurteilt hat. Aber wer war er wirklich?\",\"breadcrumb\":{\"@id\":\"https:\/\/blog.holyart.it\/de\/devotionalien\/die-geschichte-von-pontius-pilatus-und-seine-beteiligung-an-der-verurteilung-von-jesus\/#breadcrumb\"},\"inLanguage\":\"de\",\"potentialAction\":[{\"@type\":\"ReadAction\",\"target\":[\"https:\/\/blog.holyart.it\/de\/devotionalien\/die-geschichte-von-pontius-pilatus-und-seine-beteiligung-an-der-verurteilung-von-jesus\/\"]}]},{\"@type\":\"ImageObject\",\"inLanguage\":\"de\",\"@id\":\"https:\/\/blog.holyart.it\/de\/devotionalien\/die-geschichte-von-pontius-pilatus-und-seine-beteiligung-an-der-verurteilung-von-jesus\/#primaryimage\",\"url\":\"https:\/\/blog.holyart.it\/de\/wp-content\/uploads\/sites\/12\/2025\/02\/geschichte-von-pontius-pilatus.jpg\",\"contentUrl\":\"https:\/\/blog.holyart.it\/de\/wp-content\/uploads\/sites\/12\/2025\/02\/geschichte-von-pontius-pilatus.jpg\",\"width\":1000,\"height\":666,\"caption\":\"geschichte von pontius pilatus\"},{\"@type\":\"BreadcrumbList\",\"@id\":\"https:\/\/blog.holyart.it\/de\/devotionalien\/die-geschichte-von-pontius-pilatus-und-seine-beteiligung-an-der-verurteilung-von-jesus\/#breadcrumb\",\"itemListElement\":[{\"@type\":\"ListItem\",\"position\":1,\"name\":\"Homepage\",\"item\":\"https:\/\/blog.holyart.it\/de\/\"},{\"@type\":\"ListItem\",\"position\":2,\"name\":\"Religion\",\"item\":\"https:\/\/blog.holyart.it\/de\/devotionalien\/\"},{\"@type\":\"ListItem\",\"position\":3,\"name\":\"Die Geschichte von Pontius Pilatus und seine Beteiligung an der Verurteilung von Jesus\"}]},{\"@type\":\"WebSite\",\"@id\":\"https:\/\/blog.holyart.it\/de\/#website\",\"url\":\"https:\/\/blog.holyart.it\/de\/\",\"name\":\"Holyart.de Blog\",\"description\":\"Holyblog\",\"publisher\":{\"@id\":\"https:\/\/blog.holyart.it\/de\/#organization\"},\"potentialAction\":[{\"@type\":\"SearchAction\",\"target\":{\"@type\":\"EntryPoint\",\"urlTemplate\":\"https:\/\/blog.holyart.it\/de\/?s={search_term_string}\"},\"query-input\":{\"@type\":\"PropertyValueSpecification\",\"valueRequired\":true,\"valueName\":\"search_term_string\"}}],\"inLanguage\":\"de\"},{\"@type\":\"Organization\",\"@id\":\"https:\/\/blog.holyart.it\/de\/#organization\",\"name\":\"Holyart.de Blog\",\"url\":\"https:\/\/blog.holyart.it\/de\/\",\"logo\":{\"@type\":\"ImageObject\",\"inLanguage\":\"de\",\"@id\":\"https:\/\/blog.holyart.it\/de\/#\/schema\/logo\/image\/\",\"url\":\"https:\/\/blog.holyart.it\/de\/wp-content\/uploads\/sites\/12\/2022\/12\/Holyart_Blog_Logo.jpg\",\"contentUrl\":\"https:\/\/blog.holyart.it\/de\/wp-content\/uploads\/sites\/12\/2022\/12\/Holyart_Blog_Logo.jpg\",\"width\":300,\"height\":50,\"caption\":\"Holyart.de Blog\"},\"image\":{\"@id\":\"https:\/\/blog.holyart.it\/de\/#\/schema\/logo\/image\/\"}},{\"@type\":\"Person\",\"@id\":\"https:\/\/blog.holyart.it\/de\/#\/schema\/person\/0a7b686e5af0f856ec1e390dd0baecda\",\"name\":\"Redazione\",\"image\":{\"@type\":\"ImageObject\",\"inLanguage\":\"de\",\"@id\":\"https:\/\/blog.holyart.it\/de\/#\/schema\/person\/image\/\",\"url\":\"https:\/\/secure.gravatar.com\/avatar\/f477da817f43e50d0af36abecd33e3edf826c68299714bdc1057dff3b113f516?s=96&d=mm&r=g\",\"contentUrl\":\"https:\/\/secure.gravatar.com\/avatar\/f477da817f43e50d0af36abecd33e3edf826c68299714bdc1057dff3b113f516?s=96&d=mm&r=g\",\"caption\":\"Redazione\"}}]}<\/script>\n<!-- \/ Yoast SEO plugin. -->","yoast_head_json":{"title":"Die Geschichte von Pontius Pilatus und seine Beteiligung an der Verurteilung von Jesus - Holyart.de Blog","description":"Pontius Pilatus ist als der Mann in die Geschichte eingegangen, der Jesus zum Tode verurteilt hat. Aber wer war er wirklich?","robots":{"index":"index","follow":"follow","max-snippet":"max-snippet:-1","max-image-preview":"max-image-preview:large","max-video-preview":"max-video-preview:-1"},"canonical":"https:\/\/blog.holyart.it\/de\/devotionalien\/die-geschichte-von-pontius-pilatus-und-seine-beteiligung-an-der-verurteilung-von-jesus\/","og_locale":"de_DE","og_type":"article","og_title":"Die Geschichte von Pontius Pilatus und seine Beteiligung an der Verurteilung von Jesus - Holyart.de Blog","og_description":"Pontius Pilatus ist als der Mann in die Geschichte eingegangen, der Jesus zum Tode verurteilt hat. Aber wer war er wirklich?","og_url":"https:\/\/blog.holyart.it\/de\/devotionalien\/die-geschichte-von-pontius-pilatus-und-seine-beteiligung-an-der-verurteilung-von-jesus\/","og_site_name":"Holyart.de Blog","article_published_time":"2025-03-26T08:54:20+00:00","article_modified_time":"2025-07-17T15:41:37+00:00","og_image":[{"width":1000,"height":666,"url":"https:\/\/blog.holyart.it\/de\/wp-content\/uploads\/sites\/12\/2025\/02\/geschichte-von-pontius-pilatus.jpg","type":"image\/jpeg"}],"author":"Redazione","twitter_card":"summary_large_image","twitter_misc":{"Verfasst von":"Redazione","Gesch\u00e4tzte Lesezeit":"11\u00a0Minuten"},"schema":{"@context":"https:\/\/schema.org","@graph":[{"@type":"Article","@id":"https:\/\/blog.holyart.it\/de\/devotionalien\/die-geschichte-von-pontius-pilatus-und-seine-beteiligung-an-der-verurteilung-von-jesus\/#article","isPartOf":{"@id":"https:\/\/blog.holyart.it\/de\/devotionalien\/die-geschichte-von-pontius-pilatus-und-seine-beteiligung-an-der-verurteilung-von-jesus\/"},"author":{"name":"Redazione","@id":"https:\/\/blog.holyart.it\/de\/#\/schema\/person\/0a7b686e5af0f856ec1e390dd0baecda"},"headline":"Die Geschichte von Pontius Pilatus und seine Beteiligung an der Verurteilung von Jesus","datePublished":"2025-03-26T08:54:20+00:00","dateModified":"2025-07-17T15:41:37+00:00","mainEntityOfPage":{"@id":"https:\/\/blog.holyart.it\/de\/devotionalien\/die-geschichte-von-pontius-pilatus-und-seine-beteiligung-an-der-verurteilung-von-jesus\/"},"wordCount":1741,"publisher":{"@id":"https:\/\/blog.holyart.it\/de\/#organization"},"image":{"@id":"https:\/\/blog.holyart.it\/de\/devotionalien\/die-geschichte-von-pontius-pilatus-und-seine-beteiligung-an-der-verurteilung-von-jesus\/#primaryimage"},"thumbnailUrl":"https:\/\/blog.holyart.it\/de\/wp-content\/uploads\/sites\/12\/2025\/02\/geschichte-von-pontius-pilatus.jpg","articleSection":["Religion"],"inLanguage":"de"},{"@type":"WebPage","@id":"https:\/\/blog.holyart.it\/de\/devotionalien\/die-geschichte-von-pontius-pilatus-und-seine-beteiligung-an-der-verurteilung-von-jesus\/","url":"https:\/\/blog.holyart.it\/de\/devotionalien\/die-geschichte-von-pontius-pilatus-und-seine-beteiligung-an-der-verurteilung-von-jesus\/","name":"Die Geschichte von Pontius Pilatus und seine Beteiligung an der Verurteilung von Jesus - Holyart.de Blog","isPartOf":{"@id":"https:\/\/blog.holyart.it\/de\/#website"},"primaryImageOfPage":{"@id":"https:\/\/blog.holyart.it\/de\/devotionalien\/die-geschichte-von-pontius-pilatus-und-seine-beteiligung-an-der-verurteilung-von-jesus\/#primaryimage"},"image":{"@id":"https:\/\/blog.holyart.it\/de\/devotionalien\/die-geschichte-von-pontius-pilatus-und-seine-beteiligung-an-der-verurteilung-von-jesus\/#primaryimage"},"thumbnailUrl":"https:\/\/blog.holyart.it\/de\/wp-content\/uploads\/sites\/12\/2025\/02\/geschichte-von-pontius-pilatus.jpg","datePublished":"2025-03-26T08:54:20+00:00","dateModified":"2025-07-17T15:41:37+00:00","description":"Pontius Pilatus ist als der Mann in die Geschichte eingegangen, der Jesus zum Tode verurteilt hat. Aber wer war er wirklich?","breadcrumb":{"@id":"https:\/\/blog.holyart.it\/de\/devotionalien\/die-geschichte-von-pontius-pilatus-und-seine-beteiligung-an-der-verurteilung-von-jesus\/#breadcrumb"},"inLanguage":"de","potentialAction":[{"@type":"ReadAction","target":["https:\/\/blog.holyart.it\/de\/devotionalien\/die-geschichte-von-pontius-pilatus-und-seine-beteiligung-an-der-verurteilung-von-jesus\/"]}]},{"@type":"ImageObject","inLanguage":"de","@id":"https:\/\/blog.holyart.it\/de\/devotionalien\/die-geschichte-von-pontius-pilatus-und-seine-beteiligung-an-der-verurteilung-von-jesus\/#primaryimage","url":"https:\/\/blog.holyart.it\/de\/wp-content\/uploads\/sites\/12\/2025\/02\/geschichte-von-pontius-pilatus.jpg","contentUrl":"https:\/\/blog.holyart.it\/de\/wp-content\/uploads\/sites\/12\/2025\/02\/geschichte-von-pontius-pilatus.jpg","width":1000,"height":666,"caption":"geschichte von pontius pilatus"},{"@type":"BreadcrumbList","@id":"https:\/\/blog.holyart.it\/de\/devotionalien\/die-geschichte-von-pontius-pilatus-und-seine-beteiligung-an-der-verurteilung-von-jesus\/#breadcrumb","itemListElement":[{"@type":"ListItem","position":1,"name":"Homepage","item":"https:\/\/blog.holyart.it\/de\/"},{"@type":"ListItem","position":2,"name":"Religion","item":"https:\/\/blog.holyart.it\/de\/devotionalien\/"},{"@type":"ListItem","position":3,"name":"Die Geschichte von Pontius Pilatus und seine Beteiligung an der Verurteilung von Jesus"}]},{"@type":"WebSite","@id":"https:\/\/blog.holyart.it\/de\/#website","url":"https:\/\/blog.holyart.it\/de\/","name":"Holyart.de Blog","description":"Holyblog","publisher":{"@id":"https:\/\/blog.holyart.it\/de\/#organization"},"potentialAction":[{"@type":"SearchAction","target":{"@type":"EntryPoint","urlTemplate":"https:\/\/blog.holyart.it\/de\/?s={search_term_string}"},"query-input":{"@type":"PropertyValueSpecification","valueRequired":true,"valueName":"search_term_string"}}],"inLanguage":"de"},{"@type":"Organization","@id":"https:\/\/blog.holyart.it\/de\/#organization","name":"Holyart.de Blog","url":"https:\/\/blog.holyart.it\/de\/","logo":{"@type":"ImageObject","inLanguage":"de","@id":"https:\/\/blog.holyart.it\/de\/#\/schema\/logo\/image\/","url":"https:\/\/blog.holyart.it\/de\/wp-content\/uploads\/sites\/12\/2022\/12\/Holyart_Blog_Logo.jpg","contentUrl":"https:\/\/blog.holyart.it\/de\/wp-content\/uploads\/sites\/12\/2022\/12\/Holyart_Blog_Logo.jpg","width":300,"height":50,"caption":"Holyart.de Blog"},"image":{"@id":"https:\/\/blog.holyart.it\/de\/#\/schema\/logo\/image\/"}},{"@type":"Person","@id":"https:\/\/blog.holyart.it\/de\/#\/schema\/person\/0a7b686e5af0f856ec1e390dd0baecda","name":"Redazione","image":{"@type":"ImageObject","inLanguage":"de","@id":"https:\/\/blog.holyart.it\/de\/#\/schema\/person\/image\/","url":"https:\/\/secure.gravatar.com\/avatar\/f477da817f43e50d0af36abecd33e3edf826c68299714bdc1057dff3b113f516?s=96&d=mm&r=g","contentUrl":"https:\/\/secure.gravatar.com\/avatar\/f477da817f43e50d0af36abecd33e3edf826c68299714bdc1057dff3b113f516?s=96&d=mm&r=g","caption":"Redazione"}}]}},"_links":{"self":[{"href":"https:\/\/blog.holyart.it\/de\/wp-json\/wp\/v2\/posts\/5657","targetHints":{"allow":["GET"]}}],"collection":[{"href":"https:\/\/blog.holyart.it\/de\/wp-json\/wp\/v2\/posts"}],"about":[{"href":"https:\/\/blog.holyart.it\/de\/wp-json\/wp\/v2\/types\/post"}],"author":[{"embeddable":true,"href":"https:\/\/blog.holyart.it\/de\/wp-json\/wp\/v2\/users\/1"}],"replies":[{"embeddable":true,"href":"https:\/\/blog.holyart.it\/de\/wp-json\/wp\/v2\/comments?post=5657"}],"version-history":[{"count":9,"href":"https:\/\/blog.holyart.it\/de\/wp-json\/wp\/v2\/posts\/5657\/revisions"}],"predecessor-version":[{"id":5674,"href":"https:\/\/blog.holyart.it\/de\/wp-json\/wp\/v2\/posts\/5657\/revisions\/5674"}],"wp:featuredmedia":[{"embeddable":true,"href":"https:\/\/blog.holyart.it\/de\/wp-json\/wp\/v2\/media\/5658"}],"wp:attachment":[{"href":"https:\/\/blog.holyart.it\/de\/wp-json\/wp\/v2\/media?parent=5657"}],"wp:term":[{"taxonomy":"category","embeddable":true,"href":"https:\/\/blog.holyart.it\/de\/wp-json\/wp\/v2\/categories?post=5657"},{"taxonomy":"post_tag","embeddable":true,"href":"https:\/\/blog.holyart.it\/de\/wp-json\/wp\/v2\/tags?post=5657"}],"curies":[{"name":"wp","href":"https:\/\/api.w.org\/{rel}","templated":true}]}}