{"id":5598,"date":"2025-03-17T10:00:47","date_gmt":"2025-03-17T09:00:47","guid":{"rendered":"https:\/\/blog.holyart.it\/de\/?p=5598"},"modified":"2025-07-17T17:27:56","modified_gmt":"2025-07-17T15:27:56","slug":"der-oelberg-einer-der-orte-die-jesus-am-meisten-am-herzen-lagen","status":"publish","type":"post","link":"https:\/\/blog.holyart.it\/de\/ostern\/der-oelberg-einer-der-orte-die-jesus-am-meisten-am-herzen-lagen\/","title":{"rendered":"Der \u00d6lberg, einer der Orte, die Jesus am meisten am Herzen lagen"},"content":{"rendered":"<h4>Seit der Antike ist der \u00d6lberg ein Ort der Geheimnisse, der Schauplatz gro\u00dfer biblischer Ereignisse. Hier beginnt die Passion Jesu<\/h4>\n\n<p>Die Heilige Schrift spricht nicht nur von Personen und Ereignissen, die mit der Geschichte des Glaubens zusammenh\u00e4ngen. Wir haben gesehen, dass es Hinweise auf <a href=\"https:\/\/www.holyart.de\/blog\/weihnachten\/baume-und-pflanzen-den-christlichen-traditionen\/\"><strong><u>B\u00e4ume und Blumen<\/u><\/strong><\/a> gibt, die verschiedene symbolische Bedeutungen haben, sowie auf Tiere, die zu Emblemen und Verk\u00f6rperungen geistiger Konzepte und Geheimnisse werden. Aber die Bibel spricht auch von <strong>besonderen Orten<\/strong>, die Schauplatz grundlegender Ereignisse f\u00fcr die Christen waren und die auch heute noch das Wesen und die tiefste Bedeutung dieser Ereignisse in sich tragen. Einer dieser Orte ist der <strong>\u00d6lberg<\/strong>.<\/p>\n<p>Es handelt sich um einen H\u00fcgel im Osten Jerusalems, der einst mit Olivenb\u00e4umen bewachsen war und daher seinen Namen erhielt. Die Araber nennen ihn <em>Jabal at-Tur<\/em>, \u201eBerg des Gipfels\u201c, aber auch \u201eBerg der Berge\u201c oder \u201eheiliger Berg\u201c. Hier, am Fu\u00dfe des Berges, befand sich einst <strong>Gethsemane<\/strong>, besser bekannt als der <a href=\"https:\/\/www.holyart.de\/besondere-anlasse\/passionskrippe\/jesus-im-garten-am-olberg-fur-9-cm-krippe\"><strong>Garten des \u00d6lbaums<\/strong><\/a>, ein kleines St\u00fcck Land, in das sich Jesus nach dem<strong><a href=\"https:\/\/www.holyart.de\/search?params=%7B%22search%22%3A%22LETZTES%20ABENDMAHL%22%7D&amp;search_term=LETZTES+ABENDMAHL\"> letzten Abendmahl<\/a><\/strong>, kurz bevor er seinem Schicksal begegnete, zum Gebet und zur Zwiesprache mit Gott zur\u00fcckzog.<\/p>\n<p>Aber ganz allgemein wird der \u00d6lberg in der Heiligen Schrift als Schauplatz wichtiger Ereignisse in der Geschichte des Christentums erw\u00e4hnt. Wir wollen sehen, welche das sind.<\/p>\n<div class=\"link-article\">\n<p><img loading=\"lazy\" decoding=\"async\" class=\"alignnone size-full wp-image-5602\" src=\"https:\/\/blog.holyart.it\/de\/wp-content\/uploads\/sites\/12\/2025\/02\/Baeume-und-Pflanzen.jpg\" alt=\"B\u00e4ume und Pflanzen\" width=\"150\" height=\"99\" data-kale-share-title=\"Der \u00d6lberg, einer der Orte, die Jesus am meisten am Herzen lagen\" data-kale-share-url=\"https:\/\/blog.holyart.it\/de\/?p=5598\" \/><\/p>\n<div class=\"leggi-anche\">Lesen Sie auch:<\/div>\n<p><strong><a href=\"https:\/\/www.holyart.de\/blog\/weihnachten\/baume-und-pflanzen-den-christlichen-traditionen\/\">B\u00e4ume und Pflanzen in den christlichen Traditionen<\/a><\/strong><br \/>\nIm Altertum war die Beziehung zwischen dem Menschen und der Natur viel enger, als sie es heute ist.<\/p>\n<\/div>\n<h2>Die biblischen Episoden auf dem \u00d6lberg<\/h2>\n<p>Der Prophet <strong>Sacharja<\/strong> ist der erste, der den \u00d6lberg erw\u00e4hnt. Wenn seine Prophezeiungen zutreffen, werden am Ende der Zeiten <strong>alle Toten vom \u00d6lberg auferstehen<\/strong>, um die Wiederkunft Jesu zu begr\u00fc\u00dfen: \u201e<em>An jenem Tag werden seine F\u00fc\u00dfe auf dem \u00d6lberg stehen, der Jerusalem im Osten zugewandt ist, und der \u00d6lberg wird sich in zwei H\u00e4lften teilen, von Osten nach Westen, und ein tiefes Tal bilden; die eine H\u00e4lfte des Berges wird sich nach Norden und die andere nach S\u00fcden zur\u00fcckziehen<\/em>\u201c (Sach 14,4). Dies ist der Grund, warum Juden den Berg seit der Antike als <strong>Begr\u00e4bnisst\u00e4tte<\/strong> nutzen und auch heute noch bereit sind, betr\u00e4chtliche Summen zu zahlen, um dort ruhen zu k\u00f6nnen. In der Tat erstreckt sich der j\u00fcdische Friedhof noch immer am Hang des \u00d6lbergs. Er ist mehr als dreitausend Jahre alt und damit der \u00e4lteste Friedhof der Welt. Sie k\u00f6nnen ihn besuchen und zwischen den mehr als 150.000 Gr\u00e4bern spazieren gehen, von denen einige neu, andere sehr alt und durch die langsame und unerbittliche Erosion der Zeit fast vollst\u00e4ndig ausgel\u00f6scht sind.<\/p>\n<p>Der \u00d6lberg war auch Schauplatz des <strong>Opfers der roten F\u00e4rse<\/strong>, eines von Mose gebilligten S\u00fchne-Rituals (Numeri 19,1-10): Eine rote F\u00e4rse, die nie das Joch getragen haben sollte, wurde auf den \u00d6lberg gebracht, get\u00f6tet, in St\u00fccke geschnitten und mit Zedernholz und Ysop (einer aromatischen Pflanze) verbrannt. Auch ein rot gef\u00e4rbtes Wolltuch wurde auf den Scheiterhaufen gelegt. Schlie\u00dflich wurde die Asche aufgesammelt und in ein mit reinem Wasser gef\u00fclltes Gef\u00e4\u00df gesch\u00fcttet, mit dem die zu Reinigenden besprengt werden sollten.<\/p>\n<div class=\"link-article\">\n<p><img loading=\"lazy\" decoding=\"async\" class=\"alignnone size-full wp-image-5604\" src=\"https:\/\/blog.holyart.it\/de\/wp-content\/uploads\/sites\/12\/2025\/02\/Martha-Maria-und-Lazarus-Die-Freunde-Jesu.jpg\" alt=\"Martha, Maria und Lazarus Die Freunde Jesu\" width=\"150\" height=\"99\" data-kale-share-title=\"Der \u00d6lberg, einer der Orte, die Jesus am meisten am Herzen lagen\" data-kale-share-url=\"https:\/\/blog.holyart.it\/de\/?p=5598\" \/><\/p>\n<div class=\"leggi-anche\">Lesen Sie auch:<\/div>\n<p><strong><a href=\"https:\/\/www.holyart.de\/blog\/heilige-und-selige\/martha-maria-und-lazarus-die-freunde-jesu\/\">Martha, Maria und Lazarus: Die Freunde Jesu<\/a><\/strong><br \/>\nAm 29. Juli feiern wir das Gedenken an Martha, Maria und Lazarus von Bethanien. Diese Heiligen geh\u00f6rten zu den engsten Freunden Jesu.<\/p>\n<\/div>\n<p>Als Absalom den Thron seines Vaters, K\u00f6nig David, an sich riss, suchte er Zuflucht im <strong>Tal der Zedern<\/strong>, an der Grenze zwischen dem \u00d6lberg und Jerusalem. Jesus w\u00fcrde tausend Jahre sp\u00e4ter denselben Weg in umgekehrter Richtung zur\u00fccklegen, als er von Jericho auf dem Esel, der ihn nach Jerusalem bringen sollte, zur\u00fcckkehrte und beim Anblick der \u00dcberreste der Heiligen Stadt in Tr\u00e4nen ausbrach (Lukas 19).<\/p>\n<p>Die Stadt Bethanien, aus der <strong>Lazarus, Martha und Maria<\/strong>, die <strong><a href=\"https:\/\/www.holyart.de\/blog\/heilige-und-selige\/martha-maria-und-lazarus-die-freunde-jesu\/\"><u>Freunde Jesu<\/u><\/a><\/strong>, und Simon, der von ihm geheilte Auss\u00e4tzige, kamen, lag ebenfalls am Osthang des \u00d6lbergs.<\/p>\n<p>Der \u00d6lberg sollte auch der Ort sein, an dem <strong>die Himmelfahrt Jesu<\/strong> stattfand. Lukas berichtet davon in seinem Evangelium, indem er die Begegnung mit den J\u00fcngern auf dem Weg zwischen Bethanien in Jud\u00e4a und Jerusalem schildert (Lk 24,51), und in der Apostelgeschichte hei\u00dft es: \u201e<em>Und als sie zum Himmel hinaufblickten, w\u00e4hrend er wegging, siehe, da traten zwei M\u00e4nner in wei\u00dfen Gew\u00e4ndern zu ihnen und sprachen: Ihr M\u00e4nner von Galil\u00e4a, was seht ihr zum Himmel hinauf? Dieser Jesus, der aus eurer Mitte in den Himmel aufgenommen wurde, wird eines Tages auf dieselbe Weise zur\u00fcckkehren, wie ihr ihn habt zum Himmel fahren sehen. Dann kehrten sie nach Jerusalem zur\u00fcck, und zwar von dem Berg, der \u00d6lberg genannt wird, der so nahe bei Jerusalem liegt, wie es der Weg an einem Sabbat erlaubt<\/em>\u201c (Apg 1,10-12).<\/p>\n<p>Aus diesem Grund wird der \u00d6lberg auch <strong>Berg der Himmelfahrt<\/strong> genannt.<\/p>\n<p>Dort befindet sich auch eine H\u00f6hle, in der Jesus nach der \u00dcberlieferung des Evangeliums die J\u00fcnger das <strong>Vaterunser<\/strong> lehrte.<\/p>\n<p>W\u00e4hrend der <a href=\"https:\/\/www.holyart.de\/devotionalien\/basreliefs\/basreliefs-aus-stein\/flachrelief-stein-himmelfahrt-bethlehem\"><strong>Belagerung Jerusalems<\/strong><\/a> im Jahr 70 n. Chr., bei der der Zweite Tempel zerst\u00f6rt wurde, lagerten r\u00f6mische Soldaten auf dem Berg.<\/p>\n<div class=\"link-product\">\n<div class=\"blocco-immagine\"><img loading=\"lazy\" decoding=\"async\" class=\"alignnone size-full wp-image-5606\" src=\"https:\/\/blog.holyart.it\/de\/wp-content\/uploads\/sites\/12\/2025\/02\/Flachrelief-Stein-Himmelfahrt-Bethlehem.jpg\" alt=\"Flachrelief Stein Himmelfahrt Bethlehem\" width=\"100\" height=\"100\" data-kale-share-title=\"Der \u00d6lberg, einer der Orte, die Jesus am meisten am Herzen lagen\" data-kale-share-url=\"https:\/\/blog.holyart.it\/de\/?p=5598\" \/><\/div>\n<div class=\"blocco-contenuto\">\n<div class=\"blocco-acquista\">Einkaufen:<\/div>\n<div class=\"blocco-titolo\"><a href=\"https:\/\/www.holyart.de\/devotionalien\/basreliefs\/basreliefs-aus-stein\/flachrelief-stein-himmelfahrt-bethlehem\">Flachrelief Stein Himmelfahrt Bethlehem<\/a><\/div>\n<div class=\"blocco-descrizione\">Dieses hochwertiges Flachrelief ist aus Pyren\u00e4en-Stein und wird von den Schwestern des Atelier d&#8217;Art von Bethlehem handwerklich angefertigt.<\/div>\n<\/div>\n<\/div>\n<h2>Gethsemane oder Garten des \u00d6lbergs<\/h2>\n<p>Wir haben Jesus im Garten des \u00d6lbergs erw\u00e4hnt. Die <strong><a href=\"https:\/\/www.holyart.de\/devotionalien\/italienische-christliche-bucher\/evangelien-in-italienischer-sprache?page=1\">Evangelien<\/a> <\/strong>berichten von jenem letzten Abend, der den Beginn der Passion Jesu markiert: \u201e<em>Und Jesus ging mit ihnen zu einem Ort, der hei\u00dft Gethsemane, und sprach zu den J\u00fcngern: Setzt euch hierher, w\u00e4hrend ich dorthin gehe, um zu beten<\/em>\u201c (Matth\u00e4us 26,36). Allein gelassen, wendet sich Jesus an Gott, den Vater. Er ist m\u00fcde, wird von Zweifeln geplagt, die er vorher nicht hatte, und fragt Gott, ob sein Opfer wirklich notwendig ist: \u201e<em>Und als er noch ein St\u00fcck weiter gegangen war, warf er sich mit dem Gesicht zur Erde, betete und sagte: Mein Vater, wenn es m\u00f6glich ist, nimm diesen Kelch von mir! Doch nicht wie ich will, sondern wie Du willst<\/em>\u201c (Matth\u00e4us 26,39). Am Ende nimmt er jedoch sein eigenes Schicksal an und bereitet sich auf die Passion und den Tod vor.<\/p>\n<p>\u201e<em>Da kam Judas, einer der Zw\u00f6lf, und mit ihm eine gro\u00dfe Schar mit Schwertern und Kn\u00fcppeln, gesandt von den Hohenpriestern und den \u00c4ltesten des Volkes. Der Verr\u00e4ter hatte ihnen ein Zeichen gegeben und gesagt: Der, den ich k\u00fcssen werde, ist es; nehmt ihn fest<\/em>\u201c (Matth\u00e4us 26,47-48).<\/p>\n<h2>Der Todeskampf Jesu im Lukasevangelium<\/h2>\n<p>Obwohl die Episode im \u00d6lgarten in allen Evangelien mit Ausnahme des <strong><a href=\"https:\/\/www.holyart.de\/devotionalien\/statuen\/statuen-aus-resin-und-pvc\/heiliger-johaness-evangelist-30cm-aus-harz?flags=true\">Johannesevangeliums<\/a><\/strong> vorkommt, ist es das <strong><a href=\"https:\/\/www.holyart.de\/devotionalien\/statuen\/statuen-aus-resin-und-pvc\/heiliger-lukas-evangelist-30cm-aus-harz?flags=true\">Lukasevangelium<\/a><\/strong>, das am ergreifendsten den <strong>Todeskampf Jesu in Gethsemane<\/strong> schildert, den ersten und unwiederbringlichen Schritt zur Passion. \u201e<em>Da erschien ihm ein Engel vom Himmel, um ihn zu st\u00e4rken. Und da er sich qu\u00e4lte, betete er umso eindringlicher; und sein Schwei\u00df wurde wie gro\u00dfe Blutstropfen, die auf die Erde fielen<\/em>\u201c (Lk 22,43-44). Das Leiden Christi ist fast greifbar, sein innerer Kampf wird durch das Blut, das aus seinem K\u00f6rper rinnt, real, fast eine Prophezeiung der kommenden Schmerzen und Leiden. Allein, verlassen von seinen schlafenden Freunden, verloren vor Gott, dem Vater, der ihm nicht antwortet, ist seine Agonie wirklich einer der h\u00f6chsten und bedeutendsten Momente seiner Sendung in der Welt.<\/p>\n<p>Noch heute wachen <strong>Franziskaner<\/strong> \u00fcber diese Orte, an denen heute zum Gedenken an die Leiden Jesu die <strong>Basilika des Todeskampes <\/strong>oder die <strong>Kirche aller V\u00f6lker<\/strong> steht. Aus einem kleinen Olivenhain mit jahrhundertealten B\u00e4umen stellen die Franziskaner noch heute ein kostbares \u00d6l her.<\/p>\n<div class=\"link-product\">\n<div class=\"blocco-immagine\"><img loading=\"lazy\" decoding=\"async\" class=\"alignnone size-full wp-image-5608\" src=\"https:\/\/blog.holyart.it\/de\/wp-content\/uploads\/sites\/12\/2025\/02\/Heiliger-Lukas-Evangelist-30cm-aus-Harz.jpg\" alt=\"Heiliger Lukas Evangelist 30cm aus Harz\" width=\"100\" height=\"100\" data-kale-share-title=\"Der \u00d6lberg, einer der Orte, die Jesus am meisten am Herzen lagen\" data-kale-share-url=\"https:\/\/blog.holyart.it\/de\/?p=5598\" \/><\/div>\n<div class=\"blocco-contenuto\">\n<div class=\"blocco-acquista\">Einkaufen:<\/div>\n<div class=\"blocco-titolo\"><a href=\"https:\/\/www.holyart.de\/devotionalien\/statuen\/statuen-aus-resin-und-pvc\/heiliger-lukas-evangelist-30cm-aus-harz\">Heiliger Lukas Evangelist 30cm aus Harz <\/a><\/div>\n<div class=\"blocco-descrizione\">Statue des Evangelists Lukas realisiert aus Harz und handbemalt.<\/div>\n<\/div>\n<\/div>\n","protected":false},"excerpt":{"rendered":"<p>Seit der Antike ist der \u00d6lberg ein Ort der Geheimnisse, der Schauplatz gro\u00dfer biblischer Ereignisse. Hier beginnt die Passion Jesu Die Heilige Schrift spricht nicht nur von Personen und Ereignissen, die mit der Geschichte des Glaubens zusammenh\u00e4ngen. Wir haben gesehen, dass es Hinweise auf B\u00e4ume&hellip;<\/p>\n","protected":false},"author":1,"featured_media":5601,"comment_status":"closed","ping_status":"open","sticky":false,"template":"","format":"standard","meta":{"_acf_changed":false,"footnotes":""},"categories":[18],"tags":[],"class_list":["post-5598","post","type-post","status-publish","format-standard","has-post-thumbnail","hentry","category-ostern"],"acf":[],"yoast_head":"<!-- This site is optimized with the Yoast SEO plugin v26.6 - https:\/\/yoast.com\/wordpress\/plugins\/seo\/ -->\n<title>Der \u00d6lberg, einer der Orte, die Jesus am meisten am Herzen lagen - Holyart.de Blog<\/title>\n<meta name=\"description\" content=\"Seit der Antike ist der \u00d6lberg ein Ort der Geheimnisse, der Schauplatz gro\u00dfer biblischer Ereignisse. Hier beginnt die Passion Jesu\" \/>\n<meta name=\"robots\" content=\"index, follow, max-snippet:-1, max-image-preview:large, max-video-preview:-1\" \/>\n<link rel=\"canonical\" href=\"https:\/\/blog.holyart.it\/de\/ostern\/der-oelberg-einer-der-orte-die-jesus-am-meisten-am-herzen-lagen\/\" \/>\n<meta property=\"og:locale\" content=\"de_DE\" \/>\n<meta property=\"og:type\" content=\"article\" \/>\n<meta property=\"og:title\" content=\"Der \u00d6lberg, einer der Orte, die Jesus am meisten am Herzen lagen - Holyart.de Blog\" \/>\n<meta property=\"og:description\" content=\"Seit der Antike ist der \u00d6lberg ein Ort der Geheimnisse, der Schauplatz gro\u00dfer biblischer Ereignisse. Hier beginnt die Passion Jesu\" \/>\n<meta property=\"og:url\" content=\"https:\/\/blog.holyart.it\/de\/ostern\/der-oelberg-einer-der-orte-die-jesus-am-meisten-am-herzen-lagen\/\" \/>\n<meta property=\"og:site_name\" content=\"Holyart.de Blog\" \/>\n<meta property=\"article:published_time\" content=\"2025-03-17T09:00:47+00:00\" \/>\n<meta property=\"article:modified_time\" content=\"2025-07-17T15:27:56+00:00\" \/>\n<meta property=\"og:image\" content=\"https:\/\/blog.holyart.it\/de\/wp-content\/uploads\/sites\/12\/2025\/02\/Oelberg.jpg\" \/>\n\t<meta property=\"og:image:width\" content=\"1000\" \/>\n\t<meta property=\"og:image:height\" content=\"666\" \/>\n\t<meta property=\"og:image:type\" content=\"image\/jpeg\" \/>\n<meta name=\"author\" content=\"Redazione\" \/>\n<meta name=\"twitter:card\" content=\"summary_large_image\" \/>\n<meta name=\"twitter:label1\" content=\"Verfasst von\" \/>\n\t<meta name=\"twitter:data1\" content=\"Redazione\" \/>\n\t<meta name=\"twitter:label2\" content=\"Gesch\u00e4tzte Lesezeit\" \/>\n\t<meta name=\"twitter:data2\" content=\"8\u00a0Minuten\" \/>\n<script type=\"application\/ld+json\" class=\"yoast-schema-graph\">{\"@context\":\"https:\/\/schema.org\",\"@graph\":[{\"@type\":\"Article\",\"@id\":\"https:\/\/blog.holyart.it\/de\/ostern\/der-oelberg-einer-der-orte-die-jesus-am-meisten-am-herzen-lagen\/#article\",\"isPartOf\":{\"@id\":\"https:\/\/blog.holyart.it\/de\/ostern\/der-oelberg-einer-der-orte-die-jesus-am-meisten-am-herzen-lagen\/\"},\"author\":{\"name\":\"Redazione\",\"@id\":\"https:\/\/blog.holyart.it\/de\/#\/schema\/person\/0a7b686e5af0f856ec1e390dd0baecda\"},\"headline\":\"Der \u00d6lberg, einer der Orte, die Jesus am meisten am Herzen lagen\",\"datePublished\":\"2025-03-17T09:00:47+00:00\",\"dateModified\":\"2025-07-17T15:27:56+00:00\",\"mainEntityOfPage\":{\"@id\":\"https:\/\/blog.holyart.it\/de\/ostern\/der-oelberg-einer-der-orte-die-jesus-am-meisten-am-herzen-lagen\/\"},\"wordCount\":1288,\"publisher\":{\"@id\":\"https:\/\/blog.holyart.it\/de\/#organization\"},\"image\":{\"@id\":\"https:\/\/blog.holyart.it\/de\/ostern\/der-oelberg-einer-der-orte-die-jesus-am-meisten-am-herzen-lagen\/#primaryimage\"},\"thumbnailUrl\":\"https:\/\/blog.holyart.it\/de\/wp-content\/uploads\/sites\/12\/2025\/02\/Oelberg.jpg\",\"articleSection\":[\"Ostern\"],\"inLanguage\":\"de\"},{\"@type\":\"WebPage\",\"@id\":\"https:\/\/blog.holyart.it\/de\/ostern\/der-oelberg-einer-der-orte-die-jesus-am-meisten-am-herzen-lagen\/\",\"url\":\"https:\/\/blog.holyart.it\/de\/ostern\/der-oelberg-einer-der-orte-die-jesus-am-meisten-am-herzen-lagen\/\",\"name\":\"Der \u00d6lberg, einer der Orte, die Jesus am meisten am Herzen lagen - Holyart.de Blog\",\"isPartOf\":{\"@id\":\"https:\/\/blog.holyart.it\/de\/#website\"},\"primaryImageOfPage\":{\"@id\":\"https:\/\/blog.holyart.it\/de\/ostern\/der-oelberg-einer-der-orte-die-jesus-am-meisten-am-herzen-lagen\/#primaryimage\"},\"image\":{\"@id\":\"https:\/\/blog.holyart.it\/de\/ostern\/der-oelberg-einer-der-orte-die-jesus-am-meisten-am-herzen-lagen\/#primaryimage\"},\"thumbnailUrl\":\"https:\/\/blog.holyart.it\/de\/wp-content\/uploads\/sites\/12\/2025\/02\/Oelberg.jpg\",\"datePublished\":\"2025-03-17T09:00:47+00:00\",\"dateModified\":\"2025-07-17T15:27:56+00:00\",\"description\":\"Seit der Antike ist der \u00d6lberg ein Ort der Geheimnisse, der Schauplatz gro\u00dfer biblischer Ereignisse. Hier beginnt die Passion Jesu\",\"breadcrumb\":{\"@id\":\"https:\/\/blog.holyart.it\/de\/ostern\/der-oelberg-einer-der-orte-die-jesus-am-meisten-am-herzen-lagen\/#breadcrumb\"},\"inLanguage\":\"de\",\"potentialAction\":[{\"@type\":\"ReadAction\",\"target\":[\"https:\/\/blog.holyart.it\/de\/ostern\/der-oelberg-einer-der-orte-die-jesus-am-meisten-am-herzen-lagen\/\"]}]},{\"@type\":\"ImageObject\",\"inLanguage\":\"de\",\"@id\":\"https:\/\/blog.holyart.it\/de\/ostern\/der-oelberg-einer-der-orte-die-jesus-am-meisten-am-herzen-lagen\/#primaryimage\",\"url\":\"https:\/\/blog.holyart.it\/de\/wp-content\/uploads\/sites\/12\/2025\/02\/Oelberg.jpg\",\"contentUrl\":\"https:\/\/blog.holyart.it\/de\/wp-content\/uploads\/sites\/12\/2025\/02\/Oelberg.jpg\",\"width\":1000,\"height\":666,\"caption\":\"\u00d6lberg\"},{\"@type\":\"BreadcrumbList\",\"@id\":\"https:\/\/blog.holyart.it\/de\/ostern\/der-oelberg-einer-der-orte-die-jesus-am-meisten-am-herzen-lagen\/#breadcrumb\",\"itemListElement\":[{\"@type\":\"ListItem\",\"position\":1,\"name\":\"Homepage\",\"item\":\"https:\/\/blog.holyart.it\/de\/\"},{\"@type\":\"ListItem\",\"position\":2,\"name\":\"Ostern\",\"item\":\"https:\/\/blog.holyart.it\/de\/ostern\/\"},{\"@type\":\"ListItem\",\"position\":3,\"name\":\"Der \u00d6lberg, einer der Orte, die Jesus am meisten am Herzen lagen\"}]},{\"@type\":\"WebSite\",\"@id\":\"https:\/\/blog.holyart.it\/de\/#website\",\"url\":\"https:\/\/blog.holyart.it\/de\/\",\"name\":\"Holyart.de Blog\",\"description\":\"Holyblog\",\"publisher\":{\"@id\":\"https:\/\/blog.holyart.it\/de\/#organization\"},\"potentialAction\":[{\"@type\":\"SearchAction\",\"target\":{\"@type\":\"EntryPoint\",\"urlTemplate\":\"https:\/\/blog.holyart.it\/de\/?s={search_term_string}\"},\"query-input\":{\"@type\":\"PropertyValueSpecification\",\"valueRequired\":true,\"valueName\":\"search_term_string\"}}],\"inLanguage\":\"de\"},{\"@type\":\"Organization\",\"@id\":\"https:\/\/blog.holyart.it\/de\/#organization\",\"name\":\"Holyart.de Blog\",\"url\":\"https:\/\/blog.holyart.it\/de\/\",\"logo\":{\"@type\":\"ImageObject\",\"inLanguage\":\"de\",\"@id\":\"https:\/\/blog.holyart.it\/de\/#\/schema\/logo\/image\/\",\"url\":\"https:\/\/blog.holyart.it\/de\/wp-content\/uploads\/sites\/12\/2022\/12\/Holyart_Blog_Logo.jpg\",\"contentUrl\":\"https:\/\/blog.holyart.it\/de\/wp-content\/uploads\/sites\/12\/2022\/12\/Holyart_Blog_Logo.jpg\",\"width\":300,\"height\":50,\"caption\":\"Holyart.de Blog\"},\"image\":{\"@id\":\"https:\/\/blog.holyart.it\/de\/#\/schema\/logo\/image\/\"}},{\"@type\":\"Person\",\"@id\":\"https:\/\/blog.holyart.it\/de\/#\/schema\/person\/0a7b686e5af0f856ec1e390dd0baecda\",\"name\":\"Redazione\",\"image\":{\"@type\":\"ImageObject\",\"inLanguage\":\"de\",\"@id\":\"https:\/\/blog.holyart.it\/de\/#\/schema\/person\/image\/\",\"url\":\"https:\/\/secure.gravatar.com\/avatar\/f477da817f43e50d0af36abecd33e3edf826c68299714bdc1057dff3b113f516?s=96&d=mm&r=g\",\"contentUrl\":\"https:\/\/secure.gravatar.com\/avatar\/f477da817f43e50d0af36abecd33e3edf826c68299714bdc1057dff3b113f516?s=96&d=mm&r=g\",\"caption\":\"Redazione\"}}]}<\/script>\n<!-- \/ Yoast SEO plugin. -->","yoast_head_json":{"title":"Der \u00d6lberg, einer der Orte, die Jesus am meisten am Herzen lagen - Holyart.de Blog","description":"Seit der Antike ist der \u00d6lberg ein Ort der Geheimnisse, der Schauplatz gro\u00dfer biblischer Ereignisse. Hier beginnt die Passion Jesu","robots":{"index":"index","follow":"follow","max-snippet":"max-snippet:-1","max-image-preview":"max-image-preview:large","max-video-preview":"max-video-preview:-1"},"canonical":"https:\/\/blog.holyart.it\/de\/ostern\/der-oelberg-einer-der-orte-die-jesus-am-meisten-am-herzen-lagen\/","og_locale":"de_DE","og_type":"article","og_title":"Der \u00d6lberg, einer der Orte, die Jesus am meisten am Herzen lagen - Holyart.de Blog","og_description":"Seit der Antike ist der \u00d6lberg ein Ort der Geheimnisse, der Schauplatz gro\u00dfer biblischer Ereignisse. Hier beginnt die Passion Jesu","og_url":"https:\/\/blog.holyart.it\/de\/ostern\/der-oelberg-einer-der-orte-die-jesus-am-meisten-am-herzen-lagen\/","og_site_name":"Holyart.de Blog","article_published_time":"2025-03-17T09:00:47+00:00","article_modified_time":"2025-07-17T15:27:56+00:00","og_image":[{"width":1000,"height":666,"url":"https:\/\/blog.holyart.it\/de\/wp-content\/uploads\/sites\/12\/2025\/02\/Oelberg.jpg","type":"image\/jpeg"}],"author":"Redazione","twitter_card":"summary_large_image","twitter_misc":{"Verfasst von":"Redazione","Gesch\u00e4tzte Lesezeit":"8\u00a0Minuten"},"schema":{"@context":"https:\/\/schema.org","@graph":[{"@type":"Article","@id":"https:\/\/blog.holyart.it\/de\/ostern\/der-oelberg-einer-der-orte-die-jesus-am-meisten-am-herzen-lagen\/#article","isPartOf":{"@id":"https:\/\/blog.holyart.it\/de\/ostern\/der-oelberg-einer-der-orte-die-jesus-am-meisten-am-herzen-lagen\/"},"author":{"name":"Redazione","@id":"https:\/\/blog.holyart.it\/de\/#\/schema\/person\/0a7b686e5af0f856ec1e390dd0baecda"},"headline":"Der \u00d6lberg, einer der Orte, die Jesus am meisten am Herzen lagen","datePublished":"2025-03-17T09:00:47+00:00","dateModified":"2025-07-17T15:27:56+00:00","mainEntityOfPage":{"@id":"https:\/\/blog.holyart.it\/de\/ostern\/der-oelberg-einer-der-orte-die-jesus-am-meisten-am-herzen-lagen\/"},"wordCount":1288,"publisher":{"@id":"https:\/\/blog.holyart.it\/de\/#organization"},"image":{"@id":"https:\/\/blog.holyart.it\/de\/ostern\/der-oelberg-einer-der-orte-die-jesus-am-meisten-am-herzen-lagen\/#primaryimage"},"thumbnailUrl":"https:\/\/blog.holyart.it\/de\/wp-content\/uploads\/sites\/12\/2025\/02\/Oelberg.jpg","articleSection":["Ostern"],"inLanguage":"de"},{"@type":"WebPage","@id":"https:\/\/blog.holyart.it\/de\/ostern\/der-oelberg-einer-der-orte-die-jesus-am-meisten-am-herzen-lagen\/","url":"https:\/\/blog.holyart.it\/de\/ostern\/der-oelberg-einer-der-orte-die-jesus-am-meisten-am-herzen-lagen\/","name":"Der \u00d6lberg, einer der Orte, die Jesus am meisten am Herzen lagen - Holyart.de Blog","isPartOf":{"@id":"https:\/\/blog.holyart.it\/de\/#website"},"primaryImageOfPage":{"@id":"https:\/\/blog.holyart.it\/de\/ostern\/der-oelberg-einer-der-orte-die-jesus-am-meisten-am-herzen-lagen\/#primaryimage"},"image":{"@id":"https:\/\/blog.holyart.it\/de\/ostern\/der-oelberg-einer-der-orte-die-jesus-am-meisten-am-herzen-lagen\/#primaryimage"},"thumbnailUrl":"https:\/\/blog.holyart.it\/de\/wp-content\/uploads\/sites\/12\/2025\/02\/Oelberg.jpg","datePublished":"2025-03-17T09:00:47+00:00","dateModified":"2025-07-17T15:27:56+00:00","description":"Seit der Antike ist der \u00d6lberg ein Ort der Geheimnisse, der Schauplatz gro\u00dfer biblischer Ereignisse. Hier beginnt die Passion Jesu","breadcrumb":{"@id":"https:\/\/blog.holyart.it\/de\/ostern\/der-oelberg-einer-der-orte-die-jesus-am-meisten-am-herzen-lagen\/#breadcrumb"},"inLanguage":"de","potentialAction":[{"@type":"ReadAction","target":["https:\/\/blog.holyart.it\/de\/ostern\/der-oelberg-einer-der-orte-die-jesus-am-meisten-am-herzen-lagen\/"]}]},{"@type":"ImageObject","inLanguage":"de","@id":"https:\/\/blog.holyart.it\/de\/ostern\/der-oelberg-einer-der-orte-die-jesus-am-meisten-am-herzen-lagen\/#primaryimage","url":"https:\/\/blog.holyart.it\/de\/wp-content\/uploads\/sites\/12\/2025\/02\/Oelberg.jpg","contentUrl":"https:\/\/blog.holyart.it\/de\/wp-content\/uploads\/sites\/12\/2025\/02\/Oelberg.jpg","width":1000,"height":666,"caption":"\u00d6lberg"},{"@type":"BreadcrumbList","@id":"https:\/\/blog.holyart.it\/de\/ostern\/der-oelberg-einer-der-orte-die-jesus-am-meisten-am-herzen-lagen\/#breadcrumb","itemListElement":[{"@type":"ListItem","position":1,"name":"Homepage","item":"https:\/\/blog.holyart.it\/de\/"},{"@type":"ListItem","position":2,"name":"Ostern","item":"https:\/\/blog.holyart.it\/de\/ostern\/"},{"@type":"ListItem","position":3,"name":"Der \u00d6lberg, einer der Orte, die Jesus am meisten am Herzen lagen"}]},{"@type":"WebSite","@id":"https:\/\/blog.holyart.it\/de\/#website","url":"https:\/\/blog.holyart.it\/de\/","name":"Holyart.de Blog","description":"Holyblog","publisher":{"@id":"https:\/\/blog.holyart.it\/de\/#organization"},"potentialAction":[{"@type":"SearchAction","target":{"@type":"EntryPoint","urlTemplate":"https:\/\/blog.holyart.it\/de\/?s={search_term_string}"},"query-input":{"@type":"PropertyValueSpecification","valueRequired":true,"valueName":"search_term_string"}}],"inLanguage":"de"},{"@type":"Organization","@id":"https:\/\/blog.holyart.it\/de\/#organization","name":"Holyart.de Blog","url":"https:\/\/blog.holyart.it\/de\/","logo":{"@type":"ImageObject","inLanguage":"de","@id":"https:\/\/blog.holyart.it\/de\/#\/schema\/logo\/image\/","url":"https:\/\/blog.holyart.it\/de\/wp-content\/uploads\/sites\/12\/2022\/12\/Holyart_Blog_Logo.jpg","contentUrl":"https:\/\/blog.holyart.it\/de\/wp-content\/uploads\/sites\/12\/2022\/12\/Holyart_Blog_Logo.jpg","width":300,"height":50,"caption":"Holyart.de Blog"},"image":{"@id":"https:\/\/blog.holyart.it\/de\/#\/schema\/logo\/image\/"}},{"@type":"Person","@id":"https:\/\/blog.holyart.it\/de\/#\/schema\/person\/0a7b686e5af0f856ec1e390dd0baecda","name":"Redazione","image":{"@type":"ImageObject","inLanguage":"de","@id":"https:\/\/blog.holyart.it\/de\/#\/schema\/person\/image\/","url":"https:\/\/secure.gravatar.com\/avatar\/f477da817f43e50d0af36abecd33e3edf826c68299714bdc1057dff3b113f516?s=96&d=mm&r=g","contentUrl":"https:\/\/secure.gravatar.com\/avatar\/f477da817f43e50d0af36abecd33e3edf826c68299714bdc1057dff3b113f516?s=96&d=mm&r=g","caption":"Redazione"}}]}},"_links":{"self":[{"href":"https:\/\/blog.holyart.it\/de\/wp-json\/wp\/v2\/posts\/5598","targetHints":{"allow":["GET"]}}],"collection":[{"href":"https:\/\/blog.holyart.it\/de\/wp-json\/wp\/v2\/posts"}],"about":[{"href":"https:\/\/blog.holyart.it\/de\/wp-json\/wp\/v2\/types\/post"}],"author":[{"embeddable":true,"href":"https:\/\/blog.holyart.it\/de\/wp-json\/wp\/v2\/users\/1"}],"replies":[{"embeddable":true,"href":"https:\/\/blog.holyart.it\/de\/wp-json\/wp\/v2\/comments?post=5598"}],"version-history":[{"count":6,"href":"https:\/\/blog.holyart.it\/de\/wp-json\/wp\/v2\/posts\/5598\/revisions"}],"predecessor-version":[{"id":5609,"href":"https:\/\/blog.holyart.it\/de\/wp-json\/wp\/v2\/posts\/5598\/revisions\/5609"}],"wp:featuredmedia":[{"embeddable":true,"href":"https:\/\/blog.holyart.it\/de\/wp-json\/wp\/v2\/media\/5601"}],"wp:attachment":[{"href":"https:\/\/blog.holyart.it\/de\/wp-json\/wp\/v2\/media?parent=5598"}],"wp:term":[{"taxonomy":"category","embeddable":true,"href":"https:\/\/blog.holyart.it\/de\/wp-json\/wp\/v2\/categories?post=5598"},{"taxonomy":"post_tag","embeddable":true,"href":"https:\/\/blog.holyart.it\/de\/wp-json\/wp\/v2\/tags?post=5598"}],"curies":[{"name":"wp","href":"https:\/\/api.w.org\/{rel}","templated":true}]}}