{"id":5587,"date":"2025-03-14T10:00:56","date_gmt":"2025-03-14T09:00:56","guid":{"rendered":"https:\/\/blog.holyart.it\/de\/?p=5587"},"modified":"2025-03-19T17:42:33","modified_gmt":"2025-03-19T16:42:33","slug":"simon-von-cyrene-der-mann-der-jesus-half-das-kreuz-zu-tragen","status":"publish","type":"post","link":"https:\/\/blog.holyart.it\/de\/devotionalien\/simon-von-cyrene-der-mann-der-jesus-half-das-kreuz-zu-tragen\/","title":{"rendered":"Simon von Cyrene, der Mann, der Jesus half, das Kreuz zu tragen"},"content":{"rendered":"<h4>Wer hat Jesus geholfen, das Kreuz zu tragen? Simon von Cyrene, ein Teilnehmer an der Passion und Protagonist der f\u00fcnften Station des Kreuzwegs. Aber wer war er?<\/h4>\n<p>Die <a href=\"https:\/\/www.holyart.de\/devotionalien\/italienische-christliche-bucher\/evangelien-in-italienischer-sprache?page=1\"><strong>synoptischen Evangelien<\/strong><\/a> berichten von der Reise Jesu zum Kreuzigungsberg, dem Kalvarienberg oder Golgatha, dem <em>Ort des Sch\u00e4dels<\/em>, wie dieser H\u00fcgel, der Schauplatz der blutigen Hinrichtungen, schon damals genannt wurde, mit einigen bedeutenden Unterschieden. Insbesondere das <strong>Markus- und das Matth\u00e4usevangelium<\/strong> erw\u00e4hnen den Namen eines Mannes, <strong>Simon von Cyrene<\/strong>, <strong><a href=\"https:\/\/www.holyart.de\/besondere-anlasse\/passionskrippe\/aufstieg-zum-kalvarienberg-fur-9-cm-krippe\">der Jesus geholfen haben soll<\/a><\/strong>, das Kreuz zum Ort der Kreuzigung zu tragen. Christus, der nach den Gei\u00dfelungen und unz\u00e4hligen Folterungen durch seine Peiniger ersch\u00f6pft war, hatte nicht mehr die Kraft, den ganzen Weg nach Golgatha zu gehen, so dass die r\u00f6mischen Soldaten: \u201e&#8230;<em>sie zwangen einen Vor\u00fcbergehenden, einen gewissen Simon von Kyrene, der vom Lande kam, den Vater von Alexander und Rufus, das Kreuz zu tragen. So f\u00fchrten sie Jesus an den Ort Golgatha, was Sch\u00e4delst\u00e4tte bedeutet<\/em>\u201c (Mk 15,21-22).<\/p>\n<div class=\"link-product\">\n<div class=\"blocco-immagine\"><img loading=\"lazy\" decoding=\"async\" class=\"alignnone size-full wp-image-5590\" src=\"https:\/\/blog.holyart.it\/de\/wp-content\/uploads\/sites\/12\/2025\/02\/Aufstieg-zum-Kalvarienberg-fuer-9-cm-Krippe.jpg\" alt=\"Aufstieg zum Kalvarienberg, f\u00fcr 9 cm Krippe \" width=\"100\" height=\"100\" data-kale-share-title=\"Simon von Cyrene, der Mann, der Jesus half, das Kreuz zu tragen\" data-kale-share-url=\"https:\/\/blog.holyart.it\/de\/?p=5587\" \/><\/div>\n<div class=\"blocco-contenuto\">\n<div class=\"blocco-acquista\">Einkaufen:<\/div>\n<div class=\"blocco-titolo\"><a href=\"https:\/\/www.holyart.de\/besondere-anlasse\/passionskrippe\/aufstieg-zum-kalvarienberg-fur-9-cm-krippe\">Aufstieg zum Kalvarienberg, f\u00fcr 9 cm Krippe <\/a><\/div>\n<div class=\"blocco-descrizione\">Die Szene zeigt den Moment, in dem Jesus gezwungen wird, das Kreuz auf seiner Schulter zu tragen.<\/div>\n<\/div>\n<\/div>\n<p><strong>Matth\u00e4us<\/strong> erw\u00e4hnt auch einen gewissen Simon, der in seiner Version von den R\u00f6mern gezwungen wird, das Kreuz aus dem Gerichtssaal zu tragen, in dem Jesus verurteilt wurde (Matth\u00e4us 27,32). <strong>Johannes<\/strong> zufolge trug Jesus stattdessen sein eigenes Kreuz allein bis nach Golgatha.<\/p>\n<p>Aber wer war dieser Simon von Cyrene, und warum zwangen die R\u00f6mer ihn, eine so ungl\u00fcckliche und doch wichtige Rolle bei der Kreuzigung Jesu zu spielen? Wir m\u00fcssen den historischen Kontext der Passion Jesu betrachten: Die R\u00f6mer herrschten in Jud\u00e4a und wie alle Herrscher vers\u00e4umten sie es nicht, die ihnen unterworfene Bev\u00f6lkerung mit Gewalt und Unterdr\u00fcckung zu ver\u00e4rgern. Es gab sogar ein Gesetz, das es den r\u00f6mischen Beamten erlaubte, jeden zu zwingen, selbst schwere Arbeiten zu verrichten, und zwar unabh\u00e4ngig vom sozialen Status der Person. Simon von Cyrene, der auserw\u00e4hlt wurde, das <em>Patibulum<\/em>, den waagerechten Arm des Kreuzes, hinter Jesus zu tragen, war nur ein Schaulustiger. Er war nicht Zeuge der Passion Christi, sondern kam zuf\u00e4llig vorbei und war einigen historischen Quellen zufolge ein <strong>angesehener Mann<\/strong>, also ein Mann von Kultur und nicht von geringerem Rang. Indem die R\u00f6mer ihn zwangen, dieses Folter- und Todeswerkzeug zu tragen, erniedrigten sie ihn nicht nur, sondern hinderten ihn automatisch daran, am <strong><a href=\"https:\/\/www.holyart.de\/blog\/devotionalien\/wie-wird-ostern-berechnet\/\">Passahfest<\/a> <\/strong>teilzunehmen, denn von diesem Moment an w\u00e4re er in den Augen Gottes und der Menschen unrein gewesen.<\/p>\n<div class=\"link-article\">\n<p><img loading=\"lazy\" decoding=\"async\" class=\"alignnone size-full wp-image-5592\" src=\"https:\/\/blog.holyart.it\/de\/wp-content\/uploads\/sites\/12\/2025\/02\/Wie-wird-Ostern-berechnet-1.jpeg\" alt=\"Wie wird Ostern berechnet\" width=\"150\" height=\"99\" data-kale-share-title=\"Simon von Cyrene, der Mann, der Jesus half, das Kreuz zu tragen\" data-kale-share-url=\"https:\/\/blog.holyart.it\/de\/?p=5587\" \/><\/p>\n<div class=\"leggi-anche\">Lesen Sie auch:<\/div>\n<p><strong><a href=\"https:\/\/www.holyart.de\/blog\/devotionalien\/wie-wird-ostern-berechnet\/\">Wie wird Ostern berechnet?<\/a><\/strong><br \/>\nJedes Jahr \u00e4ndert sich das Datum, aber es bleibt das wichtigste Fest: In diesem Artikel erfahren Sie, wie Ostern in der j\u00fcdischen und&#8230;<\/p>\n<\/div>\n<p>In Jerusalem steht die <strong>Kapelle des Simon von Cyrene<\/strong>, ganz in der N\u00e4he der Stelle, an der Simon Jesus zu Hilfe kam. Sie wurde 1895 an der <strong><a href=\"https:\/\/www.holyart.de\/blog\/ostern\/via-dolorosa-die-14-bronzeinstallationen-die-die-szenen-der-passion-darstellen\/\"><u>Via Dolorosa<\/u><\/a><\/strong> in der Altstadt erbaut und geh\u00f6rt dem Franziskanerorden.<\/p>\n<div class=\"link-article\">\n<p><img loading=\"lazy\" decoding=\"async\" class=\"alignnone size-full wp-image-5593\" src=\"https:\/\/blog.holyart.it\/de\/wp-content\/uploads\/sites\/12\/2025\/02\/Via-Dolorosa-die-14-Bronzeinstallationen-die-die-Szenen-der-Passion-darstellen-1.jpg\" alt=\"Via Dolorosa die 14 Bronzeinstallationen, die die Szenen der Passion darstellen\" width=\"150\" height=\"99\" data-kale-share-title=\"Simon von Cyrene, der Mann, der Jesus half, das Kreuz zu tragen\" data-kale-share-url=\"https:\/\/blog.holyart.it\/de\/?p=5587\" \/><\/p>\n<div class=\"leggi-anche\">Lesen Sie auch:<\/div>\n<p><strong><a href=\"https:\/\/www.holyart.de\/blog\/ostern\/via-dolorosa-die-14-bronzeinstallationen-die-die-szenen-der-passion-darstellen\/\">Via Dolorosa: die 14 Bronzeinstallationen, die die Szenen der Passion darstellen<\/a><\/strong><br \/>\nDie Via Dolorosa in Jerusalem verfolgt die Stationen der Passion&#8230;<\/p>\n<\/div>\n<h2>Der Cyren\u00e4er im Markusevangelium<\/h2>\n<p>Es ist wahrscheinlich, dass der Evangelist <strong>Markus<\/strong> Simon kannte, oder zumindest seine S\u00f6hne Alexander und Rufus, die als Zeugen der Szene erw\u00e4hnt werden, in der ihr Vater eine Hauptrolle spielte. Dies ergibt sich aus der Tatsache, dass Markus in der Regel sehr zur\u00fcckhaltend war, die genauen Namen der Protagonisten der von ihm erz\u00e4hlten Ereignisse aufzuschreiben, w\u00e4hrend er in diesem Fall alle Mitglieder der Familie nannte. Vielleicht waren sie noch am Leben, als Markus sein Evangelium schrieb, und auf jeden Fall waren sie in der r\u00f6mischen christlichen Gemeinde gut bekannt. Die Familie stammte urspr\u00fcnglich aus Kyrene, einer Stadt im Osten Libyens, damals eine r\u00f6mische Kolonie. Daher der Begriff \u201e<strong>Cyren\u00e4er<\/strong>\u201c, mit dem Simon manchmal bezeichnet wird und der im allgemeinen Sprachgebrauch zum Synonym f\u00fcr jemanden geworden ist, der freiwillig oder unfreiwillig die Last und das Leid eines anderen Menschen auf sich nimmt. Die Entdeckung einiger Gr\u00e4ber und Beinh\u00e4user in der Mitte des 20. Jahrhunderts lieferte neue Informationen und bewies die historische Existenz dieser Person und ihrer Familie.<\/p>\n<h2>Die f\u00fcnfte Station des Kreuzweges<\/h2>\n<p>Ein einfacher Mann, Simon von Cyrene, ein Fremder aus der Ferne, und doch bereit, die schreckliche Last eines gebrochenen Menschen auf sich zu nehmen, zu einer Zeit, als alle seine Freunde ihn verlassen hatten und sein eigener Vater ihn zu einem Schicksal verurteilte, das schlimmer als der Tod war. Es ist <strong>eine Hymne auf die Liebe und die Barmherzigkeit<\/strong>, auch dort, wo wir sie nicht erwarten, ein Aufruf, <strong>die Vielfalt anzunehmen, sie willkommen zu hei\u00dfen und ihr auf dem gewundenen Weg des Lebens beizustehen<\/strong>. Die f\u00fcnfte Station des <strong><a href=\"https:\/\/www.holyart.de\/kirchenbedarf\/kirchenausstattung\/kreuzwege\/kreuzweg-bild-mit-kreuzigung\"><u>Kreuzweges<\/u> <\/a><\/strong>ist ihm gewidmet, der zum Teilnehmer eines uns\u00e4glichen Verbrechens gemacht wurde und dennoch in der Lage war, denen, die in diesem Moment mehr litten als er, Kraft und Unterst\u00fctzung zu geben. Wenn wir die verschiedenen Darstellungen des Kreuzwegs betrachten, von denen Sie auch in unserem <strong><a href=\"https:\/\/www.holyart.de\/kirchenbedarf\/kirchenausstattung\/kreuzwege?page=1\"><u>Online-Shop<\/u><\/a><\/strong> viele sch\u00f6ne Reproduktionen finden, k\u00f6nnen wir uns des Gef\u00fchls nicht erwehren, dass auch wir Teilnehmer am Geheimnis der Passion sind, wie Simon von Cyrene und seine S\u00f6hne, Zuschauer eines unwiederholbaren Ereignisses und Teil der Geschichte aller Geschichten im Neuen Testament.<\/p>\n<div class=\"link-product\">\n<div class=\"blocco-immagine\"><img loading=\"lazy\" decoding=\"async\" class=\"alignnone size-full wp-image-5595\" src=\"https:\/\/blog.holyart.it\/de\/wp-content\/uploads\/sites\/12\/2025\/02\/Kreuzweg-Bild-mit-Kreuzigung.jpg\" alt=\"Kreuzweg Bild mit Kreuzigung\" width=\"100\" height=\"100\" data-kale-share-title=\"Simon von Cyrene, der Mann, der Jesus half, das Kreuz zu tragen\" data-kale-share-url=\"https:\/\/blog.holyart.it\/de\/?p=5587\" \/><\/div>\n<div class=\"blocco-contenuto\">\n<div class=\"blocco-acquista\">Einkaufen:<\/div>\n<div class=\"blocco-titolo\"><a href=\"https:\/\/www.holyart.de\/kirchenbedarf\/kirchenausstattung\/kreuzwege\/kreuzweg-bild-mit-kreuzigung\">Kreuzweg Bild mit Kreuzigung<\/a><\/div>\n<div class=\"blocco-descrizione\">Das Bild zeigt den ganzen Kreuzweg mit der Kreuzigung in der Mitte.<\/div>\n<\/div>\n<\/div>\n","protected":false},"excerpt":{"rendered":"<p>Wer hat Jesus geholfen, das Kreuz zu tragen? Simon von Cyrene, ein Teilnehmer an der Passion und Protagonist der f\u00fcnften Station des Kreuzwegs. Aber wer war er? Die synoptischen Evangelien berichten von der Reise Jesu zum Kreuzigungsberg, dem Kalvarienberg oder Golgatha, dem Ort des Sch\u00e4dels,&hellip;<\/p>\n","protected":false},"author":1,"featured_media":5589,"comment_status":"closed","ping_status":"open","sticky":false,"template":"","format":"standard","meta":{"_acf_changed":false,"footnotes":""},"categories":[10],"tags":[],"class_list":["post-5587","post","type-post","status-publish","format-standard","has-post-thumbnail","hentry","category-devotionalien"],"acf":[],"yoast_head":"<!-- This site is optimized with the Yoast SEO plugin v26.6 - https:\/\/yoast.com\/wordpress\/plugins\/seo\/ -->\n<title>Simon von Cyrene, der Mann, der Jesus half, das Kreuz zu tragen - Holyart.de Blog<\/title>\n<meta name=\"description\" content=\"Simon von Cyrene, ein gew\u00f6hnlicher Mann, ein Fremder, der gezwungen ist, die Passion Jesu zu teilen. Entdecken wir, wer er war und wo wir ihn auf der Via Crucis finden\" \/>\n<meta name=\"robots\" content=\"index, follow, max-snippet:-1, max-image-preview:large, max-video-preview:-1\" \/>\n<link rel=\"canonical\" href=\"https:\/\/blog.holyart.it\/de\/devotionalien\/simon-von-cyrene-der-mann-der-jesus-half-das-kreuz-zu-tragen\/\" \/>\n<meta property=\"og:locale\" content=\"de_DE\" \/>\n<meta property=\"og:type\" content=\"article\" \/>\n<meta property=\"og:title\" content=\"Simon von Cyrene, der Mann, der Jesus half, das Kreuz zu tragen - Holyart.de Blog\" \/>\n<meta property=\"og:description\" content=\"Simon von Cyrene, ein gew\u00f6hnlicher Mann, ein Fremder, der gezwungen ist, die Passion Jesu zu teilen. Entdecken wir, wer er war und wo wir ihn auf der Via Crucis finden\" \/>\n<meta property=\"og:url\" content=\"https:\/\/blog.holyart.it\/de\/devotionalien\/simon-von-cyrene-der-mann-der-jesus-half-das-kreuz-zu-tragen\/\" \/>\n<meta property=\"og:site_name\" content=\"Holyart.de Blog\" \/>\n<meta property=\"article:published_time\" content=\"2025-03-14T09:00:56+00:00\" \/>\n<meta property=\"article:modified_time\" content=\"2025-03-19T16:42:33+00:00\" \/>\n<meta property=\"og:image\" content=\"https:\/\/blog.holyart.it\/de\/wp-content\/uploads\/sites\/12\/2025\/02\/Simon-von-Cyrene.jpg\" \/>\n\t<meta property=\"og:image:width\" content=\"1000\" \/>\n\t<meta property=\"og:image:height\" content=\"666\" \/>\n\t<meta property=\"og:image:type\" content=\"image\/jpeg\" \/>\n<meta name=\"author\" content=\"Redazione\" \/>\n<meta name=\"twitter:card\" content=\"summary_large_image\" \/>\n<meta name=\"twitter:label1\" content=\"Verfasst von\" \/>\n\t<meta name=\"twitter:data1\" content=\"Redazione\" \/>\n\t<meta name=\"twitter:label2\" content=\"Gesch\u00e4tzte Lesezeit\" \/>\n\t<meta name=\"twitter:data2\" content=\"6\u00a0Minuten\" \/>\n<script type=\"application\/ld+json\" class=\"yoast-schema-graph\">{\"@context\":\"https:\/\/schema.org\",\"@graph\":[{\"@type\":\"Article\",\"@id\":\"https:\/\/blog.holyart.it\/de\/devotionalien\/simon-von-cyrene-der-mann-der-jesus-half-das-kreuz-zu-tragen\/#article\",\"isPartOf\":{\"@id\":\"https:\/\/blog.holyart.it\/de\/devotionalien\/simon-von-cyrene-der-mann-der-jesus-half-das-kreuz-zu-tragen\/\"},\"author\":{\"name\":\"Redazione\",\"@id\":\"https:\/\/blog.holyart.it\/de\/#\/schema\/person\/0a7b686e5af0f856ec1e390dd0baecda\"},\"headline\":\"Simon von Cyrene, der Mann, der Jesus half, das Kreuz zu tragen\",\"datePublished\":\"2025-03-14T09:00:56+00:00\",\"dateModified\":\"2025-03-19T16:42:33+00:00\",\"mainEntityOfPage\":{\"@id\":\"https:\/\/blog.holyart.it\/de\/devotionalien\/simon-von-cyrene-der-mann-der-jesus-half-das-kreuz-zu-tragen\/\"},\"wordCount\":918,\"publisher\":{\"@id\":\"https:\/\/blog.holyart.it\/de\/#organization\"},\"image\":{\"@id\":\"https:\/\/blog.holyart.it\/de\/devotionalien\/simon-von-cyrene-der-mann-der-jesus-half-das-kreuz-zu-tragen\/#primaryimage\"},\"thumbnailUrl\":\"https:\/\/blog.holyart.it\/de\/wp-content\/uploads\/sites\/12\/2025\/02\/Simon-von-Cyrene.jpg\",\"articleSection\":[\"Religion\"],\"inLanguage\":\"de\"},{\"@type\":\"WebPage\",\"@id\":\"https:\/\/blog.holyart.it\/de\/devotionalien\/simon-von-cyrene-der-mann-der-jesus-half-das-kreuz-zu-tragen\/\",\"url\":\"https:\/\/blog.holyart.it\/de\/devotionalien\/simon-von-cyrene-der-mann-der-jesus-half-das-kreuz-zu-tragen\/\",\"name\":\"Simon von Cyrene, der Mann, der Jesus half, das Kreuz zu tragen - Holyart.de Blog\",\"isPartOf\":{\"@id\":\"https:\/\/blog.holyart.it\/de\/#website\"},\"primaryImageOfPage\":{\"@id\":\"https:\/\/blog.holyart.it\/de\/devotionalien\/simon-von-cyrene-der-mann-der-jesus-half-das-kreuz-zu-tragen\/#primaryimage\"},\"image\":{\"@id\":\"https:\/\/blog.holyart.it\/de\/devotionalien\/simon-von-cyrene-der-mann-der-jesus-half-das-kreuz-zu-tragen\/#primaryimage\"},\"thumbnailUrl\":\"https:\/\/blog.holyart.it\/de\/wp-content\/uploads\/sites\/12\/2025\/02\/Simon-von-Cyrene.jpg\",\"datePublished\":\"2025-03-14T09:00:56+00:00\",\"dateModified\":\"2025-03-19T16:42:33+00:00\",\"description\":\"Simon von Cyrene, ein gew\u00f6hnlicher Mann, ein Fremder, der gezwungen ist, die Passion Jesu zu teilen. Entdecken wir, wer er war und wo wir ihn auf der Via Crucis finden\",\"breadcrumb\":{\"@id\":\"https:\/\/blog.holyart.it\/de\/devotionalien\/simon-von-cyrene-der-mann-der-jesus-half-das-kreuz-zu-tragen\/#breadcrumb\"},\"inLanguage\":\"de\",\"potentialAction\":[{\"@type\":\"ReadAction\",\"target\":[\"https:\/\/blog.holyart.it\/de\/devotionalien\/simon-von-cyrene-der-mann-der-jesus-half-das-kreuz-zu-tragen\/\"]}]},{\"@type\":\"ImageObject\",\"inLanguage\":\"de\",\"@id\":\"https:\/\/blog.holyart.it\/de\/devotionalien\/simon-von-cyrene-der-mann-der-jesus-half-das-kreuz-zu-tragen\/#primaryimage\",\"url\":\"https:\/\/blog.holyart.it\/de\/wp-content\/uploads\/sites\/12\/2025\/02\/Simon-von-Cyrene.jpg\",\"contentUrl\":\"https:\/\/blog.holyart.it\/de\/wp-content\/uploads\/sites\/12\/2025\/02\/Simon-von-Cyrene.jpg\",\"width\":1000,\"height\":666,\"caption\":\"Simon von Cyrene\"},{\"@type\":\"BreadcrumbList\",\"@id\":\"https:\/\/blog.holyart.it\/de\/devotionalien\/simon-von-cyrene-der-mann-der-jesus-half-das-kreuz-zu-tragen\/#breadcrumb\",\"itemListElement\":[{\"@type\":\"ListItem\",\"position\":1,\"name\":\"Homepage\",\"item\":\"https:\/\/blog.holyart.it\/de\/\"},{\"@type\":\"ListItem\",\"position\":2,\"name\":\"Religion\",\"item\":\"https:\/\/blog.holyart.it\/de\/devotionalien\/\"},{\"@type\":\"ListItem\",\"position\":3,\"name\":\"Simon von Cyrene, der Mann, der Jesus half, das Kreuz zu tragen\"}]},{\"@type\":\"WebSite\",\"@id\":\"https:\/\/blog.holyart.it\/de\/#website\",\"url\":\"https:\/\/blog.holyart.it\/de\/\",\"name\":\"Holyart.de Blog\",\"description\":\"Holyblog\",\"publisher\":{\"@id\":\"https:\/\/blog.holyart.it\/de\/#organization\"},\"potentialAction\":[{\"@type\":\"SearchAction\",\"target\":{\"@type\":\"EntryPoint\",\"urlTemplate\":\"https:\/\/blog.holyart.it\/de\/?s={search_term_string}\"},\"query-input\":{\"@type\":\"PropertyValueSpecification\",\"valueRequired\":true,\"valueName\":\"search_term_string\"}}],\"inLanguage\":\"de\"},{\"@type\":\"Organization\",\"@id\":\"https:\/\/blog.holyart.it\/de\/#organization\",\"name\":\"Holyart.de Blog\",\"url\":\"https:\/\/blog.holyart.it\/de\/\",\"logo\":{\"@type\":\"ImageObject\",\"inLanguage\":\"de\",\"@id\":\"https:\/\/blog.holyart.it\/de\/#\/schema\/logo\/image\/\",\"url\":\"https:\/\/blog.holyart.it\/de\/wp-content\/uploads\/sites\/12\/2022\/12\/Holyart_Blog_Logo.jpg\",\"contentUrl\":\"https:\/\/blog.holyart.it\/de\/wp-content\/uploads\/sites\/12\/2022\/12\/Holyart_Blog_Logo.jpg\",\"width\":300,\"height\":50,\"caption\":\"Holyart.de Blog\"},\"image\":{\"@id\":\"https:\/\/blog.holyart.it\/de\/#\/schema\/logo\/image\/\"}},{\"@type\":\"Person\",\"@id\":\"https:\/\/blog.holyart.it\/de\/#\/schema\/person\/0a7b686e5af0f856ec1e390dd0baecda\",\"name\":\"Redazione\",\"image\":{\"@type\":\"ImageObject\",\"inLanguage\":\"de\",\"@id\":\"https:\/\/blog.holyart.it\/de\/#\/schema\/person\/image\/\",\"url\":\"https:\/\/secure.gravatar.com\/avatar\/f477da817f43e50d0af36abecd33e3edf826c68299714bdc1057dff3b113f516?s=96&d=mm&r=g\",\"contentUrl\":\"https:\/\/secure.gravatar.com\/avatar\/f477da817f43e50d0af36abecd33e3edf826c68299714bdc1057dff3b113f516?s=96&d=mm&r=g\",\"caption\":\"Redazione\"}}]}<\/script>\n<!-- \/ Yoast SEO plugin. -->","yoast_head_json":{"title":"Simon von Cyrene, der Mann, der Jesus half, das Kreuz zu tragen - Holyart.de Blog","description":"Simon von Cyrene, ein gew\u00f6hnlicher Mann, ein Fremder, der gezwungen ist, die Passion Jesu zu teilen. Entdecken wir, wer er war und wo wir ihn auf der Via Crucis finden","robots":{"index":"index","follow":"follow","max-snippet":"max-snippet:-1","max-image-preview":"max-image-preview:large","max-video-preview":"max-video-preview:-1"},"canonical":"https:\/\/blog.holyart.it\/de\/devotionalien\/simon-von-cyrene-der-mann-der-jesus-half-das-kreuz-zu-tragen\/","og_locale":"de_DE","og_type":"article","og_title":"Simon von Cyrene, der Mann, der Jesus half, das Kreuz zu tragen - Holyart.de Blog","og_description":"Simon von Cyrene, ein gew\u00f6hnlicher Mann, ein Fremder, der gezwungen ist, die Passion Jesu zu teilen. Entdecken wir, wer er war und wo wir ihn auf der Via Crucis finden","og_url":"https:\/\/blog.holyart.it\/de\/devotionalien\/simon-von-cyrene-der-mann-der-jesus-half-das-kreuz-zu-tragen\/","og_site_name":"Holyart.de Blog","article_published_time":"2025-03-14T09:00:56+00:00","article_modified_time":"2025-03-19T16:42:33+00:00","og_image":[{"width":1000,"height":666,"url":"https:\/\/blog.holyart.it\/de\/wp-content\/uploads\/sites\/12\/2025\/02\/Simon-von-Cyrene.jpg","type":"image\/jpeg"}],"author":"Redazione","twitter_card":"summary_large_image","twitter_misc":{"Verfasst von":"Redazione","Gesch\u00e4tzte Lesezeit":"6\u00a0Minuten"},"schema":{"@context":"https:\/\/schema.org","@graph":[{"@type":"Article","@id":"https:\/\/blog.holyart.it\/de\/devotionalien\/simon-von-cyrene-der-mann-der-jesus-half-das-kreuz-zu-tragen\/#article","isPartOf":{"@id":"https:\/\/blog.holyart.it\/de\/devotionalien\/simon-von-cyrene-der-mann-der-jesus-half-das-kreuz-zu-tragen\/"},"author":{"name":"Redazione","@id":"https:\/\/blog.holyart.it\/de\/#\/schema\/person\/0a7b686e5af0f856ec1e390dd0baecda"},"headline":"Simon von Cyrene, der Mann, der Jesus half, das Kreuz zu tragen","datePublished":"2025-03-14T09:00:56+00:00","dateModified":"2025-03-19T16:42:33+00:00","mainEntityOfPage":{"@id":"https:\/\/blog.holyart.it\/de\/devotionalien\/simon-von-cyrene-der-mann-der-jesus-half-das-kreuz-zu-tragen\/"},"wordCount":918,"publisher":{"@id":"https:\/\/blog.holyart.it\/de\/#organization"},"image":{"@id":"https:\/\/blog.holyart.it\/de\/devotionalien\/simon-von-cyrene-der-mann-der-jesus-half-das-kreuz-zu-tragen\/#primaryimage"},"thumbnailUrl":"https:\/\/blog.holyart.it\/de\/wp-content\/uploads\/sites\/12\/2025\/02\/Simon-von-Cyrene.jpg","articleSection":["Religion"],"inLanguage":"de"},{"@type":"WebPage","@id":"https:\/\/blog.holyart.it\/de\/devotionalien\/simon-von-cyrene-der-mann-der-jesus-half-das-kreuz-zu-tragen\/","url":"https:\/\/blog.holyart.it\/de\/devotionalien\/simon-von-cyrene-der-mann-der-jesus-half-das-kreuz-zu-tragen\/","name":"Simon von Cyrene, der Mann, der Jesus half, das Kreuz zu tragen - Holyart.de Blog","isPartOf":{"@id":"https:\/\/blog.holyart.it\/de\/#website"},"primaryImageOfPage":{"@id":"https:\/\/blog.holyart.it\/de\/devotionalien\/simon-von-cyrene-der-mann-der-jesus-half-das-kreuz-zu-tragen\/#primaryimage"},"image":{"@id":"https:\/\/blog.holyart.it\/de\/devotionalien\/simon-von-cyrene-der-mann-der-jesus-half-das-kreuz-zu-tragen\/#primaryimage"},"thumbnailUrl":"https:\/\/blog.holyart.it\/de\/wp-content\/uploads\/sites\/12\/2025\/02\/Simon-von-Cyrene.jpg","datePublished":"2025-03-14T09:00:56+00:00","dateModified":"2025-03-19T16:42:33+00:00","description":"Simon von Cyrene, ein gew\u00f6hnlicher Mann, ein Fremder, der gezwungen ist, die Passion Jesu zu teilen. Entdecken wir, wer er war und wo wir ihn auf der Via Crucis finden","breadcrumb":{"@id":"https:\/\/blog.holyart.it\/de\/devotionalien\/simon-von-cyrene-der-mann-der-jesus-half-das-kreuz-zu-tragen\/#breadcrumb"},"inLanguage":"de","potentialAction":[{"@type":"ReadAction","target":["https:\/\/blog.holyart.it\/de\/devotionalien\/simon-von-cyrene-der-mann-der-jesus-half-das-kreuz-zu-tragen\/"]}]},{"@type":"ImageObject","inLanguage":"de","@id":"https:\/\/blog.holyart.it\/de\/devotionalien\/simon-von-cyrene-der-mann-der-jesus-half-das-kreuz-zu-tragen\/#primaryimage","url":"https:\/\/blog.holyart.it\/de\/wp-content\/uploads\/sites\/12\/2025\/02\/Simon-von-Cyrene.jpg","contentUrl":"https:\/\/blog.holyart.it\/de\/wp-content\/uploads\/sites\/12\/2025\/02\/Simon-von-Cyrene.jpg","width":1000,"height":666,"caption":"Simon von Cyrene"},{"@type":"BreadcrumbList","@id":"https:\/\/blog.holyart.it\/de\/devotionalien\/simon-von-cyrene-der-mann-der-jesus-half-das-kreuz-zu-tragen\/#breadcrumb","itemListElement":[{"@type":"ListItem","position":1,"name":"Homepage","item":"https:\/\/blog.holyart.it\/de\/"},{"@type":"ListItem","position":2,"name":"Religion","item":"https:\/\/blog.holyart.it\/de\/devotionalien\/"},{"@type":"ListItem","position":3,"name":"Simon von Cyrene, der Mann, der Jesus half, das Kreuz zu tragen"}]},{"@type":"WebSite","@id":"https:\/\/blog.holyart.it\/de\/#website","url":"https:\/\/blog.holyart.it\/de\/","name":"Holyart.de Blog","description":"Holyblog","publisher":{"@id":"https:\/\/blog.holyart.it\/de\/#organization"},"potentialAction":[{"@type":"SearchAction","target":{"@type":"EntryPoint","urlTemplate":"https:\/\/blog.holyart.it\/de\/?s={search_term_string}"},"query-input":{"@type":"PropertyValueSpecification","valueRequired":true,"valueName":"search_term_string"}}],"inLanguage":"de"},{"@type":"Organization","@id":"https:\/\/blog.holyart.it\/de\/#organization","name":"Holyart.de Blog","url":"https:\/\/blog.holyart.it\/de\/","logo":{"@type":"ImageObject","inLanguage":"de","@id":"https:\/\/blog.holyart.it\/de\/#\/schema\/logo\/image\/","url":"https:\/\/blog.holyart.it\/de\/wp-content\/uploads\/sites\/12\/2022\/12\/Holyart_Blog_Logo.jpg","contentUrl":"https:\/\/blog.holyart.it\/de\/wp-content\/uploads\/sites\/12\/2022\/12\/Holyart_Blog_Logo.jpg","width":300,"height":50,"caption":"Holyart.de Blog"},"image":{"@id":"https:\/\/blog.holyart.it\/de\/#\/schema\/logo\/image\/"}},{"@type":"Person","@id":"https:\/\/blog.holyart.it\/de\/#\/schema\/person\/0a7b686e5af0f856ec1e390dd0baecda","name":"Redazione","image":{"@type":"ImageObject","inLanguage":"de","@id":"https:\/\/blog.holyart.it\/de\/#\/schema\/person\/image\/","url":"https:\/\/secure.gravatar.com\/avatar\/f477da817f43e50d0af36abecd33e3edf826c68299714bdc1057dff3b113f516?s=96&d=mm&r=g","contentUrl":"https:\/\/secure.gravatar.com\/avatar\/f477da817f43e50d0af36abecd33e3edf826c68299714bdc1057dff3b113f516?s=96&d=mm&r=g","caption":"Redazione"}}]}},"_links":{"self":[{"href":"https:\/\/blog.holyart.it\/de\/wp-json\/wp\/v2\/posts\/5587","targetHints":{"allow":["GET"]}}],"collection":[{"href":"https:\/\/blog.holyart.it\/de\/wp-json\/wp\/v2\/posts"}],"about":[{"href":"https:\/\/blog.holyart.it\/de\/wp-json\/wp\/v2\/types\/post"}],"author":[{"embeddable":true,"href":"https:\/\/blog.holyart.it\/de\/wp-json\/wp\/v2\/users\/1"}],"replies":[{"embeddable":true,"href":"https:\/\/blog.holyart.it\/de\/wp-json\/wp\/v2\/comments?post=5587"}],"version-history":[{"count":5,"href":"https:\/\/blog.holyart.it\/de\/wp-json\/wp\/v2\/posts\/5587\/revisions"}],"predecessor-version":[{"id":5597,"href":"https:\/\/blog.holyart.it\/de\/wp-json\/wp\/v2\/posts\/5587\/revisions\/5597"}],"wp:featuredmedia":[{"embeddable":true,"href":"https:\/\/blog.holyart.it\/de\/wp-json\/wp\/v2\/media\/5589"}],"wp:attachment":[{"href":"https:\/\/blog.holyart.it\/de\/wp-json\/wp\/v2\/media?parent=5587"}],"wp:term":[{"taxonomy":"category","embeddable":true,"href":"https:\/\/blog.holyart.it\/de\/wp-json\/wp\/v2\/categories?post=5587"},{"taxonomy":"post_tag","embeddable":true,"href":"https:\/\/blog.holyart.it\/de\/wp-json\/wp\/v2\/tags?post=5587"}],"curies":[{"name":"wp","href":"https:\/\/api.w.org\/{rel}","templated":true}]}}