{"id":5551,"date":"2025-03-05T10:00:05","date_gmt":"2025-03-05T09:00:05","guid":{"rendered":"https:\/\/blog.holyart.it\/de\/?p=5551"},"modified":"2025-03-13T09:53:26","modified_gmt":"2025-03-13T08:53:26","slug":"die-verlorenen-jahre-im-leben-von-jesus","status":"publish","type":"post","link":"https:\/\/blog.holyart.it\/de\/devotionalien\/die-verlorenen-jahre-im-leben-von-jesus\/","title":{"rendered":"Die verlorenen Jahre im Leben von Jesus"},"content":{"rendered":"<h4>Untersuchen wir die verlorenen Jahre im Leben von Jesus. Was hat er getan, bevor er zu predigen begann? Hat er Pal\u00e4stina jemals verlassen?<\/h4>\n<p>Das Leben Jesu ist dank der <a href=\"https:\/\/www.holyart.de\/devotionalien\/italienische-christliche-bucher\/evangelien-in-italienischer-sprache?page=1\"><strong>kanonischen Evangelien<\/strong><\/a> weitgehend bekannt, aber es gibt viele L\u00fccken, Zeitr\u00e4ume, in denen wir nur vermuten k\u00f6nnen, was er tat. Es ist seltsam, von verlorenen Jahren Jesu zu sprechen, und noch seltsamer, von dunklen Jahren zu sprechen. Was k\u00f6nnte an ihm dunkel sein, der der Tr\u00e4ger eines Lichtes war und ist, das die Finsternis und den Tod \u00fcber die Jahrtausende hinweg \u00fcberwindet?<\/p>\n<p>In der Tat bezeichnet dieser Begriff nur eine Periode im Leben Jesu, die nicht besonders erw\u00e4hnenswert ist und als solche in den Evangelien nicht erw\u00e4hnt wird. Sp\u00e4tere Texte haben versucht, diese Jahre des Schweigens Jesu, die auf die Geburt Jesu folgen und dem Beginn seiner Verk\u00fcndigung vorausgehen, nachzuerz\u00e4hlen. Die apokryphen Evangelien versuchten, die erz\u00e4hlerischen L\u00fccken des Neuen Testaments zu f\u00fcllen, und viele Gelehrte haben im Laufe der Jahrhunderte versucht, die <a href=\"https:\/\/www.holyart.de\/blog\/devotionalien\/die-geschichte-jesu-die-wichtigsten-ereignisse-in-seinem-leben\/\"><strong>Geschichte Jesu<\/strong><\/a> anhand der verf\u00fcgbaren Legenden und Informationen zu rekonstruieren. Auch heute noch forschen sie, studieren historische Quellen und vergleichen sie mit mittelalterlichen Texten und Berichten aller Art.<\/p>\n<div class=\"link-article\">\n<p><img loading=\"lazy\" decoding=\"async\" class=\"alignnone size-full wp-image-5554\" src=\"https:\/\/blog.holyart.it\/de\/wp-content\/uploads\/sites\/12\/2025\/02\/Die-Geschichte-Jesu.jpg\" alt=\"Die Geschichte Jesu\" width=\"150\" height=\"99\" data-kale-share-title=\"Die verlorenen Jahre im Leben von Jesus\" data-kale-share-url=\"https:\/\/blog.holyart.it\/de\/?p=5551\" \/><\/p>\n<div class=\"leggi-anche\">Lesen Sie auch:<\/div>\n<p><strong><a href=\"https:\/\/www.holyart.de\/blog\/devotionalien\/die-geschichte-jesu-die-wichtigsten-ereignisse-in-seinem-leben\/\">Die Geschichte Jesu: die wichtigsten Ereignisse in seinem Leben<\/a><\/strong><br \/>\nDie Geschichte Jesu, zwischen Evangelium, historischer Realit\u00e4t&#8230;<\/p>\n<\/div>\n<p>Im Pal\u00e4stina der damaligen Zeit und insbesondere in Nazareth, einer kleinen Stadt, die haupts\u00e4chlich von Juden bewohnt wurde, die in der Landwirtschaft t\u00e4tig waren, war die Kindheit und Jugend des historischen Jesus wahrscheinlich nicht anders als die jedes anderen Kindes und Jungen dieser Zeit und dieses Ortes. <strong>Im Alter von f\u00fcnf Jahren<\/strong> begannen die Kinder <strong>in der Synagoge zu lernen<\/strong> und wurden in den Beruf ihres Vaters eingewiesen. <strong>Das zw\u00f6lfte Lebensjahr<\/strong> war ein wichtiges Alter, da die Familie in den Tempel in Jerusalem ging, um die <em>Bar-Mizwa<\/em>, die <strong>religi\u00f6se Einf\u00fchrung des Kindes<\/strong>, zu feiern. Von nun an war der Junge Teil der Gemeinschaft und musste seine Zeit zwischen Arbeit, religi\u00f6sen Zeremonien in der Synagoge und dem Studium der Heiligen Schrift aufteilen. Zu den gro\u00dfen j\u00fcdischen Festen ging man in den Tempel in Jerusalem. Das Leben Jesu, dieses einzigartige und besondere Leben, f\u00fcr das man sich an ihn erinnert, beginnt eigentlich mit seiner Predigt, als er Nazareth verl\u00e4sst und auf Reisen geht, und die Evangelien kommen uns zu Hilfe.<\/p>\n<h2>Die Kindheit und Jugend von Jesus<\/h2>\n<p>Im <strong>Lukasevangelium<\/strong> finden wir zwei Episoden, die einige Hinweise auf die Kindheit Jesu geben. Die eine findet kurz nach seiner Geburt statt und ist die <a href=\"https:\/\/www.holyart.de\/blog\/devotionalien\/darstellung-jesu-im-tempel-zu-mariae-lichtmess\/\"><strong>Vorstellung im Tempel in Jerusalem<\/strong><\/a>. Der Evangelist schreibt, dass die Heilige Familie danach nach Nazareth zur\u00fcckkehrte und dass \u201e<em>das Kind wuchs und stark wurde; es war voller Weisheit, und die Gnade Gottes war auf ihm<\/em>.\u201c (Lukas 2,39-40)<\/p>\n<p>Wiederum erz\u00e4hlt Lukas kurz eine andere Episode, n\u00e4mlich <strong>den Verlust und das Wiederfinden von Jesus im Tempel<\/strong>. Jedes Jahr reisten Josef und Maria anl\u00e4sslich des Osterfestes nach Jerusalem. Als Jesus zw\u00f6lf Jahre alt war, nahmen sie ihn zu seiner Bar-Mizwa mit: \u201e<em>Als er [Jesus] zw\u00f6lf Jahre alt war, zogen sie nach Jerusalem hinauf, wie es der Brauch des Festes war; und als die Tage des Festes vor\u00fcber waren und sie zur\u00fcckkehrten, blieb das Kind Jesus ohne Wissen seiner Eltern in Jerusalem<\/em>\u201c (Lk 2,42-43). Maria und Josef fanden ihn im Tempel, wo sie mit den Lehrern sprechen wollten, und Jesus sagte angesichts ihrer Angst nur: \u201e<em>Warum habt ihr mich gesucht? Wusstet ihr nicht, dass ich im Haus meines Vaters zu finden bin?<\/em>\u201c (Lk 2,49).<\/p>\n<div class=\"link-article\">\n<p><img loading=\"lazy\" decoding=\"async\" class=\"alignnone size-full wp-image-5558\" src=\"https:\/\/blog.holyart.it\/de\/wp-content\/uploads\/sites\/12\/2025\/02\/Darstellung-Jesu-im-Tempel-zu-Mariae-Lichtmess.jpg\" alt=\"Darstellung Jesu im Tempel zu Mari\u00e4 Lichtmess\" width=\"150\" height=\"99\" data-kale-share-title=\"Die verlorenen Jahre im Leben von Jesus\" data-kale-share-url=\"https:\/\/blog.holyart.it\/de\/?p=5551\" \/><\/p>\n<div class=\"leggi-anche\">Lesen Sie auch:<\/div>\n<p><strong><a href=\"https:\/\/www.holyart.de\/blog\/devotionalien\/darstellung-jesu-im-tempel-zu-mariae-lichtmess\/\">Darstellung Jesu im Tempel zu Mari\u00e4 Lichtmess<\/a><\/strong><br \/>\nAm 2. Februar feiern wir die Darstellung Jesu im Tempel. Dieses Fest, das auch als Fest der Reinigung Mariens oder Mari\u00e4 Lichtmess bekannt ist&#8230;<\/p>\n<\/div>\n<p>Es ist anzunehmen, dass Jesus, nachdem er nach Nazareth zur\u00fcckgekehrt war, <strong>in die Fu\u00dfstapfen seines Vaters <\/strong>trat und wie der heilige Josef Zimmermann oder Tischler wurde, da die Zimmerleute in jener Zeit auch Baumeister waren. Sowohl Markus als auch Matth\u00e4us bezeichnen ihn in ihren Evangelien als <em>T\u00e9kt\u00f4n<\/em>, ein griechischer Begriff, der noch heute Gegenstand exegetischer Auseinandersetzungen ist, da er <em>Zimmermann, Maurer, Tischler <\/em>oder auch<em> Schmied <\/em>bedeuten kann.<\/p>\n<p>Die Theorie, dass <a href=\"https:\/\/www.holyart.de\/blog\/heilige-und-selige\/novene-zum-hl-josef-fuer-den-tag-der-arbeit\/\"><strong>Jesus zusammen mit Josef in der Familienwerkstatt arbeitet<\/strong><\/a>, wird durch eine der fr\u00fchesten Episoden im Markusevangelium best\u00e4tigt, als Jesus, der inzwischen drei\u00dfig Jahre alt ist, in Nazareth zu predigen beginnt. Die Einheimischen sind zun\u00e4chst ver\u00e4rgert \u00fcber diesen jungen Mann, der es wagt, am Sabbat in der Synagoge zu lehren, als ob er ein Lehrer w\u00e4re: \u201e<em>Woher hat er diese Dinge? Was ist das f\u00fcr eine Weisheit, die ihm gegeben wird? Und wie kommt es, dass durch seine Hand solch m\u00e4chtige Werke geschehen? Ist das nicht der Zimmermann, der Sohn der Maria, der Bruder des Jakobus, des Joses, des Judas und des Simon? Und sind nicht seine Schwestern hier unter uns?\u201c Und sie sch\u00e4mten sich seinetwegen<\/em>.\u201c (Markus 6,3-4)<\/p>\n<div class=\"link-article\">\n<p><img loading=\"lazy\" decoding=\"async\" class=\"alignnone size-full wp-image-5561\" src=\"https:\/\/blog.holyart.it\/de\/wp-content\/uploads\/sites\/12\/2025\/02\/Novene-zum-hl.-Josef-fuer-den-Tag-der-Arbeit-1.jpg\" alt=\"Novene zum hl. Josef f\u00fcr den Tag der Arbeit\" width=\"150\" height=\"99\" data-kale-share-title=\"Die verlorenen Jahre im Leben von Jesus\" data-kale-share-url=\"https:\/\/blog.holyart.it\/de\/?p=5551\" \/><\/p>\n<div class=\"leggi-anche\">Lesen Sie auch:<\/div>\n<p><strong><a href=\"https:\/\/www.holyart.de\/blog\/heilige-und-selige\/novene-zum-hl-josef-fuer-den-tag-der-arbeit\/\">Novene zum hl. Josef f\u00fcr den Tag der Arbeit<\/a><\/strong><br \/>\nDer heilige Josef ist eine unverzichtbare Figur, wenn man seine Gedanken auf das Leben und Wirken Jesu richtet.<\/p>\n<\/div>\n<p><a href=\"https:\/\/www.holyart.de\/besondere-anlasse\/heiliger-josef?page=1\"><strong>Josef<\/strong> <\/a>ist vermutlich gestorben, bevor Jesus drei\u00dfig Jahre alt wurde und zu predigen begann, sonst w\u00e4re nicht zu erkl\u00e4ren, warum Maria in den Evangelien immer allein ist. Nach dem Tod des Vaters wurde der \u00e4lteste Sohn zum Oberhaupt der Familie und \u00fcbernahm alle Pflichten und Lasten auf sich.<\/p>\n<div class=\"link-product\">\n<div class=\"blocco-immagine\"><img loading=\"lazy\" decoding=\"async\" class=\"alignnone size-full wp-image-5564\" src=\"https:\/\/blog.holyart.it\/de\/wp-content\/uploads\/sites\/12\/2025\/02\/Heiliger-Josef.jpg\" alt=\"Heiliger Josef\" width=\"100\" height=\"100\" data-kale-share-title=\"Die verlorenen Jahre im Leben von Jesus\" data-kale-share-url=\"https:\/\/blog.holyart.it\/de\/?p=5551\" \/><\/div>\n<div class=\"blocco-contenuto\">\n<div class=\"blocco-acquista\">Einkaufen:<\/div>\n<div class=\"blocco-titolo\"><a href=\"https:\/\/www.holyart.de\/besondere-anlasse\/heiliger-josef?page=1\">Heiliger Josef<\/a><\/div>\n<div class=\"blocco-descrizione\">Hier findest du die besten Andachtsartikel, die dem heiligen Josef gewidmet sind.<\/div>\n<\/div>\n<\/div>\n<h2>Jesus in Indien<\/h2>\n<p>Im Laufe der Jahrhunderte wurden auch Versuche unternommen, m\u00f6gliche <strong>Reisen Jesu <\/strong>zu erforschen. Hat er Pal\u00e4stina jemals verlassen? Im Mittelalter entwickelte sich eine literarische Str\u00f6mung, die von den Reisen<strong> Jesu nach Britannien<\/strong>, dem heutigen Gro\u00dfbritannien, berichtete. Diese Berichte bezogen sich auf die Figur des <strong>Josef von Arimath\u00e4a<\/strong>, eines einflussreichen Mitglieds des Sanhedrins und J\u00fcngers Jesu, der nach dem Johannesevangelium seinen Leichnam bei Pilatus abholte und ihn zusammen mit seinem Freund Nikodemus f\u00fcr die Bestattung vorbereitete. Josef von Arimath\u00e4a, der von allen Kirchen verehrt wird und als Schutzpatron der Bestatter, Beerdigungen und Leichenbestatter gilt, erscheint im <strong>Artuszyklus<\/strong> als erster Gralsh\u00fcter. Nach dem Bericht des Mainzer Erzbischofs Rabanus Maurus (780-856) soll er den <strong><a href=\"https:\/\/www.holyart.de\/kirchenbedarf\/kelche-ziborien-patenen\/kelche-ziborien-patenen-aus-metall\/kelch-und-ziborium-letztes-abendmahl?_gl=1*bszzhi*_gcl_aw*R0NMLjE3MzM0MDg3MzIuQ2owS0NRaUF1OFc2QmhDLUFSSXNBQ0VRb0RDWEdmR1hiclc4SjhZajBQT25SSTdvOGVuMGl1TFRWMFBSb0dSS1BGMEcteXBtb28zQ3BFOGFBcGZxRUFMd193Y0I.*_gcl_au*MTg5NTg5Mjc0NC4xNzMzNzQzNDk5*_ga*MTQ4NzE4MjM0Mi4xNjk0Nzg4MTQz*_ga_W18MV136NH*MTczOTE4NDI5Ni4xMDcwLjEuMTczOTE4NjYzNC4wLjAuMjA2NDU0MDc0Mg..*_fplc*eFBNbEhFWGFUZnVqaWx6eUhoTGQlMkZlVDJhdlVXUiUyRkJEbkZBaTBvJTJGVVd0bFppWlRoZSUyQlJsRHRHckpOVmI1SiUyRlhsNlh2dkk3Rm5VQ2RuYzVkR1I5V3AlMkZIWDVTY3lUNENCMDVuZmNTZ1I1cEJkJTJGbG4lMkJiZ2pXRUxMZnNLOHVpdyUzRCUzRA..\">Kelch des letzten Abendmahls<\/a><\/strong> auf einer waghalsigen Reise nach Britannien gebracht haben, auf der er von <strong><a href=\"https:\/\/www.holyart.de\/blog\/heilige-und-selige\/martha-maria-und-lazarus-die-freunde-jesu\/\"><u>Maria und Martha von Bethanien<\/u><\/a><\/strong>, ihrem von den Toten auferstandenen Bruder Lazarus und anderen bedeutenden Pers\u00f6nlichkeiten des fr\u00fchen Christentums begleitet wurde. Sie waren es, die den Grundstein f\u00fcr das <strong>Christentum<\/strong> auf der Insel legen sollten. Der Legende nach kehrte Joseph nur nach Britannien zur\u00fcck, wo er bereits als Kind war, um Jesus zu begleiten. In der Abtei von Glastonbury gibt es sogar eine Kapelle, deren Gr\u00fcndung Jesus und Josef von Arimath\u00e4a zugeschrieben wird.<\/p>\n<div class=\"link-product\">\n<div class=\"blocco-immagine\"><img loading=\"lazy\" decoding=\"async\" class=\"alignnone size-full wp-image-5563\" src=\"https:\/\/blog.holyart.it\/de\/wp-content\/uploads\/sites\/12\/2025\/02\/Kelch-und-Ziborium-letztes-Abendmahl.jpg\" alt=\"Kelch und Ziborium letztes Abendmahl \" width=\"100\" height=\"100\" data-kale-share-title=\"Die verlorenen Jahre im Leben von Jesus\" data-kale-share-url=\"https:\/\/blog.holyart.it\/de\/?p=5551\" \/><\/div>\n<div class=\"blocco-contenuto\">\n<div class=\"blocco-acquista\">Einkaufen:<\/div>\n<div class=\"blocco-titolo\"><a href=\"https:\/\/www.holyart.de\/kirchenbedarf\/kelche-ziborien-patenen\/kelche-ziborien-patenen-aus-metall\/kelch-und-ziborium-letztes-abendmahl?_gl=1*bszzhi*_gcl_aw*R0NMLjE3MzM0MDg3MzIuQ2owS0NRaUF1OFc2QmhDLUFSSXNBQ0VRb0RDWEdmR1hiclc4SjhZajBQT25SSTdvOGVuMGl1TFRWMFBSb0dSS1BGMEcteXBtb28zQ3BFOGFBcGZxRUFMd193Y0I.*_gcl_au*MTg5NTg5Mjc0NC4xNzMzNzQzNDk5*_ga*MTQ4NzE4MjM0Mi4xNjk0Nzg4MTQz*_ga_W18MV136NH*MTczOTE4NDI5Ni4xMDcwLjEuMTczOTE4NjYzNC4wLjAuMjA2NDU0MDc0Mg..*_fplc*eFBNbEhFWGFUZnVqaWx6eUhoTGQlMkZlVDJhdlVXUiUyRkJEbkZBaTBvJTJGVVd0bFppWlRoZSUyQlJsRHRHckpOVmI1SiUyRlhsNlh2dkk3Rm5VQ2RuYzVkR1I5V3AlMkZIWDVTY3lUNENCMDVuZmNTZ1I1cEJkJTJGbG4lMkJiZ2pXRUxMZnNLOHVpdyUzRCUzRA..\">Kelch und Ziborium letztes Abendmahl <\/a><\/div>\n<div class=\"blocco-descrizione\">Auf dem Becher steht die Szene des letzten Abendmahls.<\/div>\n<\/div>\n<\/div>\n<p>Neuere Studien haben die M\u00f6glichkeit aufgezeigt, dass Jesus in <strong>Indien<\/strong> war. Einige haben den Vorschlag gemacht, dass er Bhagavan Krishna war, eine der Inkarnationen des Gottes Vishnu. Es gibt viele \u00c4hnlichkeiten zwischen der Geschichte von Jesus und dieser Figur, und der Name Jesus k\u00f6nnte sich von <em>Jezeus<\/em> ableiten, dem \u201ereinen Wesen\u201c in Sanskrit, mit dem Krishnas J\u00fcnger Bhagavan Krishna bezeichneten. Daf\u00fcr gibt es jedoch keine eindeutigen Beweise. Der amerikanische Prediger Levi H. Dowling erz\u00e4hlte in den fr\u00fchen 1900er Jahren in seinen Schriften von einer <strong>langen Reise des jungen Jesus<\/strong> durch Indien, Tibet, Persien, Assyrien, Griechenland und \u00c4gypten, und sp\u00e4ter weitete Dr. William S. Sadler seine Reisen auf Nordafrika und Italien aus. Aber auch hier handelt es sich um Mutma\u00dfungen, f\u00fcr die es keine stichhaltigen Dokumente gibt, die ihren Wahrheitsgehalt belegen.<\/p>\n","protected":false},"excerpt":{"rendered":"<p>Untersuchen wir die verlorenen Jahre im Leben von Jesus. Was hat er getan, bevor er zu predigen begann? Hat er Pal\u00e4stina jemals verlassen? Das Leben Jesu ist dank der kanonischen Evangelien weitgehend bekannt, aber es gibt viele L\u00fccken, Zeitr\u00e4ume, in denen wir nur vermuten k\u00f6nnen,&hellip;<\/p>\n","protected":false},"author":1,"featured_media":5552,"comment_status":"closed","ping_status":"open","sticky":false,"template":"","format":"standard","meta":{"_acf_changed":false,"footnotes":""},"categories":[10],"tags":[],"class_list":["post-5551","post","type-post","status-publish","format-standard","has-post-thumbnail","hentry","category-devotionalien"],"acf":[],"yoast_head":"<!-- This site is optimized with the Yoast SEO plugin v26.6 - https:\/\/yoast.com\/wordpress\/plugins\/seo\/ -->\n<title>Die verlorenen Jahre im Leben von Jesus - Holyart.de Blog<\/title>\n<meta name=\"description\" content=\"Was wissen wir wirklich \u00fcber das Leben von Jesus? Hat er immer in Nazareth gelebt oder reiste er durch Pal\u00e4stina und vielleicht jenseits? Was war er von Beruf? Finden wir es heraus\" \/>\n<meta name=\"robots\" content=\"index, follow, max-snippet:-1, max-image-preview:large, max-video-preview:-1\" \/>\n<link rel=\"canonical\" href=\"https:\/\/blog.holyart.it\/de\/devotionalien\/die-verlorenen-jahre-im-leben-von-jesus\/\" \/>\n<meta property=\"og:locale\" content=\"de_DE\" \/>\n<meta property=\"og:type\" content=\"article\" \/>\n<meta property=\"og:title\" content=\"Die verlorenen Jahre im Leben von Jesus - Holyart.de Blog\" \/>\n<meta property=\"og:description\" content=\"Was wissen wir wirklich \u00fcber das Leben von Jesus? Hat er immer in Nazareth gelebt oder reiste er durch Pal\u00e4stina und vielleicht jenseits? Was war er von Beruf? Finden wir es heraus\" \/>\n<meta property=\"og:url\" content=\"https:\/\/blog.holyart.it\/de\/devotionalien\/die-verlorenen-jahre-im-leben-von-jesus\/\" \/>\n<meta property=\"og:site_name\" content=\"Holyart.de Blog\" \/>\n<meta property=\"article:published_time\" content=\"2025-03-05T09:00:05+00:00\" \/>\n<meta property=\"article:modified_time\" content=\"2025-03-13T08:53:26+00:00\" \/>\n<meta property=\"og:image\" content=\"https:\/\/blog.holyart.it\/de\/wp-content\/uploads\/sites\/12\/2025\/02\/Die-verlorenen-Jahre-im-Leben-von-Jesus.jpg\" \/>\n\t<meta property=\"og:image:width\" content=\"1000\" \/>\n\t<meta property=\"og:image:height\" content=\"666\" \/>\n\t<meta property=\"og:image:type\" content=\"image\/jpeg\" \/>\n<meta name=\"author\" content=\"Redazione\" \/>\n<meta name=\"twitter:card\" content=\"summary_large_image\" \/>\n<meta name=\"twitter:label1\" content=\"Verfasst von\" \/>\n\t<meta name=\"twitter:data1\" content=\"Redazione\" \/>\n\t<meta name=\"twitter:label2\" content=\"Gesch\u00e4tzte Lesezeit\" \/>\n\t<meta name=\"twitter:data2\" content=\"9\u00a0Minuten\" \/>\n<script type=\"application\/ld+json\" class=\"yoast-schema-graph\">{\"@context\":\"https:\/\/schema.org\",\"@graph\":[{\"@type\":\"Article\",\"@id\":\"https:\/\/blog.holyart.it\/de\/devotionalien\/die-verlorenen-jahre-im-leben-von-jesus\/#article\",\"isPartOf\":{\"@id\":\"https:\/\/blog.holyart.it\/de\/devotionalien\/die-verlorenen-jahre-im-leben-von-jesus\/\"},\"author\":{\"name\":\"Redazione\",\"@id\":\"https:\/\/blog.holyart.it\/de\/#\/schema\/person\/0a7b686e5af0f856ec1e390dd0baecda\"},\"headline\":\"Die verlorenen Jahre im Leben von Jesus\",\"datePublished\":\"2025-03-05T09:00:05+00:00\",\"dateModified\":\"2025-03-13T08:53:26+00:00\",\"mainEntityOfPage\":{\"@id\":\"https:\/\/blog.holyart.it\/de\/devotionalien\/die-verlorenen-jahre-im-leben-von-jesus\/\"},\"wordCount\":1311,\"publisher\":{\"@id\":\"https:\/\/blog.holyart.it\/de\/#organization\"},\"image\":{\"@id\":\"https:\/\/blog.holyart.it\/de\/devotionalien\/die-verlorenen-jahre-im-leben-von-jesus\/#primaryimage\"},\"thumbnailUrl\":\"https:\/\/blog.holyart.it\/de\/wp-content\/uploads\/sites\/12\/2025\/02\/Die-verlorenen-Jahre-im-Leben-von-Jesus.jpg\",\"articleSection\":[\"Religion\"],\"inLanguage\":\"de\"},{\"@type\":\"WebPage\",\"@id\":\"https:\/\/blog.holyart.it\/de\/devotionalien\/die-verlorenen-jahre-im-leben-von-jesus\/\",\"url\":\"https:\/\/blog.holyart.it\/de\/devotionalien\/die-verlorenen-jahre-im-leben-von-jesus\/\",\"name\":\"Die verlorenen Jahre im Leben von Jesus - Holyart.de Blog\",\"isPartOf\":{\"@id\":\"https:\/\/blog.holyart.it\/de\/#website\"},\"primaryImageOfPage\":{\"@id\":\"https:\/\/blog.holyart.it\/de\/devotionalien\/die-verlorenen-jahre-im-leben-von-jesus\/#primaryimage\"},\"image\":{\"@id\":\"https:\/\/blog.holyart.it\/de\/devotionalien\/die-verlorenen-jahre-im-leben-von-jesus\/#primaryimage\"},\"thumbnailUrl\":\"https:\/\/blog.holyart.it\/de\/wp-content\/uploads\/sites\/12\/2025\/02\/Die-verlorenen-Jahre-im-Leben-von-Jesus.jpg\",\"datePublished\":\"2025-03-05T09:00:05+00:00\",\"dateModified\":\"2025-03-13T08:53:26+00:00\",\"description\":\"Was wissen wir wirklich \u00fcber das Leben von Jesus? Hat er immer in Nazareth gelebt oder reiste er durch Pal\u00e4stina und vielleicht jenseits? Was war er von Beruf? Finden wir es heraus\",\"breadcrumb\":{\"@id\":\"https:\/\/blog.holyart.it\/de\/devotionalien\/die-verlorenen-jahre-im-leben-von-jesus\/#breadcrumb\"},\"inLanguage\":\"de\",\"potentialAction\":[{\"@type\":\"ReadAction\",\"target\":[\"https:\/\/blog.holyart.it\/de\/devotionalien\/die-verlorenen-jahre-im-leben-von-jesus\/\"]}]},{\"@type\":\"ImageObject\",\"inLanguage\":\"de\",\"@id\":\"https:\/\/blog.holyart.it\/de\/devotionalien\/die-verlorenen-jahre-im-leben-von-jesus\/#primaryimage\",\"url\":\"https:\/\/blog.holyart.it\/de\/wp-content\/uploads\/sites\/12\/2025\/02\/Die-verlorenen-Jahre-im-Leben-von-Jesus.jpg\",\"contentUrl\":\"https:\/\/blog.holyart.it\/de\/wp-content\/uploads\/sites\/12\/2025\/02\/Die-verlorenen-Jahre-im-Leben-von-Jesus.jpg\",\"width\":1000,\"height\":666,\"caption\":\"Die verlorenen Jahre im Leben von Jesus\"},{\"@type\":\"BreadcrumbList\",\"@id\":\"https:\/\/blog.holyart.it\/de\/devotionalien\/die-verlorenen-jahre-im-leben-von-jesus\/#breadcrumb\",\"itemListElement\":[{\"@type\":\"ListItem\",\"position\":1,\"name\":\"Homepage\",\"item\":\"https:\/\/blog.holyart.it\/de\/\"},{\"@type\":\"ListItem\",\"position\":2,\"name\":\"Religion\",\"item\":\"https:\/\/blog.holyart.it\/de\/devotionalien\/\"},{\"@type\":\"ListItem\",\"position\":3,\"name\":\"Die verlorenen Jahre im Leben von Jesus\"}]},{\"@type\":\"WebSite\",\"@id\":\"https:\/\/blog.holyart.it\/de\/#website\",\"url\":\"https:\/\/blog.holyart.it\/de\/\",\"name\":\"Holyart.de Blog\",\"description\":\"Holyblog\",\"publisher\":{\"@id\":\"https:\/\/blog.holyart.it\/de\/#organization\"},\"potentialAction\":[{\"@type\":\"SearchAction\",\"target\":{\"@type\":\"EntryPoint\",\"urlTemplate\":\"https:\/\/blog.holyart.it\/de\/?s={search_term_string}\"},\"query-input\":{\"@type\":\"PropertyValueSpecification\",\"valueRequired\":true,\"valueName\":\"search_term_string\"}}],\"inLanguage\":\"de\"},{\"@type\":\"Organization\",\"@id\":\"https:\/\/blog.holyart.it\/de\/#organization\",\"name\":\"Holyart.de Blog\",\"url\":\"https:\/\/blog.holyart.it\/de\/\",\"logo\":{\"@type\":\"ImageObject\",\"inLanguage\":\"de\",\"@id\":\"https:\/\/blog.holyart.it\/de\/#\/schema\/logo\/image\/\",\"url\":\"https:\/\/blog.holyart.it\/de\/wp-content\/uploads\/sites\/12\/2022\/12\/Holyart_Blog_Logo.jpg\",\"contentUrl\":\"https:\/\/blog.holyart.it\/de\/wp-content\/uploads\/sites\/12\/2022\/12\/Holyart_Blog_Logo.jpg\",\"width\":300,\"height\":50,\"caption\":\"Holyart.de Blog\"},\"image\":{\"@id\":\"https:\/\/blog.holyart.it\/de\/#\/schema\/logo\/image\/\"}},{\"@type\":\"Person\",\"@id\":\"https:\/\/blog.holyart.it\/de\/#\/schema\/person\/0a7b686e5af0f856ec1e390dd0baecda\",\"name\":\"Redazione\",\"image\":{\"@type\":\"ImageObject\",\"inLanguage\":\"de\",\"@id\":\"https:\/\/blog.holyart.it\/de\/#\/schema\/person\/image\/\",\"url\":\"https:\/\/secure.gravatar.com\/avatar\/f477da817f43e50d0af36abecd33e3edf826c68299714bdc1057dff3b113f516?s=96&d=mm&r=g\",\"contentUrl\":\"https:\/\/secure.gravatar.com\/avatar\/f477da817f43e50d0af36abecd33e3edf826c68299714bdc1057dff3b113f516?s=96&d=mm&r=g\",\"caption\":\"Redazione\"}}]}<\/script>\n<!-- \/ Yoast SEO plugin. -->","yoast_head_json":{"title":"Die verlorenen Jahre im Leben von Jesus - Holyart.de Blog","description":"Was wissen wir wirklich \u00fcber das Leben von Jesus? Hat er immer in Nazareth gelebt oder reiste er durch Pal\u00e4stina und vielleicht jenseits? Was war er von Beruf? Finden wir es heraus","robots":{"index":"index","follow":"follow","max-snippet":"max-snippet:-1","max-image-preview":"max-image-preview:large","max-video-preview":"max-video-preview:-1"},"canonical":"https:\/\/blog.holyart.it\/de\/devotionalien\/die-verlorenen-jahre-im-leben-von-jesus\/","og_locale":"de_DE","og_type":"article","og_title":"Die verlorenen Jahre im Leben von Jesus - Holyart.de Blog","og_description":"Was wissen wir wirklich \u00fcber das Leben von Jesus? Hat er immer in Nazareth gelebt oder reiste er durch Pal\u00e4stina und vielleicht jenseits? Was war er von Beruf? Finden wir es heraus","og_url":"https:\/\/blog.holyart.it\/de\/devotionalien\/die-verlorenen-jahre-im-leben-von-jesus\/","og_site_name":"Holyart.de Blog","article_published_time":"2025-03-05T09:00:05+00:00","article_modified_time":"2025-03-13T08:53:26+00:00","og_image":[{"width":1000,"height":666,"url":"https:\/\/blog.holyart.it\/de\/wp-content\/uploads\/sites\/12\/2025\/02\/Die-verlorenen-Jahre-im-Leben-von-Jesus.jpg","type":"image\/jpeg"}],"author":"Redazione","twitter_card":"summary_large_image","twitter_misc":{"Verfasst von":"Redazione","Gesch\u00e4tzte Lesezeit":"9\u00a0Minuten"},"schema":{"@context":"https:\/\/schema.org","@graph":[{"@type":"Article","@id":"https:\/\/blog.holyart.it\/de\/devotionalien\/die-verlorenen-jahre-im-leben-von-jesus\/#article","isPartOf":{"@id":"https:\/\/blog.holyart.it\/de\/devotionalien\/die-verlorenen-jahre-im-leben-von-jesus\/"},"author":{"name":"Redazione","@id":"https:\/\/blog.holyart.it\/de\/#\/schema\/person\/0a7b686e5af0f856ec1e390dd0baecda"},"headline":"Die verlorenen Jahre im Leben von Jesus","datePublished":"2025-03-05T09:00:05+00:00","dateModified":"2025-03-13T08:53:26+00:00","mainEntityOfPage":{"@id":"https:\/\/blog.holyart.it\/de\/devotionalien\/die-verlorenen-jahre-im-leben-von-jesus\/"},"wordCount":1311,"publisher":{"@id":"https:\/\/blog.holyart.it\/de\/#organization"},"image":{"@id":"https:\/\/blog.holyart.it\/de\/devotionalien\/die-verlorenen-jahre-im-leben-von-jesus\/#primaryimage"},"thumbnailUrl":"https:\/\/blog.holyart.it\/de\/wp-content\/uploads\/sites\/12\/2025\/02\/Die-verlorenen-Jahre-im-Leben-von-Jesus.jpg","articleSection":["Religion"],"inLanguage":"de"},{"@type":"WebPage","@id":"https:\/\/blog.holyart.it\/de\/devotionalien\/die-verlorenen-jahre-im-leben-von-jesus\/","url":"https:\/\/blog.holyart.it\/de\/devotionalien\/die-verlorenen-jahre-im-leben-von-jesus\/","name":"Die verlorenen Jahre im Leben von Jesus - Holyart.de Blog","isPartOf":{"@id":"https:\/\/blog.holyart.it\/de\/#website"},"primaryImageOfPage":{"@id":"https:\/\/blog.holyart.it\/de\/devotionalien\/die-verlorenen-jahre-im-leben-von-jesus\/#primaryimage"},"image":{"@id":"https:\/\/blog.holyart.it\/de\/devotionalien\/die-verlorenen-jahre-im-leben-von-jesus\/#primaryimage"},"thumbnailUrl":"https:\/\/blog.holyart.it\/de\/wp-content\/uploads\/sites\/12\/2025\/02\/Die-verlorenen-Jahre-im-Leben-von-Jesus.jpg","datePublished":"2025-03-05T09:00:05+00:00","dateModified":"2025-03-13T08:53:26+00:00","description":"Was wissen wir wirklich \u00fcber das Leben von Jesus? Hat er immer in Nazareth gelebt oder reiste er durch Pal\u00e4stina und vielleicht jenseits? Was war er von Beruf? Finden wir es heraus","breadcrumb":{"@id":"https:\/\/blog.holyart.it\/de\/devotionalien\/die-verlorenen-jahre-im-leben-von-jesus\/#breadcrumb"},"inLanguage":"de","potentialAction":[{"@type":"ReadAction","target":["https:\/\/blog.holyart.it\/de\/devotionalien\/die-verlorenen-jahre-im-leben-von-jesus\/"]}]},{"@type":"ImageObject","inLanguage":"de","@id":"https:\/\/blog.holyart.it\/de\/devotionalien\/die-verlorenen-jahre-im-leben-von-jesus\/#primaryimage","url":"https:\/\/blog.holyart.it\/de\/wp-content\/uploads\/sites\/12\/2025\/02\/Die-verlorenen-Jahre-im-Leben-von-Jesus.jpg","contentUrl":"https:\/\/blog.holyart.it\/de\/wp-content\/uploads\/sites\/12\/2025\/02\/Die-verlorenen-Jahre-im-Leben-von-Jesus.jpg","width":1000,"height":666,"caption":"Die verlorenen Jahre im Leben von Jesus"},{"@type":"BreadcrumbList","@id":"https:\/\/blog.holyart.it\/de\/devotionalien\/die-verlorenen-jahre-im-leben-von-jesus\/#breadcrumb","itemListElement":[{"@type":"ListItem","position":1,"name":"Homepage","item":"https:\/\/blog.holyart.it\/de\/"},{"@type":"ListItem","position":2,"name":"Religion","item":"https:\/\/blog.holyart.it\/de\/devotionalien\/"},{"@type":"ListItem","position":3,"name":"Die verlorenen Jahre im Leben von Jesus"}]},{"@type":"WebSite","@id":"https:\/\/blog.holyart.it\/de\/#website","url":"https:\/\/blog.holyart.it\/de\/","name":"Holyart.de Blog","description":"Holyblog","publisher":{"@id":"https:\/\/blog.holyart.it\/de\/#organization"},"potentialAction":[{"@type":"SearchAction","target":{"@type":"EntryPoint","urlTemplate":"https:\/\/blog.holyart.it\/de\/?s={search_term_string}"},"query-input":{"@type":"PropertyValueSpecification","valueRequired":true,"valueName":"search_term_string"}}],"inLanguage":"de"},{"@type":"Organization","@id":"https:\/\/blog.holyart.it\/de\/#organization","name":"Holyart.de Blog","url":"https:\/\/blog.holyart.it\/de\/","logo":{"@type":"ImageObject","inLanguage":"de","@id":"https:\/\/blog.holyart.it\/de\/#\/schema\/logo\/image\/","url":"https:\/\/blog.holyart.it\/de\/wp-content\/uploads\/sites\/12\/2022\/12\/Holyart_Blog_Logo.jpg","contentUrl":"https:\/\/blog.holyart.it\/de\/wp-content\/uploads\/sites\/12\/2022\/12\/Holyart_Blog_Logo.jpg","width":300,"height":50,"caption":"Holyart.de Blog"},"image":{"@id":"https:\/\/blog.holyart.it\/de\/#\/schema\/logo\/image\/"}},{"@type":"Person","@id":"https:\/\/blog.holyart.it\/de\/#\/schema\/person\/0a7b686e5af0f856ec1e390dd0baecda","name":"Redazione","image":{"@type":"ImageObject","inLanguage":"de","@id":"https:\/\/blog.holyart.it\/de\/#\/schema\/person\/image\/","url":"https:\/\/secure.gravatar.com\/avatar\/f477da817f43e50d0af36abecd33e3edf826c68299714bdc1057dff3b113f516?s=96&d=mm&r=g","contentUrl":"https:\/\/secure.gravatar.com\/avatar\/f477da817f43e50d0af36abecd33e3edf826c68299714bdc1057dff3b113f516?s=96&d=mm&r=g","caption":"Redazione"}}]}},"_links":{"self":[{"href":"https:\/\/blog.holyart.it\/de\/wp-json\/wp\/v2\/posts\/5551","targetHints":{"allow":["GET"]}}],"collection":[{"href":"https:\/\/blog.holyart.it\/de\/wp-json\/wp\/v2\/posts"}],"about":[{"href":"https:\/\/blog.holyart.it\/de\/wp-json\/wp\/v2\/types\/post"}],"author":[{"embeddable":true,"href":"https:\/\/blog.holyart.it\/de\/wp-json\/wp\/v2\/users\/1"}],"replies":[{"embeddable":true,"href":"https:\/\/blog.holyart.it\/de\/wp-json\/wp\/v2\/comments?post=5551"}],"version-history":[{"count":8,"href":"https:\/\/blog.holyart.it\/de\/wp-json\/wp\/v2\/posts\/5551\/revisions"}],"predecessor-version":[{"id":5567,"href":"https:\/\/blog.holyart.it\/de\/wp-json\/wp\/v2\/posts\/5551\/revisions\/5567"}],"wp:featuredmedia":[{"embeddable":true,"href":"https:\/\/blog.holyart.it\/de\/wp-json\/wp\/v2\/media\/5552"}],"wp:attachment":[{"href":"https:\/\/blog.holyart.it\/de\/wp-json\/wp\/v2\/media?parent=5551"}],"wp:term":[{"taxonomy":"category","embeddable":true,"href":"https:\/\/blog.holyart.it\/de\/wp-json\/wp\/v2\/categories?post=5551"},{"taxonomy":"post_tag","embeddable":true,"href":"https:\/\/blog.holyart.it\/de\/wp-json\/wp\/v2\/tags?post=5551"}],"curies":[{"name":"wp","href":"https:\/\/api.w.org\/{rel}","templated":true}]}}