{"id":5352,"date":"2025-01-29T10:00:08","date_gmt":"2025-01-29T09:00:08","guid":{"rendered":"https:\/\/blog.holyart.it\/de\/?p=5352"},"modified":"2025-03-13T09:22:13","modified_gmt":"2025-03-13T08:22:13","slug":"sprichwoerter-zu-mariae-lichtmess-traditionen-rund-um-den-feiertag","status":"publish","type":"post","link":"https:\/\/blog.holyart.it\/de\/devotionalien\/sprichwoerter-zu-mariae-lichtmess-traditionen-rund-um-den-feiertag\/","title":{"rendered":"Sprichw\u00f6rter zu Mari\u00e4 Lichtmess: Traditionen rund um den Feiertag"},"content":{"rendered":"<h4>Die Sprichw\u00f6rter zu Mari\u00e4 Lichtmess geh\u00f6ren zum volkst\u00fcmlichen Erbe des Landes, aber sie beziehen sich auch auf die Urspr\u00fcnge dieses Festes zwischen Religion und Heidentum<\/h4>\n\n<p>Die Sprichw\u00f6rter zu Mari\u00e4 Lichtmess sind allen bekannt. Weniger bekannt sind vielleicht die Urspr\u00fcnge dieses Festes. Es f\u00e4llt auf <strong>den 2. Februar<\/strong>, vierzig Tage nach <strong>Weihnachten<\/strong>, und erinnert an die Reinigung Marias nach der Geburt und vor allem an die <a href=\"https:\/\/www.holyart.de\/blog\/devotionalien\/darstellung-jesu-im-tempel-zu-mariae-lichtmess\/\"><strong>Darstellung Jesu im Tempel<\/strong><\/a> von Jerusalem (Lk 2,22-39), wie sie nach j\u00fcdischem Recht f\u00fcr alle m\u00e4nnlichen Erstgeborenen vorgeschrieben war.<\/p>\n<p>Wie viele andere religi\u00f6se Feste wurde auch die Lichtmess von einem fr\u00fcheren heidnischen Fest, den <strong>Lupercali<\/strong>, \u00fcbernommen. Es war Papst Gelasius I., der um das Jahr 474 n. Chr. die Abschaffung der Lupercali verf\u00fcgte, eines antiken r\u00f6mischen Festes, das Mitte Februar gefeiert wurde und bei dem Fackeln, Kerzen und Reinigungsriten verwendet wurden.<\/p>\n<p>Das <a href=\"https:\/\/www.holyart.de\/verbrauchsprodukte\/altar-und-osterkerzen-dauerkerzen?page=1\"><strong>Licht<\/strong> <\/a>spielt auch beim Mari\u00e4 Lichtmess eine wichtige Rolle, das seinen Namen von den Kerzen hat, die zu diesem Anlass gesegnet werden.\u00a0 Kerzen und ihr Licht symbolisieren <strong>Jesus Christus<\/strong>, der bei seinem Besuch im Tempel vom alten Simeon als \u201e<em>Licht, das die V\u00f6lker erleuchtet<\/em>\u201c (Lk 2,32) bezeichnet wurde.<\/p>\n<div class=\"link-article\">\n<p><img loading=\"lazy\" decoding=\"async\" class=\"alignnone size-full wp-image-5356\" src=\"https:\/\/blog.holyart.it\/de\/wp-content\/uploads\/sites\/12\/2025\/01\/Darstellung-Jesu-im-Tempel-zu-Mariae-Lichtmess-1.jpg\" alt=\"Darstellung Jesu im Tempel zu Mari\u00e4 Lichtmess\" width=\"150\" height=\"99\" data-kale-share-title=\"Sprichw\u00f6rter zu Mari\u00e4 Lichtmess: Traditionen rund um den Feiertag\" data-kale-share-url=\"https:\/\/blog.holyart.it\/de\/?p=5352\" \/><\/p>\n<div class=\"leggi-anche\">Lesen Sie auch:<\/div>\n<p><strong><a href=\"https:\/\/www.holyart.de\/blog\/devotionalien\/darstellung-jesu-im-tempel-zu-mariae-lichtmess\/\">Darstellung Jesu im Tempel zu Mari\u00e4 Lichtmess<\/a><\/strong><br \/>\nAm 2. Februar feiern wir die Darstellung Jesu im Tempel. Dieses Fest, das auch als Fest der Reinigung Mariens oder Mari\u00e4 Lichtmess bekannt ist.<\/p>\n<\/div>\n<p>Eine weitere religi\u00f6se Tradition, auf die die Lichtmess zur\u00fcckgeht, ist das alte <strong>t\u00e4gliche Ritual der Lichtmess<\/strong>, bei dem in der fr\u00fchen Kirche bei Sonnenuntergang w\u00e4hrend des Abendgebets eine Lampe angez\u00fcndet wurde. Das Licht der Lampe bek\u00e4mpfte die aufkommende Dunkelheit und symbolisierte Christus, der Tod und S\u00fcnde besiegt hatte.<\/p>\n<p>Das Licht war stets die Hauptfigur der <strong>alten heidnischen Feste<\/strong>, mit denen das Ende des Winters gefeiert wurde, die R\u00fcckkehr von Licht und W\u00e4rme nach der kalten Winterdunkelheit, die Hoffnung auf einen Fr\u00fchling, der noch in weiter Ferne lag, von dem man aber wusste, dass er bald kommen w\u00fcrde. Bei den Kelten hie\u00df dieses Fest <strong>Imbolc<\/strong> oder <em>Imbolic<\/em> und <em>Oimelc<\/em> und fiel auf den 1. Februar, die Mitte zwischen der Wintersonnenwende und der Fr\u00fchjahrstagundnachtgleiche.<\/p>\n<p>Diese Vielfalt an Hinweisen auf die Urspr\u00fcnge des Festes l\u00e4sst uns verstehen, warum es so viele Sprichw\u00f6rter \u00fcber die Lichtmess gibt. Die Vermischung von Religion und Heidentum, von Heiligem und Profanem, der starke Einfluss der volkst\u00fcmlichen Tradition, insbesondere der b\u00e4uerlichen Welt, die so untrennbar mit dem Ablauf der Jahreszeiten verbunden war, hat eine Reihe von anschaulichen Spr\u00fcchen mit einer faszinierenden Geschichte hervorgebracht, die von Region zu Region unterschiedlich ist.<\/p>\n<div class=\"link-product\">\n<div class=\"blocco-immagine\"><img loading=\"lazy\" decoding=\"async\" class=\"alignnone size-full wp-image-5358\" src=\"https:\/\/blog.holyart.it\/de\/wp-content\/uploads\/sites\/12\/2025\/01\/Altar-und-Osterkerzen-Dauerkerzen.jpg\" alt=\"Altar- und Osterkerzen, Dauerkerzen\" width=\"100\" height=\"100\" data-kale-share-title=\"Sprichw\u00f6rter zu Mari\u00e4 Lichtmess: Traditionen rund um den Feiertag\" data-kale-share-url=\"https:\/\/blog.holyart.it\/de\/?p=5352\" \/><\/div>\n<div class=\"blocco-contenuto\">\n<div class=\"blocco-acquista\">Einkaufen:<\/div>\n<div class=\"blocco-titolo\"><a href=\"https:\/\/www.holyart.de\/verbrauchsprodukte\/altar-und-osterkerzen-dauerkerzen?page=1\">Altar- und Osterkerzen, Dauerkerzen<\/a><\/div>\n<div class=\"blocco-descrizione\">Auswahl an Wachskerzen, Dauerkerzen, Grabkerzen und Kerzenhaltern.<\/div>\n<\/div>\n<\/div>\n<h2>Die Kindheit Jesu<\/h2>\n<p>Aus den kanonischen Evangelien erfahren wir nur wenig \u00fcber die <strong>Kindheit Jesu,<\/strong> \u00fcber die verlorenen Jahre (wie sie genannt werden) zwischen seiner wundersamen Geburt und dem Beginn seiner Predigtt\u00e4tigkeit in Pal\u00e4stina.<\/p>\n<p>Auf die Geburt in Bethlehem, die im Matth\u00e4us- und im Lukasevangelium erw\u00e4hnt wird, folgt die Epiphanie oder der Besuch der Heiligen Drei K\u00f6nige (Matth\u00e4us 2,1), begleitet von dem tragischen Ereignis des Massakers an den Unschuldigen, das von K\u00f6nig Herodes angeordnet wurde, um das Jesuskind zu beseitigen. Die Heilige Familie musste sich sofort wieder auf den Weg machen und <a href=\"https:\/\/www.holyart.de\/blog\/weihnachten\/flucht-nach-aegypten-die-reise-der-heiligen-familie-auf-der-flucht-vor-koenig-herodes\/\"><strong>nach \u00c4gypten fliehen<\/strong><\/a>.<\/p>\n<p>Nach dieser schrecklichen Reise verlieren wir die Spur der Heiligen Familie und Jesu. Vom Evangelisten Lukas wissen wir, dass sie nach Nazareth zur\u00fcckkehrten und dass \u201e<em>das Kind wuchs und stark wurde; es war voller Weisheit, und die Gnade Gottes war auf ihm<\/em>.\u201c (Lukas 2,39-40).<\/p>\n<p>Neben der bereits erw\u00e4hnten Darstellung Jesu im Tempel wird im Lukasevangelium eine weitere Episode aus der Kindheit Jesu erz\u00e4hlt, n\u00e4mlich die, dass Jesus anl\u00e4sslich seiner <em>Bar-Mizwa<\/em> im <strong>Tempel verloren und gefunden wurde<\/strong> (Lk 2,42-43). Nach j\u00fcdischer Tradition wurde ein Kind mit zw\u00f6lf Jahren vollj\u00e4hrig und musste von seinen Eltern in den Tempel gebracht werden.<\/p>\n<div class=\"link-article\">\n<p><img loading=\"lazy\" decoding=\"async\" class=\"alignnone size-full wp-image-5360\" src=\"https:\/\/blog.holyart.it\/de\/wp-content\/uploads\/sites\/12\/2025\/01\/Flucht-nach-Aegypten.jpg\" alt=\"Flucht nach \u00c4gypten\" width=\"150\" height=\"99\" data-kale-share-title=\"Sprichw\u00f6rter zu Mari\u00e4 Lichtmess: Traditionen rund um den Feiertag\" data-kale-share-url=\"https:\/\/blog.holyart.it\/de\/?p=5352\" \/><\/p>\n<div class=\"leggi-anche\">Lesen Sie auch:<\/div>\n<p><strong><a href=\"https:\/\/www.holyart.de\/blog\/weihnachten\/flucht-nach-aegypten-die-reise-der-heiligen-familie-auf-der-flucht-vor-koenig-herodes\/\">Flucht nach \u00c4gypten: die Reise der Heiligen Familie auf der Flucht vor K\u00f6nig Herodes<\/a><\/strong><br \/>\nDie Flucht nach \u00c4gypten ist eine Episode aus der Kindheit von Jesus.<\/p>\n<\/div>\n<h2>Mari\u00e4 Lichtmess<\/h2>\n<p>Wir haben also gesehen, dass die Lichtmess, der 2. Februar, mit dem Fest der Darstellung Jesu im Tempel zusammenf\u00e4llt und im Allgemeinen den <strong>Triumph des Lichts \u00fcber die Dunkelheit<\/strong> feiert, aber auch das symbolische Ende der Weihnachtsfeierlichkeiten und den <a href=\"https:\/\/www.holyart.de\/besondere-anlasse\/ostern-und-fastenzeit\"><strong>Beginn der Osterreise.<\/strong><\/a><\/p>\n<p>Obwohl das Fest seit dem Zweiten Vatikanischen Konzil haupts\u00e4chlich mit der Darstellung Jesu im Tempel in Verbindung gebracht wird, wird es im tridentinischen liturgischen Kalender, der von Papst Pius V. in Anwendung des Dekrets des Konzils von Trient eingef\u00fchrt wurde, auch als Fest der <strong>Reinigung der Heiligen Jungfrau Maria<\/strong> begangen. Es sei daran erinnert, dass nach j\u00fcdischem Recht eine Frau nach der Geburt eines m\u00e4nnlichen Kindes 40 Tage lang als unrein galt und sich nach dieser Zeit zur Reinigung in den Tempel begeben musste.<\/p>\n<div class=\"link-product\">\n<div class=\"blocco-immagine\"><img loading=\"lazy\" decoding=\"async\" class=\"alignnone size-full wp-image-5362\" src=\"https:\/\/blog.holyart.it\/de\/wp-content\/uploads\/sites\/12\/2025\/01\/Russische-Ei-Ikone-Heilige-Familie.jpg\" alt=\"Russische Ei-Ikone, Heilige Familie\" width=\"100\" height=\"100\" data-kale-share-title=\"Sprichw\u00f6rter zu Mari\u00e4 Lichtmess: Traditionen rund um den Feiertag\" data-kale-share-url=\"https:\/\/blog.holyart.it\/de\/?p=5352\" \/><\/div>\n<div class=\"blocco-contenuto\">\n<div class=\"blocco-acquista\">Einkaufen:<\/div>\n<div class=\"blocco-titolo\"><a href=\"https:\/\/www.holyart.de\/besondere-anlasse\/ostern-und-fastenzeit\">Ostern und Fastenzeit<\/a><\/div>\n<div class=\"blocco-descrizione\">In dieser Produktkategorie finden Sie eine breite Auswahl an Produkten f\u00fcr die Osterfastenzeit und Ostern.<\/div>\n<\/div>\n<\/div>\n<p>Ein g\u00e4ngiger Brauch der Christen zu diesem Anlass ist es, unabh\u00e4ngig vom religi\u00f6sen Bekenntnis, Kerzen in die Kirche zu bringen, um sie segnen zu lassen.<\/p>\n<p>In den Vereinigten Staaten und Kanada hat der 2. Februar ebenfalls eine besondere Bedeutung und w\u00fcrde das Ende des Winters vorhersagen. Aber die Amerikaner verlassen sich auf die Vorhersagen eines Murmeltiers! Tats\u00e4chlich wird in diesen L\u00e4ndern seit 1887 am 2. Februar der <strong>Murmeltiertag<\/strong> gefeiert: Wenn Punxsutawney Phil, das Murmeltier, Maskottchen des Murmeltiertags in der Stadt Punxsutawney, aus seinem Winterquartier kommt und seinen Schatten nicht sehen kann, weil der Himmel bew\u00f6lkt ist, bedeutet das, dass der Winter bald vorbei ist. Wenn aber die Sonne scheint und das Tier seinen Schatten sieht, wird der Winter noch sechs Wochen andauern.<\/p>\n<h2>Sprichw\u00f6rter zu Mari\u00e4 Lichtmess<\/h2>\n<p>Die meisten Sprichw\u00f6rter zu Mari\u00e4 Lichtmess beziehen sich auf die <strong>gegenw\u00e4rtigen und zuk\u00fcnftigen Wetterbedingungen<\/strong>. Wenn es am 2. Februar, dem Tag der Lichtmess, regnet, schneit oder windig ist, entscheidet das nach einer Volksweisheit dar\u00fcber, ob der Fr\u00fchling fr\u00fcher kommt oder nicht. Es ist faszinierend, wie sich die Sprichw\u00f6rter von Region zu Region \u00e4ndern und sich sogar offen widersprechen.<\/p>\n<p>In <strong>Venetien, der Lombardei und Triest<\/strong> beispielsweise glaubt man, dass der Winter fast vorbei ist, wenn die Sonne an Mari\u00e4 Lichtmess scheint, w\u00e4hrend er bei Regen oder Wind noch etwas l\u00e4nger dauert: \u201e<em>Se ce sole a candelora del inverno semo f\u00f2ra, se piove e tira vento del inverno semo dentro<\/em>\u201c.<\/p>\n<p>Auch in <strong>Sizilien<\/strong>, wo das Fest als A Cannilora bekannt ist, hei\u00dft es: \u201e<em>Pp\u00e0 Cannalora a mmirnata ie fora ma se fora un i\u00e8, n&#8217;atri quaranta jorna cci n&#8217;\u00e8<\/em>\u201c (Zu Mari\u00e4 Lichtmess ist der Winter drau\u00dfen, aber wenn er 40 Tage lang nicht drau\u00dfen ist, gibt es etwas anderes). Auch in Sizilien sagt man so: \u201e<em>Si nun chiovi pi la cannalora di l&#8217;invernu semu fora<\/em>\u201c (Wenn es bis Mari\u00e4 Lichtmess nicht regnet, kann man den Winter als vorbei betrachten).<\/p>\n<p>Im <strong>Piemont <\/strong>und im<strong> Aostatal<\/strong> gibt es ein Sprichwort, das ein wenig an den oben erw\u00e4hnten amerikanischen Murmeltiertag erinnert: \u201e<em>Se l&#8217;ors a la Siriola la paia a f\u00e0 so\u00e9 a&#8217;nt l&#8217;invern tornoma a intr\u00e9<\/em>\u201c (wenn der B\u00e4r an Mari\u00e4 Lichtmess das Stroh trocken macht, kommt man wieder in den Winter). Nach dem Volksglauben kommt der Mondb\u00e4r in der Nacht zum 1. Februar aus seiner H\u00f6hle und erkennt anhand des Mondstandes, ob der Fr\u00fchling naht. Deshalb wird Mari\u00e4 Lichtmess mancherorts auch als <strong>B\u00e4rentag<\/strong> bezeichnet.<\/p>\n<p>Ein weiteres Sprichwort, das mit der Welt der Tiere zu tun hat, stammt aus <em>Calitri<\/em> (in der Provinz Avellino): \u201e<em>A maronna r\u201a a Cann&#8217;lora, meglij a br\u00e9 u lup\u2018 ca u sol<\/em>\u201c (An Lichtmess ist es besser, einen Wolf zu sehen als die Sonne). Damit soll ausgedr\u00fcckt werden, dass der Winter noch eine Weile andauern wird, wenn die Sonne am Lichtmesstag scheint, also ist es besser, einen Wolf zu sehen!<\/p>\n<p>Andere Sprichw\u00f6rter zu Mari\u00e4 Lichtmess beziehen sich auf volks<em>t\u00fcmliche und b\u00e4uerliche Aktivit\u00e4ten<\/em>. So bedeutet \u201e<em>Wenn an Mari\u00e4 Lichtmess das Wetter sch\u00f6n ist, werden wir viel mehr Wein haben als s\u00fcffigen Wein<\/em>\u201c, dass der Wein an diesem Tag einen hohen Alkoholgehalt hat und besser ist.<\/p>\n<p>\u201e<em>Pi la Cannillora figghia a vecchia e figghia a nova<\/em>\u201c (alte Henne und junge Henne legen Eier) wiederum weckt Erinnerungen an ein einfaches Leben im Kontakt mit Tieren und der Natur.<\/p>\n","protected":false},"excerpt":{"rendered":"<p>Die Sprichw\u00f6rter zu Mari\u00e4 Lichtmess geh\u00f6ren zum volkst\u00fcmlichen Erbe des Landes, aber sie beziehen sich auch auf die Urspr\u00fcnge dieses Festes zwischen Religion und Heidentum Die Sprichw\u00f6rter zu Mari\u00e4 Lichtmess sind allen bekannt. Weniger bekannt sind vielleicht die Urspr\u00fcnge dieses Festes. Es f\u00e4llt auf den&hellip;<\/p>\n","protected":false},"author":1,"featured_media":5354,"comment_status":"closed","ping_status":"open","sticky":false,"template":"","format":"standard","meta":{"_acf_changed":false,"footnotes":""},"categories":[10],"tags":[],"class_list":["post-5352","post","type-post","status-publish","format-standard","has-post-thumbnail","hentry","category-devotionalien"],"acf":[],"yoast_head":"<!-- This site is optimized with the Yoast SEO plugin v26.6 - https:\/\/yoast.com\/wordpress\/plugins\/seo\/ -->\n<title>Sprichw\u00f6rter zu Mari\u00e4 Lichtmess: Traditionen rund um den Feiertag - Holyart.de Blog<\/title>\n<meta name=\"description\" content=\"Die Sprichw\u00f6rter zu Mari\u00e4 Lichtmess geh\u00f6ren zum volkst\u00fcmlichen Erbe des Landes, aber sie beziehen sich auch auf die Urspr\u00fcnge dieses Festes zwischen Religion und Heidentum\" \/>\n<meta name=\"robots\" content=\"index, follow, max-snippet:-1, max-image-preview:large, max-video-preview:-1\" \/>\n<link rel=\"canonical\" href=\"https:\/\/blog.holyart.it\/de\/devotionalien\/sprichwoerter-zu-mariae-lichtmess-traditionen-rund-um-den-feiertag\/\" \/>\n<meta property=\"og:locale\" content=\"de_DE\" \/>\n<meta property=\"og:type\" content=\"article\" \/>\n<meta property=\"og:title\" content=\"Sprichw\u00f6rter zu Mari\u00e4 Lichtmess: Traditionen rund um den Feiertag - Holyart.de Blog\" \/>\n<meta property=\"og:description\" content=\"Die Sprichw\u00f6rter zu Mari\u00e4 Lichtmess geh\u00f6ren zum volkst\u00fcmlichen Erbe des Landes, aber sie beziehen sich auch auf die Urspr\u00fcnge dieses Festes zwischen Religion und Heidentum\" \/>\n<meta property=\"og:url\" content=\"https:\/\/blog.holyart.it\/de\/devotionalien\/sprichwoerter-zu-mariae-lichtmess-traditionen-rund-um-den-feiertag\/\" \/>\n<meta property=\"og:site_name\" content=\"Holyart.de Blog\" \/>\n<meta property=\"article:published_time\" content=\"2025-01-29T09:00:08+00:00\" \/>\n<meta property=\"article:modified_time\" content=\"2025-03-13T08:22:13+00:00\" \/>\n<meta property=\"og:image\" content=\"https:\/\/blog.holyart.it\/de\/wp-content\/uploads\/sites\/12\/2025\/01\/Sprichwoerter-zu-Mariae-Lichtmess.jpeg\" \/>\n\t<meta property=\"og:image:width\" content=\"1000\" \/>\n\t<meta property=\"og:image:height\" content=\"667\" \/>\n\t<meta property=\"og:image:type\" content=\"image\/jpeg\" \/>\n<meta name=\"author\" content=\"Redazione\" \/>\n<meta name=\"twitter:card\" content=\"summary_large_image\" \/>\n<meta name=\"twitter:label1\" content=\"Verfasst von\" \/>\n\t<meta name=\"twitter:data1\" content=\"Redazione\" \/>\n\t<meta name=\"twitter:label2\" content=\"Gesch\u00e4tzte Lesezeit\" \/>\n\t<meta name=\"twitter:data2\" content=\"9\u00a0Minuten\" \/>\n<script type=\"application\/ld+json\" class=\"yoast-schema-graph\">{\"@context\":\"https:\/\/schema.org\",\"@graph\":[{\"@type\":\"Article\",\"@id\":\"https:\/\/blog.holyart.it\/de\/devotionalien\/sprichwoerter-zu-mariae-lichtmess-traditionen-rund-um-den-feiertag\/#article\",\"isPartOf\":{\"@id\":\"https:\/\/blog.holyart.it\/de\/devotionalien\/sprichwoerter-zu-mariae-lichtmess-traditionen-rund-um-den-feiertag\/\"},\"author\":{\"name\":\"Redazione\",\"@id\":\"https:\/\/blog.holyart.it\/de\/#\/schema\/person\/0a7b686e5af0f856ec1e390dd0baecda\"},\"headline\":\"Sprichw\u00f6rter zu Mari\u00e4 Lichtmess: Traditionen rund um den Feiertag\",\"datePublished\":\"2025-01-29T09:00:08+00:00\",\"dateModified\":\"2025-03-13T08:22:13+00:00\",\"mainEntityOfPage\":{\"@id\":\"https:\/\/blog.holyart.it\/de\/devotionalien\/sprichwoerter-zu-mariae-lichtmess-traditionen-rund-um-den-feiertag\/\"},\"wordCount\":1419,\"publisher\":{\"@id\":\"https:\/\/blog.holyart.it\/de\/#organization\"},\"image\":{\"@id\":\"https:\/\/blog.holyart.it\/de\/devotionalien\/sprichwoerter-zu-mariae-lichtmess-traditionen-rund-um-den-feiertag\/#primaryimage\"},\"thumbnailUrl\":\"https:\/\/blog.holyart.it\/de\/wp-content\/uploads\/sites\/12\/2025\/01\/Sprichwoerter-zu-Mariae-Lichtmess.jpeg\",\"articleSection\":[\"Religion\"],\"inLanguage\":\"de\"},{\"@type\":\"WebPage\",\"@id\":\"https:\/\/blog.holyart.it\/de\/devotionalien\/sprichwoerter-zu-mariae-lichtmess-traditionen-rund-um-den-feiertag\/\",\"url\":\"https:\/\/blog.holyart.it\/de\/devotionalien\/sprichwoerter-zu-mariae-lichtmess-traditionen-rund-um-den-feiertag\/\",\"name\":\"Sprichw\u00f6rter zu Mari\u00e4 Lichtmess: Traditionen rund um den Feiertag - Holyart.de Blog\",\"isPartOf\":{\"@id\":\"https:\/\/blog.holyart.it\/de\/#website\"},\"primaryImageOfPage\":{\"@id\":\"https:\/\/blog.holyart.it\/de\/devotionalien\/sprichwoerter-zu-mariae-lichtmess-traditionen-rund-um-den-feiertag\/#primaryimage\"},\"image\":{\"@id\":\"https:\/\/blog.holyart.it\/de\/devotionalien\/sprichwoerter-zu-mariae-lichtmess-traditionen-rund-um-den-feiertag\/#primaryimage\"},\"thumbnailUrl\":\"https:\/\/blog.holyart.it\/de\/wp-content\/uploads\/sites\/12\/2025\/01\/Sprichwoerter-zu-Mariae-Lichtmess.jpeg\",\"datePublished\":\"2025-01-29T09:00:08+00:00\",\"dateModified\":\"2025-03-13T08:22:13+00:00\",\"description\":\"Die Sprichw\u00f6rter zu Mari\u00e4 Lichtmess geh\u00f6ren zum volkst\u00fcmlichen Erbe des Landes, aber sie beziehen sich auch auf die Urspr\u00fcnge dieses Festes zwischen Religion und Heidentum\",\"breadcrumb\":{\"@id\":\"https:\/\/blog.holyart.it\/de\/devotionalien\/sprichwoerter-zu-mariae-lichtmess-traditionen-rund-um-den-feiertag\/#breadcrumb\"},\"inLanguage\":\"de\",\"potentialAction\":[{\"@type\":\"ReadAction\",\"target\":[\"https:\/\/blog.holyart.it\/de\/devotionalien\/sprichwoerter-zu-mariae-lichtmess-traditionen-rund-um-den-feiertag\/\"]}]},{\"@type\":\"ImageObject\",\"inLanguage\":\"de\",\"@id\":\"https:\/\/blog.holyart.it\/de\/devotionalien\/sprichwoerter-zu-mariae-lichtmess-traditionen-rund-um-den-feiertag\/#primaryimage\",\"url\":\"https:\/\/blog.holyart.it\/de\/wp-content\/uploads\/sites\/12\/2025\/01\/Sprichwoerter-zu-Mariae-Lichtmess.jpeg\",\"contentUrl\":\"https:\/\/blog.holyart.it\/de\/wp-content\/uploads\/sites\/12\/2025\/01\/Sprichwoerter-zu-Mariae-Lichtmess.jpeg\",\"width\":1000,\"height\":667,\"caption\":\"Sprichw\u00f6rter zu Mari\u00e4 Lichtmess\"},{\"@type\":\"BreadcrumbList\",\"@id\":\"https:\/\/blog.holyart.it\/de\/devotionalien\/sprichwoerter-zu-mariae-lichtmess-traditionen-rund-um-den-feiertag\/#breadcrumb\",\"itemListElement\":[{\"@type\":\"ListItem\",\"position\":1,\"name\":\"Homepage\",\"item\":\"https:\/\/blog.holyart.it\/de\/\"},{\"@type\":\"ListItem\",\"position\":2,\"name\":\"Religion\",\"item\":\"https:\/\/blog.holyart.it\/de\/devotionalien\/\"},{\"@type\":\"ListItem\",\"position\":3,\"name\":\"Sprichw\u00f6rter zu Mari\u00e4 Lichtmess: Traditionen rund um den Feiertag\"}]},{\"@type\":\"WebSite\",\"@id\":\"https:\/\/blog.holyart.it\/de\/#website\",\"url\":\"https:\/\/blog.holyart.it\/de\/\",\"name\":\"Holyart.de Blog\",\"description\":\"Holyblog\",\"publisher\":{\"@id\":\"https:\/\/blog.holyart.it\/de\/#organization\"},\"potentialAction\":[{\"@type\":\"SearchAction\",\"target\":{\"@type\":\"EntryPoint\",\"urlTemplate\":\"https:\/\/blog.holyart.it\/de\/?s={search_term_string}\"},\"query-input\":{\"@type\":\"PropertyValueSpecification\",\"valueRequired\":true,\"valueName\":\"search_term_string\"}}],\"inLanguage\":\"de\"},{\"@type\":\"Organization\",\"@id\":\"https:\/\/blog.holyart.it\/de\/#organization\",\"name\":\"Holyart.de Blog\",\"url\":\"https:\/\/blog.holyart.it\/de\/\",\"logo\":{\"@type\":\"ImageObject\",\"inLanguage\":\"de\",\"@id\":\"https:\/\/blog.holyart.it\/de\/#\/schema\/logo\/image\/\",\"url\":\"https:\/\/blog.holyart.it\/de\/wp-content\/uploads\/sites\/12\/2022\/12\/Holyart_Blog_Logo.jpg\",\"contentUrl\":\"https:\/\/blog.holyart.it\/de\/wp-content\/uploads\/sites\/12\/2022\/12\/Holyart_Blog_Logo.jpg\",\"width\":300,\"height\":50,\"caption\":\"Holyart.de Blog\"},\"image\":{\"@id\":\"https:\/\/blog.holyart.it\/de\/#\/schema\/logo\/image\/\"}},{\"@type\":\"Person\",\"@id\":\"https:\/\/blog.holyart.it\/de\/#\/schema\/person\/0a7b686e5af0f856ec1e390dd0baecda\",\"name\":\"Redazione\",\"image\":{\"@type\":\"ImageObject\",\"inLanguage\":\"de\",\"@id\":\"https:\/\/blog.holyart.it\/de\/#\/schema\/person\/image\/\",\"url\":\"https:\/\/secure.gravatar.com\/avatar\/f477da817f43e50d0af36abecd33e3edf826c68299714bdc1057dff3b113f516?s=96&d=mm&r=g\",\"contentUrl\":\"https:\/\/secure.gravatar.com\/avatar\/f477da817f43e50d0af36abecd33e3edf826c68299714bdc1057dff3b113f516?s=96&d=mm&r=g\",\"caption\":\"Redazione\"}}]}<\/script>\n<!-- \/ Yoast SEO plugin. -->","yoast_head_json":{"title":"Sprichw\u00f6rter zu Mari\u00e4 Lichtmess: Traditionen rund um den Feiertag - Holyart.de Blog","description":"Die Sprichw\u00f6rter zu Mari\u00e4 Lichtmess geh\u00f6ren zum volkst\u00fcmlichen Erbe des Landes, aber sie beziehen sich auch auf die Urspr\u00fcnge dieses Festes zwischen Religion und Heidentum","robots":{"index":"index","follow":"follow","max-snippet":"max-snippet:-1","max-image-preview":"max-image-preview:large","max-video-preview":"max-video-preview:-1"},"canonical":"https:\/\/blog.holyart.it\/de\/devotionalien\/sprichwoerter-zu-mariae-lichtmess-traditionen-rund-um-den-feiertag\/","og_locale":"de_DE","og_type":"article","og_title":"Sprichw\u00f6rter zu Mari\u00e4 Lichtmess: Traditionen rund um den Feiertag - Holyart.de Blog","og_description":"Die Sprichw\u00f6rter zu Mari\u00e4 Lichtmess geh\u00f6ren zum volkst\u00fcmlichen Erbe des Landes, aber sie beziehen sich auch auf die Urspr\u00fcnge dieses Festes zwischen Religion und Heidentum","og_url":"https:\/\/blog.holyart.it\/de\/devotionalien\/sprichwoerter-zu-mariae-lichtmess-traditionen-rund-um-den-feiertag\/","og_site_name":"Holyart.de Blog","article_published_time":"2025-01-29T09:00:08+00:00","article_modified_time":"2025-03-13T08:22:13+00:00","og_image":[{"width":1000,"height":667,"url":"https:\/\/blog.holyart.it\/de\/wp-content\/uploads\/sites\/12\/2025\/01\/Sprichwoerter-zu-Mariae-Lichtmess.jpeg","type":"image\/jpeg"}],"author":"Redazione","twitter_card":"summary_large_image","twitter_misc":{"Verfasst von":"Redazione","Gesch\u00e4tzte Lesezeit":"9\u00a0Minuten"},"schema":{"@context":"https:\/\/schema.org","@graph":[{"@type":"Article","@id":"https:\/\/blog.holyart.it\/de\/devotionalien\/sprichwoerter-zu-mariae-lichtmess-traditionen-rund-um-den-feiertag\/#article","isPartOf":{"@id":"https:\/\/blog.holyart.it\/de\/devotionalien\/sprichwoerter-zu-mariae-lichtmess-traditionen-rund-um-den-feiertag\/"},"author":{"name":"Redazione","@id":"https:\/\/blog.holyart.it\/de\/#\/schema\/person\/0a7b686e5af0f856ec1e390dd0baecda"},"headline":"Sprichw\u00f6rter zu Mari\u00e4 Lichtmess: Traditionen rund um den Feiertag","datePublished":"2025-01-29T09:00:08+00:00","dateModified":"2025-03-13T08:22:13+00:00","mainEntityOfPage":{"@id":"https:\/\/blog.holyart.it\/de\/devotionalien\/sprichwoerter-zu-mariae-lichtmess-traditionen-rund-um-den-feiertag\/"},"wordCount":1419,"publisher":{"@id":"https:\/\/blog.holyart.it\/de\/#organization"},"image":{"@id":"https:\/\/blog.holyart.it\/de\/devotionalien\/sprichwoerter-zu-mariae-lichtmess-traditionen-rund-um-den-feiertag\/#primaryimage"},"thumbnailUrl":"https:\/\/blog.holyart.it\/de\/wp-content\/uploads\/sites\/12\/2025\/01\/Sprichwoerter-zu-Mariae-Lichtmess.jpeg","articleSection":["Religion"],"inLanguage":"de"},{"@type":"WebPage","@id":"https:\/\/blog.holyart.it\/de\/devotionalien\/sprichwoerter-zu-mariae-lichtmess-traditionen-rund-um-den-feiertag\/","url":"https:\/\/blog.holyart.it\/de\/devotionalien\/sprichwoerter-zu-mariae-lichtmess-traditionen-rund-um-den-feiertag\/","name":"Sprichw\u00f6rter zu Mari\u00e4 Lichtmess: Traditionen rund um den Feiertag - Holyart.de Blog","isPartOf":{"@id":"https:\/\/blog.holyart.it\/de\/#website"},"primaryImageOfPage":{"@id":"https:\/\/blog.holyart.it\/de\/devotionalien\/sprichwoerter-zu-mariae-lichtmess-traditionen-rund-um-den-feiertag\/#primaryimage"},"image":{"@id":"https:\/\/blog.holyart.it\/de\/devotionalien\/sprichwoerter-zu-mariae-lichtmess-traditionen-rund-um-den-feiertag\/#primaryimage"},"thumbnailUrl":"https:\/\/blog.holyart.it\/de\/wp-content\/uploads\/sites\/12\/2025\/01\/Sprichwoerter-zu-Mariae-Lichtmess.jpeg","datePublished":"2025-01-29T09:00:08+00:00","dateModified":"2025-03-13T08:22:13+00:00","description":"Die Sprichw\u00f6rter zu Mari\u00e4 Lichtmess geh\u00f6ren zum volkst\u00fcmlichen Erbe des Landes, aber sie beziehen sich auch auf die Urspr\u00fcnge dieses Festes zwischen Religion und Heidentum","breadcrumb":{"@id":"https:\/\/blog.holyart.it\/de\/devotionalien\/sprichwoerter-zu-mariae-lichtmess-traditionen-rund-um-den-feiertag\/#breadcrumb"},"inLanguage":"de","potentialAction":[{"@type":"ReadAction","target":["https:\/\/blog.holyart.it\/de\/devotionalien\/sprichwoerter-zu-mariae-lichtmess-traditionen-rund-um-den-feiertag\/"]}]},{"@type":"ImageObject","inLanguage":"de","@id":"https:\/\/blog.holyart.it\/de\/devotionalien\/sprichwoerter-zu-mariae-lichtmess-traditionen-rund-um-den-feiertag\/#primaryimage","url":"https:\/\/blog.holyart.it\/de\/wp-content\/uploads\/sites\/12\/2025\/01\/Sprichwoerter-zu-Mariae-Lichtmess.jpeg","contentUrl":"https:\/\/blog.holyart.it\/de\/wp-content\/uploads\/sites\/12\/2025\/01\/Sprichwoerter-zu-Mariae-Lichtmess.jpeg","width":1000,"height":667,"caption":"Sprichw\u00f6rter zu Mari\u00e4 Lichtmess"},{"@type":"BreadcrumbList","@id":"https:\/\/blog.holyart.it\/de\/devotionalien\/sprichwoerter-zu-mariae-lichtmess-traditionen-rund-um-den-feiertag\/#breadcrumb","itemListElement":[{"@type":"ListItem","position":1,"name":"Homepage","item":"https:\/\/blog.holyart.it\/de\/"},{"@type":"ListItem","position":2,"name":"Religion","item":"https:\/\/blog.holyart.it\/de\/devotionalien\/"},{"@type":"ListItem","position":3,"name":"Sprichw\u00f6rter zu Mari\u00e4 Lichtmess: Traditionen rund um den Feiertag"}]},{"@type":"WebSite","@id":"https:\/\/blog.holyart.it\/de\/#website","url":"https:\/\/blog.holyart.it\/de\/","name":"Holyart.de Blog","description":"Holyblog","publisher":{"@id":"https:\/\/blog.holyart.it\/de\/#organization"},"potentialAction":[{"@type":"SearchAction","target":{"@type":"EntryPoint","urlTemplate":"https:\/\/blog.holyart.it\/de\/?s={search_term_string}"},"query-input":{"@type":"PropertyValueSpecification","valueRequired":true,"valueName":"search_term_string"}}],"inLanguage":"de"},{"@type":"Organization","@id":"https:\/\/blog.holyart.it\/de\/#organization","name":"Holyart.de Blog","url":"https:\/\/blog.holyart.it\/de\/","logo":{"@type":"ImageObject","inLanguage":"de","@id":"https:\/\/blog.holyart.it\/de\/#\/schema\/logo\/image\/","url":"https:\/\/blog.holyart.it\/de\/wp-content\/uploads\/sites\/12\/2022\/12\/Holyart_Blog_Logo.jpg","contentUrl":"https:\/\/blog.holyart.it\/de\/wp-content\/uploads\/sites\/12\/2022\/12\/Holyart_Blog_Logo.jpg","width":300,"height":50,"caption":"Holyart.de Blog"},"image":{"@id":"https:\/\/blog.holyart.it\/de\/#\/schema\/logo\/image\/"}},{"@type":"Person","@id":"https:\/\/blog.holyart.it\/de\/#\/schema\/person\/0a7b686e5af0f856ec1e390dd0baecda","name":"Redazione","image":{"@type":"ImageObject","inLanguage":"de","@id":"https:\/\/blog.holyart.it\/de\/#\/schema\/person\/image\/","url":"https:\/\/secure.gravatar.com\/avatar\/f477da817f43e50d0af36abecd33e3edf826c68299714bdc1057dff3b113f516?s=96&d=mm&r=g","contentUrl":"https:\/\/secure.gravatar.com\/avatar\/f477da817f43e50d0af36abecd33e3edf826c68299714bdc1057dff3b113f516?s=96&d=mm&r=g","caption":"Redazione"}}]}},"_links":{"self":[{"href":"https:\/\/blog.holyart.it\/de\/wp-json\/wp\/v2\/posts\/5352","targetHints":{"allow":["GET"]}}],"collection":[{"href":"https:\/\/blog.holyart.it\/de\/wp-json\/wp\/v2\/posts"}],"about":[{"href":"https:\/\/blog.holyart.it\/de\/wp-json\/wp\/v2\/types\/post"}],"author":[{"embeddable":true,"href":"https:\/\/blog.holyart.it\/de\/wp-json\/wp\/v2\/users\/1"}],"replies":[{"embeddable":true,"href":"https:\/\/blog.holyart.it\/de\/wp-json\/wp\/v2\/comments?post=5352"}],"version-history":[{"count":6,"href":"https:\/\/blog.holyart.it\/de\/wp-json\/wp\/v2\/posts\/5352\/revisions"}],"predecessor-version":[{"id":5363,"href":"https:\/\/blog.holyart.it\/de\/wp-json\/wp\/v2\/posts\/5352\/revisions\/5363"}],"wp:featuredmedia":[{"embeddable":true,"href":"https:\/\/blog.holyart.it\/de\/wp-json\/wp\/v2\/media\/5354"}],"wp:attachment":[{"href":"https:\/\/blog.holyart.it\/de\/wp-json\/wp\/v2\/media?parent=5352"}],"wp:term":[{"taxonomy":"category","embeddable":true,"href":"https:\/\/blog.holyart.it\/de\/wp-json\/wp\/v2\/categories?post=5352"},{"taxonomy":"post_tag","embeddable":true,"href":"https:\/\/blog.holyart.it\/de\/wp-json\/wp\/v2\/tags?post=5352"}],"curies":[{"name":"wp","href":"https:\/\/api.w.org\/{rel}","templated":true}]}}