{"id":5318,"date":"2025-01-22T10:00:17","date_gmt":"2025-01-22T09:00:17","guid":{"rendered":"https:\/\/blog.holyart.it\/de\/?p=5318"},"modified":"2026-01-26T12:39:09","modified_gmt":"2026-01-26T11:39:09","slug":"der-heilige-franz-von-sales-der-schutzpatron-der-journalisten","status":"publish","type":"post","link":"https:\/\/blog.holyart.it\/de\/heilige-und-selige\/der-heilige-franz-von-sales-der-schutzpatron-der-journalisten\/","title":{"rendered":"Der heilige Franz von Sales, der Schutzpatron der Journalisten"},"content":{"rendered":"<h4>Der heilige Franz von Sales machte die Liebe zu Gott und die Sanftmut im Ausdruck seines Glaubens zur m\u00e4chtigsten Waffe seiner Predigt. Er ist Schutzpatron katholischer Journalisten und Schriftsteller, Heiliger und Kirchenlehrer<\/h4>\n\n<p>Der <strong>24. Januar<\/strong> markiert das liturgische Gedenken an <strong>Franz von Sales<\/strong>, einen franz\u00f6sischen Bischof, der zwischen dem 16. und 17. Jahrhundert lebte, einen <strong><a href=\"https:\/\/www.holyart.de\/blog\/devotionalien\/die-doktoren-der-kirche-wer-sie-sind-und-welche-voraussetzungen-erfuellt-sein-muessen-um-diesen-titel-zu-tragen\/\">Kirchenlehrer<\/a> <\/strong>und einen katholischen Heiligen. Obwohl der Jahrestag seines Todes der 28. Dezember ist, wurde aufgrund der N\u00e4he dieses Datums zu <strong><a href=\"https:\/\/www.holyart.de\/weihnachten\">Weihnachten<\/a> <\/strong>bevorzugt, sein Gedenken mit dem Datum der <a href=\"https:\/\/www.holyart.de\/blog\/heilige-und-selige\/die-10-eindrucksvollsten-reliquien-der-heiligen\/\"><strong>\u00dcberf\u00fchrung seiner Reliquien<\/strong><\/a> aus Lyon zusammenfallen zu lassen, wo der Heilige am 11. Dezember 1622 in Annecy starb. Sein Herz h\u00e4ngt immer noch in Treviso, im Kloster der Heimsuchung.<\/p>\n<p>Fran\u00e7ois de Sales, in Deutschland als Franz von Sales bekannt, war <strong>adliger Herkunft<\/strong>. Von seinem Vater f\u00fcr eine juristische Laufbahn vorgesehen, wurde er an die Universit\u00e4t Padua geschickt, wo er jedoch nach seinem Abschluss beschloss, die Gel\u00fcbde abzulegen und sein Leben und seinen brillanten Geist Gott und den Menschen zu weihen. Gerade seine <strong>F\u00e4higkeit als Prediger<\/strong> f\u00fchrte dazu, dass er 1665, wenige Jahrzehnte nach seinem Tod, zum <a href=\"https:\/\/www.holyart.de\/blog\/heilige-und-selige\/die-schutzheiligen-europas-jedes-land-hat-einen-schutzpatron\/\"><strong>Heiligen erkl\u00e4rt wurde<\/strong>.<\/a><\/p>\n<div class=\"link-article\">\n<p><img loading=\"lazy\" decoding=\"async\" class=\"alignnone size-full wp-image-5320\" src=\"https:\/\/blog.holyart.it\/de\/wp-content\/uploads\/sites\/12\/2025\/01\/Reliquien-der-Heiligen-1.jpeg\" alt=\"Reliquien der Heiligen\" width=\"150\" height=\"99\" data-kale-share-title=\"Der heilige Franz von Sales, der Schutzpatron der Journalisten\" data-kale-share-url=\"https:\/\/blog.holyart.it\/de\/?p=5318\" \/><\/p>\n<div class=\"leggi-anche\">Czytaj tak\u017ce:<\/div>\n<p><strong><a href=\"https:\/\/www.holyart.de\/blog\/heilige-und-selige\/die-10-eindrucksvollsten-reliquien-der-heiligen\/\">Die 10 eindrucksvollsten Reliquien der Heiligen<\/a><\/strong><br \/>\nDie Reliquien von Heiligen pr\u00e4gen die Geschichte des Christentums als Zeugnisse der Liebe, Hingabe und des Glaubens<\/p>\n<\/div>\n<p>Als <strong>Bischof von Genf, Prediger und Gr\u00fcnder des Ordens der Heimsuchung Mariens<\/strong> bewies Franz von Sales zusammen mit der Baronin Jeanne Frances Fremyot de Chantal stets gro\u00dfes Engagement, Einfachheit und eine Freundlichkeit, die ihm jedes Mal die Sympathie aller einbrachte.<\/p>\n<p>Dieselbe <strong>Sanftheit und Liebe<\/strong> finden wir in seinen literarischen Werken, <strong><a href=\"https:\/\/www.holyart.de\/devotionalien\/rosenkranze-und-rosenkranzetuis?_gl=1*1wdstmf*_gcl_aw*R0NMLjE3MzM0MDg3MzIuQ2owS0NRaUF1OFc2QmhDLUFSSXNBQ0VRb0RDWEdmR1hiclc4SjhZajBQT25SSTdvOGVuMGl1TFRWMFBSb0dSS1BGMEcteXBtb28zQ3BFOGFBcGZxRUFMd193Y0I.*_gcl_au*MTg5NTg5Mjc0NC4xNzMzNzQzNDk5*_ga*MTQ4NzE4MjM0Mi4xNjk0Nzg4MTQz*_ga_W18MV136NH*MTczNjg2MDUxMi45OTQuMS4xNzM2ODYyODIzLjAuMC4yMDA2NDg2NTE5*_fplc*YW5ab1F4d2FBbXBYRTM4V0xNckYwV2tFQUtyR2RpN0czb2gzeTRJVkpIdDZ5V0t1dzRVR2dIWUVqaVZlTDdMeCUyRm9SWmdhVmpGSEEzNmFMbVl1eGJ5eUJySkI4bTBocmxwVVZ0dm5ja1M1YW5xSWFJOHoyNnhMYUlWcVlrblElM0QlM0Q.\">in seinen Gebeten<\/a><\/strong> und in den Regeln, die von Nonnen verlangt werden, die seinem Orden beitreten wollen, die keine \u00fcberm\u00e4\u00dfige k\u00f6rperliche Strenge auf sich nehmen mussten, sondern mit Demut und Sanftmut Askese des Herzens \u00fcben mussten und Geduld sowie Gebet und Kontemplation. Die Aufgabe der Nonnen besteht nicht nur darin, sich mit Werken der <strong>N\u00e4chstenliebe und <a href=\"https:\/\/www.holyart.de\/blog\/devotionalien\/der-kult-der-gottlichen-barmherzigkeit\/\">Barmherzigkeit<\/a><\/strong> an Gott zu wenden, sondern vor allem auch an die Menschen.<\/p>\n<p>Seit 1923 ist er auf Wunsch von Papst Pius XI. auch der <strong>Schutzpatron der katholischen Journalisten und Schriftsteller<\/strong>. Diese Zuschreibung geht auf die Mission von Franz von Sales in der Region Chablais zur\u00fcck, wo sich der Heilige dem <strong>Kampf gegen den Calvinismus<\/strong> widmete, nicht mit Gewalt und einer polemischen Haltung, sondern mit der Kunst des <strong>Predigens<\/strong>, in der er sich auszeichnete, und des <strong>Dialogs<\/strong>. Gerade um m\u00f6glichst viele Menschen in seine Evangelisierungskampagne einzubeziehen, entwickelte er das System von <strong>Plakaten<\/strong>, Artikeln in einer agilen und leicht anwendbaren Form, die Franziskus an \u00f6ffentlichen Orten aush\u00e4ngen lie\u00df, damit sie von den Gr\u00f6\u00dften gelesen werden konnten m\u00f6gliche Personenzahl. Aus diesem Grund wurde er zum Schutzpatron der katholischen Journalisten und Schriftsteller ernannt.<\/p>\n<div class=\"link-product\">\n<div class=\"blocco-immagine\"><img loading=\"lazy\" decoding=\"async\" class=\"alignnone size-full wp-image-5321\" src=\"https:\/\/blog.holyart.it\/de\/wp-content\/uploads\/sites\/12\/2025\/01\/Rosenkraenze-und-Rosenkranzetuis.jpg\" alt=\"Rosenkr\u00e4nze und Rosenkranzetuis\" width=\"100\" height=\"100\" data-kale-share-title=\"Der heilige Franz von Sales, der Schutzpatron der Journalisten\" data-kale-share-url=\"https:\/\/blog.holyart.it\/de\/?p=5318\" \/><\/div>\n<div class=\"blocco-contenuto\">\n<div class=\"blocco-acquista\">Einkaufen:<\/div>\n<div class=\"blocco-titolo\"><a href=\"https:\/\/www.holyart.de\/devotionalien\/rosenkranze-und-rosenkranzetuis\">Rosenkr\u00e4nze und Rosenkranzetuis<\/a><\/div>\n<div class=\"blocco-descrizione\">Der Rosenkranz ist das traditionelle Instrument f\u00fcr das Beten des heiligen Rosenkranzes.<\/div>\n<\/div>\n<\/div>\n<h2>Heiliger Franz von Sales, Bischof und Kirchenlehrer<\/h2>\n<p>Wir haben uns bereits mit dem Leben von <strong><a href=\"https:\/\/www.holyart.de\/devotionalien\/bruderschaftsmedaillons\/medaillon-fur-bruderschaften-heiliger-franz-von-sales\">Franz von Sales<\/a><\/strong> befasst, mit seiner Zeit als gro\u00dfer Mann, bevor er ein Meister der Spiritualit\u00e4t wurde. Bedeutend ist auch sein lit<strong>erarischer und theologischer Beitrag <\/strong>zur Geschichte des Christentums, zu dessen bedeutendsten Werken die Lehre z\u00e4hlt, etwa die <strong><em>Einf\u00fchrung in das fromme Leben (Filotea).<\/em><\/strong> Wenn seine Heiligsprechung wie \u00fcblich auf zwei Wunder zur\u00fcckzuf\u00fchren war, waren seine Lehre und seine F\u00e4higkeiten als Prediger die Voraussetzungen f\u00fcr seine Wahl zum Kirchenlehrer. Denken wir n\u00e4mlich daran, dass die notwendigen Voraussetzungen f\u00fcr die Proklamation zum Kirchenlehrer neben einem rechtschaffenen Verhalten und einem tugendhaften Leben auch folgende sind:<\/p>\n<ul>\n<li>herausragende Lehre;<\/li>\n<li>Heiligkeit des Lebens;<\/li>\n<li>Wahl durch den Papst oder den Generalrat.<\/li>\n<\/ul>\n<div class=\"link-product\">\n<div class=\"blocco-immagine\"><img loading=\"lazy\" decoding=\"async\" class=\"alignnone size-full wp-image-5324\" src=\"https:\/\/blog.holyart.it\/de\/wp-content\/uploads\/sites\/12\/2025\/01\/Medaillon-fuer-Bruderschaften-Heiliger-Franz-von-Sales.jpg\" alt=\"Medaillon f\u00fcr Bruderschaften Heiliger Franz von Sales\" width=\"100\" height=\"100\" data-kale-share-title=\"Der heilige Franz von Sales, der Schutzpatron der Journalisten\" data-kale-share-url=\"https:\/\/blog.holyart.it\/de\/?p=5318\" \/><\/div>\n<div class=\"blocco-contenuto\">\n<div class=\"blocco-acquista\">Einkaufen:<\/div>\n<div class=\"blocco-titolo\"><a href=\"https:\/\/www.holyart.de\/devotionalien\/bruderschaftsmedaillons\/medaillon-fur-bruderschaften-heiliger-franz-von-sales\">Medaillon f\u00fcr Bruderschaften Heiliger Franz von Sales<\/a><\/div>\n<div class=\"blocco-descrizione\">Medaillon f\u00fcr Bruderschaften Heiliger Franz von Sales (Dimensionen 14&#215;12 cm).<\/div>\n<\/div>\n<\/div>\n<h2>Filotea, das Werk des Heiligen Franz von Sales<\/h2>\n<p>Wir erw\u00e4hnten <strong>Filotea oder Einf\u00fchrung in das fromme Leben<\/strong>, ein asketisches Werk von <strong><a href=\"https:\/\/www.holyart.de\/devotionalien\/bruderschaftsmedaillons\/medaillon-fur-bruderschaft-heiliger-franz-von-sales-im-gebet\">Franz von Sales<\/a><\/strong> aus dem Jahr 1609. Der Name <em>Filotea<\/em> ist griechischen Ursprungs und bedeutet \u201eFreund Gottes\u201c. Dieses au\u00dfergew\u00f6hnliche Werk stellt ein umfassendes und vollst\u00e4ndiges Handbuch f\u00fcr jeden dar, der ein christliches Leben f\u00fchren m\u00f6chte, denn es analysiert jeden Aspekt des Lebens gem\u00e4\u00df dem Wort Gottes und enth\u00e4lt zahlreiche praktische Ratschl\u00e4ge und Verhaltensregeln, die der Christ in jeder Situation befolgen muss<\/p>\n<p>Ein weiteres wichtiges Werk von ihm war das Teotimo oder die Abhandlung \u00fcber die Liebe Gottes (1616), in dem der <strong><a href=\"https:\/\/www.holyart.de\/blog\/devotionalien\/was-ist-der-unterschied-zwischen-verehrung-andacht-und-anbetung\/\">Heilige wahre religi\u00f6se<\/a> <\/strong>Hingabe nicht als eine \u00e4u\u00dfere Manifestation definierte, die nur aus Regeln und mechanischen Andachtspraktiken bestand, sondern als ein Werk der Verbesserung an sich selbst. angetrieben von der Liebe zu Gott und der st\u00e4ndigen Aus\u00fcbung der theologischen Tugenden.<\/p>\n<p><strong><a href=\"https:\/\/www.holyart.de\/blog\/devotionalien\/almosen-geben-ist-das-naechstenliebe\/\">N\u00e4chstenliebe<\/a><\/strong>, <strong><a href=\"https:\/\/www.holyart.de\/blog\/devotionalien\/die-fusswaschung-die-symbolische-geste-der-liebe-gottes\/\">Liebe zu Gott und in Gott<\/a><\/strong> sind die am h\u00e4ufigsten wiederkehrenden Themen in den Werken des Heiligen Franz von Sales, in einer Zeit der Religionskriege, in der zu oft auf Kontroversen, aber auch auf Gewalt und Missbrauch zur\u00fcckgegriffen wurde, um diese zu erzwingen der sich zu einem anderen Glauben bekannte, um zum Katholizismus zur\u00fcckzukehren. Die Freundlichkeit und Anmut, mit der Franziskus seine Ideen zum Ausdruck brachte, brachte ihm die Bekehrung vieler Protestanten ein.<\/p>\n<div class=\"link-article\">\n<p><img loading=\"lazy\" decoding=\"async\" class=\"alignnone size-full wp-image-5334\" src=\"https:\/\/blog.holyart.it\/de\/wp-content\/uploads\/sites\/12\/2025\/01\/Die-Fusswaschung.jpg\" alt=\"Die Fu\u00dfwaschung\" width=\"150\" height=\"99\" data-kale-share-title=\"Der heilige Franz von Sales, der Schutzpatron der Journalisten\" data-kale-share-url=\"https:\/\/blog.holyart.it\/de\/?p=5318\" \/><\/p>\n<div class=\"leggi-anche\">Lesen Sie auch:<\/div>\n<p><strong><a href=\"https:\/\/www.holyart.de\/blog\/devotionalien\/die-fusswaschung-die-symbolische-geste-der-liebe-gottes\/\">Die Fu\u00dfwaschung, die symbolische Geste der Liebe Gottes<\/a><\/strong><br \/>\nDie Fu\u00dfwaschung ist eine der gr\u00f6\u00dften Gesten der Liebe Gottes. Wie sie geschah und wie sie jedes Jahr im Rahmen der Gr\u00fcndonnerstagsriten&#8230;<\/p>\n<\/div>\n<h2>Gebet zum Heiligen Franz von Sales<\/h2>\n<p>Die Sanftheit des Heiligen Franz von Sales kommt auch in den Gebeten zum Ausdruck, die er selbst f\u00fcr die Familie verfasst hat, und in den vielen Gebeten, die ihm seine Anh\u00e4nger gewidmet haben.<\/p>\n<p>Dieses ist besonders repr\u00e4sentativ und der <strong>Jungfrau Maria<\/strong> gewidmet, die von der Heiligen als liebevolle und kraftvolle Mutter definiert wird, die bereit ist, aus Liebe auf die Bitten ihrer Kinder zu h\u00f6ren, auch auf die, die es nicht verdient haben:<\/p>\n<p><em>Erinnere dich und denk daran, oh s\u00fc\u00dfeste Jungfrau,<\/em><\/p>\n<p><em>dass Du meine Mutter bist und dass ich Dein Sohn bin;<\/em><\/p>\n<p><em>dass Du m\u00e4chtig bist<\/em><\/p>\n<p><em>und dass ich sehr arm, sch\u00fcchtern und schwach bin.<\/em><\/p>\n<p><em>Ich flehe dich an, s\u00fc\u00dfeste Mutter,<\/em><\/p>\n<p><em>um mich auf all meinen Wegen zu f\u00fchren,<\/em><\/p>\n<p><em>in all meinen Taten.<\/em><\/p>\n<p><em>Sag mir nicht, wundervolle Mutter, dass du es nicht kannst,<\/em><\/p>\n<p><em>dank Deinem geliebten Sohn.<\/em><\/p>\n<p><em>Er hat dir alle Macht gegeben, sowohl im Himmel als auch auf Erden.<\/em><\/p>\n<p><em>Sag mir nicht, dass du es nicht tun musst,<\/em><\/p>\n<p><em>denn Du bist die Mutter aller Menschen<\/em><\/p>\n<p><em>und insbesondere meine Mutter. Wenn du nicht zuh\u00f6ren k\u00f6nntest,<\/em><\/p>\n<p><em>w\u00fcrde ich Dich entschuldigen, indem ich sage:<\/em><\/p>\n<p><em>\u201eEs ist wahr, dass sie meine Mutter ist und mich als ihren Sohn liebt,<\/em><\/p>\n<p><em>aber er hat weder die Mittel noch die M\u00f6glichkeit, mir zu helfen.<\/em><\/p>\n<p><em>Wenn du nicht meine Mutter w\u00e4rst,<\/em><\/p>\n<p><em>Ich w\u00fcrde geduldig sein und sagen:<\/em><\/p>\n<p><em>\u201eEr hat jede Chance, mir zu helfen,<\/em><\/p>\n<p><em>aber leider ist sie nicht meine Mutter<\/em><\/p>\n<p><em>und deshalb liebt er mich nicht.<\/em><\/p>\n<p><em>Aber nein, oh s\u00fc\u00dfeste Jungfrau,<\/em><\/p>\n<p><em>Du bist meine Mutter<\/em><\/p>\n<p><em>und au\u00dferdem bist du sehr m\u00e4chtig.<\/em><\/p>\n<p><em>Wie k\u00f6nnte ich mich entschuldigen, wenn Du mir nicht geholfen h\u00e4ttest?<\/em><\/p>\n<p><em>und mir keine Hilfe und Unterst\u00fctzung angeboten?<\/em><\/p>\n<p><em>Seht gut, oh Mutter,<\/em><\/p>\n<p><em>dass du gezwungen bist, <\/em><\/p>\n<p><em>alle meine W\u00fcnsche zuzuh\u00f6ren.<\/em><\/p>\n<p><em>Zur Ehre und Herrlichkeit Deines Jesus,<\/em><\/p>\n<p><em>akzeptiere mich als Dein Kind,<\/em><\/p>\n<p><em>ohne auf mein Elend <\/em><\/p>\n<p><em>und meine S\u00fcnden zu achten.<\/em><\/p>\n<p><em>\u00a0<\/em><\/p>\n<p><em>Befreie meine Seele und meinen K\u00f6rper<\/em><\/p>\n<p><em>von allem B\u00f6sen und gib mir alle deine Tugenden,<\/em><\/p>\n<p><em>vor allem Demut.<\/em><\/p>\n<p><em>\u00a0<\/em><\/p>\n<p><em>Schenke mir alle Gaben, alle G\u00fcter und<\/em><\/p>\n<p><em>aller Gnaden, die der heiligen Dreifaltigkeit, <\/em><\/p>\n<p><em>dem Vater, dem Sohn und dem Heiligen Geist gefallen.<\/em><\/p>\n<div class=\"link-product\">\n<div class=\"blocco-immagine\"><img loading=\"lazy\" decoding=\"async\" class=\"alignnone size-full wp-image-5337\" src=\"https:\/\/blog.holyart.it\/de\/wp-content\/uploads\/sites\/12\/2025\/01\/Madonna-von-Medjugorje-aus-Marmorstaub-mit-grauem-Gewand-40-cm-AUssEN.jpg\" alt=\"Madonna von Medjugorje aus Marmorstaub mit grauem Gewand, 40 cm AU\u00dfEN\" width=\"100\" height=\"100\" data-kale-share-title=\"Der heilige Franz von Sales, der Schutzpatron der Journalisten\" data-kale-share-url=\"https:\/\/blog.holyart.it\/de\/?p=5318\" \/><\/div>\n<div class=\"blocco-contenuto\">\n<div class=\"blocco-acquista\">Einkaufen:<\/div>\n<div class=\"blocco-titolo\"><a href=\"https:\/\/www.holyart.de\/besondere-anlasse\/muttergottes-von-medjugorje\/medjugorje-statuen-und-bilder\/madonna-von-medjugorje-aus-marmorstaub-mit-grauem-gewand-40-cm-aussen\">Madonna von Medjugorje aus Marmorstaub mit grauem Gewand, 40 cm AU\u00dfEN<\/a><\/div>\n<div class=\"blocco-descrizione\">Madonna von Medjugorje aus Marmorstaub, 42 cm.<\/div>\n<\/div>\n<\/div>\n","protected":false},"excerpt":{"rendered":"<p>Der heilige Franz von Sales machte die Liebe zu Gott und die Sanftmut im Ausdruck seines Glaubens zur m\u00e4chtigsten Waffe seiner Predigt. Er ist Schutzpatron katholischer Journalisten und Schriftsteller, Heiliger und Kirchenlehrer Der 24. Januar markiert das liturgische Gedenken an Franz von Sales, einen franz\u00f6sischen&hellip;<\/p>\n","protected":false},"author":1,"featured_media":5323,"comment_status":"closed","ping_status":"open","sticky":false,"template":"","format":"standard","meta":{"_acf_changed":false,"footnotes":""},"categories":[9],"tags":[],"class_list":["post-5318","post","type-post","status-publish","format-standard","has-post-thumbnail","hentry","category-heilige-und-selige"],"acf":[],"yoast_head":"<!-- This site is optimized with the Yoast SEO plugin v26.6 - https:\/\/yoast.com\/wordpress\/plugins\/seo\/ -->\n<title>Der heilige Franz von Sales, der Schutzpatron der Journalisten - Holyart.de Blog<\/title>\n<meta name=\"description\" content=\"Der heilige Franz von Sales machte die Liebe zu Gott und die Sanftmut im Ausdruck seines Glaubens zur m\u00e4chtigsten Waffe seiner Predigt.\" \/>\n<meta name=\"robots\" content=\"index, follow, max-snippet:-1, max-image-preview:large, max-video-preview:-1\" \/>\n<link rel=\"canonical\" href=\"https:\/\/blog.holyart.it\/de\/heilige-und-selige\/der-heilige-franz-von-sales-der-schutzpatron-der-journalisten\/\" \/>\n<meta property=\"og:locale\" content=\"de_DE\" \/>\n<meta property=\"og:type\" content=\"article\" \/>\n<meta property=\"og:title\" content=\"Der heilige Franz von Sales, der Schutzpatron der Journalisten - Holyart.de Blog\" \/>\n<meta property=\"og:description\" content=\"Der heilige Franz von Sales machte die Liebe zu Gott und die Sanftmut im Ausdruck seines Glaubens zur m\u00e4chtigsten Waffe seiner Predigt.\" \/>\n<meta property=\"og:url\" content=\"https:\/\/blog.holyart.it\/de\/heilige-und-selige\/der-heilige-franz-von-sales-der-schutzpatron-der-journalisten\/\" \/>\n<meta property=\"og:site_name\" content=\"Holyart.de Blog\" \/>\n<meta property=\"article:published_time\" content=\"2025-01-22T09:00:17+00:00\" \/>\n<meta property=\"article:modified_time\" content=\"2026-01-26T11:39:09+00:00\" \/>\n<meta property=\"og:image\" content=\"https:\/\/blog.holyart.it\/de\/wp-content\/uploads\/sites\/12\/2025\/01\/Der-heilige-Franz-von-Sales.jpg\" \/>\n\t<meta property=\"og:image:width\" content=\"1000\" \/>\n\t<meta property=\"og:image:height\" content=\"666\" \/>\n\t<meta property=\"og:image:type\" content=\"image\/jpeg\" \/>\n<meta name=\"author\" content=\"Redazione\" \/>\n<meta name=\"twitter:card\" content=\"summary_large_image\" \/>\n<meta name=\"twitter:label1\" content=\"Verfasst von\" \/>\n\t<meta name=\"twitter:data1\" content=\"Redazione\" \/>\n\t<meta name=\"twitter:label2\" content=\"Gesch\u00e4tzte Lesezeit\" \/>\n\t<meta name=\"twitter:data2\" content=\"9\u00a0Minuten\" \/>\n<script type=\"application\/ld+json\" class=\"yoast-schema-graph\">{\"@context\":\"https:\/\/schema.org\",\"@graph\":[{\"@type\":\"Article\",\"@id\":\"https:\/\/blog.holyart.it\/de\/heilige-und-selige\/der-heilige-franz-von-sales-der-schutzpatron-der-journalisten\/#article\",\"isPartOf\":{\"@id\":\"https:\/\/blog.holyart.it\/de\/heilige-und-selige\/der-heilige-franz-von-sales-der-schutzpatron-der-journalisten\/\"},\"author\":{\"name\":\"Redazione\",\"@id\":\"https:\/\/blog.holyart.it\/de\/#\/schema\/person\/0a7b686e5af0f856ec1e390dd0baecda\"},\"headline\":\"Der heilige Franz von Sales, der Schutzpatron der Journalisten\",\"datePublished\":\"2025-01-22T09:00:17+00:00\",\"dateModified\":\"2026-01-26T11:39:09+00:00\",\"mainEntityOfPage\":{\"@id\":\"https:\/\/blog.holyart.it\/de\/heilige-und-selige\/der-heilige-franz-von-sales-der-schutzpatron-der-journalisten\/\"},\"wordCount\":1301,\"publisher\":{\"@id\":\"https:\/\/blog.holyart.it\/de\/#organization\"},\"image\":{\"@id\":\"https:\/\/blog.holyart.it\/de\/heilige-und-selige\/der-heilige-franz-von-sales-der-schutzpatron-der-journalisten\/#primaryimage\"},\"thumbnailUrl\":\"https:\/\/blog.holyart.it\/de\/wp-content\/uploads\/sites\/12\/2025\/01\/Der-heilige-Franz-von-Sales.jpg\",\"articleSection\":[\"Heilige und Selige\"],\"inLanguage\":\"de\"},{\"@type\":\"WebPage\",\"@id\":\"https:\/\/blog.holyart.it\/de\/heilige-und-selige\/der-heilige-franz-von-sales-der-schutzpatron-der-journalisten\/\",\"url\":\"https:\/\/blog.holyart.it\/de\/heilige-und-selige\/der-heilige-franz-von-sales-der-schutzpatron-der-journalisten\/\",\"name\":\"Der heilige Franz von Sales, der Schutzpatron der Journalisten - Holyart.de Blog\",\"isPartOf\":{\"@id\":\"https:\/\/blog.holyart.it\/de\/#website\"},\"primaryImageOfPage\":{\"@id\":\"https:\/\/blog.holyart.it\/de\/heilige-und-selige\/der-heilige-franz-von-sales-der-schutzpatron-der-journalisten\/#primaryimage\"},\"image\":{\"@id\":\"https:\/\/blog.holyart.it\/de\/heilige-und-selige\/der-heilige-franz-von-sales-der-schutzpatron-der-journalisten\/#primaryimage\"},\"thumbnailUrl\":\"https:\/\/blog.holyart.it\/de\/wp-content\/uploads\/sites\/12\/2025\/01\/Der-heilige-Franz-von-Sales.jpg\",\"datePublished\":\"2025-01-22T09:00:17+00:00\",\"dateModified\":\"2026-01-26T11:39:09+00:00\",\"description\":\"Der heilige Franz von Sales machte die Liebe zu Gott und die Sanftmut im Ausdruck seines Glaubens zur m\u00e4chtigsten Waffe seiner Predigt.\",\"breadcrumb\":{\"@id\":\"https:\/\/blog.holyart.it\/de\/heilige-und-selige\/der-heilige-franz-von-sales-der-schutzpatron-der-journalisten\/#breadcrumb\"},\"inLanguage\":\"de\",\"potentialAction\":[{\"@type\":\"ReadAction\",\"target\":[\"https:\/\/blog.holyart.it\/de\/heilige-und-selige\/der-heilige-franz-von-sales-der-schutzpatron-der-journalisten\/\"]}]},{\"@type\":\"ImageObject\",\"inLanguage\":\"de\",\"@id\":\"https:\/\/blog.holyart.it\/de\/heilige-und-selige\/der-heilige-franz-von-sales-der-schutzpatron-der-journalisten\/#primaryimage\",\"url\":\"https:\/\/blog.holyart.it\/de\/wp-content\/uploads\/sites\/12\/2025\/01\/Der-heilige-Franz-von-Sales.jpg\",\"contentUrl\":\"https:\/\/blog.holyart.it\/de\/wp-content\/uploads\/sites\/12\/2025\/01\/Der-heilige-Franz-von-Sales.jpg\",\"width\":1000,\"height\":666,\"caption\":\"Der heilige Franz von Sales\"},{\"@type\":\"BreadcrumbList\",\"@id\":\"https:\/\/blog.holyart.it\/de\/heilige-und-selige\/der-heilige-franz-von-sales-der-schutzpatron-der-journalisten\/#breadcrumb\",\"itemListElement\":[{\"@type\":\"ListItem\",\"position\":1,\"name\":\"Homepage\",\"item\":\"https:\/\/blog.holyart.it\/de\/\"},{\"@type\":\"ListItem\",\"position\":2,\"name\":\"Heilige und Selige\",\"item\":\"https:\/\/blog.holyart.it\/de\/heilige-und-selige\/\"},{\"@type\":\"ListItem\",\"position\":3,\"name\":\"Der heilige Franz von Sales, der Schutzpatron der Journalisten\"}]},{\"@type\":\"WebSite\",\"@id\":\"https:\/\/blog.holyart.it\/de\/#website\",\"url\":\"https:\/\/blog.holyart.it\/de\/\",\"name\":\"Holyart.de Blog\",\"description\":\"Holyblog\",\"publisher\":{\"@id\":\"https:\/\/blog.holyart.it\/de\/#organization\"},\"potentialAction\":[{\"@type\":\"SearchAction\",\"target\":{\"@type\":\"EntryPoint\",\"urlTemplate\":\"https:\/\/blog.holyart.it\/de\/?s={search_term_string}\"},\"query-input\":{\"@type\":\"PropertyValueSpecification\",\"valueRequired\":true,\"valueName\":\"search_term_string\"}}],\"inLanguage\":\"de\"},{\"@type\":\"Organization\",\"@id\":\"https:\/\/blog.holyart.it\/de\/#organization\",\"name\":\"Holyart.de Blog\",\"url\":\"https:\/\/blog.holyart.it\/de\/\",\"logo\":{\"@type\":\"ImageObject\",\"inLanguage\":\"de\",\"@id\":\"https:\/\/blog.holyart.it\/de\/#\/schema\/logo\/image\/\",\"url\":\"https:\/\/blog.holyart.it\/de\/wp-content\/uploads\/sites\/12\/2022\/12\/Holyart_Blog_Logo.jpg\",\"contentUrl\":\"https:\/\/blog.holyart.it\/de\/wp-content\/uploads\/sites\/12\/2022\/12\/Holyart_Blog_Logo.jpg\",\"width\":300,\"height\":50,\"caption\":\"Holyart.de Blog\"},\"image\":{\"@id\":\"https:\/\/blog.holyart.it\/de\/#\/schema\/logo\/image\/\"}},{\"@type\":\"Person\",\"@id\":\"https:\/\/blog.holyart.it\/de\/#\/schema\/person\/0a7b686e5af0f856ec1e390dd0baecda\",\"name\":\"Redazione\",\"image\":{\"@type\":\"ImageObject\",\"inLanguage\":\"de\",\"@id\":\"https:\/\/blog.holyart.it\/de\/#\/schema\/person\/image\/\",\"url\":\"https:\/\/secure.gravatar.com\/avatar\/f477da817f43e50d0af36abecd33e3edf826c68299714bdc1057dff3b113f516?s=96&d=mm&r=g\",\"contentUrl\":\"https:\/\/secure.gravatar.com\/avatar\/f477da817f43e50d0af36abecd33e3edf826c68299714bdc1057dff3b113f516?s=96&d=mm&r=g\",\"caption\":\"Redazione\"}}]}<\/script>\n<!-- \/ Yoast SEO plugin. -->","yoast_head_json":{"title":"Der heilige Franz von Sales, der Schutzpatron der Journalisten - Holyart.de Blog","description":"Der heilige Franz von Sales machte die Liebe zu Gott und die Sanftmut im Ausdruck seines Glaubens zur m\u00e4chtigsten Waffe seiner Predigt.","robots":{"index":"index","follow":"follow","max-snippet":"max-snippet:-1","max-image-preview":"max-image-preview:large","max-video-preview":"max-video-preview:-1"},"canonical":"https:\/\/blog.holyart.it\/de\/heilige-und-selige\/der-heilige-franz-von-sales-der-schutzpatron-der-journalisten\/","og_locale":"de_DE","og_type":"article","og_title":"Der heilige Franz von Sales, der Schutzpatron der Journalisten - Holyart.de Blog","og_description":"Der heilige Franz von Sales machte die Liebe zu Gott und die Sanftmut im Ausdruck seines Glaubens zur m\u00e4chtigsten Waffe seiner Predigt.","og_url":"https:\/\/blog.holyart.it\/de\/heilige-und-selige\/der-heilige-franz-von-sales-der-schutzpatron-der-journalisten\/","og_site_name":"Holyart.de Blog","article_published_time":"2025-01-22T09:00:17+00:00","article_modified_time":"2026-01-26T11:39:09+00:00","og_image":[{"width":1000,"height":666,"url":"https:\/\/blog.holyart.it\/de\/wp-content\/uploads\/sites\/12\/2025\/01\/Der-heilige-Franz-von-Sales.jpg","type":"image\/jpeg"}],"author":"Redazione","twitter_card":"summary_large_image","twitter_misc":{"Verfasst von":"Redazione","Gesch\u00e4tzte Lesezeit":"9\u00a0Minuten"},"schema":{"@context":"https:\/\/schema.org","@graph":[{"@type":"Article","@id":"https:\/\/blog.holyart.it\/de\/heilige-und-selige\/der-heilige-franz-von-sales-der-schutzpatron-der-journalisten\/#article","isPartOf":{"@id":"https:\/\/blog.holyart.it\/de\/heilige-und-selige\/der-heilige-franz-von-sales-der-schutzpatron-der-journalisten\/"},"author":{"name":"Redazione","@id":"https:\/\/blog.holyart.it\/de\/#\/schema\/person\/0a7b686e5af0f856ec1e390dd0baecda"},"headline":"Der heilige Franz von Sales, der Schutzpatron der Journalisten","datePublished":"2025-01-22T09:00:17+00:00","dateModified":"2026-01-26T11:39:09+00:00","mainEntityOfPage":{"@id":"https:\/\/blog.holyart.it\/de\/heilige-und-selige\/der-heilige-franz-von-sales-der-schutzpatron-der-journalisten\/"},"wordCount":1301,"publisher":{"@id":"https:\/\/blog.holyart.it\/de\/#organization"},"image":{"@id":"https:\/\/blog.holyart.it\/de\/heilige-und-selige\/der-heilige-franz-von-sales-der-schutzpatron-der-journalisten\/#primaryimage"},"thumbnailUrl":"https:\/\/blog.holyart.it\/de\/wp-content\/uploads\/sites\/12\/2025\/01\/Der-heilige-Franz-von-Sales.jpg","articleSection":["Heilige und Selige"],"inLanguage":"de"},{"@type":"WebPage","@id":"https:\/\/blog.holyart.it\/de\/heilige-und-selige\/der-heilige-franz-von-sales-der-schutzpatron-der-journalisten\/","url":"https:\/\/blog.holyart.it\/de\/heilige-und-selige\/der-heilige-franz-von-sales-der-schutzpatron-der-journalisten\/","name":"Der heilige Franz von Sales, der Schutzpatron der Journalisten - Holyart.de Blog","isPartOf":{"@id":"https:\/\/blog.holyart.it\/de\/#website"},"primaryImageOfPage":{"@id":"https:\/\/blog.holyart.it\/de\/heilige-und-selige\/der-heilige-franz-von-sales-der-schutzpatron-der-journalisten\/#primaryimage"},"image":{"@id":"https:\/\/blog.holyart.it\/de\/heilige-und-selige\/der-heilige-franz-von-sales-der-schutzpatron-der-journalisten\/#primaryimage"},"thumbnailUrl":"https:\/\/blog.holyart.it\/de\/wp-content\/uploads\/sites\/12\/2025\/01\/Der-heilige-Franz-von-Sales.jpg","datePublished":"2025-01-22T09:00:17+00:00","dateModified":"2026-01-26T11:39:09+00:00","description":"Der heilige Franz von Sales machte die Liebe zu Gott und die Sanftmut im Ausdruck seines Glaubens zur m\u00e4chtigsten Waffe seiner Predigt.","breadcrumb":{"@id":"https:\/\/blog.holyart.it\/de\/heilige-und-selige\/der-heilige-franz-von-sales-der-schutzpatron-der-journalisten\/#breadcrumb"},"inLanguage":"de","potentialAction":[{"@type":"ReadAction","target":["https:\/\/blog.holyart.it\/de\/heilige-und-selige\/der-heilige-franz-von-sales-der-schutzpatron-der-journalisten\/"]}]},{"@type":"ImageObject","inLanguage":"de","@id":"https:\/\/blog.holyart.it\/de\/heilige-und-selige\/der-heilige-franz-von-sales-der-schutzpatron-der-journalisten\/#primaryimage","url":"https:\/\/blog.holyart.it\/de\/wp-content\/uploads\/sites\/12\/2025\/01\/Der-heilige-Franz-von-Sales.jpg","contentUrl":"https:\/\/blog.holyart.it\/de\/wp-content\/uploads\/sites\/12\/2025\/01\/Der-heilige-Franz-von-Sales.jpg","width":1000,"height":666,"caption":"Der heilige Franz von Sales"},{"@type":"BreadcrumbList","@id":"https:\/\/blog.holyart.it\/de\/heilige-und-selige\/der-heilige-franz-von-sales-der-schutzpatron-der-journalisten\/#breadcrumb","itemListElement":[{"@type":"ListItem","position":1,"name":"Homepage","item":"https:\/\/blog.holyart.it\/de\/"},{"@type":"ListItem","position":2,"name":"Heilige und Selige","item":"https:\/\/blog.holyart.it\/de\/heilige-und-selige\/"},{"@type":"ListItem","position":3,"name":"Der heilige Franz von Sales, der Schutzpatron der Journalisten"}]},{"@type":"WebSite","@id":"https:\/\/blog.holyart.it\/de\/#website","url":"https:\/\/blog.holyart.it\/de\/","name":"Holyart.de Blog","description":"Holyblog","publisher":{"@id":"https:\/\/blog.holyart.it\/de\/#organization"},"potentialAction":[{"@type":"SearchAction","target":{"@type":"EntryPoint","urlTemplate":"https:\/\/blog.holyart.it\/de\/?s={search_term_string}"},"query-input":{"@type":"PropertyValueSpecification","valueRequired":true,"valueName":"search_term_string"}}],"inLanguage":"de"},{"@type":"Organization","@id":"https:\/\/blog.holyart.it\/de\/#organization","name":"Holyart.de Blog","url":"https:\/\/blog.holyart.it\/de\/","logo":{"@type":"ImageObject","inLanguage":"de","@id":"https:\/\/blog.holyart.it\/de\/#\/schema\/logo\/image\/","url":"https:\/\/blog.holyart.it\/de\/wp-content\/uploads\/sites\/12\/2022\/12\/Holyart_Blog_Logo.jpg","contentUrl":"https:\/\/blog.holyart.it\/de\/wp-content\/uploads\/sites\/12\/2022\/12\/Holyart_Blog_Logo.jpg","width":300,"height":50,"caption":"Holyart.de Blog"},"image":{"@id":"https:\/\/blog.holyart.it\/de\/#\/schema\/logo\/image\/"}},{"@type":"Person","@id":"https:\/\/blog.holyart.it\/de\/#\/schema\/person\/0a7b686e5af0f856ec1e390dd0baecda","name":"Redazione","image":{"@type":"ImageObject","inLanguage":"de","@id":"https:\/\/blog.holyart.it\/de\/#\/schema\/person\/image\/","url":"https:\/\/secure.gravatar.com\/avatar\/f477da817f43e50d0af36abecd33e3edf826c68299714bdc1057dff3b113f516?s=96&d=mm&r=g","contentUrl":"https:\/\/secure.gravatar.com\/avatar\/f477da817f43e50d0af36abecd33e3edf826c68299714bdc1057dff3b113f516?s=96&d=mm&r=g","caption":"Redazione"}}]}},"_links":{"self":[{"href":"https:\/\/blog.holyart.it\/de\/wp-json\/wp\/v2\/posts\/5318","targetHints":{"allow":["GET"]}}],"collection":[{"href":"https:\/\/blog.holyart.it\/de\/wp-json\/wp\/v2\/posts"}],"about":[{"href":"https:\/\/blog.holyart.it\/de\/wp-json\/wp\/v2\/types\/post"}],"author":[{"embeddable":true,"href":"https:\/\/blog.holyart.it\/de\/wp-json\/wp\/v2\/users\/1"}],"replies":[{"embeddable":true,"href":"https:\/\/blog.holyart.it\/de\/wp-json\/wp\/v2\/comments?post=5318"}],"version-history":[{"count":7,"href":"https:\/\/blog.holyart.it\/de\/wp-json\/wp\/v2\/posts\/5318\/revisions"}],"predecessor-version":[{"id":5338,"href":"https:\/\/blog.holyart.it\/de\/wp-json\/wp\/v2\/posts\/5318\/revisions\/5338"}],"wp:featuredmedia":[{"embeddable":true,"href":"https:\/\/blog.holyart.it\/de\/wp-json\/wp\/v2\/media\/5323"}],"wp:attachment":[{"href":"https:\/\/blog.holyart.it\/de\/wp-json\/wp\/v2\/media?parent=5318"}],"wp:term":[{"taxonomy":"category","embeddable":true,"href":"https:\/\/blog.holyart.it\/de\/wp-json\/wp\/v2\/categories?post=5318"},{"taxonomy":"post_tag","embeddable":true,"href":"https:\/\/blog.holyart.it\/de\/wp-json\/wp\/v2\/tags?post=5318"}],"curies":[{"name":"wp","href":"https:\/\/api.w.org\/{rel}","templated":true}]}}