{"id":5284,"date":"2025-01-15T10:00:04","date_gmt":"2025-01-15T09:00:04","guid":{"rendered":"https:\/\/blog.holyart.it\/de\/?p=5284"},"modified":"2026-01-26T10:58:13","modified_gmt":"2026-01-26T09:58:13","slug":"blauer-montag-so-begegnen-sie-dem-traurigsten-tag-des-jahres","status":"publish","type":"post","link":"https:\/\/blog.holyart.it\/de\/devotionalien\/blauer-montag-so-begegnen-sie-dem-traurigsten-tag-des-jahres\/","title":{"rendered":"Blauer Montag: So begegnen Sie dem traurigsten Tag des Jahres"},"content":{"rendered":"<h4>Warum Blauer Montag? Was macht den dritten Montag im Januar zum traurigsten Tag des Jahres? Und wie geht man damit um?<\/h4>\n<p>Ein altes Volkssprichwort besagt: \u201e<em>Montag ist Griesgram<\/em>!\u201c, um darauf hinzuweisen, dass der erste Tag der Woche, mit der R\u00fcckkehr zur Arbeit und dem Ende der Sonntagsruhe, von <strong>schlechter Laune, Tr\u00fcbsinn und allgemeiner Traurigkeit<\/strong> gepr\u00e4gt ist. Nun, es gibt einen bestimmten Montag im Jahr, an dem dieses Sprichwort einen noch gr\u00f6\u00dferen Stellenwert erh\u00e4lt. Dies ist der sogenannte <strong><em>Blaue Montag<\/em><\/strong> (Blue Monday), der traurigste Tag des Jahres.<\/p>\n<p>Der englische Begriff <strong><em>Blue<\/em><\/strong> wird im Allgemeinen verwendet, um <strong>etwas Trauriges<\/strong> zu definieren, und <em>Blue Monday<\/em> ist genau das, ein \u201etrauriger Montag\u201c, tats\u00e4chlich der <strong>traurigste Montag des Jahres<\/strong>.<\/p>\n<p>Aber was macht den <em>Blue Monday<\/em> so aus? Einfach. Dies ist der Tag, der <strong>das Ende der <a href=\"https:\/\/www.holyart.de\/weihnachten\">Weihnachtsferien<\/a> markiert<\/strong>. Wenn in der Vergangenheit gesagt wurde, dass es der <a href=\"https:\/\/www.holyart.de\/blog\/weihnachten\/was-geschah-mit-dem-vierten-heiligen-koenig\/\"><strong>Dreik\u00f6nigstag sei,<\/strong> <em><strong>der alle Feiertage wegnimmt<\/strong><\/em>,<\/a> wird diese Rolle in der modernen Welt <strong>dem dritten Montag im Januar<\/strong> zugeschrieben, wenn die Menschen erkennen, dass die Weihnachtsferien wirklich vorbei sind, dass sie Wir kehren jeden Tag zum normalen Leben zur\u00fcck und scrollen unweigerlich durch den Kalender auf der verzweifelten Suche nach dem n\u00e4chsten \u201elangen Wochenende\u201c, der n\u00e4chsten Gelegenheit zur Freizeitgestaltung.<\/p>\n<div class=\"link-article\">\n<p><img loading=\"lazy\" decoding=\"async\" class=\"alignnone size-full wp-image-5288\" src=\"https:\/\/blog.holyart.it\/de\/wp-content\/uploads\/sites\/12\/2025\/01\/Was-geschah-mit-dem-vierten-Heiligen-Koenig-1.jpeg\" alt=\"Was geschah mit dem vierten Heiligen K\u00f6nig\" width=\"150\" height=\"87\" data-kale-share-title=\"Blauer Montag: So begegnen Sie dem traurigsten Tag des Jahres\" data-kale-share-url=\"https:\/\/blog.holyart.it\/de\/?p=5284\" \/><\/p>\n<div class=\"leggi-anche\">Lesen Sie auch:<\/div>\n<p><strong><a href=\"https:\/\/www.holyart.de\/blog\/weihnachten\/was-geschah-mit-dem-vierten-heiligen-koenig\/\">Was geschah mit dem vierten Heiligen K\u00f6nig?<\/a><\/strong><br \/>\nDie Heiligen Drei K\u00f6nige \u00fcben seit jeher eine gro\u00dfe Faszination aus, auch wenn man nichts Genaues \u00fcber sie wei\u00df.<\/p>\n<\/div>\n<p>Deshalb sprechen wir vom <em>Blauen Montag<\/em>, dem traurigsten Tag des Jahres.<\/p>\n<p>Es war <strong>Cliff Arnall<\/strong>, ein Psychologe an der Universit\u00e4t Cardiff, der das Datum und die Gleichung, die es erkl\u00e4rt, definierte. Ziel seiner Arbeit war es, einen g\u00fcnstigen Termin f\u00fcr Reiseunternehmen zu ermitteln, die ihren Kunden vorteilhafte Angebote an einem Tag anbieten wollten, an dem diese eher eine Reise buchen w\u00fcrden, also schlechte Laune hatten. Es basierte auf Faktoren wie Wetterbedingungen, angeh\u00e4uften Schulden, dem Ende der Weihnachtsferien, dem Scheitern der guten Vors\u00e4tze des letzten Jahres und der Angst vor den Neujahrsvors\u00e4tzen und so weiter. Aus diesen Faktoren entwickelte er eine echte Gleichung.<\/p>\n<p>Laut einigen Experten ist der <em>Blaue Montag<\/em> auch der <strong><em>Scheidungsmontag<\/em><\/strong>, der Tag, an dem die <strong>meisten Scheidungsverfahren<\/strong> durchgef\u00fchrt werden.<\/p>\n<p>Aber die \u201eWissenschaft\u201c hat auch den <strong>gl\u00fccklichsten Tag des Jahres<\/strong> identifiziert. Es ist die <strong>Sommersonnenwende<\/strong>, zwischen dem 21. und 24. Juni, und in diesem Fall ist die magische Alchemie, die sie zu etwas Besonderem macht, mit der sch\u00f6nen Jahreszeit verbunden, die es erm\u00f6glicht, Zeit im Freien, in der Natur und in der Gesellschaft anderer Menschen zu verbringen, das milde Klima, die Sehnsucht nach Urlaub und auch nach einer s\u00fc\u00dfen Vergangenheit, bestehend aus Kindheitserinnerungen.<\/p>\n<h2>Warum es Blue Monday hei\u00dft<\/h2>\n<p>Wir wissen bereits, dass Montag kein sehr beliebter Tag ist. Es ist immer noch <em>Griesgram<\/em> oder, wie man in Spanien sagt, der \u201ed\u00eda de baj\u00f3n\u201c, der <em>Tag des Zusammenbruchs<\/em>, oder in Portugal \u201eel dia cinzento\u201c, <em>grauer Tag<\/em>.<\/p>\n<p>In angels\u00e4chsischen L\u00e4ndern pr\u00e4gten sie den Neologismus <strong><em>Smonday<\/em><\/strong>, der die bereits am Sonntag auftretende Depression im Hinblick auf den bevorstehenden Montag bezeichnet (von Sunday = Sonntag und Monday = Montag). Ein bisschen wie das, was unser Giacomo Leopardi in seinem ber\u00fchmten Gedicht \u201e<em>Der Samstag des Dorfes<\/em>\u201c schrieb und den Samstag mit der Jugend vergleicht, in der man gl\u00fccklich und voller Erwartung auf die Reife ist, und den Sonntag mit der Reife selbst, der Zeit der Ern\u00fcchterung in dem alle Tr\u00e4ume zerplatzen und nur Langeweile und Traurigkeit zur\u00fcckbleiben:<\/p>\n<p><em>Dieser von sieben ist der willkommenste Tag,<\/em><\/p>\n<p><em>voller Hoffnung und Freude:<\/em><\/p>\n<p><em>Morgen werden die Stunden Traurigkeit und Langeweile<\/em><\/p>\n<p><em>die aufgewendete Arbeit berechnen<\/em><\/p>\n<p><em>Jeder wird in seinen eigenen Gedanken zur\u00fcckkehren.<\/em><\/p>\n<div class=\"link-article\">\n<p><img loading=\"lazy\" decoding=\"async\" class=\"alignnone size-full wp-image-5290\" src=\"https:\/\/blog.holyart.it\/de\/wp-content\/uploads\/sites\/12\/2025\/01\/Das-Gebet-gegen-Depressionen-zu-Unserer-Lieben-Frau-vom-Laecheln.jpg\" alt=\"Das Gebet gegen Depressionen zu Unserer Lieben Frau vom L\u00e4cheln\" width=\"150\" height=\"99\" data-kale-share-title=\"Blauer Montag: So begegnen Sie dem traurigsten Tag des Jahres\" data-kale-share-url=\"https:\/\/blog.holyart.it\/de\/?p=5284\" \/><\/p>\n<div class=\"leggi-anche\">Lesen Sie auch:<\/div>\n<p><strong><a href=\"https:\/\/www.holyart.de\/blog\/devotionalien\/das-gebet-gegen-depressionen-zu-unserer-lieben-frau-vom-laecheln\/\">Das Gebet gegen Depressionen zu Unserer Lieben Frau vom L\u00e4cheln<\/a><\/strong><br \/>\nWie ist das Gebet gegen Depressionen entstanden und wer war der erste, der seine Verehrung f\u00fcr die Muttergottes des L\u00e4chelns bekundete?<\/p>\n<\/div>\n<p>In der T\u00fcrkei spricht man vom \u201epazartesi sendromu\u201c, dem <em>Montagssyndrom<\/em>, und in Deutschland hei\u00dfen die fehlerhaften Produkte der Autohersteller <em>Montagsautos<\/em>.<\/p>\n<p>Aber warum wird <strong>Blau<\/strong> verwendet, um etwas Trauriges zu definieren? Der erste, der Blau mit Traurigkeit in Verbindung brachte, war <strong>Geoffrey Chaucer<\/strong>, ein sehr ber\u00fchmter englischer Schriftsteller des 14. Jahrhunderts, der in einem seiner ber\u00fchmtesten Gedichte, <em>The Complaint of Mars<\/em>, schrieb: \u201eWith tears of blue and a wounded heart\u201c, <em>mit blauen Tr\u00e4nen und einem gequ\u00e4lten Herzen<\/em>. Seitdem sind in der englischen Sprache und dar\u00fcber hinaus verschiedene Ausdr\u00fccke entstanden, die Traurigkeit ausdr\u00fccken und mit der Farbe Blau in Verbindung gebracht werden, wie zum Beispiel \u201eblau f\u00fchlen\u201c oder auf Franz\u00f6sisch \u201eavoir le blues\u201c, Blau haben.<\/p>\n<p>Der Begriff <strong><em>Blue Monday<\/em><\/strong> wurde erstmals 2005 in einer Pressemitteilung des britischen Fernsehsenders Sky Travel verwendet, in der es um Arnalls Gleichung ging. In Wirklichkeit ist die Erkenntnis, dass die Feiertage vorbei sind, nichts Wissenschaftliches, aber es ist unbestreitbar, dass es normal ist, sich nach Tagen mit Familie und Freunden, die kaum etwas mit der des Alltags zu tun haben, traurig f\u00fchlen.<\/p>\n<p>Dar\u00fcber hinaus f\u00fchlen wir uns nach den Feiertagen oft <strong>m\u00fcde und ersch\u00f6pft<\/strong> von einem \u00dcberma\u00df an Essen, das wir uns geg\u00f6nnt haben, an das wir aber nicht gew\u00f6hnt sind, w\u00e4hrend sich die guten Vors\u00e4tze f\u00fcr das neue Jahr mit der Reue \u00fcber das vergangene Jahr und au\u00dferhalb der Tage vermischen sind Hof, das Licht geht bald aus, die K\u00e4lte dringt in K\u00f6rper und Seele. Es ist nicht so schwierig, traurig zu sein, oder?<\/p>\n<h2>So kommen Sie nach den Weihnachtsferien wieder in Form<\/h2>\n<p>Aber wie erholt man sich von der Traurigkeit nach den Feiertagen? Das <strong>Gebet<\/strong> hilft hier wie in vielen anderen F\u00e4llen, aber manchmal braucht man auch ein <strong>wenig Hilfe aus der Natur<\/strong>, um nach den kleinen gro\u00dfen Weihnachtsfreuden wieder in Form zu kommen.<\/p>\n<p>Wie immer verlassen wir uns auf die Produkte der Kl\u00f6ster, die viele nat\u00fcrliche <strong>Nahrungserg\u00e4nzungsmittel und wirksame Kr\u00e4utertees<\/strong> bieten, um nach den Feiertagen wieder in Form zu kommen, und wenn Weihnachten uns ein paar zus\u00e4tzliche Kilos beschert hat, gibt es immer den wertvollen Rat der <strong><a href=\"https:\/\/www.holyart.de\/blog\/devotionalien\/die-diaet-der-heiligen-hildegard-abnehmen-mit-ihr\/\">Heiligen Hildegard von Bingen<\/a><\/strong>, ber\u00fchmt f\u00fcr ihre Gelehrsamkeit in vielen Bereichen und Expertin f\u00fcr gesunde Ern\u00e4hrung von Anfang an.<\/p>\n<p>In unserem Online-Shop finden Sie <strong>hervorragende Kr\u00e4utertees mit \u00fcberraschender Wirkung<\/strong>, die Ihnen beispielsweise dabei helfen k\u00f6nnen, den <strong>Cholesterinspiegel zu normalisieren<\/strong>, wie den<strong> <a href=\"https:\/\/www.holyart.de\/klosterprodukte\/aufgusse-und-krautertees\/aufguss-fur-cholesterin-heilpflanzenhandlung-finalpia\">CL9-Kr\u00e4utertee<\/a><\/strong> auf Basis von L\u00f6wenzahn und Veronica, Pflanzen mit entz\u00fcndungshemmenden Eigenschaften, entgiftend f\u00fcr die Leber und mit harntreibender und entschlackender Wirkung, oder zur <strong>Regulierung der Darmfunktionen<\/strong>, wie der <strong><a href=\"https:\/\/www.holyart.de\/klosterprodukte\/aufgusse-und-krautertees\/aufguss-um-den-darm-zu-regulieren-heilpflanzenhandlung-finalpia\">LS3-Kr\u00e4utertee<\/a><\/strong> mit Malve und Quecken, die den tr\u00e4gen Darm anregen, und Erdbeere, die jung h\u00e4lt und beim Abnehmen hilft.<\/p>\n<div class=\"link-article\">\n<p><img loading=\"lazy\" decoding=\"async\" class=\"alignnone size-full wp-image-5292\" src=\"https:\/\/blog.holyart.it\/de\/wp-content\/uploads\/sites\/12\/2025\/01\/Die-Diaet-der-heiligen-Hildegard-Abnehmen-mit-ihr.jpg\" alt=\"Die Di\u00e4t der heiligen Hildegard Abnehmen mit ihr\" width=\"150\" height=\"99\" data-kale-share-title=\"Blauer Montag: So begegnen Sie dem traurigsten Tag des Jahres\" data-kale-share-url=\"https:\/\/blog.holyart.it\/de\/?p=5284\" \/><\/p>\n<div class=\"leggi-anche\">Lesen Sie auch:<\/div>\n<p><strong><a href=\"https:\/\/www.holyart.de\/blog\/devotionalien\/die-diaet-der-heiligen-hildegard-abnehmen-mit-ihr\/\">Die Di\u00e4t der heiligen Hildegard: Abnehmen mit ihr<\/a><\/strong><br \/>\nDie heilige Hildegard von Bingen ist f\u00fcr ihren Beitrag zu verschiedenen Wissensgebieten bekannt, nicht zuletzt f\u00fcr die K\u00fcche.<\/p>\n<\/div>\n<p>Wenn Ihnen die Feiertage <strong>Sodbrennen und Magens\u00e4ure<\/strong> bescheren, bietet Ihnen der <strong><a href=\"https:\/\/www.holyart.de\/klosterprodukte\/aufgusse-und-krautertees\/aufguss-fur-brennen-und-ubersauerung-heilpflanzen\">Kr\u00e4utertee DG4<\/a> <\/strong>auf Basis der Schafgarbe, einer Pflanze, die seit jeher bei Verdauungsst\u00f6rungen und Magenschmerzen eingesetzt wird, eine nat\u00fcrliche und angenehme Abhilfe.<\/p>\n<p>Um <strong>den K\u00f6rper zu reinigen und den Stoffwechsel anzuregen<\/strong>, der durch zu \u00fcppige Mittagessen und Aperitifs geschw\u00e4cht ist, besteht der <strong><a href=\"https:\/\/www.holyart.de\/klosterprodukte\/aufgusse-und-krautertees\/krautertee-snella-70-gr-kloster-camaldoli\">Kr\u00e4utertee Snella di Camaldoli<\/a> <\/strong>aus einer Mischung von Heilkr\u00e4utern wie Pfefferminze, Zitronenmelisse, Quecke, Fenchelsamen, Malve, Anis, Kamille, Zitrone und Lakritze. Er wird von der Alten Apotheke der M\u00f6nche von Camaldoli nach einem alten Rezept hergestellt, ebenso wie der Kr\u00e4utertee nach dem Essen, mit einem angenehm krautigen Geschmack, der <strong>die Verdauung auf nat\u00fcrliche Weise erleichtert<\/strong> und f\u00f6rdert.<\/p>\n<p>Wenn Sie jedoch die <strong>schlechte Laune am Montag bek\u00e4mpfen<\/strong> m\u00f6chten, sei es nach den Feiertagen oder allgemein, ist der <strong><a href=\"https:\/\/www.holyart.de\/klosterprodukte\/aufgusse-und-krautertees\/entspannender-und-ausgeglichender-aufguss-heilpflanzenhandlung-f\">Kr\u00e4utertee RL1<\/a> <\/strong>ein ausgezeichnetes Mittel, hergestellt aus Pflanzen mit entspannender Wirkung, die die Funktionen des Nervensystems wieder ins Gleichgewicht bringen, wie Wei\u00dfdorn, Zitronenmelisse und Passionsblume, wertvolle Verb\u00fcndete gegen Angst und Stress.<\/p>\n<div class=\"sp-styles-warning\" style=\"width: 450px; background-color: #FFF; color: #F00; border: 1px solid #F00; padding: 10px; font-size: 14px;\">\n\t\t\t<span style=\"font-weight: bold;\">Warning: The stylesheets were not loaded!<\/span> \n\t\t\tYou will need to change the <i>Load stylesheets<\/i> setting from <i>Automatically<\/i> to <i>On homepage<\/i> or <i>On all pages<\/i>. \n\t\t\tYou can set that <a style=\"text-decoration: underline; color: #F00;\" href=\"https:\/\/blog.holyart.it\/de\/wp-admin\/admin.php?page=sliderpro-settings\">here<\/a>.\n\t\t\t<\/div>\r\n<div id=\"slider-pro-101\" class=\"slider-pro sp-no-js\" style=\"width: 500px; height: 500px;\">\r\n\t<div class=\"sp-slides\">\r\n\t\t\r\n\t\t<div class=\"sp-slide\">\r\n\t\t\t<img loading=\"lazy\" decoding=\"async\" class=\"sp-image\" src=\"https:\/\/blog.holyart.it\/de\/wp-content\/uploads\/sites\/12\/2025\/01\/Aufguss.jpg\" alt=\"Aufguss\" width=\"500\" height=\"500\" \/>\r\n\t\t\t<div class=\"sp-thumbnail\"><a class=\"\" href=\"https:\/\/www.holyart.de\/klosterprodukte\/aufgusse-und-krautertees\/aufguss-fur-cholesterin-heilpflanzenhandlung-finalpia\">\r\n\t\t\t\t<img decoding=\"async\" src=\"https:\/\/blog.holyart.it\/de\/wp-content\/uploads\/sites\/12\/2025\/01\/Aufguss-fuer-Cholesterin-Heilpflanzenhandlung-Finalpia.jpg\" alt=\"Aufguss f\u00fcr Cholesterin Heilpflanzenhandlung Finalpia\" \/>\r\n\t\t\t<\/a>\r\n\t\t\t<\/div>\r\n\t\t\t<div class=\"sp-caption\">Aufguss f\u00fcr Cholesterin Heilpflanzenhandlung Finalpia<\/br><strong><a href=\"https:\/\/www.holyart.de\/klosterprodukte\/aufgusse-und-krautertees\/aufguss-fur-cholesterin-heilpflanzenhandlung-finalpia?\">Bei Holyart kaufen<\/a><\/strong><\/div>\r\n\t\t<\/div>\r\n\t\t<div class=\"sp-slide\">\r\n\t\t\t<div class=\"sp-thumbnail\"><a class=\"\" href=\"https:\/\/www.holyart.de\/klosterprodukte\/aufgusse-und-krautertees\/aufguss-um-den-darm-zu-regulieren-heilpflanzenhandlung-finalpia\">\r\n\t\t\t\t<img decoding=\"async\" src=\"https:\/\/blog.holyart.it\/de\/wp-content\/uploads\/sites\/12\/2025\/01\/Aufguss-um-den-Darm-zu-regulieren-Heilpflanzenhandlung-Finalpia.jpg\" alt=\"Aufguss um den Darm zu regulieren Heilpflanzenhandlung Finalpia\" \/>\r\n\t\t\t<\/a>\r\n\t\t\t<\/div>\r\n\t\t\t<div class=\"sp-caption\">Aufguss um den Darm zu regulieren Heilpflanzenhandlung Finalpia<\/br><strong><a href=\"https:\/\/www.holyart.de\/klosterprodukte\/aufgusse-und-krautertees\/aufguss-um-den-darm-zu-regulieren-heilpflanzenhandlung-finalpia\">Bei Holyart kaufen<\/a><\/strong><\/div>\r\n\t\t<\/div>\r\n\t\t<div class=\"sp-slide\">\r\n\t\t\t<div class=\"sp-thumbnail\"><a class=\"\" href=\"https:\/\/www.holyart.de\/klosterprodukte\/aufgusse-und-krautertees\/aufguss-fur-brennen-und-ubersauerung-heilpflanzen\">\r\n\t\t\t\t<img decoding=\"async\" src=\"https:\/\/blog.holyart.it\/de\/wp-content\/uploads\/sites\/12\/2025\/01\/Aufguss-fuer-Brennen-und-Uebersaeuerung-Heilpflanzen.jpg\" alt=\"Aufguss f\u00fcr Brennen und \u00dcbers\u00e4uerung Heilpflanzen\" \/>\r\n\t\t\t<\/a>\r\n\t\t\t<\/div>\r\n\t\t\t<div class=\"sp-caption\">Aufguss f\u00fcr Brennen und \u00dcbers\u00e4uerung Heilpflanzen <\/br><strong><a href=\"https:\/\/www.holyart.de\/klosterprodukte\/aufgusse-und-krautertees\/aufguss-fur-brennen-und-ubersauerung-heilpflanzen\">Bei Holyart kaufen<\/a><\/strong><\/div>\r\n\t\t<\/div>\r\n\t<\/div>\r\n<\/div>\n","protected":false},"excerpt":{"rendered":"<p>Warum Blauer Montag? Was macht den dritten Montag im Januar zum traurigsten Tag des Jahres? Und wie geht man damit um? Ein altes Volkssprichwort besagt: \u201eMontag ist Griesgram!\u201c, um darauf hinzuweisen, dass der erste Tag der Woche, mit der R\u00fcckkehr zur Arbeit und dem Ende&hellip;<\/p>\n","protected":false},"author":1,"featured_media":5286,"comment_status":"closed","ping_status":"open","sticky":false,"template":"","format":"standard","meta":{"_acf_changed":false,"footnotes":""},"categories":[10],"tags":[],"class_list":["post-5284","post","type-post","status-publish","format-standard","has-post-thumbnail","hentry","category-devotionalien"],"acf":[],"yoast_head":"<!-- This site is optimized with the Yoast SEO plugin v26.6 - https:\/\/yoast.com\/wordpress\/plugins\/seo\/ -->\n<title>Blauer Montag: So begegnen Sie dem traurigsten Tag des Jahres - Holyart.de Blog<\/title>\n<meta name=\"description\" content=\"Warum Blauer Montag? Was macht den dritten Montag im Januar zum traurigsten Tag des Jahres? Und wie geht man damit um?\" \/>\n<meta name=\"robots\" content=\"index, follow, max-snippet:-1, max-image-preview:large, max-video-preview:-1\" \/>\n<link rel=\"canonical\" href=\"https:\/\/blog.holyart.it\/de\/devotionalien\/blauer-montag-so-begegnen-sie-dem-traurigsten-tag-des-jahres\/\" \/>\n<meta property=\"og:locale\" content=\"de_DE\" \/>\n<meta property=\"og:type\" content=\"article\" \/>\n<meta property=\"og:title\" content=\"Blauer Montag: So begegnen Sie dem traurigsten Tag des Jahres - Holyart.de Blog\" \/>\n<meta property=\"og:description\" content=\"Warum Blauer Montag? Was macht den dritten Montag im Januar zum traurigsten Tag des Jahres? Und wie geht man damit um?\" \/>\n<meta property=\"og:url\" content=\"https:\/\/blog.holyart.it\/de\/devotionalien\/blauer-montag-so-begegnen-sie-dem-traurigsten-tag-des-jahres\/\" \/>\n<meta property=\"og:site_name\" content=\"Holyart.de Blog\" \/>\n<meta property=\"article:published_time\" content=\"2025-01-15T09:00:04+00:00\" \/>\n<meta property=\"article:modified_time\" content=\"2026-01-26T09:58:13+00:00\" \/>\n<meta property=\"og:image\" content=\"https:\/\/blog.holyart.it\/de\/wp-content\/uploads\/sites\/12\/2025\/01\/Blauer-Montag.jpg\" \/>\n\t<meta property=\"og:image:width\" content=\"1000\" \/>\n\t<meta property=\"og:image:height\" content=\"666\" \/>\n\t<meta property=\"og:image:type\" content=\"image\/jpeg\" \/>\n<meta name=\"author\" content=\"Redazione\" \/>\n<meta name=\"twitter:card\" content=\"summary_large_image\" \/>\n<meta name=\"twitter:label1\" content=\"Verfasst von\" \/>\n\t<meta name=\"twitter:data1\" content=\"Redazione\" \/>\n\t<meta name=\"twitter:label2\" content=\"Gesch\u00e4tzte Lesezeit\" \/>\n\t<meta name=\"twitter:data2\" content=\"8\u00a0Minuten\" \/>\n<script type=\"application\/ld+json\" class=\"yoast-schema-graph\">{\"@context\":\"https:\/\/schema.org\",\"@graph\":[{\"@type\":\"Article\",\"@id\":\"https:\/\/blog.holyart.it\/de\/devotionalien\/blauer-montag-so-begegnen-sie-dem-traurigsten-tag-des-jahres\/#article\",\"isPartOf\":{\"@id\":\"https:\/\/blog.holyart.it\/de\/devotionalien\/blauer-montag-so-begegnen-sie-dem-traurigsten-tag-des-jahres\/\"},\"author\":{\"name\":\"Redazione\",\"@id\":\"https:\/\/blog.holyart.it\/de\/#\/schema\/person\/0a7b686e5af0f856ec1e390dd0baecda\"},\"headline\":\"Blauer Montag: So begegnen Sie dem traurigsten Tag des Jahres\",\"datePublished\":\"2025-01-15T09:00:04+00:00\",\"dateModified\":\"2026-01-26T09:58:13+00:00\",\"mainEntityOfPage\":{\"@id\":\"https:\/\/blog.holyart.it\/de\/devotionalien\/blauer-montag-so-begegnen-sie-dem-traurigsten-tag-des-jahres\/\"},\"wordCount\":1349,\"publisher\":{\"@id\":\"https:\/\/blog.holyart.it\/de\/#organization\"},\"image\":{\"@id\":\"https:\/\/blog.holyart.it\/de\/devotionalien\/blauer-montag-so-begegnen-sie-dem-traurigsten-tag-des-jahres\/#primaryimage\"},\"thumbnailUrl\":\"https:\/\/blog.holyart.it\/de\/wp-content\/uploads\/sites\/12\/2025\/01\/Blauer-Montag.jpg\",\"articleSection\":[\"Religion\"],\"inLanguage\":\"de\"},{\"@type\":\"WebPage\",\"@id\":\"https:\/\/blog.holyart.it\/de\/devotionalien\/blauer-montag-so-begegnen-sie-dem-traurigsten-tag-des-jahres\/\",\"url\":\"https:\/\/blog.holyart.it\/de\/devotionalien\/blauer-montag-so-begegnen-sie-dem-traurigsten-tag-des-jahres\/\",\"name\":\"Blauer Montag: So begegnen Sie dem traurigsten Tag des Jahres - Holyart.de Blog\",\"isPartOf\":{\"@id\":\"https:\/\/blog.holyart.it\/de\/#website\"},\"primaryImageOfPage\":{\"@id\":\"https:\/\/blog.holyart.it\/de\/devotionalien\/blauer-montag-so-begegnen-sie-dem-traurigsten-tag-des-jahres\/#primaryimage\"},\"image\":{\"@id\":\"https:\/\/blog.holyart.it\/de\/devotionalien\/blauer-montag-so-begegnen-sie-dem-traurigsten-tag-des-jahres\/#primaryimage\"},\"thumbnailUrl\":\"https:\/\/blog.holyart.it\/de\/wp-content\/uploads\/sites\/12\/2025\/01\/Blauer-Montag.jpg\",\"datePublished\":\"2025-01-15T09:00:04+00:00\",\"dateModified\":\"2026-01-26T09:58:13+00:00\",\"description\":\"Warum Blauer Montag? Was macht den dritten Montag im Januar zum traurigsten Tag des Jahres? Und wie geht man damit um?\",\"breadcrumb\":{\"@id\":\"https:\/\/blog.holyart.it\/de\/devotionalien\/blauer-montag-so-begegnen-sie-dem-traurigsten-tag-des-jahres\/#breadcrumb\"},\"inLanguage\":\"de\",\"potentialAction\":[{\"@type\":\"ReadAction\",\"target\":[\"https:\/\/blog.holyart.it\/de\/devotionalien\/blauer-montag-so-begegnen-sie-dem-traurigsten-tag-des-jahres\/\"]}]},{\"@type\":\"ImageObject\",\"inLanguage\":\"de\",\"@id\":\"https:\/\/blog.holyart.it\/de\/devotionalien\/blauer-montag-so-begegnen-sie-dem-traurigsten-tag-des-jahres\/#primaryimage\",\"url\":\"https:\/\/blog.holyart.it\/de\/wp-content\/uploads\/sites\/12\/2025\/01\/Blauer-Montag.jpg\",\"contentUrl\":\"https:\/\/blog.holyart.it\/de\/wp-content\/uploads\/sites\/12\/2025\/01\/Blauer-Montag.jpg\",\"width\":1000,\"height\":666,\"caption\":\"Blauer Montag\"},{\"@type\":\"BreadcrumbList\",\"@id\":\"https:\/\/blog.holyart.it\/de\/devotionalien\/blauer-montag-so-begegnen-sie-dem-traurigsten-tag-des-jahres\/#breadcrumb\",\"itemListElement\":[{\"@type\":\"ListItem\",\"position\":1,\"name\":\"Homepage\",\"item\":\"https:\/\/blog.holyart.it\/de\/\"},{\"@type\":\"ListItem\",\"position\":2,\"name\":\"Religion\",\"item\":\"https:\/\/blog.holyart.it\/de\/devotionalien\/\"},{\"@type\":\"ListItem\",\"position\":3,\"name\":\"Blauer Montag: So begegnen Sie dem traurigsten Tag des Jahres\"}]},{\"@type\":\"WebSite\",\"@id\":\"https:\/\/blog.holyart.it\/de\/#website\",\"url\":\"https:\/\/blog.holyart.it\/de\/\",\"name\":\"Holyart.de Blog\",\"description\":\"Holyblog\",\"publisher\":{\"@id\":\"https:\/\/blog.holyart.it\/de\/#organization\"},\"potentialAction\":[{\"@type\":\"SearchAction\",\"target\":{\"@type\":\"EntryPoint\",\"urlTemplate\":\"https:\/\/blog.holyart.it\/de\/?s={search_term_string}\"},\"query-input\":{\"@type\":\"PropertyValueSpecification\",\"valueRequired\":true,\"valueName\":\"search_term_string\"}}],\"inLanguage\":\"de\"},{\"@type\":\"Organization\",\"@id\":\"https:\/\/blog.holyart.it\/de\/#organization\",\"name\":\"Holyart.de Blog\",\"url\":\"https:\/\/blog.holyart.it\/de\/\",\"logo\":{\"@type\":\"ImageObject\",\"inLanguage\":\"de\",\"@id\":\"https:\/\/blog.holyart.it\/de\/#\/schema\/logo\/image\/\",\"url\":\"https:\/\/blog.holyart.it\/de\/wp-content\/uploads\/sites\/12\/2022\/12\/Holyart_Blog_Logo.jpg\",\"contentUrl\":\"https:\/\/blog.holyart.it\/de\/wp-content\/uploads\/sites\/12\/2022\/12\/Holyart_Blog_Logo.jpg\",\"width\":300,\"height\":50,\"caption\":\"Holyart.de Blog\"},\"image\":{\"@id\":\"https:\/\/blog.holyart.it\/de\/#\/schema\/logo\/image\/\"}},{\"@type\":\"Person\",\"@id\":\"https:\/\/blog.holyart.it\/de\/#\/schema\/person\/0a7b686e5af0f856ec1e390dd0baecda\",\"name\":\"Redazione\",\"image\":{\"@type\":\"ImageObject\",\"inLanguage\":\"de\",\"@id\":\"https:\/\/blog.holyart.it\/de\/#\/schema\/person\/image\/\",\"url\":\"https:\/\/secure.gravatar.com\/avatar\/f477da817f43e50d0af36abecd33e3edf826c68299714bdc1057dff3b113f516?s=96&d=mm&r=g\",\"contentUrl\":\"https:\/\/secure.gravatar.com\/avatar\/f477da817f43e50d0af36abecd33e3edf826c68299714bdc1057dff3b113f516?s=96&d=mm&r=g\",\"caption\":\"Redazione\"}}]}<\/script>\n<!-- \/ Yoast SEO plugin. -->","yoast_head_json":{"title":"Blauer Montag: So begegnen Sie dem traurigsten Tag des Jahres - Holyart.de Blog","description":"Warum Blauer Montag? Was macht den dritten Montag im Januar zum traurigsten Tag des Jahres? Und wie geht man damit um?","robots":{"index":"index","follow":"follow","max-snippet":"max-snippet:-1","max-image-preview":"max-image-preview:large","max-video-preview":"max-video-preview:-1"},"canonical":"https:\/\/blog.holyart.it\/de\/devotionalien\/blauer-montag-so-begegnen-sie-dem-traurigsten-tag-des-jahres\/","og_locale":"de_DE","og_type":"article","og_title":"Blauer Montag: So begegnen Sie dem traurigsten Tag des Jahres - Holyart.de Blog","og_description":"Warum Blauer Montag? Was macht den dritten Montag im Januar zum traurigsten Tag des Jahres? Und wie geht man damit um?","og_url":"https:\/\/blog.holyart.it\/de\/devotionalien\/blauer-montag-so-begegnen-sie-dem-traurigsten-tag-des-jahres\/","og_site_name":"Holyart.de Blog","article_published_time":"2025-01-15T09:00:04+00:00","article_modified_time":"2026-01-26T09:58:13+00:00","og_image":[{"width":1000,"height":666,"url":"https:\/\/blog.holyart.it\/de\/wp-content\/uploads\/sites\/12\/2025\/01\/Blauer-Montag.jpg","type":"image\/jpeg"}],"author":"Redazione","twitter_card":"summary_large_image","twitter_misc":{"Verfasst von":"Redazione","Gesch\u00e4tzte Lesezeit":"8\u00a0Minuten"},"schema":{"@context":"https:\/\/schema.org","@graph":[{"@type":"Article","@id":"https:\/\/blog.holyart.it\/de\/devotionalien\/blauer-montag-so-begegnen-sie-dem-traurigsten-tag-des-jahres\/#article","isPartOf":{"@id":"https:\/\/blog.holyart.it\/de\/devotionalien\/blauer-montag-so-begegnen-sie-dem-traurigsten-tag-des-jahres\/"},"author":{"name":"Redazione","@id":"https:\/\/blog.holyart.it\/de\/#\/schema\/person\/0a7b686e5af0f856ec1e390dd0baecda"},"headline":"Blauer Montag: So begegnen Sie dem traurigsten Tag des Jahres","datePublished":"2025-01-15T09:00:04+00:00","dateModified":"2026-01-26T09:58:13+00:00","mainEntityOfPage":{"@id":"https:\/\/blog.holyart.it\/de\/devotionalien\/blauer-montag-so-begegnen-sie-dem-traurigsten-tag-des-jahres\/"},"wordCount":1349,"publisher":{"@id":"https:\/\/blog.holyart.it\/de\/#organization"},"image":{"@id":"https:\/\/blog.holyart.it\/de\/devotionalien\/blauer-montag-so-begegnen-sie-dem-traurigsten-tag-des-jahres\/#primaryimage"},"thumbnailUrl":"https:\/\/blog.holyart.it\/de\/wp-content\/uploads\/sites\/12\/2025\/01\/Blauer-Montag.jpg","articleSection":["Religion"],"inLanguage":"de"},{"@type":"WebPage","@id":"https:\/\/blog.holyart.it\/de\/devotionalien\/blauer-montag-so-begegnen-sie-dem-traurigsten-tag-des-jahres\/","url":"https:\/\/blog.holyart.it\/de\/devotionalien\/blauer-montag-so-begegnen-sie-dem-traurigsten-tag-des-jahres\/","name":"Blauer Montag: So begegnen Sie dem traurigsten Tag des Jahres - Holyart.de Blog","isPartOf":{"@id":"https:\/\/blog.holyart.it\/de\/#website"},"primaryImageOfPage":{"@id":"https:\/\/blog.holyart.it\/de\/devotionalien\/blauer-montag-so-begegnen-sie-dem-traurigsten-tag-des-jahres\/#primaryimage"},"image":{"@id":"https:\/\/blog.holyart.it\/de\/devotionalien\/blauer-montag-so-begegnen-sie-dem-traurigsten-tag-des-jahres\/#primaryimage"},"thumbnailUrl":"https:\/\/blog.holyart.it\/de\/wp-content\/uploads\/sites\/12\/2025\/01\/Blauer-Montag.jpg","datePublished":"2025-01-15T09:00:04+00:00","dateModified":"2026-01-26T09:58:13+00:00","description":"Warum Blauer Montag? Was macht den dritten Montag im Januar zum traurigsten Tag des Jahres? Und wie geht man damit um?","breadcrumb":{"@id":"https:\/\/blog.holyart.it\/de\/devotionalien\/blauer-montag-so-begegnen-sie-dem-traurigsten-tag-des-jahres\/#breadcrumb"},"inLanguage":"de","potentialAction":[{"@type":"ReadAction","target":["https:\/\/blog.holyart.it\/de\/devotionalien\/blauer-montag-so-begegnen-sie-dem-traurigsten-tag-des-jahres\/"]}]},{"@type":"ImageObject","inLanguage":"de","@id":"https:\/\/blog.holyart.it\/de\/devotionalien\/blauer-montag-so-begegnen-sie-dem-traurigsten-tag-des-jahres\/#primaryimage","url":"https:\/\/blog.holyart.it\/de\/wp-content\/uploads\/sites\/12\/2025\/01\/Blauer-Montag.jpg","contentUrl":"https:\/\/blog.holyart.it\/de\/wp-content\/uploads\/sites\/12\/2025\/01\/Blauer-Montag.jpg","width":1000,"height":666,"caption":"Blauer Montag"},{"@type":"BreadcrumbList","@id":"https:\/\/blog.holyart.it\/de\/devotionalien\/blauer-montag-so-begegnen-sie-dem-traurigsten-tag-des-jahres\/#breadcrumb","itemListElement":[{"@type":"ListItem","position":1,"name":"Homepage","item":"https:\/\/blog.holyart.it\/de\/"},{"@type":"ListItem","position":2,"name":"Religion","item":"https:\/\/blog.holyart.it\/de\/devotionalien\/"},{"@type":"ListItem","position":3,"name":"Blauer Montag: So begegnen Sie dem traurigsten Tag des Jahres"}]},{"@type":"WebSite","@id":"https:\/\/blog.holyart.it\/de\/#website","url":"https:\/\/blog.holyart.it\/de\/","name":"Holyart.de Blog","description":"Holyblog","publisher":{"@id":"https:\/\/blog.holyart.it\/de\/#organization"},"potentialAction":[{"@type":"SearchAction","target":{"@type":"EntryPoint","urlTemplate":"https:\/\/blog.holyart.it\/de\/?s={search_term_string}"},"query-input":{"@type":"PropertyValueSpecification","valueRequired":true,"valueName":"search_term_string"}}],"inLanguage":"de"},{"@type":"Organization","@id":"https:\/\/blog.holyart.it\/de\/#organization","name":"Holyart.de Blog","url":"https:\/\/blog.holyart.it\/de\/","logo":{"@type":"ImageObject","inLanguage":"de","@id":"https:\/\/blog.holyart.it\/de\/#\/schema\/logo\/image\/","url":"https:\/\/blog.holyart.it\/de\/wp-content\/uploads\/sites\/12\/2022\/12\/Holyart_Blog_Logo.jpg","contentUrl":"https:\/\/blog.holyart.it\/de\/wp-content\/uploads\/sites\/12\/2022\/12\/Holyart_Blog_Logo.jpg","width":300,"height":50,"caption":"Holyart.de Blog"},"image":{"@id":"https:\/\/blog.holyart.it\/de\/#\/schema\/logo\/image\/"}},{"@type":"Person","@id":"https:\/\/blog.holyart.it\/de\/#\/schema\/person\/0a7b686e5af0f856ec1e390dd0baecda","name":"Redazione","image":{"@type":"ImageObject","inLanguage":"de","@id":"https:\/\/blog.holyart.it\/de\/#\/schema\/person\/image\/","url":"https:\/\/secure.gravatar.com\/avatar\/f477da817f43e50d0af36abecd33e3edf826c68299714bdc1057dff3b113f516?s=96&d=mm&r=g","contentUrl":"https:\/\/secure.gravatar.com\/avatar\/f477da817f43e50d0af36abecd33e3edf826c68299714bdc1057dff3b113f516?s=96&d=mm&r=g","caption":"Redazione"}}]}},"_links":{"self":[{"href":"https:\/\/blog.holyart.it\/de\/wp-json\/wp\/v2\/posts\/5284","targetHints":{"allow":["GET"]}}],"collection":[{"href":"https:\/\/blog.holyart.it\/de\/wp-json\/wp\/v2\/posts"}],"about":[{"href":"https:\/\/blog.holyart.it\/de\/wp-json\/wp\/v2\/types\/post"}],"author":[{"embeddable":true,"href":"https:\/\/blog.holyart.it\/de\/wp-json\/wp\/v2\/users\/1"}],"replies":[{"embeddable":true,"href":"https:\/\/blog.holyart.it\/de\/wp-json\/wp\/v2\/comments?post=5284"}],"version-history":[{"count":7,"href":"https:\/\/blog.holyart.it\/de\/wp-json\/wp\/v2\/posts\/5284\/revisions"}],"predecessor-version":[{"id":5301,"href":"https:\/\/blog.holyart.it\/de\/wp-json\/wp\/v2\/posts\/5284\/revisions\/5301"}],"wp:featuredmedia":[{"embeddable":true,"href":"https:\/\/blog.holyart.it\/de\/wp-json\/wp\/v2\/media\/5286"}],"wp:attachment":[{"href":"https:\/\/blog.holyart.it\/de\/wp-json\/wp\/v2\/media?parent=5284"}],"wp:term":[{"taxonomy":"category","embeddable":true,"href":"https:\/\/blog.holyart.it\/de\/wp-json\/wp\/v2\/categories?post=5284"},{"taxonomy":"post_tag","embeddable":true,"href":"https:\/\/blog.holyart.it\/de\/wp-json\/wp\/v2\/tags?post=5284"}],"curies":[{"name":"wp","href":"https:\/\/api.w.org\/{rel}","templated":true}]}}