{"id":5270,"date":"2025-01-13T10:00:21","date_gmt":"2025-01-13T09:00:21","guid":{"rendered":"https:\/\/blog.holyart.it\/de\/?p=5270"},"modified":"2026-01-21T12:48:18","modified_gmt":"2026-01-21T11:48:18","slug":"gebetswoche-fuer-die-einheit-der-christen-was-sie-ist-und-wann-sie-stattfindet","status":"publish","type":"post","link":"https:\/\/blog.holyart.it\/de\/devotionalien\/gebetswoche-fuer-die-einheit-der-christen-was-sie-ist-und-wann-sie-stattfindet\/","title":{"rendered":"Gebetswoche f\u00fcr die Einheit der Christen: Was sie ist und wann sie stattfindet"},"content":{"rendered":"<h4>Die Gebetswoche f\u00fcr die Einheit der Christen ist ein wertvolles Instrument f\u00fcr \u00f6kumenische Bewegungen auf der ganzen Welt, um die Einheit in Christus und mit Christus von Christen aller Glaubensbekenntnisse zu f\u00f6rdern<\/h4>\n\n<p>Die Woche zwischen dem <strong>18. und 25. Januar<\/strong> ist f\u00fcr Christen auf der ganzen Welt etwas ganz Besonderes. Seit 1908 wird es f\u00fcr eine globale \u00f6kumenische Initiative ausgew\u00e4hlt, die darauf abzielt, die Einheit der Christen in allen L\u00e4ndern zu st\u00e4rken und zu weihen. Dies ist <strong>die Gebetswoche f\u00fcr die Einheit der Christen<\/strong>. In Wirklichkeit sind es acht Tage, nicht sieben, die vom 18. Januar, <strong>dem liturgischen Gedenken an den Stuhl des Heiligen Petrus<\/strong>, bis zum 25. Januar reichen, dem Tag, an dem die Kirche <strong>der Bekehrung des Heiligen Paulus<\/strong> gedenkt. Es ist sicherlich kein Zufall, dass der bisch\u00f6fliche Reverend <strong>Paul Wattson<\/strong> diesen Zeitraum f\u00fcr die Gebetswoche f\u00fcr die Einheit der Christen w\u00e4hlte. Diese Ereignis hat 2008 ihr 100-j\u00e4hriges Bestehen gefeiert.<\/p>\n<p>Bereits Ende des 18. Jahrhunderts hatten Protestanten begonnen, \u00fcber ein Jubil\u00e4um nachzudenken, das dem <strong>\u00f6kumenischen Gebet f\u00fcr die Einheit der christlichen Kirchen<\/strong> gewidmet war. In der zweiten H\u00e4lfte des 19. Jahrhunderts wurde anl\u00e4sslich des Pfingstfestes eine <strong>Gebetsunion f\u00fcr die Einheit<\/strong> ins Leben gerufen, eine Initiative, die sowohl vom Papst als auch von den anglikanischen Bisch\u00f6fen unterst\u00fctzt wurde.<\/p>\n<p>Im Jahr 1902 forderte die patriarchalische und synodale Enzyklika <em>Irenischer Brief<\/em> des \u00d6kumenischen Patriarchen von Konstantinopel Joachim III. die Christen der Welt auf, f\u00fcr ihre Vereinigung mit Christus zu beten.<\/p>\n<p>Die erste Feier der Oktave des \u00f6kumenischen Gebets f\u00fcr die Einheit der Christen fand in Graymoor (New York) statt, aber es war nicht die letzte der in diesem Sinne gef\u00f6rderten Initiativen. Andere Priester und religi\u00f6se Bewegungen auf der ganzen Welt organisierten Gebetswochen f\u00fcr die Einheit der Christen. Denn es ist der Apostel Paulus selbst, der in seinem Brief an die Thessalonicher alle Gl\u00e4ubigen ermahnt: \u201e<em>Nimmt nicht auf zu beten<\/em>\u201c (1Thess 5,17), und vor ihm Jesus selbst: \u201e<em>Er erz\u00e4hlte ihnen ein Gleichnis von der Notwendigkeit, immer zu beten<\/em>, <em>ohne jemals m\u00fcde zu werden<\/em>.\u201c (Lk 18,1-8)<\/p>\n<h2>Wann die \u00d6kumenische Woche stattfindet<\/h2>\n<p>Der erste Tag der Gebetswoche f\u00fcr die Einheit der Christen f\u00e4llt auch mit einem der beiden Festtage zusammen, die seit dem 9. Jahrhundert dem <strong>Stuhl des Apostels Petrus<\/strong> gewidmet sind, dem 18. Januar und dem 22. Februar. Der <em>Stuhl-Petri<\/em> ist eine Lehre, die ab dem 3. Jahrhundert n. Chr. entwickelt wurde. die auf dem <strong>doppelten Primat des <a href=\"https:\/\/www.holyart.de\/devotionalien\/statuen\/statuen-aus-gips\/statue-aus-gips-heiliger-petrus-handbemalt-arte-barsanti-30-cm\">heiligen Petrus<\/a><\/strong> als erster unter den Aposteln und erster Bischof von Rom, h\u00f6her als alle Bisch\u00f6fe und Dreh- und Angelpunkt der geistlichen und weltlichen Macht auf Erden, basiert. Der bisch\u00f6fliche Reverend <strong>Paul Wattson<\/strong> w\u00e4hlte den 18. Januar als Beginn der Oktav f\u00fcr die Einheit der Kirche, die mit einem weiteren f\u00fcr Christen sehr wichtigen Tag endet: dem Fest <strong>der Bekehrung des Heiligen Paulus<\/strong> am 25. Januar.<\/p>\n<div class=\"link-product\">\n<div class=\"blocco-immagine\"><img loading=\"lazy\" decoding=\"async\" class=\"alignnone size-full wp-image-5272\" src=\"https:\/\/blog.holyart.it\/de\/wp-content\/uploads\/sites\/12\/2025\/01\/Statue-aus-Gips-Heiliger-Petrus-handbemalt-Arte-Barsanti-30-cm.jpg\" alt=\"Statue aus Gips Heiliger Petrus handbemalt Arte Barsanti, 30 cm\" width=\"100\" height=\"100\" data-kale-share-title=\"Gebetswoche f\u00fcr die Einheit der Christen: Was sie ist und wann sie stattfindet\" data-kale-share-url=\"https:\/\/blog.holyart.it\/de\/?p=5270\" \/><\/div>\n<div class=\"blocco-contenuto\">\n<div class=\"blocco-acquista\">Einkaufen:<\/div>\n<div class=\"blocco-titolo\"><a href=\"https:\/\/www.holyart.de\/devotionalien\/statuen\/statuen-aus-gips\/statue-aus-gips-heiliger-petrus-handbemalt-arte-barsanti-30-cm\">Statue aus Gips Heiliger Petrus handbemalt Arte Barsanti<\/a><\/div>\n<div class=\"blocco-descrizione\">Statue aus Gips Heiliger Petrus handbemalt Arte Barsanti, 30 cm.<\/div>\n<\/div>\n<\/div>\n<p>Im s\u00fcdlichen Afrika, in Mittel- und S\u00fcdamerika, Ozeanien, S\u00fcdostasien und anderen L\u00e4ndern der s\u00fcdlichen Hemisph\u00e4re f\u00e4llt die Gebetswoche mit anderen symbolischen Daten zusammen, beispielsweise mit der Zeit von Pfingsten.<\/p>\n<h2>Die Einheit der Christen<\/h2>\n<p>Die <strong>\u00d6kumene<\/strong> hat immer versucht, alle Christen, die verschiedenen Kirchen angeh\u00f6ren, in Initiativen der Gemeinschaft und Zusammenarbeit zu vereinen. Katholiken, aber auch Orthodoxe, Protestanten, vereint durch den gemeinsamen Glauben an die <strong><a href=\"https:\/\/www.holyart.de\/devotionalien\/wandteppiche\/wandteppich-dreieinigkeit-45x55cm?flags=true\">Dreieinigkeit<\/a><\/strong>, aber getrennt durch den Glauben, durch Traditionen, in einer jahrhundertealten Trennung, die, auch wenn sie nicht \u00fcberbr\u00fcckt werden kann, dennoch Raum f\u00fcr gegenseitiges Verst\u00e4ndnis lassen kann. Die \u00f6kumenische Bewegung zielt genau darauf ab, auf die Zusammenarbeit im Dialog zwischen verschiedenen Glaubensbekenntnissen im Namen einer h\u00f6heren geistlichen Bruderschaft, in Christus und f\u00fcr Christus.<\/p>\n<div class=\"link-product\">\n<div class=\"blocco-immagine\"><img loading=\"lazy\" decoding=\"async\" class=\"alignnone size-full wp-image-5275\" src=\"https:\/\/blog.holyart.it\/de\/wp-content\/uploads\/sites\/12\/2025\/01\/Wandteppich-Dreieinigkeit-45x55cm.jpg\" alt=\"Wandteppich Dreieinigkeit 45x55cm\" width=\"100\" height=\"100\" data-kale-share-title=\"Gebetswoche f\u00fcr die Einheit der Christen: Was sie ist und wann sie stattfindet\" data-kale-share-url=\"https:\/\/blog.holyart.it\/de\/?p=5270\" \/><\/div>\n<div class=\"blocco-contenuto\">\n<div class=\"blocco-acquista\">Einkaufen:<\/div>\n<div class=\"blocco-titolo\"><a href=\"https:\/\/www.holyart.de\/devotionalien\/wandteppiche\/wandteppich-dreieinigkeit-45x55cm\">Wandteppich Dreieinigkeit<\/a><\/div>\n<div class=\"blocco-descrizione\">Wandteppich Dreieinigkeit, 45&#215;54 cm. Die Wandteppiche sind zu 100% MADE IN ITALY.<\/div>\n<\/div>\n<\/div>\n<p>Die Einheit zwischen Christen, auch solchen unterschiedlicher Profession, wird <em>koinon\u00eda<\/em> (Gemeinschaft) genannt und definiert sich durch das Bekenntnis zum apostolischen Glauben, zu einem gemeinsamen sakramentalen Leben, zu einer Mission, die alle Gl\u00e4ubigen an Christus verbindet und die nichts anderes als ein Zeugnis davon ist das Evangelium und das Wort Gottes.<\/p>\n<p>Es war der franz\u00f6sische Abt <strong>Paul-Ir\u00e9n\u00e9e Couturier<\/strong> (1881-1953), der Vater der spirituellen \u00d6kumene, der die Oktave f\u00fcr die Einheit der Christen einf\u00fchrte, die mit ihm zur Universellen Gebetswoche f\u00fcr die Einheit der Christen wurde und den Geist, der die Initiative noch heute belebt, also die Vers\u00f6hnung aller um <strong><a href=\"https:\/\/www.holyart.de\/blog\/devotionalien\/darstellung-jesu-im-tempel-zu-mariae-lichtmess\/\">Jesus Christus<\/a><\/strong> versammelten Christen.<\/p>\n<div class=\"link-article\">\n<p><img loading=\"lazy\" decoding=\"async\" class=\"alignnone size-full wp-image-5278\" src=\"https:\/\/blog.holyart.it\/de\/wp-content\/uploads\/sites\/12\/2025\/01\/Darstellung-Jesu-im-Tempel-zu-Mariae-Lichtmess.jpg\" alt=\"Darstellung Jesu im Tempel zu Mari\u00e4 Lichtmess\" width=\"150\" height=\"99\" data-kale-share-title=\"Gebetswoche f\u00fcr die Einheit der Christen: Was sie ist und wann sie stattfindet\" data-kale-share-url=\"https:\/\/blog.holyart.it\/de\/?p=5270\" \/><\/p>\n<div class=\"leggi-anche\">Lesen Sie auch:<\/div>\n<p><strong><a href=\"https:\/\/www.holyart.de\/blog\/devotionalien\/darstellung-jesu-im-tempel-zu-mariae-lichtmess\/\">Darstellung Jesu im Tempel zu Mari\u00e4 Lichtmess<\/a><\/strong><br \/>\nAm 2. Februar feiern wir die Darstellung Jesu im Tempel. Dieses Fest,das auch als Fest der Reinigung Mariens oder Mari\u00e4 Lichtmess bekannt ist,&#8230;<\/p>\n<\/div>\n<p>Der <strong>P\u00e4pstliche Rat f\u00fcr die Einheit der Christen<\/strong> oder Dikasterium zur F\u00f6rderung der Einheit der Christen (<em>Dicasterium ad unitatem christianorum fovendam<\/em>) ist eines der 16 Dikasterien der R\u00f6mischen Kurie. Ihr Hauptziel besteht gerade darin, den \u00f6kumenischen Geist und die Einheit der Christen zu f\u00f6rdern.<\/p>\n<h2>Wie das Thema der universellen Gebetswoche gew\u00e4hlt wird<\/h2>\n<p>Urspr\u00fcnglich wurde die Aufgabe, das Jahresthema der Gebetswoche festzulegen, von <strong>Glauben und Kirchenverfassung<\/strong> \u00fcbernommen, einer im protestantischen Kontext entstandenen \u00f6kumenischen Bewegung, die die Notwendigkeit eines gr\u00f6\u00dferen Zusammenhalts zwischen Christen f\u00fcr die Evangelisierung, das Studium der Lehren und das praktische Leben verk\u00fcndete.<\/p>\n<p>Nachdem die Beteiligung des Vatikans an der Organisation der Veranstaltung im Jahr 1966 offiziell bekannt gegeben wurde, beteiligte sich <strong>das Sekretariat f\u00fcr die Einheit der Christen<\/strong>, sp\u00e4ter der <strong>P\u00e4pstliche Rat zur F\u00f6rderung der Einheit der Christen<\/strong>, an der Themenauswahl und der Vorbereitung der Materialien. Auf diese Weise bereitete <em>Glauben und Kirchenverfassung<\/em> weiterhin das Material f\u00fcr Protestanten und Orthodoxe vor, w\u00e4hrend sich der P\u00e4pstliche Rat um die Texte f\u00fcr Katholiken k\u00fcmmerte.<\/p>\n<p>1994 schlossen sich zwei weitere \u00f6kumenische Laienorganisationen der Arbeit an und machten die Organisation der Gebetswoche selbst zu einer Erfahrung der Gemeinschaft: die <a href=\"https:\/\/www.holyart.de\/blog\/devotionalien\/carlo-acutis-der-selige-des-digitalen-zeitalters\/\"><strong>Weltverb\u00e4nde christlicher Jugendvereinigungen f\u00fcr M\u00e4nner <\/strong><\/a>(YMCA) <strong>und Frauen<\/strong> (YWCA).<\/p>\n<div class=\"link-article\">\n<p><img loading=\"lazy\" decoding=\"async\" class=\"alignnone size-full wp-image-5280\" src=\"https:\/\/blog.holyart.it\/de\/wp-content\/uploads\/sites\/12\/2025\/01\/carlo-acutis.jpg\" alt=\"carlo acutis\" width=\"150\" height=\"99\" data-kale-share-title=\"Gebetswoche f\u00fcr die Einheit der Christen: Was sie ist und wann sie stattfindet\" data-kale-share-url=\"https:\/\/blog.holyart.it\/de\/?p=5270\" \/><\/p>\n<div class=\"leggi-anche\">Lesen Sie auch:<\/div>\n<p><strong><a href=\"https:\/\/www.holyart.de\/blog\/devotionalien\/carlo-acutis-der-selige-des-digitalen-zeitalters\/\">Carlo Acutis: der Selige des digitalen Zeitalters<\/a><\/strong><br \/>\nCarlo Acutis, der Millennial-Heilige, der sein kurzes Leben Jesus und der Hilfe f\u00fcr die \u00c4rmsten und Bed\u00fcrftigsten gewidmet hat&#8230;<\/p>\n<\/div>\n<p>Es wird ein <strong>allgemeines Thema<\/strong> festgelegt, das mit einer von den beiden wichtigsten Organisationsgremien ausgew\u00e4hlten <strong><a href=\"https:\/\/www.holyart.de\/devotionalien\/italienische-christliche-bucher\">Bibelstelle<\/a> <\/strong>verbunden ist. Um dieses Thema herum werden Texte vorgeschlagen, die w\u00e4hrend der Woche f\u00fcr Gebete und Momente der Reflexion gelesen und verwendet werden.<\/p>\n<p><strong>Thema der Gebetswoche f\u00fcr die Einheit der Christen 2023<\/strong><\/p>\n<p>F\u00fcr 2023 wurde die Passage \u201e<em>Lernt Gutes zu tun, sucht Gerechtigkeit<\/em>\u201c (Jesaja 1, 17) gew\u00e4hlt.<\/p>\n<p><strong>Thema der Gebetswoche f\u00fcr die Einheit der Christen 2022<\/strong><\/p>\n<p>F\u00fcr 2022 die Passage \u201e<em>Wir sahen seinen Stern im Osten erscheinen und sind hierhergekommen, ihn zu ehren<\/em>\u201c (Matth\u00e4us 2, 1-12)<\/p>\n<p><strong>Thema der Gebetswoche f\u00fcr die Einheit der Christen 2021<\/strong><\/p>\n<p>F\u00fcr 2021 wurde die Passage \u201e<em>Bleib in meinem Herzen, du wirst viel Frucht bringen<\/em>\u201c gew\u00e4hlt (Johannes 15,5-9).<\/p>\n<p><strong>Thema der Gebetswoche f\u00fcr die Einheit der Christen 2020<\/strong><\/p>\n<p>F\u00fcr 2020 wurde die Passage \u201e<em>Sie behandelten uns freundlich<\/em>\u201c gew\u00e4hlt (Apostelgeschichte 28, 2)<\/p>\n<p><strong>Thema der Gebetswoche f\u00fcr die Einheit der Christen 2019<\/strong><\/p>\n<p>F\u00fcr 2019 wurde die Passage \u201e<em>Versuche, wahrhaft gerecht zu sein<\/em>\u201c ausgew\u00e4hlt (Deuteronomium 16, 18-20)<\/p>\n","protected":false},"excerpt":{"rendered":"<p>Die Gebetswoche f\u00fcr die Einheit der Christen ist ein wertvolles Instrument f\u00fcr \u00f6kumenische Bewegungen auf der ganzen Welt, um die Einheit in Christus und mit Christus von Christen aller Glaubensbekenntnisse zu f\u00f6rdern Die Woche zwischen dem 18. und 25. Januar ist f\u00fcr Christen auf der&hellip;<\/p>\n","protected":false},"author":1,"featured_media":5274,"comment_status":"closed","ping_status":"open","sticky":false,"template":"","format":"standard","meta":{"_acf_changed":false,"footnotes":""},"categories":[10],"tags":[],"class_list":["post-5270","post","type-post","status-publish","format-standard","has-post-thumbnail","hentry","category-devotionalien"],"acf":[],"yoast_head":"<!-- This site is optimized with the Yoast SEO plugin v26.6 - https:\/\/yoast.com\/wordpress\/plugins\/seo\/ -->\n<title>Gebetswoche f\u00fcr die Einheit der Christen: Was sie ist und wann sie stattfindet - Holyart.de Blog<\/title>\n<meta name=\"description\" content=\"Die Gebetswoche f\u00fcr die Einheit der Christen ist ein wertvolles Instrument f\u00fcr \u00f6kumenische Bewegungen auf der ganzen Welt.\" \/>\n<meta name=\"robots\" content=\"index, follow, max-snippet:-1, max-image-preview:large, max-video-preview:-1\" \/>\n<link rel=\"canonical\" href=\"https:\/\/blog.holyart.it\/de\/devotionalien\/gebetswoche-fuer-die-einheit-der-christen-was-sie-ist-und-wann-sie-stattfindet\/\" \/>\n<meta property=\"og:locale\" content=\"de_DE\" \/>\n<meta property=\"og:type\" content=\"article\" \/>\n<meta property=\"og:title\" content=\"Gebetswoche f\u00fcr die Einheit der Christen: Was sie ist und wann sie stattfindet - Holyart.de Blog\" \/>\n<meta property=\"og:description\" content=\"Die Gebetswoche f\u00fcr die Einheit der Christen ist ein wertvolles Instrument f\u00fcr \u00f6kumenische Bewegungen auf der ganzen Welt.\" \/>\n<meta property=\"og:url\" content=\"https:\/\/blog.holyart.it\/de\/devotionalien\/gebetswoche-fuer-die-einheit-der-christen-was-sie-ist-und-wann-sie-stattfindet\/\" \/>\n<meta property=\"og:site_name\" content=\"Holyart.de Blog\" \/>\n<meta property=\"article:published_time\" content=\"2025-01-13T09:00:21+00:00\" \/>\n<meta property=\"article:modified_time\" content=\"2026-01-21T11:48:18+00:00\" \/>\n<meta property=\"og:image\" content=\"https:\/\/blog.holyart.it\/de\/wp-content\/uploads\/sites\/12\/2025\/01\/Gebetswoche.jpeg\" \/>\n\t<meta property=\"og:image:width\" content=\"1000\" \/>\n\t<meta property=\"og:image:height\" content=\"666\" \/>\n\t<meta property=\"og:image:type\" content=\"image\/jpeg\" \/>\n<meta name=\"author\" content=\"Redazione\" \/>\n<meta name=\"twitter:card\" content=\"summary_large_image\" \/>\n<meta name=\"twitter:label1\" content=\"Verfasst von\" \/>\n\t<meta name=\"twitter:data1\" content=\"Redazione\" \/>\n\t<meta name=\"twitter:label2\" content=\"Gesch\u00e4tzte Lesezeit\" \/>\n\t<meta name=\"twitter:data2\" content=\"8\u00a0Minuten\" \/>\n<script type=\"application\/ld+json\" class=\"yoast-schema-graph\">{\"@context\":\"https:\/\/schema.org\",\"@graph\":[{\"@type\":\"Article\",\"@id\":\"https:\/\/blog.holyart.it\/de\/devotionalien\/gebetswoche-fuer-die-einheit-der-christen-was-sie-ist-und-wann-sie-stattfindet\/#article\",\"isPartOf\":{\"@id\":\"https:\/\/blog.holyart.it\/de\/devotionalien\/gebetswoche-fuer-die-einheit-der-christen-was-sie-ist-und-wann-sie-stattfindet\/\"},\"author\":{\"name\":\"Redazione\",\"@id\":\"https:\/\/blog.holyart.it\/de\/#\/schema\/person\/0a7b686e5af0f856ec1e390dd0baecda\"},\"headline\":\"Gebetswoche f\u00fcr die Einheit der Christen: Was sie ist und wann sie stattfindet\",\"datePublished\":\"2025-01-13T09:00:21+00:00\",\"dateModified\":\"2026-01-21T11:48:18+00:00\",\"mainEntityOfPage\":{\"@id\":\"https:\/\/blog.holyart.it\/de\/devotionalien\/gebetswoche-fuer-die-einheit-der-christen-was-sie-ist-und-wann-sie-stattfindet\/\"},\"wordCount\":1213,\"publisher\":{\"@id\":\"https:\/\/blog.holyart.it\/de\/#organization\"},\"image\":{\"@id\":\"https:\/\/blog.holyart.it\/de\/devotionalien\/gebetswoche-fuer-die-einheit-der-christen-was-sie-ist-und-wann-sie-stattfindet\/#primaryimage\"},\"thumbnailUrl\":\"https:\/\/blog.holyart.it\/de\/wp-content\/uploads\/sites\/12\/2025\/01\/Gebetswoche.jpeg\",\"articleSection\":[\"Religion\"],\"inLanguage\":\"de\"},{\"@type\":\"WebPage\",\"@id\":\"https:\/\/blog.holyart.it\/de\/devotionalien\/gebetswoche-fuer-die-einheit-der-christen-was-sie-ist-und-wann-sie-stattfindet\/\",\"url\":\"https:\/\/blog.holyart.it\/de\/devotionalien\/gebetswoche-fuer-die-einheit-der-christen-was-sie-ist-und-wann-sie-stattfindet\/\",\"name\":\"Gebetswoche f\u00fcr die Einheit der Christen: Was sie ist und wann sie stattfindet - Holyart.de Blog\",\"isPartOf\":{\"@id\":\"https:\/\/blog.holyart.it\/de\/#website\"},\"primaryImageOfPage\":{\"@id\":\"https:\/\/blog.holyart.it\/de\/devotionalien\/gebetswoche-fuer-die-einheit-der-christen-was-sie-ist-und-wann-sie-stattfindet\/#primaryimage\"},\"image\":{\"@id\":\"https:\/\/blog.holyart.it\/de\/devotionalien\/gebetswoche-fuer-die-einheit-der-christen-was-sie-ist-und-wann-sie-stattfindet\/#primaryimage\"},\"thumbnailUrl\":\"https:\/\/blog.holyart.it\/de\/wp-content\/uploads\/sites\/12\/2025\/01\/Gebetswoche.jpeg\",\"datePublished\":\"2025-01-13T09:00:21+00:00\",\"dateModified\":\"2026-01-21T11:48:18+00:00\",\"description\":\"Die Gebetswoche f\u00fcr die Einheit der Christen ist ein wertvolles Instrument f\u00fcr \u00f6kumenische Bewegungen auf der ganzen Welt.\",\"breadcrumb\":{\"@id\":\"https:\/\/blog.holyart.it\/de\/devotionalien\/gebetswoche-fuer-die-einheit-der-christen-was-sie-ist-und-wann-sie-stattfindet\/#breadcrumb\"},\"inLanguage\":\"de\",\"potentialAction\":[{\"@type\":\"ReadAction\",\"target\":[\"https:\/\/blog.holyart.it\/de\/devotionalien\/gebetswoche-fuer-die-einheit-der-christen-was-sie-ist-und-wann-sie-stattfindet\/\"]}]},{\"@type\":\"ImageObject\",\"inLanguage\":\"de\",\"@id\":\"https:\/\/blog.holyart.it\/de\/devotionalien\/gebetswoche-fuer-die-einheit-der-christen-was-sie-ist-und-wann-sie-stattfindet\/#primaryimage\",\"url\":\"https:\/\/blog.holyart.it\/de\/wp-content\/uploads\/sites\/12\/2025\/01\/Gebetswoche.jpeg\",\"contentUrl\":\"https:\/\/blog.holyart.it\/de\/wp-content\/uploads\/sites\/12\/2025\/01\/Gebetswoche.jpeg\",\"width\":1000,\"height\":666,\"caption\":\"Gebetswoche\"},{\"@type\":\"BreadcrumbList\",\"@id\":\"https:\/\/blog.holyart.it\/de\/devotionalien\/gebetswoche-fuer-die-einheit-der-christen-was-sie-ist-und-wann-sie-stattfindet\/#breadcrumb\",\"itemListElement\":[{\"@type\":\"ListItem\",\"position\":1,\"name\":\"Homepage\",\"item\":\"https:\/\/blog.holyart.it\/de\/\"},{\"@type\":\"ListItem\",\"position\":2,\"name\":\"Religion\",\"item\":\"https:\/\/blog.holyart.it\/de\/devotionalien\/\"},{\"@type\":\"ListItem\",\"position\":3,\"name\":\"Gebetswoche f\u00fcr die Einheit der Christen: Was sie ist und wann sie stattfindet\"}]},{\"@type\":\"WebSite\",\"@id\":\"https:\/\/blog.holyart.it\/de\/#website\",\"url\":\"https:\/\/blog.holyart.it\/de\/\",\"name\":\"Holyart.de Blog\",\"description\":\"Holyblog\",\"publisher\":{\"@id\":\"https:\/\/blog.holyart.it\/de\/#organization\"},\"potentialAction\":[{\"@type\":\"SearchAction\",\"target\":{\"@type\":\"EntryPoint\",\"urlTemplate\":\"https:\/\/blog.holyart.it\/de\/?s={search_term_string}\"},\"query-input\":{\"@type\":\"PropertyValueSpecification\",\"valueRequired\":true,\"valueName\":\"search_term_string\"}}],\"inLanguage\":\"de\"},{\"@type\":\"Organization\",\"@id\":\"https:\/\/blog.holyart.it\/de\/#organization\",\"name\":\"Holyart.de Blog\",\"url\":\"https:\/\/blog.holyart.it\/de\/\",\"logo\":{\"@type\":\"ImageObject\",\"inLanguage\":\"de\",\"@id\":\"https:\/\/blog.holyart.it\/de\/#\/schema\/logo\/image\/\",\"url\":\"https:\/\/blog.holyart.it\/de\/wp-content\/uploads\/sites\/12\/2022\/12\/Holyart_Blog_Logo.jpg\",\"contentUrl\":\"https:\/\/blog.holyart.it\/de\/wp-content\/uploads\/sites\/12\/2022\/12\/Holyart_Blog_Logo.jpg\",\"width\":300,\"height\":50,\"caption\":\"Holyart.de Blog\"},\"image\":{\"@id\":\"https:\/\/blog.holyart.it\/de\/#\/schema\/logo\/image\/\"}},{\"@type\":\"Person\",\"@id\":\"https:\/\/blog.holyart.it\/de\/#\/schema\/person\/0a7b686e5af0f856ec1e390dd0baecda\",\"name\":\"Redazione\",\"image\":{\"@type\":\"ImageObject\",\"inLanguage\":\"de\",\"@id\":\"https:\/\/blog.holyart.it\/de\/#\/schema\/person\/image\/\",\"url\":\"https:\/\/secure.gravatar.com\/avatar\/f477da817f43e50d0af36abecd33e3edf826c68299714bdc1057dff3b113f516?s=96&d=mm&r=g\",\"contentUrl\":\"https:\/\/secure.gravatar.com\/avatar\/f477da817f43e50d0af36abecd33e3edf826c68299714bdc1057dff3b113f516?s=96&d=mm&r=g\",\"caption\":\"Redazione\"}}]}<\/script>\n<!-- \/ Yoast SEO plugin. -->","yoast_head_json":{"title":"Gebetswoche f\u00fcr die Einheit der Christen: Was sie ist und wann sie stattfindet - Holyart.de Blog","description":"Die Gebetswoche f\u00fcr die Einheit der Christen ist ein wertvolles Instrument f\u00fcr \u00f6kumenische Bewegungen auf der ganzen Welt.","robots":{"index":"index","follow":"follow","max-snippet":"max-snippet:-1","max-image-preview":"max-image-preview:large","max-video-preview":"max-video-preview:-1"},"canonical":"https:\/\/blog.holyart.it\/de\/devotionalien\/gebetswoche-fuer-die-einheit-der-christen-was-sie-ist-und-wann-sie-stattfindet\/","og_locale":"de_DE","og_type":"article","og_title":"Gebetswoche f\u00fcr die Einheit der Christen: Was sie ist und wann sie stattfindet - Holyart.de Blog","og_description":"Die Gebetswoche f\u00fcr die Einheit der Christen ist ein wertvolles Instrument f\u00fcr \u00f6kumenische Bewegungen auf der ganzen Welt.","og_url":"https:\/\/blog.holyart.it\/de\/devotionalien\/gebetswoche-fuer-die-einheit-der-christen-was-sie-ist-und-wann-sie-stattfindet\/","og_site_name":"Holyart.de Blog","article_published_time":"2025-01-13T09:00:21+00:00","article_modified_time":"2026-01-21T11:48:18+00:00","og_image":[{"width":1000,"height":666,"url":"https:\/\/blog.holyart.it\/de\/wp-content\/uploads\/sites\/12\/2025\/01\/Gebetswoche.jpeg","type":"image\/jpeg"}],"author":"Redazione","twitter_card":"summary_large_image","twitter_misc":{"Verfasst von":"Redazione","Gesch\u00e4tzte Lesezeit":"8\u00a0Minuten"},"schema":{"@context":"https:\/\/schema.org","@graph":[{"@type":"Article","@id":"https:\/\/blog.holyart.it\/de\/devotionalien\/gebetswoche-fuer-die-einheit-der-christen-was-sie-ist-und-wann-sie-stattfindet\/#article","isPartOf":{"@id":"https:\/\/blog.holyart.it\/de\/devotionalien\/gebetswoche-fuer-die-einheit-der-christen-was-sie-ist-und-wann-sie-stattfindet\/"},"author":{"name":"Redazione","@id":"https:\/\/blog.holyart.it\/de\/#\/schema\/person\/0a7b686e5af0f856ec1e390dd0baecda"},"headline":"Gebetswoche f\u00fcr die Einheit der Christen: Was sie ist und wann sie stattfindet","datePublished":"2025-01-13T09:00:21+00:00","dateModified":"2026-01-21T11:48:18+00:00","mainEntityOfPage":{"@id":"https:\/\/blog.holyart.it\/de\/devotionalien\/gebetswoche-fuer-die-einheit-der-christen-was-sie-ist-und-wann-sie-stattfindet\/"},"wordCount":1213,"publisher":{"@id":"https:\/\/blog.holyart.it\/de\/#organization"},"image":{"@id":"https:\/\/blog.holyart.it\/de\/devotionalien\/gebetswoche-fuer-die-einheit-der-christen-was-sie-ist-und-wann-sie-stattfindet\/#primaryimage"},"thumbnailUrl":"https:\/\/blog.holyart.it\/de\/wp-content\/uploads\/sites\/12\/2025\/01\/Gebetswoche.jpeg","articleSection":["Religion"],"inLanguage":"de"},{"@type":"WebPage","@id":"https:\/\/blog.holyart.it\/de\/devotionalien\/gebetswoche-fuer-die-einheit-der-christen-was-sie-ist-und-wann-sie-stattfindet\/","url":"https:\/\/blog.holyart.it\/de\/devotionalien\/gebetswoche-fuer-die-einheit-der-christen-was-sie-ist-und-wann-sie-stattfindet\/","name":"Gebetswoche f\u00fcr die Einheit der Christen: Was sie ist und wann sie stattfindet - Holyart.de Blog","isPartOf":{"@id":"https:\/\/blog.holyart.it\/de\/#website"},"primaryImageOfPage":{"@id":"https:\/\/blog.holyart.it\/de\/devotionalien\/gebetswoche-fuer-die-einheit-der-christen-was-sie-ist-und-wann-sie-stattfindet\/#primaryimage"},"image":{"@id":"https:\/\/blog.holyart.it\/de\/devotionalien\/gebetswoche-fuer-die-einheit-der-christen-was-sie-ist-und-wann-sie-stattfindet\/#primaryimage"},"thumbnailUrl":"https:\/\/blog.holyart.it\/de\/wp-content\/uploads\/sites\/12\/2025\/01\/Gebetswoche.jpeg","datePublished":"2025-01-13T09:00:21+00:00","dateModified":"2026-01-21T11:48:18+00:00","description":"Die Gebetswoche f\u00fcr die Einheit der Christen ist ein wertvolles Instrument f\u00fcr \u00f6kumenische Bewegungen auf der ganzen Welt.","breadcrumb":{"@id":"https:\/\/blog.holyart.it\/de\/devotionalien\/gebetswoche-fuer-die-einheit-der-christen-was-sie-ist-und-wann-sie-stattfindet\/#breadcrumb"},"inLanguage":"de","potentialAction":[{"@type":"ReadAction","target":["https:\/\/blog.holyart.it\/de\/devotionalien\/gebetswoche-fuer-die-einheit-der-christen-was-sie-ist-und-wann-sie-stattfindet\/"]}]},{"@type":"ImageObject","inLanguage":"de","@id":"https:\/\/blog.holyart.it\/de\/devotionalien\/gebetswoche-fuer-die-einheit-der-christen-was-sie-ist-und-wann-sie-stattfindet\/#primaryimage","url":"https:\/\/blog.holyart.it\/de\/wp-content\/uploads\/sites\/12\/2025\/01\/Gebetswoche.jpeg","contentUrl":"https:\/\/blog.holyart.it\/de\/wp-content\/uploads\/sites\/12\/2025\/01\/Gebetswoche.jpeg","width":1000,"height":666,"caption":"Gebetswoche"},{"@type":"BreadcrumbList","@id":"https:\/\/blog.holyart.it\/de\/devotionalien\/gebetswoche-fuer-die-einheit-der-christen-was-sie-ist-und-wann-sie-stattfindet\/#breadcrumb","itemListElement":[{"@type":"ListItem","position":1,"name":"Homepage","item":"https:\/\/blog.holyart.it\/de\/"},{"@type":"ListItem","position":2,"name":"Religion","item":"https:\/\/blog.holyart.it\/de\/devotionalien\/"},{"@type":"ListItem","position":3,"name":"Gebetswoche f\u00fcr die Einheit der Christen: Was sie ist und wann sie stattfindet"}]},{"@type":"WebSite","@id":"https:\/\/blog.holyart.it\/de\/#website","url":"https:\/\/blog.holyart.it\/de\/","name":"Holyart.de Blog","description":"Holyblog","publisher":{"@id":"https:\/\/blog.holyart.it\/de\/#organization"},"potentialAction":[{"@type":"SearchAction","target":{"@type":"EntryPoint","urlTemplate":"https:\/\/blog.holyart.it\/de\/?s={search_term_string}"},"query-input":{"@type":"PropertyValueSpecification","valueRequired":true,"valueName":"search_term_string"}}],"inLanguage":"de"},{"@type":"Organization","@id":"https:\/\/blog.holyart.it\/de\/#organization","name":"Holyart.de Blog","url":"https:\/\/blog.holyart.it\/de\/","logo":{"@type":"ImageObject","inLanguage":"de","@id":"https:\/\/blog.holyart.it\/de\/#\/schema\/logo\/image\/","url":"https:\/\/blog.holyart.it\/de\/wp-content\/uploads\/sites\/12\/2022\/12\/Holyart_Blog_Logo.jpg","contentUrl":"https:\/\/blog.holyart.it\/de\/wp-content\/uploads\/sites\/12\/2022\/12\/Holyart_Blog_Logo.jpg","width":300,"height":50,"caption":"Holyart.de Blog"},"image":{"@id":"https:\/\/blog.holyart.it\/de\/#\/schema\/logo\/image\/"}},{"@type":"Person","@id":"https:\/\/blog.holyart.it\/de\/#\/schema\/person\/0a7b686e5af0f856ec1e390dd0baecda","name":"Redazione","image":{"@type":"ImageObject","inLanguage":"de","@id":"https:\/\/blog.holyart.it\/de\/#\/schema\/person\/image\/","url":"https:\/\/secure.gravatar.com\/avatar\/f477da817f43e50d0af36abecd33e3edf826c68299714bdc1057dff3b113f516?s=96&d=mm&r=g","contentUrl":"https:\/\/secure.gravatar.com\/avatar\/f477da817f43e50d0af36abecd33e3edf826c68299714bdc1057dff3b113f516?s=96&d=mm&r=g","caption":"Redazione"}}]}},"_links":{"self":[{"href":"https:\/\/blog.holyart.it\/de\/wp-json\/wp\/v2\/posts\/5270","targetHints":{"allow":["GET"]}}],"collection":[{"href":"https:\/\/blog.holyart.it\/de\/wp-json\/wp\/v2\/posts"}],"about":[{"href":"https:\/\/blog.holyart.it\/de\/wp-json\/wp\/v2\/types\/post"}],"author":[{"embeddable":true,"href":"https:\/\/blog.holyart.it\/de\/wp-json\/wp\/v2\/users\/1"}],"replies":[{"embeddable":true,"href":"https:\/\/blog.holyart.it\/de\/wp-json\/wp\/v2\/comments?post=5270"}],"version-history":[{"count":8,"href":"https:\/\/blog.holyart.it\/de\/wp-json\/wp\/v2\/posts\/5270\/revisions"}],"predecessor-version":[{"id":5283,"href":"https:\/\/blog.holyart.it\/de\/wp-json\/wp\/v2\/posts\/5270\/revisions\/5283"}],"wp:featuredmedia":[{"embeddable":true,"href":"https:\/\/blog.holyart.it\/de\/wp-json\/wp\/v2\/media\/5274"}],"wp:attachment":[{"href":"https:\/\/blog.holyart.it\/de\/wp-json\/wp\/v2\/media?parent=5270"}],"wp:term":[{"taxonomy":"category","embeddable":true,"href":"https:\/\/blog.holyart.it\/de\/wp-json\/wp\/v2\/categories?post=5270"},{"taxonomy":"post_tag","embeddable":true,"href":"https:\/\/blog.holyart.it\/de\/wp-json\/wp\/v2\/tags?post=5270"}],"curies":[{"name":"wp","href":"https:\/\/api.w.org\/{rel}","templated":true}]}}